{"id":34310,"date":"2023-04-18T17:57:33","date_gmt":"2023-04-18T15:57:33","guid":{"rendered":"https:\/\/just-now.news\/de\/deutschland\/belgrad-weist-beschuldigungen-bezueglich-waffenverkaeufen-an-ukraine-zurueck\/"},"modified":"2023-04-18T17:57:33","modified_gmt":"2023-04-18T15:57:33","slug":"belgrad-weist-beschuldigungen-bezueglich-waffenverkaeufen-an-ukraine-zurueck","status":"publish","type":"post","link":"https:\/\/now-news.de\/de\/deutschland\/belgrad-weist-beschuldigungen-bezueglich-waffenverkaeufen-an-ukraine-zurueck\/","title":{"rendered":"Belgrad weist Beschuldigungen bez\u00fcglich Waffenverk\u00e4ufen an Ukraine zur\u00fcck"},"content":{"rendered":"<p><img decoding=\"async\" src=\"http:\/\/just-now.news\/de\/wp-content\/uploads\/sites\/3\/2023\/04\/643d7fc9b480cc68cb6b381b.jpg\" \/><\/p>\n<div class=\"Text-root Text-type_1 \">\n                &#8220;Reuters&#8221; hat j\u00fcngst behauptet, Serbien habe \u00fcber indirekte Kan\u00e4le zugestimmt, eine bestimmte Menge Waffen in die Ukraine zu exportieren. Aufgrund der daraufhin weltweit ges\u00e4ten Zweifel musste Belgrad sich pl\u00f6tzlich gegen Anschuldigungen wehren, die nicht auf offiziellen Best\u00e4tigungen oder \u00fcberpr\u00fcfbaren Informationen beruhen.\n            <\/div>\n<p><\/p>\n<div class=\"Text-root Text-type_5 ArticleView-text ViewText-root \">\n<p><em>Von Marinko U\u010dur<\/em><\/p>\n<p>Alles begann, als die britische Agentur <em>Reuters<\/em>\u00a0&#8220;aus ihren Quellen&#8221;\u00a0\u2013 eigentlich vertraulichen Dokumenten des Pentagons\u00a0\u2013 die Nachricht verbreitete, es gebe Erkenntnisse, dass Serbien \u00fcber indirekte Kan\u00e4le zugestimmt habe, eine bestimmte Menge an Waffen in die Ukraine zu exportieren. Und automatisch wurden weltweit Zweifel ges\u00e4t. Serbien wurde somit in die Lage versetzt, sich gegen Beschuldigungen wehren zu m\u00fcssen, die nicht auf offiziellen Best\u00e4tigungen\u00a0oder \u00fcberpr\u00fcfbaren Informationen beruhen. Die Absicht der westlichen Propagandisten war offensichtlich: Man wollte Verwirrung in den serbisch-russischen Beziehungen stiften.<br \/><strong><\/strong><\/p>\n<p><strong>Ein Versuch, Misstrauen in den serbisch-russischen Beziehungen zu s\u00e4en<\/strong><\/p>\n<p>Verst\u00e4ndlicherweise dr\u00fcckte Moskau seine tiefe Besorgnis aus und bat Belgrad um eine offizielle Erkl\u00e4rung bez\u00fcglich dieser Informationen, w\u00e4hrend die heimische \u00d6ffentlichkeit in Serbien ein gewisses Misstrauen gegen\u00fcber der erw\u00e4hnten britischen Quelle an den Tag legte. Schon bei mehreren vergangenen Gelegenheiten war spekuliert worden, dass Raketenwerfer aus der Fabrik &#8220;Kru\u0161ik&#8221; und automatische Waffen der Firma &#8220;Zastava oru\u017eje&#8221; aus Kragujevac auf dem ukrainischen Schlachtfeld aufgetaucht seien. Die j\u00fcngste &#8220;Enth\u00fcllung&#8221; von <em>Reuters<\/em> besagt, dass Serbien bereits Waffen an die Ukraine geliefert oder seine Absicht bekundet habe, dies zu tun.<\/p>\n<p>N\u00fcchterne Menschen begriffen, dass dies ein weiterer Propagandatrick war, um Serbien zu schaden\u00a0\u2013 wegen seiner prinzipiellen Entscheidung, keine Sanktionen gegen die Russische F\u00f6deration zu verh\u00e4ngen.<\/p>\n<p><strong>Anschuldigungen ohne Beweise<\/strong><\/p>\n<p>Auf\u00a0die Spekulationen \u00fcber angebliche Waffenlieferungen an die Ukraine folgte zun\u00e4chst ein Dementi von Verteidigungsminister Milo\u0161 Vu\u010devi\u0107:<\/p>\n<blockquote>\n<p><em>&#8220;Das ist eine zum xten\u00a0Mal verbreitete L\u00fcge, deren Ziel die Destabilisierung Serbiens ist.&#8221;<\/em><\/p>\n<\/blockquote>\n<p>Der Verkauf von Waffen wurde auch von dem serbischen\u00a0Au\u00dfenminister\u00a0Ivica Da\u010di\u0107\u00a0dementiert. Dieser betonte:<\/p>\n<blockquote>\n<p><em>&#8220;Seit dem Beginn der russischen Invasion in der Ukraine wurden keine Waffen aus Serbien an eine der Konfliktparteien exportiert. Serbien achtet sowohl interne als auch internationale Rechtsakte und exportiert keine Waffen und milit\u00e4rische Ausr\u00fcstung in irgendein Land, sofern dadurch ein Ausbruch oder die Fortsetzung bewaffneter Konflikte verursacht w\u00fcrde, die Wahrung des Friedens und der Sicherheit in der Region bedroht w\u00e4re, oder sofern dies seine eigenen Verteidigungsinteressen gef\u00e4hrden w\u00fcrde.&#8221;<\/em><\/p>\n<\/blockquote>\n<p><strong><\/strong>Er hob auch hervor, dass Serbien an seiner Politik der milit\u00e4rischen Neutralit\u00e4t festhalte. Da\u010di\u0107 wiederholte au\u00dferdem, dass Genehmigungen f\u00fcr den Export von Waffen und milit\u00e4rischer Ausr\u00fcstung aus Serbien ausschlie\u00dflich Abnehmern mit einem Endbenutzerzertifikat erteilt w\u00fcrden. Dieses Zertifikat muss eine Klausel enthalten, dass Endbenutzer die Waffen ohne ausdr\u00fcckliche Zustimmung der zust\u00e4ndigen serbischen Institutionen nicht wiederausf\u00fchren d\u00fcrfen.<\/p>\n<p>Und schlie\u00dflich wies auch der Pr\u00e4sident des Landes, Aleksandar Vu\u010di\u0107, jede M\u00f6glichkeit zur\u00fcck, dass serbische Waffen auf legalem Wege zu den ukrainischen Streitkr\u00e4ften gelangt sein k\u00f6nnten.\u00a0&#8220;Es gibt kein Papier, das das beweisen w\u00fcrde&#8221;, versicherte Vu\u010di\u0107 und erl\u00e4uterte anschaulich die potenziellen weltweiten Waffenstr\u00f6me Richtung Ukraine:<\/p>\n<blockquote>\n<p><em>&#8220;Wenn Waffen an jemanden in der T\u00fcrkei verkauft werden, k\u00f6nnen diese theoretisch in die H\u00e4nde jeder der Kriegsparteien gelangen. Aber wenn man sie nach Spanien oder Tschechien verkauft, wei\u00df man von Anfang an, wo sie landen werden.&#8221;<\/em><\/p>\n<\/blockquote>\n<p><strong>Serbien glaubw\u00fcrdiger Exporteur: USA gr\u00f6\u00dfter Abnehmer serbischer Waffen<\/strong><strong><br \/><\/strong><\/p>\n<p>Reaktionen auf diese Spekulationen kamen\u00a0dar\u00fcber hinaus von diplomatischen Vertretungen in Belgrad. Die US-Botschaft teilte mit, sie verf\u00fcge \u00fcber &#8220;Erkenntnisse, dass Serbien KEINE Waffen an die Ukraine verkauft.&#8221;<\/p>\n<p>Interessant ist, dass die ukrainische Botschaft in Belgrad ebenfalls mitteilte, dass ihr &#8220;keine Informationen \u00fcber Waffenlieferungen aus Serbien vorliegen und sie sich an den Aussagen serbischer Beamter orientiert.&#8221;<\/p>\n<p>Wirft man einen Blick auf die j\u00fcngsten Berichte \u00fcber den Export serbischer Waffen und R\u00fcstungsg\u00fcter, so f\u00e4llt auf, dass weder Russland noch die Ukraine zu den Abnehmern z\u00e4hlen. In Wahrheit stammen die Daten n\u00e4mlich aus dem Jahr 2020, und\u00a0aus ihnen geht hervor, dass Serbien in jenem Jahr insgesamt 308 Ausfuhrgenehmigungen im Wert von rund 836 Millionen US-Dollar erteilt hatte. Genehmigungen wurden dabei Abnehmern aus 59 L\u00e4ndern erteilt. Und es ist interessant, dass die USA die gr\u00f6\u00dften Abnehmer serbischer Waffen waren, gefolgt von Bulgarien, der T\u00fcrkei und Singapur. Serbien ist auch sonst ein sehr glaubw\u00fcrdiger Exporteur von Waffen und milit\u00e4rischer Ausr\u00fcstung, und daf\u00fcr gibt es objektive Indikatoren. Auf der Liste des Transparenzbarometers, die von der Organisation &#8220;Small Arms Survey&#8221; mit Sitz in Genf erstellt und ver\u00f6ffentlicht wird, rangiert das Land in Bezug auf die Transparenz in der Berichterstattung seit einigen Jahren ganz oben, ja sogar unter den drei besten L\u00e4ndern der Welt. In diesem Sinne ist Serbien den USA, Russland, China oder Frankreich weit voraus und kann es sich deshalb nicht leisten, die geltenden Vorschriften m Bereich des Waffenverkaufs selektiv anzuwenden.<br \/><strong><\/strong><\/p>\n<p><strong>Ein weiterer gescheiterter\u00a0Versuch des Westens, Druck auf Belgrad auszu\u00fcben \u2013 Was kommt als N\u00e4chstes?<\/strong><\/p>\n<p>Aber wozu diese Spielchen mit Serbien? Ist es ein weiterer Versuch, das offizielle Belgrad dazu zu dr\u00e4ngen, sich von Russland zu distanzieren? Diese Frage ist sicherlich mit Ja zu beantworten. Aber nur wenige in Belgrad glauben, dass diese j\u00fcngste Situation die traditionell guten Beziehungen zwischen Russland und Serbien, die in der Vergangenheit mehrfach auf die Probe gestellt wurden, st\u00f6ren k\u00f6nnte. Und einige US-amerikanische Analysten, die von\u00a0<em>Voice of America<\/em> konsultiert wurden, stellten dies\u00a0\u2013 mit einem Anflug von Bedauern\u00a0\u2013 ebenfalls fest:<\/p>\n<p>&#8220;Ich glaube nicht, dass es viele Konsequenzen geben wird. Russland braucht Serbien vor allem wegen seines Einflusses und seiner Aktivit\u00e4ten auf dem Balkan. Serbien ist kein Land, das Russland aufgrund des breiteren geopolitischen Blickfeldes so schnell aufgeben kann. Au\u00dferdem gibt es Beispiele f\u00fcr andere L\u00e4nder, die verd\u00e4chtigt werden, direkt oder indirekt Waffen an die Ukraine geliefert zu haben \u2013 und gute oder annehmbare Beziehungen zu Russland unterhalten&#8221;, sagte Luke Coffey, Experte f\u00fcr nationale Sicherheit, Verteidigung und Au\u00dfenpolitik am American Hudson Institute.<\/p>\n<p><strong>Mehr zum Thema<\/strong> &#8211; <a rel=\"nofollow noopener\" target=\"_blank\" href=\"https:\/\/gegenzensur.rtde.life\/international\/167887-medien-ex-us-marine-offizierin\/\">Medien: Ex-US-Marine-Offizierin hinter &#8220;pro-russischen&#8221; Social-Media-Accounts<\/a><\/p>\n<\/p>\n<\/div>\n<p><br \/>\n<br \/><a href=\"https:\/\/de.rt.com\/meinung\/167869-belgrad-weist-beschuldigungen-bezueglich-waffenverkaeufen\/\">Source link <\/a><\/p>\n","protected":false},"excerpt":{"rendered":"<p>&#8220;Reuters&#8221; hat j\u00fcngst behauptet, Serbien habe \u00fcber indirekte Kan\u00e4le zugestimmt, eine bestimmte Menge Waffen in die Ukraine zu exportieren. Aufgrund der daraufhin weltweit ges\u00e4ten Zweifel musste Belgrad sich pl\u00f6tzlich gegen Anschuldigungen wehren, die nicht auf offiziellen Best\u00e4tigungen oder \u00fcberpr\u00fcfbaren Informationen beruhen. Von Marinko U\u010dur Alles begann, als die britische Agentur Reuters\u00a0&#8220;aus ihren Quellen&#8221;\u00a0\u2013 eigentlich vertraulichen [&hellip;]<\/p>\n","protected":false},"author":3,"featured_media":34311,"comment_status":"open","ping_status":"open","sticky":false,"template":"","format":"standard","meta":{"_yoast_indexnow_last_ping":["1681833473"],"wp_automatic_camp":["217"],"6dd08a3cceb5b59bd66313d4265d656c":["Belgrad weist Beschuldigungen bez\u00fcglich Waffenverk\u00e4ufen an Ukraine zur\u00fcck"],"original_link":["https:\/\/de.rt.com\/meinung\/167869-belgrad-weist-beschuldigungen-bezueglich-waffenverkaeufen\/"],"_thumbnail_id":["34311"],"_wptgpro_p2tg_sent2tg":["a:1:{i:23737;s:19:\"2023-04-18 17:58:53\";}"],"jnews_social_counter_last_update":["1777662484"]},"categories":[19,23],"tags":[967,43240,35194,127,43241,3334,3337],"yoast_head":"<!-- This site is optimized with the Yoast SEO Premium plugin v22.7 (Yoast SEO v22.7) - https:\/\/yoast.com\/wordpress\/plugins\/seo\/ -->\n<title>Belgrad weist Beschuldigungen bez\u00fcglich Waffenverk\u00e4ufen an Ukraine zur\u00fcck - just-now.NEWS Deutschland<\/title>\n<meta name=\"robots\" content=\"index, follow, max-snippet:-1, max-image-preview:large, max-video-preview:-1\" \/>\n<link rel=\"canonical\" href=\"https:\/\/now-news.de\/de\/deutschland\/belgrad-weist-beschuldigungen-bezueglich-waffenverkaeufen-an-ukraine-zurueck\/\" \/>\n<meta property=\"og:locale\" content=\"de_DE\" \/>\n<meta property=\"og:type\" content=\"article\" \/>\n<meta property=\"og:title\" content=\"Belgrad weist Beschuldigungen bez\u00fcglich Waffenverk\u00e4ufen an Ukraine zur\u00fcck\" \/>\n<meta property=\"og:description\" content=\"&#8220;Reuters&#8221; hat j\u00fcngst behauptet, Serbien habe \u00fcber indirekte Kan\u00e4le zugestimmt, eine bestimmte Menge Waffen in die Ukraine zu exportieren. Aufgrund der daraufhin weltweit ges\u00e4ten Zweifel musste Belgrad sich pl\u00f6tzlich gegen Anschuldigungen wehren, die nicht auf offiziellen Best\u00e4tigungen oder \u00fcberpr\u00fcfbaren Informationen beruhen. Von Marinko U\u010dur Alles begann, als die britische Agentur Reuters\u00a0&#8220;aus ihren Quellen&#8221;\u00a0\u2013 eigentlich vertraulichen [&hellip;]\" \/>\n<meta property=\"og:url\" content=\"https:\/\/now-news.de\/de\/deutschland\/belgrad-weist-beschuldigungen-bezueglich-waffenverkaeufen-an-ukraine-zurueck\/\" \/>\n<meta property=\"og:site_name\" content=\"just-now.NEWS Deutschland\" \/>\n<meta property=\"article:publisher\" content=\"https:\/\/www.facebook.com\/wirmachenauf\" \/>\n<meta property=\"article:published_time\" content=\"2023-04-18T15:57:33+00:00\" \/>\n<meta property=\"og:image\" content=\"https:\/\/now-news.de\/de\/wp-content\/uploads\/sites\/3\/2023\/04\/Belgrad-weist-Beschuldigungen-bezueglich-Waffenverkaeufen-an-Ukraine-zurueck.jpg\" \/>\n\t<meta property=\"og:image:width\" content=\"460\" \/>\n\t<meta property=\"og:image:height\" content=\"259\" \/>\n\t<meta property=\"og:image:type\" content=\"image\/jpeg\" \/>\n<meta name=\"author\" content=\"rtnews\" \/>\n<meta name=\"twitter:card\" content=\"summary_large_image\" \/>\n<meta name=\"twitter:creator\" content=\"@WirMachenAuf_de\" \/>\n<meta name=\"twitter:site\" content=\"@WirMachenAuf_de\" \/>\n<meta name=\"twitter:label1\" content=\"Verfasst von\" \/>\n\t<meta name=\"twitter:data1\" content=\"rtnews\" \/>\n\t<meta name=\"twitter:label2\" content=\"Gesch\u00e4tzte Lesezeit\" \/>\n\t<meta name=\"twitter:data2\" content=\"5\u00a0Minuten\" \/>\n<script type=\"application\/ld+json\" class=\"yoast-schema-graph\">{\"@context\":\"https:\/\/schema.org\",\"@graph\":[{\"@type\":\"Article\",\"@id\":\"https:\/\/now-news.de\/de\/deutschland\/belgrad-weist-beschuldigungen-bezueglich-waffenverkaeufen-an-ukraine-zurueck\/#article\",\"isPartOf\":{\"@id\":\"https:\/\/now-news.de\/de\/deutschland\/belgrad-weist-beschuldigungen-bezueglich-waffenverkaeufen-an-ukraine-zurueck\/\"},\"author\":{\"name\":\"rtnews\",\"@id\":\"https:\/\/now-news.de\/de\/#\/schema\/person\/fb534a4e865501d8b3285208df34a9b5\"},\"headline\":\"Belgrad weist Beschuldigungen bez\u00fcglich Waffenverk\u00e4ufen an Ukraine zur\u00fcck\",\"datePublished\":\"2023-04-18T15:57:33+00:00\",\"dateModified\":\"2023-04-18T15:57:33+00:00\",\"mainEntityOfPage\":{\"@id\":\"https:\/\/now-news.de\/de\/deutschland\/belgrad-weist-beschuldigungen-bezueglich-waffenverkaeufen-an-ukraine-zurueck\/\"},\"wordCount\":1034,\"commentCount\":0,\"publisher\":{\"@id\":\"https:\/\/now-news.de\/de\/#organization\"},\"image\":{\"@id\":\"https:\/\/now-news.de\/de\/deutschland\/belgrad-weist-beschuldigungen-bezueglich-waffenverkaeufen-an-ukraine-zurueck\/#primaryimage\"},\"thumbnailUrl\":\"https:\/\/now-news.de\/de\/wp-content\/uploads\/sites\/3\/2023\/04\/Belgrad-weist-Beschuldigungen-bezueglich-Waffenverkaeufen-an-Ukraine-zurueck.jpg\",\"keywords\":[\"Belgrad\",\"Beschuldigungen\",\"bez\u00fcglich\",\"ukraine\",\"Waffenverk\u00e4ufen\",\"weist\",\"zur\u00fcck\"],\"articleSection\":[\"Deutschland\",\"Russland\"],\"inLanguage\":\"de\",\"potentialAction\":[{\"@type\":\"CommentAction\",\"name\":\"Comment\",\"target\":[\"https:\/\/now-news.de\/de\/deutschland\/belgrad-weist-beschuldigungen-bezueglich-waffenverkaeufen-an-ukraine-zurueck\/#respond\"]}]},{\"@type\":\"WebPage\",\"@id\":\"https:\/\/now-news.de\/de\/deutschland\/belgrad-weist-beschuldigungen-bezueglich-waffenverkaeufen-an-ukraine-zurueck\/\",\"url\":\"https:\/\/now-news.de\/de\/deutschland\/belgrad-weist-beschuldigungen-bezueglich-waffenverkaeufen-an-ukraine-zurueck\/\",\"name\":\"Belgrad weist Beschuldigungen bez\u00fcglich Waffenverk\u00e4ufen an Ukraine zur\u00fcck - just-now.NEWS Deutschland\",\"isPartOf\":{\"@id\":\"https:\/\/now-news.de\/de\/#website\"},\"primaryImageOfPage\":{\"@id\":\"https:\/\/now-news.de\/de\/deutschland\/belgrad-weist-beschuldigungen-bezueglich-waffenverkaeufen-an-ukraine-zurueck\/#primaryimage\"},\"image\":{\"@id\":\"https:\/\/now-news.de\/de\/deutschland\/belgrad-weist-beschuldigungen-bezueglich-waffenverkaeufen-an-ukraine-zurueck\/#primaryimage\"},\"thumbnailUrl\":\"https:\/\/now-news.de\/de\/wp-content\/uploads\/sites\/3\/2023\/04\/Belgrad-weist-Beschuldigungen-bezueglich-Waffenverkaeufen-an-Ukraine-zurueck.jpg\",\"datePublished\":\"2023-04-18T15:57:33+00:00\",\"dateModified\":\"2023-04-18T15:57:33+00:00\",\"breadcrumb\":{\"@id\":\"https:\/\/now-news.de\/de\/deutschland\/belgrad-weist-beschuldigungen-bezueglich-waffenverkaeufen-an-ukraine-zurueck\/#breadcrumb\"},\"inLanguage\":\"de\",\"potentialAction\":[{\"@type\":\"ReadAction\",\"target\":[\"https:\/\/now-news.de\/de\/deutschland\/belgrad-weist-beschuldigungen-bezueglich-waffenverkaeufen-an-ukraine-zurueck\/\"]}]},{\"@type\":\"ImageObject\",\"inLanguage\":\"de\",\"@id\":\"https:\/\/now-news.de\/de\/deutschland\/belgrad-weist-beschuldigungen-bezueglich-waffenverkaeufen-an-ukraine-zurueck\/#primaryimage\",\"url\":\"https:\/\/now-news.de\/de\/wp-content\/uploads\/sites\/3\/2023\/04\/Belgrad-weist-Beschuldigungen-bezueglich-Waffenverkaeufen-an-Ukraine-zurueck.jpg\",\"contentUrl\":\"https:\/\/now-news.de\/de\/wp-content\/uploads\/sites\/3\/2023\/04\/Belgrad-weist-Beschuldigungen-bezueglich-Waffenverkaeufen-an-Ukraine-zurueck.jpg\",\"width\":460,\"height\":259,\"caption\":\"Belgrad weist Beschuldigungen bez\u00fcglich Waffenverk\u00e4ufen an Ukraine zur\u00fcck\"},{\"@type\":\"BreadcrumbList\",\"@id\":\"https:\/\/now-news.de\/de\/deutschland\/belgrad-weist-beschuldigungen-bezueglich-waffenverkaeufen-an-ukraine-zurueck\/#breadcrumb\",\"itemListElement\":[{\"@type\":\"ListItem\",\"position\":1,\"name\":\"Home\",\"item\":\"https:\/\/now-news.de\/de\/\"},{\"@type\":\"ListItem\",\"position\":2,\"name\":\"Belgrad weist Beschuldigungen bez\u00fcglich Waffenverk\u00e4ufen an Ukraine zur\u00fcck\"}]},{\"@type\":\"WebSite\",\"@id\":\"https:\/\/now-news.de\/de\/#website\",\"url\":\"https:\/\/now-news.de\/de\/\",\"name\":\"just-now.NEWS Deutschland\",\"description\":\"Das Portal f\u00fcr unzensierte Nachrichten aus der Welt\",\"publisher\":{\"@id\":\"https:\/\/now-news.de\/de\/#organization\"},\"potentialAction\":[{\"@type\":\"SearchAction\",\"target\":{\"@type\":\"EntryPoint\",\"urlTemplate\":\"https:\/\/now-news.de\/de\/?s={search_term_string}\"},\"query-input\":\"required name=search_term_string\"}],\"inLanguage\":\"de\"},{\"@type\":\"Organization\",\"@id\":\"https:\/\/now-news.de\/de\/#organization\",\"name\":\"Just Now News\",\"url\":\"https:\/\/now-news.de\/de\/\",\"logo\":{\"@type\":\"ImageObject\",\"inLanguage\":\"de\",\"@id\":\"https:\/\/now-news.de\/de\/#\/schema\/logo\/image\/\",\"url\":\"http:\/\/just-now.news\/de\/wp-content\/uploads\/sites\/3\/2022\/04\/logo500x500.jpg\",\"contentUrl\":\"http:\/\/just-now.news\/de\/wp-content\/uploads\/sites\/3\/2022\/04\/logo500x500.jpg\",\"width\":500,\"height\":500,\"caption\":\"Just Now News\"},\"image\":{\"@id\":\"https:\/\/now-news.de\/de\/#\/schema\/logo\/image\/\"},\"sameAs\":[\"https:\/\/www.facebook.com\/wirmachenauf\",\"https:\/\/x.com\/WirMachenAuf_de\"]},{\"@type\":\"Person\",\"@id\":\"https:\/\/now-news.de\/de\/#\/schema\/person\/fb534a4e865501d8b3285208df34a9b5\",\"name\":\"rtnews\",\"image\":{\"@type\":\"ImageObject\",\"inLanguage\":\"de\",\"@id\":\"https:\/\/now-news.de\/de\/#\/schema\/person\/image\/\",\"url\":\"https:\/\/secure.gravatar.com\/avatar\/82aafea7d8127119dd649515f56e2117?s=96&d=mm&r=g\",\"contentUrl\":\"https:\/\/secure.gravatar.com\/avatar\/82aafea7d8127119dd649515f56e2117?s=96&d=mm&r=g\",\"caption\":\"rtnews\"},\"url\":\"https:\/\/now-news.de\/de\/author\/rnews\/\"}]}<\/script>\n<!-- \/ Yoast SEO Premium plugin. -->","yoast_head_json":{"title":"Belgrad weist Beschuldigungen bez\u00fcglich Waffenverk\u00e4ufen an Ukraine zur\u00fcck - just-now.NEWS Deutschland","robots":{"index":"index","follow":"follow","max-snippet":"max-snippet:-1","max-image-preview":"max-image-preview:large","max-video-preview":"max-video-preview:-1"},"canonical":"https:\/\/now-news.de\/de\/deutschland\/belgrad-weist-beschuldigungen-bezueglich-waffenverkaeufen-an-ukraine-zurueck\/","og_locale":"de_DE","og_type":"article","og_title":"Belgrad weist Beschuldigungen bez\u00fcglich Waffenverk\u00e4ufen an Ukraine zur\u00fcck","og_description":"&#8220;Reuters&#8221; hat j\u00fcngst behauptet, Serbien habe \u00fcber indirekte Kan\u00e4le zugestimmt, eine bestimmte Menge Waffen in die Ukraine zu exportieren. Aufgrund der daraufhin weltweit ges\u00e4ten Zweifel musste Belgrad sich pl\u00f6tzlich gegen Anschuldigungen wehren, die nicht auf offiziellen Best\u00e4tigungen oder \u00fcberpr\u00fcfbaren Informationen beruhen. Von Marinko U\u010dur Alles begann, als die britische Agentur Reuters\u00a0&#8220;aus ihren Quellen&#8221;\u00a0\u2013 eigentlich vertraulichen [&hellip;]","og_url":"https:\/\/now-news.de\/de\/deutschland\/belgrad-weist-beschuldigungen-bezueglich-waffenverkaeufen-an-ukraine-zurueck\/","og_site_name":"just-now.NEWS Deutschland","article_publisher":"https:\/\/www.facebook.com\/wirmachenauf","article_published_time":"2023-04-18T15:57:33+00:00","og_image":[{"width":460,"height":259,"url":"https:\/\/now-news.de\/de\/wp-content\/uploads\/sites\/3\/2023\/04\/Belgrad-weist-Beschuldigungen-bezueglich-Waffenverkaeufen-an-Ukraine-zurueck.jpg","type":"image\/jpeg"}],"author":"rtnews","twitter_card":"summary_large_image","twitter_creator":"@WirMachenAuf_de","twitter_site":"@WirMachenAuf_de","twitter_misc":{"Verfasst von":"rtnews","Gesch\u00e4tzte Lesezeit":"5\u00a0Minuten"},"schema":{"@context":"https:\/\/schema.org","@graph":[{"@type":"Article","@id":"https:\/\/now-news.de\/de\/deutschland\/belgrad-weist-beschuldigungen-bezueglich-waffenverkaeufen-an-ukraine-zurueck\/#article","isPartOf":{"@id":"https:\/\/now-news.de\/de\/deutschland\/belgrad-weist-beschuldigungen-bezueglich-waffenverkaeufen-an-ukraine-zurueck\/"},"author":{"name":"rtnews","@id":"https:\/\/now-news.de\/de\/#\/schema\/person\/fb534a4e865501d8b3285208df34a9b5"},"headline":"Belgrad weist Beschuldigungen bez\u00fcglich Waffenverk\u00e4ufen an Ukraine zur\u00fcck","datePublished":"2023-04-18T15:57:33+00:00","dateModified":"2023-04-18T15:57:33+00:00","mainEntityOfPage":{"@id":"https:\/\/now-news.de\/de\/deutschland\/belgrad-weist-beschuldigungen-bezueglich-waffenverkaeufen-an-ukraine-zurueck\/"},"wordCount":1034,"commentCount":0,"publisher":{"@id":"https:\/\/now-news.de\/de\/#organization"},"image":{"@id":"https:\/\/now-news.de\/de\/deutschland\/belgrad-weist-beschuldigungen-bezueglich-waffenverkaeufen-an-ukraine-zurueck\/#primaryimage"},"thumbnailUrl":"https:\/\/now-news.de\/de\/wp-content\/uploads\/sites\/3\/2023\/04\/Belgrad-weist-Beschuldigungen-bezueglich-Waffenverkaeufen-an-Ukraine-zurueck.jpg","keywords":["Belgrad","Beschuldigungen","bez\u00fcglich","ukraine","Waffenverk\u00e4ufen","weist","zur\u00fcck"],"articleSection":["Deutschland","Russland"],"inLanguage":"de","potentialAction":[{"@type":"CommentAction","name":"Comment","target":["https:\/\/now-news.de\/de\/deutschland\/belgrad-weist-beschuldigungen-bezueglich-waffenverkaeufen-an-ukraine-zurueck\/#respond"]}]},{"@type":"WebPage","@id":"https:\/\/now-news.de\/de\/deutschland\/belgrad-weist-beschuldigungen-bezueglich-waffenverkaeufen-an-ukraine-zurueck\/","url":"https:\/\/now-news.de\/de\/deutschland\/belgrad-weist-beschuldigungen-bezueglich-waffenverkaeufen-an-ukraine-zurueck\/","name":"Belgrad weist Beschuldigungen bez\u00fcglich Waffenverk\u00e4ufen an Ukraine zur\u00fcck - just-now.NEWS Deutschland","isPartOf":{"@id":"https:\/\/now-news.de\/de\/#website"},"primaryImageOfPage":{"@id":"https:\/\/now-news.de\/de\/deutschland\/belgrad-weist-beschuldigungen-bezueglich-waffenverkaeufen-an-ukraine-zurueck\/#primaryimage"},"image":{"@id":"https:\/\/now-news.de\/de\/deutschland\/belgrad-weist-beschuldigungen-bezueglich-waffenverkaeufen-an-ukraine-zurueck\/#primaryimage"},"thumbnailUrl":"https:\/\/now-news.de\/de\/wp-content\/uploads\/sites\/3\/2023\/04\/Belgrad-weist-Beschuldigungen-bezueglich-Waffenverkaeufen-an-Ukraine-zurueck.jpg","datePublished":"2023-04-18T15:57:33+00:00","dateModified":"2023-04-18T15:57:33+00:00","breadcrumb":{"@id":"https:\/\/now-news.de\/de\/deutschland\/belgrad-weist-beschuldigungen-bezueglich-waffenverkaeufen-an-ukraine-zurueck\/#breadcrumb"},"inLanguage":"de","potentialAction":[{"@type":"ReadAction","target":["https:\/\/now-news.de\/de\/deutschland\/belgrad-weist-beschuldigungen-bezueglich-waffenverkaeufen-an-ukraine-zurueck\/"]}]},{"@type":"ImageObject","inLanguage":"de","@id":"https:\/\/now-news.de\/de\/deutschland\/belgrad-weist-beschuldigungen-bezueglich-waffenverkaeufen-an-ukraine-zurueck\/#primaryimage","url":"https:\/\/now-news.de\/de\/wp-content\/uploads\/sites\/3\/2023\/04\/Belgrad-weist-Beschuldigungen-bezueglich-Waffenverkaeufen-an-Ukraine-zurueck.jpg","contentUrl":"https:\/\/now-news.de\/de\/wp-content\/uploads\/sites\/3\/2023\/04\/Belgrad-weist-Beschuldigungen-bezueglich-Waffenverkaeufen-an-Ukraine-zurueck.jpg","width":460,"height":259,"caption":"Belgrad weist Beschuldigungen bez\u00fcglich Waffenverk\u00e4ufen an Ukraine zur\u00fcck"},{"@type":"BreadcrumbList","@id":"https:\/\/now-news.de\/de\/deutschland\/belgrad-weist-beschuldigungen-bezueglich-waffenverkaeufen-an-ukraine-zurueck\/#breadcrumb","itemListElement":[{"@type":"ListItem","position":1,"name":"Home","item":"https:\/\/now-news.de\/de\/"},{"@type":"ListItem","position":2,"name":"Belgrad weist Beschuldigungen bez\u00fcglich Waffenverk\u00e4ufen an Ukraine zur\u00fcck"}]},{"@type":"WebSite","@id":"https:\/\/now-news.de\/de\/#website","url":"https:\/\/now-news.de\/de\/","name":"just-now.NEWS Deutschland","description":"Das Portal f\u00fcr unzensierte Nachrichten aus der Welt","publisher":{"@id":"https:\/\/now-news.de\/de\/#organization"},"potentialAction":[{"@type":"SearchAction","target":{"@type":"EntryPoint","urlTemplate":"https:\/\/now-news.de\/de\/?s={search_term_string}"},"query-input":"required name=search_term_string"}],"inLanguage":"de"},{"@type":"Organization","@id":"https:\/\/now-news.de\/de\/#organization","name":"Just Now News","url":"https:\/\/now-news.de\/de\/","logo":{"@type":"ImageObject","inLanguage":"de","@id":"https:\/\/now-news.de\/de\/#\/schema\/logo\/image\/","url":"http:\/\/just-now.news\/de\/wp-content\/uploads\/sites\/3\/2022\/04\/logo500x500.jpg","contentUrl":"http:\/\/just-now.news\/de\/wp-content\/uploads\/sites\/3\/2022\/04\/logo500x500.jpg","width":500,"height":500,"caption":"Just Now News"},"image":{"@id":"https:\/\/now-news.de\/de\/#\/schema\/logo\/image\/"},"sameAs":["https:\/\/www.facebook.com\/wirmachenauf","https:\/\/x.com\/WirMachenAuf_de"]},{"@type":"Person","@id":"https:\/\/now-news.de\/de\/#\/schema\/person\/fb534a4e865501d8b3285208df34a9b5","name":"rtnews","image":{"@type":"ImageObject","inLanguage":"de","@id":"https:\/\/now-news.de\/de\/#\/schema\/person\/image\/","url":"https:\/\/secure.gravatar.com\/avatar\/82aafea7d8127119dd649515f56e2117?s=96&d=mm&r=g","contentUrl":"https:\/\/secure.gravatar.com\/avatar\/82aafea7d8127119dd649515f56e2117?s=96&d=mm&r=g","caption":"rtnews"},"url":"https:\/\/now-news.de\/de\/author\/rnews\/"}]}},"_links":{"self":[{"href":"https:\/\/now-news.de\/de\/wp-json\/wp\/v2\/posts\/34310"}],"collection":[{"href":"https:\/\/now-news.de\/de\/wp-json\/wp\/v2\/posts"}],"about":[{"href":"https:\/\/now-news.de\/de\/wp-json\/wp\/v2\/types\/post"}],"author":[{"embeddable":true,"href":"https:\/\/now-news.de\/de\/wp-json\/wp\/v2\/users\/3"}],"replies":[{"embeddable":true,"href":"https:\/\/now-news.de\/de\/wp-json\/wp\/v2\/comments?post=34310"}],"version-history":[{"count":0,"href":"https:\/\/now-news.de\/de\/wp-json\/wp\/v2\/posts\/34310\/revisions"}],"wp:featuredmedia":[{"embeddable":true,"href":"https:\/\/now-news.de\/de\/wp-json\/wp\/v2\/media\/34311"}],"wp:attachment":[{"href":"https:\/\/now-news.de\/de\/wp-json\/wp\/v2\/media?parent=34310"}],"wp:term":[{"taxonomy":"category","embeddable":true,"href":"https:\/\/now-news.de\/de\/wp-json\/wp\/v2\/categories?post=34310"},{"taxonomy":"post_tag","embeddable":true,"href":"https:\/\/now-news.de\/de\/wp-json\/wp\/v2\/tags?post=34310"}],"curies":[{"name":"wp","href":"https:\/\/api.w.org\/{rel}","templated":true}]}}