{"id":3431,"date":"2022-04-25T17:53:18","date_gmt":"2022-04-25T18:53:18","guid":{"rendered":"http:\/\/just-now.news\/de\/deutschland\/armenien-und-aserbaidschan-einigen-sich-auf-schaffung-von-arbeitsgruppe-fuer-friedensvertrag\/"},"modified":"2022-04-25T17:53:18","modified_gmt":"2022-04-25T18:53:18","slug":"armenien-und-aserbaidschan-einigen-sich-auf-schaffung-von-arbeitsgruppe-fuer-friedensvertrag","status":"publish","type":"post","link":"https:\/\/now-news.de\/de\/deutschland\/armenien-und-aserbaidschan-einigen-sich-auf-schaffung-von-arbeitsgruppe-fuer-friedensvertrag\/","title":{"rendered":"Armenien und Aserbaidschan einigen sich auf Schaffung von Arbeitsgruppe f\u00fcr Friedensvertrag"},"content":{"rendered":"<p><\/p>\n<p>Die Au\u00dfenminister Aserbaidschans und Armeniens haben sich am Montag darauf verst\u00e4ndigt, Verhandlungstreffen zur Schaffung einer gemeinsamen Grenzkommission und einer Arbeitsgruppe \u00fcber einen m\u00f6glichen Friedensvertrag durchzuf\u00fchren, wie die amtliche t\u00fcrkische Nachrichtenagentur <em>Anadolu<\/em> berichtete. In einer Pressemitteilung nach einem Telefongespr\u00e4ch zwischen den Au\u00dfenministern beider s\u00fcdkaukasischer Staaten erkl\u00e4rte das aserbaidschanische Au\u00dfenministerium:<\/p>\n<blockquote>\n<p><em>&#8220;Es wurde vereinbart, die Sitzungen der Gemeinsamen Grenzkommission sowie der Arbeitsgruppe zur Vorbereitung eines Friedensvertrags in naher Zukunft einzuberufen. Die Minister f\u00fchrten einen Gedankenaustausch im Anschluss an die auf der Ebene der Staats- und Regierungschefs getroffenen Vereinbarungen.&#8221;<\/em><\/p>\n<\/blockquote>\n<p>Beide Seiten stimmten \u00fcber die Parameter der Mitglieder der zu bildenden gemeinsamen Grenzkommission \u00fcberein und besprachen die Fortf\u00fchrung von Schritten im humanit\u00e4ren Bereich.<\/p>\n<p>Das armenische Au\u00dfenministerium best\u00e4tigte die Gespr\u00e4che in einer eigenen Mitteilung. Jerewan zufolge einigten sich beide Seiten &#8220;auf die Struktur der Kommission f\u00fcr Abgrenzung und Grenzsicherheit geeinigt&#8221;.<\/p>\n<p>Der armenischen Pressemitteilung zufolge er\u00f6rterte der aserbaidschanische Au\u00dfenminister Jeyhun Bayramov mit seinem armenischen Amtskollegen Ararat Mirsojan zudem &#8220;Fragen im Zusammenhang mit der Bew\u00e4ltigung humanit\u00e4rer Probleme&#8221; und bereiteten m\u00f6gliche Friedensverhandlungen vor.<\/p>\n<p>Anfang dieses Monats hatten beide kaukasischen Staaten nach einem Gespr\u00e4ch ihrer Pr\u00e4sidenten unter Beteiligung des EU-Ratspr\u00e4sidenten Charles Michel in Br\u00fcssel erkl\u00e4rt, einen &#8220;konkreten Prozess&#8221; f\u00fcr einen Friedensvertrag in Gang zu setzen. Michel erkl\u00e4rte im Anschluss an das Gespr\u00e4ch, dass beide Staatschefs ihren Willen bekr\u00e4ftigt h\u00e4tten, auf schnellem Weg ein Friedensabkommen zu erreichen.<\/p>\n<p>Seit dem Zusammenbruch der Sowjetunion streiten sich beide s\u00fcdkaukasischen Staaten um die Region Bergkarabach, die offiziell zwar Aserbaidschan geh\u00f6rt, aber \u00fcberwiegend von Armeniern bewohnt wird. Anfang der 1990er-Jahre hatten armenische Truppen die Provinz besetzt. Bei einem weiteren anderthalbmonatigen Krieg im Herbst 2020 eroberte Aserbaidschan bedeutende Teile Bergkarabachs zur\u00fcck.<\/p>\n<p><strong>Mehr zum Thema<\/strong> \u2013 <a target=\"_blank\" href=\"https:\/\/de.rt.com\/asien\/128466-turkei-will-wieder-beziehungen-zu\/\" rel=\"noopener\">T\u00fcrkei will Beziehungen zu Armenien wieder normalisieren<\/a><\/p>\n<\/p>\n<p><br \/>\n<br \/><a href=\"https:\/\/de.rt.com\/international\/136979-armenien-und-aserbaidschan-einigen-sich-auf-arbeitsgruppe-fuer-friedensvertrag\/\">Source link <\/a><\/p>\n","protected":false},"excerpt":{"rendered":"<p>Die Au\u00dfenminister Aserbaidschans und Armeniens haben sich am Montag darauf verst\u00e4ndigt, Verhandlungstreffen zur Schaffung einer gemeinsamen Grenzkommission und einer Arbeitsgruppe \u00fcber einen m\u00f6glichen Friedensvertrag durchzuf\u00fchren, wie die amtliche t\u00fcrkische Nachrichtenagentur Anadolu berichtete. In einer Pressemitteilung nach einem Telefongespr\u00e4ch zwischen den Au\u00dfenministern beider s\u00fcdkaukasischer Staaten erkl\u00e4rte das aserbaidschanische Au\u00dfenministerium: &#8220;Es wurde vereinbart, die Sitzungen der Gemeinsamen [&hellip;]<\/p>\n","protected":false},"author":3,"featured_media":3432,"comment_status":"open","ping_status":"open","sticky":false,"template":"","format":"standard","meta":{"wp_automatic_camp":["217"],"7c2c178947f93b887638288753473897":["Armenien und Aserbaidschan einigen sich auf Schaffung von Arbeitsgruppe f\u00fcr Friedensvertrag"],"original_link":["https:\/\/de.rt.com\/international\/136979-armenien-und-aserbaidschan-einigen-sich-auf-arbeitsgruppe-fuer-friedensvertrag\/"],"_thumbnail_id":["3432"],"wp_automatic_remove_first_image":["yes"],"jnews_social_counter_last_update":["1777358804"]},"categories":[19,23],"tags":[10006,10002,10003,133,10004,10007,221,10005,434,140,50],"yoast_head":"<!-- This site is optimized with the Yoast SEO Premium plugin v22.7 (Yoast SEO v22.7) - https:\/\/yoast.com\/wordpress\/plugins\/seo\/ -->\n<title>Armenien und Aserbaidschan einigen sich auf Schaffung von Arbeitsgruppe f\u00fcr Friedensvertrag - just-now.NEWS Deutschland<\/title>\n<meta name=\"robots\" content=\"index, follow, max-snippet:-1, max-image-preview:large, max-video-preview:-1\" \/>\n<link rel=\"canonical\" href=\"https:\/\/now-news.de\/de\/deutschland\/armenien-und-aserbaidschan-einigen-sich-auf-schaffung-von-arbeitsgruppe-fuer-friedensvertrag\/\" \/>\n<meta property=\"og:locale\" content=\"de_DE\" \/>\n<meta property=\"og:type\" content=\"article\" \/>\n<meta property=\"og:title\" content=\"Armenien und Aserbaidschan einigen sich auf Schaffung von Arbeitsgruppe f\u00fcr Friedensvertrag\" \/>\n<meta property=\"og:description\" content=\"Die Au\u00dfenminister Aserbaidschans und Armeniens haben sich am Montag darauf verst\u00e4ndigt, Verhandlungstreffen zur Schaffung einer gemeinsamen Grenzkommission und einer Arbeitsgruppe \u00fcber einen m\u00f6glichen Friedensvertrag durchzuf\u00fchren, wie die amtliche t\u00fcrkische Nachrichtenagentur Anadolu berichtete. In einer Pressemitteilung nach einem Telefongespr\u00e4ch zwischen den Au\u00dfenministern beider s\u00fcdkaukasischer Staaten erkl\u00e4rte das aserbaidschanische Au\u00dfenministerium: &#8220;Es wurde vereinbart, die Sitzungen der Gemeinsamen [&hellip;]\" \/>\n<meta property=\"og:url\" content=\"https:\/\/now-news.de\/de\/deutschland\/armenien-und-aserbaidschan-einigen-sich-auf-schaffung-von-arbeitsgruppe-fuer-friedensvertrag\/\" \/>\n<meta property=\"og:site_name\" content=\"just-now.NEWS Deutschland\" \/>\n<meta property=\"article:publisher\" content=\"https:\/\/www.facebook.com\/wirmachenauf\" \/>\n<meta property=\"article:published_time\" content=\"2022-04-25T18:53:18+00:00\" \/>\n<meta property=\"og:image\" content=\"https:\/\/now-news.de\/de\/wp-content\/uploads\/sites\/3\/2022\/04\/Armenien-und-Aserbaidschan-einigen-sich-auf-Schaffung-von-Arbeitsgruppe-fuer.jpg\" \/>\n\t<meta property=\"og:image:width\" content=\"460\" \/>\n\t<meta property=\"og:image:height\" content=\"259\" \/>\n\t<meta property=\"og:image:type\" content=\"image\/jpeg\" \/>\n<meta name=\"author\" content=\"rtnews\" \/>\n<meta name=\"twitter:card\" content=\"summary_large_image\" \/>\n<meta name=\"twitter:creator\" content=\"@WirMachenAuf_de\" \/>\n<meta name=\"twitter:site\" content=\"@WirMachenAuf_de\" \/>\n<meta name=\"twitter:label1\" content=\"Verfasst von\" \/>\n\t<meta name=\"twitter:data1\" content=\"rtnews\" \/>\n\t<meta name=\"twitter:label2\" content=\"Gesch\u00e4tzte Lesezeit\" \/>\n\t<meta name=\"twitter:data2\" content=\"2\u00a0Minuten\" \/>\n<script type=\"application\/ld+json\" class=\"yoast-schema-graph\">{\"@context\":\"https:\/\/schema.org\",\"@graph\":[{\"@type\":\"Article\",\"@id\":\"https:\/\/now-news.de\/de\/deutschland\/armenien-und-aserbaidschan-einigen-sich-auf-schaffung-von-arbeitsgruppe-fuer-friedensvertrag\/#article\",\"isPartOf\":{\"@id\":\"https:\/\/now-news.de\/de\/deutschland\/armenien-und-aserbaidschan-einigen-sich-auf-schaffung-von-arbeitsgruppe-fuer-friedensvertrag\/\"},\"author\":{\"name\":\"rtnews\",\"@id\":\"https:\/\/now-news.de\/de\/#\/schema\/person\/fb534a4e865501d8b3285208df34a9b5\"},\"headline\":\"Armenien und Aserbaidschan einigen sich auf Schaffung von Arbeitsgruppe f\u00fcr Friedensvertrag\",\"datePublished\":\"2022-04-25T18:53:18+00:00\",\"dateModified\":\"2022-04-25T18:53:18+00:00\",\"mainEntityOfPage\":{\"@id\":\"https:\/\/now-news.de\/de\/deutschland\/armenien-und-aserbaidschan-einigen-sich-auf-schaffung-von-arbeitsgruppe-fuer-friedensvertrag\/\"},\"wordCount\":324,\"commentCount\":0,\"publisher\":{\"@id\":\"https:\/\/now-news.de\/de\/#organization\"},\"image\":{\"@id\":\"https:\/\/now-news.de\/de\/deutschland\/armenien-und-aserbaidschan-einigen-sich-auf-schaffung-von-arbeitsgruppe-fuer-friedensvertrag\/#primaryimage\"},\"thumbnailUrl\":\"https:\/\/now-news.de\/de\/wp-content\/uploads\/sites\/3\/2022\/04\/Armenien-und-Aserbaidschan-einigen-sich-auf-Schaffung-von-Arbeitsgruppe-fuer.jpg\",\"keywords\":[\"Arbeitsgruppe\",\"Armenien\",\"Aserbaidschan\",\"AUF\",\"einigen\",\"Friedensvertrag\",\"f\u00fcr\",\"Schaffung\",\"sich\",\"und\",\"von\"],\"articleSection\":[\"Deutschland\",\"Russland\"],\"inLanguage\":\"de\",\"potentialAction\":[{\"@type\":\"CommentAction\",\"name\":\"Comment\",\"target\":[\"https:\/\/now-news.de\/de\/deutschland\/armenien-und-aserbaidschan-einigen-sich-auf-schaffung-von-arbeitsgruppe-fuer-friedensvertrag\/#respond\"]}]},{\"@type\":\"WebPage\",\"@id\":\"https:\/\/now-news.de\/de\/deutschland\/armenien-und-aserbaidschan-einigen-sich-auf-schaffung-von-arbeitsgruppe-fuer-friedensvertrag\/\",\"url\":\"https:\/\/now-news.de\/de\/deutschland\/armenien-und-aserbaidschan-einigen-sich-auf-schaffung-von-arbeitsgruppe-fuer-friedensvertrag\/\",\"name\":\"Armenien und Aserbaidschan einigen sich auf Schaffung von Arbeitsgruppe f\u00fcr Friedensvertrag - just-now.NEWS Deutschland\",\"isPartOf\":{\"@id\":\"https:\/\/now-news.de\/de\/#website\"},\"primaryImageOfPage\":{\"@id\":\"https:\/\/now-news.de\/de\/deutschland\/armenien-und-aserbaidschan-einigen-sich-auf-schaffung-von-arbeitsgruppe-fuer-friedensvertrag\/#primaryimage\"},\"image\":{\"@id\":\"https:\/\/now-news.de\/de\/deutschland\/armenien-und-aserbaidschan-einigen-sich-auf-schaffung-von-arbeitsgruppe-fuer-friedensvertrag\/#primaryimage\"},\"thumbnailUrl\":\"https:\/\/now-news.de\/de\/wp-content\/uploads\/sites\/3\/2022\/04\/Armenien-und-Aserbaidschan-einigen-sich-auf-Schaffung-von-Arbeitsgruppe-fuer.jpg\",\"datePublished\":\"2022-04-25T18:53:18+00:00\",\"dateModified\":\"2022-04-25T18:53:18+00:00\",\"breadcrumb\":{\"@id\":\"https:\/\/now-news.de\/de\/deutschland\/armenien-und-aserbaidschan-einigen-sich-auf-schaffung-von-arbeitsgruppe-fuer-friedensvertrag\/#breadcrumb\"},\"inLanguage\":\"de\",\"potentialAction\":[{\"@type\":\"ReadAction\",\"target\":[\"https:\/\/now-news.de\/de\/deutschland\/armenien-und-aserbaidschan-einigen-sich-auf-schaffung-von-arbeitsgruppe-fuer-friedensvertrag\/\"]}]},{\"@type\":\"ImageObject\",\"inLanguage\":\"de\",\"@id\":\"https:\/\/now-news.de\/de\/deutschland\/armenien-und-aserbaidschan-einigen-sich-auf-schaffung-von-arbeitsgruppe-fuer-friedensvertrag\/#primaryimage\",\"url\":\"https:\/\/now-news.de\/de\/wp-content\/uploads\/sites\/3\/2022\/04\/Armenien-und-Aserbaidschan-einigen-sich-auf-Schaffung-von-Arbeitsgruppe-fuer.jpg\",\"contentUrl\":\"https:\/\/now-news.de\/de\/wp-content\/uploads\/sites\/3\/2022\/04\/Armenien-und-Aserbaidschan-einigen-sich-auf-Schaffung-von-Arbeitsgruppe-fuer.jpg\",\"width\":460,\"height\":259},{\"@type\":\"BreadcrumbList\",\"@id\":\"https:\/\/now-news.de\/de\/deutschland\/armenien-und-aserbaidschan-einigen-sich-auf-schaffung-von-arbeitsgruppe-fuer-friedensvertrag\/#breadcrumb\",\"itemListElement\":[{\"@type\":\"ListItem\",\"position\":1,\"name\":\"Home\",\"item\":\"https:\/\/now-news.de\/de\/\"},{\"@type\":\"ListItem\",\"position\":2,\"name\":\"Armenien und Aserbaidschan einigen sich auf Schaffung von Arbeitsgruppe f\u00fcr Friedensvertrag\"}]},{\"@type\":\"WebSite\",\"@id\":\"https:\/\/now-news.de\/de\/#website\",\"url\":\"https:\/\/now-news.de\/de\/\",\"name\":\"just-now.NEWS Deutschland\",\"description\":\"Das Portal f\u00fcr unzensierte Nachrichten aus der Welt\",\"publisher\":{\"@id\":\"https:\/\/now-news.de\/de\/#organization\"},\"potentialAction\":[{\"@type\":\"SearchAction\",\"target\":{\"@type\":\"EntryPoint\",\"urlTemplate\":\"https:\/\/now-news.de\/de\/?s={search_term_string}\"},\"query-input\":\"required name=search_term_string\"}],\"inLanguage\":\"de\"},{\"@type\":\"Organization\",\"@id\":\"https:\/\/now-news.de\/de\/#organization\",\"name\":\"Just Now News\",\"url\":\"https:\/\/now-news.de\/de\/\",\"logo\":{\"@type\":\"ImageObject\",\"inLanguage\":\"de\",\"@id\":\"https:\/\/now-news.de\/de\/#\/schema\/logo\/image\/\",\"url\":\"http:\/\/just-now.news\/de\/wp-content\/uploads\/sites\/3\/2022\/04\/logo500x500.jpg\",\"contentUrl\":\"http:\/\/just-now.news\/de\/wp-content\/uploads\/sites\/3\/2022\/04\/logo500x500.jpg\",\"width\":500,\"height\":500,\"caption\":\"Just Now News\"},\"image\":{\"@id\":\"https:\/\/now-news.de\/de\/#\/schema\/logo\/image\/\"},\"sameAs\":[\"https:\/\/www.facebook.com\/wirmachenauf\",\"https:\/\/x.com\/WirMachenAuf_de\"]},{\"@type\":\"Person\",\"@id\":\"https:\/\/now-news.de\/de\/#\/schema\/person\/fb534a4e865501d8b3285208df34a9b5\",\"name\":\"rtnews\",\"image\":{\"@type\":\"ImageObject\",\"inLanguage\":\"de\",\"@id\":\"https:\/\/now-news.de\/de\/#\/schema\/person\/image\/\",\"url\":\"https:\/\/secure.gravatar.com\/avatar\/82aafea7d8127119dd649515f56e2117?s=96&d=mm&r=g\",\"contentUrl\":\"https:\/\/secure.gravatar.com\/avatar\/82aafea7d8127119dd649515f56e2117?s=96&d=mm&r=g\",\"caption\":\"rtnews\"},\"url\":\"https:\/\/now-news.de\/de\/author\/rnews\/\"}]}<\/script>\n<!-- \/ Yoast SEO Premium plugin. -->","yoast_head_json":{"title":"Armenien und Aserbaidschan einigen sich auf Schaffung von Arbeitsgruppe f\u00fcr Friedensvertrag - just-now.NEWS Deutschland","robots":{"index":"index","follow":"follow","max-snippet":"max-snippet:-1","max-image-preview":"max-image-preview:large","max-video-preview":"max-video-preview:-1"},"canonical":"https:\/\/now-news.de\/de\/deutschland\/armenien-und-aserbaidschan-einigen-sich-auf-schaffung-von-arbeitsgruppe-fuer-friedensvertrag\/","og_locale":"de_DE","og_type":"article","og_title":"Armenien und Aserbaidschan einigen sich auf Schaffung von Arbeitsgruppe f\u00fcr Friedensvertrag","og_description":"Die Au\u00dfenminister Aserbaidschans und Armeniens haben sich am Montag darauf verst\u00e4ndigt, Verhandlungstreffen zur Schaffung einer gemeinsamen Grenzkommission und einer Arbeitsgruppe \u00fcber einen m\u00f6glichen Friedensvertrag durchzuf\u00fchren, wie die amtliche t\u00fcrkische Nachrichtenagentur Anadolu berichtete. In einer Pressemitteilung nach einem Telefongespr\u00e4ch zwischen den Au\u00dfenministern beider s\u00fcdkaukasischer Staaten erkl\u00e4rte das aserbaidschanische Au\u00dfenministerium: &#8220;Es wurde vereinbart, die Sitzungen der Gemeinsamen [&hellip;]","og_url":"https:\/\/now-news.de\/de\/deutschland\/armenien-und-aserbaidschan-einigen-sich-auf-schaffung-von-arbeitsgruppe-fuer-friedensvertrag\/","og_site_name":"just-now.NEWS Deutschland","article_publisher":"https:\/\/www.facebook.com\/wirmachenauf","article_published_time":"2022-04-25T18:53:18+00:00","og_image":[{"width":460,"height":259,"url":"https:\/\/now-news.de\/de\/wp-content\/uploads\/sites\/3\/2022\/04\/Armenien-und-Aserbaidschan-einigen-sich-auf-Schaffung-von-Arbeitsgruppe-fuer.jpg","type":"image\/jpeg"}],"author":"rtnews","twitter_card":"summary_large_image","twitter_creator":"@WirMachenAuf_de","twitter_site":"@WirMachenAuf_de","twitter_misc":{"Verfasst von":"rtnews","Gesch\u00e4tzte Lesezeit":"2\u00a0Minuten"},"schema":{"@context":"https:\/\/schema.org","@graph":[{"@type":"Article","@id":"https:\/\/now-news.de\/de\/deutschland\/armenien-und-aserbaidschan-einigen-sich-auf-schaffung-von-arbeitsgruppe-fuer-friedensvertrag\/#article","isPartOf":{"@id":"https:\/\/now-news.de\/de\/deutschland\/armenien-und-aserbaidschan-einigen-sich-auf-schaffung-von-arbeitsgruppe-fuer-friedensvertrag\/"},"author":{"name":"rtnews","@id":"https:\/\/now-news.de\/de\/#\/schema\/person\/fb534a4e865501d8b3285208df34a9b5"},"headline":"Armenien und Aserbaidschan einigen sich auf Schaffung von Arbeitsgruppe f\u00fcr Friedensvertrag","datePublished":"2022-04-25T18:53:18+00:00","dateModified":"2022-04-25T18:53:18+00:00","mainEntityOfPage":{"@id":"https:\/\/now-news.de\/de\/deutschland\/armenien-und-aserbaidschan-einigen-sich-auf-schaffung-von-arbeitsgruppe-fuer-friedensvertrag\/"},"wordCount":324,"commentCount":0,"publisher":{"@id":"https:\/\/now-news.de\/de\/#organization"},"image":{"@id":"https:\/\/now-news.de\/de\/deutschland\/armenien-und-aserbaidschan-einigen-sich-auf-schaffung-von-arbeitsgruppe-fuer-friedensvertrag\/#primaryimage"},"thumbnailUrl":"https:\/\/now-news.de\/de\/wp-content\/uploads\/sites\/3\/2022\/04\/Armenien-und-Aserbaidschan-einigen-sich-auf-Schaffung-von-Arbeitsgruppe-fuer.jpg","keywords":["Arbeitsgruppe","Armenien","Aserbaidschan","AUF","einigen","Friedensvertrag","f\u00fcr","Schaffung","sich","und","von"],"articleSection":["Deutschland","Russland"],"inLanguage":"de","potentialAction":[{"@type":"CommentAction","name":"Comment","target":["https:\/\/now-news.de\/de\/deutschland\/armenien-und-aserbaidschan-einigen-sich-auf-schaffung-von-arbeitsgruppe-fuer-friedensvertrag\/#respond"]}]},{"@type":"WebPage","@id":"https:\/\/now-news.de\/de\/deutschland\/armenien-und-aserbaidschan-einigen-sich-auf-schaffung-von-arbeitsgruppe-fuer-friedensvertrag\/","url":"https:\/\/now-news.de\/de\/deutschland\/armenien-und-aserbaidschan-einigen-sich-auf-schaffung-von-arbeitsgruppe-fuer-friedensvertrag\/","name":"Armenien und Aserbaidschan einigen sich auf Schaffung von Arbeitsgruppe f\u00fcr Friedensvertrag - just-now.NEWS Deutschland","isPartOf":{"@id":"https:\/\/now-news.de\/de\/#website"},"primaryImageOfPage":{"@id":"https:\/\/now-news.de\/de\/deutschland\/armenien-und-aserbaidschan-einigen-sich-auf-schaffung-von-arbeitsgruppe-fuer-friedensvertrag\/#primaryimage"},"image":{"@id":"https:\/\/now-news.de\/de\/deutschland\/armenien-und-aserbaidschan-einigen-sich-auf-schaffung-von-arbeitsgruppe-fuer-friedensvertrag\/#primaryimage"},"thumbnailUrl":"https:\/\/now-news.de\/de\/wp-content\/uploads\/sites\/3\/2022\/04\/Armenien-und-Aserbaidschan-einigen-sich-auf-Schaffung-von-Arbeitsgruppe-fuer.jpg","datePublished":"2022-04-25T18:53:18+00:00","dateModified":"2022-04-25T18:53:18+00:00","breadcrumb":{"@id":"https:\/\/now-news.de\/de\/deutschland\/armenien-und-aserbaidschan-einigen-sich-auf-schaffung-von-arbeitsgruppe-fuer-friedensvertrag\/#breadcrumb"},"inLanguage":"de","potentialAction":[{"@type":"ReadAction","target":["https:\/\/now-news.de\/de\/deutschland\/armenien-und-aserbaidschan-einigen-sich-auf-schaffung-von-arbeitsgruppe-fuer-friedensvertrag\/"]}]},{"@type":"ImageObject","inLanguage":"de","@id":"https:\/\/now-news.de\/de\/deutschland\/armenien-und-aserbaidschan-einigen-sich-auf-schaffung-von-arbeitsgruppe-fuer-friedensvertrag\/#primaryimage","url":"https:\/\/now-news.de\/de\/wp-content\/uploads\/sites\/3\/2022\/04\/Armenien-und-Aserbaidschan-einigen-sich-auf-Schaffung-von-Arbeitsgruppe-fuer.jpg","contentUrl":"https:\/\/now-news.de\/de\/wp-content\/uploads\/sites\/3\/2022\/04\/Armenien-und-Aserbaidschan-einigen-sich-auf-Schaffung-von-Arbeitsgruppe-fuer.jpg","width":460,"height":259},{"@type":"BreadcrumbList","@id":"https:\/\/now-news.de\/de\/deutschland\/armenien-und-aserbaidschan-einigen-sich-auf-schaffung-von-arbeitsgruppe-fuer-friedensvertrag\/#breadcrumb","itemListElement":[{"@type":"ListItem","position":1,"name":"Home","item":"https:\/\/now-news.de\/de\/"},{"@type":"ListItem","position":2,"name":"Armenien und Aserbaidschan einigen sich auf Schaffung von Arbeitsgruppe f\u00fcr Friedensvertrag"}]},{"@type":"WebSite","@id":"https:\/\/now-news.de\/de\/#website","url":"https:\/\/now-news.de\/de\/","name":"just-now.NEWS Deutschland","description":"Das Portal f\u00fcr unzensierte Nachrichten aus der Welt","publisher":{"@id":"https:\/\/now-news.de\/de\/#organization"},"potentialAction":[{"@type":"SearchAction","target":{"@type":"EntryPoint","urlTemplate":"https:\/\/now-news.de\/de\/?s={search_term_string}"},"query-input":"required name=search_term_string"}],"inLanguage":"de"},{"@type":"Organization","@id":"https:\/\/now-news.de\/de\/#organization","name":"Just Now News","url":"https:\/\/now-news.de\/de\/","logo":{"@type":"ImageObject","inLanguage":"de","@id":"https:\/\/now-news.de\/de\/#\/schema\/logo\/image\/","url":"http:\/\/just-now.news\/de\/wp-content\/uploads\/sites\/3\/2022\/04\/logo500x500.jpg","contentUrl":"http:\/\/just-now.news\/de\/wp-content\/uploads\/sites\/3\/2022\/04\/logo500x500.jpg","width":500,"height":500,"caption":"Just Now News"},"image":{"@id":"https:\/\/now-news.de\/de\/#\/schema\/logo\/image\/"},"sameAs":["https:\/\/www.facebook.com\/wirmachenauf","https:\/\/x.com\/WirMachenAuf_de"]},{"@type":"Person","@id":"https:\/\/now-news.de\/de\/#\/schema\/person\/fb534a4e865501d8b3285208df34a9b5","name":"rtnews","image":{"@type":"ImageObject","inLanguage":"de","@id":"https:\/\/now-news.de\/de\/#\/schema\/person\/image\/","url":"https:\/\/secure.gravatar.com\/avatar\/82aafea7d8127119dd649515f56e2117?s=96&d=mm&r=g","contentUrl":"https:\/\/secure.gravatar.com\/avatar\/82aafea7d8127119dd649515f56e2117?s=96&d=mm&r=g","caption":"rtnews"},"url":"https:\/\/now-news.de\/de\/author\/rnews\/"}]}},"_links":{"self":[{"href":"https:\/\/now-news.de\/de\/wp-json\/wp\/v2\/posts\/3431"}],"collection":[{"href":"https:\/\/now-news.de\/de\/wp-json\/wp\/v2\/posts"}],"about":[{"href":"https:\/\/now-news.de\/de\/wp-json\/wp\/v2\/types\/post"}],"author":[{"embeddable":true,"href":"https:\/\/now-news.de\/de\/wp-json\/wp\/v2\/users\/3"}],"replies":[{"embeddable":true,"href":"https:\/\/now-news.de\/de\/wp-json\/wp\/v2\/comments?post=3431"}],"version-history":[{"count":0,"href":"https:\/\/now-news.de\/de\/wp-json\/wp\/v2\/posts\/3431\/revisions"}],"wp:featuredmedia":[{"embeddable":true,"href":"https:\/\/now-news.de\/de\/wp-json\/wp\/v2\/media\/3432"}],"wp:attachment":[{"href":"https:\/\/now-news.de\/de\/wp-json\/wp\/v2\/media?parent=3431"}],"wp:term":[{"taxonomy":"category","embeddable":true,"href":"https:\/\/now-news.de\/de\/wp-json\/wp\/v2\/categories?post=3431"},{"taxonomy":"post_tag","embeddable":true,"href":"https:\/\/now-news.de\/de\/wp-json\/wp\/v2\/tags?post=3431"}],"curies":[{"name":"wp","href":"https:\/\/api.w.org\/{rel}","templated":true}]}}