{"id":34263,"date":"2023-04-17T22:04:19","date_gmt":"2023-04-17T20:04:19","guid":{"rendered":"http:\/\/just-now.news\/de\/deutschland\/polen-zeigen-sich-empoert-ueber-russische-passagiere-im-luftraum-ueber-ihrem-land\/"},"modified":"2023-04-17T22:04:19","modified_gmt":"2023-04-17T20:04:19","slug":"polen-zeigen-sich-empoert-ueber-russische-passagiere-im-luftraum-ueber-ihrem-land","status":"publish","type":"post","link":"https:\/\/now-news.de\/de\/deutschland\/polen-zeigen-sich-empoert-ueber-russische-passagiere-im-luftraum-ueber-ihrem-land\/","title":{"rendered":"Polen zeigen sich emp\u00f6rt \u00fcber russische Passagiere im Luftraum \u00fcber ihrem Land"},"content":{"rendered":"<p><img decoding=\"async\" src=\"http:\/\/just-now.news\/de\/wp-content\/uploads\/sites\/3\/2023\/04\/643d6fc748fbef28fb2c24de.jpg\" \/><\/p>\n<div class=\"Text-root Text-type_1 \">\n                Seit \u00fcber einem Jahr blockiert die EU den zivilen Luftverkehr und direkte Eisenbahnverbindungen zwischen Russland und europ\u00e4ischen L\u00e4ndern, womit sie auch Millionen eigener B\u00fcrger das Leben erschwert. Davon profitieren vor allem t\u00fcrkische Fluggesellschaften, die prompt die Marktl\u00fccke f\u00fcllten.\n            <\/div>\n<p><\/p>\n<div class=\"Text-root Text-type_5 ArticleView-text ViewText-root \">\n<p>Laut einem Artikel des Portals <em>Onet<\/em> nutzen russische Touristen die Dienste ausl\u00e4ndischer Fluggesellschaften, darunter auch Fl\u00fcge im polnischen Luftraum.<\/p>\n<blockquote>\n<p><em>&#8220;Die Russen umgehen das Flugverbot \u00fcber Polen&#8221;<\/em>,<\/p>\n<\/blockquote>\n<p>hei\u00dft es in der Publikation.<\/p>\n<p>So flogen am Vorabend des Osterfestes Touristen aus Moskau und anderen St\u00e4dten sicher \u00fcber Polen, &#8220;trotz der gegen Russland verh\u00e4ngten Sanktionen&#8221;. Der Autor der Publikation fragte sich:<\/p>\n<blockquote>\n<p><em>&#8220;Wie ist das m\u00f6glich?&#8221;<\/em>\u00a0<\/p>\n<\/blockquote>\n<p>Wie aus dem Artikel hervorgeht, fliegen bei Touristen beliebte Fluggesellschaften wie Turkish Airlines weiterhin nach Russland:<\/p>\n<blockquote>\n<p><em>&#8220;Allein heute werden f\u00fcnf Flugzeuge auf der Strecke Moskau-Istanbul \u00fcber Polen fliegen. Die Flugroute f\u00fchrt \u00fcber Augustow, Bia\u0142ystok, Lublin und Rzeszow.&#8221;<\/em><\/p>\n<\/blockquote>\n<p>Trotz der Sperrung des Luftraums \u00fcber Europa f\u00fcr russische Flugzeuge und der ausl\u00e4ndischen Sanktionen k\u00f6nnten Russen also immer noch von ihrem Land aus nach Europa fliegen, so <em>Onet,<\/em> und weiter:<\/p>\n<blockquote>\n<p><em>&#8220;Russen fliegen auch in die T\u00fcrkei. Wenn Russen von Moskau und St. Petersburg nach Istanbul oder Antalya fliegen, nutzt Turkish Airlines den polnischen Luftraum.&#8221;<\/em><\/p>\n<\/blockquote>\n<p>Die Zeitung erinnerte daran, dass die t\u00fcrkische Mittelmeerk\u00fcste ein beliebtes Ziel f\u00fcr russische Touristen sei und dass der Konflikt in der Ukraine und die Sanktionen sie nicht davon abhalte, t\u00fcrkische Urlaubsorte zu besuchen.<\/p>\n<p>Dar\u00fcber hinaus rechne die T\u00fcrkei mit einem Anstieg der Zahl der Urlauber aus Russland, so die Wochenzeitung. Der Attach\u00e9 der Botschaft des Landes in Russland, Ilker Ozkan, sagte voraus, dass der Touristenstrom aus Russland in diesem Jahr auf sechs Millionen Menschen ansteigen wird, w\u00e4hrend im Jahr 2022 etwa 5,2 Millionen Russen die T\u00fcrkei besuchten.<\/p>\n<p>Nach dem Beginn der Sonderoperation in der Ukraine hatte die EU in einer in der Geschichte des Verkehrswesens pr\u00e4zedenzlosen Entscheidung allen russischen Flugzeugen den Start, die Landung und den \u00dcberflug von EU-Gebiet untersagt und ihren Unternehmen verboten, zivile Flugzeuge und Ersatzteile nach Russland zu liefern. Im Gegenzug hatte Russland Unternehmen aus westlichen L\u00e4ndern den Zugang zu seinem Luftraum ohne Sondergenehmigung untersagt. Unter den gegenseitigen Blockaden sollten nach dem Willen der EU nicht nur russische Touristen leiden, sondern auch Millionen von Russen und Russlanddeutschen, die in der EU leben. Noch l\u00e4nger ist infolge der EU-Sanktionen der zivile Luftverkehr zwischen Wei\u00dfrussland und der EU unterbrochen. Die so entstandene Marktl\u00fccke nutzen nun offensichtlich t\u00fcrkische Fluggesellschaften auch f\u00fcr Verbindungen nach Russland.<\/p>\n<p><strong>Mehr zum Thema<\/strong> \u2013 <a rel=\"nofollow noopener\" target=\"_blank\" href=\"https:\/\/test.rtde.life\/inland\/133191-irgendwann-platzt-kragen-der-deutschrussen\/\">Irgendwann platzt der Kragen: Wie weit reicht die Geduld der Russlanddeutschen?<\/a>\u00a0<\/p>\n<\/p>\n<\/div>\n<p><br \/>\n<br \/><a href=\"https:\/\/de.rt.com\/europa\/167908-polen-zeigen-sich-empoert-ueber\/\">Source link <\/a><\/p>\n","protected":false},"excerpt":{"rendered":"<p>Seit \u00fcber einem Jahr blockiert die EU den zivilen Luftverkehr und direkte Eisenbahnverbindungen zwischen Russland und europ\u00e4ischen L\u00e4ndern, womit sie auch Millionen eigener B\u00fcrger das Leben erschwert. Davon profitieren vor allem t\u00fcrkische Fluggesellschaften, die prompt die Marktl\u00fccke f\u00fcllten. Laut einem Artikel des Portals Onet nutzen russische Touristen die Dienste ausl\u00e4ndischer Fluggesellschaften, darunter auch Fl\u00fcge im [&hellip;]<\/p>\n","protected":false},"author":3,"featured_media":34264,"comment_status":"open","ping_status":"open","sticky":false,"template":"","format":"standard","meta":{"_yoast_indexnow_last_ping":["1681762083"],"wp_automatic_camp":["217"],"9786a5d948acf451f4b03c7d1e9ca1e1":["Polen zeigen sich emp\u00f6rt \u00fcber russische Passagiere im Luftraum \u00fcber ihrem Land"],"original_link":["https:\/\/de.rt.com\/europa\/167908-polen-zeigen-sich-empoert-ueber\/"],"_thumbnail_id":["34264"],"_wptgpro_p2tg_sent2tg":["a:1:{i:23737;s:19:\"2023-04-17 22:09:03\";}"],"jnews_social_counter_last_update":["1777171507"]},"categories":[19,23],"tags":[765,1161,7414,9895,24538,5850,570,434,139,6047],"yoast_head":"<!-- This site is optimized with the Yoast SEO Premium plugin v22.7 (Yoast SEO v22.7) - https:\/\/yoast.com\/wordpress\/plugins\/seo\/ -->\n<title>Polen zeigen sich emp\u00f6rt \u00fcber russische Passagiere im Luftraum \u00fcber ihrem Land - just-now.NEWS Deutschland<\/title>\n<meta name=\"robots\" content=\"index, follow, max-snippet:-1, max-image-preview:large, max-video-preview:-1\" \/>\n<link rel=\"canonical\" href=\"https:\/\/now-news.de\/de\/deutschland\/polen-zeigen-sich-empoert-ueber-russische-passagiere-im-luftraum-ueber-ihrem-land\/\" \/>\n<meta property=\"og:locale\" content=\"de_DE\" \/>\n<meta property=\"og:type\" content=\"article\" \/>\n<meta property=\"og:title\" content=\"Polen zeigen sich emp\u00f6rt \u00fcber russische Passagiere im Luftraum \u00fcber ihrem Land\" \/>\n<meta property=\"og:description\" content=\"Seit \u00fcber einem Jahr blockiert die EU den zivilen Luftverkehr und direkte Eisenbahnverbindungen zwischen Russland und europ\u00e4ischen L\u00e4ndern, womit sie auch Millionen eigener B\u00fcrger das Leben erschwert. Davon profitieren vor allem t\u00fcrkische Fluggesellschaften, die prompt die Marktl\u00fccke f\u00fcllten. Laut einem Artikel des Portals Onet nutzen russische Touristen die Dienste ausl\u00e4ndischer Fluggesellschaften, darunter auch Fl\u00fcge im [&hellip;]\" \/>\n<meta property=\"og:url\" content=\"https:\/\/now-news.de\/de\/deutschland\/polen-zeigen-sich-empoert-ueber-russische-passagiere-im-luftraum-ueber-ihrem-land\/\" \/>\n<meta property=\"og:site_name\" content=\"just-now.NEWS Deutschland\" \/>\n<meta property=\"article:publisher\" content=\"https:\/\/www.facebook.com\/wirmachenauf\" \/>\n<meta property=\"article:published_time\" content=\"2023-04-17T20:04:19+00:00\" \/>\n<meta property=\"og:image\" content=\"https:\/\/now-news.de\/de\/wp-content\/uploads\/sites\/3\/2023\/04\/Polen-zeigen-sich-empoert-ueber-russische-Passagiere-im-Luftraum-ueber.jpg\" \/>\n\t<meta property=\"og:image:width\" content=\"460\" \/>\n\t<meta property=\"og:image:height\" content=\"259\" \/>\n\t<meta property=\"og:image:type\" content=\"image\/jpeg\" \/>\n<meta name=\"author\" content=\"rtnews\" \/>\n<meta name=\"twitter:card\" content=\"summary_large_image\" \/>\n<meta name=\"twitter:creator\" content=\"@WirMachenAuf_de\" \/>\n<meta name=\"twitter:site\" content=\"@WirMachenAuf_de\" \/>\n<meta name=\"twitter:label1\" content=\"Verfasst von\" \/>\n\t<meta name=\"twitter:data1\" content=\"rtnews\" \/>\n\t<meta name=\"twitter:label2\" content=\"Gesch\u00e4tzte Lesezeit\" \/>\n\t<meta name=\"twitter:data2\" content=\"2\u00a0Minuten\" \/>\n<script type=\"application\/ld+json\" class=\"yoast-schema-graph\">{\"@context\":\"https:\/\/schema.org\",\"@graph\":[{\"@type\":\"Article\",\"@id\":\"https:\/\/now-news.de\/de\/deutschland\/polen-zeigen-sich-empoert-ueber-russische-passagiere-im-luftraum-ueber-ihrem-land\/#article\",\"isPartOf\":{\"@id\":\"https:\/\/now-news.de\/de\/deutschland\/polen-zeigen-sich-empoert-ueber-russische-passagiere-im-luftraum-ueber-ihrem-land\/\"},\"author\":{\"name\":\"rtnews\",\"@id\":\"https:\/\/now-news.de\/de\/#\/schema\/person\/fb534a4e865501d8b3285208df34a9b5\"},\"headline\":\"Polen zeigen sich emp\u00f6rt \u00fcber russische Passagiere im Luftraum \u00fcber ihrem Land\",\"datePublished\":\"2023-04-17T20:04:19+00:00\",\"dateModified\":\"2023-04-17T20:04:19+00:00\",\"mainEntityOfPage\":{\"@id\":\"https:\/\/now-news.de\/de\/deutschland\/polen-zeigen-sich-empoert-ueber-russische-passagiere-im-luftraum-ueber-ihrem-land\/\"},\"wordCount\":457,\"commentCount\":0,\"publisher\":{\"@id\":\"https:\/\/now-news.de\/de\/#organization\"},\"image\":{\"@id\":\"https:\/\/now-news.de\/de\/deutschland\/polen-zeigen-sich-empoert-ueber-russische-passagiere-im-luftraum-ueber-ihrem-land\/#primaryimage\"},\"thumbnailUrl\":\"https:\/\/now-news.de\/de\/wp-content\/uploads\/sites\/3\/2023\/04\/Polen-zeigen-sich-empoert-ueber-russische-Passagiere-im-Luftraum-ueber.jpg\",\"keywords\":[\"emp\u00f6rt\",\"ihrem\",\"Land\",\"Luftraum\",\"Passagiere\",\"Polen\",\"Russische\",\"sich\",\"\u00fcber\",\"zeigen\"],\"articleSection\":[\"Deutschland\",\"Russland\"],\"inLanguage\":\"de\",\"potentialAction\":[{\"@type\":\"CommentAction\",\"name\":\"Comment\",\"target\":[\"https:\/\/now-news.de\/de\/deutschland\/polen-zeigen-sich-empoert-ueber-russische-passagiere-im-luftraum-ueber-ihrem-land\/#respond\"]}]},{\"@type\":\"WebPage\",\"@id\":\"https:\/\/now-news.de\/de\/deutschland\/polen-zeigen-sich-empoert-ueber-russische-passagiere-im-luftraum-ueber-ihrem-land\/\",\"url\":\"https:\/\/now-news.de\/de\/deutschland\/polen-zeigen-sich-empoert-ueber-russische-passagiere-im-luftraum-ueber-ihrem-land\/\",\"name\":\"Polen zeigen sich emp\u00f6rt \u00fcber russische Passagiere im Luftraum \u00fcber ihrem Land - just-now.NEWS Deutschland\",\"isPartOf\":{\"@id\":\"https:\/\/now-news.de\/de\/#website\"},\"primaryImageOfPage\":{\"@id\":\"https:\/\/now-news.de\/de\/deutschland\/polen-zeigen-sich-empoert-ueber-russische-passagiere-im-luftraum-ueber-ihrem-land\/#primaryimage\"},\"image\":{\"@id\":\"https:\/\/now-news.de\/de\/deutschland\/polen-zeigen-sich-empoert-ueber-russische-passagiere-im-luftraum-ueber-ihrem-land\/#primaryimage\"},\"thumbnailUrl\":\"https:\/\/now-news.de\/de\/wp-content\/uploads\/sites\/3\/2023\/04\/Polen-zeigen-sich-empoert-ueber-russische-Passagiere-im-Luftraum-ueber.jpg\",\"datePublished\":\"2023-04-17T20:04:19+00:00\",\"dateModified\":\"2023-04-17T20:04:19+00:00\",\"breadcrumb\":{\"@id\":\"https:\/\/now-news.de\/de\/deutschland\/polen-zeigen-sich-empoert-ueber-russische-passagiere-im-luftraum-ueber-ihrem-land\/#breadcrumb\"},\"inLanguage\":\"de\",\"potentialAction\":[{\"@type\":\"ReadAction\",\"target\":[\"https:\/\/now-news.de\/de\/deutschland\/polen-zeigen-sich-empoert-ueber-russische-passagiere-im-luftraum-ueber-ihrem-land\/\"]}]},{\"@type\":\"ImageObject\",\"inLanguage\":\"de\",\"@id\":\"https:\/\/now-news.de\/de\/deutschland\/polen-zeigen-sich-empoert-ueber-russische-passagiere-im-luftraum-ueber-ihrem-land\/#primaryimage\",\"url\":\"https:\/\/now-news.de\/de\/wp-content\/uploads\/sites\/3\/2023\/04\/Polen-zeigen-sich-empoert-ueber-russische-Passagiere-im-Luftraum-ueber.jpg\",\"contentUrl\":\"https:\/\/now-news.de\/de\/wp-content\/uploads\/sites\/3\/2023\/04\/Polen-zeigen-sich-empoert-ueber-russische-Passagiere-im-Luftraum-ueber.jpg\",\"width\":460,\"height\":259,\"caption\":\"Polen zeigen sich emp\u00f6rt \u00fcber russische Passagiere im Luftraum \u00fcber ihrem Land\"},{\"@type\":\"BreadcrumbList\",\"@id\":\"https:\/\/now-news.de\/de\/deutschland\/polen-zeigen-sich-empoert-ueber-russische-passagiere-im-luftraum-ueber-ihrem-land\/#breadcrumb\",\"itemListElement\":[{\"@type\":\"ListItem\",\"position\":1,\"name\":\"Home\",\"item\":\"https:\/\/now-news.de\/de\/\"},{\"@type\":\"ListItem\",\"position\":2,\"name\":\"Polen zeigen sich emp\u00f6rt \u00fcber russische Passagiere im Luftraum \u00fcber ihrem Land\"}]},{\"@type\":\"WebSite\",\"@id\":\"https:\/\/now-news.de\/de\/#website\",\"url\":\"https:\/\/now-news.de\/de\/\",\"name\":\"just-now.NEWS Deutschland\",\"description\":\"Das Portal f\u00fcr unzensierte Nachrichten aus der Welt\",\"publisher\":{\"@id\":\"https:\/\/now-news.de\/de\/#organization\"},\"potentialAction\":[{\"@type\":\"SearchAction\",\"target\":{\"@type\":\"EntryPoint\",\"urlTemplate\":\"https:\/\/now-news.de\/de\/?s={search_term_string}\"},\"query-input\":\"required name=search_term_string\"}],\"inLanguage\":\"de\"},{\"@type\":\"Organization\",\"@id\":\"https:\/\/now-news.de\/de\/#organization\",\"name\":\"Just Now News\",\"url\":\"https:\/\/now-news.de\/de\/\",\"logo\":{\"@type\":\"ImageObject\",\"inLanguage\":\"de\",\"@id\":\"https:\/\/now-news.de\/de\/#\/schema\/logo\/image\/\",\"url\":\"http:\/\/just-now.news\/de\/wp-content\/uploads\/sites\/3\/2022\/04\/logo500x500.jpg\",\"contentUrl\":\"http:\/\/just-now.news\/de\/wp-content\/uploads\/sites\/3\/2022\/04\/logo500x500.jpg\",\"width\":500,\"height\":500,\"caption\":\"Just Now News\"},\"image\":{\"@id\":\"https:\/\/now-news.de\/de\/#\/schema\/logo\/image\/\"},\"sameAs\":[\"https:\/\/www.facebook.com\/wirmachenauf\",\"https:\/\/x.com\/WirMachenAuf_de\"]},{\"@type\":\"Person\",\"@id\":\"https:\/\/now-news.de\/de\/#\/schema\/person\/fb534a4e865501d8b3285208df34a9b5\",\"name\":\"rtnews\",\"image\":{\"@type\":\"ImageObject\",\"inLanguage\":\"de\",\"@id\":\"https:\/\/now-news.de\/de\/#\/schema\/person\/image\/\",\"url\":\"https:\/\/secure.gravatar.com\/avatar\/82aafea7d8127119dd649515f56e2117?s=96&d=mm&r=g\",\"contentUrl\":\"https:\/\/secure.gravatar.com\/avatar\/82aafea7d8127119dd649515f56e2117?s=96&d=mm&r=g\",\"caption\":\"rtnews\"},\"url\":\"https:\/\/now-news.de\/de\/author\/rnews\/\"}]}<\/script>\n<!-- \/ Yoast SEO Premium plugin. -->","yoast_head_json":{"title":"Polen zeigen sich emp\u00f6rt \u00fcber russische Passagiere im Luftraum \u00fcber ihrem Land - just-now.NEWS Deutschland","robots":{"index":"index","follow":"follow","max-snippet":"max-snippet:-1","max-image-preview":"max-image-preview:large","max-video-preview":"max-video-preview:-1"},"canonical":"https:\/\/now-news.de\/de\/deutschland\/polen-zeigen-sich-empoert-ueber-russische-passagiere-im-luftraum-ueber-ihrem-land\/","og_locale":"de_DE","og_type":"article","og_title":"Polen zeigen sich emp\u00f6rt \u00fcber russische Passagiere im Luftraum \u00fcber ihrem Land","og_description":"Seit \u00fcber einem Jahr blockiert die EU den zivilen Luftverkehr und direkte Eisenbahnverbindungen zwischen Russland und europ\u00e4ischen L\u00e4ndern, womit sie auch Millionen eigener B\u00fcrger das Leben erschwert. Davon profitieren vor allem t\u00fcrkische Fluggesellschaften, die prompt die Marktl\u00fccke f\u00fcllten. Laut einem Artikel des Portals Onet nutzen russische Touristen die Dienste ausl\u00e4ndischer Fluggesellschaften, darunter auch Fl\u00fcge im [&hellip;]","og_url":"https:\/\/now-news.de\/de\/deutschland\/polen-zeigen-sich-empoert-ueber-russische-passagiere-im-luftraum-ueber-ihrem-land\/","og_site_name":"just-now.NEWS Deutschland","article_publisher":"https:\/\/www.facebook.com\/wirmachenauf","article_published_time":"2023-04-17T20:04:19+00:00","og_image":[{"width":460,"height":259,"url":"https:\/\/now-news.de\/de\/wp-content\/uploads\/sites\/3\/2023\/04\/Polen-zeigen-sich-empoert-ueber-russische-Passagiere-im-Luftraum-ueber.jpg","type":"image\/jpeg"}],"author":"rtnews","twitter_card":"summary_large_image","twitter_creator":"@WirMachenAuf_de","twitter_site":"@WirMachenAuf_de","twitter_misc":{"Verfasst von":"rtnews","Gesch\u00e4tzte Lesezeit":"2\u00a0Minuten"},"schema":{"@context":"https:\/\/schema.org","@graph":[{"@type":"Article","@id":"https:\/\/now-news.de\/de\/deutschland\/polen-zeigen-sich-empoert-ueber-russische-passagiere-im-luftraum-ueber-ihrem-land\/#article","isPartOf":{"@id":"https:\/\/now-news.de\/de\/deutschland\/polen-zeigen-sich-empoert-ueber-russische-passagiere-im-luftraum-ueber-ihrem-land\/"},"author":{"name":"rtnews","@id":"https:\/\/now-news.de\/de\/#\/schema\/person\/fb534a4e865501d8b3285208df34a9b5"},"headline":"Polen zeigen sich emp\u00f6rt \u00fcber russische Passagiere im Luftraum \u00fcber ihrem Land","datePublished":"2023-04-17T20:04:19+00:00","dateModified":"2023-04-17T20:04:19+00:00","mainEntityOfPage":{"@id":"https:\/\/now-news.de\/de\/deutschland\/polen-zeigen-sich-empoert-ueber-russische-passagiere-im-luftraum-ueber-ihrem-land\/"},"wordCount":457,"commentCount":0,"publisher":{"@id":"https:\/\/now-news.de\/de\/#organization"},"image":{"@id":"https:\/\/now-news.de\/de\/deutschland\/polen-zeigen-sich-empoert-ueber-russische-passagiere-im-luftraum-ueber-ihrem-land\/#primaryimage"},"thumbnailUrl":"https:\/\/now-news.de\/de\/wp-content\/uploads\/sites\/3\/2023\/04\/Polen-zeigen-sich-empoert-ueber-russische-Passagiere-im-Luftraum-ueber.jpg","keywords":["emp\u00f6rt","ihrem","Land","Luftraum","Passagiere","Polen","Russische","sich","\u00fcber","zeigen"],"articleSection":["Deutschland","Russland"],"inLanguage":"de","potentialAction":[{"@type":"CommentAction","name":"Comment","target":["https:\/\/now-news.de\/de\/deutschland\/polen-zeigen-sich-empoert-ueber-russische-passagiere-im-luftraum-ueber-ihrem-land\/#respond"]}]},{"@type":"WebPage","@id":"https:\/\/now-news.de\/de\/deutschland\/polen-zeigen-sich-empoert-ueber-russische-passagiere-im-luftraum-ueber-ihrem-land\/","url":"https:\/\/now-news.de\/de\/deutschland\/polen-zeigen-sich-empoert-ueber-russische-passagiere-im-luftraum-ueber-ihrem-land\/","name":"Polen zeigen sich emp\u00f6rt \u00fcber russische Passagiere im Luftraum \u00fcber ihrem Land - just-now.NEWS Deutschland","isPartOf":{"@id":"https:\/\/now-news.de\/de\/#website"},"primaryImageOfPage":{"@id":"https:\/\/now-news.de\/de\/deutschland\/polen-zeigen-sich-empoert-ueber-russische-passagiere-im-luftraum-ueber-ihrem-land\/#primaryimage"},"image":{"@id":"https:\/\/now-news.de\/de\/deutschland\/polen-zeigen-sich-empoert-ueber-russische-passagiere-im-luftraum-ueber-ihrem-land\/#primaryimage"},"thumbnailUrl":"https:\/\/now-news.de\/de\/wp-content\/uploads\/sites\/3\/2023\/04\/Polen-zeigen-sich-empoert-ueber-russische-Passagiere-im-Luftraum-ueber.jpg","datePublished":"2023-04-17T20:04:19+00:00","dateModified":"2023-04-17T20:04:19+00:00","breadcrumb":{"@id":"https:\/\/now-news.de\/de\/deutschland\/polen-zeigen-sich-empoert-ueber-russische-passagiere-im-luftraum-ueber-ihrem-land\/#breadcrumb"},"inLanguage":"de","potentialAction":[{"@type":"ReadAction","target":["https:\/\/now-news.de\/de\/deutschland\/polen-zeigen-sich-empoert-ueber-russische-passagiere-im-luftraum-ueber-ihrem-land\/"]}]},{"@type":"ImageObject","inLanguage":"de","@id":"https:\/\/now-news.de\/de\/deutschland\/polen-zeigen-sich-empoert-ueber-russische-passagiere-im-luftraum-ueber-ihrem-land\/#primaryimage","url":"https:\/\/now-news.de\/de\/wp-content\/uploads\/sites\/3\/2023\/04\/Polen-zeigen-sich-empoert-ueber-russische-Passagiere-im-Luftraum-ueber.jpg","contentUrl":"https:\/\/now-news.de\/de\/wp-content\/uploads\/sites\/3\/2023\/04\/Polen-zeigen-sich-empoert-ueber-russische-Passagiere-im-Luftraum-ueber.jpg","width":460,"height":259,"caption":"Polen zeigen sich emp\u00f6rt \u00fcber russische Passagiere im Luftraum \u00fcber ihrem Land"},{"@type":"BreadcrumbList","@id":"https:\/\/now-news.de\/de\/deutschland\/polen-zeigen-sich-empoert-ueber-russische-passagiere-im-luftraum-ueber-ihrem-land\/#breadcrumb","itemListElement":[{"@type":"ListItem","position":1,"name":"Home","item":"https:\/\/now-news.de\/de\/"},{"@type":"ListItem","position":2,"name":"Polen zeigen sich emp\u00f6rt \u00fcber russische Passagiere im Luftraum \u00fcber ihrem Land"}]},{"@type":"WebSite","@id":"https:\/\/now-news.de\/de\/#website","url":"https:\/\/now-news.de\/de\/","name":"just-now.NEWS Deutschland","description":"Das Portal f\u00fcr unzensierte Nachrichten aus der Welt","publisher":{"@id":"https:\/\/now-news.de\/de\/#organization"},"potentialAction":[{"@type":"SearchAction","target":{"@type":"EntryPoint","urlTemplate":"https:\/\/now-news.de\/de\/?s={search_term_string}"},"query-input":"required name=search_term_string"}],"inLanguage":"de"},{"@type":"Organization","@id":"https:\/\/now-news.de\/de\/#organization","name":"Just Now News","url":"https:\/\/now-news.de\/de\/","logo":{"@type":"ImageObject","inLanguage":"de","@id":"https:\/\/now-news.de\/de\/#\/schema\/logo\/image\/","url":"http:\/\/just-now.news\/de\/wp-content\/uploads\/sites\/3\/2022\/04\/logo500x500.jpg","contentUrl":"http:\/\/just-now.news\/de\/wp-content\/uploads\/sites\/3\/2022\/04\/logo500x500.jpg","width":500,"height":500,"caption":"Just Now News"},"image":{"@id":"https:\/\/now-news.de\/de\/#\/schema\/logo\/image\/"},"sameAs":["https:\/\/www.facebook.com\/wirmachenauf","https:\/\/x.com\/WirMachenAuf_de"]},{"@type":"Person","@id":"https:\/\/now-news.de\/de\/#\/schema\/person\/fb534a4e865501d8b3285208df34a9b5","name":"rtnews","image":{"@type":"ImageObject","inLanguage":"de","@id":"https:\/\/now-news.de\/de\/#\/schema\/person\/image\/","url":"https:\/\/secure.gravatar.com\/avatar\/82aafea7d8127119dd649515f56e2117?s=96&d=mm&r=g","contentUrl":"https:\/\/secure.gravatar.com\/avatar\/82aafea7d8127119dd649515f56e2117?s=96&d=mm&r=g","caption":"rtnews"},"url":"https:\/\/now-news.de\/de\/author\/rnews\/"}]}},"_links":{"self":[{"href":"https:\/\/now-news.de\/de\/wp-json\/wp\/v2\/posts\/34263"}],"collection":[{"href":"https:\/\/now-news.de\/de\/wp-json\/wp\/v2\/posts"}],"about":[{"href":"https:\/\/now-news.de\/de\/wp-json\/wp\/v2\/types\/post"}],"author":[{"embeddable":true,"href":"https:\/\/now-news.de\/de\/wp-json\/wp\/v2\/users\/3"}],"replies":[{"embeddable":true,"href":"https:\/\/now-news.de\/de\/wp-json\/wp\/v2\/comments?post=34263"}],"version-history":[{"count":0,"href":"https:\/\/now-news.de\/de\/wp-json\/wp\/v2\/posts\/34263\/revisions"}],"wp:featuredmedia":[{"embeddable":true,"href":"https:\/\/now-news.de\/de\/wp-json\/wp\/v2\/media\/34264"}],"wp:attachment":[{"href":"https:\/\/now-news.de\/de\/wp-json\/wp\/v2\/media?parent=34263"}],"wp:term":[{"taxonomy":"category","embeddable":true,"href":"https:\/\/now-news.de\/de\/wp-json\/wp\/v2\/categories?post=34263"},{"taxonomy":"post_tag","embeddable":true,"href":"https:\/\/now-news.de\/de\/wp-json\/wp\/v2\/tags?post=34263"}],"curies":[{"name":"wp","href":"https:\/\/api.w.org\/{rel}","templated":true}]}}