{"id":34249,"date":"2023-04-17T18:50:37","date_gmt":"2023-04-17T16:50:37","guid":{"rendered":"http:\/\/just-now.news\/de\/deutschland\/eu-kritisiert-einfuhrverbot-fuer-ukrainisches-getreide-in-ungarn-und-polen\/"},"modified":"2023-04-17T18:50:37","modified_gmt":"2023-04-17T16:50:37","slug":"eu-kritisiert-einfuhrverbot-fuer-ukrainisches-getreide-in-ungarn-und-polen","status":"publish","type":"post","link":"https:\/\/now-news.de\/de\/deutschland\/eu-kritisiert-einfuhrverbot-fuer-ukrainisches-getreide-in-ungarn-und-polen\/","title":{"rendered":"EU kritisiert Einfuhrverbot f\u00fcr ukrainisches Getreide in Ungarn und Polen"},"content":{"rendered":"<p><img decoding=\"async\" src=\"http:\/\/just-now.news\/de\/wp-content\/uploads\/sites\/3\/2023\/04\/643d3db6b480cc52b94ad73e.jpg\" \/><\/p>\n<div class=\"Text-root Text-type_1 \">\n                Polen und Ungarn haben beschlossen, die Einfuhr von Getreide aus der Ukraine vor\u00fcbergehend zu verbieten, um den eigenen Agrarsektor zu sch\u00fctzen. Die Europ\u00e4ische Kommission kritisiert diesen Schritt als inakzeptabel.\n            <\/div>\n<p><\/p>\n<div class=\"Text-root Text-type_5 ArticleView-text ViewText-root \">\n<p>Die polnische Regierung hat am Samstag Beschr\u00e4nkungen f\u00fcr den Import einiger Waren aus der Ukraine bis Ende Juni angek\u00fcndigt. Unter das Verbot fallen Getreide, Zucker, Obst, Gem\u00fcse, Wein, Fleisch, Milch und Milchprodukte. Jaros\u0142aw Kaczy\u0144ski, der Vorsitzende der regierenden Partei PiS (Recht und Gerechtigkeit), erkl\u00e4rte, die Ma\u00dfnahmen seien ergriffen worden, um den polnischen Agrarsektor zu sch\u00fctzen. Der Politiker betonte, Polen bleibe ein Freund und Verb\u00fcndeter der Ukraine und werde sie weiterhin voll und ganz unterst\u00fctzen. Doch die Aufgabe der F\u00fchrung jedes Staates sei es in erster Linie, die Interessen seiner B\u00fcrger zu wahren.<\/p>\n<p>Das Importverbot gelte auch f\u00fcr den Transit des Getreides in Drittl\u00e4nder, <a rel=\"nofollow noopener\" target=\"_blank\" href=\"https:\/\/twitter.com\/RafalBochenek\/status\/1647523478256377859\">twitterte<\/a> der polnische Minister f\u00fcr Entwicklung und Technologie, Waldemar Buda, am Sonntag.\u00a0Maria Sacharowa, die Sprecherin des russischen Au\u00dfenamtes, kommentierte seine Worte. Diese Entscheidung sei \u00e4u\u00dferst aufschlussreich, da sie die &#8220;imagin\u00e4re Sorge des Westens f\u00fcr die Hungrigen und Bed\u00fcrftigen&#8221; demonstriere. Zudem spreche Warschau mit Kiew nur so lange, &#8220;wie es Kiew als antirussisches Instrumentarium&#8221; brauche, schrieb sie auf Telegram, und f\u00fcgte hinzu:<\/p>\n<blockquote>\n<p><em>&#8220;Wenn aber die Grenze einmal verschwommen ist und die \u00dcberreste der Ukraine von Warschau absorbiert werden, wird niemand mit der lokalen Bev\u00f6lkerung reden.&#8221;<\/em><\/p>\n<\/blockquote>\n<p>Nach Polen hat auch Ungarn den Import landwirtschaftlicher Produkte aus der Ukraine verboten. Laut Landwirtschaftsminister Istv\u00e1n\u00a0Nagy sollen die ukrainischen Landwirte damit begonnen haben, neben Getreide auch andere Waren auf den europ\u00e4ischen Markt zu exportieren. Aufgrund des zollfreien Regimes f\u00fcr die Einfuhr ukrainischer Waren und\u00a0der niedrigen Kosten daf\u00fcr k\u00f6nnte der Agrarsektor in Ungarn leiden, erkl\u00e4rte er.<\/p>\n<p>Ein Sprecher der Europ\u00e4ischen Kommission kommentierte diese Entwicklungen und sagte gegen\u00fcber\u00a0<em>Reuters,<\/em>\u00a0&#8220;in solch herausfordernden Zeiten&#8221; sei es wichtig, alle Entscheidungen &#8220;innerhalb der EU zu koordinieren und aufeinander abzustimmen.&#8221;<\/p>\n<blockquote>\n<p><em>&#8220;In diesem Zusammenhang ist es wichtig zu betonen, dass die Handelspolitik in die ausschlie\u00dfliche Zust\u00e4ndigkeit der EU f\u00e4llt und daher einseitige Ma\u00dfnahmen nicht akzeptabel sind.&#8221;\u00a0<\/em><\/p>\n<\/blockquote>\n<p>Auch Kiew zeigte sich unzufrieden mit den\u00a0Vorhaben in den beiden Nachbarl\u00e4ndern. Am Samstag erkl\u00e4rte das ukrainische Ministerium f\u00fcr Agrarpolitik, dass die Entscheidung der polnischen Beh\u00f6rden den zuvor getroffenen Vereinbarungen widerspreche: &#8220;Wir verstehen, dass sich die polnischen Landwirte in einer schwierigen Lage befinden, aber wir betonen, dass sich die ukrainischen Landwirte in der schwierigsten Lage befinden&#8221;, hie\u00df es in einer Erkl\u00e4rung.<\/p>\n<p>Der ukrainische Minister f\u00fcr Agrarpolitik, Nikolai Solski, \u00e4u\u00dferte die Hoffnung, dass Polen und die Ukraine am Montag entsprechende Verhandlungen f\u00fchren werden. Laut der Agentur <em>Ukrinform<\/em> hatte Solski zuvor erkl\u00e4rt, dass jeden Monat 500.000 bis 700.000 Tonnen verschiedener landwirtschaftlicher Produkte aus der Ukraine nach Polen geliefert w\u00fcrden, darunter Getreide, Butter, Zucker, Eier und Fleisch. Ein erheblicher Teil dieses Volumens werde anschlie\u00dfend in andere L\u00e4nder transportiert, stellte der Minister fest.<\/p>\n<p>Seit Juli 2022 exportiert Kiew ukrainisches Getreide \u00fcber seine Seeh\u00e4fen gem\u00e4\u00df dem in Istanbul unter Beteiligung der Vereinten Nationen, Russlands, der T\u00fcrkei und der Ukraine geschlossenen Getreideabkommen. Russland zeigte sich wiederholt unzufrieden mit der Funktionsweise dieses Abkommens und behauptet, dass die russischen Bedingungen der Vereinbarungen nicht eingehalten werden. Laut Au\u00dfenminister Sergei Lawrow werde Moskau k\u00fcnftig\u00a0\u00fcberlegen, ob das\u00a0Abkommen generell Sinn mache, wenn es keine Fortschritte bei der Beseitigung von Hindernissen f\u00fcr den Export von D\u00fcngemitteln und Lebensmitteln gibt.<\/p>\n<p><strong>Mehr zum Thema<\/strong> &#8211; <a rel=\"nofollow noopener\" target=\"_blank\" href=\"https:\/\/gegenzensur.rtde.live\/europa\/167819-ungarn-verbietet-ukrainisches-getreide\/\">Ungarn k\u00fcndigt Einfuhrstopp f\u00fcr ukrainisches Getreide an<\/a><\/p>\n<\/div>\n<p><script async src=\"https:\/\/platform.twitter.com\/widgets.js\" charset=\"utf-8\"><\/script><br \/>\n<br \/><br \/>\n<br \/><a href=\"https:\/\/de.rt.com\/europa\/167893-eu-kritisiert-einfuhrverbot-fuer-ukrainisches\/\">Source link <\/a><\/p>\n","protected":false},"excerpt":{"rendered":"<p>Polen und Ungarn haben beschlossen, die Einfuhr von Getreide aus der Ukraine vor\u00fcbergehend zu verbieten, um den eigenen Agrarsektor zu sch\u00fctzen. Die Europ\u00e4ische Kommission kritisiert diesen Schritt als inakzeptabel. Die polnische Regierung hat am Samstag Beschr\u00e4nkungen f\u00fcr den Import einiger Waren aus der Ukraine bis Ende Juni angek\u00fcndigt. Unter das Verbot fallen Getreide, Zucker, Obst, [&hellip;]<\/p>\n","protected":false},"author":3,"featured_media":34250,"comment_status":"open","ping_status":"open","sticky":false,"template":"","format":"standard","meta":{"_yoast_indexnow_last_ping":["1681750495"],"wp_automatic_camp":["217"],"100657be789411bcf88d9f207b7a11ba":["EU kritisiert Einfuhrverbot f\u00fcr ukrainisches Getreide in Ungarn und Polen"],"original_link":["https:\/\/de.rt.com\/europa\/167893-eu-kritisiert-einfuhrverbot-fuer-ukrainisches\/"],"_thumbnail_id":["34250"],"_wptgpro_p2tg_sent2tg":["a:1:{i:23737;s:19:\"2023-04-17 18:56:00\";}"],"jnews_social_counter_last_update":["1777561465"]},"categories":[19,23],"tags":[36247,221,21610,739,5850,4028,140,11664],"yoast_head":"<!-- This site is optimized with the Yoast SEO Premium plugin v22.7 (Yoast SEO v22.7) - https:\/\/yoast.com\/wordpress\/plugins\/seo\/ -->\n<title>EU kritisiert Einfuhrverbot f\u00fcr ukrainisches Getreide in Ungarn und Polen - just-now.NEWS Deutschland<\/title>\n<meta name=\"robots\" content=\"index, follow, max-snippet:-1, max-image-preview:large, max-video-preview:-1\" \/>\n<link rel=\"canonical\" href=\"https:\/\/now-news.de\/de\/deutschland\/eu-kritisiert-einfuhrverbot-fuer-ukrainisches-getreide-in-ungarn-und-polen\/\" \/>\n<meta property=\"og:locale\" content=\"de_DE\" \/>\n<meta property=\"og:type\" content=\"article\" \/>\n<meta property=\"og:title\" content=\"EU kritisiert Einfuhrverbot f\u00fcr ukrainisches Getreide in Ungarn und Polen\" \/>\n<meta property=\"og:description\" content=\"Polen und Ungarn haben beschlossen, die Einfuhr von Getreide aus der Ukraine vor\u00fcbergehend zu verbieten, um den eigenen Agrarsektor zu sch\u00fctzen. Die Europ\u00e4ische Kommission kritisiert diesen Schritt als inakzeptabel. Die polnische Regierung hat am Samstag Beschr\u00e4nkungen f\u00fcr den Import einiger Waren aus der Ukraine bis Ende Juni angek\u00fcndigt. Unter das Verbot fallen Getreide, Zucker, Obst, [&hellip;]\" \/>\n<meta property=\"og:url\" content=\"https:\/\/now-news.de\/de\/deutschland\/eu-kritisiert-einfuhrverbot-fuer-ukrainisches-getreide-in-ungarn-und-polen\/\" \/>\n<meta property=\"og:site_name\" content=\"just-now.NEWS Deutschland\" \/>\n<meta property=\"article:publisher\" content=\"https:\/\/www.facebook.com\/wirmachenauf\" \/>\n<meta property=\"article:published_time\" content=\"2023-04-17T16:50:37+00:00\" \/>\n<meta property=\"og:image\" content=\"https:\/\/now-news.de\/de\/wp-content\/uploads\/sites\/3\/2023\/04\/EU-kritisiert-Einfuhrverbot-fuer-ukrainisches-Getreide-in-Ungarn-und-Polen.jpg\" \/>\n\t<meta property=\"og:image:width\" content=\"460\" \/>\n\t<meta property=\"og:image:height\" content=\"259\" \/>\n\t<meta property=\"og:image:type\" content=\"image\/jpeg\" \/>\n<meta name=\"author\" content=\"rtnews\" \/>\n<meta name=\"twitter:card\" content=\"summary_large_image\" \/>\n<meta name=\"twitter:creator\" content=\"@WirMachenAuf_de\" \/>\n<meta name=\"twitter:site\" content=\"@WirMachenAuf_de\" \/>\n<meta name=\"twitter:label1\" content=\"Verfasst von\" \/>\n\t<meta name=\"twitter:data1\" content=\"rtnews\" \/>\n\t<meta name=\"twitter:label2\" content=\"Gesch\u00e4tzte Lesezeit\" \/>\n\t<meta name=\"twitter:data2\" content=\"3\u00a0Minuten\" \/>\n<script type=\"application\/ld+json\" class=\"yoast-schema-graph\">{\"@context\":\"https:\/\/schema.org\",\"@graph\":[{\"@type\":\"Article\",\"@id\":\"https:\/\/now-news.de\/de\/deutschland\/eu-kritisiert-einfuhrverbot-fuer-ukrainisches-getreide-in-ungarn-und-polen\/#article\",\"isPartOf\":{\"@id\":\"https:\/\/now-news.de\/de\/deutschland\/eu-kritisiert-einfuhrverbot-fuer-ukrainisches-getreide-in-ungarn-und-polen\/\"},\"author\":{\"name\":\"rtnews\",\"@id\":\"https:\/\/now-news.de\/de\/#\/schema\/person\/fb534a4e865501d8b3285208df34a9b5\"},\"headline\":\"EU kritisiert Einfuhrverbot f\u00fcr ukrainisches Getreide in Ungarn und Polen\",\"datePublished\":\"2023-04-17T16:50:37+00:00\",\"dateModified\":\"2023-04-17T16:50:37+00:00\",\"mainEntityOfPage\":{\"@id\":\"https:\/\/now-news.de\/de\/deutschland\/eu-kritisiert-einfuhrverbot-fuer-ukrainisches-getreide-in-ungarn-und-polen\/\"},\"wordCount\":616,\"commentCount\":0,\"publisher\":{\"@id\":\"https:\/\/now-news.de\/de\/#organization\"},\"image\":{\"@id\":\"https:\/\/now-news.de\/de\/deutschland\/eu-kritisiert-einfuhrverbot-fuer-ukrainisches-getreide-in-ungarn-und-polen\/#primaryimage\"},\"thumbnailUrl\":\"https:\/\/now-news.de\/de\/wp-content\/uploads\/sites\/3\/2023\/04\/EU-kritisiert-Einfuhrverbot-fuer-ukrainisches-Getreide-in-Ungarn-und-Polen.jpg\",\"keywords\":[\"Einfuhrverbot\",\"f\u00fcr\",\"Getreide\",\"kritisiert\",\"Polen\",\"Ukrainisches\",\"und\",\"Ungarn\"],\"articleSection\":[\"Deutschland\",\"Russland\"],\"inLanguage\":\"de\",\"potentialAction\":[{\"@type\":\"CommentAction\",\"name\":\"Comment\",\"target\":[\"https:\/\/now-news.de\/de\/deutschland\/eu-kritisiert-einfuhrverbot-fuer-ukrainisches-getreide-in-ungarn-und-polen\/#respond\"]}]},{\"@type\":\"WebPage\",\"@id\":\"https:\/\/now-news.de\/de\/deutschland\/eu-kritisiert-einfuhrverbot-fuer-ukrainisches-getreide-in-ungarn-und-polen\/\",\"url\":\"https:\/\/now-news.de\/de\/deutschland\/eu-kritisiert-einfuhrverbot-fuer-ukrainisches-getreide-in-ungarn-und-polen\/\",\"name\":\"EU kritisiert Einfuhrverbot f\u00fcr ukrainisches Getreide in Ungarn und Polen - just-now.NEWS Deutschland\",\"isPartOf\":{\"@id\":\"https:\/\/now-news.de\/de\/#website\"},\"primaryImageOfPage\":{\"@id\":\"https:\/\/now-news.de\/de\/deutschland\/eu-kritisiert-einfuhrverbot-fuer-ukrainisches-getreide-in-ungarn-und-polen\/#primaryimage\"},\"image\":{\"@id\":\"https:\/\/now-news.de\/de\/deutschland\/eu-kritisiert-einfuhrverbot-fuer-ukrainisches-getreide-in-ungarn-und-polen\/#primaryimage\"},\"thumbnailUrl\":\"https:\/\/now-news.de\/de\/wp-content\/uploads\/sites\/3\/2023\/04\/EU-kritisiert-Einfuhrverbot-fuer-ukrainisches-Getreide-in-Ungarn-und-Polen.jpg\",\"datePublished\":\"2023-04-17T16:50:37+00:00\",\"dateModified\":\"2023-04-17T16:50:37+00:00\",\"breadcrumb\":{\"@id\":\"https:\/\/now-news.de\/de\/deutschland\/eu-kritisiert-einfuhrverbot-fuer-ukrainisches-getreide-in-ungarn-und-polen\/#breadcrumb\"},\"inLanguage\":\"de\",\"potentialAction\":[{\"@type\":\"ReadAction\",\"target\":[\"https:\/\/now-news.de\/de\/deutschland\/eu-kritisiert-einfuhrverbot-fuer-ukrainisches-getreide-in-ungarn-und-polen\/\"]}]},{\"@type\":\"ImageObject\",\"inLanguage\":\"de\",\"@id\":\"https:\/\/now-news.de\/de\/deutschland\/eu-kritisiert-einfuhrverbot-fuer-ukrainisches-getreide-in-ungarn-und-polen\/#primaryimage\",\"url\":\"https:\/\/now-news.de\/de\/wp-content\/uploads\/sites\/3\/2023\/04\/EU-kritisiert-Einfuhrverbot-fuer-ukrainisches-Getreide-in-Ungarn-und-Polen.jpg\",\"contentUrl\":\"https:\/\/now-news.de\/de\/wp-content\/uploads\/sites\/3\/2023\/04\/EU-kritisiert-Einfuhrverbot-fuer-ukrainisches-Getreide-in-Ungarn-und-Polen.jpg\",\"width\":460,\"height\":259,\"caption\":\"EU kritisiert Einfuhrverbot f\u00fcr ukrainisches Getreide in Ungarn und Polen\"},{\"@type\":\"BreadcrumbList\",\"@id\":\"https:\/\/now-news.de\/de\/deutschland\/eu-kritisiert-einfuhrverbot-fuer-ukrainisches-getreide-in-ungarn-und-polen\/#breadcrumb\",\"itemListElement\":[{\"@type\":\"ListItem\",\"position\":1,\"name\":\"Home\",\"item\":\"https:\/\/now-news.de\/de\/\"},{\"@type\":\"ListItem\",\"position\":2,\"name\":\"EU kritisiert Einfuhrverbot f\u00fcr ukrainisches Getreide in Ungarn und Polen\"}]},{\"@type\":\"WebSite\",\"@id\":\"https:\/\/now-news.de\/de\/#website\",\"url\":\"https:\/\/now-news.de\/de\/\",\"name\":\"just-now.NEWS Deutschland\",\"description\":\"Das Portal f\u00fcr unzensierte Nachrichten aus der Welt\",\"publisher\":{\"@id\":\"https:\/\/now-news.de\/de\/#organization\"},\"potentialAction\":[{\"@type\":\"SearchAction\",\"target\":{\"@type\":\"EntryPoint\",\"urlTemplate\":\"https:\/\/now-news.de\/de\/?s={search_term_string}\"},\"query-input\":\"required name=search_term_string\"}],\"inLanguage\":\"de\"},{\"@type\":\"Organization\",\"@id\":\"https:\/\/now-news.de\/de\/#organization\",\"name\":\"Just Now News\",\"url\":\"https:\/\/now-news.de\/de\/\",\"logo\":{\"@type\":\"ImageObject\",\"inLanguage\":\"de\",\"@id\":\"https:\/\/now-news.de\/de\/#\/schema\/logo\/image\/\",\"url\":\"http:\/\/just-now.news\/de\/wp-content\/uploads\/sites\/3\/2022\/04\/logo500x500.jpg\",\"contentUrl\":\"http:\/\/just-now.news\/de\/wp-content\/uploads\/sites\/3\/2022\/04\/logo500x500.jpg\",\"width\":500,\"height\":500,\"caption\":\"Just Now News\"},\"image\":{\"@id\":\"https:\/\/now-news.de\/de\/#\/schema\/logo\/image\/\"},\"sameAs\":[\"https:\/\/www.facebook.com\/wirmachenauf\",\"https:\/\/x.com\/WirMachenAuf_de\"]},{\"@type\":\"Person\",\"@id\":\"https:\/\/now-news.de\/de\/#\/schema\/person\/fb534a4e865501d8b3285208df34a9b5\",\"name\":\"rtnews\",\"image\":{\"@type\":\"ImageObject\",\"inLanguage\":\"de\",\"@id\":\"https:\/\/now-news.de\/de\/#\/schema\/person\/image\/\",\"url\":\"https:\/\/secure.gravatar.com\/avatar\/82aafea7d8127119dd649515f56e2117?s=96&d=mm&r=g\",\"contentUrl\":\"https:\/\/secure.gravatar.com\/avatar\/82aafea7d8127119dd649515f56e2117?s=96&d=mm&r=g\",\"caption\":\"rtnews\"},\"url\":\"https:\/\/now-news.de\/de\/author\/rnews\/\"}]}<\/script>\n<!-- \/ Yoast SEO Premium plugin. -->","yoast_head_json":{"title":"EU kritisiert Einfuhrverbot f\u00fcr ukrainisches Getreide in Ungarn und Polen - just-now.NEWS Deutschland","robots":{"index":"index","follow":"follow","max-snippet":"max-snippet:-1","max-image-preview":"max-image-preview:large","max-video-preview":"max-video-preview:-1"},"canonical":"https:\/\/now-news.de\/de\/deutschland\/eu-kritisiert-einfuhrverbot-fuer-ukrainisches-getreide-in-ungarn-und-polen\/","og_locale":"de_DE","og_type":"article","og_title":"EU kritisiert Einfuhrverbot f\u00fcr ukrainisches Getreide in Ungarn und Polen","og_description":"Polen und Ungarn haben beschlossen, die Einfuhr von Getreide aus der Ukraine vor\u00fcbergehend zu verbieten, um den eigenen Agrarsektor zu sch\u00fctzen. Die Europ\u00e4ische Kommission kritisiert diesen Schritt als inakzeptabel. Die polnische Regierung hat am Samstag Beschr\u00e4nkungen f\u00fcr den Import einiger Waren aus der Ukraine bis Ende Juni angek\u00fcndigt. Unter das Verbot fallen Getreide, Zucker, Obst, [&hellip;]","og_url":"https:\/\/now-news.de\/de\/deutschland\/eu-kritisiert-einfuhrverbot-fuer-ukrainisches-getreide-in-ungarn-und-polen\/","og_site_name":"just-now.NEWS Deutschland","article_publisher":"https:\/\/www.facebook.com\/wirmachenauf","article_published_time":"2023-04-17T16:50:37+00:00","og_image":[{"width":460,"height":259,"url":"https:\/\/now-news.de\/de\/wp-content\/uploads\/sites\/3\/2023\/04\/EU-kritisiert-Einfuhrverbot-fuer-ukrainisches-Getreide-in-Ungarn-und-Polen.jpg","type":"image\/jpeg"}],"author":"rtnews","twitter_card":"summary_large_image","twitter_creator":"@WirMachenAuf_de","twitter_site":"@WirMachenAuf_de","twitter_misc":{"Verfasst von":"rtnews","Gesch\u00e4tzte Lesezeit":"3\u00a0Minuten"},"schema":{"@context":"https:\/\/schema.org","@graph":[{"@type":"Article","@id":"https:\/\/now-news.de\/de\/deutschland\/eu-kritisiert-einfuhrverbot-fuer-ukrainisches-getreide-in-ungarn-und-polen\/#article","isPartOf":{"@id":"https:\/\/now-news.de\/de\/deutschland\/eu-kritisiert-einfuhrverbot-fuer-ukrainisches-getreide-in-ungarn-und-polen\/"},"author":{"name":"rtnews","@id":"https:\/\/now-news.de\/de\/#\/schema\/person\/fb534a4e865501d8b3285208df34a9b5"},"headline":"EU kritisiert Einfuhrverbot f\u00fcr ukrainisches Getreide in Ungarn und Polen","datePublished":"2023-04-17T16:50:37+00:00","dateModified":"2023-04-17T16:50:37+00:00","mainEntityOfPage":{"@id":"https:\/\/now-news.de\/de\/deutschland\/eu-kritisiert-einfuhrverbot-fuer-ukrainisches-getreide-in-ungarn-und-polen\/"},"wordCount":616,"commentCount":0,"publisher":{"@id":"https:\/\/now-news.de\/de\/#organization"},"image":{"@id":"https:\/\/now-news.de\/de\/deutschland\/eu-kritisiert-einfuhrverbot-fuer-ukrainisches-getreide-in-ungarn-und-polen\/#primaryimage"},"thumbnailUrl":"https:\/\/now-news.de\/de\/wp-content\/uploads\/sites\/3\/2023\/04\/EU-kritisiert-Einfuhrverbot-fuer-ukrainisches-Getreide-in-Ungarn-und-Polen.jpg","keywords":["Einfuhrverbot","f\u00fcr","Getreide","kritisiert","Polen","Ukrainisches","und","Ungarn"],"articleSection":["Deutschland","Russland"],"inLanguage":"de","potentialAction":[{"@type":"CommentAction","name":"Comment","target":["https:\/\/now-news.de\/de\/deutschland\/eu-kritisiert-einfuhrverbot-fuer-ukrainisches-getreide-in-ungarn-und-polen\/#respond"]}]},{"@type":"WebPage","@id":"https:\/\/now-news.de\/de\/deutschland\/eu-kritisiert-einfuhrverbot-fuer-ukrainisches-getreide-in-ungarn-und-polen\/","url":"https:\/\/now-news.de\/de\/deutschland\/eu-kritisiert-einfuhrverbot-fuer-ukrainisches-getreide-in-ungarn-und-polen\/","name":"EU kritisiert Einfuhrverbot f\u00fcr ukrainisches Getreide in Ungarn und Polen - just-now.NEWS Deutschland","isPartOf":{"@id":"https:\/\/now-news.de\/de\/#website"},"primaryImageOfPage":{"@id":"https:\/\/now-news.de\/de\/deutschland\/eu-kritisiert-einfuhrverbot-fuer-ukrainisches-getreide-in-ungarn-und-polen\/#primaryimage"},"image":{"@id":"https:\/\/now-news.de\/de\/deutschland\/eu-kritisiert-einfuhrverbot-fuer-ukrainisches-getreide-in-ungarn-und-polen\/#primaryimage"},"thumbnailUrl":"https:\/\/now-news.de\/de\/wp-content\/uploads\/sites\/3\/2023\/04\/EU-kritisiert-Einfuhrverbot-fuer-ukrainisches-Getreide-in-Ungarn-und-Polen.jpg","datePublished":"2023-04-17T16:50:37+00:00","dateModified":"2023-04-17T16:50:37+00:00","breadcrumb":{"@id":"https:\/\/now-news.de\/de\/deutschland\/eu-kritisiert-einfuhrverbot-fuer-ukrainisches-getreide-in-ungarn-und-polen\/#breadcrumb"},"inLanguage":"de","potentialAction":[{"@type":"ReadAction","target":["https:\/\/now-news.de\/de\/deutschland\/eu-kritisiert-einfuhrverbot-fuer-ukrainisches-getreide-in-ungarn-und-polen\/"]}]},{"@type":"ImageObject","inLanguage":"de","@id":"https:\/\/now-news.de\/de\/deutschland\/eu-kritisiert-einfuhrverbot-fuer-ukrainisches-getreide-in-ungarn-und-polen\/#primaryimage","url":"https:\/\/now-news.de\/de\/wp-content\/uploads\/sites\/3\/2023\/04\/EU-kritisiert-Einfuhrverbot-fuer-ukrainisches-Getreide-in-Ungarn-und-Polen.jpg","contentUrl":"https:\/\/now-news.de\/de\/wp-content\/uploads\/sites\/3\/2023\/04\/EU-kritisiert-Einfuhrverbot-fuer-ukrainisches-Getreide-in-Ungarn-und-Polen.jpg","width":460,"height":259,"caption":"EU kritisiert Einfuhrverbot f\u00fcr ukrainisches Getreide in Ungarn und Polen"},{"@type":"BreadcrumbList","@id":"https:\/\/now-news.de\/de\/deutschland\/eu-kritisiert-einfuhrverbot-fuer-ukrainisches-getreide-in-ungarn-und-polen\/#breadcrumb","itemListElement":[{"@type":"ListItem","position":1,"name":"Home","item":"https:\/\/now-news.de\/de\/"},{"@type":"ListItem","position":2,"name":"EU kritisiert Einfuhrverbot f\u00fcr ukrainisches Getreide in Ungarn und Polen"}]},{"@type":"WebSite","@id":"https:\/\/now-news.de\/de\/#website","url":"https:\/\/now-news.de\/de\/","name":"just-now.NEWS Deutschland","description":"Das Portal f\u00fcr unzensierte Nachrichten aus der Welt","publisher":{"@id":"https:\/\/now-news.de\/de\/#organization"},"potentialAction":[{"@type":"SearchAction","target":{"@type":"EntryPoint","urlTemplate":"https:\/\/now-news.de\/de\/?s={search_term_string}"},"query-input":"required name=search_term_string"}],"inLanguage":"de"},{"@type":"Organization","@id":"https:\/\/now-news.de\/de\/#organization","name":"Just Now News","url":"https:\/\/now-news.de\/de\/","logo":{"@type":"ImageObject","inLanguage":"de","@id":"https:\/\/now-news.de\/de\/#\/schema\/logo\/image\/","url":"http:\/\/just-now.news\/de\/wp-content\/uploads\/sites\/3\/2022\/04\/logo500x500.jpg","contentUrl":"http:\/\/just-now.news\/de\/wp-content\/uploads\/sites\/3\/2022\/04\/logo500x500.jpg","width":500,"height":500,"caption":"Just Now News"},"image":{"@id":"https:\/\/now-news.de\/de\/#\/schema\/logo\/image\/"},"sameAs":["https:\/\/www.facebook.com\/wirmachenauf","https:\/\/x.com\/WirMachenAuf_de"]},{"@type":"Person","@id":"https:\/\/now-news.de\/de\/#\/schema\/person\/fb534a4e865501d8b3285208df34a9b5","name":"rtnews","image":{"@type":"ImageObject","inLanguage":"de","@id":"https:\/\/now-news.de\/de\/#\/schema\/person\/image\/","url":"https:\/\/secure.gravatar.com\/avatar\/82aafea7d8127119dd649515f56e2117?s=96&d=mm&r=g","contentUrl":"https:\/\/secure.gravatar.com\/avatar\/82aafea7d8127119dd649515f56e2117?s=96&d=mm&r=g","caption":"rtnews"},"url":"https:\/\/now-news.de\/de\/author\/rnews\/"}]}},"_links":{"self":[{"href":"https:\/\/now-news.de\/de\/wp-json\/wp\/v2\/posts\/34249"}],"collection":[{"href":"https:\/\/now-news.de\/de\/wp-json\/wp\/v2\/posts"}],"about":[{"href":"https:\/\/now-news.de\/de\/wp-json\/wp\/v2\/types\/post"}],"author":[{"embeddable":true,"href":"https:\/\/now-news.de\/de\/wp-json\/wp\/v2\/users\/3"}],"replies":[{"embeddable":true,"href":"https:\/\/now-news.de\/de\/wp-json\/wp\/v2\/comments?post=34249"}],"version-history":[{"count":0,"href":"https:\/\/now-news.de\/de\/wp-json\/wp\/v2\/posts\/34249\/revisions"}],"wp:featuredmedia":[{"embeddable":true,"href":"https:\/\/now-news.de\/de\/wp-json\/wp\/v2\/media\/34250"}],"wp:attachment":[{"href":"https:\/\/now-news.de\/de\/wp-json\/wp\/v2\/media?parent=34249"}],"wp:term":[{"taxonomy":"category","embeddable":true,"href":"https:\/\/now-news.de\/de\/wp-json\/wp\/v2\/categories?post=34249"},{"taxonomy":"post_tag","embeddable":true,"href":"https:\/\/now-news.de\/de\/wp-json\/wp\/v2\/tags?post=34249"}],"curies":[{"name":"wp","href":"https:\/\/api.w.org\/{rel}","templated":true}]}}