{"id":34238,"date":"2023-04-17T15:11:16","date_gmt":"2023-04-17T13:11:16","guid":{"rendered":"https:\/\/just-now.news\/de\/deutschland\/iran-laedt-saudischen-koenig-nach-teheran-ein\/"},"modified":"2023-04-17T15:11:16","modified_gmt":"2023-04-17T13:11:16","slug":"iran-laedt-saudischen-koenig-nach-teheran-ein","status":"publish","type":"post","link":"https:\/\/now-news.de\/de\/deutschland\/iran-laedt-saudischen-koenig-nach-teheran-ein\/","title":{"rendered":"Iran l\u00e4dt saudischen K\u00f6nig nach Teheran ein"},"content":{"rendered":"<p><img decoding=\"async\" src=\"http:\/\/just-now.news\/de\/wp-content\/uploads\/sites\/3\/2023\/04\/643d3389b480cc683f3a6cb2.jpg\" \/><\/p>\n<div class=\"Text-root Text-type_1 \">\n                Eine \u00fcberraschende Einladung aus Teheran: Das iranische Au\u00dfenministerium best\u00e4tigte eine Einladung des Iran an den K\u00f6nig Saudi-Arabiens, Salman ibn Abd al-Aziz. Zudem bereiten Delegationen beider L\u00e4nder sich auf die offizielle Wiederer\u00f6ffnung ihrer Vertretungen vor.\n            <\/div>\n<p><\/p>\n<div class=\"Text-root Text-type_5 ArticleView-text ViewText-root \">\n<p>Der Iran hat den K\u00f6nig Saudi-Arabiens, Salman ibn Abd al-Aziz offiziell zu einem Besuch eingeladen, wie ein Sprecher des iranischen Au\u00dfenministeriums am Montag mitteilte. Die Einladung erfolgte, nachdem sich die beiden regionalen Rivalen nach einer von China vermittelten Vereinbarung im M\u00e4rz darauf geeinigt hatten, ihre jahrelange Feindschaft zu beenden.<\/p>\n<p>Die bisher schlechten Beziehungen f\u00fchrten zu Stellvertreterkonflikten im gesamten Nahen Osten, wo Teheran und Riad vom Jemen bis Syrien gegens\u00e4tzliche Seiten unterst\u00fctzten. Nun einigten sich der schiitisch-revolution\u00e4re Iran und das sunnitisch gef\u00fchrte K\u00f6nigreich darauf, die siebenj\u00e4hrige diplomatische Auszeit zu beenden.<\/p>\n<p>&#8220;Der iranische Pr\u00e4sident hat eine Einladung an den saudischen K\u00f6nig ausgesprochen, und im Gegenzug hat Riad ihn eingeladen&#8221;, sagte Nasser Kanaani, der Sprecher des iranischen Au\u00dfenministeriums, auf einer im Fernsehen \u00fcbertragenen Pressekonferenz.<\/p>\n<p>Delegationen beider L\u00e4nder bereiten sich zudem auf die offizielle Wiederer\u00f6ffnung ihrer Vertretungen vor. Laut der halbstaatlichen iranischen Nachrichtenagentur\u00a0<em>Tasnim<\/em>\u00a0sollen die Vertretungen ihre Aktivit\u00e4ten bis zum 9. Mai wieder aufnehmen.<\/p>\n<p><strong>Mehr zum Thema<\/strong> \u2013 <a rel=\"nofollow noopener\" target=\"_blank\" href=\"https:\/\/de.rt.com\/kurzclips\/video\/167570-trotz-40-jahren-sanktionen-iran\/\">Trotz 40 Jahren Sanktionen: Iran stellt neue hochmoderne Waffensysteme vor<\/a><\/p>\n<div class=\"EmbedBlock-root EmbedBlock-externalVideo EmbedBlock-odysee\">\n<div class=\"VkEmbed\"><iframe class=\"lazyload\" data-src=\"https:\/\/odysee.com\/%24\/embed\/%40RTDE%3Ae%2FUSA_nutzen_Turbulenzen_in_Afghanistan_um_China_Russland_und_Iran_einzud%C3%A4mmen_und_zu_destabilisieren%3A9\" frameborder=\"0\" width=\"853\" height=\"480\" allowfullscreen><\/iframe><\/div>\n<\/div>\n<\/div>\n<p><br \/>\n<br \/><a href=\"https:\/\/de.rt.com\/international\/167891-iran-laedt-saudischen-koenig-nach-teheran-ein\/\">Source link <\/a><\/p>\n","protected":false},"excerpt":{"rendered":"<p>Eine \u00fcberraschende Einladung aus Teheran: Das iranische Au\u00dfenministerium best\u00e4tigte eine Einladung des Iran an den K\u00f6nig Saudi-Arabiens, Salman ibn Abd al-Aziz. Zudem bereiten Delegationen beider L\u00e4nder sich auf die offizielle Wiederer\u00f6ffnung ihrer Vertretungen vor. Der Iran hat den K\u00f6nig Saudi-Arabiens, Salman ibn Abd al-Aziz offiziell zu einem Besuch eingeladen, wie ein Sprecher des iranischen Au\u00dfenministeriums [&hellip;]<\/p>\n","protected":false},"author":3,"featured_media":34239,"comment_status":"open","ping_status":"open","sticky":false,"template":"","format":"standard","meta":{"_yoast_indexnow_last_ping":["1681737959"],"wp_automatic_camp":["217"],"d5ee73633acd3cb8331d375bb16ec558":["Iran l\u00e4dt saudischen K\u00f6nig nach Teheran ein"],"original_link":["https:\/\/de.rt.com\/international\/167891-iran-laedt-saudischen-koenig-nach-teheran-ein\/"],"_thumbnail_id":["34239"],"_wptgpro_p2tg_sent2tg":["a:1:{i:23737;s:19:\"2023-04-17 15:27:18\";}"],"jnews_social_counter_last_update":["1777163800"]},"categories":[19,23],"tags":[357,1786,21142,19885,979,28128,19900],"yoast_head":"<!-- This site is optimized with the Yoast SEO Premium plugin v22.7 (Yoast SEO v22.7) - https:\/\/yoast.com\/wordpress\/plugins\/seo\/ -->\n<title>Iran l\u00e4dt saudischen K\u00f6nig nach Teheran ein - just-now.NEWS Deutschland<\/title>\n<meta name=\"robots\" content=\"index, follow, max-snippet:-1, max-image-preview:large, max-video-preview:-1\" \/>\n<link rel=\"canonical\" href=\"https:\/\/now-news.de\/de\/deutschland\/iran-laedt-saudischen-koenig-nach-teheran-ein\/\" \/>\n<meta property=\"og:locale\" content=\"de_DE\" \/>\n<meta property=\"og:type\" content=\"article\" \/>\n<meta property=\"og:title\" content=\"Iran l\u00e4dt saudischen K\u00f6nig nach Teheran ein\" \/>\n<meta property=\"og:description\" content=\"Eine \u00fcberraschende Einladung aus Teheran: Das iranische Au\u00dfenministerium best\u00e4tigte eine Einladung des Iran an den K\u00f6nig Saudi-Arabiens, Salman ibn Abd al-Aziz. Zudem bereiten Delegationen beider L\u00e4nder sich auf die offizielle Wiederer\u00f6ffnung ihrer Vertretungen vor. Der Iran hat den K\u00f6nig Saudi-Arabiens, Salman ibn Abd al-Aziz offiziell zu einem Besuch eingeladen, wie ein Sprecher des iranischen Au\u00dfenministeriums [&hellip;]\" \/>\n<meta property=\"og:url\" content=\"https:\/\/now-news.de\/de\/deutschland\/iran-laedt-saudischen-koenig-nach-teheran-ein\/\" \/>\n<meta property=\"og:site_name\" content=\"just-now.NEWS Deutschland\" \/>\n<meta property=\"article:publisher\" content=\"https:\/\/www.facebook.com\/wirmachenauf\" \/>\n<meta property=\"article:published_time\" content=\"2023-04-17T13:11:16+00:00\" \/>\n<meta property=\"og:image\" content=\"https:\/\/now-news.de\/de\/wp-content\/uploads\/sites\/3\/2023\/04\/Iran-laedt-saudischen-Koenig-nach-Teheran-ein.jpg\" \/>\n\t<meta property=\"og:image:width\" content=\"460\" \/>\n\t<meta property=\"og:image:height\" content=\"259\" \/>\n\t<meta property=\"og:image:type\" content=\"image\/jpeg\" \/>\n<meta name=\"author\" content=\"rtnews\" \/>\n<meta name=\"twitter:card\" content=\"summary_large_image\" \/>\n<meta name=\"twitter:creator\" content=\"@WirMachenAuf_de\" \/>\n<meta name=\"twitter:site\" content=\"@WirMachenAuf_de\" \/>\n<meta name=\"twitter:label1\" content=\"Verfasst von\" \/>\n\t<meta name=\"twitter:data1\" content=\"rtnews\" \/>\n\t<meta name=\"twitter:label2\" content=\"Gesch\u00e4tzte Lesezeit\" \/>\n\t<meta name=\"twitter:data2\" content=\"1\u00a0Minute\" \/>\n<script type=\"application\/ld+json\" class=\"yoast-schema-graph\">{\"@context\":\"https:\/\/schema.org\",\"@graph\":[{\"@type\":\"Article\",\"@id\":\"https:\/\/now-news.de\/de\/deutschland\/iran-laedt-saudischen-koenig-nach-teheran-ein\/#article\",\"isPartOf\":{\"@id\":\"https:\/\/now-news.de\/de\/deutschland\/iran-laedt-saudischen-koenig-nach-teheran-ein\/\"},\"author\":{\"name\":\"rtnews\",\"@id\":\"https:\/\/now-news.de\/de\/#\/schema\/person\/fb534a4e865501d8b3285208df34a9b5\"},\"headline\":\"Iran l\u00e4dt saudischen K\u00f6nig nach Teheran ein\",\"datePublished\":\"2023-04-17T13:11:16+00:00\",\"dateModified\":\"2023-04-17T13:11:16+00:00\",\"mainEntityOfPage\":{\"@id\":\"https:\/\/now-news.de\/de\/deutschland\/iran-laedt-saudischen-koenig-nach-teheran-ein\/\"},\"wordCount\":229,\"commentCount\":0,\"publisher\":{\"@id\":\"https:\/\/now-news.de\/de\/#organization\"},\"image\":{\"@id\":\"https:\/\/now-news.de\/de\/deutschland\/iran-laedt-saudischen-koenig-nach-teheran-ein\/#primaryimage\"},\"thumbnailUrl\":\"https:\/\/now-news.de\/de\/wp-content\/uploads\/sites\/3\/2023\/04\/Iran-laedt-saudischen-Koenig-nach-Teheran-ein.jpg\",\"keywords\":[\"ein\",\"Iran\",\"K\u00f6nig\",\"l\u00e4dt\",\"nach\",\"saudischen\",\"Teheran\"],\"articleSection\":[\"Deutschland\",\"Russland\"],\"inLanguage\":\"de\",\"potentialAction\":[{\"@type\":\"CommentAction\",\"name\":\"Comment\",\"target\":[\"https:\/\/now-news.de\/de\/deutschland\/iran-laedt-saudischen-koenig-nach-teheran-ein\/#respond\"]}]},{\"@type\":\"WebPage\",\"@id\":\"https:\/\/now-news.de\/de\/deutschland\/iran-laedt-saudischen-koenig-nach-teheran-ein\/\",\"url\":\"https:\/\/now-news.de\/de\/deutschland\/iran-laedt-saudischen-koenig-nach-teheran-ein\/\",\"name\":\"Iran l\u00e4dt saudischen K\u00f6nig nach Teheran ein - just-now.NEWS Deutschland\",\"isPartOf\":{\"@id\":\"https:\/\/now-news.de\/de\/#website\"},\"primaryImageOfPage\":{\"@id\":\"https:\/\/now-news.de\/de\/deutschland\/iran-laedt-saudischen-koenig-nach-teheran-ein\/#primaryimage\"},\"image\":{\"@id\":\"https:\/\/now-news.de\/de\/deutschland\/iran-laedt-saudischen-koenig-nach-teheran-ein\/#primaryimage\"},\"thumbnailUrl\":\"https:\/\/now-news.de\/de\/wp-content\/uploads\/sites\/3\/2023\/04\/Iran-laedt-saudischen-Koenig-nach-Teheran-ein.jpg\",\"datePublished\":\"2023-04-17T13:11:16+00:00\",\"dateModified\":\"2023-04-17T13:11:16+00:00\",\"breadcrumb\":{\"@id\":\"https:\/\/now-news.de\/de\/deutschland\/iran-laedt-saudischen-koenig-nach-teheran-ein\/#breadcrumb\"},\"inLanguage\":\"de\",\"potentialAction\":[{\"@type\":\"ReadAction\",\"target\":[\"https:\/\/now-news.de\/de\/deutschland\/iran-laedt-saudischen-koenig-nach-teheran-ein\/\"]}]},{\"@type\":\"ImageObject\",\"inLanguage\":\"de\",\"@id\":\"https:\/\/now-news.de\/de\/deutschland\/iran-laedt-saudischen-koenig-nach-teheran-ein\/#primaryimage\",\"url\":\"https:\/\/now-news.de\/de\/wp-content\/uploads\/sites\/3\/2023\/04\/Iran-laedt-saudischen-Koenig-nach-Teheran-ein.jpg\",\"contentUrl\":\"https:\/\/now-news.de\/de\/wp-content\/uploads\/sites\/3\/2023\/04\/Iran-laedt-saudischen-Koenig-nach-Teheran-ein.jpg\",\"width\":460,\"height\":259,\"caption\":\"Iran l\u00e4dt saudischen K\u00f6nig nach Teheran ein\"},{\"@type\":\"BreadcrumbList\",\"@id\":\"https:\/\/now-news.de\/de\/deutschland\/iran-laedt-saudischen-koenig-nach-teheran-ein\/#breadcrumb\",\"itemListElement\":[{\"@type\":\"ListItem\",\"position\":1,\"name\":\"Home\",\"item\":\"https:\/\/now-news.de\/de\/\"},{\"@type\":\"ListItem\",\"position\":2,\"name\":\"Iran l\u00e4dt saudischen K\u00f6nig nach Teheran ein\"}]},{\"@type\":\"WebSite\",\"@id\":\"https:\/\/now-news.de\/de\/#website\",\"url\":\"https:\/\/now-news.de\/de\/\",\"name\":\"just-now.NEWS Deutschland\",\"description\":\"Das Portal f\u00fcr unzensierte Nachrichten aus der Welt\",\"publisher\":{\"@id\":\"https:\/\/now-news.de\/de\/#organization\"},\"potentialAction\":[{\"@type\":\"SearchAction\",\"target\":{\"@type\":\"EntryPoint\",\"urlTemplate\":\"https:\/\/now-news.de\/de\/?s={search_term_string}\"},\"query-input\":\"required name=search_term_string\"}],\"inLanguage\":\"de\"},{\"@type\":\"Organization\",\"@id\":\"https:\/\/now-news.de\/de\/#organization\",\"name\":\"Just Now News\",\"url\":\"https:\/\/now-news.de\/de\/\",\"logo\":{\"@type\":\"ImageObject\",\"inLanguage\":\"de\",\"@id\":\"https:\/\/now-news.de\/de\/#\/schema\/logo\/image\/\",\"url\":\"http:\/\/just-now.news\/de\/wp-content\/uploads\/sites\/3\/2022\/04\/logo500x500.jpg\",\"contentUrl\":\"http:\/\/just-now.news\/de\/wp-content\/uploads\/sites\/3\/2022\/04\/logo500x500.jpg\",\"width\":500,\"height\":500,\"caption\":\"Just Now News\"},\"image\":{\"@id\":\"https:\/\/now-news.de\/de\/#\/schema\/logo\/image\/\"},\"sameAs\":[\"https:\/\/www.facebook.com\/wirmachenauf\",\"https:\/\/x.com\/WirMachenAuf_de\"]},{\"@type\":\"Person\",\"@id\":\"https:\/\/now-news.de\/de\/#\/schema\/person\/fb534a4e865501d8b3285208df34a9b5\",\"name\":\"rtnews\",\"image\":{\"@type\":\"ImageObject\",\"inLanguage\":\"de\",\"@id\":\"https:\/\/now-news.de\/de\/#\/schema\/person\/image\/\",\"url\":\"https:\/\/secure.gravatar.com\/avatar\/82aafea7d8127119dd649515f56e2117?s=96&d=mm&r=g\",\"contentUrl\":\"https:\/\/secure.gravatar.com\/avatar\/82aafea7d8127119dd649515f56e2117?s=96&d=mm&r=g\",\"caption\":\"rtnews\"},\"url\":\"https:\/\/now-news.de\/de\/author\/rnews\/\"}]}<\/script>\n<!-- \/ Yoast SEO Premium plugin. -->","yoast_head_json":{"title":"Iran l\u00e4dt saudischen K\u00f6nig nach Teheran ein - just-now.NEWS Deutschland","robots":{"index":"index","follow":"follow","max-snippet":"max-snippet:-1","max-image-preview":"max-image-preview:large","max-video-preview":"max-video-preview:-1"},"canonical":"https:\/\/now-news.de\/de\/deutschland\/iran-laedt-saudischen-koenig-nach-teheran-ein\/","og_locale":"de_DE","og_type":"article","og_title":"Iran l\u00e4dt saudischen K\u00f6nig nach Teheran ein","og_description":"Eine \u00fcberraschende Einladung aus Teheran: Das iranische Au\u00dfenministerium best\u00e4tigte eine Einladung des Iran an den K\u00f6nig Saudi-Arabiens, Salman ibn Abd al-Aziz. Zudem bereiten Delegationen beider L\u00e4nder sich auf die offizielle Wiederer\u00f6ffnung ihrer Vertretungen vor. Der Iran hat den K\u00f6nig Saudi-Arabiens, Salman ibn Abd al-Aziz offiziell zu einem Besuch eingeladen, wie ein Sprecher des iranischen Au\u00dfenministeriums [&hellip;]","og_url":"https:\/\/now-news.de\/de\/deutschland\/iran-laedt-saudischen-koenig-nach-teheran-ein\/","og_site_name":"just-now.NEWS Deutschland","article_publisher":"https:\/\/www.facebook.com\/wirmachenauf","article_published_time":"2023-04-17T13:11:16+00:00","og_image":[{"width":460,"height":259,"url":"https:\/\/now-news.de\/de\/wp-content\/uploads\/sites\/3\/2023\/04\/Iran-laedt-saudischen-Koenig-nach-Teheran-ein.jpg","type":"image\/jpeg"}],"author":"rtnews","twitter_card":"summary_large_image","twitter_creator":"@WirMachenAuf_de","twitter_site":"@WirMachenAuf_de","twitter_misc":{"Verfasst von":"rtnews","Gesch\u00e4tzte Lesezeit":"1\u00a0Minute"},"schema":{"@context":"https:\/\/schema.org","@graph":[{"@type":"Article","@id":"https:\/\/now-news.de\/de\/deutschland\/iran-laedt-saudischen-koenig-nach-teheran-ein\/#article","isPartOf":{"@id":"https:\/\/now-news.de\/de\/deutschland\/iran-laedt-saudischen-koenig-nach-teheran-ein\/"},"author":{"name":"rtnews","@id":"https:\/\/now-news.de\/de\/#\/schema\/person\/fb534a4e865501d8b3285208df34a9b5"},"headline":"Iran l\u00e4dt saudischen K\u00f6nig nach Teheran ein","datePublished":"2023-04-17T13:11:16+00:00","dateModified":"2023-04-17T13:11:16+00:00","mainEntityOfPage":{"@id":"https:\/\/now-news.de\/de\/deutschland\/iran-laedt-saudischen-koenig-nach-teheran-ein\/"},"wordCount":229,"commentCount":0,"publisher":{"@id":"https:\/\/now-news.de\/de\/#organization"},"image":{"@id":"https:\/\/now-news.de\/de\/deutschland\/iran-laedt-saudischen-koenig-nach-teheran-ein\/#primaryimage"},"thumbnailUrl":"https:\/\/now-news.de\/de\/wp-content\/uploads\/sites\/3\/2023\/04\/Iran-laedt-saudischen-Koenig-nach-Teheran-ein.jpg","keywords":["ein","Iran","K\u00f6nig","l\u00e4dt","nach","saudischen","Teheran"],"articleSection":["Deutschland","Russland"],"inLanguage":"de","potentialAction":[{"@type":"CommentAction","name":"Comment","target":["https:\/\/now-news.de\/de\/deutschland\/iran-laedt-saudischen-koenig-nach-teheran-ein\/#respond"]}]},{"@type":"WebPage","@id":"https:\/\/now-news.de\/de\/deutschland\/iran-laedt-saudischen-koenig-nach-teheran-ein\/","url":"https:\/\/now-news.de\/de\/deutschland\/iran-laedt-saudischen-koenig-nach-teheran-ein\/","name":"Iran l\u00e4dt saudischen K\u00f6nig nach Teheran ein - just-now.NEWS Deutschland","isPartOf":{"@id":"https:\/\/now-news.de\/de\/#website"},"primaryImageOfPage":{"@id":"https:\/\/now-news.de\/de\/deutschland\/iran-laedt-saudischen-koenig-nach-teheran-ein\/#primaryimage"},"image":{"@id":"https:\/\/now-news.de\/de\/deutschland\/iran-laedt-saudischen-koenig-nach-teheran-ein\/#primaryimage"},"thumbnailUrl":"https:\/\/now-news.de\/de\/wp-content\/uploads\/sites\/3\/2023\/04\/Iran-laedt-saudischen-Koenig-nach-Teheran-ein.jpg","datePublished":"2023-04-17T13:11:16+00:00","dateModified":"2023-04-17T13:11:16+00:00","breadcrumb":{"@id":"https:\/\/now-news.de\/de\/deutschland\/iran-laedt-saudischen-koenig-nach-teheran-ein\/#breadcrumb"},"inLanguage":"de","potentialAction":[{"@type":"ReadAction","target":["https:\/\/now-news.de\/de\/deutschland\/iran-laedt-saudischen-koenig-nach-teheran-ein\/"]}]},{"@type":"ImageObject","inLanguage":"de","@id":"https:\/\/now-news.de\/de\/deutschland\/iran-laedt-saudischen-koenig-nach-teheran-ein\/#primaryimage","url":"https:\/\/now-news.de\/de\/wp-content\/uploads\/sites\/3\/2023\/04\/Iran-laedt-saudischen-Koenig-nach-Teheran-ein.jpg","contentUrl":"https:\/\/now-news.de\/de\/wp-content\/uploads\/sites\/3\/2023\/04\/Iran-laedt-saudischen-Koenig-nach-Teheran-ein.jpg","width":460,"height":259,"caption":"Iran l\u00e4dt saudischen K\u00f6nig nach Teheran ein"},{"@type":"BreadcrumbList","@id":"https:\/\/now-news.de\/de\/deutschland\/iran-laedt-saudischen-koenig-nach-teheran-ein\/#breadcrumb","itemListElement":[{"@type":"ListItem","position":1,"name":"Home","item":"https:\/\/now-news.de\/de\/"},{"@type":"ListItem","position":2,"name":"Iran l\u00e4dt saudischen K\u00f6nig nach Teheran ein"}]},{"@type":"WebSite","@id":"https:\/\/now-news.de\/de\/#website","url":"https:\/\/now-news.de\/de\/","name":"just-now.NEWS Deutschland","description":"Das Portal f\u00fcr unzensierte Nachrichten aus der Welt","publisher":{"@id":"https:\/\/now-news.de\/de\/#organization"},"potentialAction":[{"@type":"SearchAction","target":{"@type":"EntryPoint","urlTemplate":"https:\/\/now-news.de\/de\/?s={search_term_string}"},"query-input":"required name=search_term_string"}],"inLanguage":"de"},{"@type":"Organization","@id":"https:\/\/now-news.de\/de\/#organization","name":"Just Now News","url":"https:\/\/now-news.de\/de\/","logo":{"@type":"ImageObject","inLanguage":"de","@id":"https:\/\/now-news.de\/de\/#\/schema\/logo\/image\/","url":"http:\/\/just-now.news\/de\/wp-content\/uploads\/sites\/3\/2022\/04\/logo500x500.jpg","contentUrl":"http:\/\/just-now.news\/de\/wp-content\/uploads\/sites\/3\/2022\/04\/logo500x500.jpg","width":500,"height":500,"caption":"Just Now News"},"image":{"@id":"https:\/\/now-news.de\/de\/#\/schema\/logo\/image\/"},"sameAs":["https:\/\/www.facebook.com\/wirmachenauf","https:\/\/x.com\/WirMachenAuf_de"]},{"@type":"Person","@id":"https:\/\/now-news.de\/de\/#\/schema\/person\/fb534a4e865501d8b3285208df34a9b5","name":"rtnews","image":{"@type":"ImageObject","inLanguage":"de","@id":"https:\/\/now-news.de\/de\/#\/schema\/person\/image\/","url":"https:\/\/secure.gravatar.com\/avatar\/82aafea7d8127119dd649515f56e2117?s=96&d=mm&r=g","contentUrl":"https:\/\/secure.gravatar.com\/avatar\/82aafea7d8127119dd649515f56e2117?s=96&d=mm&r=g","caption":"rtnews"},"url":"https:\/\/now-news.de\/de\/author\/rnews\/"}]}},"_links":{"self":[{"href":"https:\/\/now-news.de\/de\/wp-json\/wp\/v2\/posts\/34238"}],"collection":[{"href":"https:\/\/now-news.de\/de\/wp-json\/wp\/v2\/posts"}],"about":[{"href":"https:\/\/now-news.de\/de\/wp-json\/wp\/v2\/types\/post"}],"author":[{"embeddable":true,"href":"https:\/\/now-news.de\/de\/wp-json\/wp\/v2\/users\/3"}],"replies":[{"embeddable":true,"href":"https:\/\/now-news.de\/de\/wp-json\/wp\/v2\/comments?post=34238"}],"version-history":[{"count":0,"href":"https:\/\/now-news.de\/de\/wp-json\/wp\/v2\/posts\/34238\/revisions"}],"wp:featuredmedia":[{"embeddable":true,"href":"https:\/\/now-news.de\/de\/wp-json\/wp\/v2\/media\/34239"}],"wp:attachment":[{"href":"https:\/\/now-news.de\/de\/wp-json\/wp\/v2\/media?parent=34238"}],"wp:term":[{"taxonomy":"category","embeddable":true,"href":"https:\/\/now-news.de\/de\/wp-json\/wp\/v2\/categories?post=34238"},{"taxonomy":"post_tag","embeddable":true,"href":"https:\/\/now-news.de\/de\/wp-json\/wp\/v2\/tags?post=34238"}],"curies":[{"name":"wp","href":"https:\/\/api.w.org\/{rel}","templated":true}]}}