{"id":34202,"date":"2023-04-16T13:37:54","date_gmt":"2023-04-16T11:37:54","guid":{"rendered":"https:\/\/just-now.news\/de\/deutschland\/beschuss-von-donezk-auch-zu-ostern-im-stadtzentrum-ein-todesopfer-und-sechs-verletzte\/"},"modified":"2023-04-16T13:37:54","modified_gmt":"2023-04-16T11:37:54","slug":"beschuss-von-donezk-auch-zu-ostern-im-stadtzentrum-ein-todesopfer-und-sechs-verletzte","status":"publish","type":"post","link":"https:\/\/now-news.de\/de\/deutschland\/beschuss-von-donezk-auch-zu-ostern-im-stadtzentrum-ein-todesopfer-und-sechs-verletzte\/","title":{"rendered":"Beschuss von Donezk: Auch zu Ostern im Stadtzentrum ein Todesopfer und sechs Verletzte"},"content":{"rendered":"<p><img decoding=\"async\" src=\"http:\/\/just-now.news\/de\/wp-content\/uploads\/sites\/3\/2023\/04\/643bcf3fb480cc1acd67c7eb.jpg\" \/><\/p>\n<div class=\"Text-root Text-type_1 \">\n                In der Nacht zum orthodoxen Osterfest kam es in Donezk erneut zu Blutvergie\u00dfen. Infolge einer Attacke der ukrainischen Armee auf Zentrum der Stadt kam eine Frau ums Leben, sechs weitere Zivilisten wurden verletzt. Der DVR-Chef verspricht den T\u00e4tern Vergeltung.\n            <\/div>\n<p><\/p>\n<div class=\"Text-root Text-type_5 ArticleView-text ViewText-root \">\n<p>Wie der kommissarische DVR-Chef Denis Puschilin auf seinem Telegram-Kanal <a rel=\"nofollow noopener\" target=\"_blank\" href=\"https:\/\/t.me\/pushilindenis\/3339\">berichtet<\/a>, seien heute Nacht \u2013 vor dem orthodoxen Ostersonntag \u2013 beim Beschuss von Donezk durch die ukrainischen Streitkr\u00e4fte eine Person get\u00f6tet und sechs weitere verwundet worden. Puschilin w\u00f6rtlich:<\/p>\n<blockquote>\n<p><em>&#8220;Gegen Morgen der Osternacht, als die Gemeindemitglieder beim Gottesdienst waren, schlug der Feind im Zentrum von Donezk, in der N\u00e4he der Verkl\u00e4rungskathedrale, zu. Derzeit sind ein Todesopfer und sechs Verletzte bekannt.&#8221;<\/em><\/p>\n<\/blockquote>\n<p>Die Sicherheitsbeh\u00f6rden der Stadt teilten mit, dass vor dem Angriff eine ukrainische Drohne in der N\u00e4he der Kathedrale gesichtet worden w\u00e4re. Puschilin <a rel=\"nofollow noopener\" target=\"_blank\" href=\"https:\/\/t.me\/itsdonetsk\/68608\">betonte<\/a>, dass &#8220;der Feind in der Osternacht absichtlich im Bereich der zentralen Kathedrale angegriffen hat&#8221;. Der lokale Nachrichten-Telegram-Kanal <em>Tipitschny Donezk<\/em>\u00a0<a rel=\"nofollow noopener\" target=\"_blank\" href=\"https:\/\/t.me\/itsdonetsk\/68618\">ver\u00f6ffentlichte<\/a>\u00a0Videos vom Ort des Geschehens.<\/p>\n<p>Infolge eines ukrainischen Granattreffers geriet au\u00dferdem ein Kindergarten in Brand. Der Markt, nahe gelegene Gesch\u00e4fte und eine Apotheke seien ebenfalls besch\u00e4digt worden, f\u00fcgte Puschilin hinzu. Der B\u00fcrgermeister von Donezk Alexei Kulemsin <a rel=\"nofollow noopener\" target=\"_blank\" href=\"https:\/\/t.me\/kulemzin_donetsk\/15704\">zeigte<\/a> den getroffenen Kindergarten.<\/p>\n<p>Denis Puschilin versprach, dass alle Verantwortlichen bestraft w\u00fcrden:<\/p>\n<blockquote>\n<p><em>&#8220;Unsere Einheiten der K\u00e4mpfer arbeiten bereits daran, die &#8216;Ratten&#8217; zu neutralisieren. Dennoch bleibt die Bedrohung bestehen, seien Sie vorsichtig.&#8221;<\/em><\/p>\n<\/blockquote>\n<p>Zuvor hatte der Korrespondent Jewgeni Bykowski der Zeitung <em>Iswestija<\/em> berichtet, dass es sich bei dem Todesopfer um eine Zivilistin handele. Es wurde festgestellt, dass in der N\u00e4he des Autos, mit dem sie unterwegs gewesen sei, eine Rakete eingeschlagen hatte.<\/p>\n<p>Nach Angaben der Vertretung der Volksrepublik Donezk beim Gemeinsamen Zentrum f\u00fcr die Kontrolle und Koordinierung zu Fragen im Zusammenhang mit Kriegsverbrechen der Ukraine feuerten die ukrainischen Streitkr\u00e4fte in der Nacht zum Sonntag 20 Raketen aus einem Mehrfachraketenwerfer auf den zentralen Stadtteil Woroschilowski von Donezk ab.<\/p>\n<p>Laut einem Korrespondenten der Nachrichtenagentur <em>RIA Nowosti<\/em> seien die Raketen in der N\u00e4he der Verkl\u00e4rungskathedrale eingeschlagen, in der gerade ein Ostergottesdienst stattfand. Die Besucher der Kirche seien umgehend evakuiert worden. Daraufhin h\u00e4tten die ukrainischen Streitkr\u00e4fte im Laufe der Nacht noch vier weitere Male Artilleriefeuer auf Donezk er\u00f6ffnet.<\/p>\n<p><strong>Mehr zum Thema<\/strong> &#8211; <a rel=\"nofollow noopener\" target=\"_blank\" href=\"https:\/\/kurz.rt.com\/3lcb\">Ein Kloster \u00fcberlebte die Mongolen, die Nazis und die Bolschewiki. Aber wird es Selenskij \u00fcberleben?<\/a><\/p>\n<\/div>\n<p><br \/>\n<br \/><a href=\"https:\/\/de.rt.com\/international\/167825-oesterlicher-beschuss-von-donezk-todesopfer\/\">Source link <\/a><\/p>\n","protected":false},"excerpt":{"rendered":"<p>In der Nacht zum orthodoxen Osterfest kam es in Donezk erneut zu Blutvergie\u00dfen. Infolge einer Attacke der ukrainischen Armee auf Zentrum der Stadt kam eine Frau ums Leben, sechs weitere Zivilisten wurden verletzt. Der DVR-Chef verspricht den T\u00e4tern Vergeltung. Wie der kommissarische DVR-Chef Denis Puschilin auf seinem Telegram-Kanal berichtet, seien heute Nacht \u2013 vor dem [&hellip;]<\/p>\n","protected":false},"author":3,"featured_media":34203,"comment_status":"open","ping_status":"open","sticky":false,"template":"","format":"standard","meta":{"_yoast_indexnow_last_ping":["1681645256"],"wp_automatic_camp":["217"],"5128330ec0fa6b4a3fb52a79b1c1cf5d":["Beschuss von Donezk: Auch zu Ostern im Stadtzentrum ein Todesopfer und sechs Verletzte"],"original_link":["https:\/\/de.rt.com\/international\/167825-oesterlicher-beschuss-von-donezk-todesopfer\/"],"_thumbnail_id":["34203"],"_wptgpro_p2tg_sent2tg":["a:1:{i:23737;s:19:\"2023-04-16 13:41:58\";}"],"jnews_social_counter_last_update":["1777262554"]},"categories":[19,23],"tags":[1475,1815,19050,357,8832,14558,31548,6224,140,1813,50],"yoast_head":"<!-- This site is optimized with the Yoast SEO Premium plugin v22.7 (Yoast SEO v22.7) - https:\/\/yoast.com\/wordpress\/plugins\/seo\/ -->\n<title>Beschuss von Donezk: Auch zu Ostern im Stadtzentrum ein Todesopfer und sechs Verletzte - just-now.NEWS Deutschland<\/title>\n<meta name=\"robots\" content=\"index, follow, max-snippet:-1, max-image-preview:large, max-video-preview:-1\" \/>\n<link rel=\"canonical\" href=\"https:\/\/now-news.de\/de\/deutschland\/beschuss-von-donezk-auch-zu-ostern-im-stadtzentrum-ein-todesopfer-und-sechs-verletzte\/\" \/>\n<meta property=\"og:locale\" content=\"de_DE\" \/>\n<meta property=\"og:type\" content=\"article\" \/>\n<meta property=\"og:title\" content=\"Beschuss von Donezk: Auch zu Ostern im Stadtzentrum ein Todesopfer und sechs Verletzte\" \/>\n<meta property=\"og:description\" content=\"In der Nacht zum orthodoxen Osterfest kam es in Donezk erneut zu Blutvergie\u00dfen. Infolge einer Attacke der ukrainischen Armee auf Zentrum der Stadt kam eine Frau ums Leben, sechs weitere Zivilisten wurden verletzt. Der DVR-Chef verspricht den T\u00e4tern Vergeltung. Wie der kommissarische DVR-Chef Denis Puschilin auf seinem Telegram-Kanal berichtet, seien heute Nacht \u2013 vor dem [&hellip;]\" \/>\n<meta property=\"og:url\" content=\"https:\/\/now-news.de\/de\/deutschland\/beschuss-von-donezk-auch-zu-ostern-im-stadtzentrum-ein-todesopfer-und-sechs-verletzte\/\" \/>\n<meta property=\"og:site_name\" content=\"just-now.NEWS Deutschland\" \/>\n<meta property=\"article:publisher\" content=\"https:\/\/www.facebook.com\/wirmachenauf\" \/>\n<meta property=\"article:published_time\" content=\"2023-04-16T11:37:54+00:00\" \/>\n<meta property=\"og:image\" content=\"https:\/\/now-news.de\/de\/wp-content\/uploads\/sites\/3\/2023\/04\/Beschuss-von-Donezk-Auch-zu-Ostern-im-Stadtzentrum-ein-Todesopfer.jpg\" \/>\n\t<meta property=\"og:image:width\" content=\"460\" \/>\n\t<meta property=\"og:image:height\" content=\"259\" \/>\n\t<meta property=\"og:image:type\" content=\"image\/jpeg\" \/>\n<meta name=\"author\" content=\"rtnews\" \/>\n<meta name=\"twitter:card\" content=\"summary_large_image\" \/>\n<meta name=\"twitter:creator\" content=\"@WirMachenAuf_de\" \/>\n<meta name=\"twitter:site\" content=\"@WirMachenAuf_de\" \/>\n<meta name=\"twitter:label1\" content=\"Verfasst von\" \/>\n\t<meta name=\"twitter:data1\" content=\"rtnews\" \/>\n\t<meta name=\"twitter:label2\" content=\"Gesch\u00e4tzte Lesezeit\" \/>\n\t<meta name=\"twitter:data2\" content=\"2\u00a0Minuten\" \/>\n<script type=\"application\/ld+json\" class=\"yoast-schema-graph\">{\"@context\":\"https:\/\/schema.org\",\"@graph\":[{\"@type\":\"Article\",\"@id\":\"https:\/\/now-news.de\/de\/deutschland\/beschuss-von-donezk-auch-zu-ostern-im-stadtzentrum-ein-todesopfer-und-sechs-verletzte\/#article\",\"isPartOf\":{\"@id\":\"https:\/\/now-news.de\/de\/deutschland\/beschuss-von-donezk-auch-zu-ostern-im-stadtzentrum-ein-todesopfer-und-sechs-verletzte\/\"},\"author\":{\"name\":\"rtnews\",\"@id\":\"https:\/\/now-news.de\/de\/#\/schema\/person\/fb534a4e865501d8b3285208df34a9b5\"},\"headline\":\"Beschuss von Donezk: Auch zu Ostern im Stadtzentrum ein Todesopfer und sechs Verletzte\",\"datePublished\":\"2023-04-16T11:37:54+00:00\",\"dateModified\":\"2023-04-16T11:37:54+00:00\",\"mainEntityOfPage\":{\"@id\":\"https:\/\/now-news.de\/de\/deutschland\/beschuss-von-donezk-auch-zu-ostern-im-stadtzentrum-ein-todesopfer-und-sechs-verletzte\/\"},\"wordCount\":406,\"commentCount\":0,\"publisher\":{\"@id\":\"https:\/\/now-news.de\/de\/#organization\"},\"image\":{\"@id\":\"https:\/\/now-news.de\/de\/deutschland\/beschuss-von-donezk-auch-zu-ostern-im-stadtzentrum-ein-todesopfer-und-sechs-verletzte\/#primaryimage\"},\"thumbnailUrl\":\"https:\/\/now-news.de\/de\/wp-content\/uploads\/sites\/3\/2023\/04\/Beschuss-von-Donezk-Auch-zu-Ostern-im-Stadtzentrum-ein-Todesopfer.jpg\",\"keywords\":[\"auch\",\"Beschuss\",\"Donezk\",\"ein\",\"Ostern\",\"sechs\",\"Stadtzentrum\",\"Todesopfer\",\"und\",\"Verletzte\",\"von\"],\"articleSection\":[\"Deutschland\",\"Russland\"],\"inLanguage\":\"de\",\"potentialAction\":[{\"@type\":\"CommentAction\",\"name\":\"Comment\",\"target\":[\"https:\/\/now-news.de\/de\/deutschland\/beschuss-von-donezk-auch-zu-ostern-im-stadtzentrum-ein-todesopfer-und-sechs-verletzte\/#respond\"]}]},{\"@type\":\"WebPage\",\"@id\":\"https:\/\/now-news.de\/de\/deutschland\/beschuss-von-donezk-auch-zu-ostern-im-stadtzentrum-ein-todesopfer-und-sechs-verletzte\/\",\"url\":\"https:\/\/now-news.de\/de\/deutschland\/beschuss-von-donezk-auch-zu-ostern-im-stadtzentrum-ein-todesopfer-und-sechs-verletzte\/\",\"name\":\"Beschuss von Donezk: Auch zu Ostern im Stadtzentrum ein Todesopfer und sechs Verletzte - just-now.NEWS Deutschland\",\"isPartOf\":{\"@id\":\"https:\/\/now-news.de\/de\/#website\"},\"primaryImageOfPage\":{\"@id\":\"https:\/\/now-news.de\/de\/deutschland\/beschuss-von-donezk-auch-zu-ostern-im-stadtzentrum-ein-todesopfer-und-sechs-verletzte\/#primaryimage\"},\"image\":{\"@id\":\"https:\/\/now-news.de\/de\/deutschland\/beschuss-von-donezk-auch-zu-ostern-im-stadtzentrum-ein-todesopfer-und-sechs-verletzte\/#primaryimage\"},\"thumbnailUrl\":\"https:\/\/now-news.de\/de\/wp-content\/uploads\/sites\/3\/2023\/04\/Beschuss-von-Donezk-Auch-zu-Ostern-im-Stadtzentrum-ein-Todesopfer.jpg\",\"datePublished\":\"2023-04-16T11:37:54+00:00\",\"dateModified\":\"2023-04-16T11:37:54+00:00\",\"breadcrumb\":{\"@id\":\"https:\/\/now-news.de\/de\/deutschland\/beschuss-von-donezk-auch-zu-ostern-im-stadtzentrum-ein-todesopfer-und-sechs-verletzte\/#breadcrumb\"},\"inLanguage\":\"de\",\"potentialAction\":[{\"@type\":\"ReadAction\",\"target\":[\"https:\/\/now-news.de\/de\/deutschland\/beschuss-von-donezk-auch-zu-ostern-im-stadtzentrum-ein-todesopfer-und-sechs-verletzte\/\"]}]},{\"@type\":\"ImageObject\",\"inLanguage\":\"de\",\"@id\":\"https:\/\/now-news.de\/de\/deutschland\/beschuss-von-donezk-auch-zu-ostern-im-stadtzentrum-ein-todesopfer-und-sechs-verletzte\/#primaryimage\",\"url\":\"https:\/\/now-news.de\/de\/wp-content\/uploads\/sites\/3\/2023\/04\/Beschuss-von-Donezk-Auch-zu-Ostern-im-Stadtzentrum-ein-Todesopfer.jpg\",\"contentUrl\":\"https:\/\/now-news.de\/de\/wp-content\/uploads\/sites\/3\/2023\/04\/Beschuss-von-Donezk-Auch-zu-Ostern-im-Stadtzentrum-ein-Todesopfer.jpg\",\"width\":460,\"height\":259,\"caption\":\"Beschuss von Donezk: Auch zu Ostern im Stadtzentrum ein Todesopfer und sechs Verletzte\"},{\"@type\":\"BreadcrumbList\",\"@id\":\"https:\/\/now-news.de\/de\/deutschland\/beschuss-von-donezk-auch-zu-ostern-im-stadtzentrum-ein-todesopfer-und-sechs-verletzte\/#breadcrumb\",\"itemListElement\":[{\"@type\":\"ListItem\",\"position\":1,\"name\":\"Home\",\"item\":\"https:\/\/now-news.de\/de\/\"},{\"@type\":\"ListItem\",\"position\":2,\"name\":\"Beschuss von Donezk: Auch zu Ostern im Stadtzentrum ein Todesopfer und sechs Verletzte\"}]},{\"@type\":\"WebSite\",\"@id\":\"https:\/\/now-news.de\/de\/#website\",\"url\":\"https:\/\/now-news.de\/de\/\",\"name\":\"just-now.NEWS Deutschland\",\"description\":\"Das Portal f\u00fcr unzensierte Nachrichten aus der Welt\",\"publisher\":{\"@id\":\"https:\/\/now-news.de\/de\/#organization\"},\"potentialAction\":[{\"@type\":\"SearchAction\",\"target\":{\"@type\":\"EntryPoint\",\"urlTemplate\":\"https:\/\/now-news.de\/de\/?s={search_term_string}\"},\"query-input\":\"required name=search_term_string\"}],\"inLanguage\":\"de\"},{\"@type\":\"Organization\",\"@id\":\"https:\/\/now-news.de\/de\/#organization\",\"name\":\"Just Now News\",\"url\":\"https:\/\/now-news.de\/de\/\",\"logo\":{\"@type\":\"ImageObject\",\"inLanguage\":\"de\",\"@id\":\"https:\/\/now-news.de\/de\/#\/schema\/logo\/image\/\",\"url\":\"http:\/\/just-now.news\/de\/wp-content\/uploads\/sites\/3\/2022\/04\/logo500x500.jpg\",\"contentUrl\":\"http:\/\/just-now.news\/de\/wp-content\/uploads\/sites\/3\/2022\/04\/logo500x500.jpg\",\"width\":500,\"height\":500,\"caption\":\"Just Now News\"},\"image\":{\"@id\":\"https:\/\/now-news.de\/de\/#\/schema\/logo\/image\/\"},\"sameAs\":[\"https:\/\/www.facebook.com\/wirmachenauf\",\"https:\/\/x.com\/WirMachenAuf_de\"]},{\"@type\":\"Person\",\"@id\":\"https:\/\/now-news.de\/de\/#\/schema\/person\/fb534a4e865501d8b3285208df34a9b5\",\"name\":\"rtnews\",\"image\":{\"@type\":\"ImageObject\",\"inLanguage\":\"de\",\"@id\":\"https:\/\/now-news.de\/de\/#\/schema\/person\/image\/\",\"url\":\"https:\/\/secure.gravatar.com\/avatar\/82aafea7d8127119dd649515f56e2117?s=96&d=mm&r=g\",\"contentUrl\":\"https:\/\/secure.gravatar.com\/avatar\/82aafea7d8127119dd649515f56e2117?s=96&d=mm&r=g\",\"caption\":\"rtnews\"},\"url\":\"https:\/\/now-news.de\/de\/author\/rnews\/\"}]}<\/script>\n<!-- \/ Yoast SEO Premium plugin. -->","yoast_head_json":{"title":"Beschuss von Donezk: Auch zu Ostern im Stadtzentrum ein Todesopfer und sechs Verletzte - just-now.NEWS Deutschland","robots":{"index":"index","follow":"follow","max-snippet":"max-snippet:-1","max-image-preview":"max-image-preview:large","max-video-preview":"max-video-preview:-1"},"canonical":"https:\/\/now-news.de\/de\/deutschland\/beschuss-von-donezk-auch-zu-ostern-im-stadtzentrum-ein-todesopfer-und-sechs-verletzte\/","og_locale":"de_DE","og_type":"article","og_title":"Beschuss von Donezk: Auch zu Ostern im Stadtzentrum ein Todesopfer und sechs Verletzte","og_description":"In der Nacht zum orthodoxen Osterfest kam es in Donezk erneut zu Blutvergie\u00dfen. Infolge einer Attacke der ukrainischen Armee auf Zentrum der Stadt kam eine Frau ums Leben, sechs weitere Zivilisten wurden verletzt. Der DVR-Chef verspricht den T\u00e4tern Vergeltung. Wie der kommissarische DVR-Chef Denis Puschilin auf seinem Telegram-Kanal berichtet, seien heute Nacht \u2013 vor dem [&hellip;]","og_url":"https:\/\/now-news.de\/de\/deutschland\/beschuss-von-donezk-auch-zu-ostern-im-stadtzentrum-ein-todesopfer-und-sechs-verletzte\/","og_site_name":"just-now.NEWS Deutschland","article_publisher":"https:\/\/www.facebook.com\/wirmachenauf","article_published_time":"2023-04-16T11:37:54+00:00","og_image":[{"width":460,"height":259,"url":"https:\/\/now-news.de\/de\/wp-content\/uploads\/sites\/3\/2023\/04\/Beschuss-von-Donezk-Auch-zu-Ostern-im-Stadtzentrum-ein-Todesopfer.jpg","type":"image\/jpeg"}],"author":"rtnews","twitter_card":"summary_large_image","twitter_creator":"@WirMachenAuf_de","twitter_site":"@WirMachenAuf_de","twitter_misc":{"Verfasst von":"rtnews","Gesch\u00e4tzte Lesezeit":"2\u00a0Minuten"},"schema":{"@context":"https:\/\/schema.org","@graph":[{"@type":"Article","@id":"https:\/\/now-news.de\/de\/deutschland\/beschuss-von-donezk-auch-zu-ostern-im-stadtzentrum-ein-todesopfer-und-sechs-verletzte\/#article","isPartOf":{"@id":"https:\/\/now-news.de\/de\/deutschland\/beschuss-von-donezk-auch-zu-ostern-im-stadtzentrum-ein-todesopfer-und-sechs-verletzte\/"},"author":{"name":"rtnews","@id":"https:\/\/now-news.de\/de\/#\/schema\/person\/fb534a4e865501d8b3285208df34a9b5"},"headline":"Beschuss von Donezk: Auch zu Ostern im Stadtzentrum ein Todesopfer und sechs Verletzte","datePublished":"2023-04-16T11:37:54+00:00","dateModified":"2023-04-16T11:37:54+00:00","mainEntityOfPage":{"@id":"https:\/\/now-news.de\/de\/deutschland\/beschuss-von-donezk-auch-zu-ostern-im-stadtzentrum-ein-todesopfer-und-sechs-verletzte\/"},"wordCount":406,"commentCount":0,"publisher":{"@id":"https:\/\/now-news.de\/de\/#organization"},"image":{"@id":"https:\/\/now-news.de\/de\/deutschland\/beschuss-von-donezk-auch-zu-ostern-im-stadtzentrum-ein-todesopfer-und-sechs-verletzte\/#primaryimage"},"thumbnailUrl":"https:\/\/now-news.de\/de\/wp-content\/uploads\/sites\/3\/2023\/04\/Beschuss-von-Donezk-Auch-zu-Ostern-im-Stadtzentrum-ein-Todesopfer.jpg","keywords":["auch","Beschuss","Donezk","ein","Ostern","sechs","Stadtzentrum","Todesopfer","und","Verletzte","von"],"articleSection":["Deutschland","Russland"],"inLanguage":"de","potentialAction":[{"@type":"CommentAction","name":"Comment","target":["https:\/\/now-news.de\/de\/deutschland\/beschuss-von-donezk-auch-zu-ostern-im-stadtzentrum-ein-todesopfer-und-sechs-verletzte\/#respond"]}]},{"@type":"WebPage","@id":"https:\/\/now-news.de\/de\/deutschland\/beschuss-von-donezk-auch-zu-ostern-im-stadtzentrum-ein-todesopfer-und-sechs-verletzte\/","url":"https:\/\/now-news.de\/de\/deutschland\/beschuss-von-donezk-auch-zu-ostern-im-stadtzentrum-ein-todesopfer-und-sechs-verletzte\/","name":"Beschuss von Donezk: Auch zu Ostern im Stadtzentrum ein Todesopfer und sechs Verletzte - just-now.NEWS Deutschland","isPartOf":{"@id":"https:\/\/now-news.de\/de\/#website"},"primaryImageOfPage":{"@id":"https:\/\/now-news.de\/de\/deutschland\/beschuss-von-donezk-auch-zu-ostern-im-stadtzentrum-ein-todesopfer-und-sechs-verletzte\/#primaryimage"},"image":{"@id":"https:\/\/now-news.de\/de\/deutschland\/beschuss-von-donezk-auch-zu-ostern-im-stadtzentrum-ein-todesopfer-und-sechs-verletzte\/#primaryimage"},"thumbnailUrl":"https:\/\/now-news.de\/de\/wp-content\/uploads\/sites\/3\/2023\/04\/Beschuss-von-Donezk-Auch-zu-Ostern-im-Stadtzentrum-ein-Todesopfer.jpg","datePublished":"2023-04-16T11:37:54+00:00","dateModified":"2023-04-16T11:37:54+00:00","breadcrumb":{"@id":"https:\/\/now-news.de\/de\/deutschland\/beschuss-von-donezk-auch-zu-ostern-im-stadtzentrum-ein-todesopfer-und-sechs-verletzte\/#breadcrumb"},"inLanguage":"de","potentialAction":[{"@type":"ReadAction","target":["https:\/\/now-news.de\/de\/deutschland\/beschuss-von-donezk-auch-zu-ostern-im-stadtzentrum-ein-todesopfer-und-sechs-verletzte\/"]}]},{"@type":"ImageObject","inLanguage":"de","@id":"https:\/\/now-news.de\/de\/deutschland\/beschuss-von-donezk-auch-zu-ostern-im-stadtzentrum-ein-todesopfer-und-sechs-verletzte\/#primaryimage","url":"https:\/\/now-news.de\/de\/wp-content\/uploads\/sites\/3\/2023\/04\/Beschuss-von-Donezk-Auch-zu-Ostern-im-Stadtzentrum-ein-Todesopfer.jpg","contentUrl":"https:\/\/now-news.de\/de\/wp-content\/uploads\/sites\/3\/2023\/04\/Beschuss-von-Donezk-Auch-zu-Ostern-im-Stadtzentrum-ein-Todesopfer.jpg","width":460,"height":259,"caption":"Beschuss von Donezk: Auch zu Ostern im Stadtzentrum ein Todesopfer und sechs Verletzte"},{"@type":"BreadcrumbList","@id":"https:\/\/now-news.de\/de\/deutschland\/beschuss-von-donezk-auch-zu-ostern-im-stadtzentrum-ein-todesopfer-und-sechs-verletzte\/#breadcrumb","itemListElement":[{"@type":"ListItem","position":1,"name":"Home","item":"https:\/\/now-news.de\/de\/"},{"@type":"ListItem","position":2,"name":"Beschuss von Donezk: Auch zu Ostern im Stadtzentrum ein Todesopfer und sechs Verletzte"}]},{"@type":"WebSite","@id":"https:\/\/now-news.de\/de\/#website","url":"https:\/\/now-news.de\/de\/","name":"just-now.NEWS Deutschland","description":"Das Portal f\u00fcr unzensierte Nachrichten aus der Welt","publisher":{"@id":"https:\/\/now-news.de\/de\/#organization"},"potentialAction":[{"@type":"SearchAction","target":{"@type":"EntryPoint","urlTemplate":"https:\/\/now-news.de\/de\/?s={search_term_string}"},"query-input":"required name=search_term_string"}],"inLanguage":"de"},{"@type":"Organization","@id":"https:\/\/now-news.de\/de\/#organization","name":"Just Now News","url":"https:\/\/now-news.de\/de\/","logo":{"@type":"ImageObject","inLanguage":"de","@id":"https:\/\/now-news.de\/de\/#\/schema\/logo\/image\/","url":"http:\/\/just-now.news\/de\/wp-content\/uploads\/sites\/3\/2022\/04\/logo500x500.jpg","contentUrl":"http:\/\/just-now.news\/de\/wp-content\/uploads\/sites\/3\/2022\/04\/logo500x500.jpg","width":500,"height":500,"caption":"Just Now News"},"image":{"@id":"https:\/\/now-news.de\/de\/#\/schema\/logo\/image\/"},"sameAs":["https:\/\/www.facebook.com\/wirmachenauf","https:\/\/x.com\/WirMachenAuf_de"]},{"@type":"Person","@id":"https:\/\/now-news.de\/de\/#\/schema\/person\/fb534a4e865501d8b3285208df34a9b5","name":"rtnews","image":{"@type":"ImageObject","inLanguage":"de","@id":"https:\/\/now-news.de\/de\/#\/schema\/person\/image\/","url":"https:\/\/secure.gravatar.com\/avatar\/82aafea7d8127119dd649515f56e2117?s=96&d=mm&r=g","contentUrl":"https:\/\/secure.gravatar.com\/avatar\/82aafea7d8127119dd649515f56e2117?s=96&d=mm&r=g","caption":"rtnews"},"url":"https:\/\/now-news.de\/de\/author\/rnews\/"}]}},"_links":{"self":[{"href":"https:\/\/now-news.de\/de\/wp-json\/wp\/v2\/posts\/34202"}],"collection":[{"href":"https:\/\/now-news.de\/de\/wp-json\/wp\/v2\/posts"}],"about":[{"href":"https:\/\/now-news.de\/de\/wp-json\/wp\/v2\/types\/post"}],"author":[{"embeddable":true,"href":"https:\/\/now-news.de\/de\/wp-json\/wp\/v2\/users\/3"}],"replies":[{"embeddable":true,"href":"https:\/\/now-news.de\/de\/wp-json\/wp\/v2\/comments?post=34202"}],"version-history":[{"count":0,"href":"https:\/\/now-news.de\/de\/wp-json\/wp\/v2\/posts\/34202\/revisions"}],"wp:featuredmedia":[{"embeddable":true,"href":"https:\/\/now-news.de\/de\/wp-json\/wp\/v2\/media\/34203"}],"wp:attachment":[{"href":"https:\/\/now-news.de\/de\/wp-json\/wp\/v2\/media?parent=34202"}],"wp:term":[{"taxonomy":"category","embeddable":true,"href":"https:\/\/now-news.de\/de\/wp-json\/wp\/v2\/categories?post=34202"},{"taxonomy":"post_tag","embeddable":true,"href":"https:\/\/now-news.de\/de\/wp-json\/wp\/v2\/tags?post=34202"}],"curies":[{"name":"wp","href":"https:\/\/api.w.org\/{rel}","templated":true}]}}