{"id":34198,"date":"2023-04-16T11:22:58","date_gmt":"2023-04-16T09:22:58","guid":{"rendered":"https:\/\/just-now.news\/de\/deutschland\/ungarn-kuendigt-einfuhrstopp-fuer-ukrainisches-getreide-an\/"},"modified":"2023-04-16T11:22:58","modified_gmt":"2023-04-16T09:22:58","slug":"ungarn-kuendigt-einfuhrstopp-fuer-ukrainisches-getreide-an","status":"publish","type":"post","link":"https:\/\/now-news.de\/de\/deutschland\/ungarn-kuendigt-einfuhrstopp-fuer-ukrainisches-getreide-an\/","title":{"rendered":"Ungarn k\u00fcndigt Einfuhrstopp f\u00fcr ukrainisches Getreide an"},"content":{"rendered":"<p><img decoding=\"async\" src=\"http:\/\/just-now.news\/de\/wp-content\/uploads\/sites\/3\/2023\/04\/643ba7a3b480cc7a7d48351e.jpg\" \/><\/p>\n<div class=\"Text-root Text-type_1 \">\n                Die Entscheidung erfolge laut Regierungsangaben zum Schutz der einheimischen Landwirtschaft. Ungarn schlie\u00dft sich damit j\u00fcngsten Entschidungen der polnischen Regierung an, die bereits \u00e4hnliche Beschr\u00e4nkungen gemeldet hatte.\n            <\/div>\n<p><\/p>\n<div class=\"Text-root Text-type_5 ArticleView-text ViewText-root \">\n<p>Das ungarische Landwirtschaftsministerium hat ein &#8220;vor\u00fcbergehendes Verbot&#8221; f\u00fcr die Einfuhr von Getreide und \u00d6lsaaten aus der Ukraine angek\u00fcndigt und begr\u00fcndet dies mit dem Fehlen &#8220;sinnvoller&#8221; Ma\u00dfnahmen innerhalb der Europ\u00e4ischen Union (EU) zum Schutz der EU-M\u00e4rkte vor einer &#8220;Destabilisierung&#8221; durch den unkontrollierten Zustrom von Billigprodukten.<\/p>\n<p>Die ungarische Regierung sei &#8220;entschlossen, die Interessen der ungarischen Landwirtschaft zu sch\u00fctzen&#8221;, erkl\u00e4rte das Ministerium am Samstagabend <a rel=\"nofollow noopener\" target=\"_blank\" href=\"https:\/\/kormany.hu\/hirek\/magyarorszag-megtiltja-a-mezogazdasagi-termekek-importjat-ukrajnabol\">in einer Erkl\u00e4rung<\/a>, in der ein vor\u00fcbergehendes Verbot bis zum 30. Juni angek\u00fcndigt wurde. Budapest hoffe, dass dies Br\u00fcssel &#8220;genug Zeit gibt, um sinnvolle und dauerhafte EU-Ma\u00dfnahmen einzuf\u00fchren, um die vollst\u00e4ndige Zollfreiheit f\u00fcr ukrainische Waren zu \u00fcberdenken&#8221;.<\/p>\n<p>Die Liste der verbotenen Produkte werde auch &#8220;eine Reihe anderer landwirtschaftlicher Erzeugnisse&#8221; umfassen, f\u00e4hrt das Ministerium fort.<\/p>\n<p>&#8220;Mit Produktionsverfahren, die in der Europ\u00e4ischen Union nicht mehr erlaubt sind, und infolgedessen mit extrem niedrigen Produktionskosten macht es die ukrainische Landwirtschaft mit ihren uneingeschr\u00e4nkten zollfreien und freien Handelsm\u00f6glichkeiten den Landwirten in der EU unm\u00f6glich, zu konkurrieren&#8221;, erkl\u00e4rte Landwirtschaftsminister Istv\u00e1n Nagy die &#8220;au\u00dfergew\u00f6hnlichen Ma\u00dfnahmen&#8221;.<\/p>\n<p>Polen hatte am Vortag <a rel=\"nofollow noopener\" target=\"_blank\" href=\"https:\/\/swentr.site\/news\/574802-poland-ukrainian-grain-ban\/\">\u00e4hnliche Beschr\u00e4nkungen<\/a> eingef\u00fchrt, ebenfalls mit der Begr\u00fcndung, die einheimischen Landwirte sch\u00fctzen zu m\u00fcssen, und damit eine <a rel=\"nofollow noopener\" target=\"_blank\" href=\"https:\/\/swentr.site\/news\/574812-ukraine-poland-grain-row\/\">Gegenreaktion<\/a> Kiews ausgel\u00f6st. In einem weiteren Schritt verbot die Slowakei am Freitag die Verarbeitung und den Verkauf von ukrainischem Getreide mit der Begr\u00fcndung, dass in einer Ladung von 1.500 Tonnen des Produkts ein gef\u00e4hrliches, in der EU <a rel=\"nofollow noopener\" target=\"_blank\" href=\"https:\/\/swentr.site\/business\/574716-eu-nation-ban-ukrainian-grain\/\">verbotenes Pestizid<\/a> entdeckt worden sei.<\/p>\n<p>Das Problem geht auf die Bem\u00fchungen der EU-Kommission in Br\u00fcssel zur\u00fcck, die Ukraine zu unterst\u00fctzen, indem zollfreie Einfuhren aus dem Land zugelassen werden, die zugleich noch als M\u00f6glichkeit angepriesen werden, die Exporte des Landes in \u00e4rmere L\u00e4nder im Nahen Osten und in Afrika zu f\u00f6rdern. Ein Gro\u00dfteil der exportierten Produkte landet jedoch in Osteuropa und dr\u00fcckt die Marktpreise dort in den Keller.<\/p>\n<p>Bereits im vergangenen Monat hatten die Ministerpr\u00e4sidenten Bulgariens, Ungarns, Polens, Rum\u00e4niens und der Slowakei die EU-Kommission aufgefordert, Ma\u00dfnahmen gegen ukrainische Agrarimporte zu ergreifen, und verlangten daf\u00fcr die Wiedereinf\u00fchrung von Z\u00f6llen. Anfang April forderten die EU-L\u00e4nder die Verantwortlichen in Br\u00fcssel au\u00dferdem auf, aus &#8220;humanit\u00e4ren&#8221; Gr\u00fcnden angesammelte ukrainische Produkte zur\u00fcckzukaufen.<\/p>\n<p><strong>Mehr zum Thema &#8211;<\/strong>\u00a0<a rel=\"nofollow noopener\" target=\"_blank\" href=\"https:\/\/rtde.site\/europa\/167800-ukraine-kritisiert-orbans-aussagen-ueber-kiewer-finanzen\/\">&#8220;Erh\u00e4lt selbst eine Menge Geld&#8221;: Ukraine kritisiert Orb\u00e1ns Aussagen \u00fcber Kiewer Finanzen <\/a><\/p>\n<\/div>\n<p><br \/>\n<br \/><a href=\"https:\/\/de.rt.com\/europa\/167819-ungarn-verbietet-ukrainisches-getreide\/\">Source link <\/a><\/p>\n","protected":false},"excerpt":{"rendered":"<p>Die Entscheidung erfolge laut Regierungsangaben zum Schutz der einheimischen Landwirtschaft. Ungarn schlie\u00dft sich damit j\u00fcngsten Entschidungen der polnischen Regierung an, die bereits \u00e4hnliche Beschr\u00e4nkungen gemeldet hatte. Das ungarische Landwirtschaftsministerium hat ein &#8220;vor\u00fcbergehendes Verbot&#8221; f\u00fcr die Einfuhr von Getreide und \u00d6lsaaten aus der Ukraine angek\u00fcndigt und begr\u00fcndet dies mit dem Fehlen &#8220;sinnvoller&#8221; Ma\u00dfnahmen innerhalb der Europ\u00e4ischen [&hellip;]<\/p>\n","protected":false},"author":3,"featured_media":34199,"comment_status":"open","ping_status":"open","sticky":false,"template":"","format":"standard","meta":{"_yoast_indexnow_last_ping":["1681637535"],"wp_automatic_camp":["217"],"072a5afd2c61b447c0474a95fedd79ac":["Ungarn k\u00fcndigt Einfuhrstopp f\u00fcr ukrainisches Getreide an"],"original_link":["https:\/\/de.rt.com\/europa\/167819-ungarn-verbietet-ukrainisches-getreide\/"],"_thumbnail_id":["34199"],"_wptgpro_p2tg_sent2tg":["a:1:{i:23737;s:19:\"2023-04-16 11:33:44\";}"],"jnews_social_counter_last_update":["1776969477"]},"categories":[19,23],"tags":[43173,221,21610,4224,4028,11664],"yoast_head":"<!-- This site is optimized with the Yoast SEO Premium plugin v22.7 (Yoast SEO v22.7) - https:\/\/yoast.com\/wordpress\/plugins\/seo\/ -->\n<title>Ungarn k\u00fcndigt Einfuhrstopp f\u00fcr ukrainisches Getreide an - just-now.NEWS Deutschland<\/title>\n<meta name=\"robots\" content=\"index, follow, max-snippet:-1, max-image-preview:large, max-video-preview:-1\" \/>\n<link rel=\"canonical\" href=\"https:\/\/now-news.de\/de\/deutschland\/ungarn-kuendigt-einfuhrstopp-fuer-ukrainisches-getreide-an\/\" \/>\n<meta property=\"og:locale\" content=\"de_DE\" \/>\n<meta property=\"og:type\" content=\"article\" \/>\n<meta property=\"og:title\" content=\"Ungarn k\u00fcndigt Einfuhrstopp f\u00fcr ukrainisches Getreide an\" \/>\n<meta property=\"og:description\" content=\"Die Entscheidung erfolge laut Regierungsangaben zum Schutz der einheimischen Landwirtschaft. Ungarn schlie\u00dft sich damit j\u00fcngsten Entschidungen der polnischen Regierung an, die bereits \u00e4hnliche Beschr\u00e4nkungen gemeldet hatte. Das ungarische Landwirtschaftsministerium hat ein &#8220;vor\u00fcbergehendes Verbot&#8221; f\u00fcr die Einfuhr von Getreide und \u00d6lsaaten aus der Ukraine angek\u00fcndigt und begr\u00fcndet dies mit dem Fehlen &#8220;sinnvoller&#8221; Ma\u00dfnahmen innerhalb der Europ\u00e4ischen [&hellip;]\" \/>\n<meta property=\"og:url\" content=\"https:\/\/now-news.de\/de\/deutschland\/ungarn-kuendigt-einfuhrstopp-fuer-ukrainisches-getreide-an\/\" \/>\n<meta property=\"og:site_name\" content=\"just-now.NEWS Deutschland\" \/>\n<meta property=\"article:publisher\" content=\"https:\/\/www.facebook.com\/wirmachenauf\" \/>\n<meta property=\"article:published_time\" content=\"2023-04-16T09:22:58+00:00\" \/>\n<meta property=\"og:image\" content=\"https:\/\/now-news.de\/de\/wp-content\/uploads\/sites\/3\/2023\/04\/Ungarn-kuendigt-Einfuhrstopp-fuer-ukrainisches-Getreide-an.jpg\" \/>\n\t<meta property=\"og:image:width\" content=\"460\" \/>\n\t<meta property=\"og:image:height\" content=\"259\" \/>\n\t<meta property=\"og:image:type\" content=\"image\/jpeg\" \/>\n<meta name=\"author\" content=\"rtnews\" \/>\n<meta name=\"twitter:card\" content=\"summary_large_image\" \/>\n<meta name=\"twitter:creator\" content=\"@WirMachenAuf_de\" \/>\n<meta name=\"twitter:site\" content=\"@WirMachenAuf_de\" \/>\n<meta name=\"twitter:label1\" content=\"Verfasst von\" \/>\n\t<meta name=\"twitter:data1\" content=\"rtnews\" \/>\n\t<meta name=\"twitter:label2\" content=\"Gesch\u00e4tzte Lesezeit\" \/>\n\t<meta name=\"twitter:data2\" content=\"2\u00a0Minuten\" \/>\n<script type=\"application\/ld+json\" class=\"yoast-schema-graph\">{\"@context\":\"https:\/\/schema.org\",\"@graph\":[{\"@type\":\"Article\",\"@id\":\"https:\/\/now-news.de\/de\/deutschland\/ungarn-kuendigt-einfuhrstopp-fuer-ukrainisches-getreide-an\/#article\",\"isPartOf\":{\"@id\":\"https:\/\/now-news.de\/de\/deutschland\/ungarn-kuendigt-einfuhrstopp-fuer-ukrainisches-getreide-an\/\"},\"author\":{\"name\":\"rtnews\",\"@id\":\"https:\/\/now-news.de\/de\/#\/schema\/person\/fb534a4e865501d8b3285208df34a9b5\"},\"headline\":\"Ungarn k\u00fcndigt Einfuhrstopp f\u00fcr ukrainisches Getreide an\",\"datePublished\":\"2023-04-16T09:22:58+00:00\",\"dateModified\":\"2023-04-16T09:22:58+00:00\",\"mainEntityOfPage\":{\"@id\":\"https:\/\/now-news.de\/de\/deutschland\/ungarn-kuendigt-einfuhrstopp-fuer-ukrainisches-getreide-an\/\"},\"wordCount\":444,\"commentCount\":0,\"publisher\":{\"@id\":\"https:\/\/now-news.de\/de\/#organization\"},\"image\":{\"@id\":\"https:\/\/now-news.de\/de\/deutschland\/ungarn-kuendigt-einfuhrstopp-fuer-ukrainisches-getreide-an\/#primaryimage\"},\"thumbnailUrl\":\"https:\/\/now-news.de\/de\/wp-content\/uploads\/sites\/3\/2023\/04\/Ungarn-kuendigt-Einfuhrstopp-fuer-ukrainisches-Getreide-an.jpg\",\"keywords\":[\"Einfuhrstopp\",\"f\u00fcr\",\"Getreide\",\"k\u00fcndigt\",\"Ukrainisches\",\"Ungarn\"],\"articleSection\":[\"Deutschland\",\"Russland\"],\"inLanguage\":\"de\",\"potentialAction\":[{\"@type\":\"CommentAction\",\"name\":\"Comment\",\"target\":[\"https:\/\/now-news.de\/de\/deutschland\/ungarn-kuendigt-einfuhrstopp-fuer-ukrainisches-getreide-an\/#respond\"]}]},{\"@type\":\"WebPage\",\"@id\":\"https:\/\/now-news.de\/de\/deutschland\/ungarn-kuendigt-einfuhrstopp-fuer-ukrainisches-getreide-an\/\",\"url\":\"https:\/\/now-news.de\/de\/deutschland\/ungarn-kuendigt-einfuhrstopp-fuer-ukrainisches-getreide-an\/\",\"name\":\"Ungarn k\u00fcndigt Einfuhrstopp f\u00fcr ukrainisches Getreide an - just-now.NEWS Deutschland\",\"isPartOf\":{\"@id\":\"https:\/\/now-news.de\/de\/#website\"},\"primaryImageOfPage\":{\"@id\":\"https:\/\/now-news.de\/de\/deutschland\/ungarn-kuendigt-einfuhrstopp-fuer-ukrainisches-getreide-an\/#primaryimage\"},\"image\":{\"@id\":\"https:\/\/now-news.de\/de\/deutschland\/ungarn-kuendigt-einfuhrstopp-fuer-ukrainisches-getreide-an\/#primaryimage\"},\"thumbnailUrl\":\"https:\/\/now-news.de\/de\/wp-content\/uploads\/sites\/3\/2023\/04\/Ungarn-kuendigt-Einfuhrstopp-fuer-ukrainisches-Getreide-an.jpg\",\"datePublished\":\"2023-04-16T09:22:58+00:00\",\"dateModified\":\"2023-04-16T09:22:58+00:00\",\"breadcrumb\":{\"@id\":\"https:\/\/now-news.de\/de\/deutschland\/ungarn-kuendigt-einfuhrstopp-fuer-ukrainisches-getreide-an\/#breadcrumb\"},\"inLanguage\":\"de\",\"potentialAction\":[{\"@type\":\"ReadAction\",\"target\":[\"https:\/\/now-news.de\/de\/deutschland\/ungarn-kuendigt-einfuhrstopp-fuer-ukrainisches-getreide-an\/\"]}]},{\"@type\":\"ImageObject\",\"inLanguage\":\"de\",\"@id\":\"https:\/\/now-news.de\/de\/deutschland\/ungarn-kuendigt-einfuhrstopp-fuer-ukrainisches-getreide-an\/#primaryimage\",\"url\":\"https:\/\/now-news.de\/de\/wp-content\/uploads\/sites\/3\/2023\/04\/Ungarn-kuendigt-Einfuhrstopp-fuer-ukrainisches-Getreide-an.jpg\",\"contentUrl\":\"https:\/\/now-news.de\/de\/wp-content\/uploads\/sites\/3\/2023\/04\/Ungarn-kuendigt-Einfuhrstopp-fuer-ukrainisches-Getreide-an.jpg\",\"width\":460,\"height\":259,\"caption\":\"Ungarn k\u00fcndigt Einfuhrstopp f\u00fcr ukrainisches Getreide an\"},{\"@type\":\"BreadcrumbList\",\"@id\":\"https:\/\/now-news.de\/de\/deutschland\/ungarn-kuendigt-einfuhrstopp-fuer-ukrainisches-getreide-an\/#breadcrumb\",\"itemListElement\":[{\"@type\":\"ListItem\",\"position\":1,\"name\":\"Home\",\"item\":\"https:\/\/now-news.de\/de\/\"},{\"@type\":\"ListItem\",\"position\":2,\"name\":\"Ungarn k\u00fcndigt Einfuhrstopp f\u00fcr ukrainisches Getreide an\"}]},{\"@type\":\"WebSite\",\"@id\":\"https:\/\/now-news.de\/de\/#website\",\"url\":\"https:\/\/now-news.de\/de\/\",\"name\":\"just-now.NEWS Deutschland\",\"description\":\"Das Portal f\u00fcr unzensierte Nachrichten aus der Welt\",\"publisher\":{\"@id\":\"https:\/\/now-news.de\/de\/#organization\"},\"potentialAction\":[{\"@type\":\"SearchAction\",\"target\":{\"@type\":\"EntryPoint\",\"urlTemplate\":\"https:\/\/now-news.de\/de\/?s={search_term_string}\"},\"query-input\":\"required name=search_term_string\"}],\"inLanguage\":\"de\"},{\"@type\":\"Organization\",\"@id\":\"https:\/\/now-news.de\/de\/#organization\",\"name\":\"Just Now News\",\"url\":\"https:\/\/now-news.de\/de\/\",\"logo\":{\"@type\":\"ImageObject\",\"inLanguage\":\"de\",\"@id\":\"https:\/\/now-news.de\/de\/#\/schema\/logo\/image\/\",\"url\":\"http:\/\/just-now.news\/de\/wp-content\/uploads\/sites\/3\/2022\/04\/logo500x500.jpg\",\"contentUrl\":\"http:\/\/just-now.news\/de\/wp-content\/uploads\/sites\/3\/2022\/04\/logo500x500.jpg\",\"width\":500,\"height\":500,\"caption\":\"Just Now News\"},\"image\":{\"@id\":\"https:\/\/now-news.de\/de\/#\/schema\/logo\/image\/\"},\"sameAs\":[\"https:\/\/www.facebook.com\/wirmachenauf\",\"https:\/\/x.com\/WirMachenAuf_de\"]},{\"@type\":\"Person\",\"@id\":\"https:\/\/now-news.de\/de\/#\/schema\/person\/fb534a4e865501d8b3285208df34a9b5\",\"name\":\"rtnews\",\"image\":{\"@type\":\"ImageObject\",\"inLanguage\":\"de\",\"@id\":\"https:\/\/now-news.de\/de\/#\/schema\/person\/image\/\",\"url\":\"https:\/\/secure.gravatar.com\/avatar\/82aafea7d8127119dd649515f56e2117?s=96&d=mm&r=g\",\"contentUrl\":\"https:\/\/secure.gravatar.com\/avatar\/82aafea7d8127119dd649515f56e2117?s=96&d=mm&r=g\",\"caption\":\"rtnews\"},\"url\":\"https:\/\/now-news.de\/de\/author\/rnews\/\"}]}<\/script>\n<!-- \/ Yoast SEO Premium plugin. -->","yoast_head_json":{"title":"Ungarn k\u00fcndigt Einfuhrstopp f\u00fcr ukrainisches Getreide an - just-now.NEWS Deutschland","robots":{"index":"index","follow":"follow","max-snippet":"max-snippet:-1","max-image-preview":"max-image-preview:large","max-video-preview":"max-video-preview:-1"},"canonical":"https:\/\/now-news.de\/de\/deutschland\/ungarn-kuendigt-einfuhrstopp-fuer-ukrainisches-getreide-an\/","og_locale":"de_DE","og_type":"article","og_title":"Ungarn k\u00fcndigt Einfuhrstopp f\u00fcr ukrainisches Getreide an","og_description":"Die Entscheidung erfolge laut Regierungsangaben zum Schutz der einheimischen Landwirtschaft. Ungarn schlie\u00dft sich damit j\u00fcngsten Entschidungen der polnischen Regierung an, die bereits \u00e4hnliche Beschr\u00e4nkungen gemeldet hatte. Das ungarische Landwirtschaftsministerium hat ein &#8220;vor\u00fcbergehendes Verbot&#8221; f\u00fcr die Einfuhr von Getreide und \u00d6lsaaten aus der Ukraine angek\u00fcndigt und begr\u00fcndet dies mit dem Fehlen &#8220;sinnvoller&#8221; Ma\u00dfnahmen innerhalb der Europ\u00e4ischen [&hellip;]","og_url":"https:\/\/now-news.de\/de\/deutschland\/ungarn-kuendigt-einfuhrstopp-fuer-ukrainisches-getreide-an\/","og_site_name":"just-now.NEWS Deutschland","article_publisher":"https:\/\/www.facebook.com\/wirmachenauf","article_published_time":"2023-04-16T09:22:58+00:00","og_image":[{"width":460,"height":259,"url":"https:\/\/now-news.de\/de\/wp-content\/uploads\/sites\/3\/2023\/04\/Ungarn-kuendigt-Einfuhrstopp-fuer-ukrainisches-Getreide-an.jpg","type":"image\/jpeg"}],"author":"rtnews","twitter_card":"summary_large_image","twitter_creator":"@WirMachenAuf_de","twitter_site":"@WirMachenAuf_de","twitter_misc":{"Verfasst von":"rtnews","Gesch\u00e4tzte Lesezeit":"2\u00a0Minuten"},"schema":{"@context":"https:\/\/schema.org","@graph":[{"@type":"Article","@id":"https:\/\/now-news.de\/de\/deutschland\/ungarn-kuendigt-einfuhrstopp-fuer-ukrainisches-getreide-an\/#article","isPartOf":{"@id":"https:\/\/now-news.de\/de\/deutschland\/ungarn-kuendigt-einfuhrstopp-fuer-ukrainisches-getreide-an\/"},"author":{"name":"rtnews","@id":"https:\/\/now-news.de\/de\/#\/schema\/person\/fb534a4e865501d8b3285208df34a9b5"},"headline":"Ungarn k\u00fcndigt Einfuhrstopp f\u00fcr ukrainisches Getreide an","datePublished":"2023-04-16T09:22:58+00:00","dateModified":"2023-04-16T09:22:58+00:00","mainEntityOfPage":{"@id":"https:\/\/now-news.de\/de\/deutschland\/ungarn-kuendigt-einfuhrstopp-fuer-ukrainisches-getreide-an\/"},"wordCount":444,"commentCount":0,"publisher":{"@id":"https:\/\/now-news.de\/de\/#organization"},"image":{"@id":"https:\/\/now-news.de\/de\/deutschland\/ungarn-kuendigt-einfuhrstopp-fuer-ukrainisches-getreide-an\/#primaryimage"},"thumbnailUrl":"https:\/\/now-news.de\/de\/wp-content\/uploads\/sites\/3\/2023\/04\/Ungarn-kuendigt-Einfuhrstopp-fuer-ukrainisches-Getreide-an.jpg","keywords":["Einfuhrstopp","f\u00fcr","Getreide","k\u00fcndigt","Ukrainisches","Ungarn"],"articleSection":["Deutschland","Russland"],"inLanguage":"de","potentialAction":[{"@type":"CommentAction","name":"Comment","target":["https:\/\/now-news.de\/de\/deutschland\/ungarn-kuendigt-einfuhrstopp-fuer-ukrainisches-getreide-an\/#respond"]}]},{"@type":"WebPage","@id":"https:\/\/now-news.de\/de\/deutschland\/ungarn-kuendigt-einfuhrstopp-fuer-ukrainisches-getreide-an\/","url":"https:\/\/now-news.de\/de\/deutschland\/ungarn-kuendigt-einfuhrstopp-fuer-ukrainisches-getreide-an\/","name":"Ungarn k\u00fcndigt Einfuhrstopp f\u00fcr ukrainisches Getreide an - just-now.NEWS Deutschland","isPartOf":{"@id":"https:\/\/now-news.de\/de\/#website"},"primaryImageOfPage":{"@id":"https:\/\/now-news.de\/de\/deutschland\/ungarn-kuendigt-einfuhrstopp-fuer-ukrainisches-getreide-an\/#primaryimage"},"image":{"@id":"https:\/\/now-news.de\/de\/deutschland\/ungarn-kuendigt-einfuhrstopp-fuer-ukrainisches-getreide-an\/#primaryimage"},"thumbnailUrl":"https:\/\/now-news.de\/de\/wp-content\/uploads\/sites\/3\/2023\/04\/Ungarn-kuendigt-Einfuhrstopp-fuer-ukrainisches-Getreide-an.jpg","datePublished":"2023-04-16T09:22:58+00:00","dateModified":"2023-04-16T09:22:58+00:00","breadcrumb":{"@id":"https:\/\/now-news.de\/de\/deutschland\/ungarn-kuendigt-einfuhrstopp-fuer-ukrainisches-getreide-an\/#breadcrumb"},"inLanguage":"de","potentialAction":[{"@type":"ReadAction","target":["https:\/\/now-news.de\/de\/deutschland\/ungarn-kuendigt-einfuhrstopp-fuer-ukrainisches-getreide-an\/"]}]},{"@type":"ImageObject","inLanguage":"de","@id":"https:\/\/now-news.de\/de\/deutschland\/ungarn-kuendigt-einfuhrstopp-fuer-ukrainisches-getreide-an\/#primaryimage","url":"https:\/\/now-news.de\/de\/wp-content\/uploads\/sites\/3\/2023\/04\/Ungarn-kuendigt-Einfuhrstopp-fuer-ukrainisches-Getreide-an.jpg","contentUrl":"https:\/\/now-news.de\/de\/wp-content\/uploads\/sites\/3\/2023\/04\/Ungarn-kuendigt-Einfuhrstopp-fuer-ukrainisches-Getreide-an.jpg","width":460,"height":259,"caption":"Ungarn k\u00fcndigt Einfuhrstopp f\u00fcr ukrainisches Getreide an"},{"@type":"BreadcrumbList","@id":"https:\/\/now-news.de\/de\/deutschland\/ungarn-kuendigt-einfuhrstopp-fuer-ukrainisches-getreide-an\/#breadcrumb","itemListElement":[{"@type":"ListItem","position":1,"name":"Home","item":"https:\/\/now-news.de\/de\/"},{"@type":"ListItem","position":2,"name":"Ungarn k\u00fcndigt Einfuhrstopp f\u00fcr ukrainisches Getreide an"}]},{"@type":"WebSite","@id":"https:\/\/now-news.de\/de\/#website","url":"https:\/\/now-news.de\/de\/","name":"just-now.NEWS Deutschland","description":"Das Portal f\u00fcr unzensierte Nachrichten aus der Welt","publisher":{"@id":"https:\/\/now-news.de\/de\/#organization"},"potentialAction":[{"@type":"SearchAction","target":{"@type":"EntryPoint","urlTemplate":"https:\/\/now-news.de\/de\/?s={search_term_string}"},"query-input":"required name=search_term_string"}],"inLanguage":"de"},{"@type":"Organization","@id":"https:\/\/now-news.de\/de\/#organization","name":"Just Now News","url":"https:\/\/now-news.de\/de\/","logo":{"@type":"ImageObject","inLanguage":"de","@id":"https:\/\/now-news.de\/de\/#\/schema\/logo\/image\/","url":"http:\/\/just-now.news\/de\/wp-content\/uploads\/sites\/3\/2022\/04\/logo500x500.jpg","contentUrl":"http:\/\/just-now.news\/de\/wp-content\/uploads\/sites\/3\/2022\/04\/logo500x500.jpg","width":500,"height":500,"caption":"Just Now News"},"image":{"@id":"https:\/\/now-news.de\/de\/#\/schema\/logo\/image\/"},"sameAs":["https:\/\/www.facebook.com\/wirmachenauf","https:\/\/x.com\/WirMachenAuf_de"]},{"@type":"Person","@id":"https:\/\/now-news.de\/de\/#\/schema\/person\/fb534a4e865501d8b3285208df34a9b5","name":"rtnews","image":{"@type":"ImageObject","inLanguage":"de","@id":"https:\/\/now-news.de\/de\/#\/schema\/person\/image\/","url":"https:\/\/secure.gravatar.com\/avatar\/82aafea7d8127119dd649515f56e2117?s=96&d=mm&r=g","contentUrl":"https:\/\/secure.gravatar.com\/avatar\/82aafea7d8127119dd649515f56e2117?s=96&d=mm&r=g","caption":"rtnews"},"url":"https:\/\/now-news.de\/de\/author\/rnews\/"}]}},"_links":{"self":[{"href":"https:\/\/now-news.de\/de\/wp-json\/wp\/v2\/posts\/34198"}],"collection":[{"href":"https:\/\/now-news.de\/de\/wp-json\/wp\/v2\/posts"}],"about":[{"href":"https:\/\/now-news.de\/de\/wp-json\/wp\/v2\/types\/post"}],"author":[{"embeddable":true,"href":"https:\/\/now-news.de\/de\/wp-json\/wp\/v2\/users\/3"}],"replies":[{"embeddable":true,"href":"https:\/\/now-news.de\/de\/wp-json\/wp\/v2\/comments?post=34198"}],"version-history":[{"count":0,"href":"https:\/\/now-news.de\/de\/wp-json\/wp\/v2\/posts\/34198\/revisions"}],"wp:featuredmedia":[{"embeddable":true,"href":"https:\/\/now-news.de\/de\/wp-json\/wp\/v2\/media\/34199"}],"wp:attachment":[{"href":"https:\/\/now-news.de\/de\/wp-json\/wp\/v2\/media?parent=34198"}],"wp:term":[{"taxonomy":"category","embeddable":true,"href":"https:\/\/now-news.de\/de\/wp-json\/wp\/v2\/categories?post=34198"},{"taxonomy":"post_tag","embeddable":true,"href":"https:\/\/now-news.de\/de\/wp-json\/wp\/v2\/tags?post=34198"}],"curies":[{"name":"wp","href":"https:\/\/api.w.org\/{rel}","templated":true}]}}