{"id":34192,"date":"2023-04-16T07:15:42","date_gmt":"2023-04-16T05:15:42","guid":{"rendered":"https:\/\/just-now.news\/de\/deutschland\/500-tage-lang-unter-der-erde-isoliert-spanierin-stellt-neuen-weltrekord-auf\/"},"modified":"2023-04-16T07:15:42","modified_gmt":"2023-04-16T05:15:42","slug":"500-tage-lang-unter-der-erde-isoliert-spanierin-stellt-neuen-weltrekord-auf","status":"publish","type":"post","link":"https:\/\/now-news.de\/de\/deutschland\/500-tage-lang-unter-der-erde-isoliert-spanierin-stellt-neuen-weltrekord-auf\/","title":{"rendered":"500 Tage lang unter der Erde isoliert: Spanierin stellt neuen Weltrekord auf"},"content":{"rendered":"<p><img decoding=\"async\" src=\"http:\/\/just-now.news\/de\/wp-content\/uploads\/sites\/3\/2023\/04\/64395d22b480cc7e7a4db742.jpg\" \/><\/p>\n<div class=\"Text-root Text-type_1 \">\n                Mehr als ein Jahr freiwillig ohne Kontakt zur Au\u00dfenwelt in 70 Metern Tiefe: Darauf lie\u00df sich eine Spanierin ein \u2013 im Dienste der Wissenschaft. Am Freitag kletterte sie wieder hinauf, mit einem neuen Weltrekord im Gep\u00e4ck. Nun werden die Folgen auf ihre Gesundheit untersucht.\n            <\/div>\n<p><\/p>\n<div class=\"Text-root Text-type_5 ArticleView-text ViewText-root \">\n<p>Die Spanierin Beatriz Flamini hat 500 Tage in einer H\u00f6hle in circa 70 Metern Tiefe ohne Kontakt zur Au\u00dfenwelt verbracht und damit einen neuen Weltrekord aufgestellt. \u00a0<\/p>\n<p>Flamini war am 20. November 2021 in eine H\u00f6hle in S\u00fcdspanien hinabgestiegen und verlie\u00df sie an diesem Freitag. Die Probandin sagte zu Journalisten, sie brauche zun\u00e4chst eine Dusche und werde sp\u00e4ter alle Fragen beantworten.<\/p>\n<p>Das Experiment war Teil des Timecave-Projekts, das die psychischen und physischen Folgen von Extrembedingungen untersucht. Eineinhalb Jahre lang beobachtete das Forscherteam mithilfe von \u00dcberwachungskameras und Aufzeichnungen, wie sich soziale Isolation und zeitliche Desorientierung auf Flamini und ihre Zeitwahrnehmung auswirkten. Die Forscher wollten R\u00fcckschl\u00fcsse auf die Funktionsweise ihres Gehirns in Abwesenheit von Signalen ziehen, die im normalen Leben unseren Schlaf- und Wachrhythmus bestimmen.<\/p>\n<p>Obwohl die winzige H\u00f6hle \u00fcber Strom, Internet und Wasser verf\u00fcgte, konnte Flamini keine Nachrichten von au\u00dfen empfangen. Sie machte jedoch Notizen und schickte Videobotschaften, die sp\u00e4ter Teil eines Dokumentarfilms werden sollen.\u00a0Die Frau hatte keine Uhr und keine andere M\u00f6glichkeit, die Zeit zu messen. &#8220;Die Zeit vergeht nicht. Es ist immer vier Uhr morgens&#8221;, sagte sie in einem Video, das sie an ihr Team schickte.<\/p>\n<p>Nahrung und Wasser erhielt sie an einem Verbindungspunkt in der H\u00f6hle, an dem es unm\u00f6glich war, miteinander zu kommunizieren. Um sich nicht zu langweilen, las Flamini B\u00fccher, malte und strickte Wollm\u00fctzen. Sie muss sich nun einer medizinischen Untersuchung unterziehen,\u00a0die ihren Gesundheitszustand beurteilen soll.<\/p>\n<p>Den bisherigen Rekord hielt der Serbe Milutin Veljkovi\u0107, der 463 Tage in einer H\u00f6hle verbracht hatte. In dieser Zeit war ihm jedoch gestattet, gelegentlich Gespr\u00e4che mit Pressevertretern zu f\u00fchren.<\/p>\n<p><strong>Mehr zum Thema<\/strong> &#8211; <a rel=\"nofollow noopener\" target=\"_blank\" href=\"https:\/\/gegenzensur.rtde.live\/kurzclips\/video\/167434-ich-moechte-dass-menschen-freundlich\/\">&#8220;Ich m\u00f6chte, dass die Menschen freundlich zueinander sind&#8221; \u2013 Vierj\u00e4hriger Autor bricht Weltrekord<\/a><\/p>\n<\/div>\n<p><br \/>\n<br \/><a href=\"https:\/\/de.rt.com\/gesellschaft\/167741-500-tage-lang-unter-erde\/\">Source link <\/a><\/p>\n","protected":false},"excerpt":{"rendered":"<p>Mehr als ein Jahr freiwillig ohne Kontakt zur Au\u00dfenwelt in 70 Metern Tiefe: Darauf lie\u00df sich eine Spanierin ein \u2013 im Dienste der Wissenschaft. Am Freitag kletterte sie wieder hinauf, mit einem neuen Weltrekord im Gep\u00e4ck. Nun werden die Folgen auf ihre Gesundheit untersucht. Die Spanierin Beatriz Flamini hat 500 Tage in einer H\u00f6hle in [&hellip;]<\/p>\n","protected":false},"author":3,"featured_media":34193,"comment_status":"open","ping_status":"open","sticky":false,"template":"","format":"standard","meta":{"_yoast_indexnow_last_ping":["1681623000"],"wp_automatic_camp":["217"],"e9ea1406bd53fca1f96b053f0800bb61":["500 Tage lang unter der Erde isoliert: Spanierin stellt neuen Weltrekord auf"],"original_link":["https:\/\/de.rt.com\/gesellschaft\/167741-500-tage-lang-unter-erde\/"],"_thumbnail_id":["34193"],"_wptgpro_p2tg_sent2tg":["a:1:{i:23737;s:19:\"2023-04-16 07:31:09\";}"],"jnews_social_counter_last_update":["1777176140"]},"categories":[19,23],"tags":[133,82,2962,8349,3655,213,43166,15979,3654,908,43167],"yoast_head":"<!-- This site is optimized with the Yoast SEO Premium plugin v22.7 (Yoast SEO v22.7) - https:\/\/yoast.com\/wordpress\/plugins\/seo\/ -->\n<title>500 Tage lang unter der Erde isoliert: Spanierin stellt neuen Weltrekord auf - just-now.NEWS Deutschland<\/title>\n<meta name=\"robots\" content=\"index, follow, max-snippet:-1, max-image-preview:large, max-video-preview:-1\" \/>\n<link rel=\"canonical\" href=\"https:\/\/now-news.de\/de\/deutschland\/500-tage-lang-unter-der-erde-isoliert-spanierin-stellt-neuen-weltrekord-auf\/\" \/>\n<meta property=\"og:locale\" content=\"de_DE\" \/>\n<meta property=\"og:type\" content=\"article\" \/>\n<meta property=\"og:title\" content=\"500 Tage lang unter der Erde isoliert: Spanierin stellt neuen Weltrekord auf\" \/>\n<meta property=\"og:description\" content=\"Mehr als ein Jahr freiwillig ohne Kontakt zur Au\u00dfenwelt in 70 Metern Tiefe: Darauf lie\u00df sich eine Spanierin ein \u2013 im Dienste der Wissenschaft. Am Freitag kletterte sie wieder hinauf, mit einem neuen Weltrekord im Gep\u00e4ck. Nun werden die Folgen auf ihre Gesundheit untersucht. Die Spanierin Beatriz Flamini hat 500 Tage in einer H\u00f6hle in [&hellip;]\" \/>\n<meta property=\"og:url\" content=\"https:\/\/now-news.de\/de\/deutschland\/500-tage-lang-unter-der-erde-isoliert-spanierin-stellt-neuen-weltrekord-auf\/\" \/>\n<meta property=\"og:site_name\" content=\"just-now.NEWS Deutschland\" \/>\n<meta property=\"article:publisher\" content=\"https:\/\/www.facebook.com\/wirmachenauf\" \/>\n<meta property=\"article:published_time\" content=\"2023-04-16T05:15:42+00:00\" \/>\n<meta property=\"og:image\" content=\"https:\/\/now-news.de\/de\/wp-content\/uploads\/sites\/3\/2023\/04\/500-Tage-lang-unter-der-Erde-isoliert-Spanierin-stellt-neuen.jpg\" \/>\n\t<meta property=\"og:image:width\" content=\"460\" \/>\n\t<meta property=\"og:image:height\" content=\"259\" \/>\n\t<meta property=\"og:image:type\" content=\"image\/jpeg\" \/>\n<meta name=\"author\" content=\"rtnews\" \/>\n<meta name=\"twitter:card\" content=\"summary_large_image\" \/>\n<meta name=\"twitter:creator\" content=\"@WirMachenAuf_de\" \/>\n<meta name=\"twitter:site\" content=\"@WirMachenAuf_de\" \/>\n<meta name=\"twitter:label1\" content=\"Verfasst von\" \/>\n\t<meta name=\"twitter:data1\" content=\"rtnews\" \/>\n\t<meta name=\"twitter:label2\" content=\"Gesch\u00e4tzte Lesezeit\" \/>\n\t<meta name=\"twitter:data2\" content=\"2\u00a0Minuten\" \/>\n<script type=\"application\/ld+json\" class=\"yoast-schema-graph\">{\"@context\":\"https:\/\/schema.org\",\"@graph\":[{\"@type\":\"Article\",\"@id\":\"https:\/\/now-news.de\/de\/deutschland\/500-tage-lang-unter-der-erde-isoliert-spanierin-stellt-neuen-weltrekord-auf\/#article\",\"isPartOf\":{\"@id\":\"https:\/\/now-news.de\/de\/deutschland\/500-tage-lang-unter-der-erde-isoliert-spanierin-stellt-neuen-weltrekord-auf\/\"},\"author\":{\"name\":\"rtnews\",\"@id\":\"https:\/\/now-news.de\/de\/#\/schema\/person\/fb534a4e865501d8b3285208df34a9b5\"},\"headline\":\"500 Tage lang unter der Erde isoliert: Spanierin stellt neuen Weltrekord auf\",\"datePublished\":\"2023-04-16T05:15:42+00:00\",\"dateModified\":\"2023-04-16T05:15:42+00:00\",\"mainEntityOfPage\":{\"@id\":\"https:\/\/now-news.de\/de\/deutschland\/500-tage-lang-unter-der-erde-isoliert-spanierin-stellt-neuen-weltrekord-auf\/\"},\"wordCount\":351,\"commentCount\":0,\"publisher\":{\"@id\":\"https:\/\/now-news.de\/de\/#organization\"},\"image\":{\"@id\":\"https:\/\/now-news.de\/de\/deutschland\/500-tage-lang-unter-der-erde-isoliert-spanierin-stellt-neuen-weltrekord-auf\/#primaryimage\"},\"thumbnailUrl\":\"https:\/\/now-news.de\/de\/wp-content\/uploads\/sites\/3\/2023\/04\/500-Tage-lang-unter-der-Erde-isoliert-Spanierin-stellt-neuen.jpg\",\"keywords\":[\"AUF\",\"der\",\"Erde\",\"isoliert\",\"lang\",\"neuen\",\"Spanierin\",\"stellt\",\"Tage\",\"unter\",\"Weltrekord\"],\"articleSection\":[\"Deutschland\",\"Russland\"],\"inLanguage\":\"de\",\"potentialAction\":[{\"@type\":\"CommentAction\",\"name\":\"Comment\",\"target\":[\"https:\/\/now-news.de\/de\/deutschland\/500-tage-lang-unter-der-erde-isoliert-spanierin-stellt-neuen-weltrekord-auf\/#respond\"]}]},{\"@type\":\"WebPage\",\"@id\":\"https:\/\/now-news.de\/de\/deutschland\/500-tage-lang-unter-der-erde-isoliert-spanierin-stellt-neuen-weltrekord-auf\/\",\"url\":\"https:\/\/now-news.de\/de\/deutschland\/500-tage-lang-unter-der-erde-isoliert-spanierin-stellt-neuen-weltrekord-auf\/\",\"name\":\"500 Tage lang unter der Erde isoliert: Spanierin stellt neuen Weltrekord auf - just-now.NEWS Deutschland\",\"isPartOf\":{\"@id\":\"https:\/\/now-news.de\/de\/#website\"},\"primaryImageOfPage\":{\"@id\":\"https:\/\/now-news.de\/de\/deutschland\/500-tage-lang-unter-der-erde-isoliert-spanierin-stellt-neuen-weltrekord-auf\/#primaryimage\"},\"image\":{\"@id\":\"https:\/\/now-news.de\/de\/deutschland\/500-tage-lang-unter-der-erde-isoliert-spanierin-stellt-neuen-weltrekord-auf\/#primaryimage\"},\"thumbnailUrl\":\"https:\/\/now-news.de\/de\/wp-content\/uploads\/sites\/3\/2023\/04\/500-Tage-lang-unter-der-Erde-isoliert-Spanierin-stellt-neuen.jpg\",\"datePublished\":\"2023-04-16T05:15:42+00:00\",\"dateModified\":\"2023-04-16T05:15:42+00:00\",\"breadcrumb\":{\"@id\":\"https:\/\/now-news.de\/de\/deutschland\/500-tage-lang-unter-der-erde-isoliert-spanierin-stellt-neuen-weltrekord-auf\/#breadcrumb\"},\"inLanguage\":\"de\",\"potentialAction\":[{\"@type\":\"ReadAction\",\"target\":[\"https:\/\/now-news.de\/de\/deutschland\/500-tage-lang-unter-der-erde-isoliert-spanierin-stellt-neuen-weltrekord-auf\/\"]}]},{\"@type\":\"ImageObject\",\"inLanguage\":\"de\",\"@id\":\"https:\/\/now-news.de\/de\/deutschland\/500-tage-lang-unter-der-erde-isoliert-spanierin-stellt-neuen-weltrekord-auf\/#primaryimage\",\"url\":\"https:\/\/now-news.de\/de\/wp-content\/uploads\/sites\/3\/2023\/04\/500-Tage-lang-unter-der-Erde-isoliert-Spanierin-stellt-neuen.jpg\",\"contentUrl\":\"https:\/\/now-news.de\/de\/wp-content\/uploads\/sites\/3\/2023\/04\/500-Tage-lang-unter-der-Erde-isoliert-Spanierin-stellt-neuen.jpg\",\"width\":460,\"height\":259,\"caption\":\"500 Tage lang unter der Erde isoliert: Spanierin stellt neuen Weltrekord auf\"},{\"@type\":\"BreadcrumbList\",\"@id\":\"https:\/\/now-news.de\/de\/deutschland\/500-tage-lang-unter-der-erde-isoliert-spanierin-stellt-neuen-weltrekord-auf\/#breadcrumb\",\"itemListElement\":[{\"@type\":\"ListItem\",\"position\":1,\"name\":\"Home\",\"item\":\"https:\/\/now-news.de\/de\/\"},{\"@type\":\"ListItem\",\"position\":2,\"name\":\"500 Tage lang unter der Erde isoliert: Spanierin stellt neuen Weltrekord auf\"}]},{\"@type\":\"WebSite\",\"@id\":\"https:\/\/now-news.de\/de\/#website\",\"url\":\"https:\/\/now-news.de\/de\/\",\"name\":\"just-now.NEWS Deutschland\",\"description\":\"Das Portal f\u00fcr unzensierte Nachrichten aus der Welt\",\"publisher\":{\"@id\":\"https:\/\/now-news.de\/de\/#organization\"},\"potentialAction\":[{\"@type\":\"SearchAction\",\"target\":{\"@type\":\"EntryPoint\",\"urlTemplate\":\"https:\/\/now-news.de\/de\/?s={search_term_string}\"},\"query-input\":\"required name=search_term_string\"}],\"inLanguage\":\"de\"},{\"@type\":\"Organization\",\"@id\":\"https:\/\/now-news.de\/de\/#organization\",\"name\":\"Just Now News\",\"url\":\"https:\/\/now-news.de\/de\/\",\"logo\":{\"@type\":\"ImageObject\",\"inLanguage\":\"de\",\"@id\":\"https:\/\/now-news.de\/de\/#\/schema\/logo\/image\/\",\"url\":\"http:\/\/just-now.news\/de\/wp-content\/uploads\/sites\/3\/2022\/04\/logo500x500.jpg\",\"contentUrl\":\"http:\/\/just-now.news\/de\/wp-content\/uploads\/sites\/3\/2022\/04\/logo500x500.jpg\",\"width\":500,\"height\":500,\"caption\":\"Just Now News\"},\"image\":{\"@id\":\"https:\/\/now-news.de\/de\/#\/schema\/logo\/image\/\"},\"sameAs\":[\"https:\/\/www.facebook.com\/wirmachenauf\",\"https:\/\/x.com\/WirMachenAuf_de\"]},{\"@type\":\"Person\",\"@id\":\"https:\/\/now-news.de\/de\/#\/schema\/person\/fb534a4e865501d8b3285208df34a9b5\",\"name\":\"rtnews\",\"image\":{\"@type\":\"ImageObject\",\"inLanguage\":\"de\",\"@id\":\"https:\/\/now-news.de\/de\/#\/schema\/person\/image\/\",\"url\":\"https:\/\/secure.gravatar.com\/avatar\/82aafea7d8127119dd649515f56e2117?s=96&d=mm&r=g\",\"contentUrl\":\"https:\/\/secure.gravatar.com\/avatar\/82aafea7d8127119dd649515f56e2117?s=96&d=mm&r=g\",\"caption\":\"rtnews\"},\"url\":\"https:\/\/now-news.de\/de\/author\/rnews\/\"}]}<\/script>\n<!-- \/ Yoast SEO Premium plugin. -->","yoast_head_json":{"title":"500 Tage lang unter der Erde isoliert: Spanierin stellt neuen Weltrekord auf - just-now.NEWS Deutschland","robots":{"index":"index","follow":"follow","max-snippet":"max-snippet:-1","max-image-preview":"max-image-preview:large","max-video-preview":"max-video-preview:-1"},"canonical":"https:\/\/now-news.de\/de\/deutschland\/500-tage-lang-unter-der-erde-isoliert-spanierin-stellt-neuen-weltrekord-auf\/","og_locale":"de_DE","og_type":"article","og_title":"500 Tage lang unter der Erde isoliert: Spanierin stellt neuen Weltrekord auf","og_description":"Mehr als ein Jahr freiwillig ohne Kontakt zur Au\u00dfenwelt in 70 Metern Tiefe: Darauf lie\u00df sich eine Spanierin ein \u2013 im Dienste der Wissenschaft. Am Freitag kletterte sie wieder hinauf, mit einem neuen Weltrekord im Gep\u00e4ck. Nun werden die Folgen auf ihre Gesundheit untersucht. Die Spanierin Beatriz Flamini hat 500 Tage in einer H\u00f6hle in [&hellip;]","og_url":"https:\/\/now-news.de\/de\/deutschland\/500-tage-lang-unter-der-erde-isoliert-spanierin-stellt-neuen-weltrekord-auf\/","og_site_name":"just-now.NEWS Deutschland","article_publisher":"https:\/\/www.facebook.com\/wirmachenauf","article_published_time":"2023-04-16T05:15:42+00:00","og_image":[{"width":460,"height":259,"url":"https:\/\/now-news.de\/de\/wp-content\/uploads\/sites\/3\/2023\/04\/500-Tage-lang-unter-der-Erde-isoliert-Spanierin-stellt-neuen.jpg","type":"image\/jpeg"}],"author":"rtnews","twitter_card":"summary_large_image","twitter_creator":"@WirMachenAuf_de","twitter_site":"@WirMachenAuf_de","twitter_misc":{"Verfasst von":"rtnews","Gesch\u00e4tzte Lesezeit":"2\u00a0Minuten"},"schema":{"@context":"https:\/\/schema.org","@graph":[{"@type":"Article","@id":"https:\/\/now-news.de\/de\/deutschland\/500-tage-lang-unter-der-erde-isoliert-spanierin-stellt-neuen-weltrekord-auf\/#article","isPartOf":{"@id":"https:\/\/now-news.de\/de\/deutschland\/500-tage-lang-unter-der-erde-isoliert-spanierin-stellt-neuen-weltrekord-auf\/"},"author":{"name":"rtnews","@id":"https:\/\/now-news.de\/de\/#\/schema\/person\/fb534a4e865501d8b3285208df34a9b5"},"headline":"500 Tage lang unter der Erde isoliert: Spanierin stellt neuen Weltrekord auf","datePublished":"2023-04-16T05:15:42+00:00","dateModified":"2023-04-16T05:15:42+00:00","mainEntityOfPage":{"@id":"https:\/\/now-news.de\/de\/deutschland\/500-tage-lang-unter-der-erde-isoliert-spanierin-stellt-neuen-weltrekord-auf\/"},"wordCount":351,"commentCount":0,"publisher":{"@id":"https:\/\/now-news.de\/de\/#organization"},"image":{"@id":"https:\/\/now-news.de\/de\/deutschland\/500-tage-lang-unter-der-erde-isoliert-spanierin-stellt-neuen-weltrekord-auf\/#primaryimage"},"thumbnailUrl":"https:\/\/now-news.de\/de\/wp-content\/uploads\/sites\/3\/2023\/04\/500-Tage-lang-unter-der-Erde-isoliert-Spanierin-stellt-neuen.jpg","keywords":["AUF","der","Erde","isoliert","lang","neuen","Spanierin","stellt","Tage","unter","Weltrekord"],"articleSection":["Deutschland","Russland"],"inLanguage":"de","potentialAction":[{"@type":"CommentAction","name":"Comment","target":["https:\/\/now-news.de\/de\/deutschland\/500-tage-lang-unter-der-erde-isoliert-spanierin-stellt-neuen-weltrekord-auf\/#respond"]}]},{"@type":"WebPage","@id":"https:\/\/now-news.de\/de\/deutschland\/500-tage-lang-unter-der-erde-isoliert-spanierin-stellt-neuen-weltrekord-auf\/","url":"https:\/\/now-news.de\/de\/deutschland\/500-tage-lang-unter-der-erde-isoliert-spanierin-stellt-neuen-weltrekord-auf\/","name":"500 Tage lang unter der Erde isoliert: Spanierin stellt neuen Weltrekord auf - just-now.NEWS Deutschland","isPartOf":{"@id":"https:\/\/now-news.de\/de\/#website"},"primaryImageOfPage":{"@id":"https:\/\/now-news.de\/de\/deutschland\/500-tage-lang-unter-der-erde-isoliert-spanierin-stellt-neuen-weltrekord-auf\/#primaryimage"},"image":{"@id":"https:\/\/now-news.de\/de\/deutschland\/500-tage-lang-unter-der-erde-isoliert-spanierin-stellt-neuen-weltrekord-auf\/#primaryimage"},"thumbnailUrl":"https:\/\/now-news.de\/de\/wp-content\/uploads\/sites\/3\/2023\/04\/500-Tage-lang-unter-der-Erde-isoliert-Spanierin-stellt-neuen.jpg","datePublished":"2023-04-16T05:15:42+00:00","dateModified":"2023-04-16T05:15:42+00:00","breadcrumb":{"@id":"https:\/\/now-news.de\/de\/deutschland\/500-tage-lang-unter-der-erde-isoliert-spanierin-stellt-neuen-weltrekord-auf\/#breadcrumb"},"inLanguage":"de","potentialAction":[{"@type":"ReadAction","target":["https:\/\/now-news.de\/de\/deutschland\/500-tage-lang-unter-der-erde-isoliert-spanierin-stellt-neuen-weltrekord-auf\/"]}]},{"@type":"ImageObject","inLanguage":"de","@id":"https:\/\/now-news.de\/de\/deutschland\/500-tage-lang-unter-der-erde-isoliert-spanierin-stellt-neuen-weltrekord-auf\/#primaryimage","url":"https:\/\/now-news.de\/de\/wp-content\/uploads\/sites\/3\/2023\/04\/500-Tage-lang-unter-der-Erde-isoliert-Spanierin-stellt-neuen.jpg","contentUrl":"https:\/\/now-news.de\/de\/wp-content\/uploads\/sites\/3\/2023\/04\/500-Tage-lang-unter-der-Erde-isoliert-Spanierin-stellt-neuen.jpg","width":460,"height":259,"caption":"500 Tage lang unter der Erde isoliert: Spanierin stellt neuen Weltrekord auf"},{"@type":"BreadcrumbList","@id":"https:\/\/now-news.de\/de\/deutschland\/500-tage-lang-unter-der-erde-isoliert-spanierin-stellt-neuen-weltrekord-auf\/#breadcrumb","itemListElement":[{"@type":"ListItem","position":1,"name":"Home","item":"https:\/\/now-news.de\/de\/"},{"@type":"ListItem","position":2,"name":"500 Tage lang unter der Erde isoliert: Spanierin stellt neuen Weltrekord auf"}]},{"@type":"WebSite","@id":"https:\/\/now-news.de\/de\/#website","url":"https:\/\/now-news.de\/de\/","name":"just-now.NEWS Deutschland","description":"Das Portal f\u00fcr unzensierte Nachrichten aus der Welt","publisher":{"@id":"https:\/\/now-news.de\/de\/#organization"},"potentialAction":[{"@type":"SearchAction","target":{"@type":"EntryPoint","urlTemplate":"https:\/\/now-news.de\/de\/?s={search_term_string}"},"query-input":"required name=search_term_string"}],"inLanguage":"de"},{"@type":"Organization","@id":"https:\/\/now-news.de\/de\/#organization","name":"Just Now News","url":"https:\/\/now-news.de\/de\/","logo":{"@type":"ImageObject","inLanguage":"de","@id":"https:\/\/now-news.de\/de\/#\/schema\/logo\/image\/","url":"http:\/\/just-now.news\/de\/wp-content\/uploads\/sites\/3\/2022\/04\/logo500x500.jpg","contentUrl":"http:\/\/just-now.news\/de\/wp-content\/uploads\/sites\/3\/2022\/04\/logo500x500.jpg","width":500,"height":500,"caption":"Just Now News"},"image":{"@id":"https:\/\/now-news.de\/de\/#\/schema\/logo\/image\/"},"sameAs":["https:\/\/www.facebook.com\/wirmachenauf","https:\/\/x.com\/WirMachenAuf_de"]},{"@type":"Person","@id":"https:\/\/now-news.de\/de\/#\/schema\/person\/fb534a4e865501d8b3285208df34a9b5","name":"rtnews","image":{"@type":"ImageObject","inLanguage":"de","@id":"https:\/\/now-news.de\/de\/#\/schema\/person\/image\/","url":"https:\/\/secure.gravatar.com\/avatar\/82aafea7d8127119dd649515f56e2117?s=96&d=mm&r=g","contentUrl":"https:\/\/secure.gravatar.com\/avatar\/82aafea7d8127119dd649515f56e2117?s=96&d=mm&r=g","caption":"rtnews"},"url":"https:\/\/now-news.de\/de\/author\/rnews\/"}]}},"_links":{"self":[{"href":"https:\/\/now-news.de\/de\/wp-json\/wp\/v2\/posts\/34192"}],"collection":[{"href":"https:\/\/now-news.de\/de\/wp-json\/wp\/v2\/posts"}],"about":[{"href":"https:\/\/now-news.de\/de\/wp-json\/wp\/v2\/types\/post"}],"author":[{"embeddable":true,"href":"https:\/\/now-news.de\/de\/wp-json\/wp\/v2\/users\/3"}],"replies":[{"embeddable":true,"href":"https:\/\/now-news.de\/de\/wp-json\/wp\/v2\/comments?post=34192"}],"version-history":[{"count":0,"href":"https:\/\/now-news.de\/de\/wp-json\/wp\/v2\/posts\/34192\/revisions"}],"wp:featuredmedia":[{"embeddable":true,"href":"https:\/\/now-news.de\/de\/wp-json\/wp\/v2\/media\/34193"}],"wp:attachment":[{"href":"https:\/\/now-news.de\/de\/wp-json\/wp\/v2\/media?parent=34192"}],"wp:term":[{"taxonomy":"category","embeddable":true,"href":"https:\/\/now-news.de\/de\/wp-json\/wp\/v2\/categories?post=34192"},{"taxonomy":"post_tag","embeddable":true,"href":"https:\/\/now-news.de\/de\/wp-json\/wp\/v2\/tags?post=34192"}],"curies":[{"name":"wp","href":"https:\/\/api.w.org\/{rel}","templated":true}]}}