{"id":34082,"date":"2023-04-13T18:45:36","date_gmt":"2023-04-13T16:45:36","guid":{"rendered":"http:\/\/just-now.news\/de\/deutschland\/fsb-veroeffentlicht-archivdokumente-ueber-massenmorde-an-sowjetischen-kriegsgefangenen\/"},"modified":"2023-04-13T18:45:36","modified_gmt":"2023-04-13T16:45:36","slug":"fsb-veroeffentlicht-archivdokumente-ueber-massenmorde-an-sowjetischen-kriegsgefangenen","status":"publish","type":"post","link":"https:\/\/now-news.de\/de\/deutschland\/fsb-veroeffentlicht-archivdokumente-ueber-massenmorde-an-sowjetischen-kriegsgefangenen\/","title":{"rendered":"FSB ver\u00f6ffentlicht Archivdokumente \u00fcber Massenmorde an sowjetischen Kriegsgefangenen"},"content":{"rendered":"<p><img decoding=\"async\" src=\"http:\/\/just-now.news\/de\/wp-content\/uploads\/sites\/3\/2023\/04\/64382296b480cc4a781c6b96.jpg\" \/><\/p>\n<div class=\"Text-root Text-type_1 \">\n                Mahlzeiten aus verendeten Pferden, Schlaf im Stehen, willk\u00fcrliche Erschie\u00dfungen und aufgehetzte Hunde zur &#8220;Aufrechterhaltung der Ordnung&#8221; \u2013 die vom russischen Inlandsgeheimdienst FSB ver\u00f6ffentlichten Archivakten geben grausame Einblicke in die Behandlung sowjetischer Kriegsgefangener durch die Wehrmacht.\n            <\/div>\n<p><\/p>\n<div class=\"Text-root Text-type_5 ArticleView-text ViewText-root \">\n<p>Am 19. April 2023 j\u00e4hrt sich zum 80. Mal die Herausgabe des Dekrets Nr. 39 des Obersten Sowjets der UdSSR. Das auf dem H\u00f6hepunkt des Gro\u00dfen Vaterl\u00e4ndischen Krieges erlassene Dokument stellte Morde und Misshandlungen an der sowjetischen Zivilbev\u00f6lkerung und kriegsgefangenen Rotarmisten durch Milit\u00e4rangeh\u00f6rige des Dritten Reiches und seiner Verb\u00fcndeten sowie durch einheimische Kollaborateure unter Todesstrafe oder langj\u00e4hrige Haftstrafen. Die Ermittlung und Verfolgung entsprechender Verbrechen wurde zu einer der Aufgaben der ebenfalls am 19. April 1943 gegr\u00fcndeten Spionageabwehrbeh\u00f6rde Smersch.<\/p>\n<p>Anl\u00e4sslich des bevorstehenden Jubil\u00e4ums des Erlasses Nr. 39 machte Russlands Inlandsgeheimdienst FSB mehrere Akten aus russischen Archiven der \u00d6ffentlichkeit zug\u00e4nglich. Die Dokumente geben Einblick in die praktische Umsetzung des Dekrets und decken die unmenschlichen Verbrechen der Wehrmacht an sowjetischen Zivilisten und Kriegsgefangenen auf.<\/p>\n<p>Ein Teil der ver\u00f6ffentlichten Unterlagen betrifft das unter der Abk\u00fcrzung Dulag-205 bekannte Durchgangslager f\u00fcr kriegsgefangene Rotarmisten. Das Lager, das mehrmals seinen Standort wechselte, befand sich zuletzt in der N\u00e4he des Dorfs Alexejewka bei Stalingrad und wurde im Januar 1943 von der Roten Armee befreit. Smersch-Chef Wiktor Abakumow berichtete dar\u00fcber dem stellvertretenden Leiter des sowjetischen Verteidigungskomitees, Wjatscheslaw Molotow, am 2. September 1943:<\/p>\n<blockquote>\n<p><em>&#8220;Auf dem Gebiet des Lagers und in seiner N\u00e4he wurden Tausende Leichen von kriegsgefangenen Rotarmisten und Kommandeuren gefunden, die an Unterern\u00e4hrung und Hunger starben, sowie einige Hundert maltr\u00e4tierte, ausgehungerte und \u00e4u\u00dferst ersch\u00f6pfte ehemalige Angeh\u00f6rige der Roten Armee befreit.&#8221;<\/em><\/p>\n<\/blockquote>\n<p>Abakumow verwies in seinem Bericht unter Berufung auf gefangengenommene deutsche Offiziere, dass das Oberkommando der Wehrmacht eine Vernichtung sowjetischer Kriegsgefangener als &#8220;Untermenschen&#8221; direkt anordnete. Hierzu zitierte er unter anderem Wilhelm Langheld, NSDAP-Mitglied und gefangen genommener Abwehroffizier:<\/p>\n<blockquote>\n<p><em>&#8220;In der deutschen Armee gab es in Bezug auf die Russen eine \u00dcberzeugung, die f\u00fcr uns Gesetz war: Die Russen seien ein minderwertiges Volk, das keine Kultur habe. \u2026 Wir wussten auch, dass es viele Russen gibt und m\u00f6glichst viele von ihnen vernichtet werden m\u00fcssen.&#8221;<\/em><\/p>\n<\/blockquote>\n<p>Wie diese Vernichtungspolitik im Einzelnen umgesetzt wurde, zeigt unter anderem das Verh\u00f6rprotokoll des ehemaligen Kommandanten von Dulag-205, Oberst Rudolf Kerpert, vom 23. Juni 1943. Seinen Angaben zufolge bestand das Lager aus insgesamt acht Erdh\u00fctten f\u00fcr je 150 Personen und war damit f\u00fcr maximal 1.200 Gefangene ausgelegt. Es gab keine Pritschen oder sonstige Liegepl\u00e4tze, die Gefangenen sollten auf dem Erdboden schlafen. Tats\u00e4chlich seien bis Dezember 1942 in dem Lager mindestens 3.400 gefangene Rotarmisten untergebracht worden. Daneben h\u00e4tten sich im Lager bis zu 300 zus\u00e4tzliche Personen befunden, darunter Frauen, Zivilisten im wehrpflichtigen Alter und &#8220;Freiwillige&#8221;, die zur Arbeit nach Deutschland geschickt werden sollten. Kerpert r\u00e4umte jedoch ein, dass diese Zahlen ungenau seien, da keine Namenslisten gef\u00fchrt wurden.<\/p>\n<p>Konstantin Krupatschenko, der als Angeh\u00f6riger der 171. Sch\u00fctzendivision der Roten Armee im Fr\u00fchherbst 1942 in Kriegsgefangenschaft geriet und f\u00fcnf Monate im Dulag-205 verbrachte, sch\u00e4tzte die Anzahl der Insassen noch h\u00f6her, auf insgesamt 5.000 Personen. \u00dcber das Leben in einer \u00fcberf\u00fcllten Erdh\u00fctte erz\u00e4hlte er am 24. Juli 1943:<\/p>\n<blockquote>\n<p><em>&#8220;Die Gefangenen schliefen in den Erdh\u00fctten ohne jegliche Unterlage, es war sehr gedr\u00e4ngt und eng. Die Gefangenen konnten sich nie ausruhen, da sie im Stehen oder Sitzen schlafen mussten; der Platz reichte nicht aus. In den Erdh\u00fctten gab es viele L\u00e4use. \u2026 Ein Bad gab es nicht, w\u00e4hrend des ganzen f\u00fcnfmonatigen Aufenthalts im Lager konnte ich mich kein einziges Mal waschen.&#8221;<\/em><\/p>\n<\/blockquote>\n<p>Der Adjutant des Lagerkommandanten, Oberleutnant und NSDAP-Mitglied Otto Meder, schilderte bei seinem Verh\u00f6r am 27. August 1943 zudem, dass selbst in einer solchen Enge nicht alle Insassen Platz in den Erdh\u00fctten fanden und gezwungen waren, den Winter 1942\/43 unter freiem Himmel zu verbringen.<\/p>\n<p>Nicht besser waren die Zust\u00e4nde bei der Verpflegung der Gefangenen. Laut Kerpert war die Versorgung des Lagers mit Lebensmitteln bereits vor der Einkesselung der 6. Armee bei Stalingrad unzureichend und endete nach dem 5. Dezember 1942 ganz. Seitdem bestand die Ration der Insassen aus etwa einem Liter Br\u00fche pro Tag, die aus verendeten Pferden gekocht wurde. Krupatschenko wurde Zeuge mehrerer F\u00e4lle von Kannibalismus. Meder vermutete indessen bei seinem Verh\u00f6r, dass trotz der Einkesselung eine Reduzierung der Rationen der deutschen Soldaten &#8220;um ein bis zwei Gramm&#8221; eine Verpflegung der russischen Gefangenen m\u00f6glich gemacht h\u00e4tte.<\/p>\n<p>Die unmenschlichen Bedingungen forderten eine massive Anzahl Todesopfer, in allen Verh\u00f6rprotokollen erscheinen Aussagen von Dutzenden Toten pro Tag. Aufgrund der nicht erfolgten Registrierung der Gefangenen lassen sich die Opferzahlen kaum pr\u00e4zisieren. So sprach Kerpert von etwa 2.000 Hungertoten, Meder von etwa 3.000, w\u00e4hrend Krupatschenko angab, dass von den urspr\u00fcnglich 5.000 Insassen zum Zeitpunkt der Befreiung des Lagers nur noch 800 am Leben waren.<\/p>\n<p>Um die &#8220;Ordnung&#8221; im Lager aufrechtzuerhalten und Gedr\u00e4nge w\u00e4hrend der Essensausgabe zu verhindern, wurden Hunde auf die Gefangenen gehetzt, was Kerpert und Meder best\u00e4tigten. Der ehemalige Insasse Alexejew beschrieb solche F\u00e4lle:<\/p>\n<blockquote>\n<p><em>&#8220;Das deutsche Kommando hetzte die Kriegsgefangenen mit Sch\u00e4ferhunden. Die Hunde warfen die ersch\u00f6pften Gefangenen zu Boden und zerrten sie \u00fcber den Schnee, w\u00e4hrend die Deutschen dastanden und lachten.&#8221;<\/em><\/p>\n<\/blockquote>\n<p>Alle Angeklagten und Zeugen gaben au\u00dferdem \u00fcbereinstimmend an, dass die Gefangenen zur Zwangsarbeit eingesetzt wurden. Diejenigen, die wegen Ersch\u00f6pfung nicht mehr arbeiten konnten, wurden willk\u00fcrlich zusammengeschlagen oder erschossen. Meder erkl\u00e4rte bei seinem Verh\u00f6r:<\/p>\n<blockquote>\n<p><em>&#8220;Von Beruf bin ich Jurist und verstehe gut, dass es illegale Erschie\u00dfungen waren, einfacher gesagt \u2013 Morde. Doch ich habe bereits gesagt, dass Kriegsgefangene in deutschen Lagern nicht so wie in anderen L\u00e4ndern behandelt werden.&#8221;<\/em><\/p>\n<\/blockquote>\n<p>Auch andere Archivakten zeigen, dass die beschriebenen Grausamkeiten keine Einzelf\u00e4lle darstellten. So berichtete der Abwehroffizier Langheld bei seinem Verh\u00f6r von \u00e4hnlichen Zust\u00e4nden in Gefangenenlagern bei Kiew, Charkow, Poltawa und Rossosch. Bemerkenswerterweise gaben die Verwaltungsangeh\u00f6rigen von Dulag-205 an, dass sie w\u00e4hrend ihrer Ausbildung mit den Bestimmungen der Genfer Konvention vertraut gemacht worden waren.<\/p>\n<p>Die sowjetische Milit\u00e4rjustiz befand die Lagerverwaltung von Dulag-205 f\u00fcr schuldig. In dem vom FSB ver\u00f6ffentlichten Urteil des Tribunals der 3. Baltischen Front hie\u00df es dazu:<\/p>\n<blockquote>\n<p><em>&#8220;Die verbrecherischen Taten aller Angeklagten haben in ihrer Gesamtheit unmenschliche Bedingungen im Lager geschaffen, in deren Folge \u00fcber 3.000 sowjetische Kriegsgefangene an Hunger, k\u00f6rperlicher Gewalt und durch Erschie\u00dfungen starben.&#8221;<\/em><\/p>\n<\/blockquote>\n<p>Am 10. Oktober 1944 wurden der Kommandant des Dulags-205, Oberst Rudolf Kempert, seine Stellvertreter Hauptmann Karl Frister und Hauptmann Fritz M\u00fcsentin, der Adjutand des Lagerkommandanten, Oberleutnant Otto Meder, und der Leiter der Arbeitsverteilungsgruppe des Lagers, Hauptmann Kurt Wohlfahrt, sowie der Leiter der Baugruppe des Lagers, Hauptmann Richard Seydlitz, zum Tode verurteilt. Das Urteil wurde am 13. Oktober 1944 vollstreckt.<\/p>\n<p><strong>Mehr zum Thema\u00a0<\/strong>\u2013\u00a0<a rel=\"nofollow noopener\" target=\"_blank\" href=\"https:\/\/de.rt.com\/russland\/152084-gericht-in-sankt-petersburg-qualifiziert-blockade-genozid\/\">Gericht in Sankt Petersburg qualifiziert Blockade Leningrads im Zweiten Weltkrieg als V\u00f6lkermord<\/a><\/p>\n<\/div>\n<p><br \/>\n<br \/><a href=\"https:\/\/de.rt.com\/russland\/167663-fsb-veroeffentlicht-archivdokumente-ueber-massenmorde\/\">Source link <\/a><\/p>\n","protected":false},"excerpt":{"rendered":"<p>Mahlzeiten aus verendeten Pferden, Schlaf im Stehen, willk\u00fcrliche Erschie\u00dfungen und aufgehetzte Hunde zur &#8220;Aufrechterhaltung der Ordnung&#8221; \u2013 die vom russischen Inlandsgeheimdienst FSB ver\u00f6ffentlichten Archivakten geben grausame Einblicke in die Behandlung sowjetischer Kriegsgefangener durch die Wehrmacht. Am 19. April 2023 j\u00e4hrt sich zum 80. Mal die Herausgabe des Dekrets Nr. 39 des Obersten Sowjets der UdSSR. [&hellip;]<\/p>\n","protected":false},"author":3,"featured_media":34083,"comment_status":"open","ping_status":"open","sticky":false,"template":"","format":"standard","meta":{"_yoast_indexnow_last_ping":["1681405094"],"wp_automatic_camp":["217"],"f62fbc6008056b0fa63d32f37bf51931":["FSB ver\u00f6ffentlicht Archivdokumente \u00fcber Massenmorde an sowjetischen Kriegsgefangenen"],"original_link":["https:\/\/de.rt.com\/russland\/167663-fsb-veroeffentlicht-archivdokumente-ueber-massenmorde\/"],"_thumbnail_id":["34083"],"_wptgpro_p2tg_sent2tg":["a:1:{i:23737;s:19:\"2023-04-13 18:59:18\";}"],"jnews_social_counter_last_update":["1777058603"]},"categories":[19,23],"tags":[14676,10703,29656,41992,2113,139,2329],"yoast_head":"<!-- This site is optimized with the Yoast SEO Premium plugin v22.7 (Yoast SEO v22.7) - https:\/\/yoast.com\/wordpress\/plugins\/seo\/ -->\n<title>FSB ver\u00f6ffentlicht Archivdokumente \u00fcber Massenmorde an sowjetischen Kriegsgefangenen - just-now.NEWS Deutschland<\/title>\n<meta name=\"robots\" content=\"index, follow, max-snippet:-1, max-image-preview:large, max-video-preview:-1\" \/>\n<link rel=\"canonical\" href=\"https:\/\/now-news.de\/de\/deutschland\/fsb-veroeffentlicht-archivdokumente-ueber-massenmorde-an-sowjetischen-kriegsgefangenen\/\" \/>\n<meta property=\"og:locale\" content=\"de_DE\" \/>\n<meta property=\"og:type\" content=\"article\" \/>\n<meta property=\"og:title\" content=\"FSB ver\u00f6ffentlicht Archivdokumente \u00fcber Massenmorde an sowjetischen Kriegsgefangenen\" \/>\n<meta property=\"og:description\" content=\"Mahlzeiten aus verendeten Pferden, Schlaf im Stehen, willk\u00fcrliche Erschie\u00dfungen und aufgehetzte Hunde zur &#8220;Aufrechterhaltung der Ordnung&#8221; \u2013 die vom russischen Inlandsgeheimdienst FSB ver\u00f6ffentlichten Archivakten geben grausame Einblicke in die Behandlung sowjetischer Kriegsgefangener durch die Wehrmacht. Am 19. April 2023 j\u00e4hrt sich zum 80. Mal die Herausgabe des Dekrets Nr. 39 des Obersten Sowjets der UdSSR. [&hellip;]\" \/>\n<meta property=\"og:url\" content=\"https:\/\/now-news.de\/de\/deutschland\/fsb-veroeffentlicht-archivdokumente-ueber-massenmorde-an-sowjetischen-kriegsgefangenen\/\" \/>\n<meta property=\"og:site_name\" content=\"just-now.NEWS Deutschland\" \/>\n<meta property=\"article:publisher\" content=\"https:\/\/www.facebook.com\/wirmachenauf\" \/>\n<meta property=\"article:published_time\" content=\"2023-04-13T16:45:36+00:00\" \/>\n<meta property=\"og:image\" content=\"https:\/\/now-news.de\/de\/wp-content\/uploads\/sites\/3\/2023\/04\/FSB-veroeffentlicht-Archivdokumente-ueber-Massenmorde-an-sowjetischen-Kriegsgefangenen.jpg\" \/>\n\t<meta property=\"og:image:width\" content=\"460\" \/>\n\t<meta property=\"og:image:height\" content=\"259\" \/>\n\t<meta property=\"og:image:type\" content=\"image\/jpeg\" \/>\n<meta name=\"author\" content=\"rtnews\" \/>\n<meta name=\"twitter:card\" content=\"summary_large_image\" \/>\n<meta name=\"twitter:creator\" content=\"@WirMachenAuf_de\" \/>\n<meta name=\"twitter:site\" content=\"@WirMachenAuf_de\" \/>\n<meta name=\"twitter:label1\" content=\"Verfasst von\" \/>\n\t<meta name=\"twitter:data1\" content=\"rtnews\" \/>\n\t<meta name=\"twitter:label2\" content=\"Gesch\u00e4tzte Lesezeit\" \/>\n\t<meta name=\"twitter:data2\" content=\"6\u00a0Minuten\" \/>\n<script type=\"application\/ld+json\" class=\"yoast-schema-graph\">{\"@context\":\"https:\/\/schema.org\",\"@graph\":[{\"@type\":\"Article\",\"@id\":\"https:\/\/now-news.de\/de\/deutschland\/fsb-veroeffentlicht-archivdokumente-ueber-massenmorde-an-sowjetischen-kriegsgefangenen\/#article\",\"isPartOf\":{\"@id\":\"https:\/\/now-news.de\/de\/deutschland\/fsb-veroeffentlicht-archivdokumente-ueber-massenmorde-an-sowjetischen-kriegsgefangenen\/\"},\"author\":{\"name\":\"rtnews\",\"@id\":\"https:\/\/now-news.de\/de\/#\/schema\/person\/fb534a4e865501d8b3285208df34a9b5\"},\"headline\":\"FSB ver\u00f6ffentlicht Archivdokumente \u00fcber Massenmorde an sowjetischen Kriegsgefangenen\",\"datePublished\":\"2023-04-13T16:45:36+00:00\",\"dateModified\":\"2023-04-13T16:45:36+00:00\",\"mainEntityOfPage\":{\"@id\":\"https:\/\/now-news.de\/de\/deutschland\/fsb-veroeffentlicht-archivdokumente-ueber-massenmorde-an-sowjetischen-kriegsgefangenen\/\"},\"wordCount\":1129,\"commentCount\":0,\"publisher\":{\"@id\":\"https:\/\/now-news.de\/de\/#organization\"},\"image\":{\"@id\":\"https:\/\/now-news.de\/de\/deutschland\/fsb-veroeffentlicht-archivdokumente-ueber-massenmorde-an-sowjetischen-kriegsgefangenen\/#primaryimage\"},\"thumbnailUrl\":\"https:\/\/now-news.de\/de\/wp-content\/uploads\/sites\/3\/2023\/04\/FSB-veroeffentlicht-Archivdokumente-ueber-Massenmorde-an-sowjetischen-Kriegsgefangenen.jpg\",\"keywords\":[\"Archivdokumente\",\"FSB\",\"Kriegsgefangenen\",\"Massenmorde\",\"sowjetischen\",\"\u00fcber\",\"ver\u00f6ffentlicht\"],\"articleSection\":[\"Deutschland\",\"Russland\"],\"inLanguage\":\"de\",\"potentialAction\":[{\"@type\":\"CommentAction\",\"name\":\"Comment\",\"target\":[\"https:\/\/now-news.de\/de\/deutschland\/fsb-veroeffentlicht-archivdokumente-ueber-massenmorde-an-sowjetischen-kriegsgefangenen\/#respond\"]}]},{\"@type\":\"WebPage\",\"@id\":\"https:\/\/now-news.de\/de\/deutschland\/fsb-veroeffentlicht-archivdokumente-ueber-massenmorde-an-sowjetischen-kriegsgefangenen\/\",\"url\":\"https:\/\/now-news.de\/de\/deutschland\/fsb-veroeffentlicht-archivdokumente-ueber-massenmorde-an-sowjetischen-kriegsgefangenen\/\",\"name\":\"FSB ver\u00f6ffentlicht Archivdokumente \u00fcber Massenmorde an sowjetischen Kriegsgefangenen - just-now.NEWS Deutschland\",\"isPartOf\":{\"@id\":\"https:\/\/now-news.de\/de\/#website\"},\"primaryImageOfPage\":{\"@id\":\"https:\/\/now-news.de\/de\/deutschland\/fsb-veroeffentlicht-archivdokumente-ueber-massenmorde-an-sowjetischen-kriegsgefangenen\/#primaryimage\"},\"image\":{\"@id\":\"https:\/\/now-news.de\/de\/deutschland\/fsb-veroeffentlicht-archivdokumente-ueber-massenmorde-an-sowjetischen-kriegsgefangenen\/#primaryimage\"},\"thumbnailUrl\":\"https:\/\/now-news.de\/de\/wp-content\/uploads\/sites\/3\/2023\/04\/FSB-veroeffentlicht-Archivdokumente-ueber-Massenmorde-an-sowjetischen-Kriegsgefangenen.jpg\",\"datePublished\":\"2023-04-13T16:45:36+00:00\",\"dateModified\":\"2023-04-13T16:45:36+00:00\",\"breadcrumb\":{\"@id\":\"https:\/\/now-news.de\/de\/deutschland\/fsb-veroeffentlicht-archivdokumente-ueber-massenmorde-an-sowjetischen-kriegsgefangenen\/#breadcrumb\"},\"inLanguage\":\"de\",\"potentialAction\":[{\"@type\":\"ReadAction\",\"target\":[\"https:\/\/now-news.de\/de\/deutschland\/fsb-veroeffentlicht-archivdokumente-ueber-massenmorde-an-sowjetischen-kriegsgefangenen\/\"]}]},{\"@type\":\"ImageObject\",\"inLanguage\":\"de\",\"@id\":\"https:\/\/now-news.de\/de\/deutschland\/fsb-veroeffentlicht-archivdokumente-ueber-massenmorde-an-sowjetischen-kriegsgefangenen\/#primaryimage\",\"url\":\"https:\/\/now-news.de\/de\/wp-content\/uploads\/sites\/3\/2023\/04\/FSB-veroeffentlicht-Archivdokumente-ueber-Massenmorde-an-sowjetischen-Kriegsgefangenen.jpg\",\"contentUrl\":\"https:\/\/now-news.de\/de\/wp-content\/uploads\/sites\/3\/2023\/04\/FSB-veroeffentlicht-Archivdokumente-ueber-Massenmorde-an-sowjetischen-Kriegsgefangenen.jpg\",\"width\":460,\"height\":259,\"caption\":\"FSB ver\u00f6ffentlicht Archivdokumente \u00fcber Massenmorde an sowjetischen Kriegsgefangenen\"},{\"@type\":\"BreadcrumbList\",\"@id\":\"https:\/\/now-news.de\/de\/deutschland\/fsb-veroeffentlicht-archivdokumente-ueber-massenmorde-an-sowjetischen-kriegsgefangenen\/#breadcrumb\",\"itemListElement\":[{\"@type\":\"ListItem\",\"position\":1,\"name\":\"Home\",\"item\":\"https:\/\/now-news.de\/de\/\"},{\"@type\":\"ListItem\",\"position\":2,\"name\":\"FSB ver\u00f6ffentlicht Archivdokumente \u00fcber Massenmorde an sowjetischen Kriegsgefangenen\"}]},{\"@type\":\"WebSite\",\"@id\":\"https:\/\/now-news.de\/de\/#website\",\"url\":\"https:\/\/now-news.de\/de\/\",\"name\":\"just-now.NEWS Deutschland\",\"description\":\"Das Portal f\u00fcr unzensierte Nachrichten aus der Welt\",\"publisher\":{\"@id\":\"https:\/\/now-news.de\/de\/#organization\"},\"potentialAction\":[{\"@type\":\"SearchAction\",\"target\":{\"@type\":\"EntryPoint\",\"urlTemplate\":\"https:\/\/now-news.de\/de\/?s={search_term_string}\"},\"query-input\":\"required name=search_term_string\"}],\"inLanguage\":\"de\"},{\"@type\":\"Organization\",\"@id\":\"https:\/\/now-news.de\/de\/#organization\",\"name\":\"Just Now News\",\"url\":\"https:\/\/now-news.de\/de\/\",\"logo\":{\"@type\":\"ImageObject\",\"inLanguage\":\"de\",\"@id\":\"https:\/\/now-news.de\/de\/#\/schema\/logo\/image\/\",\"url\":\"http:\/\/just-now.news\/de\/wp-content\/uploads\/sites\/3\/2022\/04\/logo500x500.jpg\",\"contentUrl\":\"http:\/\/just-now.news\/de\/wp-content\/uploads\/sites\/3\/2022\/04\/logo500x500.jpg\",\"width\":500,\"height\":500,\"caption\":\"Just Now News\"},\"image\":{\"@id\":\"https:\/\/now-news.de\/de\/#\/schema\/logo\/image\/\"},\"sameAs\":[\"https:\/\/www.facebook.com\/wirmachenauf\",\"https:\/\/x.com\/WirMachenAuf_de\"]},{\"@type\":\"Person\",\"@id\":\"https:\/\/now-news.de\/de\/#\/schema\/person\/fb534a4e865501d8b3285208df34a9b5\",\"name\":\"rtnews\",\"image\":{\"@type\":\"ImageObject\",\"inLanguage\":\"de\",\"@id\":\"https:\/\/now-news.de\/de\/#\/schema\/person\/image\/\",\"url\":\"https:\/\/secure.gravatar.com\/avatar\/82aafea7d8127119dd649515f56e2117?s=96&d=mm&r=g\",\"contentUrl\":\"https:\/\/secure.gravatar.com\/avatar\/82aafea7d8127119dd649515f56e2117?s=96&d=mm&r=g\",\"caption\":\"rtnews\"},\"url\":\"https:\/\/now-news.de\/de\/author\/rnews\/\"}]}<\/script>\n<!-- \/ Yoast SEO Premium plugin. -->","yoast_head_json":{"title":"FSB ver\u00f6ffentlicht Archivdokumente \u00fcber Massenmorde an sowjetischen Kriegsgefangenen - just-now.NEWS Deutschland","robots":{"index":"index","follow":"follow","max-snippet":"max-snippet:-1","max-image-preview":"max-image-preview:large","max-video-preview":"max-video-preview:-1"},"canonical":"https:\/\/now-news.de\/de\/deutschland\/fsb-veroeffentlicht-archivdokumente-ueber-massenmorde-an-sowjetischen-kriegsgefangenen\/","og_locale":"de_DE","og_type":"article","og_title":"FSB ver\u00f6ffentlicht Archivdokumente \u00fcber Massenmorde an sowjetischen Kriegsgefangenen","og_description":"Mahlzeiten aus verendeten Pferden, Schlaf im Stehen, willk\u00fcrliche Erschie\u00dfungen und aufgehetzte Hunde zur &#8220;Aufrechterhaltung der Ordnung&#8221; \u2013 die vom russischen Inlandsgeheimdienst FSB ver\u00f6ffentlichten Archivakten geben grausame Einblicke in die Behandlung sowjetischer Kriegsgefangener durch die Wehrmacht. Am 19. April 2023 j\u00e4hrt sich zum 80. Mal die Herausgabe des Dekrets Nr. 39 des Obersten Sowjets der UdSSR. [&hellip;]","og_url":"https:\/\/now-news.de\/de\/deutschland\/fsb-veroeffentlicht-archivdokumente-ueber-massenmorde-an-sowjetischen-kriegsgefangenen\/","og_site_name":"just-now.NEWS Deutschland","article_publisher":"https:\/\/www.facebook.com\/wirmachenauf","article_published_time":"2023-04-13T16:45:36+00:00","og_image":[{"width":460,"height":259,"url":"https:\/\/now-news.de\/de\/wp-content\/uploads\/sites\/3\/2023\/04\/FSB-veroeffentlicht-Archivdokumente-ueber-Massenmorde-an-sowjetischen-Kriegsgefangenen.jpg","type":"image\/jpeg"}],"author":"rtnews","twitter_card":"summary_large_image","twitter_creator":"@WirMachenAuf_de","twitter_site":"@WirMachenAuf_de","twitter_misc":{"Verfasst von":"rtnews","Gesch\u00e4tzte Lesezeit":"6\u00a0Minuten"},"schema":{"@context":"https:\/\/schema.org","@graph":[{"@type":"Article","@id":"https:\/\/now-news.de\/de\/deutschland\/fsb-veroeffentlicht-archivdokumente-ueber-massenmorde-an-sowjetischen-kriegsgefangenen\/#article","isPartOf":{"@id":"https:\/\/now-news.de\/de\/deutschland\/fsb-veroeffentlicht-archivdokumente-ueber-massenmorde-an-sowjetischen-kriegsgefangenen\/"},"author":{"name":"rtnews","@id":"https:\/\/now-news.de\/de\/#\/schema\/person\/fb534a4e865501d8b3285208df34a9b5"},"headline":"FSB ver\u00f6ffentlicht Archivdokumente \u00fcber Massenmorde an sowjetischen Kriegsgefangenen","datePublished":"2023-04-13T16:45:36+00:00","dateModified":"2023-04-13T16:45:36+00:00","mainEntityOfPage":{"@id":"https:\/\/now-news.de\/de\/deutschland\/fsb-veroeffentlicht-archivdokumente-ueber-massenmorde-an-sowjetischen-kriegsgefangenen\/"},"wordCount":1129,"commentCount":0,"publisher":{"@id":"https:\/\/now-news.de\/de\/#organization"},"image":{"@id":"https:\/\/now-news.de\/de\/deutschland\/fsb-veroeffentlicht-archivdokumente-ueber-massenmorde-an-sowjetischen-kriegsgefangenen\/#primaryimage"},"thumbnailUrl":"https:\/\/now-news.de\/de\/wp-content\/uploads\/sites\/3\/2023\/04\/FSB-veroeffentlicht-Archivdokumente-ueber-Massenmorde-an-sowjetischen-Kriegsgefangenen.jpg","keywords":["Archivdokumente","FSB","Kriegsgefangenen","Massenmorde","sowjetischen","\u00fcber","ver\u00f6ffentlicht"],"articleSection":["Deutschland","Russland"],"inLanguage":"de","potentialAction":[{"@type":"CommentAction","name":"Comment","target":["https:\/\/now-news.de\/de\/deutschland\/fsb-veroeffentlicht-archivdokumente-ueber-massenmorde-an-sowjetischen-kriegsgefangenen\/#respond"]}]},{"@type":"WebPage","@id":"https:\/\/now-news.de\/de\/deutschland\/fsb-veroeffentlicht-archivdokumente-ueber-massenmorde-an-sowjetischen-kriegsgefangenen\/","url":"https:\/\/now-news.de\/de\/deutschland\/fsb-veroeffentlicht-archivdokumente-ueber-massenmorde-an-sowjetischen-kriegsgefangenen\/","name":"FSB ver\u00f6ffentlicht Archivdokumente \u00fcber Massenmorde an sowjetischen Kriegsgefangenen - just-now.NEWS Deutschland","isPartOf":{"@id":"https:\/\/now-news.de\/de\/#website"},"primaryImageOfPage":{"@id":"https:\/\/now-news.de\/de\/deutschland\/fsb-veroeffentlicht-archivdokumente-ueber-massenmorde-an-sowjetischen-kriegsgefangenen\/#primaryimage"},"image":{"@id":"https:\/\/now-news.de\/de\/deutschland\/fsb-veroeffentlicht-archivdokumente-ueber-massenmorde-an-sowjetischen-kriegsgefangenen\/#primaryimage"},"thumbnailUrl":"https:\/\/now-news.de\/de\/wp-content\/uploads\/sites\/3\/2023\/04\/FSB-veroeffentlicht-Archivdokumente-ueber-Massenmorde-an-sowjetischen-Kriegsgefangenen.jpg","datePublished":"2023-04-13T16:45:36+00:00","dateModified":"2023-04-13T16:45:36+00:00","breadcrumb":{"@id":"https:\/\/now-news.de\/de\/deutschland\/fsb-veroeffentlicht-archivdokumente-ueber-massenmorde-an-sowjetischen-kriegsgefangenen\/#breadcrumb"},"inLanguage":"de","potentialAction":[{"@type":"ReadAction","target":["https:\/\/now-news.de\/de\/deutschland\/fsb-veroeffentlicht-archivdokumente-ueber-massenmorde-an-sowjetischen-kriegsgefangenen\/"]}]},{"@type":"ImageObject","inLanguage":"de","@id":"https:\/\/now-news.de\/de\/deutschland\/fsb-veroeffentlicht-archivdokumente-ueber-massenmorde-an-sowjetischen-kriegsgefangenen\/#primaryimage","url":"https:\/\/now-news.de\/de\/wp-content\/uploads\/sites\/3\/2023\/04\/FSB-veroeffentlicht-Archivdokumente-ueber-Massenmorde-an-sowjetischen-Kriegsgefangenen.jpg","contentUrl":"https:\/\/now-news.de\/de\/wp-content\/uploads\/sites\/3\/2023\/04\/FSB-veroeffentlicht-Archivdokumente-ueber-Massenmorde-an-sowjetischen-Kriegsgefangenen.jpg","width":460,"height":259,"caption":"FSB ver\u00f6ffentlicht Archivdokumente \u00fcber Massenmorde an sowjetischen Kriegsgefangenen"},{"@type":"BreadcrumbList","@id":"https:\/\/now-news.de\/de\/deutschland\/fsb-veroeffentlicht-archivdokumente-ueber-massenmorde-an-sowjetischen-kriegsgefangenen\/#breadcrumb","itemListElement":[{"@type":"ListItem","position":1,"name":"Home","item":"https:\/\/now-news.de\/de\/"},{"@type":"ListItem","position":2,"name":"FSB ver\u00f6ffentlicht Archivdokumente \u00fcber Massenmorde an sowjetischen Kriegsgefangenen"}]},{"@type":"WebSite","@id":"https:\/\/now-news.de\/de\/#website","url":"https:\/\/now-news.de\/de\/","name":"just-now.NEWS Deutschland","description":"Das Portal f\u00fcr unzensierte Nachrichten aus der Welt","publisher":{"@id":"https:\/\/now-news.de\/de\/#organization"},"potentialAction":[{"@type":"SearchAction","target":{"@type":"EntryPoint","urlTemplate":"https:\/\/now-news.de\/de\/?s={search_term_string}"},"query-input":"required name=search_term_string"}],"inLanguage":"de"},{"@type":"Organization","@id":"https:\/\/now-news.de\/de\/#organization","name":"Just Now News","url":"https:\/\/now-news.de\/de\/","logo":{"@type":"ImageObject","inLanguage":"de","@id":"https:\/\/now-news.de\/de\/#\/schema\/logo\/image\/","url":"http:\/\/just-now.news\/de\/wp-content\/uploads\/sites\/3\/2022\/04\/logo500x500.jpg","contentUrl":"http:\/\/just-now.news\/de\/wp-content\/uploads\/sites\/3\/2022\/04\/logo500x500.jpg","width":500,"height":500,"caption":"Just Now News"},"image":{"@id":"https:\/\/now-news.de\/de\/#\/schema\/logo\/image\/"},"sameAs":["https:\/\/www.facebook.com\/wirmachenauf","https:\/\/x.com\/WirMachenAuf_de"]},{"@type":"Person","@id":"https:\/\/now-news.de\/de\/#\/schema\/person\/fb534a4e865501d8b3285208df34a9b5","name":"rtnews","image":{"@type":"ImageObject","inLanguage":"de","@id":"https:\/\/now-news.de\/de\/#\/schema\/person\/image\/","url":"https:\/\/secure.gravatar.com\/avatar\/82aafea7d8127119dd649515f56e2117?s=96&d=mm&r=g","contentUrl":"https:\/\/secure.gravatar.com\/avatar\/82aafea7d8127119dd649515f56e2117?s=96&d=mm&r=g","caption":"rtnews"},"url":"https:\/\/now-news.de\/de\/author\/rnews\/"}]}},"_links":{"self":[{"href":"https:\/\/now-news.de\/de\/wp-json\/wp\/v2\/posts\/34082"}],"collection":[{"href":"https:\/\/now-news.de\/de\/wp-json\/wp\/v2\/posts"}],"about":[{"href":"https:\/\/now-news.de\/de\/wp-json\/wp\/v2\/types\/post"}],"author":[{"embeddable":true,"href":"https:\/\/now-news.de\/de\/wp-json\/wp\/v2\/users\/3"}],"replies":[{"embeddable":true,"href":"https:\/\/now-news.de\/de\/wp-json\/wp\/v2\/comments?post=34082"}],"version-history":[{"count":0,"href":"https:\/\/now-news.de\/de\/wp-json\/wp\/v2\/posts\/34082\/revisions"}],"wp:featuredmedia":[{"embeddable":true,"href":"https:\/\/now-news.de\/de\/wp-json\/wp\/v2\/media\/34083"}],"wp:attachment":[{"href":"https:\/\/now-news.de\/de\/wp-json\/wp\/v2\/media?parent=34082"}],"wp:term":[{"taxonomy":"category","embeddable":true,"href":"https:\/\/now-news.de\/de\/wp-json\/wp\/v2\/categories?post=34082"},{"taxonomy":"post_tag","embeddable":true,"href":"https:\/\/now-news.de\/de\/wp-json\/wp\/v2\/tags?post=34082"}],"curies":[{"name":"wp","href":"https:\/\/api.w.org\/{rel}","templated":true}]}}