{"id":33952,"date":"2023-04-11T16:12:54","date_gmt":"2023-04-11T14:12:54","guid":{"rendered":"https:\/\/just-now.news\/de\/deutschland\/ungarischer-aussenminister-zu-energiegespraechen-in-moskau-eingetroffen\/"},"modified":"2023-04-11T16:12:54","modified_gmt":"2023-04-11T14:12:54","slug":"ungarischer-aussenminister-zu-energiegespraechen-in-moskau-eingetroffen","status":"publish","type":"post","link":"https:\/\/now-news.de\/de\/deutschland\/ungarischer-aussenminister-zu-energiegespraechen-in-moskau-eingetroffen\/","title":{"rendered":"Ungarischer Au\u00dfenminister zu Energiegespr\u00e4chen in Moskau eingetroffen"},"content":{"rendered":"<p><img decoding=\"async\" src=\"http:\/\/just-now.news\/de\/wp-content\/uploads\/sites\/3\/2023\/04\/643555db48fbef286e571ad7.jpg\" \/><\/p>\n<div class=\"Text-root Text-type_1 \">\n                Der ungarische Au\u00dfenminister ist zu Energiegespr\u00e4chen mit dem russischen stellvertretenden Ministerpr\u00e4sidenten und dem Chef der russischen Atomindustriebeh\u00f6rde in Moskau eingetroffen. Die Sicherheit der ungarischen Energieversorgung erfordere die ununterbrochene ungarisch-russische Zusammenarbeit im Energiebereich.\n            <\/div>\n<p><\/p>\n<div class=\"Text-root Text-type_5 ArticleView-text ViewText-root \">\n<p>Der ungarische Au\u00dfenminister P\u00e9ter Szijj\u00e1rt\u00f3 ist zu Gespr\u00e4chen \u00fcber Energie in Moskau eingetroffen, <a rel=\"nofollow noopener\" target=\"_blank\" href=\"https:\/\/tass.ru\/ekonomika\/17497209\">berichtet<\/a> die russische Nachrichtenagentur <em>TASS<\/em>. Der ungarische Politiker plant ein Treffen mit dem stellvertretenden russischen Ministerpr\u00e4sidenten Alexander Nowak und dem Chef der russischen Atomindustriebeh\u00f6rde Rosatom, Alexei Lichatschow. Der ungarische Au\u00dfenminister schrieb auf seinem Facebook-Account:<\/p>\n<blockquote>\n<p><em>&#8220;Heute werden wir in Moskau die wichtigsten Fragen der Zusammenarbeit besprechen, um die Sicherheit der ungarischen Energieversorgung zu gew\u00e4hrleisten: zun\u00e4chst mit dem stellvertretenden Ministerpr\u00e4sidenten Alexander Nowak, der f\u00fcr Energieversorgung zust\u00e4ndig ist, und dann mit Rosatom-Chef Alexei Lichatschow.&#8221;<\/em><\/p>\n<\/blockquote>\n<p>Der ungarische Politiker merkte an, dass Europa den Winter, der warm gewesen sei, recht gut \u00fcberstanden habe. Aber den Prognosen zufolge &#8220;werden die wirklichen Schwierigkeiten im kommenden Winter auftreten&#8221;, so Szijj\u00e1rt\u00f3 weiter. Der ungarische Au\u00dfenminister betonte, dass &#8220;die Sicherheit der ungarischen Energieversorgung den ununterbrochenen Transport von Gas, \u00d6l und Kernbrennstoffen erfordert&#8221;. Der Diplomat f\u00fcgte hinzu:<\/p>\n<blockquote>\n<p><em>&#8220;Um diese drei Bedingungen zu erf\u00fcllen, muss die ungarisch-russische Zusammenarbeit im Energiebereich ununterbrochen sein. Das ist keine Frage des politischen Geschmacks, sondern eine Frage der Physik.&#8221;<\/em><\/p>\n<\/blockquote>\n<p>Szijj\u00e1rt\u00f3 <a rel=\"nofollow noopener\" target=\"_blank\" href=\"https:\/\/tass.ru\/ekonomika\/17497209\">gab<\/a> nach Gespr\u00e4chen mit dem russischen Ministerpr\u00e4sidenten bekannt, dass Ungarn ein Abkommen mit Russland \u00fcber zus\u00e4tzliche Gaslieferungen verl\u00e4ngert und sich auf eine Vorzugszahlung f\u00fcr die wichtigsten Brennstoffmengen von Gazprom geeinigt habe. Bei den Gespr\u00e4chen sei auch vereinbart worden, dass Ungarn im Falle eines extremen Anstiegs der Gaspreise einen Zahlungsaufschub erhalten k\u00f6nne. Dar\u00fcber hinaus sicherte Nowak dem ungarischen Diplomaten die Sicherheit und Stabilit\u00e4t der Lieferungen durch die TurkStream-Gaspipeline zu.<\/p>\n<p>Im Januar hatte die russische Tageszeitung <em>Wedomosti<\/em> unter Berufung auf Quellen, die mit den Statistiken des Energieministeriums vertraut sind, <a rel=\"nofollow noopener\" target=\"_blank\" href=\"https:\/\/www.vedomosti.ru\/business\/articles\/2023\/01\/16\/959103-eksport-nefti-v-evropu-viros\">bekannt gegeben<\/a>, dass die Pipeline-Lieferungen russischen \u00d6ls in die EU im Jahr 2022 um sieben Prozent auf 38,4 Millionen Tonnen gestiegen seien. Am st\u00e4rksten seien die Exporte nach Ungarn und Tschechien gewachsen.<\/p>\n<p>Erd\u00f6l wird nach Europa durch die Druschba-Pipeline geleifert. Von allen EU-L\u00e4ndern, die \u00fcber die Druschba-Pipeline beliefert werden, hat den Statistiken zufolge nur Deutschland seine Einfuhren im Jahr 2022 um zwei Prozent auf 15,1 Millionen Tonnen verringert. Am st\u00e4rksten stiegen die Lieferungen nach Ungarn (um 45 Prozent auf 4,9 Millionen Tonnen) und Tschechien (um 25 Prozent auf 4,2 Millionen Tonnen). Au\u00dferdem stiegen die Lieferungen nach Polen um sechs Prozent auf 8,9 Millionen Tonnen und nach der Slowakei um 0,3 Prozent auf 5,2 Millionen Tonnen. \u00a0<\/p>\n<p><strong>Mehr zum Thema<\/strong>\u00a0\u2013 <a rel=\"nofollow noopener\" target=\"_blank\" href=\"https:\/\/de.rt.com\/europa\/166921-wie-westen-beziehungen-zu-russland\/\">Wie der Westen die Beziehungen zu Russland zerst\u00f6rte \u2013 und sich von g\u00fcnstiger Energie abschnitt<\/a><\/p>\n<\/div>\n<p><br \/>\n<br \/><a href=\"https:\/\/de.rt.com\/international\/167474-ungarischer-aussenminister-zu-energiegespraechen-in\/\">Source link <\/a><\/p>\n","protected":false},"excerpt":{"rendered":"<p>Der ungarische Au\u00dfenminister ist zu Energiegespr\u00e4chen mit dem russischen stellvertretenden Ministerpr\u00e4sidenten und dem Chef der russischen Atomindustriebeh\u00f6rde in Moskau eingetroffen. Die Sicherheit der ungarischen Energieversorgung erfordere die ununterbrochene ungarisch-russische Zusammenarbeit im Energiebereich. Der ungarische Au\u00dfenminister P\u00e9ter Szijj\u00e1rt\u00f3 ist zu Gespr\u00e4chen \u00fcber Energie in Moskau eingetroffen, berichtet die russische Nachrichtenagentur TASS. Der ungarische Politiker plant ein [&hellip;]<\/p>\n","protected":false},"author":3,"featured_media":33953,"comment_status":"open","ping_status":"open","sticky":false,"template":"","format":"standard","meta":{"_yoast_indexnow_last_ping":["1681223105"],"wp_automatic_camp":["217"],"c78777eb79985ce41f050c88658336a9":["Ungarischer Au\u00dfenminister zu Energiegespr\u00e4chen in Moskau eingetroffen"],"original_link":["https:\/\/de.rt.com\/international\/167474-ungarischer-aussenminister-zu-energiegespraechen-in\/"],"_thumbnail_id":["33953"],"_wptgpro_p2tg_sent2tg":["a:1:{i:23737;s:19:\"2023-04-11 16:26:20\";}"],"jnews_social_counter_last_update":["1788275210"]},"categories":[19,23],"tags":[13830,20807,43014,946,19643],"class_list":["post-33952","post","type-post","status-publish","format-standard","has-post-thumbnail","hentry","category-deutschland","category-russland","tag-aussenminister","tag-eingetroffen","tag-energiegespraechen","tag-moskau","tag-ungarischer"],"yoast_head":"<!-- This site is optimized with the Yoast SEO Premium plugin v22.7 (Yoast SEO v28.2) - https:\/\/yoast.com\/product\/yoast-seo-premium-wordpress\/ -->\n<title>Ungarischer Au\u00dfenminister zu Energiegespr\u00e4chen in Moskau eingetroffen - just-now.NEWS Deutschland<\/title>\n<meta name=\"robots\" content=\"index, follow, max-snippet:-1, max-image-preview:large, max-video-preview:-1\" \/>\n<link rel=\"canonical\" href=\"https:\/\/now-news.de\/de\/deutschland\/ungarischer-aussenminister-zu-energiegespraechen-in-moskau-eingetroffen\/\" \/>\n<meta property=\"og:locale\" content=\"de_DE\" \/>\n<meta property=\"og:type\" content=\"article\" \/>\n<meta property=\"og:title\" content=\"Ungarischer Au\u00dfenminister zu Energiegespr\u00e4chen in Moskau eingetroffen\" \/>\n<meta property=\"og:description\" content=\"Der ungarische Au\u00dfenminister ist zu Energiegespr\u00e4chen mit dem russischen stellvertretenden Ministerpr\u00e4sidenten und dem Chef der russischen Atomindustriebeh\u00f6rde in Moskau eingetroffen. Die Sicherheit der ungarischen Energieversorgung erfordere die ununterbrochene ungarisch-russische Zusammenarbeit im Energiebereich. Der ungarische Au\u00dfenminister P\u00e9ter Szijj\u00e1rt\u00f3 ist zu Gespr\u00e4chen \u00fcber Energie in Moskau eingetroffen, berichtet die russische Nachrichtenagentur TASS. Der ungarische Politiker plant ein [&hellip;]\" \/>\n<meta property=\"og:url\" content=\"https:\/\/now-news.de\/de\/deutschland\/ungarischer-aussenminister-zu-energiegespraechen-in-moskau-eingetroffen\/\" \/>\n<meta property=\"og:site_name\" content=\"just-now.NEWS Deutschland\" \/>\n<meta property=\"article:publisher\" content=\"https:\/\/www.facebook.com\/wirmachenauf\" \/>\n<meta property=\"article:published_time\" content=\"2023-04-11T14:12:54+00:00\" \/>\n<meta property=\"og:image\" content=\"https:\/\/now-news.de\/de\/wp-content\/uploads\/sites\/3\/2023\/04\/Ungarischer-Aussenminister-zu-Energiegespraechen-in-Moskau-eingetroffen.jpg\" \/>\n\t<meta property=\"og:image:width\" content=\"460\" \/>\n\t<meta property=\"og:image:height\" content=\"259\" \/>\n\t<meta property=\"og:image:type\" content=\"image\/jpeg\" \/>\n<meta name=\"author\" content=\"rtnews\" \/>\n<meta name=\"twitter:card\" content=\"summary_large_image\" \/>\n<meta name=\"twitter:creator\" content=\"@WirMachenAuf_de\" \/>\n<meta name=\"twitter:site\" content=\"@WirMachenAuf_de\" \/>\n<meta name=\"twitter:label1\" content=\"Verfasst von\" \/>\n\t<meta name=\"twitter:data1\" content=\"rtnews\" \/>\n\t<meta name=\"twitter:label2\" content=\"Gesch\u00e4tzte Lesezeit\" \/>\n\t<meta name=\"twitter:data2\" content=\"2\u00a0Minuten\" \/>\n<script type=\"application\/ld+json\" class=\"yoast-schema-graph\">{\"@context\":\"https:\\\/\\\/schema.org\",\"@graph\":[{\"@type\":\"Article\",\"@id\":\"https:\\\/\\\/now-news.de\\\/de\\\/deutschland\\\/ungarischer-aussenminister-zu-energiegespraechen-in-moskau-eingetroffen\\\/#article\",\"isPartOf\":{\"@id\":\"https:\\\/\\\/now-news.de\\\/de\\\/deutschland\\\/ungarischer-aussenminister-zu-energiegespraechen-in-moskau-eingetroffen\\\/\"},\"author\":{\"name\":\"rtnews\",\"@id\":\"https:\\\/\\\/now-news.de\\\/de\\\/#\\\/schema\\\/person\\\/fb534a4e865501d8b3285208df34a9b5\"},\"headline\":\"Ungarischer Au\u00dfenminister zu Energiegespr\u00e4chen in Moskau eingetroffen\",\"datePublished\":\"2023-04-11T14:12:54+00:00\",\"mainEntityOfPage\":{\"@id\":\"https:\\\/\\\/now-news.de\\\/de\\\/deutschland\\\/ungarischer-aussenminister-zu-energiegespraechen-in-moskau-eingetroffen\\\/\"},\"wordCount\":455,\"commentCount\":0,\"publisher\":{\"@id\":\"https:\\\/\\\/now-news.de\\\/de\\\/#organization\"},\"image\":{\"@id\":\"https:\\\/\\\/now-news.de\\\/de\\\/deutschland\\\/ungarischer-aussenminister-zu-energiegespraechen-in-moskau-eingetroffen\\\/#primaryimage\"},\"thumbnailUrl\":\"https:\\\/\\\/now-news.de\\\/de\\\/wp-content\\\/uploads\\\/sites\\\/3\\\/2023\\\/04\\\/Ungarischer-Aussenminister-zu-Energiegespraechen-in-Moskau-eingetroffen.jpg\",\"keywords\":[\"Au\u00dfenminister\",\"eingetroffen\",\"Energiegespr\u00e4chen\",\"Moskau\",\"Ungarischer\"],\"articleSection\":[\"Deutschland\",\"Russland\"],\"inLanguage\":\"de\",\"potentialAction\":[{\"@type\":\"CommentAction\",\"name\":\"Comment\",\"target\":[\"https:\\\/\\\/now-news.de\\\/de\\\/deutschland\\\/ungarischer-aussenminister-zu-energiegespraechen-in-moskau-eingetroffen\\\/#respond\"]}]},{\"@type\":\"WebPage\",\"@id\":\"https:\\\/\\\/now-news.de\\\/de\\\/deutschland\\\/ungarischer-aussenminister-zu-energiegespraechen-in-moskau-eingetroffen\\\/\",\"url\":\"https:\\\/\\\/now-news.de\\\/de\\\/deutschland\\\/ungarischer-aussenminister-zu-energiegespraechen-in-moskau-eingetroffen\\\/\",\"name\":\"Ungarischer Au\u00dfenminister zu Energiegespr\u00e4chen in Moskau eingetroffen - just-now.NEWS Deutschland\",\"isPartOf\":{\"@id\":\"https:\\\/\\\/now-news.de\\\/de\\\/#website\"},\"primaryImageOfPage\":{\"@id\":\"https:\\\/\\\/now-news.de\\\/de\\\/deutschland\\\/ungarischer-aussenminister-zu-energiegespraechen-in-moskau-eingetroffen\\\/#primaryimage\"},\"image\":{\"@id\":\"https:\\\/\\\/now-news.de\\\/de\\\/deutschland\\\/ungarischer-aussenminister-zu-energiegespraechen-in-moskau-eingetroffen\\\/#primaryimage\"},\"thumbnailUrl\":\"https:\\\/\\\/now-news.de\\\/de\\\/wp-content\\\/uploads\\\/sites\\\/3\\\/2023\\\/04\\\/Ungarischer-Aussenminister-zu-Energiegespraechen-in-Moskau-eingetroffen.jpg\",\"datePublished\":\"2023-04-11T14:12:54+00:00\",\"breadcrumb\":{\"@id\":\"https:\\\/\\\/now-news.de\\\/de\\\/deutschland\\\/ungarischer-aussenminister-zu-energiegespraechen-in-moskau-eingetroffen\\\/#breadcrumb\"},\"inLanguage\":\"de\",\"potentialAction\":[{\"@type\":\"ReadAction\",\"target\":[\"https:\\\/\\\/now-news.de\\\/de\\\/deutschland\\\/ungarischer-aussenminister-zu-energiegespraechen-in-moskau-eingetroffen\\\/\"]}]},{\"@type\":\"ImageObject\",\"inLanguage\":\"de\",\"@id\":\"https:\\\/\\\/now-news.de\\\/de\\\/deutschland\\\/ungarischer-aussenminister-zu-energiegespraechen-in-moskau-eingetroffen\\\/#primaryimage\",\"url\":\"https:\\\/\\\/now-news.de\\\/de\\\/wp-content\\\/uploads\\\/sites\\\/3\\\/2023\\\/04\\\/Ungarischer-Aussenminister-zu-Energiegespraechen-in-Moskau-eingetroffen.jpg\",\"contentUrl\":\"https:\\\/\\\/now-news.de\\\/de\\\/wp-content\\\/uploads\\\/sites\\\/3\\\/2023\\\/04\\\/Ungarischer-Aussenminister-zu-Energiegespraechen-in-Moskau-eingetroffen.jpg\",\"width\":460,\"height\":259,\"caption\":\"Ungarischer Au\u00dfenminister zu Energiegespr\u00e4chen in Moskau eingetroffen\"},{\"@type\":\"BreadcrumbList\",\"@id\":\"https:\\\/\\\/now-news.de\\\/de\\\/deutschland\\\/ungarischer-aussenminister-zu-energiegespraechen-in-moskau-eingetroffen\\\/#breadcrumb\",\"itemListElement\":[{\"@type\":\"ListItem\",\"position\":1,\"name\":\"Home\",\"item\":\"https:\\\/\\\/now-news.de\\\/de\\\/\"},{\"@type\":\"ListItem\",\"position\":2,\"name\":\"Ungarischer Au\u00dfenminister zu Energiegespr\u00e4chen in Moskau eingetroffen\"}]},{\"@type\":\"WebSite\",\"@id\":\"https:\\\/\\\/now-news.de\\\/de\\\/#website\",\"url\":\"https:\\\/\\\/now-news.de\\\/de\\\/\",\"name\":\"just-now.NEWS Deutschland\",\"description\":\"Das Portal f\u00fcr unzensierte Nachrichten aus der Welt\",\"publisher\":{\"@id\":\"https:\\\/\\\/now-news.de\\\/de\\\/#organization\"},\"potentialAction\":[{\"@type\":\"SearchAction\",\"target\":{\"@type\":\"EntryPoint\",\"urlTemplate\":\"https:\\\/\\\/now-news.de\\\/de\\\/?s={search_term_string}\"},\"query-input\":{\"@type\":\"PropertyValueSpecification\",\"valueRequired\":true,\"valueName\":\"search_term_string\"}}],\"inLanguage\":\"de\"},{\"@type\":\"Organization\",\"@id\":\"https:\\\/\\\/now-news.de\\\/de\\\/#organization\",\"name\":\"Just Now News\",\"url\":\"https:\\\/\\\/now-news.de\\\/de\\\/\",\"logo\":{\"@type\":\"ImageObject\",\"inLanguage\":\"de\",\"@id\":\"https:\\\/\\\/now-news.de\\\/de\\\/#\\\/schema\\\/logo\\\/image\\\/\",\"url\":\"http:\\\/\\\/just-now.news\\\/de\\\/wp-content\\\/uploads\\\/sites\\\/3\\\/2022\\\/04\\\/logo500x500.jpg\",\"contentUrl\":\"http:\\\/\\\/just-now.news\\\/de\\\/wp-content\\\/uploads\\\/sites\\\/3\\\/2022\\\/04\\\/logo500x500.jpg\",\"width\":500,\"height\":500,\"caption\":\"Just Now News\"},\"image\":{\"@id\":\"https:\\\/\\\/now-news.de\\\/de\\\/#\\\/schema\\\/logo\\\/image\\\/\"},\"sameAs\":[\"https:\\\/\\\/www.facebook.com\\\/wirmachenauf\",\"https:\\\/\\\/x.com\\\/WirMachenAuf_de\"]},{\"@type\":\"Person\",\"@id\":\"https:\\\/\\\/now-news.de\\\/de\\\/#\\\/schema\\\/person\\\/fb534a4e865501d8b3285208df34a9b5\",\"name\":\"rtnews\",\"image\":{\"@type\":\"ImageObject\",\"inLanguage\":\"de\",\"@id\":\"https:\\\/\\\/secure.gravatar.com\\\/avatar\\\/358fe31b3ab5769fea05376e1953329834cd9912cf9daf607e2af3076a1b982b?s=96&d=mm&r=g\",\"url\":\"https:\\\/\\\/secure.gravatar.com\\\/avatar\\\/358fe31b3ab5769fea05376e1953329834cd9912cf9daf607e2af3076a1b982b?s=96&d=mm&r=g\",\"contentUrl\":\"https:\\\/\\\/secure.gravatar.com\\\/avatar\\\/358fe31b3ab5769fea05376e1953329834cd9912cf9daf607e2af3076a1b982b?s=96&d=mm&r=g\",\"caption\":\"rtnews\"},\"url\":\"https:\\\/\\\/now-news.de\\\/de\\\/author\\\/rnews\\\/\"}]}<\/script>\n<!-- \/ Yoast SEO Premium plugin. -->","yoast_head_json":{"title":"Ungarischer Au\u00dfenminister zu Energiegespr\u00e4chen in Moskau eingetroffen - just-now.NEWS Deutschland","robots":{"index":"index","follow":"follow","max-snippet":"max-snippet:-1","max-image-preview":"max-image-preview:large","max-video-preview":"max-video-preview:-1"},"canonical":"https:\/\/now-news.de\/de\/deutschland\/ungarischer-aussenminister-zu-energiegespraechen-in-moskau-eingetroffen\/","og_locale":"de_DE","og_type":"article","og_title":"Ungarischer Au\u00dfenminister zu Energiegespr\u00e4chen in Moskau eingetroffen","og_description":"Der ungarische Au\u00dfenminister ist zu Energiegespr\u00e4chen mit dem russischen stellvertretenden Ministerpr\u00e4sidenten und dem Chef der russischen Atomindustriebeh\u00f6rde in Moskau eingetroffen. Die Sicherheit der ungarischen Energieversorgung erfordere die ununterbrochene ungarisch-russische Zusammenarbeit im Energiebereich. Der ungarische Au\u00dfenminister P\u00e9ter Szijj\u00e1rt\u00f3 ist zu Gespr\u00e4chen \u00fcber Energie in Moskau eingetroffen, berichtet die russische Nachrichtenagentur TASS. Der ungarische Politiker plant ein [&hellip;]","og_url":"https:\/\/now-news.de\/de\/deutschland\/ungarischer-aussenminister-zu-energiegespraechen-in-moskau-eingetroffen\/","og_site_name":"just-now.NEWS Deutschland","article_publisher":"https:\/\/www.facebook.com\/wirmachenauf","article_published_time":"2023-04-11T14:12:54+00:00","og_image":[{"width":460,"height":259,"url":"https:\/\/now-news.de\/de\/wp-content\/uploads\/sites\/3\/2023\/04\/Ungarischer-Aussenminister-zu-Energiegespraechen-in-Moskau-eingetroffen.jpg","type":"image\/jpeg"}],"author":"rtnews","twitter_card":"summary_large_image","twitter_creator":"@WirMachenAuf_de","twitter_site":"@WirMachenAuf_de","twitter_misc":{"Verfasst von":"rtnews","Gesch\u00e4tzte Lesezeit":"2\u00a0Minuten"},"schema":{"@context":"https:\/\/schema.org","@graph":[{"@type":"Article","@id":"https:\/\/now-news.de\/de\/deutschland\/ungarischer-aussenminister-zu-energiegespraechen-in-moskau-eingetroffen\/#article","isPartOf":{"@id":"https:\/\/now-news.de\/de\/deutschland\/ungarischer-aussenminister-zu-energiegespraechen-in-moskau-eingetroffen\/"},"author":{"name":"rtnews","@id":"https:\/\/now-news.de\/de\/#\/schema\/person\/fb534a4e865501d8b3285208df34a9b5"},"headline":"Ungarischer Au\u00dfenminister zu Energiegespr\u00e4chen in Moskau eingetroffen","datePublished":"2023-04-11T14:12:54+00:00","mainEntityOfPage":{"@id":"https:\/\/now-news.de\/de\/deutschland\/ungarischer-aussenminister-zu-energiegespraechen-in-moskau-eingetroffen\/"},"wordCount":455,"commentCount":0,"publisher":{"@id":"https:\/\/now-news.de\/de\/#organization"},"image":{"@id":"https:\/\/now-news.de\/de\/deutschland\/ungarischer-aussenminister-zu-energiegespraechen-in-moskau-eingetroffen\/#primaryimage"},"thumbnailUrl":"https:\/\/now-news.de\/de\/wp-content\/uploads\/sites\/3\/2023\/04\/Ungarischer-Aussenminister-zu-Energiegespraechen-in-Moskau-eingetroffen.jpg","keywords":["Au\u00dfenminister","eingetroffen","Energiegespr\u00e4chen","Moskau","Ungarischer"],"articleSection":["Deutschland","Russland"],"inLanguage":"de","potentialAction":[{"@type":"CommentAction","name":"Comment","target":["https:\/\/now-news.de\/de\/deutschland\/ungarischer-aussenminister-zu-energiegespraechen-in-moskau-eingetroffen\/#respond"]}]},{"@type":"WebPage","@id":"https:\/\/now-news.de\/de\/deutschland\/ungarischer-aussenminister-zu-energiegespraechen-in-moskau-eingetroffen\/","url":"https:\/\/now-news.de\/de\/deutschland\/ungarischer-aussenminister-zu-energiegespraechen-in-moskau-eingetroffen\/","name":"Ungarischer Au\u00dfenminister zu Energiegespr\u00e4chen in Moskau eingetroffen - just-now.NEWS Deutschland","isPartOf":{"@id":"https:\/\/now-news.de\/de\/#website"},"primaryImageOfPage":{"@id":"https:\/\/now-news.de\/de\/deutschland\/ungarischer-aussenminister-zu-energiegespraechen-in-moskau-eingetroffen\/#primaryimage"},"image":{"@id":"https:\/\/now-news.de\/de\/deutschland\/ungarischer-aussenminister-zu-energiegespraechen-in-moskau-eingetroffen\/#primaryimage"},"thumbnailUrl":"https:\/\/now-news.de\/de\/wp-content\/uploads\/sites\/3\/2023\/04\/Ungarischer-Aussenminister-zu-Energiegespraechen-in-Moskau-eingetroffen.jpg","datePublished":"2023-04-11T14:12:54+00:00","breadcrumb":{"@id":"https:\/\/now-news.de\/de\/deutschland\/ungarischer-aussenminister-zu-energiegespraechen-in-moskau-eingetroffen\/#breadcrumb"},"inLanguage":"de","potentialAction":[{"@type":"ReadAction","target":["https:\/\/now-news.de\/de\/deutschland\/ungarischer-aussenminister-zu-energiegespraechen-in-moskau-eingetroffen\/"]}]},{"@type":"ImageObject","inLanguage":"de","@id":"https:\/\/now-news.de\/de\/deutschland\/ungarischer-aussenminister-zu-energiegespraechen-in-moskau-eingetroffen\/#primaryimage","url":"https:\/\/now-news.de\/de\/wp-content\/uploads\/sites\/3\/2023\/04\/Ungarischer-Aussenminister-zu-Energiegespraechen-in-Moskau-eingetroffen.jpg","contentUrl":"https:\/\/now-news.de\/de\/wp-content\/uploads\/sites\/3\/2023\/04\/Ungarischer-Aussenminister-zu-Energiegespraechen-in-Moskau-eingetroffen.jpg","width":460,"height":259,"caption":"Ungarischer Au\u00dfenminister zu Energiegespr\u00e4chen in Moskau eingetroffen"},{"@type":"BreadcrumbList","@id":"https:\/\/now-news.de\/de\/deutschland\/ungarischer-aussenminister-zu-energiegespraechen-in-moskau-eingetroffen\/#breadcrumb","itemListElement":[{"@type":"ListItem","position":1,"name":"Home","item":"https:\/\/now-news.de\/de\/"},{"@type":"ListItem","position":2,"name":"Ungarischer Au\u00dfenminister zu Energiegespr\u00e4chen in Moskau eingetroffen"}]},{"@type":"WebSite","@id":"https:\/\/now-news.de\/de\/#website","url":"https:\/\/now-news.de\/de\/","name":"just-now.NEWS Deutschland","description":"Das Portal f\u00fcr unzensierte Nachrichten aus der Welt","publisher":{"@id":"https:\/\/now-news.de\/de\/#organization"},"potentialAction":[{"@type":"SearchAction","target":{"@type":"EntryPoint","urlTemplate":"https:\/\/now-news.de\/de\/?s={search_term_string}"},"query-input":{"@type":"PropertyValueSpecification","valueRequired":true,"valueName":"search_term_string"}}],"inLanguage":"de"},{"@type":"Organization","@id":"https:\/\/now-news.de\/de\/#organization","name":"Just Now News","url":"https:\/\/now-news.de\/de\/","logo":{"@type":"ImageObject","inLanguage":"de","@id":"https:\/\/now-news.de\/de\/#\/schema\/logo\/image\/","url":"http:\/\/just-now.news\/de\/wp-content\/uploads\/sites\/3\/2022\/04\/logo500x500.jpg","contentUrl":"http:\/\/just-now.news\/de\/wp-content\/uploads\/sites\/3\/2022\/04\/logo500x500.jpg","width":500,"height":500,"caption":"Just Now News"},"image":{"@id":"https:\/\/now-news.de\/de\/#\/schema\/logo\/image\/"},"sameAs":["https:\/\/www.facebook.com\/wirmachenauf","https:\/\/x.com\/WirMachenAuf_de"]},{"@type":"Person","@id":"https:\/\/now-news.de\/de\/#\/schema\/person\/fb534a4e865501d8b3285208df34a9b5","name":"rtnews","image":{"@type":"ImageObject","inLanguage":"de","@id":"https:\/\/secure.gravatar.com\/avatar\/358fe31b3ab5769fea05376e1953329834cd9912cf9daf607e2af3076a1b982b?s=96&d=mm&r=g","url":"https:\/\/secure.gravatar.com\/avatar\/358fe31b3ab5769fea05376e1953329834cd9912cf9daf607e2af3076a1b982b?s=96&d=mm&r=g","contentUrl":"https:\/\/secure.gravatar.com\/avatar\/358fe31b3ab5769fea05376e1953329834cd9912cf9daf607e2af3076a1b982b?s=96&d=mm&r=g","caption":"rtnews"},"url":"https:\/\/now-news.de\/de\/author\/rnews\/"}]}},"_links":{"self":[{"href":"https:\/\/now-news.de\/de\/wp-json\/wp\/v2\/posts\/33952","targetHints":{"allow":["GET"]}}],"collection":[{"href":"https:\/\/now-news.de\/de\/wp-json\/wp\/v2\/posts"}],"about":[{"href":"https:\/\/now-news.de\/de\/wp-json\/wp\/v2\/types\/post"}],"author":[{"embeddable":true,"href":"https:\/\/now-news.de\/de\/wp-json\/wp\/v2\/users\/3"}],"replies":[{"embeddable":true,"href":"https:\/\/now-news.de\/de\/wp-json\/wp\/v2\/comments?post=33952"}],"version-history":[{"count":0,"href":"https:\/\/now-news.de\/de\/wp-json\/wp\/v2\/posts\/33952\/revisions"}],"wp:featuredmedia":[{"embeddable":true,"href":"https:\/\/now-news.de\/de\/wp-json\/wp\/v2\/media\/33953"}],"wp:attachment":[{"href":"https:\/\/now-news.de\/de\/wp-json\/wp\/v2\/media?parent=33952"}],"wp:term":[{"taxonomy":"category","embeddable":true,"href":"https:\/\/now-news.de\/de\/wp-json\/wp\/v2\/categories?post=33952"},{"taxonomy":"post_tag","embeddable":true,"href":"https:\/\/now-news.de\/de\/wp-json\/wp\/v2\/tags?post=33952"}],"curies":[{"name":"wp","href":"https:\/\/api.w.org\/{rel}","templated":true}]}}