{"id":33921,"date":"2023-04-11T07:40:20","date_gmt":"2023-04-11T05:40:20","guid":{"rendered":"https:\/\/just-now.news\/de\/china\/die-kritik-an-den-aeusserungen-des-franzoesischen-praesidenten-zu-den-usa-und-taiwan-haelt-an\/"},"modified":"2023-04-11T07:40:20","modified_gmt":"2023-04-11T05:40:20","slug":"die-kritik-an-den-aeusserungen-des-franzoesischen-praesidenten-zu-den-usa-und-taiwan-haelt-an","status":"publish","type":"post","link":"https:\/\/now-news.de\/de\/china\/die-kritik-an-den-aeusserungen-des-franzoesischen-praesidenten-zu-den-usa-und-taiwan-haelt-an\/","title":{"rendered":"Die Kritik an den \u00c4u\u00dferungen des franz\u00f6sischen Pr\u00e4sidenten zu den USA und Taiwan h\u00e4lt an"},"content":{"rendered":"<div>\n<p>Der franz\u00f6sische Pr\u00e4sident Emmanuel Macron wurde erneut f\u00fcr Kommentare gegei\u00dfelt, die er nach einem diplomatischen Besuch in China gemacht hatte, wo er Europa aufforderte, strategische Autonomie anzustreben und sich dagegen zu wehren, amerikanische Vasallenstaaten zu werden.<\/p>\n<p>Der australische Senator Simon Birmingham, der Schattenminister f\u00fcr ausw\u00e4rtige Angelegenheiten, sagte, Macrons \u00c4u\u00dferungen seien f\u00fcr ein Land wie Frankreich, das f\u00fcr Freiheit und Demokratie stehe, unangebracht.<\/p>\n<p>\u201eEin wichtiger Punkt, den jeder F\u00fchrer einer demokratischen Nation beachten muss, ist die Notwendigkeit, dass wir alle zusammenarbeiten, um unsere Werte zu verteidigen, und insbesondere die F\u00fchrer von Nationen, die die Achtung dieser internationalen Regeln und Normen wollen, m\u00fcssen dazu bereit sein Setzen Sie sich konsequent f\u00fcr sie ein und tun Sie dies auf eine Weise, die dazu beitr\u00e4gt, die Art von Freiheit und Demokratie zu bewahren, die sie in einem Land wie Frankreich f\u00fcr so wichtig halten\u201c, sagte Birmingham gegen\u00fcber Sky News Australia.<\/p>\n<p>\u201eEs ist nicht unvern\u00fcnftig von uns zu erwarten, dass diese Art von Partnern sich auch f\u00fcr die Werte und Regeln einsetzen, die nicht nur von der Ukraine, sondern von autokratischen Aktionen in anderen Teilen der Welt unter Druck gesetzt werden.\u201c<\/p>\n<figure id=\"attachment_3873753\" style=\"width: 600px\" class=\"wp-caption alignnone\"> Finanzminister Simon Birmingham bei einer Pressekonferenz im Parlamentsgeb\u00e4ude in Canberra, Donnerstag, 13. Mai 2021. (AAP Image\/Mick Tsikas)<\/figure>\n<p>Macrons Kommentare wurden w\u00e4hrend eines Interviews mit Politico abgegeben, wo er warnte, dass, wenn die Spannungen zwischen China und den Vereinigten Staaten zunehmen oder kinetisch w\u00fcrden, \u201ewir weder die Zeit noch die Ressourcen haben werden, um unsere strategische Autonomie zu finanzieren, und wir werden es werden Vasallen.\u201c<\/p>\n<p>\u201eDas Paradoxe w\u00e4re, dass wir, von Panik \u00fcberw\u00e4ltigt, glauben, nur Amerikas Anh\u00e4nger zu sein\u201c, sagte Macron.  \u201eDie Frage, die die Europ\u00e4er beantworten m\u00fcssen \u2026 ist es in unserem Interesse, zu beschleunigen [a crisis] auf Taiwan?  Nein. Das Schlimmste w\u00e4re zu denken, dass wir Europ\u00e4er bei diesem Thema zu Mitl\u00e4ufern werden und uns an der US-Agenda und einer chinesischen \u00dcberreaktion orientieren m\u00fcssen.\u201c<\/p>\n<p>Macron sprach auch davon, dass Europa eine dritte Supermacht werde.<\/p>\n<p>Birmingham sagte, Macrons \u00c4u\u00dferungen schienen auf ein Unverst\u00e4ndnis der Herausforderungen hinzudeuten, mit denen die L\u00e4nder im Zusammenhang mit Pekings Bem\u00fchungen konfrontiert sind, die internationale regelbasierte Ordnung zu zerst\u00f6ren oder zu brechen.<\/p>\n<h2>US-Senator befragt Macron im Namen von ganz Europa<\/h2>\n<p>Die \u00c4u\u00dferungen des australischen Senators spiegeln \u00e4hnliche \u00c4u\u00dferungen von gew\u00e4hlten US-Beamten wie Senator Marco Rubio (R-Fla.) wider, der den franz\u00f6sischen Pr\u00e4sidenten Emanuel Macron in einem <a rel=\"nofollow noopener\" target=\"_blank\" href=\"https:\/\/twitter.com\/marcorubio\/status\/1645081063230783491?ref_src=twsrc%5Etfw%7Ctwcamp%5Etweetembed%7Ctwterm%5E1645081063230783491%7Ctwgr%5Ee6de2fb15b0de107f2375ec53444bcb139aa5fa6%7Ctwcon%5Es1_&amp;ref_url=https%3A%2F%2Fwww.breitbart.com%2Fpolitics%2F2023%2F04%2F09%2Fmarco-rubio-slams-french-presidents-call-break-away-us-does-macron-speak-europe%2F\">Twitter<\/a> post, weil er anscheinend daf\u00fcr pl\u00e4diert, dass sich Europa von den Vereinigten Staaten wegen der chinesischen Milit\u00e4raggression gegen Taiwan distanziert.<\/p>\n<p>Er argumentierte auch, dass es in diesem Fall f\u00fcr die Vereinigten Staaten von Vorteil w\u00e4re, die Beziehungen zur Europ\u00e4ischen Union abzubrechen.<\/p>\n<p>\u201eDies ist ein guter Moment f\u00fcr uns, Europa zu fragen: Spricht Macron f\u00fcr ganz Europa, ist Macron jetzt das Oberhaupt Europas, ist er jetzt der m\u00e4chtigste F\u00fchrer in Europa?\u201c  fragte Rubio und merkte dann an, ob das der Fall sei: \u201eEs gibt einige Dinge, die sich \u00e4ndern m\u00fcssen.\u201c<\/p>\n<figure id=\"attachment_4734874\" style=\"width: 600px\" class=\"wp-caption alignnone\"><img loading=\"lazy\" decoding=\"async\" class=\"lazy wp-image-4734874 size-medium\" src=\"http:\/\/just-now.news\/de\/wp-content\/uploads\/sites\/3\/2022\/10\/1665417391_22_Trump-sagt-die-Biden-Regierung-muesse-China-wegen-der-US-Fentanyl-Krise-konfrontieren.jpg\" alt=\"Epoch Times Foto\" width=\"600\" height=\"412\"> Senator Marco Rubio (R-Fla.) spricht w\u00e4hrend der Conservative Political Action Conference am Rosen Shingle Creek in Orlando, Florida, am 25. Februar 2022. (Joe Raedle\/Getty Images)<\/figure>\n<p>Rubio sprach auch die Milit\u00e4rhilfe der Vereinigten Staaten f\u00fcr die Ukraine an und sagte, die Amerikaner h\u00e4tten \u201eviel von unserem Steuerzahlergeld\u201c f\u00fcr den europ\u00e4ischen Konflikt ausgegeben.  Er betonte auch, dass er die Sache unterst\u00fctze, weil er glaube, \u201ees sei im nationalen Interesse der Vereinigten Staaten, Verb\u00fcndete unserer Verb\u00fcndeten zu sein\u201c.<\/p>\n<p>\u201eAber wenn die Position unserer Verb\u00fcndeten \u2013 wenn Macron tats\u00e4chlich f\u00fcr ganz Europa spricht, und ihre Position jetzt ist, dass sie sich nicht zwischen den USA und China f\u00fcr Taiwan entscheiden werden \u2013 sollten wir uns vielleicht auch nicht f\u00fcr eine Seite entscheiden .  Vielleicht sollten wir im Grunde sagen, dass wir uns auf Taiwan und die Bedrohungen, die China darstellt, konzentrieren werden, und Sie Jungs k\u00fcmmern sich um die Ukraine und Europa\u201c, sagte Rubio.<\/p>\n<h2>Europ\u00e4ische Staats- und Regierungschefs wehren sich gegen Macrons Kommentare<\/h2>\n<p>Macron wurde auch von anderen europ\u00e4ischen Staats- und Regierungschefs zur\u00fcckgedr\u00e4ngt, die die Kommentare des franz\u00f6sischen Pr\u00e4sidenten schnell anprangerten.<\/p>\n<p>Norbert R\u00f6ttgen, ein deutscher Bundestagsabgeordneter und ehemaliger Vorsitzender des Ausw\u00e4rtigen Ausschusses des Deutschen Bundestages, sagte, die China-Reise des franz\u00f6sischen Pr\u00e4sidenten sei zu einem \u201ePR-Coup f\u00fcr Xi und einem au\u00dfenpolitischen Desaster\u201c f\u00fcr Europa geworden <a rel=\"nofollow noopener\" target=\"_blank\" href=\"https:\/\/twitter.com\/n_roettgen\/status\/1645416956185530369?ref_src=twsrc%5Etfw\">Gewinde<\/a> auf Twitter.<\/p>\n<p>\u201eMit seiner Vorstellung von Souver\u00e4nit\u00e4t, die er eher in Abgrenzung als in Partnerschaft mit den USA definiert, isoliert er sich zunehmend in Europa\u201c, sagte er.<\/p>\n<\/p>\n<blockquote class=\"twitter-tweet\">\n<p dir=\"ltr\" lang=\"en\"><a rel=\"nofollow noopener\" target=\"_blank\" href=\"https:\/\/twitter.com\/hashtag\/Macron?src=hash&amp;ref_src=twsrc%5Etfw\">#L\u00e4ngezeichen<\/a> hat es geschafft, seine China-Reise in einen PR-Coup f\u00fcr Xi und ein au\u00dfenpolitisches Desaster f\u00fcr Europa zu verwandeln.  Mit seiner Vorstellung von \ud83c\uddea\ud83c\uddfa Souver\u00e4nit\u00e4t, die er eher auf Distanz als auf Partnerschaft mit den USA definiert, isoliert er sich zunehmend in Europa.<\/p>\n<p>\u2014 Norbert R\u00f6ttgen (@n_roettgen) <a rel=\"nofollow noopener\" target=\"_blank\" href=\"https:\/\/twitter.com\/n_roettgen\/status\/1645416956185530369?ref_src=twsrc%5Etfw\">10. April 2023<\/a><\/p>\n<\/blockquote>\n<p>Er sagte auch, Macron spalte \u201eein weiteres Mal Europa und erschwere eine gemeinsame China-Politik\u201c.<\/p>\n<p>\u201eMacron hat die Balten, Mittel- und Osteurop\u00e4er bereits entt\u00e4uscht, indem er in Bezug auf die Ukraine fast nichts unternahm.  Sie sind jetzt auch in Bezug auf #China viel realistischer\u201c, sagte er.<\/p>\n<p>Unterdessen hat die Interparlamentarische Allianz in China eine Erkl\u00e4rung abgegeben, in der sie erkl\u00e4rt, sie seien best\u00fcrzt \u00fcber Macrons \u00c4u\u00dferungen, die mit dem Rest Europas \u201estark aus dem Takt geraten\u201c seien.<\/p>\n<p>\u201eMonsieur Le President, Sie sprechen nicht f\u00fcr Europa\u201c, sagten IPAC-Mitglieder.<\/p>\n<p>\u201eDie un\u00fcberlegten \u00c4u\u00dferungen von Pr\u00e4sident Macron missachten nicht nur den wichtigen Platz Taiwans in der Weltwirtschaft, sondern untergraben auch das jahrzehntelange Engagement der internationalen Gemeinschaft, den Frieden \u00fcber die Taiwanstra\u00dfe hinweg aufrechtzuerhalten.\u201c<\/p>\n<blockquote class=\"twitter-tweet\">\n<p dir=\"ltr\" lang=\"en\">\u201eMonsieur le Pr\u00e9sident, Sie sprechen nicht f\u00fcr Europa.\u201c<\/p>\n<p>IPAC-Erkl\u00e4rung zu den Bemerkungen von <a rel=\"nofollow noopener\" target=\"_blank\" href=\"https:\/\/twitter.com\/EmmanuelMacron?ref_src=twsrc%5Etfw\">@ Emmanuel Macron<\/a> bez\u00fcglich Taiwan.<\/p>\n<p>Rollende Unterzeichner unten \u270d\ufe0f <a rel=\"nofollow noopener\" target=\"_blank\" href=\"https:\/\/t.co\/v4S6GrNZs1\">pic.twitter.com\/v4S6GrNZs1<\/a><\/p>\n<p>\u2014 Interparlamentarische Allianz zu China (@ipacglobal) <a rel=\"nofollow noopener\" target=\"_blank\" href=\"https:\/\/twitter.com\/ipacglobal\/status\/1645402308476387328?ref_src=twsrc%5Etfw\">10. April 2023<\/a><\/p>\n<\/blockquote>\n<\/p><\/div>\n<p><script async src=\"\/\/platform.twitter.com\/widgets.js\" charset=\"utf-8\"><\/script><br \/>\n<br \/><br \/>\n<b> Text ist eine \u00dcbersetzung vom Epoch Times Artikel:<\/p>\n<p><a href=\"https:\/\/www.theepochtimes.com\/criticism-over-french-presidents-comments-on-us-and-taiwan-continues_5185568.html\">Source link <\/a><\/p>\n","protected":false},"excerpt":{"rendered":"<p>Der franz\u00f6sische Pr\u00e4sident Emmanuel Macron wurde erneut f\u00fcr Kommentare gegei\u00dfelt, die er nach einem diplomatischen Besuch in China gemacht hatte, wo er Europa aufforderte, strategische Autonomie anzustreben und sich dagegen zu wehren, amerikanische Vasallenstaaten zu werden. Der australische Senator Simon Birmingham, der Schattenminister f\u00fcr ausw\u00e4rtige Angelegenheiten, sagte, Macrons \u00c4u\u00dferungen seien f\u00fcr ein Land wie Frankreich, [&hellip;]<\/p>\n","protected":false},"author":6,"featured_media":33763,"comment_status":"open","ping_status":"open","sticky":false,"template":"","format":"standard","meta":{"_yoast_indexnow_last_ping":["1681192278"],"wp_automatic_camp":["1164"],"539824305e9dd82f83956c42cee2c1e1":["Die Kritik an den \u00c4u\u00dferungen des franz\u00f6sischen Pr\u00e4sidenten zu den USA und Taiwan h\u00e4lt an\n"],"original_link":["https:\/\/www.theepochtimes.com\/criticism-over-french-presidents-comments-on-us-and-taiwan-continues_5185568.html"],"_thumbnail_id":["33763"],"wp_automatic_remove_first_image":["yes"],"jnews_social_counter_last_update":["1776933893"],"_wptgpro_p2tg_sent2tg":["a:0:{}"]},"categories":[21],"tags":[19203,48,583,45,18875,2191,935,8462,1043,140,193],"yoast_head":"<!-- This site is optimized with the Yoast SEO Premium plugin v22.7 (Yoast SEO v22.7) - https:\/\/yoast.com\/wordpress\/plugins\/seo\/ -->\n<title>Die Kritik an den \u00c4u\u00dferungen des franz\u00f6sischen Pr\u00e4sidenten zu den USA und Taiwan h\u00e4lt an - just-now.NEWS Deutschland<\/title>\n<meta name=\"robots\" content=\"index, follow, max-snippet:-1, max-image-preview:large, max-video-preview:-1\" \/>\n<link rel=\"canonical\" href=\"https:\/\/now-news.de\/de\/china\/die-kritik-an-den-aeusserungen-des-franzoesischen-praesidenten-zu-den-usa-und-taiwan-haelt-an\/\" \/>\n<meta property=\"og:locale\" content=\"de_DE\" \/>\n<meta property=\"og:type\" content=\"article\" \/>\n<meta property=\"og:title\" content=\"Die Kritik an den \u00c4u\u00dferungen des franz\u00f6sischen Pr\u00e4sidenten zu den USA und Taiwan h\u00e4lt an\" \/>\n<meta property=\"og:description\" content=\"Der franz\u00f6sische Pr\u00e4sident Emmanuel Macron wurde erneut f\u00fcr Kommentare gegei\u00dfelt, die er nach einem diplomatischen Besuch in China gemacht hatte, wo er Europa aufforderte, strategische Autonomie anzustreben und sich dagegen zu wehren, amerikanische Vasallenstaaten zu werden. Der australische Senator Simon Birmingham, der Schattenminister f\u00fcr ausw\u00e4rtige Angelegenheiten, sagte, Macrons \u00c4u\u00dferungen seien f\u00fcr ein Land wie Frankreich, [&hellip;]\" \/>\n<meta property=\"og:url\" content=\"https:\/\/now-news.de\/de\/china\/die-kritik-an-den-aeusserungen-des-franzoesischen-praesidenten-zu-den-usa-und-taiwan-haelt-an\/\" \/>\n<meta property=\"og:site_name\" content=\"just-now.NEWS Deutschland\" \/>\n<meta property=\"article:publisher\" content=\"https:\/\/www.facebook.com\/wirmachenauf\" \/>\n<meta property=\"article:published_time\" content=\"2023-04-11T05:40:20+00:00\" \/>\n<meta property=\"og:image\" content=\"https:\/\/now-news.de\/de\/wp-content\/uploads\/sites\/3\/2023\/04\/Kein-\u201eDritter-Weg-fuer-die-EU-warnen-Experten-da-Macron.jpeg\" \/>\n\t<meta property=\"og:image:width\" content=\"1200\" \/>\n\t<meta property=\"og:image:height\" content=\"800\" \/>\n\t<meta property=\"og:image:type\" content=\"image\/jpeg\" \/>\n<meta name=\"author\" content=\"epoch\" \/>\n<meta name=\"twitter:card\" content=\"summary_large_image\" \/>\n<meta name=\"twitter:creator\" content=\"@WirMachenAuf_de\" \/>\n<meta name=\"twitter:site\" content=\"@WirMachenAuf_de\" \/>\n<meta name=\"twitter:label1\" content=\"Verfasst von\" \/>\n\t<meta name=\"twitter:data1\" content=\"epoch\" \/>\n\t<meta name=\"twitter:label2\" content=\"Gesch\u00e4tzte Lesezeit\" \/>\n\t<meta name=\"twitter:data2\" content=\"5\u00a0Minuten\" \/>\n<script type=\"application\/ld+json\" class=\"yoast-schema-graph\">{\"@context\":\"https:\/\/schema.org\",\"@graph\":[{\"@type\":\"Article\",\"@id\":\"https:\/\/now-news.de\/de\/china\/die-kritik-an-den-aeusserungen-des-franzoesischen-praesidenten-zu-den-usa-und-taiwan-haelt-an\/#article\",\"isPartOf\":{\"@id\":\"https:\/\/now-news.de\/de\/china\/die-kritik-an-den-aeusserungen-des-franzoesischen-praesidenten-zu-den-usa-und-taiwan-haelt-an\/\"},\"author\":{\"name\":\"epoch\",\"@id\":\"https:\/\/now-news.de\/de\/#\/schema\/person\/c6dfcd35a72a074487761b9d49aef52f\"},\"headline\":\"Die Kritik an den \u00c4u\u00dferungen des franz\u00f6sischen Pr\u00e4sidenten zu den USA und Taiwan h\u00e4lt an\",\"datePublished\":\"2023-04-11T05:40:20+00:00\",\"dateModified\":\"2023-04-11T05:40:20+00:00\",\"mainEntityOfPage\":{\"@id\":\"https:\/\/now-news.de\/de\/china\/die-kritik-an-den-aeusserungen-des-franzoesischen-praesidenten-zu-den-usa-und-taiwan-haelt-an\/\"},\"wordCount\":1037,\"commentCount\":0,\"publisher\":{\"@id\":\"https:\/\/now-news.de\/de\/#organization\"},\"image\":{\"@id\":\"https:\/\/now-news.de\/de\/china\/die-kritik-an-den-aeusserungen-des-franzoesischen-praesidenten-zu-den-usa-und-taiwan-haelt-an\/#primaryimage\"},\"thumbnailUrl\":\"https:\/\/now-news.de\/de\/wp-content\/uploads\/sites\/3\/2023\/04\/Kein-\u201eDritter-Weg-fuer-die-EU-warnen-Experten-da-Macron.jpeg\",\"keywords\":[\"\u00c4u\u00dferungen\",\"den\",\"des\",\"die\",\"franz\u00f6sischen\",\"h\u00e4lt\",\"Kritik\",\"Pr\u00e4sidenten\",\"Taiwan\",\"und\",\"USA\"],\"articleSection\":[\"China\"],\"inLanguage\":\"de\",\"potentialAction\":[{\"@type\":\"CommentAction\",\"name\":\"Comment\",\"target\":[\"https:\/\/now-news.de\/de\/china\/die-kritik-an-den-aeusserungen-des-franzoesischen-praesidenten-zu-den-usa-und-taiwan-haelt-an\/#respond\"]}]},{\"@type\":\"WebPage\",\"@id\":\"https:\/\/now-news.de\/de\/china\/die-kritik-an-den-aeusserungen-des-franzoesischen-praesidenten-zu-den-usa-und-taiwan-haelt-an\/\",\"url\":\"https:\/\/now-news.de\/de\/china\/die-kritik-an-den-aeusserungen-des-franzoesischen-praesidenten-zu-den-usa-und-taiwan-haelt-an\/\",\"name\":\"Die Kritik an den \u00c4u\u00dferungen des franz\u00f6sischen Pr\u00e4sidenten zu den USA und Taiwan h\u00e4lt an - just-now.NEWS Deutschland\",\"isPartOf\":{\"@id\":\"https:\/\/now-news.de\/de\/#website\"},\"primaryImageOfPage\":{\"@id\":\"https:\/\/now-news.de\/de\/china\/die-kritik-an-den-aeusserungen-des-franzoesischen-praesidenten-zu-den-usa-und-taiwan-haelt-an\/#primaryimage\"},\"image\":{\"@id\":\"https:\/\/now-news.de\/de\/china\/die-kritik-an-den-aeusserungen-des-franzoesischen-praesidenten-zu-den-usa-und-taiwan-haelt-an\/#primaryimage\"},\"thumbnailUrl\":\"https:\/\/now-news.de\/de\/wp-content\/uploads\/sites\/3\/2023\/04\/Kein-\u201eDritter-Weg-fuer-die-EU-warnen-Experten-da-Macron.jpeg\",\"datePublished\":\"2023-04-11T05:40:20+00:00\",\"dateModified\":\"2023-04-11T05:40:20+00:00\",\"breadcrumb\":{\"@id\":\"https:\/\/now-news.de\/de\/china\/die-kritik-an-den-aeusserungen-des-franzoesischen-praesidenten-zu-den-usa-und-taiwan-haelt-an\/#breadcrumb\"},\"inLanguage\":\"de\",\"potentialAction\":[{\"@type\":\"ReadAction\",\"target\":[\"https:\/\/now-news.de\/de\/china\/die-kritik-an-den-aeusserungen-des-franzoesischen-praesidenten-zu-den-usa-und-taiwan-haelt-an\/\"]}]},{\"@type\":\"ImageObject\",\"inLanguage\":\"de\",\"@id\":\"https:\/\/now-news.de\/de\/china\/die-kritik-an-den-aeusserungen-des-franzoesischen-praesidenten-zu-den-usa-und-taiwan-haelt-an\/#primaryimage\",\"url\":\"https:\/\/now-news.de\/de\/wp-content\/uploads\/sites\/3\/2023\/04\/Kein-\u201eDritter-Weg-fuer-die-EU-warnen-Experten-da-Macron.jpeg\",\"contentUrl\":\"https:\/\/now-news.de\/de\/wp-content\/uploads\/sites\/3\/2023\/04\/Kein-\u201eDritter-Weg-fuer-die-EU-warnen-Experten-da-Macron.jpeg\",\"width\":1200,\"height\":800},{\"@type\":\"BreadcrumbList\",\"@id\":\"https:\/\/now-news.de\/de\/china\/die-kritik-an-den-aeusserungen-des-franzoesischen-praesidenten-zu-den-usa-und-taiwan-haelt-an\/#breadcrumb\",\"itemListElement\":[{\"@type\":\"ListItem\",\"position\":1,\"name\":\"Home\",\"item\":\"https:\/\/now-news.de\/de\/\"},{\"@type\":\"ListItem\",\"position\":2,\"name\":\"Die Kritik an den \u00c4u\u00dferungen des franz\u00f6sischen Pr\u00e4sidenten zu den USA und Taiwan h\u00e4lt an\"}]},{\"@type\":\"WebSite\",\"@id\":\"https:\/\/now-news.de\/de\/#website\",\"url\":\"https:\/\/now-news.de\/de\/\",\"name\":\"just-now.NEWS Deutschland\",\"description\":\"Das Portal f\u00fcr unzensierte Nachrichten aus der Welt\",\"publisher\":{\"@id\":\"https:\/\/now-news.de\/de\/#organization\"},\"potentialAction\":[{\"@type\":\"SearchAction\",\"target\":{\"@type\":\"EntryPoint\",\"urlTemplate\":\"https:\/\/now-news.de\/de\/?s={search_term_string}\"},\"query-input\":\"required name=search_term_string\"}],\"inLanguage\":\"de\"},{\"@type\":\"Organization\",\"@id\":\"https:\/\/now-news.de\/de\/#organization\",\"name\":\"Just Now News\",\"url\":\"https:\/\/now-news.de\/de\/\",\"logo\":{\"@type\":\"ImageObject\",\"inLanguage\":\"de\",\"@id\":\"https:\/\/now-news.de\/de\/#\/schema\/logo\/image\/\",\"url\":\"http:\/\/just-now.news\/de\/wp-content\/uploads\/sites\/3\/2022\/04\/logo500x500.jpg\",\"contentUrl\":\"http:\/\/just-now.news\/de\/wp-content\/uploads\/sites\/3\/2022\/04\/logo500x500.jpg\",\"width\":500,\"height\":500,\"caption\":\"Just Now News\"},\"image\":{\"@id\":\"https:\/\/now-news.de\/de\/#\/schema\/logo\/image\/\"},\"sameAs\":[\"https:\/\/www.facebook.com\/wirmachenauf\",\"https:\/\/x.com\/WirMachenAuf_de\"]},{\"@type\":\"Person\",\"@id\":\"https:\/\/now-news.de\/de\/#\/schema\/person\/c6dfcd35a72a074487761b9d49aef52f\",\"name\":\"epoch\",\"image\":{\"@type\":\"ImageObject\",\"inLanguage\":\"de\",\"@id\":\"https:\/\/now-news.de\/de\/#\/schema\/person\/image\/\",\"url\":\"https:\/\/secure.gravatar.com\/avatar\/56933836307948e61ef581cc4d100335?s=96&d=mm&r=g\",\"contentUrl\":\"https:\/\/secure.gravatar.com\/avatar\/56933836307948e61ef581cc4d100335?s=96&d=mm&r=g\",\"caption\":\"epoch\"},\"url\":\"https:\/\/now-news.de\/de\/author\/epoch\/\"}]}<\/script>\n<!-- \/ Yoast SEO Premium plugin. -->","yoast_head_json":{"title":"Die Kritik an den \u00c4u\u00dferungen des franz\u00f6sischen Pr\u00e4sidenten zu den USA und Taiwan h\u00e4lt an - just-now.NEWS Deutschland","robots":{"index":"index","follow":"follow","max-snippet":"max-snippet:-1","max-image-preview":"max-image-preview:large","max-video-preview":"max-video-preview:-1"},"canonical":"https:\/\/now-news.de\/de\/china\/die-kritik-an-den-aeusserungen-des-franzoesischen-praesidenten-zu-den-usa-und-taiwan-haelt-an\/","og_locale":"de_DE","og_type":"article","og_title":"Die Kritik an den \u00c4u\u00dferungen des franz\u00f6sischen Pr\u00e4sidenten zu den USA und Taiwan h\u00e4lt an","og_description":"Der franz\u00f6sische Pr\u00e4sident Emmanuel Macron wurde erneut f\u00fcr Kommentare gegei\u00dfelt, die er nach einem diplomatischen Besuch in China gemacht hatte, wo er Europa aufforderte, strategische Autonomie anzustreben und sich dagegen zu wehren, amerikanische Vasallenstaaten zu werden. Der australische Senator Simon Birmingham, der Schattenminister f\u00fcr ausw\u00e4rtige Angelegenheiten, sagte, Macrons \u00c4u\u00dferungen seien f\u00fcr ein Land wie Frankreich, [&hellip;]","og_url":"https:\/\/now-news.de\/de\/china\/die-kritik-an-den-aeusserungen-des-franzoesischen-praesidenten-zu-den-usa-und-taiwan-haelt-an\/","og_site_name":"just-now.NEWS Deutschland","article_publisher":"https:\/\/www.facebook.com\/wirmachenauf","article_published_time":"2023-04-11T05:40:20+00:00","og_image":[{"width":1200,"height":800,"url":"https:\/\/now-news.de\/de\/wp-content\/uploads\/sites\/3\/2023\/04\/Kein-\u201eDritter-Weg-fuer-die-EU-warnen-Experten-da-Macron.jpeg","type":"image\/jpeg"}],"author":"epoch","twitter_card":"summary_large_image","twitter_creator":"@WirMachenAuf_de","twitter_site":"@WirMachenAuf_de","twitter_misc":{"Verfasst von":"epoch","Gesch\u00e4tzte Lesezeit":"5\u00a0Minuten"},"schema":{"@context":"https:\/\/schema.org","@graph":[{"@type":"Article","@id":"https:\/\/now-news.de\/de\/china\/die-kritik-an-den-aeusserungen-des-franzoesischen-praesidenten-zu-den-usa-und-taiwan-haelt-an\/#article","isPartOf":{"@id":"https:\/\/now-news.de\/de\/china\/die-kritik-an-den-aeusserungen-des-franzoesischen-praesidenten-zu-den-usa-und-taiwan-haelt-an\/"},"author":{"name":"epoch","@id":"https:\/\/now-news.de\/de\/#\/schema\/person\/c6dfcd35a72a074487761b9d49aef52f"},"headline":"Die Kritik an den \u00c4u\u00dferungen des franz\u00f6sischen Pr\u00e4sidenten zu den USA und Taiwan h\u00e4lt an","datePublished":"2023-04-11T05:40:20+00:00","dateModified":"2023-04-11T05:40:20+00:00","mainEntityOfPage":{"@id":"https:\/\/now-news.de\/de\/china\/die-kritik-an-den-aeusserungen-des-franzoesischen-praesidenten-zu-den-usa-und-taiwan-haelt-an\/"},"wordCount":1037,"commentCount":0,"publisher":{"@id":"https:\/\/now-news.de\/de\/#organization"},"image":{"@id":"https:\/\/now-news.de\/de\/china\/die-kritik-an-den-aeusserungen-des-franzoesischen-praesidenten-zu-den-usa-und-taiwan-haelt-an\/#primaryimage"},"thumbnailUrl":"https:\/\/now-news.de\/de\/wp-content\/uploads\/sites\/3\/2023\/04\/Kein-\u201eDritter-Weg-fuer-die-EU-warnen-Experten-da-Macron.jpeg","keywords":["\u00c4u\u00dferungen","den","des","die","franz\u00f6sischen","h\u00e4lt","Kritik","Pr\u00e4sidenten","Taiwan","und","USA"],"articleSection":["China"],"inLanguage":"de","potentialAction":[{"@type":"CommentAction","name":"Comment","target":["https:\/\/now-news.de\/de\/china\/die-kritik-an-den-aeusserungen-des-franzoesischen-praesidenten-zu-den-usa-und-taiwan-haelt-an\/#respond"]}]},{"@type":"WebPage","@id":"https:\/\/now-news.de\/de\/china\/die-kritik-an-den-aeusserungen-des-franzoesischen-praesidenten-zu-den-usa-und-taiwan-haelt-an\/","url":"https:\/\/now-news.de\/de\/china\/die-kritik-an-den-aeusserungen-des-franzoesischen-praesidenten-zu-den-usa-und-taiwan-haelt-an\/","name":"Die Kritik an den \u00c4u\u00dferungen des franz\u00f6sischen Pr\u00e4sidenten zu den USA und Taiwan h\u00e4lt an - just-now.NEWS Deutschland","isPartOf":{"@id":"https:\/\/now-news.de\/de\/#website"},"primaryImageOfPage":{"@id":"https:\/\/now-news.de\/de\/china\/die-kritik-an-den-aeusserungen-des-franzoesischen-praesidenten-zu-den-usa-und-taiwan-haelt-an\/#primaryimage"},"image":{"@id":"https:\/\/now-news.de\/de\/china\/die-kritik-an-den-aeusserungen-des-franzoesischen-praesidenten-zu-den-usa-und-taiwan-haelt-an\/#primaryimage"},"thumbnailUrl":"https:\/\/now-news.de\/de\/wp-content\/uploads\/sites\/3\/2023\/04\/Kein-\u201eDritter-Weg-fuer-die-EU-warnen-Experten-da-Macron.jpeg","datePublished":"2023-04-11T05:40:20+00:00","dateModified":"2023-04-11T05:40:20+00:00","breadcrumb":{"@id":"https:\/\/now-news.de\/de\/china\/die-kritik-an-den-aeusserungen-des-franzoesischen-praesidenten-zu-den-usa-und-taiwan-haelt-an\/#breadcrumb"},"inLanguage":"de","potentialAction":[{"@type":"ReadAction","target":["https:\/\/now-news.de\/de\/china\/die-kritik-an-den-aeusserungen-des-franzoesischen-praesidenten-zu-den-usa-und-taiwan-haelt-an\/"]}]},{"@type":"ImageObject","inLanguage":"de","@id":"https:\/\/now-news.de\/de\/china\/die-kritik-an-den-aeusserungen-des-franzoesischen-praesidenten-zu-den-usa-und-taiwan-haelt-an\/#primaryimage","url":"https:\/\/now-news.de\/de\/wp-content\/uploads\/sites\/3\/2023\/04\/Kein-\u201eDritter-Weg-fuer-die-EU-warnen-Experten-da-Macron.jpeg","contentUrl":"https:\/\/now-news.de\/de\/wp-content\/uploads\/sites\/3\/2023\/04\/Kein-\u201eDritter-Weg-fuer-die-EU-warnen-Experten-da-Macron.jpeg","width":1200,"height":800},{"@type":"BreadcrumbList","@id":"https:\/\/now-news.de\/de\/china\/die-kritik-an-den-aeusserungen-des-franzoesischen-praesidenten-zu-den-usa-und-taiwan-haelt-an\/#breadcrumb","itemListElement":[{"@type":"ListItem","position":1,"name":"Home","item":"https:\/\/now-news.de\/de\/"},{"@type":"ListItem","position":2,"name":"Die Kritik an den \u00c4u\u00dferungen des franz\u00f6sischen Pr\u00e4sidenten zu den USA und Taiwan h\u00e4lt an"}]},{"@type":"WebSite","@id":"https:\/\/now-news.de\/de\/#website","url":"https:\/\/now-news.de\/de\/","name":"just-now.NEWS Deutschland","description":"Das Portal f\u00fcr unzensierte Nachrichten aus der Welt","publisher":{"@id":"https:\/\/now-news.de\/de\/#organization"},"potentialAction":[{"@type":"SearchAction","target":{"@type":"EntryPoint","urlTemplate":"https:\/\/now-news.de\/de\/?s={search_term_string}"},"query-input":"required name=search_term_string"}],"inLanguage":"de"},{"@type":"Organization","@id":"https:\/\/now-news.de\/de\/#organization","name":"Just Now News","url":"https:\/\/now-news.de\/de\/","logo":{"@type":"ImageObject","inLanguage":"de","@id":"https:\/\/now-news.de\/de\/#\/schema\/logo\/image\/","url":"http:\/\/just-now.news\/de\/wp-content\/uploads\/sites\/3\/2022\/04\/logo500x500.jpg","contentUrl":"http:\/\/just-now.news\/de\/wp-content\/uploads\/sites\/3\/2022\/04\/logo500x500.jpg","width":500,"height":500,"caption":"Just Now News"},"image":{"@id":"https:\/\/now-news.de\/de\/#\/schema\/logo\/image\/"},"sameAs":["https:\/\/www.facebook.com\/wirmachenauf","https:\/\/x.com\/WirMachenAuf_de"]},{"@type":"Person","@id":"https:\/\/now-news.de\/de\/#\/schema\/person\/c6dfcd35a72a074487761b9d49aef52f","name":"epoch","image":{"@type":"ImageObject","inLanguage":"de","@id":"https:\/\/now-news.de\/de\/#\/schema\/person\/image\/","url":"https:\/\/secure.gravatar.com\/avatar\/56933836307948e61ef581cc4d100335?s=96&d=mm&r=g","contentUrl":"https:\/\/secure.gravatar.com\/avatar\/56933836307948e61ef581cc4d100335?s=96&d=mm&r=g","caption":"epoch"},"url":"https:\/\/now-news.de\/de\/author\/epoch\/"}]}},"_links":{"self":[{"href":"https:\/\/now-news.de\/de\/wp-json\/wp\/v2\/posts\/33921"}],"collection":[{"href":"https:\/\/now-news.de\/de\/wp-json\/wp\/v2\/posts"}],"about":[{"href":"https:\/\/now-news.de\/de\/wp-json\/wp\/v2\/types\/post"}],"author":[{"embeddable":true,"href":"https:\/\/now-news.de\/de\/wp-json\/wp\/v2\/users\/6"}],"replies":[{"embeddable":true,"href":"https:\/\/now-news.de\/de\/wp-json\/wp\/v2\/comments?post=33921"}],"version-history":[{"count":0,"href":"https:\/\/now-news.de\/de\/wp-json\/wp\/v2\/posts\/33921\/revisions"}],"wp:featuredmedia":[{"embeddable":true,"href":"https:\/\/now-news.de\/de\/wp-json\/wp\/v2\/media\/33763"}],"wp:attachment":[{"href":"https:\/\/now-news.de\/de\/wp-json\/wp\/v2\/media?parent=33921"}],"wp:term":[{"taxonomy":"category","embeddable":true,"href":"https:\/\/now-news.de\/de\/wp-json\/wp\/v2\/categories?post=33921"},{"taxonomy":"post_tag","embeddable":true,"href":"https:\/\/now-news.de\/de\/wp-json\/wp\/v2\/tags?post=33921"}],"curies":[{"name":"wp","href":"https:\/\/api.w.org\/{rel}","templated":true}]}}