{"id":3387,"date":"2013-01-14T11:50:38","date_gmt":"2013-01-14T12:50:38","guid":{"rendered":"http:\/\/just-now.news\/de\/great-reset\/greatvideos\/pardonnez-moi-linterview-de-klaus-schwab-3\/"},"modified":"2013-01-14T11:50:38","modified_gmt":"2013-01-14T12:50:38","slug":"pardonnez-moi-linterview-de-klaus-schwab-3","status":"publish","type":"post","link":"https:\/\/now-news.de\/de\/great-reset\/greatvideos\/pardonnez-moi-linterview-de-klaus-schwab-3\/","title":{"rendered":"Pardonnez-moi &#8211; L&#39;interview de Klaus Schwab"},"content":{"rendered":"<p><iframe loading=\"lazy\"  width=\"580\" height=\"385\" src=\"https:\/\/www.youtube.com\/embed\/qQ7QLaJBfPo?modestbranding=1\" frameborder=\"0\" allowfullscreen><\/iframe><br \/>\n<br \/>Pardonnez-moi : Darius Roche in re\u00e7oit Klaus Schwab, pr\u00e9sident depuis sa cr\u00e9ation du Forum \u00e9conomique mondial (World Economic Forum), avant l&#8217;ouverture de son meeting annuel \u00e0 Davos le 22 janvier prochain.<\/p>\n<p>Retrouvez toutes les vide\u0301os de Pardonnez-moi sur : http:\/\/www.rts.ch\/video\/emissions\/pardonnez-moi\/<br \/>\n<br \/><a href=\"https:\/\/www.youtube.com\/watch?v=qQ7QLaJBfPo\">source<\/a><\/p>\n","protected":false},"excerpt":{"rendered":"<p>Pardonnez-moi : Darius Roche in re\u00e7oit Klaus Schwab, pr\u00e9sident depuis sa cr\u00e9ation du Forum \u00e9conomique mondial (World Economic Forum), avant l&#8217;ouverture de son meeting annuel \u00e0 Davos le 22 janvier prochain. Retrouvez toutes les vide\u0301os de Pardonnez-moi sur : http:\/\/www.rts.ch\/video\/emissions\/pardonnez-moi\/ source<\/p>\n","protected":false},"author":5,"featured_media":3388,"comment_status":"open","ping_status":"open","sticky":false,"template":"","format":"standard","meta":{"wp_automatic_camp":["168"],"bf6695764ca18159a29b8cd935e1bb7d":["Pardonnez-moi - L&#39;interview de Klaus Schwab"],"original_link":["https:\/\/www.youtube.com\/watch?v=qQ7QLaJBfPo"],"_thumbnail_id":["3388"],"wp_automatic_remove_first_image":["yes"],"jnews_social_counter_last_update":["1777360615"]},"categories":[53],"tags":[9647,57,385,9193,9192,9185,9932,9183,58,9931,88],"yoast_head":"<!-- This site is optimized with the Yoast SEO Premium plugin v22.7 (Yoast SEO v22.7) - https:\/\/yoast.com\/wordpress\/plugins\/seo\/ -->\n<title>Pardonnez-moi - L&#039;interview de Klaus Schwab - just-now.NEWS Deutschland<\/title>\n<meta name=\"robots\" content=\"index, follow, max-snippet:-1, max-image-preview:large, max-video-preview:-1\" \/>\n<link rel=\"canonical\" href=\"https:\/\/now-news.de\/de\/great-reset\/greatvideos\/pardonnez-moi-linterview-de-klaus-schwab-3\/\" \/>\n<meta property=\"og:locale\" content=\"de_DE\" \/>\n<meta property=\"og:type\" content=\"article\" \/>\n<meta property=\"og:title\" content=\"Pardonnez-moi - L&#039;interview de Klaus Schwab\" \/>\n<meta property=\"og:description\" content=\"Pardonnez-moi : Darius Roche in re\u00e7oit Klaus Schwab, pr\u00e9sident depuis sa cr\u00e9ation du Forum \u00e9conomique mondial (World Economic Forum), avant l&#8217;ouverture de son meeting annuel \u00e0 Davos le 22 janvier prochain. Retrouvez toutes les vide\u0301os de Pardonnez-moi sur : http:\/\/www.rts.ch\/video\/emissions\/pardonnez-moi\/ source\" \/>\n<meta property=\"og:url\" content=\"https:\/\/now-news.de\/de\/great-reset\/greatvideos\/pardonnez-moi-linterview-de-klaus-schwab-3\/\" \/>\n<meta property=\"og:site_name\" content=\"just-now.NEWS Deutschland\" \/>\n<meta property=\"article:publisher\" content=\"https:\/\/www.facebook.com\/wirmachenauf\" \/>\n<meta property=\"article:published_time\" content=\"2013-01-14T12:50:38+00:00\" \/>\n<meta property=\"og:image\" content=\"https:\/\/now-news.de\/de\/wp-content\/uploads\/sites\/3\/2022\/04\/1650902760_Pardonnez-moi-L39interview-de-Klaus-Schwab.jpg\" \/>\n\t<meta property=\"og:image:width\" content=\"480\" \/>\n\t<meta property=\"og:image:height\" content=\"360\" \/>\n\t<meta property=\"og:image:type\" content=\"image\/jpeg\" \/>\n<meta name=\"author\" content=\"greatreset\" \/>\n<meta name=\"twitter:card\" content=\"summary_large_image\" \/>\n<meta name=\"twitter:creator\" content=\"@WirMachenAuf_de\" \/>\n<meta name=\"twitter:site\" content=\"@WirMachenAuf_de\" \/>\n<meta name=\"twitter:label1\" content=\"Verfasst von\" \/>\n\t<meta name=\"twitter:data1\" content=\"greatreset\" \/>\n<script type=\"application\/ld+json\" class=\"yoast-schema-graph\">{\"@context\":\"https:\/\/schema.org\",\"@graph\":[{\"@type\":\"Article\",\"@id\":\"https:\/\/now-news.de\/de\/great-reset\/greatvideos\/pardonnez-moi-linterview-de-klaus-schwab-3\/#article\",\"isPartOf\":{\"@id\":\"https:\/\/now-news.de\/de\/great-reset\/greatvideos\/pardonnez-moi-linterview-de-klaus-schwab-3\/\"},\"author\":{\"name\":\"greatreset\",\"@id\":\"https:\/\/now-news.de\/de\/#\/schema\/person\/8afb4cd92b68572db7902c13a349ffcb\"},\"headline\":\"Pardonnez-moi &#8211; L&#39;interview de Klaus Schwab\",\"datePublished\":\"2013-01-14T12:50:38+00:00\",\"dateModified\":\"2013-01-14T12:50:38+00:00\",\"mainEntityOfPage\":{\"@id\":\"https:\/\/now-news.de\/de\/great-reset\/greatvideos\/pardonnez-moi-linterview-de-klaus-schwab-3\/\"},\"wordCount\":55,\"commentCount\":0,\"publisher\":{\"@id\":\"https:\/\/now-news.de\/de\/#organization\"},\"image\":{\"@id\":\"https:\/\/now-news.de\/de\/great-reset\/greatvideos\/pardonnez-moi-linterview-de-klaus-schwab-3\/#primaryimage\"},\"thumbnailUrl\":\"https:\/\/now-news.de\/de\/wp-content\/uploads\/sites\/3\/2022\/04\/1650902760_Pardonnez-moi-L39interview-de-Klaus-Schwab.jpg\",\"keywords\":[\"Forum \u00e9conomique mondial\",\"Klaus\",\"klaus schwab\",\"L39interview\",\"Pardonnezmoi\",\"Radio Te\u0301le\u0301vision Suisse\",\"RSR\",\"RTS\",\"Schwab\",\"TSR\",\"world economic forum\"],\"articleSection\":[\"GreatVideos\"],\"inLanguage\":\"de\",\"potentialAction\":[{\"@type\":\"CommentAction\",\"name\":\"Comment\",\"target\":[\"https:\/\/now-news.de\/de\/great-reset\/greatvideos\/pardonnez-moi-linterview-de-klaus-schwab-3\/#respond\"]}]},{\"@type\":\"WebPage\",\"@id\":\"https:\/\/now-news.de\/de\/great-reset\/greatvideos\/pardonnez-moi-linterview-de-klaus-schwab-3\/\",\"url\":\"https:\/\/now-news.de\/de\/great-reset\/greatvideos\/pardonnez-moi-linterview-de-klaus-schwab-3\/\",\"name\":\"Pardonnez-moi - L&#39;interview de Klaus Schwab - just-now.NEWS Deutschland\",\"isPartOf\":{\"@id\":\"https:\/\/now-news.de\/de\/#website\"},\"primaryImageOfPage\":{\"@id\":\"https:\/\/now-news.de\/de\/great-reset\/greatvideos\/pardonnez-moi-linterview-de-klaus-schwab-3\/#primaryimage\"},\"image\":{\"@id\":\"https:\/\/now-news.de\/de\/great-reset\/greatvideos\/pardonnez-moi-linterview-de-klaus-schwab-3\/#primaryimage\"},\"thumbnailUrl\":\"https:\/\/now-news.de\/de\/wp-content\/uploads\/sites\/3\/2022\/04\/1650902760_Pardonnez-moi-L39interview-de-Klaus-Schwab.jpg\",\"datePublished\":\"2013-01-14T12:50:38+00:00\",\"dateModified\":\"2013-01-14T12:50:38+00:00\",\"breadcrumb\":{\"@id\":\"https:\/\/now-news.de\/de\/great-reset\/greatvideos\/pardonnez-moi-linterview-de-klaus-schwab-3\/#breadcrumb\"},\"inLanguage\":\"de\",\"potentialAction\":[{\"@type\":\"ReadAction\",\"target\":[\"https:\/\/now-news.de\/de\/great-reset\/greatvideos\/pardonnez-moi-linterview-de-klaus-schwab-3\/\"]}]},{\"@type\":\"ImageObject\",\"inLanguage\":\"de\",\"@id\":\"https:\/\/now-news.de\/de\/great-reset\/greatvideos\/pardonnez-moi-linterview-de-klaus-schwab-3\/#primaryimage\",\"url\":\"https:\/\/now-news.de\/de\/wp-content\/uploads\/sites\/3\/2022\/04\/1650902760_Pardonnez-moi-L39interview-de-Klaus-Schwab.jpg\",\"contentUrl\":\"https:\/\/now-news.de\/de\/wp-content\/uploads\/sites\/3\/2022\/04\/1650902760_Pardonnez-moi-L39interview-de-Klaus-Schwab.jpg\",\"width\":480,\"height\":360},{\"@type\":\"BreadcrumbList\",\"@id\":\"https:\/\/now-news.de\/de\/great-reset\/greatvideos\/pardonnez-moi-linterview-de-klaus-schwab-3\/#breadcrumb\",\"itemListElement\":[{\"@type\":\"ListItem\",\"position\":1,\"name\":\"Home\",\"item\":\"https:\/\/now-news.de\/de\/\"},{\"@type\":\"ListItem\",\"position\":2,\"name\":\"Pardonnez-moi &#8211; L&#39;interview de Klaus Schwab\"}]},{\"@type\":\"WebSite\",\"@id\":\"https:\/\/now-news.de\/de\/#website\",\"url\":\"https:\/\/now-news.de\/de\/\",\"name\":\"just-now.NEWS Deutschland\",\"description\":\"Das Portal f\u00fcr unzensierte Nachrichten aus der Welt\",\"publisher\":{\"@id\":\"https:\/\/now-news.de\/de\/#organization\"},\"potentialAction\":[{\"@type\":\"SearchAction\",\"target\":{\"@type\":\"EntryPoint\",\"urlTemplate\":\"https:\/\/now-news.de\/de\/?s={search_term_string}\"},\"query-input\":\"required name=search_term_string\"}],\"inLanguage\":\"de\"},{\"@type\":\"Organization\",\"@id\":\"https:\/\/now-news.de\/de\/#organization\",\"name\":\"Just Now News\",\"url\":\"https:\/\/now-news.de\/de\/\",\"logo\":{\"@type\":\"ImageObject\",\"inLanguage\":\"de\",\"@id\":\"https:\/\/now-news.de\/de\/#\/schema\/logo\/image\/\",\"url\":\"http:\/\/just-now.news\/de\/wp-content\/uploads\/sites\/3\/2022\/04\/logo500x500.jpg\",\"contentUrl\":\"http:\/\/just-now.news\/de\/wp-content\/uploads\/sites\/3\/2022\/04\/logo500x500.jpg\",\"width\":500,\"height\":500,\"caption\":\"Just Now News\"},\"image\":{\"@id\":\"https:\/\/now-news.de\/de\/#\/schema\/logo\/image\/\"},\"sameAs\":[\"https:\/\/www.facebook.com\/wirmachenauf\",\"https:\/\/x.com\/WirMachenAuf_de\"]},{\"@type\":\"Person\",\"@id\":\"https:\/\/now-news.de\/de\/#\/schema\/person\/8afb4cd92b68572db7902c13a349ffcb\",\"name\":\"greatreset\",\"image\":{\"@type\":\"ImageObject\",\"inLanguage\":\"de\",\"@id\":\"https:\/\/now-news.de\/de\/#\/schema\/person\/image\/\",\"url\":\"https:\/\/secure.gravatar.com\/avatar\/a088df625d49991c090e78c8b9542592?s=96&d=mm&r=g\",\"contentUrl\":\"https:\/\/secure.gravatar.com\/avatar\/a088df625d49991c090e78c8b9542592?s=96&d=mm&r=g\",\"caption\":\"greatreset\"},\"url\":\"https:\/\/now-news.de\/de\/author\/greatreset\/\"}]}<\/script>\n<!-- \/ Yoast SEO Premium plugin. -->","yoast_head_json":{"title":"Pardonnez-moi - L&#39;interview de Klaus Schwab - just-now.NEWS Deutschland","robots":{"index":"index","follow":"follow","max-snippet":"max-snippet:-1","max-image-preview":"max-image-preview:large","max-video-preview":"max-video-preview:-1"},"canonical":"https:\/\/now-news.de\/de\/great-reset\/greatvideos\/pardonnez-moi-linterview-de-klaus-schwab-3\/","og_locale":"de_DE","og_type":"article","og_title":"Pardonnez-moi - L&#39;interview de Klaus Schwab","og_description":"Pardonnez-moi : Darius Roche in re\u00e7oit Klaus Schwab, pr\u00e9sident depuis sa cr\u00e9ation du Forum \u00e9conomique mondial (World Economic Forum), avant l&#8217;ouverture de son meeting annuel \u00e0 Davos le 22 janvier prochain. Retrouvez toutes les vide\u0301os de Pardonnez-moi sur : http:\/\/www.rts.ch\/video\/emissions\/pardonnez-moi\/ source","og_url":"https:\/\/now-news.de\/de\/great-reset\/greatvideos\/pardonnez-moi-linterview-de-klaus-schwab-3\/","og_site_name":"just-now.NEWS Deutschland","article_publisher":"https:\/\/www.facebook.com\/wirmachenauf","article_published_time":"2013-01-14T12:50:38+00:00","og_image":[{"width":480,"height":360,"url":"https:\/\/now-news.de\/de\/wp-content\/uploads\/sites\/3\/2022\/04\/1650902760_Pardonnez-moi-L39interview-de-Klaus-Schwab.jpg","type":"image\/jpeg"}],"author":"greatreset","twitter_card":"summary_large_image","twitter_creator":"@WirMachenAuf_de","twitter_site":"@WirMachenAuf_de","twitter_misc":{"Verfasst von":"greatreset"},"schema":{"@context":"https:\/\/schema.org","@graph":[{"@type":"Article","@id":"https:\/\/now-news.de\/de\/great-reset\/greatvideos\/pardonnez-moi-linterview-de-klaus-schwab-3\/#article","isPartOf":{"@id":"https:\/\/now-news.de\/de\/great-reset\/greatvideos\/pardonnez-moi-linterview-de-klaus-schwab-3\/"},"author":{"name":"greatreset","@id":"https:\/\/now-news.de\/de\/#\/schema\/person\/8afb4cd92b68572db7902c13a349ffcb"},"headline":"Pardonnez-moi &#8211; L&#39;interview de Klaus Schwab","datePublished":"2013-01-14T12:50:38+00:00","dateModified":"2013-01-14T12:50:38+00:00","mainEntityOfPage":{"@id":"https:\/\/now-news.de\/de\/great-reset\/greatvideos\/pardonnez-moi-linterview-de-klaus-schwab-3\/"},"wordCount":55,"commentCount":0,"publisher":{"@id":"https:\/\/now-news.de\/de\/#organization"},"image":{"@id":"https:\/\/now-news.de\/de\/great-reset\/greatvideos\/pardonnez-moi-linterview-de-klaus-schwab-3\/#primaryimage"},"thumbnailUrl":"https:\/\/now-news.de\/de\/wp-content\/uploads\/sites\/3\/2022\/04\/1650902760_Pardonnez-moi-L39interview-de-Klaus-Schwab.jpg","keywords":["Forum \u00e9conomique mondial","Klaus","klaus schwab","L39interview","Pardonnezmoi","Radio Te\u0301le\u0301vision Suisse","RSR","RTS","Schwab","TSR","world economic forum"],"articleSection":["GreatVideos"],"inLanguage":"de","potentialAction":[{"@type":"CommentAction","name":"Comment","target":["https:\/\/now-news.de\/de\/great-reset\/greatvideos\/pardonnez-moi-linterview-de-klaus-schwab-3\/#respond"]}]},{"@type":"WebPage","@id":"https:\/\/now-news.de\/de\/great-reset\/greatvideos\/pardonnez-moi-linterview-de-klaus-schwab-3\/","url":"https:\/\/now-news.de\/de\/great-reset\/greatvideos\/pardonnez-moi-linterview-de-klaus-schwab-3\/","name":"Pardonnez-moi - L&#39;interview de Klaus Schwab - just-now.NEWS Deutschland","isPartOf":{"@id":"https:\/\/now-news.de\/de\/#website"},"primaryImageOfPage":{"@id":"https:\/\/now-news.de\/de\/great-reset\/greatvideos\/pardonnez-moi-linterview-de-klaus-schwab-3\/#primaryimage"},"image":{"@id":"https:\/\/now-news.de\/de\/great-reset\/greatvideos\/pardonnez-moi-linterview-de-klaus-schwab-3\/#primaryimage"},"thumbnailUrl":"https:\/\/now-news.de\/de\/wp-content\/uploads\/sites\/3\/2022\/04\/1650902760_Pardonnez-moi-L39interview-de-Klaus-Schwab.jpg","datePublished":"2013-01-14T12:50:38+00:00","dateModified":"2013-01-14T12:50:38+00:00","breadcrumb":{"@id":"https:\/\/now-news.de\/de\/great-reset\/greatvideos\/pardonnez-moi-linterview-de-klaus-schwab-3\/#breadcrumb"},"inLanguage":"de","potentialAction":[{"@type":"ReadAction","target":["https:\/\/now-news.de\/de\/great-reset\/greatvideos\/pardonnez-moi-linterview-de-klaus-schwab-3\/"]}]},{"@type":"ImageObject","inLanguage":"de","@id":"https:\/\/now-news.de\/de\/great-reset\/greatvideos\/pardonnez-moi-linterview-de-klaus-schwab-3\/#primaryimage","url":"https:\/\/now-news.de\/de\/wp-content\/uploads\/sites\/3\/2022\/04\/1650902760_Pardonnez-moi-L39interview-de-Klaus-Schwab.jpg","contentUrl":"https:\/\/now-news.de\/de\/wp-content\/uploads\/sites\/3\/2022\/04\/1650902760_Pardonnez-moi-L39interview-de-Klaus-Schwab.jpg","width":480,"height":360},{"@type":"BreadcrumbList","@id":"https:\/\/now-news.de\/de\/great-reset\/greatvideos\/pardonnez-moi-linterview-de-klaus-schwab-3\/#breadcrumb","itemListElement":[{"@type":"ListItem","position":1,"name":"Home","item":"https:\/\/now-news.de\/de\/"},{"@type":"ListItem","position":2,"name":"Pardonnez-moi &#8211; L&#39;interview de Klaus Schwab"}]},{"@type":"WebSite","@id":"https:\/\/now-news.de\/de\/#website","url":"https:\/\/now-news.de\/de\/","name":"just-now.NEWS Deutschland","description":"Das Portal f\u00fcr unzensierte Nachrichten aus der Welt","publisher":{"@id":"https:\/\/now-news.de\/de\/#organization"},"potentialAction":[{"@type":"SearchAction","target":{"@type":"EntryPoint","urlTemplate":"https:\/\/now-news.de\/de\/?s={search_term_string}"},"query-input":"required name=search_term_string"}],"inLanguage":"de"},{"@type":"Organization","@id":"https:\/\/now-news.de\/de\/#organization","name":"Just Now News","url":"https:\/\/now-news.de\/de\/","logo":{"@type":"ImageObject","inLanguage":"de","@id":"https:\/\/now-news.de\/de\/#\/schema\/logo\/image\/","url":"http:\/\/just-now.news\/de\/wp-content\/uploads\/sites\/3\/2022\/04\/logo500x500.jpg","contentUrl":"http:\/\/just-now.news\/de\/wp-content\/uploads\/sites\/3\/2022\/04\/logo500x500.jpg","width":500,"height":500,"caption":"Just Now News"},"image":{"@id":"https:\/\/now-news.de\/de\/#\/schema\/logo\/image\/"},"sameAs":["https:\/\/www.facebook.com\/wirmachenauf","https:\/\/x.com\/WirMachenAuf_de"]},{"@type":"Person","@id":"https:\/\/now-news.de\/de\/#\/schema\/person\/8afb4cd92b68572db7902c13a349ffcb","name":"greatreset","image":{"@type":"ImageObject","inLanguage":"de","@id":"https:\/\/now-news.de\/de\/#\/schema\/person\/image\/","url":"https:\/\/secure.gravatar.com\/avatar\/a088df625d49991c090e78c8b9542592?s=96&d=mm&r=g","contentUrl":"https:\/\/secure.gravatar.com\/avatar\/a088df625d49991c090e78c8b9542592?s=96&d=mm&r=g","caption":"greatreset"},"url":"https:\/\/now-news.de\/de\/author\/greatreset\/"}]}},"_links":{"self":[{"href":"https:\/\/now-news.de\/de\/wp-json\/wp\/v2\/posts\/3387"}],"collection":[{"href":"https:\/\/now-news.de\/de\/wp-json\/wp\/v2\/posts"}],"about":[{"href":"https:\/\/now-news.de\/de\/wp-json\/wp\/v2\/types\/post"}],"author":[{"embeddable":true,"href":"https:\/\/now-news.de\/de\/wp-json\/wp\/v2\/users\/5"}],"replies":[{"embeddable":true,"href":"https:\/\/now-news.de\/de\/wp-json\/wp\/v2\/comments?post=3387"}],"version-history":[{"count":0,"href":"https:\/\/now-news.de\/de\/wp-json\/wp\/v2\/posts\/3387\/revisions"}],"wp:featuredmedia":[{"embeddable":true,"href":"https:\/\/now-news.de\/de\/wp-json\/wp\/v2\/media\/3388"}],"wp:attachment":[{"href":"https:\/\/now-news.de\/de\/wp-json\/wp\/v2\/media?parent=3387"}],"wp:term":[{"taxonomy":"category","embeddable":true,"href":"https:\/\/now-news.de\/de\/wp-json\/wp\/v2\/categories?post=3387"},{"taxonomy":"post_tag","embeddable":true,"href":"https:\/\/now-news.de\/de\/wp-json\/wp\/v2\/tags?post=3387"}],"curies":[{"name":"wp","href":"https:\/\/api.w.org\/{rel}","templated":true}]}}