{"id":3385,"date":"2022-04-25T15:03:46","date_gmt":"2022-04-25T16:03:46","guid":{"rendered":"http:\/\/just-now.news\/de\/deutschland\/usa-sagen-gedenkfeier-zum-elbe-day-auf-nationalfriedhof-arlington-ab\/"},"modified":"2022-04-25T15:03:46","modified_gmt":"2022-04-25T16:03:46","slug":"usa-sagen-gedenkfeier-zum-elbe-day-auf-nationalfriedhof-arlington-ab","status":"publish","type":"post","link":"https:\/\/now-news.de\/de\/deutschland\/usa-sagen-gedenkfeier-zum-elbe-day-auf-nationalfriedhof-arlington-ab\/","title":{"rendered":"USA sagen Gedenkfeier zum Elbe Day auf Nationalfriedhof Arlington ab"},"content":{"rendered":"<div class=\"Text-root Text-type_5 ArticleView-text ViewText-root \">\n<p>Die Zeremonie zum Gedenken an das historische Treffen sowjetischer und US-amerikanischer Soldaten an der Elbe im Jahr 1945 sei abgesagt worden, teilte Anatoli Antonow, der russische Botschafter in den USA, am Wochenende mit. Die Gedenkveranstaltung fand bisher j\u00e4hrlich auf dem Nationalfriedhof Arlington nahe Washington statt. Der Diplomat erkl\u00e4rte:<\/p>\n<blockquote>\n<p><em>&#8220;Dieses Jahr wurde uns leider die Erlaubnis verweigert, solche Veranstaltungen durchzuf\u00fchren. Rein formell hat es der Nationalfriedhof Arlington abgesagt, aber uns wurde klar gesagt, dass dies auf Empfehlung des Au\u00dfenministeriums geschehen ist. Diese Reaktion ist uns aufgrund der Russophobie, die heute in den Vereinigten Staaten aufgezogen wird, klar.&#8221;<\/em><\/p>\n<\/blockquote>\n<p>In den vergangenen Jahren hatten an diesem Friedhof russische Diplomaten, Vertreter der GUS-Staaten, Veteranen des Zweiten Weltkriegs und Vertreter der US-Regierung Kr\u00e4nze niedergelegt.<\/p>\n<div class=\"ReadMore-root Section-root Section-is1to3-xs_is1to1\" data-widgets=\"ReadMore\" data-has-alias>\n<div class=\"Section-container Section-isRow-isTop-isWrap\">\n<article class=\"Card-root Card-is1to1 \">\n<div class=\"Card-imageWrap\">\n<div class=\"Card-picture\">\n<picture class=\"Picture-root Picture-default\"><!--[if IE 9]><video style=\"display: none;\"><![endif]--><source media=\"(-webkit-min-device-pixel-ratio: 2) and (min-resolution: 120dpi)\" data-srcset=\" \nhttps:\/\/cdni.russiatoday.com\/deutsch\/images\/2022.04\/thumbnail\/625abb3a48fbef30206c732a.jpg 850w,\n                https:\/\/cdni.russiatoday.com\/deutsch\/images\/2022.04\/article\/625abb3a48fbef30206c7329.jpg 1960w,\n            \" srcset=\"data:image\/png;base64,iVBORw0KGgoAAAANSUhEUgAAABAAAAAJCAQAAACRI2S5AAAAEElEQVR42mNkIAAYRxWAAQAG9gAKqv6+AwAAAABJRU5ErkJggg==\"><source data-srcset=\" \nhttps:\/\/cdni.russiatoday.com\/deutsch\/images\/2022.04\/thumbnail\/625abb3a48fbef30206c732a.jpg 460w,\n              https:\/\/cdni.russiatoday.com\/deutsch\/images\/2022.04\/article\/625abb3a48fbef30206c7329.jpg 980w,\n            \" srcset=\"data:image\/png;base64,iVBORw0KGgoAAAANSUhEUgAAABAAAAAJCAQAAACRI2S5AAAAEElEQVR42mNkIAAYRxWAAQAG9gAKqv6+AwAAAABJRU5ErkJggg==\"><!--[if IE 9]><\/video><![endif]--><\/source><\/source><\/picture><!-- noscript pattern --><noscript><img decoding=\"async\" src=\"https:\/\/cdni.russiatoday.com\/deutsch\/images\/2022.04\/article\/625abb3a48fbef30206c7329.jpg\" alt='Seltsame Lehren aus der Geschichte: Torgau streicht Gedenkfeier zum \"Elbe Day\" am 25. April'><\/noscript>    <\/div><\/div>\n<div class=\"Card-contentWrap\">\n<div class=\"Card-content\">\n<div class=\"Card-title\">\n<div class=\"HeaderNews-root HeaderNews-type_6 \">\n<p>            <a target=\"_blank\" href=\"https:\/\/de.rt.com\/inland\/136347-seltsame-lehren-aus-der-geschichte-torgau-streicht-gedenkfeier-zum-elbe-day\/\" class=\"Link-root Link-isFullCard \" rel=\"noopener\"><br \/>\n                Seltsame Lehren aus der Geschichte: Torgau streicht Gedenkfeier zum &#8220;Elbe Day&#8221; am 25. April<br \/>\n            <\/a><\/p><\/div><\/div><\/div><\/div>\n<\/article>\n<\/div><\/div>\n<p>Noch im Jahr 2020 betonten der damalige US-Pr\u00e4sident Donald Trump und sein russischer Amtskollege Wladimir Putin in einer gemeinsamen Erkl\u00e4rung, dass das Denkmal &#8220;Spirit of the Elbe&#8221; (&#8220;Der Geist der Elbe&#8221;) ein Beispiel daf\u00fcr sei, &#8220;wie die USA und Russland Differenzen beiseite legen, Vertrauen aufbauen und zusammenarbeiten k\u00f6nnen, um gr\u00f6\u00dfere Ziele zu verfolgen&#8221;.<\/p>\n<p>Am 25. April 1945 trafen nahe der Stadt Torgau sowjetische und US-amerikanische Truppen aufeinander. Die historische Begegnung wurde zum Symbol f\u00fcr die gemeinsame Anstrengung der Alliierten zum Sieg \u00fcber den Nationalsozialismus.\u00a0Seitdem wird im Rahmen\u00a0des Elbe Day j\u00e4hrlich an dieses historische Ereignis gedacht.<\/p>\n<p><strong>Mehr zum Thema<\/strong> &#8211; <a target=\"_blank\" href=\"https:\/\/deutsch.rt.com\/inland\/136483-elbe-day-in-torgau\/\" rel=\"noopener noreferrer\">Elbtag in Torgau: B\u00fcndnis will trotz Absage offizieller Feierlichkeiten auf die Stra\u00dfe gehen<\/a><\/p>\n<\/p>\n<\/div>\n<p><br \/>\n<br \/><a href=\"https:\/\/de.rt.com\/international\/136950-russischer-botschafter-usa-sagen-gedenkfeier\/\">Source link <\/a><\/p>\n","protected":false},"excerpt":{"rendered":"<p>Die Zeremonie zum Gedenken an das historische Treffen sowjetischer und US-amerikanischer Soldaten an der Elbe im Jahr 1945 sei abgesagt worden, teilte Anatoli Antonow, der russische Botschafter in den USA, am Wochenende mit. Die Gedenkveranstaltung fand bisher j\u00e4hrlich auf dem Nationalfriedhof Arlington nahe Washington statt. Der Diplomat erkl\u00e4rte: &#8220;Dieses Jahr wurde uns leider die Erlaubnis [&hellip;]<\/p>\n","protected":false},"author":3,"featured_media":3386,"comment_status":"open","ping_status":"open","sticky":false,"template":"","format":"standard","meta":{"wp_automatic_camp":["217"],"468281f6362e67d0a666793f5a4443ee":["USA sagen Gedenkfeier zum Elbe Day auf Nationalfriedhof Arlington ab"],"original_link":["https:\/\/de.rt.com\/international\/136950-russischer-botschafter-usa-sagen-gedenkfeier\/"],"_thumbnail_id":["3386"],"wp_automatic_remove_first_image":["yes"],"jnews_social_counter_last_update":["1777267944"]},"categories":[19,23],"tags":[9930,133,2586,3373,854,9929,3278,193,565],"yoast_head":"<!-- This site is optimized with the Yoast SEO Premium plugin v22.7 (Yoast SEO v22.7) - https:\/\/yoast.com\/wordpress\/plugins\/seo\/ -->\n<title>USA sagen Gedenkfeier zum Elbe Day auf Nationalfriedhof Arlington ab - just-now.NEWS Deutschland<\/title>\n<meta name=\"robots\" content=\"index, follow, max-snippet:-1, max-image-preview:large, max-video-preview:-1\" \/>\n<link rel=\"canonical\" href=\"https:\/\/now-news.de\/de\/deutschland\/usa-sagen-gedenkfeier-zum-elbe-day-auf-nationalfriedhof-arlington-ab\/\" \/>\n<meta property=\"og:locale\" content=\"de_DE\" \/>\n<meta property=\"og:type\" content=\"article\" \/>\n<meta property=\"og:title\" content=\"USA sagen Gedenkfeier zum Elbe Day auf Nationalfriedhof Arlington ab\" \/>\n<meta property=\"og:description\" content=\"Die Zeremonie zum Gedenken an das historische Treffen sowjetischer und US-amerikanischer Soldaten an der Elbe im Jahr 1945 sei abgesagt worden, teilte Anatoli Antonow, der russische Botschafter in den USA, am Wochenende mit. Die Gedenkveranstaltung fand bisher j\u00e4hrlich auf dem Nationalfriedhof Arlington nahe Washington statt. Der Diplomat erkl\u00e4rte: &#8220;Dieses Jahr wurde uns leider die Erlaubnis [&hellip;]\" \/>\n<meta property=\"og:url\" content=\"https:\/\/now-news.de\/de\/deutschland\/usa-sagen-gedenkfeier-zum-elbe-day-auf-nationalfriedhof-arlington-ab\/\" \/>\n<meta property=\"og:site_name\" content=\"just-now.NEWS Deutschland\" \/>\n<meta property=\"article:publisher\" content=\"https:\/\/www.facebook.com\/wirmachenauf\" \/>\n<meta property=\"article:published_time\" content=\"2022-04-25T16:03:46+00:00\" \/>\n<meta property=\"og:image\" content=\"https:\/\/now-news.de\/de\/wp-content\/uploads\/sites\/3\/2022\/04\/USA-sagen-Gedenkfeier-zum-Elbe-Day-auf-Nationalfriedhof-Arlington-ab.jpg\" \/>\n\t<meta property=\"og:image:width\" content=\"1104\" \/>\n\t<meta property=\"og:image:height\" content=\"622\" \/>\n\t<meta property=\"og:image:type\" content=\"image\/jpeg\" \/>\n<meta name=\"author\" content=\"rtnews\" \/>\n<meta name=\"twitter:card\" content=\"summary_large_image\" \/>\n<meta name=\"twitter:creator\" content=\"@WirMachenAuf_de\" \/>\n<meta name=\"twitter:site\" content=\"@WirMachenAuf_de\" \/>\n<meta name=\"twitter:label1\" content=\"Verfasst von\" \/>\n\t<meta name=\"twitter:data1\" content=\"rtnews\" \/>\n\t<meta name=\"twitter:label2\" content=\"Gesch\u00e4tzte Lesezeit\" \/>\n\t<meta name=\"twitter:data2\" content=\"1\u00a0Minute\" \/>\n<script type=\"application\/ld+json\" class=\"yoast-schema-graph\">{\"@context\":\"https:\/\/schema.org\",\"@graph\":[{\"@type\":\"Article\",\"@id\":\"https:\/\/now-news.de\/de\/deutschland\/usa-sagen-gedenkfeier-zum-elbe-day-auf-nationalfriedhof-arlington-ab\/#article\",\"isPartOf\":{\"@id\":\"https:\/\/now-news.de\/de\/deutschland\/usa-sagen-gedenkfeier-zum-elbe-day-auf-nationalfriedhof-arlington-ab\/\"},\"author\":{\"name\":\"rtnews\",\"@id\":\"https:\/\/now-news.de\/de\/#\/schema\/person\/fb534a4e865501d8b3285208df34a9b5\"},\"headline\":\"USA sagen Gedenkfeier zum Elbe Day auf Nationalfriedhof Arlington ab\",\"datePublished\":\"2022-04-25T16:03:46+00:00\",\"dateModified\":\"2022-04-25T16:03:46+00:00\",\"mainEntityOfPage\":{\"@id\":\"https:\/\/now-news.de\/de\/deutschland\/usa-sagen-gedenkfeier-zum-elbe-day-auf-nationalfriedhof-arlington-ab\/\"},\"wordCount\":269,\"commentCount\":0,\"publisher\":{\"@id\":\"https:\/\/now-news.de\/de\/#organization\"},\"image\":{\"@id\":\"https:\/\/now-news.de\/de\/deutschland\/usa-sagen-gedenkfeier-zum-elbe-day-auf-nationalfriedhof-arlington-ab\/#primaryimage\"},\"thumbnailUrl\":\"https:\/\/now-news.de\/de\/wp-content\/uploads\/sites\/3\/2022\/04\/USA-sagen-Gedenkfeier-zum-Elbe-Day-auf-Nationalfriedhof-Arlington-ab.jpg\",\"keywords\":[\"Arlington\",\"AUF\",\"day\",\"Elbe\",\"Gedenkfeier\",\"Nationalfriedhof\",\"sagen\",\"USA\",\"zum\"],\"articleSection\":[\"Deutschland\",\"Russland\"],\"inLanguage\":\"de\",\"potentialAction\":[{\"@type\":\"CommentAction\",\"name\":\"Comment\",\"target\":[\"https:\/\/now-news.de\/de\/deutschland\/usa-sagen-gedenkfeier-zum-elbe-day-auf-nationalfriedhof-arlington-ab\/#respond\"]}]},{\"@type\":\"WebPage\",\"@id\":\"https:\/\/now-news.de\/de\/deutschland\/usa-sagen-gedenkfeier-zum-elbe-day-auf-nationalfriedhof-arlington-ab\/\",\"url\":\"https:\/\/now-news.de\/de\/deutschland\/usa-sagen-gedenkfeier-zum-elbe-day-auf-nationalfriedhof-arlington-ab\/\",\"name\":\"USA sagen Gedenkfeier zum Elbe Day auf Nationalfriedhof Arlington ab - just-now.NEWS Deutschland\",\"isPartOf\":{\"@id\":\"https:\/\/now-news.de\/de\/#website\"},\"primaryImageOfPage\":{\"@id\":\"https:\/\/now-news.de\/de\/deutschland\/usa-sagen-gedenkfeier-zum-elbe-day-auf-nationalfriedhof-arlington-ab\/#primaryimage\"},\"image\":{\"@id\":\"https:\/\/now-news.de\/de\/deutschland\/usa-sagen-gedenkfeier-zum-elbe-day-auf-nationalfriedhof-arlington-ab\/#primaryimage\"},\"thumbnailUrl\":\"https:\/\/now-news.de\/de\/wp-content\/uploads\/sites\/3\/2022\/04\/USA-sagen-Gedenkfeier-zum-Elbe-Day-auf-Nationalfriedhof-Arlington-ab.jpg\",\"datePublished\":\"2022-04-25T16:03:46+00:00\",\"dateModified\":\"2022-04-25T16:03:46+00:00\",\"breadcrumb\":{\"@id\":\"https:\/\/now-news.de\/de\/deutschland\/usa-sagen-gedenkfeier-zum-elbe-day-auf-nationalfriedhof-arlington-ab\/#breadcrumb\"},\"inLanguage\":\"de\",\"potentialAction\":[{\"@type\":\"ReadAction\",\"target\":[\"https:\/\/now-news.de\/de\/deutschland\/usa-sagen-gedenkfeier-zum-elbe-day-auf-nationalfriedhof-arlington-ab\/\"]}]},{\"@type\":\"ImageObject\",\"inLanguage\":\"de\",\"@id\":\"https:\/\/now-news.de\/de\/deutschland\/usa-sagen-gedenkfeier-zum-elbe-day-auf-nationalfriedhof-arlington-ab\/#primaryimage\",\"url\":\"https:\/\/now-news.de\/de\/wp-content\/uploads\/sites\/3\/2022\/04\/USA-sagen-Gedenkfeier-zum-Elbe-Day-auf-Nationalfriedhof-Arlington-ab.jpg\",\"contentUrl\":\"https:\/\/now-news.de\/de\/wp-content\/uploads\/sites\/3\/2022\/04\/USA-sagen-Gedenkfeier-zum-Elbe-Day-auf-Nationalfriedhof-Arlington-ab.jpg\",\"width\":1104,\"height\":622,\"caption\":\"USA sagen Gedenkfeier zum Elbe Day auf Nationalfriedhof Arlington ab\"},{\"@type\":\"BreadcrumbList\",\"@id\":\"https:\/\/now-news.de\/de\/deutschland\/usa-sagen-gedenkfeier-zum-elbe-day-auf-nationalfriedhof-arlington-ab\/#breadcrumb\",\"itemListElement\":[{\"@type\":\"ListItem\",\"position\":1,\"name\":\"Home\",\"item\":\"https:\/\/now-news.de\/de\/\"},{\"@type\":\"ListItem\",\"position\":2,\"name\":\"USA sagen Gedenkfeier zum Elbe Day auf Nationalfriedhof Arlington ab\"}]},{\"@type\":\"WebSite\",\"@id\":\"https:\/\/now-news.de\/de\/#website\",\"url\":\"https:\/\/now-news.de\/de\/\",\"name\":\"just-now.NEWS Deutschland\",\"description\":\"Das Portal f\u00fcr unzensierte Nachrichten aus der Welt\",\"publisher\":{\"@id\":\"https:\/\/now-news.de\/de\/#organization\"},\"potentialAction\":[{\"@type\":\"SearchAction\",\"target\":{\"@type\":\"EntryPoint\",\"urlTemplate\":\"https:\/\/now-news.de\/de\/?s={search_term_string}\"},\"query-input\":\"required name=search_term_string\"}],\"inLanguage\":\"de\"},{\"@type\":\"Organization\",\"@id\":\"https:\/\/now-news.de\/de\/#organization\",\"name\":\"Just Now News\",\"url\":\"https:\/\/now-news.de\/de\/\",\"logo\":{\"@type\":\"ImageObject\",\"inLanguage\":\"de\",\"@id\":\"https:\/\/now-news.de\/de\/#\/schema\/logo\/image\/\",\"url\":\"http:\/\/just-now.news\/de\/wp-content\/uploads\/sites\/3\/2022\/04\/logo500x500.jpg\",\"contentUrl\":\"http:\/\/just-now.news\/de\/wp-content\/uploads\/sites\/3\/2022\/04\/logo500x500.jpg\",\"width\":500,\"height\":500,\"caption\":\"Just Now News\"},\"image\":{\"@id\":\"https:\/\/now-news.de\/de\/#\/schema\/logo\/image\/\"},\"sameAs\":[\"https:\/\/www.facebook.com\/wirmachenauf\",\"https:\/\/x.com\/WirMachenAuf_de\"]},{\"@type\":\"Person\",\"@id\":\"https:\/\/now-news.de\/de\/#\/schema\/person\/fb534a4e865501d8b3285208df34a9b5\",\"name\":\"rtnews\",\"image\":{\"@type\":\"ImageObject\",\"inLanguage\":\"de\",\"@id\":\"https:\/\/now-news.de\/de\/#\/schema\/person\/image\/\",\"url\":\"https:\/\/secure.gravatar.com\/avatar\/82aafea7d8127119dd649515f56e2117?s=96&d=mm&r=g\",\"contentUrl\":\"https:\/\/secure.gravatar.com\/avatar\/82aafea7d8127119dd649515f56e2117?s=96&d=mm&r=g\",\"caption\":\"rtnews\"},\"url\":\"https:\/\/now-news.de\/de\/author\/rnews\/\"}]}<\/script>\n<!-- \/ Yoast SEO Premium plugin. -->","yoast_head_json":{"title":"USA sagen Gedenkfeier zum Elbe Day auf Nationalfriedhof Arlington ab - just-now.NEWS Deutschland","robots":{"index":"index","follow":"follow","max-snippet":"max-snippet:-1","max-image-preview":"max-image-preview:large","max-video-preview":"max-video-preview:-1"},"canonical":"https:\/\/now-news.de\/de\/deutschland\/usa-sagen-gedenkfeier-zum-elbe-day-auf-nationalfriedhof-arlington-ab\/","og_locale":"de_DE","og_type":"article","og_title":"USA sagen Gedenkfeier zum Elbe Day auf Nationalfriedhof Arlington ab","og_description":"Die Zeremonie zum Gedenken an das historische Treffen sowjetischer und US-amerikanischer Soldaten an der Elbe im Jahr 1945 sei abgesagt worden, teilte Anatoli Antonow, der russische Botschafter in den USA, am Wochenende mit. Die Gedenkveranstaltung fand bisher j\u00e4hrlich auf dem Nationalfriedhof Arlington nahe Washington statt. Der Diplomat erkl\u00e4rte: &#8220;Dieses Jahr wurde uns leider die Erlaubnis [&hellip;]","og_url":"https:\/\/now-news.de\/de\/deutschland\/usa-sagen-gedenkfeier-zum-elbe-day-auf-nationalfriedhof-arlington-ab\/","og_site_name":"just-now.NEWS Deutschland","article_publisher":"https:\/\/www.facebook.com\/wirmachenauf","article_published_time":"2022-04-25T16:03:46+00:00","og_image":[{"width":1104,"height":622,"url":"https:\/\/now-news.de\/de\/wp-content\/uploads\/sites\/3\/2022\/04\/USA-sagen-Gedenkfeier-zum-Elbe-Day-auf-Nationalfriedhof-Arlington-ab.jpg","type":"image\/jpeg"}],"author":"rtnews","twitter_card":"summary_large_image","twitter_creator":"@WirMachenAuf_de","twitter_site":"@WirMachenAuf_de","twitter_misc":{"Verfasst von":"rtnews","Gesch\u00e4tzte Lesezeit":"1\u00a0Minute"},"schema":{"@context":"https:\/\/schema.org","@graph":[{"@type":"Article","@id":"https:\/\/now-news.de\/de\/deutschland\/usa-sagen-gedenkfeier-zum-elbe-day-auf-nationalfriedhof-arlington-ab\/#article","isPartOf":{"@id":"https:\/\/now-news.de\/de\/deutschland\/usa-sagen-gedenkfeier-zum-elbe-day-auf-nationalfriedhof-arlington-ab\/"},"author":{"name":"rtnews","@id":"https:\/\/now-news.de\/de\/#\/schema\/person\/fb534a4e865501d8b3285208df34a9b5"},"headline":"USA sagen Gedenkfeier zum Elbe Day auf Nationalfriedhof Arlington ab","datePublished":"2022-04-25T16:03:46+00:00","dateModified":"2022-04-25T16:03:46+00:00","mainEntityOfPage":{"@id":"https:\/\/now-news.de\/de\/deutschland\/usa-sagen-gedenkfeier-zum-elbe-day-auf-nationalfriedhof-arlington-ab\/"},"wordCount":269,"commentCount":0,"publisher":{"@id":"https:\/\/now-news.de\/de\/#organization"},"image":{"@id":"https:\/\/now-news.de\/de\/deutschland\/usa-sagen-gedenkfeier-zum-elbe-day-auf-nationalfriedhof-arlington-ab\/#primaryimage"},"thumbnailUrl":"https:\/\/now-news.de\/de\/wp-content\/uploads\/sites\/3\/2022\/04\/USA-sagen-Gedenkfeier-zum-Elbe-Day-auf-Nationalfriedhof-Arlington-ab.jpg","keywords":["Arlington","AUF","day","Elbe","Gedenkfeier","Nationalfriedhof","sagen","USA","zum"],"articleSection":["Deutschland","Russland"],"inLanguage":"de","potentialAction":[{"@type":"CommentAction","name":"Comment","target":["https:\/\/now-news.de\/de\/deutschland\/usa-sagen-gedenkfeier-zum-elbe-day-auf-nationalfriedhof-arlington-ab\/#respond"]}]},{"@type":"WebPage","@id":"https:\/\/now-news.de\/de\/deutschland\/usa-sagen-gedenkfeier-zum-elbe-day-auf-nationalfriedhof-arlington-ab\/","url":"https:\/\/now-news.de\/de\/deutschland\/usa-sagen-gedenkfeier-zum-elbe-day-auf-nationalfriedhof-arlington-ab\/","name":"USA sagen Gedenkfeier zum Elbe Day auf Nationalfriedhof Arlington ab - just-now.NEWS Deutschland","isPartOf":{"@id":"https:\/\/now-news.de\/de\/#website"},"primaryImageOfPage":{"@id":"https:\/\/now-news.de\/de\/deutschland\/usa-sagen-gedenkfeier-zum-elbe-day-auf-nationalfriedhof-arlington-ab\/#primaryimage"},"image":{"@id":"https:\/\/now-news.de\/de\/deutschland\/usa-sagen-gedenkfeier-zum-elbe-day-auf-nationalfriedhof-arlington-ab\/#primaryimage"},"thumbnailUrl":"https:\/\/now-news.de\/de\/wp-content\/uploads\/sites\/3\/2022\/04\/USA-sagen-Gedenkfeier-zum-Elbe-Day-auf-Nationalfriedhof-Arlington-ab.jpg","datePublished":"2022-04-25T16:03:46+00:00","dateModified":"2022-04-25T16:03:46+00:00","breadcrumb":{"@id":"https:\/\/now-news.de\/de\/deutschland\/usa-sagen-gedenkfeier-zum-elbe-day-auf-nationalfriedhof-arlington-ab\/#breadcrumb"},"inLanguage":"de","potentialAction":[{"@type":"ReadAction","target":["https:\/\/now-news.de\/de\/deutschland\/usa-sagen-gedenkfeier-zum-elbe-day-auf-nationalfriedhof-arlington-ab\/"]}]},{"@type":"ImageObject","inLanguage":"de","@id":"https:\/\/now-news.de\/de\/deutschland\/usa-sagen-gedenkfeier-zum-elbe-day-auf-nationalfriedhof-arlington-ab\/#primaryimage","url":"https:\/\/now-news.de\/de\/wp-content\/uploads\/sites\/3\/2022\/04\/USA-sagen-Gedenkfeier-zum-Elbe-Day-auf-Nationalfriedhof-Arlington-ab.jpg","contentUrl":"https:\/\/now-news.de\/de\/wp-content\/uploads\/sites\/3\/2022\/04\/USA-sagen-Gedenkfeier-zum-Elbe-Day-auf-Nationalfriedhof-Arlington-ab.jpg","width":1104,"height":622,"caption":"USA sagen Gedenkfeier zum Elbe Day auf Nationalfriedhof Arlington ab"},{"@type":"BreadcrumbList","@id":"https:\/\/now-news.de\/de\/deutschland\/usa-sagen-gedenkfeier-zum-elbe-day-auf-nationalfriedhof-arlington-ab\/#breadcrumb","itemListElement":[{"@type":"ListItem","position":1,"name":"Home","item":"https:\/\/now-news.de\/de\/"},{"@type":"ListItem","position":2,"name":"USA sagen Gedenkfeier zum Elbe Day auf Nationalfriedhof Arlington ab"}]},{"@type":"WebSite","@id":"https:\/\/now-news.de\/de\/#website","url":"https:\/\/now-news.de\/de\/","name":"just-now.NEWS Deutschland","description":"Das Portal f\u00fcr unzensierte Nachrichten aus der Welt","publisher":{"@id":"https:\/\/now-news.de\/de\/#organization"},"potentialAction":[{"@type":"SearchAction","target":{"@type":"EntryPoint","urlTemplate":"https:\/\/now-news.de\/de\/?s={search_term_string}"},"query-input":"required name=search_term_string"}],"inLanguage":"de"},{"@type":"Organization","@id":"https:\/\/now-news.de\/de\/#organization","name":"Just Now News","url":"https:\/\/now-news.de\/de\/","logo":{"@type":"ImageObject","inLanguage":"de","@id":"https:\/\/now-news.de\/de\/#\/schema\/logo\/image\/","url":"http:\/\/just-now.news\/de\/wp-content\/uploads\/sites\/3\/2022\/04\/logo500x500.jpg","contentUrl":"http:\/\/just-now.news\/de\/wp-content\/uploads\/sites\/3\/2022\/04\/logo500x500.jpg","width":500,"height":500,"caption":"Just Now News"},"image":{"@id":"https:\/\/now-news.de\/de\/#\/schema\/logo\/image\/"},"sameAs":["https:\/\/www.facebook.com\/wirmachenauf","https:\/\/x.com\/WirMachenAuf_de"]},{"@type":"Person","@id":"https:\/\/now-news.de\/de\/#\/schema\/person\/fb534a4e865501d8b3285208df34a9b5","name":"rtnews","image":{"@type":"ImageObject","inLanguage":"de","@id":"https:\/\/now-news.de\/de\/#\/schema\/person\/image\/","url":"https:\/\/secure.gravatar.com\/avatar\/82aafea7d8127119dd649515f56e2117?s=96&d=mm&r=g","contentUrl":"https:\/\/secure.gravatar.com\/avatar\/82aafea7d8127119dd649515f56e2117?s=96&d=mm&r=g","caption":"rtnews"},"url":"https:\/\/now-news.de\/de\/author\/rnews\/"}]}},"_links":{"self":[{"href":"https:\/\/now-news.de\/de\/wp-json\/wp\/v2\/posts\/3385"}],"collection":[{"href":"https:\/\/now-news.de\/de\/wp-json\/wp\/v2\/posts"}],"about":[{"href":"https:\/\/now-news.de\/de\/wp-json\/wp\/v2\/types\/post"}],"author":[{"embeddable":true,"href":"https:\/\/now-news.de\/de\/wp-json\/wp\/v2\/users\/3"}],"replies":[{"embeddable":true,"href":"https:\/\/now-news.de\/de\/wp-json\/wp\/v2\/comments?post=3385"}],"version-history":[{"count":0,"href":"https:\/\/now-news.de\/de\/wp-json\/wp\/v2\/posts\/3385\/revisions"}],"wp:featuredmedia":[{"embeddable":true,"href":"https:\/\/now-news.de\/de\/wp-json\/wp\/v2\/media\/3386"}],"wp:attachment":[{"href":"https:\/\/now-news.de\/de\/wp-json\/wp\/v2\/media?parent=3385"}],"wp:term":[{"taxonomy":"category","embeddable":true,"href":"https:\/\/now-news.de\/de\/wp-json\/wp\/v2\/categories?post=3385"},{"taxonomy":"post_tag","embeddable":true,"href":"https:\/\/now-news.de\/de\/wp-json\/wp\/v2\/tags?post=3385"}],"curies":[{"name":"wp","href":"https:\/\/api.w.org\/{rel}","templated":true}]}}