{"id":33810,"date":"2023-04-08T18:39:50","date_gmt":"2023-04-08T16:39:50","guid":{"rendered":"http:\/\/just-now.news\/de\/deutschland\/podiumsdiskussion-mit-ulrike-guerot-und-oskar-lafontaine\/"},"modified":"2023-04-08T18:39:50","modified_gmt":"2023-04-08T16:39:50","slug":"podiumsdiskussion-mit-ulrike-guerot-und-oskar-lafontaine","status":"publish","type":"post","link":"https:\/\/now-news.de\/de\/deutschland\/podiumsdiskussion-mit-ulrike-guerot-und-oskar-lafontaine\/","title":{"rendered":"Podiumsdiskussion mit Ulrike Gu\u00e9rot und Oskar Lafontaine"},"content":{"rendered":"<p><img decoding=\"async\" src=\"http:\/\/just-now.news\/de\/wp-content\/uploads\/sites\/3\/2023\/04\/64312a25b480cc7ca87c9443.png\" \/><\/p>\n<div class=\"Text-root Text-type_1 \">\n                Friedenspolitische und US-kritische Positionen sind aus dem \u00f6ffentlichen Diskurs in Deutschland fast vollst\u00e4ndig ausgeschlossen. Umso wichtiger ist es, sie zu formulieren. Ulrike Gu\u00e9rot und Oskar Lafontaine taten das in Frankfurt am Main. Ostern ist das ideale Fest, sich den Beitrag online anzuschauen.\n            <\/div>\n<p><\/p>\n<div class=\"Text-root Text-type_5 ArticleView-text ViewText-root \">\n<p>Am 27. M\u00e4rz stellten Oskar Lafontaine und Ulrike Gu\u00e9rot im Rahmen einer Podiumsdiskussion in Frankfurt am Main ihre aktuellen B\u00fccher vor. Eine Aufzeichnung der Diskussion ist nun auf <em>YouTube<\/em> verf\u00fcgbar.\u00a0<\/p>\n<p>Es ist lohnenswert, sich das rund einst\u00fcndige Gespr\u00e4ch anzusehen, in dem aktuelle Themen aus einer Perspektive diskutiert werden, die in den sogenannten Leitmedien und in der deutschen Politik keinen Raum mehr findet.\u00a0<\/p>\n<div class=\"EmbedBlock-root EmbedBlock-youtube\">\n<div class=\"YouTubeEmbed\">\n<div class=\"jeg_video_container jeg_video_content\"><iframe loading=\"lazy\" title=\"Wohin treibt Europa? Oskar Lafontaine und Ulrike Gu\u00e9rot im Gespr\u00e4ch mit Markus J. Karsten\" width=\"500\" height=\"281\" src=\"https:\/\/www.youtube.com\/embed\/_CwjS-7T8kA?feature=oembed\" frameborder=\"0\" allow=\"accelerometer; autoplay; clipboard-write; encrypted-media; gyroscope; picture-in-picture; web-share\" referrerpolicy=\"strict-origin-when-cross-origin\" allowfullscreen><\/iframe><\/div>\n<\/div>\n<\/div>\n<p>Lafontaine und Gu\u00e9rot sprechen \u00fcber Europa, die Ukraine, die deutsch-franz\u00f6sischen Beziehungen und die Unf\u00e4higkeit der EU und Deutschlands, eine von den USA unabh\u00e4ngige Politik zu machen.\u00a0<\/p>\n<p>Zudem geht es um das gesellschaftliche Klima in Deutschland, um den absoluten, den totalit\u00e4ren Wahrheitsanspruch von Teilen der deutschen Gesellschaft, die einer Preisgabe der F\u00e4higkeit zur Kommunikation gleichkommt. Eine gef\u00e4hrliche Entwicklung, denn sie bedeutet die Preisgabe von Diplomatie und f\u00fchrt in die Isolation.\u00a0<\/p>\n<p>Gu\u00e9rot weist darauf hin, dass eigentlich selbstverst\u00e4ndliche Positionen wie die Forderung nach Verhandlungen oder der Wunsch nach Deeskalation in Deutschland inzwischen offen diskriminiert werden.\u00a0<\/p>\n<p>Das Buch von Lafontaine hat den Titel &#8220;Ami, it&#8217;s Time to Go&#8221;, das Buch von Gu\u00e9rot &#8220;Endspiel Europa&#8221;.<\/p>\n<p><strong>Mehr zum Thema\u00a0<\/strong>\u2013\u00a0<strong><\/strong><a rel=\"nofollow noopener\" target=\"_blank\" href=\"https:\/\/fromrussiawithlove.rtde.live\/inland\/160861-oskar-lafontaine-warnt-vor-achse\/\">Oskar Lafontaine warnt vor einer Achse Washington\u2013London\u2013Warschau\u2013Kiew<\/a><\/p>\n<\/div>\n<p><br \/>\n<br \/><a href=\"https:\/\/de.rt.com\/inland\/167278-podiumsdiskussion-mit-ulrike-guerot-und\/\">Source link <\/a><\/p>\n","protected":false},"excerpt":{"rendered":"<p>Friedenspolitische und US-kritische Positionen sind aus dem \u00f6ffentlichen Diskurs in Deutschland fast vollst\u00e4ndig ausgeschlossen. Umso wichtiger ist es, sie zu formulieren. Ulrike Gu\u00e9rot und Oskar Lafontaine taten das in Frankfurt am Main. Ostern ist das ideale Fest, sich den Beitrag online anzuschauen. Am 27. M\u00e4rz stellten Oskar Lafontaine und Ulrike Gu\u00e9rot im Rahmen einer Podiumsdiskussion [&hellip;]<\/p>\n","protected":false},"author":3,"featured_media":33811,"comment_status":"open","ping_status":"open","sticky":false,"template":"","format":"standard","meta":{"_yoast_indexnow_last_ping":["1680972680"],"_oembed_b3760c8951b7c09ecaaadbc2e9909e13":["<iframe title=\"Wohin treibt Europa? Oskar Lafontaine und Ulrike Gu\u00e9rot im Gespr\u00e4ch mit Markus J. Karsten\" width=\"500\" height=\"281\" src=\"https:\/\/www.youtube.com\/embed\/_CwjS-7T8kA?feature=oembed\" frameborder=\"0\" allow=\"accelerometer; autoplay; clipboard-write; encrypted-media; gyroscope; picture-in-picture; web-share\" allowfullscreen><\/iframe>"],"_oembed_time_b3760c8951b7c09ecaaadbc2e9909e13":["1680972681"],"wp_automatic_camp":["217"],"abec7db6a5b6cf54507f1fdd119b64d7":["Podiumsdiskussion mit Ulrike Gu\u00e9rot und Oskar Lafontaine"],"original_link":["https:\/\/de.rt.com\/inland\/167278-podiumsdiskussion-mit-ulrike-guerot-und\/"],"_thumbnail_id":["33811"],"_wptgpro_p2tg_sent2tg":["a:1:{i:23737;s:19:\"2023-04-08 18:52:24\";}"],"jnews_social_counter_last_update":["1777184409"],"_oembed_31f87b1b1318ec05364aa6dbc600eb35":["<iframe title=\"Wohin treibt Europa? Oskar Lafontaine und Ulrike Gu\u00e9rot im Gespr\u00e4ch mit Markus J. Karsten\" width=\"500\" height=\"281\" src=\"https:\/\/www.youtube.com\/embed\/_CwjS-7T8kA?feature=oembed\" frameborder=\"0\" allow=\"accelerometer; autoplay; clipboard-write; encrypted-media; gyroscope; picture-in-picture; web-share\" referrerpolicy=\"strict-origin-when-cross-origin\" allowfullscreen><\/iframe>"],"_oembed_time_31f87b1b1318ec05364aa6dbc600eb35":["1717372284"]},"categories":[19,23],"tags":[33006,16010,419,3830,2107,33005,140],"yoast_head":"<!-- This site is optimized with the Yoast SEO Premium plugin v22.7 (Yoast SEO v22.7) - https:\/\/yoast.com\/wordpress\/plugins\/seo\/ -->\n<title>Podiumsdiskussion mit Ulrike Gu\u00e9rot und Oskar Lafontaine - just-now.NEWS Deutschland<\/title>\n<meta name=\"robots\" content=\"index, follow, max-snippet:-1, max-image-preview:large, max-video-preview:-1\" \/>\n<link rel=\"canonical\" href=\"https:\/\/now-news.de\/de\/deutschland\/podiumsdiskussion-mit-ulrike-guerot-und-oskar-lafontaine\/\" \/>\n<meta property=\"og:locale\" content=\"de_DE\" \/>\n<meta property=\"og:type\" content=\"article\" \/>\n<meta property=\"og:title\" content=\"Podiumsdiskussion mit Ulrike Gu\u00e9rot und Oskar Lafontaine\" \/>\n<meta property=\"og:description\" content=\"Friedenspolitische und US-kritische Positionen sind aus dem \u00f6ffentlichen Diskurs in Deutschland fast vollst\u00e4ndig ausgeschlossen. Umso wichtiger ist es, sie zu formulieren. Ulrike Gu\u00e9rot und Oskar Lafontaine taten das in Frankfurt am Main. Ostern ist das ideale Fest, sich den Beitrag online anzuschauen. Am 27. M\u00e4rz stellten Oskar Lafontaine und Ulrike Gu\u00e9rot im Rahmen einer Podiumsdiskussion [&hellip;]\" \/>\n<meta property=\"og:url\" content=\"https:\/\/now-news.de\/de\/deutschland\/podiumsdiskussion-mit-ulrike-guerot-und-oskar-lafontaine\/\" \/>\n<meta property=\"og:site_name\" content=\"just-now.NEWS Deutschland\" \/>\n<meta property=\"article:publisher\" content=\"https:\/\/www.facebook.com\/wirmachenauf\" \/>\n<meta property=\"article:published_time\" content=\"2023-04-08T16:39:50+00:00\" \/>\n<meta property=\"og:image\" content=\"https:\/\/now-news.de\/de\/wp-content\/uploads\/sites\/3\/2023\/04\/Podiumsdiskussion-mit-Ulrike-Guerot-und-Oskar-Lafontaine.png\" \/>\n\t<meta property=\"og:image:width\" content=\"460\" \/>\n\t<meta property=\"og:image:height\" content=\"259\" \/>\n\t<meta property=\"og:image:type\" content=\"image\/png\" \/>\n<meta name=\"author\" content=\"rtnews\" \/>\n<meta name=\"twitter:card\" content=\"summary_large_image\" \/>\n<meta name=\"twitter:creator\" content=\"@WirMachenAuf_de\" \/>\n<meta name=\"twitter:site\" content=\"@WirMachenAuf_de\" \/>\n<meta name=\"twitter:label1\" content=\"Verfasst von\" \/>\n\t<meta name=\"twitter:data1\" content=\"rtnews\" \/>\n\t<meta name=\"twitter:label2\" content=\"Gesch\u00e4tzte Lesezeit\" \/>\n\t<meta name=\"twitter:data2\" content=\"1\u00a0Minute\" \/>\n<script type=\"application\/ld+json\" class=\"yoast-schema-graph\">{\"@context\":\"https:\/\/schema.org\",\"@graph\":[{\"@type\":\"Article\",\"@id\":\"https:\/\/now-news.de\/de\/deutschland\/podiumsdiskussion-mit-ulrike-guerot-und-oskar-lafontaine\/#article\",\"isPartOf\":{\"@id\":\"https:\/\/now-news.de\/de\/deutschland\/podiumsdiskussion-mit-ulrike-guerot-und-oskar-lafontaine\/\"},\"author\":{\"name\":\"rtnews\",\"@id\":\"https:\/\/now-news.de\/de\/#\/schema\/person\/fb534a4e865501d8b3285208df34a9b5\"},\"headline\":\"Podiumsdiskussion mit Ulrike Gu\u00e9rot und Oskar Lafontaine\",\"datePublished\":\"2023-04-08T16:39:50+00:00\",\"dateModified\":\"2023-04-08T16:39:50+00:00\",\"mainEntityOfPage\":{\"@id\":\"https:\/\/now-news.de\/de\/deutschland\/podiumsdiskussion-mit-ulrike-guerot-und-oskar-lafontaine\/\"},\"wordCount\":269,\"commentCount\":0,\"publisher\":{\"@id\":\"https:\/\/now-news.de\/de\/#organization\"},\"image\":{\"@id\":\"https:\/\/now-news.de\/de\/deutschland\/podiumsdiskussion-mit-ulrike-guerot-und-oskar-lafontaine\/#primaryimage\"},\"thumbnailUrl\":\"https:\/\/now-news.de\/de\/wp-content\/uploads\/sites\/3\/2023\/04\/Podiumsdiskussion-mit-Ulrike-Guerot-und-Oskar-Lafontaine.png\",\"keywords\":[\"Gu\u00e9rot\",\"Lafontaine\",\"mit\",\"Oskar\",\"Podiumsdiskussion\",\"Ulrike\",\"und\"],\"articleSection\":[\"Deutschland\",\"Russland\"],\"inLanguage\":\"de\",\"potentialAction\":[{\"@type\":\"CommentAction\",\"name\":\"Comment\",\"target\":[\"https:\/\/now-news.de\/de\/deutschland\/podiumsdiskussion-mit-ulrike-guerot-und-oskar-lafontaine\/#respond\"]}]},{\"@type\":\"WebPage\",\"@id\":\"https:\/\/now-news.de\/de\/deutschland\/podiumsdiskussion-mit-ulrike-guerot-und-oskar-lafontaine\/\",\"url\":\"https:\/\/now-news.de\/de\/deutschland\/podiumsdiskussion-mit-ulrike-guerot-und-oskar-lafontaine\/\",\"name\":\"Podiumsdiskussion mit Ulrike Gu\u00e9rot und Oskar Lafontaine - just-now.NEWS Deutschland\",\"isPartOf\":{\"@id\":\"https:\/\/now-news.de\/de\/#website\"},\"primaryImageOfPage\":{\"@id\":\"https:\/\/now-news.de\/de\/deutschland\/podiumsdiskussion-mit-ulrike-guerot-und-oskar-lafontaine\/#primaryimage\"},\"image\":{\"@id\":\"https:\/\/now-news.de\/de\/deutschland\/podiumsdiskussion-mit-ulrike-guerot-und-oskar-lafontaine\/#primaryimage\"},\"thumbnailUrl\":\"https:\/\/now-news.de\/de\/wp-content\/uploads\/sites\/3\/2023\/04\/Podiumsdiskussion-mit-Ulrike-Guerot-und-Oskar-Lafontaine.png\",\"datePublished\":\"2023-04-08T16:39:50+00:00\",\"dateModified\":\"2023-04-08T16:39:50+00:00\",\"breadcrumb\":{\"@id\":\"https:\/\/now-news.de\/de\/deutschland\/podiumsdiskussion-mit-ulrike-guerot-und-oskar-lafontaine\/#breadcrumb\"},\"inLanguage\":\"de\",\"potentialAction\":[{\"@type\":\"ReadAction\",\"target\":[\"https:\/\/now-news.de\/de\/deutschland\/podiumsdiskussion-mit-ulrike-guerot-und-oskar-lafontaine\/\"]}]},{\"@type\":\"ImageObject\",\"inLanguage\":\"de\",\"@id\":\"https:\/\/now-news.de\/de\/deutschland\/podiumsdiskussion-mit-ulrike-guerot-und-oskar-lafontaine\/#primaryimage\",\"url\":\"https:\/\/now-news.de\/de\/wp-content\/uploads\/sites\/3\/2023\/04\/Podiumsdiskussion-mit-Ulrike-Guerot-und-Oskar-Lafontaine.png\",\"contentUrl\":\"https:\/\/now-news.de\/de\/wp-content\/uploads\/sites\/3\/2023\/04\/Podiumsdiskussion-mit-Ulrike-Guerot-und-Oskar-Lafontaine.png\",\"width\":460,\"height\":259,\"caption\":\"Podiumsdiskussion mit Ulrike Gu\u00e9rot und Oskar Lafontaine\"},{\"@type\":\"BreadcrumbList\",\"@id\":\"https:\/\/now-news.de\/de\/deutschland\/podiumsdiskussion-mit-ulrike-guerot-und-oskar-lafontaine\/#breadcrumb\",\"itemListElement\":[{\"@type\":\"ListItem\",\"position\":1,\"name\":\"Home\",\"item\":\"https:\/\/now-news.de\/de\/\"},{\"@type\":\"ListItem\",\"position\":2,\"name\":\"Podiumsdiskussion mit Ulrike Gu\u00e9rot und Oskar Lafontaine\"}]},{\"@type\":\"WebSite\",\"@id\":\"https:\/\/now-news.de\/de\/#website\",\"url\":\"https:\/\/now-news.de\/de\/\",\"name\":\"just-now.NEWS Deutschland\",\"description\":\"Das Portal f\u00fcr unzensierte Nachrichten aus der Welt\",\"publisher\":{\"@id\":\"https:\/\/now-news.de\/de\/#organization\"},\"potentialAction\":[{\"@type\":\"SearchAction\",\"target\":{\"@type\":\"EntryPoint\",\"urlTemplate\":\"https:\/\/now-news.de\/de\/?s={search_term_string}\"},\"query-input\":\"required name=search_term_string\"}],\"inLanguage\":\"de\"},{\"@type\":\"Organization\",\"@id\":\"https:\/\/now-news.de\/de\/#organization\",\"name\":\"Just Now News\",\"url\":\"https:\/\/now-news.de\/de\/\",\"logo\":{\"@type\":\"ImageObject\",\"inLanguage\":\"de\",\"@id\":\"https:\/\/now-news.de\/de\/#\/schema\/logo\/image\/\",\"url\":\"http:\/\/just-now.news\/de\/wp-content\/uploads\/sites\/3\/2022\/04\/logo500x500.jpg\",\"contentUrl\":\"http:\/\/just-now.news\/de\/wp-content\/uploads\/sites\/3\/2022\/04\/logo500x500.jpg\",\"width\":500,\"height\":500,\"caption\":\"Just Now News\"},\"image\":{\"@id\":\"https:\/\/now-news.de\/de\/#\/schema\/logo\/image\/\"},\"sameAs\":[\"https:\/\/www.facebook.com\/wirmachenauf\",\"https:\/\/x.com\/WirMachenAuf_de\"]},{\"@type\":\"Person\",\"@id\":\"https:\/\/now-news.de\/de\/#\/schema\/person\/fb534a4e865501d8b3285208df34a9b5\",\"name\":\"rtnews\",\"image\":{\"@type\":\"ImageObject\",\"inLanguage\":\"de\",\"@id\":\"https:\/\/now-news.de\/de\/#\/schema\/person\/image\/\",\"url\":\"https:\/\/secure.gravatar.com\/avatar\/82aafea7d8127119dd649515f56e2117?s=96&d=mm&r=g\",\"contentUrl\":\"https:\/\/secure.gravatar.com\/avatar\/82aafea7d8127119dd649515f56e2117?s=96&d=mm&r=g\",\"caption\":\"rtnews\"},\"url\":\"https:\/\/now-news.de\/de\/author\/rnews\/\"}]}<\/script>\n<!-- \/ Yoast SEO Premium plugin. -->","yoast_head_json":{"title":"Podiumsdiskussion mit Ulrike Gu\u00e9rot und Oskar Lafontaine - just-now.NEWS Deutschland","robots":{"index":"index","follow":"follow","max-snippet":"max-snippet:-1","max-image-preview":"max-image-preview:large","max-video-preview":"max-video-preview:-1"},"canonical":"https:\/\/now-news.de\/de\/deutschland\/podiumsdiskussion-mit-ulrike-guerot-und-oskar-lafontaine\/","og_locale":"de_DE","og_type":"article","og_title":"Podiumsdiskussion mit Ulrike Gu\u00e9rot und Oskar Lafontaine","og_description":"Friedenspolitische und US-kritische Positionen sind aus dem \u00f6ffentlichen Diskurs in Deutschland fast vollst\u00e4ndig ausgeschlossen. Umso wichtiger ist es, sie zu formulieren. Ulrike Gu\u00e9rot und Oskar Lafontaine taten das in Frankfurt am Main. Ostern ist das ideale Fest, sich den Beitrag online anzuschauen. Am 27. M\u00e4rz stellten Oskar Lafontaine und Ulrike Gu\u00e9rot im Rahmen einer Podiumsdiskussion [&hellip;]","og_url":"https:\/\/now-news.de\/de\/deutschland\/podiumsdiskussion-mit-ulrike-guerot-und-oskar-lafontaine\/","og_site_name":"just-now.NEWS Deutschland","article_publisher":"https:\/\/www.facebook.com\/wirmachenauf","article_published_time":"2023-04-08T16:39:50+00:00","og_image":[{"width":460,"height":259,"url":"https:\/\/now-news.de\/de\/wp-content\/uploads\/sites\/3\/2023\/04\/Podiumsdiskussion-mit-Ulrike-Guerot-und-Oskar-Lafontaine.png","type":"image\/png"}],"author":"rtnews","twitter_card":"summary_large_image","twitter_creator":"@WirMachenAuf_de","twitter_site":"@WirMachenAuf_de","twitter_misc":{"Verfasst von":"rtnews","Gesch\u00e4tzte Lesezeit":"1\u00a0Minute"},"schema":{"@context":"https:\/\/schema.org","@graph":[{"@type":"Article","@id":"https:\/\/now-news.de\/de\/deutschland\/podiumsdiskussion-mit-ulrike-guerot-und-oskar-lafontaine\/#article","isPartOf":{"@id":"https:\/\/now-news.de\/de\/deutschland\/podiumsdiskussion-mit-ulrike-guerot-und-oskar-lafontaine\/"},"author":{"name":"rtnews","@id":"https:\/\/now-news.de\/de\/#\/schema\/person\/fb534a4e865501d8b3285208df34a9b5"},"headline":"Podiumsdiskussion mit Ulrike Gu\u00e9rot und Oskar Lafontaine","datePublished":"2023-04-08T16:39:50+00:00","dateModified":"2023-04-08T16:39:50+00:00","mainEntityOfPage":{"@id":"https:\/\/now-news.de\/de\/deutschland\/podiumsdiskussion-mit-ulrike-guerot-und-oskar-lafontaine\/"},"wordCount":269,"commentCount":0,"publisher":{"@id":"https:\/\/now-news.de\/de\/#organization"},"image":{"@id":"https:\/\/now-news.de\/de\/deutschland\/podiumsdiskussion-mit-ulrike-guerot-und-oskar-lafontaine\/#primaryimage"},"thumbnailUrl":"https:\/\/now-news.de\/de\/wp-content\/uploads\/sites\/3\/2023\/04\/Podiumsdiskussion-mit-Ulrike-Guerot-und-Oskar-Lafontaine.png","keywords":["Gu\u00e9rot","Lafontaine","mit","Oskar","Podiumsdiskussion","Ulrike","und"],"articleSection":["Deutschland","Russland"],"inLanguage":"de","potentialAction":[{"@type":"CommentAction","name":"Comment","target":["https:\/\/now-news.de\/de\/deutschland\/podiumsdiskussion-mit-ulrike-guerot-und-oskar-lafontaine\/#respond"]}]},{"@type":"WebPage","@id":"https:\/\/now-news.de\/de\/deutschland\/podiumsdiskussion-mit-ulrike-guerot-und-oskar-lafontaine\/","url":"https:\/\/now-news.de\/de\/deutschland\/podiumsdiskussion-mit-ulrike-guerot-und-oskar-lafontaine\/","name":"Podiumsdiskussion mit Ulrike Gu\u00e9rot und Oskar Lafontaine - just-now.NEWS Deutschland","isPartOf":{"@id":"https:\/\/now-news.de\/de\/#website"},"primaryImageOfPage":{"@id":"https:\/\/now-news.de\/de\/deutschland\/podiumsdiskussion-mit-ulrike-guerot-und-oskar-lafontaine\/#primaryimage"},"image":{"@id":"https:\/\/now-news.de\/de\/deutschland\/podiumsdiskussion-mit-ulrike-guerot-und-oskar-lafontaine\/#primaryimage"},"thumbnailUrl":"https:\/\/now-news.de\/de\/wp-content\/uploads\/sites\/3\/2023\/04\/Podiumsdiskussion-mit-Ulrike-Guerot-und-Oskar-Lafontaine.png","datePublished":"2023-04-08T16:39:50+00:00","dateModified":"2023-04-08T16:39:50+00:00","breadcrumb":{"@id":"https:\/\/now-news.de\/de\/deutschland\/podiumsdiskussion-mit-ulrike-guerot-und-oskar-lafontaine\/#breadcrumb"},"inLanguage":"de","potentialAction":[{"@type":"ReadAction","target":["https:\/\/now-news.de\/de\/deutschland\/podiumsdiskussion-mit-ulrike-guerot-und-oskar-lafontaine\/"]}]},{"@type":"ImageObject","inLanguage":"de","@id":"https:\/\/now-news.de\/de\/deutschland\/podiumsdiskussion-mit-ulrike-guerot-und-oskar-lafontaine\/#primaryimage","url":"https:\/\/now-news.de\/de\/wp-content\/uploads\/sites\/3\/2023\/04\/Podiumsdiskussion-mit-Ulrike-Guerot-und-Oskar-Lafontaine.png","contentUrl":"https:\/\/now-news.de\/de\/wp-content\/uploads\/sites\/3\/2023\/04\/Podiumsdiskussion-mit-Ulrike-Guerot-und-Oskar-Lafontaine.png","width":460,"height":259,"caption":"Podiumsdiskussion mit Ulrike Gu\u00e9rot und Oskar Lafontaine"},{"@type":"BreadcrumbList","@id":"https:\/\/now-news.de\/de\/deutschland\/podiumsdiskussion-mit-ulrike-guerot-und-oskar-lafontaine\/#breadcrumb","itemListElement":[{"@type":"ListItem","position":1,"name":"Home","item":"https:\/\/now-news.de\/de\/"},{"@type":"ListItem","position":2,"name":"Podiumsdiskussion mit Ulrike Gu\u00e9rot und Oskar Lafontaine"}]},{"@type":"WebSite","@id":"https:\/\/now-news.de\/de\/#website","url":"https:\/\/now-news.de\/de\/","name":"just-now.NEWS Deutschland","description":"Das Portal f\u00fcr unzensierte Nachrichten aus der Welt","publisher":{"@id":"https:\/\/now-news.de\/de\/#organization"},"potentialAction":[{"@type":"SearchAction","target":{"@type":"EntryPoint","urlTemplate":"https:\/\/now-news.de\/de\/?s={search_term_string}"},"query-input":"required name=search_term_string"}],"inLanguage":"de"},{"@type":"Organization","@id":"https:\/\/now-news.de\/de\/#organization","name":"Just Now News","url":"https:\/\/now-news.de\/de\/","logo":{"@type":"ImageObject","inLanguage":"de","@id":"https:\/\/now-news.de\/de\/#\/schema\/logo\/image\/","url":"http:\/\/just-now.news\/de\/wp-content\/uploads\/sites\/3\/2022\/04\/logo500x500.jpg","contentUrl":"http:\/\/just-now.news\/de\/wp-content\/uploads\/sites\/3\/2022\/04\/logo500x500.jpg","width":500,"height":500,"caption":"Just Now News"},"image":{"@id":"https:\/\/now-news.de\/de\/#\/schema\/logo\/image\/"},"sameAs":["https:\/\/www.facebook.com\/wirmachenauf","https:\/\/x.com\/WirMachenAuf_de"]},{"@type":"Person","@id":"https:\/\/now-news.de\/de\/#\/schema\/person\/fb534a4e865501d8b3285208df34a9b5","name":"rtnews","image":{"@type":"ImageObject","inLanguage":"de","@id":"https:\/\/now-news.de\/de\/#\/schema\/person\/image\/","url":"https:\/\/secure.gravatar.com\/avatar\/82aafea7d8127119dd649515f56e2117?s=96&d=mm&r=g","contentUrl":"https:\/\/secure.gravatar.com\/avatar\/82aafea7d8127119dd649515f56e2117?s=96&d=mm&r=g","caption":"rtnews"},"url":"https:\/\/now-news.de\/de\/author\/rnews\/"}]}},"_links":{"self":[{"href":"https:\/\/now-news.de\/de\/wp-json\/wp\/v2\/posts\/33810"}],"collection":[{"href":"https:\/\/now-news.de\/de\/wp-json\/wp\/v2\/posts"}],"about":[{"href":"https:\/\/now-news.de\/de\/wp-json\/wp\/v2\/types\/post"}],"author":[{"embeddable":true,"href":"https:\/\/now-news.de\/de\/wp-json\/wp\/v2\/users\/3"}],"replies":[{"embeddable":true,"href":"https:\/\/now-news.de\/de\/wp-json\/wp\/v2\/comments?post=33810"}],"version-history":[{"count":0,"href":"https:\/\/now-news.de\/de\/wp-json\/wp\/v2\/posts\/33810\/revisions"}],"wp:featuredmedia":[{"embeddable":true,"href":"https:\/\/now-news.de\/de\/wp-json\/wp\/v2\/media\/33811"}],"wp:attachment":[{"href":"https:\/\/now-news.de\/de\/wp-json\/wp\/v2\/media?parent=33810"}],"wp:term":[{"taxonomy":"category","embeddable":true,"href":"https:\/\/now-news.de\/de\/wp-json\/wp\/v2\/categories?post=33810"},{"taxonomy":"post_tag","embeddable":true,"href":"https:\/\/now-news.de\/de\/wp-json\/wp\/v2\/tags?post=33810"}],"curies":[{"name":"wp","href":"https:\/\/api.w.org\/{rel}","templated":true}]}}