{"id":33784,"date":"2023-04-08T09:45:51","date_gmt":"2023-04-08T07:45:51","guid":{"rendered":"https:\/\/just-now.news\/de\/deutschland\/polen-und-die-ukraine-eine-allianz-der-vom-russlandhass-traumatisierten\/"},"modified":"2023-04-08T09:45:51","modified_gmt":"2023-04-08T07:45:51","slug":"polen-und-die-ukraine-eine-allianz-der-vom-russlandhass-traumatisierten","status":"publish","type":"post","link":"https:\/\/now-news.de\/de\/deutschland\/polen-und-die-ukraine-eine-allianz-der-vom-russlandhass-traumatisierten\/","title":{"rendered":"Polen und die Ukraine \u2013 eine Allianz der vom Russlandhass Traumatisierten"},"content":{"rendered":"<p><img decoding=\"async\" src=\"http:\/\/just-now.news\/de\/wp-content\/uploads\/sites\/3\/2023\/04\/64300149b480cc57f14b0bdd.jpg\" \/><\/p>\n<div class=\"Text-root Text-type_1 \">\n                Polen und die Ukraine hegen einen Russlandhass, der eine Art ideologische Basis dieser L\u00e4nder darstellt. Auf dieser Russophobie bauen sie nun ihre bilateralen Beziehungen auf. Doch wie lange wird dieses situative B\u00fcndnis halten?\n            <\/div>\n<p><\/p>\n<div class=\"Text-root Text-type_5 ArticleView-text ViewText-root \">\n<p><em>Von Anna Schafran<\/em><\/p>\n<p>Der ukrainische Pr\u00e4sident Wladimir Selenskij sagte dem polnischen Amtskollegen Andrzej Duda in Warschau, dass es sehr bald keine Grenzen mehr zwischen Polen und der Ukraine geben werde. Die offizielle Version: Er sprach davon, dass die Ukraine Teil der Europ\u00e4ischen Union werden wird. Noch vor der Sonderoperation erwartete jedoch in der Europ\u00e4ischen Union niemand einen Beitritt Kiews und auch heute ist es nicht anders, denn die ukrainischen Politiker verlangen zu viel Geld. In den Aussagen Selenskijs ging es also um etwas anderes.<\/p>\n<p>Das Problem ist, dass Polen auf keinen Fall zu einem vollwertigen &#8220;gro\u00dfen Bruder&#8221; der Ukraine werden kann. Das Einzige, was die Polen mit den Ukrainern machen k\u00f6nnen, ist, sie einzugliedern. Dies war in allen Jahrhunderten der Beziehungen zwischen Polen und den Gebieten, die Kiew heute kontrolliert, der Fall. Alles, was sie heute eint, ist der Hass auf Moskau. Und wir wissen sehr gut, dass Hass nur f\u00fcr kurze Zeit vereinen kann, danach kommen die Widerspr\u00fcche unweigerlich zum Vorschein.<\/p>\n<p>Polen h\u00e4tte ein normales, wohlhabendes osteurop\u00e4isches Land sein k\u00f6nnen, wenn es nicht eines h\u00e4tte: ein sorgf\u00e4ltig kultiviertes &#8220;nationales Trauma&#8221; und eine totale Verbitterung \u00fcber Russland und die Russen. Alle europ\u00e4ischen Nationen haben gen\u00fcgend Gr\u00fcnde, einander zu hassen. Absolut alle Nachbarn haben in der Geschichte schon einmal Krieg gef\u00fchrt und Konflikte ausgetragen. Und nicht nur Nachbarn: Der spanische V\u00f6lkermord an den Flamen im sechzehnten Jahrhundert ist bis heute in Erinnerung geblieben.<\/p>\n<p>Die Franzosen f\u00fchren seit Jahrhunderten Krieg mit den Engl\u00e4ndern, Deutschen, Italienern und eben den Spaniern. Es gibt Dutzende und Hunderte Kriegsverbrechen untereinander. Einige Stereotypen und Ressentiments gegen\u00fcber dem jeweils anderen sind immer noch vorhanden und das ist unvermeidlich. Aber ein tiefer Minderwertigkeitskomplex in Bezug auf ein Nachbarland ist das Schicksal von Randst\u00e4ndigen.<\/p>\n<p>In Polen ist es genau umgekehrt. Von fr\u00fchester Kindheit an wird den Kindern eingetrichtert, wie die Russen die stolze polnische Nation jahrhundertelang gedem\u00fctigt und erniedrigt und wie die Polen den &#8220;wilden Barbaren aus dem Osten&#8221; widerstanden haben. Dass Polen selbst jahrhundertelang versucht hat, Russland zu vernichten, wird entweder ignoriert oder als etwas Heroisches dargestellt \u2013 was soll man sonst mit &#8220;wilden Barbaren&#8221; auch machen? Im polnischen historisch-politischen Diskurs werden die Ukrainer \u00fcbrigens nicht einmal als Barbaren behandelt, sondern als Nutzvieh, das hei\u00dft als willenlose Nutztiere, dessen unmittelbare Pflicht es ist, f\u00fcr ihre polnischen Meister zu arbeiten.<\/p>\n<p>Nat\u00fcrlich wird in Polen niemand jemals Selenskijs Worten widersprechen, dass es keine Grenzen geben wird. Aber die Zukunftsvisionen der polnischen und ukrainischen Politiker <a rel=\"nofollow noopener\" target=\"_blank\" href=\"https:\/\/russian.rt.com\/world\/news\/1133119-polsha-ukraina-uniya-nerealizuema\">unterscheiden sich grundlegend<\/a>. Die Ukrainer glauben in ihrer ungebrochenen Naivit\u00e4t, dass die Polen sie ern\u00e4hren und versorgen werden \u2013 so wie es Russland jahrelang tat.<\/p>\n<p>Doch die Polen sind echte Europ\u00e4er in dem Sinne, dass sie nichts umsonst tun. Sobald sie Zugang zu den ukrainischen Gebieten erhalten, werden sie sofort damit beginnen, diese auszubeuten. So wie sie es schon immer getan haben: Sie besiedeln sie mit polnischen Kolonisten und zwingen die Ukrainer, zum Katholizismus zu konvertieren und Polnisch zu sprechen.<\/p>\n<p>Tats\u00e4chlich machen die Westukrainer selbst jetzt genau das Gleiche mit den Russen in den von Kiew kontrollierten Gebieten \u2013 sie zwingen sie, zum Katholizismus zu konvertieren und verbieten es ihnen, ihre Muttersprache zu sprechen, denn sie kennen einfach keine andere Methode, sich anderen V\u00f6lkern gegen\u00fcber zu verhalten.<\/p>\n<p>Nun ist das situative B\u00fcndnis zwischen Warschau und Kiew ein B\u00fcndnis zweier vom Hass traumatisierter V\u00f6lker. Nur dass die Polen diesen Hass schon seit Jahrhunderten kultivieren, w\u00e4hrend die Ukrainer Neulinge auf dem Gebiet sind. Daher gibt es nicht den geringsten Zweifel daran, dass die polnisch-ukrainischen Beziehungen zu ihrem urspr\u00fcnglichen historischen Zustand zur\u00fcckkehren werden, sobald der Grund f\u00fcr die Freundschaft gegen Russland verschwindet.<\/p>\n<p>Die Polen werden die Rolle der Meister beanspruchen, und den Ukrainern wird die Rolle der Leibeigenen bleiben. Und wenn die Ukrainer sich darauf nicht einlassen, so hat Warschau viel Erfahrung im Kampf gegen ukrainische &#8220;Terroristen&#8221;, einschlie\u00dflich des heute in Kiew so verherrlichten Stepan Bandera.<\/p>\n<p>\u00dcbrigens m\u00f6chte ich daran erinnern, dass es im Laufe des gesamten 19. Jahrhunderts hindurch keine Grenze zwischen der Ukraine und Polen gab, weil Polen wie die Ukraine zu Russland geh\u00f6rte. Es ist nicht zu erwarten, dass die Polen zu diesem Zustand zur\u00fcckkehren wollen, ihre gesamte derzeitige Politik f\u00fchrt jedoch dazu, dass unsere Beziehungen in naher Zukunft nicht freundschaftlich werden, wobei wir schon lange keine Anspr\u00fcche mehr gegen die Polen erheben.<\/p>\n<p>Die USA mischen sich zwar weiterhin aktiv in die Angelegenheiten in Europa ein, k\u00f6nnen ihren Fokus jedoch jederzeit auf ihre internen Probleme richten, die zurzeit wie ein Schneeball wachsen. Und dann werden all jene, die jetzt versuchen, ihre seit Langem bestehenden nationalen Komplexe mithilfe Washingtons zu l\u00f6sen, vor einem Scherbenhaufen stehen. Und vielleicht gibt es dann auch keine Grenze mehr zwischen der Ukraine und Polen \u2013 nur nicht in dem Sinne, von dem Selenskij und Duda tr\u00e4umen.<\/p>\n<p><em>\u00dcbersetzt aus dem <a rel=\"nofollow noopener\" target=\"_blank\" href=\"https:\/\/russian.rt.com\/opinion\/1132854-shafran-zelenskii-ukraina-polsha\">Russischen<\/a>.<\/em>\u00a0<\/p>\n<p><em><strong>Anna Schafran\u00a0<\/strong><\/em><em>ist eine russische Fernseh- und Radiomoderatorin.<\/em><\/p>\n<p><strong>Mehr zum Thema<\/strong> \u2013 <a rel=\"nofollow noopener\" target=\"_blank\" href=\"https:\/\/pressefreiheit.rtde.live\/meinung\/166998-schluss-mit-selbsthass-kampf-gegen\/\">Schluss mit Selbsthass! Der Kampf gegen Russophobie muss in Russland beginnen <\/a><\/p>\n<\/p>\n<\/div>\n<p><br \/>\n<br \/><a href=\"https:\/\/de.rt.com\/meinung\/167211-polen-und-ukraine-allianz-vom-russland-hass-traumatisierten\/\">Source link <\/a><\/p>\n","protected":false},"excerpt":{"rendered":"<p>Polen und die Ukraine hegen einen Russlandhass, der eine Art ideologische Basis dieser L\u00e4nder darstellt. Auf dieser Russophobie bauen sie nun ihre bilateralen Beziehungen auf. Doch wie lange wird dieses situative B\u00fcndnis halten? Von Anna Schafran Der ukrainische Pr\u00e4sident Wladimir Selenskij sagte dem polnischen Amtskollegen Andrzej Duda in Warschau, dass es sehr bald keine Grenzen [&hellip;]<\/p>\n","protected":false},"author":3,"featured_media":33785,"comment_status":"open","ping_status":"open","sticky":false,"template":"","format":"standard","meta":{"_yoast_indexnow_last_ping":["1680940811"],"wp_automatic_camp":["217"],"f14a2eadabf67f2bb8862986df2abf37":["Polen und die Ukraine \u2013 eine Allianz der vom Russlandhass Traumatisierten"],"original_link":["https:\/\/de.rt.com\/meinung\/167211-polen-und-ukraine-allianz-vom-russland-hass-traumatisierten\/"],"_thumbnail_id":["33785"],"_wptgpro_p2tg_sent2tg":["a:1:{i:23737;s:19:\"2023-04-08 10:01:33\";}"],"jnews_social_counter_last_update":["1777644709"]},"categories":[19,23],"tags":[22288,82,45,275,5850,42912,42913,127,140,1010],"yoast_head":"<!-- This site is optimized with the Yoast SEO Premium plugin v22.7 (Yoast SEO v22.7) - https:\/\/yoast.com\/wordpress\/plugins\/seo\/ -->\n<title>Polen und die Ukraine \u2013 eine Allianz der vom Russlandhass Traumatisierten - just-now.NEWS Deutschland<\/title>\n<meta name=\"robots\" content=\"index, follow, max-snippet:-1, max-image-preview:large, max-video-preview:-1\" \/>\n<link rel=\"canonical\" href=\"https:\/\/now-news.de\/de\/deutschland\/polen-und-die-ukraine-eine-allianz-der-vom-russlandhass-traumatisierten\/\" \/>\n<meta property=\"og:locale\" content=\"de_DE\" \/>\n<meta property=\"og:type\" content=\"article\" \/>\n<meta property=\"og:title\" content=\"Polen und die Ukraine \u2013 eine Allianz der vom Russlandhass Traumatisierten\" \/>\n<meta property=\"og:description\" content=\"Polen und die Ukraine hegen einen Russlandhass, der eine Art ideologische Basis dieser L\u00e4nder darstellt. Auf dieser Russophobie bauen sie nun ihre bilateralen Beziehungen auf. Doch wie lange wird dieses situative B\u00fcndnis halten? Von Anna Schafran Der ukrainische Pr\u00e4sident Wladimir Selenskij sagte dem polnischen Amtskollegen Andrzej Duda in Warschau, dass es sehr bald keine Grenzen [&hellip;]\" \/>\n<meta property=\"og:url\" content=\"https:\/\/now-news.de\/de\/deutschland\/polen-und-die-ukraine-eine-allianz-der-vom-russlandhass-traumatisierten\/\" \/>\n<meta property=\"og:site_name\" content=\"just-now.NEWS Deutschland\" \/>\n<meta property=\"article:publisher\" content=\"https:\/\/www.facebook.com\/wirmachenauf\" \/>\n<meta property=\"article:published_time\" content=\"2023-04-08T07:45:51+00:00\" \/>\n<meta property=\"og:image\" content=\"https:\/\/now-news.de\/de\/wp-content\/uploads\/sites\/3\/2023\/04\/Polen-und-die-Ukraine-\u2013-eine-Allianz-der-vom-Russlandhass.jpg\" \/>\n\t<meta property=\"og:image:width\" content=\"460\" \/>\n\t<meta property=\"og:image:height\" content=\"259\" \/>\n\t<meta property=\"og:image:type\" content=\"image\/jpeg\" \/>\n<meta name=\"author\" content=\"rtnews\" \/>\n<meta name=\"twitter:card\" content=\"summary_large_image\" \/>\n<meta name=\"twitter:creator\" content=\"@WirMachenAuf_de\" \/>\n<meta name=\"twitter:site\" content=\"@WirMachenAuf_de\" \/>\n<meta name=\"twitter:label1\" content=\"Verfasst von\" \/>\n\t<meta name=\"twitter:data1\" content=\"rtnews\" \/>\n\t<meta name=\"twitter:label2\" content=\"Gesch\u00e4tzte Lesezeit\" \/>\n\t<meta name=\"twitter:data2\" content=\"4\u00a0Minuten\" \/>\n<script type=\"application\/ld+json\" class=\"yoast-schema-graph\">{\"@context\":\"https:\/\/schema.org\",\"@graph\":[{\"@type\":\"Article\",\"@id\":\"https:\/\/now-news.de\/de\/deutschland\/polen-und-die-ukraine-eine-allianz-der-vom-russlandhass-traumatisierten\/#article\",\"isPartOf\":{\"@id\":\"https:\/\/now-news.de\/de\/deutschland\/polen-und-die-ukraine-eine-allianz-der-vom-russlandhass-traumatisierten\/\"},\"author\":{\"name\":\"rtnews\",\"@id\":\"https:\/\/now-news.de\/de\/#\/schema\/person\/fb534a4e865501d8b3285208df34a9b5\"},\"headline\":\"Polen und die Ukraine \u2013 eine Allianz der vom Russlandhass Traumatisierten\",\"datePublished\":\"2023-04-08T07:45:51+00:00\",\"dateModified\":\"2023-04-08T07:45:51+00:00\",\"mainEntityOfPage\":{\"@id\":\"https:\/\/now-news.de\/de\/deutschland\/polen-und-die-ukraine-eine-allianz-der-vom-russlandhass-traumatisierten\/\"},\"wordCount\":900,\"commentCount\":0,\"publisher\":{\"@id\":\"https:\/\/now-news.de\/de\/#organization\"},\"image\":{\"@id\":\"https:\/\/now-news.de\/de\/deutschland\/polen-und-die-ukraine-eine-allianz-der-vom-russlandhass-traumatisierten\/#primaryimage\"},\"thumbnailUrl\":\"https:\/\/now-news.de\/de\/wp-content\/uploads\/sites\/3\/2023\/04\/Polen-und-die-Ukraine-\u2013-eine-Allianz-der-vom-Russlandhass.jpg\",\"keywords\":[\"Allianz\",\"der\",\"die\",\"eine\",\"Polen\",\"Russlandhass\",\"Traumatisierten\",\"ukraine\",\"und\",\"vom\"],\"articleSection\":[\"Deutschland\",\"Russland\"],\"inLanguage\":\"de\",\"potentialAction\":[{\"@type\":\"CommentAction\",\"name\":\"Comment\",\"target\":[\"https:\/\/now-news.de\/de\/deutschland\/polen-und-die-ukraine-eine-allianz-der-vom-russlandhass-traumatisierten\/#respond\"]}]},{\"@type\":\"WebPage\",\"@id\":\"https:\/\/now-news.de\/de\/deutschland\/polen-und-die-ukraine-eine-allianz-der-vom-russlandhass-traumatisierten\/\",\"url\":\"https:\/\/now-news.de\/de\/deutschland\/polen-und-die-ukraine-eine-allianz-der-vom-russlandhass-traumatisierten\/\",\"name\":\"Polen und die Ukraine \u2013 eine Allianz der vom Russlandhass Traumatisierten - just-now.NEWS Deutschland\",\"isPartOf\":{\"@id\":\"https:\/\/now-news.de\/de\/#website\"},\"primaryImageOfPage\":{\"@id\":\"https:\/\/now-news.de\/de\/deutschland\/polen-und-die-ukraine-eine-allianz-der-vom-russlandhass-traumatisierten\/#primaryimage\"},\"image\":{\"@id\":\"https:\/\/now-news.de\/de\/deutschland\/polen-und-die-ukraine-eine-allianz-der-vom-russlandhass-traumatisierten\/#primaryimage\"},\"thumbnailUrl\":\"https:\/\/now-news.de\/de\/wp-content\/uploads\/sites\/3\/2023\/04\/Polen-und-die-Ukraine-\u2013-eine-Allianz-der-vom-Russlandhass.jpg\",\"datePublished\":\"2023-04-08T07:45:51+00:00\",\"dateModified\":\"2023-04-08T07:45:51+00:00\",\"breadcrumb\":{\"@id\":\"https:\/\/now-news.de\/de\/deutschland\/polen-und-die-ukraine-eine-allianz-der-vom-russlandhass-traumatisierten\/#breadcrumb\"},\"inLanguage\":\"de\",\"potentialAction\":[{\"@type\":\"ReadAction\",\"target\":[\"https:\/\/now-news.de\/de\/deutschland\/polen-und-die-ukraine-eine-allianz-der-vom-russlandhass-traumatisierten\/\"]}]},{\"@type\":\"ImageObject\",\"inLanguage\":\"de\",\"@id\":\"https:\/\/now-news.de\/de\/deutschland\/polen-und-die-ukraine-eine-allianz-der-vom-russlandhass-traumatisierten\/#primaryimage\",\"url\":\"https:\/\/now-news.de\/de\/wp-content\/uploads\/sites\/3\/2023\/04\/Polen-und-die-Ukraine-\u2013-eine-Allianz-der-vom-Russlandhass.jpg\",\"contentUrl\":\"https:\/\/now-news.de\/de\/wp-content\/uploads\/sites\/3\/2023\/04\/Polen-und-die-Ukraine-\u2013-eine-Allianz-der-vom-Russlandhass.jpg\",\"width\":460,\"height\":259,\"caption\":\"Polen und die Ukraine \u2013 eine Allianz der vom Russlandhass Traumatisierten\"},{\"@type\":\"BreadcrumbList\",\"@id\":\"https:\/\/now-news.de\/de\/deutschland\/polen-und-die-ukraine-eine-allianz-der-vom-russlandhass-traumatisierten\/#breadcrumb\",\"itemListElement\":[{\"@type\":\"ListItem\",\"position\":1,\"name\":\"Home\",\"item\":\"https:\/\/now-news.de\/de\/\"},{\"@type\":\"ListItem\",\"position\":2,\"name\":\"Polen und die Ukraine \u2013 eine Allianz der vom Russlandhass Traumatisierten\"}]},{\"@type\":\"WebSite\",\"@id\":\"https:\/\/now-news.de\/de\/#website\",\"url\":\"https:\/\/now-news.de\/de\/\",\"name\":\"just-now.NEWS Deutschland\",\"description\":\"Das Portal f\u00fcr unzensierte Nachrichten aus der Welt\",\"publisher\":{\"@id\":\"https:\/\/now-news.de\/de\/#organization\"},\"potentialAction\":[{\"@type\":\"SearchAction\",\"target\":{\"@type\":\"EntryPoint\",\"urlTemplate\":\"https:\/\/now-news.de\/de\/?s={search_term_string}\"},\"query-input\":\"required name=search_term_string\"}],\"inLanguage\":\"de\"},{\"@type\":\"Organization\",\"@id\":\"https:\/\/now-news.de\/de\/#organization\",\"name\":\"Just Now News\",\"url\":\"https:\/\/now-news.de\/de\/\",\"logo\":{\"@type\":\"ImageObject\",\"inLanguage\":\"de\",\"@id\":\"https:\/\/now-news.de\/de\/#\/schema\/logo\/image\/\",\"url\":\"http:\/\/just-now.news\/de\/wp-content\/uploads\/sites\/3\/2022\/04\/logo500x500.jpg\",\"contentUrl\":\"http:\/\/just-now.news\/de\/wp-content\/uploads\/sites\/3\/2022\/04\/logo500x500.jpg\",\"width\":500,\"height\":500,\"caption\":\"Just Now News\"},\"image\":{\"@id\":\"https:\/\/now-news.de\/de\/#\/schema\/logo\/image\/\"},\"sameAs\":[\"https:\/\/www.facebook.com\/wirmachenauf\",\"https:\/\/x.com\/WirMachenAuf_de\"]},{\"@type\":\"Person\",\"@id\":\"https:\/\/now-news.de\/de\/#\/schema\/person\/fb534a4e865501d8b3285208df34a9b5\",\"name\":\"rtnews\",\"image\":{\"@type\":\"ImageObject\",\"inLanguage\":\"de\",\"@id\":\"https:\/\/now-news.de\/de\/#\/schema\/person\/image\/\",\"url\":\"https:\/\/secure.gravatar.com\/avatar\/82aafea7d8127119dd649515f56e2117?s=96&d=mm&r=g\",\"contentUrl\":\"https:\/\/secure.gravatar.com\/avatar\/82aafea7d8127119dd649515f56e2117?s=96&d=mm&r=g\",\"caption\":\"rtnews\"},\"url\":\"https:\/\/now-news.de\/de\/author\/rnews\/\"}]}<\/script>\n<!-- \/ Yoast SEO Premium plugin. -->","yoast_head_json":{"title":"Polen und die Ukraine \u2013 eine Allianz der vom Russlandhass Traumatisierten - just-now.NEWS Deutschland","robots":{"index":"index","follow":"follow","max-snippet":"max-snippet:-1","max-image-preview":"max-image-preview:large","max-video-preview":"max-video-preview:-1"},"canonical":"https:\/\/now-news.de\/de\/deutschland\/polen-und-die-ukraine-eine-allianz-der-vom-russlandhass-traumatisierten\/","og_locale":"de_DE","og_type":"article","og_title":"Polen und die Ukraine \u2013 eine Allianz der vom Russlandhass Traumatisierten","og_description":"Polen und die Ukraine hegen einen Russlandhass, der eine Art ideologische Basis dieser L\u00e4nder darstellt. Auf dieser Russophobie bauen sie nun ihre bilateralen Beziehungen auf. Doch wie lange wird dieses situative B\u00fcndnis halten? Von Anna Schafran Der ukrainische Pr\u00e4sident Wladimir Selenskij sagte dem polnischen Amtskollegen Andrzej Duda in Warschau, dass es sehr bald keine Grenzen [&hellip;]","og_url":"https:\/\/now-news.de\/de\/deutschland\/polen-und-die-ukraine-eine-allianz-der-vom-russlandhass-traumatisierten\/","og_site_name":"just-now.NEWS Deutschland","article_publisher":"https:\/\/www.facebook.com\/wirmachenauf","article_published_time":"2023-04-08T07:45:51+00:00","og_image":[{"width":460,"height":259,"url":"https:\/\/now-news.de\/de\/wp-content\/uploads\/sites\/3\/2023\/04\/Polen-und-die-Ukraine-\u2013-eine-Allianz-der-vom-Russlandhass.jpg","type":"image\/jpeg"}],"author":"rtnews","twitter_card":"summary_large_image","twitter_creator":"@WirMachenAuf_de","twitter_site":"@WirMachenAuf_de","twitter_misc":{"Verfasst von":"rtnews","Gesch\u00e4tzte Lesezeit":"4\u00a0Minuten"},"schema":{"@context":"https:\/\/schema.org","@graph":[{"@type":"Article","@id":"https:\/\/now-news.de\/de\/deutschland\/polen-und-die-ukraine-eine-allianz-der-vom-russlandhass-traumatisierten\/#article","isPartOf":{"@id":"https:\/\/now-news.de\/de\/deutschland\/polen-und-die-ukraine-eine-allianz-der-vom-russlandhass-traumatisierten\/"},"author":{"name":"rtnews","@id":"https:\/\/now-news.de\/de\/#\/schema\/person\/fb534a4e865501d8b3285208df34a9b5"},"headline":"Polen und die Ukraine \u2013 eine Allianz der vom Russlandhass Traumatisierten","datePublished":"2023-04-08T07:45:51+00:00","dateModified":"2023-04-08T07:45:51+00:00","mainEntityOfPage":{"@id":"https:\/\/now-news.de\/de\/deutschland\/polen-und-die-ukraine-eine-allianz-der-vom-russlandhass-traumatisierten\/"},"wordCount":900,"commentCount":0,"publisher":{"@id":"https:\/\/now-news.de\/de\/#organization"},"image":{"@id":"https:\/\/now-news.de\/de\/deutschland\/polen-und-die-ukraine-eine-allianz-der-vom-russlandhass-traumatisierten\/#primaryimage"},"thumbnailUrl":"https:\/\/now-news.de\/de\/wp-content\/uploads\/sites\/3\/2023\/04\/Polen-und-die-Ukraine-\u2013-eine-Allianz-der-vom-Russlandhass.jpg","keywords":["Allianz","der","die","eine","Polen","Russlandhass","Traumatisierten","ukraine","und","vom"],"articleSection":["Deutschland","Russland"],"inLanguage":"de","potentialAction":[{"@type":"CommentAction","name":"Comment","target":["https:\/\/now-news.de\/de\/deutschland\/polen-und-die-ukraine-eine-allianz-der-vom-russlandhass-traumatisierten\/#respond"]}]},{"@type":"WebPage","@id":"https:\/\/now-news.de\/de\/deutschland\/polen-und-die-ukraine-eine-allianz-der-vom-russlandhass-traumatisierten\/","url":"https:\/\/now-news.de\/de\/deutschland\/polen-und-die-ukraine-eine-allianz-der-vom-russlandhass-traumatisierten\/","name":"Polen und die Ukraine \u2013 eine Allianz der vom Russlandhass Traumatisierten - just-now.NEWS Deutschland","isPartOf":{"@id":"https:\/\/now-news.de\/de\/#website"},"primaryImageOfPage":{"@id":"https:\/\/now-news.de\/de\/deutschland\/polen-und-die-ukraine-eine-allianz-der-vom-russlandhass-traumatisierten\/#primaryimage"},"image":{"@id":"https:\/\/now-news.de\/de\/deutschland\/polen-und-die-ukraine-eine-allianz-der-vom-russlandhass-traumatisierten\/#primaryimage"},"thumbnailUrl":"https:\/\/now-news.de\/de\/wp-content\/uploads\/sites\/3\/2023\/04\/Polen-und-die-Ukraine-\u2013-eine-Allianz-der-vom-Russlandhass.jpg","datePublished":"2023-04-08T07:45:51+00:00","dateModified":"2023-04-08T07:45:51+00:00","breadcrumb":{"@id":"https:\/\/now-news.de\/de\/deutschland\/polen-und-die-ukraine-eine-allianz-der-vom-russlandhass-traumatisierten\/#breadcrumb"},"inLanguage":"de","potentialAction":[{"@type":"ReadAction","target":["https:\/\/now-news.de\/de\/deutschland\/polen-und-die-ukraine-eine-allianz-der-vom-russlandhass-traumatisierten\/"]}]},{"@type":"ImageObject","inLanguage":"de","@id":"https:\/\/now-news.de\/de\/deutschland\/polen-und-die-ukraine-eine-allianz-der-vom-russlandhass-traumatisierten\/#primaryimage","url":"https:\/\/now-news.de\/de\/wp-content\/uploads\/sites\/3\/2023\/04\/Polen-und-die-Ukraine-\u2013-eine-Allianz-der-vom-Russlandhass.jpg","contentUrl":"https:\/\/now-news.de\/de\/wp-content\/uploads\/sites\/3\/2023\/04\/Polen-und-die-Ukraine-\u2013-eine-Allianz-der-vom-Russlandhass.jpg","width":460,"height":259,"caption":"Polen und die Ukraine \u2013 eine Allianz der vom Russlandhass Traumatisierten"},{"@type":"BreadcrumbList","@id":"https:\/\/now-news.de\/de\/deutschland\/polen-und-die-ukraine-eine-allianz-der-vom-russlandhass-traumatisierten\/#breadcrumb","itemListElement":[{"@type":"ListItem","position":1,"name":"Home","item":"https:\/\/now-news.de\/de\/"},{"@type":"ListItem","position":2,"name":"Polen und die Ukraine \u2013 eine Allianz der vom Russlandhass Traumatisierten"}]},{"@type":"WebSite","@id":"https:\/\/now-news.de\/de\/#website","url":"https:\/\/now-news.de\/de\/","name":"just-now.NEWS Deutschland","description":"Das Portal f\u00fcr unzensierte Nachrichten aus der Welt","publisher":{"@id":"https:\/\/now-news.de\/de\/#organization"},"potentialAction":[{"@type":"SearchAction","target":{"@type":"EntryPoint","urlTemplate":"https:\/\/now-news.de\/de\/?s={search_term_string}"},"query-input":"required name=search_term_string"}],"inLanguage":"de"},{"@type":"Organization","@id":"https:\/\/now-news.de\/de\/#organization","name":"Just Now News","url":"https:\/\/now-news.de\/de\/","logo":{"@type":"ImageObject","inLanguage":"de","@id":"https:\/\/now-news.de\/de\/#\/schema\/logo\/image\/","url":"http:\/\/just-now.news\/de\/wp-content\/uploads\/sites\/3\/2022\/04\/logo500x500.jpg","contentUrl":"http:\/\/just-now.news\/de\/wp-content\/uploads\/sites\/3\/2022\/04\/logo500x500.jpg","width":500,"height":500,"caption":"Just Now News"},"image":{"@id":"https:\/\/now-news.de\/de\/#\/schema\/logo\/image\/"},"sameAs":["https:\/\/www.facebook.com\/wirmachenauf","https:\/\/x.com\/WirMachenAuf_de"]},{"@type":"Person","@id":"https:\/\/now-news.de\/de\/#\/schema\/person\/fb534a4e865501d8b3285208df34a9b5","name":"rtnews","image":{"@type":"ImageObject","inLanguage":"de","@id":"https:\/\/now-news.de\/de\/#\/schema\/person\/image\/","url":"https:\/\/secure.gravatar.com\/avatar\/82aafea7d8127119dd649515f56e2117?s=96&d=mm&r=g","contentUrl":"https:\/\/secure.gravatar.com\/avatar\/82aafea7d8127119dd649515f56e2117?s=96&d=mm&r=g","caption":"rtnews"},"url":"https:\/\/now-news.de\/de\/author\/rnews\/"}]}},"_links":{"self":[{"href":"https:\/\/now-news.de\/de\/wp-json\/wp\/v2\/posts\/33784"}],"collection":[{"href":"https:\/\/now-news.de\/de\/wp-json\/wp\/v2\/posts"}],"about":[{"href":"https:\/\/now-news.de\/de\/wp-json\/wp\/v2\/types\/post"}],"author":[{"embeddable":true,"href":"https:\/\/now-news.de\/de\/wp-json\/wp\/v2\/users\/3"}],"replies":[{"embeddable":true,"href":"https:\/\/now-news.de\/de\/wp-json\/wp\/v2\/comments?post=33784"}],"version-history":[{"count":0,"href":"https:\/\/now-news.de\/de\/wp-json\/wp\/v2\/posts\/33784\/revisions"}],"wp:featuredmedia":[{"embeddable":true,"href":"https:\/\/now-news.de\/de\/wp-json\/wp\/v2\/media\/33785"}],"wp:attachment":[{"href":"https:\/\/now-news.de\/de\/wp-json\/wp\/v2\/media?parent=33784"}],"wp:term":[{"taxonomy":"category","embeddable":true,"href":"https:\/\/now-news.de\/de\/wp-json\/wp\/v2\/categories?post=33784"},{"taxonomy":"post_tag","embeddable":true,"href":"https:\/\/now-news.de\/de\/wp-json\/wp\/v2\/tags?post=33784"}],"curies":[{"name":"wp","href":"https:\/\/api.w.org\/{rel}","templated":true}]}}