{"id":33760,"date":"2023-04-07T21:15:51","date_gmt":"2023-04-07T19:15:51","guid":{"rendered":"http:\/\/just-now.news\/de\/deutschland\/britischer-koenig-kuendigt-aufarbeitung-des-sklavenhandels-an\/"},"modified":"2023-04-07T21:15:51","modified_gmt":"2023-04-07T19:15:51","slug":"britischer-koenig-kuendigt-aufarbeitung-des-sklavenhandels-an","status":"publish","type":"post","link":"https:\/\/now-news.de\/de\/deutschland\/britischer-koenig-kuendigt-aufarbeitung-des-sklavenhandels-an\/","title":{"rendered":"Britischer K\u00f6nig k\u00fcndigt Aufarbeitung des Sklavenhandels an"},"content":{"rendered":"<p><img decoding=\"async\" src=\"http:\/\/just-now.news\/de\/wp-content\/uploads\/sites\/3\/2023\/04\/64302010b480cc57f14b0bf3.jpg\" \/><\/p>\n<div class=\"Text-root Text-type_1 \">\n                Der Buckingham-Palace gab bekannt, dass das britische K\u00f6nigshaus bereit sei, zweihundert Jahre nach Ende des Handels mit Menschen seine Verbindung zum Sklavenhandel wissenschaftlich aufarbeiten zu lassen. Das britische K\u00f6nigshaus profitierte massiv. Eine Entschuldigung steht bislang aus.\n            <\/div>\n<p><\/p>\n<div class=\"Text-root Text-type_5 ArticleView-text ViewText-root \">\n<p>Fast zweihundert Jahre nach dem offiziellen Ende des Sklavenhandels zeigt sich auch das britische K\u00f6nigshaus bereit, sich der eigenen Geschichte zu stellen. Der Buckingham-Palace gab bekannt, dass der amtierende britische K\u00f6nig Charles III. die Verbindung der britischen Monarchie zum Sklavenhandel untersuchen lassen will. Der britische K\u00f6nig hat in diesem Zusammenhang zugesagt, Wissenschaftlern den Zugang zu den Archiven zu erleichtern und umfassender als bisher Einsicht zu gew\u00e4hren. Die historische Forschung ist nach wie vor auf den guten Willen des K\u00f6nigshauses angewiesen, wenn es das Archiv nutzen m\u00f6chte. Ein Recht auf Einsichtnahme gibt es nicht.<\/p>\n<p>Seine K\u00f6nigliche Hoheit beteuerte, er nehme das Thema &#8220;au\u00dferordentlich ernst&#8221;.\u00a0<\/p>\n<p>Das britische K\u00f6nigshaus gilt als gro\u00dfer Profiteur dieses Handels mit Menschen. Erst 1807 wurde der Sklavenhandel abgeschafft \u2013 allerdings nicht die Sklaverei selbst. Diese wurde erst drei Jahrzehnte sp\u00e4ter beendet. F\u00fcr den Menschenhandel entschuldigt hat sich das K\u00f6nigshaus nie \u2013 vermutlich auch aus Furcht vor Klagen und Entsch\u00e4digungsforderungen.\u00a0<\/p>\n<p>Wenn das britische K\u00f6nigshaus mit der Aufarbeitung seiner Geschichte im selben Tempo weitermacht, dann kann die Welt die k\u00f6nigliche Ank\u00fcndigung der\u00a0Auseinandersetzung mit\u00a0der britischen Kolonialzeit f\u00fcr das Jahr 2270 erwarten. Gut Ding will Weile haben.\u00a0<\/p>\n<p><strong>Mehr zum Thema\u00a0\u2013 <\/strong><a rel=\"nofollow noopener\" target=\"_blank\" href=\"https:\/\/fromrussiawithlove.rtde.live\/meinung\/166662-deutscher-koenig-ohren-karl-medien\/\">Deutscher K\u00f6nig Ohren-Karl \u2013 Ein Medien-M\u00e4rchen w\u00fcrde wirklich wahr<\/a><\/p>\n<\/p>\n<\/div>\n<p><br \/>\n<br \/><a href=\"https:\/\/de.rt.com\/europa\/167233-britischer-koenig-charles-iii-kuendigt\/\">Source link <\/a><\/p>\n","protected":false},"excerpt":{"rendered":"<p>Der Buckingham-Palace gab bekannt, dass das britische K\u00f6nigshaus bereit sei, zweihundert Jahre nach Ende des Handels mit Menschen seine Verbindung zum Sklavenhandel wissenschaftlich aufarbeiten zu lassen. Das britische K\u00f6nigshaus profitierte massiv. Eine Entschuldigung steht bislang aus. Fast zweihundert Jahre nach dem offiziellen Ende des Sklavenhandels zeigt sich auch das britische K\u00f6nigshaus bereit, sich der eigenen [&hellip;]<\/p>\n","protected":false},"author":3,"featured_media":33761,"comment_status":"open","ping_status":"open","sticky":false,"template":"","format":"standard","meta":{"_yoast_indexnow_last_ping":["1680895493"],"wp_automatic_camp":["217"],"5d3592cfca921389274de1065426d9d0":["Britischer K\u00f6nig k\u00fcndigt Aufarbeitung des Sklavenhandels an"],"original_link":["https:\/\/de.rt.com\/europa\/167233-britischer-koenig-charles-iii-kuendigt\/"],"_thumbnail_id":["33761"],"_wptgpro_p2tg_sent2tg":["a:1:{i:23737;s:19:\"2023-04-07 21:25:56\";}"],"jnews_social_counter_last_update":["1776813582"]},"categories":[19,23],"tags":[38199,1085,583,21142,4224,42897],"yoast_head":"<!-- This site is optimized with the Yoast SEO Premium plugin v22.7 (Yoast SEO v22.7) - https:\/\/yoast.com\/wordpress\/plugins\/seo\/ -->\n<title>Britischer K\u00f6nig k\u00fcndigt Aufarbeitung des Sklavenhandels an - just-now.NEWS Deutschland<\/title>\n<meta name=\"robots\" content=\"index, follow, max-snippet:-1, max-image-preview:large, max-video-preview:-1\" \/>\n<link rel=\"canonical\" href=\"https:\/\/now-news.de\/de\/deutschland\/britischer-koenig-kuendigt-aufarbeitung-des-sklavenhandels-an\/\" \/>\n<meta property=\"og:locale\" content=\"de_DE\" \/>\n<meta property=\"og:type\" content=\"article\" \/>\n<meta property=\"og:title\" content=\"Britischer K\u00f6nig k\u00fcndigt Aufarbeitung des Sklavenhandels an\" \/>\n<meta property=\"og:description\" content=\"Der Buckingham-Palace gab bekannt, dass das britische K\u00f6nigshaus bereit sei, zweihundert Jahre nach Ende des Handels mit Menschen seine Verbindung zum Sklavenhandel wissenschaftlich aufarbeiten zu lassen. Das britische K\u00f6nigshaus profitierte massiv. Eine Entschuldigung steht bislang aus. Fast zweihundert Jahre nach dem offiziellen Ende des Sklavenhandels zeigt sich auch das britische K\u00f6nigshaus bereit, sich der eigenen [&hellip;]\" \/>\n<meta property=\"og:url\" content=\"https:\/\/now-news.de\/de\/deutschland\/britischer-koenig-kuendigt-aufarbeitung-des-sklavenhandels-an\/\" \/>\n<meta property=\"og:site_name\" content=\"just-now.NEWS Deutschland\" \/>\n<meta property=\"article:publisher\" content=\"https:\/\/www.facebook.com\/wirmachenauf\" \/>\n<meta property=\"article:published_time\" content=\"2023-04-07T19:15:51+00:00\" \/>\n<meta property=\"og:image\" content=\"https:\/\/now-news.de\/de\/wp-content\/uploads\/sites\/3\/2023\/04\/Britischer-Koenig-kuendigt-Aufarbeitung-des-Sklavenhandels-an.jpg\" \/>\n\t<meta property=\"og:image:width\" content=\"460\" \/>\n\t<meta property=\"og:image:height\" content=\"259\" \/>\n\t<meta property=\"og:image:type\" content=\"image\/jpeg\" \/>\n<meta name=\"author\" content=\"rtnews\" \/>\n<meta name=\"twitter:card\" content=\"summary_large_image\" \/>\n<meta name=\"twitter:creator\" content=\"@WirMachenAuf_de\" \/>\n<meta name=\"twitter:site\" content=\"@WirMachenAuf_de\" \/>\n<meta name=\"twitter:label1\" content=\"Verfasst von\" \/>\n\t<meta name=\"twitter:data1\" content=\"rtnews\" \/>\n\t<meta name=\"twitter:label2\" content=\"Gesch\u00e4tzte Lesezeit\" \/>\n\t<meta name=\"twitter:data2\" content=\"1\u00a0Minute\" \/>\n<script type=\"application\/ld+json\" class=\"yoast-schema-graph\">{\"@context\":\"https:\/\/schema.org\",\"@graph\":[{\"@type\":\"Article\",\"@id\":\"https:\/\/now-news.de\/de\/deutschland\/britischer-koenig-kuendigt-aufarbeitung-des-sklavenhandels-an\/#article\",\"isPartOf\":{\"@id\":\"https:\/\/now-news.de\/de\/deutschland\/britischer-koenig-kuendigt-aufarbeitung-des-sklavenhandels-an\/\"},\"author\":{\"name\":\"rtnews\",\"@id\":\"https:\/\/now-news.de\/de\/#\/schema\/person\/fb534a4e865501d8b3285208df34a9b5\"},\"headline\":\"Britischer K\u00f6nig k\u00fcndigt Aufarbeitung des Sklavenhandels an\",\"datePublished\":\"2023-04-07T19:15:51+00:00\",\"dateModified\":\"2023-04-07T19:15:51+00:00\",\"mainEntityOfPage\":{\"@id\":\"https:\/\/now-news.de\/de\/deutschland\/britischer-koenig-kuendigt-aufarbeitung-des-sklavenhandels-an\/\"},\"wordCount\":265,\"commentCount\":0,\"publisher\":{\"@id\":\"https:\/\/now-news.de\/de\/#organization\"},\"image\":{\"@id\":\"https:\/\/now-news.de\/de\/deutschland\/britischer-koenig-kuendigt-aufarbeitung-des-sklavenhandels-an\/#primaryimage\"},\"thumbnailUrl\":\"https:\/\/now-news.de\/de\/wp-content\/uploads\/sites\/3\/2023\/04\/Britischer-Koenig-kuendigt-Aufarbeitung-des-Sklavenhandels-an.jpg\",\"keywords\":[\"Aufarbeitung\",\"Britischer\",\"des\",\"K\u00f6nig\",\"k\u00fcndigt\",\"Sklavenhandels\"],\"articleSection\":[\"Deutschland\",\"Russland\"],\"inLanguage\":\"de\",\"potentialAction\":[{\"@type\":\"CommentAction\",\"name\":\"Comment\",\"target\":[\"https:\/\/now-news.de\/de\/deutschland\/britischer-koenig-kuendigt-aufarbeitung-des-sklavenhandels-an\/#respond\"]}]},{\"@type\":\"WebPage\",\"@id\":\"https:\/\/now-news.de\/de\/deutschland\/britischer-koenig-kuendigt-aufarbeitung-des-sklavenhandels-an\/\",\"url\":\"https:\/\/now-news.de\/de\/deutschland\/britischer-koenig-kuendigt-aufarbeitung-des-sklavenhandels-an\/\",\"name\":\"Britischer K\u00f6nig k\u00fcndigt Aufarbeitung des Sklavenhandels an - just-now.NEWS Deutschland\",\"isPartOf\":{\"@id\":\"https:\/\/now-news.de\/de\/#website\"},\"primaryImageOfPage\":{\"@id\":\"https:\/\/now-news.de\/de\/deutschland\/britischer-koenig-kuendigt-aufarbeitung-des-sklavenhandels-an\/#primaryimage\"},\"image\":{\"@id\":\"https:\/\/now-news.de\/de\/deutschland\/britischer-koenig-kuendigt-aufarbeitung-des-sklavenhandels-an\/#primaryimage\"},\"thumbnailUrl\":\"https:\/\/now-news.de\/de\/wp-content\/uploads\/sites\/3\/2023\/04\/Britischer-Koenig-kuendigt-Aufarbeitung-des-Sklavenhandels-an.jpg\",\"datePublished\":\"2023-04-07T19:15:51+00:00\",\"dateModified\":\"2023-04-07T19:15:51+00:00\",\"breadcrumb\":{\"@id\":\"https:\/\/now-news.de\/de\/deutschland\/britischer-koenig-kuendigt-aufarbeitung-des-sklavenhandels-an\/#breadcrumb\"},\"inLanguage\":\"de\",\"potentialAction\":[{\"@type\":\"ReadAction\",\"target\":[\"https:\/\/now-news.de\/de\/deutschland\/britischer-koenig-kuendigt-aufarbeitung-des-sklavenhandels-an\/\"]}]},{\"@type\":\"ImageObject\",\"inLanguage\":\"de\",\"@id\":\"https:\/\/now-news.de\/de\/deutschland\/britischer-koenig-kuendigt-aufarbeitung-des-sklavenhandels-an\/#primaryimage\",\"url\":\"https:\/\/now-news.de\/de\/wp-content\/uploads\/sites\/3\/2023\/04\/Britischer-Koenig-kuendigt-Aufarbeitung-des-Sklavenhandels-an.jpg\",\"contentUrl\":\"https:\/\/now-news.de\/de\/wp-content\/uploads\/sites\/3\/2023\/04\/Britischer-Koenig-kuendigt-Aufarbeitung-des-Sklavenhandels-an.jpg\",\"width\":460,\"height\":259,\"caption\":\"Britischer K\u00f6nig k\u00fcndigt Aufarbeitung des Sklavenhandels an\"},{\"@type\":\"BreadcrumbList\",\"@id\":\"https:\/\/now-news.de\/de\/deutschland\/britischer-koenig-kuendigt-aufarbeitung-des-sklavenhandels-an\/#breadcrumb\",\"itemListElement\":[{\"@type\":\"ListItem\",\"position\":1,\"name\":\"Home\",\"item\":\"https:\/\/now-news.de\/de\/\"},{\"@type\":\"ListItem\",\"position\":2,\"name\":\"Britischer K\u00f6nig k\u00fcndigt Aufarbeitung des Sklavenhandels an\"}]},{\"@type\":\"WebSite\",\"@id\":\"https:\/\/now-news.de\/de\/#website\",\"url\":\"https:\/\/now-news.de\/de\/\",\"name\":\"just-now.NEWS Deutschland\",\"description\":\"Das Portal f\u00fcr unzensierte Nachrichten aus der Welt\",\"publisher\":{\"@id\":\"https:\/\/now-news.de\/de\/#organization\"},\"potentialAction\":[{\"@type\":\"SearchAction\",\"target\":{\"@type\":\"EntryPoint\",\"urlTemplate\":\"https:\/\/now-news.de\/de\/?s={search_term_string}\"},\"query-input\":\"required name=search_term_string\"}],\"inLanguage\":\"de\"},{\"@type\":\"Organization\",\"@id\":\"https:\/\/now-news.de\/de\/#organization\",\"name\":\"Just Now News\",\"url\":\"https:\/\/now-news.de\/de\/\",\"logo\":{\"@type\":\"ImageObject\",\"inLanguage\":\"de\",\"@id\":\"https:\/\/now-news.de\/de\/#\/schema\/logo\/image\/\",\"url\":\"http:\/\/just-now.news\/de\/wp-content\/uploads\/sites\/3\/2022\/04\/logo500x500.jpg\",\"contentUrl\":\"http:\/\/just-now.news\/de\/wp-content\/uploads\/sites\/3\/2022\/04\/logo500x500.jpg\",\"width\":500,\"height\":500,\"caption\":\"Just Now News\"},\"image\":{\"@id\":\"https:\/\/now-news.de\/de\/#\/schema\/logo\/image\/\"},\"sameAs\":[\"https:\/\/www.facebook.com\/wirmachenauf\",\"https:\/\/x.com\/WirMachenAuf_de\"]},{\"@type\":\"Person\",\"@id\":\"https:\/\/now-news.de\/de\/#\/schema\/person\/fb534a4e865501d8b3285208df34a9b5\",\"name\":\"rtnews\",\"image\":{\"@type\":\"ImageObject\",\"inLanguage\":\"de\",\"@id\":\"https:\/\/now-news.de\/de\/#\/schema\/person\/image\/\",\"url\":\"https:\/\/secure.gravatar.com\/avatar\/82aafea7d8127119dd649515f56e2117?s=96&d=mm&r=g\",\"contentUrl\":\"https:\/\/secure.gravatar.com\/avatar\/82aafea7d8127119dd649515f56e2117?s=96&d=mm&r=g\",\"caption\":\"rtnews\"},\"url\":\"https:\/\/now-news.de\/de\/author\/rnews\/\"}]}<\/script>\n<!-- \/ Yoast SEO Premium plugin. -->","yoast_head_json":{"title":"Britischer K\u00f6nig k\u00fcndigt Aufarbeitung des Sklavenhandels an - just-now.NEWS Deutschland","robots":{"index":"index","follow":"follow","max-snippet":"max-snippet:-1","max-image-preview":"max-image-preview:large","max-video-preview":"max-video-preview:-1"},"canonical":"https:\/\/now-news.de\/de\/deutschland\/britischer-koenig-kuendigt-aufarbeitung-des-sklavenhandels-an\/","og_locale":"de_DE","og_type":"article","og_title":"Britischer K\u00f6nig k\u00fcndigt Aufarbeitung des Sklavenhandels an","og_description":"Der Buckingham-Palace gab bekannt, dass das britische K\u00f6nigshaus bereit sei, zweihundert Jahre nach Ende des Handels mit Menschen seine Verbindung zum Sklavenhandel wissenschaftlich aufarbeiten zu lassen. Das britische K\u00f6nigshaus profitierte massiv. Eine Entschuldigung steht bislang aus. Fast zweihundert Jahre nach dem offiziellen Ende des Sklavenhandels zeigt sich auch das britische K\u00f6nigshaus bereit, sich der eigenen [&hellip;]","og_url":"https:\/\/now-news.de\/de\/deutschland\/britischer-koenig-kuendigt-aufarbeitung-des-sklavenhandels-an\/","og_site_name":"just-now.NEWS Deutschland","article_publisher":"https:\/\/www.facebook.com\/wirmachenauf","article_published_time":"2023-04-07T19:15:51+00:00","og_image":[{"width":460,"height":259,"url":"https:\/\/now-news.de\/de\/wp-content\/uploads\/sites\/3\/2023\/04\/Britischer-Koenig-kuendigt-Aufarbeitung-des-Sklavenhandels-an.jpg","type":"image\/jpeg"}],"author":"rtnews","twitter_card":"summary_large_image","twitter_creator":"@WirMachenAuf_de","twitter_site":"@WirMachenAuf_de","twitter_misc":{"Verfasst von":"rtnews","Gesch\u00e4tzte Lesezeit":"1\u00a0Minute"},"schema":{"@context":"https:\/\/schema.org","@graph":[{"@type":"Article","@id":"https:\/\/now-news.de\/de\/deutschland\/britischer-koenig-kuendigt-aufarbeitung-des-sklavenhandels-an\/#article","isPartOf":{"@id":"https:\/\/now-news.de\/de\/deutschland\/britischer-koenig-kuendigt-aufarbeitung-des-sklavenhandels-an\/"},"author":{"name":"rtnews","@id":"https:\/\/now-news.de\/de\/#\/schema\/person\/fb534a4e865501d8b3285208df34a9b5"},"headline":"Britischer K\u00f6nig k\u00fcndigt Aufarbeitung des Sklavenhandels an","datePublished":"2023-04-07T19:15:51+00:00","dateModified":"2023-04-07T19:15:51+00:00","mainEntityOfPage":{"@id":"https:\/\/now-news.de\/de\/deutschland\/britischer-koenig-kuendigt-aufarbeitung-des-sklavenhandels-an\/"},"wordCount":265,"commentCount":0,"publisher":{"@id":"https:\/\/now-news.de\/de\/#organization"},"image":{"@id":"https:\/\/now-news.de\/de\/deutschland\/britischer-koenig-kuendigt-aufarbeitung-des-sklavenhandels-an\/#primaryimage"},"thumbnailUrl":"https:\/\/now-news.de\/de\/wp-content\/uploads\/sites\/3\/2023\/04\/Britischer-Koenig-kuendigt-Aufarbeitung-des-Sklavenhandels-an.jpg","keywords":["Aufarbeitung","Britischer","des","K\u00f6nig","k\u00fcndigt","Sklavenhandels"],"articleSection":["Deutschland","Russland"],"inLanguage":"de","potentialAction":[{"@type":"CommentAction","name":"Comment","target":["https:\/\/now-news.de\/de\/deutschland\/britischer-koenig-kuendigt-aufarbeitung-des-sklavenhandels-an\/#respond"]}]},{"@type":"WebPage","@id":"https:\/\/now-news.de\/de\/deutschland\/britischer-koenig-kuendigt-aufarbeitung-des-sklavenhandels-an\/","url":"https:\/\/now-news.de\/de\/deutschland\/britischer-koenig-kuendigt-aufarbeitung-des-sklavenhandels-an\/","name":"Britischer K\u00f6nig k\u00fcndigt Aufarbeitung des Sklavenhandels an - just-now.NEWS Deutschland","isPartOf":{"@id":"https:\/\/now-news.de\/de\/#website"},"primaryImageOfPage":{"@id":"https:\/\/now-news.de\/de\/deutschland\/britischer-koenig-kuendigt-aufarbeitung-des-sklavenhandels-an\/#primaryimage"},"image":{"@id":"https:\/\/now-news.de\/de\/deutschland\/britischer-koenig-kuendigt-aufarbeitung-des-sklavenhandels-an\/#primaryimage"},"thumbnailUrl":"https:\/\/now-news.de\/de\/wp-content\/uploads\/sites\/3\/2023\/04\/Britischer-Koenig-kuendigt-Aufarbeitung-des-Sklavenhandels-an.jpg","datePublished":"2023-04-07T19:15:51+00:00","dateModified":"2023-04-07T19:15:51+00:00","breadcrumb":{"@id":"https:\/\/now-news.de\/de\/deutschland\/britischer-koenig-kuendigt-aufarbeitung-des-sklavenhandels-an\/#breadcrumb"},"inLanguage":"de","potentialAction":[{"@type":"ReadAction","target":["https:\/\/now-news.de\/de\/deutschland\/britischer-koenig-kuendigt-aufarbeitung-des-sklavenhandels-an\/"]}]},{"@type":"ImageObject","inLanguage":"de","@id":"https:\/\/now-news.de\/de\/deutschland\/britischer-koenig-kuendigt-aufarbeitung-des-sklavenhandels-an\/#primaryimage","url":"https:\/\/now-news.de\/de\/wp-content\/uploads\/sites\/3\/2023\/04\/Britischer-Koenig-kuendigt-Aufarbeitung-des-Sklavenhandels-an.jpg","contentUrl":"https:\/\/now-news.de\/de\/wp-content\/uploads\/sites\/3\/2023\/04\/Britischer-Koenig-kuendigt-Aufarbeitung-des-Sklavenhandels-an.jpg","width":460,"height":259,"caption":"Britischer K\u00f6nig k\u00fcndigt Aufarbeitung des Sklavenhandels an"},{"@type":"BreadcrumbList","@id":"https:\/\/now-news.de\/de\/deutschland\/britischer-koenig-kuendigt-aufarbeitung-des-sklavenhandels-an\/#breadcrumb","itemListElement":[{"@type":"ListItem","position":1,"name":"Home","item":"https:\/\/now-news.de\/de\/"},{"@type":"ListItem","position":2,"name":"Britischer K\u00f6nig k\u00fcndigt Aufarbeitung des Sklavenhandels an"}]},{"@type":"WebSite","@id":"https:\/\/now-news.de\/de\/#website","url":"https:\/\/now-news.de\/de\/","name":"just-now.NEWS Deutschland","description":"Das Portal f\u00fcr unzensierte Nachrichten aus der Welt","publisher":{"@id":"https:\/\/now-news.de\/de\/#organization"},"potentialAction":[{"@type":"SearchAction","target":{"@type":"EntryPoint","urlTemplate":"https:\/\/now-news.de\/de\/?s={search_term_string}"},"query-input":"required name=search_term_string"}],"inLanguage":"de"},{"@type":"Organization","@id":"https:\/\/now-news.de\/de\/#organization","name":"Just Now News","url":"https:\/\/now-news.de\/de\/","logo":{"@type":"ImageObject","inLanguage":"de","@id":"https:\/\/now-news.de\/de\/#\/schema\/logo\/image\/","url":"http:\/\/just-now.news\/de\/wp-content\/uploads\/sites\/3\/2022\/04\/logo500x500.jpg","contentUrl":"http:\/\/just-now.news\/de\/wp-content\/uploads\/sites\/3\/2022\/04\/logo500x500.jpg","width":500,"height":500,"caption":"Just Now News"},"image":{"@id":"https:\/\/now-news.de\/de\/#\/schema\/logo\/image\/"},"sameAs":["https:\/\/www.facebook.com\/wirmachenauf","https:\/\/x.com\/WirMachenAuf_de"]},{"@type":"Person","@id":"https:\/\/now-news.de\/de\/#\/schema\/person\/fb534a4e865501d8b3285208df34a9b5","name":"rtnews","image":{"@type":"ImageObject","inLanguage":"de","@id":"https:\/\/now-news.de\/de\/#\/schema\/person\/image\/","url":"https:\/\/secure.gravatar.com\/avatar\/82aafea7d8127119dd649515f56e2117?s=96&d=mm&r=g","contentUrl":"https:\/\/secure.gravatar.com\/avatar\/82aafea7d8127119dd649515f56e2117?s=96&d=mm&r=g","caption":"rtnews"},"url":"https:\/\/now-news.de\/de\/author\/rnews\/"}]}},"_links":{"self":[{"href":"https:\/\/now-news.de\/de\/wp-json\/wp\/v2\/posts\/33760"}],"collection":[{"href":"https:\/\/now-news.de\/de\/wp-json\/wp\/v2\/posts"}],"about":[{"href":"https:\/\/now-news.de\/de\/wp-json\/wp\/v2\/types\/post"}],"author":[{"embeddable":true,"href":"https:\/\/now-news.de\/de\/wp-json\/wp\/v2\/users\/3"}],"replies":[{"embeddable":true,"href":"https:\/\/now-news.de\/de\/wp-json\/wp\/v2\/comments?post=33760"}],"version-history":[{"count":0,"href":"https:\/\/now-news.de\/de\/wp-json\/wp\/v2\/posts\/33760\/revisions"}],"wp:featuredmedia":[{"embeddable":true,"href":"https:\/\/now-news.de\/de\/wp-json\/wp\/v2\/media\/33761"}],"wp:attachment":[{"href":"https:\/\/now-news.de\/de\/wp-json\/wp\/v2\/media?parent=33760"}],"wp:term":[{"taxonomy":"category","embeddable":true,"href":"https:\/\/now-news.de\/de\/wp-json\/wp\/v2\/categories?post=33760"},{"taxonomy":"post_tag","embeddable":true,"href":"https:\/\/now-news.de\/de\/wp-json\/wp\/v2\/tags?post=33760"}],"curies":[{"name":"wp","href":"https:\/\/api.w.org\/{rel}","templated":true}]}}