{"id":33746,"date":"2023-04-07T17:51:09","date_gmt":"2023-04-07T15:51:09","guid":{"rendered":"https:\/\/just-now.news\/de\/deutschland\/macron-stationierung-von-atomwaffen-ausserhalb-des-eigenen-territoriums-voelkerrechtswidrig\/"},"modified":"2023-04-07T17:51:09","modified_gmt":"2023-04-07T15:51:09","slug":"macron-stationierung-von-atomwaffen-ausserhalb-des-eigenen-territoriums-voelkerrechtswidrig","status":"publish","type":"post","link":"https:\/\/now-news.de\/de\/deutschland\/macron-stationierung-von-atomwaffen-ausserhalb-des-eigenen-territoriums-voelkerrechtswidrig\/","title":{"rendered":"Macron: Stationierung von Atomwaffen au\u00dferhalb des eigenen Territoriums v\u00f6lkerrechtswidrig"},"content":{"rendered":"<p><img decoding=\"async\" src=\"http:\/\/just-now.news\/de\/wp-content\/uploads\/sites\/3\/2023\/04\/64303bdfb480cc10b029d7c4.jpg\" \/><\/p>\n<div class=\"Text-root Text-type_1 \">\n                Mit Blick auf die Stationierung von russischen Atomwaffen in Wei\u00dfrussland behauptet Frankreichs Pr\u00e4sident Macron, dies sei v\u00f6lkerrechtswidrig. Kein Land d\u00fcrfe au\u00dferhalb seines Gebiets Atomwaffen stationieren. Zur Stationierung von US-Atomwaffen in Europa \u00e4u\u00dferte sich Macron nicht.\n            <\/div>\n<p><\/p>\n<div class=\"Text-root Text-type_5 ArticleView-text ViewText-root \">\n<p>Der franz\u00f6sische Pr\u00e4sident Emmanuel Macron macht in China mit einer bizarren Bemerkung auf eine kognitive Dissonanz im westlichen Denken aufmerksam.\u00a0<\/p>\n<p>Anl\u00e4sslich seines Besuchs in China hielt der franz\u00f6sische Pr\u00e4sident gemeinsam mit seinem Gastgeber, dem chinesischen Pr\u00e4sidenten Xi Jinping, eine Pressekonferenz ab.\u00a0<\/p>\n<p>Wie die russische Nachrichtenagentur <em>RIA Nowosti<\/em>\u00a0<a rel=\"nofollow noopener\" target=\"_blank\" href=\"https:\/\/ria.ru\/20230406\/oruzhie-1863474133.html\">mitteilte<\/a>, \u00e4u\u00dferte sich Macron auch zu der Stationierung taktischer russischer Nuklearwaffen in Wei\u00dfrussland.\u00a0<\/p>\n<p>Macron sagte in diesem Zusammenhang:\u00a0<\/p>\n<blockquote>\n<p><em>&#8220;Keinem Land sollte es erlaubt sein, Atomwaffen auf fremdem Gebiet zu stationieren.&#8221;<\/em><\/p>\n<\/blockquote>\n<p>Er f\u00fcgte hinzu: &#8220;Frankreich vertritt die Position, dass Atomwaffen vollst\u00e4ndig aus dem Ukraine-Konflikt herausgehalten werden sollten. Insbesondere in Europa d\u00fcrfen Atomwaffen von einer Atommacht in keinem Fall au\u00dferhalb des eigenen Territoriums stationiert werden.&#8221; Konkret auf Russland und Wei\u00dfrussland bezogen, erg\u00e4nzte der franz\u00f6sische Pr\u00e4sident:\u00a0<\/p>\n<blockquote>\n<p><em>&#8220;Die Entscheidung Russlands, taktische Atomwaffen in Wei\u00dfrussland zu stationieren, ist mit den v\u00f6lkerrechtlichen Verpflichtungen Russlands nicht vereinbar.&#8221;<\/em>\u00a0<\/p>\n<\/blockquote>\n<p>Dennoch sind in Europa eine gro\u00dfe Zahl US-amerikanischer Nuklearwaffen gelagert. Neben Deutschland lagern sie in Italien, den Niederlanden und Belgien. Auch im NATO-Land T\u00fcrkei halten die USA Atomwaffen vor. Inzwischen hat sich zudem Polen als Standort f\u00fcr die Stationierung von US-Atomwaffen angeboten.\u00a0<\/p>\n<p>Bereits im Jahr 2019 waren die USA aus dem INF-Vertrag ausgestiegen, der die Vernichtung aller nuklearen Kurz- und Mittelstreckenwaffen in Europa vorsah. Der zwischen der Sowjetunion und den USA geschlossene Vertrag trat am 1. Juni 1988 in Kraft. Er leitete das Ende des Kalten Krieges ein.<\/p>\n<p>Die USA hatten Russland ab dem Jahr 2002 immer wieder Vertragsverletzung vorgeworfen. Russland hatte zu Inspektionen eingeladen, die jedoch zur\u00fcckgewiesen wurden. Der Konflikt eskalierte unter der Administration von Pr\u00e4sident Obama. Sein Nachfolger im Amt, Donald Trump, stieg aus dem Vertrag aus. Die von Russland in Wei\u00dfrussland stationierten Raketen des Typs Iskander w\u00fcrden unter die Regelungen des INF-Vertrags fallen. Mit dem Ausstieg der USA ist die v\u00f6lkerrechtliche Vereinbarung jedoch hinf\u00e4llig.\u00a0<\/p>\n<p><strong>Mehr zum Thema\u00a0<\/strong>\u2013<strong><\/strong><a rel=\"nofollow noopener\" target=\"_blank\" href=\"https:\/\/fromrussiawithlove.rtde.live\/international\/167140-ukraine-krieg-xi-und-macron\/\">Ukraine-Krieg: Xi und Macron fordern &#8220;rasche Friedensgespr\u00e4che&#8221;<\/a><\/p>\n<\/p>\n<\/div>\n<p><br \/>\n<br \/><a href=\"https:\/\/de.rt.com\/europa\/167219-macron-stationierung-von-atomwaffen-ausserhalb\/\">Source link <\/a><\/p>\n","protected":false},"excerpt":{"rendered":"<p>Mit Blick auf die Stationierung von russischen Atomwaffen in Wei\u00dfrussland behauptet Frankreichs Pr\u00e4sident Macron, dies sei v\u00f6lkerrechtswidrig. Kein Land d\u00fcrfe au\u00dferhalb seines Gebiets Atomwaffen stationieren. Zur Stationierung von US-Atomwaffen in Europa \u00e4u\u00dferte sich Macron nicht. Der franz\u00f6sische Pr\u00e4sident Emmanuel Macron macht in China mit einer bizarren Bemerkung auf eine kognitive Dissonanz im westlichen Denken aufmerksam.\u00a0 [&hellip;]<\/p>\n","protected":false},"author":3,"featured_media":33747,"comment_status":"open","ping_status":"open","sticky":false,"template":"","format":"standard","meta":{"_yoast_indexnow_last_ping":["1680882900"],"wp_automatic_camp":["217"],"2c27a848ca66b09b070fa2256f6e9bdc":["Macron: Stationierung von Atomwaffen au\u00dferhalb des eigenen Territoriums v\u00f6lkerrechtswidrig"],"original_link":["https:\/\/de.rt.com\/europa\/167219-macron-stationierung-von-atomwaffen-ausserhalb\/"],"_thumbnail_id":["33747"],"_wptgpro_p2tg_sent2tg":["a:1:{i:23737;s:19:\"2023-04-07 17:56:06\";}"],"jnews_social_counter_last_update":["1777322999"]},"categories":[19,23],"tags":[7620,19412,583,947,1711,30549,28667,8374,50],"yoast_head":"<!-- This site is optimized with the Yoast SEO Premium plugin v22.7 (Yoast SEO v22.7) - https:\/\/yoast.com\/wordpress\/plugins\/seo\/ -->\n<title>Macron: Stationierung von Atomwaffen au\u00dferhalb des eigenen Territoriums v\u00f6lkerrechtswidrig - just-now.NEWS Deutschland<\/title>\n<meta name=\"robots\" content=\"index, follow, max-snippet:-1, max-image-preview:large, max-video-preview:-1\" \/>\n<link rel=\"canonical\" href=\"https:\/\/now-news.de\/de\/deutschland\/macron-stationierung-von-atomwaffen-ausserhalb-des-eigenen-territoriums-voelkerrechtswidrig\/\" \/>\n<meta property=\"og:locale\" content=\"de_DE\" \/>\n<meta property=\"og:type\" content=\"article\" \/>\n<meta property=\"og:title\" content=\"Macron: Stationierung von Atomwaffen au\u00dferhalb des eigenen Territoriums v\u00f6lkerrechtswidrig\" \/>\n<meta property=\"og:description\" content=\"Mit Blick auf die Stationierung von russischen Atomwaffen in Wei\u00dfrussland behauptet Frankreichs Pr\u00e4sident Macron, dies sei v\u00f6lkerrechtswidrig. Kein Land d\u00fcrfe au\u00dferhalb seines Gebiets Atomwaffen stationieren. Zur Stationierung von US-Atomwaffen in Europa \u00e4u\u00dferte sich Macron nicht. Der franz\u00f6sische Pr\u00e4sident Emmanuel Macron macht in China mit einer bizarren Bemerkung auf eine kognitive Dissonanz im westlichen Denken aufmerksam.\u00a0 [&hellip;]\" \/>\n<meta property=\"og:url\" content=\"https:\/\/now-news.de\/de\/deutschland\/macron-stationierung-von-atomwaffen-ausserhalb-des-eigenen-territoriums-voelkerrechtswidrig\/\" \/>\n<meta property=\"og:site_name\" content=\"just-now.NEWS Deutschland\" \/>\n<meta property=\"article:publisher\" content=\"https:\/\/www.facebook.com\/wirmachenauf\" \/>\n<meta property=\"article:published_time\" content=\"2023-04-07T15:51:09+00:00\" \/>\n<meta property=\"og:image\" content=\"https:\/\/now-news.de\/de\/wp-content\/uploads\/sites\/3\/2023\/04\/Macron-Stationierung-von-Atomwaffen-ausserhalb-des-eigenen-Territoriums-voelkerrechtswidrig.jpg\" \/>\n\t<meta property=\"og:image:width\" content=\"460\" \/>\n\t<meta property=\"og:image:height\" content=\"259\" \/>\n\t<meta property=\"og:image:type\" content=\"image\/jpeg\" \/>\n<meta name=\"author\" content=\"rtnews\" \/>\n<meta name=\"twitter:card\" content=\"summary_large_image\" \/>\n<meta name=\"twitter:creator\" content=\"@WirMachenAuf_de\" \/>\n<meta name=\"twitter:site\" content=\"@WirMachenAuf_de\" \/>\n<meta name=\"twitter:label1\" content=\"Verfasst von\" \/>\n\t<meta name=\"twitter:data1\" content=\"rtnews\" \/>\n\t<meta name=\"twitter:label2\" content=\"Gesch\u00e4tzte Lesezeit\" \/>\n\t<meta name=\"twitter:data2\" content=\"2\u00a0Minuten\" \/>\n<script type=\"application\/ld+json\" class=\"yoast-schema-graph\">{\"@context\":\"https:\/\/schema.org\",\"@graph\":[{\"@type\":\"Article\",\"@id\":\"https:\/\/now-news.de\/de\/deutschland\/macron-stationierung-von-atomwaffen-ausserhalb-des-eigenen-territoriums-voelkerrechtswidrig\/#article\",\"isPartOf\":{\"@id\":\"https:\/\/now-news.de\/de\/deutschland\/macron-stationierung-von-atomwaffen-ausserhalb-des-eigenen-territoriums-voelkerrechtswidrig\/\"},\"author\":{\"name\":\"rtnews\",\"@id\":\"https:\/\/now-news.de\/de\/#\/schema\/person\/fb534a4e865501d8b3285208df34a9b5\"},\"headline\":\"Macron: Stationierung von Atomwaffen au\u00dferhalb des eigenen Territoriums v\u00f6lkerrechtswidrig\",\"datePublished\":\"2023-04-07T15:51:09+00:00\",\"dateModified\":\"2023-04-07T15:51:09+00:00\",\"mainEntityOfPage\":{\"@id\":\"https:\/\/now-news.de\/de\/deutschland\/macron-stationierung-von-atomwaffen-ausserhalb-des-eigenen-territoriums-voelkerrechtswidrig\/\"},\"wordCount\":383,\"commentCount\":0,\"publisher\":{\"@id\":\"https:\/\/now-news.de\/de\/#organization\"},\"image\":{\"@id\":\"https:\/\/now-news.de\/de\/deutschland\/macron-stationierung-von-atomwaffen-ausserhalb-des-eigenen-territoriums-voelkerrechtswidrig\/#primaryimage\"},\"thumbnailUrl\":\"https:\/\/now-news.de\/de\/wp-content\/uploads\/sites\/3\/2023\/04\/Macron-Stationierung-von-Atomwaffen-ausserhalb-des-eigenen-Territoriums-voelkerrechtswidrig.jpg\",\"keywords\":[\"Atomwaffen\",\"au\u00dferhalb\",\"des\",\"eigenen\",\"macron\",\"Stationierung\",\"Territoriums\",\"v\u00f6lkerrechtswidrig\",\"von\"],\"articleSection\":[\"Deutschland\",\"Russland\"],\"inLanguage\":\"de\",\"potentialAction\":[{\"@type\":\"CommentAction\",\"name\":\"Comment\",\"target\":[\"https:\/\/now-news.de\/de\/deutschland\/macron-stationierung-von-atomwaffen-ausserhalb-des-eigenen-territoriums-voelkerrechtswidrig\/#respond\"]}]},{\"@type\":\"WebPage\",\"@id\":\"https:\/\/now-news.de\/de\/deutschland\/macron-stationierung-von-atomwaffen-ausserhalb-des-eigenen-territoriums-voelkerrechtswidrig\/\",\"url\":\"https:\/\/now-news.de\/de\/deutschland\/macron-stationierung-von-atomwaffen-ausserhalb-des-eigenen-territoriums-voelkerrechtswidrig\/\",\"name\":\"Macron: Stationierung von Atomwaffen au\u00dferhalb des eigenen Territoriums v\u00f6lkerrechtswidrig - just-now.NEWS Deutschland\",\"isPartOf\":{\"@id\":\"https:\/\/now-news.de\/de\/#website\"},\"primaryImageOfPage\":{\"@id\":\"https:\/\/now-news.de\/de\/deutschland\/macron-stationierung-von-atomwaffen-ausserhalb-des-eigenen-territoriums-voelkerrechtswidrig\/#primaryimage\"},\"image\":{\"@id\":\"https:\/\/now-news.de\/de\/deutschland\/macron-stationierung-von-atomwaffen-ausserhalb-des-eigenen-territoriums-voelkerrechtswidrig\/#primaryimage\"},\"thumbnailUrl\":\"https:\/\/now-news.de\/de\/wp-content\/uploads\/sites\/3\/2023\/04\/Macron-Stationierung-von-Atomwaffen-ausserhalb-des-eigenen-Territoriums-voelkerrechtswidrig.jpg\",\"datePublished\":\"2023-04-07T15:51:09+00:00\",\"dateModified\":\"2023-04-07T15:51:09+00:00\",\"breadcrumb\":{\"@id\":\"https:\/\/now-news.de\/de\/deutschland\/macron-stationierung-von-atomwaffen-ausserhalb-des-eigenen-territoriums-voelkerrechtswidrig\/#breadcrumb\"},\"inLanguage\":\"de\",\"potentialAction\":[{\"@type\":\"ReadAction\",\"target\":[\"https:\/\/now-news.de\/de\/deutschland\/macron-stationierung-von-atomwaffen-ausserhalb-des-eigenen-territoriums-voelkerrechtswidrig\/\"]}]},{\"@type\":\"ImageObject\",\"inLanguage\":\"de\",\"@id\":\"https:\/\/now-news.de\/de\/deutschland\/macron-stationierung-von-atomwaffen-ausserhalb-des-eigenen-territoriums-voelkerrechtswidrig\/#primaryimage\",\"url\":\"https:\/\/now-news.de\/de\/wp-content\/uploads\/sites\/3\/2023\/04\/Macron-Stationierung-von-Atomwaffen-ausserhalb-des-eigenen-Territoriums-voelkerrechtswidrig.jpg\",\"contentUrl\":\"https:\/\/now-news.de\/de\/wp-content\/uploads\/sites\/3\/2023\/04\/Macron-Stationierung-von-Atomwaffen-ausserhalb-des-eigenen-Territoriums-voelkerrechtswidrig.jpg\",\"width\":460,\"height\":259,\"caption\":\"Macron: Stationierung von Atomwaffen au\u00dferhalb des eigenen Territoriums v\u00f6lkerrechtswidrig\"},{\"@type\":\"BreadcrumbList\",\"@id\":\"https:\/\/now-news.de\/de\/deutschland\/macron-stationierung-von-atomwaffen-ausserhalb-des-eigenen-territoriums-voelkerrechtswidrig\/#breadcrumb\",\"itemListElement\":[{\"@type\":\"ListItem\",\"position\":1,\"name\":\"Home\",\"item\":\"https:\/\/now-news.de\/de\/\"},{\"@type\":\"ListItem\",\"position\":2,\"name\":\"Macron: Stationierung von Atomwaffen au\u00dferhalb des eigenen Territoriums v\u00f6lkerrechtswidrig\"}]},{\"@type\":\"WebSite\",\"@id\":\"https:\/\/now-news.de\/de\/#website\",\"url\":\"https:\/\/now-news.de\/de\/\",\"name\":\"just-now.NEWS Deutschland\",\"description\":\"Das Portal f\u00fcr unzensierte Nachrichten aus der Welt\",\"publisher\":{\"@id\":\"https:\/\/now-news.de\/de\/#organization\"},\"potentialAction\":[{\"@type\":\"SearchAction\",\"target\":{\"@type\":\"EntryPoint\",\"urlTemplate\":\"https:\/\/now-news.de\/de\/?s={search_term_string}\"},\"query-input\":\"required name=search_term_string\"}],\"inLanguage\":\"de\"},{\"@type\":\"Organization\",\"@id\":\"https:\/\/now-news.de\/de\/#organization\",\"name\":\"Just Now News\",\"url\":\"https:\/\/now-news.de\/de\/\",\"logo\":{\"@type\":\"ImageObject\",\"inLanguage\":\"de\",\"@id\":\"https:\/\/now-news.de\/de\/#\/schema\/logo\/image\/\",\"url\":\"http:\/\/just-now.news\/de\/wp-content\/uploads\/sites\/3\/2022\/04\/logo500x500.jpg\",\"contentUrl\":\"http:\/\/just-now.news\/de\/wp-content\/uploads\/sites\/3\/2022\/04\/logo500x500.jpg\",\"width\":500,\"height\":500,\"caption\":\"Just Now News\"},\"image\":{\"@id\":\"https:\/\/now-news.de\/de\/#\/schema\/logo\/image\/\"},\"sameAs\":[\"https:\/\/www.facebook.com\/wirmachenauf\",\"https:\/\/x.com\/WirMachenAuf_de\"]},{\"@type\":\"Person\",\"@id\":\"https:\/\/now-news.de\/de\/#\/schema\/person\/fb534a4e865501d8b3285208df34a9b5\",\"name\":\"rtnews\",\"image\":{\"@type\":\"ImageObject\",\"inLanguage\":\"de\",\"@id\":\"https:\/\/now-news.de\/de\/#\/schema\/person\/image\/\",\"url\":\"https:\/\/secure.gravatar.com\/avatar\/82aafea7d8127119dd649515f56e2117?s=96&d=mm&r=g\",\"contentUrl\":\"https:\/\/secure.gravatar.com\/avatar\/82aafea7d8127119dd649515f56e2117?s=96&d=mm&r=g\",\"caption\":\"rtnews\"},\"url\":\"https:\/\/now-news.de\/de\/author\/rnews\/\"}]}<\/script>\n<!-- \/ Yoast SEO Premium plugin. -->","yoast_head_json":{"title":"Macron: Stationierung von Atomwaffen au\u00dferhalb des eigenen Territoriums v\u00f6lkerrechtswidrig - just-now.NEWS Deutschland","robots":{"index":"index","follow":"follow","max-snippet":"max-snippet:-1","max-image-preview":"max-image-preview:large","max-video-preview":"max-video-preview:-1"},"canonical":"https:\/\/now-news.de\/de\/deutschland\/macron-stationierung-von-atomwaffen-ausserhalb-des-eigenen-territoriums-voelkerrechtswidrig\/","og_locale":"de_DE","og_type":"article","og_title":"Macron: Stationierung von Atomwaffen au\u00dferhalb des eigenen Territoriums v\u00f6lkerrechtswidrig","og_description":"Mit Blick auf die Stationierung von russischen Atomwaffen in Wei\u00dfrussland behauptet Frankreichs Pr\u00e4sident Macron, dies sei v\u00f6lkerrechtswidrig. Kein Land d\u00fcrfe au\u00dferhalb seines Gebiets Atomwaffen stationieren. Zur Stationierung von US-Atomwaffen in Europa \u00e4u\u00dferte sich Macron nicht. Der franz\u00f6sische Pr\u00e4sident Emmanuel Macron macht in China mit einer bizarren Bemerkung auf eine kognitive Dissonanz im westlichen Denken aufmerksam.\u00a0 [&hellip;]","og_url":"https:\/\/now-news.de\/de\/deutschland\/macron-stationierung-von-atomwaffen-ausserhalb-des-eigenen-territoriums-voelkerrechtswidrig\/","og_site_name":"just-now.NEWS Deutschland","article_publisher":"https:\/\/www.facebook.com\/wirmachenauf","article_published_time":"2023-04-07T15:51:09+00:00","og_image":[{"width":460,"height":259,"url":"https:\/\/now-news.de\/de\/wp-content\/uploads\/sites\/3\/2023\/04\/Macron-Stationierung-von-Atomwaffen-ausserhalb-des-eigenen-Territoriums-voelkerrechtswidrig.jpg","type":"image\/jpeg"}],"author":"rtnews","twitter_card":"summary_large_image","twitter_creator":"@WirMachenAuf_de","twitter_site":"@WirMachenAuf_de","twitter_misc":{"Verfasst von":"rtnews","Gesch\u00e4tzte Lesezeit":"2\u00a0Minuten"},"schema":{"@context":"https:\/\/schema.org","@graph":[{"@type":"Article","@id":"https:\/\/now-news.de\/de\/deutschland\/macron-stationierung-von-atomwaffen-ausserhalb-des-eigenen-territoriums-voelkerrechtswidrig\/#article","isPartOf":{"@id":"https:\/\/now-news.de\/de\/deutschland\/macron-stationierung-von-atomwaffen-ausserhalb-des-eigenen-territoriums-voelkerrechtswidrig\/"},"author":{"name":"rtnews","@id":"https:\/\/now-news.de\/de\/#\/schema\/person\/fb534a4e865501d8b3285208df34a9b5"},"headline":"Macron: Stationierung von Atomwaffen au\u00dferhalb des eigenen Territoriums v\u00f6lkerrechtswidrig","datePublished":"2023-04-07T15:51:09+00:00","dateModified":"2023-04-07T15:51:09+00:00","mainEntityOfPage":{"@id":"https:\/\/now-news.de\/de\/deutschland\/macron-stationierung-von-atomwaffen-ausserhalb-des-eigenen-territoriums-voelkerrechtswidrig\/"},"wordCount":383,"commentCount":0,"publisher":{"@id":"https:\/\/now-news.de\/de\/#organization"},"image":{"@id":"https:\/\/now-news.de\/de\/deutschland\/macron-stationierung-von-atomwaffen-ausserhalb-des-eigenen-territoriums-voelkerrechtswidrig\/#primaryimage"},"thumbnailUrl":"https:\/\/now-news.de\/de\/wp-content\/uploads\/sites\/3\/2023\/04\/Macron-Stationierung-von-Atomwaffen-ausserhalb-des-eigenen-Territoriums-voelkerrechtswidrig.jpg","keywords":["Atomwaffen","au\u00dferhalb","des","eigenen","macron","Stationierung","Territoriums","v\u00f6lkerrechtswidrig","von"],"articleSection":["Deutschland","Russland"],"inLanguage":"de","potentialAction":[{"@type":"CommentAction","name":"Comment","target":["https:\/\/now-news.de\/de\/deutschland\/macron-stationierung-von-atomwaffen-ausserhalb-des-eigenen-territoriums-voelkerrechtswidrig\/#respond"]}]},{"@type":"WebPage","@id":"https:\/\/now-news.de\/de\/deutschland\/macron-stationierung-von-atomwaffen-ausserhalb-des-eigenen-territoriums-voelkerrechtswidrig\/","url":"https:\/\/now-news.de\/de\/deutschland\/macron-stationierung-von-atomwaffen-ausserhalb-des-eigenen-territoriums-voelkerrechtswidrig\/","name":"Macron: Stationierung von Atomwaffen au\u00dferhalb des eigenen Territoriums v\u00f6lkerrechtswidrig - just-now.NEWS Deutschland","isPartOf":{"@id":"https:\/\/now-news.de\/de\/#website"},"primaryImageOfPage":{"@id":"https:\/\/now-news.de\/de\/deutschland\/macron-stationierung-von-atomwaffen-ausserhalb-des-eigenen-territoriums-voelkerrechtswidrig\/#primaryimage"},"image":{"@id":"https:\/\/now-news.de\/de\/deutschland\/macron-stationierung-von-atomwaffen-ausserhalb-des-eigenen-territoriums-voelkerrechtswidrig\/#primaryimage"},"thumbnailUrl":"https:\/\/now-news.de\/de\/wp-content\/uploads\/sites\/3\/2023\/04\/Macron-Stationierung-von-Atomwaffen-ausserhalb-des-eigenen-Territoriums-voelkerrechtswidrig.jpg","datePublished":"2023-04-07T15:51:09+00:00","dateModified":"2023-04-07T15:51:09+00:00","breadcrumb":{"@id":"https:\/\/now-news.de\/de\/deutschland\/macron-stationierung-von-atomwaffen-ausserhalb-des-eigenen-territoriums-voelkerrechtswidrig\/#breadcrumb"},"inLanguage":"de","potentialAction":[{"@type":"ReadAction","target":["https:\/\/now-news.de\/de\/deutschland\/macron-stationierung-von-atomwaffen-ausserhalb-des-eigenen-territoriums-voelkerrechtswidrig\/"]}]},{"@type":"ImageObject","inLanguage":"de","@id":"https:\/\/now-news.de\/de\/deutschland\/macron-stationierung-von-atomwaffen-ausserhalb-des-eigenen-territoriums-voelkerrechtswidrig\/#primaryimage","url":"https:\/\/now-news.de\/de\/wp-content\/uploads\/sites\/3\/2023\/04\/Macron-Stationierung-von-Atomwaffen-ausserhalb-des-eigenen-Territoriums-voelkerrechtswidrig.jpg","contentUrl":"https:\/\/now-news.de\/de\/wp-content\/uploads\/sites\/3\/2023\/04\/Macron-Stationierung-von-Atomwaffen-ausserhalb-des-eigenen-Territoriums-voelkerrechtswidrig.jpg","width":460,"height":259,"caption":"Macron: Stationierung von Atomwaffen au\u00dferhalb des eigenen Territoriums v\u00f6lkerrechtswidrig"},{"@type":"BreadcrumbList","@id":"https:\/\/now-news.de\/de\/deutschland\/macron-stationierung-von-atomwaffen-ausserhalb-des-eigenen-territoriums-voelkerrechtswidrig\/#breadcrumb","itemListElement":[{"@type":"ListItem","position":1,"name":"Home","item":"https:\/\/now-news.de\/de\/"},{"@type":"ListItem","position":2,"name":"Macron: Stationierung von Atomwaffen au\u00dferhalb des eigenen Territoriums v\u00f6lkerrechtswidrig"}]},{"@type":"WebSite","@id":"https:\/\/now-news.de\/de\/#website","url":"https:\/\/now-news.de\/de\/","name":"just-now.NEWS Deutschland","description":"Das Portal f\u00fcr unzensierte Nachrichten aus der Welt","publisher":{"@id":"https:\/\/now-news.de\/de\/#organization"},"potentialAction":[{"@type":"SearchAction","target":{"@type":"EntryPoint","urlTemplate":"https:\/\/now-news.de\/de\/?s={search_term_string}"},"query-input":"required name=search_term_string"}],"inLanguage":"de"},{"@type":"Organization","@id":"https:\/\/now-news.de\/de\/#organization","name":"Just Now News","url":"https:\/\/now-news.de\/de\/","logo":{"@type":"ImageObject","inLanguage":"de","@id":"https:\/\/now-news.de\/de\/#\/schema\/logo\/image\/","url":"http:\/\/just-now.news\/de\/wp-content\/uploads\/sites\/3\/2022\/04\/logo500x500.jpg","contentUrl":"http:\/\/just-now.news\/de\/wp-content\/uploads\/sites\/3\/2022\/04\/logo500x500.jpg","width":500,"height":500,"caption":"Just Now News"},"image":{"@id":"https:\/\/now-news.de\/de\/#\/schema\/logo\/image\/"},"sameAs":["https:\/\/www.facebook.com\/wirmachenauf","https:\/\/x.com\/WirMachenAuf_de"]},{"@type":"Person","@id":"https:\/\/now-news.de\/de\/#\/schema\/person\/fb534a4e865501d8b3285208df34a9b5","name":"rtnews","image":{"@type":"ImageObject","inLanguage":"de","@id":"https:\/\/now-news.de\/de\/#\/schema\/person\/image\/","url":"https:\/\/secure.gravatar.com\/avatar\/82aafea7d8127119dd649515f56e2117?s=96&d=mm&r=g","contentUrl":"https:\/\/secure.gravatar.com\/avatar\/82aafea7d8127119dd649515f56e2117?s=96&d=mm&r=g","caption":"rtnews"},"url":"https:\/\/now-news.de\/de\/author\/rnews\/"}]}},"_links":{"self":[{"href":"https:\/\/now-news.de\/de\/wp-json\/wp\/v2\/posts\/33746"}],"collection":[{"href":"https:\/\/now-news.de\/de\/wp-json\/wp\/v2\/posts"}],"about":[{"href":"https:\/\/now-news.de\/de\/wp-json\/wp\/v2\/types\/post"}],"author":[{"embeddable":true,"href":"https:\/\/now-news.de\/de\/wp-json\/wp\/v2\/users\/3"}],"replies":[{"embeddable":true,"href":"https:\/\/now-news.de\/de\/wp-json\/wp\/v2\/comments?post=33746"}],"version-history":[{"count":0,"href":"https:\/\/now-news.de\/de\/wp-json\/wp\/v2\/posts\/33746\/revisions"}],"wp:featuredmedia":[{"embeddable":true,"href":"https:\/\/now-news.de\/de\/wp-json\/wp\/v2\/media\/33747"}],"wp:attachment":[{"href":"https:\/\/now-news.de\/de\/wp-json\/wp\/v2\/media?parent=33746"}],"wp:term":[{"taxonomy":"category","embeddable":true,"href":"https:\/\/now-news.de\/de\/wp-json\/wp\/v2\/categories?post=33746"},{"taxonomy":"post_tag","embeddable":true,"href":"https:\/\/now-news.de\/de\/wp-json\/wp\/v2\/tags?post=33746"}],"curies":[{"name":"wp","href":"https:\/\/api.w.org\/{rel}","templated":true}]}}