{"id":33725,"date":"2023-04-07T12:56:52","date_gmt":"2023-04-07T10:56:52","guid":{"rendered":"https:\/\/just-now.news\/de\/deutschland\/ermittlungen-zu-nord-stream-staatlicher-akteur-steckt-hinter-dem-terroranschlag\/"},"modified":"2023-04-07T12:56:52","modified_gmt":"2023-04-07T10:56:52","slug":"ermittlungen-zu-nord-stream-staatlicher-akteur-steckt-hinter-dem-terroranschlag","status":"publish","type":"post","link":"https:\/\/now-news.de\/de\/deutschland\/ermittlungen-zu-nord-stream-staatlicher-akteur-steckt-hinter-dem-terroranschlag\/","title":{"rendered":"Ermittlungen zu Nord Stream: Staatlicher Akteur steckt hinter dem Terroranschlag"},"content":{"rendered":"<p><img decoding=\"async\" src=\"http:\/\/just-now.news\/de\/wp-content\/uploads\/sites\/3\/2023\/04\/642fecb348fbef22763c5646.jpg\" \/><\/p>\n<div class=\"Text-root Text-type_1 \">\n                Schwedische Ermittler konnten den Sprengstoff ermitteln, der beim Anschlag auf die Ostsee-Pipeline Nord Stream benutzt wurde. Dieser deutet auf einen staatlichen Akteur hin. Dies sei das Hauptszenario der noch laufenden Ermittlungen.\n            <\/div>\n<p><\/p>\n<div class=\"Text-root Text-type_5 ArticleView-text ViewText-root \">\n<p>Der schwedische Ermittler des Anschlags auf Nord Stream, Mats Ljungqvist, geht davon aus, dass es sich um einen staatlichen Akteur handelt, der f\u00fcr die Sprengung der Pipeline die Verantwortung tr\u00e4gt. Anlass daf\u00fcr ist, dass die Art des Sprengstoffs ermittelt werden konnte. Damit k\u00f6nnten eine ganze Reihe von m\u00f6glichen Akteuren ausgeschlossen werden, sagte Ljungqvist. Gleichzeitig d\u00e4mpfte er die Hoffnung, dass nun z\u00fcgig der T\u00e4ter ermittelt werden k\u00f6nnte.<\/p>\n<p>Ljungqvist sagte der Nachrichtenagentur <em>Reuters: &#8220;<\/em>Wir glauben, dass es schwierig ist, zu sagen, wer es ist&#8221;. Er f\u00fcgte hinzu:<\/p>\n<blockquote>\n<p><em>&#8220;Die T\u00e4ter waren sich sicherlich bewusst, dass sie Hinweise hinterlassen w\u00fcrden, und haben vermutlich darauf geachtet, dass diese Hinweise nicht in eine, sondern in mehrere Richtungen weisen. Das macht es schwierig, auf einen konkreten T\u00e4ter zu deuten.&#8221;<\/em><\/p>\n<\/blockquote>\n<p>Die Aussagen des schwedischen Ermittlers st\u00fctzen die These des Investigativ-Journalisten Seymour Hersh. Hersh bezieht sich auf eine ihm bekannte Quelle mit direktem Zugang zum Wei\u00dfen Haus. Hersh behauptet unter Bezugnahme auf diese Quelle, US-Pr\u00e4sident Joe Biden h\u00e4tte pers\u00f6nlich den Befehl zum Anschlag auf Nord Stream erteilt.\u00a0<\/p>\n<p>Dem stellten die <em>New York Times<\/em> und auch ein deutsches, sogenanntes &#8220;Investigativteam&#8221; eine Geschichte von proukrainischen Aktivisten gegen\u00fcber, die auf eigene Initiative handelten und mit einer mit Sprengstoff beladenen Segeljacht durch die Ostsee zu ihrem Zielort fuhren, um dort unerkannt den Terroranschlag auf die in achtzig Metern Tiefe verlaufenden Pipeline-Str\u00e4nge durchzuf\u00fchren.<\/p>\n<p>Diese alternative Geschichte US-amerikanischer und deutscher Medien wird von den schwedischen Ermittlungen zwar nicht vollst\u00e4ndig ausgeschlossen, sie sei allerdings h\u00f6chst unwahrscheinlich. &#8220;Es gibt bestimmte Unternehmen, die bestimmte Sonderauftr\u00e4ge haben, die das theoretisch durchf\u00fchren k\u00f6nnten&#8221;, sagte Ljungqvist. &#8220;Wir schlie\u00dfen nichts aus. Aber dass ein staatlicher Akteur direkt oder zumindest indirekt dahintersteckt, ist unter den gegebenen Umst\u00e4nden unser Hauptszenario.&#8221; Befragt in Bezug auf die unterschiedlichen Berichte, sagte der Ermittler:<\/p>\n<blockquote>\n<p><em>&#8220;Ich m\u00f6chte keinen bestimmten Bericht kommentieren, aber angesichts dessen, was wir wissen, k\u00f6nnen viele Theorien leicht ausgeschlossen werden.&#8221;<\/em><\/p>\n<\/blockquote>\n<p>Bereits im M\u00e4rz hatte Russland im UN-Sicherheitsrat eine unabh\u00e4ngige Untersuchung gefordert, war jedoch mit einer entsprechenden Resolution gescheitert. Lediglich China und Brasilien stimmten f\u00fcr die Resolution. Moskau wertet den fehlenden Willen zu einer unabh\u00e4ngigen Untersuchung als weiteres Indiz daf\u00fcr, dass der Anschlag von den USA ausgef\u00fchrt worden ist.\u00a0<\/p>\n<p>Im vergangenen Jahr waren drei der vier Str\u00e4nge der in der Ostsee verlaufenden Pipeline gesprengt und damit f\u00fcr den Transport von russischem Gas nach Deutschland unbrauchbar gemacht worden. Das Angebot Russlands, \u00fcber den verbleibenden, intakten Strang Gas nach Deutschland zu pumpen, lehnte Bundeskanzler Olaf Scholz mit dem Hinweis auf dessen fehlende Zertifizierung ab.\u00a0<\/p>\n<p><strong>Mehr zum Thema<\/strong>\u00a0\u2013\u00a0<a rel=\"nofollow noopener\" target=\"_blank\" href=\"https:\/\/fromrussiawithlove.rtde.live\/europa\/166921-wie-westen-beziehungen-zu-russland\/\">Wie der Westen die Beziehungen zu Russland zerst\u00f6rte \u2013 und sich von g\u00fcnstiger Energie abschnitt<\/a><\/p>\n<\/p>\n<\/div>\n<p><br \/>\n<br \/><a href=\"https:\/\/de.rt.com\/europa\/167206-ermittlungen-zu-nord-stream-staatlicher\/\">Source link <\/a><\/p>\n","protected":false},"excerpt":{"rendered":"<p>Schwedische Ermittler konnten den Sprengstoff ermitteln, der beim Anschlag auf die Ostsee-Pipeline Nord Stream benutzt wurde. Dieser deutet auf einen staatlichen Akteur hin. Dies sei das Hauptszenario der noch laufenden Ermittlungen. Der schwedische Ermittler des Anschlags auf Nord Stream, Mats Ljungqvist, geht davon aus, dass es sich um einen staatlichen Akteur handelt, der f\u00fcr die [&hellip;]<\/p>\n","protected":false},"author":3,"featured_media":33726,"comment_status":"open","ping_status":"open","sticky":false,"template":"","format":"standard","meta":{"_yoast_indexnow_last_ping":["1680865632"],"wp_automatic_camp":["217"],"13a3633166be64907674ecae4e32d969":["Ermittlungen zu Nord Stream: Staatlicher Akteur steckt hinter dem Terroranschlag"],"original_link":["https:\/\/de.rt.com\/europa\/167206-ermittlungen-zu-nord-stream-staatlicher\/"],"_thumbnail_id":["33726"],"_wptgpro_p2tg_sent2tg":["a:1:{i:23737;s:19:\"2023-04-07 13:08:13\";}"],"jnews_social_counter_last_update":["1777361022"]},"categories":[19,23],"tags":[42288,134,11020,4440,11408,42541,705,8951,9473],"yoast_head":"<!-- This site is optimized with the Yoast SEO Premium plugin v22.7 (Yoast SEO v22.7) - https:\/\/yoast.com\/wordpress\/plugins\/seo\/ -->\n<title>Ermittlungen zu Nord Stream: Staatlicher Akteur steckt hinter dem Terroranschlag - just-now.NEWS Deutschland<\/title>\n<meta name=\"robots\" content=\"index, follow, max-snippet:-1, max-image-preview:large, max-video-preview:-1\" \/>\n<link rel=\"canonical\" href=\"https:\/\/now-news.de\/de\/deutschland\/ermittlungen-zu-nord-stream-staatlicher-akteur-steckt-hinter-dem-terroranschlag\/\" \/>\n<meta property=\"og:locale\" content=\"de_DE\" \/>\n<meta property=\"og:type\" content=\"article\" \/>\n<meta property=\"og:title\" content=\"Ermittlungen zu Nord Stream: Staatlicher Akteur steckt hinter dem Terroranschlag\" \/>\n<meta property=\"og:description\" content=\"Schwedische Ermittler konnten den Sprengstoff ermitteln, der beim Anschlag auf die Ostsee-Pipeline Nord Stream benutzt wurde. Dieser deutet auf einen staatlichen Akteur hin. Dies sei das Hauptszenario der noch laufenden Ermittlungen. Der schwedische Ermittler des Anschlags auf Nord Stream, Mats Ljungqvist, geht davon aus, dass es sich um einen staatlichen Akteur handelt, der f\u00fcr die [&hellip;]\" \/>\n<meta property=\"og:url\" content=\"https:\/\/now-news.de\/de\/deutschland\/ermittlungen-zu-nord-stream-staatlicher-akteur-steckt-hinter-dem-terroranschlag\/\" \/>\n<meta property=\"og:site_name\" content=\"just-now.NEWS Deutschland\" \/>\n<meta property=\"article:publisher\" content=\"https:\/\/www.facebook.com\/wirmachenauf\" \/>\n<meta property=\"article:published_time\" content=\"2023-04-07T10:56:52+00:00\" \/>\n<meta property=\"og:image\" content=\"https:\/\/now-news.de\/de\/wp-content\/uploads\/sites\/3\/2023\/04\/Ermittlungen-zu-Nord-Stream-Staatlicher-Akteur-steckt-hinter-dem-Terroranschlag.jpg\" \/>\n\t<meta property=\"og:image:width\" content=\"460\" \/>\n\t<meta property=\"og:image:height\" content=\"259\" \/>\n\t<meta property=\"og:image:type\" content=\"image\/jpeg\" \/>\n<meta name=\"author\" content=\"rtnews\" \/>\n<meta name=\"twitter:card\" content=\"summary_large_image\" \/>\n<meta name=\"twitter:creator\" content=\"@WirMachenAuf_de\" \/>\n<meta name=\"twitter:site\" content=\"@WirMachenAuf_de\" \/>\n<meta name=\"twitter:label1\" content=\"Verfasst von\" \/>\n\t<meta name=\"twitter:data1\" content=\"rtnews\" \/>\n\t<meta name=\"twitter:label2\" content=\"Gesch\u00e4tzte Lesezeit\" \/>\n\t<meta name=\"twitter:data2\" content=\"2\u00a0Minuten\" \/>\n<script type=\"application\/ld+json\" class=\"yoast-schema-graph\">{\"@context\":\"https:\/\/schema.org\",\"@graph\":[{\"@type\":\"Article\",\"@id\":\"https:\/\/now-news.de\/de\/deutschland\/ermittlungen-zu-nord-stream-staatlicher-akteur-steckt-hinter-dem-terroranschlag\/#article\",\"isPartOf\":{\"@id\":\"https:\/\/now-news.de\/de\/deutschland\/ermittlungen-zu-nord-stream-staatlicher-akteur-steckt-hinter-dem-terroranschlag\/\"},\"author\":{\"name\":\"rtnews\",\"@id\":\"https:\/\/now-news.de\/de\/#\/schema\/person\/fb534a4e865501d8b3285208df34a9b5\"},\"headline\":\"Ermittlungen zu Nord Stream: Staatlicher Akteur steckt hinter dem Terroranschlag\",\"datePublished\":\"2023-04-07T10:56:52+00:00\",\"dateModified\":\"2023-04-07T10:56:52+00:00\",\"mainEntityOfPage\":{\"@id\":\"https:\/\/now-news.de\/de\/deutschland\/ermittlungen-zu-nord-stream-staatlicher-akteur-steckt-hinter-dem-terroranschlag\/\"},\"wordCount\":506,\"commentCount\":0,\"publisher\":{\"@id\":\"https:\/\/now-news.de\/de\/#organization\"},\"image\":{\"@id\":\"https:\/\/now-news.de\/de\/deutschland\/ermittlungen-zu-nord-stream-staatlicher-akteur-steckt-hinter-dem-terroranschlag\/#primaryimage\"},\"thumbnailUrl\":\"https:\/\/now-news.de\/de\/wp-content\/uploads\/sites\/3\/2023\/04\/Ermittlungen-zu-Nord-Stream-Staatlicher-Akteur-steckt-hinter-dem-Terroranschlag.jpg\",\"keywords\":[\"Akteur\",\"DEM\",\"Ermittlungen\",\"hinter\",\"Nord\",\"staatlicher\",\"steckt\",\"stream\",\"Terroranschlag\"],\"articleSection\":[\"Deutschland\",\"Russland\"],\"inLanguage\":\"de\",\"potentialAction\":[{\"@type\":\"CommentAction\",\"name\":\"Comment\",\"target\":[\"https:\/\/now-news.de\/de\/deutschland\/ermittlungen-zu-nord-stream-staatlicher-akteur-steckt-hinter-dem-terroranschlag\/#respond\"]}]},{\"@type\":\"WebPage\",\"@id\":\"https:\/\/now-news.de\/de\/deutschland\/ermittlungen-zu-nord-stream-staatlicher-akteur-steckt-hinter-dem-terroranschlag\/\",\"url\":\"https:\/\/now-news.de\/de\/deutschland\/ermittlungen-zu-nord-stream-staatlicher-akteur-steckt-hinter-dem-terroranschlag\/\",\"name\":\"Ermittlungen zu Nord Stream: Staatlicher Akteur steckt hinter dem Terroranschlag - just-now.NEWS Deutschland\",\"isPartOf\":{\"@id\":\"https:\/\/now-news.de\/de\/#website\"},\"primaryImageOfPage\":{\"@id\":\"https:\/\/now-news.de\/de\/deutschland\/ermittlungen-zu-nord-stream-staatlicher-akteur-steckt-hinter-dem-terroranschlag\/#primaryimage\"},\"image\":{\"@id\":\"https:\/\/now-news.de\/de\/deutschland\/ermittlungen-zu-nord-stream-staatlicher-akteur-steckt-hinter-dem-terroranschlag\/#primaryimage\"},\"thumbnailUrl\":\"https:\/\/now-news.de\/de\/wp-content\/uploads\/sites\/3\/2023\/04\/Ermittlungen-zu-Nord-Stream-Staatlicher-Akteur-steckt-hinter-dem-Terroranschlag.jpg\",\"datePublished\":\"2023-04-07T10:56:52+00:00\",\"dateModified\":\"2023-04-07T10:56:52+00:00\",\"breadcrumb\":{\"@id\":\"https:\/\/now-news.de\/de\/deutschland\/ermittlungen-zu-nord-stream-staatlicher-akteur-steckt-hinter-dem-terroranschlag\/#breadcrumb\"},\"inLanguage\":\"de\",\"potentialAction\":[{\"@type\":\"ReadAction\",\"target\":[\"https:\/\/now-news.de\/de\/deutschland\/ermittlungen-zu-nord-stream-staatlicher-akteur-steckt-hinter-dem-terroranschlag\/\"]}]},{\"@type\":\"ImageObject\",\"inLanguage\":\"de\",\"@id\":\"https:\/\/now-news.de\/de\/deutschland\/ermittlungen-zu-nord-stream-staatlicher-akteur-steckt-hinter-dem-terroranschlag\/#primaryimage\",\"url\":\"https:\/\/now-news.de\/de\/wp-content\/uploads\/sites\/3\/2023\/04\/Ermittlungen-zu-Nord-Stream-Staatlicher-Akteur-steckt-hinter-dem-Terroranschlag.jpg\",\"contentUrl\":\"https:\/\/now-news.de\/de\/wp-content\/uploads\/sites\/3\/2023\/04\/Ermittlungen-zu-Nord-Stream-Staatlicher-Akteur-steckt-hinter-dem-Terroranschlag.jpg\",\"width\":460,\"height\":259,\"caption\":\"Ermittlungen zu Nord Stream: Staatlicher Akteur steckt hinter dem Terroranschlag\"},{\"@type\":\"BreadcrumbList\",\"@id\":\"https:\/\/now-news.de\/de\/deutschland\/ermittlungen-zu-nord-stream-staatlicher-akteur-steckt-hinter-dem-terroranschlag\/#breadcrumb\",\"itemListElement\":[{\"@type\":\"ListItem\",\"position\":1,\"name\":\"Home\",\"item\":\"https:\/\/now-news.de\/de\/\"},{\"@type\":\"ListItem\",\"position\":2,\"name\":\"Ermittlungen zu Nord Stream: Staatlicher Akteur steckt hinter dem Terroranschlag\"}]},{\"@type\":\"WebSite\",\"@id\":\"https:\/\/now-news.de\/de\/#website\",\"url\":\"https:\/\/now-news.de\/de\/\",\"name\":\"just-now.NEWS Deutschland\",\"description\":\"Das Portal f\u00fcr unzensierte Nachrichten aus der Welt\",\"publisher\":{\"@id\":\"https:\/\/now-news.de\/de\/#organization\"},\"potentialAction\":[{\"@type\":\"SearchAction\",\"target\":{\"@type\":\"EntryPoint\",\"urlTemplate\":\"https:\/\/now-news.de\/de\/?s={search_term_string}\"},\"query-input\":\"required name=search_term_string\"}],\"inLanguage\":\"de\"},{\"@type\":\"Organization\",\"@id\":\"https:\/\/now-news.de\/de\/#organization\",\"name\":\"Just Now News\",\"url\":\"https:\/\/now-news.de\/de\/\",\"logo\":{\"@type\":\"ImageObject\",\"inLanguage\":\"de\",\"@id\":\"https:\/\/now-news.de\/de\/#\/schema\/logo\/image\/\",\"url\":\"http:\/\/just-now.news\/de\/wp-content\/uploads\/sites\/3\/2022\/04\/logo500x500.jpg\",\"contentUrl\":\"http:\/\/just-now.news\/de\/wp-content\/uploads\/sites\/3\/2022\/04\/logo500x500.jpg\",\"width\":500,\"height\":500,\"caption\":\"Just Now News\"},\"image\":{\"@id\":\"https:\/\/now-news.de\/de\/#\/schema\/logo\/image\/\"},\"sameAs\":[\"https:\/\/www.facebook.com\/wirmachenauf\",\"https:\/\/x.com\/WirMachenAuf_de\"]},{\"@type\":\"Person\",\"@id\":\"https:\/\/now-news.de\/de\/#\/schema\/person\/fb534a4e865501d8b3285208df34a9b5\",\"name\":\"rtnews\",\"image\":{\"@type\":\"ImageObject\",\"inLanguage\":\"de\",\"@id\":\"https:\/\/now-news.de\/de\/#\/schema\/person\/image\/\",\"url\":\"https:\/\/secure.gravatar.com\/avatar\/82aafea7d8127119dd649515f56e2117?s=96&d=mm&r=g\",\"contentUrl\":\"https:\/\/secure.gravatar.com\/avatar\/82aafea7d8127119dd649515f56e2117?s=96&d=mm&r=g\",\"caption\":\"rtnews\"},\"url\":\"https:\/\/now-news.de\/de\/author\/rnews\/\"}]}<\/script>\n<!-- \/ Yoast SEO Premium plugin. -->","yoast_head_json":{"title":"Ermittlungen zu Nord Stream: Staatlicher Akteur steckt hinter dem Terroranschlag - just-now.NEWS Deutschland","robots":{"index":"index","follow":"follow","max-snippet":"max-snippet:-1","max-image-preview":"max-image-preview:large","max-video-preview":"max-video-preview:-1"},"canonical":"https:\/\/now-news.de\/de\/deutschland\/ermittlungen-zu-nord-stream-staatlicher-akteur-steckt-hinter-dem-terroranschlag\/","og_locale":"de_DE","og_type":"article","og_title":"Ermittlungen zu Nord Stream: Staatlicher Akteur steckt hinter dem Terroranschlag","og_description":"Schwedische Ermittler konnten den Sprengstoff ermitteln, der beim Anschlag auf die Ostsee-Pipeline Nord Stream benutzt wurde. Dieser deutet auf einen staatlichen Akteur hin. Dies sei das Hauptszenario der noch laufenden Ermittlungen. Der schwedische Ermittler des Anschlags auf Nord Stream, Mats Ljungqvist, geht davon aus, dass es sich um einen staatlichen Akteur handelt, der f\u00fcr die [&hellip;]","og_url":"https:\/\/now-news.de\/de\/deutschland\/ermittlungen-zu-nord-stream-staatlicher-akteur-steckt-hinter-dem-terroranschlag\/","og_site_name":"just-now.NEWS Deutschland","article_publisher":"https:\/\/www.facebook.com\/wirmachenauf","article_published_time":"2023-04-07T10:56:52+00:00","og_image":[{"width":460,"height":259,"url":"https:\/\/now-news.de\/de\/wp-content\/uploads\/sites\/3\/2023\/04\/Ermittlungen-zu-Nord-Stream-Staatlicher-Akteur-steckt-hinter-dem-Terroranschlag.jpg","type":"image\/jpeg"}],"author":"rtnews","twitter_card":"summary_large_image","twitter_creator":"@WirMachenAuf_de","twitter_site":"@WirMachenAuf_de","twitter_misc":{"Verfasst von":"rtnews","Gesch\u00e4tzte Lesezeit":"2\u00a0Minuten"},"schema":{"@context":"https:\/\/schema.org","@graph":[{"@type":"Article","@id":"https:\/\/now-news.de\/de\/deutschland\/ermittlungen-zu-nord-stream-staatlicher-akteur-steckt-hinter-dem-terroranschlag\/#article","isPartOf":{"@id":"https:\/\/now-news.de\/de\/deutschland\/ermittlungen-zu-nord-stream-staatlicher-akteur-steckt-hinter-dem-terroranschlag\/"},"author":{"name":"rtnews","@id":"https:\/\/now-news.de\/de\/#\/schema\/person\/fb534a4e865501d8b3285208df34a9b5"},"headline":"Ermittlungen zu Nord Stream: Staatlicher Akteur steckt hinter dem Terroranschlag","datePublished":"2023-04-07T10:56:52+00:00","dateModified":"2023-04-07T10:56:52+00:00","mainEntityOfPage":{"@id":"https:\/\/now-news.de\/de\/deutschland\/ermittlungen-zu-nord-stream-staatlicher-akteur-steckt-hinter-dem-terroranschlag\/"},"wordCount":506,"commentCount":0,"publisher":{"@id":"https:\/\/now-news.de\/de\/#organization"},"image":{"@id":"https:\/\/now-news.de\/de\/deutschland\/ermittlungen-zu-nord-stream-staatlicher-akteur-steckt-hinter-dem-terroranschlag\/#primaryimage"},"thumbnailUrl":"https:\/\/now-news.de\/de\/wp-content\/uploads\/sites\/3\/2023\/04\/Ermittlungen-zu-Nord-Stream-Staatlicher-Akteur-steckt-hinter-dem-Terroranschlag.jpg","keywords":["Akteur","DEM","Ermittlungen","hinter","Nord","staatlicher","steckt","stream","Terroranschlag"],"articleSection":["Deutschland","Russland"],"inLanguage":"de","potentialAction":[{"@type":"CommentAction","name":"Comment","target":["https:\/\/now-news.de\/de\/deutschland\/ermittlungen-zu-nord-stream-staatlicher-akteur-steckt-hinter-dem-terroranschlag\/#respond"]}]},{"@type":"WebPage","@id":"https:\/\/now-news.de\/de\/deutschland\/ermittlungen-zu-nord-stream-staatlicher-akteur-steckt-hinter-dem-terroranschlag\/","url":"https:\/\/now-news.de\/de\/deutschland\/ermittlungen-zu-nord-stream-staatlicher-akteur-steckt-hinter-dem-terroranschlag\/","name":"Ermittlungen zu Nord Stream: Staatlicher Akteur steckt hinter dem Terroranschlag - just-now.NEWS Deutschland","isPartOf":{"@id":"https:\/\/now-news.de\/de\/#website"},"primaryImageOfPage":{"@id":"https:\/\/now-news.de\/de\/deutschland\/ermittlungen-zu-nord-stream-staatlicher-akteur-steckt-hinter-dem-terroranschlag\/#primaryimage"},"image":{"@id":"https:\/\/now-news.de\/de\/deutschland\/ermittlungen-zu-nord-stream-staatlicher-akteur-steckt-hinter-dem-terroranschlag\/#primaryimage"},"thumbnailUrl":"https:\/\/now-news.de\/de\/wp-content\/uploads\/sites\/3\/2023\/04\/Ermittlungen-zu-Nord-Stream-Staatlicher-Akteur-steckt-hinter-dem-Terroranschlag.jpg","datePublished":"2023-04-07T10:56:52+00:00","dateModified":"2023-04-07T10:56:52+00:00","breadcrumb":{"@id":"https:\/\/now-news.de\/de\/deutschland\/ermittlungen-zu-nord-stream-staatlicher-akteur-steckt-hinter-dem-terroranschlag\/#breadcrumb"},"inLanguage":"de","potentialAction":[{"@type":"ReadAction","target":["https:\/\/now-news.de\/de\/deutschland\/ermittlungen-zu-nord-stream-staatlicher-akteur-steckt-hinter-dem-terroranschlag\/"]}]},{"@type":"ImageObject","inLanguage":"de","@id":"https:\/\/now-news.de\/de\/deutschland\/ermittlungen-zu-nord-stream-staatlicher-akteur-steckt-hinter-dem-terroranschlag\/#primaryimage","url":"https:\/\/now-news.de\/de\/wp-content\/uploads\/sites\/3\/2023\/04\/Ermittlungen-zu-Nord-Stream-Staatlicher-Akteur-steckt-hinter-dem-Terroranschlag.jpg","contentUrl":"https:\/\/now-news.de\/de\/wp-content\/uploads\/sites\/3\/2023\/04\/Ermittlungen-zu-Nord-Stream-Staatlicher-Akteur-steckt-hinter-dem-Terroranschlag.jpg","width":460,"height":259,"caption":"Ermittlungen zu Nord Stream: Staatlicher Akteur steckt hinter dem Terroranschlag"},{"@type":"BreadcrumbList","@id":"https:\/\/now-news.de\/de\/deutschland\/ermittlungen-zu-nord-stream-staatlicher-akteur-steckt-hinter-dem-terroranschlag\/#breadcrumb","itemListElement":[{"@type":"ListItem","position":1,"name":"Home","item":"https:\/\/now-news.de\/de\/"},{"@type":"ListItem","position":2,"name":"Ermittlungen zu Nord Stream: Staatlicher Akteur steckt hinter dem Terroranschlag"}]},{"@type":"WebSite","@id":"https:\/\/now-news.de\/de\/#website","url":"https:\/\/now-news.de\/de\/","name":"just-now.NEWS Deutschland","description":"Das Portal f\u00fcr unzensierte Nachrichten aus der Welt","publisher":{"@id":"https:\/\/now-news.de\/de\/#organization"},"potentialAction":[{"@type":"SearchAction","target":{"@type":"EntryPoint","urlTemplate":"https:\/\/now-news.de\/de\/?s={search_term_string}"},"query-input":"required name=search_term_string"}],"inLanguage":"de"},{"@type":"Organization","@id":"https:\/\/now-news.de\/de\/#organization","name":"Just Now News","url":"https:\/\/now-news.de\/de\/","logo":{"@type":"ImageObject","inLanguage":"de","@id":"https:\/\/now-news.de\/de\/#\/schema\/logo\/image\/","url":"http:\/\/just-now.news\/de\/wp-content\/uploads\/sites\/3\/2022\/04\/logo500x500.jpg","contentUrl":"http:\/\/just-now.news\/de\/wp-content\/uploads\/sites\/3\/2022\/04\/logo500x500.jpg","width":500,"height":500,"caption":"Just Now News"},"image":{"@id":"https:\/\/now-news.de\/de\/#\/schema\/logo\/image\/"},"sameAs":["https:\/\/www.facebook.com\/wirmachenauf","https:\/\/x.com\/WirMachenAuf_de"]},{"@type":"Person","@id":"https:\/\/now-news.de\/de\/#\/schema\/person\/fb534a4e865501d8b3285208df34a9b5","name":"rtnews","image":{"@type":"ImageObject","inLanguage":"de","@id":"https:\/\/now-news.de\/de\/#\/schema\/person\/image\/","url":"https:\/\/secure.gravatar.com\/avatar\/82aafea7d8127119dd649515f56e2117?s=96&d=mm&r=g","contentUrl":"https:\/\/secure.gravatar.com\/avatar\/82aafea7d8127119dd649515f56e2117?s=96&d=mm&r=g","caption":"rtnews"},"url":"https:\/\/now-news.de\/de\/author\/rnews\/"}]}},"_links":{"self":[{"href":"https:\/\/now-news.de\/de\/wp-json\/wp\/v2\/posts\/33725"}],"collection":[{"href":"https:\/\/now-news.de\/de\/wp-json\/wp\/v2\/posts"}],"about":[{"href":"https:\/\/now-news.de\/de\/wp-json\/wp\/v2\/types\/post"}],"author":[{"embeddable":true,"href":"https:\/\/now-news.de\/de\/wp-json\/wp\/v2\/users\/3"}],"replies":[{"embeddable":true,"href":"https:\/\/now-news.de\/de\/wp-json\/wp\/v2\/comments?post=33725"}],"version-history":[{"count":0,"href":"https:\/\/now-news.de\/de\/wp-json\/wp\/v2\/posts\/33725\/revisions"}],"wp:featuredmedia":[{"embeddable":true,"href":"https:\/\/now-news.de\/de\/wp-json\/wp\/v2\/media\/33726"}],"wp:attachment":[{"href":"https:\/\/now-news.de\/de\/wp-json\/wp\/v2\/media?parent=33725"}],"wp:term":[{"taxonomy":"category","embeddable":true,"href":"https:\/\/now-news.de\/de\/wp-json\/wp\/v2\/categories?post=33725"},{"taxonomy":"post_tag","embeddable":true,"href":"https:\/\/now-news.de\/de\/wp-json\/wp\/v2\/tags?post=33725"}],"curies":[{"name":"wp","href":"https:\/\/api.w.org\/{rel}","templated":true}]}}