{"id":3365,"date":"2022-04-25T13:36:38","date_gmt":"2022-04-25T14:36:38","guid":{"rendered":"http:\/\/just-now.news\/de\/deutschland\/afd-fraktion-im-saechsischen-landtag-faellt-mit-antrag-zur-abschaffung-der-pflegeimpfpflicht-durch\/"},"modified":"2022-04-25T13:36:38","modified_gmt":"2022-04-25T14:36:38","slug":"afd-fraktion-im-saechsischen-landtag-faellt-mit-antrag-zur-abschaffung-der-pflegeimpfpflicht-durch","status":"publish","type":"post","link":"https:\/\/now-news.de\/de\/deutschland\/afd-fraktion-im-saechsischen-landtag-faellt-mit-antrag-zur-abschaffung-der-pflegeimpfpflicht-durch\/","title":{"rendered":"AfD-Fraktion im S\u00e4chsischen Landtag f\u00e4llt mit Antrag zur Abschaffung der Pflegeimpfpflicht durch"},"content":{"rendered":"<div class=\"Text-root Text-type_5 ArticleView-text ViewText-root \">\n<p>Die Landtagsfraktion der AfD in Sachsen hat am Montag <a target=\"_blank\" href=\"https:\/\/www.mdr.de\/nachrichten\/sachsen\/politik\/corona-afd-impfpflicht-sondersitzung-landtag-100.html\" rel=\"noopener\">laut<\/a> dem MDR eine Sondersitzung zur Abschaffung der Impfpflicht im Gesundheitswesen und der Pflege eingefordert.<\/p>\n<p><strong>&#8220;Impffreiheit f\u00fcr alle&#8221;<\/strong><\/p>\n<p>Die Partei wollte mit dem Antrag &#8220;Impffreiheit f\u00fcr alle! H\u00f6chste Priorit\u00e4t f\u00fcr die Gesundheit!&#8221; die Landesregierung unter Druck\u00a0setzen,\u00a0um sich so beim Bundesrat\u00a0f\u00fcr eine entsprechende \u00c4nderung des Infektionsschutzgesetzes einzusetzen.\u00a0Der AfD-Fraktionsvorsitzende J\u00f6rg Urban sagte zur Begr\u00fcndung, der eigene K\u00f6rper d\u00fcrfe niemals zur &#8220;Verf\u00fcgungsmasse von Politikern und Regierungen werden&#8221; und verwies in diesem Kontext auch auf den\u00a0eklatanten Personalmangel in der Pflege. Das werde aus seiner Sicht mit der\u00a0Impfpflicht noch schlimmer. Er meint:<\/p>\n<blockquote>\n<p><em>&#8220;Patienten werden jetzt noch schwerer einen Arzt finden. Sie werden noch l\u00e4ngere Wartezeiten f\u00fcr Operationen in Kauf nehmen m\u00fcssen.&#8221;<\/em><\/p>\n<\/blockquote>\n<div class=\"ReadMore-root Section-root Section-is1to3-xs_is1to1\" data-widgets=\"ReadMore\" data-has-alias>\n<div class=\"Section-container Section-isRow-isTop-isWrap\">\n<article class=\"Card-root Card-is1to1 \">\n<div class=\"Card-imageWrap\">\n<div class=\"Card-picture\">\n<picture class=\"Picture-root Picture-default\"><!--[if IE 9]><video style=\"display: none;\"><![endif]--><source media=\"(-webkit-min-device-pixel-ratio: 2) and (min-resolution: 120dpi)\" data-srcset=\" \nhttps:\/\/cdni.russiatoday.com\/deutsch\/images\/2022.04\/thumbnail\/62654db548fbef3eab7e4092.png 850w,\n                https:\/\/cdni.russiatoday.com\/deutsch\/images\/2022.04\/article\/62654db548fbef3eab7e4092.png 1960w,\n            \" srcset=\"data:image\/png;base64,iVBORw0KGgoAAAANSUhEUgAAABAAAAAJCAQAAACRI2S5AAAAEElEQVR42mNkIAAYRxWAAQAG9gAKqv6+AwAAAABJRU5ErkJggg==\"><source data-srcset=\" \nhttps:\/\/cdni.russiatoday.com\/deutsch\/images\/2022.04\/thumbnail\/62654db548fbef3eab7e4092.png 460w,\n              https:\/\/cdni.russiatoday.com\/deutsch\/images\/2022.04\/article\/62654db548fbef3eab7e4092.png 980w,\n            \" srcset=\"data:image\/png;base64,iVBORw0KGgoAAAANSUhEUgAAABAAAAAJCAQAAACRI2S5AAAAEElEQVR42mNkIAAYRxWAAQAG9gAKqv6+AwAAAABJRU5ErkJggg==\"><!--[if IE 9]><\/video><![endif]--><\/source><\/source><\/picture><!-- noscript pattern --><noscript><img decoding=\"async\" src=\"https:\/\/cdni.russiatoday.com\/deutsch\/images\/2022.04\/article\/62654db548fbef3eab7e4092.png\" alt=\"Berliner Staatsschutz-Organe ermitteln gegen Paul Brandenburg\"><\/noscript>    <\/div><\/div>\n<div class=\"Card-contentWrap\">\n<div class=\"Card-content\">\n<div class=\"Card-title\">\n<div class=\"HeaderNews-root HeaderNews-type_6 \">\n<p>            <a target=\"_blank\" href=\"https:\/\/de.rt.com\/inland\/136906-berliner-staatsschutz-ermittelt-gegen-paul\/\" class=\"Link-root Link-isFullCard \" rel=\"noopener\"><br \/>\n                Berliner Staatsschutz-Organe ermitteln gegen Paul Brandenburg<br \/>\n            <\/a><\/p><\/div><\/div><\/div><\/div>\n<\/article>\n<\/div><\/div>\n<p><strong>&#8220;\u00dcberfl\u00fcssige Inszenierung&#8221;? CDU, SPD, Gr\u00fcne und Linke lehnen Antrag ab<\/strong><\/p>\n<p>Die anderen Parteien warfen der AfD eine \u00fcberfl\u00fcssige Inszenierung vor und lehnten den Antrag geschlossen ab. Die AfD w\u00fcrde Stimmung gegen Corona-Impfungen anheizen. Die gesundheitspolitische Sprecherin der Gr\u00fcnen, Kathleen Kuhfu\u00df, sagte:<\/p>\n<blockquote>\n<p><em> &#8220;Die hoch beschworene K\u00fcndigungswelle ist ausgeblieben.&#8221;<\/em><\/p>\n<\/blockquote>\n<p>Andere Abgeordnete kritisierten die AfD f\u00fcr die Aussage, dass die Impfung kaum einen gesundheitlichen Nutzen bringe. Konkret meinte er sozialpolitische Sprecher der CDU, Alexander Dierks:<\/p>\n<blockquote>\n<p><em>&#8220;Bundesl\u00e4nder mit einer hohen Impfquote haben keine oder eine deutlich niedrigere \u00dcbersterblichkeit als der Freistaat Sachsen&#8221;<\/em><\/p>\n<\/blockquote>\n<p>Der Linken-Fraktionsvorsitzende Rico Gebhardt sagte, der AfD-Antrag sei nichts anderes als die &#8220;Unterst\u00fctzung von Impfgegnerschaft&#8221;.<\/p>\n<div class=\"ReadMore-root Section-root Section-is1to3-xs_is1to1\" data-widgets=\"ReadMore\" data-has-alias>\n<div class=\"Section-container Section-isRow-isTop-isWrap\">\n<article class=\"Card-root Card-is1to1 \">\n<div class=\"Card-imageWrap\">\n<div class=\"Card-picture\">\n<picture class=\"Picture-root Picture-default\"><!--[if IE 9]><video style=\"display: none;\"><![endif]--><source media=\"(-webkit-min-device-pixel-ratio: 2) and (min-resolution: 120dpi)\" data-srcset=\" \nhttps:\/\/cdni.russiatoday.com\/deutsch\/images\/2022.04\/thumbnail\/6260030ab480cc0c55531625.jpg 850w,\n                https:\/\/cdni.russiatoday.com\/deutsch\/images\/2022.04\/article\/62600309b480cc0c55531624.jpg 1960w,\n            \" srcset=\"data:image\/png;base64,iVBORw0KGgoAAAANSUhEUgAAABAAAAAJCAQAAACRI2S5AAAAEElEQVR42mNkIAAYRxWAAQAG9gAKqv6+AwAAAABJRU5ErkJggg==\"><source data-srcset=\" \nhttps:\/\/cdni.russiatoday.com\/deutsch\/images\/2022.04\/thumbnail\/6260030ab480cc0c55531625.jpg 460w,\n              https:\/\/cdni.russiatoday.com\/deutsch\/images\/2022.04\/article\/62600309b480cc0c55531624.jpg 980w,\n            \" srcset=\"data:image\/png;base64,iVBORw0KGgoAAAANSUhEUgAAABAAAAAJCAQAAACRI2S5AAAAEElEQVR42mNkIAAYRxWAAQAG9gAKqv6+AwAAAABJRU5ErkJggg==\"><!--[if IE 9]><\/video><![endif]--><img decoding=\"async\" data-sizes=\"auto\" src=\"data:image\/png;base64,iVBORw0KGgoAAAANSUhEUgAAABAAAAAJCAQAAACRI2S5AAAAEElEQVR42mNkIAAYRxWAAQAG9gAKqv6+AwAAAABJRU5ErkJggg==\" class=\"Picture-root Picture-default lazyload\" data-src=\"https:\/\/cdni.russiatoday.com\/deutsch\/images\/2022.04\/thumbnail\/6260030ab480cc0c55531625.jpg\" alt=\"Pflege-Impfpflicht: Karlsruhe wies zahlreiche Verfassungsbeschwerden von Betroffenen ab\"><\/source><\/source><\/picture><!-- noscript pattern --><noscript><img decoding=\"async\" src=\"https:\/\/cdni.russiatoday.com\/deutsch\/images\/2022.04\/article\/62600309b480cc0c55531624.jpg\" alt=\"Pflege-Impfpflicht: Karlsruhe wies zahlreiche Verfassungsbeschwerden von Betroffenen ab\"><\/noscript>    <\/div><\/div>\n<div class=\"Card-contentWrap\">\n<div class=\"Card-label\">\n                <span class=\"Label-root Label-analyse\"><br \/>\n                    Analyse<br \/>\n                <\/span>\n            <\/div>\n<div class=\"Card-content\">\n<div class=\"Card-title\">\n<div class=\"HeaderNews-root HeaderNews-type_6 \">\n<p>            <a target=\"_blank\" href=\"https:\/\/de.rt.com\/inland\/136590-pflege-impfpflicht-karlsruhe-wies-zahlreiche\/\" class=\"Link-root Link-isFullCard \" rel=\"noopener\"><br \/>\n                Pflege-Impfpflicht: Karlsruhe wies zahlreiche Verfassungsbeschwerden von Betroffenen ab<br \/>\n            <\/a><\/p><\/div><\/div><\/div><\/div>\n<\/article>\n<\/div><\/div>\n<p><strong>18.000 ungeimpfte Pfleger in Sachsen<\/strong><\/p>\n<p>Die Impfpflicht in der Pflege war bundesweit Mitte M\u00e4rz eingef\u00fchrt worden. Bis zum Ablauf der Meldefrist wurden in Sachsen, das sowieso unter einem akuten Mangel an Fachpersonal leidet, rund 18.000 F\u00e4lle ungeimpfter Mitarbeiter registriert. Ihre Weiterbesch\u00e4ftigung wird derzeit von den Beh\u00f6rden \u00fcberpr\u00fcft. Die Einrichtungen k\u00f6nnen jedoch bislang ihre Mitarbeiter weiterbesch\u00e4ftigen, wenn ohne sie die Gesundheitsversorgung infrage gestellt wird.\u00a0<\/p>\n<p>Gesundheitsministerin Petra K\u00f6pping (SPD) erinnerte am Montag im Kontext des AfD-Antrags an die\u00a015.159 zumeist deutlich \u00fcber 80 Jahre alten Menschen, die im vier Millionen Einwohner\u00a0z\u00e4hlenden Freistaat in zwei Jahren Corona-Situation mit oder an Covid gestorben sind. Zu Menschen, die an &#8220;Impfnebenwirkungen&#8221; leiden oder gar aufgrund der Impfung\u00a0verstorben sind, \u00e4u\u00dferte sie sich dagegen nicht.\u00a0<\/p>\n<p><strong>Mehr zum Thema<\/strong> &#8211; <a target=\"_blank\" href=\"https:\/\/rtde.site\/inland\/136846-konservative-annahmen-gesundheitsministerium-kauft-fur\/\" rel=\"noopener\">&#8220;Konservative Annahmen&#8221;: Gesundheitsministerium kauft f\u00fcr 2,6 Milliarden Euro noch mehr Impfstoff<\/a><\/p>\n<\/p>\n<\/div>\n<p><br \/>\n<br \/><a href=\"https:\/\/de.rt.com\/inland\/136967-afd-fraktion-im-sachsischen-landtag\/\">Source link <\/a><\/p>\n","protected":false},"excerpt":{"rendered":"<p>Die Landtagsfraktion der AfD in Sachsen hat am Montag laut dem MDR eine Sondersitzung zur Abschaffung der Impfpflicht im Gesundheitswesen und der Pflege eingefordert. &#8220;Impffreiheit f\u00fcr alle&#8221; Die Partei wollte mit dem Antrag &#8220;Impffreiheit f\u00fcr alle! H\u00f6chste Priorit\u00e4t f\u00fcr die Gesundheit!&#8221; die Landesregierung unter Druck\u00a0setzen,\u00a0um sich so beim Bundesrat\u00a0f\u00fcr eine entsprechende \u00c4nderung des Infektionsschutzgesetzes einzusetzen.\u00a0Der [&hellip;]<\/p>\n","protected":false},"author":3,"featured_media":3366,"comment_status":"open","ping_status":"open","sticky":false,"template":"","format":"standard","meta":{"wp_automatic_camp":["217"],"8fe1d97b8b4abdad04866419d272b9e6":["AfD-Fraktion im S\u00e4chsischen Landtag f\u00e4llt mit Antrag zur Abschaffung der Pflegeimpfpflicht durch"],"original_link":["https:\/\/de.rt.com\/inland\/136967-afd-fraktion-im-sachsischen-landtag\/"],"_thumbnail_id":["3366"],"wp_automatic_remove_first_image":["yes"],"jnews_social_counter_last_update":["1777169734"]},"categories":[19,23],"tags":[1377,2108,9878,82,1024,1939,9877,419,5514,9876,581],"yoast_head":"<!-- This site is optimized with the Yoast SEO Premium plugin v22.7 (Yoast SEO v22.7) - https:\/\/yoast.com\/wordpress\/plugins\/seo\/ -->\n<title>AfD-Fraktion im S\u00e4chsischen Landtag f\u00e4llt mit Antrag zur Abschaffung der Pflegeimpfpflicht durch - just-now.NEWS Deutschland<\/title>\n<meta name=\"robots\" content=\"index, follow, max-snippet:-1, max-image-preview:large, max-video-preview:-1\" \/>\n<link rel=\"canonical\" href=\"https:\/\/now-news.de\/de\/deutschland\/afd-fraktion-im-saechsischen-landtag-faellt-mit-antrag-zur-abschaffung-der-pflegeimpfpflicht-durch\/\" \/>\n<meta property=\"og:locale\" content=\"de_DE\" \/>\n<meta property=\"og:type\" content=\"article\" \/>\n<meta property=\"og:title\" content=\"AfD-Fraktion im S\u00e4chsischen Landtag f\u00e4llt mit Antrag zur Abschaffung der Pflegeimpfpflicht durch\" \/>\n<meta property=\"og:description\" content=\"Die Landtagsfraktion der AfD in Sachsen hat am Montag laut dem MDR eine Sondersitzung zur Abschaffung der Impfpflicht im Gesundheitswesen und der Pflege eingefordert. &#8220;Impffreiheit f\u00fcr alle&#8221; Die Partei wollte mit dem Antrag &#8220;Impffreiheit f\u00fcr alle! H\u00f6chste Priorit\u00e4t f\u00fcr die Gesundheit!&#8221; die Landesregierung unter Druck\u00a0setzen,\u00a0um sich so beim Bundesrat\u00a0f\u00fcr eine entsprechende \u00c4nderung des Infektionsschutzgesetzes einzusetzen.\u00a0Der [&hellip;]\" \/>\n<meta property=\"og:url\" content=\"https:\/\/now-news.de\/de\/deutschland\/afd-fraktion-im-saechsischen-landtag-faellt-mit-antrag-zur-abschaffung-der-pflegeimpfpflicht-durch\/\" \/>\n<meta property=\"og:site_name\" content=\"just-now.NEWS Deutschland\" \/>\n<meta property=\"article:publisher\" content=\"https:\/\/www.facebook.com\/wirmachenauf\" \/>\n<meta property=\"article:published_time\" content=\"2022-04-25T14:36:38+00:00\" \/>\n<meta property=\"og:image\" content=\"https:\/\/now-news.de\/de\/wp-content\/uploads\/sites\/3\/2022\/04\/AfD-Fraktion-im-Saechsischen-Landtag-faellt-mit-Antrag-zur-Abschaffung-der.jpg\" \/>\n\t<meta property=\"og:image:width\" content=\"1104\" \/>\n\t<meta property=\"og:image:height\" content=\"622\" \/>\n\t<meta property=\"og:image:type\" content=\"image\/jpeg\" \/>\n<meta name=\"author\" content=\"rtnews\" \/>\n<meta name=\"twitter:card\" content=\"summary_large_image\" \/>\n<meta name=\"twitter:creator\" content=\"@WirMachenAuf_de\" \/>\n<meta name=\"twitter:site\" content=\"@WirMachenAuf_de\" \/>\n<meta name=\"twitter:label1\" content=\"Verfasst von\" \/>\n\t<meta name=\"twitter:data1\" content=\"rtnews\" \/>\n\t<meta name=\"twitter:label2\" content=\"Gesch\u00e4tzte Lesezeit\" \/>\n\t<meta name=\"twitter:data2\" content=\"2\u00a0Minuten\" \/>\n<script type=\"application\/ld+json\" class=\"yoast-schema-graph\">{\"@context\":\"https:\/\/schema.org\",\"@graph\":[{\"@type\":\"Article\",\"@id\":\"https:\/\/now-news.de\/de\/deutschland\/afd-fraktion-im-saechsischen-landtag-faellt-mit-antrag-zur-abschaffung-der-pflegeimpfpflicht-durch\/#article\",\"isPartOf\":{\"@id\":\"https:\/\/now-news.de\/de\/deutschland\/afd-fraktion-im-saechsischen-landtag-faellt-mit-antrag-zur-abschaffung-der-pflegeimpfpflicht-durch\/\"},\"author\":{\"name\":\"rtnews\",\"@id\":\"https:\/\/now-news.de\/de\/#\/schema\/person\/fb534a4e865501d8b3285208df34a9b5\"},\"headline\":\"AfD-Fraktion im S\u00e4chsischen Landtag f\u00e4llt mit Antrag zur Abschaffung der Pflegeimpfpflicht durch\",\"datePublished\":\"2022-04-25T14:36:38+00:00\",\"dateModified\":\"2022-04-25T14:36:38+00:00\",\"mainEntityOfPage\":{\"@id\":\"https:\/\/now-news.de\/de\/deutschland\/afd-fraktion-im-saechsischen-landtag-faellt-mit-antrag-zur-abschaffung-der-pflegeimpfpflicht-durch\/\"},\"wordCount\":420,\"commentCount\":0,\"publisher\":{\"@id\":\"https:\/\/now-news.de\/de\/#organization\"},\"image\":{\"@id\":\"https:\/\/now-news.de\/de\/deutschland\/afd-fraktion-im-saechsischen-landtag-faellt-mit-antrag-zur-abschaffung-der-pflegeimpfpflicht-durch\/#primaryimage\"},\"thumbnailUrl\":\"https:\/\/now-news.de\/de\/wp-content\/uploads\/sites\/3\/2022\/04\/AfD-Fraktion-im-Saechsischen-Landtag-faellt-mit-Antrag-zur-Abschaffung-der.jpg\",\"keywords\":[\"Abschaffung\",\"AfDFraktion\",\"Antrag\",\"der\",\"durch\",\"f\u00e4llt\",\"Landtag\",\"mit\",\"PflegeImpfpflicht\",\"S\u00e4chsischen\",\"zur\"],\"articleSection\":[\"Deutschland\",\"Russland\"],\"inLanguage\":\"de\",\"potentialAction\":[{\"@type\":\"CommentAction\",\"name\":\"Comment\",\"target\":[\"https:\/\/now-news.de\/de\/deutschland\/afd-fraktion-im-saechsischen-landtag-faellt-mit-antrag-zur-abschaffung-der-pflegeimpfpflicht-durch\/#respond\"]}]},{\"@type\":\"WebPage\",\"@id\":\"https:\/\/now-news.de\/de\/deutschland\/afd-fraktion-im-saechsischen-landtag-faellt-mit-antrag-zur-abschaffung-der-pflegeimpfpflicht-durch\/\",\"url\":\"https:\/\/now-news.de\/de\/deutschland\/afd-fraktion-im-saechsischen-landtag-faellt-mit-antrag-zur-abschaffung-der-pflegeimpfpflicht-durch\/\",\"name\":\"AfD-Fraktion im S\u00e4chsischen Landtag f\u00e4llt mit Antrag zur Abschaffung der Pflegeimpfpflicht durch - just-now.NEWS Deutschland\",\"isPartOf\":{\"@id\":\"https:\/\/now-news.de\/de\/#website\"},\"primaryImageOfPage\":{\"@id\":\"https:\/\/now-news.de\/de\/deutschland\/afd-fraktion-im-saechsischen-landtag-faellt-mit-antrag-zur-abschaffung-der-pflegeimpfpflicht-durch\/#primaryimage\"},\"image\":{\"@id\":\"https:\/\/now-news.de\/de\/deutschland\/afd-fraktion-im-saechsischen-landtag-faellt-mit-antrag-zur-abschaffung-der-pflegeimpfpflicht-durch\/#primaryimage\"},\"thumbnailUrl\":\"https:\/\/now-news.de\/de\/wp-content\/uploads\/sites\/3\/2022\/04\/AfD-Fraktion-im-Saechsischen-Landtag-faellt-mit-Antrag-zur-Abschaffung-der.jpg\",\"datePublished\":\"2022-04-25T14:36:38+00:00\",\"dateModified\":\"2022-04-25T14:36:38+00:00\",\"breadcrumb\":{\"@id\":\"https:\/\/now-news.de\/de\/deutschland\/afd-fraktion-im-saechsischen-landtag-faellt-mit-antrag-zur-abschaffung-der-pflegeimpfpflicht-durch\/#breadcrumb\"},\"inLanguage\":\"de\",\"potentialAction\":[{\"@type\":\"ReadAction\",\"target\":[\"https:\/\/now-news.de\/de\/deutschland\/afd-fraktion-im-saechsischen-landtag-faellt-mit-antrag-zur-abschaffung-der-pflegeimpfpflicht-durch\/\"]}]},{\"@type\":\"ImageObject\",\"inLanguage\":\"de\",\"@id\":\"https:\/\/now-news.de\/de\/deutschland\/afd-fraktion-im-saechsischen-landtag-faellt-mit-antrag-zur-abschaffung-der-pflegeimpfpflicht-durch\/#primaryimage\",\"url\":\"https:\/\/now-news.de\/de\/wp-content\/uploads\/sites\/3\/2022\/04\/AfD-Fraktion-im-Saechsischen-Landtag-faellt-mit-Antrag-zur-Abschaffung-der.jpg\",\"contentUrl\":\"https:\/\/now-news.de\/de\/wp-content\/uploads\/sites\/3\/2022\/04\/AfD-Fraktion-im-Saechsischen-Landtag-faellt-mit-Antrag-zur-Abschaffung-der.jpg\",\"width\":1104,\"height\":622,\"caption\":\"AfD-Fraktion im S\u00e4chsischen Landtag f\u00e4llt mit Antrag zur Abschaffung der Pflegeimpfpflicht durch\"},{\"@type\":\"BreadcrumbList\",\"@id\":\"https:\/\/now-news.de\/de\/deutschland\/afd-fraktion-im-saechsischen-landtag-faellt-mit-antrag-zur-abschaffung-der-pflegeimpfpflicht-durch\/#breadcrumb\",\"itemListElement\":[{\"@type\":\"ListItem\",\"position\":1,\"name\":\"Home\",\"item\":\"https:\/\/now-news.de\/de\/\"},{\"@type\":\"ListItem\",\"position\":2,\"name\":\"AfD-Fraktion im S\u00e4chsischen Landtag f\u00e4llt mit Antrag zur Abschaffung der Pflegeimpfpflicht durch\"}]},{\"@type\":\"WebSite\",\"@id\":\"https:\/\/now-news.de\/de\/#website\",\"url\":\"https:\/\/now-news.de\/de\/\",\"name\":\"just-now.NEWS Deutschland\",\"description\":\"Das Portal f\u00fcr unzensierte Nachrichten aus der Welt\",\"publisher\":{\"@id\":\"https:\/\/now-news.de\/de\/#organization\"},\"potentialAction\":[{\"@type\":\"SearchAction\",\"target\":{\"@type\":\"EntryPoint\",\"urlTemplate\":\"https:\/\/now-news.de\/de\/?s={search_term_string}\"},\"query-input\":\"required name=search_term_string\"}],\"inLanguage\":\"de\"},{\"@type\":\"Organization\",\"@id\":\"https:\/\/now-news.de\/de\/#organization\",\"name\":\"Just Now News\",\"url\":\"https:\/\/now-news.de\/de\/\",\"logo\":{\"@type\":\"ImageObject\",\"inLanguage\":\"de\",\"@id\":\"https:\/\/now-news.de\/de\/#\/schema\/logo\/image\/\",\"url\":\"http:\/\/just-now.news\/de\/wp-content\/uploads\/sites\/3\/2022\/04\/logo500x500.jpg\",\"contentUrl\":\"http:\/\/just-now.news\/de\/wp-content\/uploads\/sites\/3\/2022\/04\/logo500x500.jpg\",\"width\":500,\"height\":500,\"caption\":\"Just Now News\"},\"image\":{\"@id\":\"https:\/\/now-news.de\/de\/#\/schema\/logo\/image\/\"},\"sameAs\":[\"https:\/\/www.facebook.com\/wirmachenauf\",\"https:\/\/x.com\/WirMachenAuf_de\"]},{\"@type\":\"Person\",\"@id\":\"https:\/\/now-news.de\/de\/#\/schema\/person\/fb534a4e865501d8b3285208df34a9b5\",\"name\":\"rtnews\",\"image\":{\"@type\":\"ImageObject\",\"inLanguage\":\"de\",\"@id\":\"https:\/\/now-news.de\/de\/#\/schema\/person\/image\/\",\"url\":\"https:\/\/secure.gravatar.com\/avatar\/82aafea7d8127119dd649515f56e2117?s=96&d=mm&r=g\",\"contentUrl\":\"https:\/\/secure.gravatar.com\/avatar\/82aafea7d8127119dd649515f56e2117?s=96&d=mm&r=g\",\"caption\":\"rtnews\"},\"url\":\"https:\/\/now-news.de\/de\/author\/rnews\/\"}]}<\/script>\n<!-- \/ Yoast SEO Premium plugin. -->","yoast_head_json":{"title":"AfD-Fraktion im S\u00e4chsischen Landtag f\u00e4llt mit Antrag zur Abschaffung der Pflegeimpfpflicht durch - just-now.NEWS Deutschland","robots":{"index":"index","follow":"follow","max-snippet":"max-snippet:-1","max-image-preview":"max-image-preview:large","max-video-preview":"max-video-preview:-1"},"canonical":"https:\/\/now-news.de\/de\/deutschland\/afd-fraktion-im-saechsischen-landtag-faellt-mit-antrag-zur-abschaffung-der-pflegeimpfpflicht-durch\/","og_locale":"de_DE","og_type":"article","og_title":"AfD-Fraktion im S\u00e4chsischen Landtag f\u00e4llt mit Antrag zur Abschaffung der Pflegeimpfpflicht durch","og_description":"Die Landtagsfraktion der AfD in Sachsen hat am Montag laut dem MDR eine Sondersitzung zur Abschaffung der Impfpflicht im Gesundheitswesen und der Pflege eingefordert. &#8220;Impffreiheit f\u00fcr alle&#8221; Die Partei wollte mit dem Antrag &#8220;Impffreiheit f\u00fcr alle! H\u00f6chste Priorit\u00e4t f\u00fcr die Gesundheit!&#8221; die Landesregierung unter Druck\u00a0setzen,\u00a0um sich so beim Bundesrat\u00a0f\u00fcr eine entsprechende \u00c4nderung des Infektionsschutzgesetzes einzusetzen.\u00a0Der [&hellip;]","og_url":"https:\/\/now-news.de\/de\/deutschland\/afd-fraktion-im-saechsischen-landtag-faellt-mit-antrag-zur-abschaffung-der-pflegeimpfpflicht-durch\/","og_site_name":"just-now.NEWS Deutschland","article_publisher":"https:\/\/www.facebook.com\/wirmachenauf","article_published_time":"2022-04-25T14:36:38+00:00","og_image":[{"width":1104,"height":622,"url":"https:\/\/now-news.de\/de\/wp-content\/uploads\/sites\/3\/2022\/04\/AfD-Fraktion-im-Saechsischen-Landtag-faellt-mit-Antrag-zur-Abschaffung-der.jpg","type":"image\/jpeg"}],"author":"rtnews","twitter_card":"summary_large_image","twitter_creator":"@WirMachenAuf_de","twitter_site":"@WirMachenAuf_de","twitter_misc":{"Verfasst von":"rtnews","Gesch\u00e4tzte Lesezeit":"2\u00a0Minuten"},"schema":{"@context":"https:\/\/schema.org","@graph":[{"@type":"Article","@id":"https:\/\/now-news.de\/de\/deutschland\/afd-fraktion-im-saechsischen-landtag-faellt-mit-antrag-zur-abschaffung-der-pflegeimpfpflicht-durch\/#article","isPartOf":{"@id":"https:\/\/now-news.de\/de\/deutschland\/afd-fraktion-im-saechsischen-landtag-faellt-mit-antrag-zur-abschaffung-der-pflegeimpfpflicht-durch\/"},"author":{"name":"rtnews","@id":"https:\/\/now-news.de\/de\/#\/schema\/person\/fb534a4e865501d8b3285208df34a9b5"},"headline":"AfD-Fraktion im S\u00e4chsischen Landtag f\u00e4llt mit Antrag zur Abschaffung der Pflegeimpfpflicht durch","datePublished":"2022-04-25T14:36:38+00:00","dateModified":"2022-04-25T14:36:38+00:00","mainEntityOfPage":{"@id":"https:\/\/now-news.de\/de\/deutschland\/afd-fraktion-im-saechsischen-landtag-faellt-mit-antrag-zur-abschaffung-der-pflegeimpfpflicht-durch\/"},"wordCount":420,"commentCount":0,"publisher":{"@id":"https:\/\/now-news.de\/de\/#organization"},"image":{"@id":"https:\/\/now-news.de\/de\/deutschland\/afd-fraktion-im-saechsischen-landtag-faellt-mit-antrag-zur-abschaffung-der-pflegeimpfpflicht-durch\/#primaryimage"},"thumbnailUrl":"https:\/\/now-news.de\/de\/wp-content\/uploads\/sites\/3\/2022\/04\/AfD-Fraktion-im-Saechsischen-Landtag-faellt-mit-Antrag-zur-Abschaffung-der.jpg","keywords":["Abschaffung","AfDFraktion","Antrag","der","durch","f\u00e4llt","Landtag","mit","PflegeImpfpflicht","S\u00e4chsischen","zur"],"articleSection":["Deutschland","Russland"],"inLanguage":"de","potentialAction":[{"@type":"CommentAction","name":"Comment","target":["https:\/\/now-news.de\/de\/deutschland\/afd-fraktion-im-saechsischen-landtag-faellt-mit-antrag-zur-abschaffung-der-pflegeimpfpflicht-durch\/#respond"]}]},{"@type":"WebPage","@id":"https:\/\/now-news.de\/de\/deutschland\/afd-fraktion-im-saechsischen-landtag-faellt-mit-antrag-zur-abschaffung-der-pflegeimpfpflicht-durch\/","url":"https:\/\/now-news.de\/de\/deutschland\/afd-fraktion-im-saechsischen-landtag-faellt-mit-antrag-zur-abschaffung-der-pflegeimpfpflicht-durch\/","name":"AfD-Fraktion im S\u00e4chsischen Landtag f\u00e4llt mit Antrag zur Abschaffung der Pflegeimpfpflicht durch - just-now.NEWS Deutschland","isPartOf":{"@id":"https:\/\/now-news.de\/de\/#website"},"primaryImageOfPage":{"@id":"https:\/\/now-news.de\/de\/deutschland\/afd-fraktion-im-saechsischen-landtag-faellt-mit-antrag-zur-abschaffung-der-pflegeimpfpflicht-durch\/#primaryimage"},"image":{"@id":"https:\/\/now-news.de\/de\/deutschland\/afd-fraktion-im-saechsischen-landtag-faellt-mit-antrag-zur-abschaffung-der-pflegeimpfpflicht-durch\/#primaryimage"},"thumbnailUrl":"https:\/\/now-news.de\/de\/wp-content\/uploads\/sites\/3\/2022\/04\/AfD-Fraktion-im-Saechsischen-Landtag-faellt-mit-Antrag-zur-Abschaffung-der.jpg","datePublished":"2022-04-25T14:36:38+00:00","dateModified":"2022-04-25T14:36:38+00:00","breadcrumb":{"@id":"https:\/\/now-news.de\/de\/deutschland\/afd-fraktion-im-saechsischen-landtag-faellt-mit-antrag-zur-abschaffung-der-pflegeimpfpflicht-durch\/#breadcrumb"},"inLanguage":"de","potentialAction":[{"@type":"ReadAction","target":["https:\/\/now-news.de\/de\/deutschland\/afd-fraktion-im-saechsischen-landtag-faellt-mit-antrag-zur-abschaffung-der-pflegeimpfpflicht-durch\/"]}]},{"@type":"ImageObject","inLanguage":"de","@id":"https:\/\/now-news.de\/de\/deutschland\/afd-fraktion-im-saechsischen-landtag-faellt-mit-antrag-zur-abschaffung-der-pflegeimpfpflicht-durch\/#primaryimage","url":"https:\/\/now-news.de\/de\/wp-content\/uploads\/sites\/3\/2022\/04\/AfD-Fraktion-im-Saechsischen-Landtag-faellt-mit-Antrag-zur-Abschaffung-der.jpg","contentUrl":"https:\/\/now-news.de\/de\/wp-content\/uploads\/sites\/3\/2022\/04\/AfD-Fraktion-im-Saechsischen-Landtag-faellt-mit-Antrag-zur-Abschaffung-der.jpg","width":1104,"height":622,"caption":"AfD-Fraktion im S\u00e4chsischen Landtag f\u00e4llt mit Antrag zur Abschaffung der Pflegeimpfpflicht durch"},{"@type":"BreadcrumbList","@id":"https:\/\/now-news.de\/de\/deutschland\/afd-fraktion-im-saechsischen-landtag-faellt-mit-antrag-zur-abschaffung-der-pflegeimpfpflicht-durch\/#breadcrumb","itemListElement":[{"@type":"ListItem","position":1,"name":"Home","item":"https:\/\/now-news.de\/de\/"},{"@type":"ListItem","position":2,"name":"AfD-Fraktion im S\u00e4chsischen Landtag f\u00e4llt mit Antrag zur Abschaffung der Pflegeimpfpflicht durch"}]},{"@type":"WebSite","@id":"https:\/\/now-news.de\/de\/#website","url":"https:\/\/now-news.de\/de\/","name":"just-now.NEWS Deutschland","description":"Das Portal f\u00fcr unzensierte Nachrichten aus der Welt","publisher":{"@id":"https:\/\/now-news.de\/de\/#organization"},"potentialAction":[{"@type":"SearchAction","target":{"@type":"EntryPoint","urlTemplate":"https:\/\/now-news.de\/de\/?s={search_term_string}"},"query-input":"required name=search_term_string"}],"inLanguage":"de"},{"@type":"Organization","@id":"https:\/\/now-news.de\/de\/#organization","name":"Just Now News","url":"https:\/\/now-news.de\/de\/","logo":{"@type":"ImageObject","inLanguage":"de","@id":"https:\/\/now-news.de\/de\/#\/schema\/logo\/image\/","url":"http:\/\/just-now.news\/de\/wp-content\/uploads\/sites\/3\/2022\/04\/logo500x500.jpg","contentUrl":"http:\/\/just-now.news\/de\/wp-content\/uploads\/sites\/3\/2022\/04\/logo500x500.jpg","width":500,"height":500,"caption":"Just Now News"},"image":{"@id":"https:\/\/now-news.de\/de\/#\/schema\/logo\/image\/"},"sameAs":["https:\/\/www.facebook.com\/wirmachenauf","https:\/\/x.com\/WirMachenAuf_de"]},{"@type":"Person","@id":"https:\/\/now-news.de\/de\/#\/schema\/person\/fb534a4e865501d8b3285208df34a9b5","name":"rtnews","image":{"@type":"ImageObject","inLanguage":"de","@id":"https:\/\/now-news.de\/de\/#\/schema\/person\/image\/","url":"https:\/\/secure.gravatar.com\/avatar\/82aafea7d8127119dd649515f56e2117?s=96&d=mm&r=g","contentUrl":"https:\/\/secure.gravatar.com\/avatar\/82aafea7d8127119dd649515f56e2117?s=96&d=mm&r=g","caption":"rtnews"},"url":"https:\/\/now-news.de\/de\/author\/rnews\/"}]}},"_links":{"self":[{"href":"https:\/\/now-news.de\/de\/wp-json\/wp\/v2\/posts\/3365"}],"collection":[{"href":"https:\/\/now-news.de\/de\/wp-json\/wp\/v2\/posts"}],"about":[{"href":"https:\/\/now-news.de\/de\/wp-json\/wp\/v2\/types\/post"}],"author":[{"embeddable":true,"href":"https:\/\/now-news.de\/de\/wp-json\/wp\/v2\/users\/3"}],"replies":[{"embeddable":true,"href":"https:\/\/now-news.de\/de\/wp-json\/wp\/v2\/comments?post=3365"}],"version-history":[{"count":0,"href":"https:\/\/now-news.de\/de\/wp-json\/wp\/v2\/posts\/3365\/revisions"}],"wp:featuredmedia":[{"embeddable":true,"href":"https:\/\/now-news.de\/de\/wp-json\/wp\/v2\/media\/3366"}],"wp:attachment":[{"href":"https:\/\/now-news.de\/de\/wp-json\/wp\/v2\/media?parent=3365"}],"wp:term":[{"taxonomy":"category","embeddable":true,"href":"https:\/\/now-news.de\/de\/wp-json\/wp\/v2\/categories?post=3365"},{"taxonomy":"post_tag","embeddable":true,"href":"https:\/\/now-news.de\/de\/wp-json\/wp\/v2\/tags?post=3365"}],"curies":[{"name":"wp","href":"https:\/\/api.w.org\/{rel}","templated":true}]}}