{"id":336,"date":"2022-04-17T07:29:50","date_gmt":"2022-04-17T08:29:50","guid":{"rendered":"http:\/\/just-now.news\/de\/deutschland\/bosnischer-serbenfuehrer-russland-ist-ursache-der-stillen-westlichen-sanktionen-gegen-uns\/"},"modified":"2022-04-17T07:29:50","modified_gmt":"2022-04-17T08:29:50","slug":"bosnischer-serbenfuehrer-russland-ist-ursache-der-stillen-westlichen-sanktionen-gegen-uns","status":"publish","type":"post","link":"https:\/\/now-news.de\/de\/deutschland\/bosnischer-serbenfuehrer-russland-ist-ursache-der-stillen-westlichen-sanktionen-gegen-uns\/","title":{"rendered":"Bosnischer Serbenf\u00fchrer: Russland ist Ursache der stillen westlichen Sanktionen gegen uns"},"content":{"rendered":"<p><\/p>\n<p>Der bosnisch-serbische Politiker Milorad Dodik hat nach einem Treffen mit Serbiens Pr\u00e4sidenten Aleksandar Vu\u010di\u0107 erkl\u00e4rt, der Westen sei bereit, den Status der Republika Srpska und Serbiens mit &#8220;stillen Sanktionen&#8221; zu untergraben. Damit wolle er versuchen, deren politische Haltung dahingehend zu beeinflussen, sich den westlichen Sanktionen gegen Russland anzuschlie\u00dfen. Dies berichtet die bosnisch-serbische Nachrichtenagentur <em>SRNA<\/em>. Dodik, der Mitglied im Staatspr\u00e4sidium Bosnien-Herzegowinas ist, bekr\u00e4ftigte, dass die Republika Srpska, eine Entit\u00e4t Bosnien-Herzegowinas, nicht bereit sei, sich irgendwelchen Sanktionen gegen Moskau anzuschlie\u00dfen.<\/p>\n<p>Dodik erkl\u00e4rte, man m\u00fcsse die gegenw\u00e4rtige Zeit begreifen, n\u00e4mlich vor allem die Tatsache, dass die westliche Welt gegen\u00fcber anderen Staaten darauf bestehe, dass diese ihre Politik gegen\u00fcber Russland mittragen, ohne R\u00fccksicht darauf, welche Politik die Republika Srpska und Serbien eigentlich beabsichtigen.<\/p>\n<p>Nach dem Treffen mit dem serbischen Pr\u00e4sidenten erkl\u00e4rte er Journalisten:<\/p>\n<blockquote>\n<p><em>&#8220;Deshalb sind sie (die westlichen Staaten) bereit, die politischen Positionen sowohl Serbiens als auch der Republika Srpska durch stille Sanktionen und stille Untergrabung des Status nicht nur der Republika Srpska, sondern auch Serbiens zu beeinflussen.&#8221;<\/em><\/p>\n<\/blockquote>\n<p>Dodik lehnt es strikt ab, dass sich die Republika Srpska irgendwelchen EU-Sanktionen gegen Russland anschlie\u00dft.<\/p>\n<p>Die Republika Srpska versuche, rational und realistisch zu handeln. Im Ukraine-Krieg k\u00f6nne die Republika Srpska keine Partei ergreifen. Es handle sich hierbei um einen Krieg zwischen dem globalistischen Westen und Russland, wobei die Ukraine der &#8220;Kollateralschaden&#8221; dieses Krieges sei. Der Gro\u00dfteil der nicht-westlichen Welt stehe hinter Russland.<\/p>\n<p>Dodik bekr\u00e4ftigte im Namen der bosnischen Serben:<\/p>\n<blockquote>\n<p><em>&#8220;Unser Volk hat br\u00fcderliche Beziehungen sowohl zu den Russen als auch zu den Ukrainern. Wir haben eine gro\u00dfe ukrainische Gemeinschaft in der Republika Srpska und arbeiten sehr gut mit ihr zusammen. Wir k\u00f6nnen f\u00fcr keine Seite Partei ergreifen und werden neutral bleiben.&#8221;<\/em><\/p>\n<\/blockquote>\n<p>Der von der Republika Srpska verfolgte Au\u00dfenpolitikansatz erm\u00f6gliche es Bosnien-Herzegowina, sich der Einstufung durch Russland als &#8220;unfreundliches Land&#8221; zu entziehen. Zudem k\u00f6nnten die B\u00fcrger und Unternehmer des Landes Erdgas aus Russland zu verg\u00fcnstigten Preisen beziehen.<\/p>\n<p><strong>Mehr zum Thema<\/strong> \u2013\u00a0<a href=\"https:\/\/de.rt.com\/meinung\/136128-westliche-hegemonie-und-machtpolitik-sind\/\" target=\"_blank\" rel=\"noopener noreferrer\">Chinesischer Botschafter: NATO wurde zum &#8220;Auftragskiller Nummer 1&#8221; im Dienste Washingtons<\/a><\/p>\n<p><br \/>\n<br \/><a href=\"https:\/\/de.rt.com\/europa\/136335-bosnischer-serbenfuehrer-russland-ist-ursache-der-stillen-westlichen-sanktionen\/\">Source link <\/a><\/p>\n","protected":false},"excerpt":{"rendered":"<p>Der bosnisch-serbische Politiker Milorad Dodik hat nach einem Treffen mit Serbiens Pr\u00e4sidenten Aleksandar Vu\u010di\u0107 erkl\u00e4rt, der Westen sei bereit, den Status der Republika Srpska und Serbiens mit &#8220;stillen Sanktionen&#8221; zu untergraben. Damit wolle er versuchen, deren politische Haltung dahingehend zu beeinflussen, sich den westlichen Sanktionen gegen Russland anzuschlie\u00dfen. Dies berichtet die bosnisch-serbische Nachrichtenagentur SRNA. Dodik, [&hellip;]<\/p>\n","protected":false},"author":3,"featured_media":337,"comment_status":"open","ping_status":"open","sticky":false,"template":"","format":"standard","meta":{"wp_automatic_camp":["217"],"1b42c8fc39caacb1557899e51ba3cfc8":["Bosnischer Serbenf\u00fchrer: Russland ist Ursache der stillen westlichen Sanktionen gegen uns"],"original_link":["https:\/\/de.rt.com\/europa\/136335-bosnischer-serbenfuehrer-russland-ist-ursache-der-stillen-westlichen-sanktionen\/"],"_thumbnail_id":["337"],"wp_automatic_remove_first_image":["yes"],"jnews_social_counter_last_update":["1777185510"]},"categories":[19,23],"tags":[708,82,278,414,126,713,709,711,311,710,712],"yoast_head":"<!-- This site is optimized with the Yoast SEO Premium plugin v22.7 (Yoast SEO v22.7) - https:\/\/yoast.com\/wordpress\/plugins\/seo\/ -->\n<title>Bosnischer Serbenf\u00fchrer: Russland ist Ursache der stillen westlichen Sanktionen gegen uns - just-now.NEWS Deutschland<\/title>\n<meta name=\"robots\" content=\"index, follow, max-snippet:-1, max-image-preview:large, max-video-preview:-1\" \/>\n<link rel=\"canonical\" href=\"https:\/\/now-news.de\/de\/deutschland\/bosnischer-serbenfuehrer-russland-ist-ursache-der-stillen-westlichen-sanktionen-gegen-uns\/\" \/>\n<meta property=\"og:locale\" content=\"de_DE\" \/>\n<meta property=\"og:type\" content=\"article\" \/>\n<meta property=\"og:title\" content=\"Bosnischer Serbenf\u00fchrer: Russland ist Ursache der stillen westlichen Sanktionen gegen uns\" \/>\n<meta property=\"og:description\" content=\"Der bosnisch-serbische Politiker Milorad Dodik hat nach einem Treffen mit Serbiens Pr\u00e4sidenten Aleksandar Vu\u010di\u0107 erkl\u00e4rt, der Westen sei bereit, den Status der Republika Srpska und Serbiens mit &#8220;stillen Sanktionen&#8221; zu untergraben. Damit wolle er versuchen, deren politische Haltung dahingehend zu beeinflussen, sich den westlichen Sanktionen gegen Russland anzuschlie\u00dfen. Dies berichtet die bosnisch-serbische Nachrichtenagentur SRNA. Dodik, [&hellip;]\" \/>\n<meta property=\"og:url\" content=\"https:\/\/now-news.de\/de\/deutschland\/bosnischer-serbenfuehrer-russland-ist-ursache-der-stillen-westlichen-sanktionen-gegen-uns\/\" \/>\n<meta property=\"og:site_name\" content=\"just-now.NEWS Deutschland\" \/>\n<meta property=\"article:publisher\" content=\"https:\/\/www.facebook.com\/wirmachenauf\" \/>\n<meta property=\"article:published_time\" content=\"2022-04-17T08:29:50+00:00\" \/>\n<meta property=\"og:image\" content=\"https:\/\/now-news.de\/de\/wp-content\/uploads\/sites\/3\/2022\/04\/Bosnischer-Serbenfuehrer-Russland-ist-Ursache-der-stillen-westlichen-Sanktionen-gegen.jpeg\" \/>\n\t<meta property=\"og:image:width\" content=\"460\" \/>\n\t<meta property=\"og:image:height\" content=\"259\" \/>\n\t<meta property=\"og:image:type\" content=\"image\/jpeg\" \/>\n<meta name=\"author\" content=\"rtnews\" \/>\n<meta name=\"twitter:card\" content=\"summary_large_image\" \/>\n<meta name=\"twitter:creator\" content=\"@WirMachenAuf_de\" \/>\n<meta name=\"twitter:site\" content=\"@WirMachenAuf_de\" \/>\n<meta name=\"twitter:label1\" content=\"Verfasst von\" \/>\n\t<meta name=\"twitter:data1\" content=\"rtnews\" \/>\n\t<meta name=\"twitter:label2\" content=\"Gesch\u00e4tzte Lesezeit\" \/>\n\t<meta name=\"twitter:data2\" content=\"2\u00a0Minuten\" \/>\n<script type=\"application\/ld+json\" class=\"yoast-schema-graph\">{\"@context\":\"https:\/\/schema.org\",\"@graph\":[{\"@type\":\"Article\",\"@id\":\"https:\/\/now-news.de\/de\/deutschland\/bosnischer-serbenfuehrer-russland-ist-ursache-der-stillen-westlichen-sanktionen-gegen-uns\/#article\",\"isPartOf\":{\"@id\":\"https:\/\/now-news.de\/de\/deutschland\/bosnischer-serbenfuehrer-russland-ist-ursache-der-stillen-westlichen-sanktionen-gegen-uns\/\"},\"author\":{\"name\":\"rtnews\",\"@id\":\"https:\/\/now-news.de\/de\/#\/schema\/person\/fb534a4e865501d8b3285208df34a9b5\"},\"headline\":\"Bosnischer Serbenf\u00fchrer: Russland ist Ursache der stillen westlichen Sanktionen gegen uns\",\"datePublished\":\"2022-04-17T08:29:50+00:00\",\"dateModified\":\"2022-04-17T08:29:50+00:00\",\"mainEntityOfPage\":{\"@id\":\"https:\/\/now-news.de\/de\/deutschland\/bosnischer-serbenfuehrer-russland-ist-ursache-der-stillen-westlichen-sanktionen-gegen-uns\/\"},\"wordCount\":368,\"commentCount\":0,\"publisher\":{\"@id\":\"https:\/\/now-news.de\/de\/#organization\"},\"image\":{\"@id\":\"https:\/\/now-news.de\/de\/deutschland\/bosnischer-serbenfuehrer-russland-ist-ursache-der-stillen-westlichen-sanktionen-gegen-uns\/#primaryimage\"},\"thumbnailUrl\":\"https:\/\/now-news.de\/de\/wp-content\/uploads\/sites\/3\/2022\/04\/Bosnischer-Serbenfuehrer-Russland-ist-Ursache-der-stillen-westlichen-Sanktionen-gegen.jpeg\",\"keywords\":[\"Bosnischer\",\"der\",\"gegen\",\"ist\",\"russland\",\"Sanktionen\",\"Serbenf\u00fchrer\",\"stillen\",\"uns\",\"Ursache\",\"westlichen\"],\"articleSection\":[\"Deutschland\",\"Russland\"],\"inLanguage\":\"de\",\"potentialAction\":[{\"@type\":\"CommentAction\",\"name\":\"Comment\",\"target\":[\"https:\/\/now-news.de\/de\/deutschland\/bosnischer-serbenfuehrer-russland-ist-ursache-der-stillen-westlichen-sanktionen-gegen-uns\/#respond\"]}]},{\"@type\":\"WebPage\",\"@id\":\"https:\/\/now-news.de\/de\/deutschland\/bosnischer-serbenfuehrer-russland-ist-ursache-der-stillen-westlichen-sanktionen-gegen-uns\/\",\"url\":\"https:\/\/now-news.de\/de\/deutschland\/bosnischer-serbenfuehrer-russland-ist-ursache-der-stillen-westlichen-sanktionen-gegen-uns\/\",\"name\":\"Bosnischer Serbenf\u00fchrer: Russland ist Ursache der stillen westlichen Sanktionen gegen uns - just-now.NEWS Deutschland\",\"isPartOf\":{\"@id\":\"https:\/\/now-news.de\/de\/#website\"},\"primaryImageOfPage\":{\"@id\":\"https:\/\/now-news.de\/de\/deutschland\/bosnischer-serbenfuehrer-russland-ist-ursache-der-stillen-westlichen-sanktionen-gegen-uns\/#primaryimage\"},\"image\":{\"@id\":\"https:\/\/now-news.de\/de\/deutschland\/bosnischer-serbenfuehrer-russland-ist-ursache-der-stillen-westlichen-sanktionen-gegen-uns\/#primaryimage\"},\"thumbnailUrl\":\"https:\/\/now-news.de\/de\/wp-content\/uploads\/sites\/3\/2022\/04\/Bosnischer-Serbenfuehrer-Russland-ist-Ursache-der-stillen-westlichen-Sanktionen-gegen.jpeg\",\"datePublished\":\"2022-04-17T08:29:50+00:00\",\"dateModified\":\"2022-04-17T08:29:50+00:00\",\"breadcrumb\":{\"@id\":\"https:\/\/now-news.de\/de\/deutschland\/bosnischer-serbenfuehrer-russland-ist-ursache-der-stillen-westlichen-sanktionen-gegen-uns\/#breadcrumb\"},\"inLanguage\":\"de\",\"potentialAction\":[{\"@type\":\"ReadAction\",\"target\":[\"https:\/\/now-news.de\/de\/deutschland\/bosnischer-serbenfuehrer-russland-ist-ursache-der-stillen-westlichen-sanktionen-gegen-uns\/\"]}]},{\"@type\":\"ImageObject\",\"inLanguage\":\"de\",\"@id\":\"https:\/\/now-news.de\/de\/deutschland\/bosnischer-serbenfuehrer-russland-ist-ursache-der-stillen-westlichen-sanktionen-gegen-uns\/#primaryimage\",\"url\":\"https:\/\/now-news.de\/de\/wp-content\/uploads\/sites\/3\/2022\/04\/Bosnischer-Serbenfuehrer-Russland-ist-Ursache-der-stillen-westlichen-Sanktionen-gegen.jpeg\",\"contentUrl\":\"https:\/\/now-news.de\/de\/wp-content\/uploads\/sites\/3\/2022\/04\/Bosnischer-Serbenfuehrer-Russland-ist-Ursache-der-stillen-westlichen-Sanktionen-gegen.jpeg\",\"width\":460,\"height\":259},{\"@type\":\"BreadcrumbList\",\"@id\":\"https:\/\/now-news.de\/de\/deutschland\/bosnischer-serbenfuehrer-russland-ist-ursache-der-stillen-westlichen-sanktionen-gegen-uns\/#breadcrumb\",\"itemListElement\":[{\"@type\":\"ListItem\",\"position\":1,\"name\":\"Home\",\"item\":\"https:\/\/now-news.de\/de\/\"},{\"@type\":\"ListItem\",\"position\":2,\"name\":\"Bosnischer Serbenf\u00fchrer: Russland ist Ursache der stillen westlichen Sanktionen gegen uns\"}]},{\"@type\":\"WebSite\",\"@id\":\"https:\/\/now-news.de\/de\/#website\",\"url\":\"https:\/\/now-news.de\/de\/\",\"name\":\"just-now.NEWS Deutschland\",\"description\":\"Das Portal f\u00fcr unzensierte Nachrichten aus der Welt\",\"publisher\":{\"@id\":\"https:\/\/now-news.de\/de\/#organization\"},\"potentialAction\":[{\"@type\":\"SearchAction\",\"target\":{\"@type\":\"EntryPoint\",\"urlTemplate\":\"https:\/\/now-news.de\/de\/?s={search_term_string}\"},\"query-input\":\"required name=search_term_string\"}],\"inLanguage\":\"de\"},{\"@type\":\"Organization\",\"@id\":\"https:\/\/now-news.de\/de\/#organization\",\"name\":\"Just Now News\",\"url\":\"https:\/\/now-news.de\/de\/\",\"logo\":{\"@type\":\"ImageObject\",\"inLanguage\":\"de\",\"@id\":\"https:\/\/now-news.de\/de\/#\/schema\/logo\/image\/\",\"url\":\"http:\/\/just-now.news\/de\/wp-content\/uploads\/sites\/3\/2022\/04\/logo500x500.jpg\",\"contentUrl\":\"http:\/\/just-now.news\/de\/wp-content\/uploads\/sites\/3\/2022\/04\/logo500x500.jpg\",\"width\":500,\"height\":500,\"caption\":\"Just Now News\"},\"image\":{\"@id\":\"https:\/\/now-news.de\/de\/#\/schema\/logo\/image\/\"},\"sameAs\":[\"https:\/\/www.facebook.com\/wirmachenauf\",\"https:\/\/x.com\/WirMachenAuf_de\"]},{\"@type\":\"Person\",\"@id\":\"https:\/\/now-news.de\/de\/#\/schema\/person\/fb534a4e865501d8b3285208df34a9b5\",\"name\":\"rtnews\",\"image\":{\"@type\":\"ImageObject\",\"inLanguage\":\"de\",\"@id\":\"https:\/\/now-news.de\/de\/#\/schema\/person\/image\/\",\"url\":\"https:\/\/secure.gravatar.com\/avatar\/82aafea7d8127119dd649515f56e2117?s=96&d=mm&r=g\",\"contentUrl\":\"https:\/\/secure.gravatar.com\/avatar\/82aafea7d8127119dd649515f56e2117?s=96&d=mm&r=g\",\"caption\":\"rtnews\"},\"url\":\"https:\/\/now-news.de\/de\/author\/rnews\/\"}]}<\/script>\n<!-- \/ Yoast SEO Premium plugin. -->","yoast_head_json":{"title":"Bosnischer Serbenf\u00fchrer: Russland ist Ursache der stillen westlichen Sanktionen gegen uns - just-now.NEWS Deutschland","robots":{"index":"index","follow":"follow","max-snippet":"max-snippet:-1","max-image-preview":"max-image-preview:large","max-video-preview":"max-video-preview:-1"},"canonical":"https:\/\/now-news.de\/de\/deutschland\/bosnischer-serbenfuehrer-russland-ist-ursache-der-stillen-westlichen-sanktionen-gegen-uns\/","og_locale":"de_DE","og_type":"article","og_title":"Bosnischer Serbenf\u00fchrer: Russland ist Ursache der stillen westlichen Sanktionen gegen uns","og_description":"Der bosnisch-serbische Politiker Milorad Dodik hat nach einem Treffen mit Serbiens Pr\u00e4sidenten Aleksandar Vu\u010di\u0107 erkl\u00e4rt, der Westen sei bereit, den Status der Republika Srpska und Serbiens mit &#8220;stillen Sanktionen&#8221; zu untergraben. Damit wolle er versuchen, deren politische Haltung dahingehend zu beeinflussen, sich den westlichen Sanktionen gegen Russland anzuschlie\u00dfen. Dies berichtet die bosnisch-serbische Nachrichtenagentur SRNA. Dodik, [&hellip;]","og_url":"https:\/\/now-news.de\/de\/deutschland\/bosnischer-serbenfuehrer-russland-ist-ursache-der-stillen-westlichen-sanktionen-gegen-uns\/","og_site_name":"just-now.NEWS Deutschland","article_publisher":"https:\/\/www.facebook.com\/wirmachenauf","article_published_time":"2022-04-17T08:29:50+00:00","og_image":[{"width":460,"height":259,"url":"https:\/\/now-news.de\/de\/wp-content\/uploads\/sites\/3\/2022\/04\/Bosnischer-Serbenfuehrer-Russland-ist-Ursache-der-stillen-westlichen-Sanktionen-gegen.jpeg","type":"image\/jpeg"}],"author":"rtnews","twitter_card":"summary_large_image","twitter_creator":"@WirMachenAuf_de","twitter_site":"@WirMachenAuf_de","twitter_misc":{"Verfasst von":"rtnews","Gesch\u00e4tzte Lesezeit":"2\u00a0Minuten"},"schema":{"@context":"https:\/\/schema.org","@graph":[{"@type":"Article","@id":"https:\/\/now-news.de\/de\/deutschland\/bosnischer-serbenfuehrer-russland-ist-ursache-der-stillen-westlichen-sanktionen-gegen-uns\/#article","isPartOf":{"@id":"https:\/\/now-news.de\/de\/deutschland\/bosnischer-serbenfuehrer-russland-ist-ursache-der-stillen-westlichen-sanktionen-gegen-uns\/"},"author":{"name":"rtnews","@id":"https:\/\/now-news.de\/de\/#\/schema\/person\/fb534a4e865501d8b3285208df34a9b5"},"headline":"Bosnischer Serbenf\u00fchrer: Russland ist Ursache der stillen westlichen Sanktionen gegen uns","datePublished":"2022-04-17T08:29:50+00:00","dateModified":"2022-04-17T08:29:50+00:00","mainEntityOfPage":{"@id":"https:\/\/now-news.de\/de\/deutschland\/bosnischer-serbenfuehrer-russland-ist-ursache-der-stillen-westlichen-sanktionen-gegen-uns\/"},"wordCount":368,"commentCount":0,"publisher":{"@id":"https:\/\/now-news.de\/de\/#organization"},"image":{"@id":"https:\/\/now-news.de\/de\/deutschland\/bosnischer-serbenfuehrer-russland-ist-ursache-der-stillen-westlichen-sanktionen-gegen-uns\/#primaryimage"},"thumbnailUrl":"https:\/\/now-news.de\/de\/wp-content\/uploads\/sites\/3\/2022\/04\/Bosnischer-Serbenfuehrer-Russland-ist-Ursache-der-stillen-westlichen-Sanktionen-gegen.jpeg","keywords":["Bosnischer","der","gegen","ist","russland","Sanktionen","Serbenf\u00fchrer","stillen","uns","Ursache","westlichen"],"articleSection":["Deutschland","Russland"],"inLanguage":"de","potentialAction":[{"@type":"CommentAction","name":"Comment","target":["https:\/\/now-news.de\/de\/deutschland\/bosnischer-serbenfuehrer-russland-ist-ursache-der-stillen-westlichen-sanktionen-gegen-uns\/#respond"]}]},{"@type":"WebPage","@id":"https:\/\/now-news.de\/de\/deutschland\/bosnischer-serbenfuehrer-russland-ist-ursache-der-stillen-westlichen-sanktionen-gegen-uns\/","url":"https:\/\/now-news.de\/de\/deutschland\/bosnischer-serbenfuehrer-russland-ist-ursache-der-stillen-westlichen-sanktionen-gegen-uns\/","name":"Bosnischer Serbenf\u00fchrer: Russland ist Ursache der stillen westlichen Sanktionen gegen uns - just-now.NEWS Deutschland","isPartOf":{"@id":"https:\/\/now-news.de\/de\/#website"},"primaryImageOfPage":{"@id":"https:\/\/now-news.de\/de\/deutschland\/bosnischer-serbenfuehrer-russland-ist-ursache-der-stillen-westlichen-sanktionen-gegen-uns\/#primaryimage"},"image":{"@id":"https:\/\/now-news.de\/de\/deutschland\/bosnischer-serbenfuehrer-russland-ist-ursache-der-stillen-westlichen-sanktionen-gegen-uns\/#primaryimage"},"thumbnailUrl":"https:\/\/now-news.de\/de\/wp-content\/uploads\/sites\/3\/2022\/04\/Bosnischer-Serbenfuehrer-Russland-ist-Ursache-der-stillen-westlichen-Sanktionen-gegen.jpeg","datePublished":"2022-04-17T08:29:50+00:00","dateModified":"2022-04-17T08:29:50+00:00","breadcrumb":{"@id":"https:\/\/now-news.de\/de\/deutschland\/bosnischer-serbenfuehrer-russland-ist-ursache-der-stillen-westlichen-sanktionen-gegen-uns\/#breadcrumb"},"inLanguage":"de","potentialAction":[{"@type":"ReadAction","target":["https:\/\/now-news.de\/de\/deutschland\/bosnischer-serbenfuehrer-russland-ist-ursache-der-stillen-westlichen-sanktionen-gegen-uns\/"]}]},{"@type":"ImageObject","inLanguage":"de","@id":"https:\/\/now-news.de\/de\/deutschland\/bosnischer-serbenfuehrer-russland-ist-ursache-der-stillen-westlichen-sanktionen-gegen-uns\/#primaryimage","url":"https:\/\/now-news.de\/de\/wp-content\/uploads\/sites\/3\/2022\/04\/Bosnischer-Serbenfuehrer-Russland-ist-Ursache-der-stillen-westlichen-Sanktionen-gegen.jpeg","contentUrl":"https:\/\/now-news.de\/de\/wp-content\/uploads\/sites\/3\/2022\/04\/Bosnischer-Serbenfuehrer-Russland-ist-Ursache-der-stillen-westlichen-Sanktionen-gegen.jpeg","width":460,"height":259},{"@type":"BreadcrumbList","@id":"https:\/\/now-news.de\/de\/deutschland\/bosnischer-serbenfuehrer-russland-ist-ursache-der-stillen-westlichen-sanktionen-gegen-uns\/#breadcrumb","itemListElement":[{"@type":"ListItem","position":1,"name":"Home","item":"https:\/\/now-news.de\/de\/"},{"@type":"ListItem","position":2,"name":"Bosnischer Serbenf\u00fchrer: Russland ist Ursache der stillen westlichen Sanktionen gegen uns"}]},{"@type":"WebSite","@id":"https:\/\/now-news.de\/de\/#website","url":"https:\/\/now-news.de\/de\/","name":"just-now.NEWS Deutschland","description":"Das Portal f\u00fcr unzensierte Nachrichten aus der Welt","publisher":{"@id":"https:\/\/now-news.de\/de\/#organization"},"potentialAction":[{"@type":"SearchAction","target":{"@type":"EntryPoint","urlTemplate":"https:\/\/now-news.de\/de\/?s={search_term_string}"},"query-input":"required name=search_term_string"}],"inLanguage":"de"},{"@type":"Organization","@id":"https:\/\/now-news.de\/de\/#organization","name":"Just Now News","url":"https:\/\/now-news.de\/de\/","logo":{"@type":"ImageObject","inLanguage":"de","@id":"https:\/\/now-news.de\/de\/#\/schema\/logo\/image\/","url":"http:\/\/just-now.news\/de\/wp-content\/uploads\/sites\/3\/2022\/04\/logo500x500.jpg","contentUrl":"http:\/\/just-now.news\/de\/wp-content\/uploads\/sites\/3\/2022\/04\/logo500x500.jpg","width":500,"height":500,"caption":"Just Now News"},"image":{"@id":"https:\/\/now-news.de\/de\/#\/schema\/logo\/image\/"},"sameAs":["https:\/\/www.facebook.com\/wirmachenauf","https:\/\/x.com\/WirMachenAuf_de"]},{"@type":"Person","@id":"https:\/\/now-news.de\/de\/#\/schema\/person\/fb534a4e865501d8b3285208df34a9b5","name":"rtnews","image":{"@type":"ImageObject","inLanguage":"de","@id":"https:\/\/now-news.de\/de\/#\/schema\/person\/image\/","url":"https:\/\/secure.gravatar.com\/avatar\/82aafea7d8127119dd649515f56e2117?s=96&d=mm&r=g","contentUrl":"https:\/\/secure.gravatar.com\/avatar\/82aafea7d8127119dd649515f56e2117?s=96&d=mm&r=g","caption":"rtnews"},"url":"https:\/\/now-news.de\/de\/author\/rnews\/"}]}},"_links":{"self":[{"href":"https:\/\/now-news.de\/de\/wp-json\/wp\/v2\/posts\/336"}],"collection":[{"href":"https:\/\/now-news.de\/de\/wp-json\/wp\/v2\/posts"}],"about":[{"href":"https:\/\/now-news.de\/de\/wp-json\/wp\/v2\/types\/post"}],"author":[{"embeddable":true,"href":"https:\/\/now-news.de\/de\/wp-json\/wp\/v2\/users\/3"}],"replies":[{"embeddable":true,"href":"https:\/\/now-news.de\/de\/wp-json\/wp\/v2\/comments?post=336"}],"version-history":[{"count":0,"href":"https:\/\/now-news.de\/de\/wp-json\/wp\/v2\/posts\/336\/revisions"}],"wp:featuredmedia":[{"embeddable":true,"href":"https:\/\/now-news.de\/de\/wp-json\/wp\/v2\/media\/337"}],"wp:attachment":[{"href":"https:\/\/now-news.de\/de\/wp-json\/wp\/v2\/media?parent=336"}],"wp:term":[{"taxonomy":"category","embeddable":true,"href":"https:\/\/now-news.de\/de\/wp-json\/wp\/v2\/categories?post=336"},{"taxonomy":"post_tag","embeddable":true,"href":"https:\/\/now-news.de\/de\/wp-json\/wp\/v2\/tags?post=336"}],"curies":[{"name":"wp","href":"https:\/\/api.w.org\/{rel}","templated":true}]}}