{"id":33528,"date":"2023-04-04T16:56:29","date_gmt":"2023-04-04T14:56:29","guid":{"rendered":"https:\/\/just-now.news\/de\/deutschland\/hauptsache-noch-mehr-nebel-die-nord-stream-saga-des-mainstreams-geht-weiter\/"},"modified":"2023-04-04T16:56:29","modified_gmt":"2023-04-04T14:56:29","slug":"hauptsache-noch-mehr-nebel-die-nord-stream-saga-des-mainstreams-geht-weiter","status":"publish","type":"post","link":"https:\/\/now-news.de\/de\/deutschland\/hauptsache-noch-mehr-nebel-die-nord-stream-saga-des-mainstreams-geht-weiter\/","title":{"rendered":"Hauptsache noch mehr Nebel: Die Nord-Stream-Saga des Mainstreams geht weiter"},"content":{"rendered":"<p><img decoding=\"async\" src=\"http:\/\/just-now.news\/de\/wp-content\/uploads\/sites\/3\/2023\/04\/642c28e3b480cc2b9a0f6c9d.jpg\" \/><\/p>\n<div class=\"Text-root Text-type_1 \">\n                Wirkliche Enth\u00fcllungen darf man von westlichen Medien nicht erwarten, auch nicht von der Washington Post. Aber etwas wird immer sichtbar. In diesem Fall sind es innere Widerspr\u00fcche im westlichen B\u00fcndnis, das um jeden Preis gehalten werden soll.\n            <\/div>\n<p><\/p>\n<div class=\"Text-root Text-type_5 ArticleView-text ViewText-root \">\n<p><em>Von Dagmar Henn<\/em><\/p>\n<p>Gut, dass das westliche Publikum so gut dressiert ist und unterschiedlichste Varianten f\u00fcr ein und denselben Vorfall folgsam schluckt. Das erm\u00f6glichte nicht nur, bei der vermeintlichen Vergiftung des Herrn Nawalny vom Tee auf Mineralwasserflasche auf Unterhose zu wechseln; es ist auch \u00e4u\u00dferst hilfreich bei der Erhaltung des Nebels um den Anschlag auf Nord Stream 2.<\/p>\n<p>Zu Beginn bestand er schlicht aus weitgehender Verweigerung der Berichterstattung, dann aus lang anhaltenden Erkl\u00e4rungen, man k\u00f6nne nichts wissen, und monatelanger Verz\u00f6gerung jeder Untersuchung; als dann die Recherchen von Seymour Hersh trotz gro\u00dfer Bem\u00fchungen, sie zu ignorieren, die Ruhe st\u00f6rten, wurde schnell das Andromeda-M\u00e4rchen ausgekocht, nach dem sechs Unbekannte in einer Jacht &#8230;<\/p>\n<p>Wenn jetzt die <em>Washington Post<\/em> (<em>WaPo<\/em>) die Variante <a rel=\"nofollow noopener\" target=\"_blank\" href=\"https:\/\/www.washingtonpost.com\/national-security\/2023\/04\/03\/nord-stream-bombing-yacht-andromeda\/\">lanciert<\/a>, da k\u00f6nnten Ukrainer oder Polen dahinterstecken, ist das Ablenkungsman\u00f6ver leicht durchschaubar; aber solange die \u00fcberwiegende Mehrheit der Medien wie der Politiker im Westen sich zu dem Thema ausschweigt oder bei der Erstellung neuer Nebelw\u00e4nde kooperiert, ist kaum zu erwarten, dass gr\u00f6\u00dfere Teile der \u00d6ffentlichkeit Aufkl\u00e4rung einfordern. Das haben die vergangenen Monate zur Gen\u00fcge bewiesen.<\/p>\n<p>Interessanter ist die Frage, warum die <em>WaPo<\/em> diese Version vorzieht. In den letzten Monaten gab es immer wieder Indizien f\u00fcr massive interne Auseinandersetzungen im Washingtoner Apparat, und gelegentliche Aussagen deuten darauf hin, dass zumindest Teile des Pentagons gerne die Ukraine-Nummer beenden w\u00fcrden, wenn auch nur, um daraufhin einen Konflikt mit China vom Zaun zu brechen. Die polnische Regierung hat sich zwar als h\u00f6chst verl\u00e4sslicher Partner gegen Russland erwiesen, aber zuletzt auch eine Neigung gezeigt, eigenen Machtambitionen zu folgen, insbesondere, auf ein H\u00e4ppchen der ukrainischen Schlachtplatte zu spekulieren. Da w\u00e4re es auch denkbar, dass mit diesem Artikel Polen diskret die Instrumente gezeigt werden.<\/p>\n<p>Es gibt nat\u00fcrlich noch das schlichte technische Problem, dass die Andromeda-Geschichte so erb\u00e4rmlich schlecht gestrickt ist. Die technischen Details wurden bereits zur Gen\u00fcge durchdiskutiert; sie reichen von der erforderlichen L\u00e4nge der Ankerkette \u00fcber n\u00f6tige Tauchzeiten bis hin zur simplen Tatsache, dass ein Boot dieser Gr\u00f6\u00dfe massive Probleme h\u00e4tte, eine Fracht von 500 Kilogramm auf offener See \u00fcberhaupt kontrolliert abzuladen. Das Gewicht einer solchen Jacht liegt bei etwa drei Tonnen.<\/p>\n<p>Die ganze Andromeda-Geschichte war im Grunde nur ein Signalgeber an das Publikum, dass eine Diskussion der wirklichen Ereignisse und der Enth\u00fcllungen von Seymour Hersh nicht erw\u00fcnscht ist. Und auch wenn die <em>WaPo<\/em> eine etwas andere Theorie aufstellt, bleibt ebendieses Signal dennoch erhalten.<\/p>\n<p>Das Hauptargument f\u00fcr die neue Theorie sind angeblich abgefangene, aber erst sp\u00e4ter entdeckte Funkkommunikationen. Das ist auch nicht \u00fcberzeugender als die angeblichen Sprengstoffspuren auf dem Tisch der Andromeda, vor allem in diesem bestens \u00fcberwachten Seegebiet vor der Nase des d\u00e4nischen Marinegeheimdienstes. Und, so die <em>WaPo<\/em>, &#8220;ein h\u00f6herrangiger Mitarbeiter der Biden-Regierung warnte, die abgefangene Kommunikation pro-ukrainischer Akteure sei nicht beweiskr\u00e4ftig&#8221;.<\/p>\n<p>Vor allem aber, das betont das Blatt, sei die westliche Einheit zu wichtig. Darin sind sich all die benannten und unbenannten Zitatgeber einig. Es gebe &#8220;kaum einen Nutzen, zu tief zu graben und eine unbequeme Antwort zu finden&#8221;. Das hat etwas von Omert\u00e0.<\/p>\n<p>Dabei wird die Frage der wirklichen Interessen nicht diskutiert, auch nicht in der <em>WaPo<\/em>. Nat\u00fcrlich war Polen immer gegen Nord Stream; der Grund ist simpel \u2013 eine \u00fcber polnisches Gebiet verlaufende Pipeline h\u00e4tte nicht nur Durchleitungsgeb\u00fchren abgeworfen, sie h\u00e4tte auch Polen die M\u00f6glichkeit verschafft, \u00fcber diese Pipeline politischen Druck auszu\u00fcben; eine M\u00f6glichkeit, die die Ukraine immer wieder genutzt hatte und die Polen gerade gegen\u00fcber Deutschland einen Vorteil verschafft h\u00e4tte. Was exakt der Grund daf\u00fcr war, warum diese Pipelines anders geplant wurden. Und nat\u00fcrlich war auch die deutsche Motivation nicht frei von Erwartungen, die Versorgung mit wichtigen Rohstoffen zur Kontrolle zu nutzen.<\/p>\n<p>Es sind aber genau die immer wieder betonten Beteuerungen, wie wichtig die westliche Einheit sei, die den Schl\u00fcssel zur bedeutenderen Interessenslage liefern. Denn die Interessen, um die es wirklich geht, haben nur wenig mit dem Gemetzel in der Ukraine zu tun. Die letzten Monate und Wochen haben gezeigt, dass die eigentliche Auseinandersetzung um das gesamte koloniale System geht, das \u00fcber Jahrzehnte hinweg so erfolgreich den globalen S\u00fcden abgesch\u00f6pft hat. Die beiden treibenden Kr\u00e4fte in der Ukraine, die USA und Gro\u00dfbritannien, sind so weit deindustrialisiert, dass sie gar keine Alternative zur bedingungslosen Aufrechterhaltung dieses Systems haben. Schlimmer noch, zumindest die USA sind so tief verschuldet, dass ein Zusammenbruch der Dollar-Dominanz den Zusammenbruch der US-\u00d6konomie unvermeidlich nach sich ziehen w\u00fcrde. Und die Dollar-Dominanz zerf\u00e4llt, mit exponenziell steigender Geschwindigkeit.<\/p>\n<p>Nun steht Deutschland mitnichten au\u00dferhalb dieses Systems, das nicht nur zu v\u00f6llig aufgeblasenen Bewertungen bei Finanzanlagen und Immobilien gef\u00fchrt hat, sondern au\u00dferdem unter der \u00dcberschrift des &#8220;geistigen Eigentums&#8221; gewaltige Finanzstr\u00f6me von S\u00fcd nach Nord leitet. Aber auch wenn die Interessen der Milliard\u00e4re weitgehend identisch sind, stellte der vergleichsweise hohe Anteil realer Produktion eine Alternative dar, die ein Ausscheren aus der Front dieser Aggression erm\u00f6glicht h\u00e4tte; sp\u00e4testens dann, wenn sich \u2013 und das Wiedererscheinen der Krise im Bankensektor deutet darauf hin \u2013 abzeichnet, dass die virtuellen Werte sich so oder so in Luft aufl\u00f6sen werden. Denn wenn eine Krise zu einer massiven Entwertung f\u00fchrt, sind Produktionsanlagen relativ sicher, w\u00e4hrend Immobilien- und Finanzwerte tats\u00e4chlich vollst\u00e4ndig ausgel\u00f6scht werden k\u00f6nnen.<\/p>\n<p>Um dauerhaft daf\u00fcr zu sorgen, dass auch s\u00e4mtliche Teile des deutschen Kapitals (wir reden hier vom kleinen Zirkel der Milliard\u00e4re) auf Gedeih und Verderb an diese Front gebunden sind, m\u00fcssen die Produktionsm\u00f6glichkeiten zerst\u00f6rt werden. Einen Teil dieser Aufgabe erledigen erfolgreich die deutschen Gr\u00fcnen; der andere wurde durch einen Terrorakt gekl\u00e4rt.<\/p>\n<p>Mit anderen Worten \u2013 wenn man den Blick auf die Interessen vom kleineren Schauplatz Europa l\u00f6st und auf die globale Auseinandersetzung richtet, dann haben genau zwei Beteiligte ein starkes Motiv, die USA und Gro\u00dfbritannien, und es sind genau diese beiden Akteure, auf die Seymour Hersh tats\u00e4chlich stie\u00df. Dazu kommt selbstverst\u00e4ndlich, dass der Pseudostaat Ukraine ohne Zustimmung seines Herrn und Meisters gar nichts tut und der Pakt des Schweigens, der offenkundig zum Thema Nord Stream besteht, keinesfalls von der Kiewer Pseudoregierung eingefordert werden k\u00f6nnte.<\/p>\n<p>Das erb\u00e4rmliche Schauspiel zum Fall Nord Stream d\u00fcrfte noch lange weitergehen. Der Artikel in der <em>WaPo<\/em> hat nicht nur die Verlagerung der Geschichte auf Kiew als Schuldigen angedeutet, sondern auch eine Wiederaufnahme der ultimativen R\u00e4uberpistole mit der Beschuldigung Russlands nicht v\u00f6llig ausgeschlossen, indem die Wiedergabe entsprechender polnischer Behauptungen mit folgendem Satz geschlossen wurde: &#8220;Nachrichtendienste haben keinen klaren Beweis gefunden, dass Russland, der urspr\u00fcngliche Hauptverd\u00e4chtige, verantwortlich sei.&#8221; So g\u00f6nnt man sich eine Hintert\u00fcr aus der Hintert\u00fcr; sollte man von der Option, sich auf diese Weise der Ukraine zu entledigen, keinen Gebrauch machen, k\u00f6nnte ja doch noch ein &#8220;klarer Beweis&#8221; gefunden werden. W\u00e4hrenddessen <a rel=\"nofollow noopener\" target=\"_blank\" href=\"https:\/\/www.t-online.de\/nachrichten\/deutschland\/id_100153486\/nord-stream-explosionen-neue-enthuellungen-fuehren-nach-russland.html\">h\u00e4lt<\/a> das eine oder andere Medium, wie <em>t-online<\/em>, diese Variante im Spiel.<\/p>\n<p>Die Wahrheit d\u00fcrfte erst dann bekannt werden, wenn die erste Bev\u00f6lkerung eines der westlichen L\u00e4nder die Nase voll davon hat, \u00fcber R\u00fcstungsauftr\u00e4ge und Inflation (oder demn\u00e4chst die eine oder andere Bankenrettung) ausgepl\u00fcndert zu werden und die ganze politische Elite in die W\u00fcste gejagt wird. Oder wenn die westliche Politik, die die Macht der USA erhalten sollte, aber tats\u00e4chlich ihr Ende beschleunigt, am Ende angelangt ist.<\/p>\n<p>Bei dem, was dann aus den Archiven gegraben wird, d\u00fcrfte der Anschlag auf Nord Stream noch zu den minderen S\u00fcnden geh\u00f6ren. Bis dahin wird man das Theater weiter bewundern d\u00fcrfen, in Deutschland, gegen dessen Interessen der Terrorakt vor allem gerichtet war, in der besonders unappetitlichen Variante v\u00f6lliger Selbstverleugnung.<\/p>\n<p><strong>Mehr zum Thema<\/strong>\u00a0\u2013 <a rel=\"nofollow noopener\" target=\"_blank\" href=\"https:\/\/rtde.site\/international\/166026-hersh-zu-nord-stream-berichten\/\">Hersh zu Nord-Stream-Berichten des Mainstreams: &#8220;Totale Erfindung des amerikanischen Geheimdiensts&#8221;<\/a><\/p>\n<\/p>\n<\/p>\n<\/div>\n<p><br \/>\n<br \/><a href=\"https:\/\/de.rt.com\/meinung\/166967-hauptsache-noch-mehr-nebel-nord\/\">Source link <\/a><\/p>\n","protected":false},"excerpt":{"rendered":"<p>Wirkliche Enth\u00fcllungen darf man von westlichen Medien nicht erwarten, auch nicht von der Washington Post. Aber etwas wird immer sichtbar. In diesem Fall sind es innere Widerspr\u00fcche im westlichen B\u00fcndnis, das um jeden Preis gehalten werden soll. Von Dagmar Henn Gut, dass das westliche Publikum so gut dressiert ist und unterschiedlichste Varianten f\u00fcr ein und [&hellip;]<\/p>\n","protected":false},"author":3,"featured_media":33529,"comment_status":"open","ping_status":"open","sticky":false,"template":"","format":"standard","meta":{"_yoast_indexnow_last_ping":["1680620531"],"wp_automatic_camp":["217"],"37e5754ee5e9f61ef25904a3b7b5b52d":["Hauptsache noch mehr Nebel: Die Nord-Stream-Saga des Mainstreams geht weiter"],"original_link":["https:\/\/de.rt.com\/meinung\/166967-hauptsache-noch-mehr-nebel-nord\/"],"_thumbnail_id":["33529"],"jnews_social_counter_last_update":["1788522046"],"_wptgpro_p2tg_sent2tg":["a:1:{i:23737;s:19:\"2023-04-04 17:03:21\";}"]},"categories":[19,23],"tags":[583,45,1673,31945,38708,2063,26553,1674,42771,601],"class_list":["post-33528","post","type-post","status-publish","format-standard","has-post-thumbnail","hentry","category-deutschland","category-russland","tag-des","tag-die","tag-geht","tag-hauptsache","tag-mainstreams","tag-mehr","tag-nebel","tag-noch","tag-nordstreamsaga","tag-weiter"],"yoast_head":"<!-- This site is optimized with the Yoast SEO Premium plugin v22.7 (Yoast SEO v28.2) - https:\/\/yoast.com\/product\/yoast-seo-premium-wordpress\/ -->\n<title>Hauptsache noch mehr Nebel: Die Nord-Stream-Saga des Mainstreams geht weiter - just-now.NEWS Deutschland<\/title>\n<meta name=\"robots\" content=\"index, follow, max-snippet:-1, max-image-preview:large, max-video-preview:-1\" \/>\n<link rel=\"canonical\" href=\"https:\/\/now-news.de\/de\/deutschland\/hauptsache-noch-mehr-nebel-die-nord-stream-saga-des-mainstreams-geht-weiter\/\" \/>\n<meta property=\"og:locale\" content=\"de_DE\" \/>\n<meta property=\"og:type\" content=\"article\" \/>\n<meta property=\"og:title\" content=\"Hauptsache noch mehr Nebel: Die Nord-Stream-Saga des Mainstreams geht weiter\" \/>\n<meta property=\"og:description\" content=\"Wirkliche Enth\u00fcllungen darf man von westlichen Medien nicht erwarten, auch nicht von der Washington Post. Aber etwas wird immer sichtbar. In diesem Fall sind es innere Widerspr\u00fcche im westlichen B\u00fcndnis, das um jeden Preis gehalten werden soll. Von Dagmar Henn Gut, dass das westliche Publikum so gut dressiert ist und unterschiedlichste Varianten f\u00fcr ein und [&hellip;]\" \/>\n<meta property=\"og:url\" content=\"https:\/\/now-news.de\/de\/deutschland\/hauptsache-noch-mehr-nebel-die-nord-stream-saga-des-mainstreams-geht-weiter\/\" \/>\n<meta property=\"og:site_name\" content=\"just-now.NEWS Deutschland\" \/>\n<meta property=\"article:publisher\" content=\"https:\/\/www.facebook.com\/wirmachenauf\" \/>\n<meta property=\"article:published_time\" content=\"2023-04-04T14:56:29+00:00\" \/>\n<meta property=\"og:image\" content=\"https:\/\/now-news.de\/de\/wp-content\/uploads\/sites\/3\/2023\/04\/Hauptsache-noch-mehr-Nebel-Die-Nord-Stream-Saga-des-Mainstreams-geht-weiter.jpg\" \/>\n\t<meta property=\"og:image:width\" content=\"460\" \/>\n\t<meta property=\"og:image:height\" content=\"259\" \/>\n\t<meta property=\"og:image:type\" content=\"image\/jpeg\" \/>\n<meta name=\"author\" content=\"rtnews\" \/>\n<meta name=\"twitter:card\" content=\"summary_large_image\" \/>\n<meta name=\"twitter:creator\" content=\"@WirMachenAuf_de\" \/>\n<meta name=\"twitter:site\" content=\"@WirMachenAuf_de\" \/>\n<meta name=\"twitter:label1\" content=\"Verfasst von\" \/>\n\t<meta name=\"twitter:data1\" content=\"rtnews\" \/>\n\t<meta name=\"twitter:label2\" content=\"Gesch\u00e4tzte Lesezeit\" \/>\n\t<meta name=\"twitter:data2\" content=\"7\u00a0Minuten\" \/>\n<script type=\"application\/ld+json\" class=\"yoast-schema-graph\">{\"@context\":\"https:\\\/\\\/schema.org\",\"@graph\":[{\"@type\":\"Article\",\"@id\":\"https:\\\/\\\/now-news.de\\\/de\\\/deutschland\\\/hauptsache-noch-mehr-nebel-die-nord-stream-saga-des-mainstreams-geht-weiter\\\/#article\",\"isPartOf\":{\"@id\":\"https:\\\/\\\/now-news.de\\\/de\\\/deutschland\\\/hauptsache-noch-mehr-nebel-die-nord-stream-saga-des-mainstreams-geht-weiter\\\/\"},\"author\":{\"name\":\"rtnews\",\"@id\":\"https:\\\/\\\/now-news.de\\\/de\\\/#\\\/schema\\\/person\\\/fb534a4e865501d8b3285208df34a9b5\"},\"headline\":\"Hauptsache noch mehr Nebel: Die Nord-Stream-Saga des Mainstreams geht weiter\",\"datePublished\":\"2023-04-04T14:56:29+00:00\",\"mainEntityOfPage\":{\"@id\":\"https:\\\/\\\/now-news.de\\\/de\\\/deutschland\\\/hauptsache-noch-mehr-nebel-die-nord-stream-saga-des-mainstreams-geht-weiter\\\/\"},\"wordCount\":1361,\"commentCount\":0,\"publisher\":{\"@id\":\"https:\\\/\\\/now-news.de\\\/de\\\/#organization\"},\"image\":{\"@id\":\"https:\\\/\\\/now-news.de\\\/de\\\/deutschland\\\/hauptsache-noch-mehr-nebel-die-nord-stream-saga-des-mainstreams-geht-weiter\\\/#primaryimage\"},\"thumbnailUrl\":\"https:\\\/\\\/now-news.de\\\/de\\\/wp-content\\\/uploads\\\/sites\\\/3\\\/2023\\\/04\\\/Hauptsache-noch-mehr-Nebel-Die-Nord-Stream-Saga-des-Mainstreams-geht-weiter.jpg\",\"keywords\":[\"des\",\"die\",\"Geht\",\"Hauptsache\",\"Mainstreams\",\"mehr\",\"Nebel\",\"noch\",\"NordStreamSaga\",\"weiter\"],\"articleSection\":[\"Deutschland\",\"Russland\"],\"inLanguage\":\"de\",\"potentialAction\":[{\"@type\":\"CommentAction\",\"name\":\"Comment\",\"target\":[\"https:\\\/\\\/now-news.de\\\/de\\\/deutschland\\\/hauptsache-noch-mehr-nebel-die-nord-stream-saga-des-mainstreams-geht-weiter\\\/#respond\"]}]},{\"@type\":\"WebPage\",\"@id\":\"https:\\\/\\\/now-news.de\\\/de\\\/deutschland\\\/hauptsache-noch-mehr-nebel-die-nord-stream-saga-des-mainstreams-geht-weiter\\\/\",\"url\":\"https:\\\/\\\/now-news.de\\\/de\\\/deutschland\\\/hauptsache-noch-mehr-nebel-die-nord-stream-saga-des-mainstreams-geht-weiter\\\/\",\"name\":\"Hauptsache noch mehr Nebel: Die Nord-Stream-Saga des Mainstreams geht weiter - just-now.NEWS Deutschland\",\"isPartOf\":{\"@id\":\"https:\\\/\\\/now-news.de\\\/de\\\/#website\"},\"primaryImageOfPage\":{\"@id\":\"https:\\\/\\\/now-news.de\\\/de\\\/deutschland\\\/hauptsache-noch-mehr-nebel-die-nord-stream-saga-des-mainstreams-geht-weiter\\\/#primaryimage\"},\"image\":{\"@id\":\"https:\\\/\\\/now-news.de\\\/de\\\/deutschland\\\/hauptsache-noch-mehr-nebel-die-nord-stream-saga-des-mainstreams-geht-weiter\\\/#primaryimage\"},\"thumbnailUrl\":\"https:\\\/\\\/now-news.de\\\/de\\\/wp-content\\\/uploads\\\/sites\\\/3\\\/2023\\\/04\\\/Hauptsache-noch-mehr-Nebel-Die-Nord-Stream-Saga-des-Mainstreams-geht-weiter.jpg\",\"datePublished\":\"2023-04-04T14:56:29+00:00\",\"breadcrumb\":{\"@id\":\"https:\\\/\\\/now-news.de\\\/de\\\/deutschland\\\/hauptsache-noch-mehr-nebel-die-nord-stream-saga-des-mainstreams-geht-weiter\\\/#breadcrumb\"},\"inLanguage\":\"de\",\"potentialAction\":[{\"@type\":\"ReadAction\",\"target\":[\"https:\\\/\\\/now-news.de\\\/de\\\/deutschland\\\/hauptsache-noch-mehr-nebel-die-nord-stream-saga-des-mainstreams-geht-weiter\\\/\"]}]},{\"@type\":\"ImageObject\",\"inLanguage\":\"de\",\"@id\":\"https:\\\/\\\/now-news.de\\\/de\\\/deutschland\\\/hauptsache-noch-mehr-nebel-die-nord-stream-saga-des-mainstreams-geht-weiter\\\/#primaryimage\",\"url\":\"https:\\\/\\\/now-news.de\\\/de\\\/wp-content\\\/uploads\\\/sites\\\/3\\\/2023\\\/04\\\/Hauptsache-noch-mehr-Nebel-Die-Nord-Stream-Saga-des-Mainstreams-geht-weiter.jpg\",\"contentUrl\":\"https:\\\/\\\/now-news.de\\\/de\\\/wp-content\\\/uploads\\\/sites\\\/3\\\/2023\\\/04\\\/Hauptsache-noch-mehr-Nebel-Die-Nord-Stream-Saga-des-Mainstreams-geht-weiter.jpg\",\"width\":460,\"height\":259,\"caption\":\"Hauptsache noch mehr Nebel: Die Nord-Stream-Saga des Mainstreams geht weiter\"},{\"@type\":\"BreadcrumbList\",\"@id\":\"https:\\\/\\\/now-news.de\\\/de\\\/deutschland\\\/hauptsache-noch-mehr-nebel-die-nord-stream-saga-des-mainstreams-geht-weiter\\\/#breadcrumb\",\"itemListElement\":[{\"@type\":\"ListItem\",\"position\":1,\"name\":\"Home\",\"item\":\"https:\\\/\\\/now-news.de\\\/de\\\/\"},{\"@type\":\"ListItem\",\"position\":2,\"name\":\"Hauptsache noch mehr Nebel: Die Nord-Stream-Saga des Mainstreams geht weiter\"}]},{\"@type\":\"WebSite\",\"@id\":\"https:\\\/\\\/now-news.de\\\/de\\\/#website\",\"url\":\"https:\\\/\\\/now-news.de\\\/de\\\/\",\"name\":\"just-now.NEWS Deutschland\",\"description\":\"Das Portal f\u00fcr unzensierte Nachrichten aus der Welt\",\"publisher\":{\"@id\":\"https:\\\/\\\/now-news.de\\\/de\\\/#organization\"},\"potentialAction\":[{\"@type\":\"SearchAction\",\"target\":{\"@type\":\"EntryPoint\",\"urlTemplate\":\"https:\\\/\\\/now-news.de\\\/de\\\/?s={search_term_string}\"},\"query-input\":{\"@type\":\"PropertyValueSpecification\",\"valueRequired\":true,\"valueName\":\"search_term_string\"}}],\"inLanguage\":\"de\"},{\"@type\":\"Organization\",\"@id\":\"https:\\\/\\\/now-news.de\\\/de\\\/#organization\",\"name\":\"Just Now News\",\"url\":\"https:\\\/\\\/now-news.de\\\/de\\\/\",\"logo\":{\"@type\":\"ImageObject\",\"inLanguage\":\"de\",\"@id\":\"https:\\\/\\\/now-news.de\\\/de\\\/#\\\/schema\\\/logo\\\/image\\\/\",\"url\":\"http:\\\/\\\/just-now.news\\\/de\\\/wp-content\\\/uploads\\\/sites\\\/3\\\/2022\\\/04\\\/logo500x500.jpg\",\"contentUrl\":\"http:\\\/\\\/just-now.news\\\/de\\\/wp-content\\\/uploads\\\/sites\\\/3\\\/2022\\\/04\\\/logo500x500.jpg\",\"width\":500,\"height\":500,\"caption\":\"Just Now News\"},\"image\":{\"@id\":\"https:\\\/\\\/now-news.de\\\/de\\\/#\\\/schema\\\/logo\\\/image\\\/\"},\"sameAs\":[\"https:\\\/\\\/www.facebook.com\\\/wirmachenauf\",\"https:\\\/\\\/x.com\\\/WirMachenAuf_de\"]},{\"@type\":\"Person\",\"@id\":\"https:\\\/\\\/now-news.de\\\/de\\\/#\\\/schema\\\/person\\\/fb534a4e865501d8b3285208df34a9b5\",\"name\":\"rtnews\",\"image\":{\"@type\":\"ImageObject\",\"inLanguage\":\"de\",\"@id\":\"https:\\\/\\\/secure.gravatar.com\\\/avatar\\\/358fe31b3ab5769fea05376e1953329834cd9912cf9daf607e2af3076a1b982b?s=96&d=mm&r=g\",\"url\":\"https:\\\/\\\/secure.gravatar.com\\\/avatar\\\/358fe31b3ab5769fea05376e1953329834cd9912cf9daf607e2af3076a1b982b?s=96&d=mm&r=g\",\"contentUrl\":\"https:\\\/\\\/secure.gravatar.com\\\/avatar\\\/358fe31b3ab5769fea05376e1953329834cd9912cf9daf607e2af3076a1b982b?s=96&d=mm&r=g\",\"caption\":\"rtnews\"},\"url\":\"https:\\\/\\\/now-news.de\\\/de\\\/author\\\/rnews\\\/\"}]}<\/script>\n<!-- \/ Yoast SEO Premium plugin. -->","yoast_head_json":{"title":"Hauptsache noch mehr Nebel: Die Nord-Stream-Saga des Mainstreams geht weiter - just-now.NEWS Deutschland","robots":{"index":"index","follow":"follow","max-snippet":"max-snippet:-1","max-image-preview":"max-image-preview:large","max-video-preview":"max-video-preview:-1"},"canonical":"https:\/\/now-news.de\/de\/deutschland\/hauptsache-noch-mehr-nebel-die-nord-stream-saga-des-mainstreams-geht-weiter\/","og_locale":"de_DE","og_type":"article","og_title":"Hauptsache noch mehr Nebel: Die Nord-Stream-Saga des Mainstreams geht weiter","og_description":"Wirkliche Enth\u00fcllungen darf man von westlichen Medien nicht erwarten, auch nicht von der Washington Post. Aber etwas wird immer sichtbar. In diesem Fall sind es innere Widerspr\u00fcche im westlichen B\u00fcndnis, das um jeden Preis gehalten werden soll. Von Dagmar Henn Gut, dass das westliche Publikum so gut dressiert ist und unterschiedlichste Varianten f\u00fcr ein und [&hellip;]","og_url":"https:\/\/now-news.de\/de\/deutschland\/hauptsache-noch-mehr-nebel-die-nord-stream-saga-des-mainstreams-geht-weiter\/","og_site_name":"just-now.NEWS Deutschland","article_publisher":"https:\/\/www.facebook.com\/wirmachenauf","article_published_time":"2023-04-04T14:56:29+00:00","og_image":[{"width":460,"height":259,"url":"https:\/\/now-news.de\/de\/wp-content\/uploads\/sites\/3\/2023\/04\/Hauptsache-noch-mehr-Nebel-Die-Nord-Stream-Saga-des-Mainstreams-geht-weiter.jpg","type":"image\/jpeg"}],"author":"rtnews","twitter_card":"summary_large_image","twitter_creator":"@WirMachenAuf_de","twitter_site":"@WirMachenAuf_de","twitter_misc":{"Verfasst von":"rtnews","Gesch\u00e4tzte Lesezeit":"7\u00a0Minuten"},"schema":{"@context":"https:\/\/schema.org","@graph":[{"@type":"Article","@id":"https:\/\/now-news.de\/de\/deutschland\/hauptsache-noch-mehr-nebel-die-nord-stream-saga-des-mainstreams-geht-weiter\/#article","isPartOf":{"@id":"https:\/\/now-news.de\/de\/deutschland\/hauptsache-noch-mehr-nebel-die-nord-stream-saga-des-mainstreams-geht-weiter\/"},"author":{"name":"rtnews","@id":"https:\/\/now-news.de\/de\/#\/schema\/person\/fb534a4e865501d8b3285208df34a9b5"},"headline":"Hauptsache noch mehr Nebel: Die Nord-Stream-Saga des Mainstreams geht weiter","datePublished":"2023-04-04T14:56:29+00:00","mainEntityOfPage":{"@id":"https:\/\/now-news.de\/de\/deutschland\/hauptsache-noch-mehr-nebel-die-nord-stream-saga-des-mainstreams-geht-weiter\/"},"wordCount":1361,"commentCount":0,"publisher":{"@id":"https:\/\/now-news.de\/de\/#organization"},"image":{"@id":"https:\/\/now-news.de\/de\/deutschland\/hauptsache-noch-mehr-nebel-die-nord-stream-saga-des-mainstreams-geht-weiter\/#primaryimage"},"thumbnailUrl":"https:\/\/now-news.de\/de\/wp-content\/uploads\/sites\/3\/2023\/04\/Hauptsache-noch-mehr-Nebel-Die-Nord-Stream-Saga-des-Mainstreams-geht-weiter.jpg","keywords":["des","die","Geht","Hauptsache","Mainstreams","mehr","Nebel","noch","NordStreamSaga","weiter"],"articleSection":["Deutschland","Russland"],"inLanguage":"de","potentialAction":[{"@type":"CommentAction","name":"Comment","target":["https:\/\/now-news.de\/de\/deutschland\/hauptsache-noch-mehr-nebel-die-nord-stream-saga-des-mainstreams-geht-weiter\/#respond"]}]},{"@type":"WebPage","@id":"https:\/\/now-news.de\/de\/deutschland\/hauptsache-noch-mehr-nebel-die-nord-stream-saga-des-mainstreams-geht-weiter\/","url":"https:\/\/now-news.de\/de\/deutschland\/hauptsache-noch-mehr-nebel-die-nord-stream-saga-des-mainstreams-geht-weiter\/","name":"Hauptsache noch mehr Nebel: Die Nord-Stream-Saga des Mainstreams geht weiter - just-now.NEWS Deutschland","isPartOf":{"@id":"https:\/\/now-news.de\/de\/#website"},"primaryImageOfPage":{"@id":"https:\/\/now-news.de\/de\/deutschland\/hauptsache-noch-mehr-nebel-die-nord-stream-saga-des-mainstreams-geht-weiter\/#primaryimage"},"image":{"@id":"https:\/\/now-news.de\/de\/deutschland\/hauptsache-noch-mehr-nebel-die-nord-stream-saga-des-mainstreams-geht-weiter\/#primaryimage"},"thumbnailUrl":"https:\/\/now-news.de\/de\/wp-content\/uploads\/sites\/3\/2023\/04\/Hauptsache-noch-mehr-Nebel-Die-Nord-Stream-Saga-des-Mainstreams-geht-weiter.jpg","datePublished":"2023-04-04T14:56:29+00:00","breadcrumb":{"@id":"https:\/\/now-news.de\/de\/deutschland\/hauptsache-noch-mehr-nebel-die-nord-stream-saga-des-mainstreams-geht-weiter\/#breadcrumb"},"inLanguage":"de","potentialAction":[{"@type":"ReadAction","target":["https:\/\/now-news.de\/de\/deutschland\/hauptsache-noch-mehr-nebel-die-nord-stream-saga-des-mainstreams-geht-weiter\/"]}]},{"@type":"ImageObject","inLanguage":"de","@id":"https:\/\/now-news.de\/de\/deutschland\/hauptsache-noch-mehr-nebel-die-nord-stream-saga-des-mainstreams-geht-weiter\/#primaryimage","url":"https:\/\/now-news.de\/de\/wp-content\/uploads\/sites\/3\/2023\/04\/Hauptsache-noch-mehr-Nebel-Die-Nord-Stream-Saga-des-Mainstreams-geht-weiter.jpg","contentUrl":"https:\/\/now-news.de\/de\/wp-content\/uploads\/sites\/3\/2023\/04\/Hauptsache-noch-mehr-Nebel-Die-Nord-Stream-Saga-des-Mainstreams-geht-weiter.jpg","width":460,"height":259,"caption":"Hauptsache noch mehr Nebel: Die Nord-Stream-Saga des Mainstreams geht weiter"},{"@type":"BreadcrumbList","@id":"https:\/\/now-news.de\/de\/deutschland\/hauptsache-noch-mehr-nebel-die-nord-stream-saga-des-mainstreams-geht-weiter\/#breadcrumb","itemListElement":[{"@type":"ListItem","position":1,"name":"Home","item":"https:\/\/now-news.de\/de\/"},{"@type":"ListItem","position":2,"name":"Hauptsache noch mehr Nebel: Die Nord-Stream-Saga des Mainstreams geht weiter"}]},{"@type":"WebSite","@id":"https:\/\/now-news.de\/de\/#website","url":"https:\/\/now-news.de\/de\/","name":"just-now.NEWS Deutschland","description":"Das Portal f\u00fcr unzensierte Nachrichten aus der Welt","publisher":{"@id":"https:\/\/now-news.de\/de\/#organization"},"potentialAction":[{"@type":"SearchAction","target":{"@type":"EntryPoint","urlTemplate":"https:\/\/now-news.de\/de\/?s={search_term_string}"},"query-input":{"@type":"PropertyValueSpecification","valueRequired":true,"valueName":"search_term_string"}}],"inLanguage":"de"},{"@type":"Organization","@id":"https:\/\/now-news.de\/de\/#organization","name":"Just Now News","url":"https:\/\/now-news.de\/de\/","logo":{"@type":"ImageObject","inLanguage":"de","@id":"https:\/\/now-news.de\/de\/#\/schema\/logo\/image\/","url":"http:\/\/just-now.news\/de\/wp-content\/uploads\/sites\/3\/2022\/04\/logo500x500.jpg","contentUrl":"http:\/\/just-now.news\/de\/wp-content\/uploads\/sites\/3\/2022\/04\/logo500x500.jpg","width":500,"height":500,"caption":"Just Now News"},"image":{"@id":"https:\/\/now-news.de\/de\/#\/schema\/logo\/image\/"},"sameAs":["https:\/\/www.facebook.com\/wirmachenauf","https:\/\/x.com\/WirMachenAuf_de"]},{"@type":"Person","@id":"https:\/\/now-news.de\/de\/#\/schema\/person\/fb534a4e865501d8b3285208df34a9b5","name":"rtnews","image":{"@type":"ImageObject","inLanguage":"de","@id":"https:\/\/secure.gravatar.com\/avatar\/358fe31b3ab5769fea05376e1953329834cd9912cf9daf607e2af3076a1b982b?s=96&d=mm&r=g","url":"https:\/\/secure.gravatar.com\/avatar\/358fe31b3ab5769fea05376e1953329834cd9912cf9daf607e2af3076a1b982b?s=96&d=mm&r=g","contentUrl":"https:\/\/secure.gravatar.com\/avatar\/358fe31b3ab5769fea05376e1953329834cd9912cf9daf607e2af3076a1b982b?s=96&d=mm&r=g","caption":"rtnews"},"url":"https:\/\/now-news.de\/de\/author\/rnews\/"}]}},"_links":{"self":[{"href":"https:\/\/now-news.de\/de\/wp-json\/wp\/v2\/posts\/33528","targetHints":{"allow":["GET"]}}],"collection":[{"href":"https:\/\/now-news.de\/de\/wp-json\/wp\/v2\/posts"}],"about":[{"href":"https:\/\/now-news.de\/de\/wp-json\/wp\/v2\/types\/post"}],"author":[{"embeddable":true,"href":"https:\/\/now-news.de\/de\/wp-json\/wp\/v2\/users\/3"}],"replies":[{"embeddable":true,"href":"https:\/\/now-news.de\/de\/wp-json\/wp\/v2\/comments?post=33528"}],"version-history":[{"count":0,"href":"https:\/\/now-news.de\/de\/wp-json\/wp\/v2\/posts\/33528\/revisions"}],"wp:featuredmedia":[{"embeddable":true,"href":"https:\/\/now-news.de\/de\/wp-json\/wp\/v2\/media\/33529"}],"wp:attachment":[{"href":"https:\/\/now-news.de\/de\/wp-json\/wp\/v2\/media?parent=33528"}],"wp:term":[{"taxonomy":"category","embeddable":true,"href":"https:\/\/now-news.de\/de\/wp-json\/wp\/v2\/categories?post=33528"},{"taxonomy":"post_tag","embeddable":true,"href":"https:\/\/now-news.de\/de\/wp-json\/wp\/v2\/tags?post=33528"}],"curies":[{"name":"wp","href":"https:\/\/api.w.org\/{rel}","templated":true}]}}