{"id":33470,"date":"2023-04-03T19:26:29","date_gmt":"2023-04-03T17:26:29","guid":{"rendered":"http:\/\/just-now.news\/de\/deutschland\/polen-fordert-schutzzoelle-ukrainisches-getreide-destabilisiert-die-polnische-landwirtschaft\/"},"modified":"2023-04-03T19:26:29","modified_gmt":"2023-04-03T17:26:29","slug":"polen-fordert-schutzzoelle-ukrainisches-getreide-destabilisiert-die-polnische-landwirtschaft","status":"publish","type":"post","link":"https:\/\/now-news.de\/de\/deutschland\/polen-fordert-schutzzoelle-ukrainisches-getreide-destabilisiert-die-polnische-landwirtschaft\/","title":{"rendered":"Polen fordert Schutzz\u00f6lle: Ukrainisches Getreide destabilisiert die polnische Landwirtschaft"},"content":{"rendered":"<p><img decoding=\"async\" src=\"http:\/\/just-now.news\/de\/wp-content\/uploads\/sites\/3\/2023\/04\/642af3d048fbef1bdd727534.jpg\" \/><\/p>\n<div class=\"Text-root Text-type_1 \">\n                Polnische Bauern demonstrieren gegen den Import von ukrainischem Billig-Getreide. Es zerst\u00f6re die polnische Landwirtschaft, hei\u00dft es. In der vergangenen Woche sprachen sich der polnische Premier Mateusz Morawiecki und der polnische Agrarminister f\u00fcr die Wiedereinf\u00fchrung von Z\u00f6llen auf landwirtschaftliche Produkte aus und forderten Einfuhrbegrenzungen.\n            <\/div>\n<p><\/p>\n<div class=\"Text-root Text-type_5 ArticleView-text ViewText-root \">\n<p>Nach Aussage des polnischen Infrastrukturministers, Andrzej Adamczyk, werden pro Monat \u00fcber 450.000 Tonnen Getreide aus der Ukraine durch Polen transportiert. Das sei 16-mal mehr als im gleichen Zeitraum des Vorjahres. Auf einer Pressekonferenz sprach sich der polnische Premierminister, Mateusz Morawiecki, letzte Woche f\u00fcr eine Begrenzung von ukrainischem Getreide auf dem europ\u00e4ischen Markt aus.<\/p>\n<p>Laut einem <em>Reuters-<\/em>Bericht protestierten polnische Bauern gegen Importe von Getreide aus der Ukraine, weil dadurch die Getreidepreise der Landwirte in Polen gedr\u00fcckt w\u00fcrden. Der \u00c4rger der Bauern bereite\u00a0zudem der regierenden nationalistischen Partei PiS Probleme,\u00a0noch dazu in einem Wahljahr. Am Samstag <a rel=\"nofollow noopener\" target=\"_blank\" href=\"https:\/\/www.agrarheute.com\/markt\/marktfruechte\/getreidepreise-polen-fallen-massiv-flut-ukrainischen-getreides-605269\">berichtete<\/a>\u00a0<em>Agrarheute<\/em> \u00fcber eine diesbez\u00fcgliche Sendung bei <em>PolskieRadio<\/em>. Der Radiosender habe demnach berichtet, wie Morawiecki am Mittwoch inmitten von Protesten polnischer Landwirte eine Pressekonferenz abhielt. Dort habe der Premierminister erkl\u00e4rt:<\/p>\n<blockquote>\n<p><em>&#8220;Wir fordern den Einsatz aller regulatorischen Instrumente \u2013 Quoten, Z\u00f6lle, die den <a rel=\"nofollow noopener\" target=\"_blank\" href=\"https:\/\/www.agrarheute.com\/markt\/marktfruechte\/geht-getreide-ukraine-fuenf-laender-kaufen-60-prozent-602022\" data-entity-substitution=\"canonical\" data-entity-type=\"node\" data-entity-uuid=\"46066287-2a5f-4e79-baba-e9dc911a5798\">Import ukrainischen Getreides nach Polen<\/a> einschr\u00e4nken oder blockieren. (&#8230;) Dieses Getreide destabilisiert unseren Markt.&#8221;<\/em><\/p>\n<\/blockquote>\n<p>Morawiecki habe sich zudem mit den Staats- und Regierungschefs mehrerer an die <a rel=\"nofollow noopener\" target=\"_blank\" href=\"https:\/\/www.agrarheute.com\/tag\/ukraine\">Ukraine<\/a> grenzender L\u00e4nder darauf geeinigt, von der Pr\u00e4sidentin der Europ\u00e4ischen Kommission, Ursula von der Leyen, Ma\u00dfnahmen zu fordern.\u00a0<\/p>\n<p>Nach dem Beginn der Invasion\u00a0Russlands im Februar 2022 hatte die Ukraine ihre Schwarzmeerh\u00e4fen vor\u00fcbergehend gesperrt und sich alternative Transportrouten durch die EU-Staaten Polen und Rum\u00e4nien erschlossen, hie\u00df es in dem\u00a0<em>Agrarheute<\/em>-Bericht dazu. So h\u00e4tten &#8220;logistische Engp\u00e4sse&#8221; dazu gef\u00fchrt, dass gro\u00dfe Mengen ukrainischen Getreides in den osteurop\u00e4ischen Staaten gelandet seien. Da das Getreide aus der Ukraine billiger sei, w\u00fcrde es die Preise und Verk\u00e4ufe der lokalen Landwirte &#8220;massiv beeintr\u00e4chtigen.&#8221;<\/p>\n<p>Ein Teil des in Polen gelandeten Getreides solle zu seinen Bestimmungsorten nach Nordafrika und in den Nahen Osten verkauft werden, sagte Morawiecki auf der Pressekonferenz: &#8220;Ich habe den stellvertretenden Premierminister Henryk Kowalczyk angewiesen, sehr schnell Regeln festzulegen, die es uns erm\u00f6glichen, einen Teil des in Polen angesammelten <a rel=\"nofollow noopener\" target=\"_blank\" href=\"https:\/\/www.agrarheute.com\/markt\/marktfruechte\/wieviel-getreide-braucht-welt-grosse-hungerkrise-591750\" data-entity-substitution=\"canonical\" data-entity-type=\"node\" data-entity-uuid=\"ee4701f5-1cd4-436e-9cc3-9777325d377f\">Getreides nach Nordafrika und in den Nahen Osten zu verkaufen<\/a> \u2013 was ja eigentlich sein urspr\u00fcnglicher Bestimmungsort war.&#8221;<\/p>\n<p>Kowalcyk, der in Polen gleichzeitig Landwirtschaftsminister ist, habe sich noch am Mittwochabend dazu ge\u00e4u\u00dfert. F\u00fcr Getreideimporte aus der Ukraine nach Polen sollten wieder Schutzz\u00f6lle eingef\u00fchrt werden, verk\u00fcndete er. Entsprechend w\u00fcrde er Br\u00fcssel bitten,<\/p>\n<blockquote>\n<p><em>&#8220;eine Schutzklausel in Bezug auf Getreideimporte aus der <a rel=\"nofollow noopener\" target=\"_blank\" href=\"https:\/\/www.agrarheute.com\/markt\/marktfruechte\/viel-getreide-erntet-ukraine-2023-fakten-spekulationen-602341\" data-entity-substitution=\"canonical\" data-entity-type=\"node\" data-entity-uuid=\"eafdf86c-ecf0-43df-8265-1f7da057afd2\">Ukraine nach Polen anzuwenden<\/a>, um die Z\u00f6lle wieder einzuf\u00fchren&#8221;.<\/em><\/p>\n<\/blockquote>\n<p>Die derzeitigen Regeln, die alle Einfuhrbeschr\u00e4nkungen aufheben, &#8220;sehen eine solche Klausel vor, die in einer Situation eingef\u00fchrt werden kann, in der Marktst\u00f6rungen auftreten&#8221;, sagte Kowalczyk gegen\u00fcber Reportern nach Gespr\u00e4chen mit polnischen Bauernvertretern.<\/p>\n<p><strong>Mehr zum Thema<\/strong> &#8211; <a rel=\"nofollow noopener\" target=\"_blank\" href=\"https:\/\/pressefreiheit.rtde.live\/wirtschaft\/166817-zeiten-westlichen-wirtschaftsprosperitaet-sind-vorbei\/\">Die Zeiten der westlichen Wirtschaftsprosperit\u00e4t sind vorbei und kommen so schnell nicht wieder<\/a><\/p>\n<\/div>\n<p><br \/>\n<br \/><a href=\"https:\/\/de.rt.com\/international\/166881-polen-fordert-schutzzoelle-ukrainisches-getreide\/\">Source link <\/a><\/p>\n","protected":false},"excerpt":{"rendered":"<p>Polnische Bauern demonstrieren gegen den Import von ukrainischem Billig-Getreide. Es zerst\u00f6re die polnische Landwirtschaft, hei\u00dft es. In der vergangenen Woche sprachen sich der polnische Premier Mateusz Morawiecki und der polnische Agrarminister f\u00fcr die Wiedereinf\u00fchrung von Z\u00f6llen auf landwirtschaftliche Produkte aus und forderten Einfuhrbegrenzungen. Nach Aussage des polnischen Infrastrukturministers, Andrzej Adamczyk, werden pro Monat \u00fcber 450.000 [&hellip;]<\/p>\n","protected":false},"author":3,"featured_media":33471,"comment_status":"open","ping_status":"open","sticky":false,"template":"","format":"standard","meta":{"_yoast_indexnow_last_ping":["1680543363"],"wp_automatic_camp":["217"],"f7638fb19d28fa422de5152a2ede3672":["Polen fordert Schutzz\u00f6lle: Ukrainisches Getreide destabilisiert die polnische Landwirtschaft"],"original_link":["https:\/\/de.rt.com\/international\/166881-polen-fordert-schutzzoelle-ukrainisches-getreide\/"],"_thumbnail_id":["33471"],"_wptgpro_p2tg_sent2tg":["a:1:{i:23737;s:19:\"2023-04-03 19:37:07\";}"],"jnews_social_counter_last_update":["1777210408"]},"categories":[19,23],"tags":[39821,45,355,21610,10426,5850,32076,42738,4028],"yoast_head":"<!-- This site is optimized with the Yoast SEO Premium plugin v22.7 (Yoast SEO v22.7) - https:\/\/yoast.com\/wordpress\/plugins\/seo\/ -->\n<title>Polen fordert Schutzz\u00f6lle: Ukrainisches Getreide destabilisiert die polnische Landwirtschaft - just-now.NEWS Deutschland<\/title>\n<meta name=\"robots\" content=\"index, follow, max-snippet:-1, max-image-preview:large, max-video-preview:-1\" \/>\n<link rel=\"canonical\" href=\"https:\/\/now-news.de\/de\/deutschland\/polen-fordert-schutzzoelle-ukrainisches-getreide-destabilisiert-die-polnische-landwirtschaft\/\" \/>\n<meta property=\"og:locale\" content=\"de_DE\" \/>\n<meta property=\"og:type\" content=\"article\" \/>\n<meta property=\"og:title\" content=\"Polen fordert Schutzz\u00f6lle: Ukrainisches Getreide destabilisiert die polnische Landwirtschaft\" \/>\n<meta property=\"og:description\" content=\"Polnische Bauern demonstrieren gegen den Import von ukrainischem Billig-Getreide. Es zerst\u00f6re die polnische Landwirtschaft, hei\u00dft es. In der vergangenen Woche sprachen sich der polnische Premier Mateusz Morawiecki und der polnische Agrarminister f\u00fcr die Wiedereinf\u00fchrung von Z\u00f6llen auf landwirtschaftliche Produkte aus und forderten Einfuhrbegrenzungen. Nach Aussage des polnischen Infrastrukturministers, Andrzej Adamczyk, werden pro Monat \u00fcber 450.000 [&hellip;]\" \/>\n<meta property=\"og:url\" content=\"https:\/\/now-news.de\/de\/deutschland\/polen-fordert-schutzzoelle-ukrainisches-getreide-destabilisiert-die-polnische-landwirtschaft\/\" \/>\n<meta property=\"og:site_name\" content=\"just-now.NEWS Deutschland\" \/>\n<meta property=\"article:publisher\" content=\"https:\/\/www.facebook.com\/wirmachenauf\" \/>\n<meta property=\"article:published_time\" content=\"2023-04-03T17:26:29+00:00\" \/>\n<meta property=\"og:image\" content=\"https:\/\/now-news.de\/de\/wp-content\/uploads\/sites\/3\/2023\/04\/Polen-fordert-Schutzzoelle-Ukrainisches-Getreide-destabilisiert-die-polnische-Landwirtschaft.jpg\" \/>\n\t<meta property=\"og:image:width\" content=\"460\" \/>\n\t<meta property=\"og:image:height\" content=\"259\" \/>\n\t<meta property=\"og:image:type\" content=\"image\/jpeg\" \/>\n<meta name=\"author\" content=\"rtnews\" \/>\n<meta name=\"twitter:card\" content=\"summary_large_image\" \/>\n<meta name=\"twitter:creator\" content=\"@WirMachenAuf_de\" \/>\n<meta name=\"twitter:site\" content=\"@WirMachenAuf_de\" \/>\n<meta name=\"twitter:label1\" content=\"Verfasst von\" \/>\n\t<meta name=\"twitter:data1\" content=\"rtnews\" \/>\n\t<meta name=\"twitter:label2\" content=\"Gesch\u00e4tzte Lesezeit\" \/>\n\t<meta name=\"twitter:data2\" content=\"3\u00a0Minuten\" \/>\n<script type=\"application\/ld+json\" class=\"yoast-schema-graph\">{\"@context\":\"https:\/\/schema.org\",\"@graph\":[{\"@type\":\"Article\",\"@id\":\"https:\/\/now-news.de\/de\/deutschland\/polen-fordert-schutzzoelle-ukrainisches-getreide-destabilisiert-die-polnische-landwirtschaft\/#article\",\"isPartOf\":{\"@id\":\"https:\/\/now-news.de\/de\/deutschland\/polen-fordert-schutzzoelle-ukrainisches-getreide-destabilisiert-die-polnische-landwirtschaft\/\"},\"author\":{\"name\":\"rtnews\",\"@id\":\"https:\/\/now-news.de\/de\/#\/schema\/person\/fb534a4e865501d8b3285208df34a9b5\"},\"headline\":\"Polen fordert Schutzz\u00f6lle: Ukrainisches Getreide destabilisiert die polnische Landwirtschaft\",\"datePublished\":\"2023-04-03T17:26:29+00:00\",\"dateModified\":\"2023-04-03T17:26:29+00:00\",\"mainEntityOfPage\":{\"@id\":\"https:\/\/now-news.de\/de\/deutschland\/polen-fordert-schutzzoelle-ukrainisches-getreide-destabilisiert-die-polnische-landwirtschaft\/\"},\"wordCount\":511,\"commentCount\":0,\"publisher\":{\"@id\":\"https:\/\/now-news.de\/de\/#organization\"},\"image\":{\"@id\":\"https:\/\/now-news.de\/de\/deutschland\/polen-fordert-schutzzoelle-ukrainisches-getreide-destabilisiert-die-polnische-landwirtschaft\/#primaryimage\"},\"thumbnailUrl\":\"https:\/\/now-news.de\/de\/wp-content\/uploads\/sites\/3\/2023\/04\/Polen-fordert-Schutzzoelle-Ukrainisches-Getreide-destabilisiert-die-polnische-Landwirtschaft.jpg\",\"keywords\":[\"destabilisiert\",\"die\",\"fordert\",\"Getreide\",\"landwirtschaft\",\"Polen\",\"Polnische\",\"Schutzz\u00f6lle\",\"Ukrainisches\"],\"articleSection\":[\"Deutschland\",\"Russland\"],\"inLanguage\":\"de\",\"potentialAction\":[{\"@type\":\"CommentAction\",\"name\":\"Comment\",\"target\":[\"https:\/\/now-news.de\/de\/deutschland\/polen-fordert-schutzzoelle-ukrainisches-getreide-destabilisiert-die-polnische-landwirtschaft\/#respond\"]}]},{\"@type\":\"WebPage\",\"@id\":\"https:\/\/now-news.de\/de\/deutschland\/polen-fordert-schutzzoelle-ukrainisches-getreide-destabilisiert-die-polnische-landwirtschaft\/\",\"url\":\"https:\/\/now-news.de\/de\/deutschland\/polen-fordert-schutzzoelle-ukrainisches-getreide-destabilisiert-die-polnische-landwirtschaft\/\",\"name\":\"Polen fordert Schutzz\u00f6lle: Ukrainisches Getreide destabilisiert die polnische Landwirtschaft - just-now.NEWS Deutschland\",\"isPartOf\":{\"@id\":\"https:\/\/now-news.de\/de\/#website\"},\"primaryImageOfPage\":{\"@id\":\"https:\/\/now-news.de\/de\/deutschland\/polen-fordert-schutzzoelle-ukrainisches-getreide-destabilisiert-die-polnische-landwirtschaft\/#primaryimage\"},\"image\":{\"@id\":\"https:\/\/now-news.de\/de\/deutschland\/polen-fordert-schutzzoelle-ukrainisches-getreide-destabilisiert-die-polnische-landwirtschaft\/#primaryimage\"},\"thumbnailUrl\":\"https:\/\/now-news.de\/de\/wp-content\/uploads\/sites\/3\/2023\/04\/Polen-fordert-Schutzzoelle-Ukrainisches-Getreide-destabilisiert-die-polnische-Landwirtschaft.jpg\",\"datePublished\":\"2023-04-03T17:26:29+00:00\",\"dateModified\":\"2023-04-03T17:26:29+00:00\",\"breadcrumb\":{\"@id\":\"https:\/\/now-news.de\/de\/deutschland\/polen-fordert-schutzzoelle-ukrainisches-getreide-destabilisiert-die-polnische-landwirtschaft\/#breadcrumb\"},\"inLanguage\":\"de\",\"potentialAction\":[{\"@type\":\"ReadAction\",\"target\":[\"https:\/\/now-news.de\/de\/deutschland\/polen-fordert-schutzzoelle-ukrainisches-getreide-destabilisiert-die-polnische-landwirtschaft\/\"]}]},{\"@type\":\"ImageObject\",\"inLanguage\":\"de\",\"@id\":\"https:\/\/now-news.de\/de\/deutschland\/polen-fordert-schutzzoelle-ukrainisches-getreide-destabilisiert-die-polnische-landwirtschaft\/#primaryimage\",\"url\":\"https:\/\/now-news.de\/de\/wp-content\/uploads\/sites\/3\/2023\/04\/Polen-fordert-Schutzzoelle-Ukrainisches-Getreide-destabilisiert-die-polnische-Landwirtschaft.jpg\",\"contentUrl\":\"https:\/\/now-news.de\/de\/wp-content\/uploads\/sites\/3\/2023\/04\/Polen-fordert-Schutzzoelle-Ukrainisches-Getreide-destabilisiert-die-polnische-Landwirtschaft.jpg\",\"width\":460,\"height\":259,\"caption\":\"Polen fordert Schutzz\u00f6lle: Ukrainisches Getreide destabilisiert die polnische Landwirtschaft\"},{\"@type\":\"BreadcrumbList\",\"@id\":\"https:\/\/now-news.de\/de\/deutschland\/polen-fordert-schutzzoelle-ukrainisches-getreide-destabilisiert-die-polnische-landwirtschaft\/#breadcrumb\",\"itemListElement\":[{\"@type\":\"ListItem\",\"position\":1,\"name\":\"Home\",\"item\":\"https:\/\/now-news.de\/de\/\"},{\"@type\":\"ListItem\",\"position\":2,\"name\":\"Polen fordert Schutzz\u00f6lle: Ukrainisches Getreide destabilisiert die polnische Landwirtschaft\"}]},{\"@type\":\"WebSite\",\"@id\":\"https:\/\/now-news.de\/de\/#website\",\"url\":\"https:\/\/now-news.de\/de\/\",\"name\":\"just-now.NEWS Deutschland\",\"description\":\"Das Portal f\u00fcr unzensierte Nachrichten aus der Welt\",\"publisher\":{\"@id\":\"https:\/\/now-news.de\/de\/#organization\"},\"potentialAction\":[{\"@type\":\"SearchAction\",\"target\":{\"@type\":\"EntryPoint\",\"urlTemplate\":\"https:\/\/now-news.de\/de\/?s={search_term_string}\"},\"query-input\":\"required name=search_term_string\"}],\"inLanguage\":\"de\"},{\"@type\":\"Organization\",\"@id\":\"https:\/\/now-news.de\/de\/#organization\",\"name\":\"Just Now News\",\"url\":\"https:\/\/now-news.de\/de\/\",\"logo\":{\"@type\":\"ImageObject\",\"inLanguage\":\"de\",\"@id\":\"https:\/\/now-news.de\/de\/#\/schema\/logo\/image\/\",\"url\":\"http:\/\/just-now.news\/de\/wp-content\/uploads\/sites\/3\/2022\/04\/logo500x500.jpg\",\"contentUrl\":\"http:\/\/just-now.news\/de\/wp-content\/uploads\/sites\/3\/2022\/04\/logo500x500.jpg\",\"width\":500,\"height\":500,\"caption\":\"Just Now News\"},\"image\":{\"@id\":\"https:\/\/now-news.de\/de\/#\/schema\/logo\/image\/\"},\"sameAs\":[\"https:\/\/www.facebook.com\/wirmachenauf\",\"https:\/\/x.com\/WirMachenAuf_de\"]},{\"@type\":\"Person\",\"@id\":\"https:\/\/now-news.de\/de\/#\/schema\/person\/fb534a4e865501d8b3285208df34a9b5\",\"name\":\"rtnews\",\"image\":{\"@type\":\"ImageObject\",\"inLanguage\":\"de\",\"@id\":\"https:\/\/now-news.de\/de\/#\/schema\/person\/image\/\",\"url\":\"https:\/\/secure.gravatar.com\/avatar\/82aafea7d8127119dd649515f56e2117?s=96&d=mm&r=g\",\"contentUrl\":\"https:\/\/secure.gravatar.com\/avatar\/82aafea7d8127119dd649515f56e2117?s=96&d=mm&r=g\",\"caption\":\"rtnews\"},\"url\":\"https:\/\/now-news.de\/de\/author\/rnews\/\"}]}<\/script>\n<!-- \/ Yoast SEO Premium plugin. -->","yoast_head_json":{"title":"Polen fordert Schutzz\u00f6lle: Ukrainisches Getreide destabilisiert die polnische Landwirtschaft - just-now.NEWS Deutschland","robots":{"index":"index","follow":"follow","max-snippet":"max-snippet:-1","max-image-preview":"max-image-preview:large","max-video-preview":"max-video-preview:-1"},"canonical":"https:\/\/now-news.de\/de\/deutschland\/polen-fordert-schutzzoelle-ukrainisches-getreide-destabilisiert-die-polnische-landwirtschaft\/","og_locale":"de_DE","og_type":"article","og_title":"Polen fordert Schutzz\u00f6lle: Ukrainisches Getreide destabilisiert die polnische Landwirtschaft","og_description":"Polnische Bauern demonstrieren gegen den Import von ukrainischem Billig-Getreide. Es zerst\u00f6re die polnische Landwirtschaft, hei\u00dft es. In der vergangenen Woche sprachen sich der polnische Premier Mateusz Morawiecki und der polnische Agrarminister f\u00fcr die Wiedereinf\u00fchrung von Z\u00f6llen auf landwirtschaftliche Produkte aus und forderten Einfuhrbegrenzungen. Nach Aussage des polnischen Infrastrukturministers, Andrzej Adamczyk, werden pro Monat \u00fcber 450.000 [&hellip;]","og_url":"https:\/\/now-news.de\/de\/deutschland\/polen-fordert-schutzzoelle-ukrainisches-getreide-destabilisiert-die-polnische-landwirtschaft\/","og_site_name":"just-now.NEWS Deutschland","article_publisher":"https:\/\/www.facebook.com\/wirmachenauf","article_published_time":"2023-04-03T17:26:29+00:00","og_image":[{"width":460,"height":259,"url":"https:\/\/now-news.de\/de\/wp-content\/uploads\/sites\/3\/2023\/04\/Polen-fordert-Schutzzoelle-Ukrainisches-Getreide-destabilisiert-die-polnische-Landwirtschaft.jpg","type":"image\/jpeg"}],"author":"rtnews","twitter_card":"summary_large_image","twitter_creator":"@WirMachenAuf_de","twitter_site":"@WirMachenAuf_de","twitter_misc":{"Verfasst von":"rtnews","Gesch\u00e4tzte Lesezeit":"3\u00a0Minuten"},"schema":{"@context":"https:\/\/schema.org","@graph":[{"@type":"Article","@id":"https:\/\/now-news.de\/de\/deutschland\/polen-fordert-schutzzoelle-ukrainisches-getreide-destabilisiert-die-polnische-landwirtschaft\/#article","isPartOf":{"@id":"https:\/\/now-news.de\/de\/deutschland\/polen-fordert-schutzzoelle-ukrainisches-getreide-destabilisiert-die-polnische-landwirtschaft\/"},"author":{"name":"rtnews","@id":"https:\/\/now-news.de\/de\/#\/schema\/person\/fb534a4e865501d8b3285208df34a9b5"},"headline":"Polen fordert Schutzz\u00f6lle: Ukrainisches Getreide destabilisiert die polnische Landwirtschaft","datePublished":"2023-04-03T17:26:29+00:00","dateModified":"2023-04-03T17:26:29+00:00","mainEntityOfPage":{"@id":"https:\/\/now-news.de\/de\/deutschland\/polen-fordert-schutzzoelle-ukrainisches-getreide-destabilisiert-die-polnische-landwirtschaft\/"},"wordCount":511,"commentCount":0,"publisher":{"@id":"https:\/\/now-news.de\/de\/#organization"},"image":{"@id":"https:\/\/now-news.de\/de\/deutschland\/polen-fordert-schutzzoelle-ukrainisches-getreide-destabilisiert-die-polnische-landwirtschaft\/#primaryimage"},"thumbnailUrl":"https:\/\/now-news.de\/de\/wp-content\/uploads\/sites\/3\/2023\/04\/Polen-fordert-Schutzzoelle-Ukrainisches-Getreide-destabilisiert-die-polnische-Landwirtschaft.jpg","keywords":["destabilisiert","die","fordert","Getreide","landwirtschaft","Polen","Polnische","Schutzz\u00f6lle","Ukrainisches"],"articleSection":["Deutschland","Russland"],"inLanguage":"de","potentialAction":[{"@type":"CommentAction","name":"Comment","target":["https:\/\/now-news.de\/de\/deutschland\/polen-fordert-schutzzoelle-ukrainisches-getreide-destabilisiert-die-polnische-landwirtschaft\/#respond"]}]},{"@type":"WebPage","@id":"https:\/\/now-news.de\/de\/deutschland\/polen-fordert-schutzzoelle-ukrainisches-getreide-destabilisiert-die-polnische-landwirtschaft\/","url":"https:\/\/now-news.de\/de\/deutschland\/polen-fordert-schutzzoelle-ukrainisches-getreide-destabilisiert-die-polnische-landwirtschaft\/","name":"Polen fordert Schutzz\u00f6lle: Ukrainisches Getreide destabilisiert die polnische Landwirtschaft - just-now.NEWS Deutschland","isPartOf":{"@id":"https:\/\/now-news.de\/de\/#website"},"primaryImageOfPage":{"@id":"https:\/\/now-news.de\/de\/deutschland\/polen-fordert-schutzzoelle-ukrainisches-getreide-destabilisiert-die-polnische-landwirtschaft\/#primaryimage"},"image":{"@id":"https:\/\/now-news.de\/de\/deutschland\/polen-fordert-schutzzoelle-ukrainisches-getreide-destabilisiert-die-polnische-landwirtschaft\/#primaryimage"},"thumbnailUrl":"https:\/\/now-news.de\/de\/wp-content\/uploads\/sites\/3\/2023\/04\/Polen-fordert-Schutzzoelle-Ukrainisches-Getreide-destabilisiert-die-polnische-Landwirtschaft.jpg","datePublished":"2023-04-03T17:26:29+00:00","dateModified":"2023-04-03T17:26:29+00:00","breadcrumb":{"@id":"https:\/\/now-news.de\/de\/deutschland\/polen-fordert-schutzzoelle-ukrainisches-getreide-destabilisiert-die-polnische-landwirtschaft\/#breadcrumb"},"inLanguage":"de","potentialAction":[{"@type":"ReadAction","target":["https:\/\/now-news.de\/de\/deutschland\/polen-fordert-schutzzoelle-ukrainisches-getreide-destabilisiert-die-polnische-landwirtschaft\/"]}]},{"@type":"ImageObject","inLanguage":"de","@id":"https:\/\/now-news.de\/de\/deutschland\/polen-fordert-schutzzoelle-ukrainisches-getreide-destabilisiert-die-polnische-landwirtschaft\/#primaryimage","url":"https:\/\/now-news.de\/de\/wp-content\/uploads\/sites\/3\/2023\/04\/Polen-fordert-Schutzzoelle-Ukrainisches-Getreide-destabilisiert-die-polnische-Landwirtschaft.jpg","contentUrl":"https:\/\/now-news.de\/de\/wp-content\/uploads\/sites\/3\/2023\/04\/Polen-fordert-Schutzzoelle-Ukrainisches-Getreide-destabilisiert-die-polnische-Landwirtschaft.jpg","width":460,"height":259,"caption":"Polen fordert Schutzz\u00f6lle: Ukrainisches Getreide destabilisiert die polnische Landwirtschaft"},{"@type":"BreadcrumbList","@id":"https:\/\/now-news.de\/de\/deutschland\/polen-fordert-schutzzoelle-ukrainisches-getreide-destabilisiert-die-polnische-landwirtschaft\/#breadcrumb","itemListElement":[{"@type":"ListItem","position":1,"name":"Home","item":"https:\/\/now-news.de\/de\/"},{"@type":"ListItem","position":2,"name":"Polen fordert Schutzz\u00f6lle: Ukrainisches Getreide destabilisiert die polnische Landwirtschaft"}]},{"@type":"WebSite","@id":"https:\/\/now-news.de\/de\/#website","url":"https:\/\/now-news.de\/de\/","name":"just-now.NEWS Deutschland","description":"Das Portal f\u00fcr unzensierte Nachrichten aus der Welt","publisher":{"@id":"https:\/\/now-news.de\/de\/#organization"},"potentialAction":[{"@type":"SearchAction","target":{"@type":"EntryPoint","urlTemplate":"https:\/\/now-news.de\/de\/?s={search_term_string}"},"query-input":"required name=search_term_string"}],"inLanguage":"de"},{"@type":"Organization","@id":"https:\/\/now-news.de\/de\/#organization","name":"Just Now News","url":"https:\/\/now-news.de\/de\/","logo":{"@type":"ImageObject","inLanguage":"de","@id":"https:\/\/now-news.de\/de\/#\/schema\/logo\/image\/","url":"http:\/\/just-now.news\/de\/wp-content\/uploads\/sites\/3\/2022\/04\/logo500x500.jpg","contentUrl":"http:\/\/just-now.news\/de\/wp-content\/uploads\/sites\/3\/2022\/04\/logo500x500.jpg","width":500,"height":500,"caption":"Just Now News"},"image":{"@id":"https:\/\/now-news.de\/de\/#\/schema\/logo\/image\/"},"sameAs":["https:\/\/www.facebook.com\/wirmachenauf","https:\/\/x.com\/WirMachenAuf_de"]},{"@type":"Person","@id":"https:\/\/now-news.de\/de\/#\/schema\/person\/fb534a4e865501d8b3285208df34a9b5","name":"rtnews","image":{"@type":"ImageObject","inLanguage":"de","@id":"https:\/\/now-news.de\/de\/#\/schema\/person\/image\/","url":"https:\/\/secure.gravatar.com\/avatar\/82aafea7d8127119dd649515f56e2117?s=96&d=mm&r=g","contentUrl":"https:\/\/secure.gravatar.com\/avatar\/82aafea7d8127119dd649515f56e2117?s=96&d=mm&r=g","caption":"rtnews"},"url":"https:\/\/now-news.de\/de\/author\/rnews\/"}]}},"_links":{"self":[{"href":"https:\/\/now-news.de\/de\/wp-json\/wp\/v2\/posts\/33470"}],"collection":[{"href":"https:\/\/now-news.de\/de\/wp-json\/wp\/v2\/posts"}],"about":[{"href":"https:\/\/now-news.de\/de\/wp-json\/wp\/v2\/types\/post"}],"author":[{"embeddable":true,"href":"https:\/\/now-news.de\/de\/wp-json\/wp\/v2\/users\/3"}],"replies":[{"embeddable":true,"href":"https:\/\/now-news.de\/de\/wp-json\/wp\/v2\/comments?post=33470"}],"version-history":[{"count":0,"href":"https:\/\/now-news.de\/de\/wp-json\/wp\/v2\/posts\/33470\/revisions"}],"wp:featuredmedia":[{"embeddable":true,"href":"https:\/\/now-news.de\/de\/wp-json\/wp\/v2\/media\/33471"}],"wp:attachment":[{"href":"https:\/\/now-news.de\/de\/wp-json\/wp\/v2\/media?parent=33470"}],"wp:term":[{"taxonomy":"category","embeddable":true,"href":"https:\/\/now-news.de\/de\/wp-json\/wp\/v2\/categories?post=33470"},{"taxonomy":"post_tag","embeddable":true,"href":"https:\/\/now-news.de\/de\/wp-json\/wp\/v2\/tags?post=33470"}],"curies":[{"name":"wp","href":"https:\/\/api.w.org\/{rel}","templated":true}]}}