{"id":33457,"date":"2023-04-03T15:43:00","date_gmt":"2023-04-03T13:43:00","guid":{"rendered":"http:\/\/just-now.news\/de\/deutschland\/viktor-orban-entsendung-von-eu-soldaten-in-die-ostukraine-fuehrt-zum-dritten-weltkrieg\/"},"modified":"2023-04-03T15:43:00","modified_gmt":"2023-04-03T13:43:00","slug":"viktor-orban-entsendung-von-eu-soldaten-in-die-ostukraine-fuehrt-zum-dritten-weltkrieg","status":"publish","type":"post","link":"https:\/\/now-news.de\/de\/deutschland\/viktor-orban-entsendung-von-eu-soldaten-in-die-ostukraine-fuehrt-zum-dritten-weltkrieg\/","title":{"rendered":"Viktor Orb\u00e1n: Entsendung von EU-Soldaten in die Ostukraine f\u00fchrt zum Dritten Weltkrieg"},"content":{"rendered":"<p><img decoding=\"async\" src=\"http:\/\/just-now.news\/de\/wp-content\/uploads\/sites\/3\/2023\/04\/642acae948fbef155427f6f0.jpg\" \/><\/p>\n<div class=\"Text-root Text-type_1 \">\n                Einem geheimen EU-Plan zufolge sollen EU-Soldaten zur Sicherung einer Waffenstillstandszone in die Ostukraine geschickt werden. Ungarns Ministerpr\u00e4sident Orb\u00e1n warnte in einem Interview vor der Eskalationsgefahr, die eine EU-Friedenssoldatenmission mit sich bringen w\u00fcrde.\n            <\/div>\n<p><\/p>\n<div class=\"Text-root Text-type_5 ArticleView-text ViewText-root \">\n<p>Unter den Staatschefs der EU werde die Entsendung von EU-Soldaten in die Ostukraine diskutiert, erkl\u00e4rte der ungarische Ministerpr\u00e4sident Viktor Orb\u00e1n. Wie der \u00f6sterreichische <em>Exxpress<\/em> am Samstag <a rel=\"nofollow noopener\" target=\"_blank\" href=\"https:\/\/exxpress.at\/orban-warnt-vor-geheimen-eu-plan-friedenssoldaten-fuer-die-front-in-der-ukraine\/\">schrieb<\/a>, klinge die Entsendung von zehntausenden von &#8220;Friedenssoldaten&#8221; zur Sicherung einer Waffenstillstandszone vordergr\u00fcndig vern\u00fcnftig. Damit sollten die Kampfhandlungen zwischen Ukrainern und Russen beendigt werden, so der Plan.<\/p>\n<p>In einem aktuellen Interview mit dem Sender <em>Kossuth R\u00e1di\u00f3<\/em> warnte Orb\u00e1n vor der damit verbundenen &#8220;extrem gro\u00dfen Gefahr&#8221;. Der Zeitung zufolge sei klar, welche Gefahr Orb\u00e1n mit der potenziellen Entsendung von Soldaten aus Deutschland, England, Frankreich und Polen in die Tr\u00fcmmerfelder von Bachmut und andere Frontst\u00e4dte meinte. Dabei k\u00f6nnten Schusswechsel zu Feuergefechten bis hin zu massiven kriegerischen Handlungen eskalieren. Im Ergebnis bef\u00e4nden sich dann die NATO- und EU-Staaten in einer &#8220;dramatischen kriegerischen Auseinandersetzung&#8221; mit Russland.<\/p>\n<blockquote>\n<p><em>&#8220;Peacekeeper, Friedenssoldaten aus den EU-Nationen, sollen an die Front geschickt werden. Wenn das passiert, dann r\u00fcckt der Dritte Weltkrieg n\u00e4her&#8221;, so Orb\u00e1ns Warnung vor einem neuen Weltkrieg.\u00a0<\/em><\/p>\n<\/blockquote>\n<p>Dabei sei die Motivation f\u00fcr die Entsendung von EU-Friedenstruppen leicht auszumachen: Den ukrainischen Streitkr\u00e4ften gingen nicht nur Waffensysteme und Munition aus \u2013 es falle mangels Nachschub an Soldaten auch immer schwerer, die 1.200\u00a0Kilometer lange Front zu halten. Eigenen Aussagen zufolge h\u00e4tten die bei Bachmut eingesetzten Bataillone bis zu 80 Prozent ihrer Soldaten im Kampf verloren. Inzwischen w\u00fcrden in der Ukraine sogar &#8220;extrem junge Burschen und \u00e4ltere M\u00e4nner&#8221; zwangsrekrutiert.<\/p>\n<p>Im Interview mit dem Radiosender hat Orb\u00e1n au\u00dferdem \u00fcber die Bedingungen f\u00fcr Friedensgespr\u00e4che gesprochen: &#8220;Der Krieg wird jedenfalls immer brutaler und blutiger. Die ungarische Bev\u00f6lkerung ist in Sorge, unsere Sicherheit ist gef\u00e4hrdet. Wir m\u00fcssen einen Waffenstillstand erreichen \u2013 wenn es diesen gibt, dann sind auch Friedensgespr\u00e4che m\u00f6glich.&#8221;<\/p>\n<p><strong>Mehr zum Thema<\/strong>\u00a0\u2013 <a rel=\"nofollow noopener\" target=\"_blank\" href=\"https:\/\/pressefreiheit.rtde.live\/europa\/163740-ungarn-macht-usa-fuer-europaeischen-niedergang-verantwortlich\/\">Ungarn macht USA f\u00fcr den Niedergang Europas verantwortlich<\/a><\/p>\n<\/div>\n<p><br \/>\n<br \/><a href=\"https:\/\/de.rt.com\/international\/166867-viktor-orban-entsendung-von-eu\/\">Source link <\/a><\/p>\n","protected":false},"excerpt":{"rendered":"<p>Einem geheimen EU-Plan zufolge sollen EU-Soldaten zur Sicherung einer Waffenstillstandszone in die Ostukraine geschickt werden. Ungarns Ministerpr\u00e4sident Orb\u00e1n warnte in einem Interview vor der Eskalationsgefahr, die eine EU-Friedenssoldatenmission mit sich bringen w\u00fcrde. Unter den Staatschefs der EU werde die Entsendung von EU-Soldaten in die Ostukraine diskutiert, erkl\u00e4rte der ungarische Ministerpr\u00e4sident Viktor Orb\u00e1n. Wie der \u00f6sterreichische [&hellip;]<\/p>\n","protected":false},"author":3,"featured_media":33458,"comment_status":"open","ping_status":"open","sticky":false,"template":"","format":"standard","meta":{"_yoast_indexnow_last_ping":["1680529942"],"wp_automatic_camp":["217"],"75875fb7cb82fe78084a1ff1f4ecc518":["Viktor Orb\u00e1n: Entsendung von EU-Soldaten in die Ostukraine f\u00fchrt zum Dritten Weltkrieg"],"original_link":["https:\/\/de.rt.com\/international\/166867-viktor-orban-entsendung-von-eu\/"],"_thumbnail_id":["33458"],"_wptgpro_p2tg_sent2tg":["a:1:{i:23737;s:19:\"2023-04-03 15:53:24\";}"],"jnews_social_counter_last_update":["1777806820"]},"categories":[19,23],"tags":[45,1726,26691,42727,3525,6397,11443,29570,50,3226,565],"yoast_head":"<!-- This site is optimized with the Yoast SEO Premium plugin v22.7 (Yoast SEO v22.7) - https:\/\/yoast.com\/wordpress\/plugins\/seo\/ -->\n<title>Viktor Orb\u00e1n: Entsendung von EU-Soldaten in die Ostukraine f\u00fchrt zum Dritten Weltkrieg - just-now.NEWS Deutschland<\/title>\n<meta name=\"robots\" content=\"index, follow, max-snippet:-1, max-image-preview:large, max-video-preview:-1\" \/>\n<link rel=\"canonical\" href=\"https:\/\/now-news.de\/de\/deutschland\/viktor-orban-entsendung-von-eu-soldaten-in-die-ostukraine-fuehrt-zum-dritten-weltkrieg\/\" \/>\n<meta property=\"og:locale\" content=\"de_DE\" \/>\n<meta property=\"og:type\" content=\"article\" \/>\n<meta property=\"og:title\" content=\"Viktor Orb\u00e1n: Entsendung von EU-Soldaten in die Ostukraine f\u00fchrt zum Dritten Weltkrieg\" \/>\n<meta property=\"og:description\" content=\"Einem geheimen EU-Plan zufolge sollen EU-Soldaten zur Sicherung einer Waffenstillstandszone in die Ostukraine geschickt werden. Ungarns Ministerpr\u00e4sident Orb\u00e1n warnte in einem Interview vor der Eskalationsgefahr, die eine EU-Friedenssoldatenmission mit sich bringen w\u00fcrde. Unter den Staatschefs der EU werde die Entsendung von EU-Soldaten in die Ostukraine diskutiert, erkl\u00e4rte der ungarische Ministerpr\u00e4sident Viktor Orb\u00e1n. Wie der \u00f6sterreichische [&hellip;]\" \/>\n<meta property=\"og:url\" content=\"https:\/\/now-news.de\/de\/deutschland\/viktor-orban-entsendung-von-eu-soldaten-in-die-ostukraine-fuehrt-zum-dritten-weltkrieg\/\" \/>\n<meta property=\"og:site_name\" content=\"just-now.NEWS Deutschland\" \/>\n<meta property=\"article:publisher\" content=\"https:\/\/www.facebook.com\/wirmachenauf\" \/>\n<meta property=\"article:published_time\" content=\"2023-04-03T13:43:00+00:00\" \/>\n<meta property=\"og:image\" content=\"https:\/\/now-news.de\/de\/wp-content\/uploads\/sites\/3\/2023\/04\/Viktor-Orban-Entsendung-von-EU-Soldaten-in-die-Ostukraine-fuehrt-zum.jpg\" \/>\n\t<meta property=\"og:image:width\" content=\"460\" \/>\n\t<meta property=\"og:image:height\" content=\"259\" \/>\n\t<meta property=\"og:image:type\" content=\"image\/jpeg\" \/>\n<meta name=\"author\" content=\"rtnews\" \/>\n<meta name=\"twitter:card\" content=\"summary_large_image\" \/>\n<meta name=\"twitter:creator\" content=\"@WirMachenAuf_de\" \/>\n<meta name=\"twitter:site\" content=\"@WirMachenAuf_de\" \/>\n<meta name=\"twitter:label1\" content=\"Verfasst von\" \/>\n\t<meta name=\"twitter:data1\" content=\"rtnews\" \/>\n\t<meta name=\"twitter:label2\" content=\"Gesch\u00e4tzte Lesezeit\" \/>\n\t<meta name=\"twitter:data2\" content=\"2\u00a0Minuten\" \/>\n<script type=\"application\/ld+json\" class=\"yoast-schema-graph\">{\"@context\":\"https:\/\/schema.org\",\"@graph\":[{\"@type\":\"Article\",\"@id\":\"https:\/\/now-news.de\/de\/deutschland\/viktor-orban-entsendung-von-eu-soldaten-in-die-ostukraine-fuehrt-zum-dritten-weltkrieg\/#article\",\"isPartOf\":{\"@id\":\"https:\/\/now-news.de\/de\/deutschland\/viktor-orban-entsendung-von-eu-soldaten-in-die-ostukraine-fuehrt-zum-dritten-weltkrieg\/\"},\"author\":{\"name\":\"rtnews\",\"@id\":\"https:\/\/now-news.de\/de\/#\/schema\/person\/fb534a4e865501d8b3285208df34a9b5\"},\"headline\":\"Viktor Orb\u00e1n: Entsendung von EU-Soldaten in die Ostukraine f\u00fchrt zum Dritten Weltkrieg\",\"datePublished\":\"2023-04-03T13:43:00+00:00\",\"dateModified\":\"2023-04-03T13:43:00+00:00\",\"mainEntityOfPage\":{\"@id\":\"https:\/\/now-news.de\/de\/deutschland\/viktor-orban-entsendung-von-eu-soldaten-in-die-ostukraine-fuehrt-zum-dritten-weltkrieg\/\"},\"wordCount\":361,\"commentCount\":0,\"publisher\":{\"@id\":\"https:\/\/now-news.de\/de\/#organization\"},\"image\":{\"@id\":\"https:\/\/now-news.de\/de\/deutschland\/viktor-orban-entsendung-von-eu-soldaten-in-die-ostukraine-fuehrt-zum-dritten-weltkrieg\/#primaryimage\"},\"thumbnailUrl\":\"https:\/\/now-news.de\/de\/wp-content\/uploads\/sites\/3\/2023\/04\/Viktor-Orban-Entsendung-von-EU-Soldaten-in-die-Ostukraine-fuehrt-zum.jpg\",\"keywords\":[\"die\",\"dritten\",\"Entsendung\",\"EUSoldaten\",\"f\u00fchrt\",\"Orb\u00e1n\",\"ostukraine\",\"Viktor\",\"von\",\"Weltkrieg\",\"zum\"],\"articleSection\":[\"Deutschland\",\"Russland\"],\"inLanguage\":\"de\",\"potentialAction\":[{\"@type\":\"CommentAction\",\"name\":\"Comment\",\"target\":[\"https:\/\/now-news.de\/de\/deutschland\/viktor-orban-entsendung-von-eu-soldaten-in-die-ostukraine-fuehrt-zum-dritten-weltkrieg\/#respond\"]}]},{\"@type\":\"WebPage\",\"@id\":\"https:\/\/now-news.de\/de\/deutschland\/viktor-orban-entsendung-von-eu-soldaten-in-die-ostukraine-fuehrt-zum-dritten-weltkrieg\/\",\"url\":\"https:\/\/now-news.de\/de\/deutschland\/viktor-orban-entsendung-von-eu-soldaten-in-die-ostukraine-fuehrt-zum-dritten-weltkrieg\/\",\"name\":\"Viktor Orb\u00e1n: Entsendung von EU-Soldaten in die Ostukraine f\u00fchrt zum Dritten Weltkrieg - just-now.NEWS Deutschland\",\"isPartOf\":{\"@id\":\"https:\/\/now-news.de\/de\/#website\"},\"primaryImageOfPage\":{\"@id\":\"https:\/\/now-news.de\/de\/deutschland\/viktor-orban-entsendung-von-eu-soldaten-in-die-ostukraine-fuehrt-zum-dritten-weltkrieg\/#primaryimage\"},\"image\":{\"@id\":\"https:\/\/now-news.de\/de\/deutschland\/viktor-orban-entsendung-von-eu-soldaten-in-die-ostukraine-fuehrt-zum-dritten-weltkrieg\/#primaryimage\"},\"thumbnailUrl\":\"https:\/\/now-news.de\/de\/wp-content\/uploads\/sites\/3\/2023\/04\/Viktor-Orban-Entsendung-von-EU-Soldaten-in-die-Ostukraine-fuehrt-zum.jpg\",\"datePublished\":\"2023-04-03T13:43:00+00:00\",\"dateModified\":\"2023-04-03T13:43:00+00:00\",\"breadcrumb\":{\"@id\":\"https:\/\/now-news.de\/de\/deutschland\/viktor-orban-entsendung-von-eu-soldaten-in-die-ostukraine-fuehrt-zum-dritten-weltkrieg\/#breadcrumb\"},\"inLanguage\":\"de\",\"potentialAction\":[{\"@type\":\"ReadAction\",\"target\":[\"https:\/\/now-news.de\/de\/deutschland\/viktor-orban-entsendung-von-eu-soldaten-in-die-ostukraine-fuehrt-zum-dritten-weltkrieg\/\"]}]},{\"@type\":\"ImageObject\",\"inLanguage\":\"de\",\"@id\":\"https:\/\/now-news.de\/de\/deutschland\/viktor-orban-entsendung-von-eu-soldaten-in-die-ostukraine-fuehrt-zum-dritten-weltkrieg\/#primaryimage\",\"url\":\"https:\/\/now-news.de\/de\/wp-content\/uploads\/sites\/3\/2023\/04\/Viktor-Orban-Entsendung-von-EU-Soldaten-in-die-Ostukraine-fuehrt-zum.jpg\",\"contentUrl\":\"https:\/\/now-news.de\/de\/wp-content\/uploads\/sites\/3\/2023\/04\/Viktor-Orban-Entsendung-von-EU-Soldaten-in-die-Ostukraine-fuehrt-zum.jpg\",\"width\":460,\"height\":259,\"caption\":\"Viktor Orb\u00e1n: Entsendung von EU-Soldaten in die Ostukraine f\u00fchrt zum Dritten Weltkrieg\"},{\"@type\":\"BreadcrumbList\",\"@id\":\"https:\/\/now-news.de\/de\/deutschland\/viktor-orban-entsendung-von-eu-soldaten-in-die-ostukraine-fuehrt-zum-dritten-weltkrieg\/#breadcrumb\",\"itemListElement\":[{\"@type\":\"ListItem\",\"position\":1,\"name\":\"Home\",\"item\":\"https:\/\/now-news.de\/de\/\"},{\"@type\":\"ListItem\",\"position\":2,\"name\":\"Viktor Orb\u00e1n: Entsendung von EU-Soldaten in die Ostukraine f\u00fchrt zum Dritten Weltkrieg\"}]},{\"@type\":\"WebSite\",\"@id\":\"https:\/\/now-news.de\/de\/#website\",\"url\":\"https:\/\/now-news.de\/de\/\",\"name\":\"just-now.NEWS Deutschland\",\"description\":\"Das Portal f\u00fcr unzensierte Nachrichten aus der Welt\",\"publisher\":{\"@id\":\"https:\/\/now-news.de\/de\/#organization\"},\"potentialAction\":[{\"@type\":\"SearchAction\",\"target\":{\"@type\":\"EntryPoint\",\"urlTemplate\":\"https:\/\/now-news.de\/de\/?s={search_term_string}\"},\"query-input\":\"required name=search_term_string\"}],\"inLanguage\":\"de\"},{\"@type\":\"Organization\",\"@id\":\"https:\/\/now-news.de\/de\/#organization\",\"name\":\"Just Now News\",\"url\":\"https:\/\/now-news.de\/de\/\",\"logo\":{\"@type\":\"ImageObject\",\"inLanguage\":\"de\",\"@id\":\"https:\/\/now-news.de\/de\/#\/schema\/logo\/image\/\",\"url\":\"http:\/\/just-now.news\/de\/wp-content\/uploads\/sites\/3\/2022\/04\/logo500x500.jpg\",\"contentUrl\":\"http:\/\/just-now.news\/de\/wp-content\/uploads\/sites\/3\/2022\/04\/logo500x500.jpg\",\"width\":500,\"height\":500,\"caption\":\"Just Now News\"},\"image\":{\"@id\":\"https:\/\/now-news.de\/de\/#\/schema\/logo\/image\/\"},\"sameAs\":[\"https:\/\/www.facebook.com\/wirmachenauf\",\"https:\/\/x.com\/WirMachenAuf_de\"]},{\"@type\":\"Person\",\"@id\":\"https:\/\/now-news.de\/de\/#\/schema\/person\/fb534a4e865501d8b3285208df34a9b5\",\"name\":\"rtnews\",\"image\":{\"@type\":\"ImageObject\",\"inLanguage\":\"de\",\"@id\":\"https:\/\/now-news.de\/de\/#\/schema\/person\/image\/\",\"url\":\"https:\/\/secure.gravatar.com\/avatar\/82aafea7d8127119dd649515f56e2117?s=96&d=mm&r=g\",\"contentUrl\":\"https:\/\/secure.gravatar.com\/avatar\/82aafea7d8127119dd649515f56e2117?s=96&d=mm&r=g\",\"caption\":\"rtnews\"},\"url\":\"https:\/\/now-news.de\/de\/author\/rnews\/\"}]}<\/script>\n<!-- \/ Yoast SEO Premium plugin. -->","yoast_head_json":{"title":"Viktor Orb\u00e1n: Entsendung von EU-Soldaten in die Ostukraine f\u00fchrt zum Dritten Weltkrieg - just-now.NEWS Deutschland","robots":{"index":"index","follow":"follow","max-snippet":"max-snippet:-1","max-image-preview":"max-image-preview:large","max-video-preview":"max-video-preview:-1"},"canonical":"https:\/\/now-news.de\/de\/deutschland\/viktor-orban-entsendung-von-eu-soldaten-in-die-ostukraine-fuehrt-zum-dritten-weltkrieg\/","og_locale":"de_DE","og_type":"article","og_title":"Viktor Orb\u00e1n: Entsendung von EU-Soldaten in die Ostukraine f\u00fchrt zum Dritten Weltkrieg","og_description":"Einem geheimen EU-Plan zufolge sollen EU-Soldaten zur Sicherung einer Waffenstillstandszone in die Ostukraine geschickt werden. Ungarns Ministerpr\u00e4sident Orb\u00e1n warnte in einem Interview vor der Eskalationsgefahr, die eine EU-Friedenssoldatenmission mit sich bringen w\u00fcrde. Unter den Staatschefs der EU werde die Entsendung von EU-Soldaten in die Ostukraine diskutiert, erkl\u00e4rte der ungarische Ministerpr\u00e4sident Viktor Orb\u00e1n. Wie der \u00f6sterreichische [&hellip;]","og_url":"https:\/\/now-news.de\/de\/deutschland\/viktor-orban-entsendung-von-eu-soldaten-in-die-ostukraine-fuehrt-zum-dritten-weltkrieg\/","og_site_name":"just-now.NEWS Deutschland","article_publisher":"https:\/\/www.facebook.com\/wirmachenauf","article_published_time":"2023-04-03T13:43:00+00:00","og_image":[{"width":460,"height":259,"url":"https:\/\/now-news.de\/de\/wp-content\/uploads\/sites\/3\/2023\/04\/Viktor-Orban-Entsendung-von-EU-Soldaten-in-die-Ostukraine-fuehrt-zum.jpg","type":"image\/jpeg"}],"author":"rtnews","twitter_card":"summary_large_image","twitter_creator":"@WirMachenAuf_de","twitter_site":"@WirMachenAuf_de","twitter_misc":{"Verfasst von":"rtnews","Gesch\u00e4tzte Lesezeit":"2\u00a0Minuten"},"schema":{"@context":"https:\/\/schema.org","@graph":[{"@type":"Article","@id":"https:\/\/now-news.de\/de\/deutschland\/viktor-orban-entsendung-von-eu-soldaten-in-die-ostukraine-fuehrt-zum-dritten-weltkrieg\/#article","isPartOf":{"@id":"https:\/\/now-news.de\/de\/deutschland\/viktor-orban-entsendung-von-eu-soldaten-in-die-ostukraine-fuehrt-zum-dritten-weltkrieg\/"},"author":{"name":"rtnews","@id":"https:\/\/now-news.de\/de\/#\/schema\/person\/fb534a4e865501d8b3285208df34a9b5"},"headline":"Viktor Orb\u00e1n: Entsendung von EU-Soldaten in die Ostukraine f\u00fchrt zum Dritten Weltkrieg","datePublished":"2023-04-03T13:43:00+00:00","dateModified":"2023-04-03T13:43:00+00:00","mainEntityOfPage":{"@id":"https:\/\/now-news.de\/de\/deutschland\/viktor-orban-entsendung-von-eu-soldaten-in-die-ostukraine-fuehrt-zum-dritten-weltkrieg\/"},"wordCount":361,"commentCount":0,"publisher":{"@id":"https:\/\/now-news.de\/de\/#organization"},"image":{"@id":"https:\/\/now-news.de\/de\/deutschland\/viktor-orban-entsendung-von-eu-soldaten-in-die-ostukraine-fuehrt-zum-dritten-weltkrieg\/#primaryimage"},"thumbnailUrl":"https:\/\/now-news.de\/de\/wp-content\/uploads\/sites\/3\/2023\/04\/Viktor-Orban-Entsendung-von-EU-Soldaten-in-die-Ostukraine-fuehrt-zum.jpg","keywords":["die","dritten","Entsendung","EUSoldaten","f\u00fchrt","Orb\u00e1n","ostukraine","Viktor","von","Weltkrieg","zum"],"articleSection":["Deutschland","Russland"],"inLanguage":"de","potentialAction":[{"@type":"CommentAction","name":"Comment","target":["https:\/\/now-news.de\/de\/deutschland\/viktor-orban-entsendung-von-eu-soldaten-in-die-ostukraine-fuehrt-zum-dritten-weltkrieg\/#respond"]}]},{"@type":"WebPage","@id":"https:\/\/now-news.de\/de\/deutschland\/viktor-orban-entsendung-von-eu-soldaten-in-die-ostukraine-fuehrt-zum-dritten-weltkrieg\/","url":"https:\/\/now-news.de\/de\/deutschland\/viktor-orban-entsendung-von-eu-soldaten-in-die-ostukraine-fuehrt-zum-dritten-weltkrieg\/","name":"Viktor Orb\u00e1n: Entsendung von EU-Soldaten in die Ostukraine f\u00fchrt zum Dritten Weltkrieg - just-now.NEWS Deutschland","isPartOf":{"@id":"https:\/\/now-news.de\/de\/#website"},"primaryImageOfPage":{"@id":"https:\/\/now-news.de\/de\/deutschland\/viktor-orban-entsendung-von-eu-soldaten-in-die-ostukraine-fuehrt-zum-dritten-weltkrieg\/#primaryimage"},"image":{"@id":"https:\/\/now-news.de\/de\/deutschland\/viktor-orban-entsendung-von-eu-soldaten-in-die-ostukraine-fuehrt-zum-dritten-weltkrieg\/#primaryimage"},"thumbnailUrl":"https:\/\/now-news.de\/de\/wp-content\/uploads\/sites\/3\/2023\/04\/Viktor-Orban-Entsendung-von-EU-Soldaten-in-die-Ostukraine-fuehrt-zum.jpg","datePublished":"2023-04-03T13:43:00+00:00","dateModified":"2023-04-03T13:43:00+00:00","breadcrumb":{"@id":"https:\/\/now-news.de\/de\/deutschland\/viktor-orban-entsendung-von-eu-soldaten-in-die-ostukraine-fuehrt-zum-dritten-weltkrieg\/#breadcrumb"},"inLanguage":"de","potentialAction":[{"@type":"ReadAction","target":["https:\/\/now-news.de\/de\/deutschland\/viktor-orban-entsendung-von-eu-soldaten-in-die-ostukraine-fuehrt-zum-dritten-weltkrieg\/"]}]},{"@type":"ImageObject","inLanguage":"de","@id":"https:\/\/now-news.de\/de\/deutschland\/viktor-orban-entsendung-von-eu-soldaten-in-die-ostukraine-fuehrt-zum-dritten-weltkrieg\/#primaryimage","url":"https:\/\/now-news.de\/de\/wp-content\/uploads\/sites\/3\/2023\/04\/Viktor-Orban-Entsendung-von-EU-Soldaten-in-die-Ostukraine-fuehrt-zum.jpg","contentUrl":"https:\/\/now-news.de\/de\/wp-content\/uploads\/sites\/3\/2023\/04\/Viktor-Orban-Entsendung-von-EU-Soldaten-in-die-Ostukraine-fuehrt-zum.jpg","width":460,"height":259,"caption":"Viktor Orb\u00e1n: Entsendung von EU-Soldaten in die Ostukraine f\u00fchrt zum Dritten Weltkrieg"},{"@type":"BreadcrumbList","@id":"https:\/\/now-news.de\/de\/deutschland\/viktor-orban-entsendung-von-eu-soldaten-in-die-ostukraine-fuehrt-zum-dritten-weltkrieg\/#breadcrumb","itemListElement":[{"@type":"ListItem","position":1,"name":"Home","item":"https:\/\/now-news.de\/de\/"},{"@type":"ListItem","position":2,"name":"Viktor Orb\u00e1n: Entsendung von EU-Soldaten in die Ostukraine f\u00fchrt zum Dritten Weltkrieg"}]},{"@type":"WebSite","@id":"https:\/\/now-news.de\/de\/#website","url":"https:\/\/now-news.de\/de\/","name":"just-now.NEWS Deutschland","description":"Das Portal f\u00fcr unzensierte Nachrichten aus der Welt","publisher":{"@id":"https:\/\/now-news.de\/de\/#organization"},"potentialAction":[{"@type":"SearchAction","target":{"@type":"EntryPoint","urlTemplate":"https:\/\/now-news.de\/de\/?s={search_term_string}"},"query-input":"required name=search_term_string"}],"inLanguage":"de"},{"@type":"Organization","@id":"https:\/\/now-news.de\/de\/#organization","name":"Just Now News","url":"https:\/\/now-news.de\/de\/","logo":{"@type":"ImageObject","inLanguage":"de","@id":"https:\/\/now-news.de\/de\/#\/schema\/logo\/image\/","url":"http:\/\/just-now.news\/de\/wp-content\/uploads\/sites\/3\/2022\/04\/logo500x500.jpg","contentUrl":"http:\/\/just-now.news\/de\/wp-content\/uploads\/sites\/3\/2022\/04\/logo500x500.jpg","width":500,"height":500,"caption":"Just Now News"},"image":{"@id":"https:\/\/now-news.de\/de\/#\/schema\/logo\/image\/"},"sameAs":["https:\/\/www.facebook.com\/wirmachenauf","https:\/\/x.com\/WirMachenAuf_de"]},{"@type":"Person","@id":"https:\/\/now-news.de\/de\/#\/schema\/person\/fb534a4e865501d8b3285208df34a9b5","name":"rtnews","image":{"@type":"ImageObject","inLanguage":"de","@id":"https:\/\/now-news.de\/de\/#\/schema\/person\/image\/","url":"https:\/\/secure.gravatar.com\/avatar\/82aafea7d8127119dd649515f56e2117?s=96&d=mm&r=g","contentUrl":"https:\/\/secure.gravatar.com\/avatar\/82aafea7d8127119dd649515f56e2117?s=96&d=mm&r=g","caption":"rtnews"},"url":"https:\/\/now-news.de\/de\/author\/rnews\/"}]}},"_links":{"self":[{"href":"https:\/\/now-news.de\/de\/wp-json\/wp\/v2\/posts\/33457"}],"collection":[{"href":"https:\/\/now-news.de\/de\/wp-json\/wp\/v2\/posts"}],"about":[{"href":"https:\/\/now-news.de\/de\/wp-json\/wp\/v2\/types\/post"}],"author":[{"embeddable":true,"href":"https:\/\/now-news.de\/de\/wp-json\/wp\/v2\/users\/3"}],"replies":[{"embeddable":true,"href":"https:\/\/now-news.de\/de\/wp-json\/wp\/v2\/comments?post=33457"}],"version-history":[{"count":0,"href":"https:\/\/now-news.de\/de\/wp-json\/wp\/v2\/posts\/33457\/revisions"}],"wp:featuredmedia":[{"embeddable":true,"href":"https:\/\/now-news.de\/de\/wp-json\/wp\/v2\/media\/33458"}],"wp:attachment":[{"href":"https:\/\/now-news.de\/de\/wp-json\/wp\/v2\/media?parent=33457"}],"wp:term":[{"taxonomy":"category","embeddable":true,"href":"https:\/\/now-news.de\/de\/wp-json\/wp\/v2\/categories?post=33457"},{"taxonomy":"post_tag","embeddable":true,"href":"https:\/\/now-news.de\/de\/wp-json\/wp\/v2\/tags?post=33457"}],"curies":[{"name":"wp","href":"https:\/\/api.w.org\/{rel}","templated":true}]}}