{"id":33436,"date":"2023-04-03T08:18:50","date_gmt":"2023-04-03T06:18:50","guid":{"rendered":"https:\/\/just-now.news\/de\/deutschland\/zusammenarbeit-mit-den-haag-oder-nicht-stunde-der-wahrheit-fuer-den-us-imperialismus\/"},"modified":"2023-04-03T08:18:50","modified_gmt":"2023-04-03T06:18:50","slug":"zusammenarbeit-mit-den-haag-oder-nicht-stunde-der-wahrheit-fuer-den-us-imperialismus","status":"publish","type":"post","link":"https:\/\/now-news.de\/de\/deutschland\/zusammenarbeit-mit-den-haag-oder-nicht-stunde-der-wahrheit-fuer-den-us-imperialismus\/","title":{"rendered":"Zusammenarbeit mit Den Haag oder nicht? Stunde der Wahrheit f\u00fcr den US-Imperialismus"},"content":{"rendered":"<p><img decoding=\"async\" src=\"http:\/\/just-now.news\/de\/wp-content\/uploads\/sites\/3\/2023\/04\/6429993cb480cc7a6b3e313d.jpg\" \/><\/p>\n<div class=\"Text-root Text-type_1 \">\n                Washington kann entweder seine imperialistischen Projekte oder sein moralisches Image retten \u2013 aber nicht beides. Und das wird ernsthafte Auswirkungen auf die F\u00e4higkeit von Onkel Sam haben, seine ewigen Kriege ungestraft fortzusetzen.\n            <\/div>\n<p><\/p>\n<div class=\"Text-root Text-type_5 ArticleView-text ViewText-root \">\n<p><em>Ein Kommentar von Bradley Blankenship<\/em><\/p>\n<p>Das Pentagon hat laut einem <a rel=\"nofollow noopener\" target=\"_blank\" href=\"https:\/\/www.nytimes.com\/2023\/03\/08\/us\/politics\/pentagon-war-crimes-hague.html\">Bericht<\/a> der <em>New York Times<\/em> (<em>NYT<\/em>) vom 8. M\u00e4rz Versuche der US-Bundesregierung unterbunden, Beweise f\u00fcr mutma\u00dfliche russische Kriegsverbrechen in der Ukraine dem Internationalen Strafgerichtshof (IStGH) in Den Haag zu \u00fcbermitteln.<\/p>\n<p>Die Begr\u00fcndung f\u00fcr diese Entscheidung ist laut <em>NYT<\/em>, dass &#8220;amerikanische Milit\u00e4rs es ablehnen, dem Gericht bei Ermittlungen gegen die Russen zu helfen, weil sie bef\u00fcrchten, damit einen Pr\u00e4zedenzfall zu schaffen, der dazu beitragen k\u00f6nnte, dass es den Weg f\u00fcr die Verfolgung von US-Amerikanern ebnen k\u00f6nnte&#8221;. Dies hat nun einen Streit innerhalb der Administration von Pr\u00e4sident Joe Biden dar\u00fcber ausgel\u00f6st, was richtig und was falsch ist.<\/p>\n<p>Laut <em>NYT<\/em> und Beamten, mit denen die Zeitung gesprochen hat, &#8220;bef\u00fcrwortet ein Teil der Administration, einschlie\u00dflich der Geheimdienste und des Au\u00dfen- und Justizministeriums, die Beweise vor Gericht einzureichen&#8221;. Pr\u00e4sident Biden muss nur noch entscheiden, ob die USA an ihrer Zusage festhalten werde, die europ\u00e4ische Initiative zur Verfolgung mutma\u00dflicher russischer Kriegsverbrecher zu unterst\u00fctzen, oder ob man es ganz vermeiden wolle, diese B\u00fcchse der Pandora zu \u00f6ffnen.<\/p>\n<p>Berichten zufolge hat der Nationale Sicherheitsrat am 3. Februar einen Ausschuss auf Kabinettsebene zusammengetrommelt, um die Angelegenheit zu er\u00f6rtern. Aber laut der von der <em>NYT<\/em> zitierten Beamten war Verteidigungsminister Lloyd Austin der Querdenker. Er bef\u00fcrchtete, dass seine eigenen Leute eines Tages in Den Haag vor Gericht gestellt werden k\u00f6nnten, sollte die amerikanische Kriegsmaschinerie erneut ihr h\u00e4ssliches Haupt erheben. Sogar in der Vergangenheit liegende Ereignisse wie die Invasion im Irak oder die aktuellen illegalen Operationen wie die Besetzung von Teilen des syrischen Territoriums und Drohnenangriffe in Pakistan k\u00f6nnten dazu f\u00fchren, dass US-Amerikaner vom IStGH strafrechtlich verfolgt werden k\u00f6nnen.<\/p>\n<p>Die Vereinigten Staaten haben seit jeher eine seltsame Beziehung zum IStGH. Der Gerichtshof wurde gem\u00e4\u00df dem R\u00f6mischen Statut aus dem Jahr 1998 eingerichtet, um Vorw\u00fcrfen von Kriegsverbrechen, V\u00f6lkermord und Verbrechen gegen die Menschlichkeit nachzugehen, und war eine juristische B\u00fchne f\u00fcr die Ereignisse in Ruanda und im ehemaligen Jugoslawien. W\u00e4hrend die USA die Verhandlungen erleichterten, die letztlich zum R\u00f6mischen Statut f\u00fchrten, blieb es eines von sieben L\u00e4ndern \u2013 zusammen mit China, dem Irak, Israel, Libyen, Katar und dem Jemen \u2013 das sich letztlich gegen das Statut stellte.<\/p>\n<p>Zwar <a rel=\"nofollow noopener\" target=\"_blank\" href=\"https:\/\/1997-2001.state.gov\/global\/swci\/001231_clinton_icc.html\">unterzeichnete<\/a> Pr\u00e4sident Bill Clinton das Statut im Jahr 2000,legte es dem US-Senat aber erst dann zur Ratifizierung vor, als weitere Einzelheiten \u00fcber die Aufgaben des Gerichtshofs bekannt waren. Nachdem Pr\u00e4sident George W. Bush im Jahr 2002 lediglich 60 Stimmen f\u00fcr die Ratifizierung mobilisieren konnte, <a rel=\"nofollow noopener\" target=\"_blank\" href=\"https:\/\/www.asil.org\/insights\/volume\/7\/issue\/7\/us-announces-intent-not-ratify-international-criminal-court-treaty\">teilte<\/a> er den Vereinten Nationen mit, dass die Vereinigten Staaten ihre Unterzeichnung f\u00fcr das R\u00f6mische Statut \u2013 kurz nach der Invasion in Afghanistan und vor der Invasion im Irak \u2013 offiziell zur\u00fcckgezogen h\u00e4tten. Pr\u00e4sident Donald Trump ging sogar so weit, einzelne Mitglieder des Gerichtshofs per Exekutivverordnung wegen ihrer Ermittlungen zu mutma\u00dflichen amerikanischen Kriegsverbrechen in Afghanistan zu <a rel=\"nofollow noopener\" target=\"_blank\" href=\"https:\/\/www.hrw.org\/news\/2020\/12\/14\/us-sanctions-international-criminal-court\">sanktionieren<\/a>. Pr\u00e4sident Biden hat diese Sanktionen jedoch inzwischen <a rel=\"nofollow noopener\" target=\"_blank\" href=\"https:\/\/www.state.gov\/ending-sanctions-and-visa-restrictions-against-personnel-of-the-international-criminal-court\/\">aufgehoben<\/a> und die Ermittlungen wurden daraufhin eingestellt.<\/p>\n<p>Das US-Milit\u00e4r und die mit ihm verbundenen Thinktanks standen dem IStGH schon immer kritisch gegen\u00fcber, weil das Gericht keine Geschworenen f\u00fchrt, was mit der US-Verfassung nicht vereinbar ist. Beispielsweise <a rel=\"nofollow noopener\" target=\"_blank\" href=\"https:\/\/www.heritage.org\/report\/the-international-criminal-court-vs-the-american-people\">bemerkte<\/a> die konservative Heritage Foundation, dass &#8220;die Beteiligung der Vereinigten Staaten am IStGH-Vertrag auch deshalb verfassungswidrig w\u00e4re, weil sie den Prozess gegen US-B\u00fcrger f\u00fcr Verbrechen erm\u00f6glichen w\u00fcrde, die auf US-amerikanischem Boden begangen wurden, f\u00fcr die ansonsten vollst\u00e4ndig die Justiz der Vereinigten Staaten zust\u00e4ndig w\u00e4re. Der Oberste Gerichtshof hatte seit Langem entschieden, dass nur die Gerichte der Vereinigten Staaten, wie sie in der Verfassung verankert sind, solche Straftaten behandeln k\u00f6nnen.&#8221;<\/p>\n<p>Trotz dieser komplizierten und weitgehend ablehnenden Beziehung erkannten die USA die Realit\u00e4t des IStGH an und unternahmen in der Vergangenheit einige Schritte, um mit der Institution zusammenzuarbeiten, insbesondere unter Pr\u00e4sident Barack Obama. Im Dezember 2022 erlie\u00df der US-Kongress eine au\u00dfergew\u00f6hnliche <a rel=\"nofollow noopener\" target=\"_blank\" href=\"https:\/\/www.congress.gov\/bill\/117th-congress\/house-bill\/2617\">Bestimmung<\/a> in Bezug auf das Gericht, die es der US-Regierung im Rahmen des allgemeinen Haushaltsentwurfs erlaubt, bei &#8220;Ermittlungen und Strafverfolgungen von Ausl\u00e4ndern im Zusammenhang mit der Situation in der Ukraine, einschlie\u00dflich der Unterst\u00fctzung von Opfern und Zeugen&#8221; zu unterst\u00fctzen.<\/p>\n<p>Dies schuf im Wesentlichen eine rechtliche und vielleicht moralische Ausnahme, bei der die USA ihren Teil des Kuchens bekommen und ihn in Bezug auf den IStGH auch essen konnten. Als der IStGH k\u00fcrzlich einen Haftbefehl gegen den russischen Pr\u00e4sidenten Wladimir Putin wegen angeblicher &#8220;Kriegsverbrechen&#8221; erlie\u00df, reagierte Biden positiv darauf und sagte: &#8220;Ich denke, das ist gerechtfertigt&#8221; und obwohl die USA den IStGH nicht anerkennen, &#8220;glaube ich, dass es ein sehr starkes Zeichen setzt.&#8221; Moskau hat seinerseits alle Anschuldigungen zur\u00fcckgewiesen und erkl\u00e4rt, dass der IStGH f\u00fcr Russland nicht zust\u00e4ndig sei, da Russland keine Vertragspartei des R\u00f6mischen Statuts ist.<\/p>\n<p>Dennoch muss sich Au\u00dfenminister Austin bewusst sein, dass derselbe Prozess, der jetzt gegen Russland aufgegleist wird, eines Tages auch gegen US-Soldaten gef\u00fchrt werden k\u00f6nnte\u00a0\u2013 angesichts der schier endlosen Liste von Invasionen und der au\u00dferordentlich gut dokumentierten Chronik von Kriegsverbrechen, die von den USA begangen und von denen viele von WikiLeaks <a rel=\"nofollow noopener\" target=\"_blank\" href=\"https:\/\/wikileaks.org\/+-War-Military-+.html\">aufgedeckt<\/a> wurden.<\/p>\n<p>Welchen Weg Pr\u00e4sident Biden auch einschlagen wird, es wird weitreichende Folgen f\u00fcr das breitere Ansehen der USA sowohl bei Verb\u00fcndeten und Gegnern gleicherma\u00dfen haben. Wenn er sich auf die Seite des Pentagons stellt, wird die US-Regierung als ultimativer Heuchler dastehen \u2013 einer, der Russland wegen angeblichen Fehlverhaltens verurteilt, w\u00e4hrend er Doppelschichten einlegt, um seine eigene Haut zu retten, wenn es um die schlimmsten vorstellbaren Verbrechen geht. Aber wenn Biden sich auf die Seite der Mehrheit seiner Administration stellt, k\u00f6nnte dies eines Tages zur Strafverfolgung amerikanischer Soldaten f\u00fchren Und das wird ernsthafte Auswirkungen auf die F\u00e4higkeit von Onkel Sam haben, seine ewigen Kriege ungestraft fortzusetzen.<\/p>\n<p><strong><\/strong><em>Aus dem <a rel=\"nofollow noopener\" target=\"_blank\" href=\"https:\/\/www.rt.com\/news\/573363-biden-decision-icc-cooperation-us\/\">Englischen<\/a><\/em><\/p>\n<p><em><strong>Bradley Blankenship<\/strong> ist ein in Prag lebender US-amerikanischer Journalist, Kolumnist und politischer Kommentator. Er hat eine Kolumne bei CGTN und ist freiberuflicher Reporter f\u00fcr internationale Nachrichtenagenturen, darunter die Nachrichtenagentur Xinhua. Er twittert auf\u00a0<a rel=\"nofollow noopener\" target=\"_blank\" href=\"https:\/\/twitter.com\/bradblank_\">@BradBlank_<\/a><\/em><\/p>\n<p><strong>Mehr zum Thema\u00a0<\/strong>&#8211; <a rel=\"nofollow noopener\" target=\"_blank\" href=\"https:\/\/test.rtde.life\/meinung\/165864-putin-haftbefehl-us-praesidenten\/\">Putin-Haftbefehl: Wann werden US-Pr\u00e4sidenten f\u00fcr Kriegsverbrechen zur Rechenschaft gezogen?<\/a><\/p>\n<\/div>\n<p><script async src=\"https:\/\/platform.twitter.com\/widgets.js\" charset=\"utf-8\"><\/script><br \/>\n<br \/><br \/>\n<br \/><a href=\"https:\/\/de.rt.com\/meinung\/166814-zusammenarbeit-mit-haag-oder-nicht\/\">Source link <\/a><\/p>\n","protected":false},"excerpt":{"rendered":"<p>Washington kann entweder seine imperialistischen Projekte oder sein moralisches Image retten \u2013 aber nicht beides. Und das wird ernsthafte Auswirkungen auf die F\u00e4higkeit von Onkel Sam haben, seine ewigen Kriege ungestraft fortzusetzen. Ein Kommentar von Bradley Blankenship Das Pentagon hat laut einem Bericht der New York Times (NYT) vom 8. M\u00e4rz Versuche der US-Bundesregierung unterbunden, [&hellip;]<\/p>\n","protected":false},"author":3,"featured_media":33437,"comment_status":"open","ping_status":"open","sticky":false,"template":"","format":"standard","meta":{"_yoast_indexnow_last_ping":["1680502871"],"wp_automatic_camp":["217"],"6b125dc5e3c7223462847d71d00136e5":["Zusammenarbeit mit Den Haag oder nicht? Stunde der Wahrheit f\u00fcr den US-Imperialismus"],"original_link":["https:\/\/de.rt.com\/meinung\/166814-zusammenarbeit-mit-haag-oder-nicht\/"],"_thumbnail_id":["33437"],"_wptgpro_p2tg_sent2tg":["a:1:{i:23737;s:19:\"2023-04-03 08:22:41\";}"],"jnews_social_counter_last_update":["1777305679"]},"categories":[19,23],"tags":[48,82,221,6302,419,800,268,4502,42711,8893,5645],"yoast_head":"<!-- This site is optimized with the Yoast SEO Premium plugin v22.7 (Yoast SEO v22.7) - https:\/\/yoast.com\/wordpress\/plugins\/seo\/ -->\n<title>Zusammenarbeit mit Den Haag oder nicht? Stunde der Wahrheit f\u00fcr den US-Imperialismus - just-now.NEWS Deutschland<\/title>\n<meta name=\"robots\" content=\"index, follow, max-snippet:-1, max-image-preview:large, max-video-preview:-1\" \/>\n<link rel=\"canonical\" href=\"https:\/\/now-news.de\/de\/deutschland\/zusammenarbeit-mit-den-haag-oder-nicht-stunde-der-wahrheit-fuer-den-us-imperialismus\/\" \/>\n<meta property=\"og:locale\" content=\"de_DE\" \/>\n<meta property=\"og:type\" content=\"article\" \/>\n<meta property=\"og:title\" content=\"Zusammenarbeit mit Den Haag oder nicht? Stunde der Wahrheit f\u00fcr den US-Imperialismus\" \/>\n<meta property=\"og:description\" content=\"Washington kann entweder seine imperialistischen Projekte oder sein moralisches Image retten \u2013 aber nicht beides. Und das wird ernsthafte Auswirkungen auf die F\u00e4higkeit von Onkel Sam haben, seine ewigen Kriege ungestraft fortzusetzen. Ein Kommentar von Bradley Blankenship Das Pentagon hat laut einem Bericht der New York Times (NYT) vom 8. M\u00e4rz Versuche der US-Bundesregierung unterbunden, [&hellip;]\" \/>\n<meta property=\"og:url\" content=\"https:\/\/now-news.de\/de\/deutschland\/zusammenarbeit-mit-den-haag-oder-nicht-stunde-der-wahrheit-fuer-den-us-imperialismus\/\" \/>\n<meta property=\"og:site_name\" content=\"just-now.NEWS Deutschland\" \/>\n<meta property=\"article:publisher\" content=\"https:\/\/www.facebook.com\/wirmachenauf\" \/>\n<meta property=\"article:published_time\" content=\"2023-04-03T06:18:50+00:00\" \/>\n<meta property=\"og:image\" content=\"https:\/\/now-news.de\/de\/wp-content\/uploads\/sites\/3\/2023\/04\/Zusammenarbeit-mit-Den-Haag-oder-nicht-Stunde-der-Wahrheit-fuer.jpg\" \/>\n\t<meta property=\"og:image:width\" content=\"460\" \/>\n\t<meta property=\"og:image:height\" content=\"259\" \/>\n\t<meta property=\"og:image:type\" content=\"image\/jpeg\" \/>\n<meta name=\"author\" content=\"rtnews\" \/>\n<meta name=\"twitter:card\" content=\"summary_large_image\" \/>\n<meta name=\"twitter:creator\" content=\"@WirMachenAuf_de\" \/>\n<meta name=\"twitter:site\" content=\"@WirMachenAuf_de\" \/>\n<meta name=\"twitter:label1\" content=\"Verfasst von\" \/>\n\t<meta name=\"twitter:data1\" content=\"rtnews\" \/>\n\t<meta name=\"twitter:label2\" content=\"Gesch\u00e4tzte Lesezeit\" \/>\n\t<meta name=\"twitter:data2\" content=\"5\u00a0Minuten\" \/>\n<script type=\"application\/ld+json\" class=\"yoast-schema-graph\">{\"@context\":\"https:\/\/schema.org\",\"@graph\":[{\"@type\":\"Article\",\"@id\":\"https:\/\/now-news.de\/de\/deutschland\/zusammenarbeit-mit-den-haag-oder-nicht-stunde-der-wahrheit-fuer-den-us-imperialismus\/#article\",\"isPartOf\":{\"@id\":\"https:\/\/now-news.de\/de\/deutschland\/zusammenarbeit-mit-den-haag-oder-nicht-stunde-der-wahrheit-fuer-den-us-imperialismus\/\"},\"author\":{\"name\":\"rtnews\",\"@id\":\"https:\/\/now-news.de\/de\/#\/schema\/person\/fb534a4e865501d8b3285208df34a9b5\"},\"headline\":\"Zusammenarbeit mit Den Haag oder nicht? Stunde der Wahrheit f\u00fcr den US-Imperialismus\",\"datePublished\":\"2023-04-03T06:18:50+00:00\",\"dateModified\":\"2023-04-03T06:18:50+00:00\",\"mainEntityOfPage\":{\"@id\":\"https:\/\/now-news.de\/de\/deutschland\/zusammenarbeit-mit-den-haag-oder-nicht-stunde-der-wahrheit-fuer-den-us-imperialismus\/\"},\"wordCount\":1077,\"commentCount\":0,\"publisher\":{\"@id\":\"https:\/\/now-news.de\/de\/#organization\"},\"image\":{\"@id\":\"https:\/\/now-news.de\/de\/deutschland\/zusammenarbeit-mit-den-haag-oder-nicht-stunde-der-wahrheit-fuer-den-us-imperialismus\/#primaryimage\"},\"thumbnailUrl\":\"https:\/\/now-news.de\/de\/wp-content\/uploads\/sites\/3\/2023\/04\/Zusammenarbeit-mit-Den-Haag-oder-nicht-Stunde-der-Wahrheit-fuer.jpg\",\"keywords\":[\"den\",\"der\",\"f\u00fcr\",\"Haag\",\"mit\",\"nicht\",\"oder\",\"Stunde\",\"USImperialismus\",\"wahrheit\",\"Zusammenarbeit\"],\"articleSection\":[\"Deutschland\",\"Russland\"],\"inLanguage\":\"de\",\"potentialAction\":[{\"@type\":\"CommentAction\",\"name\":\"Comment\",\"target\":[\"https:\/\/now-news.de\/de\/deutschland\/zusammenarbeit-mit-den-haag-oder-nicht-stunde-der-wahrheit-fuer-den-us-imperialismus\/#respond\"]}]},{\"@type\":\"WebPage\",\"@id\":\"https:\/\/now-news.de\/de\/deutschland\/zusammenarbeit-mit-den-haag-oder-nicht-stunde-der-wahrheit-fuer-den-us-imperialismus\/\",\"url\":\"https:\/\/now-news.de\/de\/deutschland\/zusammenarbeit-mit-den-haag-oder-nicht-stunde-der-wahrheit-fuer-den-us-imperialismus\/\",\"name\":\"Zusammenarbeit mit Den Haag oder nicht? Stunde der Wahrheit f\u00fcr den US-Imperialismus - just-now.NEWS Deutschland\",\"isPartOf\":{\"@id\":\"https:\/\/now-news.de\/de\/#website\"},\"primaryImageOfPage\":{\"@id\":\"https:\/\/now-news.de\/de\/deutschland\/zusammenarbeit-mit-den-haag-oder-nicht-stunde-der-wahrheit-fuer-den-us-imperialismus\/#primaryimage\"},\"image\":{\"@id\":\"https:\/\/now-news.de\/de\/deutschland\/zusammenarbeit-mit-den-haag-oder-nicht-stunde-der-wahrheit-fuer-den-us-imperialismus\/#primaryimage\"},\"thumbnailUrl\":\"https:\/\/now-news.de\/de\/wp-content\/uploads\/sites\/3\/2023\/04\/Zusammenarbeit-mit-Den-Haag-oder-nicht-Stunde-der-Wahrheit-fuer.jpg\",\"datePublished\":\"2023-04-03T06:18:50+00:00\",\"dateModified\":\"2023-04-03T06:18:50+00:00\",\"breadcrumb\":{\"@id\":\"https:\/\/now-news.de\/de\/deutschland\/zusammenarbeit-mit-den-haag-oder-nicht-stunde-der-wahrheit-fuer-den-us-imperialismus\/#breadcrumb\"},\"inLanguage\":\"de\",\"potentialAction\":[{\"@type\":\"ReadAction\",\"target\":[\"https:\/\/now-news.de\/de\/deutschland\/zusammenarbeit-mit-den-haag-oder-nicht-stunde-der-wahrheit-fuer-den-us-imperialismus\/\"]}]},{\"@type\":\"ImageObject\",\"inLanguage\":\"de\",\"@id\":\"https:\/\/now-news.de\/de\/deutschland\/zusammenarbeit-mit-den-haag-oder-nicht-stunde-der-wahrheit-fuer-den-us-imperialismus\/#primaryimage\",\"url\":\"https:\/\/now-news.de\/de\/wp-content\/uploads\/sites\/3\/2023\/04\/Zusammenarbeit-mit-Den-Haag-oder-nicht-Stunde-der-Wahrheit-fuer.jpg\",\"contentUrl\":\"https:\/\/now-news.de\/de\/wp-content\/uploads\/sites\/3\/2023\/04\/Zusammenarbeit-mit-Den-Haag-oder-nicht-Stunde-der-Wahrheit-fuer.jpg\",\"width\":460,\"height\":259,\"caption\":\"Zusammenarbeit mit Den Haag oder nicht? Stunde der Wahrheit f\u00fcr den US-Imperialismus\"},{\"@type\":\"BreadcrumbList\",\"@id\":\"https:\/\/now-news.de\/de\/deutschland\/zusammenarbeit-mit-den-haag-oder-nicht-stunde-der-wahrheit-fuer-den-us-imperialismus\/#breadcrumb\",\"itemListElement\":[{\"@type\":\"ListItem\",\"position\":1,\"name\":\"Home\",\"item\":\"https:\/\/now-news.de\/de\/\"},{\"@type\":\"ListItem\",\"position\":2,\"name\":\"Zusammenarbeit mit Den Haag oder nicht? Stunde der Wahrheit f\u00fcr den US-Imperialismus\"}]},{\"@type\":\"WebSite\",\"@id\":\"https:\/\/now-news.de\/de\/#website\",\"url\":\"https:\/\/now-news.de\/de\/\",\"name\":\"just-now.NEWS Deutschland\",\"description\":\"Das Portal f\u00fcr unzensierte Nachrichten aus der Welt\",\"publisher\":{\"@id\":\"https:\/\/now-news.de\/de\/#organization\"},\"potentialAction\":[{\"@type\":\"SearchAction\",\"target\":{\"@type\":\"EntryPoint\",\"urlTemplate\":\"https:\/\/now-news.de\/de\/?s={search_term_string}\"},\"query-input\":\"required name=search_term_string\"}],\"inLanguage\":\"de\"},{\"@type\":\"Organization\",\"@id\":\"https:\/\/now-news.de\/de\/#organization\",\"name\":\"Just Now News\",\"url\":\"https:\/\/now-news.de\/de\/\",\"logo\":{\"@type\":\"ImageObject\",\"inLanguage\":\"de\",\"@id\":\"https:\/\/now-news.de\/de\/#\/schema\/logo\/image\/\",\"url\":\"http:\/\/just-now.news\/de\/wp-content\/uploads\/sites\/3\/2022\/04\/logo500x500.jpg\",\"contentUrl\":\"http:\/\/just-now.news\/de\/wp-content\/uploads\/sites\/3\/2022\/04\/logo500x500.jpg\",\"width\":500,\"height\":500,\"caption\":\"Just Now News\"},\"image\":{\"@id\":\"https:\/\/now-news.de\/de\/#\/schema\/logo\/image\/\"},\"sameAs\":[\"https:\/\/www.facebook.com\/wirmachenauf\",\"https:\/\/x.com\/WirMachenAuf_de\"]},{\"@type\":\"Person\",\"@id\":\"https:\/\/now-news.de\/de\/#\/schema\/person\/fb534a4e865501d8b3285208df34a9b5\",\"name\":\"rtnews\",\"image\":{\"@type\":\"ImageObject\",\"inLanguage\":\"de\",\"@id\":\"https:\/\/now-news.de\/de\/#\/schema\/person\/image\/\",\"url\":\"https:\/\/secure.gravatar.com\/avatar\/82aafea7d8127119dd649515f56e2117?s=96&d=mm&r=g\",\"contentUrl\":\"https:\/\/secure.gravatar.com\/avatar\/82aafea7d8127119dd649515f56e2117?s=96&d=mm&r=g\",\"caption\":\"rtnews\"},\"url\":\"https:\/\/now-news.de\/de\/author\/rnews\/\"}]}<\/script>\n<!-- \/ Yoast SEO Premium plugin. -->","yoast_head_json":{"title":"Zusammenarbeit mit Den Haag oder nicht? Stunde der Wahrheit f\u00fcr den US-Imperialismus - just-now.NEWS Deutschland","robots":{"index":"index","follow":"follow","max-snippet":"max-snippet:-1","max-image-preview":"max-image-preview:large","max-video-preview":"max-video-preview:-1"},"canonical":"https:\/\/now-news.de\/de\/deutschland\/zusammenarbeit-mit-den-haag-oder-nicht-stunde-der-wahrheit-fuer-den-us-imperialismus\/","og_locale":"de_DE","og_type":"article","og_title":"Zusammenarbeit mit Den Haag oder nicht? Stunde der Wahrheit f\u00fcr den US-Imperialismus","og_description":"Washington kann entweder seine imperialistischen Projekte oder sein moralisches Image retten \u2013 aber nicht beides. Und das wird ernsthafte Auswirkungen auf die F\u00e4higkeit von Onkel Sam haben, seine ewigen Kriege ungestraft fortzusetzen. Ein Kommentar von Bradley Blankenship Das Pentagon hat laut einem Bericht der New York Times (NYT) vom 8. M\u00e4rz Versuche der US-Bundesregierung unterbunden, [&hellip;]","og_url":"https:\/\/now-news.de\/de\/deutschland\/zusammenarbeit-mit-den-haag-oder-nicht-stunde-der-wahrheit-fuer-den-us-imperialismus\/","og_site_name":"just-now.NEWS Deutschland","article_publisher":"https:\/\/www.facebook.com\/wirmachenauf","article_published_time":"2023-04-03T06:18:50+00:00","og_image":[{"width":460,"height":259,"url":"https:\/\/now-news.de\/de\/wp-content\/uploads\/sites\/3\/2023\/04\/Zusammenarbeit-mit-Den-Haag-oder-nicht-Stunde-der-Wahrheit-fuer.jpg","type":"image\/jpeg"}],"author":"rtnews","twitter_card":"summary_large_image","twitter_creator":"@WirMachenAuf_de","twitter_site":"@WirMachenAuf_de","twitter_misc":{"Verfasst von":"rtnews","Gesch\u00e4tzte Lesezeit":"5\u00a0Minuten"},"schema":{"@context":"https:\/\/schema.org","@graph":[{"@type":"Article","@id":"https:\/\/now-news.de\/de\/deutschland\/zusammenarbeit-mit-den-haag-oder-nicht-stunde-der-wahrheit-fuer-den-us-imperialismus\/#article","isPartOf":{"@id":"https:\/\/now-news.de\/de\/deutschland\/zusammenarbeit-mit-den-haag-oder-nicht-stunde-der-wahrheit-fuer-den-us-imperialismus\/"},"author":{"name":"rtnews","@id":"https:\/\/now-news.de\/de\/#\/schema\/person\/fb534a4e865501d8b3285208df34a9b5"},"headline":"Zusammenarbeit mit Den Haag oder nicht? Stunde der Wahrheit f\u00fcr den US-Imperialismus","datePublished":"2023-04-03T06:18:50+00:00","dateModified":"2023-04-03T06:18:50+00:00","mainEntityOfPage":{"@id":"https:\/\/now-news.de\/de\/deutschland\/zusammenarbeit-mit-den-haag-oder-nicht-stunde-der-wahrheit-fuer-den-us-imperialismus\/"},"wordCount":1077,"commentCount":0,"publisher":{"@id":"https:\/\/now-news.de\/de\/#organization"},"image":{"@id":"https:\/\/now-news.de\/de\/deutschland\/zusammenarbeit-mit-den-haag-oder-nicht-stunde-der-wahrheit-fuer-den-us-imperialismus\/#primaryimage"},"thumbnailUrl":"https:\/\/now-news.de\/de\/wp-content\/uploads\/sites\/3\/2023\/04\/Zusammenarbeit-mit-Den-Haag-oder-nicht-Stunde-der-Wahrheit-fuer.jpg","keywords":["den","der","f\u00fcr","Haag","mit","nicht","oder","Stunde","USImperialismus","wahrheit","Zusammenarbeit"],"articleSection":["Deutschland","Russland"],"inLanguage":"de","potentialAction":[{"@type":"CommentAction","name":"Comment","target":["https:\/\/now-news.de\/de\/deutschland\/zusammenarbeit-mit-den-haag-oder-nicht-stunde-der-wahrheit-fuer-den-us-imperialismus\/#respond"]}]},{"@type":"WebPage","@id":"https:\/\/now-news.de\/de\/deutschland\/zusammenarbeit-mit-den-haag-oder-nicht-stunde-der-wahrheit-fuer-den-us-imperialismus\/","url":"https:\/\/now-news.de\/de\/deutschland\/zusammenarbeit-mit-den-haag-oder-nicht-stunde-der-wahrheit-fuer-den-us-imperialismus\/","name":"Zusammenarbeit mit Den Haag oder nicht? Stunde der Wahrheit f\u00fcr den US-Imperialismus - just-now.NEWS Deutschland","isPartOf":{"@id":"https:\/\/now-news.de\/de\/#website"},"primaryImageOfPage":{"@id":"https:\/\/now-news.de\/de\/deutschland\/zusammenarbeit-mit-den-haag-oder-nicht-stunde-der-wahrheit-fuer-den-us-imperialismus\/#primaryimage"},"image":{"@id":"https:\/\/now-news.de\/de\/deutschland\/zusammenarbeit-mit-den-haag-oder-nicht-stunde-der-wahrheit-fuer-den-us-imperialismus\/#primaryimage"},"thumbnailUrl":"https:\/\/now-news.de\/de\/wp-content\/uploads\/sites\/3\/2023\/04\/Zusammenarbeit-mit-Den-Haag-oder-nicht-Stunde-der-Wahrheit-fuer.jpg","datePublished":"2023-04-03T06:18:50+00:00","dateModified":"2023-04-03T06:18:50+00:00","breadcrumb":{"@id":"https:\/\/now-news.de\/de\/deutschland\/zusammenarbeit-mit-den-haag-oder-nicht-stunde-der-wahrheit-fuer-den-us-imperialismus\/#breadcrumb"},"inLanguage":"de","potentialAction":[{"@type":"ReadAction","target":["https:\/\/now-news.de\/de\/deutschland\/zusammenarbeit-mit-den-haag-oder-nicht-stunde-der-wahrheit-fuer-den-us-imperialismus\/"]}]},{"@type":"ImageObject","inLanguage":"de","@id":"https:\/\/now-news.de\/de\/deutschland\/zusammenarbeit-mit-den-haag-oder-nicht-stunde-der-wahrheit-fuer-den-us-imperialismus\/#primaryimage","url":"https:\/\/now-news.de\/de\/wp-content\/uploads\/sites\/3\/2023\/04\/Zusammenarbeit-mit-Den-Haag-oder-nicht-Stunde-der-Wahrheit-fuer.jpg","contentUrl":"https:\/\/now-news.de\/de\/wp-content\/uploads\/sites\/3\/2023\/04\/Zusammenarbeit-mit-Den-Haag-oder-nicht-Stunde-der-Wahrheit-fuer.jpg","width":460,"height":259,"caption":"Zusammenarbeit mit Den Haag oder nicht? Stunde der Wahrheit f\u00fcr den US-Imperialismus"},{"@type":"BreadcrumbList","@id":"https:\/\/now-news.de\/de\/deutschland\/zusammenarbeit-mit-den-haag-oder-nicht-stunde-der-wahrheit-fuer-den-us-imperialismus\/#breadcrumb","itemListElement":[{"@type":"ListItem","position":1,"name":"Home","item":"https:\/\/now-news.de\/de\/"},{"@type":"ListItem","position":2,"name":"Zusammenarbeit mit Den Haag oder nicht? Stunde der Wahrheit f\u00fcr den US-Imperialismus"}]},{"@type":"WebSite","@id":"https:\/\/now-news.de\/de\/#website","url":"https:\/\/now-news.de\/de\/","name":"just-now.NEWS Deutschland","description":"Das Portal f\u00fcr unzensierte Nachrichten aus der Welt","publisher":{"@id":"https:\/\/now-news.de\/de\/#organization"},"potentialAction":[{"@type":"SearchAction","target":{"@type":"EntryPoint","urlTemplate":"https:\/\/now-news.de\/de\/?s={search_term_string}"},"query-input":"required name=search_term_string"}],"inLanguage":"de"},{"@type":"Organization","@id":"https:\/\/now-news.de\/de\/#organization","name":"Just Now News","url":"https:\/\/now-news.de\/de\/","logo":{"@type":"ImageObject","inLanguage":"de","@id":"https:\/\/now-news.de\/de\/#\/schema\/logo\/image\/","url":"http:\/\/just-now.news\/de\/wp-content\/uploads\/sites\/3\/2022\/04\/logo500x500.jpg","contentUrl":"http:\/\/just-now.news\/de\/wp-content\/uploads\/sites\/3\/2022\/04\/logo500x500.jpg","width":500,"height":500,"caption":"Just Now News"},"image":{"@id":"https:\/\/now-news.de\/de\/#\/schema\/logo\/image\/"},"sameAs":["https:\/\/www.facebook.com\/wirmachenauf","https:\/\/x.com\/WirMachenAuf_de"]},{"@type":"Person","@id":"https:\/\/now-news.de\/de\/#\/schema\/person\/fb534a4e865501d8b3285208df34a9b5","name":"rtnews","image":{"@type":"ImageObject","inLanguage":"de","@id":"https:\/\/now-news.de\/de\/#\/schema\/person\/image\/","url":"https:\/\/secure.gravatar.com\/avatar\/82aafea7d8127119dd649515f56e2117?s=96&d=mm&r=g","contentUrl":"https:\/\/secure.gravatar.com\/avatar\/82aafea7d8127119dd649515f56e2117?s=96&d=mm&r=g","caption":"rtnews"},"url":"https:\/\/now-news.de\/de\/author\/rnews\/"}]}},"_links":{"self":[{"href":"https:\/\/now-news.de\/de\/wp-json\/wp\/v2\/posts\/33436"}],"collection":[{"href":"https:\/\/now-news.de\/de\/wp-json\/wp\/v2\/posts"}],"about":[{"href":"https:\/\/now-news.de\/de\/wp-json\/wp\/v2\/types\/post"}],"author":[{"embeddable":true,"href":"https:\/\/now-news.de\/de\/wp-json\/wp\/v2\/users\/3"}],"replies":[{"embeddable":true,"href":"https:\/\/now-news.de\/de\/wp-json\/wp\/v2\/comments?post=33436"}],"version-history":[{"count":0,"href":"https:\/\/now-news.de\/de\/wp-json\/wp\/v2\/posts\/33436\/revisions"}],"wp:featuredmedia":[{"embeddable":true,"href":"https:\/\/now-news.de\/de\/wp-json\/wp\/v2\/media\/33437"}],"wp:attachment":[{"href":"https:\/\/now-news.de\/de\/wp-json\/wp\/v2\/media?parent=33436"}],"wp:term":[{"taxonomy":"category","embeddable":true,"href":"https:\/\/now-news.de\/de\/wp-json\/wp\/v2\/categories?post=33436"},{"taxonomy":"post_tag","embeddable":true,"href":"https:\/\/now-news.de\/de\/wp-json\/wp\/v2\/tags?post=33436"}],"curies":[{"name":"wp","href":"https:\/\/api.w.org\/{rel}","templated":true}]}}