{"id":33413,"date":"2023-04-02T17:13:22","date_gmt":"2023-04-02T15:13:22","guid":{"rendered":"http:\/\/just-now.news\/de\/deutschland\/filz-verdacht-und-gut-gusto-gehabe-habeck-und-die-persoenliche-wahl-seiner-referatsleiter\/"},"modified":"2023-04-02T17:13:22","modified_gmt":"2023-04-02T15:13:22","slug":"filz-verdacht-und-gut-gusto-gehabe-habeck-und-die-persoenliche-wahl-seiner-referatsleiter","status":"publish","type":"post","link":"https:\/\/now-news.de\/de\/deutschland\/filz-verdacht-und-gut-gusto-gehabe-habeck-und-die-persoenliche-wahl-seiner-referatsleiter\/","title":{"rendered":"Filz-Verdacht und Gut-Gusto-Gehabe: Habeck und die pers\u00f6nliche Wahl seiner Referatsleiter"},"content":{"rendered":"<p><img decoding=\"async\" src=\"http:\/\/just-now.news\/de\/wp-content\/uploads\/sites\/3\/2023\/04\/6429425eb480cc7a6b3e311c.jpg\" \/><\/p>\n<div class=\"Text-root Text-type_1 \">\n                Warum den offiziellen Weg gehen, wenn man es sich einfacher machen kann? Ohne die vom Beamtengesetz vorgesehenen Ausschreibungen best\u00fcckt Minister Habeck sein engstes Umfeld mit ihm genehmen Kr\u00e4ften. Dies stellt einen Bruch mit der geltenden Beamtentradition dar.\n            <\/div>\n<p><\/p>\n<div class=\"Text-root Text-type_5 ArticleView-text ViewText-root \">\n<p>Die CDU\/CSU-Bundestagsfraktion wollte im Rahmen einer Anfrage von zust\u00e4ndigen Mitarbeitern im Bundesministerium\u00a0f\u00fcr Wirtschaft und Klimaschutz erfahren, nach welchen Kriterien und daraus resultierendem Prozedere die gegebenenfalls neu besetzten Stellen von\u00a0Referatsleiterposten seit dem Regierungswechsel im Jahr 2021 ausgef\u00fchrt wurden.<\/p>\n<p>Mit Beginn der Ampelkoalition waren demnach f\u00fcr das Ministerium und den neuen verantwortlichen Bundesminister Robert Habeck (B\u00fcndnis 90\/Die Gr\u00fcnen) entsprechende Umstrukturierungen und urspr\u00fcnglich daf\u00fcr ben\u00f6tigte Ausschreibungen vonn\u00f6ten. Die <em>Bild<\/em>, der die\u00a0schriftliche Anfrage der CDU\/CSU-Fraktion vorliegt, <a rel=\"nofollow noopener\" target=\"_blank\" href=\"https:\/\/www.bild.de\/politik\/inland\/politik-inland\/betreibt-habeck-ein-kumpel-netzwerk-filz-verdacht-im-wirtschaftsministerium-83391792.bild.html\">kommentiert<\/a> zu den Vorg\u00e4ngen:<\/p>\n<blockquote>\n<p><em>&#8220;Z\u00e4hlen bei der Auswahl leitender Mitarbeiter pers\u00f6nliche Bindungen mehr als fachliche Eignung?\u00a0Fakt ist: Robert Habeck hat seit Amtsantritt neun Referatsleiter-Posten nach individueller Auswahl besetzt \u2013 obwohl die Stellen ausgeschrieben werden sollten.&#8221;<\/em><\/p>\n<\/blockquote>\n<p>Diese Erkenntnis ergebe sich aus der Beantwortung aus dem Hause Habeck. So laute die Begr\u00fcndung von Habecks Entscheidungsvorgang, dass die &#8220;Wahrnehmung der Funktion ein besonderes Vertrauensverh\u00e4ltnis zum Minister&#8221; erfordere. &#8220;Referatsleiter sind klassische Laufbahn-Beamten&#8221;, so der\u00a0Politologe J\u00fcrgen Falter von der Universit\u00e4t Mainz gegen\u00fcber der <em>Bild<\/em>. Ausgehend von der individuellen Vorgehensweise Habecks kommentiert Falter in der <em>Bild<\/em>:<\/p>\n<blockquote>\n<p><em>&#8220;Das ist sehr ungew\u00f6hnlich und ein Bruch mit deutscher Beamtentradition.&#8221;<\/em><\/p>\n<\/blockquote>\n<p>Das Wirtschaftsministerium wollte demnach auf <em>Bild<\/em>-Anfrage nicht mitteilen, f\u00fcr &#8220;welche Abteilungen die Auswahl getroffen wurde und um welche Personen es sich handelt&#8221;.\u00a0Hinsichtlich\u00a0zumindest der nun neun Neubesetzungen durch Habecks Federstrich ergibt sich automatisch f\u00fcr die Vorg\u00e4nger die Situation, dass diese nicht einfach gek\u00fcndigt, sondern nur versetzt werden k\u00f6nnen. Eine Habeck-Sprecherin teilte der <em>Bild<\/em>\u00a0diesbez\u00fcglich mit:<\/p>\n<blockquote>\n<p><em>&#8220;Im Rahmen der \u00fcblichen Rotation wurden in 13 F\u00e4llen Umsetzungen vorgenommen. Von einem Referatsleiter-Posten auf einen anderen Referatsleiter-Posten in einem anderen Bereich.&#8221;<\/em><\/p>\n<\/blockquote>\n<p>Umsetzungen bedeutet, dass dadurch automatisch die Zahl der Mitarbeiter im Ministerium aufgestockt wurde. Ein <a rel=\"nofollow noopener\" target=\"_blank\" href=\"https:\/\/www.welt.de\/politik\/deutschland\/article244612352\/Habeck-besetzte-alle-seine-Referatsleiterposten-nach-eigener-Auswahl.html?wtrid=socialmedia.socialflow....socialflow_twitter\">Artikel<\/a> der <em>Welt\u00a0<\/em>bezugnehmend\u00a0auf den\u00a0<em>Bild<\/em>-Beitrag erinnert\u00a0daran, dass nach dem Ende der \u00c4ra\u00a0Christine Lambrecht (SPD) im Verteidigungsministerium bekannt wurde,\u00a0dass &#8220;die Zahl der Posten im Verteidigungsministerium\u00a0sprunghaft zugenommen hatte&#8221;. So hei\u00dft es:<\/p>\n<blockquote>\n<p><em>&#8220;Unter der zur\u00fcckgetretenen Ministerin Christine Lambrecht (SPD) wurden binnen Jahresfrist 137 neue Dienstposten geschaffen. So wurden auch vier Referatsleiter- (Gehalt ab 6338 Euro\/Monat) sowie 53 Referenten-Dienstposten (Gehalt ab 4592 Euro\/Monat) neu geschaffen.&#8221;<\/em><\/p>\n<\/blockquote>\n<p>Laut Informationen der <em>Bild<\/em>\u00a0arbeiten im Bundeswirtschaftsministerium aktuell \u00fcber 2.000 Menschen, &#8220;davon die meisten am Standort Berlin&#8221;, einige aber weiterhin am Standort Bonn.<\/p>\n<p><strong>Mehr zum Thema <\/strong>\u2013\u00a0<a rel=\"nofollow noopener\" target=\"_blank\" href=\"https:\/\/pressefreiheit.rtde.tech\/inland\/166117-ausser-spesen-nichts-gewesen-claudia\/\">Als Netflix-Promi bei den Oscars &#8211; Claudia Roth zahlt Ticketkosten nun zur\u00fcck<\/a><\/p>\n<\/div>\n<p><br \/>\n<br \/><a href=\"https:\/\/de.rt.com\/inland\/166786-filz-verdacht-und-gut-gusto\/\">Source link <\/a><\/p>\n","protected":false},"excerpt":{"rendered":"<p>Warum den offiziellen Weg gehen, wenn man es sich einfacher machen kann? Ohne die vom Beamtengesetz vorgesehenen Ausschreibungen best\u00fcckt Minister Habeck sein engstes Umfeld mit ihm genehmen Kr\u00e4ften. Dies stellt einen Bruch mit der geltenden Beamtentradition dar. Die CDU\/CSU-Bundestagsfraktion wollte im Rahmen einer Anfrage von zust\u00e4ndigen Mitarbeitern im Bundesministerium\u00a0f\u00fcr Wirtschaft und Klimaschutz erfahren, nach welchen [&hellip;]<\/p>\n","protected":false},"author":3,"featured_media":33414,"comment_status":"open","ping_status":"open","sticky":false,"template":"","format":"standard","meta":{"_yoast_indexnow_last_ping":["1680448619"],"wp_automatic_camp":["217"],"047b342dd3016cd56238d0f5bccb5465":["Filz-Verdacht und Gut-Gusto-Gehabe: Habeck und die pers\u00f6nliche Wahl seiner Referatsleiter"],"original_link":["https:\/\/de.rt.com\/inland\/166786-filz-verdacht-und-gut-gusto\/"],"_thumbnail_id":["33414"],"_wptgpro_p2tg_sent2tg":["a:1:{i:23737;s:19:\"2023-04-02 17:18:05\";}"],"jnews_social_counter_last_update":["1777529636"]},"categories":[19,23],"tags":[45,42702,42703,911,24535,42704,1607,140,4351],"yoast_head":"<!-- This site is optimized with the Yoast SEO Premium plugin v22.7 (Yoast SEO v22.7) - https:\/\/yoast.com\/wordpress\/plugins\/seo\/ -->\n<title>Filz-Verdacht und Gut-Gusto-Gehabe: Habeck und die pers\u00f6nliche Wahl seiner Referatsleiter - just-now.NEWS Deutschland<\/title>\n<meta name=\"robots\" content=\"index, follow, max-snippet:-1, max-image-preview:large, max-video-preview:-1\" \/>\n<link rel=\"canonical\" href=\"https:\/\/now-news.de\/de\/deutschland\/filz-verdacht-und-gut-gusto-gehabe-habeck-und-die-persoenliche-wahl-seiner-referatsleiter\/\" \/>\n<meta property=\"og:locale\" content=\"de_DE\" \/>\n<meta property=\"og:type\" content=\"article\" \/>\n<meta property=\"og:title\" content=\"Filz-Verdacht und Gut-Gusto-Gehabe: Habeck und die pers\u00f6nliche Wahl seiner Referatsleiter\" \/>\n<meta property=\"og:description\" content=\"Warum den offiziellen Weg gehen, wenn man es sich einfacher machen kann? Ohne die vom Beamtengesetz vorgesehenen Ausschreibungen best\u00fcckt Minister Habeck sein engstes Umfeld mit ihm genehmen Kr\u00e4ften. Dies stellt einen Bruch mit der geltenden Beamtentradition dar. Die CDU\/CSU-Bundestagsfraktion wollte im Rahmen einer Anfrage von zust\u00e4ndigen Mitarbeitern im Bundesministerium\u00a0f\u00fcr Wirtschaft und Klimaschutz erfahren, nach welchen [&hellip;]\" \/>\n<meta property=\"og:url\" content=\"https:\/\/now-news.de\/de\/deutschland\/filz-verdacht-und-gut-gusto-gehabe-habeck-und-die-persoenliche-wahl-seiner-referatsleiter\/\" \/>\n<meta property=\"og:site_name\" content=\"just-now.NEWS Deutschland\" \/>\n<meta property=\"article:publisher\" content=\"https:\/\/www.facebook.com\/wirmachenauf\" \/>\n<meta property=\"article:published_time\" content=\"2023-04-02T15:13:22+00:00\" \/>\n<meta property=\"og:image\" content=\"https:\/\/now-news.de\/de\/wp-content\/uploads\/sites\/3\/2023\/04\/Filz-Verdacht-und-Gut-Gusto-Gehabe-Habeck-und-die-persoenliche-Wahl-seiner-Referatsleiter.jpg\" \/>\n\t<meta property=\"og:image:width\" content=\"460\" \/>\n\t<meta property=\"og:image:height\" content=\"259\" \/>\n\t<meta property=\"og:image:type\" content=\"image\/jpeg\" \/>\n<meta name=\"author\" content=\"rtnews\" \/>\n<meta name=\"twitter:card\" content=\"summary_large_image\" \/>\n<meta name=\"twitter:creator\" content=\"@WirMachenAuf_de\" \/>\n<meta name=\"twitter:site\" content=\"@WirMachenAuf_de\" \/>\n<meta name=\"twitter:label1\" content=\"Verfasst von\" \/>\n\t<meta name=\"twitter:data1\" content=\"rtnews\" \/>\n\t<meta name=\"twitter:label2\" content=\"Gesch\u00e4tzte Lesezeit\" \/>\n\t<meta name=\"twitter:data2\" content=\"2\u00a0Minuten\" \/>\n<script type=\"application\/ld+json\" class=\"yoast-schema-graph\">{\"@context\":\"https:\/\/schema.org\",\"@graph\":[{\"@type\":\"Article\",\"@id\":\"https:\/\/now-news.de\/de\/deutschland\/filz-verdacht-und-gut-gusto-gehabe-habeck-und-die-persoenliche-wahl-seiner-referatsleiter\/#article\",\"isPartOf\":{\"@id\":\"https:\/\/now-news.de\/de\/deutschland\/filz-verdacht-und-gut-gusto-gehabe-habeck-und-die-persoenliche-wahl-seiner-referatsleiter\/\"},\"author\":{\"name\":\"rtnews\",\"@id\":\"https:\/\/now-news.de\/de\/#\/schema\/person\/fb534a4e865501d8b3285208df34a9b5\"},\"headline\":\"Filz-Verdacht und Gut-Gusto-Gehabe: Habeck und die pers\u00f6nliche Wahl seiner Referatsleiter\",\"datePublished\":\"2023-04-02T15:13:22+00:00\",\"dateModified\":\"2023-04-02T15:13:22+00:00\",\"mainEntityOfPage\":{\"@id\":\"https:\/\/now-news.de\/de\/deutschland\/filz-verdacht-und-gut-gusto-gehabe-habeck-und-die-persoenliche-wahl-seiner-referatsleiter\/\"},\"wordCount\":452,\"commentCount\":0,\"publisher\":{\"@id\":\"https:\/\/now-news.de\/de\/#organization\"},\"image\":{\"@id\":\"https:\/\/now-news.de\/de\/deutschland\/filz-verdacht-und-gut-gusto-gehabe-habeck-und-die-persoenliche-wahl-seiner-referatsleiter\/#primaryimage\"},\"thumbnailUrl\":\"https:\/\/now-news.de\/de\/wp-content\/uploads\/sites\/3\/2023\/04\/Filz-Verdacht-und-Gut-Gusto-Gehabe-Habeck-und-die-persoenliche-Wahl-seiner-Referatsleiter.jpg\",\"keywords\":[\"die\",\"FilzVerdacht\",\"GutGustoGehabe\",\"Habeck\",\"pers\u00f6nliche\",\"Referatsleiter\",\"seiner\",\"und\",\"Wahl\"],\"articleSection\":[\"Deutschland\",\"Russland\"],\"inLanguage\":\"de\",\"potentialAction\":[{\"@type\":\"CommentAction\",\"name\":\"Comment\",\"target\":[\"https:\/\/now-news.de\/de\/deutschland\/filz-verdacht-und-gut-gusto-gehabe-habeck-und-die-persoenliche-wahl-seiner-referatsleiter\/#respond\"]}]},{\"@type\":\"WebPage\",\"@id\":\"https:\/\/now-news.de\/de\/deutschland\/filz-verdacht-und-gut-gusto-gehabe-habeck-und-die-persoenliche-wahl-seiner-referatsleiter\/\",\"url\":\"https:\/\/now-news.de\/de\/deutschland\/filz-verdacht-und-gut-gusto-gehabe-habeck-und-die-persoenliche-wahl-seiner-referatsleiter\/\",\"name\":\"Filz-Verdacht und Gut-Gusto-Gehabe: Habeck und die pers\u00f6nliche Wahl seiner Referatsleiter - just-now.NEWS Deutschland\",\"isPartOf\":{\"@id\":\"https:\/\/now-news.de\/de\/#website\"},\"primaryImageOfPage\":{\"@id\":\"https:\/\/now-news.de\/de\/deutschland\/filz-verdacht-und-gut-gusto-gehabe-habeck-und-die-persoenliche-wahl-seiner-referatsleiter\/#primaryimage\"},\"image\":{\"@id\":\"https:\/\/now-news.de\/de\/deutschland\/filz-verdacht-und-gut-gusto-gehabe-habeck-und-die-persoenliche-wahl-seiner-referatsleiter\/#primaryimage\"},\"thumbnailUrl\":\"https:\/\/now-news.de\/de\/wp-content\/uploads\/sites\/3\/2023\/04\/Filz-Verdacht-und-Gut-Gusto-Gehabe-Habeck-und-die-persoenliche-Wahl-seiner-Referatsleiter.jpg\",\"datePublished\":\"2023-04-02T15:13:22+00:00\",\"dateModified\":\"2023-04-02T15:13:22+00:00\",\"breadcrumb\":{\"@id\":\"https:\/\/now-news.de\/de\/deutschland\/filz-verdacht-und-gut-gusto-gehabe-habeck-und-die-persoenliche-wahl-seiner-referatsleiter\/#breadcrumb\"},\"inLanguage\":\"de\",\"potentialAction\":[{\"@type\":\"ReadAction\",\"target\":[\"https:\/\/now-news.de\/de\/deutschland\/filz-verdacht-und-gut-gusto-gehabe-habeck-und-die-persoenliche-wahl-seiner-referatsleiter\/\"]}]},{\"@type\":\"ImageObject\",\"inLanguage\":\"de\",\"@id\":\"https:\/\/now-news.de\/de\/deutschland\/filz-verdacht-und-gut-gusto-gehabe-habeck-und-die-persoenliche-wahl-seiner-referatsleiter\/#primaryimage\",\"url\":\"https:\/\/now-news.de\/de\/wp-content\/uploads\/sites\/3\/2023\/04\/Filz-Verdacht-und-Gut-Gusto-Gehabe-Habeck-und-die-persoenliche-Wahl-seiner-Referatsleiter.jpg\",\"contentUrl\":\"https:\/\/now-news.de\/de\/wp-content\/uploads\/sites\/3\/2023\/04\/Filz-Verdacht-und-Gut-Gusto-Gehabe-Habeck-und-die-persoenliche-Wahl-seiner-Referatsleiter.jpg\",\"width\":460,\"height\":259,\"caption\":\"Filz-Verdacht und Gut-Gusto-Gehabe: Habeck und die pers\u00f6nliche Wahl seiner Referatsleiter\"},{\"@type\":\"BreadcrumbList\",\"@id\":\"https:\/\/now-news.de\/de\/deutschland\/filz-verdacht-und-gut-gusto-gehabe-habeck-und-die-persoenliche-wahl-seiner-referatsleiter\/#breadcrumb\",\"itemListElement\":[{\"@type\":\"ListItem\",\"position\":1,\"name\":\"Home\",\"item\":\"https:\/\/now-news.de\/de\/\"},{\"@type\":\"ListItem\",\"position\":2,\"name\":\"Filz-Verdacht und Gut-Gusto-Gehabe: Habeck und die pers\u00f6nliche Wahl seiner Referatsleiter\"}]},{\"@type\":\"WebSite\",\"@id\":\"https:\/\/now-news.de\/de\/#website\",\"url\":\"https:\/\/now-news.de\/de\/\",\"name\":\"just-now.NEWS Deutschland\",\"description\":\"Das Portal f\u00fcr unzensierte Nachrichten aus der Welt\",\"publisher\":{\"@id\":\"https:\/\/now-news.de\/de\/#organization\"},\"potentialAction\":[{\"@type\":\"SearchAction\",\"target\":{\"@type\":\"EntryPoint\",\"urlTemplate\":\"https:\/\/now-news.de\/de\/?s={search_term_string}\"},\"query-input\":\"required name=search_term_string\"}],\"inLanguage\":\"de\"},{\"@type\":\"Organization\",\"@id\":\"https:\/\/now-news.de\/de\/#organization\",\"name\":\"Just Now News\",\"url\":\"https:\/\/now-news.de\/de\/\",\"logo\":{\"@type\":\"ImageObject\",\"inLanguage\":\"de\",\"@id\":\"https:\/\/now-news.de\/de\/#\/schema\/logo\/image\/\",\"url\":\"http:\/\/just-now.news\/de\/wp-content\/uploads\/sites\/3\/2022\/04\/logo500x500.jpg\",\"contentUrl\":\"http:\/\/just-now.news\/de\/wp-content\/uploads\/sites\/3\/2022\/04\/logo500x500.jpg\",\"width\":500,\"height\":500,\"caption\":\"Just Now News\"},\"image\":{\"@id\":\"https:\/\/now-news.de\/de\/#\/schema\/logo\/image\/\"},\"sameAs\":[\"https:\/\/www.facebook.com\/wirmachenauf\",\"https:\/\/x.com\/WirMachenAuf_de\"]},{\"@type\":\"Person\",\"@id\":\"https:\/\/now-news.de\/de\/#\/schema\/person\/fb534a4e865501d8b3285208df34a9b5\",\"name\":\"rtnews\",\"image\":{\"@type\":\"ImageObject\",\"inLanguage\":\"de\",\"@id\":\"https:\/\/now-news.de\/de\/#\/schema\/person\/image\/\",\"url\":\"https:\/\/secure.gravatar.com\/avatar\/82aafea7d8127119dd649515f56e2117?s=96&d=mm&r=g\",\"contentUrl\":\"https:\/\/secure.gravatar.com\/avatar\/82aafea7d8127119dd649515f56e2117?s=96&d=mm&r=g\",\"caption\":\"rtnews\"},\"url\":\"https:\/\/now-news.de\/de\/author\/rnews\/\"}]}<\/script>\n<!-- \/ Yoast SEO Premium plugin. -->","yoast_head_json":{"title":"Filz-Verdacht und Gut-Gusto-Gehabe: Habeck und die pers\u00f6nliche Wahl seiner Referatsleiter - just-now.NEWS Deutschland","robots":{"index":"index","follow":"follow","max-snippet":"max-snippet:-1","max-image-preview":"max-image-preview:large","max-video-preview":"max-video-preview:-1"},"canonical":"https:\/\/now-news.de\/de\/deutschland\/filz-verdacht-und-gut-gusto-gehabe-habeck-und-die-persoenliche-wahl-seiner-referatsleiter\/","og_locale":"de_DE","og_type":"article","og_title":"Filz-Verdacht und Gut-Gusto-Gehabe: Habeck und die pers\u00f6nliche Wahl seiner Referatsleiter","og_description":"Warum den offiziellen Weg gehen, wenn man es sich einfacher machen kann? Ohne die vom Beamtengesetz vorgesehenen Ausschreibungen best\u00fcckt Minister Habeck sein engstes Umfeld mit ihm genehmen Kr\u00e4ften. Dies stellt einen Bruch mit der geltenden Beamtentradition dar. Die CDU\/CSU-Bundestagsfraktion wollte im Rahmen einer Anfrage von zust\u00e4ndigen Mitarbeitern im Bundesministerium\u00a0f\u00fcr Wirtschaft und Klimaschutz erfahren, nach welchen [&hellip;]","og_url":"https:\/\/now-news.de\/de\/deutschland\/filz-verdacht-und-gut-gusto-gehabe-habeck-und-die-persoenliche-wahl-seiner-referatsleiter\/","og_site_name":"just-now.NEWS Deutschland","article_publisher":"https:\/\/www.facebook.com\/wirmachenauf","article_published_time":"2023-04-02T15:13:22+00:00","og_image":[{"width":460,"height":259,"url":"https:\/\/now-news.de\/de\/wp-content\/uploads\/sites\/3\/2023\/04\/Filz-Verdacht-und-Gut-Gusto-Gehabe-Habeck-und-die-persoenliche-Wahl-seiner-Referatsleiter.jpg","type":"image\/jpeg"}],"author":"rtnews","twitter_card":"summary_large_image","twitter_creator":"@WirMachenAuf_de","twitter_site":"@WirMachenAuf_de","twitter_misc":{"Verfasst von":"rtnews","Gesch\u00e4tzte Lesezeit":"2\u00a0Minuten"},"schema":{"@context":"https:\/\/schema.org","@graph":[{"@type":"Article","@id":"https:\/\/now-news.de\/de\/deutschland\/filz-verdacht-und-gut-gusto-gehabe-habeck-und-die-persoenliche-wahl-seiner-referatsleiter\/#article","isPartOf":{"@id":"https:\/\/now-news.de\/de\/deutschland\/filz-verdacht-und-gut-gusto-gehabe-habeck-und-die-persoenliche-wahl-seiner-referatsleiter\/"},"author":{"name":"rtnews","@id":"https:\/\/now-news.de\/de\/#\/schema\/person\/fb534a4e865501d8b3285208df34a9b5"},"headline":"Filz-Verdacht und Gut-Gusto-Gehabe: Habeck und die pers\u00f6nliche Wahl seiner Referatsleiter","datePublished":"2023-04-02T15:13:22+00:00","dateModified":"2023-04-02T15:13:22+00:00","mainEntityOfPage":{"@id":"https:\/\/now-news.de\/de\/deutschland\/filz-verdacht-und-gut-gusto-gehabe-habeck-und-die-persoenliche-wahl-seiner-referatsleiter\/"},"wordCount":452,"commentCount":0,"publisher":{"@id":"https:\/\/now-news.de\/de\/#organization"},"image":{"@id":"https:\/\/now-news.de\/de\/deutschland\/filz-verdacht-und-gut-gusto-gehabe-habeck-und-die-persoenliche-wahl-seiner-referatsleiter\/#primaryimage"},"thumbnailUrl":"https:\/\/now-news.de\/de\/wp-content\/uploads\/sites\/3\/2023\/04\/Filz-Verdacht-und-Gut-Gusto-Gehabe-Habeck-und-die-persoenliche-Wahl-seiner-Referatsleiter.jpg","keywords":["die","FilzVerdacht","GutGustoGehabe","Habeck","pers\u00f6nliche","Referatsleiter","seiner","und","Wahl"],"articleSection":["Deutschland","Russland"],"inLanguage":"de","potentialAction":[{"@type":"CommentAction","name":"Comment","target":["https:\/\/now-news.de\/de\/deutschland\/filz-verdacht-und-gut-gusto-gehabe-habeck-und-die-persoenliche-wahl-seiner-referatsleiter\/#respond"]}]},{"@type":"WebPage","@id":"https:\/\/now-news.de\/de\/deutschland\/filz-verdacht-und-gut-gusto-gehabe-habeck-und-die-persoenliche-wahl-seiner-referatsleiter\/","url":"https:\/\/now-news.de\/de\/deutschland\/filz-verdacht-und-gut-gusto-gehabe-habeck-und-die-persoenliche-wahl-seiner-referatsleiter\/","name":"Filz-Verdacht und Gut-Gusto-Gehabe: Habeck und die pers\u00f6nliche Wahl seiner Referatsleiter - just-now.NEWS Deutschland","isPartOf":{"@id":"https:\/\/now-news.de\/de\/#website"},"primaryImageOfPage":{"@id":"https:\/\/now-news.de\/de\/deutschland\/filz-verdacht-und-gut-gusto-gehabe-habeck-und-die-persoenliche-wahl-seiner-referatsleiter\/#primaryimage"},"image":{"@id":"https:\/\/now-news.de\/de\/deutschland\/filz-verdacht-und-gut-gusto-gehabe-habeck-und-die-persoenliche-wahl-seiner-referatsleiter\/#primaryimage"},"thumbnailUrl":"https:\/\/now-news.de\/de\/wp-content\/uploads\/sites\/3\/2023\/04\/Filz-Verdacht-und-Gut-Gusto-Gehabe-Habeck-und-die-persoenliche-Wahl-seiner-Referatsleiter.jpg","datePublished":"2023-04-02T15:13:22+00:00","dateModified":"2023-04-02T15:13:22+00:00","breadcrumb":{"@id":"https:\/\/now-news.de\/de\/deutschland\/filz-verdacht-und-gut-gusto-gehabe-habeck-und-die-persoenliche-wahl-seiner-referatsleiter\/#breadcrumb"},"inLanguage":"de","potentialAction":[{"@type":"ReadAction","target":["https:\/\/now-news.de\/de\/deutschland\/filz-verdacht-und-gut-gusto-gehabe-habeck-und-die-persoenliche-wahl-seiner-referatsleiter\/"]}]},{"@type":"ImageObject","inLanguage":"de","@id":"https:\/\/now-news.de\/de\/deutschland\/filz-verdacht-und-gut-gusto-gehabe-habeck-und-die-persoenliche-wahl-seiner-referatsleiter\/#primaryimage","url":"https:\/\/now-news.de\/de\/wp-content\/uploads\/sites\/3\/2023\/04\/Filz-Verdacht-und-Gut-Gusto-Gehabe-Habeck-und-die-persoenliche-Wahl-seiner-Referatsleiter.jpg","contentUrl":"https:\/\/now-news.de\/de\/wp-content\/uploads\/sites\/3\/2023\/04\/Filz-Verdacht-und-Gut-Gusto-Gehabe-Habeck-und-die-persoenliche-Wahl-seiner-Referatsleiter.jpg","width":460,"height":259,"caption":"Filz-Verdacht und Gut-Gusto-Gehabe: Habeck und die pers\u00f6nliche Wahl seiner Referatsleiter"},{"@type":"BreadcrumbList","@id":"https:\/\/now-news.de\/de\/deutschland\/filz-verdacht-und-gut-gusto-gehabe-habeck-und-die-persoenliche-wahl-seiner-referatsleiter\/#breadcrumb","itemListElement":[{"@type":"ListItem","position":1,"name":"Home","item":"https:\/\/now-news.de\/de\/"},{"@type":"ListItem","position":2,"name":"Filz-Verdacht und Gut-Gusto-Gehabe: Habeck und die pers\u00f6nliche Wahl seiner Referatsleiter"}]},{"@type":"WebSite","@id":"https:\/\/now-news.de\/de\/#website","url":"https:\/\/now-news.de\/de\/","name":"just-now.NEWS Deutschland","description":"Das Portal f\u00fcr unzensierte Nachrichten aus der Welt","publisher":{"@id":"https:\/\/now-news.de\/de\/#organization"},"potentialAction":[{"@type":"SearchAction","target":{"@type":"EntryPoint","urlTemplate":"https:\/\/now-news.de\/de\/?s={search_term_string}"},"query-input":"required name=search_term_string"}],"inLanguage":"de"},{"@type":"Organization","@id":"https:\/\/now-news.de\/de\/#organization","name":"Just Now News","url":"https:\/\/now-news.de\/de\/","logo":{"@type":"ImageObject","inLanguage":"de","@id":"https:\/\/now-news.de\/de\/#\/schema\/logo\/image\/","url":"http:\/\/just-now.news\/de\/wp-content\/uploads\/sites\/3\/2022\/04\/logo500x500.jpg","contentUrl":"http:\/\/just-now.news\/de\/wp-content\/uploads\/sites\/3\/2022\/04\/logo500x500.jpg","width":500,"height":500,"caption":"Just Now News"},"image":{"@id":"https:\/\/now-news.de\/de\/#\/schema\/logo\/image\/"},"sameAs":["https:\/\/www.facebook.com\/wirmachenauf","https:\/\/x.com\/WirMachenAuf_de"]},{"@type":"Person","@id":"https:\/\/now-news.de\/de\/#\/schema\/person\/fb534a4e865501d8b3285208df34a9b5","name":"rtnews","image":{"@type":"ImageObject","inLanguage":"de","@id":"https:\/\/now-news.de\/de\/#\/schema\/person\/image\/","url":"https:\/\/secure.gravatar.com\/avatar\/82aafea7d8127119dd649515f56e2117?s=96&d=mm&r=g","contentUrl":"https:\/\/secure.gravatar.com\/avatar\/82aafea7d8127119dd649515f56e2117?s=96&d=mm&r=g","caption":"rtnews"},"url":"https:\/\/now-news.de\/de\/author\/rnews\/"}]}},"_links":{"self":[{"href":"https:\/\/now-news.de\/de\/wp-json\/wp\/v2\/posts\/33413"}],"collection":[{"href":"https:\/\/now-news.de\/de\/wp-json\/wp\/v2\/posts"}],"about":[{"href":"https:\/\/now-news.de\/de\/wp-json\/wp\/v2\/types\/post"}],"author":[{"embeddable":true,"href":"https:\/\/now-news.de\/de\/wp-json\/wp\/v2\/users\/3"}],"replies":[{"embeddable":true,"href":"https:\/\/now-news.de\/de\/wp-json\/wp\/v2\/comments?post=33413"}],"version-history":[{"count":0,"href":"https:\/\/now-news.de\/de\/wp-json\/wp\/v2\/posts\/33413\/revisions"}],"wp:featuredmedia":[{"embeddable":true,"href":"https:\/\/now-news.de\/de\/wp-json\/wp\/v2\/media\/33414"}],"wp:attachment":[{"href":"https:\/\/now-news.de\/de\/wp-json\/wp\/v2\/media?parent=33413"}],"wp:term":[{"taxonomy":"category","embeddable":true,"href":"https:\/\/now-news.de\/de\/wp-json\/wp\/v2\/categories?post=33413"},{"taxonomy":"post_tag","embeddable":true,"href":"https:\/\/now-news.de\/de\/wp-json\/wp\/v2\/tags?post=33413"}],"curies":[{"name":"wp","href":"https:\/\/api.w.org\/{rel}","templated":true}]}}