{"id":33379,"date":"2023-04-01T18:47:45","date_gmt":"2023-04-01T16:47:45","guid":{"rendered":"http:\/\/just-now.news\/de\/deutschland\/diether-dehm-sozialstaat-gibt-es-nur-im-nationalstaat\/"},"modified":"2023-04-01T18:47:45","modified_gmt":"2023-04-01T16:47:45","slug":"diether-dehm-sozialstaat-gibt-es-nur-im-nationalstaat","status":"publish","type":"post","link":"https:\/\/now-news.de\/de\/deutschland\/diether-dehm-sozialstaat-gibt-es-nur-im-nationalstaat\/","title":{"rendered":"Diether Dehm: Sozialstaat gibt es nur im Nationalstaat"},"content":{"rendered":"<p><img decoding=\"async\" src=\"http:\/\/just-now.news\/de\/wp-content\/uploads\/sites\/3\/2023\/04\/6426ec4db480cc6c852132bd.JPG\" \/><\/p>\n<div class=\"Text-root Text-type_1 \">\n                Im Interview legt der fr\u00fchere Abgeordnete der Partei Die Linke Dr. Diether Dehm dar, welche Rolle die deutsche Regierung bei Entscheidungen \u00fcber Gesundheits- und Kriegspolitik spielt und inwieweit die Politik von anderen Akteuren bestimmt wird. Er erkl\u00e4rt, warum der Nationalstaat \u2013 auch von links \u2013 verteidigt werden sollte, und spricht \u00fcber Spektrum und Chancen der Friedensbewegung.\n            <\/div>\n<p><\/p>\n<div class=\"Text-root Text-type_5 ArticleView-text ViewText-root \">\n<p><em>Das Interview f\u00fchrte Felicitas Rabe<br \/><\/em><\/p>\n<p>H\u00e4ufig herrscht Unklarheit \u00fcber die tats\u00e4chlichen Entscheidungsbefugnisse und die Macht der Politiker in Deutschland. Beispielsweise emp\u00f6ren sich Kritiker der Corona-Ma\u00dfnahmen und der aktuellen Kriegspolitik in Deutschland \u00fcber die Entscheidungen der deutschen Regierung. Sie f\u00fcrchten einen \u00fcberm\u00e4chtigen Staat, der die Grundrechte der B\u00fcrger und mehrheitliche Friedensw\u00fcnsche der Bev\u00f6lkerung ignoriert.<\/p>\n<p>Einige prominente Kritiker, wie zum Beispiel auch der Wirtschaftswissenschaftler Ernst Wolff, warnen in ihren Vortr\u00e4gen in Bezug auf die Staatsmacht regelm\u00e4\u00dfig vor angeblich chinesischen oder kommunistischen Verh\u00e4ltnissen, die hierzulande vermeintlich &#8220;drohen&#8221;. Andererseits gibt es Stimmen, die erkl\u00e4ren, dass die deutsche und die europ\u00e4ische Politik von den Lobbyisten internationaler Konzerne bestimmt wird, die offensichtlich keinerlei kommunistischen Ambitionen haben.<\/p>\n<p><strong>Herr Dehm, inwieweit k\u00f6nnen deutsche Politiker (z. B. \u00fcber Corona-Ma\u00dfnahmen oder Kriegsbeteiligung und Waffenlieferung) eigenst\u00e4ndig entscheiden und sollten dementsprechend auch als Verantwortliche solcher Entscheidungen von den Kritikern adressiert werden? Oder sollten Kritiker sich besser an ganz andere Verantwortliche wenden?<\/strong><\/p>\n<p>Diether Dehm: Es ist unverst\u00e4ndlich, den Kritikern zuzurufen: Wendet euch an euch selbst. Obwohl Brecht einst riet: &#8220;Erwarte keine andere Antwort als die deine!&#8221; Um aber eine Selbstvergewisserung im Protest zu erreichen, ist es immer gut, zun\u00e4chst nationalstaatlich Regierende als Adressaten anzurufen. Zum Beispiel: &#8220;Wir fordern von der Regierung, keine weiteren Milliarden Steuergelder Selenskij in den NATO-Arsch zu blasen, sondern sie in eine p\u00fcnktliche, preiswerte und klimaschonende Bahn zu investieren!&#8221; Selbst, wenn wir wissen, dass wir dem Ochsen oft nur ins Horn petzen.<\/p>\n<p><strong>Unter welchen Zw\u00e4ngen steht die Bundesregierung <\/strong><strong>gegebenenfalls <\/strong><strong>bei ihren Entscheidungen zur Kriegspolitik gegen\u00fcber Russland und bei ihrem diplomatischen Vorgehen?<\/strong><\/p>\n<p>Die gro\u00dfen Profiteure der Aufr\u00fcstung und des Ukrainekrieges sind einerseits US-amerikanische Gaskonzerne und andererseits Rheinmetall, BlackRock und Lockheed. Und die pressen nat\u00fcrlich auch ihre Regierungen mit der Drohung von Arbeitsplatzabbau f\u00fcr das Ausbleiben gro\u00dfer R\u00fcstungsauftr\u00e4ge. Oder sie locken und l\u00fcgen, entsprechend den Waffenproduktionen auch h\u00f6here Steuern zu zahlen. Das ist einer der Strukturen, aus welchen im staatsmonopolistischen Kapitalismus Regierungen staatsmonopolistische Kapital-Entscheidungen bevorzugen.<\/p>\n<p>Aber das ist nicht die einzige Ursache. Denn in jedem Falle besitzen die Geheimdienste wie BND, CIA und Mossad auch brutale Druckpotenziale, einzelne Regierende, die sich zum Beispiel nicht NATO-konform verhalten, in ihrer Intimsph\u00e4re auszuspionieren \u2013 von Sexvorlieben, finanziellen Verh\u00e4ltnissen, fr\u00fcheren gewagten Aussagen bis zum Verbellen von Drogenkonsum \u2013 und dann zu skandalisieren und der Shitstorm-Meute zum Fra\u00df vorzuwerfen.<\/p>\n<p><strong>Viele Kritiker der Corona-Ma\u00dfnahmen haben sich bez\u00fcglich der Anordnungen der Politik \u00fcber einzelne Politiker ganz besonders ge\u00e4rgert, zum Beispiel \u00fcber die Gesundheitsminister Jens Spahn oder Karl Lauterbach. Welche Entscheidungsvollmacht hat ein deutscher Gesundheitsminister? Wer bestimmt Ihrer Meinung nach die Gesundheitspolitik in Deutschland?<\/strong><\/p>\n<p>Nat\u00fcrlich liegt auf der Hand, dass die sogenannten NATO-Impfstoffe von BioNTech und Co. Vorrang hatten und irrsinnige Lockdowns und Verbote, w\u00e4hrend Sputnik, kubanische oder chinesischen Impfstoffe \u2013 obwohl viel weniger lebensgef\u00e4hrlich \u2013 im Westen faktisch verboten waren. Aber der eigentliche Grund ist nat\u00fcrlich, dass alle Regierenden \u2013 und \u00fcberhaupt die meisten Herrschenden \u2013 jede Situation nutzen, die Untergebenen in einen Drill einzuschleifen. Diese Versuchung ist sozusagen strukturell in der Art einer monopolkapitalistischen Herrschaft angelegt. Im Zweifelsfalle nicht f\u00fcr die Freiheit, sondern f\u00fcr die Unfreiheit!<\/p>\n<p><strong>Trotz mancher Zweifel an der tats\u00e4chlichen Macht der Regierung im deutschen Nationalstaat: Gibt es dennoch Stimmen, die den Nationalstaat als quasi letzten Rest demokratischen Potenzials und b\u00fcrgerlicher Mitbestimmung erhalten wollen, weil Entscheidungen der EU-Kommission noch wesentlich undemokratischer seien? Wie bewerten Sie den deutschen Nationalstaat in Bezug auf seine demokratischen Merkmale?<\/strong><\/p>\n<p>Nationalstaaten sind mittlerweile ins Visier der NATO und der transnational operierenden Konzerne gekommen. Nicht nur, dass sie Failed States produziert haben wie in Libyen, Syrien, im Irak, im Kosovo, im Jemen und anderswo. Sie wollen heute selbst das bisschen Umverteilung in einem kapitalistischen Nationalstaat von oben nach unten \u2013 ohne diese kleine Umverteilung w\u00fcrde kein Staat n\u00e4mlich eine gesicherte Finanzierungsgrundlage haben \u2013 mit s\u00e4mtlichen Grenzen der Nationalstaaten einrei\u00dfen.<\/p>\n<p>\u00dcbrigens: Sozialstaat ist ausschlie\u00dflich in Nationalstaaten zu f\u00f6rdern! Marx hat sehr fr\u00fch gesagt, dass die Grenzen der Nationalstaaten vom Kapital tendenziell eingerissen werden. Umso mehr muss die Linke heute f\u00fcr den Nationalstaat eintreten, auch wenn es ihr zum Beispiel nicht schmecken mag. Das gilt f\u00fcr die Nationalstaaten im Allgemeinen und ist immer antinationalistisch zu verstehen.<\/p>\n<p>Im Besonderen gibt es nat\u00fcrlich Unterschiede: Der deutsche Nationalstaat hat den Nachteil, alle revolution\u00e4ren Ans\u00e4tze seit 1848 zerschlagen zu haben, w\u00e4hrend der franz\u00f6sische Nationalstaat seine Freiheit und Frechheit in die Gene gebracht bekam, als der Kopf eines K\u00f6nigs gerollt ist \u2013 wie es der T\u00fcbinger Philosoph Ernst Bloch einst so sch\u00f6n formuliert hatte.<\/p>\n<p><strong>Auf der Demonstration des NRW\u2013Friedensb\u00fcndnisses in D\u00fcsseldorf haben Sie am letzten Samstag erkl\u00e4rt, mit wem sie ungern gemeinsam f\u00fcr den Frieden demonstrieren und mit wem sie gerne demonstrieren. K\u00f6nnten Sie das noch mal zusammenfassen?<\/strong><\/p>\n<p>Ich m\u00f6chte m\u00f6glichst niemanden auf dem Platz sehen, der Auschwitz leugnet oder mit mir dar\u00fcber feilschen m\u00f6chte, dass weniger Juden ermordet wurden. Oder der vielleicht herumschwadroniert, die Polen und die Sowjetunion seien zu einem Teil selber schuld gewesen, vom deutschen Faschismus \u00fcberfallen worden zu sein.<\/p>\n<p>Wer aber aus welchen Motiven auch immer bei der letzten Bundestagswahl Die Linke oder aus links mitverschuldeten Gr\u00fcnden AfD, Tiersch\u00fctzer, Die Basis oder Team Todenh\u00f6fer gew\u00e4hlt hat, oder auch sogar die CDU oder vielleicht gar nicht, die und der sind mir herzlich willkommen. Auch w\u00e4hrend einer Demonstration will ich dann \u00fcber die Widerspr\u00fcche zwischen uns diskutieren. Insofern bin ich nat\u00fcrlich nach rechts offen, weil links von mir ohnehin nur die Wand ist und ich mit Demokraten rechts von mir gerne freundschaftlich streite.<\/p>\n<p><strong>W\u00fcrde eine wachsende und gro\u00dfe Friedensbewegung das Verhalten der Bundesregierung in Bezug auf Waffenlieferungen und in Bezug auf ihre Politik gegen\u00fcber Russland beeinflussen?<\/strong><\/p>\n<p>Ich w\u00fcrde sogar noch weitergehen: H\u00e4tten wir \u00fcber die letzten acht Jahre des verschwiegenen Krieges der ukrainischen Asow-Milizen und anderer Nazi-Bandera-Fans in der Kiewer Regierung bei st\u00e4ndiger Verletzung des Minsker Abkommens mehr aufgekl\u00e4rt, und h\u00e4tten wir mehr aufgekl\u00e4rt \u00fcber die 13.000 dort ermordeten Menschen durch rechte Scharfsch\u00fctzen und M\u00f6rser-Granaten zerfetzter Menschen sowie davon die Fotos gezeigt, dann w\u00e4re vielleicht sogar der Krieg vermieden worden.<\/p>\n<p>Auch m\u00fcssen wir die Deutschen aufkl\u00e4ren \u00fcber die Hyperschallraketen wie &#8220;Dark Eagle&#8221;, die \u2013 in der Ukraine stationiert \u2013 in 90 Sekunden in Moskau w\u00e4ren. Da gibt es keinen Run mehr in Bunker, keine Gegenwehr. Das w\u00e4re die ultimative NATO-Erstschlagsdrohung, mit der die USA die Herrschaft \u00fcber russische Gas- und Bodensch\u00e4tze gewinnen.<\/p>\n<p><em>Der Komponist und Autor von Romanen, Theaterst\u00fccken, Liedern, aber auch psychologischen Fachb\u00fcchern Dr. Diether Dehm war f\u00fcr die SPD in der Frankfurter Staatsregierung und im Bundestag und dann von 1999 bis 2003 stellvertretender Vorsitzender der PDS-Partei, von 2004 bis 2010 Landesvorsitzender der Linken Niedersachsen und bis 2016 Schatzmeister der Europ\u00e4ischen Linkspartei. Seit 2005 war er Mittelstandspolitischer Sprecher der Bundestagsfraktion, Europapolitischer Sprecher und seit 2013 Sprecher f\u00fcr Ausw\u00e4rtige Kultur- und Bildungspolitik und stellvertretender Vorsitzender des Ausschusses f\u00fcr Ausw\u00e4rtige Kultur- und Bildungspolitik. Von 2005 bis 2021 war er Abgeordneter des Deutschen Bundestags.<\/em><\/p>\n<p><em>Seit 2010 ist er Bundesvorsitzender der &#8220;Linken Unternehmer&#8221; (BAG LiU)&#8221;.<\/em><\/p>\n<p><strong>Mehr zum Thema<\/strong> &#8211; <a rel=\"nofollow noopener\" target=\"_blank\" href=\"https:\/\/pressefreiheit.rtde.live\/inland\/160773-innerlinker-aufruf-linke-gegen-krieg\/\">Aufruf an Die Linke: &#8220;Linke gegen Krieg und Kriegsbeteiligung!&#8221; \u2013 Wagenknecht und Dehm dabei<\/a><\/p>\n<\/div>\n<p><br \/>\n<br \/><a href=\"https:\/\/de.rt.com\/inland\/166671-diether-dehm-sozialstaat-gibt-es\/\">Source link <\/a><\/p>\n","protected":false},"excerpt":{"rendered":"<p>Im Interview legt der fr\u00fchere Abgeordnete der Partei Die Linke Dr. Diether Dehm dar, welche Rolle die deutsche Regierung bei Entscheidungen \u00fcber Gesundheits- und Kriegspolitik spielt und inwieweit die Politik von anderen Akteuren bestimmt wird. Er erkl\u00e4rt, warum der Nationalstaat \u2013 auch von links \u2013 verteidigt werden sollte, und spricht \u00fcber Spektrum und Chancen der [&hellip;]<\/p>\n","protected":false},"author":3,"featured_media":33380,"comment_status":"open","ping_status":"open","sticky":false,"template":"","format":"standard","meta":{"_yoast_indexnow_last_ping":["1680368521"],"wp_automatic_camp":["217"],"10d2be2f221d1aa98a5f78793daf76cf":["Diether Dehm: Sozialstaat gibt es nur im Nationalstaat"],"original_link":["https:\/\/de.rt.com\/inland\/166671-diether-dehm-sozialstaat-gibt-es\/"],"_thumbnail_id":["33380"],"_wptgpro_p2tg_sent2tg":["a:1:{i:23737;s:19:\"2023-04-01 19:03:16\";}"],"jnews_social_counter_last_update":["1777314141"]},"categories":[19,23],"tags":[35885,35884,1002,42680,4230,42679],"yoast_head":"<!-- This site is optimized with the Yoast SEO Premium plugin v22.7 (Yoast SEO v22.7) - https:\/\/yoast.com\/wordpress\/plugins\/seo\/ -->\n<title>Diether Dehm: Sozialstaat gibt es nur im Nationalstaat - just-now.NEWS Deutschland<\/title>\n<meta name=\"robots\" content=\"index, follow, max-snippet:-1, max-image-preview:large, max-video-preview:-1\" \/>\n<link rel=\"canonical\" href=\"https:\/\/now-news.de\/de\/deutschland\/diether-dehm-sozialstaat-gibt-es-nur-im-nationalstaat\/\" \/>\n<meta property=\"og:locale\" content=\"de_DE\" \/>\n<meta property=\"og:type\" content=\"article\" \/>\n<meta property=\"og:title\" content=\"Diether Dehm: Sozialstaat gibt es nur im Nationalstaat\" \/>\n<meta property=\"og:description\" content=\"Im Interview legt der fr\u00fchere Abgeordnete der Partei Die Linke Dr. Diether Dehm dar, welche Rolle die deutsche Regierung bei Entscheidungen \u00fcber Gesundheits- und Kriegspolitik spielt und inwieweit die Politik von anderen Akteuren bestimmt wird. Er erkl\u00e4rt, warum der Nationalstaat \u2013 auch von links \u2013 verteidigt werden sollte, und spricht \u00fcber Spektrum und Chancen der [&hellip;]\" \/>\n<meta property=\"og:url\" content=\"https:\/\/now-news.de\/de\/deutschland\/diether-dehm-sozialstaat-gibt-es-nur-im-nationalstaat\/\" \/>\n<meta property=\"og:site_name\" content=\"just-now.NEWS Deutschland\" \/>\n<meta property=\"article:publisher\" content=\"https:\/\/www.facebook.com\/wirmachenauf\" \/>\n<meta property=\"article:published_time\" content=\"2023-04-01T16:47:45+00:00\" \/>\n<meta property=\"og:image\" content=\"https:\/\/now-news.de\/de\/wp-content\/uploads\/sites\/3\/2023\/04\/Diether-Dehm-Sozialstaat-gibt-es-nur-im-Nationalstaat.JPG\" \/>\n\t<meta property=\"og:image:width\" content=\"460\" \/>\n\t<meta property=\"og:image:height\" content=\"259\" \/>\n\t<meta property=\"og:image:type\" content=\"image\/jpeg\" \/>\n<meta name=\"author\" content=\"rtnews\" \/>\n<meta name=\"twitter:card\" content=\"summary_large_image\" \/>\n<meta name=\"twitter:creator\" content=\"@WirMachenAuf_de\" \/>\n<meta name=\"twitter:site\" content=\"@WirMachenAuf_de\" \/>\n<meta name=\"twitter:label1\" content=\"Verfasst von\" \/>\n\t<meta name=\"twitter:data1\" content=\"rtnews\" \/>\n\t<meta name=\"twitter:label2\" content=\"Gesch\u00e4tzte Lesezeit\" \/>\n\t<meta name=\"twitter:data2\" content=\"6\u00a0Minuten\" \/>\n<script type=\"application\/ld+json\" class=\"yoast-schema-graph\">{\"@context\":\"https:\/\/schema.org\",\"@graph\":[{\"@type\":\"Article\",\"@id\":\"https:\/\/now-news.de\/de\/deutschland\/diether-dehm-sozialstaat-gibt-es-nur-im-nationalstaat\/#article\",\"isPartOf\":{\"@id\":\"https:\/\/now-news.de\/de\/deutschland\/diether-dehm-sozialstaat-gibt-es-nur-im-nationalstaat\/\"},\"author\":{\"name\":\"rtnews\",\"@id\":\"https:\/\/now-news.de\/de\/#\/schema\/person\/fb534a4e865501d8b3285208df34a9b5\"},\"headline\":\"Diether Dehm: Sozialstaat gibt es nur im Nationalstaat\",\"datePublished\":\"2023-04-01T16:47:45+00:00\",\"dateModified\":\"2023-04-01T16:47:45+00:00\",\"mainEntityOfPage\":{\"@id\":\"https:\/\/now-news.de\/de\/deutschland\/diether-dehm-sozialstaat-gibt-es-nur-im-nationalstaat\/\"},\"wordCount\":1289,\"commentCount\":0,\"publisher\":{\"@id\":\"https:\/\/now-news.de\/de\/#organization\"},\"image\":{\"@id\":\"https:\/\/now-news.de\/de\/deutschland\/diether-dehm-sozialstaat-gibt-es-nur-im-nationalstaat\/#primaryimage\"},\"thumbnailUrl\":\"https:\/\/now-news.de\/de\/wp-content\/uploads\/sites\/3\/2023\/04\/Diether-Dehm-Sozialstaat-gibt-es-nur-im-Nationalstaat.JPG\",\"keywords\":[\"Dehm\",\"Diether\",\"gibt\",\"Nationalstaat\",\"NUR\",\"Sozialstaat\"],\"articleSection\":[\"Deutschland\",\"Russland\"],\"inLanguage\":\"de\",\"potentialAction\":[{\"@type\":\"CommentAction\",\"name\":\"Comment\",\"target\":[\"https:\/\/now-news.de\/de\/deutschland\/diether-dehm-sozialstaat-gibt-es-nur-im-nationalstaat\/#respond\"]}]},{\"@type\":\"WebPage\",\"@id\":\"https:\/\/now-news.de\/de\/deutschland\/diether-dehm-sozialstaat-gibt-es-nur-im-nationalstaat\/\",\"url\":\"https:\/\/now-news.de\/de\/deutschland\/diether-dehm-sozialstaat-gibt-es-nur-im-nationalstaat\/\",\"name\":\"Diether Dehm: Sozialstaat gibt es nur im Nationalstaat - just-now.NEWS Deutschland\",\"isPartOf\":{\"@id\":\"https:\/\/now-news.de\/de\/#website\"},\"primaryImageOfPage\":{\"@id\":\"https:\/\/now-news.de\/de\/deutschland\/diether-dehm-sozialstaat-gibt-es-nur-im-nationalstaat\/#primaryimage\"},\"image\":{\"@id\":\"https:\/\/now-news.de\/de\/deutschland\/diether-dehm-sozialstaat-gibt-es-nur-im-nationalstaat\/#primaryimage\"},\"thumbnailUrl\":\"https:\/\/now-news.de\/de\/wp-content\/uploads\/sites\/3\/2023\/04\/Diether-Dehm-Sozialstaat-gibt-es-nur-im-Nationalstaat.JPG\",\"datePublished\":\"2023-04-01T16:47:45+00:00\",\"dateModified\":\"2023-04-01T16:47:45+00:00\",\"breadcrumb\":{\"@id\":\"https:\/\/now-news.de\/de\/deutschland\/diether-dehm-sozialstaat-gibt-es-nur-im-nationalstaat\/#breadcrumb\"},\"inLanguage\":\"de\",\"potentialAction\":[{\"@type\":\"ReadAction\",\"target\":[\"https:\/\/now-news.de\/de\/deutschland\/diether-dehm-sozialstaat-gibt-es-nur-im-nationalstaat\/\"]}]},{\"@type\":\"ImageObject\",\"inLanguage\":\"de\",\"@id\":\"https:\/\/now-news.de\/de\/deutschland\/diether-dehm-sozialstaat-gibt-es-nur-im-nationalstaat\/#primaryimage\",\"url\":\"https:\/\/now-news.de\/de\/wp-content\/uploads\/sites\/3\/2023\/04\/Diether-Dehm-Sozialstaat-gibt-es-nur-im-Nationalstaat.JPG\",\"contentUrl\":\"https:\/\/now-news.de\/de\/wp-content\/uploads\/sites\/3\/2023\/04\/Diether-Dehm-Sozialstaat-gibt-es-nur-im-Nationalstaat.JPG\",\"width\":460,\"height\":259,\"caption\":\"Diether Dehm: Sozialstaat gibt es nur im Nationalstaat\"},{\"@type\":\"BreadcrumbList\",\"@id\":\"https:\/\/now-news.de\/de\/deutschland\/diether-dehm-sozialstaat-gibt-es-nur-im-nationalstaat\/#breadcrumb\",\"itemListElement\":[{\"@type\":\"ListItem\",\"position\":1,\"name\":\"Home\",\"item\":\"https:\/\/now-news.de\/de\/\"},{\"@type\":\"ListItem\",\"position\":2,\"name\":\"Diether Dehm: Sozialstaat gibt es nur im Nationalstaat\"}]},{\"@type\":\"WebSite\",\"@id\":\"https:\/\/now-news.de\/de\/#website\",\"url\":\"https:\/\/now-news.de\/de\/\",\"name\":\"just-now.NEWS Deutschland\",\"description\":\"Das Portal f\u00fcr unzensierte Nachrichten aus der Welt\",\"publisher\":{\"@id\":\"https:\/\/now-news.de\/de\/#organization\"},\"potentialAction\":[{\"@type\":\"SearchAction\",\"target\":{\"@type\":\"EntryPoint\",\"urlTemplate\":\"https:\/\/now-news.de\/de\/?s={search_term_string}\"},\"query-input\":\"required name=search_term_string\"}],\"inLanguage\":\"de\"},{\"@type\":\"Organization\",\"@id\":\"https:\/\/now-news.de\/de\/#organization\",\"name\":\"Just Now News\",\"url\":\"https:\/\/now-news.de\/de\/\",\"logo\":{\"@type\":\"ImageObject\",\"inLanguage\":\"de\",\"@id\":\"https:\/\/now-news.de\/de\/#\/schema\/logo\/image\/\",\"url\":\"http:\/\/just-now.news\/de\/wp-content\/uploads\/sites\/3\/2022\/04\/logo500x500.jpg\",\"contentUrl\":\"http:\/\/just-now.news\/de\/wp-content\/uploads\/sites\/3\/2022\/04\/logo500x500.jpg\",\"width\":500,\"height\":500,\"caption\":\"Just Now News\"},\"image\":{\"@id\":\"https:\/\/now-news.de\/de\/#\/schema\/logo\/image\/\"},\"sameAs\":[\"https:\/\/www.facebook.com\/wirmachenauf\",\"https:\/\/x.com\/WirMachenAuf_de\"]},{\"@type\":\"Person\",\"@id\":\"https:\/\/now-news.de\/de\/#\/schema\/person\/fb534a4e865501d8b3285208df34a9b5\",\"name\":\"rtnews\",\"image\":{\"@type\":\"ImageObject\",\"inLanguage\":\"de\",\"@id\":\"https:\/\/now-news.de\/de\/#\/schema\/person\/image\/\",\"url\":\"https:\/\/secure.gravatar.com\/avatar\/82aafea7d8127119dd649515f56e2117?s=96&d=mm&r=g\",\"contentUrl\":\"https:\/\/secure.gravatar.com\/avatar\/82aafea7d8127119dd649515f56e2117?s=96&d=mm&r=g\",\"caption\":\"rtnews\"},\"url\":\"https:\/\/now-news.de\/de\/author\/rnews\/\"}]}<\/script>\n<!-- \/ Yoast SEO Premium plugin. -->","yoast_head_json":{"title":"Diether Dehm: Sozialstaat gibt es nur im Nationalstaat - just-now.NEWS Deutschland","robots":{"index":"index","follow":"follow","max-snippet":"max-snippet:-1","max-image-preview":"max-image-preview:large","max-video-preview":"max-video-preview:-1"},"canonical":"https:\/\/now-news.de\/de\/deutschland\/diether-dehm-sozialstaat-gibt-es-nur-im-nationalstaat\/","og_locale":"de_DE","og_type":"article","og_title":"Diether Dehm: Sozialstaat gibt es nur im Nationalstaat","og_description":"Im Interview legt der fr\u00fchere Abgeordnete der Partei Die Linke Dr. Diether Dehm dar, welche Rolle die deutsche Regierung bei Entscheidungen \u00fcber Gesundheits- und Kriegspolitik spielt und inwieweit die Politik von anderen Akteuren bestimmt wird. Er erkl\u00e4rt, warum der Nationalstaat \u2013 auch von links \u2013 verteidigt werden sollte, und spricht \u00fcber Spektrum und Chancen der [&hellip;]","og_url":"https:\/\/now-news.de\/de\/deutschland\/diether-dehm-sozialstaat-gibt-es-nur-im-nationalstaat\/","og_site_name":"just-now.NEWS Deutschland","article_publisher":"https:\/\/www.facebook.com\/wirmachenauf","article_published_time":"2023-04-01T16:47:45+00:00","og_image":[{"width":460,"height":259,"url":"https:\/\/now-news.de\/de\/wp-content\/uploads\/sites\/3\/2023\/04\/Diether-Dehm-Sozialstaat-gibt-es-nur-im-Nationalstaat.JPG","type":"image\/jpeg"}],"author":"rtnews","twitter_card":"summary_large_image","twitter_creator":"@WirMachenAuf_de","twitter_site":"@WirMachenAuf_de","twitter_misc":{"Verfasst von":"rtnews","Gesch\u00e4tzte Lesezeit":"6\u00a0Minuten"},"schema":{"@context":"https:\/\/schema.org","@graph":[{"@type":"Article","@id":"https:\/\/now-news.de\/de\/deutschland\/diether-dehm-sozialstaat-gibt-es-nur-im-nationalstaat\/#article","isPartOf":{"@id":"https:\/\/now-news.de\/de\/deutschland\/diether-dehm-sozialstaat-gibt-es-nur-im-nationalstaat\/"},"author":{"name":"rtnews","@id":"https:\/\/now-news.de\/de\/#\/schema\/person\/fb534a4e865501d8b3285208df34a9b5"},"headline":"Diether Dehm: Sozialstaat gibt es nur im Nationalstaat","datePublished":"2023-04-01T16:47:45+00:00","dateModified":"2023-04-01T16:47:45+00:00","mainEntityOfPage":{"@id":"https:\/\/now-news.de\/de\/deutschland\/diether-dehm-sozialstaat-gibt-es-nur-im-nationalstaat\/"},"wordCount":1289,"commentCount":0,"publisher":{"@id":"https:\/\/now-news.de\/de\/#organization"},"image":{"@id":"https:\/\/now-news.de\/de\/deutschland\/diether-dehm-sozialstaat-gibt-es-nur-im-nationalstaat\/#primaryimage"},"thumbnailUrl":"https:\/\/now-news.de\/de\/wp-content\/uploads\/sites\/3\/2023\/04\/Diether-Dehm-Sozialstaat-gibt-es-nur-im-Nationalstaat.JPG","keywords":["Dehm","Diether","gibt","Nationalstaat","NUR","Sozialstaat"],"articleSection":["Deutschland","Russland"],"inLanguage":"de","potentialAction":[{"@type":"CommentAction","name":"Comment","target":["https:\/\/now-news.de\/de\/deutschland\/diether-dehm-sozialstaat-gibt-es-nur-im-nationalstaat\/#respond"]}]},{"@type":"WebPage","@id":"https:\/\/now-news.de\/de\/deutschland\/diether-dehm-sozialstaat-gibt-es-nur-im-nationalstaat\/","url":"https:\/\/now-news.de\/de\/deutschland\/diether-dehm-sozialstaat-gibt-es-nur-im-nationalstaat\/","name":"Diether Dehm: Sozialstaat gibt es nur im Nationalstaat - just-now.NEWS Deutschland","isPartOf":{"@id":"https:\/\/now-news.de\/de\/#website"},"primaryImageOfPage":{"@id":"https:\/\/now-news.de\/de\/deutschland\/diether-dehm-sozialstaat-gibt-es-nur-im-nationalstaat\/#primaryimage"},"image":{"@id":"https:\/\/now-news.de\/de\/deutschland\/diether-dehm-sozialstaat-gibt-es-nur-im-nationalstaat\/#primaryimage"},"thumbnailUrl":"https:\/\/now-news.de\/de\/wp-content\/uploads\/sites\/3\/2023\/04\/Diether-Dehm-Sozialstaat-gibt-es-nur-im-Nationalstaat.JPG","datePublished":"2023-04-01T16:47:45+00:00","dateModified":"2023-04-01T16:47:45+00:00","breadcrumb":{"@id":"https:\/\/now-news.de\/de\/deutschland\/diether-dehm-sozialstaat-gibt-es-nur-im-nationalstaat\/#breadcrumb"},"inLanguage":"de","potentialAction":[{"@type":"ReadAction","target":["https:\/\/now-news.de\/de\/deutschland\/diether-dehm-sozialstaat-gibt-es-nur-im-nationalstaat\/"]}]},{"@type":"ImageObject","inLanguage":"de","@id":"https:\/\/now-news.de\/de\/deutschland\/diether-dehm-sozialstaat-gibt-es-nur-im-nationalstaat\/#primaryimage","url":"https:\/\/now-news.de\/de\/wp-content\/uploads\/sites\/3\/2023\/04\/Diether-Dehm-Sozialstaat-gibt-es-nur-im-Nationalstaat.JPG","contentUrl":"https:\/\/now-news.de\/de\/wp-content\/uploads\/sites\/3\/2023\/04\/Diether-Dehm-Sozialstaat-gibt-es-nur-im-Nationalstaat.JPG","width":460,"height":259,"caption":"Diether Dehm: Sozialstaat gibt es nur im Nationalstaat"},{"@type":"BreadcrumbList","@id":"https:\/\/now-news.de\/de\/deutschland\/diether-dehm-sozialstaat-gibt-es-nur-im-nationalstaat\/#breadcrumb","itemListElement":[{"@type":"ListItem","position":1,"name":"Home","item":"https:\/\/now-news.de\/de\/"},{"@type":"ListItem","position":2,"name":"Diether Dehm: Sozialstaat gibt es nur im Nationalstaat"}]},{"@type":"WebSite","@id":"https:\/\/now-news.de\/de\/#website","url":"https:\/\/now-news.de\/de\/","name":"just-now.NEWS Deutschland","description":"Das Portal f\u00fcr unzensierte Nachrichten aus der Welt","publisher":{"@id":"https:\/\/now-news.de\/de\/#organization"},"potentialAction":[{"@type":"SearchAction","target":{"@type":"EntryPoint","urlTemplate":"https:\/\/now-news.de\/de\/?s={search_term_string}"},"query-input":"required name=search_term_string"}],"inLanguage":"de"},{"@type":"Organization","@id":"https:\/\/now-news.de\/de\/#organization","name":"Just Now News","url":"https:\/\/now-news.de\/de\/","logo":{"@type":"ImageObject","inLanguage":"de","@id":"https:\/\/now-news.de\/de\/#\/schema\/logo\/image\/","url":"http:\/\/just-now.news\/de\/wp-content\/uploads\/sites\/3\/2022\/04\/logo500x500.jpg","contentUrl":"http:\/\/just-now.news\/de\/wp-content\/uploads\/sites\/3\/2022\/04\/logo500x500.jpg","width":500,"height":500,"caption":"Just Now News"},"image":{"@id":"https:\/\/now-news.de\/de\/#\/schema\/logo\/image\/"},"sameAs":["https:\/\/www.facebook.com\/wirmachenauf","https:\/\/x.com\/WirMachenAuf_de"]},{"@type":"Person","@id":"https:\/\/now-news.de\/de\/#\/schema\/person\/fb534a4e865501d8b3285208df34a9b5","name":"rtnews","image":{"@type":"ImageObject","inLanguage":"de","@id":"https:\/\/now-news.de\/de\/#\/schema\/person\/image\/","url":"https:\/\/secure.gravatar.com\/avatar\/82aafea7d8127119dd649515f56e2117?s=96&d=mm&r=g","contentUrl":"https:\/\/secure.gravatar.com\/avatar\/82aafea7d8127119dd649515f56e2117?s=96&d=mm&r=g","caption":"rtnews"},"url":"https:\/\/now-news.de\/de\/author\/rnews\/"}]}},"_links":{"self":[{"href":"https:\/\/now-news.de\/de\/wp-json\/wp\/v2\/posts\/33379"}],"collection":[{"href":"https:\/\/now-news.de\/de\/wp-json\/wp\/v2\/posts"}],"about":[{"href":"https:\/\/now-news.de\/de\/wp-json\/wp\/v2\/types\/post"}],"author":[{"embeddable":true,"href":"https:\/\/now-news.de\/de\/wp-json\/wp\/v2\/users\/3"}],"replies":[{"embeddable":true,"href":"https:\/\/now-news.de\/de\/wp-json\/wp\/v2\/comments?post=33379"}],"version-history":[{"count":0,"href":"https:\/\/now-news.de\/de\/wp-json\/wp\/v2\/posts\/33379\/revisions"}],"wp:featuredmedia":[{"embeddable":true,"href":"https:\/\/now-news.de\/de\/wp-json\/wp\/v2\/media\/33380"}],"wp:attachment":[{"href":"https:\/\/now-news.de\/de\/wp-json\/wp\/v2\/media?parent=33379"}],"wp:term":[{"taxonomy":"category","embeddable":true,"href":"https:\/\/now-news.de\/de\/wp-json\/wp\/v2\/categories?post=33379"},{"taxonomy":"post_tag","embeddable":true,"href":"https:\/\/now-news.de\/de\/wp-json\/wp\/v2\/tags?post=33379"}],"curies":[{"name":"wp","href":"https:\/\/api.w.org\/{rel}","templated":true}]}}