{"id":33313,"date":"2023-03-31T14:30:52","date_gmt":"2023-03-31T12:30:52","guid":{"rendered":"https:\/\/just-now.news\/de\/deutschland\/deutscher-koenig-ohren-karl-ein-medien-maerchen-wuerde-wirklich-wahr\/"},"modified":"2023-03-31T14:30:52","modified_gmt":"2023-03-31T12:30:52","slug":"deutscher-koenig-ohren-karl-ein-medien-maerchen-wuerde-wirklich-wahr","status":"publish","type":"post","link":"https:\/\/now-news.de\/de\/deutschland\/deutscher-koenig-ohren-karl-ein-medien-maerchen-wuerde-wirklich-wahr\/","title":{"rendered":"Deutscher K\u00f6nig Ohren-Karl \u2013 Ein Medien-M\u00e4rchen w\u00fcrde wirklich wahr"},"content":{"rendered":"<p><img decoding=\"async\" src=\"http:\/\/just-now.news\/de\/wp-content\/uploads\/sites\/3\/2023\/03\/6426c18348fbef45666d5c59.jpg\" \/><\/p>\n<div class=\"Text-root Text-type_1 \">\n                Der inoffizielle Hofzeremonienmeister der Bundesregierung und Royal-Kenner alter Schule, Uli Gellermann, seziert die deutsche mediale H\u00f6rigkeit hinsichtlich einer Kurzvisite des blaubl\u00fctigen Adelsbesuches aus dem Vereinigten K\u00f6nigreich.\n            <\/div>\n<p><\/p>\n<div class=\"Text-root Text-type_5 ArticleView-text ViewText-root \">\n<p><em>Von Uli Gellermann<\/em><\/p>\n<p>Die deutschen Medien machen es t\u00e4glich: Ein echter K\u00f6nig ist im Land, und sie wissen sich vor Untert\u00e4nigkeit nicht zu lassen. Die Frau, die ihn begleitet, wird vor lauter Begeisterung zur &#8220;K\u00f6nigsgemahlin&#8221;, Gemahlin allein h\u00e4tte es nicht getan. Alles ist &#8220;royal&#8221;: die Fahrt mit dem ICE genauso wie die \u00dcbernachtungen. <em>Der Spiegel<\/em> hat eine eigene <a rel=\"nofollow noopener\" target=\"_blank\" href=\"https:\/\/www.spiegel.de\/panorama\/leute\/charles-iii-und-camilla-das-koenigspaar-besucht-deutschland-a-eadedcf5-48c1-4da9-9579-158a27be81d3\">Serie<\/a> aufgelegt: &#8220;Watching the Royals&#8221;. Man spricht Englisch, indeed! Der Berliner\u00a0<em>Tagesspiegel<\/em> stellt die Fragen aller Fragen: &#8220;Sollte man auch als B\u00fcrgerlicher auf <a rel=\"nofollow noopener\" target=\"_blank\" href=\"https:\/\/www.tagesspiegel.de\/king-charles-kommt-zu-besuch-sollte-man-auch-als-burgerlicher-auf-royale-brauche-achten-9568742.html\">royale Br\u00e4uche<\/a> achten?&#8221; Yes, Sir!<\/p>\n<p><strong>Berlin, elf Grad, der K\u00f6nig ist da<\/strong><\/p>\n<p>Es ist guter Brauch, dass man den vielen K\u00f6nigen in der Geschichte Beinamen gibt: Gustav der Dicke, Friederich der Lahme, August der Besengte zum Beispiel. F\u00fcr den Deutschland zur Zeit Beehrenden bietet sich K\u00f6nig Ohren-Karl an. Wer sein Foto kennt, der wei\u00df, warum. Einen eigenen Namen braucht er vor allem f\u00fcr den Fall, dass er auch K\u00f6nig von Deutschland wird. Gemessen an der Medien-Aufgeregtheit und den ehrf\u00fcrchtig triefenden Stimmen der Berichterstatter ist er es ohnehin schon. &#8220;Berlin, elf Grad, der K\u00f6nig ist da&#8221;, <a rel=\"nofollow noopener\" target=\"_blank\" href=\"https:\/\/www.zeit.de\/gesellschaft\/zeitgeschehen\/2023-03\/koenig-charles-besuch-berlin-3\">verk\u00fcndet<\/a> die Zeitung <em>Die<\/em>\u00a0<em>Zeit<\/em>, und man h\u00f6rt den Stab des Zeremonienmeisters dreimal auf den Boden klopfen.<\/p>\n<p><strong>\u00dcbung im Untertanen-Gehorsam<\/strong><\/p>\n<p>K\u00f6nige und K\u00f6niginnen braucht der Manipulations-Apparat: Die immer guten F\u00fcrsten sind die Projektions-Figuren der Sehnsucht nach den M\u00e4rchen. Und wenn sie nicht gestorben sind, dann wird alles gut! Mit ihnen l\u00e4sst sich Untertanen-Gehorsam so sch\u00f6n ein\u00fcben. Mit Ohren-Karl h\u00e4tten die Deutschen einen besonders tapferen K\u00f6nig. Aus dem Atom-Bunker des Buckingham-Palasts heraus hatte er damals die Ausr\u00fcstung der britischen Soldaten im Irak-Krieg bem\u00e4ngelt. Offenkundig brachten die ihm zu wenig Iraker um. Auch hatte er einst, eindeutig aus Gr\u00fcnden der Krankheits-Reklame, sogar zweimal Corona. Und in diesen Tagen schickte er sogar seinen Sohn Prinz William nach Polen in ein ukrainisches Fl\u00fcchtlingslager. Dort <a rel=\"nofollow noopener\" target=\"_blank\" href=\"https:\/\/de.euronews.com\/2023\/03\/23\/gemeinsam-die-ukraine-unterstutzen-prinz-william-40-in-polen\">sagte<\/a> der dann mutig: &#8220;Unsere Nationen haben starke Verbindungen. Durch unsere Zusammenarbeit zur Unterst\u00fctzung des ukrainischen Volkes und seiner Freiheit, die auch unsere und eure Freiheit ist, werden diese Beziehungen weiter gest\u00e4rkt.&#8221;<\/p>\n<p><strong>Ein Monarch im Bundestag<\/strong><\/p>\n<p>Prinz William absolvierte 2012 einen sechsw\u00f6chigen Einsatz auf den\u00a0Falklandinseln. Dort hatten die Briten 1982 einen blutigen Krieg exerziert, um einem konservativen Wahlkampf die richtige W\u00fcrze zu geben. Im Jahr darauf verdreifachte Margret Thatcher bei der Wiederwahl die Mehrheit der Unterhaussitze ihrer Konservativen Partei \u2013 trotz drei Millionen Arbeitsloser, hoher Zinsen und zahlreicher Firmenpleiten. Daran wollen deutsche Medien nicht erinnern. Die <em>Tagesschau<\/em>\u00a0<a rel=\"nofollow noopener\" target=\"_blank\" href=\"https:\/\/www.tagesschau.de\/multimedia\/video\/video-1175385.html\">berichte<\/a> lieber weihevoll: &#8220;Ein Monarch im Bundestag&#8221; und wei\u00df von den Fr\u00e4cken der Herren und dem wertvollen Schmuck der Damen beim &#8220;Staatsbankett&#8221; eindringlich zu erz\u00e4hlen.<\/p>\n<p>Endlich ist die angebliche Nachrichtensendung bei ihrer Berufung angekommen: dem sabbernden Herrschaftsmedium am Rand der Macht. Man sendet in eine gl\u00fcckliche Zukunft, auf den Tag hoffend, an dem Ohren-Karl den Platz von Steinmeier einnimmt.<\/p>\n<p><strong>Honi soit qui mal y pense<\/strong>\u00a0<\/p>\n<p>Kanzler Scholz fehlte beim Staatsbankett, er wird nachsitzen m\u00fcssen. Immerhin entging ihm dieser k\u00f6nigliche Satz: Die deutsche Unterst\u00fctzung f\u00fcr die Ukraine sei &#8220;mutig, wichtig und willkommen&#8221;. K\u00f6nig Karl betonte dabei Deutschlands und Gro\u00dfbritanniens F\u00fchrungsrolle. Auf die NATO-F\u00fchrung k\u00f6nnen sich die Kriegstreiber immer verlassen. Den Mut zu \u00dcberf\u00e4llen, ob in Afghanistan, Irak oder Libyen hat das Kriegsb\u00fcndnis immer. Sie (NATO) sollte mit dem britischen Hosenband-Orden ausgezeichnet werden: &#8220;<a rel=\"nofollow noopener\" target=\"_blank\" href=\"https:\/\/de.wikipedia.org\/wiki\/Honi_soit_qui_mal_y_pense#:~:text=Honi%20soit%20qui%20mal%20y%20pense%20%5B%C9%94ni%20swa%20ki%20mal,%E2%80%9C)%20ist%20eine%20anglonormannische%20Redewendung.\">Hony soit<\/a> qui mal y pens&#8221;, ein &#8220;Schelm, der B\u00f6ses dabei denkt&#8221; ist dessen Wahlspruch.<\/p>\n<p>Denn nat\u00fcrlich haben die m\u00f6rderischen NATO-Truppen es immer nur gut gemeint.<\/p>\n<p><em>Zuerst\u00a0<a rel=\"nofollow noopener\" target=\"_blank\" href=\"https:\/\/www.rationalgalerie.de\/home\/deutscher-koenig-ohren-karl\">ver\u00f6ffentlicht<\/a>\u00a0auf der Medienplattform RATIONALGALERIE am 30. M\u00e4rz 2023.<\/em><\/p>\n<p><em>Uli Gellermann<strong>\u00a0<\/strong>ist Filmemacher und Journalist. Seine Erfahrungen mit den \u00f6ffentlich-rechtlichen Sendern begr\u00fcnden seine Medienkritik. Er ist Herausgeber der Internetseite <a rel=\"nofollow noopener\" target=\"_blank\" href=\"https:\/\/www.rationalgalerie.de\/\">rationalgalerie.de<\/a>.<\/em><\/p>\n<p><strong>Mehr zum Thema\u00a0<\/strong>\u2013 <a rel=\"nofollow noopener\" target=\"_blank\" href=\"https:\/\/pressefreiheit.rtde.tech\/meinung\/166608-wohlfuehlrede-mit-hintergedanken\/\">Eine Wohlf\u00fchlrede mit Hintergedanken<\/a><\/p>\n<\/div>\n<p><br \/>\n<br \/><a href=\"https:\/\/de.rt.com\/meinung\/166662-deutscher-koenig-ohren-karl-medien\/\">Source link <\/a><\/p>\n","protected":false},"excerpt":{"rendered":"<p>Der inoffizielle Hofzeremonienmeister der Bundesregierung und Royal-Kenner alter Schule, Uli Gellermann, seziert die deutsche mediale H\u00f6rigkeit hinsichtlich einer Kurzvisite des blaubl\u00fctigen Adelsbesuches aus dem Vereinigten K\u00f6nigreich. Von Uli Gellermann Die deutschen Medien machen es t\u00e4glich: Ein echter K\u00f6nig ist im Land, und sie wissen sich vor Untert\u00e4nigkeit nicht zu lassen. Die Frau, die ihn begleitet, [&hellip;]<\/p>\n","protected":false},"author":3,"featured_media":33314,"comment_status":"open","ping_status":"open","sticky":false,"template":"","format":"standard","meta":{"_yoast_indexnow_last_ping":["1680266357"],"wp_automatic_camp":["217"],"e9756f3a44d8ed6e76c3590f870b7415":["Deutscher K\u00f6nig Ohren-Karl \u2013 Ein Medien-M\u00e4rchen w\u00fcrde wirklich wahr"],"original_link":["https:\/\/de.rt.com\/meinung\/166662-deutscher-koenig-ohren-karl-medien\/"],"_thumbnail_id":["33314"],"_wptgpro_p2tg_sent2tg":["a:1:{i:23737;s:19:\"2023-03-31 14:40:42\";}"],"jnews_social_counter_last_update":["1777175452"]},"categories":[19,23],"tags":[8305,357,21142,42640,42639,30471,4269,528],"yoast_head":"<!-- This site is optimized with the Yoast SEO Premium plugin v22.7 (Yoast SEO v22.7) - https:\/\/yoast.com\/wordpress\/plugins\/seo\/ -->\n<title>Deutscher K\u00f6nig Ohren-Karl \u2013 Ein Medien-M\u00e4rchen w\u00fcrde wirklich wahr - just-now.NEWS Deutschland<\/title>\n<meta name=\"robots\" content=\"index, follow, max-snippet:-1, max-image-preview:large, max-video-preview:-1\" \/>\n<link rel=\"canonical\" href=\"https:\/\/now-news.de\/de\/deutschland\/deutscher-koenig-ohren-karl-ein-medien-maerchen-wuerde-wirklich-wahr\/\" \/>\n<meta property=\"og:locale\" content=\"de_DE\" \/>\n<meta property=\"og:type\" content=\"article\" \/>\n<meta property=\"og:title\" content=\"Deutscher K\u00f6nig Ohren-Karl \u2013 Ein Medien-M\u00e4rchen w\u00fcrde wirklich wahr\" \/>\n<meta property=\"og:description\" content=\"Der inoffizielle Hofzeremonienmeister der Bundesregierung und Royal-Kenner alter Schule, Uli Gellermann, seziert die deutsche mediale H\u00f6rigkeit hinsichtlich einer Kurzvisite des blaubl\u00fctigen Adelsbesuches aus dem Vereinigten K\u00f6nigreich. Von Uli Gellermann Die deutschen Medien machen es t\u00e4glich: Ein echter K\u00f6nig ist im Land, und sie wissen sich vor Untert\u00e4nigkeit nicht zu lassen. Die Frau, die ihn begleitet, [&hellip;]\" \/>\n<meta property=\"og:url\" content=\"https:\/\/now-news.de\/de\/deutschland\/deutscher-koenig-ohren-karl-ein-medien-maerchen-wuerde-wirklich-wahr\/\" \/>\n<meta property=\"og:site_name\" content=\"just-now.NEWS Deutschland\" \/>\n<meta property=\"article:publisher\" content=\"https:\/\/www.facebook.com\/wirmachenauf\" \/>\n<meta property=\"article:published_time\" content=\"2023-03-31T12:30:52+00:00\" \/>\n<meta property=\"og:image\" content=\"https:\/\/now-news.de\/de\/wp-content\/uploads\/sites\/3\/2023\/03\/Deutscher-Koenig-Ohren-Karl-\u2013-Ein-Medien-Maerchen-wuerde-wirklich-wahr.jpg\" \/>\n\t<meta property=\"og:image:width\" content=\"460\" \/>\n\t<meta property=\"og:image:height\" content=\"259\" \/>\n\t<meta property=\"og:image:type\" content=\"image\/jpeg\" \/>\n<meta name=\"author\" content=\"rtnews\" \/>\n<meta name=\"twitter:card\" content=\"summary_large_image\" \/>\n<meta name=\"twitter:creator\" content=\"@WirMachenAuf_de\" \/>\n<meta name=\"twitter:site\" content=\"@WirMachenAuf_de\" \/>\n<meta name=\"twitter:label1\" content=\"Verfasst von\" \/>\n\t<meta name=\"twitter:data1\" content=\"rtnews\" \/>\n\t<meta name=\"twitter:label2\" content=\"Gesch\u00e4tzte Lesezeit\" \/>\n\t<meta name=\"twitter:data2\" content=\"3\u00a0Minuten\" \/>\n<script type=\"application\/ld+json\" class=\"yoast-schema-graph\">{\"@context\":\"https:\/\/schema.org\",\"@graph\":[{\"@type\":\"Article\",\"@id\":\"https:\/\/now-news.de\/de\/deutschland\/deutscher-koenig-ohren-karl-ein-medien-maerchen-wuerde-wirklich-wahr\/#article\",\"isPartOf\":{\"@id\":\"https:\/\/now-news.de\/de\/deutschland\/deutscher-koenig-ohren-karl-ein-medien-maerchen-wuerde-wirklich-wahr\/\"},\"author\":{\"name\":\"rtnews\",\"@id\":\"https:\/\/now-news.de\/de\/#\/schema\/person\/fb534a4e865501d8b3285208df34a9b5\"},\"headline\":\"Deutscher K\u00f6nig Ohren-Karl \u2013 Ein Medien-M\u00e4rchen w\u00fcrde wirklich wahr\",\"datePublished\":\"2023-03-31T12:30:52+00:00\",\"dateModified\":\"2023-03-31T12:30:52+00:00\",\"mainEntityOfPage\":{\"@id\":\"https:\/\/now-news.de\/de\/deutschland\/deutscher-koenig-ohren-karl-ein-medien-maerchen-wuerde-wirklich-wahr\/\"},\"wordCount\":683,\"commentCount\":0,\"publisher\":{\"@id\":\"https:\/\/now-news.de\/de\/#organization\"},\"image\":{\"@id\":\"https:\/\/now-news.de\/de\/deutschland\/deutscher-koenig-ohren-karl-ein-medien-maerchen-wuerde-wirklich-wahr\/#primaryimage\"},\"thumbnailUrl\":\"https:\/\/now-news.de\/de\/wp-content\/uploads\/sites\/3\/2023\/03\/Deutscher-Koenig-Ohren-Karl-\u2013-Ein-Medien-Maerchen-wuerde-wirklich-wahr.jpg\",\"keywords\":[\"deutscher\",\"ein\",\"K\u00f6nig\",\"MedienM\u00e4rchen\",\"OhrenKarl\",\"wahr\",\"wirklich\",\"wurde\"],\"articleSection\":[\"Deutschland\",\"Russland\"],\"inLanguage\":\"de\",\"potentialAction\":[{\"@type\":\"CommentAction\",\"name\":\"Comment\",\"target\":[\"https:\/\/now-news.de\/de\/deutschland\/deutscher-koenig-ohren-karl-ein-medien-maerchen-wuerde-wirklich-wahr\/#respond\"]}]},{\"@type\":\"WebPage\",\"@id\":\"https:\/\/now-news.de\/de\/deutschland\/deutscher-koenig-ohren-karl-ein-medien-maerchen-wuerde-wirklich-wahr\/\",\"url\":\"https:\/\/now-news.de\/de\/deutschland\/deutscher-koenig-ohren-karl-ein-medien-maerchen-wuerde-wirklich-wahr\/\",\"name\":\"Deutscher K\u00f6nig Ohren-Karl \u2013 Ein Medien-M\u00e4rchen w\u00fcrde wirklich wahr - just-now.NEWS Deutschland\",\"isPartOf\":{\"@id\":\"https:\/\/now-news.de\/de\/#website\"},\"primaryImageOfPage\":{\"@id\":\"https:\/\/now-news.de\/de\/deutschland\/deutscher-koenig-ohren-karl-ein-medien-maerchen-wuerde-wirklich-wahr\/#primaryimage\"},\"image\":{\"@id\":\"https:\/\/now-news.de\/de\/deutschland\/deutscher-koenig-ohren-karl-ein-medien-maerchen-wuerde-wirklich-wahr\/#primaryimage\"},\"thumbnailUrl\":\"https:\/\/now-news.de\/de\/wp-content\/uploads\/sites\/3\/2023\/03\/Deutscher-Koenig-Ohren-Karl-\u2013-Ein-Medien-Maerchen-wuerde-wirklich-wahr.jpg\",\"datePublished\":\"2023-03-31T12:30:52+00:00\",\"dateModified\":\"2023-03-31T12:30:52+00:00\",\"breadcrumb\":{\"@id\":\"https:\/\/now-news.de\/de\/deutschland\/deutscher-koenig-ohren-karl-ein-medien-maerchen-wuerde-wirklich-wahr\/#breadcrumb\"},\"inLanguage\":\"de\",\"potentialAction\":[{\"@type\":\"ReadAction\",\"target\":[\"https:\/\/now-news.de\/de\/deutschland\/deutscher-koenig-ohren-karl-ein-medien-maerchen-wuerde-wirklich-wahr\/\"]}]},{\"@type\":\"ImageObject\",\"inLanguage\":\"de\",\"@id\":\"https:\/\/now-news.de\/de\/deutschland\/deutscher-koenig-ohren-karl-ein-medien-maerchen-wuerde-wirklich-wahr\/#primaryimage\",\"url\":\"https:\/\/now-news.de\/de\/wp-content\/uploads\/sites\/3\/2023\/03\/Deutscher-Koenig-Ohren-Karl-\u2013-Ein-Medien-Maerchen-wuerde-wirklich-wahr.jpg\",\"contentUrl\":\"https:\/\/now-news.de\/de\/wp-content\/uploads\/sites\/3\/2023\/03\/Deutscher-Koenig-Ohren-Karl-\u2013-Ein-Medien-Maerchen-wuerde-wirklich-wahr.jpg\",\"width\":460,\"height\":259,\"caption\":\"Deutscher K\u00f6nig Ohren-Karl \u2013 Ein Medien-M\u00e4rchen w\u00fcrde wirklich wahr\"},{\"@type\":\"BreadcrumbList\",\"@id\":\"https:\/\/now-news.de\/de\/deutschland\/deutscher-koenig-ohren-karl-ein-medien-maerchen-wuerde-wirklich-wahr\/#breadcrumb\",\"itemListElement\":[{\"@type\":\"ListItem\",\"position\":1,\"name\":\"Home\",\"item\":\"https:\/\/now-news.de\/de\/\"},{\"@type\":\"ListItem\",\"position\":2,\"name\":\"Deutscher K\u00f6nig Ohren-Karl \u2013 Ein Medien-M\u00e4rchen w\u00fcrde wirklich wahr\"}]},{\"@type\":\"WebSite\",\"@id\":\"https:\/\/now-news.de\/de\/#website\",\"url\":\"https:\/\/now-news.de\/de\/\",\"name\":\"just-now.NEWS Deutschland\",\"description\":\"Das Portal f\u00fcr unzensierte Nachrichten aus der Welt\",\"publisher\":{\"@id\":\"https:\/\/now-news.de\/de\/#organization\"},\"potentialAction\":[{\"@type\":\"SearchAction\",\"target\":{\"@type\":\"EntryPoint\",\"urlTemplate\":\"https:\/\/now-news.de\/de\/?s={search_term_string}\"},\"query-input\":\"required name=search_term_string\"}],\"inLanguage\":\"de\"},{\"@type\":\"Organization\",\"@id\":\"https:\/\/now-news.de\/de\/#organization\",\"name\":\"Just Now News\",\"url\":\"https:\/\/now-news.de\/de\/\",\"logo\":{\"@type\":\"ImageObject\",\"inLanguage\":\"de\",\"@id\":\"https:\/\/now-news.de\/de\/#\/schema\/logo\/image\/\",\"url\":\"http:\/\/just-now.news\/de\/wp-content\/uploads\/sites\/3\/2022\/04\/logo500x500.jpg\",\"contentUrl\":\"http:\/\/just-now.news\/de\/wp-content\/uploads\/sites\/3\/2022\/04\/logo500x500.jpg\",\"width\":500,\"height\":500,\"caption\":\"Just Now News\"},\"image\":{\"@id\":\"https:\/\/now-news.de\/de\/#\/schema\/logo\/image\/\"},\"sameAs\":[\"https:\/\/www.facebook.com\/wirmachenauf\",\"https:\/\/x.com\/WirMachenAuf_de\"]},{\"@type\":\"Person\",\"@id\":\"https:\/\/now-news.de\/de\/#\/schema\/person\/fb534a4e865501d8b3285208df34a9b5\",\"name\":\"rtnews\",\"image\":{\"@type\":\"ImageObject\",\"inLanguage\":\"de\",\"@id\":\"https:\/\/now-news.de\/de\/#\/schema\/person\/image\/\",\"url\":\"https:\/\/secure.gravatar.com\/avatar\/82aafea7d8127119dd649515f56e2117?s=96&d=mm&r=g\",\"contentUrl\":\"https:\/\/secure.gravatar.com\/avatar\/82aafea7d8127119dd649515f56e2117?s=96&d=mm&r=g\",\"caption\":\"rtnews\"},\"url\":\"https:\/\/now-news.de\/de\/author\/rnews\/\"}]}<\/script>\n<!-- \/ Yoast SEO Premium plugin. -->","yoast_head_json":{"title":"Deutscher K\u00f6nig Ohren-Karl \u2013 Ein Medien-M\u00e4rchen w\u00fcrde wirklich wahr - just-now.NEWS Deutschland","robots":{"index":"index","follow":"follow","max-snippet":"max-snippet:-1","max-image-preview":"max-image-preview:large","max-video-preview":"max-video-preview:-1"},"canonical":"https:\/\/now-news.de\/de\/deutschland\/deutscher-koenig-ohren-karl-ein-medien-maerchen-wuerde-wirklich-wahr\/","og_locale":"de_DE","og_type":"article","og_title":"Deutscher K\u00f6nig Ohren-Karl \u2013 Ein Medien-M\u00e4rchen w\u00fcrde wirklich wahr","og_description":"Der inoffizielle Hofzeremonienmeister der Bundesregierung und Royal-Kenner alter Schule, Uli Gellermann, seziert die deutsche mediale H\u00f6rigkeit hinsichtlich einer Kurzvisite des blaubl\u00fctigen Adelsbesuches aus dem Vereinigten K\u00f6nigreich. Von Uli Gellermann Die deutschen Medien machen es t\u00e4glich: Ein echter K\u00f6nig ist im Land, und sie wissen sich vor Untert\u00e4nigkeit nicht zu lassen. Die Frau, die ihn begleitet, [&hellip;]","og_url":"https:\/\/now-news.de\/de\/deutschland\/deutscher-koenig-ohren-karl-ein-medien-maerchen-wuerde-wirklich-wahr\/","og_site_name":"just-now.NEWS Deutschland","article_publisher":"https:\/\/www.facebook.com\/wirmachenauf","article_published_time":"2023-03-31T12:30:52+00:00","og_image":[{"width":460,"height":259,"url":"https:\/\/now-news.de\/de\/wp-content\/uploads\/sites\/3\/2023\/03\/Deutscher-Koenig-Ohren-Karl-\u2013-Ein-Medien-Maerchen-wuerde-wirklich-wahr.jpg","type":"image\/jpeg"}],"author":"rtnews","twitter_card":"summary_large_image","twitter_creator":"@WirMachenAuf_de","twitter_site":"@WirMachenAuf_de","twitter_misc":{"Verfasst von":"rtnews","Gesch\u00e4tzte Lesezeit":"3\u00a0Minuten"},"schema":{"@context":"https:\/\/schema.org","@graph":[{"@type":"Article","@id":"https:\/\/now-news.de\/de\/deutschland\/deutscher-koenig-ohren-karl-ein-medien-maerchen-wuerde-wirklich-wahr\/#article","isPartOf":{"@id":"https:\/\/now-news.de\/de\/deutschland\/deutscher-koenig-ohren-karl-ein-medien-maerchen-wuerde-wirklich-wahr\/"},"author":{"name":"rtnews","@id":"https:\/\/now-news.de\/de\/#\/schema\/person\/fb534a4e865501d8b3285208df34a9b5"},"headline":"Deutscher K\u00f6nig Ohren-Karl \u2013 Ein Medien-M\u00e4rchen w\u00fcrde wirklich wahr","datePublished":"2023-03-31T12:30:52+00:00","dateModified":"2023-03-31T12:30:52+00:00","mainEntityOfPage":{"@id":"https:\/\/now-news.de\/de\/deutschland\/deutscher-koenig-ohren-karl-ein-medien-maerchen-wuerde-wirklich-wahr\/"},"wordCount":683,"commentCount":0,"publisher":{"@id":"https:\/\/now-news.de\/de\/#organization"},"image":{"@id":"https:\/\/now-news.de\/de\/deutschland\/deutscher-koenig-ohren-karl-ein-medien-maerchen-wuerde-wirklich-wahr\/#primaryimage"},"thumbnailUrl":"https:\/\/now-news.de\/de\/wp-content\/uploads\/sites\/3\/2023\/03\/Deutscher-Koenig-Ohren-Karl-\u2013-Ein-Medien-Maerchen-wuerde-wirklich-wahr.jpg","keywords":["deutscher","ein","K\u00f6nig","MedienM\u00e4rchen","OhrenKarl","wahr","wirklich","wurde"],"articleSection":["Deutschland","Russland"],"inLanguage":"de","potentialAction":[{"@type":"CommentAction","name":"Comment","target":["https:\/\/now-news.de\/de\/deutschland\/deutscher-koenig-ohren-karl-ein-medien-maerchen-wuerde-wirklich-wahr\/#respond"]}]},{"@type":"WebPage","@id":"https:\/\/now-news.de\/de\/deutschland\/deutscher-koenig-ohren-karl-ein-medien-maerchen-wuerde-wirklich-wahr\/","url":"https:\/\/now-news.de\/de\/deutschland\/deutscher-koenig-ohren-karl-ein-medien-maerchen-wuerde-wirklich-wahr\/","name":"Deutscher K\u00f6nig Ohren-Karl \u2013 Ein Medien-M\u00e4rchen w\u00fcrde wirklich wahr - just-now.NEWS Deutschland","isPartOf":{"@id":"https:\/\/now-news.de\/de\/#website"},"primaryImageOfPage":{"@id":"https:\/\/now-news.de\/de\/deutschland\/deutscher-koenig-ohren-karl-ein-medien-maerchen-wuerde-wirklich-wahr\/#primaryimage"},"image":{"@id":"https:\/\/now-news.de\/de\/deutschland\/deutscher-koenig-ohren-karl-ein-medien-maerchen-wuerde-wirklich-wahr\/#primaryimage"},"thumbnailUrl":"https:\/\/now-news.de\/de\/wp-content\/uploads\/sites\/3\/2023\/03\/Deutscher-Koenig-Ohren-Karl-\u2013-Ein-Medien-Maerchen-wuerde-wirklich-wahr.jpg","datePublished":"2023-03-31T12:30:52+00:00","dateModified":"2023-03-31T12:30:52+00:00","breadcrumb":{"@id":"https:\/\/now-news.de\/de\/deutschland\/deutscher-koenig-ohren-karl-ein-medien-maerchen-wuerde-wirklich-wahr\/#breadcrumb"},"inLanguage":"de","potentialAction":[{"@type":"ReadAction","target":["https:\/\/now-news.de\/de\/deutschland\/deutscher-koenig-ohren-karl-ein-medien-maerchen-wuerde-wirklich-wahr\/"]}]},{"@type":"ImageObject","inLanguage":"de","@id":"https:\/\/now-news.de\/de\/deutschland\/deutscher-koenig-ohren-karl-ein-medien-maerchen-wuerde-wirklich-wahr\/#primaryimage","url":"https:\/\/now-news.de\/de\/wp-content\/uploads\/sites\/3\/2023\/03\/Deutscher-Koenig-Ohren-Karl-\u2013-Ein-Medien-Maerchen-wuerde-wirklich-wahr.jpg","contentUrl":"https:\/\/now-news.de\/de\/wp-content\/uploads\/sites\/3\/2023\/03\/Deutscher-Koenig-Ohren-Karl-\u2013-Ein-Medien-Maerchen-wuerde-wirklich-wahr.jpg","width":460,"height":259,"caption":"Deutscher K\u00f6nig Ohren-Karl \u2013 Ein Medien-M\u00e4rchen w\u00fcrde wirklich wahr"},{"@type":"BreadcrumbList","@id":"https:\/\/now-news.de\/de\/deutschland\/deutscher-koenig-ohren-karl-ein-medien-maerchen-wuerde-wirklich-wahr\/#breadcrumb","itemListElement":[{"@type":"ListItem","position":1,"name":"Home","item":"https:\/\/now-news.de\/de\/"},{"@type":"ListItem","position":2,"name":"Deutscher K\u00f6nig Ohren-Karl \u2013 Ein Medien-M\u00e4rchen w\u00fcrde wirklich wahr"}]},{"@type":"WebSite","@id":"https:\/\/now-news.de\/de\/#website","url":"https:\/\/now-news.de\/de\/","name":"just-now.NEWS Deutschland","description":"Das Portal f\u00fcr unzensierte Nachrichten aus der Welt","publisher":{"@id":"https:\/\/now-news.de\/de\/#organization"},"potentialAction":[{"@type":"SearchAction","target":{"@type":"EntryPoint","urlTemplate":"https:\/\/now-news.de\/de\/?s={search_term_string}"},"query-input":"required name=search_term_string"}],"inLanguage":"de"},{"@type":"Organization","@id":"https:\/\/now-news.de\/de\/#organization","name":"Just Now News","url":"https:\/\/now-news.de\/de\/","logo":{"@type":"ImageObject","inLanguage":"de","@id":"https:\/\/now-news.de\/de\/#\/schema\/logo\/image\/","url":"http:\/\/just-now.news\/de\/wp-content\/uploads\/sites\/3\/2022\/04\/logo500x500.jpg","contentUrl":"http:\/\/just-now.news\/de\/wp-content\/uploads\/sites\/3\/2022\/04\/logo500x500.jpg","width":500,"height":500,"caption":"Just Now News"},"image":{"@id":"https:\/\/now-news.de\/de\/#\/schema\/logo\/image\/"},"sameAs":["https:\/\/www.facebook.com\/wirmachenauf","https:\/\/x.com\/WirMachenAuf_de"]},{"@type":"Person","@id":"https:\/\/now-news.de\/de\/#\/schema\/person\/fb534a4e865501d8b3285208df34a9b5","name":"rtnews","image":{"@type":"ImageObject","inLanguage":"de","@id":"https:\/\/now-news.de\/de\/#\/schema\/person\/image\/","url":"https:\/\/secure.gravatar.com\/avatar\/82aafea7d8127119dd649515f56e2117?s=96&d=mm&r=g","contentUrl":"https:\/\/secure.gravatar.com\/avatar\/82aafea7d8127119dd649515f56e2117?s=96&d=mm&r=g","caption":"rtnews"},"url":"https:\/\/now-news.de\/de\/author\/rnews\/"}]}},"_links":{"self":[{"href":"https:\/\/now-news.de\/de\/wp-json\/wp\/v2\/posts\/33313"}],"collection":[{"href":"https:\/\/now-news.de\/de\/wp-json\/wp\/v2\/posts"}],"about":[{"href":"https:\/\/now-news.de\/de\/wp-json\/wp\/v2\/types\/post"}],"author":[{"embeddable":true,"href":"https:\/\/now-news.de\/de\/wp-json\/wp\/v2\/users\/3"}],"replies":[{"embeddable":true,"href":"https:\/\/now-news.de\/de\/wp-json\/wp\/v2\/comments?post=33313"}],"version-history":[{"count":0,"href":"https:\/\/now-news.de\/de\/wp-json\/wp\/v2\/posts\/33313\/revisions"}],"wp:featuredmedia":[{"embeddable":true,"href":"https:\/\/now-news.de\/de\/wp-json\/wp\/v2\/media\/33314"}],"wp:attachment":[{"href":"https:\/\/now-news.de\/de\/wp-json\/wp\/v2\/media?parent=33313"}],"wp:term":[{"taxonomy":"category","embeddable":true,"href":"https:\/\/now-news.de\/de\/wp-json\/wp\/v2\/categories?post=33313"},{"taxonomy":"post_tag","embeddable":true,"href":"https:\/\/now-news.de\/de\/wp-json\/wp\/v2\/tags?post=33313"}],"curies":[{"name":"wp","href":"https:\/\/api.w.org\/{rel}","templated":true}]}}