{"id":3327,"date":"2021-05-18T12:32:43","date_gmt":"2021-05-18T13:32:43","guid":{"rendered":"http:\/\/just-now.news\/de\/great-reset\/greatvideos\/afd-pk-umwelt-klimapolitik-the-great-reset-marc-bernhard-karsten-hilse-steffen-kotre-18-05-21\/"},"modified":"2021-05-18T12:32:43","modified_gmt":"2021-05-18T13:32:43","slug":"afd-pk-umwelt-klimapolitik-the-great-reset-marc-bernhard-karsten-hilse-steffen-kotre-18-05-21","status":"publish","type":"post","link":"https:\/\/now-news.de\/de\/great-reset\/greatvideos\/afd-pk-umwelt-klimapolitik-the-great-reset-marc-bernhard-karsten-hilse-steffen-kotre-18-05-21\/","title":{"rendered":"AfD PK. Umwelt &amp; Klimapolitik, The Great Reset. Marc Bernhard, Karsten Hilse, Steffen Kotr\u00e9 18.05.21"},"content":{"rendered":"<p><iframe loading=\"lazy\"  width=\"580\" height=\"385\" src=\"https:\/\/www.youtube.com\/embed\/hhpM5r8d4V0?modestbranding=1\" frameborder=\"0\" allowfullscreen><\/iframe><br \/>\n<br \/>Quelle: AfD Fraktion im Bundestag<br \/>\nDieses Video zeigt eine  genehmigte Veranstaltung (Artikel 8 des Deutschen Grundgesetz)<br \/>\n(1) Alle Deutschen haben das Recht, sich ohne Anmeldung oder Erlaubnis friedlich und ohne Waffen zu versammeln.<br \/>\n(2) F\u00fcr Versammlungen unter freiem Himmel kann dieses Recht durch Gesetz oder auf Grund eines Gesetzes beschr\u00e4nkt werden und spiegelt den Zeitpunkt der Zeitgeschichte (Spezill Corona) der Bundesrepublik Deutschland wider. Der Videotitel und der Inhalt diese Videos unterliegt dem Artikel 5 (Jeder hat das Recht, seine Meinung in Wort, Schrift und Bild frei zu \u00e4u\u00dfern und zu verbreiten und sich aus allgemein zug\u00e4nglichen Quellen ungehindert zu unterrichten. Die Pressefreiheit und die Freiheit der Berichterstattung durch Rundfunk und Film werden gew\u00e4hrleistet. Eine Zensur findet nicht statt.) des Deutschen Grundgesetze.<br \/>\n<br \/><a href=\"https:\/\/www.youtube.com\/watch?v=hhpM5r8d4V0\">source<\/a><\/p>\n","protected":false},"excerpt":{"rendered":"<p>Quelle: AfD Fraktion im Bundestag Dieses Video zeigt eine genehmigte Veranstaltung (Artikel 8 des Deutschen Grundgesetz) (1) Alle Deutschen haben das Recht, sich ohne Anmeldung oder Erlaubnis friedlich und ohne Waffen zu versammeln. (2) F\u00fcr Versammlungen unter freiem Himmel kann dieses Recht durch Gesetz oder auf Grund eines Gesetzes beschr\u00e4nkt werden und spiegelt den Zeitpunkt [&hellip;]<\/p>\n","protected":false},"author":5,"featured_media":3328,"comment_status":"open","ping_status":"open","sticky":false,"template":"","format":"standard","meta":{"wp_automatic_camp":["168"],"8d7b9c21b21a0f85f86b95a02e40870c":["AfD PK. Umwelt &amp; Klimapolitik, The Great Reset. Marc Bernhard, Karsten Hilse, Steffen Kotr\u00e9 18.05.21"],"original_link":["https:\/\/www.youtube.com\/watch?v=hhpM5r8d4V0"],"_thumbnail_id":["3328"],"wp_automatic_remove_first_image":["yes"],"jnews_social_counter_last_update":["1777246904"]},"categories":[53],"tags":[9744,3815,9743,56,9750,59,9752,9751,9745,9749,9754,2203,9747,60,9753,9746,89,9748],"yoast_head":"<!-- This site is optimized with the Yoast SEO Premium plugin v22.7 (Yoast SEO v22.7) - https:\/\/yoast.com\/wordpress\/plugins\/seo\/ -->\n<title>AfD PK. Umwelt &amp; Klimapolitik, The Great Reset. Marc Bernhard, Karsten Hilse, Steffen Kotr\u00e9 18.05.21 - just-now.NEWS Deutschland<\/title>\n<meta name=\"robots\" content=\"index, follow, max-snippet:-1, max-image-preview:large, max-video-preview:-1\" \/>\n<link rel=\"canonical\" href=\"https:\/\/now-news.de\/de\/great-reset\/greatvideos\/afd-pk-umwelt-klimapolitik-the-great-reset-marc-bernhard-karsten-hilse-steffen-kotre-18-05-21\/\" \/>\n<meta property=\"og:locale\" content=\"de_DE\" \/>\n<meta property=\"og:type\" content=\"article\" \/>\n<meta property=\"og:title\" content=\"AfD PK. Umwelt &amp; Klimapolitik, The Great Reset. Marc Bernhard, Karsten Hilse, Steffen Kotr\u00e9 18.05.21\" \/>\n<meta property=\"og:description\" content=\"Quelle: AfD Fraktion im Bundestag Dieses Video zeigt eine genehmigte Veranstaltung (Artikel 8 des Deutschen Grundgesetz) (1) Alle Deutschen haben das Recht, sich ohne Anmeldung oder Erlaubnis friedlich und ohne Waffen zu versammeln. (2) F\u00fcr Versammlungen unter freiem Himmel kann dieses Recht durch Gesetz oder auf Grund eines Gesetzes beschr\u00e4nkt werden und spiegelt den Zeitpunkt [&hellip;]\" \/>\n<meta property=\"og:url\" content=\"https:\/\/now-news.de\/de\/great-reset\/greatvideos\/afd-pk-umwelt-klimapolitik-the-great-reset-marc-bernhard-karsten-hilse-steffen-kotre-18-05-21\/\" \/>\n<meta property=\"og:site_name\" content=\"just-now.NEWS Deutschland\" \/>\n<meta property=\"article:publisher\" content=\"https:\/\/www.facebook.com\/wirmachenauf\" \/>\n<meta property=\"article:published_time\" content=\"2021-05-18T13:32:43+00:00\" \/>\n<meta property=\"og:image\" content=\"https:\/\/now-news.de\/de\/wp-content\/uploads\/sites\/3\/2022\/04\/AfD-PK-Umwelt-amp-Klimapolitik-The-Great-Reset-Marc-Bernhard.jpg\" \/>\n\t<meta property=\"og:image:width\" content=\"480\" \/>\n\t<meta property=\"og:image:height\" content=\"360\" \/>\n\t<meta property=\"og:image:type\" content=\"image\/jpeg\" \/>\n<meta name=\"author\" content=\"greatreset\" \/>\n<meta name=\"twitter:card\" content=\"summary_large_image\" \/>\n<meta name=\"twitter:creator\" content=\"@WirMachenAuf_de\" \/>\n<meta name=\"twitter:site\" content=\"@WirMachenAuf_de\" \/>\n<meta name=\"twitter:label1\" content=\"Verfasst von\" \/>\n\t<meta name=\"twitter:data1\" content=\"greatreset\" \/>\n\t<meta name=\"twitter:label2\" content=\"Gesch\u00e4tzte Lesezeit\" \/>\n\t<meta name=\"twitter:data2\" content=\"1\u00a0Minute\" \/>\n<script type=\"application\/ld+json\" class=\"yoast-schema-graph\">{\"@context\":\"https:\/\/schema.org\",\"@graph\":[{\"@type\":\"Article\",\"@id\":\"https:\/\/now-news.de\/de\/great-reset\/greatvideos\/afd-pk-umwelt-klimapolitik-the-great-reset-marc-bernhard-karsten-hilse-steffen-kotre-18-05-21\/#article\",\"isPartOf\":{\"@id\":\"https:\/\/now-news.de\/de\/great-reset\/greatvideos\/afd-pk-umwelt-klimapolitik-the-great-reset-marc-bernhard-karsten-hilse-steffen-kotre-18-05-21\/\"},\"author\":{\"name\":\"greatreset\",\"@id\":\"https:\/\/now-news.de\/de\/#\/schema\/person\/8afb4cd92b68572db7902c13a349ffcb\"},\"headline\":\"AfD PK. Umwelt &amp; Klimapolitik, The Great Reset. Marc Bernhard, Karsten Hilse, Steffen Kotr\u00e9 18.05.21\",\"datePublished\":\"2021-05-18T13:32:43+00:00\",\"dateModified\":\"2021-05-18T13:32:43+00:00\",\"mainEntityOfPage\":{\"@id\":\"https:\/\/now-news.de\/de\/great-reset\/greatvideos\/afd-pk-umwelt-klimapolitik-the-great-reset-marc-bernhard-karsten-hilse-steffen-kotre-18-05-21\/\"},\"wordCount\":137,\"commentCount\":0,\"publisher\":{\"@id\":\"https:\/\/now-news.de\/de\/#organization\"},\"image\":{\"@id\":\"https:\/\/now-news.de\/de\/great-reset\/greatvideos\/afd-pk-umwelt-klimapolitik-the-great-reset-marc-bernhard-karsten-hilse-steffen-kotre-18-05-21\/#primaryimage\"},\"thumbnailUrl\":\"https:\/\/now-news.de\/de\/wp-content\/uploads\/sites\/3\/2022\/04\/AfD-PK-Umwelt-amp-Klimapolitik-The-Great-Reset-Marc-Bernhard.jpg\",\"keywords\":[\"18.05.2021\",\"AfD\",\"AfD Pressekonferenz\",\"amp\",\"Bernhard\",\"Great\",\"Hilse\",\"Karsten\",\"Karsten Hilse AfD\",\"Klimapolitik\",\"Kotr\u00e9\",\"Marc\",\"Marc Bernhard AfD\",\"Reset\",\"Steffen\",\"Steffen Kotr\u00e9 AfD\",\"the great reset\",\"Umwelt\"],\"articleSection\":[\"GreatVideos\"],\"inLanguage\":\"de\",\"potentialAction\":[{\"@type\":\"CommentAction\",\"name\":\"Comment\",\"target\":[\"https:\/\/now-news.de\/de\/great-reset\/greatvideos\/afd-pk-umwelt-klimapolitik-the-great-reset-marc-bernhard-karsten-hilse-steffen-kotre-18-05-21\/#respond\"]}]},{\"@type\":\"WebPage\",\"@id\":\"https:\/\/now-news.de\/de\/great-reset\/greatvideos\/afd-pk-umwelt-klimapolitik-the-great-reset-marc-bernhard-karsten-hilse-steffen-kotre-18-05-21\/\",\"url\":\"https:\/\/now-news.de\/de\/great-reset\/greatvideos\/afd-pk-umwelt-klimapolitik-the-great-reset-marc-bernhard-karsten-hilse-steffen-kotre-18-05-21\/\",\"name\":\"AfD PK. Umwelt &amp; Klimapolitik, The Great Reset. Marc Bernhard, Karsten Hilse, Steffen Kotr\u00e9 18.05.21 - just-now.NEWS Deutschland\",\"isPartOf\":{\"@id\":\"https:\/\/now-news.de\/de\/#website\"},\"primaryImageOfPage\":{\"@id\":\"https:\/\/now-news.de\/de\/great-reset\/greatvideos\/afd-pk-umwelt-klimapolitik-the-great-reset-marc-bernhard-karsten-hilse-steffen-kotre-18-05-21\/#primaryimage\"},\"image\":{\"@id\":\"https:\/\/now-news.de\/de\/great-reset\/greatvideos\/afd-pk-umwelt-klimapolitik-the-great-reset-marc-bernhard-karsten-hilse-steffen-kotre-18-05-21\/#primaryimage\"},\"thumbnailUrl\":\"https:\/\/now-news.de\/de\/wp-content\/uploads\/sites\/3\/2022\/04\/AfD-PK-Umwelt-amp-Klimapolitik-The-Great-Reset-Marc-Bernhard.jpg\",\"datePublished\":\"2021-05-18T13:32:43+00:00\",\"dateModified\":\"2021-05-18T13:32:43+00:00\",\"breadcrumb\":{\"@id\":\"https:\/\/now-news.de\/de\/great-reset\/greatvideos\/afd-pk-umwelt-klimapolitik-the-great-reset-marc-bernhard-karsten-hilse-steffen-kotre-18-05-21\/#breadcrumb\"},\"inLanguage\":\"de\",\"potentialAction\":[{\"@type\":\"ReadAction\",\"target\":[\"https:\/\/now-news.de\/de\/great-reset\/greatvideos\/afd-pk-umwelt-klimapolitik-the-great-reset-marc-bernhard-karsten-hilse-steffen-kotre-18-05-21\/\"]}]},{\"@type\":\"ImageObject\",\"inLanguage\":\"de\",\"@id\":\"https:\/\/now-news.de\/de\/great-reset\/greatvideos\/afd-pk-umwelt-klimapolitik-the-great-reset-marc-bernhard-karsten-hilse-steffen-kotre-18-05-21\/#primaryimage\",\"url\":\"https:\/\/now-news.de\/de\/wp-content\/uploads\/sites\/3\/2022\/04\/AfD-PK-Umwelt-amp-Klimapolitik-The-Great-Reset-Marc-Bernhard.jpg\",\"contentUrl\":\"https:\/\/now-news.de\/de\/wp-content\/uploads\/sites\/3\/2022\/04\/AfD-PK-Umwelt-amp-Klimapolitik-The-Great-Reset-Marc-Bernhard.jpg\",\"width\":480,\"height\":360},{\"@type\":\"BreadcrumbList\",\"@id\":\"https:\/\/now-news.de\/de\/great-reset\/greatvideos\/afd-pk-umwelt-klimapolitik-the-great-reset-marc-bernhard-karsten-hilse-steffen-kotre-18-05-21\/#breadcrumb\",\"itemListElement\":[{\"@type\":\"ListItem\",\"position\":1,\"name\":\"Home\",\"item\":\"https:\/\/now-news.de\/de\/\"},{\"@type\":\"ListItem\",\"position\":2,\"name\":\"AfD PK. Umwelt &amp; Klimapolitik, The Great Reset. Marc Bernhard, Karsten Hilse, Steffen Kotr\u00e9 18.05.21\"}]},{\"@type\":\"WebSite\",\"@id\":\"https:\/\/now-news.de\/de\/#website\",\"url\":\"https:\/\/now-news.de\/de\/\",\"name\":\"just-now.NEWS Deutschland\",\"description\":\"Das Portal f\u00fcr unzensierte Nachrichten aus der Welt\",\"publisher\":{\"@id\":\"https:\/\/now-news.de\/de\/#organization\"},\"potentialAction\":[{\"@type\":\"SearchAction\",\"target\":{\"@type\":\"EntryPoint\",\"urlTemplate\":\"https:\/\/now-news.de\/de\/?s={search_term_string}\"},\"query-input\":\"required name=search_term_string\"}],\"inLanguage\":\"de\"},{\"@type\":\"Organization\",\"@id\":\"https:\/\/now-news.de\/de\/#organization\",\"name\":\"Just Now News\",\"url\":\"https:\/\/now-news.de\/de\/\",\"logo\":{\"@type\":\"ImageObject\",\"inLanguage\":\"de\",\"@id\":\"https:\/\/now-news.de\/de\/#\/schema\/logo\/image\/\",\"url\":\"http:\/\/just-now.news\/de\/wp-content\/uploads\/sites\/3\/2022\/04\/logo500x500.jpg\",\"contentUrl\":\"http:\/\/just-now.news\/de\/wp-content\/uploads\/sites\/3\/2022\/04\/logo500x500.jpg\",\"width\":500,\"height\":500,\"caption\":\"Just Now News\"},\"image\":{\"@id\":\"https:\/\/now-news.de\/de\/#\/schema\/logo\/image\/\"},\"sameAs\":[\"https:\/\/www.facebook.com\/wirmachenauf\",\"https:\/\/x.com\/WirMachenAuf_de\"]},{\"@type\":\"Person\",\"@id\":\"https:\/\/now-news.de\/de\/#\/schema\/person\/8afb4cd92b68572db7902c13a349ffcb\",\"name\":\"greatreset\",\"image\":{\"@type\":\"ImageObject\",\"inLanguage\":\"de\",\"@id\":\"https:\/\/now-news.de\/de\/#\/schema\/person\/image\/\",\"url\":\"https:\/\/secure.gravatar.com\/avatar\/a088df625d49991c090e78c8b9542592?s=96&d=mm&r=g\",\"contentUrl\":\"https:\/\/secure.gravatar.com\/avatar\/a088df625d49991c090e78c8b9542592?s=96&d=mm&r=g\",\"caption\":\"greatreset\"},\"url\":\"https:\/\/now-news.de\/de\/author\/greatreset\/\"}]}<\/script>\n<!-- \/ Yoast SEO Premium plugin. -->","yoast_head_json":{"title":"AfD PK. Umwelt &amp; Klimapolitik, The Great Reset. Marc Bernhard, Karsten Hilse, Steffen Kotr\u00e9 18.05.21 - just-now.NEWS Deutschland","robots":{"index":"index","follow":"follow","max-snippet":"max-snippet:-1","max-image-preview":"max-image-preview:large","max-video-preview":"max-video-preview:-1"},"canonical":"https:\/\/now-news.de\/de\/great-reset\/greatvideos\/afd-pk-umwelt-klimapolitik-the-great-reset-marc-bernhard-karsten-hilse-steffen-kotre-18-05-21\/","og_locale":"de_DE","og_type":"article","og_title":"AfD PK. Umwelt &amp; Klimapolitik, The Great Reset. Marc Bernhard, Karsten Hilse, Steffen Kotr\u00e9 18.05.21","og_description":"Quelle: AfD Fraktion im Bundestag Dieses Video zeigt eine genehmigte Veranstaltung (Artikel 8 des Deutschen Grundgesetz) (1) Alle Deutschen haben das Recht, sich ohne Anmeldung oder Erlaubnis friedlich und ohne Waffen zu versammeln. (2) F\u00fcr Versammlungen unter freiem Himmel kann dieses Recht durch Gesetz oder auf Grund eines Gesetzes beschr\u00e4nkt werden und spiegelt den Zeitpunkt [&hellip;]","og_url":"https:\/\/now-news.de\/de\/great-reset\/greatvideos\/afd-pk-umwelt-klimapolitik-the-great-reset-marc-bernhard-karsten-hilse-steffen-kotre-18-05-21\/","og_site_name":"just-now.NEWS Deutschland","article_publisher":"https:\/\/www.facebook.com\/wirmachenauf","article_published_time":"2021-05-18T13:32:43+00:00","og_image":[{"width":480,"height":360,"url":"https:\/\/now-news.de\/de\/wp-content\/uploads\/sites\/3\/2022\/04\/AfD-PK-Umwelt-amp-Klimapolitik-The-Great-Reset-Marc-Bernhard.jpg","type":"image\/jpeg"}],"author":"greatreset","twitter_card":"summary_large_image","twitter_creator":"@WirMachenAuf_de","twitter_site":"@WirMachenAuf_de","twitter_misc":{"Verfasst von":"greatreset","Gesch\u00e4tzte Lesezeit":"1\u00a0Minute"},"schema":{"@context":"https:\/\/schema.org","@graph":[{"@type":"Article","@id":"https:\/\/now-news.de\/de\/great-reset\/greatvideos\/afd-pk-umwelt-klimapolitik-the-great-reset-marc-bernhard-karsten-hilse-steffen-kotre-18-05-21\/#article","isPartOf":{"@id":"https:\/\/now-news.de\/de\/great-reset\/greatvideos\/afd-pk-umwelt-klimapolitik-the-great-reset-marc-bernhard-karsten-hilse-steffen-kotre-18-05-21\/"},"author":{"name":"greatreset","@id":"https:\/\/now-news.de\/de\/#\/schema\/person\/8afb4cd92b68572db7902c13a349ffcb"},"headline":"AfD PK. Umwelt &amp; Klimapolitik, The Great Reset. Marc Bernhard, Karsten Hilse, Steffen Kotr\u00e9 18.05.21","datePublished":"2021-05-18T13:32:43+00:00","dateModified":"2021-05-18T13:32:43+00:00","mainEntityOfPage":{"@id":"https:\/\/now-news.de\/de\/great-reset\/greatvideos\/afd-pk-umwelt-klimapolitik-the-great-reset-marc-bernhard-karsten-hilse-steffen-kotre-18-05-21\/"},"wordCount":137,"commentCount":0,"publisher":{"@id":"https:\/\/now-news.de\/de\/#organization"},"image":{"@id":"https:\/\/now-news.de\/de\/great-reset\/greatvideos\/afd-pk-umwelt-klimapolitik-the-great-reset-marc-bernhard-karsten-hilse-steffen-kotre-18-05-21\/#primaryimage"},"thumbnailUrl":"https:\/\/now-news.de\/de\/wp-content\/uploads\/sites\/3\/2022\/04\/AfD-PK-Umwelt-amp-Klimapolitik-The-Great-Reset-Marc-Bernhard.jpg","keywords":["18.05.2021","AfD","AfD Pressekonferenz","amp","Bernhard","Great","Hilse","Karsten","Karsten Hilse AfD","Klimapolitik","Kotr\u00e9","Marc","Marc Bernhard AfD","Reset","Steffen","Steffen Kotr\u00e9 AfD","the great reset","Umwelt"],"articleSection":["GreatVideos"],"inLanguage":"de","potentialAction":[{"@type":"CommentAction","name":"Comment","target":["https:\/\/now-news.de\/de\/great-reset\/greatvideos\/afd-pk-umwelt-klimapolitik-the-great-reset-marc-bernhard-karsten-hilse-steffen-kotre-18-05-21\/#respond"]}]},{"@type":"WebPage","@id":"https:\/\/now-news.de\/de\/great-reset\/greatvideos\/afd-pk-umwelt-klimapolitik-the-great-reset-marc-bernhard-karsten-hilse-steffen-kotre-18-05-21\/","url":"https:\/\/now-news.de\/de\/great-reset\/greatvideos\/afd-pk-umwelt-klimapolitik-the-great-reset-marc-bernhard-karsten-hilse-steffen-kotre-18-05-21\/","name":"AfD PK. Umwelt &amp; Klimapolitik, The Great Reset. Marc Bernhard, Karsten Hilse, Steffen Kotr\u00e9 18.05.21 - just-now.NEWS Deutschland","isPartOf":{"@id":"https:\/\/now-news.de\/de\/#website"},"primaryImageOfPage":{"@id":"https:\/\/now-news.de\/de\/great-reset\/greatvideos\/afd-pk-umwelt-klimapolitik-the-great-reset-marc-bernhard-karsten-hilse-steffen-kotre-18-05-21\/#primaryimage"},"image":{"@id":"https:\/\/now-news.de\/de\/great-reset\/greatvideos\/afd-pk-umwelt-klimapolitik-the-great-reset-marc-bernhard-karsten-hilse-steffen-kotre-18-05-21\/#primaryimage"},"thumbnailUrl":"https:\/\/now-news.de\/de\/wp-content\/uploads\/sites\/3\/2022\/04\/AfD-PK-Umwelt-amp-Klimapolitik-The-Great-Reset-Marc-Bernhard.jpg","datePublished":"2021-05-18T13:32:43+00:00","dateModified":"2021-05-18T13:32:43+00:00","breadcrumb":{"@id":"https:\/\/now-news.de\/de\/great-reset\/greatvideos\/afd-pk-umwelt-klimapolitik-the-great-reset-marc-bernhard-karsten-hilse-steffen-kotre-18-05-21\/#breadcrumb"},"inLanguage":"de","potentialAction":[{"@type":"ReadAction","target":["https:\/\/now-news.de\/de\/great-reset\/greatvideos\/afd-pk-umwelt-klimapolitik-the-great-reset-marc-bernhard-karsten-hilse-steffen-kotre-18-05-21\/"]}]},{"@type":"ImageObject","inLanguage":"de","@id":"https:\/\/now-news.de\/de\/great-reset\/greatvideos\/afd-pk-umwelt-klimapolitik-the-great-reset-marc-bernhard-karsten-hilse-steffen-kotre-18-05-21\/#primaryimage","url":"https:\/\/now-news.de\/de\/wp-content\/uploads\/sites\/3\/2022\/04\/AfD-PK-Umwelt-amp-Klimapolitik-The-Great-Reset-Marc-Bernhard.jpg","contentUrl":"https:\/\/now-news.de\/de\/wp-content\/uploads\/sites\/3\/2022\/04\/AfD-PK-Umwelt-amp-Klimapolitik-The-Great-Reset-Marc-Bernhard.jpg","width":480,"height":360},{"@type":"BreadcrumbList","@id":"https:\/\/now-news.de\/de\/great-reset\/greatvideos\/afd-pk-umwelt-klimapolitik-the-great-reset-marc-bernhard-karsten-hilse-steffen-kotre-18-05-21\/#breadcrumb","itemListElement":[{"@type":"ListItem","position":1,"name":"Home","item":"https:\/\/now-news.de\/de\/"},{"@type":"ListItem","position":2,"name":"AfD PK. Umwelt &amp; Klimapolitik, The Great Reset. Marc Bernhard, Karsten Hilse, Steffen Kotr\u00e9 18.05.21"}]},{"@type":"WebSite","@id":"https:\/\/now-news.de\/de\/#website","url":"https:\/\/now-news.de\/de\/","name":"just-now.NEWS Deutschland","description":"Das Portal f\u00fcr unzensierte Nachrichten aus der Welt","publisher":{"@id":"https:\/\/now-news.de\/de\/#organization"},"potentialAction":[{"@type":"SearchAction","target":{"@type":"EntryPoint","urlTemplate":"https:\/\/now-news.de\/de\/?s={search_term_string}"},"query-input":"required name=search_term_string"}],"inLanguage":"de"},{"@type":"Organization","@id":"https:\/\/now-news.de\/de\/#organization","name":"Just Now News","url":"https:\/\/now-news.de\/de\/","logo":{"@type":"ImageObject","inLanguage":"de","@id":"https:\/\/now-news.de\/de\/#\/schema\/logo\/image\/","url":"http:\/\/just-now.news\/de\/wp-content\/uploads\/sites\/3\/2022\/04\/logo500x500.jpg","contentUrl":"http:\/\/just-now.news\/de\/wp-content\/uploads\/sites\/3\/2022\/04\/logo500x500.jpg","width":500,"height":500,"caption":"Just Now News"},"image":{"@id":"https:\/\/now-news.de\/de\/#\/schema\/logo\/image\/"},"sameAs":["https:\/\/www.facebook.com\/wirmachenauf","https:\/\/x.com\/WirMachenAuf_de"]},{"@type":"Person","@id":"https:\/\/now-news.de\/de\/#\/schema\/person\/8afb4cd92b68572db7902c13a349ffcb","name":"greatreset","image":{"@type":"ImageObject","inLanguage":"de","@id":"https:\/\/now-news.de\/de\/#\/schema\/person\/image\/","url":"https:\/\/secure.gravatar.com\/avatar\/a088df625d49991c090e78c8b9542592?s=96&d=mm&r=g","contentUrl":"https:\/\/secure.gravatar.com\/avatar\/a088df625d49991c090e78c8b9542592?s=96&d=mm&r=g","caption":"greatreset"},"url":"https:\/\/now-news.de\/de\/author\/greatreset\/"}]}},"_links":{"self":[{"href":"https:\/\/now-news.de\/de\/wp-json\/wp\/v2\/posts\/3327"}],"collection":[{"href":"https:\/\/now-news.de\/de\/wp-json\/wp\/v2\/posts"}],"about":[{"href":"https:\/\/now-news.de\/de\/wp-json\/wp\/v2\/types\/post"}],"author":[{"embeddable":true,"href":"https:\/\/now-news.de\/de\/wp-json\/wp\/v2\/users\/5"}],"replies":[{"embeddable":true,"href":"https:\/\/now-news.de\/de\/wp-json\/wp\/v2\/comments?post=3327"}],"version-history":[{"count":0,"href":"https:\/\/now-news.de\/de\/wp-json\/wp\/v2\/posts\/3327\/revisions"}],"wp:featuredmedia":[{"embeddable":true,"href":"https:\/\/now-news.de\/de\/wp-json\/wp\/v2\/media\/3328"}],"wp:attachment":[{"href":"https:\/\/now-news.de\/de\/wp-json\/wp\/v2\/media?parent=3327"}],"wp:term":[{"taxonomy":"category","embeddable":true,"href":"https:\/\/now-news.de\/de\/wp-json\/wp\/v2\/categories?post=3327"},{"taxonomy":"post_tag","embeddable":true,"href":"https:\/\/now-news.de\/de\/wp-json\/wp\/v2\/tags?post=3327"}],"curies":[{"name":"wp","href":"https:\/\/api.w.org\/{rel}","templated":true}]}}