{"id":33169,"date":"2023-03-29T11:58:51","date_gmt":"2023-03-29T09:58:51","guid":{"rendered":"https:\/\/just-now.news\/de\/deutschland\/franzoesischer-innenminister-kuendigt-massive-polizei-mobilisierung-an\/"},"modified":"2023-03-29T11:58:51","modified_gmt":"2023-03-29T09:58:51","slug":"franzoesischer-innenminister-kuendigt-massive-polizei-mobilisierung-an","status":"publish","type":"post","link":"https:\/\/now-news.de\/de\/deutschland\/franzoesischer-innenminister-kuendigt-massive-polizei-mobilisierung-an\/","title":{"rendered":"Franz\u00f6sischer Innenminister k\u00fcndigt massive Polizei-Mobilisierung an"},"content":{"rendered":"<p><img decoding=\"async\" src=\"http:\/\/just-now.news\/de\/wp-content\/uploads\/sites\/3\/2023\/03\/642402c948fbef34964727ca.jpg\" \/><\/p>\n<div class=\"Text-root Text-type_1 \">\n                Der franz\u00f6sische Innenminister G\u00e9rald Darmanin hat angek\u00fcndigt, dass er 13.000 Polizisten zur Bek\u00e4mpfung der landesweiten Proteste einsetzen will. Laut dem Innenminister drohe eine &#8220;erhebliche St\u00f6rung der \u00f6ffentlichen Ordnung&#8221; \u2013 auch von &#8220;Aktivisten aus dem Ausland&#8221;.\n            <\/div>\n<p><\/p>\n<div class=\"Text-root Text-type_5 ArticleView-text ViewText-root \">\n<p>Der franz\u00f6sische Innenminister G\u00e9rald Darmanin hat 13.000 Polizeibeamte auf die Stra\u00dfen der franz\u00f6sischen Gro\u00dfst\u00e4dte beordert, da die Proteste gegen die umstrittene Rentenreform der Regierung anhalten.<\/p>\n<p>Darmanin sagte, er rechne damit, dass &#8220;radikale Aktivisten&#8221; aus dem Ausland zu Gewalt bei den Demonstrationen anstiften werden.<\/p>\n<p>Darmanin k\u00fcndigte den Einsatz am Montagabend an und f\u00fcgte hinzu, dass 5.000 der mobilisierten Polizisten vor den Demonstrationen am Dienstag in Paris stationiert werden sollen.<\/p>\n<p>&#8220;Unsere Dienststellen rechnen mit einer erheblichen St\u00f6rung der \u00f6ffentlichen Ordnung&#8221;, sagte er und warnte, dass sich &#8220;mehr als 1.000 radikale Aktivisten, die zum Teil aus dem Ausland anreisen, den Protesten in Paris, Nantes oder Rennes anschlie\u00dfen k\u00f6nnten&#8221;.<\/p>\n<p>Darmanin f\u00fcgte hinzu, dass es sich bei diesen &#8220;radikalen Aktivisten&#8221; meist um Linke und Anarchisten handeln soll, die der Polizei bekannt seien. Er erkl\u00e4rte:<\/p>\n<blockquote>\n<p><em>&#8220;Ihr Ziel ist es, unsere republikanischen Institutionen zu destabilisieren und Blut und Feuer \u00fcber Frankreich zu bringen.&#8221;<\/em><\/p>\n<\/blockquote>\n<p>In Frankreich kommt es immer wieder zu Protesten und Ausschreitungen, seit Pr\u00e4sident Emmanuel Macron Anfang des Monats das Parlament umgangen hat, um ein Gesetz zu verabschieden, das das Renteneintrittsalter f\u00fcr die meisten Arbeitnehmer von 62 auf 64 Jahre erh\u00f6ht.<\/p>\n<p>Mehr als eine Million Demonstranten gingen am vergangenen Donnerstag auf die Stra\u00dfe, und Hunderte wurden in Paris festgenommen, nachdem sie mit der Polizei aneinandergeraten waren und in den Stra\u00dfen der franz\u00f6sischen Hauptstadt Feuer gelegt hatten.<\/p>\n<p>Am Dienstagnachmittag blieben die Demonstrationen in Paris weitgehend friedlich. Vermummte Randalierer in Nantes setzten jedoch Autos in Brand und warfen Steine auf die Polizei, die mit Tr\u00e4nengas reagierte. In Paris und Marseille blockierten Demonstranten die Bahnlinien, w\u00e4hrend eine Gruppe von Demonstranten auf dem Flughafen von Biarritz eine Rauchbombe z\u00fcndete, was einen Alarm ausl\u00f6ste und zu einer Evakuierung f\u00fchrte.<\/p>\n<p>Der Europarat hat die Regierung wegen des \u00fcberm\u00e4\u00dfigen Einsatzes von Gewalt gegen die Demonstranten verurteilt, w\u00e4hrend Frankreichs Nationale Beratende Kommission f\u00fcr Menschenrechte letzte Woche einen Bericht ver\u00f6ffentlichte, in dem die Polizei beschuldigt wurde, Hunderte von Demonstranten ohne Grund festgenommen zu haben.<\/p>\n<p><strong>Mehr zum Thema<\/strong> \u2013 <a rel=\"nofollow noopener\" target=\"_blank\" href=\"https:\/\/de.rt.com\/europa\/166317-medienbericht-franzoesische-polizei-schlaegt-und-bedroht-verhaftete-demonstranten\/\">Medienbericht: Franz\u00f6sische Polizei schl\u00e4gt und bedroht verhaftete Demonstranten<\/a><\/p>\n<div class=\"EmbedBlock-root EmbedBlock-externalVideo EmbedBlock-vk\">\n<div class=\"VkEmbed\"><iframe class=\"lazyload\" data-src=\"https:\/\/vk.com\/video_ext.php?oid=-134310637&amp;id=456265120&amp;hash=cd740b0680088b63\" frameborder=\"0\" width=\"853\" height=\"480\" allowfullscreen><\/iframe><\/div>\n<\/div>\n<\/div>\n<p><br \/>\n<br \/><a href=\"https:\/\/de.rt.com\/europa\/166486-franzoesischer-innenminister-kuendigt-massive-polizei-mobilisierung-an\/\">Source link <\/a><\/p>\n","protected":false},"excerpt":{"rendered":"<p>Der franz\u00f6sische Innenminister G\u00e9rald Darmanin hat angek\u00fcndigt, dass er 13.000 Polizisten zur Bek\u00e4mpfung der landesweiten Proteste einsetzen will. Laut dem Innenminister drohe eine &#8220;erhebliche St\u00f6rung der \u00f6ffentlichen Ordnung&#8221; \u2013 auch von &#8220;Aktivisten aus dem Ausland&#8221;. Der franz\u00f6sische Innenminister G\u00e9rald Darmanin hat 13.000 Polizeibeamte auf die Stra\u00dfen der franz\u00f6sischen Gro\u00dfst\u00e4dte beordert, da die Proteste gegen die [&hellip;]<\/p>\n","protected":false},"author":3,"featured_media":33170,"comment_status":"open","ping_status":"open","sticky":false,"template":"","format":"standard","meta":{"_yoast_indexnow_last_ping":["1680084720"],"wp_automatic_camp":["217"],"e57e540b1b34c84c4186737c9dd78baa":["Franz\u00f6sischer Innenminister k\u00fcndigt massive Polizei-Mobilisierung an"],"original_link":["https:\/\/de.rt.com\/europa\/166486-franzoesischer-innenminister-kuendigt-massive-polizei-mobilisierung-an\/"],"_thumbnail_id":["33170"],"_wptgpro_p2tg_sent2tg":["a:1:{i:23737;s:19:\"2023-03-29 12:13:01\";}"],"jnews_social_counter_last_update":["1777605646"]},"categories":[19,23],"tags":[9154,7139,4224,9773,42544],"yoast_head":"<!-- This site is optimized with the Yoast SEO Premium plugin v22.7 (Yoast SEO v22.7) - https:\/\/yoast.com\/wordpress\/plugins\/seo\/ -->\n<title>Franz\u00f6sischer Innenminister k\u00fcndigt massive Polizei-Mobilisierung an - just-now.NEWS Deutschland<\/title>\n<meta name=\"robots\" content=\"index, follow, max-snippet:-1, max-image-preview:large, max-video-preview:-1\" \/>\n<link rel=\"canonical\" href=\"https:\/\/now-news.de\/de\/deutschland\/franzoesischer-innenminister-kuendigt-massive-polizei-mobilisierung-an\/\" \/>\n<meta property=\"og:locale\" content=\"de_DE\" \/>\n<meta property=\"og:type\" content=\"article\" \/>\n<meta property=\"og:title\" content=\"Franz\u00f6sischer Innenminister k\u00fcndigt massive Polizei-Mobilisierung an\" \/>\n<meta property=\"og:description\" content=\"Der franz\u00f6sische Innenminister G\u00e9rald Darmanin hat angek\u00fcndigt, dass er 13.000 Polizisten zur Bek\u00e4mpfung der landesweiten Proteste einsetzen will. Laut dem Innenminister drohe eine &#8220;erhebliche St\u00f6rung der \u00f6ffentlichen Ordnung&#8221; \u2013 auch von &#8220;Aktivisten aus dem Ausland&#8221;. Der franz\u00f6sische Innenminister G\u00e9rald Darmanin hat 13.000 Polizeibeamte auf die Stra\u00dfen der franz\u00f6sischen Gro\u00dfst\u00e4dte beordert, da die Proteste gegen die [&hellip;]\" \/>\n<meta property=\"og:url\" content=\"https:\/\/now-news.de\/de\/deutschland\/franzoesischer-innenminister-kuendigt-massive-polizei-mobilisierung-an\/\" \/>\n<meta property=\"og:site_name\" content=\"just-now.NEWS Deutschland\" \/>\n<meta property=\"article:publisher\" content=\"https:\/\/www.facebook.com\/wirmachenauf\" \/>\n<meta property=\"article:published_time\" content=\"2023-03-29T09:58:51+00:00\" \/>\n<meta property=\"og:image\" content=\"https:\/\/now-news.de\/de\/wp-content\/uploads\/sites\/3\/2023\/03\/Franzoesischer-Innenminister-kuendigt-massive-Polizei-Mobilisierung-an.jpg\" \/>\n\t<meta property=\"og:image:width\" content=\"460\" \/>\n\t<meta property=\"og:image:height\" content=\"259\" \/>\n\t<meta property=\"og:image:type\" content=\"image\/jpeg\" \/>\n<meta name=\"author\" content=\"rtnews\" \/>\n<meta name=\"twitter:card\" content=\"summary_large_image\" \/>\n<meta name=\"twitter:creator\" content=\"@WirMachenAuf_de\" \/>\n<meta name=\"twitter:site\" content=\"@WirMachenAuf_de\" \/>\n<meta name=\"twitter:label1\" content=\"Verfasst von\" \/>\n\t<meta name=\"twitter:data1\" content=\"rtnews\" \/>\n\t<meta name=\"twitter:label2\" content=\"Gesch\u00e4tzte Lesezeit\" \/>\n\t<meta name=\"twitter:data2\" content=\"2\u00a0Minuten\" \/>\n<script type=\"application\/ld+json\" class=\"yoast-schema-graph\">{\"@context\":\"https:\/\/schema.org\",\"@graph\":[{\"@type\":\"Article\",\"@id\":\"https:\/\/now-news.de\/de\/deutschland\/franzoesischer-innenminister-kuendigt-massive-polizei-mobilisierung-an\/#article\",\"isPartOf\":{\"@id\":\"https:\/\/now-news.de\/de\/deutschland\/franzoesischer-innenminister-kuendigt-massive-polizei-mobilisierung-an\/\"},\"author\":{\"name\":\"rtnews\",\"@id\":\"https:\/\/now-news.de\/de\/#\/schema\/person\/fb534a4e865501d8b3285208df34a9b5\"},\"headline\":\"Franz\u00f6sischer Innenminister k\u00fcndigt massive Polizei-Mobilisierung an\",\"datePublished\":\"2023-03-29T09:58:51+00:00\",\"dateModified\":\"2023-03-29T09:58:51+00:00\",\"mainEntityOfPage\":{\"@id\":\"https:\/\/now-news.de\/de\/deutschland\/franzoesischer-innenminister-kuendigt-massive-polizei-mobilisierung-an\/\"},\"wordCount\":404,\"commentCount\":0,\"publisher\":{\"@id\":\"https:\/\/now-news.de\/de\/#organization\"},\"image\":{\"@id\":\"https:\/\/now-news.de\/de\/deutschland\/franzoesischer-innenminister-kuendigt-massive-polizei-mobilisierung-an\/#primaryimage\"},\"thumbnailUrl\":\"https:\/\/now-news.de\/de\/wp-content\/uploads\/sites\/3\/2023\/03\/Franzoesischer-Innenminister-kuendigt-massive-Polizei-Mobilisierung-an.jpg\",\"keywords\":[\"franz\u00f6sischer\",\"Innenminister\",\"k\u00fcndigt\",\"Massive\",\"PolizeiMobilisierung\"],\"articleSection\":[\"Deutschland\",\"Russland\"],\"inLanguage\":\"de\",\"potentialAction\":[{\"@type\":\"CommentAction\",\"name\":\"Comment\",\"target\":[\"https:\/\/now-news.de\/de\/deutschland\/franzoesischer-innenminister-kuendigt-massive-polizei-mobilisierung-an\/#respond\"]}]},{\"@type\":\"WebPage\",\"@id\":\"https:\/\/now-news.de\/de\/deutschland\/franzoesischer-innenminister-kuendigt-massive-polizei-mobilisierung-an\/\",\"url\":\"https:\/\/now-news.de\/de\/deutschland\/franzoesischer-innenminister-kuendigt-massive-polizei-mobilisierung-an\/\",\"name\":\"Franz\u00f6sischer Innenminister k\u00fcndigt massive Polizei-Mobilisierung an - just-now.NEWS Deutschland\",\"isPartOf\":{\"@id\":\"https:\/\/now-news.de\/de\/#website\"},\"primaryImageOfPage\":{\"@id\":\"https:\/\/now-news.de\/de\/deutschland\/franzoesischer-innenminister-kuendigt-massive-polizei-mobilisierung-an\/#primaryimage\"},\"image\":{\"@id\":\"https:\/\/now-news.de\/de\/deutschland\/franzoesischer-innenminister-kuendigt-massive-polizei-mobilisierung-an\/#primaryimage\"},\"thumbnailUrl\":\"https:\/\/now-news.de\/de\/wp-content\/uploads\/sites\/3\/2023\/03\/Franzoesischer-Innenminister-kuendigt-massive-Polizei-Mobilisierung-an.jpg\",\"datePublished\":\"2023-03-29T09:58:51+00:00\",\"dateModified\":\"2023-03-29T09:58:51+00:00\",\"breadcrumb\":{\"@id\":\"https:\/\/now-news.de\/de\/deutschland\/franzoesischer-innenminister-kuendigt-massive-polizei-mobilisierung-an\/#breadcrumb\"},\"inLanguage\":\"de\",\"potentialAction\":[{\"@type\":\"ReadAction\",\"target\":[\"https:\/\/now-news.de\/de\/deutschland\/franzoesischer-innenminister-kuendigt-massive-polizei-mobilisierung-an\/\"]}]},{\"@type\":\"ImageObject\",\"inLanguage\":\"de\",\"@id\":\"https:\/\/now-news.de\/de\/deutschland\/franzoesischer-innenminister-kuendigt-massive-polizei-mobilisierung-an\/#primaryimage\",\"url\":\"https:\/\/now-news.de\/de\/wp-content\/uploads\/sites\/3\/2023\/03\/Franzoesischer-Innenminister-kuendigt-massive-Polizei-Mobilisierung-an.jpg\",\"contentUrl\":\"https:\/\/now-news.de\/de\/wp-content\/uploads\/sites\/3\/2023\/03\/Franzoesischer-Innenminister-kuendigt-massive-Polizei-Mobilisierung-an.jpg\",\"width\":460,\"height\":259,\"caption\":\"Franz\u00f6sischer Innenminister k\u00fcndigt massive Polizei-Mobilisierung an\"},{\"@type\":\"BreadcrumbList\",\"@id\":\"https:\/\/now-news.de\/de\/deutschland\/franzoesischer-innenminister-kuendigt-massive-polizei-mobilisierung-an\/#breadcrumb\",\"itemListElement\":[{\"@type\":\"ListItem\",\"position\":1,\"name\":\"Home\",\"item\":\"https:\/\/now-news.de\/de\/\"},{\"@type\":\"ListItem\",\"position\":2,\"name\":\"Franz\u00f6sischer Innenminister k\u00fcndigt massive Polizei-Mobilisierung an\"}]},{\"@type\":\"WebSite\",\"@id\":\"https:\/\/now-news.de\/de\/#website\",\"url\":\"https:\/\/now-news.de\/de\/\",\"name\":\"just-now.NEWS Deutschland\",\"description\":\"Das Portal f\u00fcr unzensierte Nachrichten aus der Welt\",\"publisher\":{\"@id\":\"https:\/\/now-news.de\/de\/#organization\"},\"potentialAction\":[{\"@type\":\"SearchAction\",\"target\":{\"@type\":\"EntryPoint\",\"urlTemplate\":\"https:\/\/now-news.de\/de\/?s={search_term_string}\"},\"query-input\":\"required name=search_term_string\"}],\"inLanguage\":\"de\"},{\"@type\":\"Organization\",\"@id\":\"https:\/\/now-news.de\/de\/#organization\",\"name\":\"Just Now News\",\"url\":\"https:\/\/now-news.de\/de\/\",\"logo\":{\"@type\":\"ImageObject\",\"inLanguage\":\"de\",\"@id\":\"https:\/\/now-news.de\/de\/#\/schema\/logo\/image\/\",\"url\":\"http:\/\/just-now.news\/de\/wp-content\/uploads\/sites\/3\/2022\/04\/logo500x500.jpg\",\"contentUrl\":\"http:\/\/just-now.news\/de\/wp-content\/uploads\/sites\/3\/2022\/04\/logo500x500.jpg\",\"width\":500,\"height\":500,\"caption\":\"Just Now News\"},\"image\":{\"@id\":\"https:\/\/now-news.de\/de\/#\/schema\/logo\/image\/\"},\"sameAs\":[\"https:\/\/www.facebook.com\/wirmachenauf\",\"https:\/\/x.com\/WirMachenAuf_de\"]},{\"@type\":\"Person\",\"@id\":\"https:\/\/now-news.de\/de\/#\/schema\/person\/fb534a4e865501d8b3285208df34a9b5\",\"name\":\"rtnews\",\"image\":{\"@type\":\"ImageObject\",\"inLanguage\":\"de\",\"@id\":\"https:\/\/now-news.de\/de\/#\/schema\/person\/image\/\",\"url\":\"https:\/\/secure.gravatar.com\/avatar\/82aafea7d8127119dd649515f56e2117?s=96&d=mm&r=g\",\"contentUrl\":\"https:\/\/secure.gravatar.com\/avatar\/82aafea7d8127119dd649515f56e2117?s=96&d=mm&r=g\",\"caption\":\"rtnews\"},\"url\":\"https:\/\/now-news.de\/de\/author\/rnews\/\"}]}<\/script>\n<!-- \/ Yoast SEO Premium plugin. -->","yoast_head_json":{"title":"Franz\u00f6sischer Innenminister k\u00fcndigt massive Polizei-Mobilisierung an - just-now.NEWS Deutschland","robots":{"index":"index","follow":"follow","max-snippet":"max-snippet:-1","max-image-preview":"max-image-preview:large","max-video-preview":"max-video-preview:-1"},"canonical":"https:\/\/now-news.de\/de\/deutschland\/franzoesischer-innenminister-kuendigt-massive-polizei-mobilisierung-an\/","og_locale":"de_DE","og_type":"article","og_title":"Franz\u00f6sischer Innenminister k\u00fcndigt massive Polizei-Mobilisierung an","og_description":"Der franz\u00f6sische Innenminister G\u00e9rald Darmanin hat angek\u00fcndigt, dass er 13.000 Polizisten zur Bek\u00e4mpfung der landesweiten Proteste einsetzen will. Laut dem Innenminister drohe eine &#8220;erhebliche St\u00f6rung der \u00f6ffentlichen Ordnung&#8221; \u2013 auch von &#8220;Aktivisten aus dem Ausland&#8221;. Der franz\u00f6sische Innenminister G\u00e9rald Darmanin hat 13.000 Polizeibeamte auf die Stra\u00dfen der franz\u00f6sischen Gro\u00dfst\u00e4dte beordert, da die Proteste gegen die [&hellip;]","og_url":"https:\/\/now-news.de\/de\/deutschland\/franzoesischer-innenminister-kuendigt-massive-polizei-mobilisierung-an\/","og_site_name":"just-now.NEWS Deutschland","article_publisher":"https:\/\/www.facebook.com\/wirmachenauf","article_published_time":"2023-03-29T09:58:51+00:00","og_image":[{"width":460,"height":259,"url":"https:\/\/now-news.de\/de\/wp-content\/uploads\/sites\/3\/2023\/03\/Franzoesischer-Innenminister-kuendigt-massive-Polizei-Mobilisierung-an.jpg","type":"image\/jpeg"}],"author":"rtnews","twitter_card":"summary_large_image","twitter_creator":"@WirMachenAuf_de","twitter_site":"@WirMachenAuf_de","twitter_misc":{"Verfasst von":"rtnews","Gesch\u00e4tzte Lesezeit":"2\u00a0Minuten"},"schema":{"@context":"https:\/\/schema.org","@graph":[{"@type":"Article","@id":"https:\/\/now-news.de\/de\/deutschland\/franzoesischer-innenminister-kuendigt-massive-polizei-mobilisierung-an\/#article","isPartOf":{"@id":"https:\/\/now-news.de\/de\/deutschland\/franzoesischer-innenminister-kuendigt-massive-polizei-mobilisierung-an\/"},"author":{"name":"rtnews","@id":"https:\/\/now-news.de\/de\/#\/schema\/person\/fb534a4e865501d8b3285208df34a9b5"},"headline":"Franz\u00f6sischer Innenminister k\u00fcndigt massive Polizei-Mobilisierung an","datePublished":"2023-03-29T09:58:51+00:00","dateModified":"2023-03-29T09:58:51+00:00","mainEntityOfPage":{"@id":"https:\/\/now-news.de\/de\/deutschland\/franzoesischer-innenminister-kuendigt-massive-polizei-mobilisierung-an\/"},"wordCount":404,"commentCount":0,"publisher":{"@id":"https:\/\/now-news.de\/de\/#organization"},"image":{"@id":"https:\/\/now-news.de\/de\/deutschland\/franzoesischer-innenminister-kuendigt-massive-polizei-mobilisierung-an\/#primaryimage"},"thumbnailUrl":"https:\/\/now-news.de\/de\/wp-content\/uploads\/sites\/3\/2023\/03\/Franzoesischer-Innenminister-kuendigt-massive-Polizei-Mobilisierung-an.jpg","keywords":["franz\u00f6sischer","Innenminister","k\u00fcndigt","Massive","PolizeiMobilisierung"],"articleSection":["Deutschland","Russland"],"inLanguage":"de","potentialAction":[{"@type":"CommentAction","name":"Comment","target":["https:\/\/now-news.de\/de\/deutschland\/franzoesischer-innenminister-kuendigt-massive-polizei-mobilisierung-an\/#respond"]}]},{"@type":"WebPage","@id":"https:\/\/now-news.de\/de\/deutschland\/franzoesischer-innenminister-kuendigt-massive-polizei-mobilisierung-an\/","url":"https:\/\/now-news.de\/de\/deutschland\/franzoesischer-innenminister-kuendigt-massive-polizei-mobilisierung-an\/","name":"Franz\u00f6sischer Innenminister k\u00fcndigt massive Polizei-Mobilisierung an - just-now.NEWS Deutschland","isPartOf":{"@id":"https:\/\/now-news.de\/de\/#website"},"primaryImageOfPage":{"@id":"https:\/\/now-news.de\/de\/deutschland\/franzoesischer-innenminister-kuendigt-massive-polizei-mobilisierung-an\/#primaryimage"},"image":{"@id":"https:\/\/now-news.de\/de\/deutschland\/franzoesischer-innenminister-kuendigt-massive-polizei-mobilisierung-an\/#primaryimage"},"thumbnailUrl":"https:\/\/now-news.de\/de\/wp-content\/uploads\/sites\/3\/2023\/03\/Franzoesischer-Innenminister-kuendigt-massive-Polizei-Mobilisierung-an.jpg","datePublished":"2023-03-29T09:58:51+00:00","dateModified":"2023-03-29T09:58:51+00:00","breadcrumb":{"@id":"https:\/\/now-news.de\/de\/deutschland\/franzoesischer-innenminister-kuendigt-massive-polizei-mobilisierung-an\/#breadcrumb"},"inLanguage":"de","potentialAction":[{"@type":"ReadAction","target":["https:\/\/now-news.de\/de\/deutschland\/franzoesischer-innenminister-kuendigt-massive-polizei-mobilisierung-an\/"]}]},{"@type":"ImageObject","inLanguage":"de","@id":"https:\/\/now-news.de\/de\/deutschland\/franzoesischer-innenminister-kuendigt-massive-polizei-mobilisierung-an\/#primaryimage","url":"https:\/\/now-news.de\/de\/wp-content\/uploads\/sites\/3\/2023\/03\/Franzoesischer-Innenminister-kuendigt-massive-Polizei-Mobilisierung-an.jpg","contentUrl":"https:\/\/now-news.de\/de\/wp-content\/uploads\/sites\/3\/2023\/03\/Franzoesischer-Innenminister-kuendigt-massive-Polizei-Mobilisierung-an.jpg","width":460,"height":259,"caption":"Franz\u00f6sischer Innenminister k\u00fcndigt massive Polizei-Mobilisierung an"},{"@type":"BreadcrumbList","@id":"https:\/\/now-news.de\/de\/deutschland\/franzoesischer-innenminister-kuendigt-massive-polizei-mobilisierung-an\/#breadcrumb","itemListElement":[{"@type":"ListItem","position":1,"name":"Home","item":"https:\/\/now-news.de\/de\/"},{"@type":"ListItem","position":2,"name":"Franz\u00f6sischer Innenminister k\u00fcndigt massive Polizei-Mobilisierung an"}]},{"@type":"WebSite","@id":"https:\/\/now-news.de\/de\/#website","url":"https:\/\/now-news.de\/de\/","name":"just-now.NEWS Deutschland","description":"Das Portal f\u00fcr unzensierte Nachrichten aus der Welt","publisher":{"@id":"https:\/\/now-news.de\/de\/#organization"},"potentialAction":[{"@type":"SearchAction","target":{"@type":"EntryPoint","urlTemplate":"https:\/\/now-news.de\/de\/?s={search_term_string}"},"query-input":"required name=search_term_string"}],"inLanguage":"de"},{"@type":"Organization","@id":"https:\/\/now-news.de\/de\/#organization","name":"Just Now News","url":"https:\/\/now-news.de\/de\/","logo":{"@type":"ImageObject","inLanguage":"de","@id":"https:\/\/now-news.de\/de\/#\/schema\/logo\/image\/","url":"http:\/\/just-now.news\/de\/wp-content\/uploads\/sites\/3\/2022\/04\/logo500x500.jpg","contentUrl":"http:\/\/just-now.news\/de\/wp-content\/uploads\/sites\/3\/2022\/04\/logo500x500.jpg","width":500,"height":500,"caption":"Just Now News"},"image":{"@id":"https:\/\/now-news.de\/de\/#\/schema\/logo\/image\/"},"sameAs":["https:\/\/www.facebook.com\/wirmachenauf","https:\/\/x.com\/WirMachenAuf_de"]},{"@type":"Person","@id":"https:\/\/now-news.de\/de\/#\/schema\/person\/fb534a4e865501d8b3285208df34a9b5","name":"rtnews","image":{"@type":"ImageObject","inLanguage":"de","@id":"https:\/\/now-news.de\/de\/#\/schema\/person\/image\/","url":"https:\/\/secure.gravatar.com\/avatar\/82aafea7d8127119dd649515f56e2117?s=96&d=mm&r=g","contentUrl":"https:\/\/secure.gravatar.com\/avatar\/82aafea7d8127119dd649515f56e2117?s=96&d=mm&r=g","caption":"rtnews"},"url":"https:\/\/now-news.de\/de\/author\/rnews\/"}]}},"_links":{"self":[{"href":"https:\/\/now-news.de\/de\/wp-json\/wp\/v2\/posts\/33169"}],"collection":[{"href":"https:\/\/now-news.de\/de\/wp-json\/wp\/v2\/posts"}],"about":[{"href":"https:\/\/now-news.de\/de\/wp-json\/wp\/v2\/types\/post"}],"author":[{"embeddable":true,"href":"https:\/\/now-news.de\/de\/wp-json\/wp\/v2\/users\/3"}],"replies":[{"embeddable":true,"href":"https:\/\/now-news.de\/de\/wp-json\/wp\/v2\/comments?post=33169"}],"version-history":[{"count":0,"href":"https:\/\/now-news.de\/de\/wp-json\/wp\/v2\/posts\/33169\/revisions"}],"wp:featuredmedia":[{"embeddable":true,"href":"https:\/\/now-news.de\/de\/wp-json\/wp\/v2\/media\/33170"}],"wp:attachment":[{"href":"https:\/\/now-news.de\/de\/wp-json\/wp\/v2\/media?parent=33169"}],"wp:term":[{"taxonomy":"category","embeddable":true,"href":"https:\/\/now-news.de\/de\/wp-json\/wp\/v2\/categories?post=33169"},{"taxonomy":"post_tag","embeddable":true,"href":"https:\/\/now-news.de\/de\/wp-json\/wp\/v2\/tags?post=33169"}],"curies":[{"name":"wp","href":"https:\/\/api.w.org\/{rel}","templated":true}]}}