{"id":33156,"date":"2023-03-29T08:30:01","date_gmt":"2023-03-29T06:30:01","guid":{"rendered":"https:\/\/just-now.news\/de\/deutschland\/wegen-sicherheitsbedenken-russischstaemmiger-friedensaktivist-geht-gegen-kuendigung-vor\/"},"modified":"2023-03-29T08:30:01","modified_gmt":"2023-03-29T06:30:01","slug":"wegen-sicherheitsbedenken-russischstaemmiger-friedensaktivist-geht-gegen-kuendigung-vor","status":"publish","type":"post","link":"https:\/\/now-news.de\/de\/deutschland\/wegen-sicherheitsbedenken-russischstaemmiger-friedensaktivist-geht-gegen-kuendigung-vor\/","title":{"rendered":"Wegen &quot;Sicherheitsbedenken&quot;: Russischst\u00e4mmiger Friedensaktivist geht gegen K\u00fcndigung vor"},"content":{"rendered":"<p><img decoding=\"async\" src=\"http:\/\/just-now.news\/de\/wp-content\/uploads\/sites\/3\/2023\/03\/64232aba48fbef34964727a9.JPG\" \/><\/p>\n<div class=\"Text-root Text-type_1 \">\n                Am Dienstag trafen sich der Friedensaktivist Max Schlund und ein Vertreter von UPS vor dem K\u00f6lner Arbeitsgericht. Der russischst\u00e4mmige Mechaniker hatte gegen seine fristlose K\u00fcndigung geklagt. Schlund kann seit Januar seinen Arbeitsplatz nicht mehr betreten, weil die Bezirksregierung ihm wegen Sicherheitsbedenken Hausverbot erteilt hat.\n            <\/div>\n<p><\/p>\n<div class=\"Text-root Text-type_5 ArticleView-text ViewText-root \">\n<p><em>Bericht und Interviews von Felicitas Rabe<\/em><\/p>\n<p>Seit zehn Jahren lebt der geb\u00fcrtige Russe Max Schlund in Deutschland. In den vergangenen acht Jahren arbeitete er als Mechaniker beim Logistikunternehmen UPS am Flughafen K\u00f6ln\/Bonn, bis er am 19. Januar vom Sicherheitsdienst des Flughafens keinen Zutritt mehr zu seinem Arbeitsplatz bekam \u2013 wegen Unzuverl\u00e4ssigkeit, wurde ihm von der Bezirksregierung D\u00fcsseldorf mitgeteilt.<\/p>\n<p>Am 7. M\u00e4rz wurde ihm von UPS fristlos gek\u00fcndigt, nachdem er schon seit Januar kein Gehalt mehr \u00fcberwiesen bekommen hatte. Der Mechaniker ist mit der bekannten Friedensaktivistin Elena Kolbasnikova verheiratet, die wegen ihrer prorussischen \u00c4u\u00dferungen zum Ukraine-Konflikt wegen angeblicher &#8220;Unterst\u00fctzung von Straftaten&#8221; verklagt wurde. Er selbst ist auch in der Friedensbewegung aktiv.<\/p>\n<p>Schlund ging rechtlich gegen die K\u00fcndigung vor. Vor dem Arbeitsgericht K\u00f6ln kam am Dienstag keine g\u00fctliche Einigung zustande. Der ehemalige UPS-Mitarbeiter zeigte kein Interesse an einer Abfindung. Er habe sich nichts zuschulden kommen und wolle an seinen Arbeitsplatz zur\u00fcck, erkl\u00e4rte sein Rechtsanwalt Markus Beisicht dem Gericht.<\/p>\n<p>Der Leverkusener Rechtsanwalt erl\u00e4uterte auch, dass es urspr\u00fcnglich nicht das Logistikunternehmen UPS gewesen sei, das den Mechaniker nicht mehr besch\u00e4ftigen wolle. Die Bezirksregierung D\u00fcsseldorf habe aus angeblichen Sicherheitsgr\u00fcnden veranlasst, dass UPS-Mitarbeiter keinen Zutritt mehr zu seinem Arbeitsplatz gew\u00e4hrt wird. Gegen diesen Beschluss gehe sein Mandant parallel vor dem Verwaltungsgericht K\u00f6ln vor. Sollte das Verwaltungsgericht sein Betretungsverbot zur\u00fccknehmen, w\u00fcrde die K\u00fcndigung wom\u00f6glich aufgehoben. Sie sei nur deshalb zustande gekommen, weil Schlund seinen Arbeitsplatz nicht mehr aufsuchte.<\/p>\n<p>Nachdem die g\u00fctliche Einigung gescheitert war, legte der Richter den Termin f\u00fcr den Arbeitsgerichtsprozess Schlund gegen UPS f\u00fcr den 3. August dieses Jahres fest. Im Gespr\u00e4ch mit <em>RT<\/em> erl\u00e4uterte der Verteidiger das Problem bei dieser fristlosen K\u00fcndigung. Hier treffe nicht den Arbeitgeber UPS die Schuld. Stattdessen habe UPS das Problem, dass einem seiner Mitarbeiter vom deutschen Staat untersagt worden sei, seinen Arbeitsplatz zu betreten.<\/p>\n<p>Die Bezirksregierung D\u00fcsseldorf habe das Hausverbot f\u00fcr Schlund gleich aus mehreren Gr\u00fcnden ausgesprochen: weil er das russische Konsulat aufgesucht habe, weil er nachweislich mal in der russischen Armee gedient habe und weil sein Mandant &#8220;Putin-nah&#8221; sei, sei die Sicherheit auf dem Flughafen K\u00f6ln\/Bonn nun angeblich nicht mehr gegeben. In der Begr\u00fcndung stehe, er sei &#8220;luftverkehrsrechtlich unzuverl\u00e4ssig&#8221;, wie es im Fachjargon hei\u00dft. In Bezug auf das Eilverfahren gegen das Hausverbot erwarte er innerhalb der n\u00e4chsten zwei bis drei Wochen eine Entscheidung des Verwaltungsgerichts, teilte Beisicht mit.<\/p>\n<p>Am Montagmorgen habe bei seinen Mandanten eine Hausdurchsuchung stattgefunden, weil den Friedensaktivisten in einem weiteren zu erwartenden Strafverfahren vorgeworfen wird, Material und Ausr\u00fcstung f\u00fcr die russische Armee und f\u00fcr einen russischen Angriffskrieg zu liefern, so Beisicht. Zudem wird Schlund laut Akte vorgeworfen, er rekrutiere S\u00f6ldner f\u00fcr die russische Wagner-Gruppe. Laut Information der Bezirksregierung D\u00fcsseldorf ist die diesbez\u00fcgliche Strafanzeige schon vorbereitet. Daf\u00fcr drohten bis zu f\u00fcnf Jahre Haft. Das bedeutsamste Gerichtsverfahren stehe also noch bevor, erkl\u00e4rte der Anwalt die Lage.<\/p>\n<blockquote>\n<p><em>&#8220;Ich wurde entlassen, weil ich ein Russe bin&#8221;, betonte Schlund im anschlie\u00dfenden Gespr\u00e4ch mit RT. &#8220;Acht Jahre lang hatte war ich zuverl\u00e4ssig an meinem Arbeitsplatz. Und heute bin ich unzuverl\u00e4ssig.&#8221;<\/em><\/p>\n<\/blockquote>\n<p>Bis zum 19. Januar habe er als zuverl\u00e4ssig gegolten, und dann gelte er von einem Tag auf den anderen als unzuverl\u00e4ssig. &#8220;Wieso?&#8221;, frage er sich. Tats\u00e4chlich sei doch derjenige, der seine Zuverl\u00e4ssigkeit zuvor gepr\u00fcft hatte, derjenige, in dessen Augen er auf einmal unzuverl\u00e4ssig geworden sei, stellte der russischst\u00e4mmige Mechaniker fest. Schlund habe seinen Arbeitgeber zudem vor Arbeitsantritt \u00fcber seinen fr\u00fcheren Dienst in der russischen Armee informiert. Einer g\u00fctlichen Einigung habe er nicht zugestimmt, weil er sein Arbeitgeber verpflichtet sei, ihm seinen Arbeitsplatz zur\u00fcckzugeben. Au\u00dferdem m\u00fcsse man ihm eine Entsch\u00e4digung zahlen.<\/p>\n<p><strong>Mehr zum Thema<\/strong> &#8211; <a rel=\"nofollow noopener\" target=\"_blank\" href=\"https:\/\/pressefreiheit.rtde.live\/inland\/165955-lafontaine-gibt-usa-mitschuld-am-ukraine-krieg\/\">&#8220;Sie haben kein Interesse an einem Frieden&#8221; \u2013 Lafontaine gibt USA Mitschuld am Ukraine-Krieg<\/a><\/p>\n<\/div>\n<p><br \/>\n<br \/><a href=\"https:\/\/de.rt.com\/inland\/166452-russischstaemmiger-friedensaktivist-geht-gegen-kuendigung-vor\/\">Source link <\/a><\/p>\n","protected":false},"excerpt":{"rendered":"<p>Am Dienstag trafen sich der Friedensaktivist Max Schlund und ein Vertreter von UPS vor dem K\u00f6lner Arbeitsgericht. Der russischst\u00e4mmige Mechaniker hatte gegen seine fristlose K\u00fcndigung geklagt. Schlund kann seit Januar seinen Arbeitsplatz nicht mehr betreten, weil die Bezirksregierung ihm wegen Sicherheitsbedenken Hausverbot erteilt hat. Bericht und Interviews von Felicitas Rabe Seit zehn Jahren lebt der [&hellip;]<\/p>\n","protected":false},"author":3,"featured_media":33157,"comment_status":"open","ping_status":"open","sticky":false,"template":"","format":"standard","meta":{"_yoast_indexnow_last_ping":["1680072247"],"wp_automatic_camp":["217"],"0ad8686e00b27caffcab17a64d18a8f1":["Wegen &quot;Sicherheitsbedenken&quot;: Russischst\u00e4mmiger Friedensaktivist geht gegen K\u00fcndigung vor"],"original_link":["https:\/\/de.rt.com\/inland\/166452-russischstaemmiger-friedensaktivist-geht-gegen-kuendigung-vor\/"],"_thumbnail_id":["33157"],"jnews_social_counter_last_update":["1777251964"],"_wptgpro_p2tg_sent2tg":["a:1:{i:23737;s:19:\"2023-03-29 08:45:09\";}"]},"categories":[19,23],"tags":[42539,278,1673,38392,42538,36986,320,145],"yoast_head":"<!-- This site is optimized with the Yoast SEO Premium plugin v22.7 (Yoast SEO v22.7) - https:\/\/yoast.com\/wordpress\/plugins\/seo\/ -->\n<title>Wegen &quot;Sicherheitsbedenken&quot;: Russischst\u00e4mmiger Friedensaktivist geht gegen K\u00fcndigung vor - just-now.NEWS Deutschland<\/title>\n<meta name=\"robots\" content=\"index, follow, max-snippet:-1, max-image-preview:large, max-video-preview:-1\" \/>\n<link rel=\"canonical\" href=\"https:\/\/now-news.de\/de\/deutschland\/wegen-sicherheitsbedenken-russischstaemmiger-friedensaktivist-geht-gegen-kuendigung-vor\/\" \/>\n<meta property=\"og:locale\" content=\"de_DE\" \/>\n<meta property=\"og:type\" content=\"article\" \/>\n<meta property=\"og:title\" content=\"Wegen &quot;Sicherheitsbedenken&quot;: Russischst\u00e4mmiger Friedensaktivist geht gegen K\u00fcndigung vor\" \/>\n<meta property=\"og:description\" content=\"Am Dienstag trafen sich der Friedensaktivist Max Schlund und ein Vertreter von UPS vor dem K\u00f6lner Arbeitsgericht. Der russischst\u00e4mmige Mechaniker hatte gegen seine fristlose K\u00fcndigung geklagt. Schlund kann seit Januar seinen Arbeitsplatz nicht mehr betreten, weil die Bezirksregierung ihm wegen Sicherheitsbedenken Hausverbot erteilt hat. Bericht und Interviews von Felicitas Rabe Seit zehn Jahren lebt der [&hellip;]\" \/>\n<meta property=\"og:url\" content=\"https:\/\/now-news.de\/de\/deutschland\/wegen-sicherheitsbedenken-russischstaemmiger-friedensaktivist-geht-gegen-kuendigung-vor\/\" \/>\n<meta property=\"og:site_name\" content=\"just-now.NEWS Deutschland\" \/>\n<meta property=\"article:publisher\" content=\"https:\/\/www.facebook.com\/wirmachenauf\" \/>\n<meta property=\"article:published_time\" content=\"2023-03-29T06:30:01+00:00\" \/>\n<meta property=\"og:image\" content=\"https:\/\/now-news.de\/de\/wp-content\/uploads\/sites\/3\/2023\/03\/Wegen-quotSicherheitsbedenkenquot-Russischstaemmiger-Friedensaktivist-geht-gegen-Kuendigung-vor.JPG\" \/>\n\t<meta property=\"og:image:width\" content=\"460\" \/>\n\t<meta property=\"og:image:height\" content=\"259\" \/>\n\t<meta property=\"og:image:type\" content=\"image\/jpeg\" \/>\n<meta name=\"author\" content=\"rtnews\" \/>\n<meta name=\"twitter:card\" content=\"summary_large_image\" \/>\n<meta name=\"twitter:creator\" content=\"@WirMachenAuf_de\" \/>\n<meta name=\"twitter:site\" content=\"@WirMachenAuf_de\" \/>\n<meta name=\"twitter:label1\" content=\"Verfasst von\" \/>\n\t<meta name=\"twitter:data1\" content=\"rtnews\" \/>\n\t<meta name=\"twitter:label2\" content=\"Gesch\u00e4tzte Lesezeit\" \/>\n\t<meta name=\"twitter:data2\" content=\"4\u00a0Minuten\" \/>\n<script type=\"application\/ld+json\" class=\"yoast-schema-graph\">{\"@context\":\"https:\/\/schema.org\",\"@graph\":[{\"@type\":\"Article\",\"@id\":\"https:\/\/now-news.de\/de\/deutschland\/wegen-sicherheitsbedenken-russischstaemmiger-friedensaktivist-geht-gegen-kuendigung-vor\/#article\",\"isPartOf\":{\"@id\":\"https:\/\/now-news.de\/de\/deutschland\/wegen-sicherheitsbedenken-russischstaemmiger-friedensaktivist-geht-gegen-kuendigung-vor\/\"},\"author\":{\"name\":\"rtnews\",\"@id\":\"https:\/\/now-news.de\/de\/#\/schema\/person\/fb534a4e865501d8b3285208df34a9b5\"},\"headline\":\"Wegen &quot;Sicherheitsbedenken&quot;: Russischst\u00e4mmiger Friedensaktivist geht gegen K\u00fcndigung vor\",\"datePublished\":\"2023-03-29T06:30:01+00:00\",\"dateModified\":\"2023-03-29T06:30:01+00:00\",\"mainEntityOfPage\":{\"@id\":\"https:\/\/now-news.de\/de\/deutschland\/wegen-sicherheitsbedenken-russischstaemmiger-friedensaktivist-geht-gegen-kuendigung-vor\/\"},\"wordCount\":720,\"commentCount\":0,\"publisher\":{\"@id\":\"https:\/\/now-news.de\/de\/#organization\"},\"image\":{\"@id\":\"https:\/\/now-news.de\/de\/deutschland\/wegen-sicherheitsbedenken-russischstaemmiger-friedensaktivist-geht-gegen-kuendigung-vor\/#primaryimage\"},\"thumbnailUrl\":\"https:\/\/now-news.de\/de\/wp-content\/uploads\/sites\/3\/2023\/03\/Wegen-quotSicherheitsbedenkenquot-Russischstaemmiger-Friedensaktivist-geht-gegen-Kuendigung-vor.JPG\",\"keywords\":[\"Friedensaktivist\",\"gegen\",\"Geht\",\"K\u00fcndigung\",\"quotSicherheitsbedenkenquot\",\"russischst\u00e4mmiger\",\"vor\",\"wegen\"],\"articleSection\":[\"Deutschland\",\"Russland\"],\"inLanguage\":\"de\",\"potentialAction\":[{\"@type\":\"CommentAction\",\"name\":\"Comment\",\"target\":[\"https:\/\/now-news.de\/de\/deutschland\/wegen-sicherheitsbedenken-russischstaemmiger-friedensaktivist-geht-gegen-kuendigung-vor\/#respond\"]}]},{\"@type\":\"WebPage\",\"@id\":\"https:\/\/now-news.de\/de\/deutschland\/wegen-sicherheitsbedenken-russischstaemmiger-friedensaktivist-geht-gegen-kuendigung-vor\/\",\"url\":\"https:\/\/now-news.de\/de\/deutschland\/wegen-sicherheitsbedenken-russischstaemmiger-friedensaktivist-geht-gegen-kuendigung-vor\/\",\"name\":\"Wegen &quot;Sicherheitsbedenken&quot;: Russischst\u00e4mmiger Friedensaktivist geht gegen K\u00fcndigung vor - just-now.NEWS Deutschland\",\"isPartOf\":{\"@id\":\"https:\/\/now-news.de\/de\/#website\"},\"primaryImageOfPage\":{\"@id\":\"https:\/\/now-news.de\/de\/deutschland\/wegen-sicherheitsbedenken-russischstaemmiger-friedensaktivist-geht-gegen-kuendigung-vor\/#primaryimage\"},\"image\":{\"@id\":\"https:\/\/now-news.de\/de\/deutschland\/wegen-sicherheitsbedenken-russischstaemmiger-friedensaktivist-geht-gegen-kuendigung-vor\/#primaryimage\"},\"thumbnailUrl\":\"https:\/\/now-news.de\/de\/wp-content\/uploads\/sites\/3\/2023\/03\/Wegen-quotSicherheitsbedenkenquot-Russischstaemmiger-Friedensaktivist-geht-gegen-Kuendigung-vor.JPG\",\"datePublished\":\"2023-03-29T06:30:01+00:00\",\"dateModified\":\"2023-03-29T06:30:01+00:00\",\"breadcrumb\":{\"@id\":\"https:\/\/now-news.de\/de\/deutschland\/wegen-sicherheitsbedenken-russischstaemmiger-friedensaktivist-geht-gegen-kuendigung-vor\/#breadcrumb\"},\"inLanguage\":\"de\",\"potentialAction\":[{\"@type\":\"ReadAction\",\"target\":[\"https:\/\/now-news.de\/de\/deutschland\/wegen-sicherheitsbedenken-russischstaemmiger-friedensaktivist-geht-gegen-kuendigung-vor\/\"]}]},{\"@type\":\"ImageObject\",\"inLanguage\":\"de\",\"@id\":\"https:\/\/now-news.de\/de\/deutschland\/wegen-sicherheitsbedenken-russischstaemmiger-friedensaktivist-geht-gegen-kuendigung-vor\/#primaryimage\",\"url\":\"https:\/\/now-news.de\/de\/wp-content\/uploads\/sites\/3\/2023\/03\/Wegen-quotSicherheitsbedenkenquot-Russischstaemmiger-Friedensaktivist-geht-gegen-Kuendigung-vor.JPG\",\"contentUrl\":\"https:\/\/now-news.de\/de\/wp-content\/uploads\/sites\/3\/2023\/03\/Wegen-quotSicherheitsbedenkenquot-Russischstaemmiger-Friedensaktivist-geht-gegen-Kuendigung-vor.JPG\",\"width\":460,\"height\":259,\"caption\":\"Wegen &quot;Sicherheitsbedenken&quot;: Russischst\u00e4mmiger Friedensaktivist geht gegen K\u00fcndigung vor\"},{\"@type\":\"BreadcrumbList\",\"@id\":\"https:\/\/now-news.de\/de\/deutschland\/wegen-sicherheitsbedenken-russischstaemmiger-friedensaktivist-geht-gegen-kuendigung-vor\/#breadcrumb\",\"itemListElement\":[{\"@type\":\"ListItem\",\"position\":1,\"name\":\"Home\",\"item\":\"https:\/\/now-news.de\/de\/\"},{\"@type\":\"ListItem\",\"position\":2,\"name\":\"Wegen &quot;Sicherheitsbedenken&quot;: Russischst\u00e4mmiger Friedensaktivist geht gegen K\u00fcndigung vor\"}]},{\"@type\":\"WebSite\",\"@id\":\"https:\/\/now-news.de\/de\/#website\",\"url\":\"https:\/\/now-news.de\/de\/\",\"name\":\"just-now.NEWS Deutschland\",\"description\":\"Das Portal f\u00fcr unzensierte Nachrichten aus der Welt\",\"publisher\":{\"@id\":\"https:\/\/now-news.de\/de\/#organization\"},\"potentialAction\":[{\"@type\":\"SearchAction\",\"target\":{\"@type\":\"EntryPoint\",\"urlTemplate\":\"https:\/\/now-news.de\/de\/?s={search_term_string}\"},\"query-input\":\"required name=search_term_string\"}],\"inLanguage\":\"de\"},{\"@type\":\"Organization\",\"@id\":\"https:\/\/now-news.de\/de\/#organization\",\"name\":\"Just Now News\",\"url\":\"https:\/\/now-news.de\/de\/\",\"logo\":{\"@type\":\"ImageObject\",\"inLanguage\":\"de\",\"@id\":\"https:\/\/now-news.de\/de\/#\/schema\/logo\/image\/\",\"url\":\"http:\/\/just-now.news\/de\/wp-content\/uploads\/sites\/3\/2022\/04\/logo500x500.jpg\",\"contentUrl\":\"http:\/\/just-now.news\/de\/wp-content\/uploads\/sites\/3\/2022\/04\/logo500x500.jpg\",\"width\":500,\"height\":500,\"caption\":\"Just Now News\"},\"image\":{\"@id\":\"https:\/\/now-news.de\/de\/#\/schema\/logo\/image\/\"},\"sameAs\":[\"https:\/\/www.facebook.com\/wirmachenauf\",\"https:\/\/x.com\/WirMachenAuf_de\"]},{\"@type\":\"Person\",\"@id\":\"https:\/\/now-news.de\/de\/#\/schema\/person\/fb534a4e865501d8b3285208df34a9b5\",\"name\":\"rtnews\",\"image\":{\"@type\":\"ImageObject\",\"inLanguage\":\"de\",\"@id\":\"https:\/\/now-news.de\/de\/#\/schema\/person\/image\/\",\"url\":\"https:\/\/secure.gravatar.com\/avatar\/82aafea7d8127119dd649515f56e2117?s=96&d=mm&r=g\",\"contentUrl\":\"https:\/\/secure.gravatar.com\/avatar\/82aafea7d8127119dd649515f56e2117?s=96&d=mm&r=g\",\"caption\":\"rtnews\"},\"url\":\"https:\/\/now-news.de\/de\/author\/rnews\/\"}]}<\/script>\n<!-- \/ Yoast SEO Premium plugin. -->","yoast_head_json":{"title":"Wegen &quot;Sicherheitsbedenken&quot;: Russischst\u00e4mmiger Friedensaktivist geht gegen K\u00fcndigung vor - just-now.NEWS Deutschland","robots":{"index":"index","follow":"follow","max-snippet":"max-snippet:-1","max-image-preview":"max-image-preview:large","max-video-preview":"max-video-preview:-1"},"canonical":"https:\/\/now-news.de\/de\/deutschland\/wegen-sicherheitsbedenken-russischstaemmiger-friedensaktivist-geht-gegen-kuendigung-vor\/","og_locale":"de_DE","og_type":"article","og_title":"Wegen &quot;Sicherheitsbedenken&quot;: Russischst\u00e4mmiger Friedensaktivist geht gegen K\u00fcndigung vor","og_description":"Am Dienstag trafen sich der Friedensaktivist Max Schlund und ein Vertreter von UPS vor dem K\u00f6lner Arbeitsgericht. Der russischst\u00e4mmige Mechaniker hatte gegen seine fristlose K\u00fcndigung geklagt. Schlund kann seit Januar seinen Arbeitsplatz nicht mehr betreten, weil die Bezirksregierung ihm wegen Sicherheitsbedenken Hausverbot erteilt hat. Bericht und Interviews von Felicitas Rabe Seit zehn Jahren lebt der [&hellip;]","og_url":"https:\/\/now-news.de\/de\/deutschland\/wegen-sicherheitsbedenken-russischstaemmiger-friedensaktivist-geht-gegen-kuendigung-vor\/","og_site_name":"just-now.NEWS Deutschland","article_publisher":"https:\/\/www.facebook.com\/wirmachenauf","article_published_time":"2023-03-29T06:30:01+00:00","og_image":[{"width":460,"height":259,"url":"https:\/\/now-news.de\/de\/wp-content\/uploads\/sites\/3\/2023\/03\/Wegen-quotSicherheitsbedenkenquot-Russischstaemmiger-Friedensaktivist-geht-gegen-Kuendigung-vor.JPG","type":"image\/jpeg"}],"author":"rtnews","twitter_card":"summary_large_image","twitter_creator":"@WirMachenAuf_de","twitter_site":"@WirMachenAuf_de","twitter_misc":{"Verfasst von":"rtnews","Gesch\u00e4tzte Lesezeit":"4\u00a0Minuten"},"schema":{"@context":"https:\/\/schema.org","@graph":[{"@type":"Article","@id":"https:\/\/now-news.de\/de\/deutschland\/wegen-sicherheitsbedenken-russischstaemmiger-friedensaktivist-geht-gegen-kuendigung-vor\/#article","isPartOf":{"@id":"https:\/\/now-news.de\/de\/deutschland\/wegen-sicherheitsbedenken-russischstaemmiger-friedensaktivist-geht-gegen-kuendigung-vor\/"},"author":{"name":"rtnews","@id":"https:\/\/now-news.de\/de\/#\/schema\/person\/fb534a4e865501d8b3285208df34a9b5"},"headline":"Wegen &quot;Sicherheitsbedenken&quot;: Russischst\u00e4mmiger Friedensaktivist geht gegen K\u00fcndigung vor","datePublished":"2023-03-29T06:30:01+00:00","dateModified":"2023-03-29T06:30:01+00:00","mainEntityOfPage":{"@id":"https:\/\/now-news.de\/de\/deutschland\/wegen-sicherheitsbedenken-russischstaemmiger-friedensaktivist-geht-gegen-kuendigung-vor\/"},"wordCount":720,"commentCount":0,"publisher":{"@id":"https:\/\/now-news.de\/de\/#organization"},"image":{"@id":"https:\/\/now-news.de\/de\/deutschland\/wegen-sicherheitsbedenken-russischstaemmiger-friedensaktivist-geht-gegen-kuendigung-vor\/#primaryimage"},"thumbnailUrl":"https:\/\/now-news.de\/de\/wp-content\/uploads\/sites\/3\/2023\/03\/Wegen-quotSicherheitsbedenkenquot-Russischstaemmiger-Friedensaktivist-geht-gegen-Kuendigung-vor.JPG","keywords":["Friedensaktivist","gegen","Geht","K\u00fcndigung","quotSicherheitsbedenkenquot","russischst\u00e4mmiger","vor","wegen"],"articleSection":["Deutschland","Russland"],"inLanguage":"de","potentialAction":[{"@type":"CommentAction","name":"Comment","target":["https:\/\/now-news.de\/de\/deutschland\/wegen-sicherheitsbedenken-russischstaemmiger-friedensaktivist-geht-gegen-kuendigung-vor\/#respond"]}]},{"@type":"WebPage","@id":"https:\/\/now-news.de\/de\/deutschland\/wegen-sicherheitsbedenken-russischstaemmiger-friedensaktivist-geht-gegen-kuendigung-vor\/","url":"https:\/\/now-news.de\/de\/deutschland\/wegen-sicherheitsbedenken-russischstaemmiger-friedensaktivist-geht-gegen-kuendigung-vor\/","name":"Wegen &quot;Sicherheitsbedenken&quot;: Russischst\u00e4mmiger Friedensaktivist geht gegen K\u00fcndigung vor - just-now.NEWS Deutschland","isPartOf":{"@id":"https:\/\/now-news.de\/de\/#website"},"primaryImageOfPage":{"@id":"https:\/\/now-news.de\/de\/deutschland\/wegen-sicherheitsbedenken-russischstaemmiger-friedensaktivist-geht-gegen-kuendigung-vor\/#primaryimage"},"image":{"@id":"https:\/\/now-news.de\/de\/deutschland\/wegen-sicherheitsbedenken-russischstaemmiger-friedensaktivist-geht-gegen-kuendigung-vor\/#primaryimage"},"thumbnailUrl":"https:\/\/now-news.de\/de\/wp-content\/uploads\/sites\/3\/2023\/03\/Wegen-quotSicherheitsbedenkenquot-Russischstaemmiger-Friedensaktivist-geht-gegen-Kuendigung-vor.JPG","datePublished":"2023-03-29T06:30:01+00:00","dateModified":"2023-03-29T06:30:01+00:00","breadcrumb":{"@id":"https:\/\/now-news.de\/de\/deutschland\/wegen-sicherheitsbedenken-russischstaemmiger-friedensaktivist-geht-gegen-kuendigung-vor\/#breadcrumb"},"inLanguage":"de","potentialAction":[{"@type":"ReadAction","target":["https:\/\/now-news.de\/de\/deutschland\/wegen-sicherheitsbedenken-russischstaemmiger-friedensaktivist-geht-gegen-kuendigung-vor\/"]}]},{"@type":"ImageObject","inLanguage":"de","@id":"https:\/\/now-news.de\/de\/deutschland\/wegen-sicherheitsbedenken-russischstaemmiger-friedensaktivist-geht-gegen-kuendigung-vor\/#primaryimage","url":"https:\/\/now-news.de\/de\/wp-content\/uploads\/sites\/3\/2023\/03\/Wegen-quotSicherheitsbedenkenquot-Russischstaemmiger-Friedensaktivist-geht-gegen-Kuendigung-vor.JPG","contentUrl":"https:\/\/now-news.de\/de\/wp-content\/uploads\/sites\/3\/2023\/03\/Wegen-quotSicherheitsbedenkenquot-Russischstaemmiger-Friedensaktivist-geht-gegen-Kuendigung-vor.JPG","width":460,"height":259,"caption":"Wegen &quot;Sicherheitsbedenken&quot;: Russischst\u00e4mmiger Friedensaktivist geht gegen K\u00fcndigung vor"},{"@type":"BreadcrumbList","@id":"https:\/\/now-news.de\/de\/deutschland\/wegen-sicherheitsbedenken-russischstaemmiger-friedensaktivist-geht-gegen-kuendigung-vor\/#breadcrumb","itemListElement":[{"@type":"ListItem","position":1,"name":"Home","item":"https:\/\/now-news.de\/de\/"},{"@type":"ListItem","position":2,"name":"Wegen &quot;Sicherheitsbedenken&quot;: Russischst\u00e4mmiger Friedensaktivist geht gegen K\u00fcndigung vor"}]},{"@type":"WebSite","@id":"https:\/\/now-news.de\/de\/#website","url":"https:\/\/now-news.de\/de\/","name":"just-now.NEWS Deutschland","description":"Das Portal f\u00fcr unzensierte Nachrichten aus der Welt","publisher":{"@id":"https:\/\/now-news.de\/de\/#organization"},"potentialAction":[{"@type":"SearchAction","target":{"@type":"EntryPoint","urlTemplate":"https:\/\/now-news.de\/de\/?s={search_term_string}"},"query-input":"required name=search_term_string"}],"inLanguage":"de"},{"@type":"Organization","@id":"https:\/\/now-news.de\/de\/#organization","name":"Just Now News","url":"https:\/\/now-news.de\/de\/","logo":{"@type":"ImageObject","inLanguage":"de","@id":"https:\/\/now-news.de\/de\/#\/schema\/logo\/image\/","url":"http:\/\/just-now.news\/de\/wp-content\/uploads\/sites\/3\/2022\/04\/logo500x500.jpg","contentUrl":"http:\/\/just-now.news\/de\/wp-content\/uploads\/sites\/3\/2022\/04\/logo500x500.jpg","width":500,"height":500,"caption":"Just Now News"},"image":{"@id":"https:\/\/now-news.de\/de\/#\/schema\/logo\/image\/"},"sameAs":["https:\/\/www.facebook.com\/wirmachenauf","https:\/\/x.com\/WirMachenAuf_de"]},{"@type":"Person","@id":"https:\/\/now-news.de\/de\/#\/schema\/person\/fb534a4e865501d8b3285208df34a9b5","name":"rtnews","image":{"@type":"ImageObject","inLanguage":"de","@id":"https:\/\/now-news.de\/de\/#\/schema\/person\/image\/","url":"https:\/\/secure.gravatar.com\/avatar\/82aafea7d8127119dd649515f56e2117?s=96&d=mm&r=g","contentUrl":"https:\/\/secure.gravatar.com\/avatar\/82aafea7d8127119dd649515f56e2117?s=96&d=mm&r=g","caption":"rtnews"},"url":"https:\/\/now-news.de\/de\/author\/rnews\/"}]}},"_links":{"self":[{"href":"https:\/\/now-news.de\/de\/wp-json\/wp\/v2\/posts\/33156"}],"collection":[{"href":"https:\/\/now-news.de\/de\/wp-json\/wp\/v2\/posts"}],"about":[{"href":"https:\/\/now-news.de\/de\/wp-json\/wp\/v2\/types\/post"}],"author":[{"embeddable":true,"href":"https:\/\/now-news.de\/de\/wp-json\/wp\/v2\/users\/3"}],"replies":[{"embeddable":true,"href":"https:\/\/now-news.de\/de\/wp-json\/wp\/v2\/comments?post=33156"}],"version-history":[{"count":0,"href":"https:\/\/now-news.de\/de\/wp-json\/wp\/v2\/posts\/33156\/revisions"}],"wp:featuredmedia":[{"embeddable":true,"href":"https:\/\/now-news.de\/de\/wp-json\/wp\/v2\/media\/33157"}],"wp:attachment":[{"href":"https:\/\/now-news.de\/de\/wp-json\/wp\/v2\/media?parent=33156"}],"wp:term":[{"taxonomy":"category","embeddable":true,"href":"https:\/\/now-news.de\/de\/wp-json\/wp\/v2\/categories?post=33156"},{"taxonomy":"post_tag","embeddable":true,"href":"https:\/\/now-news.de\/de\/wp-json\/wp\/v2\/tags?post=33156"}],"curies":[{"name":"wp","href":"https:\/\/api.w.org\/{rel}","templated":true}]}}