{"id":33148,"date":"2023-03-28T22:21:43","date_gmt":"2023-03-28T20:21:43","guid":{"rendered":"https:\/\/just-now.news\/de\/deutschland\/polnische-zeitung-unter-der-flagge-der-menschenrechte-stahl-nato-jugoslawiens-bodenschaetze\/"},"modified":"2023-03-28T22:21:43","modified_gmt":"2023-03-28T20:21:43","slug":"polnische-zeitung-unter-der-flagge-der-menschenrechte-stahl-nato-jugoslawiens-bodenschaetze","status":"publish","type":"post","link":"https:\/\/now-news.de\/de\/deutschland\/polnische-zeitung-unter-der-flagge-der-menschenrechte-stahl-nato-jugoslawiens-bodenschaetze\/","title":{"rendered":"Polnische Zeitung: Unter der Flagge der Menschenrechte stahl NATO Jugoslawiens Bodensch\u00e4tze"},"content":{"rendered":"<p><img decoding=\"async\" src=\"http:\/\/just-now.news\/de\/wp-content\/uploads\/sites\/3\/2023\/03\/6422f1fcb480cc77bc59e11b.jpg\" \/><\/p>\n<div class=\"Text-root Text-type_1 \">\n                Mit der Bombardierung Jugoslawiens ohne UN-Mandat begann der globale Prozess der V\u00f6lkerrechtszerst\u00f6rung zugunsten der sogenannten &#8220;Menschenrechte&#8221;, so die Zeitung &#8220;My\u015bl Polska&#8221;. Das eigentliche Ziel der Aggression sei jedoch die Kontrolle \u00fcber die Bodensch\u00e4tze des Landes gewesen.\n            <\/div>\n<p><\/p>\n<div class=\"Text-root Text-type_5 ArticleView-text ViewText-root \">\n<p>Die schweren Bombenangriffe auf Jugoslawien im Jahr 1999 wurden von den NATO-L\u00e4ndern ohne UN-Mandat und unter dem Deckmantel des Schutzes der &#8220;Menschenrechte&#8221; durchgef\u00fchrt, dienten aber in Wirklichkeit nur dazu, sich die Bodensch\u00e4tze des Landes anzueignen, so die polnische Zeitung <em>My\u015bl Polska<\/em>.<\/p>\n<p>Seit einem Jahrzehnt wundern sich die Serben, dass die L\u00e4nder Europas und die USA &#8220;sich mit albanischen Terroristen und Politikern, deren H\u00e4nde bis zu den Ellbogen im Blut stecken&#8221;, damals verb\u00fcndeten. Denn noch einige Jahre zuvor stand die albanische paramilit\u00e4rische Organisation U\u00c7K, die f\u00fcr die &#8220;Unabh\u00e4ngigkeit&#8221;\u00a0des Kosovo k\u00e4mpfte, auf der Liste der ausl\u00e4ndischen terroristischen Organisationen des US-Au\u00dfenministeriums. Und die Zahl der von der Organisation auf dem Gebiet Jugoslawiens ver\u00fcbten Terroranschl\u00e4ge ging in die Dutzende und Hunderte. &#8220;Diese Leute (darunter die ehemaligen Premierminister Agim \u00c7eku und Ramush Haradinaj\u00a0sowie Hashim Tha\u00e7i) stehen noch immer an der Spitze von Familienclans im Kosovo und in Metochien, die in die schlimmsten Verbrechen verwickelt sind, wie den Menschenhandel oder den Handel mit den inneren Organen entf\u00fchrter Opfer&#8221;, so die Zeitung.<\/p>\n<p>Es gibt jedoch eine recht einfache \u2013 und erschreckende \u2013 Erkl\u00e4rung f\u00fcr so eine Merkw\u00fcrdigkeit. <em>My\u015bl Polska <\/em><a rel=\"nofollow noopener\" target=\"_blank\" href=\"https:\/\/myslpolska.info\/2023\/03\/24\/pamietajmy-o-losie-serbow\/\">schreibt<\/a>:<\/p>\n<blockquote>\n<p><em>&#8220;Eine m\u00f6gliche Antwort findet sich in dem Buch &#8216;<\/em><em>Experiment Kosovo<\/em>: <em>Die R\u00fcckkehr des Kolonialismus&#8217; des \u00f6sterreichischen Journalisten und Publizisten Hannes Hofbauer, der der Meinung ist, dass mit der Bombardierung Jugoslawiens ohne UN-Mandat ein Prozess in Gang gesetzt wurde, der das V\u00f6lkerrecht bricht und es durch Menschenrechte ersetzt, die im Gegensatz zum v\u00f6llig transparenten V\u00f6lkerrecht &#8216;nach Belieben und Ermessen&#8217; ausgelegt werden k\u00f6nnen. Hofbauer sieht in der Verletzung des V\u00f6lkerrechts eine R\u00fcckkehr zum Kolonialismus. Ziel der imperialen M\u00e4chte (NATO und EU) ist es, in den slawisch besiedelten Gebieten des Balkans nicht-slawische Zentren zu schaffen und \u00fcber diese die dort vorhandenen Bodensch\u00e4tze zu kontrollieren. Diese Theorie scheint von Experten best\u00e4tigt zu werden. An dem Tag, an dem die illegale Unabh\u00e4ngigkeit\u00a0von Kosovo und Metochien erkl\u00e4rt wurde, berichtete die Website Gazeta.pl, dass diese Gebiete \u00fcber die f\u00fcnftgr\u00f6\u00dften Braunkohlevorkommen der Welt verf\u00fcgen, die flach und billig zu f\u00f6rdern sind, w\u00e4hrend auf der Website Stosunkimiedzynarodowe.pl ist zu lesen, dass die dortigen nat\u00fcrlichen Reicht\u00fcmer \u2013 Kohle-, Gold-, Nickel- und Erd\u00f6lvorkommen \u2013 aufgrund st\u00e4ndiger Konflikte, fehlender Ressourcen f\u00fcr den Abbau und einer unf\u00e4higen Verwaltung nicht genutzt wurden, w\u00e4hrend der Wiederaufbau des Kosovo unter anderem von amerikanischen und britischen Unternehmen finanziert wird, die ebenfalls genau diese nat\u00fcrlichen Ressourcen ausbeuten werden.&#8221;<\/em><\/p>\n<\/blockquote>\n<p>Das Schicksal des ehemaligen Jugoslawiens und der Preis der &#8220;Demokratie&#8221; und der &#8220;Menschenrechte&#8221;, die angeblich von den USA verteidigt werden, sollten stets im Hinterkopf behalten werden, so die Zeitung \u2013 vor allem von L\u00e4ndern, die, wie die Ukraine oder Polen, irgendeine Art von Hilfe von ihnen und vom NATO-Block erwarten.<\/p>\n<p><strong>Mehr zum Thema \u2013<\/strong>\u00a0<a rel=\"nofollow noopener\" target=\"_blank\" href=\"https:\/\/fromrussiawithlove.rtde.life\/europa\/166183-praesident-serbiens-zu-nato-funktionaeren\/\">Pr\u00e4sident Serbiens zu NATO-Funktion\u00e4ren: &#8220;Wer hat euch das Recht gegeben, Serben zu t\u00f6ten&#8221;<\/a><\/p>\n<\/p>\n<\/div>\n<p><br \/>\n<br \/><a href=\"https:\/\/de.rt.com\/europa\/166435-polnische-zeitung-unter-flagge-menschenrechte\/\">Source link <\/a><\/p>\n","protected":false},"excerpt":{"rendered":"<p>Mit der Bombardierung Jugoslawiens ohne UN-Mandat begann der globale Prozess der V\u00f6lkerrechtszerst\u00f6rung zugunsten der sogenannten &#8220;Menschenrechte&#8221;, so die Zeitung &#8220;My\u015bl Polska&#8221;. Das eigentliche Ziel der Aggression sei jedoch die Kontrolle \u00fcber die Bodensch\u00e4tze des Landes gewesen. Die schweren Bombenangriffe auf Jugoslawien im Jahr 1999 wurden von den NATO-L\u00e4ndern ohne UN-Mandat und unter dem Deckmantel des [&hellip;]<\/p>\n","protected":false},"author":3,"featured_media":33149,"comment_status":"open","ping_status":"open","sticky":false,"template":"","format":"standard","meta":{"_yoast_indexnow_last_ping":["1680035481"],"wp_automatic_camp":["217"],"6111f6fe3bfc004309dc133df2355ec7":["Polnische Zeitung: Unter der Flagge der Menschenrechte stahl NATO Jugoslawiens Bodensch\u00e4tze"],"original_link":["https:\/\/de.rt.com\/europa\/166435-polnische-zeitung-unter-flagge-menschenrechte\/"],"_thumbnail_id":["33149"],"_wptgpro_p2tg_sent2tg":["a:1:{i:23737;s:19:\"2023-03-28 22:32:31\";}"],"jnews_social_counter_last_update":["1777282718"]},"categories":[19,23],"tags":[36780,82,15922,42534,19098,2697,32076,30566,908,23647],"yoast_head":"<!-- This site is optimized with the Yoast SEO Premium plugin v22.7 (Yoast SEO v22.7) - https:\/\/yoast.com\/wordpress\/plugins\/seo\/ -->\n<title>Polnische Zeitung: Unter der Flagge der Menschenrechte stahl NATO Jugoslawiens Bodensch\u00e4tze - just-now.NEWS Deutschland<\/title>\n<meta name=\"robots\" content=\"index, follow, max-snippet:-1, max-image-preview:large, max-video-preview:-1\" \/>\n<link rel=\"canonical\" href=\"https:\/\/now-news.de\/de\/deutschland\/polnische-zeitung-unter-der-flagge-der-menschenrechte-stahl-nato-jugoslawiens-bodenschaetze\/\" \/>\n<meta property=\"og:locale\" content=\"de_DE\" \/>\n<meta property=\"og:type\" content=\"article\" \/>\n<meta property=\"og:title\" content=\"Polnische Zeitung: Unter der Flagge der Menschenrechte stahl NATO Jugoslawiens Bodensch\u00e4tze\" \/>\n<meta property=\"og:description\" content=\"Mit der Bombardierung Jugoslawiens ohne UN-Mandat begann der globale Prozess der V\u00f6lkerrechtszerst\u00f6rung zugunsten der sogenannten &#8220;Menschenrechte&#8221;, so die Zeitung &#8220;My\u015bl Polska&#8221;. Das eigentliche Ziel der Aggression sei jedoch die Kontrolle \u00fcber die Bodensch\u00e4tze des Landes gewesen. Die schweren Bombenangriffe auf Jugoslawien im Jahr 1999 wurden von den NATO-L\u00e4ndern ohne UN-Mandat und unter dem Deckmantel des [&hellip;]\" \/>\n<meta property=\"og:url\" content=\"https:\/\/now-news.de\/de\/deutschland\/polnische-zeitung-unter-der-flagge-der-menschenrechte-stahl-nato-jugoslawiens-bodenschaetze\/\" \/>\n<meta property=\"og:site_name\" content=\"just-now.NEWS Deutschland\" \/>\n<meta property=\"article:publisher\" content=\"https:\/\/www.facebook.com\/wirmachenauf\" \/>\n<meta property=\"article:published_time\" content=\"2023-03-28T20:21:43+00:00\" \/>\n<meta property=\"og:image\" content=\"https:\/\/now-news.de\/de\/wp-content\/uploads\/sites\/3\/2023\/03\/Polnische-Zeitung-Unter-der-Flagge-der-Menschenrechte-stahl-NATO-Jugoslawiens.jpg\" \/>\n\t<meta property=\"og:image:width\" content=\"460\" \/>\n\t<meta property=\"og:image:height\" content=\"259\" \/>\n\t<meta property=\"og:image:type\" content=\"image\/jpeg\" \/>\n<meta name=\"author\" content=\"rtnews\" \/>\n<meta name=\"twitter:card\" content=\"summary_large_image\" \/>\n<meta name=\"twitter:creator\" content=\"@WirMachenAuf_de\" \/>\n<meta name=\"twitter:site\" content=\"@WirMachenAuf_de\" \/>\n<meta name=\"twitter:label1\" content=\"Verfasst von\" \/>\n\t<meta name=\"twitter:data1\" content=\"rtnews\" \/>\n\t<meta name=\"twitter:label2\" content=\"Gesch\u00e4tzte Lesezeit\" \/>\n\t<meta name=\"twitter:data2\" content=\"3\u00a0Minuten\" \/>\n<script type=\"application\/ld+json\" class=\"yoast-schema-graph\">{\"@context\":\"https:\/\/schema.org\",\"@graph\":[{\"@type\":\"Article\",\"@id\":\"https:\/\/now-news.de\/de\/deutschland\/polnische-zeitung-unter-der-flagge-der-menschenrechte-stahl-nato-jugoslawiens-bodenschaetze\/#article\",\"isPartOf\":{\"@id\":\"https:\/\/now-news.de\/de\/deutschland\/polnische-zeitung-unter-der-flagge-der-menschenrechte-stahl-nato-jugoslawiens-bodenschaetze\/\"},\"author\":{\"name\":\"rtnews\",\"@id\":\"https:\/\/now-news.de\/de\/#\/schema\/person\/fb534a4e865501d8b3285208df34a9b5\"},\"headline\":\"Polnische Zeitung: Unter der Flagge der Menschenrechte stahl NATO Jugoslawiens Bodensch\u00e4tze\",\"datePublished\":\"2023-03-28T20:21:43+00:00\",\"dateModified\":\"2023-03-28T20:21:43+00:00\",\"mainEntityOfPage\":{\"@id\":\"https:\/\/now-news.de\/de\/deutschland\/polnische-zeitung-unter-der-flagge-der-menschenrechte-stahl-nato-jugoslawiens-bodenschaetze\/\"},\"wordCount\":555,\"commentCount\":0,\"publisher\":{\"@id\":\"https:\/\/now-news.de\/de\/#organization\"},\"image\":{\"@id\":\"https:\/\/now-news.de\/de\/deutschland\/polnische-zeitung-unter-der-flagge-der-menschenrechte-stahl-nato-jugoslawiens-bodenschaetze\/#primaryimage\"},\"thumbnailUrl\":\"https:\/\/now-news.de\/de\/wp-content\/uploads\/sites\/3\/2023\/03\/Polnische-Zeitung-Unter-der-Flagge-der-Menschenrechte-stahl-NATO-Jugoslawiens.jpg\",\"keywords\":[\"Bodensch\u00e4tze\",\"der\",\"Flagge\",\"Jugoslawiens\",\"Menschenrechte\",\"nato\",\"Polnische\",\"stahl\",\"unter\",\"Zeitung\"],\"articleSection\":[\"Deutschland\",\"Russland\"],\"inLanguage\":\"de\",\"potentialAction\":[{\"@type\":\"CommentAction\",\"name\":\"Comment\",\"target\":[\"https:\/\/now-news.de\/de\/deutschland\/polnische-zeitung-unter-der-flagge-der-menschenrechte-stahl-nato-jugoslawiens-bodenschaetze\/#respond\"]}]},{\"@type\":\"WebPage\",\"@id\":\"https:\/\/now-news.de\/de\/deutschland\/polnische-zeitung-unter-der-flagge-der-menschenrechte-stahl-nato-jugoslawiens-bodenschaetze\/\",\"url\":\"https:\/\/now-news.de\/de\/deutschland\/polnische-zeitung-unter-der-flagge-der-menschenrechte-stahl-nato-jugoslawiens-bodenschaetze\/\",\"name\":\"Polnische Zeitung: Unter der Flagge der Menschenrechte stahl NATO Jugoslawiens Bodensch\u00e4tze - just-now.NEWS Deutschland\",\"isPartOf\":{\"@id\":\"https:\/\/now-news.de\/de\/#website\"},\"primaryImageOfPage\":{\"@id\":\"https:\/\/now-news.de\/de\/deutschland\/polnische-zeitung-unter-der-flagge-der-menschenrechte-stahl-nato-jugoslawiens-bodenschaetze\/#primaryimage\"},\"image\":{\"@id\":\"https:\/\/now-news.de\/de\/deutschland\/polnische-zeitung-unter-der-flagge-der-menschenrechte-stahl-nato-jugoslawiens-bodenschaetze\/#primaryimage\"},\"thumbnailUrl\":\"https:\/\/now-news.de\/de\/wp-content\/uploads\/sites\/3\/2023\/03\/Polnische-Zeitung-Unter-der-Flagge-der-Menschenrechte-stahl-NATO-Jugoslawiens.jpg\",\"datePublished\":\"2023-03-28T20:21:43+00:00\",\"dateModified\":\"2023-03-28T20:21:43+00:00\",\"breadcrumb\":{\"@id\":\"https:\/\/now-news.de\/de\/deutschland\/polnische-zeitung-unter-der-flagge-der-menschenrechte-stahl-nato-jugoslawiens-bodenschaetze\/#breadcrumb\"},\"inLanguage\":\"de\",\"potentialAction\":[{\"@type\":\"ReadAction\",\"target\":[\"https:\/\/now-news.de\/de\/deutschland\/polnische-zeitung-unter-der-flagge-der-menschenrechte-stahl-nato-jugoslawiens-bodenschaetze\/\"]}]},{\"@type\":\"ImageObject\",\"inLanguage\":\"de\",\"@id\":\"https:\/\/now-news.de\/de\/deutschland\/polnische-zeitung-unter-der-flagge-der-menschenrechte-stahl-nato-jugoslawiens-bodenschaetze\/#primaryimage\",\"url\":\"https:\/\/now-news.de\/de\/wp-content\/uploads\/sites\/3\/2023\/03\/Polnische-Zeitung-Unter-der-Flagge-der-Menschenrechte-stahl-NATO-Jugoslawiens.jpg\",\"contentUrl\":\"https:\/\/now-news.de\/de\/wp-content\/uploads\/sites\/3\/2023\/03\/Polnische-Zeitung-Unter-der-Flagge-der-Menschenrechte-stahl-NATO-Jugoslawiens.jpg\",\"width\":460,\"height\":259,\"caption\":\"Polnische Zeitung: Unter der Flagge der Menschenrechte stahl NATO Jugoslawiens Bodensch\u00e4tze\"},{\"@type\":\"BreadcrumbList\",\"@id\":\"https:\/\/now-news.de\/de\/deutschland\/polnische-zeitung-unter-der-flagge-der-menschenrechte-stahl-nato-jugoslawiens-bodenschaetze\/#breadcrumb\",\"itemListElement\":[{\"@type\":\"ListItem\",\"position\":1,\"name\":\"Home\",\"item\":\"https:\/\/now-news.de\/de\/\"},{\"@type\":\"ListItem\",\"position\":2,\"name\":\"Polnische Zeitung: Unter der Flagge der Menschenrechte stahl NATO Jugoslawiens Bodensch\u00e4tze\"}]},{\"@type\":\"WebSite\",\"@id\":\"https:\/\/now-news.de\/de\/#website\",\"url\":\"https:\/\/now-news.de\/de\/\",\"name\":\"just-now.NEWS Deutschland\",\"description\":\"Das Portal f\u00fcr unzensierte Nachrichten aus der Welt\",\"publisher\":{\"@id\":\"https:\/\/now-news.de\/de\/#organization\"},\"potentialAction\":[{\"@type\":\"SearchAction\",\"target\":{\"@type\":\"EntryPoint\",\"urlTemplate\":\"https:\/\/now-news.de\/de\/?s={search_term_string}\"},\"query-input\":\"required name=search_term_string\"}],\"inLanguage\":\"de\"},{\"@type\":\"Organization\",\"@id\":\"https:\/\/now-news.de\/de\/#organization\",\"name\":\"Just Now News\",\"url\":\"https:\/\/now-news.de\/de\/\",\"logo\":{\"@type\":\"ImageObject\",\"inLanguage\":\"de\",\"@id\":\"https:\/\/now-news.de\/de\/#\/schema\/logo\/image\/\",\"url\":\"http:\/\/just-now.news\/de\/wp-content\/uploads\/sites\/3\/2022\/04\/logo500x500.jpg\",\"contentUrl\":\"http:\/\/just-now.news\/de\/wp-content\/uploads\/sites\/3\/2022\/04\/logo500x500.jpg\",\"width\":500,\"height\":500,\"caption\":\"Just Now News\"},\"image\":{\"@id\":\"https:\/\/now-news.de\/de\/#\/schema\/logo\/image\/\"},\"sameAs\":[\"https:\/\/www.facebook.com\/wirmachenauf\",\"https:\/\/x.com\/WirMachenAuf_de\"]},{\"@type\":\"Person\",\"@id\":\"https:\/\/now-news.de\/de\/#\/schema\/person\/fb534a4e865501d8b3285208df34a9b5\",\"name\":\"rtnews\",\"image\":{\"@type\":\"ImageObject\",\"inLanguage\":\"de\",\"@id\":\"https:\/\/now-news.de\/de\/#\/schema\/person\/image\/\",\"url\":\"https:\/\/secure.gravatar.com\/avatar\/82aafea7d8127119dd649515f56e2117?s=96&d=mm&r=g\",\"contentUrl\":\"https:\/\/secure.gravatar.com\/avatar\/82aafea7d8127119dd649515f56e2117?s=96&d=mm&r=g\",\"caption\":\"rtnews\"},\"url\":\"https:\/\/now-news.de\/de\/author\/rnews\/\"}]}<\/script>\n<!-- \/ Yoast SEO Premium plugin. -->","yoast_head_json":{"title":"Polnische Zeitung: Unter der Flagge der Menschenrechte stahl NATO Jugoslawiens Bodensch\u00e4tze - just-now.NEWS Deutschland","robots":{"index":"index","follow":"follow","max-snippet":"max-snippet:-1","max-image-preview":"max-image-preview:large","max-video-preview":"max-video-preview:-1"},"canonical":"https:\/\/now-news.de\/de\/deutschland\/polnische-zeitung-unter-der-flagge-der-menschenrechte-stahl-nato-jugoslawiens-bodenschaetze\/","og_locale":"de_DE","og_type":"article","og_title":"Polnische Zeitung: Unter der Flagge der Menschenrechte stahl NATO Jugoslawiens Bodensch\u00e4tze","og_description":"Mit der Bombardierung Jugoslawiens ohne UN-Mandat begann der globale Prozess der V\u00f6lkerrechtszerst\u00f6rung zugunsten der sogenannten &#8220;Menschenrechte&#8221;, so die Zeitung &#8220;My\u015bl Polska&#8221;. Das eigentliche Ziel der Aggression sei jedoch die Kontrolle \u00fcber die Bodensch\u00e4tze des Landes gewesen. Die schweren Bombenangriffe auf Jugoslawien im Jahr 1999 wurden von den NATO-L\u00e4ndern ohne UN-Mandat und unter dem Deckmantel des [&hellip;]","og_url":"https:\/\/now-news.de\/de\/deutschland\/polnische-zeitung-unter-der-flagge-der-menschenrechte-stahl-nato-jugoslawiens-bodenschaetze\/","og_site_name":"just-now.NEWS Deutschland","article_publisher":"https:\/\/www.facebook.com\/wirmachenauf","article_published_time":"2023-03-28T20:21:43+00:00","og_image":[{"width":460,"height":259,"url":"https:\/\/now-news.de\/de\/wp-content\/uploads\/sites\/3\/2023\/03\/Polnische-Zeitung-Unter-der-Flagge-der-Menschenrechte-stahl-NATO-Jugoslawiens.jpg","type":"image\/jpeg"}],"author":"rtnews","twitter_card":"summary_large_image","twitter_creator":"@WirMachenAuf_de","twitter_site":"@WirMachenAuf_de","twitter_misc":{"Verfasst von":"rtnews","Gesch\u00e4tzte Lesezeit":"3\u00a0Minuten"},"schema":{"@context":"https:\/\/schema.org","@graph":[{"@type":"Article","@id":"https:\/\/now-news.de\/de\/deutschland\/polnische-zeitung-unter-der-flagge-der-menschenrechte-stahl-nato-jugoslawiens-bodenschaetze\/#article","isPartOf":{"@id":"https:\/\/now-news.de\/de\/deutschland\/polnische-zeitung-unter-der-flagge-der-menschenrechte-stahl-nato-jugoslawiens-bodenschaetze\/"},"author":{"name":"rtnews","@id":"https:\/\/now-news.de\/de\/#\/schema\/person\/fb534a4e865501d8b3285208df34a9b5"},"headline":"Polnische Zeitung: Unter der Flagge der Menschenrechte stahl NATO Jugoslawiens Bodensch\u00e4tze","datePublished":"2023-03-28T20:21:43+00:00","dateModified":"2023-03-28T20:21:43+00:00","mainEntityOfPage":{"@id":"https:\/\/now-news.de\/de\/deutschland\/polnische-zeitung-unter-der-flagge-der-menschenrechte-stahl-nato-jugoslawiens-bodenschaetze\/"},"wordCount":555,"commentCount":0,"publisher":{"@id":"https:\/\/now-news.de\/de\/#organization"},"image":{"@id":"https:\/\/now-news.de\/de\/deutschland\/polnische-zeitung-unter-der-flagge-der-menschenrechte-stahl-nato-jugoslawiens-bodenschaetze\/#primaryimage"},"thumbnailUrl":"https:\/\/now-news.de\/de\/wp-content\/uploads\/sites\/3\/2023\/03\/Polnische-Zeitung-Unter-der-Flagge-der-Menschenrechte-stahl-NATO-Jugoslawiens.jpg","keywords":["Bodensch\u00e4tze","der","Flagge","Jugoslawiens","Menschenrechte","nato","Polnische","stahl","unter","Zeitung"],"articleSection":["Deutschland","Russland"],"inLanguage":"de","potentialAction":[{"@type":"CommentAction","name":"Comment","target":["https:\/\/now-news.de\/de\/deutschland\/polnische-zeitung-unter-der-flagge-der-menschenrechte-stahl-nato-jugoslawiens-bodenschaetze\/#respond"]}]},{"@type":"WebPage","@id":"https:\/\/now-news.de\/de\/deutschland\/polnische-zeitung-unter-der-flagge-der-menschenrechte-stahl-nato-jugoslawiens-bodenschaetze\/","url":"https:\/\/now-news.de\/de\/deutschland\/polnische-zeitung-unter-der-flagge-der-menschenrechte-stahl-nato-jugoslawiens-bodenschaetze\/","name":"Polnische Zeitung: Unter der Flagge der Menschenrechte stahl NATO Jugoslawiens Bodensch\u00e4tze - just-now.NEWS Deutschland","isPartOf":{"@id":"https:\/\/now-news.de\/de\/#website"},"primaryImageOfPage":{"@id":"https:\/\/now-news.de\/de\/deutschland\/polnische-zeitung-unter-der-flagge-der-menschenrechte-stahl-nato-jugoslawiens-bodenschaetze\/#primaryimage"},"image":{"@id":"https:\/\/now-news.de\/de\/deutschland\/polnische-zeitung-unter-der-flagge-der-menschenrechte-stahl-nato-jugoslawiens-bodenschaetze\/#primaryimage"},"thumbnailUrl":"https:\/\/now-news.de\/de\/wp-content\/uploads\/sites\/3\/2023\/03\/Polnische-Zeitung-Unter-der-Flagge-der-Menschenrechte-stahl-NATO-Jugoslawiens.jpg","datePublished":"2023-03-28T20:21:43+00:00","dateModified":"2023-03-28T20:21:43+00:00","breadcrumb":{"@id":"https:\/\/now-news.de\/de\/deutschland\/polnische-zeitung-unter-der-flagge-der-menschenrechte-stahl-nato-jugoslawiens-bodenschaetze\/#breadcrumb"},"inLanguage":"de","potentialAction":[{"@type":"ReadAction","target":["https:\/\/now-news.de\/de\/deutschland\/polnische-zeitung-unter-der-flagge-der-menschenrechte-stahl-nato-jugoslawiens-bodenschaetze\/"]}]},{"@type":"ImageObject","inLanguage":"de","@id":"https:\/\/now-news.de\/de\/deutschland\/polnische-zeitung-unter-der-flagge-der-menschenrechte-stahl-nato-jugoslawiens-bodenschaetze\/#primaryimage","url":"https:\/\/now-news.de\/de\/wp-content\/uploads\/sites\/3\/2023\/03\/Polnische-Zeitung-Unter-der-Flagge-der-Menschenrechte-stahl-NATO-Jugoslawiens.jpg","contentUrl":"https:\/\/now-news.de\/de\/wp-content\/uploads\/sites\/3\/2023\/03\/Polnische-Zeitung-Unter-der-Flagge-der-Menschenrechte-stahl-NATO-Jugoslawiens.jpg","width":460,"height":259,"caption":"Polnische Zeitung: Unter der Flagge der Menschenrechte stahl NATO Jugoslawiens Bodensch\u00e4tze"},{"@type":"BreadcrumbList","@id":"https:\/\/now-news.de\/de\/deutschland\/polnische-zeitung-unter-der-flagge-der-menschenrechte-stahl-nato-jugoslawiens-bodenschaetze\/#breadcrumb","itemListElement":[{"@type":"ListItem","position":1,"name":"Home","item":"https:\/\/now-news.de\/de\/"},{"@type":"ListItem","position":2,"name":"Polnische Zeitung: Unter der Flagge der Menschenrechte stahl NATO Jugoslawiens Bodensch\u00e4tze"}]},{"@type":"WebSite","@id":"https:\/\/now-news.de\/de\/#website","url":"https:\/\/now-news.de\/de\/","name":"just-now.NEWS Deutschland","description":"Das Portal f\u00fcr unzensierte Nachrichten aus der Welt","publisher":{"@id":"https:\/\/now-news.de\/de\/#organization"},"potentialAction":[{"@type":"SearchAction","target":{"@type":"EntryPoint","urlTemplate":"https:\/\/now-news.de\/de\/?s={search_term_string}"},"query-input":"required name=search_term_string"}],"inLanguage":"de"},{"@type":"Organization","@id":"https:\/\/now-news.de\/de\/#organization","name":"Just Now News","url":"https:\/\/now-news.de\/de\/","logo":{"@type":"ImageObject","inLanguage":"de","@id":"https:\/\/now-news.de\/de\/#\/schema\/logo\/image\/","url":"http:\/\/just-now.news\/de\/wp-content\/uploads\/sites\/3\/2022\/04\/logo500x500.jpg","contentUrl":"http:\/\/just-now.news\/de\/wp-content\/uploads\/sites\/3\/2022\/04\/logo500x500.jpg","width":500,"height":500,"caption":"Just Now News"},"image":{"@id":"https:\/\/now-news.de\/de\/#\/schema\/logo\/image\/"},"sameAs":["https:\/\/www.facebook.com\/wirmachenauf","https:\/\/x.com\/WirMachenAuf_de"]},{"@type":"Person","@id":"https:\/\/now-news.de\/de\/#\/schema\/person\/fb534a4e865501d8b3285208df34a9b5","name":"rtnews","image":{"@type":"ImageObject","inLanguage":"de","@id":"https:\/\/now-news.de\/de\/#\/schema\/person\/image\/","url":"https:\/\/secure.gravatar.com\/avatar\/82aafea7d8127119dd649515f56e2117?s=96&d=mm&r=g","contentUrl":"https:\/\/secure.gravatar.com\/avatar\/82aafea7d8127119dd649515f56e2117?s=96&d=mm&r=g","caption":"rtnews"},"url":"https:\/\/now-news.de\/de\/author\/rnews\/"}]}},"_links":{"self":[{"href":"https:\/\/now-news.de\/de\/wp-json\/wp\/v2\/posts\/33148"}],"collection":[{"href":"https:\/\/now-news.de\/de\/wp-json\/wp\/v2\/posts"}],"about":[{"href":"https:\/\/now-news.de\/de\/wp-json\/wp\/v2\/types\/post"}],"author":[{"embeddable":true,"href":"https:\/\/now-news.de\/de\/wp-json\/wp\/v2\/users\/3"}],"replies":[{"embeddable":true,"href":"https:\/\/now-news.de\/de\/wp-json\/wp\/v2\/comments?post=33148"}],"version-history":[{"count":0,"href":"https:\/\/now-news.de\/de\/wp-json\/wp\/v2\/posts\/33148\/revisions"}],"wp:featuredmedia":[{"embeddable":true,"href":"https:\/\/now-news.de\/de\/wp-json\/wp\/v2\/media\/33149"}],"wp:attachment":[{"href":"https:\/\/now-news.de\/de\/wp-json\/wp\/v2\/media?parent=33148"}],"wp:term":[{"taxonomy":"category","embeddable":true,"href":"https:\/\/now-news.de\/de\/wp-json\/wp\/v2\/categories?post=33148"},{"taxonomy":"post_tag","embeddable":true,"href":"https:\/\/now-news.de\/de\/wp-json\/wp\/v2\/tags?post=33148"}],"curies":[{"name":"wp","href":"https:\/\/api.w.org\/{rel}","templated":true}]}}