{"id":33146,"date":"2023-03-28T21:43:34","date_gmt":"2023-03-28T19:43:34","guid":{"rendered":"https:\/\/just-now.news\/de\/deutschland\/transnistrien-was-bedeutet-der-ukraine-konflikt-fuer-die-kleine-region\/"},"modified":"2023-03-28T21:43:34","modified_gmt":"2023-03-28T19:43:34","slug":"transnistrien-was-bedeutet-der-ukraine-konflikt-fuer-die-kleine-region","status":"publish","type":"post","link":"https:\/\/now-news.de\/de\/deutschland\/transnistrien-was-bedeutet-der-ukraine-konflikt-fuer-die-kleine-region\/","title":{"rendered":"Transnistrien: Was bedeutet der Ukraine-Konflikt f\u00fcr die kleine Region"},"content":{"rendered":"<div class=\"Text-root Text-type_1 \">\n                Was steckt hinter den zunehmenden Spannungen in Moldawien und der abtr\u00fcnnigen Region Transnistrien? Klar ist, dass die Ukraine ein besonderes Interesse an diesem Territorium hat, weil eine Milit\u00e4raktion dort f\u00fcr Kiew in doppelter Hinsicht von Vorteil sein k\u00f6nnte. Eine Analyse.\n            <\/div>\n<p><\/p>\n<div class=\"Text-root Text-type_5 ArticleView-text ViewText-root \">\n<p><em>Von Dmitri Trenin und Georgi Berezowskij<\/em><\/p>\n<\/p>\n<p>Seit einigen Wochen steht Osteuropa am Rande eines neuen Krieges. Moldawien riskiert einen neuerlichen aktiven Konflikt mit der selbst ernannten Republik Transnistrien \u2013 einer separatistischen Region mit einer slawischen Mehrheit, die sich w\u00e4hrend des Zusammenbruchs der UdSSR von Chi\u0219in\u0103u losgesagt hat.<\/p>\n<p>Die Ukraine hat ein besonderes Interesse an diesem Territorium, weil eine Milit\u00e4raktion dort f\u00fcr Kiew in doppelter Hinsicht von Vorteil sein k\u00f6nnte. Dies w\u00fcrde Moskau in dieser Region in Bedr\u00e4ngnis bringen, da es lediglich 1.500 Soldaten als Friedenstruppen dort stationiert hat und es derzeit keine M\u00f6glichkeit gibt, Verst\u00e4rkung zu entsenden. Ein milit\u00e4rischer Vorsto\u00df Kiews in dieses Gebiet w\u00fcrde der Ukraine zudem m\u00f6glicherweise den Zugang zu einem gigantischen Waffen- und Munitionsdepot verschaffen. Die Anlage in Kolbasna \u2013 in der angeblich 22.000 Tonnen Kriegsmaterial eingelagert sind \u2013 ist eine der gr\u00f6\u00dften in Europa und liegt nur zwei Kilometer von der ukrainischen Grenze entfernt.<\/p>\n<p>Zu Sowjetzeiten wurden hier die strategischen Reserven des Wehrkreises West gelagert. Der gr\u00f6\u00dfte Teil der sich dort befindenden Munition wurde jedoch nach dem Abzug der sowjetischen Truppen aus den L\u00e4ndern des ehemaligen Warschauer Pakts \u2013 wie Ostdeutschland, der Tschechoslowakei und Ungarn \u2013 in diesem Lager untergebracht.<\/p>\n<p>Darunter befinden sich unz\u00e4hlige Artilleriegeschosse und Luftbomben sowie M\u00f6rsergranaten und Patronen verschiedenen Kalibers. Jedoch hat vermutlich fast die H\u00e4lfte dieses Arsenals sein Haltbarkeitsdatum l\u00e4ngst \u00fcberschritten. Dar\u00fcber hinaus befindet sich im Lager von Kolbasna eine gro\u00dfe Menge sowjetischer Milit\u00e4rtechnik, darunter etwa 100 Panzer, 200 gepanzerte Mannschaftstransporter, Infanterie-Kampffahrzeuge, mehr als 30.000 Milit\u00e4rfahrzeuge, etwa 200 Flugabwehrsysteme, Grad-Mehrfachraketensysteme und 30.000 Maschinengewehre.<\/p>\n<p>Die in Kolbasna gelagerte Munition w\u00fcrde ausreichen, um eine zeitgen\u00f6ssische Heeresgruppe auszur\u00fcsten. Es ist jedoch sehr wahrscheinlich, dass die russischen Truppen die Anlage vermint haben, um sie bei einem ukrainischen Angriff zu sprengen. In einem solchen Fall besteht die Gefahr, dass gigantische Explosionen ausgel\u00f6st werden, was massive \u00f6kologische Sch\u00e4den verursachen w\u00fcrde. Aber werden sich die zunehmenden Spannungen zu einem weiteren bewaffneten Konflikt im ehemaligen sowjetischen Raum entwickeln?<\/p>\n<p><strong>Die Sorgen Moskaus<\/strong><\/p>\n<p>Am 23. Februar warnte das russische Verteidigungsministerium (MoD): &#8220;Das Kiewer Regime bereitet in naher Zukunft eine bewaffnete Provokation gegen Transnistrien vor&#8221;, und f\u00fcgte hinzu, dass die erwartete Provokation von den Streitkr\u00e4ften der Ukraine (AFU) durchgef\u00fchrt werde, gemeinsam mit dem Neonazi-Regiment von Asow.<\/p>\n<blockquote>\n<p><em>&#8220;Eine inszenierte russische Offensive aus dem Gebiet von Transnistrien soll als Vorwand f\u00fcr die Invasion dienen. Ukrainische Saboteure, die an der inszenierten Invasion teilnehmen, werden in Uniformen der Streitkr\u00e4fte der Russischen F\u00f6deration gekleidet sein&#8221;,<\/em><\/p>\n<\/blockquote>\n<p>sagte das Verteidigungsministerium voraus und stellte fest, dass man auf ein solches Szenario vorbereitet sei.<\/p>\n<p>Am n\u00e4chsten Tag behauptete das MoD in einer weiteren Erkl\u00e4rung, dass Kiew seine Vorbereitungen f\u00fcr eine Invasion in Transnistrien intensiviert habe. Das russische Au\u00dfenministerium behauptete am selben Tag auch, dass die Ukraine milit\u00e4rische Ausr\u00fcstung und Personal auf dem transnistrischen Abschnitt ihrer Grenze zu Moldawien zusammenziehe. Konkret soll Artillerie verlegt worden sein und laut dem Ministerium seien \u00fcber dem Gebiet immer mehr Drohnen zu beobachten.<\/p>\n<p>Das Verteidigungsministerium warnte die &#8220;NATO-Mitglieder und ihren ukrainischen Sch\u00fctzling vor riskanten Unternehmungen&#8221;. Russische Diplomaten sagten, dass alle Aktionen, die eine Bedrohung f\u00fcr die Friedenstruppen in Transnistrien darstellen, &#8220;nach internationalem Recht als Angriff auf die Russische F\u00f6deration betrachtet werden&#8221;.<\/p>\n<figure class=\"RTImage-root\">\n<div class=\"RTImage-image RTImage-original\"><picture class=\"Picture-root Picture-original\"><!--[if IE 9]><video style=\"display: none;\"><![endif]--><source media=\"(-webkit-min-device-pixel-ratio: 2) and (min-resolution: 120dpi)\" data-srcset=\" \nhttp:\/\/just-now.news\/de\/wp-content\/uploads\/sites\/3\/2023\/03\/6422b97ab480cc61b732772d.jpg 850w,\n                http:\/\/just-now.news\/de\/wp-content\/uploads\/sites\/3\/2023\/03\/6422b97ab480cc61b732772d.jpg 1960w,\n            \" ><source data-srcset=\" \nhttp:\/\/just-now.news\/de\/wp-content\/uploads\/sites\/3\/2023\/03\/6422b97ab480cc61b732772d.jpg 460w,\n              http:\/\/just-now.news\/de\/wp-content\/uploads\/sites\/3\/2023\/03\/6422b97ab480cc61b732772d.jpg 980w,\n            \" ><!--[if IE 9]><\/video><![endif]--><img decoding=\"async\" data- src=\"data:image\/png;base64,iVBORw0KGgoAAAANSUhEUgAAABAAAAAJCAQAAACRI2S5AAAAEElEQVR42mNkIAAYRxWAAQAG9gAKqv6+AwAAAABJRU5ErkJggg==\" class=\"Picture-root Picture-original lazyload\" data-src=\"http:\/\/just-now.news\/de\/wp-content\/uploads\/sites\/3\/2023\/03\/6422b97ab480cc61b732772d.jpg\" alt=\"\"><\/source><\/source><\/picture><!-- noscript pattern --><noscript><img decoding=\"async\" src=\"http:\/\/just-now.news\/de\/wp-content\/uploads\/sites\/3\/2023\/03\/6422b97ab480cc61b732772d.jpg\" alt=\"\"><\/noscript><\/div><figcaption class=\"RTImage-footer\"><span class=\"RTImage-caption\"><\/span><span class=\"RTImage-source\"><span class=\"RTImage-captionItem\">RT<\/span><\/span><\/figcaption><\/figure>\n<p>Auch der Kreml \u00e4u\u00dferte sich besorgt \u00fcber die Entwicklung der Ereignisse. &#8220;Wir beobachten die Situation in Transnistrien, die uns beunruhigt, sehr genau. Die Situation ist volatil und wird von au\u00dfen gelenkt&#8221;, sagte Sprecher Dmitri Peskow am 27. Februar. &#8220;Wir wissen, dass unsere Gegner in der Ukraine und in europ\u00e4ischen L\u00e4ndern zu verschiedenen Provokationen f\u00e4hig sind.&#8221;<\/p>\n<p><strong>Die Vorw\u00fcrfe der Gegenseite<\/strong><\/p>\n<p>Entlang der Grenze zu Transnistrien sind eine betr\u00e4chtliche Anzahl ukrainischer Truppen stationiert, was von den ukrainischen Beh\u00f6rden selbst best\u00e4tigt wurde. Am 27. Februar sagte die Pressesprecherin des Operationskommandos S\u00fcd der ukrainischen Streitkr\u00e4fte, Natalia Gumenjuk, dass ukrainische Truppen &#8220;entlang der gesamten L\u00e4nge der Grenze zu Transnistrien konzentriert sind&#8221; und ihre Zahl im Verh\u00e4ltnis zu den &#8220;bestehenden Bedrohungen&#8221; stehe. Sie r\u00e4umte jedoch auch ein, dass die &#8220;Bedrohungen&#8221; eher &#8220;hypothetisch&#8221; seien. Gleichzeitig treibt Kiew ein Narrativ voran, das der russischen Sichtweise auf die Ereignisse entgegenwirken soll.<\/p>\n<blockquote>\n<p><em>&#8220;Die Russen behaupten, dass die Ukraine angeblich in Transnistrien einmarschieren wird. Wir sch\u00e4tzen die Souver\u00e4nit\u00e4t anderer L\u00e4nder und Transnistrien ist ein Teil von Moldawien. Russland provoziert uns, in das Territorium der Republik Moldawien einzudringen. Aber Russland selbst kann vom Territorium von Transnistrien aus losschlagen&#8221;,<\/em><\/p>\n<\/blockquote>\n<p>bemerkte der ukrainische Pr\u00e4sident Wladimir Selenskij k\u00fcrzlich.<\/p>\n<p>Die moldawischen Beh\u00f6rden, die sich hinter Kiew gestellt haben, begannen jedoch, die Existenz einer Sicherheitsbedrohung durch Transnistrien zu leugnen.<\/p>\n<blockquote>\n<p><em>&#8220;Die moldawischen staatlichen Institutionen beobachten die Situation und k\u00f6nnen die von der russischen Seite verbreiteten Informationen nicht best\u00e4tigen&#8221;,<\/em><\/p>\n<\/blockquote>\n<p>vermeldete das Au\u00dfenministerium in einer Erkl\u00e4rung vom 1. M\u00e4rz. Einige Tage zuvor \u00e4u\u00dferte auch das Verteidigungsministerium der Republik Moldawien deeskalierende Erkl\u00e4rungen. Am 24. Februar stellte es fest, dass &#8220;derzeit keine direkten Bedrohungen f\u00fcr die milit\u00e4rische Sicherheit unseres Landes bestehen&#8221;. Die Erkl\u00e4rung wurde abgegeben, nachdem Moskau vor einer m\u00f6glichen ukrainischen Provokation unter dem Deckmantel einer &#8220;russischen Invasion&#8221; gewarnt hatte.<\/p>\n<p>Im Vergleich dazu sind die fr\u00fcheren \u00c4u\u00dferungen der moldawischen Regierung auff\u00e4llig. Anstatt von einer fehlenden Bedrohung der nationalen Sicherheit zu sprechen, hatte Chi\u0219in\u0103u erst im vergangenen Dezember auf deren Unausweichlichkeit bestanden. Der Leiter des Informations- und Sicherheitsdienstes der Republik Moldawien, Alexandru Mustatse, hatte damals erkl\u00e4rt:<\/p>\n<blockquote>\n<p><em>&#8220;Die Frage ist nicht, ob die Russische F\u00f6deration in Moldawien einmarschieren wird, sondern wann dies geschehen wird \u2013 entweder Anfang des kommenden Jahres, im Januar oder im Februar, oder sp\u00e4ter, im M\u00e4rz oder April.&#8221;<\/em><\/p>\n<\/blockquote>\n<p>Angesichts der Behauptung, Moskau k\u00f6nnte eine Offensive aus Transnistrien heraus starten, hat Pr\u00e4sidentin Maia Sandu sogar eine Sitzung des Obersten Sicherheitsrates einberufen.<\/p>\n<figure class=\"RTImage-root\">\n<div class=\"RTImage-image RTImage-original\"><picture class=\"Picture-root Picture-original\"><!--[if IE 9]><video style=\"display: none;\"><![endif]--><source media=\"(-webkit-min-device-pixel-ratio: 2) and (min-resolution: 120dpi)\" data-srcset=\" \nhttp:\/\/just-now.news\/de\/wp-content\/uploads\/sites\/3\/2023\/03\/6422b979b480cc61b732772c.jpg 850w,\n                http:\/\/just-now.news\/de\/wp-content\/uploads\/sites\/3\/2023\/03\/6422b979b480cc61b732772c.jpg 1960w,\n            \" ><source data-srcset=\" \nhttp:\/\/just-now.news\/de\/wp-content\/uploads\/sites\/3\/2023\/03\/6422b979b480cc61b732772c.jpg 460w,\n              http:\/\/just-now.news\/de\/wp-content\/uploads\/sites\/3\/2023\/03\/6422b979b480cc61b732772c.jpg 980w,\n            \" ><!--[if IE 9]><\/video><![endif]--><img decoding=\"async\" data- src=\"data:image\/png;base64,iVBORw0KGgoAAAANSUhEUgAAABAAAAAJCAQAAACRI2S5AAAAEElEQVR42mNkIAAYRxWAAQAG9gAKqv6+AwAAAABJRU5ErkJggg==\" class=\"Picture-root Picture-original lazyload\" data-src=\"http:\/\/just-now.news\/de\/wp-content\/uploads\/sites\/3\/2023\/03\/6422b979b480cc61b732772c.jpg\" alt=\"\"><\/source><\/source><\/picture><!-- noscript pattern --><noscript><img decoding=\"async\" src=\"http:\/\/just-now.news\/de\/wp-content\/uploads\/sites\/3\/2023\/03\/6422b979b480cc61b732772c.jpg\" alt=\"\"><\/noscript><\/div><figcaption class=\"RTImage-footer\"><span class=\"RTImage-caption\"><span class=\"RTImage-captionItem\">Direktor des Informations- und Sicherheitsdienstes der Republik Moldau Alexandru Mustatse (zweiter von links) und neben ihm die Pr\u00e4sidentin der Republik Moldawien Maia Sandu.<\/span><\/span><span class=\"RTImage-source\"><span class=\"RTImage-captionItem\">\u00a9 Keine Angabe<\/span><\/span><\/figcaption><\/figure>\n<p><strong>Der Verlust des Gleichgewichts<\/strong><\/p>\n<p>Transnistrien begann sich bereits vor dem Ende der UdSSR, im September 1990, von Moldawien zu l\u00f6sen. Dies war eine Reaktion der lokalen Bev\u00f6lkerung, die zu zwei Dritteln aus Ukrainern und Russen bestand, auf den prorum\u00e4nischen Kurs, den Chi\u0219in\u0103u eingenommen hatte. Moskau versuchte diesen Konflikt zu l\u00f6sen, schaffte dies jedoch nicht vor dem Zusammenbruch der UdSSR.<\/p>\n<p>Nachdem Moldawien seine Unabh\u00e4ngigkeit erkl\u00e4rt hatte, brach ein bewaffneter Konflikt zwischen Chi\u0219in\u0103u und dem selbst ernannten Transnistrien aus. Die K\u00e4mpfe f\u00fchrten zum Tod Tausender Menschen und konnten erst nach dem Eingreifen russischer Friedenstruppen beendet werden.<\/p>\n<p>Transnistrien l\u00f6ste sich dauerhaft von Moldawien, das sich weigerte, seine Unabh\u00e4ngigkeit anzuerkennen. Seitdem blieb der Status von Transnistrien ungekl\u00e4rt. Die Beziehungen zwischen den beiden Seiten lassen sich am besten als &#8220;eingefrorener Konflikt&#8221; beschreiben. Die Aufrechterhaltung des Status quo und die Sicherheit der Einwohner von Transnistrien wird von russischen Friedenstruppen und einer Einsatzgruppe der russischen Streitkr\u00e4fte garantiert, deren Abzug die moldawischen Beh\u00f6rden regelm\u00e4\u00dfig fordern.<\/p>\n<p>In Erinnerung an Moskaus Rolle bei der Beendigung des Blutvergie\u00dfens haben sich die Einwohner von Transnistrien in den vergangenen drei\u00dfig Jahren zu Russland hingewendet und sogar versucht, Teil der Russischen F\u00f6deration zu werden. Im Jahr 2006 hielten die lokalen Beh\u00f6rden ein Referendum ab, bei dem 97,2 Prozent f\u00fcr den Beitritt zu Russland stimmten. Im Dezember 2013 verabschiedete der Oberste Rat von Transnistrien einen Gesetzentwurf zur Umsetzung der russischen f\u00f6deralen Gesetzgebung auf dem Territorium der nicht anerkannten Republik. Im folgenden M\u00e4rz forderte der Oberste Rat von Transnistrien die russische Staatsduma auf, ein Gesetz auszuarbeiten, das der nicht anerkannten Republik den Beitritt zur Russischen F\u00f6deration erm\u00f6glichen w\u00fcrde.<\/p>\n<p>So wie die sowjetischen Beh\u00f6rden vor ihnen hat das offizielle Moskau auf diese Initiativen mit gro\u00dfer Vorsicht reagiert. Es wurde nie \u00fcber die Idee eines Beitritts von Transnistrien zur Russischen F\u00f6deration diskutiert, wodurch das fragile Gleichgewicht zwischen Chi\u0219in\u0103u und Tiraspol erhalten werden konnte. Leider wurde dieses Gleichgewicht im vergangenen Jahr ernsthaft ins Schwanken gebracht.<\/p>\n<figure class=\"RTImage-root\">\n<div class=\"RTImage-image RTImage-original\"><picture class=\"Picture-root Picture-original\"><!--[if IE 9]><video style=\"display: none;\"><![endif]--><source media=\"(-webkit-min-device-pixel-ratio: 2) and (min-resolution: 120dpi)\" data-srcset=\" \nhttp:\/\/just-now.news\/de\/wp-content\/uploads\/sites\/3\/2023\/03\/6422b978b480cc61b732772b.jpg 850w,\n                http:\/\/just-now.news\/de\/wp-content\/uploads\/sites\/3\/2023\/03\/6422b978b480cc61b732772b.jpg 1960w,\n            \" ><source data-srcset=\" \nhttp:\/\/just-now.news\/de\/wp-content\/uploads\/sites\/3\/2023\/03\/6422b978b480cc61b732772b.jpg 460w,\n              http:\/\/just-now.news\/de\/wp-content\/uploads\/sites\/3\/2023\/03\/6422b978b480cc61b732772b.jpg 980w,\n            \" ><!--[if IE 9]><\/video><![endif]--><img decoding=\"async\" data- src=\"data:image\/png;base64,iVBORw0KGgoAAAANSUhEUgAAABAAAAAJCAQAAACRI2S5AAAAEElEQVR42mNkIAAYRxWAAQAG9gAKqv6+AwAAAABJRU5ErkJggg==\" class=\"Picture-root Picture-original lazyload\" data-src=\"http:\/\/just-now.news\/de\/wp-content\/uploads\/sites\/3\/2023\/03\/6422b978b480cc61b732772b.jpg\" alt=\"\"><\/source><\/source><\/picture><!-- noscript pattern --><noscript><img decoding=\"async\" src=\"http:\/\/just-now.news\/de\/wp-content\/uploads\/sites\/3\/2023\/03\/6422b978b480cc61b732772b.jpg\" alt=\"\"><\/noscript><\/div><figcaption class=\"RTImage-footer\"><span class=\"RTImage-caption\"><span class=\"RTImage-captionItem\">Demonstranten mit einer russischen Flagge und einer Flagge mit dem Portr\u00e4t des russischen Pr\u00e4sidenten mit der Aufschrift &#8220;Wir sind f\u00fcr Putin!&#8221; in Tiraspol, der Hauptstadt von Transnistrien, am 9. Mai 2014 w\u00e4hrend der Feierlichkeiten zum Tag des Sieges im Gro\u00dfen Vaterl\u00e4ndischen Krieg.<\/span><\/span><span class=\"RTImage-source\"><span class=\"RTImage-captionItem\">\u00a9 Vadim Denisow<\/span><span class=\"RTImage-captionItem\"> \/ AFP<\/span><\/span><\/figcaption><\/figure>\n<p>Nach Beginn des Konflikts in der Ukraine haben die moldawischen Beh\u00f6rden gesetzgeberische Ma\u00dfnahmen ergriffen, um die kulturelle Pr\u00e4senz Russlands in der Region zu minimieren. Sie verboten offiziell das Sankt-Georgs-Band und die Verwendung der Symbole &#8220;V&#8221; und &#8220;Z&#8221; im prorussischen Kontext. Zudem wurden sechs russischsprachige Fernsehsender geschlossen. Es gab auch Diskussionen \u00fcber die Einf\u00fchrung von Beschr\u00e4nkungen im Gebrauch der russischen Sprache. Nat\u00fcrlich hat all das nicht dazu beigetragen, eine gemeinsame Basis mit den prorussischen Einwohnern von Transnistrien zu finden.<\/p>\n<p><strong>Eine vorget\u00e4uschte Neutralit\u00e4t<\/strong><\/p>\n<p>Ein weiterer wichtiger Faktor, der f\u00fcr die Stabilit\u00e4t der Region wichtig ist, ist der neutrale Status von Moldawien, der in seiner Verfassung verankert ist. Dieser wurde jedoch k\u00fcrzlich von den Beh\u00f6rden infrage gestellt. In einer Rede auf<em> TV8<\/em> im vergangenen Dezember sagte der Vorsitzende der regierenden Partei f\u00fcr Aktion und Solidarit\u00e4t, Igor Grosu, dass das Land angesichts des Konflikts in der Ukraine nicht neutral bleiben k\u00f6nne, w\u00e4hrend Maia Sandu ebenfalls andeutete, dass sich der Status des Landes \u00e4ndern k\u00f6nnte.<\/p>\n<blockquote>\n<p><em>&#8220;Neutralit\u00e4t funktioniert, solange andere L\u00e4nder sie beachten. Andernfalls m\u00fcssen wir bereit sein, uns zu verteidigen&#8221;,<\/em><\/p>\n<\/blockquote>\n<p>sagte sie in einem Interview mit <em>Jurnal TV<\/em>. Im laufenden Jahr 2023 wird Chi\u0219in\u0103u weitere 649 Millionen Leu (etwa 32 Millionen Euro) f\u00fcr Verteidigungszwecke bereitstellen. Das Milit\u00e4rbudget wird somit um rekordverd\u00e4chtige 60 Prozent steigen, was ein halbes Prozent des BIP des Landes ausmachen wird. Das Land verf\u00fcge laut Sandu noch nicht \u00fcber ausreichende finanzielle Mittel, um seine Armee zu modernisieren, man sei also auf die Hilfe westlicher Partner angewiesen. Eine solche Hilfe wird bereits geleistet.<\/p>\n<p>Im Juli vergangenen Jahres genehmigte die Europ\u00e4ische Union die Bereitstellung von 40 Millionen Euro aus der Europ\u00e4ischen Friedensfazilit\u00e4t (EPF) f\u00fcr die moldawische Armee. Im September folgten die Vereinigten Staaten mit der Ank\u00fcndigung, dass sie eine Milliarde Dollar zur Verf\u00fcgung gestellt h\u00e4tten, um die Streitkr\u00e4fte von siebzehn L\u00e4ndern, darunter Moldawien, zu modernisieren.<\/p>\n<figure class=\"RTImage-root\">\n<div class=\"RTImage-image RTImage-original\"><picture class=\"Picture-root Picture-original\"><!--[if IE 9]><video style=\"display: none;\"><![endif]--><source media=\"(-webkit-min-device-pixel-ratio: 2) and (min-resolution: 120dpi)\" data-srcset=\" \nhttp:\/\/just-now.news\/de\/wp-content\/uploads\/sites\/3\/2023\/03\/6422b977b480cc61b732772a.jpg 850w,\n                http:\/\/just-now.news\/de\/wp-content\/uploads\/sites\/3\/2023\/03\/6422b977b480cc61b732772a.jpg 1960w,\n            \" ><source data-srcset=\" \nhttp:\/\/just-now.news\/de\/wp-content\/uploads\/sites\/3\/2023\/03\/6422b977b480cc61b732772a.jpg 460w,\n              http:\/\/just-now.news\/de\/wp-content\/uploads\/sites\/3\/2023\/03\/6422b977b480cc61b732772a.jpg 980w,\n            \" ><!--[if IE 9]><\/video><![endif]--><img decoding=\"async\" data- src=\"data:image\/png;base64,iVBORw0KGgoAAAANSUhEUgAAABAAAAAJCAQAAACRI2S5AAAAEElEQVR42mNkIAAYRxWAAQAG9gAKqv6+AwAAAABJRU5ErkJggg==\" class=\"Picture-root Picture-original lazyload\" data-src=\"http:\/\/just-now.news\/de\/wp-content\/uploads\/sites\/3\/2023\/03\/6422b977b480cc61b732772a.jpg\" alt=\"\"><\/source><\/source><\/picture><!-- noscript pattern --><noscript><img decoding=\"async\" src=\"http:\/\/just-now.news\/de\/wp-content\/uploads\/sites\/3\/2023\/03\/6422b977b480cc61b732772a.jpg\" alt=\"\"><\/noscript><\/div><figcaption class=\"RTImage-footer\"><span class=\"RTImage-caption\"><span class=\"RTImage-captionItem\">Die moldawische Premierministerin Maia Sandu h\u00e4lt am 18. Mai 2022 eine Rede, w\u00e4hrend der Generalversammlung des Europ\u00e4ischen Parlaments in Br\u00fcssel.<\/span><\/span><span class=\"RTImage-source\"><span class=\"RTImage-captionItem\">\u00a9 Dursun Aydemir \/ Anadolu Agency<\/span><span class=\"RTImage-captionItem\"> \/ Gettyimages.ru<\/span><\/span><\/figcaption><\/figure>\n<p>Nach Angaben des Verteidigungsministeriums erh\u00e4lt die Armee des Landes Waffen von westlichen Unterst\u00fctzern \u2013 und nicht nur Kleinwaffen. K\u00fcrzlich erhielt es seine erste Charge gepanzerter Kampffahrzeuge vom Typ Piranha aus Deutschland. Die moldawischen Streitkr\u00e4fte beteiligen sich auch aktiv an gemeinsamen Milit\u00e4rman\u00f6vern mit NATO-Staaten, zuletzt gemeinsam mit Rum\u00e4nien und den USA im September 2022.<\/p>\n<p>Diese Ereignisse waren f\u00fcr Transnistrien besorgniserregend. Ende Februar sagte der Au\u00dfenminister der nicht anerkannten Republik, Vitali Ignatjew, dass Moldawien de facto Teil der NATO geworden sei \u2013 das Land stelle auf NATO-Standards um, es werde mit NATO-Waffen versorgt und westliche Milit\u00e4reinrichtungen und westliche Ausbilder seien auf dem moldawischen Territorium t\u00e4tig.<\/p>\n<blockquote>\n<p><em>&#8220;Weshalb Moldawien bewaffnen, solange es einen schwelenden Konflikt mit Transnistrien hat? Im Gegenteil, wir m\u00fcssen \u00fcber Abr\u00fcstung sprechen&#8221;,<\/em><\/p>\n<\/blockquote>\n<p>sagte der Diplomat.<\/p>\n<p>All diese Ereignisse bringen Transnistrien in eine gef\u00e4hrliche und seltsame Lage, eingeklemmt zwischen dem unfreundlichen Moldawien und der Ukraine, die bis vor Kurzem noch als einer der Garanten des regionalen Friedens diente. Moskau w\u00fcrde nicht in der Lage sein, den 1.500 russischen Truppen \u2013 die meisten davon transnistrische Russen \u2013 die sich in der Republik befinden, umgehend Verst\u00e4rkung zu schicken, sollte ein solcher Bedarf entstehen. Dies k\u00f6nnte nur auf dem Luftweg erfolgen, was derzeit unm\u00f6glich ist, da der ukrainische Luftraum durch Luftverteidigungssysteme gesch\u00fctzt ist.<\/p>\n<p>Bis jetzt h\u00e4ngt das Schicksal von Transnistrien weitgehend davon ab, ob die ukrainischen Beh\u00f6rden beschlie\u00dfen werden, eine zweite Front zu er\u00f6ffnen und diese Idee hat ihre Bef\u00fcrworter. Vor nicht allzu langer Zeit sagte der ehemalige Berater von Pr\u00e4sident Selenskij, Alexei Arestowitsch:<\/p>\n<blockquote>\n<p><em>&#8220;Die Ukraine verf\u00fcgt \u00fcber Streitkr\u00e4fte, die eine Bedrohung durch das sogenannte Transnistrien in nur wenigen Tagen beseitigen k\u00f6nnten. Wenn die moldawischen Beh\u00f6rden mit einer solchen Bitte an uns herantreten, werden wir sicherlich helfen&#8221;,<\/em><\/p>\n<\/blockquote>\n<p>versprach er.<\/p>\n<p><strong>Mehr zum Thema<\/strong> \u2013 <a rel=\"nofollow noopener\" target=\"_blank\" href=\"https:\/\/rtde.site\/europa\/166384-hat-ukraine-noch-zukunft-oder\/\">Hat die Ukraine noch eine Zukunft \u2013 oder hat der Verteilungskampf schon begonnen?<\/a><\/p>\n<div class=\"EmbedBlock-root EmbedBlock-externalVideo EmbedBlock-vk\">\n<div class=\"VkEmbed\"><iframe class=\"lazyload\" data-src=\"https:\/\/vk.com\/video_ext.php?oid=-134310637&amp;id=456264412&amp;hash=03f2396e545b6198\" frameborder=\"0\" width=\"853\" height=\"480\" allowfullscreen><\/iframe><\/div>\n<\/div>\n<p><em>Aus dem <a rel=\"nofollow noopener\" target=\"_blank\" href=\"https:\/\/www.rt.com\/russia\/572409-moldova-is-getting-ready-for-war\/\">Englischen<\/a><\/em><\/p>\n<p><em><strong>Dmitri Trenin<\/strong> ist Professor an der Hochschule f\u00fcr Wirtschaft und Senior im Kollegium f\u00fcr Forschung am Institut f\u00fcr globale \u00d6konomie und internationale Beziehungen. Er ist zudem Mitglied des russischen Rates f\u00fcr internationale Beziehungen. <\/em><\/p>\n<p><em><strong>Georgi Berezowskij<\/strong> ist Journalist aus Moskau.<\/em><\/p>\n<\/div>\n<p><br \/>\n<br \/><a href=\"https:\/\/de.rt.com\/meinung\/166401-transnistrien-was-bedeutet-der-ukraine-konflikt-fuer-die-kleine-region\/\">Source link <\/a><\/p>\n","protected":false},"excerpt":{"rendered":"<p>Was steckt hinter den zunehmenden Spannungen in Moldawien und der abtr\u00fcnnigen Region Transnistrien? Klar ist, dass die Ukraine ein besonderes Interesse an diesem Territorium hat, weil eine Milit\u00e4raktion dort f\u00fcr Kiew in doppelter Hinsicht von Vorteil sein k\u00f6nnte. Eine Analyse. Von Dmitri Trenin und Georgi Berezowskij Seit einigen Wochen steht Osteuropa am Rande eines neuen [&hellip;]<\/p>\n","protected":false},"author":3,"featured_media":33147,"comment_status":"open","ping_status":"open","sticky":false,"template":"","format":"standard","meta":{"_yoast_indexnow_last_ping":["1680033544"],"wp_automatic_camp":["217"],"04b2fcd927e6989f15c3690240d565ce":["Transnistrien: Was bedeutet der Ukraine-Konflikt f\u00fcr die kleine Region"],"original_link":["https:\/\/de.rt.com\/meinung\/166401-transnistrien-was-bedeutet-der-ukraine-konflikt-fuer-die-kleine-region\/"],"_thumbnail_id":["33147"],"_wptgpro_p2tg_sent2tg":["a:1:{i:23737;s:19:\"2023-03-28 22:00:12\";}"],"jnews_social_counter_last_update":["1777187113"]},"categories":[19,23],"tags":[18493,82,45,221,3566,494,10527,1173],"yoast_head":"<!-- This site is optimized with the Yoast SEO Premium plugin v22.7 (Yoast SEO v22.7) - https:\/\/yoast.com\/wordpress\/plugins\/seo\/ -->\n<title>Transnistrien: Was bedeutet der Ukraine-Konflikt f\u00fcr die kleine Region - just-now.NEWS Deutschland<\/title>\n<meta name=\"robots\" content=\"index, follow, max-snippet:-1, max-image-preview:large, max-video-preview:-1\" \/>\n<link rel=\"canonical\" href=\"https:\/\/now-news.de\/de\/deutschland\/transnistrien-was-bedeutet-der-ukraine-konflikt-fuer-die-kleine-region\/\" \/>\n<meta property=\"og:locale\" content=\"de_DE\" \/>\n<meta property=\"og:type\" content=\"article\" \/>\n<meta property=\"og:title\" content=\"Transnistrien: Was bedeutet der Ukraine-Konflikt f\u00fcr die kleine Region\" \/>\n<meta property=\"og:description\" content=\"Was steckt hinter den zunehmenden Spannungen in Moldawien und der abtr\u00fcnnigen Region Transnistrien? Klar ist, dass die Ukraine ein besonderes Interesse an diesem Territorium hat, weil eine Milit\u00e4raktion dort f\u00fcr Kiew in doppelter Hinsicht von Vorteil sein k\u00f6nnte. Eine Analyse. Von Dmitri Trenin und Georgi Berezowskij Seit einigen Wochen steht Osteuropa am Rande eines neuen [&hellip;]\" \/>\n<meta property=\"og:url\" content=\"https:\/\/now-news.de\/de\/deutschland\/transnistrien-was-bedeutet-der-ukraine-konflikt-fuer-die-kleine-region\/\" \/>\n<meta property=\"og:site_name\" content=\"just-now.NEWS Deutschland\" \/>\n<meta property=\"article:publisher\" content=\"https:\/\/www.facebook.com\/wirmachenauf\" \/>\n<meta property=\"article:published_time\" content=\"2023-03-28T19:43:34+00:00\" \/>\n<meta property=\"og:image\" content=\"https:\/\/now-news.de\/de\/wp-content\/uploads\/sites\/3\/2023\/03\/Transnistrien-Was-bedeutet-der-Ukraine-Konflikt-fuer-die-kleine-Region.jpg\" \/>\n\t<meta property=\"og:image:width\" content=\"1240\" \/>\n\t<meta property=\"og:image:height\" content=\"872\" \/>\n\t<meta property=\"og:image:type\" content=\"image\/jpeg\" \/>\n<meta name=\"author\" content=\"rtnews\" \/>\n<meta name=\"twitter:card\" content=\"summary_large_image\" \/>\n<meta name=\"twitter:creator\" content=\"@WirMachenAuf_de\" \/>\n<meta name=\"twitter:site\" content=\"@WirMachenAuf_de\" \/>\n<meta name=\"twitter:label1\" content=\"Verfasst von\" \/>\n\t<meta name=\"twitter:data1\" content=\"rtnews\" \/>\n\t<meta name=\"twitter:label2\" content=\"Gesch\u00e4tzte Lesezeit\" \/>\n\t<meta name=\"twitter:data2\" content=\"11\u00a0Minuten\" \/>\n<script type=\"application\/ld+json\" class=\"yoast-schema-graph\">{\"@context\":\"https:\/\/schema.org\",\"@graph\":[{\"@type\":\"Article\",\"@id\":\"https:\/\/now-news.de\/de\/deutschland\/transnistrien-was-bedeutet-der-ukraine-konflikt-fuer-die-kleine-region\/#article\",\"isPartOf\":{\"@id\":\"https:\/\/now-news.de\/de\/deutschland\/transnistrien-was-bedeutet-der-ukraine-konflikt-fuer-die-kleine-region\/\"},\"author\":{\"name\":\"rtnews\",\"@id\":\"https:\/\/now-news.de\/de\/#\/schema\/person\/fb534a4e865501d8b3285208df34a9b5\"},\"headline\":\"Transnistrien: Was bedeutet der Ukraine-Konflikt f\u00fcr die kleine Region\",\"datePublished\":\"2023-03-28T19:43:34+00:00\",\"dateModified\":\"2023-03-28T19:43:34+00:00\",\"mainEntityOfPage\":{\"@id\":\"https:\/\/now-news.de\/de\/deutschland\/transnistrien-was-bedeutet-der-ukraine-konflikt-fuer-die-kleine-region\/\"},\"wordCount\":2178,\"commentCount\":0,\"publisher\":{\"@id\":\"https:\/\/now-news.de\/de\/#organization\"},\"image\":{\"@id\":\"https:\/\/now-news.de\/de\/deutschland\/transnistrien-was-bedeutet-der-ukraine-konflikt-fuer-die-kleine-region\/#primaryimage\"},\"thumbnailUrl\":\"https:\/\/now-news.de\/de\/wp-content\/uploads\/sites\/3\/2023\/03\/Transnistrien-Was-bedeutet-der-Ukraine-Konflikt-fuer-die-kleine-Region.jpg\",\"keywords\":[\"bedeutet\",\"der\",\"die\",\"f\u00fcr\",\"kleine\",\"Region\",\"Transnistrien\",\"UkraineKonflikt\"],\"articleSection\":[\"Deutschland\",\"Russland\"],\"inLanguage\":\"de\",\"potentialAction\":[{\"@type\":\"CommentAction\",\"name\":\"Comment\",\"target\":[\"https:\/\/now-news.de\/de\/deutschland\/transnistrien-was-bedeutet-der-ukraine-konflikt-fuer-die-kleine-region\/#respond\"]}]},{\"@type\":\"WebPage\",\"@id\":\"https:\/\/now-news.de\/de\/deutschland\/transnistrien-was-bedeutet-der-ukraine-konflikt-fuer-die-kleine-region\/\",\"url\":\"https:\/\/now-news.de\/de\/deutschland\/transnistrien-was-bedeutet-der-ukraine-konflikt-fuer-die-kleine-region\/\",\"name\":\"Transnistrien: Was bedeutet der Ukraine-Konflikt f\u00fcr die kleine Region - just-now.NEWS Deutschland\",\"isPartOf\":{\"@id\":\"https:\/\/now-news.de\/de\/#website\"},\"primaryImageOfPage\":{\"@id\":\"https:\/\/now-news.de\/de\/deutschland\/transnistrien-was-bedeutet-der-ukraine-konflikt-fuer-die-kleine-region\/#primaryimage\"},\"image\":{\"@id\":\"https:\/\/now-news.de\/de\/deutschland\/transnistrien-was-bedeutet-der-ukraine-konflikt-fuer-die-kleine-region\/#primaryimage\"},\"thumbnailUrl\":\"https:\/\/now-news.de\/de\/wp-content\/uploads\/sites\/3\/2023\/03\/Transnistrien-Was-bedeutet-der-Ukraine-Konflikt-fuer-die-kleine-Region.jpg\",\"datePublished\":\"2023-03-28T19:43:34+00:00\",\"dateModified\":\"2023-03-28T19:43:34+00:00\",\"breadcrumb\":{\"@id\":\"https:\/\/now-news.de\/de\/deutschland\/transnistrien-was-bedeutet-der-ukraine-konflikt-fuer-die-kleine-region\/#breadcrumb\"},\"inLanguage\":\"de\",\"potentialAction\":[{\"@type\":\"ReadAction\",\"target\":[\"https:\/\/now-news.de\/de\/deutschland\/transnistrien-was-bedeutet-der-ukraine-konflikt-fuer-die-kleine-region\/\"]}]},{\"@type\":\"ImageObject\",\"inLanguage\":\"de\",\"@id\":\"https:\/\/now-news.de\/de\/deutschland\/transnistrien-was-bedeutet-der-ukraine-konflikt-fuer-die-kleine-region\/#primaryimage\",\"url\":\"https:\/\/now-news.de\/de\/wp-content\/uploads\/sites\/3\/2023\/03\/Transnistrien-Was-bedeutet-der-Ukraine-Konflikt-fuer-die-kleine-Region.jpg\",\"contentUrl\":\"https:\/\/now-news.de\/de\/wp-content\/uploads\/sites\/3\/2023\/03\/Transnistrien-Was-bedeutet-der-Ukraine-Konflikt-fuer-die-kleine-Region.jpg\",\"width\":1240,\"height\":872,\"caption\":\"Transnistrien: Was bedeutet der Ukraine-Konflikt f\u00fcr die kleine Region\"},{\"@type\":\"BreadcrumbList\",\"@id\":\"https:\/\/now-news.de\/de\/deutschland\/transnistrien-was-bedeutet-der-ukraine-konflikt-fuer-die-kleine-region\/#breadcrumb\",\"itemListElement\":[{\"@type\":\"ListItem\",\"position\":1,\"name\":\"Home\",\"item\":\"https:\/\/now-news.de\/de\/\"},{\"@type\":\"ListItem\",\"position\":2,\"name\":\"Transnistrien: Was bedeutet der Ukraine-Konflikt f\u00fcr die kleine Region\"}]},{\"@type\":\"WebSite\",\"@id\":\"https:\/\/now-news.de\/de\/#website\",\"url\":\"https:\/\/now-news.de\/de\/\",\"name\":\"just-now.NEWS Deutschland\",\"description\":\"Das Portal f\u00fcr unzensierte Nachrichten aus der Welt\",\"publisher\":{\"@id\":\"https:\/\/now-news.de\/de\/#organization\"},\"potentialAction\":[{\"@type\":\"SearchAction\",\"target\":{\"@type\":\"EntryPoint\",\"urlTemplate\":\"https:\/\/now-news.de\/de\/?s={search_term_string}\"},\"query-input\":\"required name=search_term_string\"}],\"inLanguage\":\"de\"},{\"@type\":\"Organization\",\"@id\":\"https:\/\/now-news.de\/de\/#organization\",\"name\":\"Just Now News\",\"url\":\"https:\/\/now-news.de\/de\/\",\"logo\":{\"@type\":\"ImageObject\",\"inLanguage\":\"de\",\"@id\":\"https:\/\/now-news.de\/de\/#\/schema\/logo\/image\/\",\"url\":\"http:\/\/just-now.news\/de\/wp-content\/uploads\/sites\/3\/2022\/04\/logo500x500.jpg\",\"contentUrl\":\"http:\/\/just-now.news\/de\/wp-content\/uploads\/sites\/3\/2022\/04\/logo500x500.jpg\",\"width\":500,\"height\":500,\"caption\":\"Just Now News\"},\"image\":{\"@id\":\"https:\/\/now-news.de\/de\/#\/schema\/logo\/image\/\"},\"sameAs\":[\"https:\/\/www.facebook.com\/wirmachenauf\",\"https:\/\/x.com\/WirMachenAuf_de\"]},{\"@type\":\"Person\",\"@id\":\"https:\/\/now-news.de\/de\/#\/schema\/person\/fb534a4e865501d8b3285208df34a9b5\",\"name\":\"rtnews\",\"image\":{\"@type\":\"ImageObject\",\"inLanguage\":\"de\",\"@id\":\"https:\/\/now-news.de\/de\/#\/schema\/person\/image\/\",\"url\":\"https:\/\/secure.gravatar.com\/avatar\/82aafea7d8127119dd649515f56e2117?s=96&d=mm&r=g\",\"contentUrl\":\"https:\/\/secure.gravatar.com\/avatar\/82aafea7d8127119dd649515f56e2117?s=96&d=mm&r=g\",\"caption\":\"rtnews\"},\"url\":\"https:\/\/now-news.de\/de\/author\/rnews\/\"}]}<\/script>\n<!-- \/ Yoast SEO Premium plugin. -->","yoast_head_json":{"title":"Transnistrien: Was bedeutet der Ukraine-Konflikt f\u00fcr die kleine Region - just-now.NEWS Deutschland","robots":{"index":"index","follow":"follow","max-snippet":"max-snippet:-1","max-image-preview":"max-image-preview:large","max-video-preview":"max-video-preview:-1"},"canonical":"https:\/\/now-news.de\/de\/deutschland\/transnistrien-was-bedeutet-der-ukraine-konflikt-fuer-die-kleine-region\/","og_locale":"de_DE","og_type":"article","og_title":"Transnistrien: Was bedeutet der Ukraine-Konflikt f\u00fcr die kleine Region","og_description":"Was steckt hinter den zunehmenden Spannungen in Moldawien und der abtr\u00fcnnigen Region Transnistrien? Klar ist, dass die Ukraine ein besonderes Interesse an diesem Territorium hat, weil eine Milit\u00e4raktion dort f\u00fcr Kiew in doppelter Hinsicht von Vorteil sein k\u00f6nnte. Eine Analyse. Von Dmitri Trenin und Georgi Berezowskij Seit einigen Wochen steht Osteuropa am Rande eines neuen [&hellip;]","og_url":"https:\/\/now-news.de\/de\/deutschland\/transnistrien-was-bedeutet-der-ukraine-konflikt-fuer-die-kleine-region\/","og_site_name":"just-now.NEWS Deutschland","article_publisher":"https:\/\/www.facebook.com\/wirmachenauf","article_published_time":"2023-03-28T19:43:34+00:00","og_image":[{"width":1240,"height":872,"url":"https:\/\/now-news.de\/de\/wp-content\/uploads\/sites\/3\/2023\/03\/Transnistrien-Was-bedeutet-der-Ukraine-Konflikt-fuer-die-kleine-Region.jpg","type":"image\/jpeg"}],"author":"rtnews","twitter_card":"summary_large_image","twitter_creator":"@WirMachenAuf_de","twitter_site":"@WirMachenAuf_de","twitter_misc":{"Verfasst von":"rtnews","Gesch\u00e4tzte Lesezeit":"11\u00a0Minuten"},"schema":{"@context":"https:\/\/schema.org","@graph":[{"@type":"Article","@id":"https:\/\/now-news.de\/de\/deutschland\/transnistrien-was-bedeutet-der-ukraine-konflikt-fuer-die-kleine-region\/#article","isPartOf":{"@id":"https:\/\/now-news.de\/de\/deutschland\/transnistrien-was-bedeutet-der-ukraine-konflikt-fuer-die-kleine-region\/"},"author":{"name":"rtnews","@id":"https:\/\/now-news.de\/de\/#\/schema\/person\/fb534a4e865501d8b3285208df34a9b5"},"headline":"Transnistrien: Was bedeutet der Ukraine-Konflikt f\u00fcr die kleine Region","datePublished":"2023-03-28T19:43:34+00:00","dateModified":"2023-03-28T19:43:34+00:00","mainEntityOfPage":{"@id":"https:\/\/now-news.de\/de\/deutschland\/transnistrien-was-bedeutet-der-ukraine-konflikt-fuer-die-kleine-region\/"},"wordCount":2178,"commentCount":0,"publisher":{"@id":"https:\/\/now-news.de\/de\/#organization"},"image":{"@id":"https:\/\/now-news.de\/de\/deutschland\/transnistrien-was-bedeutet-der-ukraine-konflikt-fuer-die-kleine-region\/#primaryimage"},"thumbnailUrl":"https:\/\/now-news.de\/de\/wp-content\/uploads\/sites\/3\/2023\/03\/Transnistrien-Was-bedeutet-der-Ukraine-Konflikt-fuer-die-kleine-Region.jpg","keywords":["bedeutet","der","die","f\u00fcr","kleine","Region","Transnistrien","UkraineKonflikt"],"articleSection":["Deutschland","Russland"],"inLanguage":"de","potentialAction":[{"@type":"CommentAction","name":"Comment","target":["https:\/\/now-news.de\/de\/deutschland\/transnistrien-was-bedeutet-der-ukraine-konflikt-fuer-die-kleine-region\/#respond"]}]},{"@type":"WebPage","@id":"https:\/\/now-news.de\/de\/deutschland\/transnistrien-was-bedeutet-der-ukraine-konflikt-fuer-die-kleine-region\/","url":"https:\/\/now-news.de\/de\/deutschland\/transnistrien-was-bedeutet-der-ukraine-konflikt-fuer-die-kleine-region\/","name":"Transnistrien: Was bedeutet der Ukraine-Konflikt f\u00fcr die kleine Region - just-now.NEWS Deutschland","isPartOf":{"@id":"https:\/\/now-news.de\/de\/#website"},"primaryImageOfPage":{"@id":"https:\/\/now-news.de\/de\/deutschland\/transnistrien-was-bedeutet-der-ukraine-konflikt-fuer-die-kleine-region\/#primaryimage"},"image":{"@id":"https:\/\/now-news.de\/de\/deutschland\/transnistrien-was-bedeutet-der-ukraine-konflikt-fuer-die-kleine-region\/#primaryimage"},"thumbnailUrl":"https:\/\/now-news.de\/de\/wp-content\/uploads\/sites\/3\/2023\/03\/Transnistrien-Was-bedeutet-der-Ukraine-Konflikt-fuer-die-kleine-Region.jpg","datePublished":"2023-03-28T19:43:34+00:00","dateModified":"2023-03-28T19:43:34+00:00","breadcrumb":{"@id":"https:\/\/now-news.de\/de\/deutschland\/transnistrien-was-bedeutet-der-ukraine-konflikt-fuer-die-kleine-region\/#breadcrumb"},"inLanguage":"de","potentialAction":[{"@type":"ReadAction","target":["https:\/\/now-news.de\/de\/deutschland\/transnistrien-was-bedeutet-der-ukraine-konflikt-fuer-die-kleine-region\/"]}]},{"@type":"ImageObject","inLanguage":"de","@id":"https:\/\/now-news.de\/de\/deutschland\/transnistrien-was-bedeutet-der-ukraine-konflikt-fuer-die-kleine-region\/#primaryimage","url":"https:\/\/now-news.de\/de\/wp-content\/uploads\/sites\/3\/2023\/03\/Transnistrien-Was-bedeutet-der-Ukraine-Konflikt-fuer-die-kleine-Region.jpg","contentUrl":"https:\/\/now-news.de\/de\/wp-content\/uploads\/sites\/3\/2023\/03\/Transnistrien-Was-bedeutet-der-Ukraine-Konflikt-fuer-die-kleine-Region.jpg","width":1240,"height":872,"caption":"Transnistrien: Was bedeutet der Ukraine-Konflikt f\u00fcr die kleine Region"},{"@type":"BreadcrumbList","@id":"https:\/\/now-news.de\/de\/deutschland\/transnistrien-was-bedeutet-der-ukraine-konflikt-fuer-die-kleine-region\/#breadcrumb","itemListElement":[{"@type":"ListItem","position":1,"name":"Home","item":"https:\/\/now-news.de\/de\/"},{"@type":"ListItem","position":2,"name":"Transnistrien: Was bedeutet der Ukraine-Konflikt f\u00fcr die kleine Region"}]},{"@type":"WebSite","@id":"https:\/\/now-news.de\/de\/#website","url":"https:\/\/now-news.de\/de\/","name":"just-now.NEWS Deutschland","description":"Das Portal f\u00fcr unzensierte Nachrichten aus der Welt","publisher":{"@id":"https:\/\/now-news.de\/de\/#organization"},"potentialAction":[{"@type":"SearchAction","target":{"@type":"EntryPoint","urlTemplate":"https:\/\/now-news.de\/de\/?s={search_term_string}"},"query-input":"required name=search_term_string"}],"inLanguage":"de"},{"@type":"Organization","@id":"https:\/\/now-news.de\/de\/#organization","name":"Just Now News","url":"https:\/\/now-news.de\/de\/","logo":{"@type":"ImageObject","inLanguage":"de","@id":"https:\/\/now-news.de\/de\/#\/schema\/logo\/image\/","url":"http:\/\/just-now.news\/de\/wp-content\/uploads\/sites\/3\/2022\/04\/logo500x500.jpg","contentUrl":"http:\/\/just-now.news\/de\/wp-content\/uploads\/sites\/3\/2022\/04\/logo500x500.jpg","width":500,"height":500,"caption":"Just Now News"},"image":{"@id":"https:\/\/now-news.de\/de\/#\/schema\/logo\/image\/"},"sameAs":["https:\/\/www.facebook.com\/wirmachenauf","https:\/\/x.com\/WirMachenAuf_de"]},{"@type":"Person","@id":"https:\/\/now-news.de\/de\/#\/schema\/person\/fb534a4e865501d8b3285208df34a9b5","name":"rtnews","image":{"@type":"ImageObject","inLanguage":"de","@id":"https:\/\/now-news.de\/de\/#\/schema\/person\/image\/","url":"https:\/\/secure.gravatar.com\/avatar\/82aafea7d8127119dd649515f56e2117?s=96&d=mm&r=g","contentUrl":"https:\/\/secure.gravatar.com\/avatar\/82aafea7d8127119dd649515f56e2117?s=96&d=mm&r=g","caption":"rtnews"},"url":"https:\/\/now-news.de\/de\/author\/rnews\/"}]}},"_links":{"self":[{"href":"https:\/\/now-news.de\/de\/wp-json\/wp\/v2\/posts\/33146"}],"collection":[{"href":"https:\/\/now-news.de\/de\/wp-json\/wp\/v2\/posts"}],"about":[{"href":"https:\/\/now-news.de\/de\/wp-json\/wp\/v2\/types\/post"}],"author":[{"embeddable":true,"href":"https:\/\/now-news.de\/de\/wp-json\/wp\/v2\/users\/3"}],"replies":[{"embeddable":true,"href":"https:\/\/now-news.de\/de\/wp-json\/wp\/v2\/comments?post=33146"}],"version-history":[{"count":0,"href":"https:\/\/now-news.de\/de\/wp-json\/wp\/v2\/posts\/33146\/revisions"}],"wp:featuredmedia":[{"embeddable":true,"href":"https:\/\/now-news.de\/de\/wp-json\/wp\/v2\/media\/33147"}],"wp:attachment":[{"href":"https:\/\/now-news.de\/de\/wp-json\/wp\/v2\/media?parent=33146"}],"wp:term":[{"taxonomy":"category","embeddable":true,"href":"https:\/\/now-news.de\/de\/wp-json\/wp\/v2\/categories?post=33146"},{"taxonomy":"post_tag","embeddable":true,"href":"https:\/\/now-news.de\/de\/wp-json\/wp\/v2\/tags?post=33146"}],"curies":[{"name":"wp","href":"https:\/\/api.w.org\/{rel}","templated":true}]}}