{"id":32957,"date":"2023-03-25T16:48:48","date_gmt":"2023-03-25T14:48:48","guid":{"rendered":"http:\/\/just-now.news\/de\/deutschland\/meinungsfreiheit-medien-wettern-gegen-gerichtsbeschluss-fuer-ganser-auftritt\/"},"modified":"2023-03-25T16:48:48","modified_gmt":"2023-03-25T14:48:48","slug":"meinungsfreiheit-medien-wettern-gegen-gerichtsbeschluss-fuer-ganser-auftritt","status":"publish","type":"post","link":"https:\/\/now-news.de\/de\/deutschland\/meinungsfreiheit-medien-wettern-gegen-gerichtsbeschluss-fuer-ganser-auftritt\/","title":{"rendered":"Meinungsfreiheit? Medien wettern gegen Gerichtsbeschluss f\u00fcr Ganser-Auftritt"},"content":{"rendered":"<p><img decoding=\"async\" src=\"http:\/\/just-now.news\/de\/wp-content\/uploads\/sites\/3\/2023\/03\/641efa0f48fbef6742124a26.jpg\" \/><\/p>\n<div class=\"Text-root Text-type_1 \">\n                &#8220;Keine Gefahr&#8221; durch Daniele Ganser: Der Schweizer Historiker klagte erfolgreich gegen ein von der Stadt Dortmund verh\u00e4ngtes Auftrittsverbot. Nun \u00fcberschlagen sich einige Medien und politische &#8220;B\u00fcndnisse&#8221; erneut mit Diffamierungen gegen ihn. Auch ein weiteres Verbot steht noch im Raum.\n            <\/div>\n<p><\/p>\n<div class=\"Text-root Text-type_5 ArticleView-text ViewText-root \">\n<p><em>Von Susan Bonath<\/em><\/p>\n<p>Die Stadt Dortmund darf dem Schweizer Historiker Daniele Ganser einen Vortrag zur Geschichte des Kriegsausbruchs in der Ukraine nicht verbieten. Das hat in letzter Instanz das Oberverwaltungsgericht (OVG) Nordrhein-Westfalen entschieden. Das Gericht habe in seinem <a rel=\"nofollow noopener\" target=\"_blank\" href=\"https:\/\/www.ovg.nrw.de\/behoerde\/presse\/pressemitteilungen\/22_230323\/index.php\">Urteil<\/a> verdeutlicht, &#8220;dass die im Artikel 5 des deutschen Grundgesetzes statuierte Meinungsfreiheit nicht den staatlichen Zugriff auf die Gesinnung erlaubt&#8221;, kommentierte Rechtsanw\u00e4ltin Kirsten K\u00f6nig die Entscheidung.<\/p>\n<p>&#8220;Ich freue mich einfach, dass die Redefreiheit wieder hergestellt ist&#8221;, sagte Daniele Ganser dazu am Freitag gegen\u00fcber der Autorin. Allerdings: Dass sich der Referent daf\u00fcr erst durch die Instanzen der Justiz k\u00e4mpfen musste, dies nicht zum ersten und wohl nicht zum letzten Mal, bleibt ein Skandal.<\/p>\n<p><strong>Nicht auf NATO-Linie<\/strong><\/p>\n<p>Ganser kritisiert seit Langem das imperialistische und kriegstreiberische Vorgehen der NATO. Die USA h\u00e4tten ma\u00dfgeblich den Krieg in der Ukraine mit forciert, um Russland zu schw\u00e4chen und ihren milit\u00e4rischen Einfluss auszuweiten. Die US-Regierung habe Geld in den Putsch auf dem Kiewer Maidan investiert, um ein antirussisches und prowestliches Regime zu installieren.<\/p>\n<p>F\u00fcr diesen Standpunkt, den Ganser in seinen Vortr\u00e4gen auf seiner aktuellen Tour durch Deutschland und \u00d6sterreich darlegt, gibt es zwar zahlreiche Belege, in die westliche Propaganda-Erz\u00e4hlung passt er allerdings ebenso wenig wie Gansers Forderung, die zunehmenden Waffenlieferungen in die Ukraine zu stoppen und nach Verhandlungen zu streben.<\/p>\n<p><strong>Von Medien diffamiert<\/strong><\/p>\n<p>Der f\u00fcr den 27. M\u00e4rz geplante Vortrag ist der zweite Auftritt Gansers in der Dortmunder Westfalenhallen seit 2021. Bereits im vergangenen November habe er mit dem kommunalen Unternehmen den Vertrag daf\u00fcr besiegelt. Die Pl\u00e4tze seien schnell ausverkauft gewesen. Doch nicht nur, dass sich rasch ein politisches B\u00fcndnis dagegen formierte, auch die Medien belegten den Historiker mit allerlei Beleidigungen.<\/p>\n<p>So <a rel=\"nofollow noopener\" target=\"_blank\" href=\"https:\/\/www.haz.de\/lokales\/hannover\/daniele-ganser-in-hannover-verschwoerungsrauner-im-kuppelsaal-XRNVZX7X4ZGZVMZ7RQPP7FZSTM.html\">betitelte<\/a>\u00a0die <em>Hannoversche Allgemeine<\/em> Ganser als &#8220;Verschw\u00f6rungsrauner&#8221;. Das \u00f6ffentlich-rechtliche <em>ZDF<\/em>\u00a0<a rel=\"nofollow noopener\" target=\"_blank\" href=\"https:\/\/www.zdf.de\/nachrichten\/politik\/daniele-ganser-ukraine-hannover-historiker-100.html\">warf ihm vor<\/a>, &#8220;Gesch\u00e4fte&#8221; mit &#8220;Verschw\u00f6rungsmythen&#8221; zu machen. Viele weitere Medien schlugen in die gleiche Kerbe, stellten ihn gar als Antisemiten und Rechtsextremisten dar. Stichhaltige Belege blieben sie s\u00e4mtlich schuldig. Schlie\u00dflich setzte Dortmunds Oberb\u00fcrgermeister Thomas Westphal (SPD) die Westfalenhallen unter Druck. Das Unternehmen k\u00fcndigte den Vertrag daraufhin einseitig \u2013 und der Historiker zog vor Gericht.<\/p>\n<p><strong>OVG: Staat muss Meinungsfreiheit wahren<\/strong><\/p>\n<p>Das OVG best\u00e4tigte mit seinem Beschluss das Urteil der Erstinstanz, des Verwaltungsgerichts Gelsenkirchen. Die Westfalenhallen m\u00fcssten als daf\u00fcr gedachte \u00f6ffentliche Einrichtung allen Veranstaltern offenstehen, sofern sie nicht gegen das Grundgesetz verstie\u00dfen oder eine Gefahr darstellten. Der Staat habe sie gleichzubehandeln, sein Spielraum bei der Auswahl sei begrenzt, so das Gericht.<\/p>\n<p>Grundlage daf\u00fcr sei das Grundrecht der B\u00fcrger auf freie Meinungs\u00e4u\u00dferung. Diese k\u00f6nne nur durch ein gut begr\u00fcndetes Gesetz eingeschr\u00e4nkt werden. Ein blo\u00dfer Stadtratsbeschluss in Form einer Erkl\u00e4rung sei aber kein Gesetz, f\u00fchrte das OVG aus und bekr\u00e4ftigte:<\/p>\n<blockquote>\n<p><em>&#8220;Dass eine Gefahr strafbarer \u00c4u\u00dferungen des Vortragenden besteht, ist dem Vorbringen der Stadt nicht zu entnehmen und auch sonst nicht ersichtlich.&#8221;<\/em><\/p>\n<\/blockquote>\n<p><strong>Presse und Politik legen nach<\/strong><\/p>\n<p>Kaum hatte das OVG entschieden, legten einige Medien mit weiteren Beleidigungen kr\u00e4ftig nach. Der <em>WDR<\/em>\u00a0<a rel=\"nofollow noopener\" target=\"_blank\" href=\"https:\/\/www1.wdr.de\/nachrichten\/ruhrgebiet\/aerger-auftritt-daniele-ganser-dortmund-100.html\">spulte<\/a>\u00a0sein bekanntes Repertoire an Kampfbegriffen \u2013 von &#8220;Verschw\u00f6rungserz\u00e4hler&#8221; bis &#8220;Antisemit&#8221; \u2013 erneut ab. Das vom Werbekonzern Str\u00f6er betriebene Internetportal <em>t-online<\/em>\u00a0<a rel=\"nofollow noopener\" target=\"_blank\" href=\"https:\/\/www.t-online.de\/region\/dortmund\/id_100149212\/daniele-ganser-gericht-erlaubt-seinen-auftritt-in-dortmund.html\">behauptete<\/a>, dass &#8220;Experten&#8221; Ganser f\u00fcr &#8220;brandgef\u00e4hrlich&#8221; hielten. Der <em>Deutschlandfunk<\/em> suggerierte Bezug nehmend auf omin\u00f6se &#8220;Kritiker&#8221;, dass der Historiker &#8220;kontrafaktische, antisemitische und antidemokratische Verschw\u00f6rungsfantasien&#8221; verbreite.<\/p>\n<p>Dass der OVG-Beschluss eine R\u00fcckkehr zu einer offenen Debattenkultur bewirkt, ist unwahrscheinlich. Weitere geplante Vortr\u00e4ge des Historikers stehen nach wie vor unter Beschuss von diversen politischen B\u00fcndnissen und Medien, zum Beispiel im baden-w\u00fcrttembergischen Leinfelden-Echterdingen. Der Druck auf den Rathauschef der Kleinstadt, Roland Klenk (CDU), wachse, <a rel=\"nofollow noopener\" target=\"_blank\" href=\"https:\/\/www.stuttgarter-nachrichten.de\/inhalt.geplanter-ganser-auftritt-in-leinfelden-der-druck-auf-rathauschef-klenk-waechst.8f0d0481-227a-4a66-a081-a6483c4e2afd.html\">titelten<\/a> die <em>Stuttgarter Nachrichten<\/em>.<\/p>\n<p>Im Gespr\u00e4ch mit der Autorin lobte Daniele Ganser am Freitag aber den Leinfelden-Echterdinger Oberb\u00fcrgermeister als &#8220;standhaft&#8221;. &#8220;Auch in vielen anderen St\u00e4dten, wie etwa in Rostock, habe es keine Probleme gegeben, sagte er. Allerdings stehe nun im bayrischen N\u00fcrnberg das Gleiche wie in Dortmund bevor: &#8220;Die Stadt hat meinen Vortrag verboten, aber wir hoffen, dass das Urteil aus Nordrhein-Westfalen dazu f\u00fchrt, dass sie es \u00fcberdenken&#8221;, so Ganser. Ansonsten werde seine Agentur, die NEMA Entertainment GmbH, wohl erneut vor Gericht ziehen.<\/p>\n<p><strong>Absurde Verleumdungen<\/strong>\u00a0<\/p>\n<p>Die Behauptung zahlreicher Medien, dass Ganser &#8220;antisemitische Thesen&#8221; verbreite, bezeichnete der Historiker gegen\u00fcber der Autorin als &#8220;absurd&#8221;. Die &#8220;Kritiker&#8221; beziehen sich dabei auf ein Video, in dem Ganser den Umgang mit Ungeimpften in der Coronakrise anprangerte. Da sei &#8220;ein ungeheurer Druck auf die Menschen aufgebaut&#8221; worden, sagte Ganser und f\u00fcgte an: &#8220;Es gibt ja historische Erfahrungen, wie es zur Verfolgung bestimmter Gruppen kam und wohin das f\u00fchren kann.&#8221; Daran habe er unter anderem mit Blick auf den Beginn der Naziherrschaft in Deutschland erinnert.<\/p>\n<p>Dies, so Ganser weiter, &#8220;wird mir nun als Gleichsetzung und Verharmlosung ausgelegt, obwohl mein Vergleich genau das nicht war&#8221;. Dann schreibe einer vom anderen ab. So habe man eine Behauptung kreiert, &#8220;die v\u00f6llig haltlos ist&#8221;. Weder mit Antisemitismus noch mit irgendeiner Form von Rassismus oder Menschenverachtung habe Ganser etwas zu tun, beteuerte er. Im Gegenteil: Er setze sich stets f\u00fcr Frieden, Verst\u00e4ndigung und Menschenw\u00fcrde ein.<\/p>\n<p><strong>Mehr zum Thema<\/strong> &#8211;\u00a0<a rel=\"nofollow noopener\" target=\"_blank\" href=\"https:\/\/meinungsfreiheit.rtde.life\/meinung\/163621-aus-kritikern-mach-nazis-oeffentlich\/\">Aus Kritikern mach Nazis: Die &#8220;\u00f6ffentlich-rechtlichen&#8221; Verschw\u00f6rungsmythen des WDR<\/a>\u00a0<\/p>\n<div class=\"EmbedBlock-root EmbedBlock-externalVideo EmbedBlock-vk\">\n<div class=\"VkEmbed\"><iframe class=\"lazyload\" data-src=\"https:\/\/vk.com\/video_ext.php?oid=-134310637&amp;id=456264155&amp;hash=697803aa05b42123\" frameborder=\"0\" width=\"853\" height=\"480\" allowfullscreen><\/iframe><\/div>\n<\/div>\n<\/div>\n<p><br \/>\n<br \/><a href=\"https:\/\/de.rt.com\/meinung\/166157-meinungsfreiheit-medien-wettern-gegen-gerichtsbeschluss-gegen-gerichtsbeschluss-ganser-auftritt\/\">Source link <\/a><\/p>\n","protected":false},"excerpt":{"rendered":"<p>&#8220;Keine Gefahr&#8221; durch Daniele Ganser: Der Schweizer Historiker klagte erfolgreich gegen ein von der Stadt Dortmund verh\u00e4ngtes Auftrittsverbot. Nun \u00fcberschlagen sich einige Medien und politische &#8220;B\u00fcndnisse&#8221; erneut mit Diffamierungen gegen ihn. Auch ein weiteres Verbot steht noch im Raum. Von Susan Bonath Die Stadt Dortmund darf dem Schweizer Historiker Daniele Ganser einen Vortrag zur Geschichte [&hellip;]<\/p>\n","protected":false},"author":3,"featured_media":32958,"comment_status":"open","ping_status":"open","sticky":false,"template":"","format":"standard","meta":{"_yoast_indexnow_last_ping":["1679756036"],"wp_automatic_camp":["217"],"2e56a623dd20194a2b8fdecb9c8a0ed3":["Meinungsfreiheit? Medien wettern gegen Gerichtsbeschluss f\u00fcr Ganser-Auftritt"],"original_link":["https:\/\/de.rt.com\/meinung\/166157-meinungsfreiheit-medien-wettern-gegen-gerichtsbeschluss-gegen-gerichtsbeschluss-ganser-auftritt\/"],"_thumbnail_id":["32958"],"_wptgpro_p2tg_sent2tg":["a:1:{i:23737;s:19:\"2023-03-25 16:55:09\";}"],"jnews_social_counter_last_update":["1777563377"]},"categories":[19,23],"tags":[221,42418,278,31589,580,7120,42417],"yoast_head":"<!-- This site is optimized with the Yoast SEO Premium plugin v22.7 (Yoast SEO v22.7) - https:\/\/yoast.com\/wordpress\/plugins\/seo\/ -->\n<title>Meinungsfreiheit? Medien wettern gegen Gerichtsbeschluss f\u00fcr Ganser-Auftritt - just-now.NEWS Deutschland<\/title>\n<meta name=\"robots\" content=\"index, follow, max-snippet:-1, max-image-preview:large, max-video-preview:-1\" \/>\n<link rel=\"canonical\" href=\"https:\/\/now-news.de\/de\/deutschland\/meinungsfreiheit-medien-wettern-gegen-gerichtsbeschluss-fuer-ganser-auftritt\/\" \/>\n<meta property=\"og:locale\" content=\"de_DE\" \/>\n<meta property=\"og:type\" content=\"article\" \/>\n<meta property=\"og:title\" content=\"Meinungsfreiheit? Medien wettern gegen Gerichtsbeschluss f\u00fcr Ganser-Auftritt\" \/>\n<meta property=\"og:description\" content=\"&#8220;Keine Gefahr&#8221; durch Daniele Ganser: Der Schweizer Historiker klagte erfolgreich gegen ein von der Stadt Dortmund verh\u00e4ngtes Auftrittsverbot. Nun \u00fcberschlagen sich einige Medien und politische &#8220;B\u00fcndnisse&#8221; erneut mit Diffamierungen gegen ihn. Auch ein weiteres Verbot steht noch im Raum. Von Susan Bonath Die Stadt Dortmund darf dem Schweizer Historiker Daniele Ganser einen Vortrag zur Geschichte [&hellip;]\" \/>\n<meta property=\"og:url\" content=\"https:\/\/now-news.de\/de\/deutschland\/meinungsfreiheit-medien-wettern-gegen-gerichtsbeschluss-fuer-ganser-auftritt\/\" \/>\n<meta property=\"og:site_name\" content=\"just-now.NEWS Deutschland\" \/>\n<meta property=\"article:publisher\" content=\"https:\/\/www.facebook.com\/wirmachenauf\" \/>\n<meta property=\"article:published_time\" content=\"2023-03-25T14:48:48+00:00\" \/>\n<meta property=\"og:image\" content=\"https:\/\/now-news.de\/de\/wp-content\/uploads\/sites\/3\/2023\/03\/Meinungsfreiheit-Medien-wettern-gegen-Gerichtsbeschluss-fuer-Ganser-Auftritt.jpg\" \/>\n\t<meta property=\"og:image:width\" content=\"460\" \/>\n\t<meta property=\"og:image:height\" content=\"259\" \/>\n\t<meta property=\"og:image:type\" content=\"image\/jpeg\" \/>\n<meta name=\"author\" content=\"rtnews\" \/>\n<meta name=\"twitter:card\" content=\"summary_large_image\" \/>\n<meta name=\"twitter:creator\" content=\"@WirMachenAuf_de\" \/>\n<meta name=\"twitter:site\" content=\"@WirMachenAuf_de\" \/>\n<meta name=\"twitter:label1\" content=\"Verfasst von\" \/>\n\t<meta name=\"twitter:data1\" content=\"rtnews\" \/>\n\t<meta name=\"twitter:label2\" content=\"Gesch\u00e4tzte Lesezeit\" \/>\n\t<meta name=\"twitter:data2\" content=\"5\u00a0Minuten\" \/>\n<script type=\"application\/ld+json\" class=\"yoast-schema-graph\">{\"@context\":\"https:\/\/schema.org\",\"@graph\":[{\"@type\":\"Article\",\"@id\":\"https:\/\/now-news.de\/de\/deutschland\/meinungsfreiheit-medien-wettern-gegen-gerichtsbeschluss-fuer-ganser-auftritt\/#article\",\"isPartOf\":{\"@id\":\"https:\/\/now-news.de\/de\/deutschland\/meinungsfreiheit-medien-wettern-gegen-gerichtsbeschluss-fuer-ganser-auftritt\/\"},\"author\":{\"name\":\"rtnews\",\"@id\":\"https:\/\/now-news.de\/de\/#\/schema\/person\/fb534a4e865501d8b3285208df34a9b5\"},\"headline\":\"Meinungsfreiheit? Medien wettern gegen Gerichtsbeschluss f\u00fcr Ganser-Auftritt\",\"datePublished\":\"2023-03-25T14:48:48+00:00\",\"dateModified\":\"2023-03-25T14:48:48+00:00\",\"mainEntityOfPage\":{\"@id\":\"https:\/\/now-news.de\/de\/deutschland\/meinungsfreiheit-medien-wettern-gegen-gerichtsbeschluss-fuer-ganser-auftritt\/\"},\"wordCount\":918,\"commentCount\":0,\"publisher\":{\"@id\":\"https:\/\/now-news.de\/de\/#organization\"},\"image\":{\"@id\":\"https:\/\/now-news.de\/de\/deutschland\/meinungsfreiheit-medien-wettern-gegen-gerichtsbeschluss-fuer-ganser-auftritt\/#primaryimage\"},\"thumbnailUrl\":\"https:\/\/now-news.de\/de\/wp-content\/uploads\/sites\/3\/2023\/03\/Meinungsfreiheit-Medien-wettern-gegen-Gerichtsbeschluss-fuer-Ganser-Auftritt.jpg\",\"keywords\":[\"f\u00fcr\",\"GanserAuftritt\",\"gegen\",\"Gerichtsbeschluss\",\"Medien\",\"Meinungsfreiheit\",\"wettern\"],\"articleSection\":[\"Deutschland\",\"Russland\"],\"inLanguage\":\"de\",\"potentialAction\":[{\"@type\":\"CommentAction\",\"name\":\"Comment\",\"target\":[\"https:\/\/now-news.de\/de\/deutschland\/meinungsfreiheit-medien-wettern-gegen-gerichtsbeschluss-fuer-ganser-auftritt\/#respond\"]}]},{\"@type\":\"WebPage\",\"@id\":\"https:\/\/now-news.de\/de\/deutschland\/meinungsfreiheit-medien-wettern-gegen-gerichtsbeschluss-fuer-ganser-auftritt\/\",\"url\":\"https:\/\/now-news.de\/de\/deutschland\/meinungsfreiheit-medien-wettern-gegen-gerichtsbeschluss-fuer-ganser-auftritt\/\",\"name\":\"Meinungsfreiheit? Medien wettern gegen Gerichtsbeschluss f\u00fcr Ganser-Auftritt - just-now.NEWS Deutschland\",\"isPartOf\":{\"@id\":\"https:\/\/now-news.de\/de\/#website\"},\"primaryImageOfPage\":{\"@id\":\"https:\/\/now-news.de\/de\/deutschland\/meinungsfreiheit-medien-wettern-gegen-gerichtsbeschluss-fuer-ganser-auftritt\/#primaryimage\"},\"image\":{\"@id\":\"https:\/\/now-news.de\/de\/deutschland\/meinungsfreiheit-medien-wettern-gegen-gerichtsbeschluss-fuer-ganser-auftritt\/#primaryimage\"},\"thumbnailUrl\":\"https:\/\/now-news.de\/de\/wp-content\/uploads\/sites\/3\/2023\/03\/Meinungsfreiheit-Medien-wettern-gegen-Gerichtsbeschluss-fuer-Ganser-Auftritt.jpg\",\"datePublished\":\"2023-03-25T14:48:48+00:00\",\"dateModified\":\"2023-03-25T14:48:48+00:00\",\"breadcrumb\":{\"@id\":\"https:\/\/now-news.de\/de\/deutschland\/meinungsfreiheit-medien-wettern-gegen-gerichtsbeschluss-fuer-ganser-auftritt\/#breadcrumb\"},\"inLanguage\":\"de\",\"potentialAction\":[{\"@type\":\"ReadAction\",\"target\":[\"https:\/\/now-news.de\/de\/deutschland\/meinungsfreiheit-medien-wettern-gegen-gerichtsbeschluss-fuer-ganser-auftritt\/\"]}]},{\"@type\":\"ImageObject\",\"inLanguage\":\"de\",\"@id\":\"https:\/\/now-news.de\/de\/deutschland\/meinungsfreiheit-medien-wettern-gegen-gerichtsbeschluss-fuer-ganser-auftritt\/#primaryimage\",\"url\":\"https:\/\/now-news.de\/de\/wp-content\/uploads\/sites\/3\/2023\/03\/Meinungsfreiheit-Medien-wettern-gegen-Gerichtsbeschluss-fuer-Ganser-Auftritt.jpg\",\"contentUrl\":\"https:\/\/now-news.de\/de\/wp-content\/uploads\/sites\/3\/2023\/03\/Meinungsfreiheit-Medien-wettern-gegen-Gerichtsbeschluss-fuer-Ganser-Auftritt.jpg\",\"width\":460,\"height\":259,\"caption\":\"Meinungsfreiheit? Medien wettern gegen Gerichtsbeschluss f\u00fcr Ganser-Auftritt\"},{\"@type\":\"BreadcrumbList\",\"@id\":\"https:\/\/now-news.de\/de\/deutschland\/meinungsfreiheit-medien-wettern-gegen-gerichtsbeschluss-fuer-ganser-auftritt\/#breadcrumb\",\"itemListElement\":[{\"@type\":\"ListItem\",\"position\":1,\"name\":\"Home\",\"item\":\"https:\/\/now-news.de\/de\/\"},{\"@type\":\"ListItem\",\"position\":2,\"name\":\"Meinungsfreiheit? Medien wettern gegen Gerichtsbeschluss f\u00fcr Ganser-Auftritt\"}]},{\"@type\":\"WebSite\",\"@id\":\"https:\/\/now-news.de\/de\/#website\",\"url\":\"https:\/\/now-news.de\/de\/\",\"name\":\"just-now.NEWS Deutschland\",\"description\":\"Das Portal f\u00fcr unzensierte Nachrichten aus der Welt\",\"publisher\":{\"@id\":\"https:\/\/now-news.de\/de\/#organization\"},\"potentialAction\":[{\"@type\":\"SearchAction\",\"target\":{\"@type\":\"EntryPoint\",\"urlTemplate\":\"https:\/\/now-news.de\/de\/?s={search_term_string}\"},\"query-input\":\"required name=search_term_string\"}],\"inLanguage\":\"de\"},{\"@type\":\"Organization\",\"@id\":\"https:\/\/now-news.de\/de\/#organization\",\"name\":\"Just Now News\",\"url\":\"https:\/\/now-news.de\/de\/\",\"logo\":{\"@type\":\"ImageObject\",\"inLanguage\":\"de\",\"@id\":\"https:\/\/now-news.de\/de\/#\/schema\/logo\/image\/\",\"url\":\"http:\/\/just-now.news\/de\/wp-content\/uploads\/sites\/3\/2022\/04\/logo500x500.jpg\",\"contentUrl\":\"http:\/\/just-now.news\/de\/wp-content\/uploads\/sites\/3\/2022\/04\/logo500x500.jpg\",\"width\":500,\"height\":500,\"caption\":\"Just Now News\"},\"image\":{\"@id\":\"https:\/\/now-news.de\/de\/#\/schema\/logo\/image\/\"},\"sameAs\":[\"https:\/\/www.facebook.com\/wirmachenauf\",\"https:\/\/x.com\/WirMachenAuf_de\"]},{\"@type\":\"Person\",\"@id\":\"https:\/\/now-news.de\/de\/#\/schema\/person\/fb534a4e865501d8b3285208df34a9b5\",\"name\":\"rtnews\",\"image\":{\"@type\":\"ImageObject\",\"inLanguage\":\"de\",\"@id\":\"https:\/\/now-news.de\/de\/#\/schema\/person\/image\/\",\"url\":\"https:\/\/secure.gravatar.com\/avatar\/82aafea7d8127119dd649515f56e2117?s=96&d=mm&r=g\",\"contentUrl\":\"https:\/\/secure.gravatar.com\/avatar\/82aafea7d8127119dd649515f56e2117?s=96&d=mm&r=g\",\"caption\":\"rtnews\"},\"url\":\"https:\/\/now-news.de\/de\/author\/rnews\/\"}]}<\/script>\n<!-- \/ Yoast SEO Premium plugin. -->","yoast_head_json":{"title":"Meinungsfreiheit? Medien wettern gegen Gerichtsbeschluss f\u00fcr Ganser-Auftritt - just-now.NEWS Deutschland","robots":{"index":"index","follow":"follow","max-snippet":"max-snippet:-1","max-image-preview":"max-image-preview:large","max-video-preview":"max-video-preview:-1"},"canonical":"https:\/\/now-news.de\/de\/deutschland\/meinungsfreiheit-medien-wettern-gegen-gerichtsbeschluss-fuer-ganser-auftritt\/","og_locale":"de_DE","og_type":"article","og_title":"Meinungsfreiheit? Medien wettern gegen Gerichtsbeschluss f\u00fcr Ganser-Auftritt","og_description":"&#8220;Keine Gefahr&#8221; durch Daniele Ganser: Der Schweizer Historiker klagte erfolgreich gegen ein von der Stadt Dortmund verh\u00e4ngtes Auftrittsverbot. Nun \u00fcberschlagen sich einige Medien und politische &#8220;B\u00fcndnisse&#8221; erneut mit Diffamierungen gegen ihn. Auch ein weiteres Verbot steht noch im Raum. Von Susan Bonath Die Stadt Dortmund darf dem Schweizer Historiker Daniele Ganser einen Vortrag zur Geschichte [&hellip;]","og_url":"https:\/\/now-news.de\/de\/deutschland\/meinungsfreiheit-medien-wettern-gegen-gerichtsbeschluss-fuer-ganser-auftritt\/","og_site_name":"just-now.NEWS Deutschland","article_publisher":"https:\/\/www.facebook.com\/wirmachenauf","article_published_time":"2023-03-25T14:48:48+00:00","og_image":[{"width":460,"height":259,"url":"https:\/\/now-news.de\/de\/wp-content\/uploads\/sites\/3\/2023\/03\/Meinungsfreiheit-Medien-wettern-gegen-Gerichtsbeschluss-fuer-Ganser-Auftritt.jpg","type":"image\/jpeg"}],"author":"rtnews","twitter_card":"summary_large_image","twitter_creator":"@WirMachenAuf_de","twitter_site":"@WirMachenAuf_de","twitter_misc":{"Verfasst von":"rtnews","Gesch\u00e4tzte Lesezeit":"5\u00a0Minuten"},"schema":{"@context":"https:\/\/schema.org","@graph":[{"@type":"Article","@id":"https:\/\/now-news.de\/de\/deutschland\/meinungsfreiheit-medien-wettern-gegen-gerichtsbeschluss-fuer-ganser-auftritt\/#article","isPartOf":{"@id":"https:\/\/now-news.de\/de\/deutschland\/meinungsfreiheit-medien-wettern-gegen-gerichtsbeschluss-fuer-ganser-auftritt\/"},"author":{"name":"rtnews","@id":"https:\/\/now-news.de\/de\/#\/schema\/person\/fb534a4e865501d8b3285208df34a9b5"},"headline":"Meinungsfreiheit? Medien wettern gegen Gerichtsbeschluss f\u00fcr Ganser-Auftritt","datePublished":"2023-03-25T14:48:48+00:00","dateModified":"2023-03-25T14:48:48+00:00","mainEntityOfPage":{"@id":"https:\/\/now-news.de\/de\/deutschland\/meinungsfreiheit-medien-wettern-gegen-gerichtsbeschluss-fuer-ganser-auftritt\/"},"wordCount":918,"commentCount":0,"publisher":{"@id":"https:\/\/now-news.de\/de\/#organization"},"image":{"@id":"https:\/\/now-news.de\/de\/deutschland\/meinungsfreiheit-medien-wettern-gegen-gerichtsbeschluss-fuer-ganser-auftritt\/#primaryimage"},"thumbnailUrl":"https:\/\/now-news.de\/de\/wp-content\/uploads\/sites\/3\/2023\/03\/Meinungsfreiheit-Medien-wettern-gegen-Gerichtsbeschluss-fuer-Ganser-Auftritt.jpg","keywords":["f\u00fcr","GanserAuftritt","gegen","Gerichtsbeschluss","Medien","Meinungsfreiheit","wettern"],"articleSection":["Deutschland","Russland"],"inLanguage":"de","potentialAction":[{"@type":"CommentAction","name":"Comment","target":["https:\/\/now-news.de\/de\/deutschland\/meinungsfreiheit-medien-wettern-gegen-gerichtsbeschluss-fuer-ganser-auftritt\/#respond"]}]},{"@type":"WebPage","@id":"https:\/\/now-news.de\/de\/deutschland\/meinungsfreiheit-medien-wettern-gegen-gerichtsbeschluss-fuer-ganser-auftritt\/","url":"https:\/\/now-news.de\/de\/deutschland\/meinungsfreiheit-medien-wettern-gegen-gerichtsbeschluss-fuer-ganser-auftritt\/","name":"Meinungsfreiheit? Medien wettern gegen Gerichtsbeschluss f\u00fcr Ganser-Auftritt - just-now.NEWS Deutschland","isPartOf":{"@id":"https:\/\/now-news.de\/de\/#website"},"primaryImageOfPage":{"@id":"https:\/\/now-news.de\/de\/deutschland\/meinungsfreiheit-medien-wettern-gegen-gerichtsbeschluss-fuer-ganser-auftritt\/#primaryimage"},"image":{"@id":"https:\/\/now-news.de\/de\/deutschland\/meinungsfreiheit-medien-wettern-gegen-gerichtsbeschluss-fuer-ganser-auftritt\/#primaryimage"},"thumbnailUrl":"https:\/\/now-news.de\/de\/wp-content\/uploads\/sites\/3\/2023\/03\/Meinungsfreiheit-Medien-wettern-gegen-Gerichtsbeschluss-fuer-Ganser-Auftritt.jpg","datePublished":"2023-03-25T14:48:48+00:00","dateModified":"2023-03-25T14:48:48+00:00","breadcrumb":{"@id":"https:\/\/now-news.de\/de\/deutschland\/meinungsfreiheit-medien-wettern-gegen-gerichtsbeschluss-fuer-ganser-auftritt\/#breadcrumb"},"inLanguage":"de","potentialAction":[{"@type":"ReadAction","target":["https:\/\/now-news.de\/de\/deutschland\/meinungsfreiheit-medien-wettern-gegen-gerichtsbeschluss-fuer-ganser-auftritt\/"]}]},{"@type":"ImageObject","inLanguage":"de","@id":"https:\/\/now-news.de\/de\/deutschland\/meinungsfreiheit-medien-wettern-gegen-gerichtsbeschluss-fuer-ganser-auftritt\/#primaryimage","url":"https:\/\/now-news.de\/de\/wp-content\/uploads\/sites\/3\/2023\/03\/Meinungsfreiheit-Medien-wettern-gegen-Gerichtsbeschluss-fuer-Ganser-Auftritt.jpg","contentUrl":"https:\/\/now-news.de\/de\/wp-content\/uploads\/sites\/3\/2023\/03\/Meinungsfreiheit-Medien-wettern-gegen-Gerichtsbeschluss-fuer-Ganser-Auftritt.jpg","width":460,"height":259,"caption":"Meinungsfreiheit? Medien wettern gegen Gerichtsbeschluss f\u00fcr Ganser-Auftritt"},{"@type":"BreadcrumbList","@id":"https:\/\/now-news.de\/de\/deutschland\/meinungsfreiheit-medien-wettern-gegen-gerichtsbeschluss-fuer-ganser-auftritt\/#breadcrumb","itemListElement":[{"@type":"ListItem","position":1,"name":"Home","item":"https:\/\/now-news.de\/de\/"},{"@type":"ListItem","position":2,"name":"Meinungsfreiheit? Medien wettern gegen Gerichtsbeschluss f\u00fcr Ganser-Auftritt"}]},{"@type":"WebSite","@id":"https:\/\/now-news.de\/de\/#website","url":"https:\/\/now-news.de\/de\/","name":"just-now.NEWS Deutschland","description":"Das Portal f\u00fcr unzensierte Nachrichten aus der Welt","publisher":{"@id":"https:\/\/now-news.de\/de\/#organization"},"potentialAction":[{"@type":"SearchAction","target":{"@type":"EntryPoint","urlTemplate":"https:\/\/now-news.de\/de\/?s={search_term_string}"},"query-input":"required name=search_term_string"}],"inLanguage":"de"},{"@type":"Organization","@id":"https:\/\/now-news.de\/de\/#organization","name":"Just Now News","url":"https:\/\/now-news.de\/de\/","logo":{"@type":"ImageObject","inLanguage":"de","@id":"https:\/\/now-news.de\/de\/#\/schema\/logo\/image\/","url":"http:\/\/just-now.news\/de\/wp-content\/uploads\/sites\/3\/2022\/04\/logo500x500.jpg","contentUrl":"http:\/\/just-now.news\/de\/wp-content\/uploads\/sites\/3\/2022\/04\/logo500x500.jpg","width":500,"height":500,"caption":"Just Now News"},"image":{"@id":"https:\/\/now-news.de\/de\/#\/schema\/logo\/image\/"},"sameAs":["https:\/\/www.facebook.com\/wirmachenauf","https:\/\/x.com\/WirMachenAuf_de"]},{"@type":"Person","@id":"https:\/\/now-news.de\/de\/#\/schema\/person\/fb534a4e865501d8b3285208df34a9b5","name":"rtnews","image":{"@type":"ImageObject","inLanguage":"de","@id":"https:\/\/now-news.de\/de\/#\/schema\/person\/image\/","url":"https:\/\/secure.gravatar.com\/avatar\/82aafea7d8127119dd649515f56e2117?s=96&d=mm&r=g","contentUrl":"https:\/\/secure.gravatar.com\/avatar\/82aafea7d8127119dd649515f56e2117?s=96&d=mm&r=g","caption":"rtnews"},"url":"https:\/\/now-news.de\/de\/author\/rnews\/"}]}},"_links":{"self":[{"href":"https:\/\/now-news.de\/de\/wp-json\/wp\/v2\/posts\/32957"}],"collection":[{"href":"https:\/\/now-news.de\/de\/wp-json\/wp\/v2\/posts"}],"about":[{"href":"https:\/\/now-news.de\/de\/wp-json\/wp\/v2\/types\/post"}],"author":[{"embeddable":true,"href":"https:\/\/now-news.de\/de\/wp-json\/wp\/v2\/users\/3"}],"replies":[{"embeddable":true,"href":"https:\/\/now-news.de\/de\/wp-json\/wp\/v2\/comments?post=32957"}],"version-history":[{"count":0,"href":"https:\/\/now-news.de\/de\/wp-json\/wp\/v2\/posts\/32957\/revisions"}],"wp:featuredmedia":[{"embeddable":true,"href":"https:\/\/now-news.de\/de\/wp-json\/wp\/v2\/media\/32958"}],"wp:attachment":[{"href":"https:\/\/now-news.de\/de\/wp-json\/wp\/v2\/media?parent=32957"}],"wp:term":[{"taxonomy":"category","embeddable":true,"href":"https:\/\/now-news.de\/de\/wp-json\/wp\/v2\/categories?post=32957"},{"taxonomy":"post_tag","embeddable":true,"href":"https:\/\/now-news.de\/de\/wp-json\/wp\/v2\/tags?post=32957"}],"curies":[{"name":"wp","href":"https:\/\/api.w.org\/{rel}","templated":true}]}}