{"id":32893,"date":"2023-03-24T10:53:56","date_gmt":"2023-03-24T08:53:56","guid":{"rendered":"http:\/\/just-now.news\/de\/deutschland\/rentenproteste-in-frankreich-eskalieren-rathaus-von-bordeaux-in-brand-gesetzt\/"},"modified":"2023-03-24T10:53:56","modified_gmt":"2023-03-24T08:53:56","slug":"rentenproteste-in-frankreich-eskalieren-rathaus-von-bordeaux-in-brand-gesetzt","status":"publish","type":"post","link":"https:\/\/now-news.de\/de\/deutschland\/rentenproteste-in-frankreich-eskalieren-rathaus-von-bordeaux-in-brand-gesetzt\/","title":{"rendered":"Rentenproteste in Frankreich eskalieren: Rathaus von Bordeaux in Brand gesetzt"},"content":{"rendered":"<p><img decoding=\"async\" src=\"http:\/\/just-now.news\/de\/wp-content\/uploads\/sites\/3\/2023\/03\/641d5748b480cc690521c28d.jpg\" \/><\/p>\n<div class=\"Text-root Text-type_1 \">\n                In Frankreich haben am Donnerstag mindestens eine Million Menschen erneut gegen die franz\u00f6sische Rentenreform demonstriert. In Paris kam es zu Ausschreitungen, in Bordeaux brannte das Rathaus.\n            <\/div>\n<p><\/p>\n<div class=\"Text-root Text-type_5 ArticleView-text ViewText-root \">\n<p>Im Zuge der Proteste gegen die umstrittene Rentenreform von Frankreichs Pr\u00e4sident Emmanuel Macron haben Protestierende am sp\u00e4ten Donnerstagabend das Rathaus von Bordeaux in Brand gesetzt. Im ganzen Land gingen laut Beh\u00f6rdenangaben mehr als eine Million Menschen auf die Stra\u00dfe. In einigen Orten kam es zu gewaltt\u00e4tigen Ausschreitungen, w\u00e4hrend die Gewerkschaften f\u00fcr die kommende Woche zu neuen landesweiten Streiks und Protesten aufriefen.<\/p>\n<p>Nach Angaben des Innenministeriums nahmen allein an der Demonstration in Paris, die wie zahlreiche andere Demonstrationen auch von Gewalt \u00fcberschattet wurde, 119.000 Menschen teil, was f\u00fcr die Hauptstadt einen Rekord bei den Rentenprotesten darstellt. Angesichts der starken Beteiligung riefen die Gewerkschaften rasch zu neuen Protesten und Streiks am Dienstag auf, jenem Tag, an dem der britische K\u00f6nig Charles III. zu einem Besuch in Bordeaux erwartet wird. Die schwere Holzt\u00fcr des eleganten Rathauses von Bordeaux war am Donnerstagabend mit Blick auf den anstehenden Besuch von Mitgliedern einer nicht genehmigten Demonstration in Brand gesetzt und zerst\u00f6rt worden, wie die Zeitung <em>Sud Ouest<\/em> berichtet.<\/p>\n<div class=\"EmbedBlock-root EmbedBlock-twitter\">\n<div class=\"TwitterEmbed\">\n<blockquote class=\"twitter-tweet lazyload\" data-twitter=\"twitter-tweet\">\n<p lang=\"fr\" dir=\"ltr\">Ils ont foutu le feu a la mairie a Bordeaux &#8230; <a rel=\"nofollow noopener\" target=\"_blank\" href=\"https:\/\/t.co\/o7UF1c89KJ\">pic.twitter.com\/o7UF1c89KJ<\/a><\/p>\n<p>\u2014 Bookee \ud83c\udfb8\ud83c\uddeb\ud83c\uddf7 (@Bookee0) <a rel=\"nofollow noopener\" target=\"_blank\" href=\"https:\/\/twitter.com\/Bookee0\/status\/1638984870222282753?ref_src=twsrc%5Etfw\">March 23, 2023<\/a><\/p><\/blockquote>\n<\/div>\n<\/div>\n<p>Bei dem Brand besch\u00e4digt worden sei jedoch lediglich das Portal eines S\u00e4ulengangs, das zum Vorhof des Rathauses f\u00fchre, wie eine Sprecherin der zust\u00e4ndigen Pr\u00e4fektur gegen\u00fcber Reportern mitteilte. Dies sei vor allem dem schnellen Eingreifen der Feuerwehr zu verdanken gewesen, die den Brand schnell im Griff gehabt habe, so die Sprecherin weiter. Einer der Brandstifter sei inzwischen festgenommen worden.\u00a0Innenminister G\u00e9rald Darmanin, der noch am Donnerstagabend im Polizeipr\u00e4sidium der Stadt einkehrte, versicherte, dass die Sicherheit &#8220;kein Problem&#8221; darstelle und der britische Monarch &#8220;gut empfangen und willkommen gehei\u00dfen&#8221; werde, wie die Nachrichtenagentur <em>AP<\/em> berichtet. Dennoch gestand er ein, es habe am Donnerstag eine &#8220;enorme Entw\u00fcrdigung&#8221; von \u00f6ffentlichen Geb\u00e4uden und Gesch\u00e4ften gegeben, &#8220;weit mehr als bei vorangegangenen Demonstrationen&#8221;.<\/p>\n<p>Damit bezog der Minister sich auf den Umstand, dass es am Donnerstag im Zuge der Proteste auch in anderen St\u00e4dten zu Ausschreitungen gekommen war. In Paris etwa spiegelten die Stra\u00dfenschlachten zwischen der Polizei und schwarz gekleideten, maskierten Gruppen, die mindestens zwei Schnellrestaurants, einen Supermarkt und eine Bank angriffen, die zunehmende Gewalt wider und lenkten die Aufmerksamkeit von den Zehntausenden friedlichen Demonstranten ab. Die Polizei, die mit Molotowcocktails, Gegenst\u00e4nden und Feuerwerksk\u00f6rpern beworfen wurde, griff mehrfach an und setzte Tr\u00e4nengas ein, um die Randalierer zu vertreiben. Ein Teil des Place de l&#8217;Op\u00e9ra, wo sich die Demonstranten am Ende des Marsches versammelten, war in einen Dunst aus Tr\u00e4nengasschwaden geh\u00fcllt. Darmanin gab die Zahl der Radikalen mit etwa 1.500 an.<\/p>\n<div class=\"EmbedBlock-root EmbedBlock-twitter\">\n<div class=\"TwitterEmbed\">\n<blockquote class=\"twitter-tweet lazyload\" data-twitter=\"twitter-tweet\">\n<p lang=\"en\" dir=\"ltr\">Firefighters extinguished fires on Paris streets after demonstrators set trash ablaze during protests against President Emmanuel Macron&#8217;s plan to raise the pension age <a rel=\"nofollow noopener\" target=\"_blank\" href=\"https:\/\/t.co\/2ugxErHl66\">https:\/\/t.co\/2ugxErHl66<\/a><a rel=\"nofollow noopener\" target=\"_blank\" href=\"https:\/\/t.co\/AzUMphgdKo\">pic.twitter.com\/AzUMphgdKo<\/a><\/p>\n<p>\u2014 Reuters (@Reuters) <a rel=\"nofollow noopener\" target=\"_blank\" href=\"https:\/\/twitter.com\/Reuters\/status\/1639107268934537217?ref_src=twsrc%5Etfw\">March 24, 2023<\/a><\/p><\/blockquote>\n<\/div>\n<\/div>\n<p>Auch bei anderen Demonstrationen kam es zu Ausschreitungen, insbesondere in den westlichen St\u00e4dten Nantes, Rennes und Lorient \u2013 wo ein Verwaltungsgeb\u00e4ude angegriffen und der Innenhof der Polizeistation in Brand gesetzt wurde. Zu \u00e4hnlichen Szenen kam es auch in Lyon im S\u00fcdosten Frankreichs. Nach Angaben des Innenministeriums wurden am Donnerstag insgesamt mehr als 170 Menschen festgenommen. In der nordfranz\u00f6sischen Stadt Rouen wurde Medienberichten zufolge eine junge Frau gesehen, die am Boden lag, nachdem sie eine schwere Verletzung an der Hand erlitten hatte. Zeugen berichteten, sie habe ihren Daumen verloren, nachdem sie von einer sogenannten Blendgranate getroffen worden war, die zuvor von der Polizei abgefeuert worden war, um Demonstranten zu vertreiben.<\/p>\n<p>&#8220;Ich bin gegen diese Reform und ich bin wirklich dagegen, dass die Demokratie nichts mehr bedeutet&#8221;, rechtfertigte sich ein Demonstrant gegen\u00fcber <em>Reuters<\/em>. &#8220;Wir werden nicht repr\u00e4sentiert, und deshalb haben wir die Nase voll.&#8221; Nur durch Proteste k\u00f6nnten sie sich Geh\u00f6r verschaffen, erkl\u00e4rte ein anderer Protestteilnehmer der Nachrichtenagentur <em>AFP<\/em>. Denn auf anderen Wegen sei es nicht gelungen, &#8220;diese Reform zur\u00fcckzunehmen&#8221;. Die Proteste legten auch den Zugverkehr und die \u00d6lraffinerien lahm. Aber auch Lehrer und Mitarbeiter des Pariser Flughafens Charles de Gaulle legten die Arbeit nieder.<\/p>\n<p>Beliebte Touristenattraktionen wie der Eiffelturm und das Schloss von Versailles, in dem n\u00e4chste Woche ein Abendessen f\u00fcr K\u00f6nig Charles III. und den franz\u00f6sischen Pr\u00e4sidenten geplant ist, blieben am Donnerstag ebenfalls geschlossen. Und mit einem Abflauen der Proteste ist weiterhin nicht zu rechnen: Umfragen zufolge lehnen die meisten Franzosen den Gesetzentwurf von Pr\u00e4sident Macron zur Anhebung des Renteneintrittsalters von 62 auf 64 Jahre ab. Dieser jedoch argumentiert, sie sei notwendig, um das System finanzierbar zu halten. Gegner der Reform schlagen andere L\u00f6sungen vor, darunter h\u00f6here Steuern f\u00fcr Wohlhabende oder Unternehmen, die laut Macron jedoch der Wirtschaft schaden w\u00fcrden.\u00a0<\/p>\n<p>Die landesweiten Protestaktionen waren eine Reaktion auf eine Ansprache des\u00a0franz\u00f6sischen Pr\u00e4sidenten, in der er am Mittwoch versichert hatte, trotz der Proteste an den Pl\u00e4nen zur Erh\u00f6hung des Rentenalters festhalten zu wollen. Ebenso hatte er die Forderung der Gewerkschaften und\u00a0 Oppositionsparteien zur\u00fcckgewiesen, er solle &#8220;dem wachsenden Volkszorn Rechnung tragen&#8221;. Kritiker griffen Macron daraufhin f\u00fcr seine \u00c4u\u00dferungen an und bezeichneten ihn als &#8220;selbstgef\u00e4llig&#8221;, &#8220;weltfremd&#8221; und &#8220;beleidigend&#8221;.\u00a0&#8220;Die Stra\u00dfe hat in Frankreich eine Legitimit\u00e4t&#8221;, so ein Demonstrant in Nantes. &#8220;Wenn Herr Macron sich nicht an diese historische Realit\u00e4t erinnern kann, wei\u00df ich nicht, was er hier macht.&#8221;<\/p>\n<div class=\"EmbedBlock-root EmbedBlock-twitter\">\n<div class=\"TwitterEmbed\">\n<blockquote class=\"twitter-tweet lazyload\" data-twitter=\"twitter-tweet\">\n<p lang=\"fr\" dir=\"ltr\">Le c\u0153ur de la bataille, c&#8217;est le plein-emploi. <a rel=\"nofollow noopener\" target=\"_blank\" href=\"https:\/\/t.co\/AERUMJ5frQ\">pic.twitter.com\/AERUMJ5frQ<\/a><\/p>\n<p>\u2014 Emmanuel Macron (@EmmanuelMacron) <a rel=\"nofollow noopener\" target=\"_blank\" href=\"https:\/\/twitter.com\/EmmanuelMacron\/status\/1638615621419016195?ref_src=twsrc%5Etfw\">March 22, 2023<\/a><\/p><\/blockquote>\n<\/div>\n<\/div>\n<p>&#8220;W\u00e4hrend der Pr\u00e4sident versucht, das Blatt zu wenden, best\u00e4tigt diese soziale und gewerkschaftliche Bewegung &#8230; die Entschlossenheit der Welt der Arbeitnehmer und der Jugend, die R\u00fccknahme der Reform zu erreichen&#8221;, erkl\u00e4rten die acht Gewerkschaften, die die Proteste organisieren, in einer Erkl\u00e4rung. Sie riefen zu weiteren lokalen Aktionen an diesem Wochenende und zu neuen landesweiten Streiks und Protesten am Dienstag auf.<\/p>\n<p>Die Gewalt, zu der es bei Protesten in Frankreich immer wieder kommt, hatte in den letzten Tagen zugenommen. Die Polizei in Frankreich bereitet sich nach eigenen Angaben daher vor allem in Paris auf weitere gewaltsame Ausschreitungen vor. Laut Darmanin seien am Donnerstag zus\u00e4tzlich 12.000 Polizisten im Einsatz gewesen, davon 5.000 allein in Paris. Das Bildungsministerium teilte in einer Erkl\u00e4rung mit, dass etwa 24 Prozent der Lehrer an Grund- und Mittelschulen und 15 Prozent der Lehrkr\u00e4fte an Gymnasien am Donnerstag die Arbeit niederlegten. Am Pariser Bahnhof Gare de Lyon gingen laut Medienberichten mehrere hundert Streikende auf die Gleise, um die Weiterfahrt der Z\u00fcge zu verhindern, schwenkten Fackeln und skandierten:\u00a0<\/p>\n<blockquote>\n<p><em>&#8220;Und wir werden streiken, und wir werden streiken bis zum R\u00fccktritt (Macrons). Macron, geh weg. Der Pr\u00e4sident der Republik ist kein K\u00f6nig.&#8221;\u00a0<\/em><\/p>\n<\/blockquote>\n<p><strong>Mehr zum Thema\u00a0\u2013 <\/strong><a rel=\"nofollow noopener\" target=\"_blank\" href=\"https:\/\/test.rtde.tech\/europa\/166108-frankreich-proteste-eskalieren-innenstaedte-stehen-flammen-hundert-polizisten-verletzt\/\">Frankreich: Proteste eskalieren, Innenst\u00e4dte stehen in Flammen, mehr als hundert Polizisten verletzt<\/a><\/p>\n<\/div>\n<p><script async src=\"https:\/\/platform.twitter.com\/widgets.js\" charset=\"utf-8\"><\/script><br \/>\n<br \/><br \/>\n<br \/><a href=\"https:\/\/de.rt.com\/europa\/166110-rentenproteste-in-frankreich-eskalieren-rathaus\/\">Source link <\/a><\/p>\n","protected":false},"excerpt":{"rendered":"<p>In Frankreich haben am Donnerstag mindestens eine Million Menschen erneut gegen die franz\u00f6sische Rentenreform demonstriert. In Paris kam es zu Ausschreitungen, in Bordeaux brannte das Rathaus. Im Zuge der Proteste gegen die umstrittene Rentenreform von Frankreichs Pr\u00e4sident Emmanuel Macron haben Protestierende am sp\u00e4ten Donnerstagabend das Rathaus von Bordeaux in Brand gesetzt. Im ganzen Land gingen [&hellip;]<\/p>\n","protected":false},"author":3,"featured_media":32894,"comment_status":"open","ping_status":"open","sticky":false,"template":"","format":"standard","meta":{"_yoast_indexnow_last_ping":["1679648698"],"wp_automatic_camp":["217"],"a4b2df0a1feaa4307111447b18dcda1d":["Rentenproteste in Frankreich eskalieren: Rathaus von Bordeaux in Brand gesetzt"],"original_link":["https:\/\/de.rt.com\/europa\/166110-rentenproteste-in-frankreich-eskalieren-rathaus\/"],"_thumbnail_id":["32894"],"_wptgpro_p2tg_sent2tg":["a:1:{i:23737;s:19:\"2023-03-24 11:06:08\";}"],"jnews_social_counter_last_update":["1777613613"]},"categories":[19,23],"tags":[42377,5430,21124,3320,41385,42376,42375,50],"yoast_head":"<!-- This site is optimized with the Yoast SEO Premium plugin v22.7 (Yoast SEO v22.7) - https:\/\/yoast.com\/wordpress\/plugins\/seo\/ -->\n<title>Rentenproteste in Frankreich eskalieren: Rathaus von Bordeaux in Brand gesetzt - just-now.NEWS Deutschland<\/title>\n<meta name=\"robots\" content=\"index, follow, max-snippet:-1, max-image-preview:large, max-video-preview:-1\" \/>\n<link rel=\"canonical\" href=\"https:\/\/now-news.de\/de\/deutschland\/rentenproteste-in-frankreich-eskalieren-rathaus-von-bordeaux-in-brand-gesetzt\/\" \/>\n<meta property=\"og:locale\" content=\"de_DE\" \/>\n<meta property=\"og:type\" content=\"article\" \/>\n<meta property=\"og:title\" content=\"Rentenproteste in Frankreich eskalieren: Rathaus von Bordeaux in Brand gesetzt\" \/>\n<meta property=\"og:description\" content=\"In Frankreich haben am Donnerstag mindestens eine Million Menschen erneut gegen die franz\u00f6sische Rentenreform demonstriert. In Paris kam es zu Ausschreitungen, in Bordeaux brannte das Rathaus. Im Zuge der Proteste gegen die umstrittene Rentenreform von Frankreichs Pr\u00e4sident Emmanuel Macron haben Protestierende am sp\u00e4ten Donnerstagabend das Rathaus von Bordeaux in Brand gesetzt. Im ganzen Land gingen [&hellip;]\" \/>\n<meta property=\"og:url\" content=\"https:\/\/now-news.de\/de\/deutschland\/rentenproteste-in-frankreich-eskalieren-rathaus-von-bordeaux-in-brand-gesetzt\/\" \/>\n<meta property=\"og:site_name\" content=\"just-now.NEWS Deutschland\" \/>\n<meta property=\"article:publisher\" content=\"https:\/\/www.facebook.com\/wirmachenauf\" \/>\n<meta property=\"article:published_time\" content=\"2023-03-24T08:53:56+00:00\" \/>\n<meta property=\"og:image\" content=\"https:\/\/now-news.de\/de\/wp-content\/uploads\/sites\/3\/2023\/03\/Rentenproteste-in-Frankreich-eskalieren-Rathaus-von-Bordeaux-in-Brand-gesetzt.jpg\" \/>\n\t<meta property=\"og:image:width\" content=\"460\" \/>\n\t<meta property=\"og:image:height\" content=\"259\" \/>\n\t<meta property=\"og:image:type\" content=\"image\/jpeg\" \/>\n<meta name=\"author\" content=\"rtnews\" \/>\n<meta name=\"twitter:card\" content=\"summary_large_image\" \/>\n<meta name=\"twitter:creator\" content=\"@WirMachenAuf_de\" \/>\n<meta name=\"twitter:site\" content=\"@WirMachenAuf_de\" \/>\n<meta name=\"twitter:label1\" content=\"Verfasst von\" \/>\n\t<meta name=\"twitter:data1\" content=\"rtnews\" \/>\n\t<meta name=\"twitter:label2\" content=\"Gesch\u00e4tzte Lesezeit\" \/>\n\t<meta name=\"twitter:data2\" content=\"6\u00a0Minuten\" \/>\n<script type=\"application\/ld+json\" class=\"yoast-schema-graph\">{\"@context\":\"https:\/\/schema.org\",\"@graph\":[{\"@type\":\"Article\",\"@id\":\"https:\/\/now-news.de\/de\/deutschland\/rentenproteste-in-frankreich-eskalieren-rathaus-von-bordeaux-in-brand-gesetzt\/#article\",\"isPartOf\":{\"@id\":\"https:\/\/now-news.de\/de\/deutschland\/rentenproteste-in-frankreich-eskalieren-rathaus-von-bordeaux-in-brand-gesetzt\/\"},\"author\":{\"name\":\"rtnews\",\"@id\":\"https:\/\/now-news.de\/de\/#\/schema\/person\/fb534a4e865501d8b3285208df34a9b5\"},\"headline\":\"Rentenproteste in Frankreich eskalieren: Rathaus von Bordeaux in Brand gesetzt\",\"datePublished\":\"2023-03-24T08:53:56+00:00\",\"dateModified\":\"2023-03-24T08:53:56+00:00\",\"mainEntityOfPage\":{\"@id\":\"https:\/\/now-news.de\/de\/deutschland\/rentenproteste-in-frankreich-eskalieren-rathaus-von-bordeaux-in-brand-gesetzt\/\"},\"wordCount\":1163,\"commentCount\":0,\"publisher\":{\"@id\":\"https:\/\/now-news.de\/de\/#organization\"},\"image\":{\"@id\":\"https:\/\/now-news.de\/de\/deutschland\/rentenproteste-in-frankreich-eskalieren-rathaus-von-bordeaux-in-brand-gesetzt\/#primaryimage\"},\"thumbnailUrl\":\"https:\/\/now-news.de\/de\/wp-content\/uploads\/sites\/3\/2023\/03\/Rentenproteste-in-Frankreich-eskalieren-Rathaus-von-Bordeaux-in-Brand-gesetzt.jpg\",\"keywords\":[\"Bordeaux\",\"Brand\",\"eskalieren\",\"Frankreich\",\"gesetzt\",\"Rathaus\",\"Rentenproteste\",\"von\"],\"articleSection\":[\"Deutschland\",\"Russland\"],\"inLanguage\":\"de\",\"potentialAction\":[{\"@type\":\"CommentAction\",\"name\":\"Comment\",\"target\":[\"https:\/\/now-news.de\/de\/deutschland\/rentenproteste-in-frankreich-eskalieren-rathaus-von-bordeaux-in-brand-gesetzt\/#respond\"]}]},{\"@type\":\"WebPage\",\"@id\":\"https:\/\/now-news.de\/de\/deutschland\/rentenproteste-in-frankreich-eskalieren-rathaus-von-bordeaux-in-brand-gesetzt\/\",\"url\":\"https:\/\/now-news.de\/de\/deutschland\/rentenproteste-in-frankreich-eskalieren-rathaus-von-bordeaux-in-brand-gesetzt\/\",\"name\":\"Rentenproteste in Frankreich eskalieren: Rathaus von Bordeaux in Brand gesetzt - just-now.NEWS Deutschland\",\"isPartOf\":{\"@id\":\"https:\/\/now-news.de\/de\/#website\"},\"primaryImageOfPage\":{\"@id\":\"https:\/\/now-news.de\/de\/deutschland\/rentenproteste-in-frankreich-eskalieren-rathaus-von-bordeaux-in-brand-gesetzt\/#primaryimage\"},\"image\":{\"@id\":\"https:\/\/now-news.de\/de\/deutschland\/rentenproteste-in-frankreich-eskalieren-rathaus-von-bordeaux-in-brand-gesetzt\/#primaryimage\"},\"thumbnailUrl\":\"https:\/\/now-news.de\/de\/wp-content\/uploads\/sites\/3\/2023\/03\/Rentenproteste-in-Frankreich-eskalieren-Rathaus-von-Bordeaux-in-Brand-gesetzt.jpg\",\"datePublished\":\"2023-03-24T08:53:56+00:00\",\"dateModified\":\"2023-03-24T08:53:56+00:00\",\"breadcrumb\":{\"@id\":\"https:\/\/now-news.de\/de\/deutschland\/rentenproteste-in-frankreich-eskalieren-rathaus-von-bordeaux-in-brand-gesetzt\/#breadcrumb\"},\"inLanguage\":\"de\",\"potentialAction\":[{\"@type\":\"ReadAction\",\"target\":[\"https:\/\/now-news.de\/de\/deutschland\/rentenproteste-in-frankreich-eskalieren-rathaus-von-bordeaux-in-brand-gesetzt\/\"]}]},{\"@type\":\"ImageObject\",\"inLanguage\":\"de\",\"@id\":\"https:\/\/now-news.de\/de\/deutschland\/rentenproteste-in-frankreich-eskalieren-rathaus-von-bordeaux-in-brand-gesetzt\/#primaryimage\",\"url\":\"https:\/\/now-news.de\/de\/wp-content\/uploads\/sites\/3\/2023\/03\/Rentenproteste-in-Frankreich-eskalieren-Rathaus-von-Bordeaux-in-Brand-gesetzt.jpg\",\"contentUrl\":\"https:\/\/now-news.de\/de\/wp-content\/uploads\/sites\/3\/2023\/03\/Rentenproteste-in-Frankreich-eskalieren-Rathaus-von-Bordeaux-in-Brand-gesetzt.jpg\",\"width\":460,\"height\":259,\"caption\":\"Rentenproteste in Frankreich eskalieren: Rathaus von Bordeaux in Brand gesetzt\"},{\"@type\":\"BreadcrumbList\",\"@id\":\"https:\/\/now-news.de\/de\/deutschland\/rentenproteste-in-frankreich-eskalieren-rathaus-von-bordeaux-in-brand-gesetzt\/#breadcrumb\",\"itemListElement\":[{\"@type\":\"ListItem\",\"position\":1,\"name\":\"Home\",\"item\":\"https:\/\/now-news.de\/de\/\"},{\"@type\":\"ListItem\",\"position\":2,\"name\":\"Rentenproteste in Frankreich eskalieren: Rathaus von Bordeaux in Brand gesetzt\"}]},{\"@type\":\"WebSite\",\"@id\":\"https:\/\/now-news.de\/de\/#website\",\"url\":\"https:\/\/now-news.de\/de\/\",\"name\":\"just-now.NEWS Deutschland\",\"description\":\"Das Portal f\u00fcr unzensierte Nachrichten aus der Welt\",\"publisher\":{\"@id\":\"https:\/\/now-news.de\/de\/#organization\"},\"potentialAction\":[{\"@type\":\"SearchAction\",\"target\":{\"@type\":\"EntryPoint\",\"urlTemplate\":\"https:\/\/now-news.de\/de\/?s={search_term_string}\"},\"query-input\":\"required name=search_term_string\"}],\"inLanguage\":\"de\"},{\"@type\":\"Organization\",\"@id\":\"https:\/\/now-news.de\/de\/#organization\",\"name\":\"Just Now News\",\"url\":\"https:\/\/now-news.de\/de\/\",\"logo\":{\"@type\":\"ImageObject\",\"inLanguage\":\"de\",\"@id\":\"https:\/\/now-news.de\/de\/#\/schema\/logo\/image\/\",\"url\":\"http:\/\/just-now.news\/de\/wp-content\/uploads\/sites\/3\/2022\/04\/logo500x500.jpg\",\"contentUrl\":\"http:\/\/just-now.news\/de\/wp-content\/uploads\/sites\/3\/2022\/04\/logo500x500.jpg\",\"width\":500,\"height\":500,\"caption\":\"Just Now News\"},\"image\":{\"@id\":\"https:\/\/now-news.de\/de\/#\/schema\/logo\/image\/\"},\"sameAs\":[\"https:\/\/www.facebook.com\/wirmachenauf\",\"https:\/\/x.com\/WirMachenAuf_de\"]},{\"@type\":\"Person\",\"@id\":\"https:\/\/now-news.de\/de\/#\/schema\/person\/fb534a4e865501d8b3285208df34a9b5\",\"name\":\"rtnews\",\"image\":{\"@type\":\"ImageObject\",\"inLanguage\":\"de\",\"@id\":\"https:\/\/now-news.de\/de\/#\/schema\/person\/image\/\",\"url\":\"https:\/\/secure.gravatar.com\/avatar\/82aafea7d8127119dd649515f56e2117?s=96&d=mm&r=g\",\"contentUrl\":\"https:\/\/secure.gravatar.com\/avatar\/82aafea7d8127119dd649515f56e2117?s=96&d=mm&r=g\",\"caption\":\"rtnews\"},\"url\":\"https:\/\/now-news.de\/de\/author\/rnews\/\"}]}<\/script>\n<!-- \/ Yoast SEO Premium plugin. -->","yoast_head_json":{"title":"Rentenproteste in Frankreich eskalieren: Rathaus von Bordeaux in Brand gesetzt - just-now.NEWS Deutschland","robots":{"index":"index","follow":"follow","max-snippet":"max-snippet:-1","max-image-preview":"max-image-preview:large","max-video-preview":"max-video-preview:-1"},"canonical":"https:\/\/now-news.de\/de\/deutschland\/rentenproteste-in-frankreich-eskalieren-rathaus-von-bordeaux-in-brand-gesetzt\/","og_locale":"de_DE","og_type":"article","og_title":"Rentenproteste in Frankreich eskalieren: Rathaus von Bordeaux in Brand gesetzt","og_description":"In Frankreich haben am Donnerstag mindestens eine Million Menschen erneut gegen die franz\u00f6sische Rentenreform demonstriert. In Paris kam es zu Ausschreitungen, in Bordeaux brannte das Rathaus. Im Zuge der Proteste gegen die umstrittene Rentenreform von Frankreichs Pr\u00e4sident Emmanuel Macron haben Protestierende am sp\u00e4ten Donnerstagabend das Rathaus von Bordeaux in Brand gesetzt. Im ganzen Land gingen [&hellip;]","og_url":"https:\/\/now-news.de\/de\/deutschland\/rentenproteste-in-frankreich-eskalieren-rathaus-von-bordeaux-in-brand-gesetzt\/","og_site_name":"just-now.NEWS Deutschland","article_publisher":"https:\/\/www.facebook.com\/wirmachenauf","article_published_time":"2023-03-24T08:53:56+00:00","og_image":[{"width":460,"height":259,"url":"https:\/\/now-news.de\/de\/wp-content\/uploads\/sites\/3\/2023\/03\/Rentenproteste-in-Frankreich-eskalieren-Rathaus-von-Bordeaux-in-Brand-gesetzt.jpg","type":"image\/jpeg"}],"author":"rtnews","twitter_card":"summary_large_image","twitter_creator":"@WirMachenAuf_de","twitter_site":"@WirMachenAuf_de","twitter_misc":{"Verfasst von":"rtnews","Gesch\u00e4tzte Lesezeit":"6\u00a0Minuten"},"schema":{"@context":"https:\/\/schema.org","@graph":[{"@type":"Article","@id":"https:\/\/now-news.de\/de\/deutschland\/rentenproteste-in-frankreich-eskalieren-rathaus-von-bordeaux-in-brand-gesetzt\/#article","isPartOf":{"@id":"https:\/\/now-news.de\/de\/deutschland\/rentenproteste-in-frankreich-eskalieren-rathaus-von-bordeaux-in-brand-gesetzt\/"},"author":{"name":"rtnews","@id":"https:\/\/now-news.de\/de\/#\/schema\/person\/fb534a4e865501d8b3285208df34a9b5"},"headline":"Rentenproteste in Frankreich eskalieren: Rathaus von Bordeaux in Brand gesetzt","datePublished":"2023-03-24T08:53:56+00:00","dateModified":"2023-03-24T08:53:56+00:00","mainEntityOfPage":{"@id":"https:\/\/now-news.de\/de\/deutschland\/rentenproteste-in-frankreich-eskalieren-rathaus-von-bordeaux-in-brand-gesetzt\/"},"wordCount":1163,"commentCount":0,"publisher":{"@id":"https:\/\/now-news.de\/de\/#organization"},"image":{"@id":"https:\/\/now-news.de\/de\/deutschland\/rentenproteste-in-frankreich-eskalieren-rathaus-von-bordeaux-in-brand-gesetzt\/#primaryimage"},"thumbnailUrl":"https:\/\/now-news.de\/de\/wp-content\/uploads\/sites\/3\/2023\/03\/Rentenproteste-in-Frankreich-eskalieren-Rathaus-von-Bordeaux-in-Brand-gesetzt.jpg","keywords":["Bordeaux","Brand","eskalieren","Frankreich","gesetzt","Rathaus","Rentenproteste","von"],"articleSection":["Deutschland","Russland"],"inLanguage":"de","potentialAction":[{"@type":"CommentAction","name":"Comment","target":["https:\/\/now-news.de\/de\/deutschland\/rentenproteste-in-frankreich-eskalieren-rathaus-von-bordeaux-in-brand-gesetzt\/#respond"]}]},{"@type":"WebPage","@id":"https:\/\/now-news.de\/de\/deutschland\/rentenproteste-in-frankreich-eskalieren-rathaus-von-bordeaux-in-brand-gesetzt\/","url":"https:\/\/now-news.de\/de\/deutschland\/rentenproteste-in-frankreich-eskalieren-rathaus-von-bordeaux-in-brand-gesetzt\/","name":"Rentenproteste in Frankreich eskalieren: Rathaus von Bordeaux in Brand gesetzt - just-now.NEWS Deutschland","isPartOf":{"@id":"https:\/\/now-news.de\/de\/#website"},"primaryImageOfPage":{"@id":"https:\/\/now-news.de\/de\/deutschland\/rentenproteste-in-frankreich-eskalieren-rathaus-von-bordeaux-in-brand-gesetzt\/#primaryimage"},"image":{"@id":"https:\/\/now-news.de\/de\/deutschland\/rentenproteste-in-frankreich-eskalieren-rathaus-von-bordeaux-in-brand-gesetzt\/#primaryimage"},"thumbnailUrl":"https:\/\/now-news.de\/de\/wp-content\/uploads\/sites\/3\/2023\/03\/Rentenproteste-in-Frankreich-eskalieren-Rathaus-von-Bordeaux-in-Brand-gesetzt.jpg","datePublished":"2023-03-24T08:53:56+00:00","dateModified":"2023-03-24T08:53:56+00:00","breadcrumb":{"@id":"https:\/\/now-news.de\/de\/deutschland\/rentenproteste-in-frankreich-eskalieren-rathaus-von-bordeaux-in-brand-gesetzt\/#breadcrumb"},"inLanguage":"de","potentialAction":[{"@type":"ReadAction","target":["https:\/\/now-news.de\/de\/deutschland\/rentenproteste-in-frankreich-eskalieren-rathaus-von-bordeaux-in-brand-gesetzt\/"]}]},{"@type":"ImageObject","inLanguage":"de","@id":"https:\/\/now-news.de\/de\/deutschland\/rentenproteste-in-frankreich-eskalieren-rathaus-von-bordeaux-in-brand-gesetzt\/#primaryimage","url":"https:\/\/now-news.de\/de\/wp-content\/uploads\/sites\/3\/2023\/03\/Rentenproteste-in-Frankreich-eskalieren-Rathaus-von-Bordeaux-in-Brand-gesetzt.jpg","contentUrl":"https:\/\/now-news.de\/de\/wp-content\/uploads\/sites\/3\/2023\/03\/Rentenproteste-in-Frankreich-eskalieren-Rathaus-von-Bordeaux-in-Brand-gesetzt.jpg","width":460,"height":259,"caption":"Rentenproteste in Frankreich eskalieren: Rathaus von Bordeaux in Brand gesetzt"},{"@type":"BreadcrumbList","@id":"https:\/\/now-news.de\/de\/deutschland\/rentenproteste-in-frankreich-eskalieren-rathaus-von-bordeaux-in-brand-gesetzt\/#breadcrumb","itemListElement":[{"@type":"ListItem","position":1,"name":"Home","item":"https:\/\/now-news.de\/de\/"},{"@type":"ListItem","position":2,"name":"Rentenproteste in Frankreich eskalieren: Rathaus von Bordeaux in Brand gesetzt"}]},{"@type":"WebSite","@id":"https:\/\/now-news.de\/de\/#website","url":"https:\/\/now-news.de\/de\/","name":"just-now.NEWS Deutschland","description":"Das Portal f\u00fcr unzensierte Nachrichten aus der Welt","publisher":{"@id":"https:\/\/now-news.de\/de\/#organization"},"potentialAction":[{"@type":"SearchAction","target":{"@type":"EntryPoint","urlTemplate":"https:\/\/now-news.de\/de\/?s={search_term_string}"},"query-input":"required name=search_term_string"}],"inLanguage":"de"},{"@type":"Organization","@id":"https:\/\/now-news.de\/de\/#organization","name":"Just Now News","url":"https:\/\/now-news.de\/de\/","logo":{"@type":"ImageObject","inLanguage":"de","@id":"https:\/\/now-news.de\/de\/#\/schema\/logo\/image\/","url":"http:\/\/just-now.news\/de\/wp-content\/uploads\/sites\/3\/2022\/04\/logo500x500.jpg","contentUrl":"http:\/\/just-now.news\/de\/wp-content\/uploads\/sites\/3\/2022\/04\/logo500x500.jpg","width":500,"height":500,"caption":"Just Now News"},"image":{"@id":"https:\/\/now-news.de\/de\/#\/schema\/logo\/image\/"},"sameAs":["https:\/\/www.facebook.com\/wirmachenauf","https:\/\/x.com\/WirMachenAuf_de"]},{"@type":"Person","@id":"https:\/\/now-news.de\/de\/#\/schema\/person\/fb534a4e865501d8b3285208df34a9b5","name":"rtnews","image":{"@type":"ImageObject","inLanguage":"de","@id":"https:\/\/now-news.de\/de\/#\/schema\/person\/image\/","url":"https:\/\/secure.gravatar.com\/avatar\/82aafea7d8127119dd649515f56e2117?s=96&d=mm&r=g","contentUrl":"https:\/\/secure.gravatar.com\/avatar\/82aafea7d8127119dd649515f56e2117?s=96&d=mm&r=g","caption":"rtnews"},"url":"https:\/\/now-news.de\/de\/author\/rnews\/"}]}},"_links":{"self":[{"href":"https:\/\/now-news.de\/de\/wp-json\/wp\/v2\/posts\/32893"}],"collection":[{"href":"https:\/\/now-news.de\/de\/wp-json\/wp\/v2\/posts"}],"about":[{"href":"https:\/\/now-news.de\/de\/wp-json\/wp\/v2\/types\/post"}],"author":[{"embeddable":true,"href":"https:\/\/now-news.de\/de\/wp-json\/wp\/v2\/users\/3"}],"replies":[{"embeddable":true,"href":"https:\/\/now-news.de\/de\/wp-json\/wp\/v2\/comments?post=32893"}],"version-history":[{"count":0,"href":"https:\/\/now-news.de\/de\/wp-json\/wp\/v2\/posts\/32893\/revisions"}],"wp:featuredmedia":[{"embeddable":true,"href":"https:\/\/now-news.de\/de\/wp-json\/wp\/v2\/media\/32894"}],"wp:attachment":[{"href":"https:\/\/now-news.de\/de\/wp-json\/wp\/v2\/media?parent=32893"}],"wp:term":[{"taxonomy":"category","embeddable":true,"href":"https:\/\/now-news.de\/de\/wp-json\/wp\/v2\/categories?post=32893"},{"taxonomy":"post_tag","embeddable":true,"href":"https:\/\/now-news.de\/de\/wp-json\/wp\/v2\/tags?post=32893"}],"curies":[{"name":"wp","href":"https:\/\/api.w.org\/{rel}","templated":true}]}}