{"id":32887,"date":"2023-03-24T07:15:18","date_gmt":"2023-03-24T05:15:18","guid":{"rendered":"http:\/\/just-now.news\/de\/deutschland\/woran-starb-beethoven-genomsequenzierung-von-haaren-offenbart-moegliche-ursache\/"},"modified":"2023-03-24T07:15:18","modified_gmt":"2023-03-24T05:15:18","slug":"woran-starb-beethoven-genomsequenzierung-von-haaren-offenbart-moegliche-ursache","status":"publish","type":"post","link":"https:\/\/now-news.de\/de\/deutschland\/woran-starb-beethoven-genomsequenzierung-von-haaren-offenbart-moegliche-ursache\/","title":{"rendered":"Woran starb Beethoven? Genomsequenzierung von Haaren offenbart m\u00f6gliche Ursache"},"content":{"rendered":"<p><img decoding=\"async\" src=\"http:\/\/just-now.news\/de\/wp-content\/uploads\/sites\/3\/2023\/03\/641c661648fbef1ed034d87f.jpg\" \/><\/p>\n<div class=\"Text-root Text-type_1 \">\n                Mithilfe von Haarstr\u00e4hnen aus \u00f6ffentlichen und privaten Sammlungen hat ein internationales Forscherteam etwas mehr Licht in Ludwig van Beethovens Gesundheitsprobleme gebracht \u2013 und m\u00f6glicherweise eine m\u00f6gliche Aff\u00e4re in seiner v\u00e4terlichen Linie aufgedeckt.\n            <\/div>\n<p><\/p>\n<div class=\"Text-root Text-type_5 ArticleView-text ViewText-root \">\n<p>An einem st\u00fcrmischen Montag, am 26. M\u00e4rz 1827, verstarb der deutsche Komponist Ludwig von Beethoven nach langer Krankheit. Seit Weihnachten bettl\u00e4gerig, war er von Gelbsucht befallen, seine Glieder und sein Unterleib waren geschwollen, jeder Atemzug ein Kampf. Als seine Mitarbeiter zu jener Zeit seine pers\u00f6nlichen Gegenst\u00e4nde durchsuchten, entdeckten sie ein Dokument, das Beethoven ein Vierteljahrhundert zuvor geschrieben hatte \u2013 ein Testament, in dem er seine Br\u00fcder bat, der \u00d6ffentlichkeit Einzelheiten \u00fcber seinen gesundheitlichen Zustand mitzuteilen.<\/p>\n<p>Seitdem wird \u00fcber den Gesundheitszustand und die Todesursache jenes gro\u00dfen Mannes debattiert.\u00a0Heute ist es kein Geheimnis mehr, dass einer der gr\u00f6\u00dften Musiker der Geschichte mit Mitte 40 funktionell taub war. So war es letztlich eine tragische Ironie des Schicksals, von der sich Beethoven w\u00fcnschte, dass die Welt sie verstehen w\u00fcrde \u2013 nicht nur aus pers\u00f6nlicher, sondern auch aus medizinischer Sicht. Doch erst\u00a0fast zwei Jahrhunderte nach Beethovens Tod machte sich ein Forscherteam daran, sein Testament auf eine Weise zu erf\u00fcllen, die er sich zu Lebzeiten nie h\u00e4tte tr\u00e4umen lassen: indem es die DNA in authentischen Haarproben genetisch analysierte.<\/p>\n<p>Die von der Universit\u00e4t Cambridge in Zusammenarbeit mit dem Beethoven Center San Jos\u00e9 (Kalifornien) und der American Beethoven Society, dem Universit\u00e4tsklinikum sowie der Universit\u00e4t Bonn, dem Beethoven-Haus Bonn und dem Max-Planck-Institut f\u00fcr evolution\u00e4re Anthropologie durchgef\u00fchrte Studie liefert erstmals wichtige Anhaltspunkte zur Gesundheit des Komponisten und wirft neue Fragen \u00fcber dessen Todesursache, aber auch \u00fcber seine Abstammung auf. &#8220;Unser prim\u00e4res Ziel war es, Beethovens Gesundheitsprobleme aufzukl\u00e4ren, zu denen bekanntlich ein fortschreitender H\u00f6rverlust geh\u00f6rte, der mit Mitte bis Ende 20 einsetzte und schlie\u00dflich dazu f\u00fchrte, dass er 1818 funktionell taub war&#8221;, erkl\u00e4rte der Biochemiker Johannes Krause vom Max-Planck-Institut in einer Pressemitteilung.<\/p>\n<p>Die Ursache f\u00fcr Beethovens H\u00f6rverlust konnte nie gekl\u00e4rt werden und auch seinem Leibarzt, Dr. Johann Adam Schmidt, war sie seinerzeit nicht bekannt. Was als Tinnitus in seinen 20er-Jahren begann, f\u00fchrte zu einer verminderten Toleranz f\u00fcr laute Ger\u00e4usche und schlie\u00dflich zu einem Verlust des Geh\u00f6rs in den h\u00f6heren Tonlagen, was seine Karriere als K\u00fcnstler beendete. F\u00fcr einen Musiker k\u00f6nnte es nichts Dramatischeres geben. In einem Brief an seine Br\u00fcder gab Beethoven einmal zu, dass er &#8220;hoffnungslos geplagt&#8221; war und sogar an Selbstmord dachte. Doch war es nicht nur Schwerh\u00f6rigkeit, mit der der Komponist in seinem Erwachsenenleben zu k\u00e4mpfen hatte.<\/p>\n<p>Mindestens seit seinem 22. Lebensjahr soll er unter starken Bauchschmerzen und chronischen Durchfallanf\u00e4llen gelitten haben. Sechs Jahre vor seinem Tod traten zudem die ersten Anzeichen einer Lebererkrankung auf, die vermutlich zumindest teilweise f\u00fcr seinen Tod im relativ jungen Alter von 56 Jahren verantwortlich war. Insgesamt acht Locken aus privaten und \u00f6ffentlichen Sammlungen aus Gro\u00dfbritannien, den USA und Europa wurden f\u00fcr die Studie analysiert. Drei von ihnen schieden allerdings aus. Sie konnten nicht wie die \u00fcbrigen f\u00fcnf eindeutig und authentisch einer Person zugeordnet werden.<\/p>\n<p>Besonders \u00fcberraschend war das im Fall der sogenannten &#8220;Hiller-Locke&#8221;. Sie galt als eine der ber\u00fchmtesten Locken Beethovens. Eine\u00a0forensische Untersuchung im Jahr 2007 ergab, dass eine Bleivergiftung seinen Tod beschleunigt haben k\u00f6nnte, wenn sie nicht sogar f\u00fcr die Symptome verantwortlich war, die letztlich sein Leben forderten. Die Belastung durch Blei war lange Zeit eine der wichtigsten Erkl\u00e4rungen \u2013 einige Wissenschaftler vermuteten, dass Beethoven zu viel billigen Wein getrunken hatte, der zum \u00dcberdecken der Bitterkeit im 19. Jahrhundert oftmals mit Blei ges\u00fc\u00dft war.<\/p>\n<p>Die neueste Studie widerlegt diese Theorie jedoch und zeigt, dass das f\u00fcr die Untersuchungen im Jahr 2007 verwendete Haar gar nicht von Beethoven, sondern von einer unbekannten Frau stammte. &#8220;Da wir jetzt wissen, dass die &#8216;Hiller-Locke&#8217; von einer Frau und nicht von Beethoven stammt, trifft keine der fr\u00fcheren Analysen, die ausschlie\u00dflich auf dieser Haarprobe basieren, auf Beethoven zu&#8221;, erkl\u00e4rte William Meredith, Emeritus Director des Beethoven Center in San Jos\u00e9 und Mitinitiator der Studie. Dazu z\u00e4hlt zum Beispiel die lange Jahre vermutete Bleivergiftung Beethovens. &#8220;K\u00fcnftige Studien zur Untersuchung auf Blei, Opiate und Quecksilber m\u00fcssen auf authentischen Proben basieren&#8221;, so Meredith.<\/p>\n<p>Die anderen Locken, die mit hoher Wahrscheinlichkeit vom Kopf des Komponisten stammen, belegten nun, dass Beethovens Tod stattdessen wahrscheinlich die Folge einer Hepatitis-B-Infektion war, die durch seinen Alkoholkonsum und zahlreiche Risikofaktoren f\u00fcr Lebererkrankungen noch verschlimmert wurde. Und seine anderen Krankheiten? &#8220;Wir waren nicht in der Lage, eine definitive Ursache f\u00fcr Beethovens Taubheit oder Magen-Darm-Probleme zu finden&#8221;, r\u00e4umte Krause ein. In gewisser Weise bleiben auch nach der neuesten Studie mehr Fragen \u00fcber das Leben und den Tod des ber\u00fchmten klassischen Komponisten offen. Wo hat er sich Hepatitis zugezogen? Wie konnte eine Haarlocke einer Frau jahrhundertelang als Beethovens Haar durchgehen? Und was war der Grund f\u00fcr seine Bauchschmerzen und seinen H\u00f6rverlust?<\/p>\n<p>Wenn man bedenkt, dass das Team von Beethovens Wunsch inspiriert wurde, dass die Welt seine Schwerh\u00f6rigkeit versteht, ist das ein bedauerliches Ergebnis. Allerdings offenbarte die Untersuchung noch eine weitere \u00dcberraschung, die in seinen Genen verborgen war. Denn das Forscherteam analysierte auch das Erbgut dreier noch lebender Nachfahren von Beethovens Neffen Karl. Das \u00fcberraschende Ergebnis: Offenbar hatte\u00a0es in den Generationen vor der Geburt des Komponisten ein kleines au\u00dfereheliches Techtelmechtel gegeben. Denn bei\u00a0keinem Einzigen von ihnen konnte eine eindeutige \u00dcbereinstimmung mit der DNA Beethovens gefunden werden. Zwar h\u00e4tten einige von ihnen einen gemeinsamen v\u00e4terlichen Vorfahren mit Beethoven \u2013 &#8220;doch ihr Y-chromosomales Erbgut stimmte nicht mit dem Y-Chromosom \u00fcberein, das in den authentischen Haarproben gefunden wurde&#8221;, so die Forschenden.<\/p>\n<p>&#8220;Dieser Befund deutet auf ein au\u00dfereheliches Vaterschaftsereignis in seiner v\u00e4terlichen Linie zwischen der Empf\u00e4ngnis von Hendrik van Beethoven in Kampenhout, Belgien, um 1572 und der Empf\u00e4ngnis von Ludwig van Beethoven sieben Generationen sp\u00e4ter, 1770, in Bonn, Deutschland, hin&#8221;, sagte Tristan Begg, ein biologischer Anthropologe, der jetzt an der Universit\u00e4t von Cambridge im Vereinigten K\u00f6nigreich arbeitet. In Anbetracht der schicksalhaften Bitte, die Beethoven seinerzeit in seinem Testament zu Papier brachte, k\u00f6nnten die Ergebnisse der Studie dennoch zufriedenstellender sein, als der junge Beethoven es damals erwartet hatte. Niemals h\u00e4tte er sich tr\u00e4umen lassen, welche Geheimnisse er bewahren w\u00fcrde, als seine Freunde und Kollegen ihm nach jener d\u00fcsteren, st\u00fcrmischen Montagnacht im Jahr 1827 die Haare abschnitten.<\/p>\n<p><strong>Mehr zum Thema &#8211; <\/strong><a rel=\"nofollow noopener\" target=\"_blank\" href=\"https:\/\/meinungsfreiheit.rtde.life\/europa\/125204-um-zu-beweisen-dass-er-schwarz-war-roberto-blanco-fordert-exhumierung-von-beethoven\/\">Um zu beweisen, dass er schwarz war: Roberto Blanco fordert Exhumierung von Beethoven<\/a><\/p>\n<\/div>\n<p><br \/>\n<br \/><a href=\"https:\/\/de.rt.com\/international\/166064-woran-starb-beethoven-genomsequenzierung-von-haaren-offenbart-moegliche-ursache\/\">Source link <\/a><\/p>\n","protected":false},"excerpt":{"rendered":"<p>Mithilfe von Haarstr\u00e4hnen aus \u00f6ffentlichen und privaten Sammlungen hat ein internationales Forscherteam etwas mehr Licht in Ludwig van Beethovens Gesundheitsprobleme gebracht \u2013 und m\u00f6glicherweise eine m\u00f6gliche Aff\u00e4re in seiner v\u00e4terlichen Linie aufgedeckt. An einem st\u00fcrmischen Montag, am 26. M\u00e4rz 1827, verstarb der deutsche Komponist Ludwig von Beethoven nach langer Krankheit. Seit Weihnachten bettl\u00e4gerig, war er [&hellip;]<\/p>\n","protected":false},"author":3,"featured_media":32888,"comment_status":"open","ping_status":"open","sticky":false,"template":"","format":"standard","meta":{"_yoast_indexnow_last_ping":["1679636155"],"wp_automatic_camp":["217"],"daff66d8f4685334c498de0061911c18":["Woran starb Beethoven? Genomsequenzierung von Haaren offenbart m\u00f6gliche Ursache"],"original_link":["https:\/\/de.rt.com\/international\/166064-woran-starb-beethoven-genomsequenzierung-von-haaren-offenbart-moegliche-ursache\/"],"_thumbnail_id":["32888"],"_wptgpro_p2tg_sent2tg":["a:1:{i:23737;s:19:\"2023-03-24 07:36:57\";}"],"jnews_social_counter_last_update":["1777175415"]},"categories":[19,23],"tags":[8319,42371,26869,26307,20463,22515,710,50,18145],"yoast_head":"<!-- This site is optimized with the Yoast SEO Premium plugin v22.7 (Yoast SEO v22.7) - https:\/\/yoast.com\/wordpress\/plugins\/seo\/ -->\n<title>Woran starb Beethoven? Genomsequenzierung von Haaren offenbart m\u00f6gliche Ursache - just-now.NEWS Deutschland<\/title>\n<meta name=\"robots\" content=\"index, follow, max-snippet:-1, max-image-preview:large, max-video-preview:-1\" \/>\n<link rel=\"canonical\" href=\"https:\/\/now-news.de\/de\/deutschland\/woran-starb-beethoven-genomsequenzierung-von-haaren-offenbart-moegliche-ursache\/\" \/>\n<meta property=\"og:locale\" content=\"de_DE\" \/>\n<meta property=\"og:type\" content=\"article\" \/>\n<meta property=\"og:title\" content=\"Woran starb Beethoven? Genomsequenzierung von Haaren offenbart m\u00f6gliche Ursache\" \/>\n<meta property=\"og:description\" content=\"Mithilfe von Haarstr\u00e4hnen aus \u00f6ffentlichen und privaten Sammlungen hat ein internationales Forscherteam etwas mehr Licht in Ludwig van Beethovens Gesundheitsprobleme gebracht \u2013 und m\u00f6glicherweise eine m\u00f6gliche Aff\u00e4re in seiner v\u00e4terlichen Linie aufgedeckt. An einem st\u00fcrmischen Montag, am 26. M\u00e4rz 1827, verstarb der deutsche Komponist Ludwig von Beethoven nach langer Krankheit. Seit Weihnachten bettl\u00e4gerig, war er [&hellip;]\" \/>\n<meta property=\"og:url\" content=\"https:\/\/now-news.de\/de\/deutschland\/woran-starb-beethoven-genomsequenzierung-von-haaren-offenbart-moegliche-ursache\/\" \/>\n<meta property=\"og:site_name\" content=\"just-now.NEWS Deutschland\" \/>\n<meta property=\"article:publisher\" content=\"https:\/\/www.facebook.com\/wirmachenauf\" \/>\n<meta property=\"article:published_time\" content=\"2023-03-24T05:15:18+00:00\" \/>\n<meta property=\"og:image\" content=\"https:\/\/now-news.de\/de\/wp-content\/uploads\/sites\/3\/2023\/03\/Woran-starb-Beethoven-Genomsequenzierung-von-Haaren-offenbart-moegliche-Ursache.jpg\" \/>\n\t<meta property=\"og:image:width\" content=\"460\" \/>\n\t<meta property=\"og:image:height\" content=\"259\" \/>\n\t<meta property=\"og:image:type\" content=\"image\/jpeg\" \/>\n<meta name=\"author\" content=\"rtnews\" \/>\n<meta name=\"twitter:card\" content=\"summary_large_image\" \/>\n<meta name=\"twitter:creator\" content=\"@WirMachenAuf_de\" \/>\n<meta name=\"twitter:site\" content=\"@WirMachenAuf_de\" \/>\n<meta name=\"twitter:label1\" content=\"Verfasst von\" \/>\n\t<meta name=\"twitter:data1\" content=\"rtnews\" \/>\n\t<meta name=\"twitter:label2\" content=\"Gesch\u00e4tzte Lesezeit\" \/>\n\t<meta name=\"twitter:data2\" content=\"5\u00a0Minuten\" \/>\n<script type=\"application\/ld+json\" class=\"yoast-schema-graph\">{\"@context\":\"https:\/\/schema.org\",\"@graph\":[{\"@type\":\"Article\",\"@id\":\"https:\/\/now-news.de\/de\/deutschland\/woran-starb-beethoven-genomsequenzierung-von-haaren-offenbart-moegliche-ursache\/#article\",\"isPartOf\":{\"@id\":\"https:\/\/now-news.de\/de\/deutschland\/woran-starb-beethoven-genomsequenzierung-von-haaren-offenbart-moegliche-ursache\/\"},\"author\":{\"name\":\"rtnews\",\"@id\":\"https:\/\/now-news.de\/de\/#\/schema\/person\/fb534a4e865501d8b3285208df34a9b5\"},\"headline\":\"Woran starb Beethoven? Genomsequenzierung von Haaren offenbart m\u00f6gliche Ursache\",\"datePublished\":\"2023-03-24T05:15:18+00:00\",\"dateModified\":\"2023-03-24T05:15:18+00:00\",\"mainEntityOfPage\":{\"@id\":\"https:\/\/now-news.de\/de\/deutschland\/woran-starb-beethoven-genomsequenzierung-von-haaren-offenbart-moegliche-ursache\/\"},\"wordCount\":1106,\"commentCount\":0,\"publisher\":{\"@id\":\"https:\/\/now-news.de\/de\/#organization\"},\"image\":{\"@id\":\"https:\/\/now-news.de\/de\/deutschland\/woran-starb-beethoven-genomsequenzierung-von-haaren-offenbart-moegliche-ursache\/#primaryimage\"},\"thumbnailUrl\":\"https:\/\/now-news.de\/de\/wp-content\/uploads\/sites\/3\/2023\/03\/Woran-starb-Beethoven-Genomsequenzierung-von-Haaren-offenbart-moegliche-Ursache.jpg\",\"keywords\":[\"Beethoven\",\"Genomsequenzierung\",\"Haaren\",\"m\u00f6gliche\",\"offenbart\",\"starb\",\"Ursache\",\"von\",\"Woran\"],\"articleSection\":[\"Deutschland\",\"Russland\"],\"inLanguage\":\"de\",\"potentialAction\":[{\"@type\":\"CommentAction\",\"name\":\"Comment\",\"target\":[\"https:\/\/now-news.de\/de\/deutschland\/woran-starb-beethoven-genomsequenzierung-von-haaren-offenbart-moegliche-ursache\/#respond\"]}]},{\"@type\":\"WebPage\",\"@id\":\"https:\/\/now-news.de\/de\/deutschland\/woran-starb-beethoven-genomsequenzierung-von-haaren-offenbart-moegliche-ursache\/\",\"url\":\"https:\/\/now-news.de\/de\/deutschland\/woran-starb-beethoven-genomsequenzierung-von-haaren-offenbart-moegliche-ursache\/\",\"name\":\"Woran starb Beethoven? Genomsequenzierung von Haaren offenbart m\u00f6gliche Ursache - just-now.NEWS Deutschland\",\"isPartOf\":{\"@id\":\"https:\/\/now-news.de\/de\/#website\"},\"primaryImageOfPage\":{\"@id\":\"https:\/\/now-news.de\/de\/deutschland\/woran-starb-beethoven-genomsequenzierung-von-haaren-offenbart-moegliche-ursache\/#primaryimage\"},\"image\":{\"@id\":\"https:\/\/now-news.de\/de\/deutschland\/woran-starb-beethoven-genomsequenzierung-von-haaren-offenbart-moegliche-ursache\/#primaryimage\"},\"thumbnailUrl\":\"https:\/\/now-news.de\/de\/wp-content\/uploads\/sites\/3\/2023\/03\/Woran-starb-Beethoven-Genomsequenzierung-von-Haaren-offenbart-moegliche-Ursache.jpg\",\"datePublished\":\"2023-03-24T05:15:18+00:00\",\"dateModified\":\"2023-03-24T05:15:18+00:00\",\"breadcrumb\":{\"@id\":\"https:\/\/now-news.de\/de\/deutschland\/woran-starb-beethoven-genomsequenzierung-von-haaren-offenbart-moegliche-ursache\/#breadcrumb\"},\"inLanguage\":\"de\",\"potentialAction\":[{\"@type\":\"ReadAction\",\"target\":[\"https:\/\/now-news.de\/de\/deutschland\/woran-starb-beethoven-genomsequenzierung-von-haaren-offenbart-moegliche-ursache\/\"]}]},{\"@type\":\"ImageObject\",\"inLanguage\":\"de\",\"@id\":\"https:\/\/now-news.de\/de\/deutschland\/woran-starb-beethoven-genomsequenzierung-von-haaren-offenbart-moegliche-ursache\/#primaryimage\",\"url\":\"https:\/\/now-news.de\/de\/wp-content\/uploads\/sites\/3\/2023\/03\/Woran-starb-Beethoven-Genomsequenzierung-von-Haaren-offenbart-moegliche-Ursache.jpg\",\"contentUrl\":\"https:\/\/now-news.de\/de\/wp-content\/uploads\/sites\/3\/2023\/03\/Woran-starb-Beethoven-Genomsequenzierung-von-Haaren-offenbart-moegliche-Ursache.jpg\",\"width\":460,\"height\":259,\"caption\":\"Woran starb Beethoven? Genomsequenzierung von Haaren offenbart m\u00f6gliche Ursache\"},{\"@type\":\"BreadcrumbList\",\"@id\":\"https:\/\/now-news.de\/de\/deutschland\/woran-starb-beethoven-genomsequenzierung-von-haaren-offenbart-moegliche-ursache\/#breadcrumb\",\"itemListElement\":[{\"@type\":\"ListItem\",\"position\":1,\"name\":\"Home\",\"item\":\"https:\/\/now-news.de\/de\/\"},{\"@type\":\"ListItem\",\"position\":2,\"name\":\"Woran starb Beethoven? Genomsequenzierung von Haaren offenbart m\u00f6gliche Ursache\"}]},{\"@type\":\"WebSite\",\"@id\":\"https:\/\/now-news.de\/de\/#website\",\"url\":\"https:\/\/now-news.de\/de\/\",\"name\":\"just-now.NEWS Deutschland\",\"description\":\"Das Portal f\u00fcr unzensierte Nachrichten aus der Welt\",\"publisher\":{\"@id\":\"https:\/\/now-news.de\/de\/#organization\"},\"potentialAction\":[{\"@type\":\"SearchAction\",\"target\":{\"@type\":\"EntryPoint\",\"urlTemplate\":\"https:\/\/now-news.de\/de\/?s={search_term_string}\"},\"query-input\":\"required name=search_term_string\"}],\"inLanguage\":\"de\"},{\"@type\":\"Organization\",\"@id\":\"https:\/\/now-news.de\/de\/#organization\",\"name\":\"Just Now News\",\"url\":\"https:\/\/now-news.de\/de\/\",\"logo\":{\"@type\":\"ImageObject\",\"inLanguage\":\"de\",\"@id\":\"https:\/\/now-news.de\/de\/#\/schema\/logo\/image\/\",\"url\":\"http:\/\/just-now.news\/de\/wp-content\/uploads\/sites\/3\/2022\/04\/logo500x500.jpg\",\"contentUrl\":\"http:\/\/just-now.news\/de\/wp-content\/uploads\/sites\/3\/2022\/04\/logo500x500.jpg\",\"width\":500,\"height\":500,\"caption\":\"Just Now News\"},\"image\":{\"@id\":\"https:\/\/now-news.de\/de\/#\/schema\/logo\/image\/\"},\"sameAs\":[\"https:\/\/www.facebook.com\/wirmachenauf\",\"https:\/\/x.com\/WirMachenAuf_de\"]},{\"@type\":\"Person\",\"@id\":\"https:\/\/now-news.de\/de\/#\/schema\/person\/fb534a4e865501d8b3285208df34a9b5\",\"name\":\"rtnews\",\"image\":{\"@type\":\"ImageObject\",\"inLanguage\":\"de\",\"@id\":\"https:\/\/now-news.de\/de\/#\/schema\/person\/image\/\",\"url\":\"https:\/\/secure.gravatar.com\/avatar\/82aafea7d8127119dd649515f56e2117?s=96&d=mm&r=g\",\"contentUrl\":\"https:\/\/secure.gravatar.com\/avatar\/82aafea7d8127119dd649515f56e2117?s=96&d=mm&r=g\",\"caption\":\"rtnews\"},\"url\":\"https:\/\/now-news.de\/de\/author\/rnews\/\"}]}<\/script>\n<!-- \/ Yoast SEO Premium plugin. -->","yoast_head_json":{"title":"Woran starb Beethoven? Genomsequenzierung von Haaren offenbart m\u00f6gliche Ursache - just-now.NEWS Deutschland","robots":{"index":"index","follow":"follow","max-snippet":"max-snippet:-1","max-image-preview":"max-image-preview:large","max-video-preview":"max-video-preview:-1"},"canonical":"https:\/\/now-news.de\/de\/deutschland\/woran-starb-beethoven-genomsequenzierung-von-haaren-offenbart-moegliche-ursache\/","og_locale":"de_DE","og_type":"article","og_title":"Woran starb Beethoven? Genomsequenzierung von Haaren offenbart m\u00f6gliche Ursache","og_description":"Mithilfe von Haarstr\u00e4hnen aus \u00f6ffentlichen und privaten Sammlungen hat ein internationales Forscherteam etwas mehr Licht in Ludwig van Beethovens Gesundheitsprobleme gebracht \u2013 und m\u00f6glicherweise eine m\u00f6gliche Aff\u00e4re in seiner v\u00e4terlichen Linie aufgedeckt. An einem st\u00fcrmischen Montag, am 26. M\u00e4rz 1827, verstarb der deutsche Komponist Ludwig von Beethoven nach langer Krankheit. Seit Weihnachten bettl\u00e4gerig, war er [&hellip;]","og_url":"https:\/\/now-news.de\/de\/deutschland\/woran-starb-beethoven-genomsequenzierung-von-haaren-offenbart-moegliche-ursache\/","og_site_name":"just-now.NEWS Deutschland","article_publisher":"https:\/\/www.facebook.com\/wirmachenauf","article_published_time":"2023-03-24T05:15:18+00:00","og_image":[{"width":460,"height":259,"url":"https:\/\/now-news.de\/de\/wp-content\/uploads\/sites\/3\/2023\/03\/Woran-starb-Beethoven-Genomsequenzierung-von-Haaren-offenbart-moegliche-Ursache.jpg","type":"image\/jpeg"}],"author":"rtnews","twitter_card":"summary_large_image","twitter_creator":"@WirMachenAuf_de","twitter_site":"@WirMachenAuf_de","twitter_misc":{"Verfasst von":"rtnews","Gesch\u00e4tzte Lesezeit":"5\u00a0Minuten"},"schema":{"@context":"https:\/\/schema.org","@graph":[{"@type":"Article","@id":"https:\/\/now-news.de\/de\/deutschland\/woran-starb-beethoven-genomsequenzierung-von-haaren-offenbart-moegliche-ursache\/#article","isPartOf":{"@id":"https:\/\/now-news.de\/de\/deutschland\/woran-starb-beethoven-genomsequenzierung-von-haaren-offenbart-moegliche-ursache\/"},"author":{"name":"rtnews","@id":"https:\/\/now-news.de\/de\/#\/schema\/person\/fb534a4e865501d8b3285208df34a9b5"},"headline":"Woran starb Beethoven? Genomsequenzierung von Haaren offenbart m\u00f6gliche Ursache","datePublished":"2023-03-24T05:15:18+00:00","dateModified":"2023-03-24T05:15:18+00:00","mainEntityOfPage":{"@id":"https:\/\/now-news.de\/de\/deutschland\/woran-starb-beethoven-genomsequenzierung-von-haaren-offenbart-moegliche-ursache\/"},"wordCount":1106,"commentCount":0,"publisher":{"@id":"https:\/\/now-news.de\/de\/#organization"},"image":{"@id":"https:\/\/now-news.de\/de\/deutschland\/woran-starb-beethoven-genomsequenzierung-von-haaren-offenbart-moegliche-ursache\/#primaryimage"},"thumbnailUrl":"https:\/\/now-news.de\/de\/wp-content\/uploads\/sites\/3\/2023\/03\/Woran-starb-Beethoven-Genomsequenzierung-von-Haaren-offenbart-moegliche-Ursache.jpg","keywords":["Beethoven","Genomsequenzierung","Haaren","m\u00f6gliche","offenbart","starb","Ursache","von","Woran"],"articleSection":["Deutschland","Russland"],"inLanguage":"de","potentialAction":[{"@type":"CommentAction","name":"Comment","target":["https:\/\/now-news.de\/de\/deutschland\/woran-starb-beethoven-genomsequenzierung-von-haaren-offenbart-moegliche-ursache\/#respond"]}]},{"@type":"WebPage","@id":"https:\/\/now-news.de\/de\/deutschland\/woran-starb-beethoven-genomsequenzierung-von-haaren-offenbart-moegliche-ursache\/","url":"https:\/\/now-news.de\/de\/deutschland\/woran-starb-beethoven-genomsequenzierung-von-haaren-offenbart-moegliche-ursache\/","name":"Woran starb Beethoven? Genomsequenzierung von Haaren offenbart m\u00f6gliche Ursache - just-now.NEWS Deutschland","isPartOf":{"@id":"https:\/\/now-news.de\/de\/#website"},"primaryImageOfPage":{"@id":"https:\/\/now-news.de\/de\/deutschland\/woran-starb-beethoven-genomsequenzierung-von-haaren-offenbart-moegliche-ursache\/#primaryimage"},"image":{"@id":"https:\/\/now-news.de\/de\/deutschland\/woran-starb-beethoven-genomsequenzierung-von-haaren-offenbart-moegliche-ursache\/#primaryimage"},"thumbnailUrl":"https:\/\/now-news.de\/de\/wp-content\/uploads\/sites\/3\/2023\/03\/Woran-starb-Beethoven-Genomsequenzierung-von-Haaren-offenbart-moegliche-Ursache.jpg","datePublished":"2023-03-24T05:15:18+00:00","dateModified":"2023-03-24T05:15:18+00:00","breadcrumb":{"@id":"https:\/\/now-news.de\/de\/deutschland\/woran-starb-beethoven-genomsequenzierung-von-haaren-offenbart-moegliche-ursache\/#breadcrumb"},"inLanguage":"de","potentialAction":[{"@type":"ReadAction","target":["https:\/\/now-news.de\/de\/deutschland\/woran-starb-beethoven-genomsequenzierung-von-haaren-offenbart-moegliche-ursache\/"]}]},{"@type":"ImageObject","inLanguage":"de","@id":"https:\/\/now-news.de\/de\/deutschland\/woran-starb-beethoven-genomsequenzierung-von-haaren-offenbart-moegliche-ursache\/#primaryimage","url":"https:\/\/now-news.de\/de\/wp-content\/uploads\/sites\/3\/2023\/03\/Woran-starb-Beethoven-Genomsequenzierung-von-Haaren-offenbart-moegliche-Ursache.jpg","contentUrl":"https:\/\/now-news.de\/de\/wp-content\/uploads\/sites\/3\/2023\/03\/Woran-starb-Beethoven-Genomsequenzierung-von-Haaren-offenbart-moegliche-Ursache.jpg","width":460,"height":259,"caption":"Woran starb Beethoven? Genomsequenzierung von Haaren offenbart m\u00f6gliche Ursache"},{"@type":"BreadcrumbList","@id":"https:\/\/now-news.de\/de\/deutschland\/woran-starb-beethoven-genomsequenzierung-von-haaren-offenbart-moegliche-ursache\/#breadcrumb","itemListElement":[{"@type":"ListItem","position":1,"name":"Home","item":"https:\/\/now-news.de\/de\/"},{"@type":"ListItem","position":2,"name":"Woran starb Beethoven? Genomsequenzierung von Haaren offenbart m\u00f6gliche Ursache"}]},{"@type":"WebSite","@id":"https:\/\/now-news.de\/de\/#website","url":"https:\/\/now-news.de\/de\/","name":"just-now.NEWS Deutschland","description":"Das Portal f\u00fcr unzensierte Nachrichten aus der Welt","publisher":{"@id":"https:\/\/now-news.de\/de\/#organization"},"potentialAction":[{"@type":"SearchAction","target":{"@type":"EntryPoint","urlTemplate":"https:\/\/now-news.de\/de\/?s={search_term_string}"},"query-input":"required name=search_term_string"}],"inLanguage":"de"},{"@type":"Organization","@id":"https:\/\/now-news.de\/de\/#organization","name":"Just Now News","url":"https:\/\/now-news.de\/de\/","logo":{"@type":"ImageObject","inLanguage":"de","@id":"https:\/\/now-news.de\/de\/#\/schema\/logo\/image\/","url":"http:\/\/just-now.news\/de\/wp-content\/uploads\/sites\/3\/2022\/04\/logo500x500.jpg","contentUrl":"http:\/\/just-now.news\/de\/wp-content\/uploads\/sites\/3\/2022\/04\/logo500x500.jpg","width":500,"height":500,"caption":"Just Now News"},"image":{"@id":"https:\/\/now-news.de\/de\/#\/schema\/logo\/image\/"},"sameAs":["https:\/\/www.facebook.com\/wirmachenauf","https:\/\/x.com\/WirMachenAuf_de"]},{"@type":"Person","@id":"https:\/\/now-news.de\/de\/#\/schema\/person\/fb534a4e865501d8b3285208df34a9b5","name":"rtnews","image":{"@type":"ImageObject","inLanguage":"de","@id":"https:\/\/now-news.de\/de\/#\/schema\/person\/image\/","url":"https:\/\/secure.gravatar.com\/avatar\/82aafea7d8127119dd649515f56e2117?s=96&d=mm&r=g","contentUrl":"https:\/\/secure.gravatar.com\/avatar\/82aafea7d8127119dd649515f56e2117?s=96&d=mm&r=g","caption":"rtnews"},"url":"https:\/\/now-news.de\/de\/author\/rnews\/"}]}},"_links":{"self":[{"href":"https:\/\/now-news.de\/de\/wp-json\/wp\/v2\/posts\/32887"}],"collection":[{"href":"https:\/\/now-news.de\/de\/wp-json\/wp\/v2\/posts"}],"about":[{"href":"https:\/\/now-news.de\/de\/wp-json\/wp\/v2\/types\/post"}],"author":[{"embeddable":true,"href":"https:\/\/now-news.de\/de\/wp-json\/wp\/v2\/users\/3"}],"replies":[{"embeddable":true,"href":"https:\/\/now-news.de\/de\/wp-json\/wp\/v2\/comments?post=32887"}],"version-history":[{"count":0,"href":"https:\/\/now-news.de\/de\/wp-json\/wp\/v2\/posts\/32887\/revisions"}],"wp:featuredmedia":[{"embeddable":true,"href":"https:\/\/now-news.de\/de\/wp-json\/wp\/v2\/media\/32888"}],"wp:attachment":[{"href":"https:\/\/now-news.de\/de\/wp-json\/wp\/v2\/media?parent=32887"}],"wp:term":[{"taxonomy":"category","embeddable":true,"href":"https:\/\/now-news.de\/de\/wp-json\/wp\/v2\/categories?post=32887"},{"taxonomy":"post_tag","embeddable":true,"href":"https:\/\/now-news.de\/de\/wp-json\/wp\/v2\/tags?post=32887"}],"curies":[{"name":"wp","href":"https:\/\/api.w.org\/{rel}","templated":true}]}}