{"id":3285,"date":"2022-04-25T08:40:39","date_gmt":"2022-04-25T09:40:39","guid":{"rendered":"http:\/\/just-now.news\/de\/deutschland\/nach-raketenbeschuss-auf-nordisrael-israelische-armee-greift-ziele-im-suedlibanon-an\/"},"modified":"2022-04-25T08:40:39","modified_gmt":"2022-04-25T09:40:39","slug":"nach-raketenbeschuss-auf-nordisrael-israelische-armee-greift-ziele-im-suedlibanon-an","status":"publish","type":"post","link":"https:\/\/now-news.de\/de\/deutschland\/nach-raketenbeschuss-auf-nordisrael-israelische-armee-greift-ziele-im-suedlibanon-an\/","title":{"rendered":"Nach Raketenbeschuss auf Nordisrael: Israelische Armee greift Ziele im S\u00fcdlibanon an"},"content":{"rendered":"<div class=\"Text-root Text-type_5 ArticleView-text ViewText-root \">\n<p>Israelische Artillerieeinheiten\u00a0<a target=\"_blank\" href=\"https:\/\/qudsnet.com\/post\/533425\/%D9%85%D8%AD%D8%AF%D8%AB-%D8%A8%D8%A7%D9%84%D9%81%D9%8A%D8%AF%D9%8A%D9%88-%D9%88%D8%A7%D9%84%D8%B5%D9%88%D8%B1-%D8%A7%D9%84%D8%AC%D9%8A%D8%B4-%D8%A7%D9%84%D8%A5%D8%B3%D8%B1%D8%A7%D8%A6%D9%8A%D9%84%D9%8A-%D9%8A%D9%82%D8%B5%D9%81-%D8%A3%D9%87%D8%AF%D8%A7%D9%81-%D8%AC%D9%86%D9%88%D8%A8-%D9%84%D8%A8%D9%86%D8%A7%D9%86\" rel=\"noopener noreferrer\">beschossen<\/a> am Montag Ziele im Libanon, sagte ein Milit\u00e4rsprecher. Der IDF-Angriff auf einen mutma\u00dflichen &#8220;Raketenstartplatz&#8221; in S\u00fcdlibanon erfolgte einige Stunden nach dem Abfeuern einer Rakete auf Israel kurz nach Mitternacht und deren Einschlag auf offenem Gel\u00e4nde.\u00a0Der Angriff aus S\u00fcdlibanon markierte das Aufflammen\u00a0der Spannungen an Israels relativ ruhiger Nordgrenze zum Libanon.<\/p>\n<div class=\"EmbedBlock-root EmbedBlock-twitter\">\n<div class=\"TwitterEmbed\">\n<blockquote class=\"twitter-tweet lazyload\" data-twitter=\"twitter-tweet\">\n<p lang=\"ar\" dir=\"rtl\">\u0645\u0635\u0627\u062f\u0631 \u0644\u0628\u0646\u0627\u0646\u064a\u0629: \u0627\u0644\u062c\u064a\u0634 \u0627\u0644\u0625\u0633\u0631\u0627\u0626\u064a\u0644\u064a \u064a\u0633\u062a\u0647\u062f\u0641 \u0628\u0639\u0634\u0631\u0627\u062a \u0627\u0644\u0642\u0630\u0627\u0626\u0641 \u0645\u0646\u0627\u0637\u0642 \u062e\u0627\u0644\u064a\u0629 \u062c\u0646\u0648\u0628 <a target=\"_blank\" href=\"https:\/\/twitter.com\/hashtag\/%D9%84%D8%A8%D9%86%D8%A7%D9%86?src=hash&amp;ref_src=twsrc%5Etfw\" rel=\"noopener\">#\u0644\u0628\u0646\u0627\u0646<\/a> &#8220;\u064a\u0639\u062a\u0642\u062f \u0623\u0646\u0647\u0627 \u0645\u0635\u062f\u0631 \u0627\u0637\u0644\u0627\u0642 \u0627\u0644\u0635\u0627\u0631\u0648\u062e&#8221; <a target=\"_blank\" href=\"https:\/\/twitter.com\/hashtag\/%D8%B9%D8%A7%D8%AC%D9%84?src=hash&amp;ref_src=twsrc%5Etfw\" rel=\"noopener\">#\u0639\u0627\u062c\u0644<\/a><a target=\"_blank\" href=\"https:\/\/t.co\/xsSTiJRw5X\" rel=\"noopener\">https:\/\/t.co\/xsSTiJRw5X<\/a><a target=\"_blank\" href=\"https:\/\/t.co\/sHsuKuEfPb\" rel=\"noopener\">pic.twitter.com\/sHsuKuEfPb<\/a><\/p>\n<p>\u2014 \u0648\u0643\u0627\u0644\u0629 \u0642\u062f\u0633 \u0646\u062a \u0644\u0644\u0623\u0646\u0628\u0627\u0621 (@qudsnet) <a target=\"_blank\" href=\"https:\/\/twitter.com\/qudsnet\/status\/1518379534759997444?ref_src=twsrc%5Etfw\" rel=\"noopener\">April 25, 2022<\/a><\/p><\/blockquote>\n<\/div>\n<\/div>\n<p>Berichten zufolge waren am sp\u00e4ten Sonntag laute Explosionen in einem Vorort der Stadt Schelomi nahe der n\u00f6rdlichen Grenze Israels zum Libanon zu h\u00f6ren.\u00a0Ein IDF-Sprecher sagte am Montagmorgen gegen\u00fcber <em>Army Radio<\/em>, die israelische Armee vermute militante Pal\u00e4stinenser hinter dem n\u00e4chtlichen Raketenbeschuss, obwohl bisher keine Gruppe die Verantwortung f\u00fcr die Angriffe auf Nordisrael \u00fcbernommen habe. Die Israelischen Verteidigungskr\u00e4fte gingen laut <em>Haaretz<\/em> von einer Verbindung zwischen dem Angriff aus dem Libanon und den j\u00fcngsten brutalen Unruhen auf Tempelberg (Al-Haram asch-Scharif) aus.\u00a0Es wird zudem spekuliert, dass\u00a0die Hamas den Raketenbeschuss nach der Schlie\u00dfung des Grenz\u00fcbergangs Erez zwischen Gaza und Israel angeordnet h\u00e4tte.<\/p>\n<div class=\"ReadMore-root Section-root Section-is1to3-xs_is1to1\" data-widgets=\"ReadMore\" data-has-alias>\n<div class=\"Section-container Section-isRow-isTop-isWrap\">\n<article class=\"Card-root Card-is1to1 \">\n<div class=\"Card-imageWrap\">\n<div class=\"Card-picture\">\n<picture class=\"Picture-root Picture-default\"><!--[if IE 9]><video style=\"display: none;\"><![endif]--><source media=\"(-webkit-min-device-pixel-ratio: 2) and (min-resolution: 120dpi)\" data-srcset=\" \nhttps:\/\/cdni.russiatoday.com\/deutsch\/images\/2022.04\/thumbnail\/625bf07648fbef42a325162e.jpg 850w,\n                https:\/\/cdni.russiatoday.com\/deutsch\/images\/2022.04\/article\/625bf07648fbef42a325162d.jpg 1960w,\n            \" srcset=\"data:image\/png;base64,iVBORw0KGgoAAAANSUhEUgAAABAAAAAJCAQAAACRI2S5AAAAEElEQVR42mNkIAAYRxWAAQAG9gAKqv6+AwAAAABJRU5ErkJggg==\"><source data-srcset=\" \nhttps:\/\/cdni.russiatoday.com\/deutsch\/images\/2022.04\/thumbnail\/625bf07648fbef42a325162e.jpg 460w,\n              https:\/\/cdni.russiatoday.com\/deutsch\/images\/2022.04\/article\/625bf07648fbef42a325162d.jpg 980w,\n            \" srcset=\"data:image\/png;base64,iVBORw0KGgoAAAANSUhEUgAAABAAAAAJCAQAAACRI2S5AAAAEElEQVR42mNkIAAYRxWAAQAG9gAKqv6+AwAAAABJRU5ErkJggg==\"><!--[if IE 9]><\/video><![endif]--><\/source><\/source><\/picture><!-- noscript pattern --><noscript><img decoding=\"async\" src=\"https:\/\/cdni.russiatoday.com\/deutsch\/images\/2022.04\/article\/625bf07648fbef42a325162d.jpg\" alt=\"Gewaltsame Auseinandersetzungen um al-Aqsa-Moschee in Jerusalem\"><\/noscript>    <\/div><\/div>\n<div class=\"Card-contentWrap\">\n<div class=\"Card-content\">\n<div class=\"Card-title\">\n<div class=\"HeaderNews-root HeaderNews-type_6 \">\n<p>            <a target=\"_blank\" href=\"https:\/\/de.rt.com\/der-nahe-osten\/136368-gewaltsame-auseinandersetzungen-um-al-aqsa-moschee\/\" class=\"Link-root Link-isFullCard \" rel=\"noopener\"><br \/>\n                Gewaltsame Auseinandersetzungen um al-Aqsa-Moschee in Jerusalem<br \/>\n            <\/a><\/p><\/div><\/div><\/div><\/div>\n<\/article>\n<\/div><\/div>\n<p>Die Lage in der Jerusalemer Altstadt war in den vergangenen Tagen besonders angespannt. Auf dem Tempelberg in Jerusalem brachen Mitte April schwere Unruhen aus. Bei\u00a0heftigen Zusammenst\u00f6\u00dfen zwischen pal\u00e4stinensischen Demonstranten und israelischen Sicherheitskr\u00e4ften ging die israelische Polizei hart gegen die Pal\u00e4stinenser vor.\u00a0<\/p>\n<p>Laut dem libanesischen Nachrichtensender<em> Al Jadeed<\/em>\u00a0best\u00e4tigten lokale Quellen, dass eine Rakete aus der Gegend von Ras El Ain s\u00fcdlich von Tyrus auf israelische Gebiete\u00a0abgefeuert wurde. Aroldo Lazaro, Leiter der Interimstruppe der Vereinten Nationen im Libanon (UNIFIL), forderte &#8220;Ruhe und Zur\u00fcckhaltung in dieser unbest\u00e4ndigen und andauernden Situation&#8221;.<\/p>\n<div class=\"EmbedBlock-root EmbedBlock-twitter\">\n<div class=\"TwitterEmbed\">\n<blockquote class=\"twitter-tweet lazyload\" data-twitter=\"twitter-tweet\">\n<p lang=\"en\" dir=\"ltr\">STATEMENT: A rocket was launched from Lebanon toward Israel early this morning. Israel Defense Forces are returning fire with dozens of shells. UNIFIL Head of Mission and Force Commander <a target=\"_blank\" href=\"https:\/\/twitter.com\/aroldo_lazaro?ref_src=twsrc%5Etfw\" rel=\"noopener\">@aroldo_lazaro<\/a> urges calm and restraint in this volatile and ongoing situation. More to come.<\/p>\n<p>\u2014 UNIFIL (@UNIFIL_) <a target=\"_blank\" href=\"https:\/\/twitter.com\/UNIFIL_\/status\/1518388083263217670?ref_src=twsrc%5Etfw\" rel=\"noopener\">April 25, 2022<\/a><\/p><\/blockquote>\n<\/div>\n<\/div>\n<p>Die Hisbollah wolle die letzten Tage des Ramadan nutzen, um die Spannungen mit dem j\u00fcdischen Staat zu versch\u00e4rfen. Sie hoffe, dass sich von Iran unterst\u00fctzte Gruppen wie der Pal\u00e4stinensische Islamische Dschihad der Hisbollah in Zeiten zunehmender Spannungen anschlie\u00dfen werden, kommentiert am Wochenende die israelische Zeitung <a target=\"_blank\" href=\"https:\/\/www.jpost.com\/middle-east\/article-704880\" rel=\"noopener noreferrer\"><em>Jerusalem Post<\/em><\/a>.\u00a0Ein Mitglied der Hisbollah hatte in der vergangenen Woche Israel\u00a0scharf kritisiert und sagte, die Spannungen um die al-Aqsa-Moschee w\u00fcrden nicht &#8220;unbeantwortet&#8221; bleiben.\u00a0Hassan al-Baghdadi erkl\u00e4rte,\u00a0dass Israels &#8220;Angriffe&#8221; auf muslimische Gl\u00e4ubige eine &#8220;klare Verletzung muslimischer Heiligkeiten und Gef\u00fchle&#8221; seien.<\/p>\n<p>Im August wurden 19 Raketen aus dem S\u00fcdlibanon auf die Golanh\u00f6hen abgefeuert. Die Hisbollah\u00a0\u00fcbernahm die Verantwortung\u00a0f\u00fcr den Angriff, und als Reaktion darauf griffen die IDF mit Artilleriefeuer Ziele im S\u00fcdlibanon an.<\/p>\n<p><strong>Mehr zum Thema<\/strong> &#8211; <a target=\"_blank\" href=\"https:\/\/de.rt.com\/der-nahe-osten\/136661-sirenen-heulen-in-israel-israelische\/\" rel=\"noopener noreferrer\">Israelische Armee fliegt Luftangriffe auf Gazastreifen \u2013 Hamas warnt vor Aggressionsakten<\/a><\/p>\n<\/div>\n<p><script async src=\"https:\/\/platform.twitter.com\/widgets.js\" charset=\"utf-8\"><\/script><br \/>\n<br \/><br \/>\n<br \/><a href=\"https:\/\/de.rt.com\/der-nahe-osten\/136942-nach-uberraschenden-raketenangriff-auf-nordisrael\/\">Source link <\/a><\/p>\n","protected":false},"excerpt":{"rendered":"<p>Israelische Artillerieeinheiten\u00a0beschossen am Montag Ziele im Libanon, sagte ein Milit\u00e4rsprecher. Der IDF-Angriff auf einen mutma\u00dflichen &#8220;Raketenstartplatz&#8221; in S\u00fcdlibanon erfolgte einige Stunden nach dem Abfeuern einer Rakete auf Israel kurz nach Mitternacht und deren Einschlag auf offenem Gel\u00e4nde.\u00a0Der Angriff aus S\u00fcdlibanon markierte das Aufflammen\u00a0der Spannungen an Israels relativ ruhiger Nordgrenze zum Libanon. \u0645\u0635\u0627\u062f\u0631 \u0644\u0628\u0646\u0627\u0646\u064a\u0629: \u0627\u0644\u062c\u064a\u0634 \u0627\u0644\u0625\u0633\u0631\u0627\u0626\u064a\u0644\u064a [&hellip;]<\/p>\n","protected":false},"author":3,"featured_media":3286,"comment_status":"open","ping_status":"open","sticky":false,"template":"","format":"standard","meta":{"wp_automatic_camp":["217"],"b48517710882d25574ab8ea6104d83fa":["Nach Raketenbeschuss auf Nordisrael: Israelische Armee greift Ziele im S\u00fcdlibanon an"],"original_link":["https:\/\/de.rt.com\/der-nahe-osten\/136942-nach-uberraschenden-raketenangriff-auf-nordisrael\/"],"_thumbnail_id":["3286"],"wp_automatic_remove_first_image":["yes"],"jnews_social_counter_last_update":["1777706390"]},"categories":[19,23],"tags":[2398,133,572,1166,979,9645,9644,9646,782],"yoast_head":"<!-- This site is optimized with the Yoast SEO Premium plugin v22.7 (Yoast SEO v22.7) - https:\/\/yoast.com\/wordpress\/plugins\/seo\/ -->\n<title>Nach Raketenbeschuss auf Nordisrael: Israelische Armee greift Ziele im S\u00fcdlibanon an - just-now.NEWS Deutschland<\/title>\n<meta name=\"robots\" content=\"index, follow, max-snippet:-1, max-image-preview:large, max-video-preview:-1\" \/>\n<link rel=\"canonical\" href=\"https:\/\/now-news.de\/de\/deutschland\/nach-raketenbeschuss-auf-nordisrael-israelische-armee-greift-ziele-im-suedlibanon-an\/\" \/>\n<meta property=\"og:locale\" content=\"de_DE\" \/>\n<meta property=\"og:type\" content=\"article\" \/>\n<meta property=\"og:title\" content=\"Nach Raketenbeschuss auf Nordisrael: Israelische Armee greift Ziele im S\u00fcdlibanon an\" \/>\n<meta property=\"og:description\" content=\"Israelische Artillerieeinheiten\u00a0beschossen am Montag Ziele im Libanon, sagte ein Milit\u00e4rsprecher. Der IDF-Angriff auf einen mutma\u00dflichen &#8220;Raketenstartplatz&#8221; in S\u00fcdlibanon erfolgte einige Stunden nach dem Abfeuern einer Rakete auf Israel kurz nach Mitternacht und deren Einschlag auf offenem Gel\u00e4nde.\u00a0Der Angriff aus S\u00fcdlibanon markierte das Aufflammen\u00a0der Spannungen an Israels relativ ruhiger Nordgrenze zum Libanon. \u0645\u0635\u0627\u062f\u0631 \u0644\u0628\u0646\u0627\u0646\u064a\u0629: \u0627\u0644\u062c\u064a\u0634 \u0627\u0644\u0625\u0633\u0631\u0627\u0626\u064a\u0644\u064a [&hellip;]\" \/>\n<meta property=\"og:url\" content=\"https:\/\/now-news.de\/de\/deutschland\/nach-raketenbeschuss-auf-nordisrael-israelische-armee-greift-ziele-im-suedlibanon-an\/\" \/>\n<meta property=\"og:site_name\" content=\"just-now.NEWS Deutschland\" \/>\n<meta property=\"article:publisher\" content=\"https:\/\/www.facebook.com\/wirmachenauf\" \/>\n<meta property=\"article:published_time\" content=\"2022-04-25T09:40:39+00:00\" \/>\n<meta property=\"og:image\" content=\"https:\/\/now-news.de\/de\/wp-content\/uploads\/sites\/3\/2022\/04\/Nach-Raketenbeschuss-auf-Nordisrael-Israelische-Armee-greift-Ziele-im-Suedlibanon.jpg\" \/>\n\t<meta property=\"og:image:width\" content=\"1104\" \/>\n\t<meta property=\"og:image:height\" content=\"622\" \/>\n\t<meta property=\"og:image:type\" content=\"image\/jpeg\" \/>\n<meta name=\"author\" content=\"rtnews\" \/>\n<meta name=\"twitter:card\" content=\"summary_large_image\" \/>\n<meta name=\"twitter:creator\" content=\"@WirMachenAuf_de\" \/>\n<meta name=\"twitter:site\" content=\"@WirMachenAuf_de\" \/>\n<meta name=\"twitter:label1\" content=\"Verfasst von\" \/>\n\t<meta name=\"twitter:data1\" content=\"rtnews\" \/>\n\t<meta name=\"twitter:label2\" content=\"Gesch\u00e4tzte Lesezeit\" \/>\n\t<meta name=\"twitter:data2\" content=\"2\u00a0Minuten\" \/>\n<script type=\"application\/ld+json\" class=\"yoast-schema-graph\">{\"@context\":\"https:\/\/schema.org\",\"@graph\":[{\"@type\":\"Article\",\"@id\":\"https:\/\/now-news.de\/de\/deutschland\/nach-raketenbeschuss-auf-nordisrael-israelische-armee-greift-ziele-im-suedlibanon-an\/#article\",\"isPartOf\":{\"@id\":\"https:\/\/now-news.de\/de\/deutschland\/nach-raketenbeschuss-auf-nordisrael-israelische-armee-greift-ziele-im-suedlibanon-an\/\"},\"author\":{\"name\":\"rtnews\",\"@id\":\"https:\/\/now-news.de\/de\/#\/schema\/person\/fb534a4e865501d8b3285208df34a9b5\"},\"headline\":\"Nach Raketenbeschuss auf Nordisrael: Israelische Armee greift Ziele im S\u00fcdlibanon an\",\"datePublished\":\"2022-04-25T09:40:39+00:00\",\"dateModified\":\"2022-04-25T09:40:39+00:00\",\"mainEntityOfPage\":{\"@id\":\"https:\/\/now-news.de\/de\/deutschland\/nach-raketenbeschuss-auf-nordisrael-israelische-armee-greift-ziele-im-suedlibanon-an\/\"},\"wordCount\":494,\"commentCount\":0,\"publisher\":{\"@id\":\"https:\/\/now-news.de\/de\/#organization\"},\"image\":{\"@id\":\"https:\/\/now-news.de\/de\/deutschland\/nach-raketenbeschuss-auf-nordisrael-israelische-armee-greift-ziele-im-suedlibanon-an\/#primaryimage\"},\"thumbnailUrl\":\"https:\/\/now-news.de\/de\/wp-content\/uploads\/sites\/3\/2022\/04\/Nach-Raketenbeschuss-auf-Nordisrael-Israelische-Armee-greift-Ziele-im-Suedlibanon.jpg\",\"keywords\":[\"Armee\",\"AUF\",\"greift\",\"Israelische\",\"nach\",\"Nordisrael\",\"Raketenbeschuss\",\"S\u00fcdlibanon\",\"Ziele\"],\"articleSection\":[\"Deutschland\",\"Russland\"],\"inLanguage\":\"de\",\"potentialAction\":[{\"@type\":\"CommentAction\",\"name\":\"Comment\",\"target\":[\"https:\/\/now-news.de\/de\/deutschland\/nach-raketenbeschuss-auf-nordisrael-israelische-armee-greift-ziele-im-suedlibanon-an\/#respond\"]}]},{\"@type\":\"WebPage\",\"@id\":\"https:\/\/now-news.de\/de\/deutschland\/nach-raketenbeschuss-auf-nordisrael-israelische-armee-greift-ziele-im-suedlibanon-an\/\",\"url\":\"https:\/\/now-news.de\/de\/deutschland\/nach-raketenbeschuss-auf-nordisrael-israelische-armee-greift-ziele-im-suedlibanon-an\/\",\"name\":\"Nach Raketenbeschuss auf Nordisrael: Israelische Armee greift Ziele im S\u00fcdlibanon an - just-now.NEWS Deutschland\",\"isPartOf\":{\"@id\":\"https:\/\/now-news.de\/de\/#website\"},\"primaryImageOfPage\":{\"@id\":\"https:\/\/now-news.de\/de\/deutschland\/nach-raketenbeschuss-auf-nordisrael-israelische-armee-greift-ziele-im-suedlibanon-an\/#primaryimage\"},\"image\":{\"@id\":\"https:\/\/now-news.de\/de\/deutschland\/nach-raketenbeschuss-auf-nordisrael-israelische-armee-greift-ziele-im-suedlibanon-an\/#primaryimage\"},\"thumbnailUrl\":\"https:\/\/now-news.de\/de\/wp-content\/uploads\/sites\/3\/2022\/04\/Nach-Raketenbeschuss-auf-Nordisrael-Israelische-Armee-greift-Ziele-im-Suedlibanon.jpg\",\"datePublished\":\"2022-04-25T09:40:39+00:00\",\"dateModified\":\"2022-04-25T09:40:39+00:00\",\"breadcrumb\":{\"@id\":\"https:\/\/now-news.de\/de\/deutschland\/nach-raketenbeschuss-auf-nordisrael-israelische-armee-greift-ziele-im-suedlibanon-an\/#breadcrumb\"},\"inLanguage\":\"de\",\"potentialAction\":[{\"@type\":\"ReadAction\",\"target\":[\"https:\/\/now-news.de\/de\/deutschland\/nach-raketenbeschuss-auf-nordisrael-israelische-armee-greift-ziele-im-suedlibanon-an\/\"]}]},{\"@type\":\"ImageObject\",\"inLanguage\":\"de\",\"@id\":\"https:\/\/now-news.de\/de\/deutschland\/nach-raketenbeschuss-auf-nordisrael-israelische-armee-greift-ziele-im-suedlibanon-an\/#primaryimage\",\"url\":\"https:\/\/now-news.de\/de\/wp-content\/uploads\/sites\/3\/2022\/04\/Nach-Raketenbeschuss-auf-Nordisrael-Israelische-Armee-greift-Ziele-im-Suedlibanon.jpg\",\"contentUrl\":\"https:\/\/now-news.de\/de\/wp-content\/uploads\/sites\/3\/2022\/04\/Nach-Raketenbeschuss-auf-Nordisrael-Israelische-Armee-greift-Ziele-im-Suedlibanon.jpg\",\"width\":1104,\"height\":622,\"caption\":\"Nach Raketenbeschuss auf Nordisrael: Israelische Armee greift Ziele im S\u00fcdlibanon an\"},{\"@type\":\"BreadcrumbList\",\"@id\":\"https:\/\/now-news.de\/de\/deutschland\/nach-raketenbeschuss-auf-nordisrael-israelische-armee-greift-ziele-im-suedlibanon-an\/#breadcrumb\",\"itemListElement\":[{\"@type\":\"ListItem\",\"position\":1,\"name\":\"Home\",\"item\":\"https:\/\/now-news.de\/de\/\"},{\"@type\":\"ListItem\",\"position\":2,\"name\":\"Nach Raketenbeschuss auf Nordisrael: Israelische Armee greift Ziele im S\u00fcdlibanon an\"}]},{\"@type\":\"WebSite\",\"@id\":\"https:\/\/now-news.de\/de\/#website\",\"url\":\"https:\/\/now-news.de\/de\/\",\"name\":\"just-now.NEWS Deutschland\",\"description\":\"Das Portal f\u00fcr unzensierte Nachrichten aus der Welt\",\"publisher\":{\"@id\":\"https:\/\/now-news.de\/de\/#organization\"},\"potentialAction\":[{\"@type\":\"SearchAction\",\"target\":{\"@type\":\"EntryPoint\",\"urlTemplate\":\"https:\/\/now-news.de\/de\/?s={search_term_string}\"},\"query-input\":\"required name=search_term_string\"}],\"inLanguage\":\"de\"},{\"@type\":\"Organization\",\"@id\":\"https:\/\/now-news.de\/de\/#organization\",\"name\":\"Just Now News\",\"url\":\"https:\/\/now-news.de\/de\/\",\"logo\":{\"@type\":\"ImageObject\",\"inLanguage\":\"de\",\"@id\":\"https:\/\/now-news.de\/de\/#\/schema\/logo\/image\/\",\"url\":\"http:\/\/just-now.news\/de\/wp-content\/uploads\/sites\/3\/2022\/04\/logo500x500.jpg\",\"contentUrl\":\"http:\/\/just-now.news\/de\/wp-content\/uploads\/sites\/3\/2022\/04\/logo500x500.jpg\",\"width\":500,\"height\":500,\"caption\":\"Just Now News\"},\"image\":{\"@id\":\"https:\/\/now-news.de\/de\/#\/schema\/logo\/image\/\"},\"sameAs\":[\"https:\/\/www.facebook.com\/wirmachenauf\",\"https:\/\/x.com\/WirMachenAuf_de\"]},{\"@type\":\"Person\",\"@id\":\"https:\/\/now-news.de\/de\/#\/schema\/person\/fb534a4e865501d8b3285208df34a9b5\",\"name\":\"rtnews\",\"image\":{\"@type\":\"ImageObject\",\"inLanguage\":\"de\",\"@id\":\"https:\/\/now-news.de\/de\/#\/schema\/person\/image\/\",\"url\":\"https:\/\/secure.gravatar.com\/avatar\/82aafea7d8127119dd649515f56e2117?s=96&d=mm&r=g\",\"contentUrl\":\"https:\/\/secure.gravatar.com\/avatar\/82aafea7d8127119dd649515f56e2117?s=96&d=mm&r=g\",\"caption\":\"rtnews\"},\"url\":\"https:\/\/now-news.de\/de\/author\/rnews\/\"}]}<\/script>\n<!-- \/ Yoast SEO Premium plugin. -->","yoast_head_json":{"title":"Nach Raketenbeschuss auf Nordisrael: Israelische Armee greift Ziele im S\u00fcdlibanon an - just-now.NEWS Deutschland","robots":{"index":"index","follow":"follow","max-snippet":"max-snippet:-1","max-image-preview":"max-image-preview:large","max-video-preview":"max-video-preview:-1"},"canonical":"https:\/\/now-news.de\/de\/deutschland\/nach-raketenbeschuss-auf-nordisrael-israelische-armee-greift-ziele-im-suedlibanon-an\/","og_locale":"de_DE","og_type":"article","og_title":"Nach Raketenbeschuss auf Nordisrael: Israelische Armee greift Ziele im S\u00fcdlibanon an","og_description":"Israelische Artillerieeinheiten\u00a0beschossen am Montag Ziele im Libanon, sagte ein Milit\u00e4rsprecher. Der IDF-Angriff auf einen mutma\u00dflichen &#8220;Raketenstartplatz&#8221; in S\u00fcdlibanon erfolgte einige Stunden nach dem Abfeuern einer Rakete auf Israel kurz nach Mitternacht und deren Einschlag auf offenem Gel\u00e4nde.\u00a0Der Angriff aus S\u00fcdlibanon markierte das Aufflammen\u00a0der Spannungen an Israels relativ ruhiger Nordgrenze zum Libanon. \u0645\u0635\u0627\u062f\u0631 \u0644\u0628\u0646\u0627\u0646\u064a\u0629: \u0627\u0644\u062c\u064a\u0634 \u0627\u0644\u0625\u0633\u0631\u0627\u0626\u064a\u0644\u064a [&hellip;]","og_url":"https:\/\/now-news.de\/de\/deutschland\/nach-raketenbeschuss-auf-nordisrael-israelische-armee-greift-ziele-im-suedlibanon-an\/","og_site_name":"just-now.NEWS Deutschland","article_publisher":"https:\/\/www.facebook.com\/wirmachenauf","article_published_time":"2022-04-25T09:40:39+00:00","og_image":[{"width":1104,"height":622,"url":"https:\/\/now-news.de\/de\/wp-content\/uploads\/sites\/3\/2022\/04\/Nach-Raketenbeschuss-auf-Nordisrael-Israelische-Armee-greift-Ziele-im-Suedlibanon.jpg","type":"image\/jpeg"}],"author":"rtnews","twitter_card":"summary_large_image","twitter_creator":"@WirMachenAuf_de","twitter_site":"@WirMachenAuf_de","twitter_misc":{"Verfasst von":"rtnews","Gesch\u00e4tzte Lesezeit":"2\u00a0Minuten"},"schema":{"@context":"https:\/\/schema.org","@graph":[{"@type":"Article","@id":"https:\/\/now-news.de\/de\/deutschland\/nach-raketenbeschuss-auf-nordisrael-israelische-armee-greift-ziele-im-suedlibanon-an\/#article","isPartOf":{"@id":"https:\/\/now-news.de\/de\/deutschland\/nach-raketenbeschuss-auf-nordisrael-israelische-armee-greift-ziele-im-suedlibanon-an\/"},"author":{"name":"rtnews","@id":"https:\/\/now-news.de\/de\/#\/schema\/person\/fb534a4e865501d8b3285208df34a9b5"},"headline":"Nach Raketenbeschuss auf Nordisrael: Israelische Armee greift Ziele im S\u00fcdlibanon an","datePublished":"2022-04-25T09:40:39+00:00","dateModified":"2022-04-25T09:40:39+00:00","mainEntityOfPage":{"@id":"https:\/\/now-news.de\/de\/deutschland\/nach-raketenbeschuss-auf-nordisrael-israelische-armee-greift-ziele-im-suedlibanon-an\/"},"wordCount":494,"commentCount":0,"publisher":{"@id":"https:\/\/now-news.de\/de\/#organization"},"image":{"@id":"https:\/\/now-news.de\/de\/deutschland\/nach-raketenbeschuss-auf-nordisrael-israelische-armee-greift-ziele-im-suedlibanon-an\/#primaryimage"},"thumbnailUrl":"https:\/\/now-news.de\/de\/wp-content\/uploads\/sites\/3\/2022\/04\/Nach-Raketenbeschuss-auf-Nordisrael-Israelische-Armee-greift-Ziele-im-Suedlibanon.jpg","keywords":["Armee","AUF","greift","Israelische","nach","Nordisrael","Raketenbeschuss","S\u00fcdlibanon","Ziele"],"articleSection":["Deutschland","Russland"],"inLanguage":"de","potentialAction":[{"@type":"CommentAction","name":"Comment","target":["https:\/\/now-news.de\/de\/deutschland\/nach-raketenbeschuss-auf-nordisrael-israelische-armee-greift-ziele-im-suedlibanon-an\/#respond"]}]},{"@type":"WebPage","@id":"https:\/\/now-news.de\/de\/deutschland\/nach-raketenbeschuss-auf-nordisrael-israelische-armee-greift-ziele-im-suedlibanon-an\/","url":"https:\/\/now-news.de\/de\/deutschland\/nach-raketenbeschuss-auf-nordisrael-israelische-armee-greift-ziele-im-suedlibanon-an\/","name":"Nach Raketenbeschuss auf Nordisrael: Israelische Armee greift Ziele im S\u00fcdlibanon an - just-now.NEWS Deutschland","isPartOf":{"@id":"https:\/\/now-news.de\/de\/#website"},"primaryImageOfPage":{"@id":"https:\/\/now-news.de\/de\/deutschland\/nach-raketenbeschuss-auf-nordisrael-israelische-armee-greift-ziele-im-suedlibanon-an\/#primaryimage"},"image":{"@id":"https:\/\/now-news.de\/de\/deutschland\/nach-raketenbeschuss-auf-nordisrael-israelische-armee-greift-ziele-im-suedlibanon-an\/#primaryimage"},"thumbnailUrl":"https:\/\/now-news.de\/de\/wp-content\/uploads\/sites\/3\/2022\/04\/Nach-Raketenbeschuss-auf-Nordisrael-Israelische-Armee-greift-Ziele-im-Suedlibanon.jpg","datePublished":"2022-04-25T09:40:39+00:00","dateModified":"2022-04-25T09:40:39+00:00","breadcrumb":{"@id":"https:\/\/now-news.de\/de\/deutschland\/nach-raketenbeschuss-auf-nordisrael-israelische-armee-greift-ziele-im-suedlibanon-an\/#breadcrumb"},"inLanguage":"de","potentialAction":[{"@type":"ReadAction","target":["https:\/\/now-news.de\/de\/deutschland\/nach-raketenbeschuss-auf-nordisrael-israelische-armee-greift-ziele-im-suedlibanon-an\/"]}]},{"@type":"ImageObject","inLanguage":"de","@id":"https:\/\/now-news.de\/de\/deutschland\/nach-raketenbeschuss-auf-nordisrael-israelische-armee-greift-ziele-im-suedlibanon-an\/#primaryimage","url":"https:\/\/now-news.de\/de\/wp-content\/uploads\/sites\/3\/2022\/04\/Nach-Raketenbeschuss-auf-Nordisrael-Israelische-Armee-greift-Ziele-im-Suedlibanon.jpg","contentUrl":"https:\/\/now-news.de\/de\/wp-content\/uploads\/sites\/3\/2022\/04\/Nach-Raketenbeschuss-auf-Nordisrael-Israelische-Armee-greift-Ziele-im-Suedlibanon.jpg","width":1104,"height":622,"caption":"Nach Raketenbeschuss auf Nordisrael: Israelische Armee greift Ziele im S\u00fcdlibanon an"},{"@type":"BreadcrumbList","@id":"https:\/\/now-news.de\/de\/deutschland\/nach-raketenbeschuss-auf-nordisrael-israelische-armee-greift-ziele-im-suedlibanon-an\/#breadcrumb","itemListElement":[{"@type":"ListItem","position":1,"name":"Home","item":"https:\/\/now-news.de\/de\/"},{"@type":"ListItem","position":2,"name":"Nach Raketenbeschuss auf Nordisrael: Israelische Armee greift Ziele im S\u00fcdlibanon an"}]},{"@type":"WebSite","@id":"https:\/\/now-news.de\/de\/#website","url":"https:\/\/now-news.de\/de\/","name":"just-now.NEWS Deutschland","description":"Das Portal f\u00fcr unzensierte Nachrichten aus der Welt","publisher":{"@id":"https:\/\/now-news.de\/de\/#organization"},"potentialAction":[{"@type":"SearchAction","target":{"@type":"EntryPoint","urlTemplate":"https:\/\/now-news.de\/de\/?s={search_term_string}"},"query-input":"required name=search_term_string"}],"inLanguage":"de"},{"@type":"Organization","@id":"https:\/\/now-news.de\/de\/#organization","name":"Just Now News","url":"https:\/\/now-news.de\/de\/","logo":{"@type":"ImageObject","inLanguage":"de","@id":"https:\/\/now-news.de\/de\/#\/schema\/logo\/image\/","url":"http:\/\/just-now.news\/de\/wp-content\/uploads\/sites\/3\/2022\/04\/logo500x500.jpg","contentUrl":"http:\/\/just-now.news\/de\/wp-content\/uploads\/sites\/3\/2022\/04\/logo500x500.jpg","width":500,"height":500,"caption":"Just Now News"},"image":{"@id":"https:\/\/now-news.de\/de\/#\/schema\/logo\/image\/"},"sameAs":["https:\/\/www.facebook.com\/wirmachenauf","https:\/\/x.com\/WirMachenAuf_de"]},{"@type":"Person","@id":"https:\/\/now-news.de\/de\/#\/schema\/person\/fb534a4e865501d8b3285208df34a9b5","name":"rtnews","image":{"@type":"ImageObject","inLanguage":"de","@id":"https:\/\/now-news.de\/de\/#\/schema\/person\/image\/","url":"https:\/\/secure.gravatar.com\/avatar\/82aafea7d8127119dd649515f56e2117?s=96&d=mm&r=g","contentUrl":"https:\/\/secure.gravatar.com\/avatar\/82aafea7d8127119dd649515f56e2117?s=96&d=mm&r=g","caption":"rtnews"},"url":"https:\/\/now-news.de\/de\/author\/rnews\/"}]}},"_links":{"self":[{"href":"https:\/\/now-news.de\/de\/wp-json\/wp\/v2\/posts\/3285"}],"collection":[{"href":"https:\/\/now-news.de\/de\/wp-json\/wp\/v2\/posts"}],"about":[{"href":"https:\/\/now-news.de\/de\/wp-json\/wp\/v2\/types\/post"}],"author":[{"embeddable":true,"href":"https:\/\/now-news.de\/de\/wp-json\/wp\/v2\/users\/3"}],"replies":[{"embeddable":true,"href":"https:\/\/now-news.de\/de\/wp-json\/wp\/v2\/comments?post=3285"}],"version-history":[{"count":0,"href":"https:\/\/now-news.de\/de\/wp-json\/wp\/v2\/posts\/3285\/revisions"}],"wp:featuredmedia":[{"embeddable":true,"href":"https:\/\/now-news.de\/de\/wp-json\/wp\/v2\/media\/3286"}],"wp:attachment":[{"href":"https:\/\/now-news.de\/de\/wp-json\/wp\/v2\/media?parent=3285"}],"wp:term":[{"taxonomy":"category","embeddable":true,"href":"https:\/\/now-news.de\/de\/wp-json\/wp\/v2\/categories?post=3285"},{"taxonomy":"post_tag","embeddable":true,"href":"https:\/\/now-news.de\/de\/wp-json\/wp\/v2\/tags?post=3285"}],"curies":[{"name":"wp","href":"https:\/\/api.w.org\/{rel}","templated":true}]}}