{"id":32847,"date":"2023-03-23T19:06:15","date_gmt":"2023-03-23T17:06:15","guid":{"rendered":"https:\/\/just-now.news\/de\/deutschland\/medwedew-wird-putin-in-deutschland-verhaftet-fliegen-unsere-raketen-in-den-bundestag\/"},"modified":"2023-03-23T19:06:15","modified_gmt":"2023-03-23T17:06:15","slug":"medwedew-wird-putin-in-deutschland-verhaftet-fliegen-unsere-raketen-in-den-bundestag","status":"publish","type":"post","link":"https:\/\/now-news.de\/de\/deutschland\/medwedew-wird-putin-in-deutschland-verhaftet-fliegen-unsere-raketen-in-den-bundestag\/","title":{"rendered":"Medwedew: Wird Putin in Deutschland verhaftet, fliegen unsere Raketen in den Bundestag"},"content":{"rendered":"<p><img decoding=\"async\" src=\"http:\/\/just-now.news\/de\/wp-content\/uploads\/sites\/3\/2023\/03\/641c8600b480cc0bbf0e927d.jpg\" \/><\/p>\n<div class=\"Text-root Text-type_1 \">\n                Der russische Ex-Pr\u00e4sident Dmitri Medwedew wurde in einer Fragerunde mit russischen Journalisten auf die Gefahr eines Atomkrieges angesprochen. Er sagte: &#8220;Jeder Tag mit westlichen Waffenlieferungen in die Ukraine bringt die viel beschworene nukleare Apokalypse n\u00e4her.&#8221;\n            <\/div>\n<p><\/p>\n<div class=\"Text-root Text-type_5 ArticleView-text ViewText-root \">\n<p>Eine Festnahme des russischen Pr\u00e4sidenten auf deutschem Boden, wie Bundesjustizminister Marco Buschmann sie ank\u00fcndigte, sei eine direkte Kriegserkl\u00e4rung an Russland, so Medwedew weiter.<\/p>\n<p>Der hochrangige Beamte warf Buschmann vor, die Konsequenzen eines solchen Schrittes absolut nicht zu bedenken. Denn: &#8220;In diesem Fall w\u00fcrden unsere Kampfmittel in den Bundestag, ins Kanzleramt und so weiter fliegen.&#8221;<\/p>\n<\/div>\n<p><br \/>\n<br \/><a href=\"https:\/\/de.rt.com\/europa\/166091-medwedew-wird-putin-in-deutschland-verhaftet-fliegen-unsere-raketen-bundestag\/\">Source link <\/a><\/p>\n","protected":false},"excerpt":{"rendered":"<p>Der russische Ex-Pr\u00e4sident Dmitri Medwedew wurde in einer Fragerunde mit russischen Journalisten auf die Gefahr eines Atomkrieges angesprochen. Er sagte: &#8220;Jeder Tag mit westlichen Waffenlieferungen in die Ukraine bringt die viel beschworene nukleare Apokalypse n\u00e4her.&#8221; Eine Festnahme des russischen Pr\u00e4sidenten auf deutschem Boden, wie Bundesjustizminister Marco Buschmann sie ank\u00fcndigte, sei eine direkte Kriegserkl\u00e4rung an Russland, [&hellip;]<\/p>\n","protected":false},"author":3,"featured_media":32848,"comment_status":"open","ping_status":"open","sticky":false,"template":"","format":"standard","meta":{"_yoast_indexnow_last_ping":["1679592834"],"wp_automatic_camp":["217"],"d9b0c8198653fcb3d60f568db10166bc":["Medwedew: Wird Putin in Deutschland verhaftet, fliegen unsere Raketen in den Bundestag"],"original_link":["https:\/\/de.rt.com\/europa\/166091-medwedew-wird-putin-in-deutschland-verhaftet-fliegen-unsere-raketen-bundestag\/"],"_thumbnail_id":["32848"],"_wptgpro_p2tg_sent2tg":["a:1:{i:23737;s:19:\"2023-03-23 19:34:54\";}"],"jnews_social_counter_last_update":["1777220128"]},"categories":[19,23],"tags":[2105,48,179,17836,20678,125,13838,12596,8346,374],"yoast_head":"<!-- This site is optimized with the Yoast SEO Premium plugin v22.7 (Yoast SEO v22.7) - https:\/\/yoast.com\/wordpress\/plugins\/seo\/ -->\n<title>Medwedew: Wird Putin in Deutschland verhaftet, fliegen unsere Raketen in den Bundestag - just-now.NEWS Deutschland<\/title>\n<meta name=\"robots\" content=\"index, follow, max-snippet:-1, max-image-preview:large, max-video-preview:-1\" \/>\n<link rel=\"canonical\" href=\"https:\/\/now-news.de\/de\/deutschland\/medwedew-wird-putin-in-deutschland-verhaftet-fliegen-unsere-raketen-in-den-bundestag\/\" \/>\n<meta property=\"og:locale\" content=\"de_DE\" \/>\n<meta property=\"og:type\" content=\"article\" \/>\n<meta property=\"og:title\" content=\"Medwedew: Wird Putin in Deutschland verhaftet, fliegen unsere Raketen in den Bundestag\" \/>\n<meta property=\"og:description\" content=\"Der russische Ex-Pr\u00e4sident Dmitri Medwedew wurde in einer Fragerunde mit russischen Journalisten auf die Gefahr eines Atomkrieges angesprochen. Er sagte: &#8220;Jeder Tag mit westlichen Waffenlieferungen in die Ukraine bringt die viel beschworene nukleare Apokalypse n\u00e4her.&#8221; Eine Festnahme des russischen Pr\u00e4sidenten auf deutschem Boden, wie Bundesjustizminister Marco Buschmann sie ank\u00fcndigte, sei eine direkte Kriegserkl\u00e4rung an Russland, [&hellip;]\" \/>\n<meta property=\"og:url\" content=\"https:\/\/now-news.de\/de\/deutschland\/medwedew-wird-putin-in-deutschland-verhaftet-fliegen-unsere-raketen-in-den-bundestag\/\" \/>\n<meta property=\"og:site_name\" content=\"just-now.NEWS Deutschland\" \/>\n<meta property=\"article:publisher\" content=\"https:\/\/www.facebook.com\/wirmachenauf\" \/>\n<meta property=\"article:published_time\" content=\"2023-03-23T17:06:15+00:00\" \/>\n<meta property=\"og:image\" content=\"https:\/\/now-news.de\/de\/wp-content\/uploads\/sites\/3\/2023\/03\/Medwedew-Wird-Putin-in-Deutschland-verhaftet-fliegen-unsere-Raketen-in.jpg\" \/>\n\t<meta property=\"og:image:width\" content=\"460\" \/>\n\t<meta property=\"og:image:height\" content=\"259\" \/>\n\t<meta property=\"og:image:type\" content=\"image\/jpeg\" \/>\n<meta name=\"author\" content=\"rtnews\" \/>\n<meta name=\"twitter:card\" content=\"summary_large_image\" \/>\n<meta name=\"twitter:creator\" content=\"@WirMachenAuf_de\" \/>\n<meta name=\"twitter:site\" content=\"@WirMachenAuf_de\" \/>\n<meta name=\"twitter:label1\" content=\"Verfasst von\" \/>\n\t<meta name=\"twitter:data1\" content=\"rtnews\" \/>\n<script type=\"application\/ld+json\" class=\"yoast-schema-graph\">{\"@context\":\"https:\/\/schema.org\",\"@graph\":[{\"@type\":\"Article\",\"@id\":\"https:\/\/now-news.de\/de\/deutschland\/medwedew-wird-putin-in-deutschland-verhaftet-fliegen-unsere-raketen-in-den-bundestag\/#article\",\"isPartOf\":{\"@id\":\"https:\/\/now-news.de\/de\/deutschland\/medwedew-wird-putin-in-deutschland-verhaftet-fliegen-unsere-raketen-in-den-bundestag\/\"},\"author\":{\"name\":\"rtnews\",\"@id\":\"https:\/\/now-news.de\/de\/#\/schema\/person\/fb534a4e865501d8b3285208df34a9b5\"},\"headline\":\"Medwedew: Wird Putin in Deutschland verhaftet, fliegen unsere Raketen in den Bundestag\",\"datePublished\":\"2023-03-23T17:06:15+00:00\",\"dateModified\":\"2023-03-23T17:06:15+00:00\",\"mainEntityOfPage\":{\"@id\":\"https:\/\/now-news.de\/de\/deutschland\/medwedew-wird-putin-in-deutschland-verhaftet-fliegen-unsere-raketen-in-den-bundestag\/\"},\"wordCount\":110,\"commentCount\":0,\"publisher\":{\"@id\":\"https:\/\/now-news.de\/de\/#organization\"},\"image\":{\"@id\":\"https:\/\/now-news.de\/de\/deutschland\/medwedew-wird-putin-in-deutschland-verhaftet-fliegen-unsere-raketen-in-den-bundestag\/#primaryimage\"},\"thumbnailUrl\":\"https:\/\/now-news.de\/de\/wp-content\/uploads\/sites\/3\/2023\/03\/Medwedew-Wird-Putin-in-Deutschland-verhaftet-fliegen-unsere-Raketen-in.jpg\",\"keywords\":[\"Bundestag\",\"den\",\"Deutschland\",\"fliegen\",\"Medwedew\",\"putin\",\"Raketen\",\"Unsere\",\"verhaftet\",\"wird\"],\"articleSection\":[\"Deutschland\",\"Russland\"],\"inLanguage\":\"de\",\"potentialAction\":[{\"@type\":\"CommentAction\",\"name\":\"Comment\",\"target\":[\"https:\/\/now-news.de\/de\/deutschland\/medwedew-wird-putin-in-deutschland-verhaftet-fliegen-unsere-raketen-in-den-bundestag\/#respond\"]}]},{\"@type\":\"WebPage\",\"@id\":\"https:\/\/now-news.de\/de\/deutschland\/medwedew-wird-putin-in-deutschland-verhaftet-fliegen-unsere-raketen-in-den-bundestag\/\",\"url\":\"https:\/\/now-news.de\/de\/deutschland\/medwedew-wird-putin-in-deutschland-verhaftet-fliegen-unsere-raketen-in-den-bundestag\/\",\"name\":\"Medwedew: Wird Putin in Deutschland verhaftet, fliegen unsere Raketen in den Bundestag - just-now.NEWS Deutschland\",\"isPartOf\":{\"@id\":\"https:\/\/now-news.de\/de\/#website\"},\"primaryImageOfPage\":{\"@id\":\"https:\/\/now-news.de\/de\/deutschland\/medwedew-wird-putin-in-deutschland-verhaftet-fliegen-unsere-raketen-in-den-bundestag\/#primaryimage\"},\"image\":{\"@id\":\"https:\/\/now-news.de\/de\/deutschland\/medwedew-wird-putin-in-deutschland-verhaftet-fliegen-unsere-raketen-in-den-bundestag\/#primaryimage\"},\"thumbnailUrl\":\"https:\/\/now-news.de\/de\/wp-content\/uploads\/sites\/3\/2023\/03\/Medwedew-Wird-Putin-in-Deutschland-verhaftet-fliegen-unsere-Raketen-in.jpg\",\"datePublished\":\"2023-03-23T17:06:15+00:00\",\"dateModified\":\"2023-03-23T17:06:15+00:00\",\"breadcrumb\":{\"@id\":\"https:\/\/now-news.de\/de\/deutschland\/medwedew-wird-putin-in-deutschland-verhaftet-fliegen-unsere-raketen-in-den-bundestag\/#breadcrumb\"},\"inLanguage\":\"de\",\"potentialAction\":[{\"@type\":\"ReadAction\",\"target\":[\"https:\/\/now-news.de\/de\/deutschland\/medwedew-wird-putin-in-deutschland-verhaftet-fliegen-unsere-raketen-in-den-bundestag\/\"]}]},{\"@type\":\"ImageObject\",\"inLanguage\":\"de\",\"@id\":\"https:\/\/now-news.de\/de\/deutschland\/medwedew-wird-putin-in-deutschland-verhaftet-fliegen-unsere-raketen-in-den-bundestag\/#primaryimage\",\"url\":\"https:\/\/now-news.de\/de\/wp-content\/uploads\/sites\/3\/2023\/03\/Medwedew-Wird-Putin-in-Deutschland-verhaftet-fliegen-unsere-Raketen-in.jpg\",\"contentUrl\":\"https:\/\/now-news.de\/de\/wp-content\/uploads\/sites\/3\/2023\/03\/Medwedew-Wird-Putin-in-Deutschland-verhaftet-fliegen-unsere-Raketen-in.jpg\",\"width\":460,\"height\":259,\"caption\":\"Medwedew: Wird Putin in Deutschland verhaftet, fliegen unsere Raketen in den Bundestag\"},{\"@type\":\"BreadcrumbList\",\"@id\":\"https:\/\/now-news.de\/de\/deutschland\/medwedew-wird-putin-in-deutschland-verhaftet-fliegen-unsere-raketen-in-den-bundestag\/#breadcrumb\",\"itemListElement\":[{\"@type\":\"ListItem\",\"position\":1,\"name\":\"Home\",\"item\":\"https:\/\/now-news.de\/de\/\"},{\"@type\":\"ListItem\",\"position\":2,\"name\":\"Medwedew: Wird Putin in Deutschland verhaftet, fliegen unsere Raketen in den Bundestag\"}]},{\"@type\":\"WebSite\",\"@id\":\"https:\/\/now-news.de\/de\/#website\",\"url\":\"https:\/\/now-news.de\/de\/\",\"name\":\"just-now.NEWS Deutschland\",\"description\":\"Das Portal f\u00fcr unzensierte Nachrichten aus der Welt\",\"publisher\":{\"@id\":\"https:\/\/now-news.de\/de\/#organization\"},\"potentialAction\":[{\"@type\":\"SearchAction\",\"target\":{\"@type\":\"EntryPoint\",\"urlTemplate\":\"https:\/\/now-news.de\/de\/?s={search_term_string}\"},\"query-input\":\"required name=search_term_string\"}],\"inLanguage\":\"de\"},{\"@type\":\"Organization\",\"@id\":\"https:\/\/now-news.de\/de\/#organization\",\"name\":\"Just Now News\",\"url\":\"https:\/\/now-news.de\/de\/\",\"logo\":{\"@type\":\"ImageObject\",\"inLanguage\":\"de\",\"@id\":\"https:\/\/now-news.de\/de\/#\/schema\/logo\/image\/\",\"url\":\"http:\/\/just-now.news\/de\/wp-content\/uploads\/sites\/3\/2022\/04\/logo500x500.jpg\",\"contentUrl\":\"http:\/\/just-now.news\/de\/wp-content\/uploads\/sites\/3\/2022\/04\/logo500x500.jpg\",\"width\":500,\"height\":500,\"caption\":\"Just Now News\"},\"image\":{\"@id\":\"https:\/\/now-news.de\/de\/#\/schema\/logo\/image\/\"},\"sameAs\":[\"https:\/\/www.facebook.com\/wirmachenauf\",\"https:\/\/x.com\/WirMachenAuf_de\"]},{\"@type\":\"Person\",\"@id\":\"https:\/\/now-news.de\/de\/#\/schema\/person\/fb534a4e865501d8b3285208df34a9b5\",\"name\":\"rtnews\",\"image\":{\"@type\":\"ImageObject\",\"inLanguage\":\"de\",\"@id\":\"https:\/\/now-news.de\/de\/#\/schema\/person\/image\/\",\"url\":\"https:\/\/secure.gravatar.com\/avatar\/82aafea7d8127119dd649515f56e2117?s=96&d=mm&r=g\",\"contentUrl\":\"https:\/\/secure.gravatar.com\/avatar\/82aafea7d8127119dd649515f56e2117?s=96&d=mm&r=g\",\"caption\":\"rtnews\"},\"url\":\"https:\/\/now-news.de\/de\/author\/rnews\/\"}]}<\/script>\n<!-- \/ Yoast SEO Premium plugin. -->","yoast_head_json":{"title":"Medwedew: Wird Putin in Deutschland verhaftet, fliegen unsere Raketen in den Bundestag - just-now.NEWS Deutschland","robots":{"index":"index","follow":"follow","max-snippet":"max-snippet:-1","max-image-preview":"max-image-preview:large","max-video-preview":"max-video-preview:-1"},"canonical":"https:\/\/now-news.de\/de\/deutschland\/medwedew-wird-putin-in-deutschland-verhaftet-fliegen-unsere-raketen-in-den-bundestag\/","og_locale":"de_DE","og_type":"article","og_title":"Medwedew: Wird Putin in Deutschland verhaftet, fliegen unsere Raketen in den Bundestag","og_description":"Der russische Ex-Pr\u00e4sident Dmitri Medwedew wurde in einer Fragerunde mit russischen Journalisten auf die Gefahr eines Atomkrieges angesprochen. Er sagte: &#8220;Jeder Tag mit westlichen Waffenlieferungen in die Ukraine bringt die viel beschworene nukleare Apokalypse n\u00e4her.&#8221; Eine Festnahme des russischen Pr\u00e4sidenten auf deutschem Boden, wie Bundesjustizminister Marco Buschmann sie ank\u00fcndigte, sei eine direkte Kriegserkl\u00e4rung an Russland, [&hellip;]","og_url":"https:\/\/now-news.de\/de\/deutschland\/medwedew-wird-putin-in-deutschland-verhaftet-fliegen-unsere-raketen-in-den-bundestag\/","og_site_name":"just-now.NEWS Deutschland","article_publisher":"https:\/\/www.facebook.com\/wirmachenauf","article_published_time":"2023-03-23T17:06:15+00:00","og_image":[{"width":460,"height":259,"url":"https:\/\/now-news.de\/de\/wp-content\/uploads\/sites\/3\/2023\/03\/Medwedew-Wird-Putin-in-Deutschland-verhaftet-fliegen-unsere-Raketen-in.jpg","type":"image\/jpeg"}],"author":"rtnews","twitter_card":"summary_large_image","twitter_creator":"@WirMachenAuf_de","twitter_site":"@WirMachenAuf_de","twitter_misc":{"Verfasst von":"rtnews"},"schema":{"@context":"https:\/\/schema.org","@graph":[{"@type":"Article","@id":"https:\/\/now-news.de\/de\/deutschland\/medwedew-wird-putin-in-deutschland-verhaftet-fliegen-unsere-raketen-in-den-bundestag\/#article","isPartOf":{"@id":"https:\/\/now-news.de\/de\/deutschland\/medwedew-wird-putin-in-deutschland-verhaftet-fliegen-unsere-raketen-in-den-bundestag\/"},"author":{"name":"rtnews","@id":"https:\/\/now-news.de\/de\/#\/schema\/person\/fb534a4e865501d8b3285208df34a9b5"},"headline":"Medwedew: Wird Putin in Deutschland verhaftet, fliegen unsere Raketen in den Bundestag","datePublished":"2023-03-23T17:06:15+00:00","dateModified":"2023-03-23T17:06:15+00:00","mainEntityOfPage":{"@id":"https:\/\/now-news.de\/de\/deutschland\/medwedew-wird-putin-in-deutschland-verhaftet-fliegen-unsere-raketen-in-den-bundestag\/"},"wordCount":110,"commentCount":0,"publisher":{"@id":"https:\/\/now-news.de\/de\/#organization"},"image":{"@id":"https:\/\/now-news.de\/de\/deutschland\/medwedew-wird-putin-in-deutschland-verhaftet-fliegen-unsere-raketen-in-den-bundestag\/#primaryimage"},"thumbnailUrl":"https:\/\/now-news.de\/de\/wp-content\/uploads\/sites\/3\/2023\/03\/Medwedew-Wird-Putin-in-Deutschland-verhaftet-fliegen-unsere-Raketen-in.jpg","keywords":["Bundestag","den","Deutschland","fliegen","Medwedew","putin","Raketen","Unsere","verhaftet","wird"],"articleSection":["Deutschland","Russland"],"inLanguage":"de","potentialAction":[{"@type":"CommentAction","name":"Comment","target":["https:\/\/now-news.de\/de\/deutschland\/medwedew-wird-putin-in-deutschland-verhaftet-fliegen-unsere-raketen-in-den-bundestag\/#respond"]}]},{"@type":"WebPage","@id":"https:\/\/now-news.de\/de\/deutschland\/medwedew-wird-putin-in-deutschland-verhaftet-fliegen-unsere-raketen-in-den-bundestag\/","url":"https:\/\/now-news.de\/de\/deutschland\/medwedew-wird-putin-in-deutschland-verhaftet-fliegen-unsere-raketen-in-den-bundestag\/","name":"Medwedew: Wird Putin in Deutschland verhaftet, fliegen unsere Raketen in den Bundestag - just-now.NEWS Deutschland","isPartOf":{"@id":"https:\/\/now-news.de\/de\/#website"},"primaryImageOfPage":{"@id":"https:\/\/now-news.de\/de\/deutschland\/medwedew-wird-putin-in-deutschland-verhaftet-fliegen-unsere-raketen-in-den-bundestag\/#primaryimage"},"image":{"@id":"https:\/\/now-news.de\/de\/deutschland\/medwedew-wird-putin-in-deutschland-verhaftet-fliegen-unsere-raketen-in-den-bundestag\/#primaryimage"},"thumbnailUrl":"https:\/\/now-news.de\/de\/wp-content\/uploads\/sites\/3\/2023\/03\/Medwedew-Wird-Putin-in-Deutschland-verhaftet-fliegen-unsere-Raketen-in.jpg","datePublished":"2023-03-23T17:06:15+00:00","dateModified":"2023-03-23T17:06:15+00:00","breadcrumb":{"@id":"https:\/\/now-news.de\/de\/deutschland\/medwedew-wird-putin-in-deutschland-verhaftet-fliegen-unsere-raketen-in-den-bundestag\/#breadcrumb"},"inLanguage":"de","potentialAction":[{"@type":"ReadAction","target":["https:\/\/now-news.de\/de\/deutschland\/medwedew-wird-putin-in-deutschland-verhaftet-fliegen-unsere-raketen-in-den-bundestag\/"]}]},{"@type":"ImageObject","inLanguage":"de","@id":"https:\/\/now-news.de\/de\/deutschland\/medwedew-wird-putin-in-deutschland-verhaftet-fliegen-unsere-raketen-in-den-bundestag\/#primaryimage","url":"https:\/\/now-news.de\/de\/wp-content\/uploads\/sites\/3\/2023\/03\/Medwedew-Wird-Putin-in-Deutschland-verhaftet-fliegen-unsere-Raketen-in.jpg","contentUrl":"https:\/\/now-news.de\/de\/wp-content\/uploads\/sites\/3\/2023\/03\/Medwedew-Wird-Putin-in-Deutschland-verhaftet-fliegen-unsere-Raketen-in.jpg","width":460,"height":259,"caption":"Medwedew: Wird Putin in Deutschland verhaftet, fliegen unsere Raketen in den Bundestag"},{"@type":"BreadcrumbList","@id":"https:\/\/now-news.de\/de\/deutschland\/medwedew-wird-putin-in-deutschland-verhaftet-fliegen-unsere-raketen-in-den-bundestag\/#breadcrumb","itemListElement":[{"@type":"ListItem","position":1,"name":"Home","item":"https:\/\/now-news.de\/de\/"},{"@type":"ListItem","position":2,"name":"Medwedew: Wird Putin in Deutschland verhaftet, fliegen unsere Raketen in den Bundestag"}]},{"@type":"WebSite","@id":"https:\/\/now-news.de\/de\/#website","url":"https:\/\/now-news.de\/de\/","name":"just-now.NEWS Deutschland","description":"Das Portal f\u00fcr unzensierte Nachrichten aus der Welt","publisher":{"@id":"https:\/\/now-news.de\/de\/#organization"},"potentialAction":[{"@type":"SearchAction","target":{"@type":"EntryPoint","urlTemplate":"https:\/\/now-news.de\/de\/?s={search_term_string}"},"query-input":"required name=search_term_string"}],"inLanguage":"de"},{"@type":"Organization","@id":"https:\/\/now-news.de\/de\/#organization","name":"Just Now News","url":"https:\/\/now-news.de\/de\/","logo":{"@type":"ImageObject","inLanguage":"de","@id":"https:\/\/now-news.de\/de\/#\/schema\/logo\/image\/","url":"http:\/\/just-now.news\/de\/wp-content\/uploads\/sites\/3\/2022\/04\/logo500x500.jpg","contentUrl":"http:\/\/just-now.news\/de\/wp-content\/uploads\/sites\/3\/2022\/04\/logo500x500.jpg","width":500,"height":500,"caption":"Just Now News"},"image":{"@id":"https:\/\/now-news.de\/de\/#\/schema\/logo\/image\/"},"sameAs":["https:\/\/www.facebook.com\/wirmachenauf","https:\/\/x.com\/WirMachenAuf_de"]},{"@type":"Person","@id":"https:\/\/now-news.de\/de\/#\/schema\/person\/fb534a4e865501d8b3285208df34a9b5","name":"rtnews","image":{"@type":"ImageObject","inLanguage":"de","@id":"https:\/\/now-news.de\/de\/#\/schema\/person\/image\/","url":"https:\/\/secure.gravatar.com\/avatar\/82aafea7d8127119dd649515f56e2117?s=96&d=mm&r=g","contentUrl":"https:\/\/secure.gravatar.com\/avatar\/82aafea7d8127119dd649515f56e2117?s=96&d=mm&r=g","caption":"rtnews"},"url":"https:\/\/now-news.de\/de\/author\/rnews\/"}]}},"_links":{"self":[{"href":"https:\/\/now-news.de\/de\/wp-json\/wp\/v2\/posts\/32847"}],"collection":[{"href":"https:\/\/now-news.de\/de\/wp-json\/wp\/v2\/posts"}],"about":[{"href":"https:\/\/now-news.de\/de\/wp-json\/wp\/v2\/types\/post"}],"author":[{"embeddable":true,"href":"https:\/\/now-news.de\/de\/wp-json\/wp\/v2\/users\/3"}],"replies":[{"embeddable":true,"href":"https:\/\/now-news.de\/de\/wp-json\/wp\/v2\/comments?post=32847"}],"version-history":[{"count":0,"href":"https:\/\/now-news.de\/de\/wp-json\/wp\/v2\/posts\/32847\/revisions"}],"wp:featuredmedia":[{"embeddable":true,"href":"https:\/\/now-news.de\/de\/wp-json\/wp\/v2\/media\/32848"}],"wp:attachment":[{"href":"https:\/\/now-news.de\/de\/wp-json\/wp\/v2\/media?parent=32847"}],"wp:term":[{"taxonomy":"category","embeddable":true,"href":"https:\/\/now-news.de\/de\/wp-json\/wp\/v2\/categories?post=32847"},{"taxonomy":"post_tag","embeddable":true,"href":"https:\/\/now-news.de\/de\/wp-json\/wp\/v2\/tags?post=32847"}],"curies":[{"name":"wp","href":"https:\/\/api.w.org\/{rel}","templated":true}]}}