{"id":32845,"date":"2023-03-23T19:17:15","date_gmt":"2023-03-23T17:17:15","guid":{"rendered":"https:\/\/just-now.news\/de\/deutschland\/rueckschlag-fuer-erdogan-pro-kurdische-hdp-schlaegt-sich-auf-die-seite-des-herausforderers\/"},"modified":"2023-03-23T19:17:15","modified_gmt":"2023-03-23T17:17:15","slug":"rueckschlag-fuer-erdogan-pro-kurdische-hdp-schlaegt-sich-auf-die-seite-des-herausforderers","status":"publish","type":"post","link":"https:\/\/now-news.de\/de\/deutschland\/rueckschlag-fuer-erdogan-pro-kurdische-hdp-schlaegt-sich-auf-die-seite-des-herausforderers\/","title":{"rendered":"R\u00fcckschlag f\u00fcr Erdo\u011fan: Pro-kurdische HDP schl\u00e4gt sich auf die Seite des Herausforderers"},"content":{"rendered":"<p><img decoding=\"async\" src=\"http:\/\/just-now.news\/de\/wp-content\/uploads\/sites\/3\/2023\/03\/641c1733b480cc0597032f5f.jpg\" \/><\/p>\n<div class=\"Text-root Text-type_1 \">\n                Die pro-kurdische Partei HDP scheint sich der Anti-Erdo\u011fan-Allianz angeschlossen zu haben. Sie stellt f\u00fcr die Wahl keinen eigenen Kandidaten auf. Das k\u00f6nnte Pr\u00e4sident Erdo\u011fan den Wahlsieg erschweren.\n            <\/div>\n<p><\/p>\n<div class=\"Text-root Text-type_5 ArticleView-text ViewText-root \">\n<p>Knapp zwei Monate vor der Pr\u00e4sidentschafts- und Parlamentswahl in der T\u00fcrkei erkl\u00e4rte die pro-kurdische Linkspartei HDP ihren Verzicht auf einen eigenen Pr\u00e4sidentschaftskandidaten. &#8220;Wir werden unserer historischen Verantwortung nachkommen, die Ein-Mann-Herrschaft bei den kommenden Wahlen zu beenden&#8221;, sagte die Partei-Co-Vorsitzende Pervin Buldan mit Blick auf Pr\u00e4sident Erdo\u011fan.\u00a0<\/p>\n<p>Die Entscheidung der HDP wird als stillschweigende Unterst\u00fctzung f\u00fcr Erdo\u011fans Herausforderer\u00a0Kemal Kilicdaroglu\u00a0bewertet, auf den sich ein B\u00fcndnis aus sechs t\u00fcrkischen Oppositionsparteien\u00a0Anfang des Monats nach heftigen Debatten geeinigt\u00a0hatte. Zwar sagte Buldan in seiner Erkl\u00e4rung nicht konkret, ob ihre Partei Kilicdaroglu von der oppositionellen Republikanischen Volkspartei (CHP) unterst\u00fctzt. Dennoch d\u00fcrften die Chancen Kilicdaroglus dadurch steigen.<\/p>\n<p>Die t\u00fcrkische\u00a0Regierung wirft der HDP jedoch mittlerweile\u00a0vor, mit der verbotenen Arbeiterpartei Kurdistans (PKK) verbunden zu sein, die von Ankara und den westlichen Staaten als &#8220;terroristisch&#8221; eingestuft wird. \u00dcber zahlreiche Gerichtsverfahren und einem aktuell laufenden Verbotsverfahren strebte Erdo\u011fan die Aufl\u00f6sung der Partei an.<\/p>\n<p>Seit\u00a020 Jahren\u00a0ist Erdo\u011fan an der Macht und steht nun vor der gr\u00f6\u00dften Herausforderung f\u00fcr seinen Machterhalt in der T\u00fcrkei. Weniger als zwei Monate vor den Wahlen zeigen die Umfrageergebnisse, dass Erdo\u011fan derzeit in der W\u00e4hlergunst hinter dem Vorsitzenden der f\u00fchrenden Oppositionspartei liegt.<\/p>\n<p>Die HDP ist die drittst\u00e4rkste Partei im Parlament und kommt im ganzen Land auf mehr als zehn Prozent der Stimmen. Die Stimmen der HDP werden entscheidend daf\u00fcr sein, ob die Oppositionsparteien die f\u00fcr die Wahl des Pr\u00e4sidenten am 14. Mai erforderlichen 50 Prozent \u00fcberschreiten und bei den Wahlen am selben Tag auch eine Mehrheit im Parlament erhalten.<\/p>\n<p><strong>Mehr zum Thema<\/strong> &#8211; <a rel=\"nofollow noopener\" target=\"_blank\" href=\"https:\/\/rtde.site\/der-nahe-osten\/164477-wahlkampf-in-tuerkei\/\">Wahlkampf in der T\u00fcrkei: Anti-Erdo\u011fan-Allianz bricht zusammen<\/a><\/p>\n<\/p>\n<\/div>\n<p><br \/>\n<br \/><a href=\"https:\/\/de.rt.com\/der-nahe-osten\/166045-rueckschlag-fuer-erdogan-pro-kurdische\/\">Source link <\/a><\/p>\n","protected":false},"excerpt":{"rendered":"<p>Die pro-kurdische Partei HDP scheint sich der Anti-Erdo\u011fan-Allianz angeschlossen zu haben. Sie stellt f\u00fcr die Wahl keinen eigenen Kandidaten auf. Das k\u00f6nnte Pr\u00e4sident Erdo\u011fan den Wahlsieg erschweren. Knapp zwei Monate vor der Pr\u00e4sidentschafts- und Parlamentswahl in der T\u00fcrkei erkl\u00e4rte die pro-kurdische Linkspartei HDP ihren Verzicht auf einen eigenen Pr\u00e4sidentschaftskandidaten. &#8220;Wir werden unserer historischen Verantwortung nachkommen, [&hellip;]<\/p>\n","protected":false},"author":3,"featured_media":32846,"comment_status":"open","ping_status":"open","sticky":false,"template":"","format":"standard","meta":{"_yoast_indexnow_last_ping":["1679591875"],"wp_automatic_camp":["217"],"c1ff4acbe0eae89263439f770c456c3e":["R\u00fcckschlag f\u00fcr Erdo\u011fan: Pro-kurdische HDP schl\u00e4gt sich auf die Seite des Herausforderers"],"original_link":["https:\/\/de.rt.com\/der-nahe-osten\/166045-rueckschlag-fuer-erdogan-pro-kurdische\/"],"_thumbnail_id":["32846"],"_wptgpro_p2tg_sent2tg":["a:1:{i:23737;s:19:\"2023-03-23 19:18:55\";}"],"jnews_social_counter_last_update":["1777519763"]},"categories":[19,23],"tags":[133,583,45,13697,221,41707,42350,42349,27153,1468,1934,434],"yoast_head":"<!-- This site is optimized with the Yoast SEO Premium plugin v22.7 (Yoast SEO v22.7) - https:\/\/yoast.com\/wordpress\/plugins\/seo\/ -->\n<title>R\u00fcckschlag f\u00fcr Erdo\u011fan: Pro-kurdische HDP schl\u00e4gt sich auf die Seite des Herausforderers - just-now.NEWS Deutschland<\/title>\n<meta name=\"robots\" content=\"index, follow, max-snippet:-1, max-image-preview:large, max-video-preview:-1\" \/>\n<link rel=\"canonical\" href=\"https:\/\/now-news.de\/de\/deutschland\/rueckschlag-fuer-erdogan-pro-kurdische-hdp-schlaegt-sich-auf-die-seite-des-herausforderers\/\" \/>\n<meta property=\"og:locale\" content=\"de_DE\" \/>\n<meta property=\"og:type\" content=\"article\" \/>\n<meta property=\"og:title\" content=\"R\u00fcckschlag f\u00fcr Erdo\u011fan: Pro-kurdische HDP schl\u00e4gt sich auf die Seite des Herausforderers\" \/>\n<meta property=\"og:description\" content=\"Die pro-kurdische Partei HDP scheint sich der Anti-Erdo\u011fan-Allianz angeschlossen zu haben. Sie stellt f\u00fcr die Wahl keinen eigenen Kandidaten auf. Das k\u00f6nnte Pr\u00e4sident Erdo\u011fan den Wahlsieg erschweren. Knapp zwei Monate vor der Pr\u00e4sidentschafts- und Parlamentswahl in der T\u00fcrkei erkl\u00e4rte die pro-kurdische Linkspartei HDP ihren Verzicht auf einen eigenen Pr\u00e4sidentschaftskandidaten. &#8220;Wir werden unserer historischen Verantwortung nachkommen, [&hellip;]\" \/>\n<meta property=\"og:url\" content=\"https:\/\/now-news.de\/de\/deutschland\/rueckschlag-fuer-erdogan-pro-kurdische-hdp-schlaegt-sich-auf-die-seite-des-herausforderers\/\" \/>\n<meta property=\"og:site_name\" content=\"just-now.NEWS Deutschland\" \/>\n<meta property=\"article:publisher\" content=\"https:\/\/www.facebook.com\/wirmachenauf\" \/>\n<meta property=\"article:published_time\" content=\"2023-03-23T17:17:15+00:00\" \/>\n<meta property=\"og:image\" content=\"https:\/\/now-news.de\/de\/wp-content\/uploads\/sites\/3\/2023\/03\/Rueckschlag-fuer-Erdogan-Pro-kurdische-HDP-schlaegt-sich-auf-die-Seite.jpg\" \/>\n\t<meta property=\"og:image:width\" content=\"460\" \/>\n\t<meta property=\"og:image:height\" content=\"259\" \/>\n\t<meta property=\"og:image:type\" content=\"image\/jpeg\" \/>\n<meta name=\"author\" content=\"rtnews\" \/>\n<meta name=\"twitter:card\" content=\"summary_large_image\" \/>\n<meta name=\"twitter:creator\" content=\"@WirMachenAuf_de\" \/>\n<meta name=\"twitter:site\" content=\"@WirMachenAuf_de\" \/>\n<meta name=\"twitter:label1\" content=\"Verfasst von\" \/>\n\t<meta name=\"twitter:data1\" content=\"rtnews\" \/>\n\t<meta name=\"twitter:label2\" content=\"Gesch\u00e4tzte Lesezeit\" \/>\n\t<meta name=\"twitter:data2\" content=\"2\u00a0Minuten\" \/>\n<script type=\"application\/ld+json\" class=\"yoast-schema-graph\">{\"@context\":\"https:\/\/schema.org\",\"@graph\":[{\"@type\":\"Article\",\"@id\":\"https:\/\/now-news.de\/de\/deutschland\/rueckschlag-fuer-erdogan-pro-kurdische-hdp-schlaegt-sich-auf-die-seite-des-herausforderers\/#article\",\"isPartOf\":{\"@id\":\"https:\/\/now-news.de\/de\/deutschland\/rueckschlag-fuer-erdogan-pro-kurdische-hdp-schlaegt-sich-auf-die-seite-des-herausforderers\/\"},\"author\":{\"name\":\"rtnews\",\"@id\":\"https:\/\/now-news.de\/de\/#\/schema\/person\/fb534a4e865501d8b3285208df34a9b5\"},\"headline\":\"R\u00fcckschlag f\u00fcr Erdo\u011fan: Pro-kurdische HDP schl\u00e4gt sich auf die Seite des Herausforderers\",\"datePublished\":\"2023-03-23T17:17:15+00:00\",\"dateModified\":\"2023-03-23T17:17:15+00:00\",\"mainEntityOfPage\":{\"@id\":\"https:\/\/now-news.de\/de\/deutschland\/rueckschlag-fuer-erdogan-pro-kurdische-hdp-schlaegt-sich-auf-die-seite-des-herausforderers\/\"},\"wordCount\":337,\"commentCount\":0,\"publisher\":{\"@id\":\"https:\/\/now-news.de\/de\/#organization\"},\"image\":{\"@id\":\"https:\/\/now-news.de\/de\/deutschland\/rueckschlag-fuer-erdogan-pro-kurdische-hdp-schlaegt-sich-auf-die-seite-des-herausforderers\/#primaryimage\"},\"thumbnailUrl\":\"https:\/\/now-news.de\/de\/wp-content\/uploads\/sites\/3\/2023\/03\/Rueckschlag-fuer-Erdogan-Pro-kurdische-HDP-schlaegt-sich-auf-die-Seite.jpg\",\"keywords\":[\"AUF\",\"des\",\"die\",\"Erdo\u011fan\",\"f\u00fcr\",\"HDP\",\"Herausforderers\",\"Prokurdische\",\"R\u00fcckschlag\",\"schl\u00e4gt\",\"Seite\",\"sich\"],\"articleSection\":[\"Deutschland\",\"Russland\"],\"inLanguage\":\"de\",\"potentialAction\":[{\"@type\":\"CommentAction\",\"name\":\"Comment\",\"target\":[\"https:\/\/now-news.de\/de\/deutschland\/rueckschlag-fuer-erdogan-pro-kurdische-hdp-schlaegt-sich-auf-die-seite-des-herausforderers\/#respond\"]}]},{\"@type\":\"WebPage\",\"@id\":\"https:\/\/now-news.de\/de\/deutschland\/rueckschlag-fuer-erdogan-pro-kurdische-hdp-schlaegt-sich-auf-die-seite-des-herausforderers\/\",\"url\":\"https:\/\/now-news.de\/de\/deutschland\/rueckschlag-fuer-erdogan-pro-kurdische-hdp-schlaegt-sich-auf-die-seite-des-herausforderers\/\",\"name\":\"R\u00fcckschlag f\u00fcr Erdo\u011fan: Pro-kurdische HDP schl\u00e4gt sich auf die Seite des Herausforderers - just-now.NEWS Deutschland\",\"isPartOf\":{\"@id\":\"https:\/\/now-news.de\/de\/#website\"},\"primaryImageOfPage\":{\"@id\":\"https:\/\/now-news.de\/de\/deutschland\/rueckschlag-fuer-erdogan-pro-kurdische-hdp-schlaegt-sich-auf-die-seite-des-herausforderers\/#primaryimage\"},\"image\":{\"@id\":\"https:\/\/now-news.de\/de\/deutschland\/rueckschlag-fuer-erdogan-pro-kurdische-hdp-schlaegt-sich-auf-die-seite-des-herausforderers\/#primaryimage\"},\"thumbnailUrl\":\"https:\/\/now-news.de\/de\/wp-content\/uploads\/sites\/3\/2023\/03\/Rueckschlag-fuer-Erdogan-Pro-kurdische-HDP-schlaegt-sich-auf-die-Seite.jpg\",\"datePublished\":\"2023-03-23T17:17:15+00:00\",\"dateModified\":\"2023-03-23T17:17:15+00:00\",\"breadcrumb\":{\"@id\":\"https:\/\/now-news.de\/de\/deutschland\/rueckschlag-fuer-erdogan-pro-kurdische-hdp-schlaegt-sich-auf-die-seite-des-herausforderers\/#breadcrumb\"},\"inLanguage\":\"de\",\"potentialAction\":[{\"@type\":\"ReadAction\",\"target\":[\"https:\/\/now-news.de\/de\/deutschland\/rueckschlag-fuer-erdogan-pro-kurdische-hdp-schlaegt-sich-auf-die-seite-des-herausforderers\/\"]}]},{\"@type\":\"ImageObject\",\"inLanguage\":\"de\",\"@id\":\"https:\/\/now-news.de\/de\/deutschland\/rueckschlag-fuer-erdogan-pro-kurdische-hdp-schlaegt-sich-auf-die-seite-des-herausforderers\/#primaryimage\",\"url\":\"https:\/\/now-news.de\/de\/wp-content\/uploads\/sites\/3\/2023\/03\/Rueckschlag-fuer-Erdogan-Pro-kurdische-HDP-schlaegt-sich-auf-die-Seite.jpg\",\"contentUrl\":\"https:\/\/now-news.de\/de\/wp-content\/uploads\/sites\/3\/2023\/03\/Rueckschlag-fuer-Erdogan-Pro-kurdische-HDP-schlaegt-sich-auf-die-Seite.jpg\",\"width\":460,\"height\":259,\"caption\":\"R\u00fcckschlag f\u00fcr Erdo\u011fan: Pro-kurdische HDP schl\u00e4gt sich auf die Seite des Herausforderers\"},{\"@type\":\"BreadcrumbList\",\"@id\":\"https:\/\/now-news.de\/de\/deutschland\/rueckschlag-fuer-erdogan-pro-kurdische-hdp-schlaegt-sich-auf-die-seite-des-herausforderers\/#breadcrumb\",\"itemListElement\":[{\"@type\":\"ListItem\",\"position\":1,\"name\":\"Home\",\"item\":\"https:\/\/now-news.de\/de\/\"},{\"@type\":\"ListItem\",\"position\":2,\"name\":\"R\u00fcckschlag f\u00fcr Erdo\u011fan: Pro-kurdische HDP schl\u00e4gt sich auf die Seite des Herausforderers\"}]},{\"@type\":\"WebSite\",\"@id\":\"https:\/\/now-news.de\/de\/#website\",\"url\":\"https:\/\/now-news.de\/de\/\",\"name\":\"just-now.NEWS Deutschland\",\"description\":\"Das Portal f\u00fcr unzensierte Nachrichten aus der Welt\",\"publisher\":{\"@id\":\"https:\/\/now-news.de\/de\/#organization\"},\"potentialAction\":[{\"@type\":\"SearchAction\",\"target\":{\"@type\":\"EntryPoint\",\"urlTemplate\":\"https:\/\/now-news.de\/de\/?s={search_term_string}\"},\"query-input\":\"required name=search_term_string\"}],\"inLanguage\":\"de\"},{\"@type\":\"Organization\",\"@id\":\"https:\/\/now-news.de\/de\/#organization\",\"name\":\"Just Now News\",\"url\":\"https:\/\/now-news.de\/de\/\",\"logo\":{\"@type\":\"ImageObject\",\"inLanguage\":\"de\",\"@id\":\"https:\/\/now-news.de\/de\/#\/schema\/logo\/image\/\",\"url\":\"http:\/\/just-now.news\/de\/wp-content\/uploads\/sites\/3\/2022\/04\/logo500x500.jpg\",\"contentUrl\":\"http:\/\/just-now.news\/de\/wp-content\/uploads\/sites\/3\/2022\/04\/logo500x500.jpg\",\"width\":500,\"height\":500,\"caption\":\"Just Now News\"},\"image\":{\"@id\":\"https:\/\/now-news.de\/de\/#\/schema\/logo\/image\/\"},\"sameAs\":[\"https:\/\/www.facebook.com\/wirmachenauf\",\"https:\/\/x.com\/WirMachenAuf_de\"]},{\"@type\":\"Person\",\"@id\":\"https:\/\/now-news.de\/de\/#\/schema\/person\/fb534a4e865501d8b3285208df34a9b5\",\"name\":\"rtnews\",\"image\":{\"@type\":\"ImageObject\",\"inLanguage\":\"de\",\"@id\":\"https:\/\/now-news.de\/de\/#\/schema\/person\/image\/\",\"url\":\"https:\/\/secure.gravatar.com\/avatar\/82aafea7d8127119dd649515f56e2117?s=96&d=mm&r=g\",\"contentUrl\":\"https:\/\/secure.gravatar.com\/avatar\/82aafea7d8127119dd649515f56e2117?s=96&d=mm&r=g\",\"caption\":\"rtnews\"},\"url\":\"https:\/\/now-news.de\/de\/author\/rnews\/\"}]}<\/script>\n<!-- \/ Yoast SEO Premium plugin. -->","yoast_head_json":{"title":"R\u00fcckschlag f\u00fcr Erdo\u011fan: Pro-kurdische HDP schl\u00e4gt sich auf die Seite des Herausforderers - just-now.NEWS Deutschland","robots":{"index":"index","follow":"follow","max-snippet":"max-snippet:-1","max-image-preview":"max-image-preview:large","max-video-preview":"max-video-preview:-1"},"canonical":"https:\/\/now-news.de\/de\/deutschland\/rueckschlag-fuer-erdogan-pro-kurdische-hdp-schlaegt-sich-auf-die-seite-des-herausforderers\/","og_locale":"de_DE","og_type":"article","og_title":"R\u00fcckschlag f\u00fcr Erdo\u011fan: Pro-kurdische HDP schl\u00e4gt sich auf die Seite des Herausforderers","og_description":"Die pro-kurdische Partei HDP scheint sich der Anti-Erdo\u011fan-Allianz angeschlossen zu haben. Sie stellt f\u00fcr die Wahl keinen eigenen Kandidaten auf. Das k\u00f6nnte Pr\u00e4sident Erdo\u011fan den Wahlsieg erschweren. Knapp zwei Monate vor der Pr\u00e4sidentschafts- und Parlamentswahl in der T\u00fcrkei erkl\u00e4rte die pro-kurdische Linkspartei HDP ihren Verzicht auf einen eigenen Pr\u00e4sidentschaftskandidaten. &#8220;Wir werden unserer historischen Verantwortung nachkommen, [&hellip;]","og_url":"https:\/\/now-news.de\/de\/deutschland\/rueckschlag-fuer-erdogan-pro-kurdische-hdp-schlaegt-sich-auf-die-seite-des-herausforderers\/","og_site_name":"just-now.NEWS Deutschland","article_publisher":"https:\/\/www.facebook.com\/wirmachenauf","article_published_time":"2023-03-23T17:17:15+00:00","og_image":[{"width":460,"height":259,"url":"https:\/\/now-news.de\/de\/wp-content\/uploads\/sites\/3\/2023\/03\/Rueckschlag-fuer-Erdogan-Pro-kurdische-HDP-schlaegt-sich-auf-die-Seite.jpg","type":"image\/jpeg"}],"author":"rtnews","twitter_card":"summary_large_image","twitter_creator":"@WirMachenAuf_de","twitter_site":"@WirMachenAuf_de","twitter_misc":{"Verfasst von":"rtnews","Gesch\u00e4tzte Lesezeit":"2\u00a0Minuten"},"schema":{"@context":"https:\/\/schema.org","@graph":[{"@type":"Article","@id":"https:\/\/now-news.de\/de\/deutschland\/rueckschlag-fuer-erdogan-pro-kurdische-hdp-schlaegt-sich-auf-die-seite-des-herausforderers\/#article","isPartOf":{"@id":"https:\/\/now-news.de\/de\/deutschland\/rueckschlag-fuer-erdogan-pro-kurdische-hdp-schlaegt-sich-auf-die-seite-des-herausforderers\/"},"author":{"name":"rtnews","@id":"https:\/\/now-news.de\/de\/#\/schema\/person\/fb534a4e865501d8b3285208df34a9b5"},"headline":"R\u00fcckschlag f\u00fcr Erdo\u011fan: Pro-kurdische HDP schl\u00e4gt sich auf die Seite des Herausforderers","datePublished":"2023-03-23T17:17:15+00:00","dateModified":"2023-03-23T17:17:15+00:00","mainEntityOfPage":{"@id":"https:\/\/now-news.de\/de\/deutschland\/rueckschlag-fuer-erdogan-pro-kurdische-hdp-schlaegt-sich-auf-die-seite-des-herausforderers\/"},"wordCount":337,"commentCount":0,"publisher":{"@id":"https:\/\/now-news.de\/de\/#organization"},"image":{"@id":"https:\/\/now-news.de\/de\/deutschland\/rueckschlag-fuer-erdogan-pro-kurdische-hdp-schlaegt-sich-auf-die-seite-des-herausforderers\/#primaryimage"},"thumbnailUrl":"https:\/\/now-news.de\/de\/wp-content\/uploads\/sites\/3\/2023\/03\/Rueckschlag-fuer-Erdogan-Pro-kurdische-HDP-schlaegt-sich-auf-die-Seite.jpg","keywords":["AUF","des","die","Erdo\u011fan","f\u00fcr","HDP","Herausforderers","Prokurdische","R\u00fcckschlag","schl\u00e4gt","Seite","sich"],"articleSection":["Deutschland","Russland"],"inLanguage":"de","potentialAction":[{"@type":"CommentAction","name":"Comment","target":["https:\/\/now-news.de\/de\/deutschland\/rueckschlag-fuer-erdogan-pro-kurdische-hdp-schlaegt-sich-auf-die-seite-des-herausforderers\/#respond"]}]},{"@type":"WebPage","@id":"https:\/\/now-news.de\/de\/deutschland\/rueckschlag-fuer-erdogan-pro-kurdische-hdp-schlaegt-sich-auf-die-seite-des-herausforderers\/","url":"https:\/\/now-news.de\/de\/deutschland\/rueckschlag-fuer-erdogan-pro-kurdische-hdp-schlaegt-sich-auf-die-seite-des-herausforderers\/","name":"R\u00fcckschlag f\u00fcr Erdo\u011fan: Pro-kurdische HDP schl\u00e4gt sich auf die Seite des Herausforderers - just-now.NEWS Deutschland","isPartOf":{"@id":"https:\/\/now-news.de\/de\/#website"},"primaryImageOfPage":{"@id":"https:\/\/now-news.de\/de\/deutschland\/rueckschlag-fuer-erdogan-pro-kurdische-hdp-schlaegt-sich-auf-die-seite-des-herausforderers\/#primaryimage"},"image":{"@id":"https:\/\/now-news.de\/de\/deutschland\/rueckschlag-fuer-erdogan-pro-kurdische-hdp-schlaegt-sich-auf-die-seite-des-herausforderers\/#primaryimage"},"thumbnailUrl":"https:\/\/now-news.de\/de\/wp-content\/uploads\/sites\/3\/2023\/03\/Rueckschlag-fuer-Erdogan-Pro-kurdische-HDP-schlaegt-sich-auf-die-Seite.jpg","datePublished":"2023-03-23T17:17:15+00:00","dateModified":"2023-03-23T17:17:15+00:00","breadcrumb":{"@id":"https:\/\/now-news.de\/de\/deutschland\/rueckschlag-fuer-erdogan-pro-kurdische-hdp-schlaegt-sich-auf-die-seite-des-herausforderers\/#breadcrumb"},"inLanguage":"de","potentialAction":[{"@type":"ReadAction","target":["https:\/\/now-news.de\/de\/deutschland\/rueckschlag-fuer-erdogan-pro-kurdische-hdp-schlaegt-sich-auf-die-seite-des-herausforderers\/"]}]},{"@type":"ImageObject","inLanguage":"de","@id":"https:\/\/now-news.de\/de\/deutschland\/rueckschlag-fuer-erdogan-pro-kurdische-hdp-schlaegt-sich-auf-die-seite-des-herausforderers\/#primaryimage","url":"https:\/\/now-news.de\/de\/wp-content\/uploads\/sites\/3\/2023\/03\/Rueckschlag-fuer-Erdogan-Pro-kurdische-HDP-schlaegt-sich-auf-die-Seite.jpg","contentUrl":"https:\/\/now-news.de\/de\/wp-content\/uploads\/sites\/3\/2023\/03\/Rueckschlag-fuer-Erdogan-Pro-kurdische-HDP-schlaegt-sich-auf-die-Seite.jpg","width":460,"height":259,"caption":"R\u00fcckschlag f\u00fcr Erdo\u011fan: Pro-kurdische HDP schl\u00e4gt sich auf die Seite des Herausforderers"},{"@type":"BreadcrumbList","@id":"https:\/\/now-news.de\/de\/deutschland\/rueckschlag-fuer-erdogan-pro-kurdische-hdp-schlaegt-sich-auf-die-seite-des-herausforderers\/#breadcrumb","itemListElement":[{"@type":"ListItem","position":1,"name":"Home","item":"https:\/\/now-news.de\/de\/"},{"@type":"ListItem","position":2,"name":"R\u00fcckschlag f\u00fcr Erdo\u011fan: Pro-kurdische HDP schl\u00e4gt sich auf die Seite des Herausforderers"}]},{"@type":"WebSite","@id":"https:\/\/now-news.de\/de\/#website","url":"https:\/\/now-news.de\/de\/","name":"just-now.NEWS Deutschland","description":"Das Portal f\u00fcr unzensierte Nachrichten aus der Welt","publisher":{"@id":"https:\/\/now-news.de\/de\/#organization"},"potentialAction":[{"@type":"SearchAction","target":{"@type":"EntryPoint","urlTemplate":"https:\/\/now-news.de\/de\/?s={search_term_string}"},"query-input":"required name=search_term_string"}],"inLanguage":"de"},{"@type":"Organization","@id":"https:\/\/now-news.de\/de\/#organization","name":"Just Now News","url":"https:\/\/now-news.de\/de\/","logo":{"@type":"ImageObject","inLanguage":"de","@id":"https:\/\/now-news.de\/de\/#\/schema\/logo\/image\/","url":"http:\/\/just-now.news\/de\/wp-content\/uploads\/sites\/3\/2022\/04\/logo500x500.jpg","contentUrl":"http:\/\/just-now.news\/de\/wp-content\/uploads\/sites\/3\/2022\/04\/logo500x500.jpg","width":500,"height":500,"caption":"Just Now News"},"image":{"@id":"https:\/\/now-news.de\/de\/#\/schema\/logo\/image\/"},"sameAs":["https:\/\/www.facebook.com\/wirmachenauf","https:\/\/x.com\/WirMachenAuf_de"]},{"@type":"Person","@id":"https:\/\/now-news.de\/de\/#\/schema\/person\/fb534a4e865501d8b3285208df34a9b5","name":"rtnews","image":{"@type":"ImageObject","inLanguage":"de","@id":"https:\/\/now-news.de\/de\/#\/schema\/person\/image\/","url":"https:\/\/secure.gravatar.com\/avatar\/82aafea7d8127119dd649515f56e2117?s=96&d=mm&r=g","contentUrl":"https:\/\/secure.gravatar.com\/avatar\/82aafea7d8127119dd649515f56e2117?s=96&d=mm&r=g","caption":"rtnews"},"url":"https:\/\/now-news.de\/de\/author\/rnews\/"}]}},"_links":{"self":[{"href":"https:\/\/now-news.de\/de\/wp-json\/wp\/v2\/posts\/32845"}],"collection":[{"href":"https:\/\/now-news.de\/de\/wp-json\/wp\/v2\/posts"}],"about":[{"href":"https:\/\/now-news.de\/de\/wp-json\/wp\/v2\/types\/post"}],"author":[{"embeddable":true,"href":"https:\/\/now-news.de\/de\/wp-json\/wp\/v2\/users\/3"}],"replies":[{"embeddable":true,"href":"https:\/\/now-news.de\/de\/wp-json\/wp\/v2\/comments?post=32845"}],"version-history":[{"count":0,"href":"https:\/\/now-news.de\/de\/wp-json\/wp\/v2\/posts\/32845\/revisions"}],"wp:featuredmedia":[{"embeddable":true,"href":"https:\/\/now-news.de\/de\/wp-json\/wp\/v2\/media\/32846"}],"wp:attachment":[{"href":"https:\/\/now-news.de\/de\/wp-json\/wp\/v2\/media?parent=32845"}],"wp:term":[{"taxonomy":"category","embeddable":true,"href":"https:\/\/now-news.de\/de\/wp-json\/wp\/v2\/categories?post=32845"},{"taxonomy":"post_tag","embeddable":true,"href":"https:\/\/now-news.de\/de\/wp-json\/wp\/v2\/tags?post=32845"}],"curies":[{"name":"wp","href":"https:\/\/api.w.org\/{rel}","templated":true}]}}