{"id":32799,"date":"2023-03-22T20:51:44","date_gmt":"2023-03-22T18:51:44","guid":{"rendered":"http:\/\/just-now.news\/de\/deutschland\/zoff-in-der-ampel-kubicki-putin-und-habeck-haben-aehnliche-ueberzeugung-wie-man-einen-staat-fuehrt\/"},"modified":"2023-03-22T20:51:44","modified_gmt":"2023-03-22T18:51:44","slug":"zoff-in-der-ampel-kubicki-putin-und-habeck-haben-aehnliche-ueberzeugung-wie-man-einen-staat-fuehrt","status":"publish","type":"post","link":"https:\/\/now-news.de\/de\/deutschland\/zoff-in-der-ampel-kubicki-putin-und-habeck-haben-aehnliche-ueberzeugung-wie-man-einen-staat-fuehrt\/","title":{"rendered":"Zoff in der Ampel \u2013 Kubicki: Putin und Habeck haben \u00e4hnliche \u00dcberzeugung, wie man einen Staat f\u00fchrt"},"content":{"rendered":"<p><img decoding=\"async\" src=\"http:\/\/just-now.news\/de\/wp-content\/uploads\/sites\/3\/2023\/03\/641b3a63b480cc50824e6cf7.jpg\" \/><\/p>\n<div class=\"Text-root Text-type_1 \">\n                FDP-Vizechef Wolfgang Kubicki vergleicht den Koalitionspartner und Bundeswirtschaftsminister mit dem russischen Staatspr\u00e4sidenten Wladimir Putin. Das bleibt nicht folgenlos.\n            <\/div>\n<p><\/p>\n<div class=\"Text-root Text-type_5 ArticleView-text ViewText-root \">\n<p>Streit in der Regierungskoalition: Der Bundestagsvizepr\u00e4sident und stellvertretende FDP-Vorsitzende Wolfgang Kubicki hat Bundeswirtschaftsminister Robert Habeck (B\u00fcndnis 90\/Die Gr\u00fcnen) mit dem russischen Pr\u00e4sidenten Wladimir Putin verglichen. Wie das <em>Redaktionsnetzwerk Deutschland <\/em>berichtet, sagte Kubicki im Interview mit der Talksendung <em>Veto<\/em> auf der Plattform Massengeschmack-TV:<\/p>\n<blockquote>\n<p><em>&#8220;Putin und Habeck haben eine \u00e4hnliche \u00dcberzeugung davon, dass der Staat, der F\u00fchrer, der Auserw\u00e4hlte, besser wei\u00df als die Menschen, was f\u00fcr sie gut ist.&#8221;<\/em><\/p>\n<\/blockquote>\n<p>Als er Habecks\u00a0Worte auf einer Bundeskonferenz der Gr\u00fcnen geh\u00f6rt habe, habe er erst gedacht, &#8220;der hat was geraucht, als er da die ganze Zeit von Freiheit sprach&#8221;, meinte Kubicki. Der Norddeutsche weiter:<\/p>\n<blockquote>\n<p><em>&#8220;Und dann kam raus: Er meint, Freiheit ist die Einsicht in die Notwendigkeit. Das bedeutet: Wer sich selbst freiwillig unterwirft, der ist wirklich frei. Und wer dagegen opponiert, dass er sich unterwerfen muss, wer eigene Entscheidungen treffen muss, der ist in Wahrheit unfrei, denn er ist ja gezwungen zu opponieren.&#8221;<\/em><\/p>\n<\/blockquote>\n<p>Das\u00a0impliziert einen Freiheitsbegriff, &#8220;den k\u00f6nnte Wladimir Putin problemlos auf sein eigenes Herrschaftsmilieu \u00fcbersetzen&#8221;, so Kubicki. Der einzige Unterschied zwischen den beiden Politikern sei, dass Putin seine Ziele durch Gewalt durchsetzen wolle, Habeck\u00a0dagegen\u00a0eher durch Verbote.<\/p>\n<div class=\"EmbedBlock-root EmbedBlock-twitter\">\n<div class=\"TwitterEmbed\">\n<blockquote class=\"twitter-tweet lazyload\" data-twitter=\"twitter-tweet\">\n<p lang=\"de\" dir=\"ltr\">Jetzt wenden sich die Whistleblower und Denunzianten gegen die GR\u00dcNEN. Ich mag zwar keine Denunzianten, aber in diesem Falle mache ich mal eine Ausnahme.Und von welchem \u201eVertrauen in die Regierung\u201c spricht der fliegende Robert eigentlich? <a rel=\"nofollow noopener\" target=\"_blank\" href=\"https:\/\/t.co\/Asf2JUG851\">pic.twitter.com\/Asf2JUG851<\/a><\/p>\n<p>\u2014 Georg Pazderski (@Georg_Pazderski) <a rel=\"nofollow noopener\" target=\"_blank\" href=\"https:\/\/twitter.com\/Georg_Pazderski\/status\/1638452472527175680?ref_src=twsrc%5Etfw\">March 22, 2023<\/a><\/p><\/blockquote>\n<\/div>\n<\/div>\n<p>Am Mittwoch\u00a0entschuldigte sich der Norddeutsche\u00a0f\u00fcr den Vergleich mit Kremlchef Wladimir Putin &#8220;in aller Form&#8221;. Besonders aus den Reihen der Gr\u00fcnen habe es dennoch Kritik gegeben. Die sicherheitspolitische Sprecherin der Partei, Sara Nanni, sagte gegen\u00fcber <em>t-online<\/em>, dass Vergleiche mit Putin unangebracht seien. Kubicki sei zwar f\u00fcr markige Spr\u00fcche bekannt, &#8220;aber das ist kein \u00fcblicher Kubicki-Spruch, das ist einfach unw\u00fcrdig f\u00fcr einen Bundestagsvizepr\u00e4sidenten&#8221;.<\/p>\n<p><strong>Mehr zum Thema<\/strong> \u2013 <a rel=\"nofollow noopener\" target=\"_blank\" href=\"https:\/\/rtde.site\/inland\/165700-gruene-wollen-kohleausstieg-in-ostdeutschland-vorziehen\/\">Schon im Jahr 2030: Gr\u00fcne wollen Kohleausstieg in Ostdeutschland vorziehen<\/a><\/p>\n<\/p>\n<blockquote>\n<p><em><\/em><\/p>\n<\/blockquote>\n<\/div>\n<p><script async src=\"https:\/\/platform.twitter.com\/widgets.js\" charset=\"utf-8\"><\/script><br \/>\n<br \/><br \/>\n<br \/><a href=\"https:\/\/de.rt.com\/inland\/165999-zoff-in-ampel-kubicki-putin\/\">Source link <\/a><\/p>\n","protected":false},"excerpt":{"rendered":"<p>FDP-Vizechef Wolfgang Kubicki vergleicht den Koalitionspartner und Bundeswirtschaftsminister mit dem russischen Staatspr\u00e4sidenten Wladimir Putin. Das bleibt nicht folgenlos. Streit in der Regierungskoalition: Der Bundestagsvizepr\u00e4sident und stellvertretende FDP-Vorsitzende Wolfgang Kubicki hat Bundeswirtschaftsminister Robert Habeck (B\u00fcndnis 90\/Die Gr\u00fcnen) mit dem russischen Pr\u00e4sidenten Wladimir Putin verglichen. Wie das Redaktionsnetzwerk Deutschland berichtet, sagte Kubicki im Interview mit der Talksendung [&hellip;]<\/p>\n","protected":false},"author":3,"featured_media":32800,"comment_status":"open","ping_status":"open","sticky":false,"template":"","format":"standard","meta":{"_yoast_indexnow_last_ping":["1679511843"],"wp_automatic_camp":["217"],"2afb92b6546e3d538d26832d1125afa7":["Zoff in der Ampel \u2013 Kubicki: Putin und Habeck haben \u00e4hnliche \u00dcberzeugung, wie man einen Staat f\u00fchrt"],"original_link":["https:\/\/de.rt.com\/inland\/165999-zoff-in-ampel-kubicki-putin\/"],"_thumbnail_id":["32800"],"_wptgpro_p2tg_sent2tg":["a:1:{i:23737;s:19:\"2023-03-22 21:05:08\";}"],"jnews_social_counter_last_update":["1777565429"]},"categories":[19,23],"tags":[35166,20367,82,768,3525,911,771,21290,3676,125,177,22934,140,579,24662],"yoast_head":"<!-- This site is optimized with the Yoast SEO Premium plugin v22.7 (Yoast SEO v22.7) - https:\/\/yoast.com\/wordpress\/plugins\/seo\/ -->\n<title>Zoff in der Ampel \u2013 Kubicki: Putin und Habeck haben \u00e4hnliche \u00dcberzeugung, wie man einen Staat f\u00fchrt - just-now.NEWS Deutschland<\/title>\n<meta name=\"robots\" content=\"index, follow, max-snippet:-1, max-image-preview:large, max-video-preview:-1\" \/>\n<link rel=\"canonical\" href=\"https:\/\/now-news.de\/de\/deutschland\/zoff-in-der-ampel-kubicki-putin-und-habeck-haben-aehnliche-ueberzeugung-wie-man-einen-staat-fuehrt\/\" \/>\n<meta property=\"og:locale\" content=\"de_DE\" \/>\n<meta property=\"og:type\" content=\"article\" \/>\n<meta property=\"og:title\" content=\"Zoff in der Ampel \u2013 Kubicki: Putin und Habeck haben \u00e4hnliche \u00dcberzeugung, wie man einen Staat f\u00fchrt\" \/>\n<meta property=\"og:description\" content=\"FDP-Vizechef Wolfgang Kubicki vergleicht den Koalitionspartner und Bundeswirtschaftsminister mit dem russischen Staatspr\u00e4sidenten Wladimir Putin. Das bleibt nicht folgenlos. Streit in der Regierungskoalition: Der Bundestagsvizepr\u00e4sident und stellvertretende FDP-Vorsitzende Wolfgang Kubicki hat Bundeswirtschaftsminister Robert Habeck (B\u00fcndnis 90\/Die Gr\u00fcnen) mit dem russischen Pr\u00e4sidenten Wladimir Putin verglichen. Wie das Redaktionsnetzwerk Deutschland berichtet, sagte Kubicki im Interview mit der Talksendung [&hellip;]\" \/>\n<meta property=\"og:url\" content=\"https:\/\/now-news.de\/de\/deutschland\/zoff-in-der-ampel-kubicki-putin-und-habeck-haben-aehnliche-ueberzeugung-wie-man-einen-staat-fuehrt\/\" \/>\n<meta property=\"og:site_name\" content=\"just-now.NEWS Deutschland\" \/>\n<meta property=\"article:publisher\" content=\"https:\/\/www.facebook.com\/wirmachenauf\" \/>\n<meta property=\"article:published_time\" content=\"2023-03-22T18:51:44+00:00\" \/>\n<meta property=\"og:image\" content=\"https:\/\/now-news.de\/de\/wp-content\/uploads\/sites\/3\/2023\/03\/Zoff-in-der-Ampel-\u2013-Kubicki-Putin-und-Habeck-haben.jpg\" \/>\n\t<meta property=\"og:image:width\" content=\"460\" \/>\n\t<meta property=\"og:image:height\" content=\"259\" \/>\n\t<meta property=\"og:image:type\" content=\"image\/jpeg\" \/>\n<meta name=\"author\" content=\"rtnews\" \/>\n<meta name=\"twitter:card\" content=\"summary_large_image\" \/>\n<meta name=\"twitter:creator\" content=\"@WirMachenAuf_de\" \/>\n<meta name=\"twitter:site\" content=\"@WirMachenAuf_de\" \/>\n<meta name=\"twitter:label1\" content=\"Verfasst von\" \/>\n\t<meta name=\"twitter:data1\" content=\"rtnews\" \/>\n\t<meta name=\"twitter:label2\" content=\"Gesch\u00e4tzte Lesezeit\" \/>\n\t<meta name=\"twitter:data2\" content=\"2\u00a0Minuten\" \/>\n<script type=\"application\/ld+json\" class=\"yoast-schema-graph\">{\"@context\":\"https:\/\/schema.org\",\"@graph\":[{\"@type\":\"Article\",\"@id\":\"https:\/\/now-news.de\/de\/deutschland\/zoff-in-der-ampel-kubicki-putin-und-habeck-haben-aehnliche-ueberzeugung-wie-man-einen-staat-fuehrt\/#article\",\"isPartOf\":{\"@id\":\"https:\/\/now-news.de\/de\/deutschland\/zoff-in-der-ampel-kubicki-putin-und-habeck-haben-aehnliche-ueberzeugung-wie-man-einen-staat-fuehrt\/\"},\"author\":{\"name\":\"rtnews\",\"@id\":\"https:\/\/now-news.de\/de\/#\/schema\/person\/fb534a4e865501d8b3285208df34a9b5\"},\"headline\":\"Zoff in der Ampel \u2013 Kubicki: Putin und Habeck haben \u00e4hnliche \u00dcberzeugung, wie man einen Staat f\u00fchrt\",\"datePublished\":\"2023-03-22T18:51:44+00:00\",\"dateModified\":\"2023-03-22T18:51:44+00:00\",\"mainEntityOfPage\":{\"@id\":\"https:\/\/now-news.de\/de\/deutschland\/zoff-in-der-ampel-kubicki-putin-und-habeck-haben-aehnliche-ueberzeugung-wie-man-einen-staat-fuehrt\/\"},\"wordCount\":367,\"commentCount\":0,\"publisher\":{\"@id\":\"https:\/\/now-news.de\/de\/#organization\"},\"image\":{\"@id\":\"https:\/\/now-news.de\/de\/deutschland\/zoff-in-der-ampel-kubicki-putin-und-habeck-haben-aehnliche-ueberzeugung-wie-man-einen-staat-fuehrt\/#primaryimage\"},\"thumbnailUrl\":\"https:\/\/now-news.de\/de\/wp-content\/uploads\/sites\/3\/2023\/03\/Zoff-in-der-Ampel-\u2013-Kubicki-Putin-und-Habeck-haben.jpg\",\"keywords\":[\"\u00e4hnliche\",\"Ampel\",\"der\",\"einen\",\"f\u00fchrt\",\"Habeck\",\"haben\",\"Kubicki\",\"Man\",\"putin\",\"Staat\",\"\u00dcberzeugung\",\"und\",\"Wie\",\"Zoff\"],\"articleSection\":[\"Deutschland\",\"Russland\"],\"inLanguage\":\"de\",\"potentialAction\":[{\"@type\":\"CommentAction\",\"name\":\"Comment\",\"target\":[\"https:\/\/now-news.de\/de\/deutschland\/zoff-in-der-ampel-kubicki-putin-und-habeck-haben-aehnliche-ueberzeugung-wie-man-einen-staat-fuehrt\/#respond\"]}]},{\"@type\":\"WebPage\",\"@id\":\"https:\/\/now-news.de\/de\/deutschland\/zoff-in-der-ampel-kubicki-putin-und-habeck-haben-aehnliche-ueberzeugung-wie-man-einen-staat-fuehrt\/\",\"url\":\"https:\/\/now-news.de\/de\/deutschland\/zoff-in-der-ampel-kubicki-putin-und-habeck-haben-aehnliche-ueberzeugung-wie-man-einen-staat-fuehrt\/\",\"name\":\"Zoff in der Ampel \u2013 Kubicki: Putin und Habeck haben \u00e4hnliche \u00dcberzeugung, wie man einen Staat f\u00fchrt - just-now.NEWS Deutschland\",\"isPartOf\":{\"@id\":\"https:\/\/now-news.de\/de\/#website\"},\"primaryImageOfPage\":{\"@id\":\"https:\/\/now-news.de\/de\/deutschland\/zoff-in-der-ampel-kubicki-putin-und-habeck-haben-aehnliche-ueberzeugung-wie-man-einen-staat-fuehrt\/#primaryimage\"},\"image\":{\"@id\":\"https:\/\/now-news.de\/de\/deutschland\/zoff-in-der-ampel-kubicki-putin-und-habeck-haben-aehnliche-ueberzeugung-wie-man-einen-staat-fuehrt\/#primaryimage\"},\"thumbnailUrl\":\"https:\/\/now-news.de\/de\/wp-content\/uploads\/sites\/3\/2023\/03\/Zoff-in-der-Ampel-\u2013-Kubicki-Putin-und-Habeck-haben.jpg\",\"datePublished\":\"2023-03-22T18:51:44+00:00\",\"dateModified\":\"2023-03-22T18:51:44+00:00\",\"breadcrumb\":{\"@id\":\"https:\/\/now-news.de\/de\/deutschland\/zoff-in-der-ampel-kubicki-putin-und-habeck-haben-aehnliche-ueberzeugung-wie-man-einen-staat-fuehrt\/#breadcrumb\"},\"inLanguage\":\"de\",\"potentialAction\":[{\"@type\":\"ReadAction\",\"target\":[\"https:\/\/now-news.de\/de\/deutschland\/zoff-in-der-ampel-kubicki-putin-und-habeck-haben-aehnliche-ueberzeugung-wie-man-einen-staat-fuehrt\/\"]}]},{\"@type\":\"ImageObject\",\"inLanguage\":\"de\",\"@id\":\"https:\/\/now-news.de\/de\/deutschland\/zoff-in-der-ampel-kubicki-putin-und-habeck-haben-aehnliche-ueberzeugung-wie-man-einen-staat-fuehrt\/#primaryimage\",\"url\":\"https:\/\/now-news.de\/de\/wp-content\/uploads\/sites\/3\/2023\/03\/Zoff-in-der-Ampel-\u2013-Kubicki-Putin-und-Habeck-haben.jpg\",\"contentUrl\":\"https:\/\/now-news.de\/de\/wp-content\/uploads\/sites\/3\/2023\/03\/Zoff-in-der-Ampel-\u2013-Kubicki-Putin-und-Habeck-haben.jpg\",\"width\":460,\"height\":259,\"caption\":\"Zoff in der Ampel \u2013 Kubicki: Putin und Habeck haben \u00e4hnliche \u00dcberzeugung, wie man einen Staat f\u00fchrt\"},{\"@type\":\"BreadcrumbList\",\"@id\":\"https:\/\/now-news.de\/de\/deutschland\/zoff-in-der-ampel-kubicki-putin-und-habeck-haben-aehnliche-ueberzeugung-wie-man-einen-staat-fuehrt\/#breadcrumb\",\"itemListElement\":[{\"@type\":\"ListItem\",\"position\":1,\"name\":\"Home\",\"item\":\"https:\/\/now-news.de\/de\/\"},{\"@type\":\"ListItem\",\"position\":2,\"name\":\"Zoff in der Ampel \u2013 Kubicki: Putin und Habeck haben \u00e4hnliche \u00dcberzeugung, wie man einen Staat f\u00fchrt\"}]},{\"@type\":\"WebSite\",\"@id\":\"https:\/\/now-news.de\/de\/#website\",\"url\":\"https:\/\/now-news.de\/de\/\",\"name\":\"just-now.NEWS Deutschland\",\"description\":\"Das Portal f\u00fcr unzensierte Nachrichten aus der Welt\",\"publisher\":{\"@id\":\"https:\/\/now-news.de\/de\/#organization\"},\"potentialAction\":[{\"@type\":\"SearchAction\",\"target\":{\"@type\":\"EntryPoint\",\"urlTemplate\":\"https:\/\/now-news.de\/de\/?s={search_term_string}\"},\"query-input\":\"required name=search_term_string\"}],\"inLanguage\":\"de\"},{\"@type\":\"Organization\",\"@id\":\"https:\/\/now-news.de\/de\/#organization\",\"name\":\"Just Now News\",\"url\":\"https:\/\/now-news.de\/de\/\",\"logo\":{\"@type\":\"ImageObject\",\"inLanguage\":\"de\",\"@id\":\"https:\/\/now-news.de\/de\/#\/schema\/logo\/image\/\",\"url\":\"http:\/\/just-now.news\/de\/wp-content\/uploads\/sites\/3\/2022\/04\/logo500x500.jpg\",\"contentUrl\":\"http:\/\/just-now.news\/de\/wp-content\/uploads\/sites\/3\/2022\/04\/logo500x500.jpg\",\"width\":500,\"height\":500,\"caption\":\"Just Now News\"},\"image\":{\"@id\":\"https:\/\/now-news.de\/de\/#\/schema\/logo\/image\/\"},\"sameAs\":[\"https:\/\/www.facebook.com\/wirmachenauf\",\"https:\/\/x.com\/WirMachenAuf_de\"]},{\"@type\":\"Person\",\"@id\":\"https:\/\/now-news.de\/de\/#\/schema\/person\/fb534a4e865501d8b3285208df34a9b5\",\"name\":\"rtnews\",\"image\":{\"@type\":\"ImageObject\",\"inLanguage\":\"de\",\"@id\":\"https:\/\/now-news.de\/de\/#\/schema\/person\/image\/\",\"url\":\"https:\/\/secure.gravatar.com\/avatar\/82aafea7d8127119dd649515f56e2117?s=96&d=mm&r=g\",\"contentUrl\":\"https:\/\/secure.gravatar.com\/avatar\/82aafea7d8127119dd649515f56e2117?s=96&d=mm&r=g\",\"caption\":\"rtnews\"},\"url\":\"https:\/\/now-news.de\/de\/author\/rnews\/\"}]}<\/script>\n<!-- \/ Yoast SEO Premium plugin. -->","yoast_head_json":{"title":"Zoff in der Ampel \u2013 Kubicki: Putin und Habeck haben \u00e4hnliche \u00dcberzeugung, wie man einen Staat f\u00fchrt - just-now.NEWS Deutschland","robots":{"index":"index","follow":"follow","max-snippet":"max-snippet:-1","max-image-preview":"max-image-preview:large","max-video-preview":"max-video-preview:-1"},"canonical":"https:\/\/now-news.de\/de\/deutschland\/zoff-in-der-ampel-kubicki-putin-und-habeck-haben-aehnliche-ueberzeugung-wie-man-einen-staat-fuehrt\/","og_locale":"de_DE","og_type":"article","og_title":"Zoff in der Ampel \u2013 Kubicki: Putin und Habeck haben \u00e4hnliche \u00dcberzeugung, wie man einen Staat f\u00fchrt","og_description":"FDP-Vizechef Wolfgang Kubicki vergleicht den Koalitionspartner und Bundeswirtschaftsminister mit dem russischen Staatspr\u00e4sidenten Wladimir Putin. Das bleibt nicht folgenlos. Streit in der Regierungskoalition: Der Bundestagsvizepr\u00e4sident und stellvertretende FDP-Vorsitzende Wolfgang Kubicki hat Bundeswirtschaftsminister Robert Habeck (B\u00fcndnis 90\/Die Gr\u00fcnen) mit dem russischen Pr\u00e4sidenten Wladimir Putin verglichen. Wie das Redaktionsnetzwerk Deutschland berichtet, sagte Kubicki im Interview mit der Talksendung [&hellip;]","og_url":"https:\/\/now-news.de\/de\/deutschland\/zoff-in-der-ampel-kubicki-putin-und-habeck-haben-aehnliche-ueberzeugung-wie-man-einen-staat-fuehrt\/","og_site_name":"just-now.NEWS Deutschland","article_publisher":"https:\/\/www.facebook.com\/wirmachenauf","article_published_time":"2023-03-22T18:51:44+00:00","og_image":[{"width":460,"height":259,"url":"https:\/\/now-news.de\/de\/wp-content\/uploads\/sites\/3\/2023\/03\/Zoff-in-der-Ampel-\u2013-Kubicki-Putin-und-Habeck-haben.jpg","type":"image\/jpeg"}],"author":"rtnews","twitter_card":"summary_large_image","twitter_creator":"@WirMachenAuf_de","twitter_site":"@WirMachenAuf_de","twitter_misc":{"Verfasst von":"rtnews","Gesch\u00e4tzte Lesezeit":"2\u00a0Minuten"},"schema":{"@context":"https:\/\/schema.org","@graph":[{"@type":"Article","@id":"https:\/\/now-news.de\/de\/deutschland\/zoff-in-der-ampel-kubicki-putin-und-habeck-haben-aehnliche-ueberzeugung-wie-man-einen-staat-fuehrt\/#article","isPartOf":{"@id":"https:\/\/now-news.de\/de\/deutschland\/zoff-in-der-ampel-kubicki-putin-und-habeck-haben-aehnliche-ueberzeugung-wie-man-einen-staat-fuehrt\/"},"author":{"name":"rtnews","@id":"https:\/\/now-news.de\/de\/#\/schema\/person\/fb534a4e865501d8b3285208df34a9b5"},"headline":"Zoff in der Ampel \u2013 Kubicki: Putin und Habeck haben \u00e4hnliche \u00dcberzeugung, wie man einen Staat f\u00fchrt","datePublished":"2023-03-22T18:51:44+00:00","dateModified":"2023-03-22T18:51:44+00:00","mainEntityOfPage":{"@id":"https:\/\/now-news.de\/de\/deutschland\/zoff-in-der-ampel-kubicki-putin-und-habeck-haben-aehnliche-ueberzeugung-wie-man-einen-staat-fuehrt\/"},"wordCount":367,"commentCount":0,"publisher":{"@id":"https:\/\/now-news.de\/de\/#organization"},"image":{"@id":"https:\/\/now-news.de\/de\/deutschland\/zoff-in-der-ampel-kubicki-putin-und-habeck-haben-aehnliche-ueberzeugung-wie-man-einen-staat-fuehrt\/#primaryimage"},"thumbnailUrl":"https:\/\/now-news.de\/de\/wp-content\/uploads\/sites\/3\/2023\/03\/Zoff-in-der-Ampel-\u2013-Kubicki-Putin-und-Habeck-haben.jpg","keywords":["\u00e4hnliche","Ampel","der","einen","f\u00fchrt","Habeck","haben","Kubicki","Man","putin","Staat","\u00dcberzeugung","und","Wie","Zoff"],"articleSection":["Deutschland","Russland"],"inLanguage":"de","potentialAction":[{"@type":"CommentAction","name":"Comment","target":["https:\/\/now-news.de\/de\/deutschland\/zoff-in-der-ampel-kubicki-putin-und-habeck-haben-aehnliche-ueberzeugung-wie-man-einen-staat-fuehrt\/#respond"]}]},{"@type":"WebPage","@id":"https:\/\/now-news.de\/de\/deutschland\/zoff-in-der-ampel-kubicki-putin-und-habeck-haben-aehnliche-ueberzeugung-wie-man-einen-staat-fuehrt\/","url":"https:\/\/now-news.de\/de\/deutschland\/zoff-in-der-ampel-kubicki-putin-und-habeck-haben-aehnliche-ueberzeugung-wie-man-einen-staat-fuehrt\/","name":"Zoff in der Ampel \u2013 Kubicki: Putin und Habeck haben \u00e4hnliche \u00dcberzeugung, wie man einen Staat f\u00fchrt - just-now.NEWS Deutschland","isPartOf":{"@id":"https:\/\/now-news.de\/de\/#website"},"primaryImageOfPage":{"@id":"https:\/\/now-news.de\/de\/deutschland\/zoff-in-der-ampel-kubicki-putin-und-habeck-haben-aehnliche-ueberzeugung-wie-man-einen-staat-fuehrt\/#primaryimage"},"image":{"@id":"https:\/\/now-news.de\/de\/deutschland\/zoff-in-der-ampel-kubicki-putin-und-habeck-haben-aehnliche-ueberzeugung-wie-man-einen-staat-fuehrt\/#primaryimage"},"thumbnailUrl":"https:\/\/now-news.de\/de\/wp-content\/uploads\/sites\/3\/2023\/03\/Zoff-in-der-Ampel-\u2013-Kubicki-Putin-und-Habeck-haben.jpg","datePublished":"2023-03-22T18:51:44+00:00","dateModified":"2023-03-22T18:51:44+00:00","breadcrumb":{"@id":"https:\/\/now-news.de\/de\/deutschland\/zoff-in-der-ampel-kubicki-putin-und-habeck-haben-aehnliche-ueberzeugung-wie-man-einen-staat-fuehrt\/#breadcrumb"},"inLanguage":"de","potentialAction":[{"@type":"ReadAction","target":["https:\/\/now-news.de\/de\/deutschland\/zoff-in-der-ampel-kubicki-putin-und-habeck-haben-aehnliche-ueberzeugung-wie-man-einen-staat-fuehrt\/"]}]},{"@type":"ImageObject","inLanguage":"de","@id":"https:\/\/now-news.de\/de\/deutschland\/zoff-in-der-ampel-kubicki-putin-und-habeck-haben-aehnliche-ueberzeugung-wie-man-einen-staat-fuehrt\/#primaryimage","url":"https:\/\/now-news.de\/de\/wp-content\/uploads\/sites\/3\/2023\/03\/Zoff-in-der-Ampel-\u2013-Kubicki-Putin-und-Habeck-haben.jpg","contentUrl":"https:\/\/now-news.de\/de\/wp-content\/uploads\/sites\/3\/2023\/03\/Zoff-in-der-Ampel-\u2013-Kubicki-Putin-und-Habeck-haben.jpg","width":460,"height":259,"caption":"Zoff in der Ampel \u2013 Kubicki: Putin und Habeck haben \u00e4hnliche \u00dcberzeugung, wie man einen Staat f\u00fchrt"},{"@type":"BreadcrumbList","@id":"https:\/\/now-news.de\/de\/deutschland\/zoff-in-der-ampel-kubicki-putin-und-habeck-haben-aehnliche-ueberzeugung-wie-man-einen-staat-fuehrt\/#breadcrumb","itemListElement":[{"@type":"ListItem","position":1,"name":"Home","item":"https:\/\/now-news.de\/de\/"},{"@type":"ListItem","position":2,"name":"Zoff in der Ampel \u2013 Kubicki: Putin und Habeck haben \u00e4hnliche \u00dcberzeugung, wie man einen Staat f\u00fchrt"}]},{"@type":"WebSite","@id":"https:\/\/now-news.de\/de\/#website","url":"https:\/\/now-news.de\/de\/","name":"just-now.NEWS Deutschland","description":"Das Portal f\u00fcr unzensierte Nachrichten aus der Welt","publisher":{"@id":"https:\/\/now-news.de\/de\/#organization"},"potentialAction":[{"@type":"SearchAction","target":{"@type":"EntryPoint","urlTemplate":"https:\/\/now-news.de\/de\/?s={search_term_string}"},"query-input":"required name=search_term_string"}],"inLanguage":"de"},{"@type":"Organization","@id":"https:\/\/now-news.de\/de\/#organization","name":"Just Now News","url":"https:\/\/now-news.de\/de\/","logo":{"@type":"ImageObject","inLanguage":"de","@id":"https:\/\/now-news.de\/de\/#\/schema\/logo\/image\/","url":"http:\/\/just-now.news\/de\/wp-content\/uploads\/sites\/3\/2022\/04\/logo500x500.jpg","contentUrl":"http:\/\/just-now.news\/de\/wp-content\/uploads\/sites\/3\/2022\/04\/logo500x500.jpg","width":500,"height":500,"caption":"Just Now News"},"image":{"@id":"https:\/\/now-news.de\/de\/#\/schema\/logo\/image\/"},"sameAs":["https:\/\/www.facebook.com\/wirmachenauf","https:\/\/x.com\/WirMachenAuf_de"]},{"@type":"Person","@id":"https:\/\/now-news.de\/de\/#\/schema\/person\/fb534a4e865501d8b3285208df34a9b5","name":"rtnews","image":{"@type":"ImageObject","inLanguage":"de","@id":"https:\/\/now-news.de\/de\/#\/schema\/person\/image\/","url":"https:\/\/secure.gravatar.com\/avatar\/82aafea7d8127119dd649515f56e2117?s=96&d=mm&r=g","contentUrl":"https:\/\/secure.gravatar.com\/avatar\/82aafea7d8127119dd649515f56e2117?s=96&d=mm&r=g","caption":"rtnews"},"url":"https:\/\/now-news.de\/de\/author\/rnews\/"}]}},"_links":{"self":[{"href":"https:\/\/now-news.de\/de\/wp-json\/wp\/v2\/posts\/32799"}],"collection":[{"href":"https:\/\/now-news.de\/de\/wp-json\/wp\/v2\/posts"}],"about":[{"href":"https:\/\/now-news.de\/de\/wp-json\/wp\/v2\/types\/post"}],"author":[{"embeddable":true,"href":"https:\/\/now-news.de\/de\/wp-json\/wp\/v2\/users\/3"}],"replies":[{"embeddable":true,"href":"https:\/\/now-news.de\/de\/wp-json\/wp\/v2\/comments?post=32799"}],"version-history":[{"count":0,"href":"https:\/\/now-news.de\/de\/wp-json\/wp\/v2\/posts\/32799\/revisions"}],"wp:featuredmedia":[{"embeddable":true,"href":"https:\/\/now-news.de\/de\/wp-json\/wp\/v2\/media\/32800"}],"wp:attachment":[{"href":"https:\/\/now-news.de\/de\/wp-json\/wp\/v2\/media?parent=32799"}],"wp:term":[{"taxonomy":"category","embeddable":true,"href":"https:\/\/now-news.de\/de\/wp-json\/wp\/v2\/categories?post=32799"},{"taxonomy":"post_tag","embeddable":true,"href":"https:\/\/now-news.de\/de\/wp-json\/wp\/v2\/tags?post=32799"}],"curies":[{"name":"wp","href":"https:\/\/api.w.org\/{rel}","templated":true}]}}