{"id":32791,"date":"2023-03-22T19:31:43","date_gmt":"2023-03-22T17:31:43","guid":{"rendered":"https:\/\/just-now.news\/de\/deutschland\/nach-razzia-bei-reichsbuerger-gruppe-staatsanwaltschaft-ermittelt-gegen-fuenf-beschuldigte\/"},"modified":"2023-03-22T19:31:43","modified_gmt":"2023-03-22T17:31:43","slug":"nach-razzia-bei-reichsbuerger-gruppe-staatsanwaltschaft-ermittelt-gegen-fuenf-beschuldigte","status":"publish","type":"post","link":"https:\/\/now-news.de\/de\/deutschland\/nach-razzia-bei-reichsbuerger-gruppe-staatsanwaltschaft-ermittelt-gegen-fuenf-beschuldigte\/","title":{"rendered":"Nach Razzia bei &quot;Reichsb\u00fcrger&quot;-Gruppe: Staatsanwaltschaft ermittelt gegen f\u00fcnf Beschuldigte"},"content":{"rendered":"<p><img decoding=\"async\" src=\"http:\/\/just-now.news\/de\/wp-content\/uploads\/sites\/3\/2023\/03\/641b09bfb480cc2359285120.jpg\" \/><\/p>\n<div class=\"Text-root Text-type_1 \">\n                Am Mittwoch durchsuchte die Bundesanwaltschaft zahlreiche Objekte in der Bundesrepublik und der Schweiz. Diese sollen in Verbindung zu mutma\u00dflichen Anh\u00e4ngern der &#8220;Reichsb\u00fcrger&#8221;-Gruppe um Heinrich XIII. Prinz Reu\u00df stehen. Nun soll es neue mutma\u00dfliche Unterst\u00fctzer der Vereinigung geben.\n            <\/div>\n<p><\/p>\n<div class=\"Text-root Text-type_5 ArticleView-text ViewText-root \">\n<p>Bei einer Razzia im Auftrag der Bundesanwaltschaft im &#8220;Reichsb\u00fcrger&#8221;-Milieu ist im baden-w\u00fcrttembergischen Reutlingen ein Beamter eines Spezialeinsatzkommandos durch einen Schuss leicht verletzt worden. Wie die <em>Welt <\/em><a rel=\"nofollow noopener\" target=\"_blank\" href=\"https:\/\/www.welt.de\/politik\/deutschland\/article244420132\/Reutlingen-SEK-Beamter-bei-Reichsbuerger-Razzia-angeschossen.html\">berichtete<\/a>, geht es den\u00a0Beamten\u00a0den Umst\u00e4nden entsprechen gut\u00a0und der Sch\u00fctze wurde festgenommen.<\/p>\n<p>Ein Sprecher des Generalbundesanwalts gab bekannt, dass Polizeibeamte aus Bund und L\u00e4ndern, darunter\u00a0Spezialeinheiten, im Auftrag des Generalbundesanwalts mehr als zwanzig Objekte\u00a0in\u00a0acht\u00a0Bundesl\u00e4ndern\u00a0und der\u00a0Schweiz\u00a0durchsucht h\u00e4tten. Justizminister Marco Buschmann (FDP) twitterte dazu:<\/p>\n<blockquote>\n<p><em>&#8220;Der Generalbundesanwalt lie\u00df heute zwanzig Objekte durchsuchen. Die Ma\u00dfnahme steht im Zusammenhang mit dem Reichsb\u00fcrgermilieu. Dabei wurde ein Polizist angeschossen. Das zeigt, wie gef\u00e4hrlich die Eins\u00e4tze sind. Die Waffenbeh\u00f6rden sind verpflichtet, Reichsb\u00fcrger zu entwaffnen.&#8221;<\/em><\/p>\n<\/blockquote>\n<div class=\"EmbedBlock-root EmbedBlock-twitter\">\n<div class=\"TwitterEmbed\">\n<blockquote class=\"twitter-tweet lazyload\" data-twitter=\"twitter-tweet\">\n<p lang=\"de\" dir=\"ltr\">Der Generalbundesanwalt lie\u00df heute 20 Objekte durchsuchen. Die Ma\u00dfnahme steht im Zusammenhang mit dem Reichsb\u00fcrgermilieu. Dabei wurde ein Polizist angeschossen. Das zeigt, wie gef\u00e4hrlich die Eins\u00e4tze sind. Die Waffenbeh\u00f6rden sind verpflichtet, Reichsb\u00fcrger zu entwaffnen.<\/p>\n<p>\u2014 Marco Buschmann (@MarcoBuschmann) <a rel=\"nofollow noopener\" target=\"_blank\" href=\"https:\/\/twitter.com\/MarcoBuschmann\/status\/1638488152112345088?ref_src=twsrc%5Etfw\">March 22, 2023<\/a><\/p><\/blockquote>\n<\/div>\n<\/div>\n<p>Die Aktion h\u00e4nge demnach mit der bundesweiten Razzia vom 7. Dezember 2023 um\u00a0Heinrich XIII. Prinz Reu\u00df zusammen.\u00a0Die Durchsuchungen am Mittwoch richteten sich gegen f\u00fcnf Beschuldigte wegen des Verdachts der Unterst\u00fctzung einer terroristischen Vereinigung, teilte eine Sprecherin der Bundesanwaltschaft in Karlsruhe auf Anfrage des Magazins <em>Der <\/em><em>Spiegel<\/em> mit. Daneben wurden die R\u00e4umlichkeiten von vierzehn weiteren Personen durchsucht, die als unverd\u00e4chtig eingestuft wurden.<\/p>\n<p><strong>Mehr zum Thema<\/strong> \u2013 <a rel=\"nofollow noopener\" target=\"_blank\" href=\"https:\/\/rtde.site\/inland\/163661-geplanter-stromausfall-razzia-gegen-mutmassliche\/\">Geplanter Stromausfall: Razzia gegen mutma\u00dfliche Reichsb\u00fcrger in Bayern<\/a><\/p>\n<\/p>\n<\/div>\n<p><script async src=\"https:\/\/platform.twitter.com\/widgets.js\" charset=\"utf-8\"><\/script><br \/>\n<br \/><br \/>\n<br \/><a href=\"https:\/\/de.rt.com\/inland\/165988-nach-razzia-bei-reichsbuerger-gruppe\/\">Source link <\/a><\/p>\n","protected":false},"excerpt":{"rendered":"<p>Am Mittwoch durchsuchte die Bundesanwaltschaft zahlreiche Objekte in der Bundesrepublik und der Schweiz. Diese sollen in Verbindung zu mutma\u00dflichen Anh\u00e4ngern der &#8220;Reichsb\u00fcrger&#8221;-Gruppe um Heinrich XIII. Prinz Reu\u00df stehen. Nun soll es neue mutma\u00dfliche Unterst\u00fctzer der Vereinigung geben. Bei einer Razzia im Auftrag der Bundesanwaltschaft im &#8220;Reichsb\u00fcrger&#8221;-Milieu ist im baden-w\u00fcrttembergischen Reutlingen ein Beamter eines Spezialeinsatzkommandos durch [&hellip;]<\/p>\n","protected":false},"author":3,"featured_media":32792,"comment_status":"open","ping_status":"open","sticky":false,"template":"","format":"standard","meta":{"_yoast_indexnow_last_ping":["1679506981"],"wp_automatic_camp":["217"],"000fe4db39a8d60738d0496d5f876be3":["Nach Razzia bei &quot;Reichsb\u00fcrger&quot;-Gruppe: Staatsanwaltschaft ermittelt gegen f\u00fcnf Beschuldigte"],"original_link":["https:\/\/de.rt.com\/inland\/165988-nach-razzia-bei-reichsbuerger-gruppe\/"],"_thumbnail_id":["32792"],"jnews_social_counter_last_update":["1777193540"],"_wptgpro_p2tg_sent2tg":["a:1:{i:23737;s:19:\"2023-03-22 19:44:05\";}"]},"categories":[19,23],"tags":[363,21736,19038,4905,278,979,42314,1749,20823],"yoast_head":"<!-- This site is optimized with the Yoast SEO Premium plugin v22.7 (Yoast SEO v22.7) - https:\/\/yoast.com\/wordpress\/plugins\/seo\/ -->\n<title>Nach Razzia bei &quot;Reichsb\u00fcrger&quot;-Gruppe: Staatsanwaltschaft ermittelt gegen f\u00fcnf Beschuldigte - just-now.NEWS Deutschland<\/title>\n<meta name=\"robots\" content=\"index, follow, max-snippet:-1, max-image-preview:large, max-video-preview:-1\" \/>\n<link rel=\"canonical\" href=\"https:\/\/now-news.de\/de\/deutschland\/nach-razzia-bei-reichsbuerger-gruppe-staatsanwaltschaft-ermittelt-gegen-fuenf-beschuldigte\/\" \/>\n<meta property=\"og:locale\" content=\"de_DE\" \/>\n<meta property=\"og:type\" content=\"article\" \/>\n<meta property=\"og:title\" content=\"Nach Razzia bei &quot;Reichsb\u00fcrger&quot;-Gruppe: Staatsanwaltschaft ermittelt gegen f\u00fcnf Beschuldigte\" \/>\n<meta property=\"og:description\" content=\"Am Mittwoch durchsuchte die Bundesanwaltschaft zahlreiche Objekte in der Bundesrepublik und der Schweiz. Diese sollen in Verbindung zu mutma\u00dflichen Anh\u00e4ngern der &#8220;Reichsb\u00fcrger&#8221;-Gruppe um Heinrich XIII. Prinz Reu\u00df stehen. Nun soll es neue mutma\u00dfliche Unterst\u00fctzer der Vereinigung geben. Bei einer Razzia im Auftrag der Bundesanwaltschaft im &#8220;Reichsb\u00fcrger&#8221;-Milieu ist im baden-w\u00fcrttembergischen Reutlingen ein Beamter eines Spezialeinsatzkommandos durch [&hellip;]\" \/>\n<meta property=\"og:url\" content=\"https:\/\/now-news.de\/de\/deutschland\/nach-razzia-bei-reichsbuerger-gruppe-staatsanwaltschaft-ermittelt-gegen-fuenf-beschuldigte\/\" \/>\n<meta property=\"og:site_name\" content=\"just-now.NEWS Deutschland\" \/>\n<meta property=\"article:publisher\" content=\"https:\/\/www.facebook.com\/wirmachenauf\" \/>\n<meta property=\"article:published_time\" content=\"2023-03-22T17:31:43+00:00\" \/>\n<meta property=\"og:image\" content=\"https:\/\/now-news.de\/de\/wp-content\/uploads\/sites\/3\/2023\/03\/Nach-Razzia-bei-quotReichsbuergerquot-Gruppe-Staatsanwaltschaft-ermittelt-gegen-fuenf-Beschuldigte.jpg\" \/>\n\t<meta property=\"og:image:width\" content=\"460\" \/>\n\t<meta property=\"og:image:height\" content=\"259\" \/>\n\t<meta property=\"og:image:type\" content=\"image\/jpeg\" \/>\n<meta name=\"author\" content=\"rtnews\" \/>\n<meta name=\"twitter:card\" content=\"summary_large_image\" \/>\n<meta name=\"twitter:creator\" content=\"@WirMachenAuf_de\" \/>\n<meta name=\"twitter:site\" content=\"@WirMachenAuf_de\" \/>\n<meta name=\"twitter:label1\" content=\"Verfasst von\" \/>\n\t<meta name=\"twitter:data1\" content=\"rtnews\" \/>\n\t<meta name=\"twitter:label2\" content=\"Gesch\u00e4tzte Lesezeit\" \/>\n\t<meta name=\"twitter:data2\" content=\"1\u00a0Minute\" \/>\n<script type=\"application\/ld+json\" class=\"yoast-schema-graph\">{\"@context\":\"https:\/\/schema.org\",\"@graph\":[{\"@type\":\"Article\",\"@id\":\"https:\/\/now-news.de\/de\/deutschland\/nach-razzia-bei-reichsbuerger-gruppe-staatsanwaltschaft-ermittelt-gegen-fuenf-beschuldigte\/#article\",\"isPartOf\":{\"@id\":\"https:\/\/now-news.de\/de\/deutschland\/nach-razzia-bei-reichsbuerger-gruppe-staatsanwaltschaft-ermittelt-gegen-fuenf-beschuldigte\/\"},\"author\":{\"name\":\"rtnews\",\"@id\":\"https:\/\/now-news.de\/de\/#\/schema\/person\/fb534a4e865501d8b3285208df34a9b5\"},\"headline\":\"Nach Razzia bei &quot;Reichsb\u00fcrger&quot;-Gruppe: Staatsanwaltschaft ermittelt gegen f\u00fcnf Beschuldigte\",\"datePublished\":\"2023-03-22T17:31:43+00:00\",\"dateModified\":\"2023-03-22T17:31:43+00:00\",\"mainEntityOfPage\":{\"@id\":\"https:\/\/now-news.de\/de\/deutschland\/nach-razzia-bei-reichsbuerger-gruppe-staatsanwaltschaft-ermittelt-gegen-fuenf-beschuldigte\/\"},\"wordCount\":306,\"commentCount\":0,\"publisher\":{\"@id\":\"https:\/\/now-news.de\/de\/#organization\"},\"image\":{\"@id\":\"https:\/\/now-news.de\/de\/deutschland\/nach-razzia-bei-reichsbuerger-gruppe-staatsanwaltschaft-ermittelt-gegen-fuenf-beschuldigte\/#primaryimage\"},\"thumbnailUrl\":\"https:\/\/now-news.de\/de\/wp-content\/uploads\/sites\/3\/2023\/03\/Nach-Razzia-bei-quotReichsbuergerquot-Gruppe-Staatsanwaltschaft-ermittelt-gegen-fuenf-Beschuldigte.jpg\",\"keywords\":[\"bei\",\"beschuldigte\",\"ermittelt\",\"f\u00fcnf\",\"gegen\",\"nach\",\"quotReichsb\u00fcrgerquotGruppe\",\"Razzia\",\"Staatsanwaltschaft\"],\"articleSection\":[\"Deutschland\",\"Russland\"],\"inLanguage\":\"de\",\"potentialAction\":[{\"@type\":\"CommentAction\",\"name\":\"Comment\",\"target\":[\"https:\/\/now-news.de\/de\/deutschland\/nach-razzia-bei-reichsbuerger-gruppe-staatsanwaltschaft-ermittelt-gegen-fuenf-beschuldigte\/#respond\"]}]},{\"@type\":\"WebPage\",\"@id\":\"https:\/\/now-news.de\/de\/deutschland\/nach-razzia-bei-reichsbuerger-gruppe-staatsanwaltschaft-ermittelt-gegen-fuenf-beschuldigte\/\",\"url\":\"https:\/\/now-news.de\/de\/deutschland\/nach-razzia-bei-reichsbuerger-gruppe-staatsanwaltschaft-ermittelt-gegen-fuenf-beschuldigte\/\",\"name\":\"Nach Razzia bei &quot;Reichsb\u00fcrger&quot;-Gruppe: Staatsanwaltschaft ermittelt gegen f\u00fcnf Beschuldigte - just-now.NEWS Deutschland\",\"isPartOf\":{\"@id\":\"https:\/\/now-news.de\/de\/#website\"},\"primaryImageOfPage\":{\"@id\":\"https:\/\/now-news.de\/de\/deutschland\/nach-razzia-bei-reichsbuerger-gruppe-staatsanwaltschaft-ermittelt-gegen-fuenf-beschuldigte\/#primaryimage\"},\"image\":{\"@id\":\"https:\/\/now-news.de\/de\/deutschland\/nach-razzia-bei-reichsbuerger-gruppe-staatsanwaltschaft-ermittelt-gegen-fuenf-beschuldigte\/#primaryimage\"},\"thumbnailUrl\":\"https:\/\/now-news.de\/de\/wp-content\/uploads\/sites\/3\/2023\/03\/Nach-Razzia-bei-quotReichsbuergerquot-Gruppe-Staatsanwaltschaft-ermittelt-gegen-fuenf-Beschuldigte.jpg\",\"datePublished\":\"2023-03-22T17:31:43+00:00\",\"dateModified\":\"2023-03-22T17:31:43+00:00\",\"breadcrumb\":{\"@id\":\"https:\/\/now-news.de\/de\/deutschland\/nach-razzia-bei-reichsbuerger-gruppe-staatsanwaltschaft-ermittelt-gegen-fuenf-beschuldigte\/#breadcrumb\"},\"inLanguage\":\"de\",\"potentialAction\":[{\"@type\":\"ReadAction\",\"target\":[\"https:\/\/now-news.de\/de\/deutschland\/nach-razzia-bei-reichsbuerger-gruppe-staatsanwaltschaft-ermittelt-gegen-fuenf-beschuldigte\/\"]}]},{\"@type\":\"ImageObject\",\"inLanguage\":\"de\",\"@id\":\"https:\/\/now-news.de\/de\/deutschland\/nach-razzia-bei-reichsbuerger-gruppe-staatsanwaltschaft-ermittelt-gegen-fuenf-beschuldigte\/#primaryimage\",\"url\":\"https:\/\/now-news.de\/de\/wp-content\/uploads\/sites\/3\/2023\/03\/Nach-Razzia-bei-quotReichsbuergerquot-Gruppe-Staatsanwaltschaft-ermittelt-gegen-fuenf-Beschuldigte.jpg\",\"contentUrl\":\"https:\/\/now-news.de\/de\/wp-content\/uploads\/sites\/3\/2023\/03\/Nach-Razzia-bei-quotReichsbuergerquot-Gruppe-Staatsanwaltschaft-ermittelt-gegen-fuenf-Beschuldigte.jpg\",\"width\":460,\"height\":259,\"caption\":\"Nach Razzia bei &quot;Reichsb\u00fcrger&quot;-Gruppe: Staatsanwaltschaft ermittelt gegen f\u00fcnf Beschuldigte\"},{\"@type\":\"BreadcrumbList\",\"@id\":\"https:\/\/now-news.de\/de\/deutschland\/nach-razzia-bei-reichsbuerger-gruppe-staatsanwaltschaft-ermittelt-gegen-fuenf-beschuldigte\/#breadcrumb\",\"itemListElement\":[{\"@type\":\"ListItem\",\"position\":1,\"name\":\"Home\",\"item\":\"https:\/\/now-news.de\/de\/\"},{\"@type\":\"ListItem\",\"position\":2,\"name\":\"Nach Razzia bei &quot;Reichsb\u00fcrger&quot;-Gruppe: Staatsanwaltschaft ermittelt gegen f\u00fcnf Beschuldigte\"}]},{\"@type\":\"WebSite\",\"@id\":\"https:\/\/now-news.de\/de\/#website\",\"url\":\"https:\/\/now-news.de\/de\/\",\"name\":\"just-now.NEWS Deutschland\",\"description\":\"Das Portal f\u00fcr unzensierte Nachrichten aus der Welt\",\"publisher\":{\"@id\":\"https:\/\/now-news.de\/de\/#organization\"},\"potentialAction\":[{\"@type\":\"SearchAction\",\"target\":{\"@type\":\"EntryPoint\",\"urlTemplate\":\"https:\/\/now-news.de\/de\/?s={search_term_string}\"},\"query-input\":\"required name=search_term_string\"}],\"inLanguage\":\"de\"},{\"@type\":\"Organization\",\"@id\":\"https:\/\/now-news.de\/de\/#organization\",\"name\":\"Just Now News\",\"url\":\"https:\/\/now-news.de\/de\/\",\"logo\":{\"@type\":\"ImageObject\",\"inLanguage\":\"de\",\"@id\":\"https:\/\/now-news.de\/de\/#\/schema\/logo\/image\/\",\"url\":\"http:\/\/just-now.news\/de\/wp-content\/uploads\/sites\/3\/2022\/04\/logo500x500.jpg\",\"contentUrl\":\"http:\/\/just-now.news\/de\/wp-content\/uploads\/sites\/3\/2022\/04\/logo500x500.jpg\",\"width\":500,\"height\":500,\"caption\":\"Just Now News\"},\"image\":{\"@id\":\"https:\/\/now-news.de\/de\/#\/schema\/logo\/image\/\"},\"sameAs\":[\"https:\/\/www.facebook.com\/wirmachenauf\",\"https:\/\/x.com\/WirMachenAuf_de\"]},{\"@type\":\"Person\",\"@id\":\"https:\/\/now-news.de\/de\/#\/schema\/person\/fb534a4e865501d8b3285208df34a9b5\",\"name\":\"rtnews\",\"image\":{\"@type\":\"ImageObject\",\"inLanguage\":\"de\",\"@id\":\"https:\/\/now-news.de\/de\/#\/schema\/person\/image\/\",\"url\":\"https:\/\/secure.gravatar.com\/avatar\/82aafea7d8127119dd649515f56e2117?s=96&d=mm&r=g\",\"contentUrl\":\"https:\/\/secure.gravatar.com\/avatar\/82aafea7d8127119dd649515f56e2117?s=96&d=mm&r=g\",\"caption\":\"rtnews\"},\"url\":\"https:\/\/now-news.de\/de\/author\/rnews\/\"}]}<\/script>\n<!-- \/ Yoast SEO Premium plugin. -->","yoast_head_json":{"title":"Nach Razzia bei &quot;Reichsb\u00fcrger&quot;-Gruppe: Staatsanwaltschaft ermittelt gegen f\u00fcnf Beschuldigte - just-now.NEWS Deutschland","robots":{"index":"index","follow":"follow","max-snippet":"max-snippet:-1","max-image-preview":"max-image-preview:large","max-video-preview":"max-video-preview:-1"},"canonical":"https:\/\/now-news.de\/de\/deutschland\/nach-razzia-bei-reichsbuerger-gruppe-staatsanwaltschaft-ermittelt-gegen-fuenf-beschuldigte\/","og_locale":"de_DE","og_type":"article","og_title":"Nach Razzia bei &quot;Reichsb\u00fcrger&quot;-Gruppe: Staatsanwaltschaft ermittelt gegen f\u00fcnf Beschuldigte","og_description":"Am Mittwoch durchsuchte die Bundesanwaltschaft zahlreiche Objekte in der Bundesrepublik und der Schweiz. Diese sollen in Verbindung zu mutma\u00dflichen Anh\u00e4ngern der &#8220;Reichsb\u00fcrger&#8221;-Gruppe um Heinrich XIII. Prinz Reu\u00df stehen. Nun soll es neue mutma\u00dfliche Unterst\u00fctzer der Vereinigung geben. Bei einer Razzia im Auftrag der Bundesanwaltschaft im &#8220;Reichsb\u00fcrger&#8221;-Milieu ist im baden-w\u00fcrttembergischen Reutlingen ein Beamter eines Spezialeinsatzkommandos durch [&hellip;]","og_url":"https:\/\/now-news.de\/de\/deutschland\/nach-razzia-bei-reichsbuerger-gruppe-staatsanwaltschaft-ermittelt-gegen-fuenf-beschuldigte\/","og_site_name":"just-now.NEWS Deutschland","article_publisher":"https:\/\/www.facebook.com\/wirmachenauf","article_published_time":"2023-03-22T17:31:43+00:00","og_image":[{"width":460,"height":259,"url":"https:\/\/now-news.de\/de\/wp-content\/uploads\/sites\/3\/2023\/03\/Nach-Razzia-bei-quotReichsbuergerquot-Gruppe-Staatsanwaltschaft-ermittelt-gegen-fuenf-Beschuldigte.jpg","type":"image\/jpeg"}],"author":"rtnews","twitter_card":"summary_large_image","twitter_creator":"@WirMachenAuf_de","twitter_site":"@WirMachenAuf_de","twitter_misc":{"Verfasst von":"rtnews","Gesch\u00e4tzte Lesezeit":"1\u00a0Minute"},"schema":{"@context":"https:\/\/schema.org","@graph":[{"@type":"Article","@id":"https:\/\/now-news.de\/de\/deutschland\/nach-razzia-bei-reichsbuerger-gruppe-staatsanwaltschaft-ermittelt-gegen-fuenf-beschuldigte\/#article","isPartOf":{"@id":"https:\/\/now-news.de\/de\/deutschland\/nach-razzia-bei-reichsbuerger-gruppe-staatsanwaltschaft-ermittelt-gegen-fuenf-beschuldigte\/"},"author":{"name":"rtnews","@id":"https:\/\/now-news.de\/de\/#\/schema\/person\/fb534a4e865501d8b3285208df34a9b5"},"headline":"Nach Razzia bei &quot;Reichsb\u00fcrger&quot;-Gruppe: Staatsanwaltschaft ermittelt gegen f\u00fcnf Beschuldigte","datePublished":"2023-03-22T17:31:43+00:00","dateModified":"2023-03-22T17:31:43+00:00","mainEntityOfPage":{"@id":"https:\/\/now-news.de\/de\/deutschland\/nach-razzia-bei-reichsbuerger-gruppe-staatsanwaltschaft-ermittelt-gegen-fuenf-beschuldigte\/"},"wordCount":306,"commentCount":0,"publisher":{"@id":"https:\/\/now-news.de\/de\/#organization"},"image":{"@id":"https:\/\/now-news.de\/de\/deutschland\/nach-razzia-bei-reichsbuerger-gruppe-staatsanwaltschaft-ermittelt-gegen-fuenf-beschuldigte\/#primaryimage"},"thumbnailUrl":"https:\/\/now-news.de\/de\/wp-content\/uploads\/sites\/3\/2023\/03\/Nach-Razzia-bei-quotReichsbuergerquot-Gruppe-Staatsanwaltschaft-ermittelt-gegen-fuenf-Beschuldigte.jpg","keywords":["bei","beschuldigte","ermittelt","f\u00fcnf","gegen","nach","quotReichsb\u00fcrgerquotGruppe","Razzia","Staatsanwaltschaft"],"articleSection":["Deutschland","Russland"],"inLanguage":"de","potentialAction":[{"@type":"CommentAction","name":"Comment","target":["https:\/\/now-news.de\/de\/deutschland\/nach-razzia-bei-reichsbuerger-gruppe-staatsanwaltschaft-ermittelt-gegen-fuenf-beschuldigte\/#respond"]}]},{"@type":"WebPage","@id":"https:\/\/now-news.de\/de\/deutschland\/nach-razzia-bei-reichsbuerger-gruppe-staatsanwaltschaft-ermittelt-gegen-fuenf-beschuldigte\/","url":"https:\/\/now-news.de\/de\/deutschland\/nach-razzia-bei-reichsbuerger-gruppe-staatsanwaltschaft-ermittelt-gegen-fuenf-beschuldigte\/","name":"Nach Razzia bei &quot;Reichsb\u00fcrger&quot;-Gruppe: Staatsanwaltschaft ermittelt gegen f\u00fcnf Beschuldigte - just-now.NEWS Deutschland","isPartOf":{"@id":"https:\/\/now-news.de\/de\/#website"},"primaryImageOfPage":{"@id":"https:\/\/now-news.de\/de\/deutschland\/nach-razzia-bei-reichsbuerger-gruppe-staatsanwaltschaft-ermittelt-gegen-fuenf-beschuldigte\/#primaryimage"},"image":{"@id":"https:\/\/now-news.de\/de\/deutschland\/nach-razzia-bei-reichsbuerger-gruppe-staatsanwaltschaft-ermittelt-gegen-fuenf-beschuldigte\/#primaryimage"},"thumbnailUrl":"https:\/\/now-news.de\/de\/wp-content\/uploads\/sites\/3\/2023\/03\/Nach-Razzia-bei-quotReichsbuergerquot-Gruppe-Staatsanwaltschaft-ermittelt-gegen-fuenf-Beschuldigte.jpg","datePublished":"2023-03-22T17:31:43+00:00","dateModified":"2023-03-22T17:31:43+00:00","breadcrumb":{"@id":"https:\/\/now-news.de\/de\/deutschland\/nach-razzia-bei-reichsbuerger-gruppe-staatsanwaltschaft-ermittelt-gegen-fuenf-beschuldigte\/#breadcrumb"},"inLanguage":"de","potentialAction":[{"@type":"ReadAction","target":["https:\/\/now-news.de\/de\/deutschland\/nach-razzia-bei-reichsbuerger-gruppe-staatsanwaltschaft-ermittelt-gegen-fuenf-beschuldigte\/"]}]},{"@type":"ImageObject","inLanguage":"de","@id":"https:\/\/now-news.de\/de\/deutschland\/nach-razzia-bei-reichsbuerger-gruppe-staatsanwaltschaft-ermittelt-gegen-fuenf-beschuldigte\/#primaryimage","url":"https:\/\/now-news.de\/de\/wp-content\/uploads\/sites\/3\/2023\/03\/Nach-Razzia-bei-quotReichsbuergerquot-Gruppe-Staatsanwaltschaft-ermittelt-gegen-fuenf-Beschuldigte.jpg","contentUrl":"https:\/\/now-news.de\/de\/wp-content\/uploads\/sites\/3\/2023\/03\/Nach-Razzia-bei-quotReichsbuergerquot-Gruppe-Staatsanwaltschaft-ermittelt-gegen-fuenf-Beschuldigte.jpg","width":460,"height":259,"caption":"Nach Razzia bei &quot;Reichsb\u00fcrger&quot;-Gruppe: Staatsanwaltschaft ermittelt gegen f\u00fcnf Beschuldigte"},{"@type":"BreadcrumbList","@id":"https:\/\/now-news.de\/de\/deutschland\/nach-razzia-bei-reichsbuerger-gruppe-staatsanwaltschaft-ermittelt-gegen-fuenf-beschuldigte\/#breadcrumb","itemListElement":[{"@type":"ListItem","position":1,"name":"Home","item":"https:\/\/now-news.de\/de\/"},{"@type":"ListItem","position":2,"name":"Nach Razzia bei &quot;Reichsb\u00fcrger&quot;-Gruppe: Staatsanwaltschaft ermittelt gegen f\u00fcnf Beschuldigte"}]},{"@type":"WebSite","@id":"https:\/\/now-news.de\/de\/#website","url":"https:\/\/now-news.de\/de\/","name":"just-now.NEWS Deutschland","description":"Das Portal f\u00fcr unzensierte Nachrichten aus der Welt","publisher":{"@id":"https:\/\/now-news.de\/de\/#organization"},"potentialAction":[{"@type":"SearchAction","target":{"@type":"EntryPoint","urlTemplate":"https:\/\/now-news.de\/de\/?s={search_term_string}"},"query-input":"required name=search_term_string"}],"inLanguage":"de"},{"@type":"Organization","@id":"https:\/\/now-news.de\/de\/#organization","name":"Just Now News","url":"https:\/\/now-news.de\/de\/","logo":{"@type":"ImageObject","inLanguage":"de","@id":"https:\/\/now-news.de\/de\/#\/schema\/logo\/image\/","url":"http:\/\/just-now.news\/de\/wp-content\/uploads\/sites\/3\/2022\/04\/logo500x500.jpg","contentUrl":"http:\/\/just-now.news\/de\/wp-content\/uploads\/sites\/3\/2022\/04\/logo500x500.jpg","width":500,"height":500,"caption":"Just Now News"},"image":{"@id":"https:\/\/now-news.de\/de\/#\/schema\/logo\/image\/"},"sameAs":["https:\/\/www.facebook.com\/wirmachenauf","https:\/\/x.com\/WirMachenAuf_de"]},{"@type":"Person","@id":"https:\/\/now-news.de\/de\/#\/schema\/person\/fb534a4e865501d8b3285208df34a9b5","name":"rtnews","image":{"@type":"ImageObject","inLanguage":"de","@id":"https:\/\/now-news.de\/de\/#\/schema\/person\/image\/","url":"https:\/\/secure.gravatar.com\/avatar\/82aafea7d8127119dd649515f56e2117?s=96&d=mm&r=g","contentUrl":"https:\/\/secure.gravatar.com\/avatar\/82aafea7d8127119dd649515f56e2117?s=96&d=mm&r=g","caption":"rtnews"},"url":"https:\/\/now-news.de\/de\/author\/rnews\/"}]}},"_links":{"self":[{"href":"https:\/\/now-news.de\/de\/wp-json\/wp\/v2\/posts\/32791"}],"collection":[{"href":"https:\/\/now-news.de\/de\/wp-json\/wp\/v2\/posts"}],"about":[{"href":"https:\/\/now-news.de\/de\/wp-json\/wp\/v2\/types\/post"}],"author":[{"embeddable":true,"href":"https:\/\/now-news.de\/de\/wp-json\/wp\/v2\/users\/3"}],"replies":[{"embeddable":true,"href":"https:\/\/now-news.de\/de\/wp-json\/wp\/v2\/comments?post=32791"}],"version-history":[{"count":0,"href":"https:\/\/now-news.de\/de\/wp-json\/wp\/v2\/posts\/32791\/revisions"}],"wp:featuredmedia":[{"embeddable":true,"href":"https:\/\/now-news.de\/de\/wp-json\/wp\/v2\/media\/32792"}],"wp:attachment":[{"href":"https:\/\/now-news.de\/de\/wp-json\/wp\/v2\/media?parent=32791"}],"wp:term":[{"taxonomy":"category","embeddable":true,"href":"https:\/\/now-news.de\/de\/wp-json\/wp\/v2\/categories?post=32791"},{"taxonomy":"post_tag","embeddable":true,"href":"https:\/\/now-news.de\/de\/wp-json\/wp\/v2\/tags?post=32791"}],"curies":[{"name":"wp","href":"https:\/\/api.w.org\/{rel}","templated":true}]}}