{"id":32757,"date":"2023-03-22T09:27:35","date_gmt":"2023-03-22T07:27:35","guid":{"rendered":"https:\/\/just-now.news\/de\/deutschland\/meinungsfreiheit-verteidigen-initiative-gegen-verengung-der-debattenraeume-gegruendet\/"},"modified":"2023-03-22T09:27:35","modified_gmt":"2023-03-22T07:27:35","slug":"meinungsfreiheit-verteidigen-initiative-gegen-verengung-der-debattenraeume-gegruendet","status":"publish","type":"post","link":"https:\/\/now-news.de\/de\/deutschland\/meinungsfreiheit-verteidigen-initiative-gegen-verengung-der-debattenraeume-gegruendet\/","title":{"rendered":"&quot;Meinungsfreiheit verteidigen!&quot; \u2013 Initiative gegen Verengung der Debattenr\u00e4ume gegr\u00fcndet"},"content":{"rendered":"<p><img decoding=\"async\" src=\"http:\/\/just-now.news\/de\/wp-content\/uploads\/sites\/3\/2023\/03\/641a109c48fbef2e66412e66.jpg\" \/><\/p>\n<div class=\"Text-root Text-type_1 \">\n                Die Meinungsfreiheit, garantiert durch Artikel 5 des Grundgesetzes, ist in den vergangenen Jahren unter Druck, ja in Gefahr geraten. Eine Initiative wendet sich nun gegen die zunehmenden Einschr\u00e4nkungen dieses Grundrechts, das f\u00fcr eine Demokratie unverzichtbar ist.\n            <\/div>\n<p><\/p>\n<div class=\"Text-root Text-type_5 ArticleView-text ViewText-root \">\n<p>Mitte M\u00e4rz 2023 hat eine private Initiative, die sich um die Berliner Friedensaktivistin Laura von Wimmersperg und den Rechtsanwalt Hans Bauer gebildet hatte, einen Appell ver\u00f6ffentlicht, der zur Verteidigung der grundgesetzlich garantierten Meinungsfreiheit aufruft. Den Ansto\u00df zum Verfassen des Appells gab die Beobachtung, dass politische Meinungs\u00e4u\u00dferungen immer h\u00e4ufiger &#8220;Benachteiligungen und sogar Konsequenzen auf juristischer Ebene zur Folge haben&#8221;, wie es in der begleitenden Pressemitteilung hei\u00dft, die <em>RT DE<\/em> zusammen mit dem Appell vorliegt.<\/p>\n<p><strong>\u00dcberparteiliche Initiative<\/strong><\/p>\n<p>Die Initiatoren, denen sich bislang rund 40 Unterst\u00fctzer angeschlossen haben, betonen, dass sie zwar &#8220;unterschiedlichen Parteien, Organisationen oder Vereinen&#8221; angeh\u00f6ren, &#8220;aber nicht in deren Auftrag oder Namen&#8221; handeln. Die &#8220;Beschr\u00e4nkung der freien Meinungs\u00e4u\u00dferung, wie sie sich bereits durch &#8220;Anzeichen von Vorsicht oder von Angst&#8221; beispielsweise in Diskussionsrunden zeige, stelle ein Gefahrenpotenzial f\u00fcr die Demokratie dar. Die Initiatoren und Unterst\u00fctzer sind \u00fcberzeugt, dass sich nur &#8220;eine aufgekl\u00e4rte, informierte Gesellschaft souver\u00e4n f\u00fcr die Erhaltung des im Grundgesetz garantierten Artikel 5 einsetzen&#8221; kann.<\/p>\n<p>So diagnostiziert der Appell zur Verteidigung von <a rel=\"nofollow noopener\" target=\"_blank\" href=\"https:\/\/www.gesetze-im-internet.de\/gg\/art_5.html\">Artikel 5<\/a> zun\u00e4chst eine umfassende Krise, in der sich Deutschland befindet. In den vergangenen Jahren h\u00e4tten deutsche Innen- wie Au\u00dfenpolitik die Gesellschaft insgesamt in eine krisenhafte Lage gebracht:<\/p>\n<blockquote>\n<p><em>&#8220;Sanktionen und Wirtschaftskrieg, Aufr\u00fcstung und Kriegsbeteiligung, Corona- und Klimapolitik haben zu Inflation, Preissteigerung, Energiekrise und in deren Folge zu einem massiven sozialen Abstieg f\u00fcr die \u00fcberwiegende Mehrheit der Bev\u00f6lkerung gef\u00fchrt.&#8221;<\/em><\/p>\n<\/blockquote>\n<p>Zudem habe sich der Eindruck verfestigt, die &#8220;politisch Verantwortlichen&#8221; seien &#8220;unf\u00e4hig und unwillig, ihrer verfassungsm\u00e4\u00dfigen Pflicht, Schaden vom deutschen Volke abzuwenden sowie dem Friedensgebot des Grundgesetzes gerecht zu werden&#8221;.<\/p>\n<p><strong>Antirussische Transatlantiker<\/strong><\/p>\n<p>So habe die deutsche Au\u00dfenministerin eine &#8220;deutsch-amerikanische &#8216;F\u00fchrungspartnerschaft'&#8221; verk\u00fcndet, w\u00e4hrend der Wirtschaftsminister dem &#8220;US-Pr\u00e4sidenten eine &#8216;dienende F\u00fchrungsrolle&#8217; im Kampf gegen Russland&#8221; versprochen habe. Mit dem &#8220;Ziel, Russland zu ruinieren&#8221;, ruiniere man das eigene Land. Klar benennt die Initiative die Verantwortung der Berliner Regierung f\u00fcr die zunehmende Kriegsgefahr in Europa:<\/p>\n<blockquote>\n<p><em>&#8220;Als NATO-Mitglied und mit F\u00fchrungsanspruch in der EU tragen Bundesregierung und Bundestag mit ihren Entscheidungen zur Eskalation der milit\u00e4rischen Auseinandersetzungen in der Ukraine bei und sch\u00fcren mit Waffenlieferungen in das Kriegsgebiet und mit Feindseligkeiten insbesondere gegen Russland die Konfrontation zwischen den Staaten. Diplomatische Wege zur Beendigung des Krieges und zur L\u00f6sung des Konflikts werden abgelehnt.&#8221;<\/em><\/p>\n<\/blockquote>\n<p>Diese Politik sei eine &#8220;des wirtschaftlichen und sozialen Niedergangs&#8221;, der mit dem &#8220;Abbau demokratischer Rechte&#8221; einhergehe. Dazu hei\u00dft es weiter im Appell:<\/p>\n<blockquote>\n<p><em>&#8220;Besonders betroffen sind die Meinungs-, Informations- und Pressefreiheit, wie sie in Artikel 5 des Grundgesetzes garantiert sind. Obwohl demokratische Mitbestimmung voraussetzt, dass sich jeder \u2013 so auch verfassungsrechtlich entschieden \u2013 &#8216;aus allgemeinen Quellen ungehindert unterrichten kann&#8217;, wird dieses Recht durch die mediale Dominanz der Regierungspolitik zunehmend eingeschr\u00e4nkt.&#8221;<\/em><\/p>\n<\/blockquote>\n<p><strong>Staatsmedien<\/strong><\/p>\n<p>Allerdings verhinderten auch Konzern- und \u00f6ffentlich-rechtliche Medien eine &#8220;allseitige Informiertheit und somit eine freie unabh\u00e4ngige Meinungsbildung&#8221;, stellt der Appell fest. Die gegenw\u00e4rtige Medienkultur zeichne sich durch &#8220;Desinformation und Manipulation der Bev\u00f6lkerung&#8221; aus. Dazu konstatiert die Initiative:<\/p>\n<blockquote>\n<p><em>&#8220;Wer die verordnete offizielle Meinung zum Ukraine-Krieg nicht teilt, kritisiert und dies \u00f6ffentlich kundtut, wird diffamiert, bedroht und sanktioniert oder ausgegrenzt.&#8221;<\/em><\/p>\n<\/blockquote>\n<p>Selbst praktische Solidarit\u00e4t und humanit\u00e4re Hilfe \u2013 etwa f\u00fcr die Menschen im Donbass \u2013 werde &#8220;medial diffamiert und unterliegt Sanktionen&#8221;. Kritische Medien, die jenseits des Mainstreams berichteten, &#8220;werden in ihrer journalistischen Arbeit durch beh\u00f6rdliche Ma\u00dfnahmen behindert&#8221;. Auch russische K\u00fcnstler und Wissenschaftler s\u00e4hen sich einem Generalverdacht ausgesetzt. Dazu stellen die Initiatoren fest:<\/p>\n<blockquote>\n<p><em>&#8220;Normale zwischenstaatliche Beziehungen zu Russland werden abgelehnt. Freundschaft mit Russen macht verd\u00e4chtig. Das Zeigen sowjetischer und russischer Symbole und Freundschaftsbekundungen zur Russischen F\u00f6deration werden staatlich missbilligt oder gar verboten.&#8221;<\/em><\/p>\n<\/blockquote>\n<p><strong>Kriminalisierung<\/strong><\/p>\n<p>Selbst die Kriminalisierung Andersdenkender hat eine neue Stufe erreicht. Der Appell f\u00fchrt als Beispiel den Fall des Berliner Friedensaktivisten Heinrich B\u00fccker an. B\u00fccker, der Betreiber des Coop Anti-War Caf\u00e9 ist, wurde blo\u00df aufgrund einer Meinungs\u00e4u\u00dferung vom Amtsgericht Tiergarten in Berlin zu einer hohen Geldstrafe verurteilt (<em>RT DE<\/em>\u00a0<a rel=\"nofollow noopener\" target=\"_blank\" href=\"https:\/\/gegenzensur.rtde.live\/inland\/157094-berliner-polizei-ermittelt-gegen-berliner\/\">berichtete<\/a>).<\/p>\n<p>Seine Rede im Rahmen einer Friedenskundgebung am 22. Juni 2022 am sowjetischen Ehrenmal im Treptower Park, Berlin, gehalten anl\u00e4sslich des Jahrestages des \u00dcberfalls auf die Sowjetunion, war ihm zum Verh\u00e4ngnis geworden. In diesem Zusammenhang stellt der Appell fest:<\/p>\n<blockquote>\n<p><em>&#8220;Kriminalisiert wird, wer die historische Entwicklung zum heutigen Konflikt aufzeigt, deren Wurzeln schon im Raub- und Vernichtungskrieg Nazi-Deutschlands gegen die UdSSR und in der Kollaboration ukrainischer Faschisten mit den deutschen Besatzern liegen. Kriminalisiert wird, wer den Einfluss der Nachfolgeformationen dieser Nazi-Kollaborateure auf die heutige Politik der ukrainischen Regierung benennt und sich mit den Beweggr\u00fcnden Russlands zur milit\u00e4rischen Intervention befasst.&#8221;<\/em><\/p>\n<\/blockquote>\n<p>Als weitere Einschr\u00e4nkung des Grundrechts auf freie Meinungs\u00e4u\u00dferung machen die Initiatoren auf die Tatsache aufmerksam, dass allzu freim\u00fctige politische \u00c4u\u00dferungen nun zum Fall f\u00fcr die Strafjustiz gemacht worden seien:<\/p>\n<blockquote>\n<p><em>&#8220;Durch die Erweiterung des Strafrechts mit der neuen Fassung des \u00a7130 StGB wird die Gesinnungsjustiz noch versch\u00e4rft.&#8221;<\/em><\/p>\n<\/blockquote>\n<p>Die Verfasser ziehen aus den genannten Beobachtungen die Schlussfolgerung, dass in &#8220;einer solchen Atmosph\u00e4re&#8221; nunmehr &#8220;offene Debatten, der Austausch und die Darstellung unterschiedlicher Auffassungen in Medien, Wissenschaft, Kunst, Kultur und anderen Bereichen kaum mehr m\u00f6glich&#8221; seien. Das \u00f6ffentliche Abw\u00e4gen unterschiedlicher Argumente als Voraussetzung f\u00fcr eine &#8220;wirklich freie Meinungsbildung&#8221; sei &#8220;ausgeschlossen&#8221;. Die Folgen zeigten sich in &#8220;Voreingenommenheit und Unkenntnis, aber auch Einsch\u00fcchterung, Angst, Selbstzensur und Heuchelei&#8221;. Und weiter: &#8220;Mit der W\u00fcrde des Menschen und der Freiheit der Pers\u00f6nlichkeit ist dies unvereinbar.&#8221;<\/p>\n<p>Der Appell zur Verteidigung der Meinungsfreiheit schlie\u00dft mit folgendem Aufruf:<\/p>\n<blockquote>\n<p><em>&#8220;Vor dem Hintergrund der deutschen Geschichte fordern wir, dieser gef\u00e4hrlichen Entwicklung Einhalt zu gebieten. Wir rufen dazu auf, die grundgesetzlich verbriefte Meinungs-, Informations- und Pressefreiheit zu verteidigen, wo und wann immer sie eingeschr\u00e4nkt wird.&#8221;<\/em><\/p>\n<\/blockquote>\n<p>Unterst\u00fctzt wird der Appell von: Dr. Wolfram Adolphi, Politikwissenschaftler, Schriftsteller; Rolf Becker, Schauspieler; Prof. Dr. Wolfgang Bittner, Schriftsteller und Publizist; Marguerite Blume-C\u00e1rdenas, Bildhauerin; Volker Br\u00e4utigam, Journalist; Gudrun Br\u00fcne, Malerin, Graphikerin; Dr. Reiner Burkhardt; Dr. Diether Dehm, Liedermacher, Komponist; Tino Eisbrenner, Lyriker, Komponist, Autor; Wolfgang Gehrcke, ehem. MdB; Uli Gellermann, Journalist, Filmemacher; Gabriele Gysi, Schauspielerin, Regisseurin; Klaus Hartmann, Pr\u00e4sident der Weltunion der Freidenker; Evelyn Hecht-Galinski, Publizistin; Heidrun Hegewald, Malerin, Graphikerin, Autorin; Ulrich Heyden, Korrespondent in Moskau; Prof. Dr. Helga H\u00f6rz, Philosophin: Benedikt Hopmann, Rechtsanwalt; Friedhelm Klinkhammer, Publizist; Dr. Hartmut K\u00f6nig, Liedermacher. Publizist; Prof. Dr. Anton Latzo, Historiker; Dr. med. Karl-Gustav Meyer; Amir Mortasawi, Arzt, Autor; Dr. Matthias Oehme, Verleger; Prof. Dr. Norman Paech, V\u00f6lkerrechtler; Major a. D. Florian Pfaff, Darmst\u00e4dter Signal; Gina Pietsch, S\u00e4ngerin, Schauspielerin; Bernd Quinque, Handwerksmeister; Christiane Reymann, Publizistin; Dr. J\u00fcrgen Rose, Oberstleutnant a. D., Darmst\u00e4dter Signal; Walfriede Schmitt, Schauspielerin; Renate Schoof, Schriftstellerin; Dr. Arnold Sch\u00f6lzel, Journalist; Eberhardt Schultz, Menschenrechtsanwalt; Ekkehard Sieker, Wissenschaftsjournalist; Margot Wahl, Publizistin; Willi Wahl, Publizist; Andreas Wessel, freier wissenschaftlicher Autor, Publizist; Dr. Anne Wessel, Erziehungswissenschaftlerin; Prof. Dr. Karl-Friedrich Wessel, Philosoph.<\/p>\n<p>Heruntergeladen werden kann der Appell zur Verteidigung der Meinungsfreiheit hier:<\/p>\n<p><a rel=\"nofollow noopener\" target=\"_blank\" href=\"https:\/\/de.russiatoday.com\/deutsch\/docs\/2023.03\/original\/641a11d7b480cc6fc24e25c3\/Appell+%22Meinungsfreiheit+verteidigen%22.pdf\">Appell &#8220;Meinungsfreiheit verteidigen&#8221;.pdf<\/a><\/p>\n<p>\u00a0<strong>Mehr zum Thema<\/strong> &#8211;\u00a0<a rel=\"nofollow noopener\" target=\"_blank\" href=\"https:\/\/gegenzensur.rtde.live\/meinung\/165395-deutsche-qualitaetsmedien-im-dauerhaften-sinkflug\/\">Deutsche &#8220;Qualit\u00e4tsmedien&#8221; im dauerhaften Sinkflug<\/a>\u00a0<\/p>\n<\/p>\n<\/div>\n<p><br \/>\n<br \/><a href=\"https:\/\/de.rt.com\/inland\/165946-meinungsfreiheit-verteidigen\/\">Source link <\/a><\/p>\n","protected":false},"excerpt":{"rendered":"<p>Die Meinungsfreiheit, garantiert durch Artikel 5 des Grundgesetzes, ist in den vergangenen Jahren unter Druck, ja in Gefahr geraten. Eine Initiative wendet sich nun gegen die zunehmenden Einschr\u00e4nkungen dieses Grundrechts, das f\u00fcr eine Demokratie unverzichtbar ist. Mitte M\u00e4rz 2023 hat eine private Initiative, die sich um die Berliner Friedensaktivistin Laura von Wimmersperg und den Rechtsanwalt [&hellip;]<\/p>\n","protected":false},"author":3,"featured_media":32758,"comment_status":"open","ping_status":"open","sticky":false,"template":"","format":"standard","meta":{"_yoast_indexnow_last_ping":["1679470208"],"wp_automatic_camp":["217"],"993dff03b4cf43b06bc7ff90083075d7":["&quot;Meinungsfreiheit verteidigen!&quot; \u2013 Initiative gegen Verengung der Debattenr\u00e4ume gegr\u00fcndet"],"original_link":["https:\/\/de.rt.com\/inland\/165946-meinungsfreiheit-verteidigen\/"],"_thumbnail_id":["32758"],"_wptgpro_p2tg_sent2tg":["a:1:{i:23737;s:19:\"2023-03-22 09:31:28\";}"],"jnews_social_counter_last_update":["1777290612"]},"categories":[19,23],"tags":[42300,82,278,25936,12455,42298,42299,24591],"yoast_head":"<!-- This site is optimized with the Yoast SEO Premium plugin v22.7 (Yoast SEO v22.7) - https:\/\/yoast.com\/wordpress\/plugins\/seo\/ -->\n<title>&quot;Meinungsfreiheit verteidigen!&quot; \u2013 Initiative gegen Verengung der Debattenr\u00e4ume gegr\u00fcndet - just-now.NEWS Deutschland<\/title>\n<meta name=\"robots\" content=\"index, follow, max-snippet:-1, max-image-preview:large, max-video-preview:-1\" \/>\n<link rel=\"canonical\" href=\"https:\/\/now-news.de\/de\/deutschland\/meinungsfreiheit-verteidigen-initiative-gegen-verengung-der-debattenraeume-gegruendet\/\" \/>\n<meta property=\"og:locale\" content=\"de_DE\" \/>\n<meta property=\"og:type\" content=\"article\" \/>\n<meta property=\"og:title\" content=\"&quot;Meinungsfreiheit verteidigen!&quot; \u2013 Initiative gegen Verengung der Debattenr\u00e4ume gegr\u00fcndet\" \/>\n<meta property=\"og:description\" content=\"Die Meinungsfreiheit, garantiert durch Artikel 5 des Grundgesetzes, ist in den vergangenen Jahren unter Druck, ja in Gefahr geraten. Eine Initiative wendet sich nun gegen die zunehmenden Einschr\u00e4nkungen dieses Grundrechts, das f\u00fcr eine Demokratie unverzichtbar ist. Mitte M\u00e4rz 2023 hat eine private Initiative, die sich um die Berliner Friedensaktivistin Laura von Wimmersperg und den Rechtsanwalt [&hellip;]\" \/>\n<meta property=\"og:url\" content=\"https:\/\/now-news.de\/de\/deutschland\/meinungsfreiheit-verteidigen-initiative-gegen-verengung-der-debattenraeume-gegruendet\/\" \/>\n<meta property=\"og:site_name\" content=\"just-now.NEWS Deutschland\" \/>\n<meta property=\"article:publisher\" content=\"https:\/\/www.facebook.com\/wirmachenauf\" \/>\n<meta property=\"article:published_time\" content=\"2023-03-22T07:27:35+00:00\" \/>\n<meta property=\"og:image\" content=\"https:\/\/now-news.de\/de\/wp-content\/uploads\/sites\/3\/2023\/03\/quotMeinungsfreiheit-verteidigenquot-\u2013-Initiative-gegen-Verengung-der-Debattenraeume-gegruendet.jpg\" \/>\n\t<meta property=\"og:image:width\" content=\"460\" \/>\n\t<meta property=\"og:image:height\" content=\"259\" \/>\n\t<meta property=\"og:image:type\" content=\"image\/jpeg\" \/>\n<meta name=\"author\" content=\"rtnews\" \/>\n<meta name=\"twitter:card\" content=\"summary_large_image\" \/>\n<meta name=\"twitter:creator\" content=\"@WirMachenAuf_de\" \/>\n<meta name=\"twitter:site\" content=\"@WirMachenAuf_de\" \/>\n<meta name=\"twitter:label1\" content=\"Verfasst von\" \/>\n\t<meta name=\"twitter:data1\" content=\"rtnews\" \/>\n\t<meta name=\"twitter:label2\" content=\"Gesch\u00e4tzte Lesezeit\" \/>\n\t<meta name=\"twitter:data2\" content=\"6\u00a0Minuten\" \/>\n<script type=\"application\/ld+json\" class=\"yoast-schema-graph\">{\"@context\":\"https:\/\/schema.org\",\"@graph\":[{\"@type\":\"Article\",\"@id\":\"https:\/\/now-news.de\/de\/deutschland\/meinungsfreiheit-verteidigen-initiative-gegen-verengung-der-debattenraeume-gegruendet\/#article\",\"isPartOf\":{\"@id\":\"https:\/\/now-news.de\/de\/deutschland\/meinungsfreiheit-verteidigen-initiative-gegen-verengung-der-debattenraeume-gegruendet\/\"},\"author\":{\"name\":\"rtnews\",\"@id\":\"https:\/\/now-news.de\/de\/#\/schema\/person\/fb534a4e865501d8b3285208df34a9b5\"},\"headline\":\"&quot;Meinungsfreiheit verteidigen!&quot; \u2013 Initiative gegen Verengung der Debattenr\u00e4ume gegr\u00fcndet\",\"datePublished\":\"2023-03-22T07:27:35+00:00\",\"dateModified\":\"2023-03-22T07:27:35+00:00\",\"mainEntityOfPage\":{\"@id\":\"https:\/\/now-news.de\/de\/deutschland\/meinungsfreiheit-verteidigen-initiative-gegen-verengung-der-debattenraeume-gegruendet\/\"},\"wordCount\":1206,\"commentCount\":0,\"publisher\":{\"@id\":\"https:\/\/now-news.de\/de\/#organization\"},\"image\":{\"@id\":\"https:\/\/now-news.de\/de\/deutschland\/meinungsfreiheit-verteidigen-initiative-gegen-verengung-der-debattenraeume-gegruendet\/#primaryimage\"},\"thumbnailUrl\":\"https:\/\/now-news.de\/de\/wp-content\/uploads\/sites\/3\/2023\/03\/quotMeinungsfreiheit-verteidigenquot-\u2013-Initiative-gegen-Verengung-der-Debattenraeume-gegruendet.jpg\",\"keywords\":[\"Debattenr\u00e4ume\",\"der\",\"gegen\",\"gegr\u00fcndet\",\"Initiative\",\"quotMeinungsfreiheit\",\"Verengung\",\"verteidigenquot\"],\"articleSection\":[\"Deutschland\",\"Russland\"],\"inLanguage\":\"de\",\"potentialAction\":[{\"@type\":\"CommentAction\",\"name\":\"Comment\",\"target\":[\"https:\/\/now-news.de\/de\/deutschland\/meinungsfreiheit-verteidigen-initiative-gegen-verengung-der-debattenraeume-gegruendet\/#respond\"]}]},{\"@type\":\"WebPage\",\"@id\":\"https:\/\/now-news.de\/de\/deutschland\/meinungsfreiheit-verteidigen-initiative-gegen-verengung-der-debattenraeume-gegruendet\/\",\"url\":\"https:\/\/now-news.de\/de\/deutschland\/meinungsfreiheit-verteidigen-initiative-gegen-verengung-der-debattenraeume-gegruendet\/\",\"name\":\"&quot;Meinungsfreiheit verteidigen!&quot; \u2013 Initiative gegen Verengung der Debattenr\u00e4ume gegr\u00fcndet - just-now.NEWS Deutschland\",\"isPartOf\":{\"@id\":\"https:\/\/now-news.de\/de\/#website\"},\"primaryImageOfPage\":{\"@id\":\"https:\/\/now-news.de\/de\/deutschland\/meinungsfreiheit-verteidigen-initiative-gegen-verengung-der-debattenraeume-gegruendet\/#primaryimage\"},\"image\":{\"@id\":\"https:\/\/now-news.de\/de\/deutschland\/meinungsfreiheit-verteidigen-initiative-gegen-verengung-der-debattenraeume-gegruendet\/#primaryimage\"},\"thumbnailUrl\":\"https:\/\/now-news.de\/de\/wp-content\/uploads\/sites\/3\/2023\/03\/quotMeinungsfreiheit-verteidigenquot-\u2013-Initiative-gegen-Verengung-der-Debattenraeume-gegruendet.jpg\",\"datePublished\":\"2023-03-22T07:27:35+00:00\",\"dateModified\":\"2023-03-22T07:27:35+00:00\",\"breadcrumb\":{\"@id\":\"https:\/\/now-news.de\/de\/deutschland\/meinungsfreiheit-verteidigen-initiative-gegen-verengung-der-debattenraeume-gegruendet\/#breadcrumb\"},\"inLanguage\":\"de\",\"potentialAction\":[{\"@type\":\"ReadAction\",\"target\":[\"https:\/\/now-news.de\/de\/deutschland\/meinungsfreiheit-verteidigen-initiative-gegen-verengung-der-debattenraeume-gegruendet\/\"]}]},{\"@type\":\"ImageObject\",\"inLanguage\":\"de\",\"@id\":\"https:\/\/now-news.de\/de\/deutschland\/meinungsfreiheit-verteidigen-initiative-gegen-verengung-der-debattenraeume-gegruendet\/#primaryimage\",\"url\":\"https:\/\/now-news.de\/de\/wp-content\/uploads\/sites\/3\/2023\/03\/quotMeinungsfreiheit-verteidigenquot-\u2013-Initiative-gegen-Verengung-der-Debattenraeume-gegruendet.jpg\",\"contentUrl\":\"https:\/\/now-news.de\/de\/wp-content\/uploads\/sites\/3\/2023\/03\/quotMeinungsfreiheit-verteidigenquot-\u2013-Initiative-gegen-Verengung-der-Debattenraeume-gegruendet.jpg\",\"width\":460,\"height\":259,\"caption\":\"&quot;Meinungsfreiheit verteidigen!&quot; \u2013 Initiative gegen Verengung der Debattenr\u00e4ume gegr\u00fcndet\"},{\"@type\":\"BreadcrumbList\",\"@id\":\"https:\/\/now-news.de\/de\/deutschland\/meinungsfreiheit-verteidigen-initiative-gegen-verengung-der-debattenraeume-gegruendet\/#breadcrumb\",\"itemListElement\":[{\"@type\":\"ListItem\",\"position\":1,\"name\":\"Home\",\"item\":\"https:\/\/now-news.de\/de\/\"},{\"@type\":\"ListItem\",\"position\":2,\"name\":\"&quot;Meinungsfreiheit verteidigen!&quot; \u2013 Initiative gegen Verengung der Debattenr\u00e4ume gegr\u00fcndet\"}]},{\"@type\":\"WebSite\",\"@id\":\"https:\/\/now-news.de\/de\/#website\",\"url\":\"https:\/\/now-news.de\/de\/\",\"name\":\"just-now.NEWS Deutschland\",\"description\":\"Das Portal f\u00fcr unzensierte Nachrichten aus der Welt\",\"publisher\":{\"@id\":\"https:\/\/now-news.de\/de\/#organization\"},\"potentialAction\":[{\"@type\":\"SearchAction\",\"target\":{\"@type\":\"EntryPoint\",\"urlTemplate\":\"https:\/\/now-news.de\/de\/?s={search_term_string}\"},\"query-input\":\"required name=search_term_string\"}],\"inLanguage\":\"de\"},{\"@type\":\"Organization\",\"@id\":\"https:\/\/now-news.de\/de\/#organization\",\"name\":\"Just Now News\",\"url\":\"https:\/\/now-news.de\/de\/\",\"logo\":{\"@type\":\"ImageObject\",\"inLanguage\":\"de\",\"@id\":\"https:\/\/now-news.de\/de\/#\/schema\/logo\/image\/\",\"url\":\"http:\/\/just-now.news\/de\/wp-content\/uploads\/sites\/3\/2022\/04\/logo500x500.jpg\",\"contentUrl\":\"http:\/\/just-now.news\/de\/wp-content\/uploads\/sites\/3\/2022\/04\/logo500x500.jpg\",\"width\":500,\"height\":500,\"caption\":\"Just Now News\"},\"image\":{\"@id\":\"https:\/\/now-news.de\/de\/#\/schema\/logo\/image\/\"},\"sameAs\":[\"https:\/\/www.facebook.com\/wirmachenauf\",\"https:\/\/x.com\/WirMachenAuf_de\"]},{\"@type\":\"Person\",\"@id\":\"https:\/\/now-news.de\/de\/#\/schema\/person\/fb534a4e865501d8b3285208df34a9b5\",\"name\":\"rtnews\",\"image\":{\"@type\":\"ImageObject\",\"inLanguage\":\"de\",\"@id\":\"https:\/\/now-news.de\/de\/#\/schema\/person\/image\/\",\"url\":\"https:\/\/secure.gravatar.com\/avatar\/82aafea7d8127119dd649515f56e2117?s=96&d=mm&r=g\",\"contentUrl\":\"https:\/\/secure.gravatar.com\/avatar\/82aafea7d8127119dd649515f56e2117?s=96&d=mm&r=g\",\"caption\":\"rtnews\"},\"url\":\"https:\/\/now-news.de\/de\/author\/rnews\/\"}]}<\/script>\n<!-- \/ Yoast SEO Premium plugin. -->","yoast_head_json":{"title":"&quot;Meinungsfreiheit verteidigen!&quot; \u2013 Initiative gegen Verengung der Debattenr\u00e4ume gegr\u00fcndet - just-now.NEWS Deutschland","robots":{"index":"index","follow":"follow","max-snippet":"max-snippet:-1","max-image-preview":"max-image-preview:large","max-video-preview":"max-video-preview:-1"},"canonical":"https:\/\/now-news.de\/de\/deutschland\/meinungsfreiheit-verteidigen-initiative-gegen-verengung-der-debattenraeume-gegruendet\/","og_locale":"de_DE","og_type":"article","og_title":"&quot;Meinungsfreiheit verteidigen!&quot; \u2013 Initiative gegen Verengung der Debattenr\u00e4ume gegr\u00fcndet","og_description":"Die Meinungsfreiheit, garantiert durch Artikel 5 des Grundgesetzes, ist in den vergangenen Jahren unter Druck, ja in Gefahr geraten. Eine Initiative wendet sich nun gegen die zunehmenden Einschr\u00e4nkungen dieses Grundrechts, das f\u00fcr eine Demokratie unverzichtbar ist. Mitte M\u00e4rz 2023 hat eine private Initiative, die sich um die Berliner Friedensaktivistin Laura von Wimmersperg und den Rechtsanwalt [&hellip;]","og_url":"https:\/\/now-news.de\/de\/deutschland\/meinungsfreiheit-verteidigen-initiative-gegen-verengung-der-debattenraeume-gegruendet\/","og_site_name":"just-now.NEWS Deutschland","article_publisher":"https:\/\/www.facebook.com\/wirmachenauf","article_published_time":"2023-03-22T07:27:35+00:00","og_image":[{"width":460,"height":259,"url":"https:\/\/now-news.de\/de\/wp-content\/uploads\/sites\/3\/2023\/03\/quotMeinungsfreiheit-verteidigenquot-\u2013-Initiative-gegen-Verengung-der-Debattenraeume-gegruendet.jpg","type":"image\/jpeg"}],"author":"rtnews","twitter_card":"summary_large_image","twitter_creator":"@WirMachenAuf_de","twitter_site":"@WirMachenAuf_de","twitter_misc":{"Verfasst von":"rtnews","Gesch\u00e4tzte Lesezeit":"6\u00a0Minuten"},"schema":{"@context":"https:\/\/schema.org","@graph":[{"@type":"Article","@id":"https:\/\/now-news.de\/de\/deutschland\/meinungsfreiheit-verteidigen-initiative-gegen-verengung-der-debattenraeume-gegruendet\/#article","isPartOf":{"@id":"https:\/\/now-news.de\/de\/deutschland\/meinungsfreiheit-verteidigen-initiative-gegen-verengung-der-debattenraeume-gegruendet\/"},"author":{"name":"rtnews","@id":"https:\/\/now-news.de\/de\/#\/schema\/person\/fb534a4e865501d8b3285208df34a9b5"},"headline":"&quot;Meinungsfreiheit verteidigen!&quot; \u2013 Initiative gegen Verengung der Debattenr\u00e4ume gegr\u00fcndet","datePublished":"2023-03-22T07:27:35+00:00","dateModified":"2023-03-22T07:27:35+00:00","mainEntityOfPage":{"@id":"https:\/\/now-news.de\/de\/deutschland\/meinungsfreiheit-verteidigen-initiative-gegen-verengung-der-debattenraeume-gegruendet\/"},"wordCount":1206,"commentCount":0,"publisher":{"@id":"https:\/\/now-news.de\/de\/#organization"},"image":{"@id":"https:\/\/now-news.de\/de\/deutschland\/meinungsfreiheit-verteidigen-initiative-gegen-verengung-der-debattenraeume-gegruendet\/#primaryimage"},"thumbnailUrl":"https:\/\/now-news.de\/de\/wp-content\/uploads\/sites\/3\/2023\/03\/quotMeinungsfreiheit-verteidigenquot-\u2013-Initiative-gegen-Verengung-der-Debattenraeume-gegruendet.jpg","keywords":["Debattenr\u00e4ume","der","gegen","gegr\u00fcndet","Initiative","quotMeinungsfreiheit","Verengung","verteidigenquot"],"articleSection":["Deutschland","Russland"],"inLanguage":"de","potentialAction":[{"@type":"CommentAction","name":"Comment","target":["https:\/\/now-news.de\/de\/deutschland\/meinungsfreiheit-verteidigen-initiative-gegen-verengung-der-debattenraeume-gegruendet\/#respond"]}]},{"@type":"WebPage","@id":"https:\/\/now-news.de\/de\/deutschland\/meinungsfreiheit-verteidigen-initiative-gegen-verengung-der-debattenraeume-gegruendet\/","url":"https:\/\/now-news.de\/de\/deutschland\/meinungsfreiheit-verteidigen-initiative-gegen-verengung-der-debattenraeume-gegruendet\/","name":"&quot;Meinungsfreiheit verteidigen!&quot; \u2013 Initiative gegen Verengung der Debattenr\u00e4ume gegr\u00fcndet - just-now.NEWS Deutschland","isPartOf":{"@id":"https:\/\/now-news.de\/de\/#website"},"primaryImageOfPage":{"@id":"https:\/\/now-news.de\/de\/deutschland\/meinungsfreiheit-verteidigen-initiative-gegen-verengung-der-debattenraeume-gegruendet\/#primaryimage"},"image":{"@id":"https:\/\/now-news.de\/de\/deutschland\/meinungsfreiheit-verteidigen-initiative-gegen-verengung-der-debattenraeume-gegruendet\/#primaryimage"},"thumbnailUrl":"https:\/\/now-news.de\/de\/wp-content\/uploads\/sites\/3\/2023\/03\/quotMeinungsfreiheit-verteidigenquot-\u2013-Initiative-gegen-Verengung-der-Debattenraeume-gegruendet.jpg","datePublished":"2023-03-22T07:27:35+00:00","dateModified":"2023-03-22T07:27:35+00:00","breadcrumb":{"@id":"https:\/\/now-news.de\/de\/deutschland\/meinungsfreiheit-verteidigen-initiative-gegen-verengung-der-debattenraeume-gegruendet\/#breadcrumb"},"inLanguage":"de","potentialAction":[{"@type":"ReadAction","target":["https:\/\/now-news.de\/de\/deutschland\/meinungsfreiheit-verteidigen-initiative-gegen-verengung-der-debattenraeume-gegruendet\/"]}]},{"@type":"ImageObject","inLanguage":"de","@id":"https:\/\/now-news.de\/de\/deutschland\/meinungsfreiheit-verteidigen-initiative-gegen-verengung-der-debattenraeume-gegruendet\/#primaryimage","url":"https:\/\/now-news.de\/de\/wp-content\/uploads\/sites\/3\/2023\/03\/quotMeinungsfreiheit-verteidigenquot-\u2013-Initiative-gegen-Verengung-der-Debattenraeume-gegruendet.jpg","contentUrl":"https:\/\/now-news.de\/de\/wp-content\/uploads\/sites\/3\/2023\/03\/quotMeinungsfreiheit-verteidigenquot-\u2013-Initiative-gegen-Verengung-der-Debattenraeume-gegruendet.jpg","width":460,"height":259,"caption":"&quot;Meinungsfreiheit verteidigen!&quot; \u2013 Initiative gegen Verengung der Debattenr\u00e4ume gegr\u00fcndet"},{"@type":"BreadcrumbList","@id":"https:\/\/now-news.de\/de\/deutschland\/meinungsfreiheit-verteidigen-initiative-gegen-verengung-der-debattenraeume-gegruendet\/#breadcrumb","itemListElement":[{"@type":"ListItem","position":1,"name":"Home","item":"https:\/\/now-news.de\/de\/"},{"@type":"ListItem","position":2,"name":"&quot;Meinungsfreiheit verteidigen!&quot; \u2013 Initiative gegen Verengung der Debattenr\u00e4ume gegr\u00fcndet"}]},{"@type":"WebSite","@id":"https:\/\/now-news.de\/de\/#website","url":"https:\/\/now-news.de\/de\/","name":"just-now.NEWS Deutschland","description":"Das Portal f\u00fcr unzensierte Nachrichten aus der Welt","publisher":{"@id":"https:\/\/now-news.de\/de\/#organization"},"potentialAction":[{"@type":"SearchAction","target":{"@type":"EntryPoint","urlTemplate":"https:\/\/now-news.de\/de\/?s={search_term_string}"},"query-input":"required name=search_term_string"}],"inLanguage":"de"},{"@type":"Organization","@id":"https:\/\/now-news.de\/de\/#organization","name":"Just Now News","url":"https:\/\/now-news.de\/de\/","logo":{"@type":"ImageObject","inLanguage":"de","@id":"https:\/\/now-news.de\/de\/#\/schema\/logo\/image\/","url":"http:\/\/just-now.news\/de\/wp-content\/uploads\/sites\/3\/2022\/04\/logo500x500.jpg","contentUrl":"http:\/\/just-now.news\/de\/wp-content\/uploads\/sites\/3\/2022\/04\/logo500x500.jpg","width":500,"height":500,"caption":"Just Now News"},"image":{"@id":"https:\/\/now-news.de\/de\/#\/schema\/logo\/image\/"},"sameAs":["https:\/\/www.facebook.com\/wirmachenauf","https:\/\/x.com\/WirMachenAuf_de"]},{"@type":"Person","@id":"https:\/\/now-news.de\/de\/#\/schema\/person\/fb534a4e865501d8b3285208df34a9b5","name":"rtnews","image":{"@type":"ImageObject","inLanguage":"de","@id":"https:\/\/now-news.de\/de\/#\/schema\/person\/image\/","url":"https:\/\/secure.gravatar.com\/avatar\/82aafea7d8127119dd649515f56e2117?s=96&d=mm&r=g","contentUrl":"https:\/\/secure.gravatar.com\/avatar\/82aafea7d8127119dd649515f56e2117?s=96&d=mm&r=g","caption":"rtnews"},"url":"https:\/\/now-news.de\/de\/author\/rnews\/"}]}},"_links":{"self":[{"href":"https:\/\/now-news.de\/de\/wp-json\/wp\/v2\/posts\/32757"}],"collection":[{"href":"https:\/\/now-news.de\/de\/wp-json\/wp\/v2\/posts"}],"about":[{"href":"https:\/\/now-news.de\/de\/wp-json\/wp\/v2\/types\/post"}],"author":[{"embeddable":true,"href":"https:\/\/now-news.de\/de\/wp-json\/wp\/v2\/users\/3"}],"replies":[{"embeddable":true,"href":"https:\/\/now-news.de\/de\/wp-json\/wp\/v2\/comments?post=32757"}],"version-history":[{"count":0,"href":"https:\/\/now-news.de\/de\/wp-json\/wp\/v2\/posts\/32757\/revisions"}],"wp:featuredmedia":[{"embeddable":true,"href":"https:\/\/now-news.de\/de\/wp-json\/wp\/v2\/media\/32758"}],"wp:attachment":[{"href":"https:\/\/now-news.de\/de\/wp-json\/wp\/v2\/media?parent=32757"}],"wp:term":[{"taxonomy":"category","embeddable":true,"href":"https:\/\/now-news.de\/de\/wp-json\/wp\/v2\/categories?post=32757"},{"taxonomy":"post_tag","embeddable":true,"href":"https:\/\/now-news.de\/de\/wp-json\/wp\/v2\/tags?post=32757"}],"curies":[{"name":"wp","href":"https:\/\/api.w.org\/{rel}","templated":true}]}}