{"id":32729,"date":"2023-03-21T21:02:44","date_gmt":"2023-03-21T19:02:44","guid":{"rendered":"http:\/\/just-now.news\/de\/deutschland\/nachnamen-meshing-kreativ-oder-gruene-spleen-idee\/"},"modified":"2023-03-21T21:02:44","modified_gmt":"2023-03-21T19:02:44","slug":"nachnamen-meshing-kreativ-oder-gruene-spleen-idee","status":"publish","type":"post","link":"https:\/\/now-news.de\/de\/deutschland\/nachnamen-meshing-kreativ-oder-gruene-spleen-idee\/","title":{"rendered":"&quot;Nachnamen-Meshing&quot; \u2013 kreativ oder gr\u00fcne Spleen-Idee?"},"content":{"rendered":"<p><img decoding=\"async\" src=\"http:\/\/just-now.news\/de\/wp-content\/uploads\/sites\/3\/2023\/03\/6419a75448fbef298100a497.jpg\" \/><\/p>\n<div class=\"Text-root Text-type_1 \">\n                Muss das sein? Bundesjustizminister Buschmann plant das deutsche Namensrecht zu modifizieren. Ein Gr\u00fcnen-Politiker empfiehlt umgehend eine f\u00fcr die Partei symptomatische erweiterte Gesetzesvariante.\n            <\/div>\n<p><\/p>\n<div class=\"Text-root Text-type_5 ArticleView-text ViewText-root \">\n<p>Der eher unbekannte <a rel=\"nofollow noopener\" target=\"_blank\" href=\"https:\/\/www.mirror.co.uk\/news\/uk-news\/more-married-couples-looking-meshing-25020830\">Nischentrend<\/a> des\u00a0Nachnamen-Meshings bei frischverm\u00e4hlten Paaren in Gro\u00dfbritannien und den USA, erf\u00e4hrt im Rahmen der von\u00a0Justizminister Buschmann (FDP) j\u00fcngst <a rel=\"nofollow noopener\" target=\"_blank\" href=\"https:\/\/www.zdf.de\/nachrichten\/politik\/namensrecht-reform-buschmann-justizminister-100.html\">angek\u00fcndigten<\/a> &#8220;Reform des Namensrechts&#8221; zarte Bl\u00fcten der Aufmerksamkeit, dabei wenig \u00fcberraschend ausgehend von einer Initiative der Partei B\u00fcndnis 90\/Die Gr\u00fcnen.<\/p>\n<p>Bei der Wahl des Nachnamens sollen Deutsche zuk\u00fcnftig nach den Vorstellungen des Bundesjustizministers\u00a0&#8220;mehr Entscheidungsspielraum&#8221; erhalten. So sei es laut Buschmann &#8220;h\u00f6chste Zeit, Eheleuten zu erm\u00f6glichen, ihre Verbundenheit durch einen gemeinsamen Doppelnamen zum Ausdruck zu bringen&#8221;. Bei einem vorliegenden Wunsch, der Frage m\u00f6glicher Doppelnamen,\u00a0sei dabei geltendes Recht &#8220;viel zu restriktiv&#8221; und sollte durch eine Gesetzes\u00e4nderung erm\u00f6glichen, dass Ehepaare &#8220;einen gemeinsamen Doppelnamen&#8221; tragen d\u00fcrfen.\u00a0Bisher ist das lediglich f\u00fcr eine Seite erlaubt.\u00a0<\/p>\n<p>Des Weiteren k\u00f6nnen\u00a0Scheidungskinder bis dato ihren Namen nicht \u00e4ndern, auch diese Regelung soll \u00fcberarbeitet werden.<\/p>\n<p>Erg\u00e4nzend, genauer gesagt dem gr\u00fcnen Zeitgeist permanenter Neubewertungen gesellschaftlicher Ordnungen\u00a0entsprechend, hat jetzt der\u00a0rechtspolitische Sprecher der Gr\u00fcnen-Bundestagsfraktion, Helge Limburg, den Gedanken erweitert. So lautet Limburgs Vorstellung diesbez\u00fcglich, ver\u00f6ffentlicht in einem <a rel=\"nofollow noopener\" target=\"_blank\" href=\"https:\/\/www.welt.de\/politik\/deutschland\/plus244395132\/Hochzeiten-Scheidungskinder-Jetzt-knoepft-sich-die-Ampel-Regierung-das-Namensrecht-vor.html?icid=search.product.onsitesearch\">Artikel<\/a> der <em>Welt<\/em>:<\/p>\n<blockquote>\n<p><em>&#8220;Eine Verschmelzung von Nachnamen anstelle von Doppelnamen mit Bindestrich f\u00e4nde ich eine erfrischende Neuerung und damit sehr charmant.&#8221;<\/em><\/p>\n<\/blockquote>\n<p>Diese Form der &#8220;Namensverschmelzung&#8221; nennt sich im Englischen &#8220;Meshing&#8221;, also das Mixen von Nachnamen. <a rel=\"nofollow noopener\" target=\"_blank\" href=\"https:\/\/www.stuttgarter-zeitung.de\/inhalt.nachnamen-meshing-kreative-paare-mixen-jetzt-ihre-namen.09024d10-cefe-4052-86e0-33469ee93965.html\">Beispiele<\/a> k\u00f6nnten dabei lauten, aus\u00a0Frau Meerbusch und Herr Wisam bildet sich der neue Ehe- und Familiennamen &#8220;Meersam&#8221; oder &#8220;Wibusch&#8221;. Dazu wird im <em>Welt<\/em>-Artikel erl\u00e4utert:<\/p>\n<blockquote>\n<p><em>&#8220;Heiratet\u00a0ein Herr James seine Partnerin Harrison, k\u00f6nnten sie den gemeinsamen Namen Jamison tragen.&#8221;\u00a0<\/em><\/p>\n<\/blockquote>\n<p>Beim britischen &#8220;Meshing&#8221; m\u00fcssen die Paare nicht unbedingt verheiratet sein, um den gleichen Namen tragen zu d\u00fcrfen. Generell stellt es in Gro\u00dfbritannien kein Problem dar, seinen Namen \u00e4ndern zu lassen. Ein dementsprechender Beh\u00f6rdenantrag macht die Namens\u00e4nderung unkompliziert m\u00f6glich. In Deutschland, bekannt und gef\u00fcrchtet f\u00fcr seine unnachgiebige B\u00fcrokratie, schaut es dabei anders aus.<\/p>\n<p>Die SPD-Politikerin Eichwede zeige sich laut dem\u00a0<em>Welt<\/em>-Artikel generell bereit, &#8220;im Rahmen der Anh\u00f6rung mit den Expertinnen und Experten auch \u00fcber &#8220;weiterreichende Flexibilisierungen&#8221;\u00a0zu diskutieren&#8221;. Demgegen\u00fcber erfolgte aus der FDP &#8220;scharfer Widerspruch&#8221; auf die Vorstellungen des\u00a0rechtspolitischen Sprechers der Gr\u00fcnen-Bundestagsfraktion:<\/p>\n<blockquote>\n<p><em>&#8220;Anders als die Erm\u00f6glichung von Doppelnamen ist das Verschmelzen von zwei Nachnamen nicht nur unserem Namensrecht v\u00f6llig fremd, auch besteht in der Bev\u00f6lkerung kein ernsthafter Wunsch einer solchen Namenskombination, die sich von den Grunds\u00e4tzen unseres Namensrechts entfernt.&#8221;<\/em><\/p>\n<\/blockquote>\n<p>Es\u00a0sei daher unwahrscheinlich, dass &#8220;sich die Gr\u00fcnen mit ihrem ungew\u00f6hnlichen Wunsch durchsetzen werden&#8221;, so die Einsch\u00e4tzung der rechtspolitischen Sprecherin der FDP, Katrin Helling-Plahr.<\/p>\n<div class=\"EmbedBlock-root EmbedBlock-twitter\">\n<div class=\"TwitterEmbed\">\n<blockquote class=\"twitter-tweet lazyload\" data-twitter=\"twitter-tweet\">\n<p lang=\"de\" dir=\"ltr\">Hei\u00dft: Herr Schmitz und Frau M\u00fcller k\u00f6nnten dann nach Eheschlie\u00dfung beide M\u00fcller-Schmitz hei\u00dfen und diesen Namen an gemeinsame Kinder weitergeben. <a rel=\"nofollow noopener\" target=\"_blank\" href=\"https:\/\/twitter.com\/hashtag\/Namensrecht?src=hash&amp;ref_src=twsrc%5Etfw\">#Namensrecht<\/a><a rel=\"nofollow noopener\" target=\"_blank\" href=\"https:\/\/twitter.com\/hashtag\/Buschmann?src=hash&amp;ref_src=twsrc%5Etfw\">#Buschmann<\/a><a rel=\"nofollow noopener\" target=\"_blank\" href=\"https:\/\/t.co\/gBGRRpvnoZ\">pic.twitter.com\/gBGRRpvnoZ<\/a><\/p>\n<p>\u2014 rbb|24 (@rbb24) <a rel=\"nofollow noopener\" target=\"_blank\" href=\"https:\/\/twitter.com\/rbb24\/status\/1637700571992866816?ref_src=twsrc%5Etfw\">March 20, 2023<\/a><\/p><\/blockquote>\n<\/div>\n<\/div>\n<p><strong>Mehr zum Thema <\/strong>\u2013<strong><\/strong><a rel=\"nofollow noopener\" target=\"_blank\" href=\"https:\/\/pressefreiheit.rtde.tech\/meinung\/165786-great-reset-kanzlers\/\">Wirtschaftspolitische Transformation &#8211; Der &#8220;Great Reset&#8221; des Kanzlers Scholz<\/a><\/p>\n<\/div>\n<p><script async src=\"https:\/\/platform.twitter.com\/widgets.js\" charset=\"utf-8\"><\/script><br \/>\n<br \/><br \/>\n<br \/><a href=\"https:\/\/de.rt.com\/inland\/165898-buschmanns-reform-namensrechts-nachnamen-meshing\/\">Source link <\/a><\/p>\n","protected":false},"excerpt":{"rendered":"<p>Muss das sein? Bundesjustizminister Buschmann plant das deutsche Namensrecht zu modifizieren. Ein Gr\u00fcnen-Politiker empfiehlt umgehend eine f\u00fcr die Partei symptomatische erweiterte Gesetzesvariante. Der eher unbekannte Nischentrend des\u00a0Nachnamen-Meshings bei frischverm\u00e4hlten Paaren in Gro\u00dfbritannien und den USA, erf\u00e4hrt im Rahmen der von\u00a0Justizminister Buschmann (FDP) j\u00fcngst angek\u00fcndigten &#8220;Reform des Namensrechts&#8221; zarte Bl\u00fcten der Aufmerksamkeit, dabei wenig \u00fcberraschend ausgehend [&hellip;]<\/p>\n","protected":false},"author":3,"featured_media":32730,"comment_status":"open","ping_status":"open","sticky":false,"template":"","format":"standard","meta":{"_yoast_indexnow_last_ping":["1679425855"],"wp_automatic_camp":["217"],"1d8f9113e1d417bd81a897f094a1a52a":["&quot;Nachnamen-Meshing&quot; \u2013 kreativ oder gr\u00fcne Spleen-Idee?"],"original_link":["https:\/\/de.rt.com\/inland\/165898-buschmanns-reform-namensrechts-nachnamen-meshing\/"],"_thumbnail_id":["32730"],"_wptgpro_p2tg_sent2tg":["a:1:{i:23737;s:19:\"2023-03-21 21:12:13\";}"],"jnews_social_counter_last_update":["1777428938"]},"categories":[19,23],"tags":[1434,36839,268,42276,42277],"yoast_head":"<!-- This site is optimized with the Yoast SEO Premium plugin v22.7 (Yoast SEO v22.7) - https:\/\/yoast.com\/wordpress\/plugins\/seo\/ -->\n<title>&quot;Nachnamen-Meshing&quot; \u2013 kreativ oder gr\u00fcne Spleen-Idee? - just-now.NEWS Deutschland<\/title>\n<meta name=\"robots\" content=\"index, follow, max-snippet:-1, max-image-preview:large, max-video-preview:-1\" \/>\n<link rel=\"canonical\" href=\"https:\/\/now-news.de\/de\/deutschland\/nachnamen-meshing-kreativ-oder-gruene-spleen-idee\/\" \/>\n<meta property=\"og:locale\" content=\"de_DE\" \/>\n<meta property=\"og:type\" content=\"article\" \/>\n<meta property=\"og:title\" content=\"&quot;Nachnamen-Meshing&quot; \u2013 kreativ oder gr\u00fcne Spleen-Idee?\" \/>\n<meta property=\"og:description\" content=\"Muss das sein? Bundesjustizminister Buschmann plant das deutsche Namensrecht zu modifizieren. Ein Gr\u00fcnen-Politiker empfiehlt umgehend eine f\u00fcr die Partei symptomatische erweiterte Gesetzesvariante. Der eher unbekannte Nischentrend des\u00a0Nachnamen-Meshings bei frischverm\u00e4hlten Paaren in Gro\u00dfbritannien und den USA, erf\u00e4hrt im Rahmen der von\u00a0Justizminister Buschmann (FDP) j\u00fcngst angek\u00fcndigten &#8220;Reform des Namensrechts&#8221; zarte Bl\u00fcten der Aufmerksamkeit, dabei wenig \u00fcberraschend ausgehend [&hellip;]\" \/>\n<meta property=\"og:url\" content=\"https:\/\/now-news.de\/de\/deutschland\/nachnamen-meshing-kreativ-oder-gruene-spleen-idee\/\" \/>\n<meta property=\"og:site_name\" content=\"just-now.NEWS Deutschland\" \/>\n<meta property=\"article:publisher\" content=\"https:\/\/www.facebook.com\/wirmachenauf\" \/>\n<meta property=\"article:published_time\" content=\"2023-03-21T19:02:44+00:00\" \/>\n<meta property=\"og:image\" content=\"https:\/\/now-news.de\/de\/wp-content\/uploads\/sites\/3\/2023\/03\/quotNachnamen-Meshingquot-\u2013-kreativ-oder-gruene-Spleen-Idee.jpg\" \/>\n\t<meta property=\"og:image:width\" content=\"460\" \/>\n\t<meta property=\"og:image:height\" content=\"259\" \/>\n\t<meta property=\"og:image:type\" content=\"image\/jpeg\" \/>\n<meta name=\"author\" content=\"rtnews\" \/>\n<meta name=\"twitter:card\" content=\"summary_large_image\" \/>\n<meta name=\"twitter:creator\" content=\"@WirMachenAuf_de\" \/>\n<meta name=\"twitter:site\" content=\"@WirMachenAuf_de\" \/>\n<meta name=\"twitter:label1\" content=\"Verfasst von\" \/>\n\t<meta name=\"twitter:data1\" content=\"rtnews\" \/>\n\t<meta name=\"twitter:label2\" content=\"Gesch\u00e4tzte Lesezeit\" \/>\n\t<meta name=\"twitter:data2\" content=\"3\u00a0Minuten\" \/>\n<script type=\"application\/ld+json\" class=\"yoast-schema-graph\">{\"@context\":\"https:\/\/schema.org\",\"@graph\":[{\"@type\":\"Article\",\"@id\":\"https:\/\/now-news.de\/de\/deutschland\/nachnamen-meshing-kreativ-oder-gruene-spleen-idee\/#article\",\"isPartOf\":{\"@id\":\"https:\/\/now-news.de\/de\/deutschland\/nachnamen-meshing-kreativ-oder-gruene-spleen-idee\/\"},\"author\":{\"name\":\"rtnews\",\"@id\":\"https:\/\/now-news.de\/de\/#\/schema\/person\/fb534a4e865501d8b3285208df34a9b5\"},\"headline\":\"&quot;Nachnamen-Meshing&quot; \u2013 kreativ oder gr\u00fcne Spleen-Idee?\",\"datePublished\":\"2023-03-21T19:02:44+00:00\",\"dateModified\":\"2023-03-21T19:02:44+00:00\",\"mainEntityOfPage\":{\"@id\":\"https:\/\/now-news.de\/de\/deutschland\/nachnamen-meshing-kreativ-oder-gruene-spleen-idee\/\"},\"wordCount\":516,\"commentCount\":0,\"publisher\":{\"@id\":\"https:\/\/now-news.de\/de\/#organization\"},\"image\":{\"@id\":\"https:\/\/now-news.de\/de\/deutschland\/nachnamen-meshing-kreativ-oder-gruene-spleen-idee\/#primaryimage\"},\"thumbnailUrl\":\"https:\/\/now-news.de\/de\/wp-content\/uploads\/sites\/3\/2023\/03\/quotNachnamen-Meshingquot-\u2013-kreativ-oder-gruene-Spleen-Idee.jpg\",\"keywords\":[\"Gr\u00fcne\",\"kreativ\",\"oder\",\"quotNachnamenMeshingquot\",\"SpleenIdee\"],\"articleSection\":[\"Deutschland\",\"Russland\"],\"inLanguage\":\"de\",\"potentialAction\":[{\"@type\":\"CommentAction\",\"name\":\"Comment\",\"target\":[\"https:\/\/now-news.de\/de\/deutschland\/nachnamen-meshing-kreativ-oder-gruene-spleen-idee\/#respond\"]}]},{\"@type\":\"WebPage\",\"@id\":\"https:\/\/now-news.de\/de\/deutschland\/nachnamen-meshing-kreativ-oder-gruene-spleen-idee\/\",\"url\":\"https:\/\/now-news.de\/de\/deutschland\/nachnamen-meshing-kreativ-oder-gruene-spleen-idee\/\",\"name\":\"&quot;Nachnamen-Meshing&quot; \u2013 kreativ oder gr\u00fcne Spleen-Idee? - just-now.NEWS Deutschland\",\"isPartOf\":{\"@id\":\"https:\/\/now-news.de\/de\/#website\"},\"primaryImageOfPage\":{\"@id\":\"https:\/\/now-news.de\/de\/deutschland\/nachnamen-meshing-kreativ-oder-gruene-spleen-idee\/#primaryimage\"},\"image\":{\"@id\":\"https:\/\/now-news.de\/de\/deutschland\/nachnamen-meshing-kreativ-oder-gruene-spleen-idee\/#primaryimage\"},\"thumbnailUrl\":\"https:\/\/now-news.de\/de\/wp-content\/uploads\/sites\/3\/2023\/03\/quotNachnamen-Meshingquot-\u2013-kreativ-oder-gruene-Spleen-Idee.jpg\",\"datePublished\":\"2023-03-21T19:02:44+00:00\",\"dateModified\":\"2023-03-21T19:02:44+00:00\",\"breadcrumb\":{\"@id\":\"https:\/\/now-news.de\/de\/deutschland\/nachnamen-meshing-kreativ-oder-gruene-spleen-idee\/#breadcrumb\"},\"inLanguage\":\"de\",\"potentialAction\":[{\"@type\":\"ReadAction\",\"target\":[\"https:\/\/now-news.de\/de\/deutschland\/nachnamen-meshing-kreativ-oder-gruene-spleen-idee\/\"]}]},{\"@type\":\"ImageObject\",\"inLanguage\":\"de\",\"@id\":\"https:\/\/now-news.de\/de\/deutschland\/nachnamen-meshing-kreativ-oder-gruene-spleen-idee\/#primaryimage\",\"url\":\"https:\/\/now-news.de\/de\/wp-content\/uploads\/sites\/3\/2023\/03\/quotNachnamen-Meshingquot-\u2013-kreativ-oder-gruene-Spleen-Idee.jpg\",\"contentUrl\":\"https:\/\/now-news.de\/de\/wp-content\/uploads\/sites\/3\/2023\/03\/quotNachnamen-Meshingquot-\u2013-kreativ-oder-gruene-Spleen-Idee.jpg\",\"width\":460,\"height\":259,\"caption\":\"&quot;Nachnamen-Meshing&quot; \u2013 kreativ oder gr\u00fcne Spleen-Idee?\"},{\"@type\":\"BreadcrumbList\",\"@id\":\"https:\/\/now-news.de\/de\/deutschland\/nachnamen-meshing-kreativ-oder-gruene-spleen-idee\/#breadcrumb\",\"itemListElement\":[{\"@type\":\"ListItem\",\"position\":1,\"name\":\"Home\",\"item\":\"https:\/\/now-news.de\/de\/\"},{\"@type\":\"ListItem\",\"position\":2,\"name\":\"&quot;Nachnamen-Meshing&quot; \u2013 kreativ oder gr\u00fcne Spleen-Idee?\"}]},{\"@type\":\"WebSite\",\"@id\":\"https:\/\/now-news.de\/de\/#website\",\"url\":\"https:\/\/now-news.de\/de\/\",\"name\":\"just-now.NEWS Deutschland\",\"description\":\"Das Portal f\u00fcr unzensierte Nachrichten aus der Welt\",\"publisher\":{\"@id\":\"https:\/\/now-news.de\/de\/#organization\"},\"potentialAction\":[{\"@type\":\"SearchAction\",\"target\":{\"@type\":\"EntryPoint\",\"urlTemplate\":\"https:\/\/now-news.de\/de\/?s={search_term_string}\"},\"query-input\":\"required name=search_term_string\"}],\"inLanguage\":\"de\"},{\"@type\":\"Organization\",\"@id\":\"https:\/\/now-news.de\/de\/#organization\",\"name\":\"Just Now News\",\"url\":\"https:\/\/now-news.de\/de\/\",\"logo\":{\"@type\":\"ImageObject\",\"inLanguage\":\"de\",\"@id\":\"https:\/\/now-news.de\/de\/#\/schema\/logo\/image\/\",\"url\":\"http:\/\/just-now.news\/de\/wp-content\/uploads\/sites\/3\/2022\/04\/logo500x500.jpg\",\"contentUrl\":\"http:\/\/just-now.news\/de\/wp-content\/uploads\/sites\/3\/2022\/04\/logo500x500.jpg\",\"width\":500,\"height\":500,\"caption\":\"Just Now News\"},\"image\":{\"@id\":\"https:\/\/now-news.de\/de\/#\/schema\/logo\/image\/\"},\"sameAs\":[\"https:\/\/www.facebook.com\/wirmachenauf\",\"https:\/\/x.com\/WirMachenAuf_de\"]},{\"@type\":\"Person\",\"@id\":\"https:\/\/now-news.de\/de\/#\/schema\/person\/fb534a4e865501d8b3285208df34a9b5\",\"name\":\"rtnews\",\"image\":{\"@type\":\"ImageObject\",\"inLanguage\":\"de\",\"@id\":\"https:\/\/now-news.de\/de\/#\/schema\/person\/image\/\",\"url\":\"https:\/\/secure.gravatar.com\/avatar\/82aafea7d8127119dd649515f56e2117?s=96&d=mm&r=g\",\"contentUrl\":\"https:\/\/secure.gravatar.com\/avatar\/82aafea7d8127119dd649515f56e2117?s=96&d=mm&r=g\",\"caption\":\"rtnews\"},\"url\":\"https:\/\/now-news.de\/de\/author\/rnews\/\"}]}<\/script>\n<!-- \/ Yoast SEO Premium plugin. -->","yoast_head_json":{"title":"&quot;Nachnamen-Meshing&quot; \u2013 kreativ oder gr\u00fcne Spleen-Idee? - just-now.NEWS Deutschland","robots":{"index":"index","follow":"follow","max-snippet":"max-snippet:-1","max-image-preview":"max-image-preview:large","max-video-preview":"max-video-preview:-1"},"canonical":"https:\/\/now-news.de\/de\/deutschland\/nachnamen-meshing-kreativ-oder-gruene-spleen-idee\/","og_locale":"de_DE","og_type":"article","og_title":"&quot;Nachnamen-Meshing&quot; \u2013 kreativ oder gr\u00fcne Spleen-Idee?","og_description":"Muss das sein? Bundesjustizminister Buschmann plant das deutsche Namensrecht zu modifizieren. Ein Gr\u00fcnen-Politiker empfiehlt umgehend eine f\u00fcr die Partei symptomatische erweiterte Gesetzesvariante. Der eher unbekannte Nischentrend des\u00a0Nachnamen-Meshings bei frischverm\u00e4hlten Paaren in Gro\u00dfbritannien und den USA, erf\u00e4hrt im Rahmen der von\u00a0Justizminister Buschmann (FDP) j\u00fcngst angek\u00fcndigten &#8220;Reform des Namensrechts&#8221; zarte Bl\u00fcten der Aufmerksamkeit, dabei wenig \u00fcberraschend ausgehend [&hellip;]","og_url":"https:\/\/now-news.de\/de\/deutschland\/nachnamen-meshing-kreativ-oder-gruene-spleen-idee\/","og_site_name":"just-now.NEWS Deutschland","article_publisher":"https:\/\/www.facebook.com\/wirmachenauf","article_published_time":"2023-03-21T19:02:44+00:00","og_image":[{"width":460,"height":259,"url":"https:\/\/now-news.de\/de\/wp-content\/uploads\/sites\/3\/2023\/03\/quotNachnamen-Meshingquot-\u2013-kreativ-oder-gruene-Spleen-Idee.jpg","type":"image\/jpeg"}],"author":"rtnews","twitter_card":"summary_large_image","twitter_creator":"@WirMachenAuf_de","twitter_site":"@WirMachenAuf_de","twitter_misc":{"Verfasst von":"rtnews","Gesch\u00e4tzte Lesezeit":"3\u00a0Minuten"},"schema":{"@context":"https:\/\/schema.org","@graph":[{"@type":"Article","@id":"https:\/\/now-news.de\/de\/deutschland\/nachnamen-meshing-kreativ-oder-gruene-spleen-idee\/#article","isPartOf":{"@id":"https:\/\/now-news.de\/de\/deutschland\/nachnamen-meshing-kreativ-oder-gruene-spleen-idee\/"},"author":{"name":"rtnews","@id":"https:\/\/now-news.de\/de\/#\/schema\/person\/fb534a4e865501d8b3285208df34a9b5"},"headline":"&quot;Nachnamen-Meshing&quot; \u2013 kreativ oder gr\u00fcne Spleen-Idee?","datePublished":"2023-03-21T19:02:44+00:00","dateModified":"2023-03-21T19:02:44+00:00","mainEntityOfPage":{"@id":"https:\/\/now-news.de\/de\/deutschland\/nachnamen-meshing-kreativ-oder-gruene-spleen-idee\/"},"wordCount":516,"commentCount":0,"publisher":{"@id":"https:\/\/now-news.de\/de\/#organization"},"image":{"@id":"https:\/\/now-news.de\/de\/deutschland\/nachnamen-meshing-kreativ-oder-gruene-spleen-idee\/#primaryimage"},"thumbnailUrl":"https:\/\/now-news.de\/de\/wp-content\/uploads\/sites\/3\/2023\/03\/quotNachnamen-Meshingquot-\u2013-kreativ-oder-gruene-Spleen-Idee.jpg","keywords":["Gr\u00fcne","kreativ","oder","quotNachnamenMeshingquot","SpleenIdee"],"articleSection":["Deutschland","Russland"],"inLanguage":"de","potentialAction":[{"@type":"CommentAction","name":"Comment","target":["https:\/\/now-news.de\/de\/deutschland\/nachnamen-meshing-kreativ-oder-gruene-spleen-idee\/#respond"]}]},{"@type":"WebPage","@id":"https:\/\/now-news.de\/de\/deutschland\/nachnamen-meshing-kreativ-oder-gruene-spleen-idee\/","url":"https:\/\/now-news.de\/de\/deutschland\/nachnamen-meshing-kreativ-oder-gruene-spleen-idee\/","name":"&quot;Nachnamen-Meshing&quot; \u2013 kreativ oder gr\u00fcne Spleen-Idee? - just-now.NEWS Deutschland","isPartOf":{"@id":"https:\/\/now-news.de\/de\/#website"},"primaryImageOfPage":{"@id":"https:\/\/now-news.de\/de\/deutschland\/nachnamen-meshing-kreativ-oder-gruene-spleen-idee\/#primaryimage"},"image":{"@id":"https:\/\/now-news.de\/de\/deutschland\/nachnamen-meshing-kreativ-oder-gruene-spleen-idee\/#primaryimage"},"thumbnailUrl":"https:\/\/now-news.de\/de\/wp-content\/uploads\/sites\/3\/2023\/03\/quotNachnamen-Meshingquot-\u2013-kreativ-oder-gruene-Spleen-Idee.jpg","datePublished":"2023-03-21T19:02:44+00:00","dateModified":"2023-03-21T19:02:44+00:00","breadcrumb":{"@id":"https:\/\/now-news.de\/de\/deutschland\/nachnamen-meshing-kreativ-oder-gruene-spleen-idee\/#breadcrumb"},"inLanguage":"de","potentialAction":[{"@type":"ReadAction","target":["https:\/\/now-news.de\/de\/deutschland\/nachnamen-meshing-kreativ-oder-gruene-spleen-idee\/"]}]},{"@type":"ImageObject","inLanguage":"de","@id":"https:\/\/now-news.de\/de\/deutschland\/nachnamen-meshing-kreativ-oder-gruene-spleen-idee\/#primaryimage","url":"https:\/\/now-news.de\/de\/wp-content\/uploads\/sites\/3\/2023\/03\/quotNachnamen-Meshingquot-\u2013-kreativ-oder-gruene-Spleen-Idee.jpg","contentUrl":"https:\/\/now-news.de\/de\/wp-content\/uploads\/sites\/3\/2023\/03\/quotNachnamen-Meshingquot-\u2013-kreativ-oder-gruene-Spleen-Idee.jpg","width":460,"height":259,"caption":"&quot;Nachnamen-Meshing&quot; \u2013 kreativ oder gr\u00fcne Spleen-Idee?"},{"@type":"BreadcrumbList","@id":"https:\/\/now-news.de\/de\/deutschland\/nachnamen-meshing-kreativ-oder-gruene-spleen-idee\/#breadcrumb","itemListElement":[{"@type":"ListItem","position":1,"name":"Home","item":"https:\/\/now-news.de\/de\/"},{"@type":"ListItem","position":2,"name":"&quot;Nachnamen-Meshing&quot; \u2013 kreativ oder gr\u00fcne Spleen-Idee?"}]},{"@type":"WebSite","@id":"https:\/\/now-news.de\/de\/#website","url":"https:\/\/now-news.de\/de\/","name":"just-now.NEWS Deutschland","description":"Das Portal f\u00fcr unzensierte Nachrichten aus der Welt","publisher":{"@id":"https:\/\/now-news.de\/de\/#organization"},"potentialAction":[{"@type":"SearchAction","target":{"@type":"EntryPoint","urlTemplate":"https:\/\/now-news.de\/de\/?s={search_term_string}"},"query-input":"required name=search_term_string"}],"inLanguage":"de"},{"@type":"Organization","@id":"https:\/\/now-news.de\/de\/#organization","name":"Just Now News","url":"https:\/\/now-news.de\/de\/","logo":{"@type":"ImageObject","inLanguage":"de","@id":"https:\/\/now-news.de\/de\/#\/schema\/logo\/image\/","url":"http:\/\/just-now.news\/de\/wp-content\/uploads\/sites\/3\/2022\/04\/logo500x500.jpg","contentUrl":"http:\/\/just-now.news\/de\/wp-content\/uploads\/sites\/3\/2022\/04\/logo500x500.jpg","width":500,"height":500,"caption":"Just Now News"},"image":{"@id":"https:\/\/now-news.de\/de\/#\/schema\/logo\/image\/"},"sameAs":["https:\/\/www.facebook.com\/wirmachenauf","https:\/\/x.com\/WirMachenAuf_de"]},{"@type":"Person","@id":"https:\/\/now-news.de\/de\/#\/schema\/person\/fb534a4e865501d8b3285208df34a9b5","name":"rtnews","image":{"@type":"ImageObject","inLanguage":"de","@id":"https:\/\/now-news.de\/de\/#\/schema\/person\/image\/","url":"https:\/\/secure.gravatar.com\/avatar\/82aafea7d8127119dd649515f56e2117?s=96&d=mm&r=g","contentUrl":"https:\/\/secure.gravatar.com\/avatar\/82aafea7d8127119dd649515f56e2117?s=96&d=mm&r=g","caption":"rtnews"},"url":"https:\/\/now-news.de\/de\/author\/rnews\/"}]}},"_links":{"self":[{"href":"https:\/\/now-news.de\/de\/wp-json\/wp\/v2\/posts\/32729"}],"collection":[{"href":"https:\/\/now-news.de\/de\/wp-json\/wp\/v2\/posts"}],"about":[{"href":"https:\/\/now-news.de\/de\/wp-json\/wp\/v2\/types\/post"}],"author":[{"embeddable":true,"href":"https:\/\/now-news.de\/de\/wp-json\/wp\/v2\/users\/3"}],"replies":[{"embeddable":true,"href":"https:\/\/now-news.de\/de\/wp-json\/wp\/v2\/comments?post=32729"}],"version-history":[{"count":0,"href":"https:\/\/now-news.de\/de\/wp-json\/wp\/v2\/posts\/32729\/revisions"}],"wp:featuredmedia":[{"embeddable":true,"href":"https:\/\/now-news.de\/de\/wp-json\/wp\/v2\/media\/32730"}],"wp:attachment":[{"href":"https:\/\/now-news.de\/de\/wp-json\/wp\/v2\/media?parent=32729"}],"wp:term":[{"taxonomy":"category","embeddable":true,"href":"https:\/\/now-news.de\/de\/wp-json\/wp\/v2\/categories?post=32729"},{"taxonomy":"post_tag","embeddable":true,"href":"https:\/\/now-news.de\/de\/wp-json\/wp\/v2\/tags?post=32729"}],"curies":[{"name":"wp","href":"https:\/\/api.w.org\/{rel}","templated":true}]}}