{"id":32649,"date":"2023-03-20T20:47:38","date_gmt":"2023-03-20T18:47:38","guid":{"rendered":"https:\/\/just-now.news\/de\/deutschland\/medwedew-putin-haftbefehl-zeigt-dass-das-voelkerrecht-zusammenbricht\/"},"modified":"2023-03-20T20:47:38","modified_gmt":"2023-03-20T18:47:38","slug":"medwedew-putin-haftbefehl-zeigt-dass-das-voelkerrecht-zusammenbricht","status":"publish","type":"post","link":"https:\/\/now-news.de\/de\/deutschland\/medwedew-putin-haftbefehl-zeigt-dass-das-voelkerrecht-zusammenbricht\/","title":{"rendered":"Medwedew: Putin-Haftbefehl zeigt, dass das V\u00f6lkerrecht zusammenbricht"},"content":{"rendered":"<p><img decoding=\"async\" src=\"http:\/\/just-now.news\/de\/wp-content\/uploads\/sites\/3\/2023\/03\/6418520cb480cc7ce253fbb4.jpg\" \/><\/p>\n<div class=\"Text-root Text-type_1 \">\n                Dass der Strafbefehl gegen den russischen Pr\u00e4sidenten \u00fcberhaupt nicht ausgef\u00fchrt werden kann, verdeutlicht laut dem ehemaligen russischen Pr\u00e4sidenten Dmitrij Medwedew die Unzul\u00e4nglichkeiten des Internationalen Strafgerichtshofs.\n            <\/div>\n<p><\/p>\n<div class=\"Text-root Text-type_5 ArticleView-text ViewText-root \">\n<p>Der Haftbefehl des Internationalen Strafgerichtshofs (IStGH) gegen den russischen Pr\u00e4sidenten Wladimir Putin sei ein Zeichen f\u00fcr den Zusammenbruch des internationalen Rechtssystems, schrieb der ehemalige Pr\u00e4sident und stellvertretende Chef des russischen Sicherheitsrats, Dmitrij Medwedew, in seinem Telegram-Kanal.<\/p>\n<p>Medwedew bezeichnete den Strafgerichtshof als &#8220;schlecht und von niemandem gewollt&#8221; und verwies auf seine schlechte Bilanz bei der Verurteilung hochrangiger Verd\u00e4chtiger. Sogar der ehemalige sudanesische Pr\u00e4sident Omar al-Bashir, der seit 2005 vom Gerichtshof gesucht wird, &#8220;spuckt auf die Anklagen und bleibt trotz eines Milit\u00e4rputsches in seiner Heimat [im Jahr 2019] unerreichbar&#8221;.<\/p>\n<p>Der gr\u00f6\u00dfte Beweis f\u00fcr die Ohnmacht des IStGH sei der gescheiterte Versuch, Kriegsverbrechen zu untersuchen, die von US-Truppen in Afghanistan und im Irak begangen wurden.\u00a0Washington habe die Untersuchung des Gerichtshofs zum Scheitern gebracht. John Bolton, der nationale Sicherheitsberater unter dem damaligen Pr\u00e4sidenten Donald Trump, meinte damals, dass &#8220;der IStGH im Grunde genommen bereits tot ist&#8221;, sodass Washington ihn &#8220;von selbst sterben&#8221; lassen werde.<\/p>\n<p><strong>Medwedew: Putin-Strafbefehl ist nur Show<\/strong><\/p>\n<p>Die Entscheidung der Vorverfahrenskammer des IStGH von letzter Woche, gegen das Staatsoberhaupt einer Atommacht vorzugehen, die sich ebenfalls weigerte, die Zust\u00e4ndigkeit des IStGH anzuerkennen, sei offensichtlich nur Show, sagte Medwedew und f\u00fcgte hinzu, dass dies nur dazu diene, das noch vorhandene Vertrauen in internationale Institutionen zu zerst\u00f6ren.<\/p>\n<p>Schon bevor der IStGH den Haftbefehl gegen Putin ausstellte, wurde das V\u00f6lkerrecht durch die pro-westliche Ausrichtung des Gerichts untergraben, die die Souver\u00e4nit\u00e4t der nicht-westlichen Staaten verletzt, so der ehemalige Pr\u00e4sident. Die Nationen ignorieren Urteile, die sie als ungerecht empfinden, und ziehen es vor, direkte Vereinbarungen untereinander zu treffen, w\u00e4hrend &#8220;dumme Entscheidungen der UN und anderer Strukturen aus den Fugen geraten&#8221;.<\/p>\n<p>Medwedew f\u00fcgte hinzu, man k\u00f6nne sich &#8220;eine Situation vorstellen&#8221;, in der das Geb\u00e4ude des IStGH in Den Haag von einer russischen Hyperschallrakete getroffen werden k\u00f6nnte.<\/p>\n<blockquote>\n<p><em>&#8220;Dieser Gerichtshof ist nur eine mickrige internationale Organisation, nicht das Volk einer NATO-Nation. Sie w\u00fcrden es nicht wagen, deswegen einen Krieg zu beginnen. Niemand w\u00fcrde das auch nur bedauern.&#8221;<\/em><\/p>\n<\/blockquote>\n<p><strong>Mehr zum Thema <\/strong>\u2013\u00a0<a rel=\"nofollow noopener\" target=\"_blank\" href=\"https:\/\/de.rt.com\/meinung\/165726-nichts-aus-irak-krieg-gelernt-die-unterwerfung-europas-unter-die-usa\/\">Nichts aus dem Irak-Krieg gelernt \u2013 Die Unterwerfung Europas unter die USA<\/a><\/p>\n<div class=\"EmbedBlock-root EmbedBlock-externalVideo EmbedBlock-odysee\">\n<div class=\"VkEmbed\"><iframe class=\"lazyload\" data-src=\"https:\/\/odysee.com\/%24\/embed\/%40RTDE%3Ae%2FBundeskanzler_Scholz_begr%C3%BC%C3%9Ft_Haftbefehl_gegen_Putin%3Af\" frameborder=\"0\" width=\"853\" height=\"480\" allowfullscreen><\/iframe><\/div>\n<\/div>\n<\/div>\n<p><br \/>\n<br \/><a href=\"https:\/\/de.rt.com\/international\/165802-medwedew-putin-haftbefehl-zeigt-dass\/\">Source link <\/a><\/p>\n","protected":false},"excerpt":{"rendered":"<p>Dass der Strafbefehl gegen den russischen Pr\u00e4sidenten \u00fcberhaupt nicht ausgef\u00fchrt werden kann, verdeutlicht laut dem ehemaligen russischen Pr\u00e4sidenten Dmitrij Medwedew die Unzul\u00e4nglichkeiten des Internationalen Strafgerichtshofs. Der Haftbefehl des Internationalen Strafgerichtshofs (IStGH) gegen den russischen Pr\u00e4sidenten Wladimir Putin sei ein Zeichen f\u00fcr den Zusammenbruch des internationalen Rechtssystems, schrieb der ehemalige Pr\u00e4sident und stellvertretende Chef des russischen [&hellip;]<\/p>\n","protected":false},"author":3,"featured_media":32650,"comment_status":"open","ping_status":"open","sticky":false,"template":"","format":"standard","meta":{"_yoast_indexnow_last_ping":["1679338133"],"wp_automatic_camp":["217"],"cad4d4f617a9e6dc8f5a07d722bdcd9f":["Medwedew: Putin-Haftbefehl zeigt, dass das V\u00f6lkerrecht zusammenbricht"],"original_link":["https:\/\/de.rt.com\/international\/165802-medwedew-putin-haftbefehl-zeigt-dass\/"],"_thumbnail_id":["32650"],"_wptgpro_p2tg_sent2tg":["a:1:{i:23737;s:19:\"2023-03-20 20:50:15\";}"],"jnews_social_counter_last_update":["1777180669"]},"categories":[19,23],"tags":[427,42,20678,42219,32275,5315,12966],"yoast_head":"<!-- This site is optimized with the Yoast SEO Premium plugin v22.7 (Yoast SEO v22.7) - https:\/\/yoast.com\/wordpress\/plugins\/seo\/ -->\n<title>Medwedew: Putin-Haftbefehl zeigt, dass das V\u00f6lkerrecht zusammenbricht - just-now.NEWS Deutschland<\/title>\n<meta name=\"robots\" content=\"index, follow, max-snippet:-1, max-image-preview:large, max-video-preview:-1\" \/>\n<link rel=\"canonical\" href=\"https:\/\/now-news.de\/de\/deutschland\/medwedew-putin-haftbefehl-zeigt-dass-das-voelkerrecht-zusammenbricht\/\" \/>\n<meta property=\"og:locale\" content=\"de_DE\" \/>\n<meta property=\"og:type\" content=\"article\" \/>\n<meta property=\"og:title\" content=\"Medwedew: Putin-Haftbefehl zeigt, dass das V\u00f6lkerrecht zusammenbricht\" \/>\n<meta property=\"og:description\" content=\"Dass der Strafbefehl gegen den russischen Pr\u00e4sidenten \u00fcberhaupt nicht ausgef\u00fchrt werden kann, verdeutlicht laut dem ehemaligen russischen Pr\u00e4sidenten Dmitrij Medwedew die Unzul\u00e4nglichkeiten des Internationalen Strafgerichtshofs. Der Haftbefehl des Internationalen Strafgerichtshofs (IStGH) gegen den russischen Pr\u00e4sidenten Wladimir Putin sei ein Zeichen f\u00fcr den Zusammenbruch des internationalen Rechtssystems, schrieb der ehemalige Pr\u00e4sident und stellvertretende Chef des russischen [&hellip;]\" \/>\n<meta property=\"og:url\" content=\"https:\/\/now-news.de\/de\/deutschland\/medwedew-putin-haftbefehl-zeigt-dass-das-voelkerrecht-zusammenbricht\/\" \/>\n<meta property=\"og:site_name\" content=\"just-now.NEWS Deutschland\" \/>\n<meta property=\"article:publisher\" content=\"https:\/\/www.facebook.com\/wirmachenauf\" \/>\n<meta property=\"article:published_time\" content=\"2023-03-20T18:47:38+00:00\" \/>\n<meta property=\"og:image\" content=\"https:\/\/now-news.de\/de\/wp-content\/uploads\/sites\/3\/2023\/03\/Medwedew-Putin-Haftbefehl-zeigt-dass-das-Voelkerrecht-zusammenbricht.jpg\" \/>\n\t<meta property=\"og:image:width\" content=\"460\" \/>\n\t<meta property=\"og:image:height\" content=\"259\" \/>\n\t<meta property=\"og:image:type\" content=\"image\/jpeg\" \/>\n<meta name=\"author\" content=\"rtnews\" \/>\n<meta name=\"twitter:card\" content=\"summary_large_image\" \/>\n<meta name=\"twitter:creator\" content=\"@WirMachenAuf_de\" \/>\n<meta name=\"twitter:site\" content=\"@WirMachenAuf_de\" \/>\n<meta name=\"twitter:label1\" content=\"Verfasst von\" \/>\n\t<meta name=\"twitter:data1\" content=\"rtnews\" \/>\n\t<meta name=\"twitter:label2\" content=\"Gesch\u00e4tzte Lesezeit\" \/>\n\t<meta name=\"twitter:data2\" content=\"2\u00a0Minuten\" \/>\n<script type=\"application\/ld+json\" class=\"yoast-schema-graph\">{\"@context\":\"https:\/\/schema.org\",\"@graph\":[{\"@type\":\"Article\",\"@id\":\"https:\/\/now-news.de\/de\/deutschland\/medwedew-putin-haftbefehl-zeigt-dass-das-voelkerrecht-zusammenbricht\/#article\",\"isPartOf\":{\"@id\":\"https:\/\/now-news.de\/de\/deutschland\/medwedew-putin-haftbefehl-zeigt-dass-das-voelkerrecht-zusammenbricht\/\"},\"author\":{\"name\":\"rtnews\",\"@id\":\"https:\/\/now-news.de\/de\/#\/schema\/person\/fb534a4e865501d8b3285208df34a9b5\"},\"headline\":\"Medwedew: Putin-Haftbefehl zeigt, dass das V\u00f6lkerrecht zusammenbricht\",\"datePublished\":\"2023-03-20T18:47:38+00:00\",\"dateModified\":\"2023-03-20T18:47:38+00:00\",\"mainEntityOfPage\":{\"@id\":\"https:\/\/now-news.de\/de\/deutschland\/medwedew-putin-haftbefehl-zeigt-dass-das-voelkerrecht-zusammenbricht\/\"},\"wordCount\":392,\"commentCount\":0,\"publisher\":{\"@id\":\"https:\/\/now-news.de\/de\/#organization\"},\"image\":{\"@id\":\"https:\/\/now-news.de\/de\/deutschland\/medwedew-putin-haftbefehl-zeigt-dass-das-voelkerrecht-zusammenbricht\/#primaryimage\"},\"thumbnailUrl\":\"https:\/\/now-news.de\/de\/wp-content\/uploads\/sites\/3\/2023\/03\/Medwedew-Putin-Haftbefehl-zeigt-dass-das-Voelkerrecht-zusammenbricht.jpg\",\"keywords\":[\"das\",\"dass\",\"Medwedew\",\"PutinHaftbefehl\",\"V\u00f6lkerrecht\",\"zeigt\",\"zusammenbricht\"],\"articleSection\":[\"Deutschland\",\"Russland\"],\"inLanguage\":\"de\",\"potentialAction\":[{\"@type\":\"CommentAction\",\"name\":\"Comment\",\"target\":[\"https:\/\/now-news.de\/de\/deutschland\/medwedew-putin-haftbefehl-zeigt-dass-das-voelkerrecht-zusammenbricht\/#respond\"]}]},{\"@type\":\"WebPage\",\"@id\":\"https:\/\/now-news.de\/de\/deutschland\/medwedew-putin-haftbefehl-zeigt-dass-das-voelkerrecht-zusammenbricht\/\",\"url\":\"https:\/\/now-news.de\/de\/deutschland\/medwedew-putin-haftbefehl-zeigt-dass-das-voelkerrecht-zusammenbricht\/\",\"name\":\"Medwedew: Putin-Haftbefehl zeigt, dass das V\u00f6lkerrecht zusammenbricht - just-now.NEWS Deutschland\",\"isPartOf\":{\"@id\":\"https:\/\/now-news.de\/de\/#website\"},\"primaryImageOfPage\":{\"@id\":\"https:\/\/now-news.de\/de\/deutschland\/medwedew-putin-haftbefehl-zeigt-dass-das-voelkerrecht-zusammenbricht\/#primaryimage\"},\"image\":{\"@id\":\"https:\/\/now-news.de\/de\/deutschland\/medwedew-putin-haftbefehl-zeigt-dass-das-voelkerrecht-zusammenbricht\/#primaryimage\"},\"thumbnailUrl\":\"https:\/\/now-news.de\/de\/wp-content\/uploads\/sites\/3\/2023\/03\/Medwedew-Putin-Haftbefehl-zeigt-dass-das-Voelkerrecht-zusammenbricht.jpg\",\"datePublished\":\"2023-03-20T18:47:38+00:00\",\"dateModified\":\"2023-03-20T18:47:38+00:00\",\"breadcrumb\":{\"@id\":\"https:\/\/now-news.de\/de\/deutschland\/medwedew-putin-haftbefehl-zeigt-dass-das-voelkerrecht-zusammenbricht\/#breadcrumb\"},\"inLanguage\":\"de\",\"potentialAction\":[{\"@type\":\"ReadAction\",\"target\":[\"https:\/\/now-news.de\/de\/deutschland\/medwedew-putin-haftbefehl-zeigt-dass-das-voelkerrecht-zusammenbricht\/\"]}]},{\"@type\":\"ImageObject\",\"inLanguage\":\"de\",\"@id\":\"https:\/\/now-news.de\/de\/deutschland\/medwedew-putin-haftbefehl-zeigt-dass-das-voelkerrecht-zusammenbricht\/#primaryimage\",\"url\":\"https:\/\/now-news.de\/de\/wp-content\/uploads\/sites\/3\/2023\/03\/Medwedew-Putin-Haftbefehl-zeigt-dass-das-Voelkerrecht-zusammenbricht.jpg\",\"contentUrl\":\"https:\/\/now-news.de\/de\/wp-content\/uploads\/sites\/3\/2023\/03\/Medwedew-Putin-Haftbefehl-zeigt-dass-das-Voelkerrecht-zusammenbricht.jpg\",\"width\":460,\"height\":259,\"caption\":\"Medwedew: Putin-Haftbefehl zeigt, dass das V\u00f6lkerrecht zusammenbricht\"},{\"@type\":\"BreadcrumbList\",\"@id\":\"https:\/\/now-news.de\/de\/deutschland\/medwedew-putin-haftbefehl-zeigt-dass-das-voelkerrecht-zusammenbricht\/#breadcrumb\",\"itemListElement\":[{\"@type\":\"ListItem\",\"position\":1,\"name\":\"Home\",\"item\":\"https:\/\/now-news.de\/de\/\"},{\"@type\":\"ListItem\",\"position\":2,\"name\":\"Medwedew: Putin-Haftbefehl zeigt, dass das V\u00f6lkerrecht zusammenbricht\"}]},{\"@type\":\"WebSite\",\"@id\":\"https:\/\/now-news.de\/de\/#website\",\"url\":\"https:\/\/now-news.de\/de\/\",\"name\":\"just-now.NEWS Deutschland\",\"description\":\"Das Portal f\u00fcr unzensierte Nachrichten aus der Welt\",\"publisher\":{\"@id\":\"https:\/\/now-news.de\/de\/#organization\"},\"potentialAction\":[{\"@type\":\"SearchAction\",\"target\":{\"@type\":\"EntryPoint\",\"urlTemplate\":\"https:\/\/now-news.de\/de\/?s={search_term_string}\"},\"query-input\":\"required name=search_term_string\"}],\"inLanguage\":\"de\"},{\"@type\":\"Organization\",\"@id\":\"https:\/\/now-news.de\/de\/#organization\",\"name\":\"Just Now News\",\"url\":\"https:\/\/now-news.de\/de\/\",\"logo\":{\"@type\":\"ImageObject\",\"inLanguage\":\"de\",\"@id\":\"https:\/\/now-news.de\/de\/#\/schema\/logo\/image\/\",\"url\":\"http:\/\/just-now.news\/de\/wp-content\/uploads\/sites\/3\/2022\/04\/logo500x500.jpg\",\"contentUrl\":\"http:\/\/just-now.news\/de\/wp-content\/uploads\/sites\/3\/2022\/04\/logo500x500.jpg\",\"width\":500,\"height\":500,\"caption\":\"Just Now News\"},\"image\":{\"@id\":\"https:\/\/now-news.de\/de\/#\/schema\/logo\/image\/\"},\"sameAs\":[\"https:\/\/www.facebook.com\/wirmachenauf\",\"https:\/\/x.com\/WirMachenAuf_de\"]},{\"@type\":\"Person\",\"@id\":\"https:\/\/now-news.de\/de\/#\/schema\/person\/fb534a4e865501d8b3285208df34a9b5\",\"name\":\"rtnews\",\"image\":{\"@type\":\"ImageObject\",\"inLanguage\":\"de\",\"@id\":\"https:\/\/now-news.de\/de\/#\/schema\/person\/image\/\",\"url\":\"https:\/\/secure.gravatar.com\/avatar\/82aafea7d8127119dd649515f56e2117?s=96&d=mm&r=g\",\"contentUrl\":\"https:\/\/secure.gravatar.com\/avatar\/82aafea7d8127119dd649515f56e2117?s=96&d=mm&r=g\",\"caption\":\"rtnews\"},\"url\":\"https:\/\/now-news.de\/de\/author\/rnews\/\"}]}<\/script>\n<!-- \/ Yoast SEO Premium plugin. -->","yoast_head_json":{"title":"Medwedew: Putin-Haftbefehl zeigt, dass das V\u00f6lkerrecht zusammenbricht - just-now.NEWS Deutschland","robots":{"index":"index","follow":"follow","max-snippet":"max-snippet:-1","max-image-preview":"max-image-preview:large","max-video-preview":"max-video-preview:-1"},"canonical":"https:\/\/now-news.de\/de\/deutschland\/medwedew-putin-haftbefehl-zeigt-dass-das-voelkerrecht-zusammenbricht\/","og_locale":"de_DE","og_type":"article","og_title":"Medwedew: Putin-Haftbefehl zeigt, dass das V\u00f6lkerrecht zusammenbricht","og_description":"Dass der Strafbefehl gegen den russischen Pr\u00e4sidenten \u00fcberhaupt nicht ausgef\u00fchrt werden kann, verdeutlicht laut dem ehemaligen russischen Pr\u00e4sidenten Dmitrij Medwedew die Unzul\u00e4nglichkeiten des Internationalen Strafgerichtshofs. Der Haftbefehl des Internationalen Strafgerichtshofs (IStGH) gegen den russischen Pr\u00e4sidenten Wladimir Putin sei ein Zeichen f\u00fcr den Zusammenbruch des internationalen Rechtssystems, schrieb der ehemalige Pr\u00e4sident und stellvertretende Chef des russischen [&hellip;]","og_url":"https:\/\/now-news.de\/de\/deutschland\/medwedew-putin-haftbefehl-zeigt-dass-das-voelkerrecht-zusammenbricht\/","og_site_name":"just-now.NEWS Deutschland","article_publisher":"https:\/\/www.facebook.com\/wirmachenauf","article_published_time":"2023-03-20T18:47:38+00:00","og_image":[{"width":460,"height":259,"url":"https:\/\/now-news.de\/de\/wp-content\/uploads\/sites\/3\/2023\/03\/Medwedew-Putin-Haftbefehl-zeigt-dass-das-Voelkerrecht-zusammenbricht.jpg","type":"image\/jpeg"}],"author":"rtnews","twitter_card":"summary_large_image","twitter_creator":"@WirMachenAuf_de","twitter_site":"@WirMachenAuf_de","twitter_misc":{"Verfasst von":"rtnews","Gesch\u00e4tzte Lesezeit":"2\u00a0Minuten"},"schema":{"@context":"https:\/\/schema.org","@graph":[{"@type":"Article","@id":"https:\/\/now-news.de\/de\/deutschland\/medwedew-putin-haftbefehl-zeigt-dass-das-voelkerrecht-zusammenbricht\/#article","isPartOf":{"@id":"https:\/\/now-news.de\/de\/deutschland\/medwedew-putin-haftbefehl-zeigt-dass-das-voelkerrecht-zusammenbricht\/"},"author":{"name":"rtnews","@id":"https:\/\/now-news.de\/de\/#\/schema\/person\/fb534a4e865501d8b3285208df34a9b5"},"headline":"Medwedew: Putin-Haftbefehl zeigt, dass das V\u00f6lkerrecht zusammenbricht","datePublished":"2023-03-20T18:47:38+00:00","dateModified":"2023-03-20T18:47:38+00:00","mainEntityOfPage":{"@id":"https:\/\/now-news.de\/de\/deutschland\/medwedew-putin-haftbefehl-zeigt-dass-das-voelkerrecht-zusammenbricht\/"},"wordCount":392,"commentCount":0,"publisher":{"@id":"https:\/\/now-news.de\/de\/#organization"},"image":{"@id":"https:\/\/now-news.de\/de\/deutschland\/medwedew-putin-haftbefehl-zeigt-dass-das-voelkerrecht-zusammenbricht\/#primaryimage"},"thumbnailUrl":"https:\/\/now-news.de\/de\/wp-content\/uploads\/sites\/3\/2023\/03\/Medwedew-Putin-Haftbefehl-zeigt-dass-das-Voelkerrecht-zusammenbricht.jpg","keywords":["das","dass","Medwedew","PutinHaftbefehl","V\u00f6lkerrecht","zeigt","zusammenbricht"],"articleSection":["Deutschland","Russland"],"inLanguage":"de","potentialAction":[{"@type":"CommentAction","name":"Comment","target":["https:\/\/now-news.de\/de\/deutschland\/medwedew-putin-haftbefehl-zeigt-dass-das-voelkerrecht-zusammenbricht\/#respond"]}]},{"@type":"WebPage","@id":"https:\/\/now-news.de\/de\/deutschland\/medwedew-putin-haftbefehl-zeigt-dass-das-voelkerrecht-zusammenbricht\/","url":"https:\/\/now-news.de\/de\/deutschland\/medwedew-putin-haftbefehl-zeigt-dass-das-voelkerrecht-zusammenbricht\/","name":"Medwedew: Putin-Haftbefehl zeigt, dass das V\u00f6lkerrecht zusammenbricht - just-now.NEWS Deutschland","isPartOf":{"@id":"https:\/\/now-news.de\/de\/#website"},"primaryImageOfPage":{"@id":"https:\/\/now-news.de\/de\/deutschland\/medwedew-putin-haftbefehl-zeigt-dass-das-voelkerrecht-zusammenbricht\/#primaryimage"},"image":{"@id":"https:\/\/now-news.de\/de\/deutschland\/medwedew-putin-haftbefehl-zeigt-dass-das-voelkerrecht-zusammenbricht\/#primaryimage"},"thumbnailUrl":"https:\/\/now-news.de\/de\/wp-content\/uploads\/sites\/3\/2023\/03\/Medwedew-Putin-Haftbefehl-zeigt-dass-das-Voelkerrecht-zusammenbricht.jpg","datePublished":"2023-03-20T18:47:38+00:00","dateModified":"2023-03-20T18:47:38+00:00","breadcrumb":{"@id":"https:\/\/now-news.de\/de\/deutschland\/medwedew-putin-haftbefehl-zeigt-dass-das-voelkerrecht-zusammenbricht\/#breadcrumb"},"inLanguage":"de","potentialAction":[{"@type":"ReadAction","target":["https:\/\/now-news.de\/de\/deutschland\/medwedew-putin-haftbefehl-zeigt-dass-das-voelkerrecht-zusammenbricht\/"]}]},{"@type":"ImageObject","inLanguage":"de","@id":"https:\/\/now-news.de\/de\/deutschland\/medwedew-putin-haftbefehl-zeigt-dass-das-voelkerrecht-zusammenbricht\/#primaryimage","url":"https:\/\/now-news.de\/de\/wp-content\/uploads\/sites\/3\/2023\/03\/Medwedew-Putin-Haftbefehl-zeigt-dass-das-Voelkerrecht-zusammenbricht.jpg","contentUrl":"https:\/\/now-news.de\/de\/wp-content\/uploads\/sites\/3\/2023\/03\/Medwedew-Putin-Haftbefehl-zeigt-dass-das-Voelkerrecht-zusammenbricht.jpg","width":460,"height":259,"caption":"Medwedew: Putin-Haftbefehl zeigt, dass das V\u00f6lkerrecht zusammenbricht"},{"@type":"BreadcrumbList","@id":"https:\/\/now-news.de\/de\/deutschland\/medwedew-putin-haftbefehl-zeigt-dass-das-voelkerrecht-zusammenbricht\/#breadcrumb","itemListElement":[{"@type":"ListItem","position":1,"name":"Home","item":"https:\/\/now-news.de\/de\/"},{"@type":"ListItem","position":2,"name":"Medwedew: Putin-Haftbefehl zeigt, dass das V\u00f6lkerrecht zusammenbricht"}]},{"@type":"WebSite","@id":"https:\/\/now-news.de\/de\/#website","url":"https:\/\/now-news.de\/de\/","name":"just-now.NEWS Deutschland","description":"Das Portal f\u00fcr unzensierte Nachrichten aus der Welt","publisher":{"@id":"https:\/\/now-news.de\/de\/#organization"},"potentialAction":[{"@type":"SearchAction","target":{"@type":"EntryPoint","urlTemplate":"https:\/\/now-news.de\/de\/?s={search_term_string}"},"query-input":"required name=search_term_string"}],"inLanguage":"de"},{"@type":"Organization","@id":"https:\/\/now-news.de\/de\/#organization","name":"Just Now News","url":"https:\/\/now-news.de\/de\/","logo":{"@type":"ImageObject","inLanguage":"de","@id":"https:\/\/now-news.de\/de\/#\/schema\/logo\/image\/","url":"http:\/\/just-now.news\/de\/wp-content\/uploads\/sites\/3\/2022\/04\/logo500x500.jpg","contentUrl":"http:\/\/just-now.news\/de\/wp-content\/uploads\/sites\/3\/2022\/04\/logo500x500.jpg","width":500,"height":500,"caption":"Just Now News"},"image":{"@id":"https:\/\/now-news.de\/de\/#\/schema\/logo\/image\/"},"sameAs":["https:\/\/www.facebook.com\/wirmachenauf","https:\/\/x.com\/WirMachenAuf_de"]},{"@type":"Person","@id":"https:\/\/now-news.de\/de\/#\/schema\/person\/fb534a4e865501d8b3285208df34a9b5","name":"rtnews","image":{"@type":"ImageObject","inLanguage":"de","@id":"https:\/\/now-news.de\/de\/#\/schema\/person\/image\/","url":"https:\/\/secure.gravatar.com\/avatar\/82aafea7d8127119dd649515f56e2117?s=96&d=mm&r=g","contentUrl":"https:\/\/secure.gravatar.com\/avatar\/82aafea7d8127119dd649515f56e2117?s=96&d=mm&r=g","caption":"rtnews"},"url":"https:\/\/now-news.de\/de\/author\/rnews\/"}]}},"_links":{"self":[{"href":"https:\/\/now-news.de\/de\/wp-json\/wp\/v2\/posts\/32649"}],"collection":[{"href":"https:\/\/now-news.de\/de\/wp-json\/wp\/v2\/posts"}],"about":[{"href":"https:\/\/now-news.de\/de\/wp-json\/wp\/v2\/types\/post"}],"author":[{"embeddable":true,"href":"https:\/\/now-news.de\/de\/wp-json\/wp\/v2\/users\/3"}],"replies":[{"embeddable":true,"href":"https:\/\/now-news.de\/de\/wp-json\/wp\/v2\/comments?post=32649"}],"version-history":[{"count":0,"href":"https:\/\/now-news.de\/de\/wp-json\/wp\/v2\/posts\/32649\/revisions"}],"wp:featuredmedia":[{"embeddable":true,"href":"https:\/\/now-news.de\/de\/wp-json\/wp\/v2\/media\/32650"}],"wp:attachment":[{"href":"https:\/\/now-news.de\/de\/wp-json\/wp\/v2\/media?parent=32649"}],"wp:term":[{"taxonomy":"category","embeddable":true,"href":"https:\/\/now-news.de\/de\/wp-json\/wp\/v2\/categories?post=32649"},{"taxonomy":"post_tag","embeddable":true,"href":"https:\/\/now-news.de\/de\/wp-json\/wp\/v2\/tags?post=32649"}],"curies":[{"name":"wp","href":"https:\/\/api.w.org\/{rel}","templated":true}]}}