{"id":32645,"date":"2023-03-20T19:03:35","date_gmt":"2023-03-20T17:03:35","guid":{"rendered":"https:\/\/just-now.news\/de\/deutschland\/eskalation-in-pakistan-terrorvorwuerfe-gegen-imran-khan\/"},"modified":"2023-03-20T19:03:35","modified_gmt":"2023-03-20T17:03:35","slug":"eskalation-in-pakistan-terrorvorwuerfe-gegen-imran-khan","status":"publish","type":"post","link":"https:\/\/now-news.de\/de\/deutschland\/eskalation-in-pakistan-terrorvorwuerfe-gegen-imran-khan\/","title":{"rendered":"Eskalation in Pakistan: Terrorvorw\u00fcrfe gegen Imran Khan"},"content":{"rendered":"<p><img decoding=\"async\" src=\"http:\/\/just-now.news\/de\/wp-content\/uploads\/sites\/3\/2023\/03\/6418912148fbef6d6637db85.jpg\" \/><\/p>\n<div class=\"Text-root Text-type_1 \">\n                Der abgesetzte Regierungschef Imran Khan befindet sich im Dauerwahlkampf. Gegen den Ex-Premier, der wieder an die Macht will, werden nun Vorw\u00fcrfe von der Polizei erhoben. Khan sprach bereits von einer US-amerikanischen Verschw\u00f6rung gegen ihn.\n            <\/div>\n<p><\/p>\n<div class=\"Text-root Text-type_5 ArticleView-text ViewText-root \">\n<p>Die Polizei in Islamabad\u00a0hat Anklage wegen &#8220;Terrorismus&#8221; gegen den ehemaligen Premierminister Imran Khan erhoben, nachdem seine Anh\u00e4nger vor einem Gerichtsgeb\u00e4ude in der pakistanischen Hauptstadt randaliert hatten. Khan sollte am Samstag vor Gericht erscheinen, um sich wegen\u00a0mutma\u00dflicher &#8220;Korruption&#8221; zu verantworten.<\/p>\n<p>Khan wurde zusammen mit mehr als einem Dutzend Funktion\u00e4ren seiner Partei &#8220;Pakistan Tehreek-e-Insaf&#8221; (PTI) und zahlreichen seiner Anh\u00e4nger wegen einer ganzen Reihe von Vergehen angeklagt, darunter Aufstacheln zur Gewalt sowie zum Aufruhr, Angriff auf Polizeibeamte, Brandstiftung, Einsch\u00fcchterung und terroristische Handlungen, wie die pakistanische <em>Zeitung The Nation<\/em> am Sonntag berichtete.<\/p>\n<p>Die Anh\u00f6rung des pakistanischen Ex-Regierungschefs wegen Korruptionsvorw\u00fcrfen vor einem Gericht in Islamabad\u00a0wurde durch Tausende seiner Anh\u00e4nger verhindert. Der 70-J\u00e4hrige war zwar nach tagelangem juristischem Gerangel und\u00a0gewaltigen Zusammenst\u00f6\u00dfen zwischen seinen Anh\u00e4ngern und Sicherheitskr\u00e4ften\u00a0mehr als 300 Kilometer von\u00a0Lahore\u00a0im Osten Pakistans in\u00a0Richtung Hauptstadt gefahren. Dort jedoch hatten sich etwa 4.000 seiner Unterst\u00fctzer vor dem Gerichtsgeb\u00e4ude versammelt, von denen einige die Polizei mit Steinen angriffen. Die Sicherheitskr\u00e4fte setzten als Reaktion Tr\u00e4nengas gegen die Demonstranten ein.\u00a0<\/p>\n<p>Khan konnte deshalb nicht aussteigen, das Gericht habe dennoch seine Anwesenheit anerkannt, sagten Khans Anw\u00e4lte. In der Folge sei der Haftbefehl gegen den Ex-Premier vom Gericht aufgehoben und die Anh\u00f6rung auf den 30. M\u00e4rz vertagt worden,\u00a0erkl\u00e4rte einer der Anw\u00e4lte.<\/p>\n<p>In einer Videobotschaft auf dem Weg zum Gericht hatte Khan zuvor am Samstag gesagt, er rechne damit, verhaftet zu werden. Abermals versicherte er, das Korruptionsverfahren gegen ihn sei politisch motiviert, um ihn von einer m\u00f6glichen Kandidatur bei den im Oktober anstehenden Wahlen abzuhalten.\u00a0Vor knapp einem Jahr wurde\u00a0Khan durch ein Misstrauensvotum in der Nationalversammlung gest\u00fcrzt. Der Politiker Shehbaz Sharif wurde zu seinem Nachfolger gew\u00e4hlt.\u00a0Khan hatte\u00a0seinerzeit\u00a0f\u00fcr Aufsehen gesorgt, als er von einer US-amerikanischen Verschw\u00f6rung gegen ihn sprach, wobei er als Beweis bei einer Rede einen &#8220;Geheimbrief&#8221;\u00a0schwenkte. Washington teilte mit, es wisse nichts von einem Komplott.<\/p>\n<p><strong>Mehr zum Thema<\/strong>\u00a0\u2013 <a rel=\"nofollow noopener\" target=\"_blank\" href=\"https:\/\/de.rt.com\/international\/165196-pakistanischer-ex-premier-imran-khan-wirft-westen-selektive-wahrnehmung-vor\/\">Pakistanischer Ex-Premier Imran Khan wirft Westen &#8220;selektive Wahrnehmung&#8221; vor<\/a><\/p>\n<div class=\"EmbedBlock-root EmbedBlock-externalVideo EmbedBlock-vk\">\n<div class=\"VkEmbed\"><iframe class=\"lazyload\" data-src=\"https:\/\/vk.com\/video_ext.php?oid=-134310637&amp;id=456259802&amp;hash=d762ac0bebd0e2fc\" frameborder=\"0\" width=\"853\" height=\"480\" allowfullscreen><\/iframe><\/div>\n<\/div>\n<\/div>\n<p><br \/>\n<br \/><a href=\"https:\/\/de.rt.com\/asien\/165804-eskalation-in-pakistan-terrorvorwuerfe-gegen\/\">Source link <\/a><\/p>\n","protected":false},"excerpt":{"rendered":"<p>Der abgesetzte Regierungschef Imran Khan befindet sich im Dauerwahlkampf. Gegen den Ex-Premier, der wieder an die Macht will, werden nun Vorw\u00fcrfe von der Polizei erhoben. Khan sprach bereits von einer US-amerikanischen Verschw\u00f6rung gegen ihn. Die Polizei in Islamabad\u00a0hat Anklage wegen &#8220;Terrorismus&#8221; gegen den ehemaligen Premierminister Imran Khan erhoben, nachdem seine Anh\u00e4nger vor einem Gerichtsgeb\u00e4ude in [&hellip;]<\/p>\n","protected":false},"author":3,"featured_media":32646,"comment_status":"open","ping_status":"open","sticky":false,"template":"","format":"standard","meta":{"_yoast_indexnow_last_ping":["1679332379"],"wp_automatic_camp":["217"],"304e809bbd891d4e7596241922f5ec6c":["Eskalation in Pakistan: Terrorvorw\u00fcrfe gegen Imran Khan"],"original_link":["https:\/\/de.rt.com\/asien\/165804-eskalation-in-pakistan-terrorvorwuerfe-gegen\/"],"_thumbnail_id":["32646"],"_wptgpro_p2tg_sent2tg":["a:1:{i:23737;s:19:\"2023-03-20 19:14:09\";}"],"jnews_social_counter_last_update":["1777348282"]},"categories":[19,23],"tags":[582,278,4006,18034,1787,42228],"yoast_head":"<!-- This site is optimized with the Yoast SEO Premium plugin v22.7 (Yoast SEO v22.7) - https:\/\/yoast.com\/wordpress\/plugins\/seo\/ -->\n<title>Eskalation in Pakistan: Terrorvorw\u00fcrfe gegen Imran Khan - just-now.NEWS Deutschland<\/title>\n<meta name=\"robots\" content=\"index, follow, max-snippet:-1, max-image-preview:large, max-video-preview:-1\" \/>\n<link rel=\"canonical\" href=\"https:\/\/now-news.de\/de\/deutschland\/eskalation-in-pakistan-terrorvorwuerfe-gegen-imran-khan\/\" \/>\n<meta property=\"og:locale\" content=\"de_DE\" \/>\n<meta property=\"og:type\" content=\"article\" \/>\n<meta property=\"og:title\" content=\"Eskalation in Pakistan: Terrorvorw\u00fcrfe gegen Imran Khan\" \/>\n<meta property=\"og:description\" content=\"Der abgesetzte Regierungschef Imran Khan befindet sich im Dauerwahlkampf. Gegen den Ex-Premier, der wieder an die Macht will, werden nun Vorw\u00fcrfe von der Polizei erhoben. Khan sprach bereits von einer US-amerikanischen Verschw\u00f6rung gegen ihn. Die Polizei in Islamabad\u00a0hat Anklage wegen &#8220;Terrorismus&#8221; gegen den ehemaligen Premierminister Imran Khan erhoben, nachdem seine Anh\u00e4nger vor einem Gerichtsgeb\u00e4ude in [&hellip;]\" \/>\n<meta property=\"og:url\" content=\"https:\/\/now-news.de\/de\/deutschland\/eskalation-in-pakistan-terrorvorwuerfe-gegen-imran-khan\/\" \/>\n<meta property=\"og:site_name\" content=\"just-now.NEWS Deutschland\" \/>\n<meta property=\"article:publisher\" content=\"https:\/\/www.facebook.com\/wirmachenauf\" \/>\n<meta property=\"article:published_time\" content=\"2023-03-20T17:03:35+00:00\" \/>\n<meta property=\"og:image\" content=\"https:\/\/now-news.de\/de\/wp-content\/uploads\/sites\/3\/2023\/03\/Eskalation-in-Pakistan-Terrorvorwuerfe-gegen-Imran-Khan.jpg\" \/>\n\t<meta property=\"og:image:width\" content=\"460\" \/>\n\t<meta property=\"og:image:height\" content=\"259\" \/>\n\t<meta property=\"og:image:type\" content=\"image\/jpeg\" \/>\n<meta name=\"author\" content=\"rtnews\" \/>\n<meta name=\"twitter:card\" content=\"summary_large_image\" \/>\n<meta name=\"twitter:creator\" content=\"@WirMachenAuf_de\" \/>\n<meta name=\"twitter:site\" content=\"@WirMachenAuf_de\" \/>\n<meta name=\"twitter:label1\" content=\"Verfasst von\" \/>\n\t<meta name=\"twitter:data1\" content=\"rtnews\" \/>\n\t<meta name=\"twitter:label2\" content=\"Gesch\u00e4tzte Lesezeit\" \/>\n\t<meta name=\"twitter:data2\" content=\"2\u00a0Minuten\" \/>\n<script type=\"application\/ld+json\" class=\"yoast-schema-graph\">{\"@context\":\"https:\/\/schema.org\",\"@graph\":[{\"@type\":\"Article\",\"@id\":\"https:\/\/now-news.de\/de\/deutschland\/eskalation-in-pakistan-terrorvorwuerfe-gegen-imran-khan\/#article\",\"isPartOf\":{\"@id\":\"https:\/\/now-news.de\/de\/deutschland\/eskalation-in-pakistan-terrorvorwuerfe-gegen-imran-khan\/\"},\"author\":{\"name\":\"rtnews\",\"@id\":\"https:\/\/now-news.de\/de\/#\/schema\/person\/fb534a4e865501d8b3285208df34a9b5\"},\"headline\":\"Eskalation in Pakistan: Terrorvorw\u00fcrfe gegen Imran Khan\",\"datePublished\":\"2023-03-20T17:03:35+00:00\",\"dateModified\":\"2023-03-20T17:03:35+00:00\",\"mainEntityOfPage\":{\"@id\":\"https:\/\/now-news.de\/de\/deutschland\/eskalation-in-pakistan-terrorvorwuerfe-gegen-imran-khan\/\"},\"wordCount\":389,\"commentCount\":0,\"publisher\":{\"@id\":\"https:\/\/now-news.de\/de\/#organization\"},\"image\":{\"@id\":\"https:\/\/now-news.de\/de\/deutschland\/eskalation-in-pakistan-terrorvorwuerfe-gegen-imran-khan\/#primaryimage\"},\"thumbnailUrl\":\"https:\/\/now-news.de\/de\/wp-content\/uploads\/sites\/3\/2023\/03\/Eskalation-in-Pakistan-Terrorvorwuerfe-gegen-Imran-Khan.jpg\",\"keywords\":[\"Eskalation\",\"gegen\",\"IMRAN\",\"Khan\",\"Pakistan\",\"Terrorvorw\u00fcrfe\"],\"articleSection\":[\"Deutschland\",\"Russland\"],\"inLanguage\":\"de\",\"potentialAction\":[{\"@type\":\"CommentAction\",\"name\":\"Comment\",\"target\":[\"https:\/\/now-news.de\/de\/deutschland\/eskalation-in-pakistan-terrorvorwuerfe-gegen-imran-khan\/#respond\"]}]},{\"@type\":\"WebPage\",\"@id\":\"https:\/\/now-news.de\/de\/deutschland\/eskalation-in-pakistan-terrorvorwuerfe-gegen-imran-khan\/\",\"url\":\"https:\/\/now-news.de\/de\/deutschland\/eskalation-in-pakistan-terrorvorwuerfe-gegen-imran-khan\/\",\"name\":\"Eskalation in Pakistan: Terrorvorw\u00fcrfe gegen Imran Khan - just-now.NEWS Deutschland\",\"isPartOf\":{\"@id\":\"https:\/\/now-news.de\/de\/#website\"},\"primaryImageOfPage\":{\"@id\":\"https:\/\/now-news.de\/de\/deutschland\/eskalation-in-pakistan-terrorvorwuerfe-gegen-imran-khan\/#primaryimage\"},\"image\":{\"@id\":\"https:\/\/now-news.de\/de\/deutschland\/eskalation-in-pakistan-terrorvorwuerfe-gegen-imran-khan\/#primaryimage\"},\"thumbnailUrl\":\"https:\/\/now-news.de\/de\/wp-content\/uploads\/sites\/3\/2023\/03\/Eskalation-in-Pakistan-Terrorvorwuerfe-gegen-Imran-Khan.jpg\",\"datePublished\":\"2023-03-20T17:03:35+00:00\",\"dateModified\":\"2023-03-20T17:03:35+00:00\",\"breadcrumb\":{\"@id\":\"https:\/\/now-news.de\/de\/deutschland\/eskalation-in-pakistan-terrorvorwuerfe-gegen-imran-khan\/#breadcrumb\"},\"inLanguage\":\"de\",\"potentialAction\":[{\"@type\":\"ReadAction\",\"target\":[\"https:\/\/now-news.de\/de\/deutschland\/eskalation-in-pakistan-terrorvorwuerfe-gegen-imran-khan\/\"]}]},{\"@type\":\"ImageObject\",\"inLanguage\":\"de\",\"@id\":\"https:\/\/now-news.de\/de\/deutschland\/eskalation-in-pakistan-terrorvorwuerfe-gegen-imran-khan\/#primaryimage\",\"url\":\"https:\/\/now-news.de\/de\/wp-content\/uploads\/sites\/3\/2023\/03\/Eskalation-in-Pakistan-Terrorvorwuerfe-gegen-Imran-Khan.jpg\",\"contentUrl\":\"https:\/\/now-news.de\/de\/wp-content\/uploads\/sites\/3\/2023\/03\/Eskalation-in-Pakistan-Terrorvorwuerfe-gegen-Imran-Khan.jpg\",\"width\":460,\"height\":259,\"caption\":\"Eskalation in Pakistan: Terrorvorw\u00fcrfe gegen Imran Khan\"},{\"@type\":\"BreadcrumbList\",\"@id\":\"https:\/\/now-news.de\/de\/deutschland\/eskalation-in-pakistan-terrorvorwuerfe-gegen-imran-khan\/#breadcrumb\",\"itemListElement\":[{\"@type\":\"ListItem\",\"position\":1,\"name\":\"Home\",\"item\":\"https:\/\/now-news.de\/de\/\"},{\"@type\":\"ListItem\",\"position\":2,\"name\":\"Eskalation in Pakistan: Terrorvorw\u00fcrfe gegen Imran Khan\"}]},{\"@type\":\"WebSite\",\"@id\":\"https:\/\/now-news.de\/de\/#website\",\"url\":\"https:\/\/now-news.de\/de\/\",\"name\":\"just-now.NEWS Deutschland\",\"description\":\"Das Portal f\u00fcr unzensierte Nachrichten aus der Welt\",\"publisher\":{\"@id\":\"https:\/\/now-news.de\/de\/#organization\"},\"potentialAction\":[{\"@type\":\"SearchAction\",\"target\":{\"@type\":\"EntryPoint\",\"urlTemplate\":\"https:\/\/now-news.de\/de\/?s={search_term_string}\"},\"query-input\":\"required name=search_term_string\"}],\"inLanguage\":\"de\"},{\"@type\":\"Organization\",\"@id\":\"https:\/\/now-news.de\/de\/#organization\",\"name\":\"Just Now News\",\"url\":\"https:\/\/now-news.de\/de\/\",\"logo\":{\"@type\":\"ImageObject\",\"inLanguage\":\"de\",\"@id\":\"https:\/\/now-news.de\/de\/#\/schema\/logo\/image\/\",\"url\":\"http:\/\/just-now.news\/de\/wp-content\/uploads\/sites\/3\/2022\/04\/logo500x500.jpg\",\"contentUrl\":\"http:\/\/just-now.news\/de\/wp-content\/uploads\/sites\/3\/2022\/04\/logo500x500.jpg\",\"width\":500,\"height\":500,\"caption\":\"Just Now News\"},\"image\":{\"@id\":\"https:\/\/now-news.de\/de\/#\/schema\/logo\/image\/\"},\"sameAs\":[\"https:\/\/www.facebook.com\/wirmachenauf\",\"https:\/\/x.com\/WirMachenAuf_de\"]},{\"@type\":\"Person\",\"@id\":\"https:\/\/now-news.de\/de\/#\/schema\/person\/fb534a4e865501d8b3285208df34a9b5\",\"name\":\"rtnews\",\"image\":{\"@type\":\"ImageObject\",\"inLanguage\":\"de\",\"@id\":\"https:\/\/now-news.de\/de\/#\/schema\/person\/image\/\",\"url\":\"https:\/\/secure.gravatar.com\/avatar\/82aafea7d8127119dd649515f56e2117?s=96&d=mm&r=g\",\"contentUrl\":\"https:\/\/secure.gravatar.com\/avatar\/82aafea7d8127119dd649515f56e2117?s=96&d=mm&r=g\",\"caption\":\"rtnews\"},\"url\":\"https:\/\/now-news.de\/de\/author\/rnews\/\"}]}<\/script>\n<!-- \/ Yoast SEO Premium plugin. -->","yoast_head_json":{"title":"Eskalation in Pakistan: Terrorvorw\u00fcrfe gegen Imran Khan - just-now.NEWS Deutschland","robots":{"index":"index","follow":"follow","max-snippet":"max-snippet:-1","max-image-preview":"max-image-preview:large","max-video-preview":"max-video-preview:-1"},"canonical":"https:\/\/now-news.de\/de\/deutschland\/eskalation-in-pakistan-terrorvorwuerfe-gegen-imran-khan\/","og_locale":"de_DE","og_type":"article","og_title":"Eskalation in Pakistan: Terrorvorw\u00fcrfe gegen Imran Khan","og_description":"Der abgesetzte Regierungschef Imran Khan befindet sich im Dauerwahlkampf. Gegen den Ex-Premier, der wieder an die Macht will, werden nun Vorw\u00fcrfe von der Polizei erhoben. Khan sprach bereits von einer US-amerikanischen Verschw\u00f6rung gegen ihn. Die Polizei in Islamabad\u00a0hat Anklage wegen &#8220;Terrorismus&#8221; gegen den ehemaligen Premierminister Imran Khan erhoben, nachdem seine Anh\u00e4nger vor einem Gerichtsgeb\u00e4ude in [&hellip;]","og_url":"https:\/\/now-news.de\/de\/deutschland\/eskalation-in-pakistan-terrorvorwuerfe-gegen-imran-khan\/","og_site_name":"just-now.NEWS Deutschland","article_publisher":"https:\/\/www.facebook.com\/wirmachenauf","article_published_time":"2023-03-20T17:03:35+00:00","og_image":[{"width":460,"height":259,"url":"https:\/\/now-news.de\/de\/wp-content\/uploads\/sites\/3\/2023\/03\/Eskalation-in-Pakistan-Terrorvorwuerfe-gegen-Imran-Khan.jpg","type":"image\/jpeg"}],"author":"rtnews","twitter_card":"summary_large_image","twitter_creator":"@WirMachenAuf_de","twitter_site":"@WirMachenAuf_de","twitter_misc":{"Verfasst von":"rtnews","Gesch\u00e4tzte Lesezeit":"2\u00a0Minuten"},"schema":{"@context":"https:\/\/schema.org","@graph":[{"@type":"Article","@id":"https:\/\/now-news.de\/de\/deutschland\/eskalation-in-pakistan-terrorvorwuerfe-gegen-imran-khan\/#article","isPartOf":{"@id":"https:\/\/now-news.de\/de\/deutschland\/eskalation-in-pakistan-terrorvorwuerfe-gegen-imran-khan\/"},"author":{"name":"rtnews","@id":"https:\/\/now-news.de\/de\/#\/schema\/person\/fb534a4e865501d8b3285208df34a9b5"},"headline":"Eskalation in Pakistan: Terrorvorw\u00fcrfe gegen Imran Khan","datePublished":"2023-03-20T17:03:35+00:00","dateModified":"2023-03-20T17:03:35+00:00","mainEntityOfPage":{"@id":"https:\/\/now-news.de\/de\/deutschland\/eskalation-in-pakistan-terrorvorwuerfe-gegen-imran-khan\/"},"wordCount":389,"commentCount":0,"publisher":{"@id":"https:\/\/now-news.de\/de\/#organization"},"image":{"@id":"https:\/\/now-news.de\/de\/deutschland\/eskalation-in-pakistan-terrorvorwuerfe-gegen-imran-khan\/#primaryimage"},"thumbnailUrl":"https:\/\/now-news.de\/de\/wp-content\/uploads\/sites\/3\/2023\/03\/Eskalation-in-Pakistan-Terrorvorwuerfe-gegen-Imran-Khan.jpg","keywords":["Eskalation","gegen","IMRAN","Khan","Pakistan","Terrorvorw\u00fcrfe"],"articleSection":["Deutschland","Russland"],"inLanguage":"de","potentialAction":[{"@type":"CommentAction","name":"Comment","target":["https:\/\/now-news.de\/de\/deutschland\/eskalation-in-pakistan-terrorvorwuerfe-gegen-imran-khan\/#respond"]}]},{"@type":"WebPage","@id":"https:\/\/now-news.de\/de\/deutschland\/eskalation-in-pakistan-terrorvorwuerfe-gegen-imran-khan\/","url":"https:\/\/now-news.de\/de\/deutschland\/eskalation-in-pakistan-terrorvorwuerfe-gegen-imran-khan\/","name":"Eskalation in Pakistan: Terrorvorw\u00fcrfe gegen Imran Khan - just-now.NEWS Deutschland","isPartOf":{"@id":"https:\/\/now-news.de\/de\/#website"},"primaryImageOfPage":{"@id":"https:\/\/now-news.de\/de\/deutschland\/eskalation-in-pakistan-terrorvorwuerfe-gegen-imran-khan\/#primaryimage"},"image":{"@id":"https:\/\/now-news.de\/de\/deutschland\/eskalation-in-pakistan-terrorvorwuerfe-gegen-imran-khan\/#primaryimage"},"thumbnailUrl":"https:\/\/now-news.de\/de\/wp-content\/uploads\/sites\/3\/2023\/03\/Eskalation-in-Pakistan-Terrorvorwuerfe-gegen-Imran-Khan.jpg","datePublished":"2023-03-20T17:03:35+00:00","dateModified":"2023-03-20T17:03:35+00:00","breadcrumb":{"@id":"https:\/\/now-news.de\/de\/deutschland\/eskalation-in-pakistan-terrorvorwuerfe-gegen-imran-khan\/#breadcrumb"},"inLanguage":"de","potentialAction":[{"@type":"ReadAction","target":["https:\/\/now-news.de\/de\/deutschland\/eskalation-in-pakistan-terrorvorwuerfe-gegen-imran-khan\/"]}]},{"@type":"ImageObject","inLanguage":"de","@id":"https:\/\/now-news.de\/de\/deutschland\/eskalation-in-pakistan-terrorvorwuerfe-gegen-imran-khan\/#primaryimage","url":"https:\/\/now-news.de\/de\/wp-content\/uploads\/sites\/3\/2023\/03\/Eskalation-in-Pakistan-Terrorvorwuerfe-gegen-Imran-Khan.jpg","contentUrl":"https:\/\/now-news.de\/de\/wp-content\/uploads\/sites\/3\/2023\/03\/Eskalation-in-Pakistan-Terrorvorwuerfe-gegen-Imran-Khan.jpg","width":460,"height":259,"caption":"Eskalation in Pakistan: Terrorvorw\u00fcrfe gegen Imran Khan"},{"@type":"BreadcrumbList","@id":"https:\/\/now-news.de\/de\/deutschland\/eskalation-in-pakistan-terrorvorwuerfe-gegen-imran-khan\/#breadcrumb","itemListElement":[{"@type":"ListItem","position":1,"name":"Home","item":"https:\/\/now-news.de\/de\/"},{"@type":"ListItem","position":2,"name":"Eskalation in Pakistan: Terrorvorw\u00fcrfe gegen Imran Khan"}]},{"@type":"WebSite","@id":"https:\/\/now-news.de\/de\/#website","url":"https:\/\/now-news.de\/de\/","name":"just-now.NEWS Deutschland","description":"Das Portal f\u00fcr unzensierte Nachrichten aus der Welt","publisher":{"@id":"https:\/\/now-news.de\/de\/#organization"},"potentialAction":[{"@type":"SearchAction","target":{"@type":"EntryPoint","urlTemplate":"https:\/\/now-news.de\/de\/?s={search_term_string}"},"query-input":"required name=search_term_string"}],"inLanguage":"de"},{"@type":"Organization","@id":"https:\/\/now-news.de\/de\/#organization","name":"Just Now News","url":"https:\/\/now-news.de\/de\/","logo":{"@type":"ImageObject","inLanguage":"de","@id":"https:\/\/now-news.de\/de\/#\/schema\/logo\/image\/","url":"http:\/\/just-now.news\/de\/wp-content\/uploads\/sites\/3\/2022\/04\/logo500x500.jpg","contentUrl":"http:\/\/just-now.news\/de\/wp-content\/uploads\/sites\/3\/2022\/04\/logo500x500.jpg","width":500,"height":500,"caption":"Just Now News"},"image":{"@id":"https:\/\/now-news.de\/de\/#\/schema\/logo\/image\/"},"sameAs":["https:\/\/www.facebook.com\/wirmachenauf","https:\/\/x.com\/WirMachenAuf_de"]},{"@type":"Person","@id":"https:\/\/now-news.de\/de\/#\/schema\/person\/fb534a4e865501d8b3285208df34a9b5","name":"rtnews","image":{"@type":"ImageObject","inLanguage":"de","@id":"https:\/\/now-news.de\/de\/#\/schema\/person\/image\/","url":"https:\/\/secure.gravatar.com\/avatar\/82aafea7d8127119dd649515f56e2117?s=96&d=mm&r=g","contentUrl":"https:\/\/secure.gravatar.com\/avatar\/82aafea7d8127119dd649515f56e2117?s=96&d=mm&r=g","caption":"rtnews"},"url":"https:\/\/now-news.de\/de\/author\/rnews\/"}]}},"_links":{"self":[{"href":"https:\/\/now-news.de\/de\/wp-json\/wp\/v2\/posts\/32645"}],"collection":[{"href":"https:\/\/now-news.de\/de\/wp-json\/wp\/v2\/posts"}],"about":[{"href":"https:\/\/now-news.de\/de\/wp-json\/wp\/v2\/types\/post"}],"author":[{"embeddable":true,"href":"https:\/\/now-news.de\/de\/wp-json\/wp\/v2\/users\/3"}],"replies":[{"embeddable":true,"href":"https:\/\/now-news.de\/de\/wp-json\/wp\/v2\/comments?post=32645"}],"version-history":[{"count":0,"href":"https:\/\/now-news.de\/de\/wp-json\/wp\/v2\/posts\/32645\/revisions"}],"wp:featuredmedia":[{"embeddable":true,"href":"https:\/\/now-news.de\/de\/wp-json\/wp\/v2\/media\/32646"}],"wp:attachment":[{"href":"https:\/\/now-news.de\/de\/wp-json\/wp\/v2\/media?parent=32645"}],"wp:term":[{"taxonomy":"category","embeddable":true,"href":"https:\/\/now-news.de\/de\/wp-json\/wp\/v2\/categories?post=32645"},{"taxonomy":"post_tag","embeddable":true,"href":"https:\/\/now-news.de\/de\/wp-json\/wp\/v2\/tags?post=32645"}],"curies":[{"name":"wp","href":"https:\/\/api.w.org\/{rel}","templated":true}]}}