{"id":32613,"date":"2023-03-20T12:08:48","date_gmt":"2023-03-20T10:08:48","guid":{"rendered":"https:\/\/just-now.news\/de\/deutschland\/massenproteste-in-israel-netanjahu-draengt-militaerchef-zur-unterbindung-von-reservisten-protesten\/"},"modified":"2023-03-20T12:08:48","modified_gmt":"2023-03-20T10:08:48","slug":"massenproteste-in-israel-netanjahu-draengt-militaerchef-zur-unterbindung-von-reservisten-protesten","status":"publish","type":"post","link":"https:\/\/now-news.de\/de\/deutschland\/massenproteste-in-israel-netanjahu-draengt-militaerchef-zur-unterbindung-von-reservisten-protesten\/","title":{"rendered":"Massenproteste in Israel: Netanjahu dr\u00e4ngt Milit\u00e4rchef zur Unterbindung von Reservisten-Protesten"},"content":{"rendered":"<p><img decoding=\"async\" src=\"http:\/\/just-now.news\/de\/wp-content\/uploads\/sites\/3\/2023\/03\/64181a7b48fbef24273bb43f.jpg\" \/><\/p>\n<div class=\"Text-root Text-type_1 \">\n                Am Samstag protestierten Israelis das elfte Wochenende in Folge gegen die geplante Justizreform. Nun haben sich den Protesten auch hunderte Reservisten angeschlossen. Die israelische Regierung soll inzwischen von ihren Reformpl\u00e4nen Abstand genommen haben.\n            <\/div>\n<p><\/p>\n<div class=\"Text-root Text-type_5 ArticleView-text ViewText-root \">\n<p>Israels Ministerpr\u00e4sident, Benjamin Netanjahu, forderte am Sonntag die Milit\u00e4rf\u00fchrung auf,\u00a0den Protest hunderter Reservisten gegen die umstrittene Justizreform seiner Regierung zu unterbinden. Rund 700 Reserveoffiziere von Luftwaffe, Spezialeinheiten und dem Geheimdienst Mossad hatten zuvor erkl\u00e4rt, sie w\u00fcrden von Sonntag an den Dienst verweigern.\u00a0<\/p>\n<p>Netanjahus\u00a0Appell erfolgte zu einer Zeit, in der Israel in eine schwere Krise verwickelt ist, die in den letzten zwei Monaten jede Woche zehntausende Menschen zu Protesten auf die Stra\u00dfe gebracht hat.<\/p>\n<p>&#8220;Ich erwarte vom Generalstabschef und den Leitern der Sicherheitsabteilungen, die Dienstverweigerung zu bek\u00e4mpfen&#8221;, erkl\u00e4rte Netanjahu. &#8220;Es gibt im \u00f6ffentlichen Diskurs keinen Raum f\u00fcr die Verweigerung des Dienstes. Ein Staat, der zu existieren w\u00fcnscht, kann derlei Ph\u00e4nomene nicht tolerieren und wir werden das auch nicht.&#8221;<\/p>\n<p>Das Milit\u00e4r gab keinen unmittelbaren Kommentar zu Netanjahus \u00c4u\u00dferungen ab. Der Stabschef des Milit\u00e4rs, General Herzl Halevi,\u00a0warnte Netanjahu Berichten zufolge, dass der Protest\u00a0von Reservisten den F\u00e4higkeiten des Milit\u00e4rs schaden k\u00f6nnte.\u00a0<\/p>\n<p>Die Proteste gegen die Justizreform der israelischen Regierung rei\u00dfen\u00a0derweil nicht ab. Laut Medienberichten waren im ganzen Land am 18. M\u00e4rz bis zu einer Viertelmillion Demonstranten auf der Stra\u00dfe, um gegen die Netanjahu-Regierung zu protestieren.\u00a0Seit mehr als zwei Monaten gibt es massive Proteste gegen das umfassende Gesetzesvorhaben der Regierung. Dem Parlament soll es etwa k\u00fcnftig m\u00f6glich sein, mit einfacher Mehrheit Entscheidungen des H\u00f6chsten Gerichtes aufzuheben.\u00a0Der israelische Ministerpr\u00e4sident\u00a0hat sich am Montag allerdings bereit erkl\u00e4rt, seine Pl\u00e4ne zur Justizreform abzuschw\u00e4chen: Am 20. M\u00e4rz\u00a0verk\u00fcndete Netanjahu, einige Vorhaben w\u00fcrden zur\u00fcckgestellt, bis die Knesset am 30. April wieder zusammentritt.<\/p>\n<p><strong>Mehr zum Thema<\/strong> &#8211; <a rel=\"nofollow noopener\" target=\"_blank\" href=\"https:\/\/de.rt.com\/der-nahe-osten\/165476-israels-staatspraesident-herzog-warnt-vor\/\">Israels Staatspr\u00e4sident Herzog warnt vor B\u00fcrgerkrieg im Land<\/a><\/p>\n<\/div>\n<p><br \/>\n<br \/><a href=\"https:\/\/de.rt.com\/der-nahe-osten\/165780-massenproteste-in-israel-netanjahu-draengt\/\">Source link <\/a><\/p>\n","protected":false},"excerpt":{"rendered":"<p>Am Samstag protestierten Israelis das elfte Wochenende in Folge gegen die geplante Justizreform. Nun haben sich den Protesten auch hunderte Reservisten angeschlossen. Die israelische Regierung soll inzwischen von ihren Reformpl\u00e4nen Abstand genommen haben. Israels Ministerpr\u00e4sident, Benjamin Netanjahu, forderte am Sonntag die Milit\u00e4rf\u00fchrung auf,\u00a0den Protest hunderter Reservisten gegen die umstrittene Justizreform seiner Regierung zu unterbinden. Rund [&hellip;]<\/p>\n","protected":false},"author":3,"featured_media":32614,"comment_status":"open","ping_status":"open","sticky":false,"template":"","format":"standard","meta":{"_yoast_indexnow_last_ping":["1679307089"],"wp_automatic_camp":["217"],"68052b763ec52889b999ae7fa772a63b":["Massenproteste in Israel: Netanjahu dr\u00e4ngt Milit\u00e4rchef zur Unterbindung von Reservisten-Protesten"],"original_link":["https:\/\/de.rt.com\/der-nahe-osten\/165780-massenproteste-in-israel-netanjahu-draengt\/"],"_thumbnail_id":["32614"],"_wptgpro_p2tg_sent2tg":["a:1:{i:23737;s:19:\"2023-03-20 12:13:46\";}"],"jnews_social_counter_last_update":["1777170849"]},"categories":[19,23],"tags":[1336,432,33868,28351,21113,42206,42205,50,581],"yoast_head":"<!-- This site is optimized with the Yoast SEO Premium plugin v22.7 (Yoast SEO v22.7) - https:\/\/yoast.com\/wordpress\/plugins\/seo\/ -->\n<title>Massenproteste in Israel: Netanjahu dr\u00e4ngt Milit\u00e4rchef zur Unterbindung von Reservisten-Protesten - just-now.NEWS Deutschland<\/title>\n<meta name=\"robots\" content=\"index, follow, max-snippet:-1, max-image-preview:large, max-video-preview:-1\" \/>\n<link rel=\"canonical\" href=\"https:\/\/now-news.de\/de\/deutschland\/massenproteste-in-israel-netanjahu-draengt-militaerchef-zur-unterbindung-von-reservisten-protesten\/\" \/>\n<meta property=\"og:locale\" content=\"de_DE\" \/>\n<meta property=\"og:type\" content=\"article\" \/>\n<meta property=\"og:title\" content=\"Massenproteste in Israel: Netanjahu dr\u00e4ngt Milit\u00e4rchef zur Unterbindung von Reservisten-Protesten\" \/>\n<meta property=\"og:description\" content=\"Am Samstag protestierten Israelis das elfte Wochenende in Folge gegen die geplante Justizreform. Nun haben sich den Protesten auch hunderte Reservisten angeschlossen. Die israelische Regierung soll inzwischen von ihren Reformpl\u00e4nen Abstand genommen haben. Israels Ministerpr\u00e4sident, Benjamin Netanjahu, forderte am Sonntag die Milit\u00e4rf\u00fchrung auf,\u00a0den Protest hunderter Reservisten gegen die umstrittene Justizreform seiner Regierung zu unterbinden. Rund [&hellip;]\" \/>\n<meta property=\"og:url\" content=\"https:\/\/now-news.de\/de\/deutschland\/massenproteste-in-israel-netanjahu-draengt-militaerchef-zur-unterbindung-von-reservisten-protesten\/\" \/>\n<meta property=\"og:site_name\" content=\"just-now.NEWS Deutschland\" \/>\n<meta property=\"article:publisher\" content=\"https:\/\/www.facebook.com\/wirmachenauf\" \/>\n<meta property=\"article:published_time\" content=\"2023-03-20T10:08:48+00:00\" \/>\n<meta property=\"og:image\" content=\"https:\/\/now-news.de\/de\/wp-content\/uploads\/sites\/3\/2023\/03\/Massenproteste-in-Israel-Netanjahu-draengt-Militaerchef-zur-Unterbindung-von-Reservisten-Protesten.jpg\" \/>\n\t<meta property=\"og:image:width\" content=\"460\" \/>\n\t<meta property=\"og:image:height\" content=\"259\" \/>\n\t<meta property=\"og:image:type\" content=\"image\/jpeg\" \/>\n<meta name=\"author\" content=\"rtnews\" \/>\n<meta name=\"twitter:card\" content=\"summary_large_image\" \/>\n<meta name=\"twitter:creator\" content=\"@WirMachenAuf_de\" \/>\n<meta name=\"twitter:site\" content=\"@WirMachenAuf_de\" \/>\n<meta name=\"twitter:label1\" content=\"Verfasst von\" \/>\n\t<meta name=\"twitter:data1\" content=\"rtnews\" \/>\n\t<meta name=\"twitter:label2\" content=\"Gesch\u00e4tzte Lesezeit\" \/>\n\t<meta name=\"twitter:data2\" content=\"2\u00a0Minuten\" \/>\n<script type=\"application\/ld+json\" class=\"yoast-schema-graph\">{\"@context\":\"https:\/\/schema.org\",\"@graph\":[{\"@type\":\"Article\",\"@id\":\"https:\/\/now-news.de\/de\/deutschland\/massenproteste-in-israel-netanjahu-draengt-militaerchef-zur-unterbindung-von-reservisten-protesten\/#article\",\"isPartOf\":{\"@id\":\"https:\/\/now-news.de\/de\/deutschland\/massenproteste-in-israel-netanjahu-draengt-militaerchef-zur-unterbindung-von-reservisten-protesten\/\"},\"author\":{\"name\":\"rtnews\",\"@id\":\"https:\/\/now-news.de\/de\/#\/schema\/person\/fb534a4e865501d8b3285208df34a9b5\"},\"headline\":\"Massenproteste in Israel: Netanjahu dr\u00e4ngt Milit\u00e4rchef zur Unterbindung von Reservisten-Protesten\",\"datePublished\":\"2023-03-20T10:08:48+00:00\",\"dateModified\":\"2023-03-20T10:08:48+00:00\",\"mainEntityOfPage\":{\"@id\":\"https:\/\/now-news.de\/de\/deutschland\/massenproteste-in-israel-netanjahu-draengt-militaerchef-zur-unterbindung-von-reservisten-protesten\/\"},\"wordCount\":339,\"commentCount\":0,\"publisher\":{\"@id\":\"https:\/\/now-news.de\/de\/#organization\"},\"image\":{\"@id\":\"https:\/\/now-news.de\/de\/deutschland\/massenproteste-in-israel-netanjahu-draengt-militaerchef-zur-unterbindung-von-reservisten-protesten\/#primaryimage\"},\"thumbnailUrl\":\"https:\/\/now-news.de\/de\/wp-content\/uploads\/sites\/3\/2023\/03\/Massenproteste-in-Israel-Netanjahu-draengt-Militaerchef-zur-Unterbindung-von-Reservisten-Protesten.jpg\",\"keywords\":[\"dr\u00e4ngt\",\"Israel\",\"Massenproteste\",\"Milit\u00e4rchef\",\"Netanjahu\",\"ReservistenProtesten\",\"Unterbindung\",\"von\",\"zur\"],\"articleSection\":[\"Deutschland\",\"Russland\"],\"inLanguage\":\"de\",\"potentialAction\":[{\"@type\":\"CommentAction\",\"name\":\"Comment\",\"target\":[\"https:\/\/now-news.de\/de\/deutschland\/massenproteste-in-israel-netanjahu-draengt-militaerchef-zur-unterbindung-von-reservisten-protesten\/#respond\"]}]},{\"@type\":\"WebPage\",\"@id\":\"https:\/\/now-news.de\/de\/deutschland\/massenproteste-in-israel-netanjahu-draengt-militaerchef-zur-unterbindung-von-reservisten-protesten\/\",\"url\":\"https:\/\/now-news.de\/de\/deutschland\/massenproteste-in-israel-netanjahu-draengt-militaerchef-zur-unterbindung-von-reservisten-protesten\/\",\"name\":\"Massenproteste in Israel: Netanjahu dr\u00e4ngt Milit\u00e4rchef zur Unterbindung von Reservisten-Protesten - just-now.NEWS Deutschland\",\"isPartOf\":{\"@id\":\"https:\/\/now-news.de\/de\/#website\"},\"primaryImageOfPage\":{\"@id\":\"https:\/\/now-news.de\/de\/deutschland\/massenproteste-in-israel-netanjahu-draengt-militaerchef-zur-unterbindung-von-reservisten-protesten\/#primaryimage\"},\"image\":{\"@id\":\"https:\/\/now-news.de\/de\/deutschland\/massenproteste-in-israel-netanjahu-draengt-militaerchef-zur-unterbindung-von-reservisten-protesten\/#primaryimage\"},\"thumbnailUrl\":\"https:\/\/now-news.de\/de\/wp-content\/uploads\/sites\/3\/2023\/03\/Massenproteste-in-Israel-Netanjahu-draengt-Militaerchef-zur-Unterbindung-von-Reservisten-Protesten.jpg\",\"datePublished\":\"2023-03-20T10:08:48+00:00\",\"dateModified\":\"2023-03-20T10:08:48+00:00\",\"breadcrumb\":{\"@id\":\"https:\/\/now-news.de\/de\/deutschland\/massenproteste-in-israel-netanjahu-draengt-militaerchef-zur-unterbindung-von-reservisten-protesten\/#breadcrumb\"},\"inLanguage\":\"de\",\"potentialAction\":[{\"@type\":\"ReadAction\",\"target\":[\"https:\/\/now-news.de\/de\/deutschland\/massenproteste-in-israel-netanjahu-draengt-militaerchef-zur-unterbindung-von-reservisten-protesten\/\"]}]},{\"@type\":\"ImageObject\",\"inLanguage\":\"de\",\"@id\":\"https:\/\/now-news.de\/de\/deutschland\/massenproteste-in-israel-netanjahu-draengt-militaerchef-zur-unterbindung-von-reservisten-protesten\/#primaryimage\",\"url\":\"https:\/\/now-news.de\/de\/wp-content\/uploads\/sites\/3\/2023\/03\/Massenproteste-in-Israel-Netanjahu-draengt-Militaerchef-zur-Unterbindung-von-Reservisten-Protesten.jpg\",\"contentUrl\":\"https:\/\/now-news.de\/de\/wp-content\/uploads\/sites\/3\/2023\/03\/Massenproteste-in-Israel-Netanjahu-draengt-Militaerchef-zur-Unterbindung-von-Reservisten-Protesten.jpg\",\"width\":460,\"height\":259,\"caption\":\"Massenproteste in Israel: Netanjahu dr\u00e4ngt Milit\u00e4rchef zur Unterbindung von Reservisten-Protesten\"},{\"@type\":\"BreadcrumbList\",\"@id\":\"https:\/\/now-news.de\/de\/deutschland\/massenproteste-in-israel-netanjahu-draengt-militaerchef-zur-unterbindung-von-reservisten-protesten\/#breadcrumb\",\"itemListElement\":[{\"@type\":\"ListItem\",\"position\":1,\"name\":\"Home\",\"item\":\"https:\/\/now-news.de\/de\/\"},{\"@type\":\"ListItem\",\"position\":2,\"name\":\"Massenproteste in Israel: Netanjahu dr\u00e4ngt Milit\u00e4rchef zur Unterbindung von Reservisten-Protesten\"}]},{\"@type\":\"WebSite\",\"@id\":\"https:\/\/now-news.de\/de\/#website\",\"url\":\"https:\/\/now-news.de\/de\/\",\"name\":\"just-now.NEWS Deutschland\",\"description\":\"Das Portal f\u00fcr unzensierte Nachrichten aus der Welt\",\"publisher\":{\"@id\":\"https:\/\/now-news.de\/de\/#organization\"},\"potentialAction\":[{\"@type\":\"SearchAction\",\"target\":{\"@type\":\"EntryPoint\",\"urlTemplate\":\"https:\/\/now-news.de\/de\/?s={search_term_string}\"},\"query-input\":\"required name=search_term_string\"}],\"inLanguage\":\"de\"},{\"@type\":\"Organization\",\"@id\":\"https:\/\/now-news.de\/de\/#organization\",\"name\":\"Just Now News\",\"url\":\"https:\/\/now-news.de\/de\/\",\"logo\":{\"@type\":\"ImageObject\",\"inLanguage\":\"de\",\"@id\":\"https:\/\/now-news.de\/de\/#\/schema\/logo\/image\/\",\"url\":\"http:\/\/just-now.news\/de\/wp-content\/uploads\/sites\/3\/2022\/04\/logo500x500.jpg\",\"contentUrl\":\"http:\/\/just-now.news\/de\/wp-content\/uploads\/sites\/3\/2022\/04\/logo500x500.jpg\",\"width\":500,\"height\":500,\"caption\":\"Just Now News\"},\"image\":{\"@id\":\"https:\/\/now-news.de\/de\/#\/schema\/logo\/image\/\"},\"sameAs\":[\"https:\/\/www.facebook.com\/wirmachenauf\",\"https:\/\/x.com\/WirMachenAuf_de\"]},{\"@type\":\"Person\",\"@id\":\"https:\/\/now-news.de\/de\/#\/schema\/person\/fb534a4e865501d8b3285208df34a9b5\",\"name\":\"rtnews\",\"image\":{\"@type\":\"ImageObject\",\"inLanguage\":\"de\",\"@id\":\"https:\/\/now-news.de\/de\/#\/schema\/person\/image\/\",\"url\":\"https:\/\/secure.gravatar.com\/avatar\/82aafea7d8127119dd649515f56e2117?s=96&d=mm&r=g\",\"contentUrl\":\"https:\/\/secure.gravatar.com\/avatar\/82aafea7d8127119dd649515f56e2117?s=96&d=mm&r=g\",\"caption\":\"rtnews\"},\"url\":\"https:\/\/now-news.de\/de\/author\/rnews\/\"}]}<\/script>\n<!-- \/ Yoast SEO Premium plugin. -->","yoast_head_json":{"title":"Massenproteste in Israel: Netanjahu dr\u00e4ngt Milit\u00e4rchef zur Unterbindung von Reservisten-Protesten - just-now.NEWS Deutschland","robots":{"index":"index","follow":"follow","max-snippet":"max-snippet:-1","max-image-preview":"max-image-preview:large","max-video-preview":"max-video-preview:-1"},"canonical":"https:\/\/now-news.de\/de\/deutschland\/massenproteste-in-israel-netanjahu-draengt-militaerchef-zur-unterbindung-von-reservisten-protesten\/","og_locale":"de_DE","og_type":"article","og_title":"Massenproteste in Israel: Netanjahu dr\u00e4ngt Milit\u00e4rchef zur Unterbindung von Reservisten-Protesten","og_description":"Am Samstag protestierten Israelis das elfte Wochenende in Folge gegen die geplante Justizreform. Nun haben sich den Protesten auch hunderte Reservisten angeschlossen. Die israelische Regierung soll inzwischen von ihren Reformpl\u00e4nen Abstand genommen haben. Israels Ministerpr\u00e4sident, Benjamin Netanjahu, forderte am Sonntag die Milit\u00e4rf\u00fchrung auf,\u00a0den Protest hunderter Reservisten gegen die umstrittene Justizreform seiner Regierung zu unterbinden. Rund [&hellip;]","og_url":"https:\/\/now-news.de\/de\/deutschland\/massenproteste-in-israel-netanjahu-draengt-militaerchef-zur-unterbindung-von-reservisten-protesten\/","og_site_name":"just-now.NEWS Deutschland","article_publisher":"https:\/\/www.facebook.com\/wirmachenauf","article_published_time":"2023-03-20T10:08:48+00:00","og_image":[{"width":460,"height":259,"url":"https:\/\/now-news.de\/de\/wp-content\/uploads\/sites\/3\/2023\/03\/Massenproteste-in-Israel-Netanjahu-draengt-Militaerchef-zur-Unterbindung-von-Reservisten-Protesten.jpg","type":"image\/jpeg"}],"author":"rtnews","twitter_card":"summary_large_image","twitter_creator":"@WirMachenAuf_de","twitter_site":"@WirMachenAuf_de","twitter_misc":{"Verfasst von":"rtnews","Gesch\u00e4tzte Lesezeit":"2\u00a0Minuten"},"schema":{"@context":"https:\/\/schema.org","@graph":[{"@type":"Article","@id":"https:\/\/now-news.de\/de\/deutschland\/massenproteste-in-israel-netanjahu-draengt-militaerchef-zur-unterbindung-von-reservisten-protesten\/#article","isPartOf":{"@id":"https:\/\/now-news.de\/de\/deutschland\/massenproteste-in-israel-netanjahu-draengt-militaerchef-zur-unterbindung-von-reservisten-protesten\/"},"author":{"name":"rtnews","@id":"https:\/\/now-news.de\/de\/#\/schema\/person\/fb534a4e865501d8b3285208df34a9b5"},"headline":"Massenproteste in Israel: Netanjahu dr\u00e4ngt Milit\u00e4rchef zur Unterbindung von Reservisten-Protesten","datePublished":"2023-03-20T10:08:48+00:00","dateModified":"2023-03-20T10:08:48+00:00","mainEntityOfPage":{"@id":"https:\/\/now-news.de\/de\/deutschland\/massenproteste-in-israel-netanjahu-draengt-militaerchef-zur-unterbindung-von-reservisten-protesten\/"},"wordCount":339,"commentCount":0,"publisher":{"@id":"https:\/\/now-news.de\/de\/#organization"},"image":{"@id":"https:\/\/now-news.de\/de\/deutschland\/massenproteste-in-israel-netanjahu-draengt-militaerchef-zur-unterbindung-von-reservisten-protesten\/#primaryimage"},"thumbnailUrl":"https:\/\/now-news.de\/de\/wp-content\/uploads\/sites\/3\/2023\/03\/Massenproteste-in-Israel-Netanjahu-draengt-Militaerchef-zur-Unterbindung-von-Reservisten-Protesten.jpg","keywords":["dr\u00e4ngt","Israel","Massenproteste","Milit\u00e4rchef","Netanjahu","ReservistenProtesten","Unterbindung","von","zur"],"articleSection":["Deutschland","Russland"],"inLanguage":"de","potentialAction":[{"@type":"CommentAction","name":"Comment","target":["https:\/\/now-news.de\/de\/deutschland\/massenproteste-in-israel-netanjahu-draengt-militaerchef-zur-unterbindung-von-reservisten-protesten\/#respond"]}]},{"@type":"WebPage","@id":"https:\/\/now-news.de\/de\/deutschland\/massenproteste-in-israel-netanjahu-draengt-militaerchef-zur-unterbindung-von-reservisten-protesten\/","url":"https:\/\/now-news.de\/de\/deutschland\/massenproteste-in-israel-netanjahu-draengt-militaerchef-zur-unterbindung-von-reservisten-protesten\/","name":"Massenproteste in Israel: Netanjahu dr\u00e4ngt Milit\u00e4rchef zur Unterbindung von Reservisten-Protesten - just-now.NEWS Deutschland","isPartOf":{"@id":"https:\/\/now-news.de\/de\/#website"},"primaryImageOfPage":{"@id":"https:\/\/now-news.de\/de\/deutschland\/massenproteste-in-israel-netanjahu-draengt-militaerchef-zur-unterbindung-von-reservisten-protesten\/#primaryimage"},"image":{"@id":"https:\/\/now-news.de\/de\/deutschland\/massenproteste-in-israel-netanjahu-draengt-militaerchef-zur-unterbindung-von-reservisten-protesten\/#primaryimage"},"thumbnailUrl":"https:\/\/now-news.de\/de\/wp-content\/uploads\/sites\/3\/2023\/03\/Massenproteste-in-Israel-Netanjahu-draengt-Militaerchef-zur-Unterbindung-von-Reservisten-Protesten.jpg","datePublished":"2023-03-20T10:08:48+00:00","dateModified":"2023-03-20T10:08:48+00:00","breadcrumb":{"@id":"https:\/\/now-news.de\/de\/deutschland\/massenproteste-in-israel-netanjahu-draengt-militaerchef-zur-unterbindung-von-reservisten-protesten\/#breadcrumb"},"inLanguage":"de","potentialAction":[{"@type":"ReadAction","target":["https:\/\/now-news.de\/de\/deutschland\/massenproteste-in-israel-netanjahu-draengt-militaerchef-zur-unterbindung-von-reservisten-protesten\/"]}]},{"@type":"ImageObject","inLanguage":"de","@id":"https:\/\/now-news.de\/de\/deutschland\/massenproteste-in-israel-netanjahu-draengt-militaerchef-zur-unterbindung-von-reservisten-protesten\/#primaryimage","url":"https:\/\/now-news.de\/de\/wp-content\/uploads\/sites\/3\/2023\/03\/Massenproteste-in-Israel-Netanjahu-draengt-Militaerchef-zur-Unterbindung-von-Reservisten-Protesten.jpg","contentUrl":"https:\/\/now-news.de\/de\/wp-content\/uploads\/sites\/3\/2023\/03\/Massenproteste-in-Israel-Netanjahu-draengt-Militaerchef-zur-Unterbindung-von-Reservisten-Protesten.jpg","width":460,"height":259,"caption":"Massenproteste in Israel: Netanjahu dr\u00e4ngt Milit\u00e4rchef zur Unterbindung von Reservisten-Protesten"},{"@type":"BreadcrumbList","@id":"https:\/\/now-news.de\/de\/deutschland\/massenproteste-in-israel-netanjahu-draengt-militaerchef-zur-unterbindung-von-reservisten-protesten\/#breadcrumb","itemListElement":[{"@type":"ListItem","position":1,"name":"Home","item":"https:\/\/now-news.de\/de\/"},{"@type":"ListItem","position":2,"name":"Massenproteste in Israel: Netanjahu dr\u00e4ngt Milit\u00e4rchef zur Unterbindung von Reservisten-Protesten"}]},{"@type":"WebSite","@id":"https:\/\/now-news.de\/de\/#website","url":"https:\/\/now-news.de\/de\/","name":"just-now.NEWS Deutschland","description":"Das Portal f\u00fcr unzensierte Nachrichten aus der Welt","publisher":{"@id":"https:\/\/now-news.de\/de\/#organization"},"potentialAction":[{"@type":"SearchAction","target":{"@type":"EntryPoint","urlTemplate":"https:\/\/now-news.de\/de\/?s={search_term_string}"},"query-input":"required name=search_term_string"}],"inLanguage":"de"},{"@type":"Organization","@id":"https:\/\/now-news.de\/de\/#organization","name":"Just Now News","url":"https:\/\/now-news.de\/de\/","logo":{"@type":"ImageObject","inLanguage":"de","@id":"https:\/\/now-news.de\/de\/#\/schema\/logo\/image\/","url":"http:\/\/just-now.news\/de\/wp-content\/uploads\/sites\/3\/2022\/04\/logo500x500.jpg","contentUrl":"http:\/\/just-now.news\/de\/wp-content\/uploads\/sites\/3\/2022\/04\/logo500x500.jpg","width":500,"height":500,"caption":"Just Now News"},"image":{"@id":"https:\/\/now-news.de\/de\/#\/schema\/logo\/image\/"},"sameAs":["https:\/\/www.facebook.com\/wirmachenauf","https:\/\/x.com\/WirMachenAuf_de"]},{"@type":"Person","@id":"https:\/\/now-news.de\/de\/#\/schema\/person\/fb534a4e865501d8b3285208df34a9b5","name":"rtnews","image":{"@type":"ImageObject","inLanguage":"de","@id":"https:\/\/now-news.de\/de\/#\/schema\/person\/image\/","url":"https:\/\/secure.gravatar.com\/avatar\/82aafea7d8127119dd649515f56e2117?s=96&d=mm&r=g","contentUrl":"https:\/\/secure.gravatar.com\/avatar\/82aafea7d8127119dd649515f56e2117?s=96&d=mm&r=g","caption":"rtnews"},"url":"https:\/\/now-news.de\/de\/author\/rnews\/"}]}},"_links":{"self":[{"href":"https:\/\/now-news.de\/de\/wp-json\/wp\/v2\/posts\/32613"}],"collection":[{"href":"https:\/\/now-news.de\/de\/wp-json\/wp\/v2\/posts"}],"about":[{"href":"https:\/\/now-news.de\/de\/wp-json\/wp\/v2\/types\/post"}],"author":[{"embeddable":true,"href":"https:\/\/now-news.de\/de\/wp-json\/wp\/v2\/users\/3"}],"replies":[{"embeddable":true,"href":"https:\/\/now-news.de\/de\/wp-json\/wp\/v2\/comments?post=32613"}],"version-history":[{"count":0,"href":"https:\/\/now-news.de\/de\/wp-json\/wp\/v2\/posts\/32613\/revisions"}],"wp:featuredmedia":[{"embeddable":true,"href":"https:\/\/now-news.de\/de\/wp-json\/wp\/v2\/media\/32614"}],"wp:attachment":[{"href":"https:\/\/now-news.de\/de\/wp-json\/wp\/v2\/media?parent=32613"}],"wp:term":[{"taxonomy":"category","embeddable":true,"href":"https:\/\/now-news.de\/de\/wp-json\/wp\/v2\/categories?post=32613"},{"taxonomy":"post_tag","embeddable":true,"href":"https:\/\/now-news.de\/de\/wp-json\/wp\/v2\/tags?post=32613"}],"curies":[{"name":"wp","href":"https:\/\/api.w.org\/{rel}","templated":true}]}}