{"id":32609,"date":"2023-03-20T10:58:48","date_gmt":"2023-03-20T08:58:48","guid":{"rendered":"https:\/\/just-now.news\/de\/deutschland\/usa-zuendeln-am-naechsten-pulverfass-suedkoreas-nukleare-ambitionen\/"},"modified":"2023-03-20T10:58:48","modified_gmt":"2023-03-20T08:58:48","slug":"usa-zuendeln-am-naechsten-pulverfass-suedkoreas-nukleare-ambitionen","status":"publish","type":"post","link":"https:\/\/now-news.de\/de\/deutschland\/usa-zuendeln-am-naechsten-pulverfass-suedkoreas-nukleare-ambitionen\/","title":{"rendered":"USA z\u00fcndeln am n\u00e4chsten Pulverfass: S\u00fcdkoreas nukleare Ambitionen"},"content":{"rendered":"<p><img decoding=\"async\" src=\"http:\/\/just-now.news\/de\/wp-content\/uploads\/sites\/3\/2023\/03\/6416b329b480cc349a114e5d.jpg\" \/><\/p>\n<div class=\"Text-root Text-type_1 \">\n                Der B\u00fcrgermeister von Seoul sprach sich f\u00fcr den Bau von Atomwaffen aus, vorgeblich zur Abschreckung Nordkoreas. Es stellt sich die Frage, was die wahren Pl\u00e4ne jener Kreise in S\u00fcdkorea sind, die einen atomaren Status f\u00fcr ihr Land anstreben. Hat dieser Vorsto\u00df einen direkten Bezug zur russischen Sonderoperation in der Ukraine?\n            <\/div>\n<p><\/p>\n<div class=\"Text-root Text-type_5 ArticleView-text ViewText-root \">\n<p><em>Von Alexander Timochin<\/em><\/p>\n<p>Der B\u00fcrgermeister von Seoul Oh Se-hoon, der f\u00fcr das Amt des Pr\u00e4sidenten der Republik Korea (S\u00fcdkorea) im Jahr 2027 vorgeschlagen wird, hat sich f\u00fcr den Bau von Atomwaffen durch S\u00fcdkorea ausgesprochen. Zur &#8220;Abschreckung Nordkoreas&#8221;, versteht sich. Bislang handelt es sich nur um die \u00c4u\u00dferung eines zweitrangigen Politikers au\u00dferhalb des Kreises von Spitzenpolitikern des Landes. Dennoch ist sie wegweisend und hat einen direkten Bezug zu der russischen Spezialoperation in der Ukraine.<\/p>\n<p>Zun\u00e4chst ein Auszug aus der Erkl\u00e4rung Ohs gegen\u00fcber der Nachrichtenagentur <em>Reuters<\/em>:<\/p>\n<blockquote>\n<p><em>&#8220;Nordkorea ist es gelungen, taktische Atomwaffen zu verkleinern und leichter zu machen, und es verf\u00fcgt \u00fcber mindestens ein Dutzend Sprengk\u00f6pfe. Wir sind an einem Punkt angelangt, an dem es schwierig ist, die Menschen mit Logik davon zu \u00fcberzeugen, dass wir von einer Entwicklung der Atomwaffen absehen sollten.&#8221;<\/em><\/p>\n<\/blockquote>\n<p>Auf der einen Seite ist dies richtig. Die Demokratische Volksrepublik Korea (DVRK) demonstriert immer wieder neue Raketenwaffensysteme und hat vermutlich zunehmend kleinere und leichtere Atomsprengk\u00f6pfe. Dies erm\u00f6glicht es der DVRK, kleinere Tr\u00e4gersysteme f\u00fcr Nuklearwaffen zu bauen. Zum Beispiel Marschflugk\u00f6rper, \u00e4hnlich den US-amerikanischen Tomahawk und russischen Kalibr, und k\u00fcnftig m\u00f6glicherweise auch Artilleriegeschosse.<\/p>\n<p>Angenommen, die S\u00fcdkoreaner halten eine m\u00f6gliche Aggression des Nordens f\u00fcr real, dann haben sie tats\u00e4chlich etwas zu bedenken. Aber, wie man so sch\u00f6n sagt, der Teufel steckt im Detail. Denn es geht nicht nur um die DVRK.<\/p>\n<p>Erstens haben sich die USA verpflichtet, S\u00fcdkorea zu verteidigen, notfalls auch mit Atomwaffen. In mehreren politischen Studien der USA hei\u00dft es ausdr\u00fccklich, Washington m\u00fcsste der DVRK mit dem Einsatz von Atomwaffen drohen, wenn die DVRK ihre eigenen gegen S\u00fcdkorea einsetzte.<\/p>\n<p>Dar\u00fcber hinaus bekr\u00e4ftigte US-Verteidigungsminister Lloyd Austin auf einer gemeinsamen Konferenz mit dem s\u00fcdkoreanischen Verteidigungsminister Jeong Kyeong-doo am 31. Januar, dass die Vereinigten Staaten Nuklearwaffen einsetzen w\u00fcrden, wenn es erforderlich w\u00e4re, um das Land vor einem Angriff der DVRK zu sch\u00fctzen. Die Sicherheit S\u00fcdkoreas scheint damit gew\u00e4hrleistet zu sein.<\/p>\n<p>Und zweitens gibt es eine weitere Nuance. S\u00fcdkorea ist flei\u00dfig bei der Entwicklung seines U-Boot-Programms, das mit ballistischen Raketen bewaffnet ist. Die Entwicklung erfolgt, obwohl S\u00fcdkorea bereits in der Lage ist, jedes Ziel auf nordkoreanischem Gebiet vom Boden aus anzugreifen. Au\u00dferdem hat S\u00fcdkorea bald die M\u00f6glichkeit, seine Schiffe restlos mit Marschflugk\u00f6rpern zu bewaffnen und diese theoretisch auch mit Atomladungen auszustatten.<\/p>\n<p>Stellt man sich ein f\u00fcr S\u00fcdkorea absolut apokalyptisches (und unrealistisches) Szenario eines massiven nuklearen Angriffs des Nordens vor, der zur totalen Vernichtung des gesamten, heute noch nicht vorhandenen Atomwaffenarsenals S\u00fcdkoreas f\u00fchren w\u00fcrde, so k\u00f6nnte ein Vergeltungsschlag gegen Nordkorea mit Marschflugk\u00f6rpern durchaus von See erfolgen. Denn Nordkorea hat nicht die Mittel und wird diese auch nicht haben, in See gestochene s\u00fcdkoreanische Marineschiffe zu versenken.<\/p>\n<p>Dennoch arbeiten die S\u00fcdkoreaner intensiv an U-Boot-gest\u00fctzten ballistischen Raketen. Die Bewaffnung mit solchen nuklearen Systemen erf\u00fcllt zwar den Zweck der Abschreckung, ist aber f\u00fcr die blo\u00dfe Abschreckung Nordkoreas nicht erforderlich.<\/p>\n<p>Es stellt sich die Frage, was die wahren Pl\u00e4ne jener Kreise in S\u00fcdkorea sind, die den atomaren Status des Landes anstreben. Und warum wird dar\u00fcber gerade jetzt so lautstark gesprochen? Immerhin ist die nukleare Bedrohung durch den Norden schon viele Jahre alt, und die S\u00fcdkoreaner haben fr\u00fcher im Stillen an ihrem Atomprogramm gearbeitet, um keine Aufmerksamkeit zu erregen. Wir erlauben uns, zwei Vermutungen anzustellen.<\/p>\n<p><strong>Die s\u00fcdkoreanische Bombe und der Krieg in der Ukraine<\/strong><\/p>\n<p>Auf keinen Fall sollte geleugnet werden, dass die Atomwaffen Nordkoreas ein Hauptanliegen des S\u00fcdens sind und die wesentliche Motivation f\u00fcr ein potenzielles zuk\u00fcnftiges Atomprogramm S\u00fcdkoreas darstellen. Anscheinend ist dies aber nicht das einzige Problem.<\/p>\n<p>Die Bestrebungen S\u00fcdkoreas, U-Boot-gest\u00fctzte ballistische Raketen anzuschaffen, sind eindeutig nicht als Abschreckung gegen Nordkorea gedacht, sondern generell als Abschreckung. Die M\u00f6glichkeit, diese Raketen mit einer Atomladung auszustatten, ist aufgrund eines m\u00f6glichen s\u00fcdkoreanischen Atomprogramms unumstritten. Dar\u00fcber hinaus sollten solche Raketen auch als Mittel zum Erstschlag betrachtet werden, da die S\u00fcdkoreaner in der Tradition der US-Seestreitkr\u00e4fte erzogen wurden. Und eigentlich sind sie das auch.<\/p>\n<p>Man bekommt den Eindruck, dass manche Vertreter der s\u00fcdkoreanischen Elite nicht nur den Wunsch hegen, sich gegen Nordkorea zu verteidigen (was nat\u00fcrlich auch der Fall ist), sondern grunds\u00e4tzlich den Status ihres Landes anheben wollen. S\u00fcdkorea ist ein Wirtschafts- und Industrieriese und verf\u00fcgt \u00fcber eine zwar kleine, aber sehr moderne Hochseeflotte. Das Land ist auf dem weltweiten R\u00fcstungsmarkt pr\u00e4sent, hat einen beachtlichen Fortschritt in der Kampfflugzeugtechnik gemacht, hat beinahe das Monopol f\u00fcr die Produktion von Speicherchips f\u00fcr die Computertechnik, was dem Land einen sehr wichtigen Platz in der internationalen Arbeitsteilung verschafft, und verf\u00fcgt \u00fcber ein gro\u00dfes Potenzial im Raketenbau. Warum also nicht ein paar Stufen h\u00f6her steigen als nur eine der &#8220;Fabriken der Welt&#8221;?<\/p>\n<p>Gewiss, wie viele S\u00fcdkoreaner bef\u00fcrchten, k\u00f6nnte der Besitz von Atomwaffen das Land unter internationalen Druck setzen. Die Vorteile des neuen Status des Landes sind allerdings gewichtiger als diese Risiken.<\/p>\n<p>Und gerade hier kann man die Vermutung aufstellen, weshalb die nuklearen Ambitionen jetzt ge\u00e4u\u00dfert werden. Noch dazu von jemandem, der zwar nicht der politischen F\u00fchrung des Landes angeh\u00f6rt, aber auch nicht die letzte Person in dieser F\u00fchrung ist, sowie von einem potenziellen Pr\u00e4sidenten. Schlie\u00dflich ist die nukleare Bedrohung durch Nordkorea nicht neu, das muss man immer wieder betonen. Es liegt an den Vereinigten Staaten.<\/p>\n<p>Die milit\u00e4rische Spezialoperation Russlands in der Ukraine hat gezeigt, dass die USA mit all ihrer Macht nicht mehr die volle Kontrolle \u00fcber den Lauf der Welt haben. So waren die USA zum Beispiel nicht in der Lage, etwas gegen diejenigen L\u00e4nder zu unternehmen, die sich einer vollst\u00e4ndigen Einhaltung der antirussischen Sanktionen widersetzt haben. Selbst der Ukraine liefern sie lediglich Waffen und nachrichtendienstliche Informationen, sind aber nicht direkt am Krieg beteiligt und tun ihr Bestes, eine direkte Konfrontation mit Russland zu vermeiden.<\/p>\n<p>Vor diesem Hintergrund wird f\u00fcr die meisten L\u00e4nder dieser Welt eine einfache und f\u00fcr manche erschreckende Tatsache deutlich. Es ist egal, dass die USA immer noch das m\u00e4chtigste Land der Welt sind. Sie k\u00f6nnen nicht mehr f\u00fcr die Sicherheit ihrer Vasallen garantieren. Heute ist jeder f\u00fcr sich selbst verantwortlich.<\/p>\n<p>Nicht umsonst betonte Oh, der Konflikt in der Ukraine habe ihn in seiner Ansicht best\u00e4rkt, dass S\u00fcdkorea den nuklearen Status erlangen sollte. In den Augen der Mehrheit der einheimischen Eliten sind sie nun gezwungen, allein in einer Welt zu \u00fcberleben, in der jeder f\u00fcr sich selbst einsteht. In dieser Situation sind Nuklearwaffen eine wichtige St\u00fctze. Zus\u00e4tzlich ist die Besitznahme solcher Waffen mit der Freiheit in au\u00dfenpolitischen Entscheiden verbunden. Unter anderem von solchen, die der gr\u00f6\u00dften s\u00fcdkoreanischen Zerst\u00f6rer der Welt mit jeweils 128 Raketen bed\u00fcrfen.<\/p>\n<p>Zweifellos wird der Hauptzweck des s\u00fcdkoreanischen Atomwaffenarsenals, sollte es jemals dazu kommen, darin bestehen, den n\u00f6rdlichen Nachbarn abzuschrecken. Doch eine nicht minder wichtige zweite Aufgabe wird darin bestehen, S\u00fcdkorea in die Lage zu versetzen, in einer Welt aus eigener Kraft zu \u00fcberleben und zu gedeihen, die nicht mehr von den USA beherrscht wird.<\/p>\n<p>In einer multipolaren Welt.<\/p>\n<p><em>Zuerst erschienen bei Wsgljad. \u00dcbersetzt aus dem <a rel=\"nofollow noopener\" target=\"_blank\" href=\"https:\/\/vz.ru\/world\/2023\/3\/14\/1203029.html\">Russischen<\/a>.<\/em><\/p>\n<p><strong>Mehr zum Thema &#8211;<\/strong>\u00a0<a rel=\"nofollow noopener\" target=\"_blank\" href=\"https:\/\/pressefreiheit.rtde.tech\/russland\/160936-uebung-im-atlantik-russische-fregatte\/\">\u00dcbung im Atlantik: Russische Fregatte feuert Hyperschallrakete Zirkon anhand Computersimulation ab<\/a><\/p>\n<\/div>\n<p><br \/>\n<br \/><a href=\"https:\/\/de.rt.com\/meinung\/165618-nuklearen-ambitionen-suedkoreas\/\">Source link <\/a><\/p>\n","protected":false},"excerpt":{"rendered":"<p>Der B\u00fcrgermeister von Seoul sprach sich f\u00fcr den Bau von Atomwaffen aus, vorgeblich zur Abschreckung Nordkoreas. Es stellt sich die Frage, was die wahren Pl\u00e4ne jener Kreise in S\u00fcdkorea sind, die einen atomaren Status f\u00fcr ihr Land anstreben. Hat dieser Vorsto\u00df einen direkten Bezug zur russischen Sonderoperation in der Ukraine? Von Alexander Timochin Der B\u00fcrgermeister [&hellip;]<\/p>\n","protected":false},"author":3,"featured_media":32610,"comment_status":"open","ping_status":"open","sticky":false,"template":"","format":"standard","meta":{"_yoast_indexnow_last_ping":["1679303214"],"wp_automatic_camp":["217"],"558b32820054b1f9764ec5f51bbd5d2a":["USA z\u00fcndeln am n\u00e4chsten Pulverfass: S\u00fcdkoreas nukleare Ambitionen"],"original_link":["https:\/\/de.rt.com\/meinung\/165618-nuklearen-ambitionen-suedkoreas\/"],"_thumbnail_id":["32610"],"_wptgpro_p2tg_sent2tg":["a:1:{i:23737;s:19:\"2023-03-20 11:07:55\";}"],"jnews_social_counter_last_update":["1777378834"]},"categories":[19,23],"tags":[19315,7529,18812,33083,7777,193,42105],"yoast_head":"<!-- This site is optimized with the Yoast SEO Premium plugin v22.7 (Yoast SEO v22.7) - https:\/\/yoast.com\/wordpress\/plugins\/seo\/ -->\n<title>USA z\u00fcndeln am n\u00e4chsten Pulverfass: S\u00fcdkoreas nukleare Ambitionen - just-now.NEWS Deutschland<\/title>\n<meta name=\"robots\" content=\"index, follow, max-snippet:-1, max-image-preview:large, max-video-preview:-1\" \/>\n<link rel=\"canonical\" href=\"https:\/\/now-news.de\/de\/deutschland\/usa-zuendeln-am-naechsten-pulverfass-suedkoreas-nukleare-ambitionen\/\" \/>\n<meta property=\"og:locale\" content=\"de_DE\" \/>\n<meta property=\"og:type\" content=\"article\" \/>\n<meta property=\"og:title\" content=\"USA z\u00fcndeln am n\u00e4chsten Pulverfass: S\u00fcdkoreas nukleare Ambitionen\" \/>\n<meta property=\"og:description\" content=\"Der B\u00fcrgermeister von Seoul sprach sich f\u00fcr den Bau von Atomwaffen aus, vorgeblich zur Abschreckung Nordkoreas. Es stellt sich die Frage, was die wahren Pl\u00e4ne jener Kreise in S\u00fcdkorea sind, die einen atomaren Status f\u00fcr ihr Land anstreben. Hat dieser Vorsto\u00df einen direkten Bezug zur russischen Sonderoperation in der Ukraine? Von Alexander Timochin Der B\u00fcrgermeister [&hellip;]\" \/>\n<meta property=\"og:url\" content=\"https:\/\/now-news.de\/de\/deutschland\/usa-zuendeln-am-naechsten-pulverfass-suedkoreas-nukleare-ambitionen\/\" \/>\n<meta property=\"og:site_name\" content=\"just-now.NEWS Deutschland\" \/>\n<meta property=\"article:publisher\" content=\"https:\/\/www.facebook.com\/wirmachenauf\" \/>\n<meta property=\"article:published_time\" content=\"2023-03-20T08:58:48+00:00\" \/>\n<meta property=\"og:image\" content=\"https:\/\/now-news.de\/de\/wp-content\/uploads\/sites\/3\/2023\/03\/USA-zuendeln-am-naechsten-Pulverfass-Suedkoreas-nukleare-Ambitionen.jpg\" \/>\n\t<meta property=\"og:image:width\" content=\"460\" \/>\n\t<meta property=\"og:image:height\" content=\"259\" \/>\n\t<meta property=\"og:image:type\" content=\"image\/jpeg\" \/>\n<meta name=\"author\" content=\"rtnews\" \/>\n<meta name=\"twitter:card\" content=\"summary_large_image\" \/>\n<meta name=\"twitter:creator\" content=\"@WirMachenAuf_de\" \/>\n<meta name=\"twitter:site\" content=\"@WirMachenAuf_de\" \/>\n<meta name=\"twitter:label1\" content=\"Verfasst von\" \/>\n\t<meta name=\"twitter:data1\" content=\"rtnews\" \/>\n\t<meta name=\"twitter:label2\" content=\"Gesch\u00e4tzte Lesezeit\" \/>\n\t<meta name=\"twitter:data2\" content=\"7\u00a0Minuten\" \/>\n<script type=\"application\/ld+json\" class=\"yoast-schema-graph\">{\"@context\":\"https:\/\/schema.org\",\"@graph\":[{\"@type\":\"Article\",\"@id\":\"https:\/\/now-news.de\/de\/deutschland\/usa-zuendeln-am-naechsten-pulverfass-suedkoreas-nukleare-ambitionen\/#article\",\"isPartOf\":{\"@id\":\"https:\/\/now-news.de\/de\/deutschland\/usa-zuendeln-am-naechsten-pulverfass-suedkoreas-nukleare-ambitionen\/\"},\"author\":{\"name\":\"rtnews\",\"@id\":\"https:\/\/now-news.de\/de\/#\/schema\/person\/fb534a4e865501d8b3285208df34a9b5\"},\"headline\":\"USA z\u00fcndeln am n\u00e4chsten Pulverfass: S\u00fcdkoreas nukleare Ambitionen\",\"datePublished\":\"2023-03-20T08:58:48+00:00\",\"dateModified\":\"2023-03-20T08:58:48+00:00\",\"mainEntityOfPage\":{\"@id\":\"https:\/\/now-news.de\/de\/deutschland\/usa-zuendeln-am-naechsten-pulverfass-suedkoreas-nukleare-ambitionen\/\"},\"wordCount\":1316,\"commentCount\":0,\"publisher\":{\"@id\":\"https:\/\/now-news.de\/de\/#organization\"},\"image\":{\"@id\":\"https:\/\/now-news.de\/de\/deutschland\/usa-zuendeln-am-naechsten-pulverfass-suedkoreas-nukleare-ambitionen\/#primaryimage\"},\"thumbnailUrl\":\"https:\/\/now-news.de\/de\/wp-content\/uploads\/sites\/3\/2023\/03\/USA-zuendeln-am-naechsten-Pulverfass-Suedkoreas-nukleare-Ambitionen.jpg\",\"keywords\":[\"Ambitionen\",\"n\u00e4chsten\",\"nukleare\",\"Pulverfass\",\"S\u00fcdkoreas\",\"USA\",\"Z\u00fcndeln\"],\"articleSection\":[\"Deutschland\",\"Russland\"],\"inLanguage\":\"de\",\"potentialAction\":[{\"@type\":\"CommentAction\",\"name\":\"Comment\",\"target\":[\"https:\/\/now-news.de\/de\/deutschland\/usa-zuendeln-am-naechsten-pulverfass-suedkoreas-nukleare-ambitionen\/#respond\"]}]},{\"@type\":\"WebPage\",\"@id\":\"https:\/\/now-news.de\/de\/deutschland\/usa-zuendeln-am-naechsten-pulverfass-suedkoreas-nukleare-ambitionen\/\",\"url\":\"https:\/\/now-news.de\/de\/deutschland\/usa-zuendeln-am-naechsten-pulverfass-suedkoreas-nukleare-ambitionen\/\",\"name\":\"USA z\u00fcndeln am n\u00e4chsten Pulverfass: S\u00fcdkoreas nukleare Ambitionen - just-now.NEWS Deutschland\",\"isPartOf\":{\"@id\":\"https:\/\/now-news.de\/de\/#website\"},\"primaryImageOfPage\":{\"@id\":\"https:\/\/now-news.de\/de\/deutschland\/usa-zuendeln-am-naechsten-pulverfass-suedkoreas-nukleare-ambitionen\/#primaryimage\"},\"image\":{\"@id\":\"https:\/\/now-news.de\/de\/deutschland\/usa-zuendeln-am-naechsten-pulverfass-suedkoreas-nukleare-ambitionen\/#primaryimage\"},\"thumbnailUrl\":\"https:\/\/now-news.de\/de\/wp-content\/uploads\/sites\/3\/2023\/03\/USA-zuendeln-am-naechsten-Pulverfass-Suedkoreas-nukleare-Ambitionen.jpg\",\"datePublished\":\"2023-03-20T08:58:48+00:00\",\"dateModified\":\"2023-03-20T08:58:48+00:00\",\"breadcrumb\":{\"@id\":\"https:\/\/now-news.de\/de\/deutschland\/usa-zuendeln-am-naechsten-pulverfass-suedkoreas-nukleare-ambitionen\/#breadcrumb\"},\"inLanguage\":\"de\",\"potentialAction\":[{\"@type\":\"ReadAction\",\"target\":[\"https:\/\/now-news.de\/de\/deutschland\/usa-zuendeln-am-naechsten-pulverfass-suedkoreas-nukleare-ambitionen\/\"]}]},{\"@type\":\"ImageObject\",\"inLanguage\":\"de\",\"@id\":\"https:\/\/now-news.de\/de\/deutschland\/usa-zuendeln-am-naechsten-pulverfass-suedkoreas-nukleare-ambitionen\/#primaryimage\",\"url\":\"https:\/\/now-news.de\/de\/wp-content\/uploads\/sites\/3\/2023\/03\/USA-zuendeln-am-naechsten-Pulverfass-Suedkoreas-nukleare-Ambitionen.jpg\",\"contentUrl\":\"https:\/\/now-news.de\/de\/wp-content\/uploads\/sites\/3\/2023\/03\/USA-zuendeln-am-naechsten-Pulverfass-Suedkoreas-nukleare-Ambitionen.jpg\",\"width\":460,\"height\":259,\"caption\":\"USA z\u00fcndeln am n\u00e4chsten Pulverfass: S\u00fcdkoreas nukleare Ambitionen\"},{\"@type\":\"BreadcrumbList\",\"@id\":\"https:\/\/now-news.de\/de\/deutschland\/usa-zuendeln-am-naechsten-pulverfass-suedkoreas-nukleare-ambitionen\/#breadcrumb\",\"itemListElement\":[{\"@type\":\"ListItem\",\"position\":1,\"name\":\"Home\",\"item\":\"https:\/\/now-news.de\/de\/\"},{\"@type\":\"ListItem\",\"position\":2,\"name\":\"USA z\u00fcndeln am n\u00e4chsten Pulverfass: S\u00fcdkoreas nukleare Ambitionen\"}]},{\"@type\":\"WebSite\",\"@id\":\"https:\/\/now-news.de\/de\/#website\",\"url\":\"https:\/\/now-news.de\/de\/\",\"name\":\"just-now.NEWS Deutschland\",\"description\":\"Das Portal f\u00fcr unzensierte Nachrichten aus der Welt\",\"publisher\":{\"@id\":\"https:\/\/now-news.de\/de\/#organization\"},\"potentialAction\":[{\"@type\":\"SearchAction\",\"target\":{\"@type\":\"EntryPoint\",\"urlTemplate\":\"https:\/\/now-news.de\/de\/?s={search_term_string}\"},\"query-input\":\"required name=search_term_string\"}],\"inLanguage\":\"de\"},{\"@type\":\"Organization\",\"@id\":\"https:\/\/now-news.de\/de\/#organization\",\"name\":\"Just Now News\",\"url\":\"https:\/\/now-news.de\/de\/\",\"logo\":{\"@type\":\"ImageObject\",\"inLanguage\":\"de\",\"@id\":\"https:\/\/now-news.de\/de\/#\/schema\/logo\/image\/\",\"url\":\"http:\/\/just-now.news\/de\/wp-content\/uploads\/sites\/3\/2022\/04\/logo500x500.jpg\",\"contentUrl\":\"http:\/\/just-now.news\/de\/wp-content\/uploads\/sites\/3\/2022\/04\/logo500x500.jpg\",\"width\":500,\"height\":500,\"caption\":\"Just Now News\"},\"image\":{\"@id\":\"https:\/\/now-news.de\/de\/#\/schema\/logo\/image\/\"},\"sameAs\":[\"https:\/\/www.facebook.com\/wirmachenauf\",\"https:\/\/x.com\/WirMachenAuf_de\"]},{\"@type\":\"Person\",\"@id\":\"https:\/\/now-news.de\/de\/#\/schema\/person\/fb534a4e865501d8b3285208df34a9b5\",\"name\":\"rtnews\",\"image\":{\"@type\":\"ImageObject\",\"inLanguage\":\"de\",\"@id\":\"https:\/\/now-news.de\/de\/#\/schema\/person\/image\/\",\"url\":\"https:\/\/secure.gravatar.com\/avatar\/82aafea7d8127119dd649515f56e2117?s=96&d=mm&r=g\",\"contentUrl\":\"https:\/\/secure.gravatar.com\/avatar\/82aafea7d8127119dd649515f56e2117?s=96&d=mm&r=g\",\"caption\":\"rtnews\"},\"url\":\"https:\/\/now-news.de\/de\/author\/rnews\/\"}]}<\/script>\n<!-- \/ Yoast SEO Premium plugin. -->","yoast_head_json":{"title":"USA z\u00fcndeln am n\u00e4chsten Pulverfass: S\u00fcdkoreas nukleare Ambitionen - just-now.NEWS Deutschland","robots":{"index":"index","follow":"follow","max-snippet":"max-snippet:-1","max-image-preview":"max-image-preview:large","max-video-preview":"max-video-preview:-1"},"canonical":"https:\/\/now-news.de\/de\/deutschland\/usa-zuendeln-am-naechsten-pulverfass-suedkoreas-nukleare-ambitionen\/","og_locale":"de_DE","og_type":"article","og_title":"USA z\u00fcndeln am n\u00e4chsten Pulverfass: S\u00fcdkoreas nukleare Ambitionen","og_description":"Der B\u00fcrgermeister von Seoul sprach sich f\u00fcr den Bau von Atomwaffen aus, vorgeblich zur Abschreckung Nordkoreas. Es stellt sich die Frage, was die wahren Pl\u00e4ne jener Kreise in S\u00fcdkorea sind, die einen atomaren Status f\u00fcr ihr Land anstreben. Hat dieser Vorsto\u00df einen direkten Bezug zur russischen Sonderoperation in der Ukraine? Von Alexander Timochin Der B\u00fcrgermeister [&hellip;]","og_url":"https:\/\/now-news.de\/de\/deutschland\/usa-zuendeln-am-naechsten-pulverfass-suedkoreas-nukleare-ambitionen\/","og_site_name":"just-now.NEWS Deutschland","article_publisher":"https:\/\/www.facebook.com\/wirmachenauf","article_published_time":"2023-03-20T08:58:48+00:00","og_image":[{"width":460,"height":259,"url":"https:\/\/now-news.de\/de\/wp-content\/uploads\/sites\/3\/2023\/03\/USA-zuendeln-am-naechsten-Pulverfass-Suedkoreas-nukleare-Ambitionen.jpg","type":"image\/jpeg"}],"author":"rtnews","twitter_card":"summary_large_image","twitter_creator":"@WirMachenAuf_de","twitter_site":"@WirMachenAuf_de","twitter_misc":{"Verfasst von":"rtnews","Gesch\u00e4tzte Lesezeit":"7\u00a0Minuten"},"schema":{"@context":"https:\/\/schema.org","@graph":[{"@type":"Article","@id":"https:\/\/now-news.de\/de\/deutschland\/usa-zuendeln-am-naechsten-pulverfass-suedkoreas-nukleare-ambitionen\/#article","isPartOf":{"@id":"https:\/\/now-news.de\/de\/deutschland\/usa-zuendeln-am-naechsten-pulverfass-suedkoreas-nukleare-ambitionen\/"},"author":{"name":"rtnews","@id":"https:\/\/now-news.de\/de\/#\/schema\/person\/fb534a4e865501d8b3285208df34a9b5"},"headline":"USA z\u00fcndeln am n\u00e4chsten Pulverfass: S\u00fcdkoreas nukleare Ambitionen","datePublished":"2023-03-20T08:58:48+00:00","dateModified":"2023-03-20T08:58:48+00:00","mainEntityOfPage":{"@id":"https:\/\/now-news.de\/de\/deutschland\/usa-zuendeln-am-naechsten-pulverfass-suedkoreas-nukleare-ambitionen\/"},"wordCount":1316,"commentCount":0,"publisher":{"@id":"https:\/\/now-news.de\/de\/#organization"},"image":{"@id":"https:\/\/now-news.de\/de\/deutschland\/usa-zuendeln-am-naechsten-pulverfass-suedkoreas-nukleare-ambitionen\/#primaryimage"},"thumbnailUrl":"https:\/\/now-news.de\/de\/wp-content\/uploads\/sites\/3\/2023\/03\/USA-zuendeln-am-naechsten-Pulverfass-Suedkoreas-nukleare-Ambitionen.jpg","keywords":["Ambitionen","n\u00e4chsten","nukleare","Pulverfass","S\u00fcdkoreas","USA","Z\u00fcndeln"],"articleSection":["Deutschland","Russland"],"inLanguage":"de","potentialAction":[{"@type":"CommentAction","name":"Comment","target":["https:\/\/now-news.de\/de\/deutschland\/usa-zuendeln-am-naechsten-pulverfass-suedkoreas-nukleare-ambitionen\/#respond"]}]},{"@type":"WebPage","@id":"https:\/\/now-news.de\/de\/deutschland\/usa-zuendeln-am-naechsten-pulverfass-suedkoreas-nukleare-ambitionen\/","url":"https:\/\/now-news.de\/de\/deutschland\/usa-zuendeln-am-naechsten-pulverfass-suedkoreas-nukleare-ambitionen\/","name":"USA z\u00fcndeln am n\u00e4chsten Pulverfass: S\u00fcdkoreas nukleare Ambitionen - just-now.NEWS Deutschland","isPartOf":{"@id":"https:\/\/now-news.de\/de\/#website"},"primaryImageOfPage":{"@id":"https:\/\/now-news.de\/de\/deutschland\/usa-zuendeln-am-naechsten-pulverfass-suedkoreas-nukleare-ambitionen\/#primaryimage"},"image":{"@id":"https:\/\/now-news.de\/de\/deutschland\/usa-zuendeln-am-naechsten-pulverfass-suedkoreas-nukleare-ambitionen\/#primaryimage"},"thumbnailUrl":"https:\/\/now-news.de\/de\/wp-content\/uploads\/sites\/3\/2023\/03\/USA-zuendeln-am-naechsten-Pulverfass-Suedkoreas-nukleare-Ambitionen.jpg","datePublished":"2023-03-20T08:58:48+00:00","dateModified":"2023-03-20T08:58:48+00:00","breadcrumb":{"@id":"https:\/\/now-news.de\/de\/deutschland\/usa-zuendeln-am-naechsten-pulverfass-suedkoreas-nukleare-ambitionen\/#breadcrumb"},"inLanguage":"de","potentialAction":[{"@type":"ReadAction","target":["https:\/\/now-news.de\/de\/deutschland\/usa-zuendeln-am-naechsten-pulverfass-suedkoreas-nukleare-ambitionen\/"]}]},{"@type":"ImageObject","inLanguage":"de","@id":"https:\/\/now-news.de\/de\/deutschland\/usa-zuendeln-am-naechsten-pulverfass-suedkoreas-nukleare-ambitionen\/#primaryimage","url":"https:\/\/now-news.de\/de\/wp-content\/uploads\/sites\/3\/2023\/03\/USA-zuendeln-am-naechsten-Pulverfass-Suedkoreas-nukleare-Ambitionen.jpg","contentUrl":"https:\/\/now-news.de\/de\/wp-content\/uploads\/sites\/3\/2023\/03\/USA-zuendeln-am-naechsten-Pulverfass-Suedkoreas-nukleare-Ambitionen.jpg","width":460,"height":259,"caption":"USA z\u00fcndeln am n\u00e4chsten Pulverfass: S\u00fcdkoreas nukleare Ambitionen"},{"@type":"BreadcrumbList","@id":"https:\/\/now-news.de\/de\/deutschland\/usa-zuendeln-am-naechsten-pulverfass-suedkoreas-nukleare-ambitionen\/#breadcrumb","itemListElement":[{"@type":"ListItem","position":1,"name":"Home","item":"https:\/\/now-news.de\/de\/"},{"@type":"ListItem","position":2,"name":"USA z\u00fcndeln am n\u00e4chsten Pulverfass: S\u00fcdkoreas nukleare Ambitionen"}]},{"@type":"WebSite","@id":"https:\/\/now-news.de\/de\/#website","url":"https:\/\/now-news.de\/de\/","name":"just-now.NEWS Deutschland","description":"Das Portal f\u00fcr unzensierte Nachrichten aus der Welt","publisher":{"@id":"https:\/\/now-news.de\/de\/#organization"},"potentialAction":[{"@type":"SearchAction","target":{"@type":"EntryPoint","urlTemplate":"https:\/\/now-news.de\/de\/?s={search_term_string}"},"query-input":"required name=search_term_string"}],"inLanguage":"de"},{"@type":"Organization","@id":"https:\/\/now-news.de\/de\/#organization","name":"Just Now News","url":"https:\/\/now-news.de\/de\/","logo":{"@type":"ImageObject","inLanguage":"de","@id":"https:\/\/now-news.de\/de\/#\/schema\/logo\/image\/","url":"http:\/\/just-now.news\/de\/wp-content\/uploads\/sites\/3\/2022\/04\/logo500x500.jpg","contentUrl":"http:\/\/just-now.news\/de\/wp-content\/uploads\/sites\/3\/2022\/04\/logo500x500.jpg","width":500,"height":500,"caption":"Just Now News"},"image":{"@id":"https:\/\/now-news.de\/de\/#\/schema\/logo\/image\/"},"sameAs":["https:\/\/www.facebook.com\/wirmachenauf","https:\/\/x.com\/WirMachenAuf_de"]},{"@type":"Person","@id":"https:\/\/now-news.de\/de\/#\/schema\/person\/fb534a4e865501d8b3285208df34a9b5","name":"rtnews","image":{"@type":"ImageObject","inLanguage":"de","@id":"https:\/\/now-news.de\/de\/#\/schema\/person\/image\/","url":"https:\/\/secure.gravatar.com\/avatar\/82aafea7d8127119dd649515f56e2117?s=96&d=mm&r=g","contentUrl":"https:\/\/secure.gravatar.com\/avatar\/82aafea7d8127119dd649515f56e2117?s=96&d=mm&r=g","caption":"rtnews"},"url":"https:\/\/now-news.de\/de\/author\/rnews\/"}]}},"_links":{"self":[{"href":"https:\/\/now-news.de\/de\/wp-json\/wp\/v2\/posts\/32609"}],"collection":[{"href":"https:\/\/now-news.de\/de\/wp-json\/wp\/v2\/posts"}],"about":[{"href":"https:\/\/now-news.de\/de\/wp-json\/wp\/v2\/types\/post"}],"author":[{"embeddable":true,"href":"https:\/\/now-news.de\/de\/wp-json\/wp\/v2\/users\/3"}],"replies":[{"embeddable":true,"href":"https:\/\/now-news.de\/de\/wp-json\/wp\/v2\/comments?post=32609"}],"version-history":[{"count":0,"href":"https:\/\/now-news.de\/de\/wp-json\/wp\/v2\/posts\/32609\/revisions"}],"wp:featuredmedia":[{"embeddable":true,"href":"https:\/\/now-news.de\/de\/wp-json\/wp\/v2\/media\/32610"}],"wp:attachment":[{"href":"https:\/\/now-news.de\/de\/wp-json\/wp\/v2\/media?parent=32609"}],"wp:term":[{"taxonomy":"category","embeddable":true,"href":"https:\/\/now-news.de\/de\/wp-json\/wp\/v2\/categories?post=32609"},{"taxonomy":"post_tag","embeddable":true,"href":"https:\/\/now-news.de\/de\/wp-json\/wp\/v2\/tags?post=32609"}],"curies":[{"name":"wp","href":"https:\/\/api.w.org\/{rel}","templated":true}]}}