{"id":32586,"date":"2023-03-19T20:17:04","date_gmt":"2023-03-19T18:17:04","guid":{"rendered":"https:\/\/just-now.news\/de\/deutschland\/orientierung-kommt-von-orient-20-jahrestag-des-irakkriegs-und-dessen-folgen\/"},"modified":"2023-03-19T20:17:04","modified_gmt":"2023-03-19T18:17:04","slug":"orientierung-kommt-von-orient-20-jahrestag-des-irakkriegs-und-dessen-folgen","status":"publish","type":"post","link":"https:\/\/now-news.de\/de\/deutschland\/orientierung-kommt-von-orient-20-jahrestag-des-irakkriegs-und-dessen-folgen\/","title":{"rendered":"Orientierung kommt von Orient: 20. Jahrestag des Irakkriegs und dessen Folgen"},"content":{"rendered":"<p><img decoding=\"async\" src=\"http:\/\/just-now.news\/de\/wp-content\/uploads\/sites\/3\/2023\/03\/64174ffbb480cc2491059126.jpg\" \/><\/p>\n<div class=\"Text-root Text-type_1 \">\n                In der Nacht vom 19. auf den 20. M\u00e4rz begann die US-Luftwaffe Bagdad zu bombardieren. Die EU und die NATO waren tief gespalten. Die neuen NATO-Mitglieder aus Mittel- und Osteuropa waren f\u00fcr den Krieg, Paris und Berlin widersetzten sich. Moskau und Peking begannen damals nicht nur ihre wirtschaftliche, sondern auch diplomatische Zusammenarbeit.\n            <\/div>\n<p><\/p>\n<div class=\"Text-root Text-type_5 ArticleView-text ViewText-root \">\n<p><em>Von Karin Kneissl<\/em><\/p>\n<p><strong>Zum 20. Jahrestag des Angriffs der USA und ihrer Verb\u00fcndeten auf den Irak\u00a0<\/strong><\/p>\n<p>Im R\u00fcckspiegel der Geschichte betrachtet erlangt das Zeitgeschehen klare Konturen, da sich das Gesamtbild in all seinen Auswirkungen zeigt. In zwanzig Jahren kann wenig oder einiges passieren. Zwischen dem M\u00e4rz 2003 und diesen M\u00e4rztagen im Jahr 2023 haben Entwicklungen eingesetzt, welche Katastrophen \u00fcber Millionen Menschen im Nahen Osten brachten. Der Zerst\u00f6rung des Iraks, die Aufl\u00f6sung der Armee durch den ersten &#8220;US-Konsul&#8221; Paul Bremer im Mai 2023 und die Fl\u00fcchtlingsstr\u00f6me in Nachbarstaaten wie Syrien und Jordanien mit den nachfolgenden terroristischen Anschl\u00e4gen, z\u00e4hlen zu diesen Kriegsfolgen.<\/p>\n<p><strong>Die neuen Mittel der Propaganda<\/strong><\/p>\n<p>\u00dcber die fadenscheinigen Kriegsgr\u00fcnde, wie ein inexistentes Arsenal von Massenvernichtungswaffen und Bagdads angebliche Rolle im islamistischen Terrorismus, wurde ein Jahr sp\u00e4ter ausf\u00fchrlich geschrieben. Ab dem Fr\u00fchjahr 2004 lagen bereits Beweise vor, was alles erlogen worden war \u2013 ob seitens der Internationalen Atomenergiebeh\u00f6rde oder dank Recherchen wie der des US-Publizisten Seymour Hersh.<\/p>\n<p>Selten zuvor waren Desinformationskampagnen und all das, was man seit der Regierungszeit von Donald Trump als &#8220;fake news&#8221; bezeichnet, derart akribisch zum Laufen gebracht worden. Diverse Thinktanks lie\u00dfen ihre Experten ausschw\u00e4rmen, welche f\u00fcr &#8220;Regime Change und Demokratie&#8221; im Irak warben. Wer dagegen argumentierte, war antiisraelisch, antiamerikanisch und so weiter.<\/p>\n<p>Ich geh\u00f6rte zu jenen, die in Debatten und Vortr\u00e4gen, ob im TV oder an Universit\u00e4ten, sich den Mund fusselig redeten, um gegen diesen Krieg anzutreten. Doch die Kriegsmaschinerie der USA und ihrer Verb\u00fcndeten, ob des britischen Premiers Tony Blair oder des damaligen spanischen Premiers Jos\u00e9 Maria Aznar, hatte bereits lange zuvor zu laufen begonnen. Mit den Anschl\u00e4gen vom 11. September wurde bereits eine Verkn\u00fcpfung zu Bagdad hergestellt, wenngleich keine Verbindung zwischen der Regierung von Saddam Hussein und den Attent\u00e4tern bestand. Zur Erinnerung: Unter den Terroristen, welche die Maschinen pilotierten, war kein einziger irakischer oder afghanischer Staatsb\u00fcrger. Es handelte sich vorwiegend um saudische Staatsangeh\u00f6rige.<\/p>\n<p><strong>&#8220;The unfinished business&#8221; und die Bush-Familie<\/strong><\/p>\n<p>Doch bereits im Herbst des Jahres 2001 wurden in Washington die Kriegsszenarien f\u00fcr einen Einmarsch im Irak nebst Regimewechsel neuerlich durchgespielt. An der Johns Hopkins Universit\u00e4t hatte der stellvertretende Verteidigungsminister Paul Wolfowitz in seiner fr\u00fcheren Funktion als Dekan dies in Seminaren internationaler Politik ebenso unternommen. Die Arbeitshypothese von Wolfowitz lautete, dass der Irak infolge einer Liberalisierung seiner Erd\u00f6lindustrie den Wiederaufbau nach einem Krieg gleichsam aus eigener Tasche finanzieren w\u00fcrde \u2013 also aus dem Erd\u00f6lexport.<\/p>\n<p>Die Gruppe rund um den Vizepr\u00e4sidenten Dick Cheney, der neben Wolfowitz auch dessen Vorgesetzter Donald Rumsfeld angeh\u00f6rte, waren zweifellos die wesentlichen Einfl\u00fcsterer des US-Pr\u00e4sidenten George W. Bush. Im Gegensatz zu seinem Vater, George H. Bush, der als langj\u00e4hriger CIA-Direktor ein versierter Analytiker war, verf\u00fcgte der relativ unerfahrene Pr\u00e4sident nicht \u00fcber eine pers\u00f6nliche klare Linie. Aber in Sachen Irak hatte er dennoch eine Position, wenngleich diese weniger reflektiert als vielmehr ein alter Reflex war. Es ging darum, das sogenannte &#8220;unfinished business&#8221; des Irakkrieges von Anfang 1991 zu Ende zu bringen.<\/p>\n<p>Die Kriegskoalition aus dem Jahr 1991 unter F\u00fchrung der USA operierte auf Basis einer Resolution des UNO-Sicherheitsrates. Es handelte sich nicht um Krieg im v\u00f6lkerrechtlichen Sinne, sondern war eine von der UNO-Satzung vorgesehene Ma\u00dfnahme gegen einen Staat. Einzig der damalige jordanische K\u00f6nig Hussein hatte sich hinter Saddam Hussein gestellt, alle anderen unterst\u00fctzten den Krieg gegen Bagdad. Die US-Regierung hatte sich klar an die UNO Resolution gehalten, bei der es nur um die Wiederherstellung der territorialen Integrit\u00e4t Kuwaits, nicht aber einen Sturz der Bagdader Regierung ging.<\/p>\n<p>Hierbei setzte man vielmehr auf die Kurden im Norden des Landes und ermunterte diese zum Aufstand gegen Bagdad. Die Rebellion wurde von der irakischen Armee niedergeschlagen, ebenso eine Erhebung im schiitisch dominierten S\u00fcden des Landes. Vielleicht hatten sich die Rebellen auch mehr konkrete Milit\u00e4rhilfe der USA erwartet. Fazit war, dass Langzeitherrscher Hussein trotz milit\u00e4rischer Niederlage fest im Sattel sa\u00df.<\/p>\n<p>Aus US-Sicht war man gescheitert und innerhalb der Bush Familie war die Rede vom &#8220;unfinished business&#8221;, also dem unerledigten Gesch\u00e4ft. F\u00fcr George W. Bush ergab sich mit dem Einmarsch in den Irak die M\u00f6glichkeit, die vielleicht psychologisch betrachtet eine Rolle gespielt haben mag, aus dem Schatten des m\u00e4chtigen Vaters hervorzutreten und einen Regimewechsel herbeizuf\u00fchren.\u00a0 Jedenfalls hatte ich in Gespr\u00e4chen mit US-Vertretern stets den Eindruck, dass bereits mit dem 11. September eine Obsession zum Irak um sich gegriffen hatte, die in einem Angriff m\u00fcnden w\u00fcrde.<\/p>\n<p><strong>Der UNO-Sicherheitsrat in Aufruhr<\/strong><\/p>\n<p>Im Vorfeld zur Irak-Invasion prallten im Gremium des UNO-Sicherheitsrates die Positionen hart aufeinander. W\u00e4hrend der US-Au\u00dfenminister Colin Powell mit einer fragw\u00fcrdigen PowerPoint-Pr\u00e4sentation f\u00fcr die Pr\u00e4senz von Massenvernichtungswaffen im Irak gleichsam warb, stellten sich die Au\u00dfenminister von Deutschland und Frankreich teils unter Beifall im Rat gegen einen Angriff.<\/p>\n<p>Zeitgleich begannen damals China und Russland, die beide vehement gegen einen Krieg waren, zumal sie auch Erd\u00f6linteressen im Irak verfolgten, sich bei Entscheidungen abzustimmen. Gewisserma\u00dfen begann die enge Kooperation zwischen Moskau und Peking in einer koordinierten multilateralen Vorgehensweise. Es war beiden Regierungen klar, dass mit einem Krieg die B\u00fcchse der Pandora ge\u00f6ffnet w\u00fcrde und der Kollaps der irakischen Institutionen zu einer regionalen Anarchie f\u00fchren w\u00fcrde.<\/p>\n<p>Genauso sollte es dann auch kommen. Es folgten die Jahre der w\u00f6chentlichen Anschl\u00e4ge, des Aufstiegs des Islamischen Staats im Jahr 2014 und die vielen innerirakischen Konflikte. Wer ein wenig die Verh\u00e4ltnisse im Land kannte, wusste um die Katastrophe, die sich mit dem Kriegsbeginn am 20. M\u00e4rz 2003 anbahnte.<\/p>\n<p><strong>China und Russland unterwegs in eine neue Weltordnung<\/strong><\/p>\n<p>Wenn nun am 20. M\u00e4rz der chinesische Staatspr\u00e4sident Xi Jinping zu einem dreit\u00e4gigen Staatsbesuch in Moskau eintrifft, dann geht es nicht nur um bilaterale Energiebeziehungen, die seit dem Jahr 2004 systematisch betrieben werden. \u00a0Wie bereits bei ihrer gemeinsamen Erkl\u00e4rung in Peking im Februar 2022 wollen Wladimir Putin und Xi Jinping ihre Au\u00dfenpolitik abstimmen und gemeinsam voranbringen. Dass das Ukraine-Dossier hierbei auch zur Sprache kommt, ist zu erwarten, wird aber wohl von den medialen Erwartungen im Westen \u00fcbersch\u00e4tzt.<\/p>\n<p>Es mag reiner Zufall sein, dass genau dieses Datum ausgew\u00e4hlt wurde, n\u00e4mlich der 20. Jahrestag der Irakinvasion. Aber dieser Zufall zeigt im R\u00fcckblick dieser zwei Jahrzehnte, warum und wie intensiv die russischen und chinesischen Strategien sich verwoben haben. Zudem hilft auch die gute pers\u00f6nliche Chemie zwischen den beiden Pr\u00e4sidenten.<\/p>\n<p>Ein Wortspiel, das ich immer wieder gerne bediene und in diesem Zusammenhang vortrefflich passt, lautet: Orientierung kommt von Orient. Peking und Moskau wissen ihren Blick auf den Osten zu teilen. Zwanzig Jahre nach der US-Invasion im Irak und Millionen Toten und Vertriebenen wollen China und Russland damit auch ihre Sicht auf die Welt noch einmal systematisch vorantreiben. Der Irakkrieg zeitigte neben all dem Elend auch konkrete analytische Folgen.<\/p>\n<p><strong>Mehr zum Thema<\/strong> &#8211; <a rel=\"nofollow noopener\" target=\"_blank\" href=\"https:\/\/gegenzensur.rtde.life\/der-nahe-osten\/164852-20-jahrestag-us-invasion-im-irak\/\">20. Jahrestag der US-Invasion im Irak: St\u00e4rkt der Westen wieder seine Pr\u00e4senz in Nahost?<\/a><\/p>\n<\/p>\n<\/div>\n<p><br \/>\n<br \/><a href=\"https:\/\/de.rt.com\/international\/165711-orientierung-kommt-von-orient-irakkrieg\/\">Source link <\/a><\/p>\n","protected":false},"excerpt":{"rendered":"<p>In der Nacht vom 19. auf den 20. M\u00e4rz begann die US-Luftwaffe Bagdad zu bombardieren. Die EU und die NATO waren tief gespalten. Die neuen NATO-Mitglieder aus Mittel- und Osteuropa waren f\u00fcr den Krieg, Paris und Berlin widersetzten sich. Moskau und Peking begannen damals nicht nur ihre wirtschaftliche, sondern auch diplomatische Zusammenarbeit. Von Karin Kneissl [&hellip;]<\/p>\n","protected":false},"author":3,"featured_media":32587,"comment_status":"open","ping_status":"open","sticky":false,"template":"","format":"standard","meta":{"_yoast_indexnow_last_ping":["1679250174"],"wp_automatic_camp":["217"],"fd1bd1dcf0393a71e7e8e4d0de539573":["Orientierung kommt von Orient: 20. Jahrestag des Irakkriegs und dessen Folgen"],"original_link":["https:\/\/de.rt.com\/international\/165711-orientierung-kommt-von-orient-irakkrieg\/"],"_thumbnail_id":["32587"],"_wptgpro_p2tg_sent2tg":["a:1:{i:23737;s:19:\"2023-03-19 20:23:56\";}"],"jnews_social_counter_last_update":["1777102110"]},"categories":[19,23],"tags":[583,17847,2378,42193,16868,310,20471,20470,140,50],"yoast_head":"<!-- This site is optimized with the Yoast SEO Premium plugin v22.7 (Yoast SEO v22.7) - https:\/\/yoast.com\/wordpress\/plugins\/seo\/ -->\n<title>Orientierung kommt von Orient: 20. Jahrestag des Irakkriegs und dessen Folgen - just-now.NEWS Deutschland<\/title>\n<meta name=\"robots\" content=\"index, follow, max-snippet:-1, max-image-preview:large, max-video-preview:-1\" \/>\n<link rel=\"canonical\" href=\"https:\/\/now-news.de\/de\/deutschland\/orientierung-kommt-von-orient-20-jahrestag-des-irakkriegs-und-dessen-folgen\/\" \/>\n<meta property=\"og:locale\" content=\"de_DE\" \/>\n<meta property=\"og:type\" content=\"article\" \/>\n<meta property=\"og:title\" content=\"Orientierung kommt von Orient: 20. Jahrestag des Irakkriegs und dessen Folgen\" \/>\n<meta property=\"og:description\" content=\"In der Nacht vom 19. auf den 20. M\u00e4rz begann die US-Luftwaffe Bagdad zu bombardieren. Die EU und die NATO waren tief gespalten. Die neuen NATO-Mitglieder aus Mittel- und Osteuropa waren f\u00fcr den Krieg, Paris und Berlin widersetzten sich. Moskau und Peking begannen damals nicht nur ihre wirtschaftliche, sondern auch diplomatische Zusammenarbeit. Von Karin Kneissl [&hellip;]\" \/>\n<meta property=\"og:url\" content=\"https:\/\/now-news.de\/de\/deutschland\/orientierung-kommt-von-orient-20-jahrestag-des-irakkriegs-und-dessen-folgen\/\" \/>\n<meta property=\"og:site_name\" content=\"just-now.NEWS Deutschland\" \/>\n<meta property=\"article:publisher\" content=\"https:\/\/www.facebook.com\/wirmachenauf\" \/>\n<meta property=\"article:published_time\" content=\"2023-03-19T18:17:04+00:00\" \/>\n<meta property=\"og:image\" content=\"https:\/\/now-news.de\/de\/wp-content\/uploads\/sites\/3\/2023\/03\/Orientierung-kommt-von-Orient-20-Jahrestag-des-Irakkriegs-und-dessen.jpg\" \/>\n\t<meta property=\"og:image:width\" content=\"460\" \/>\n\t<meta property=\"og:image:height\" content=\"259\" \/>\n\t<meta property=\"og:image:type\" content=\"image\/jpeg\" \/>\n<meta name=\"author\" content=\"rtnews\" \/>\n<meta name=\"twitter:card\" content=\"summary_large_image\" \/>\n<meta name=\"twitter:creator\" content=\"@WirMachenAuf_de\" \/>\n<meta name=\"twitter:site\" content=\"@WirMachenAuf_de\" \/>\n<meta name=\"twitter:label1\" content=\"Verfasst von\" \/>\n\t<meta name=\"twitter:data1\" content=\"rtnews\" \/>\n\t<meta name=\"twitter:label2\" content=\"Gesch\u00e4tzte Lesezeit\" \/>\n\t<meta name=\"twitter:data2\" content=\"6\u00a0Minuten\" \/>\n<script type=\"application\/ld+json\" class=\"yoast-schema-graph\">{\"@context\":\"https:\/\/schema.org\",\"@graph\":[{\"@type\":\"Article\",\"@id\":\"https:\/\/now-news.de\/de\/deutschland\/orientierung-kommt-von-orient-20-jahrestag-des-irakkriegs-und-dessen-folgen\/#article\",\"isPartOf\":{\"@id\":\"https:\/\/now-news.de\/de\/deutschland\/orientierung-kommt-von-orient-20-jahrestag-des-irakkriegs-und-dessen-folgen\/\"},\"author\":{\"name\":\"rtnews\",\"@id\":\"https:\/\/now-news.de\/de\/#\/schema\/person\/fb534a4e865501d8b3285208df34a9b5\"},\"headline\":\"Orientierung kommt von Orient: 20. Jahrestag des Irakkriegs und dessen Folgen\",\"datePublished\":\"2023-03-19T18:17:04+00:00\",\"dateModified\":\"2023-03-19T18:17:04+00:00\",\"mainEntityOfPage\":{\"@id\":\"https:\/\/now-news.de\/de\/deutschland\/orientierung-kommt-von-orient-20-jahrestag-des-irakkriegs-und-dessen-folgen\/\"},\"wordCount\":1223,\"commentCount\":0,\"publisher\":{\"@id\":\"https:\/\/now-news.de\/de\/#organization\"},\"image\":{\"@id\":\"https:\/\/now-news.de\/de\/deutschland\/orientierung-kommt-von-orient-20-jahrestag-des-irakkriegs-und-dessen-folgen\/#primaryimage\"},\"thumbnailUrl\":\"https:\/\/now-news.de\/de\/wp-content\/uploads\/sites\/3\/2023\/03\/Orientierung-kommt-von-Orient-20-Jahrestag-des-Irakkriegs-und-dessen.jpg\",\"keywords\":[\"des\",\"dessen\",\"Folgen\",\"Irakkriegs\",\"Jahrestag\",\"kommt\",\"Orient\",\"Orientierung\",\"und\",\"von\"],\"articleSection\":[\"Deutschland\",\"Russland\"],\"inLanguage\":\"de\",\"potentialAction\":[{\"@type\":\"CommentAction\",\"name\":\"Comment\",\"target\":[\"https:\/\/now-news.de\/de\/deutschland\/orientierung-kommt-von-orient-20-jahrestag-des-irakkriegs-und-dessen-folgen\/#respond\"]}]},{\"@type\":\"WebPage\",\"@id\":\"https:\/\/now-news.de\/de\/deutschland\/orientierung-kommt-von-orient-20-jahrestag-des-irakkriegs-und-dessen-folgen\/\",\"url\":\"https:\/\/now-news.de\/de\/deutschland\/orientierung-kommt-von-orient-20-jahrestag-des-irakkriegs-und-dessen-folgen\/\",\"name\":\"Orientierung kommt von Orient: 20. Jahrestag des Irakkriegs und dessen Folgen - just-now.NEWS Deutschland\",\"isPartOf\":{\"@id\":\"https:\/\/now-news.de\/de\/#website\"},\"primaryImageOfPage\":{\"@id\":\"https:\/\/now-news.de\/de\/deutschland\/orientierung-kommt-von-orient-20-jahrestag-des-irakkriegs-und-dessen-folgen\/#primaryimage\"},\"image\":{\"@id\":\"https:\/\/now-news.de\/de\/deutschland\/orientierung-kommt-von-orient-20-jahrestag-des-irakkriegs-und-dessen-folgen\/#primaryimage\"},\"thumbnailUrl\":\"https:\/\/now-news.de\/de\/wp-content\/uploads\/sites\/3\/2023\/03\/Orientierung-kommt-von-Orient-20-Jahrestag-des-Irakkriegs-und-dessen.jpg\",\"datePublished\":\"2023-03-19T18:17:04+00:00\",\"dateModified\":\"2023-03-19T18:17:04+00:00\",\"breadcrumb\":{\"@id\":\"https:\/\/now-news.de\/de\/deutschland\/orientierung-kommt-von-orient-20-jahrestag-des-irakkriegs-und-dessen-folgen\/#breadcrumb\"},\"inLanguage\":\"de\",\"potentialAction\":[{\"@type\":\"ReadAction\",\"target\":[\"https:\/\/now-news.de\/de\/deutschland\/orientierung-kommt-von-orient-20-jahrestag-des-irakkriegs-und-dessen-folgen\/\"]}]},{\"@type\":\"ImageObject\",\"inLanguage\":\"de\",\"@id\":\"https:\/\/now-news.de\/de\/deutschland\/orientierung-kommt-von-orient-20-jahrestag-des-irakkriegs-und-dessen-folgen\/#primaryimage\",\"url\":\"https:\/\/now-news.de\/de\/wp-content\/uploads\/sites\/3\/2023\/03\/Orientierung-kommt-von-Orient-20-Jahrestag-des-Irakkriegs-und-dessen.jpg\",\"contentUrl\":\"https:\/\/now-news.de\/de\/wp-content\/uploads\/sites\/3\/2023\/03\/Orientierung-kommt-von-Orient-20-Jahrestag-des-Irakkriegs-und-dessen.jpg\",\"width\":460,\"height\":259,\"caption\":\"Orientierung kommt von Orient: 20. Jahrestag des Irakkriegs und dessen Folgen\"},{\"@type\":\"BreadcrumbList\",\"@id\":\"https:\/\/now-news.de\/de\/deutschland\/orientierung-kommt-von-orient-20-jahrestag-des-irakkriegs-und-dessen-folgen\/#breadcrumb\",\"itemListElement\":[{\"@type\":\"ListItem\",\"position\":1,\"name\":\"Home\",\"item\":\"https:\/\/now-news.de\/de\/\"},{\"@type\":\"ListItem\",\"position\":2,\"name\":\"Orientierung kommt von Orient: 20. Jahrestag des Irakkriegs und dessen Folgen\"}]},{\"@type\":\"WebSite\",\"@id\":\"https:\/\/now-news.de\/de\/#website\",\"url\":\"https:\/\/now-news.de\/de\/\",\"name\":\"just-now.NEWS Deutschland\",\"description\":\"Das Portal f\u00fcr unzensierte Nachrichten aus der Welt\",\"publisher\":{\"@id\":\"https:\/\/now-news.de\/de\/#organization\"},\"potentialAction\":[{\"@type\":\"SearchAction\",\"target\":{\"@type\":\"EntryPoint\",\"urlTemplate\":\"https:\/\/now-news.de\/de\/?s={search_term_string}\"},\"query-input\":\"required name=search_term_string\"}],\"inLanguage\":\"de\"},{\"@type\":\"Organization\",\"@id\":\"https:\/\/now-news.de\/de\/#organization\",\"name\":\"Just Now News\",\"url\":\"https:\/\/now-news.de\/de\/\",\"logo\":{\"@type\":\"ImageObject\",\"inLanguage\":\"de\",\"@id\":\"https:\/\/now-news.de\/de\/#\/schema\/logo\/image\/\",\"url\":\"http:\/\/just-now.news\/de\/wp-content\/uploads\/sites\/3\/2022\/04\/logo500x500.jpg\",\"contentUrl\":\"http:\/\/just-now.news\/de\/wp-content\/uploads\/sites\/3\/2022\/04\/logo500x500.jpg\",\"width\":500,\"height\":500,\"caption\":\"Just Now News\"},\"image\":{\"@id\":\"https:\/\/now-news.de\/de\/#\/schema\/logo\/image\/\"},\"sameAs\":[\"https:\/\/www.facebook.com\/wirmachenauf\",\"https:\/\/x.com\/WirMachenAuf_de\"]},{\"@type\":\"Person\",\"@id\":\"https:\/\/now-news.de\/de\/#\/schema\/person\/fb534a4e865501d8b3285208df34a9b5\",\"name\":\"rtnews\",\"image\":{\"@type\":\"ImageObject\",\"inLanguage\":\"de\",\"@id\":\"https:\/\/now-news.de\/de\/#\/schema\/person\/image\/\",\"url\":\"https:\/\/secure.gravatar.com\/avatar\/82aafea7d8127119dd649515f56e2117?s=96&d=mm&r=g\",\"contentUrl\":\"https:\/\/secure.gravatar.com\/avatar\/82aafea7d8127119dd649515f56e2117?s=96&d=mm&r=g\",\"caption\":\"rtnews\"},\"url\":\"https:\/\/now-news.de\/de\/author\/rnews\/\"}]}<\/script>\n<!-- \/ Yoast SEO Premium plugin. -->","yoast_head_json":{"title":"Orientierung kommt von Orient: 20. Jahrestag des Irakkriegs und dessen Folgen - just-now.NEWS Deutschland","robots":{"index":"index","follow":"follow","max-snippet":"max-snippet:-1","max-image-preview":"max-image-preview:large","max-video-preview":"max-video-preview:-1"},"canonical":"https:\/\/now-news.de\/de\/deutschland\/orientierung-kommt-von-orient-20-jahrestag-des-irakkriegs-und-dessen-folgen\/","og_locale":"de_DE","og_type":"article","og_title":"Orientierung kommt von Orient: 20. Jahrestag des Irakkriegs und dessen Folgen","og_description":"In der Nacht vom 19. auf den 20. M\u00e4rz begann die US-Luftwaffe Bagdad zu bombardieren. Die EU und die NATO waren tief gespalten. Die neuen NATO-Mitglieder aus Mittel- und Osteuropa waren f\u00fcr den Krieg, Paris und Berlin widersetzten sich. Moskau und Peking begannen damals nicht nur ihre wirtschaftliche, sondern auch diplomatische Zusammenarbeit. Von Karin Kneissl [&hellip;]","og_url":"https:\/\/now-news.de\/de\/deutschland\/orientierung-kommt-von-orient-20-jahrestag-des-irakkriegs-und-dessen-folgen\/","og_site_name":"just-now.NEWS Deutschland","article_publisher":"https:\/\/www.facebook.com\/wirmachenauf","article_published_time":"2023-03-19T18:17:04+00:00","og_image":[{"width":460,"height":259,"url":"https:\/\/now-news.de\/de\/wp-content\/uploads\/sites\/3\/2023\/03\/Orientierung-kommt-von-Orient-20-Jahrestag-des-Irakkriegs-und-dessen.jpg","type":"image\/jpeg"}],"author":"rtnews","twitter_card":"summary_large_image","twitter_creator":"@WirMachenAuf_de","twitter_site":"@WirMachenAuf_de","twitter_misc":{"Verfasst von":"rtnews","Gesch\u00e4tzte Lesezeit":"6\u00a0Minuten"},"schema":{"@context":"https:\/\/schema.org","@graph":[{"@type":"Article","@id":"https:\/\/now-news.de\/de\/deutschland\/orientierung-kommt-von-orient-20-jahrestag-des-irakkriegs-und-dessen-folgen\/#article","isPartOf":{"@id":"https:\/\/now-news.de\/de\/deutschland\/orientierung-kommt-von-orient-20-jahrestag-des-irakkriegs-und-dessen-folgen\/"},"author":{"name":"rtnews","@id":"https:\/\/now-news.de\/de\/#\/schema\/person\/fb534a4e865501d8b3285208df34a9b5"},"headline":"Orientierung kommt von Orient: 20. Jahrestag des Irakkriegs und dessen Folgen","datePublished":"2023-03-19T18:17:04+00:00","dateModified":"2023-03-19T18:17:04+00:00","mainEntityOfPage":{"@id":"https:\/\/now-news.de\/de\/deutschland\/orientierung-kommt-von-orient-20-jahrestag-des-irakkriegs-und-dessen-folgen\/"},"wordCount":1223,"commentCount":0,"publisher":{"@id":"https:\/\/now-news.de\/de\/#organization"},"image":{"@id":"https:\/\/now-news.de\/de\/deutschland\/orientierung-kommt-von-orient-20-jahrestag-des-irakkriegs-und-dessen-folgen\/#primaryimage"},"thumbnailUrl":"https:\/\/now-news.de\/de\/wp-content\/uploads\/sites\/3\/2023\/03\/Orientierung-kommt-von-Orient-20-Jahrestag-des-Irakkriegs-und-dessen.jpg","keywords":["des","dessen","Folgen","Irakkriegs","Jahrestag","kommt","Orient","Orientierung","und","von"],"articleSection":["Deutschland","Russland"],"inLanguage":"de","potentialAction":[{"@type":"CommentAction","name":"Comment","target":["https:\/\/now-news.de\/de\/deutschland\/orientierung-kommt-von-orient-20-jahrestag-des-irakkriegs-und-dessen-folgen\/#respond"]}]},{"@type":"WebPage","@id":"https:\/\/now-news.de\/de\/deutschland\/orientierung-kommt-von-orient-20-jahrestag-des-irakkriegs-und-dessen-folgen\/","url":"https:\/\/now-news.de\/de\/deutschland\/orientierung-kommt-von-orient-20-jahrestag-des-irakkriegs-und-dessen-folgen\/","name":"Orientierung kommt von Orient: 20. Jahrestag des Irakkriegs und dessen Folgen - just-now.NEWS Deutschland","isPartOf":{"@id":"https:\/\/now-news.de\/de\/#website"},"primaryImageOfPage":{"@id":"https:\/\/now-news.de\/de\/deutschland\/orientierung-kommt-von-orient-20-jahrestag-des-irakkriegs-und-dessen-folgen\/#primaryimage"},"image":{"@id":"https:\/\/now-news.de\/de\/deutschland\/orientierung-kommt-von-orient-20-jahrestag-des-irakkriegs-und-dessen-folgen\/#primaryimage"},"thumbnailUrl":"https:\/\/now-news.de\/de\/wp-content\/uploads\/sites\/3\/2023\/03\/Orientierung-kommt-von-Orient-20-Jahrestag-des-Irakkriegs-und-dessen.jpg","datePublished":"2023-03-19T18:17:04+00:00","dateModified":"2023-03-19T18:17:04+00:00","breadcrumb":{"@id":"https:\/\/now-news.de\/de\/deutschland\/orientierung-kommt-von-orient-20-jahrestag-des-irakkriegs-und-dessen-folgen\/#breadcrumb"},"inLanguage":"de","potentialAction":[{"@type":"ReadAction","target":["https:\/\/now-news.de\/de\/deutschland\/orientierung-kommt-von-orient-20-jahrestag-des-irakkriegs-und-dessen-folgen\/"]}]},{"@type":"ImageObject","inLanguage":"de","@id":"https:\/\/now-news.de\/de\/deutschland\/orientierung-kommt-von-orient-20-jahrestag-des-irakkriegs-und-dessen-folgen\/#primaryimage","url":"https:\/\/now-news.de\/de\/wp-content\/uploads\/sites\/3\/2023\/03\/Orientierung-kommt-von-Orient-20-Jahrestag-des-Irakkriegs-und-dessen.jpg","contentUrl":"https:\/\/now-news.de\/de\/wp-content\/uploads\/sites\/3\/2023\/03\/Orientierung-kommt-von-Orient-20-Jahrestag-des-Irakkriegs-und-dessen.jpg","width":460,"height":259,"caption":"Orientierung kommt von Orient: 20. Jahrestag des Irakkriegs und dessen Folgen"},{"@type":"BreadcrumbList","@id":"https:\/\/now-news.de\/de\/deutschland\/orientierung-kommt-von-orient-20-jahrestag-des-irakkriegs-und-dessen-folgen\/#breadcrumb","itemListElement":[{"@type":"ListItem","position":1,"name":"Home","item":"https:\/\/now-news.de\/de\/"},{"@type":"ListItem","position":2,"name":"Orientierung kommt von Orient: 20. Jahrestag des Irakkriegs und dessen Folgen"}]},{"@type":"WebSite","@id":"https:\/\/now-news.de\/de\/#website","url":"https:\/\/now-news.de\/de\/","name":"just-now.NEWS Deutschland","description":"Das Portal f\u00fcr unzensierte Nachrichten aus der Welt","publisher":{"@id":"https:\/\/now-news.de\/de\/#organization"},"potentialAction":[{"@type":"SearchAction","target":{"@type":"EntryPoint","urlTemplate":"https:\/\/now-news.de\/de\/?s={search_term_string}"},"query-input":"required name=search_term_string"}],"inLanguage":"de"},{"@type":"Organization","@id":"https:\/\/now-news.de\/de\/#organization","name":"Just Now News","url":"https:\/\/now-news.de\/de\/","logo":{"@type":"ImageObject","inLanguage":"de","@id":"https:\/\/now-news.de\/de\/#\/schema\/logo\/image\/","url":"http:\/\/just-now.news\/de\/wp-content\/uploads\/sites\/3\/2022\/04\/logo500x500.jpg","contentUrl":"http:\/\/just-now.news\/de\/wp-content\/uploads\/sites\/3\/2022\/04\/logo500x500.jpg","width":500,"height":500,"caption":"Just Now News"},"image":{"@id":"https:\/\/now-news.de\/de\/#\/schema\/logo\/image\/"},"sameAs":["https:\/\/www.facebook.com\/wirmachenauf","https:\/\/x.com\/WirMachenAuf_de"]},{"@type":"Person","@id":"https:\/\/now-news.de\/de\/#\/schema\/person\/fb534a4e865501d8b3285208df34a9b5","name":"rtnews","image":{"@type":"ImageObject","inLanguage":"de","@id":"https:\/\/now-news.de\/de\/#\/schema\/person\/image\/","url":"https:\/\/secure.gravatar.com\/avatar\/82aafea7d8127119dd649515f56e2117?s=96&d=mm&r=g","contentUrl":"https:\/\/secure.gravatar.com\/avatar\/82aafea7d8127119dd649515f56e2117?s=96&d=mm&r=g","caption":"rtnews"},"url":"https:\/\/now-news.de\/de\/author\/rnews\/"}]}},"_links":{"self":[{"href":"https:\/\/now-news.de\/de\/wp-json\/wp\/v2\/posts\/32586"}],"collection":[{"href":"https:\/\/now-news.de\/de\/wp-json\/wp\/v2\/posts"}],"about":[{"href":"https:\/\/now-news.de\/de\/wp-json\/wp\/v2\/types\/post"}],"author":[{"embeddable":true,"href":"https:\/\/now-news.de\/de\/wp-json\/wp\/v2\/users\/3"}],"replies":[{"embeddable":true,"href":"https:\/\/now-news.de\/de\/wp-json\/wp\/v2\/comments?post=32586"}],"version-history":[{"count":0,"href":"https:\/\/now-news.de\/de\/wp-json\/wp\/v2\/posts\/32586\/revisions"}],"wp:featuredmedia":[{"embeddable":true,"href":"https:\/\/now-news.de\/de\/wp-json\/wp\/v2\/media\/32587"}],"wp:attachment":[{"href":"https:\/\/now-news.de\/de\/wp-json\/wp\/v2\/media?parent=32586"}],"wp:term":[{"taxonomy":"category","embeddable":true,"href":"https:\/\/now-news.de\/de\/wp-json\/wp\/v2\/categories?post=32586"},{"taxonomy":"post_tag","embeddable":true,"href":"https:\/\/now-news.de\/de\/wp-json\/wp\/v2\/tags?post=32586"}],"curies":[{"name":"wp","href":"https:\/\/api.w.org\/{rel}","templated":true}]}}