{"id":32582,"date":"2023-03-19T19:04:12","date_gmt":"2023-03-19T17:04:12","guid":{"rendered":"https:\/\/just-now.news\/de\/deutschland\/vucic-keine-anerkennung-des-kosovo-in-meiner-praesidentschaft\/"},"modified":"2023-03-19T19:04:12","modified_gmt":"2023-03-19T17:04:12","slug":"vucic-keine-anerkennung-des-kosovo-in-meiner-praesidentschaft","status":"publish","type":"post","link":"https:\/\/now-news.de\/de\/deutschland\/vucic-keine-anerkennung-des-kosovo-in-meiner-praesidentschaft\/","title":{"rendered":"Vu\u010di\u0107: Keine Anerkennung des Kosovo in meiner Pr\u00e4sidentschaft"},"content":{"rendered":"<p><img decoding=\"async\" src=\"http:\/\/just-now.news\/de\/wp-content\/uploads\/sites\/3\/2023\/03\/64173550b480cc205f761bac.jpg\" \/><\/p>\n<div class=\"Text-root Text-type_1 \">\n                Der Kosovo und Serbien sollen laut einem im Februar verhandelten Abkommen verschiedene Schritte aufeinander zugehen. Allerdings fehlt dazu die Unterschrift des serbischen Pr\u00e4sidenten Vu\u010di\u0107. Dazu wie auch zu der Entscheidung des Strafgerichtshofs gegen Putin \u00e4u\u00dferte sich der serbische Pr\u00e4sident.\n            <\/div>\n<p><\/p>\n<div class=\"Text-root Text-type_5 ArticleView-text ViewText-root \">\n<p>Der serbische Pr\u00e4sident Aleksandar Vu\u010di\u0107 hatte erkl\u00e4rt, dass die Entscheidung \u00fcber den Kosovo vom serbischen Volk getroffen werde. Am Sonntag sagte er in einer Ansprache an die Nation, dass er vor dem Ende seiner Amtszeit, die 2027 ausl\u00e4uft, kein Dokument zur Anerkennung des Kosovo unterzeichnen werde.<\/p>\n<p>Auf die Frage eines Journalisten, warum er es vermeide, neue Abkommen mit Pristina zu unterzeichnen, antwortete der serbische Pr\u00e4sident:<\/p>\n<blockquote>\n<p><em>&#8220;Ich habe unertr\u00e4gliche Schmerzen in der rechten Hand, und ich kann nur mit der rechten Hand unterschreiben, und diese Schmerzen werden die n\u00e4chsten vier Jahre anhalten. Was die Unterschrift betrifft, so war das nat\u00fcrlich ein Scherz. Ich bin f\u00fcr das Land Serbien zust\u00e4ndig, und meine Unterschrift w\u00e4re f\u00fcr die Republik Serbien rechtsverbindlich, also wei\u00df ich, was ich unterschreiben muss und was nicht. Ich verhalte mich verantwortungsbewusst und ernsthaft.&#8221;<\/em><\/p>\n<\/blockquote>\n<p>Die Anerkennung der Unabh\u00e4ngigkeit des Kosovo und dessen Beitritt zur UNO werde Vu\u010di\u0107 nicht zulassen, erkl\u00e4rte er.<\/p>\n<p>Am 27. Februar ver\u00f6ffentlichte der Ausw\u00e4rtige Dienst der EU ein &#8220;Abkommen \u00fcber den Weg zur Normalisierung der Beziehungen zwischen dem Kosovo und Serbien&#8221;. Nach langen Verhandlungen beider Staaten und der EU im nordmazedonischen Ohrid am Samstag sagte der EU-Au\u00dfenbeauftragte Josep Borrell, man sei nun einer Normalisierung der Beziehungen n\u00e4her gekommen. &#8220;Wir haben einen Deal&#8221;, so Borrell.<\/p>\n<p>In Ohrid wurden noch die in einem Anhang formulierten Fristen und Termine verhandelt, zu denen die einzelnen Punkte des im Februar verhandelten Abkommens umgesetzt werden sollen. Es wird erst dann in Kraft treten, wenn die Modalit\u00e4ten f\u00fcr seine Umsetzung festgelegt sind. <\/p>\n<p>Der Kosovo hatte 2008 seine Unabh\u00e4ngigkeit von Serbien erkl\u00e4rt. Das Dokument beinhaltet die gegenseitige Anerkennung von P\u00e4ssen und Titeln, die Weigerung Serbiens, den Kosovo auf der Weltb\u00fchne zu vertreten, den Austausch diplomatischer Vertretungen und die rechtliche Verpflichtung der Parteien, auf eine &#8220;umfassende Normalisierung der Beziehungen&#8221; hinzuarbeiten. Serbien muss den Kosovo zwar nicht v\u00f6lkerrechtlich anerkennen, soll aber auch keine Einw\u00e4nde gegen die Mitgliedschaft des Kosovo in internationalen Organisationen wie der UNO erheben. Der Kosovo hingegen soll die Rechte der serbischen Minderheit im Land st\u00e4rken und institutionell absichern.<\/p>\n<p>Der serbische Pr\u00e4sident\u00a0\u00e4u\u00dferte sich weiterhin kritisch zu der Entscheidung des Internationalen Strafgerichtshofs gegen den russischen Pr\u00e4sidenten Wladimir Putin. Vor Reportern in Belgrad sagte\u00a0Vu\u010di\u0107:<\/p>\n<blockquote>\n<p><em>&#8220;Ich denke, dass die Ausstellung eines Haftbefehls gegen Putin, ohne auf juristische Fragen einzugehen, schlechte politische Folgen haben wird und zeigt, dass es eine gro\u00dfe Abneigung gibt, \u00fcber Frieden (und) \u00fcber einen Waffenstillstand in der Ukraine zu sprechen.&#8221;<\/em><\/p>\n<\/blockquote>\n<p>Auch sei nach der Beschuldigung unklar, mit wem man nun noch Verhandlungen f\u00fchren wolle.<\/p>\n<p><strong>Mehr zum Thema<\/strong>\u00a0\u2013 <a rel=\"nofollow noopener\" target=\"_blank\" href=\"https:\/\/freeassange.rtde.live\/international\/165655-internationaler-strafgerichtshof-bruder-putin-anklaegers\/\">Internationaler Strafgerichtshof: Bruder des &#8220;Putin-Ankl\u00e4gers&#8221; ist vorbestrafter P\u00e4dophiler<\/a><\/p>\n<\/p>\n<\/div>\n<p><br \/>\n<br \/><a href=\"https:\/\/de.rt.com\/europa\/165748-vucic-keine-anerkennung-kosovo-in\/\">Source link <\/a><\/p>\n","protected":false},"excerpt":{"rendered":"<p>Der Kosovo und Serbien sollen laut einem im Februar verhandelten Abkommen verschiedene Schritte aufeinander zugehen. Allerdings fehlt dazu die Unterschrift des serbischen Pr\u00e4sidenten Vu\u010di\u0107. Dazu wie auch zu der Entscheidung des Strafgerichtshofs gegen Putin \u00e4u\u00dferte sich der serbische Pr\u00e4sident. Der serbische Pr\u00e4sident Aleksandar Vu\u010di\u0107 hatte erkl\u00e4rt, dass die Entscheidung \u00fcber den Kosovo vom serbischen Volk [&hellip;]<\/p>\n","protected":false},"author":3,"featured_media":32583,"comment_status":"open","ping_status":"open","sticky":false,"template":"","format":"standard","meta":{"_yoast_indexnow_last_ping":["1679246337"],"wp_automatic_camp":["217"],"44fecc72258c7c9ff6ca7bfebdb32132":["Vu\u010di\u0107: Keine Anerkennung des Kosovo in meiner Pr\u00e4sidentschaft"],"original_link":["https:\/\/de.rt.com\/europa\/165748-vucic-keine-anerkennung-kosovo-in\/"],"_thumbnail_id":["32583"],"_wptgpro_p2tg_sent2tg":["a:1:{i:23737;s:19:\"2023-03-19 19:19:59\";}"],"jnews_social_counter_last_update":["1777301276"]},"categories":[19,23],"tags":[24778,583,375,2681,29522,19231,955],"yoast_head":"<!-- This site is optimized with the Yoast SEO Premium plugin v22.7 (Yoast SEO v22.7) - https:\/\/yoast.com\/wordpress\/plugins\/seo\/ -->\n<title>Vu\u010di\u0107: Keine Anerkennung des Kosovo in meiner Pr\u00e4sidentschaft - just-now.NEWS Deutschland<\/title>\n<meta name=\"robots\" content=\"index, follow, max-snippet:-1, max-image-preview:large, max-video-preview:-1\" \/>\n<link rel=\"canonical\" href=\"https:\/\/now-news.de\/de\/deutschland\/vucic-keine-anerkennung-des-kosovo-in-meiner-praesidentschaft\/\" \/>\n<meta property=\"og:locale\" content=\"de_DE\" \/>\n<meta property=\"og:type\" content=\"article\" \/>\n<meta property=\"og:title\" content=\"Vu\u010di\u0107: Keine Anerkennung des Kosovo in meiner Pr\u00e4sidentschaft\" \/>\n<meta property=\"og:description\" content=\"Der Kosovo und Serbien sollen laut einem im Februar verhandelten Abkommen verschiedene Schritte aufeinander zugehen. Allerdings fehlt dazu die Unterschrift des serbischen Pr\u00e4sidenten Vu\u010di\u0107. Dazu wie auch zu der Entscheidung des Strafgerichtshofs gegen Putin \u00e4u\u00dferte sich der serbische Pr\u00e4sident. Der serbische Pr\u00e4sident Aleksandar Vu\u010di\u0107 hatte erkl\u00e4rt, dass die Entscheidung \u00fcber den Kosovo vom serbischen Volk [&hellip;]\" \/>\n<meta property=\"og:url\" content=\"https:\/\/now-news.de\/de\/deutschland\/vucic-keine-anerkennung-des-kosovo-in-meiner-praesidentschaft\/\" \/>\n<meta property=\"og:site_name\" content=\"just-now.NEWS Deutschland\" \/>\n<meta property=\"article:publisher\" content=\"https:\/\/www.facebook.com\/wirmachenauf\" \/>\n<meta property=\"article:published_time\" content=\"2023-03-19T17:04:12+00:00\" \/>\n<meta property=\"og:image\" content=\"https:\/\/now-news.de\/de\/wp-content\/uploads\/sites\/3\/2023\/03\/Vucic-Keine-Anerkennung-des-Kosovo-in-meiner-Praesidentschaft.jpg\" \/>\n\t<meta property=\"og:image:width\" content=\"460\" \/>\n\t<meta property=\"og:image:height\" content=\"259\" \/>\n\t<meta property=\"og:image:type\" content=\"image\/jpeg\" \/>\n<meta name=\"author\" content=\"rtnews\" \/>\n<meta name=\"twitter:card\" content=\"summary_large_image\" \/>\n<meta name=\"twitter:creator\" content=\"@WirMachenAuf_de\" \/>\n<meta name=\"twitter:site\" content=\"@WirMachenAuf_de\" \/>\n<meta name=\"twitter:label1\" content=\"Verfasst von\" \/>\n\t<meta name=\"twitter:data1\" content=\"rtnews\" \/>\n\t<meta name=\"twitter:label2\" content=\"Gesch\u00e4tzte Lesezeit\" \/>\n\t<meta name=\"twitter:data2\" content=\"3\u00a0Minuten\" \/>\n<script type=\"application\/ld+json\" class=\"yoast-schema-graph\">{\"@context\":\"https:\/\/schema.org\",\"@graph\":[{\"@type\":\"Article\",\"@id\":\"https:\/\/now-news.de\/de\/deutschland\/vucic-keine-anerkennung-des-kosovo-in-meiner-praesidentschaft\/#article\",\"isPartOf\":{\"@id\":\"https:\/\/now-news.de\/de\/deutschland\/vucic-keine-anerkennung-des-kosovo-in-meiner-praesidentschaft\/\"},\"author\":{\"name\":\"rtnews\",\"@id\":\"https:\/\/now-news.de\/de\/#\/schema\/person\/fb534a4e865501d8b3285208df34a9b5\"},\"headline\":\"Vu\u010di\u0107: Keine Anerkennung des Kosovo in meiner Pr\u00e4sidentschaft\",\"datePublished\":\"2023-03-19T17:04:12+00:00\",\"dateModified\":\"2023-03-19T17:04:12+00:00\",\"mainEntityOfPage\":{\"@id\":\"https:\/\/now-news.de\/de\/deutschland\/vucic-keine-anerkennung-des-kosovo-in-meiner-praesidentschaft\/\"},\"wordCount\":510,\"commentCount\":0,\"publisher\":{\"@id\":\"https:\/\/now-news.de\/de\/#organization\"},\"image\":{\"@id\":\"https:\/\/now-news.de\/de\/deutschland\/vucic-keine-anerkennung-des-kosovo-in-meiner-praesidentschaft\/#primaryimage\"},\"thumbnailUrl\":\"https:\/\/now-news.de\/de\/wp-content\/uploads\/sites\/3\/2023\/03\/Vucic-Keine-Anerkennung-des-Kosovo-in-meiner-Praesidentschaft.jpg\",\"keywords\":[\"Anerkennung\",\"des\",\"keine\",\"Kosovo\",\"meiner\",\"Pr\u00e4sidentschaft\",\"Vucic\"],\"articleSection\":[\"Deutschland\",\"Russland\"],\"inLanguage\":\"de\",\"potentialAction\":[{\"@type\":\"CommentAction\",\"name\":\"Comment\",\"target\":[\"https:\/\/now-news.de\/de\/deutschland\/vucic-keine-anerkennung-des-kosovo-in-meiner-praesidentschaft\/#respond\"]}]},{\"@type\":\"WebPage\",\"@id\":\"https:\/\/now-news.de\/de\/deutschland\/vucic-keine-anerkennung-des-kosovo-in-meiner-praesidentschaft\/\",\"url\":\"https:\/\/now-news.de\/de\/deutschland\/vucic-keine-anerkennung-des-kosovo-in-meiner-praesidentschaft\/\",\"name\":\"Vu\u010di\u0107: Keine Anerkennung des Kosovo in meiner Pr\u00e4sidentschaft - just-now.NEWS Deutschland\",\"isPartOf\":{\"@id\":\"https:\/\/now-news.de\/de\/#website\"},\"primaryImageOfPage\":{\"@id\":\"https:\/\/now-news.de\/de\/deutschland\/vucic-keine-anerkennung-des-kosovo-in-meiner-praesidentschaft\/#primaryimage\"},\"image\":{\"@id\":\"https:\/\/now-news.de\/de\/deutschland\/vucic-keine-anerkennung-des-kosovo-in-meiner-praesidentschaft\/#primaryimage\"},\"thumbnailUrl\":\"https:\/\/now-news.de\/de\/wp-content\/uploads\/sites\/3\/2023\/03\/Vucic-Keine-Anerkennung-des-Kosovo-in-meiner-Praesidentschaft.jpg\",\"datePublished\":\"2023-03-19T17:04:12+00:00\",\"dateModified\":\"2023-03-19T17:04:12+00:00\",\"breadcrumb\":{\"@id\":\"https:\/\/now-news.de\/de\/deutschland\/vucic-keine-anerkennung-des-kosovo-in-meiner-praesidentschaft\/#breadcrumb\"},\"inLanguage\":\"de\",\"potentialAction\":[{\"@type\":\"ReadAction\",\"target\":[\"https:\/\/now-news.de\/de\/deutschland\/vucic-keine-anerkennung-des-kosovo-in-meiner-praesidentschaft\/\"]}]},{\"@type\":\"ImageObject\",\"inLanguage\":\"de\",\"@id\":\"https:\/\/now-news.de\/de\/deutschland\/vucic-keine-anerkennung-des-kosovo-in-meiner-praesidentschaft\/#primaryimage\",\"url\":\"https:\/\/now-news.de\/de\/wp-content\/uploads\/sites\/3\/2023\/03\/Vucic-Keine-Anerkennung-des-Kosovo-in-meiner-Praesidentschaft.jpg\",\"contentUrl\":\"https:\/\/now-news.de\/de\/wp-content\/uploads\/sites\/3\/2023\/03\/Vucic-Keine-Anerkennung-des-Kosovo-in-meiner-Praesidentschaft.jpg\",\"width\":460,\"height\":259,\"caption\":\"Vu\u010di\u0107: Keine Anerkennung des Kosovo in meiner Pr\u00e4sidentschaft\"},{\"@type\":\"BreadcrumbList\",\"@id\":\"https:\/\/now-news.de\/de\/deutschland\/vucic-keine-anerkennung-des-kosovo-in-meiner-praesidentschaft\/#breadcrumb\",\"itemListElement\":[{\"@type\":\"ListItem\",\"position\":1,\"name\":\"Home\",\"item\":\"https:\/\/now-news.de\/de\/\"},{\"@type\":\"ListItem\",\"position\":2,\"name\":\"Vu\u010di\u0107: Keine Anerkennung des Kosovo in meiner Pr\u00e4sidentschaft\"}]},{\"@type\":\"WebSite\",\"@id\":\"https:\/\/now-news.de\/de\/#website\",\"url\":\"https:\/\/now-news.de\/de\/\",\"name\":\"just-now.NEWS Deutschland\",\"description\":\"Das Portal f\u00fcr unzensierte Nachrichten aus der Welt\",\"publisher\":{\"@id\":\"https:\/\/now-news.de\/de\/#organization\"},\"potentialAction\":[{\"@type\":\"SearchAction\",\"target\":{\"@type\":\"EntryPoint\",\"urlTemplate\":\"https:\/\/now-news.de\/de\/?s={search_term_string}\"},\"query-input\":\"required name=search_term_string\"}],\"inLanguage\":\"de\"},{\"@type\":\"Organization\",\"@id\":\"https:\/\/now-news.de\/de\/#organization\",\"name\":\"Just Now News\",\"url\":\"https:\/\/now-news.de\/de\/\",\"logo\":{\"@type\":\"ImageObject\",\"inLanguage\":\"de\",\"@id\":\"https:\/\/now-news.de\/de\/#\/schema\/logo\/image\/\",\"url\":\"http:\/\/just-now.news\/de\/wp-content\/uploads\/sites\/3\/2022\/04\/logo500x500.jpg\",\"contentUrl\":\"http:\/\/just-now.news\/de\/wp-content\/uploads\/sites\/3\/2022\/04\/logo500x500.jpg\",\"width\":500,\"height\":500,\"caption\":\"Just Now News\"},\"image\":{\"@id\":\"https:\/\/now-news.de\/de\/#\/schema\/logo\/image\/\"},\"sameAs\":[\"https:\/\/www.facebook.com\/wirmachenauf\",\"https:\/\/x.com\/WirMachenAuf_de\"]},{\"@type\":\"Person\",\"@id\":\"https:\/\/now-news.de\/de\/#\/schema\/person\/fb534a4e865501d8b3285208df34a9b5\",\"name\":\"rtnews\",\"image\":{\"@type\":\"ImageObject\",\"inLanguage\":\"de\",\"@id\":\"https:\/\/now-news.de\/de\/#\/schema\/person\/image\/\",\"url\":\"https:\/\/secure.gravatar.com\/avatar\/82aafea7d8127119dd649515f56e2117?s=96&d=mm&r=g\",\"contentUrl\":\"https:\/\/secure.gravatar.com\/avatar\/82aafea7d8127119dd649515f56e2117?s=96&d=mm&r=g\",\"caption\":\"rtnews\"},\"url\":\"https:\/\/now-news.de\/de\/author\/rnews\/\"}]}<\/script>\n<!-- \/ Yoast SEO Premium plugin. -->","yoast_head_json":{"title":"Vu\u010di\u0107: Keine Anerkennung des Kosovo in meiner Pr\u00e4sidentschaft - just-now.NEWS Deutschland","robots":{"index":"index","follow":"follow","max-snippet":"max-snippet:-1","max-image-preview":"max-image-preview:large","max-video-preview":"max-video-preview:-1"},"canonical":"https:\/\/now-news.de\/de\/deutschland\/vucic-keine-anerkennung-des-kosovo-in-meiner-praesidentschaft\/","og_locale":"de_DE","og_type":"article","og_title":"Vu\u010di\u0107: Keine Anerkennung des Kosovo in meiner Pr\u00e4sidentschaft","og_description":"Der Kosovo und Serbien sollen laut einem im Februar verhandelten Abkommen verschiedene Schritte aufeinander zugehen. Allerdings fehlt dazu die Unterschrift des serbischen Pr\u00e4sidenten Vu\u010di\u0107. Dazu wie auch zu der Entscheidung des Strafgerichtshofs gegen Putin \u00e4u\u00dferte sich der serbische Pr\u00e4sident. Der serbische Pr\u00e4sident Aleksandar Vu\u010di\u0107 hatte erkl\u00e4rt, dass die Entscheidung \u00fcber den Kosovo vom serbischen Volk [&hellip;]","og_url":"https:\/\/now-news.de\/de\/deutschland\/vucic-keine-anerkennung-des-kosovo-in-meiner-praesidentschaft\/","og_site_name":"just-now.NEWS Deutschland","article_publisher":"https:\/\/www.facebook.com\/wirmachenauf","article_published_time":"2023-03-19T17:04:12+00:00","og_image":[{"width":460,"height":259,"url":"https:\/\/now-news.de\/de\/wp-content\/uploads\/sites\/3\/2023\/03\/Vucic-Keine-Anerkennung-des-Kosovo-in-meiner-Praesidentschaft.jpg","type":"image\/jpeg"}],"author":"rtnews","twitter_card":"summary_large_image","twitter_creator":"@WirMachenAuf_de","twitter_site":"@WirMachenAuf_de","twitter_misc":{"Verfasst von":"rtnews","Gesch\u00e4tzte Lesezeit":"3\u00a0Minuten"},"schema":{"@context":"https:\/\/schema.org","@graph":[{"@type":"Article","@id":"https:\/\/now-news.de\/de\/deutschland\/vucic-keine-anerkennung-des-kosovo-in-meiner-praesidentschaft\/#article","isPartOf":{"@id":"https:\/\/now-news.de\/de\/deutschland\/vucic-keine-anerkennung-des-kosovo-in-meiner-praesidentschaft\/"},"author":{"name":"rtnews","@id":"https:\/\/now-news.de\/de\/#\/schema\/person\/fb534a4e865501d8b3285208df34a9b5"},"headline":"Vu\u010di\u0107: Keine Anerkennung des Kosovo in meiner Pr\u00e4sidentschaft","datePublished":"2023-03-19T17:04:12+00:00","dateModified":"2023-03-19T17:04:12+00:00","mainEntityOfPage":{"@id":"https:\/\/now-news.de\/de\/deutschland\/vucic-keine-anerkennung-des-kosovo-in-meiner-praesidentschaft\/"},"wordCount":510,"commentCount":0,"publisher":{"@id":"https:\/\/now-news.de\/de\/#organization"},"image":{"@id":"https:\/\/now-news.de\/de\/deutschland\/vucic-keine-anerkennung-des-kosovo-in-meiner-praesidentschaft\/#primaryimage"},"thumbnailUrl":"https:\/\/now-news.de\/de\/wp-content\/uploads\/sites\/3\/2023\/03\/Vucic-Keine-Anerkennung-des-Kosovo-in-meiner-Praesidentschaft.jpg","keywords":["Anerkennung","des","keine","Kosovo","meiner","Pr\u00e4sidentschaft","Vucic"],"articleSection":["Deutschland","Russland"],"inLanguage":"de","potentialAction":[{"@type":"CommentAction","name":"Comment","target":["https:\/\/now-news.de\/de\/deutschland\/vucic-keine-anerkennung-des-kosovo-in-meiner-praesidentschaft\/#respond"]}]},{"@type":"WebPage","@id":"https:\/\/now-news.de\/de\/deutschland\/vucic-keine-anerkennung-des-kosovo-in-meiner-praesidentschaft\/","url":"https:\/\/now-news.de\/de\/deutschland\/vucic-keine-anerkennung-des-kosovo-in-meiner-praesidentschaft\/","name":"Vu\u010di\u0107: Keine Anerkennung des Kosovo in meiner Pr\u00e4sidentschaft - just-now.NEWS Deutschland","isPartOf":{"@id":"https:\/\/now-news.de\/de\/#website"},"primaryImageOfPage":{"@id":"https:\/\/now-news.de\/de\/deutschland\/vucic-keine-anerkennung-des-kosovo-in-meiner-praesidentschaft\/#primaryimage"},"image":{"@id":"https:\/\/now-news.de\/de\/deutschland\/vucic-keine-anerkennung-des-kosovo-in-meiner-praesidentschaft\/#primaryimage"},"thumbnailUrl":"https:\/\/now-news.de\/de\/wp-content\/uploads\/sites\/3\/2023\/03\/Vucic-Keine-Anerkennung-des-Kosovo-in-meiner-Praesidentschaft.jpg","datePublished":"2023-03-19T17:04:12+00:00","dateModified":"2023-03-19T17:04:12+00:00","breadcrumb":{"@id":"https:\/\/now-news.de\/de\/deutschland\/vucic-keine-anerkennung-des-kosovo-in-meiner-praesidentschaft\/#breadcrumb"},"inLanguage":"de","potentialAction":[{"@type":"ReadAction","target":["https:\/\/now-news.de\/de\/deutschland\/vucic-keine-anerkennung-des-kosovo-in-meiner-praesidentschaft\/"]}]},{"@type":"ImageObject","inLanguage":"de","@id":"https:\/\/now-news.de\/de\/deutschland\/vucic-keine-anerkennung-des-kosovo-in-meiner-praesidentschaft\/#primaryimage","url":"https:\/\/now-news.de\/de\/wp-content\/uploads\/sites\/3\/2023\/03\/Vucic-Keine-Anerkennung-des-Kosovo-in-meiner-Praesidentschaft.jpg","contentUrl":"https:\/\/now-news.de\/de\/wp-content\/uploads\/sites\/3\/2023\/03\/Vucic-Keine-Anerkennung-des-Kosovo-in-meiner-Praesidentschaft.jpg","width":460,"height":259,"caption":"Vu\u010di\u0107: Keine Anerkennung des Kosovo in meiner Pr\u00e4sidentschaft"},{"@type":"BreadcrumbList","@id":"https:\/\/now-news.de\/de\/deutschland\/vucic-keine-anerkennung-des-kosovo-in-meiner-praesidentschaft\/#breadcrumb","itemListElement":[{"@type":"ListItem","position":1,"name":"Home","item":"https:\/\/now-news.de\/de\/"},{"@type":"ListItem","position":2,"name":"Vu\u010di\u0107: Keine Anerkennung des Kosovo in meiner Pr\u00e4sidentschaft"}]},{"@type":"WebSite","@id":"https:\/\/now-news.de\/de\/#website","url":"https:\/\/now-news.de\/de\/","name":"just-now.NEWS Deutschland","description":"Das Portal f\u00fcr unzensierte Nachrichten aus der Welt","publisher":{"@id":"https:\/\/now-news.de\/de\/#organization"},"potentialAction":[{"@type":"SearchAction","target":{"@type":"EntryPoint","urlTemplate":"https:\/\/now-news.de\/de\/?s={search_term_string}"},"query-input":"required name=search_term_string"}],"inLanguage":"de"},{"@type":"Organization","@id":"https:\/\/now-news.de\/de\/#organization","name":"Just Now News","url":"https:\/\/now-news.de\/de\/","logo":{"@type":"ImageObject","inLanguage":"de","@id":"https:\/\/now-news.de\/de\/#\/schema\/logo\/image\/","url":"http:\/\/just-now.news\/de\/wp-content\/uploads\/sites\/3\/2022\/04\/logo500x500.jpg","contentUrl":"http:\/\/just-now.news\/de\/wp-content\/uploads\/sites\/3\/2022\/04\/logo500x500.jpg","width":500,"height":500,"caption":"Just Now News"},"image":{"@id":"https:\/\/now-news.de\/de\/#\/schema\/logo\/image\/"},"sameAs":["https:\/\/www.facebook.com\/wirmachenauf","https:\/\/x.com\/WirMachenAuf_de"]},{"@type":"Person","@id":"https:\/\/now-news.de\/de\/#\/schema\/person\/fb534a4e865501d8b3285208df34a9b5","name":"rtnews","image":{"@type":"ImageObject","inLanguage":"de","@id":"https:\/\/now-news.de\/de\/#\/schema\/person\/image\/","url":"https:\/\/secure.gravatar.com\/avatar\/82aafea7d8127119dd649515f56e2117?s=96&d=mm&r=g","contentUrl":"https:\/\/secure.gravatar.com\/avatar\/82aafea7d8127119dd649515f56e2117?s=96&d=mm&r=g","caption":"rtnews"},"url":"https:\/\/now-news.de\/de\/author\/rnews\/"}]}},"_links":{"self":[{"href":"https:\/\/now-news.de\/de\/wp-json\/wp\/v2\/posts\/32582"}],"collection":[{"href":"https:\/\/now-news.de\/de\/wp-json\/wp\/v2\/posts"}],"about":[{"href":"https:\/\/now-news.de\/de\/wp-json\/wp\/v2\/types\/post"}],"author":[{"embeddable":true,"href":"https:\/\/now-news.de\/de\/wp-json\/wp\/v2\/users\/3"}],"replies":[{"embeddable":true,"href":"https:\/\/now-news.de\/de\/wp-json\/wp\/v2\/comments?post=32582"}],"version-history":[{"count":0,"href":"https:\/\/now-news.de\/de\/wp-json\/wp\/v2\/posts\/32582\/revisions"}],"wp:featuredmedia":[{"embeddable":true,"href":"https:\/\/now-news.de\/de\/wp-json\/wp\/v2\/media\/32583"}],"wp:attachment":[{"href":"https:\/\/now-news.de\/de\/wp-json\/wp\/v2\/media?parent=32582"}],"wp:term":[{"taxonomy":"category","embeddable":true,"href":"https:\/\/now-news.de\/de\/wp-json\/wp\/v2\/categories?post=32582"},{"taxonomy":"post_tag","embeddable":true,"href":"https:\/\/now-news.de\/de\/wp-json\/wp\/v2\/tags?post=32582"}],"curies":[{"name":"wp","href":"https:\/\/api.w.org\/{rel}","templated":true}]}}