{"id":32578,"date":"2023-03-19T18:07:34","date_gmt":"2023-03-19T16:07:34","guid":{"rendered":"https:\/\/just-now.news\/de\/deutschland\/nichts-aus-dem-irak-krieg-gelernt-die-unterwerfung-europas-unter-die-usa\/"},"modified":"2023-03-19T18:07:34","modified_gmt":"2023-03-19T16:07:34","slug":"nichts-aus-dem-irak-krieg-gelernt-die-unterwerfung-europas-unter-die-usa","status":"publish","type":"post","link":"https:\/\/now-news.de\/de\/deutschland\/nichts-aus-dem-irak-krieg-gelernt-die-unterwerfung-europas-unter-die-usa\/","title":{"rendered":"Nichts aus dem Irak-Krieg gelernt \u2013 Die Unterwerfung Europas unter die USA"},"content":{"rendered":"<p><img decoding=\"async\" src=\"http:\/\/just-now.news\/de\/wp-content\/uploads\/sites\/3\/2023\/03\/64170f88b480cc75470ebcee.jpg\" \/><\/p>\n<div class=\"Text-root Text-type_1 \">\n                Als die USA 2003 den Irak angriffen, regte sich unter anderem in Paris und Berlin Widerstand. Doch von derartigen Unabh\u00e4ngigkeitsbestrebungen ist Europa im Zusammenhang mit dem Ukraine-Konflikt weit entfernt. Im Gegenteil: Die Unterwerfung unter die USA ist nahezu komplett.\n            <\/div>\n<p><\/p>\n<div class=\"Text-root Text-type_5 ArticleView-text ViewText-root \">\n<p><em>Von Pierre L\u00e9vy<\/em><\/p>\n<p>Am 20. M\u00e4rz 2003 wurde der Irak, insbesondere seine Hauptstadt Bagdad, von einer Flut aus Eisen und Feuer heimgesucht. Es begann der sogenannte &#8220;Zweite Golfkrieg&#8221;, der von Washington ausgel\u00f6st wurde,\u00a0das zu diesem Zweck eine Koalition von Stellvertretern zusammengestellt hatte. Die Alliierten behaupteten, einen Pr\u00e4ventivkrieg zu f\u00fchren, und zwar mit dem Vorwurf, der irakische Pr\u00e4sident habe &#8220;Massenvernichtungswaffen&#8221; angeh\u00e4uft.<\/p>\n<p>Heute steht fest, dass es sich dabei um eine gro\u00dfe, fabrizierte L\u00fcge handelte. Zudem: Selbst wenn es die Wahrheit gewesen w\u00e4re, h\u00e4tte dies den Angriff auf das Land (ohne jegliches UN-Mandat) und die Verletzung seiner Souver\u00e4nit\u00e4t keineswegs legitimiert.<\/p>\n<p>Und schon gar nicht das daraus resultierende milit\u00e4rische und zivile Blutbad \u2013 die Sch\u00e4tzungen schwanken zwischen 100.000 und einer Million Toten zwischen 2003 und 2011, wobei die Realit\u00e4t wohl eher bei der zweiten Zahl liegt oder sogar noch dar\u00fcber hinausgeht. Die gro\u00dfen Infrastrukturen wurden massiv zerst\u00f6rt und viele St\u00e4dte verw\u00fcstet.<\/p>\n<p>Im Jahr 2006 m\u00fcndete die Besetzung durch die alliierten Streitkr\u00e4fte in einen blutigen B\u00fcrgerkrieg zwischen Schiiten und Sunniten. In dieser Zeit entstand auch der sogenannte Islamische Staat. Noch heute leidet das Land unter einem gescheiterten, ohnm\u00e4chtigen und korrupten Staat.<\/p>\n<p>Man sollte au\u00dferdem nicht vergessen, dass das Ungl\u00fcck des Irak und seines Volkes nicht erst 2003 begonnen hatte. Mindestens ebenso grausam wie die Waffen war das Embargo gegen Bagdad, das im August 1990 verh\u00e4ngt wurde und offiziell zw\u00f6lf Jahre dauerte (in Wirklichkeit sogar noch l\u00e4nger) und tiefe Spuren hinterlie\u00df, die bis heute nicht verschwunden sind. Es hatte schreckliche Auswirkungen auf Ern\u00e4hrung, Gesundheit und Bildung, sodass die \u00fcberh\u00f6hte Kindersterblichkeit in die Hunderttausende ging \u2013 und vielleicht eine Million, wenn man die gesamte Bev\u00f6lkerung betrachtet.<\/p>\n<p>Die Initiatoren dieser Katastrophe haben sich im \u00dcbrigen zu ihr bekannt. Wer erinnert sich nicht an die Worte von Madeleine Albright, Au\u00dfenministerin unter\u00a0Bill Clinton, die im Jahr 2000 sagte: &#8220;Es war eine schwierige Entscheidung, aber ja, es hat sich gelohnt.&#8221; Seltsamerweise haben diejenigen, die heute davon tr\u00e4umen, den russischen Pr\u00e4sidenten vor den Internationalen Strafgerichtshof zu stellen, nie gefordert, dass sich George W. Bush oder sein demokratischer Vorg\u00e4nger f\u00fcr Kriegsverbrechen oder Verbrechen gegen die Menschlichkeit verantworten m\u00fcssen.<\/p>\n<p>Der Irak ist nur ein Beispiel f\u00fcr die charmante Tendenz der USA, die Welt direkt oder \u00fcber Vasallen zu regieren, indem sie Napalm verspr\u00fchen, Tomahawk-Raketen schicken oder HIMARS-Raketenwerfer liefern.<\/p>\n<p>Vielleicht sollte man daran erinnern, dass zu den Mitgliedern der Koalition, die den Irak gemartert hat, seit 2003 auch die Ukraine geh\u00f6rte \u2013 zwar nur symbolisch, aber was f\u00fcr ein Symbol!<\/p>\n<p>Der von Washington beschlossene Krieg spaltete damals den Alten Kontinent. Das &#8220;neue Europa&#8221;, wie es von der US-F\u00fchrung genannt wurde, um seine atlantische Ausrichtung zu w\u00fcrdigen, umfasste die meisten der mitteleurop\u00e4ischen L\u00e4nder, die im Begriff waren, 2004 der EU beizutreten \u2013 allen voran Polen. Auch Madrid und Lissabon schworen Uncle Sam kriegerische Treue. Portugal hatte Jos\u00e9 Manuel Barroso an der Spitze, der 2004 Pr\u00e4sident der Europ\u00e4ischen Kommission wurde.<\/p>\n<p>Auf der anderen Seite weigerten sich Deutschland und Frankreich, aber auch Belgien und Luxemburg, sich der atlantischen Armada anzuschlie\u00dfen. In Berlin stand Gerhard Schr\u00f6der an der Spitze eines Landes, das ein Jahrzehnt zuvor die DDR annektiert hatte und nun seinem wirtschaftlichen Gewicht entsprechend globale geopolitische Ambitionen hegte; daher wollte es nicht einfach ein\u00a0Scho\u00dfhund Washingtons sein. In Paris kn\u00fcpfte das Tandem aus Pr\u00e4sident Jacques Chirac und seinem Au\u00dfenminister Dominique de Villepin \u2013 wenn auch nur kurzzeitig \u2013 an die Tradition einer gewissen Unabh\u00e4ngigkeit Frankreichs von den USA an, insbesondere in seiner Politik gegen\u00fcber der arabischen Welt.<\/p>\n<p>Zwanzig Jahre sp\u00e4ter hat sich die Landschaft etwas ver\u00e4ndert &#8230; Warschau und seine baltischen Kumpane geben den Ton an, und die meisten osteurop\u00e4ischen Politiker \u00fcberbieten sich st\u00e4ndig gegen Russland und tr\u00e4umen davon, dieses mit Waffengewalt zu unterwerfen.<\/p>\n<p>Der franz\u00f6sische Pr\u00e4sident, der w\u00e4hrend seiner ersten f\u00fcnfj\u00e4hrigen Amtszeit die NATO kritisiert und f\u00fcr eine (absurde) europ\u00e4ische Souver\u00e4nit\u00e4t pl\u00e4diert hatte, ist nicht der Letzte, der Kiew politisch und milit\u00e4risch unterst\u00fctzt. Was die aktuelle deutsche Koalition betrifft, so versucht sie immer wieder zu zeigen, dass sie bei der Unterst\u00fctzung der Ukraine nicht lauwarm ist. Damit nimmt sie in Kauf, dass sich eines der Ziele der US-amerikanischen Strategen verwirklicht: die wirtschaftlichen Verbindungen zwischen Berlin und Moskau f\u00fcr lange Zeit zu zerschlagen.<\/p>\n<p>Man muss also feststellen: Der Br\u00fcsseler Wunsch, dass die EU &#8220;mit einer Stimme spricht&#8221;, f\u00fchrt unweigerlich zu einer kriegerischen Eskalation. Mehr europ\u00e4ische Integration bedeutet mehr Unterwerfung unter die USA und mehr kriegerischen \u00dcberbietungswettbewerb.<\/p>\n<p>Aber die inneren Widerspr\u00fcche \u2013 innerhalb des deutschen Kapitals, und zwischen den Mitgliedstaaten \u2013 k\u00f6nnten durchaus wieder aufbrechen. Vor allem, wenn die V\u00f6lker schrittweise erkennen, dass das S\u00e4belrasseln, die Lieferung von Panzern und Flugzeugen, das Versenden von Munition und die Milliarden von Euro an Subventionen an Kiew zu weniger Kaufkraft, mehr Elend und weniger \u00f6ffentlichen Dienstleistungen f\u00fchren.<\/p>\n<p>Wie dem auch sei, so erinnert der traurige Jahrestag des Irakkriegs daran, wohin das Kalk\u00fcl des Westens f\u00fchrt.<\/p>\n<p><strong>Mehr zum Thema<\/strong> \u2013 <a rel=\"nofollow noopener\" target=\"_blank\" href=\"https:\/\/de.rt.com\/nordamerika\/165387-usa-und-internationale-regelbasierte-ordnung\/\">Die USA und die internationale &#8220;regelbasierte&#8221; Ordnung<\/a><\/p>\n<div class=\"EmbedBlock-root EmbedBlock-externalVideo EmbedBlock-vk\">\n<div class=\"VkEmbed\"><iframe class=\"lazyload\" data-src=\"https:\/\/vk.com\/video_ext.php?oid=-134310637&amp;id=456264809&amp;hash=ffa49576af77b286\" frameborder=\"0\" width=\"853\" height=\"480\" allowfullscreen><\/iframe><\/div>\n<\/div>\n<p><em>RT DE bem\u00fcht sich um ein breites Meinungsspektrum. Gastbeitr\u00e4ge und Meinungsartikel m\u00fcssen nicht die Sichtweise der Redaktion widerspiegeln.<\/em><\/p>\n<\/p>\n<\/div>\n<p><br \/>\n<br \/><a href=\"https:\/\/de.rt.com\/meinung\/165726-nichts-aus-irak-krieg-gelernt-die-unterwerfung-europas-unter-die-usa\/\">Source link <\/a><\/p>\n","protected":false},"excerpt":{"rendered":"<p>Als die USA 2003 den Irak angriffen, regte sich unter anderem in Paris und Berlin Widerstand. Doch von derartigen Unabh\u00e4ngigkeitsbestrebungen ist Europa im Zusammenhang mit dem Ukraine-Konflikt weit entfernt. Im Gegenteil: Die Unterwerfung unter die USA ist nahezu komplett. Von Pierre L\u00e9vy Am 20. M\u00e4rz 2003 wurde der Irak, insbesondere seine Hauptstadt Bagdad, von einer [&hellip;]<\/p>\n","protected":false},"author":3,"featured_media":32579,"comment_status":"open","ping_status":"open","sticky":false,"template":"","format":"standard","meta":{"_yoast_indexnow_last_ping":["1679242479"],"wp_automatic_camp":["217"],"081b29d92ebe063e694826112da0f6e7":["Nichts aus dem Irak-Krieg gelernt \u2013 Die Unterwerfung Europas unter die USA"],"original_link":["https:\/\/de.rt.com\/meinung\/165726-nichts-aus-irak-krieg-gelernt-die-unterwerfung-europas-unter-die-usa\/"],"_thumbnail_id":["32579"],"_wptgpro_p2tg_sent2tg":["a:1:{i:23737;s:19:\"2023-03-19 18:15:52\";}"],"jnews_social_counter_last_update":["1777798335"]},"categories":[19,23],"tags":[679,134,45,1293,24642,42191,3095,908,29240,193],"yoast_head":"<!-- This site is optimized with the Yoast SEO Premium plugin v22.7 (Yoast SEO v22.7) - https:\/\/yoast.com\/wordpress\/plugins\/seo\/ -->\n<title>Nichts aus dem Irak-Krieg gelernt \u2013 Die Unterwerfung Europas unter die USA - just-now.NEWS Deutschland<\/title>\n<meta name=\"robots\" content=\"index, follow, max-snippet:-1, max-image-preview:large, max-video-preview:-1\" \/>\n<link rel=\"canonical\" href=\"https:\/\/now-news.de\/de\/deutschland\/nichts-aus-dem-irak-krieg-gelernt-die-unterwerfung-europas-unter-die-usa\/\" \/>\n<meta property=\"og:locale\" content=\"de_DE\" \/>\n<meta property=\"og:type\" content=\"article\" \/>\n<meta property=\"og:title\" content=\"Nichts aus dem Irak-Krieg gelernt \u2013 Die Unterwerfung Europas unter die USA\" \/>\n<meta property=\"og:description\" content=\"Als die USA 2003 den Irak angriffen, regte sich unter anderem in Paris und Berlin Widerstand. Doch von derartigen Unabh\u00e4ngigkeitsbestrebungen ist Europa im Zusammenhang mit dem Ukraine-Konflikt weit entfernt. Im Gegenteil: Die Unterwerfung unter die USA ist nahezu komplett. Von Pierre L\u00e9vy Am 20. M\u00e4rz 2003 wurde der Irak, insbesondere seine Hauptstadt Bagdad, von einer [&hellip;]\" \/>\n<meta property=\"og:url\" content=\"https:\/\/now-news.de\/de\/deutschland\/nichts-aus-dem-irak-krieg-gelernt-die-unterwerfung-europas-unter-die-usa\/\" \/>\n<meta property=\"og:site_name\" content=\"just-now.NEWS Deutschland\" \/>\n<meta property=\"article:publisher\" content=\"https:\/\/www.facebook.com\/wirmachenauf\" \/>\n<meta property=\"article:published_time\" content=\"2023-03-19T16:07:34+00:00\" \/>\n<meta property=\"og:image\" content=\"https:\/\/now-news.de\/de\/wp-content\/uploads\/sites\/3\/2023\/03\/Nichts-aus-dem-Irak-Krieg-gelernt-\u2013-Die-Unterwerfung-Europas-unter.jpg\" \/>\n\t<meta property=\"og:image:width\" content=\"460\" \/>\n\t<meta property=\"og:image:height\" content=\"259\" \/>\n\t<meta property=\"og:image:type\" content=\"image\/jpeg\" \/>\n<meta name=\"author\" content=\"rtnews\" \/>\n<meta name=\"twitter:card\" content=\"summary_large_image\" \/>\n<meta name=\"twitter:creator\" content=\"@WirMachenAuf_de\" \/>\n<meta name=\"twitter:site\" content=\"@WirMachenAuf_de\" \/>\n<meta name=\"twitter:label1\" content=\"Verfasst von\" \/>\n\t<meta name=\"twitter:data1\" content=\"rtnews\" \/>\n\t<meta name=\"twitter:label2\" content=\"Gesch\u00e4tzte Lesezeit\" \/>\n\t<meta name=\"twitter:data2\" content=\"5\u00a0Minuten\" \/>\n<script type=\"application\/ld+json\" class=\"yoast-schema-graph\">{\"@context\":\"https:\/\/schema.org\",\"@graph\":[{\"@type\":\"Article\",\"@id\":\"https:\/\/now-news.de\/de\/deutschland\/nichts-aus-dem-irak-krieg-gelernt-die-unterwerfung-europas-unter-die-usa\/#article\",\"isPartOf\":{\"@id\":\"https:\/\/now-news.de\/de\/deutschland\/nichts-aus-dem-irak-krieg-gelernt-die-unterwerfung-europas-unter-die-usa\/\"},\"author\":{\"name\":\"rtnews\",\"@id\":\"https:\/\/now-news.de\/de\/#\/schema\/person\/fb534a4e865501d8b3285208df34a9b5\"},\"headline\":\"Nichts aus dem Irak-Krieg gelernt \u2013 Die Unterwerfung Europas unter die USA\",\"datePublished\":\"2023-03-19T16:07:34+00:00\",\"dateModified\":\"2023-03-19T16:07:34+00:00\",\"mainEntityOfPage\":{\"@id\":\"https:\/\/now-news.de\/de\/deutschland\/nichts-aus-dem-irak-krieg-gelernt-die-unterwerfung-europas-unter-die-usa\/\"},\"wordCount\":945,\"commentCount\":0,\"publisher\":{\"@id\":\"https:\/\/now-news.de\/de\/#organization\"},\"image\":{\"@id\":\"https:\/\/now-news.de\/de\/deutschland\/nichts-aus-dem-irak-krieg-gelernt-die-unterwerfung-europas-unter-die-usa\/#primaryimage\"},\"thumbnailUrl\":\"https:\/\/now-news.de\/de\/wp-content\/uploads\/sites\/3\/2023\/03\/Nichts-aus-dem-Irak-Krieg-gelernt-\u2013-Die-Unterwerfung-Europas-unter.jpg\",\"keywords\":[\"aus\",\"DEM\",\"die\",\"Europas\",\"gelernt\",\"IrakKrieg\",\"Nichts\",\"unter\",\"Unterwerfung\",\"USA\"],\"articleSection\":[\"Deutschland\",\"Russland\"],\"inLanguage\":\"de\",\"potentialAction\":[{\"@type\":\"CommentAction\",\"name\":\"Comment\",\"target\":[\"https:\/\/now-news.de\/de\/deutschland\/nichts-aus-dem-irak-krieg-gelernt-die-unterwerfung-europas-unter-die-usa\/#respond\"]}]},{\"@type\":\"WebPage\",\"@id\":\"https:\/\/now-news.de\/de\/deutschland\/nichts-aus-dem-irak-krieg-gelernt-die-unterwerfung-europas-unter-die-usa\/\",\"url\":\"https:\/\/now-news.de\/de\/deutschland\/nichts-aus-dem-irak-krieg-gelernt-die-unterwerfung-europas-unter-die-usa\/\",\"name\":\"Nichts aus dem Irak-Krieg gelernt \u2013 Die Unterwerfung Europas unter die USA - just-now.NEWS Deutschland\",\"isPartOf\":{\"@id\":\"https:\/\/now-news.de\/de\/#website\"},\"primaryImageOfPage\":{\"@id\":\"https:\/\/now-news.de\/de\/deutschland\/nichts-aus-dem-irak-krieg-gelernt-die-unterwerfung-europas-unter-die-usa\/#primaryimage\"},\"image\":{\"@id\":\"https:\/\/now-news.de\/de\/deutschland\/nichts-aus-dem-irak-krieg-gelernt-die-unterwerfung-europas-unter-die-usa\/#primaryimage\"},\"thumbnailUrl\":\"https:\/\/now-news.de\/de\/wp-content\/uploads\/sites\/3\/2023\/03\/Nichts-aus-dem-Irak-Krieg-gelernt-\u2013-Die-Unterwerfung-Europas-unter.jpg\",\"datePublished\":\"2023-03-19T16:07:34+00:00\",\"dateModified\":\"2023-03-19T16:07:34+00:00\",\"breadcrumb\":{\"@id\":\"https:\/\/now-news.de\/de\/deutschland\/nichts-aus-dem-irak-krieg-gelernt-die-unterwerfung-europas-unter-die-usa\/#breadcrumb\"},\"inLanguage\":\"de\",\"potentialAction\":[{\"@type\":\"ReadAction\",\"target\":[\"https:\/\/now-news.de\/de\/deutschland\/nichts-aus-dem-irak-krieg-gelernt-die-unterwerfung-europas-unter-die-usa\/\"]}]},{\"@type\":\"ImageObject\",\"inLanguage\":\"de\",\"@id\":\"https:\/\/now-news.de\/de\/deutschland\/nichts-aus-dem-irak-krieg-gelernt-die-unterwerfung-europas-unter-die-usa\/#primaryimage\",\"url\":\"https:\/\/now-news.de\/de\/wp-content\/uploads\/sites\/3\/2023\/03\/Nichts-aus-dem-Irak-Krieg-gelernt-\u2013-Die-Unterwerfung-Europas-unter.jpg\",\"contentUrl\":\"https:\/\/now-news.de\/de\/wp-content\/uploads\/sites\/3\/2023\/03\/Nichts-aus-dem-Irak-Krieg-gelernt-\u2013-Die-Unterwerfung-Europas-unter.jpg\",\"width\":460,\"height\":259,\"caption\":\"Nichts aus dem Irak-Krieg gelernt \u2013 Die Unterwerfung Europas unter die USA\"},{\"@type\":\"BreadcrumbList\",\"@id\":\"https:\/\/now-news.de\/de\/deutschland\/nichts-aus-dem-irak-krieg-gelernt-die-unterwerfung-europas-unter-die-usa\/#breadcrumb\",\"itemListElement\":[{\"@type\":\"ListItem\",\"position\":1,\"name\":\"Home\",\"item\":\"https:\/\/now-news.de\/de\/\"},{\"@type\":\"ListItem\",\"position\":2,\"name\":\"Nichts aus dem Irak-Krieg gelernt \u2013 Die Unterwerfung Europas unter die USA\"}]},{\"@type\":\"WebSite\",\"@id\":\"https:\/\/now-news.de\/de\/#website\",\"url\":\"https:\/\/now-news.de\/de\/\",\"name\":\"just-now.NEWS Deutschland\",\"description\":\"Das Portal f\u00fcr unzensierte Nachrichten aus der Welt\",\"publisher\":{\"@id\":\"https:\/\/now-news.de\/de\/#organization\"},\"potentialAction\":[{\"@type\":\"SearchAction\",\"target\":{\"@type\":\"EntryPoint\",\"urlTemplate\":\"https:\/\/now-news.de\/de\/?s={search_term_string}\"},\"query-input\":\"required name=search_term_string\"}],\"inLanguage\":\"de\"},{\"@type\":\"Organization\",\"@id\":\"https:\/\/now-news.de\/de\/#organization\",\"name\":\"Just Now News\",\"url\":\"https:\/\/now-news.de\/de\/\",\"logo\":{\"@type\":\"ImageObject\",\"inLanguage\":\"de\",\"@id\":\"https:\/\/now-news.de\/de\/#\/schema\/logo\/image\/\",\"url\":\"http:\/\/just-now.news\/de\/wp-content\/uploads\/sites\/3\/2022\/04\/logo500x500.jpg\",\"contentUrl\":\"http:\/\/just-now.news\/de\/wp-content\/uploads\/sites\/3\/2022\/04\/logo500x500.jpg\",\"width\":500,\"height\":500,\"caption\":\"Just Now News\"},\"image\":{\"@id\":\"https:\/\/now-news.de\/de\/#\/schema\/logo\/image\/\"},\"sameAs\":[\"https:\/\/www.facebook.com\/wirmachenauf\",\"https:\/\/x.com\/WirMachenAuf_de\"]},{\"@type\":\"Person\",\"@id\":\"https:\/\/now-news.de\/de\/#\/schema\/person\/fb534a4e865501d8b3285208df34a9b5\",\"name\":\"rtnews\",\"image\":{\"@type\":\"ImageObject\",\"inLanguage\":\"de\",\"@id\":\"https:\/\/now-news.de\/de\/#\/schema\/person\/image\/\",\"url\":\"https:\/\/secure.gravatar.com\/avatar\/82aafea7d8127119dd649515f56e2117?s=96&d=mm&r=g\",\"contentUrl\":\"https:\/\/secure.gravatar.com\/avatar\/82aafea7d8127119dd649515f56e2117?s=96&d=mm&r=g\",\"caption\":\"rtnews\"},\"url\":\"https:\/\/now-news.de\/de\/author\/rnews\/\"}]}<\/script>\n<!-- \/ Yoast SEO Premium plugin. -->","yoast_head_json":{"title":"Nichts aus dem Irak-Krieg gelernt \u2013 Die Unterwerfung Europas unter die USA - just-now.NEWS Deutschland","robots":{"index":"index","follow":"follow","max-snippet":"max-snippet:-1","max-image-preview":"max-image-preview:large","max-video-preview":"max-video-preview:-1"},"canonical":"https:\/\/now-news.de\/de\/deutschland\/nichts-aus-dem-irak-krieg-gelernt-die-unterwerfung-europas-unter-die-usa\/","og_locale":"de_DE","og_type":"article","og_title":"Nichts aus dem Irak-Krieg gelernt \u2013 Die Unterwerfung Europas unter die USA","og_description":"Als die USA 2003 den Irak angriffen, regte sich unter anderem in Paris und Berlin Widerstand. Doch von derartigen Unabh\u00e4ngigkeitsbestrebungen ist Europa im Zusammenhang mit dem Ukraine-Konflikt weit entfernt. Im Gegenteil: Die Unterwerfung unter die USA ist nahezu komplett. Von Pierre L\u00e9vy Am 20. M\u00e4rz 2003 wurde der Irak, insbesondere seine Hauptstadt Bagdad, von einer [&hellip;]","og_url":"https:\/\/now-news.de\/de\/deutschland\/nichts-aus-dem-irak-krieg-gelernt-die-unterwerfung-europas-unter-die-usa\/","og_site_name":"just-now.NEWS Deutschland","article_publisher":"https:\/\/www.facebook.com\/wirmachenauf","article_published_time":"2023-03-19T16:07:34+00:00","og_image":[{"width":460,"height":259,"url":"https:\/\/now-news.de\/de\/wp-content\/uploads\/sites\/3\/2023\/03\/Nichts-aus-dem-Irak-Krieg-gelernt-\u2013-Die-Unterwerfung-Europas-unter.jpg","type":"image\/jpeg"}],"author":"rtnews","twitter_card":"summary_large_image","twitter_creator":"@WirMachenAuf_de","twitter_site":"@WirMachenAuf_de","twitter_misc":{"Verfasst von":"rtnews","Gesch\u00e4tzte Lesezeit":"5\u00a0Minuten"},"schema":{"@context":"https:\/\/schema.org","@graph":[{"@type":"Article","@id":"https:\/\/now-news.de\/de\/deutschland\/nichts-aus-dem-irak-krieg-gelernt-die-unterwerfung-europas-unter-die-usa\/#article","isPartOf":{"@id":"https:\/\/now-news.de\/de\/deutschland\/nichts-aus-dem-irak-krieg-gelernt-die-unterwerfung-europas-unter-die-usa\/"},"author":{"name":"rtnews","@id":"https:\/\/now-news.de\/de\/#\/schema\/person\/fb534a4e865501d8b3285208df34a9b5"},"headline":"Nichts aus dem Irak-Krieg gelernt \u2013 Die Unterwerfung Europas unter die USA","datePublished":"2023-03-19T16:07:34+00:00","dateModified":"2023-03-19T16:07:34+00:00","mainEntityOfPage":{"@id":"https:\/\/now-news.de\/de\/deutschland\/nichts-aus-dem-irak-krieg-gelernt-die-unterwerfung-europas-unter-die-usa\/"},"wordCount":945,"commentCount":0,"publisher":{"@id":"https:\/\/now-news.de\/de\/#organization"},"image":{"@id":"https:\/\/now-news.de\/de\/deutschland\/nichts-aus-dem-irak-krieg-gelernt-die-unterwerfung-europas-unter-die-usa\/#primaryimage"},"thumbnailUrl":"https:\/\/now-news.de\/de\/wp-content\/uploads\/sites\/3\/2023\/03\/Nichts-aus-dem-Irak-Krieg-gelernt-\u2013-Die-Unterwerfung-Europas-unter.jpg","keywords":["aus","DEM","die","Europas","gelernt","IrakKrieg","Nichts","unter","Unterwerfung","USA"],"articleSection":["Deutschland","Russland"],"inLanguage":"de","potentialAction":[{"@type":"CommentAction","name":"Comment","target":["https:\/\/now-news.de\/de\/deutschland\/nichts-aus-dem-irak-krieg-gelernt-die-unterwerfung-europas-unter-die-usa\/#respond"]}]},{"@type":"WebPage","@id":"https:\/\/now-news.de\/de\/deutschland\/nichts-aus-dem-irak-krieg-gelernt-die-unterwerfung-europas-unter-die-usa\/","url":"https:\/\/now-news.de\/de\/deutschland\/nichts-aus-dem-irak-krieg-gelernt-die-unterwerfung-europas-unter-die-usa\/","name":"Nichts aus dem Irak-Krieg gelernt \u2013 Die Unterwerfung Europas unter die USA - just-now.NEWS Deutschland","isPartOf":{"@id":"https:\/\/now-news.de\/de\/#website"},"primaryImageOfPage":{"@id":"https:\/\/now-news.de\/de\/deutschland\/nichts-aus-dem-irak-krieg-gelernt-die-unterwerfung-europas-unter-die-usa\/#primaryimage"},"image":{"@id":"https:\/\/now-news.de\/de\/deutschland\/nichts-aus-dem-irak-krieg-gelernt-die-unterwerfung-europas-unter-die-usa\/#primaryimage"},"thumbnailUrl":"https:\/\/now-news.de\/de\/wp-content\/uploads\/sites\/3\/2023\/03\/Nichts-aus-dem-Irak-Krieg-gelernt-\u2013-Die-Unterwerfung-Europas-unter.jpg","datePublished":"2023-03-19T16:07:34+00:00","dateModified":"2023-03-19T16:07:34+00:00","breadcrumb":{"@id":"https:\/\/now-news.de\/de\/deutschland\/nichts-aus-dem-irak-krieg-gelernt-die-unterwerfung-europas-unter-die-usa\/#breadcrumb"},"inLanguage":"de","potentialAction":[{"@type":"ReadAction","target":["https:\/\/now-news.de\/de\/deutschland\/nichts-aus-dem-irak-krieg-gelernt-die-unterwerfung-europas-unter-die-usa\/"]}]},{"@type":"ImageObject","inLanguage":"de","@id":"https:\/\/now-news.de\/de\/deutschland\/nichts-aus-dem-irak-krieg-gelernt-die-unterwerfung-europas-unter-die-usa\/#primaryimage","url":"https:\/\/now-news.de\/de\/wp-content\/uploads\/sites\/3\/2023\/03\/Nichts-aus-dem-Irak-Krieg-gelernt-\u2013-Die-Unterwerfung-Europas-unter.jpg","contentUrl":"https:\/\/now-news.de\/de\/wp-content\/uploads\/sites\/3\/2023\/03\/Nichts-aus-dem-Irak-Krieg-gelernt-\u2013-Die-Unterwerfung-Europas-unter.jpg","width":460,"height":259,"caption":"Nichts aus dem Irak-Krieg gelernt \u2013 Die Unterwerfung Europas unter die USA"},{"@type":"BreadcrumbList","@id":"https:\/\/now-news.de\/de\/deutschland\/nichts-aus-dem-irak-krieg-gelernt-die-unterwerfung-europas-unter-die-usa\/#breadcrumb","itemListElement":[{"@type":"ListItem","position":1,"name":"Home","item":"https:\/\/now-news.de\/de\/"},{"@type":"ListItem","position":2,"name":"Nichts aus dem Irak-Krieg gelernt \u2013 Die Unterwerfung Europas unter die USA"}]},{"@type":"WebSite","@id":"https:\/\/now-news.de\/de\/#website","url":"https:\/\/now-news.de\/de\/","name":"just-now.NEWS Deutschland","description":"Das Portal f\u00fcr unzensierte Nachrichten aus der Welt","publisher":{"@id":"https:\/\/now-news.de\/de\/#organization"},"potentialAction":[{"@type":"SearchAction","target":{"@type":"EntryPoint","urlTemplate":"https:\/\/now-news.de\/de\/?s={search_term_string}"},"query-input":"required name=search_term_string"}],"inLanguage":"de"},{"@type":"Organization","@id":"https:\/\/now-news.de\/de\/#organization","name":"Just Now News","url":"https:\/\/now-news.de\/de\/","logo":{"@type":"ImageObject","inLanguage":"de","@id":"https:\/\/now-news.de\/de\/#\/schema\/logo\/image\/","url":"http:\/\/just-now.news\/de\/wp-content\/uploads\/sites\/3\/2022\/04\/logo500x500.jpg","contentUrl":"http:\/\/just-now.news\/de\/wp-content\/uploads\/sites\/3\/2022\/04\/logo500x500.jpg","width":500,"height":500,"caption":"Just Now News"},"image":{"@id":"https:\/\/now-news.de\/de\/#\/schema\/logo\/image\/"},"sameAs":["https:\/\/www.facebook.com\/wirmachenauf","https:\/\/x.com\/WirMachenAuf_de"]},{"@type":"Person","@id":"https:\/\/now-news.de\/de\/#\/schema\/person\/fb534a4e865501d8b3285208df34a9b5","name":"rtnews","image":{"@type":"ImageObject","inLanguage":"de","@id":"https:\/\/now-news.de\/de\/#\/schema\/person\/image\/","url":"https:\/\/secure.gravatar.com\/avatar\/82aafea7d8127119dd649515f56e2117?s=96&d=mm&r=g","contentUrl":"https:\/\/secure.gravatar.com\/avatar\/82aafea7d8127119dd649515f56e2117?s=96&d=mm&r=g","caption":"rtnews"},"url":"https:\/\/now-news.de\/de\/author\/rnews\/"}]}},"_links":{"self":[{"href":"https:\/\/now-news.de\/de\/wp-json\/wp\/v2\/posts\/32578"}],"collection":[{"href":"https:\/\/now-news.de\/de\/wp-json\/wp\/v2\/posts"}],"about":[{"href":"https:\/\/now-news.de\/de\/wp-json\/wp\/v2\/types\/post"}],"author":[{"embeddable":true,"href":"https:\/\/now-news.de\/de\/wp-json\/wp\/v2\/users\/3"}],"replies":[{"embeddable":true,"href":"https:\/\/now-news.de\/de\/wp-json\/wp\/v2\/comments?post=32578"}],"version-history":[{"count":0,"href":"https:\/\/now-news.de\/de\/wp-json\/wp\/v2\/posts\/32578\/revisions"}],"wp:featuredmedia":[{"embeddable":true,"href":"https:\/\/now-news.de\/de\/wp-json\/wp\/v2\/media\/32579"}],"wp:attachment":[{"href":"https:\/\/now-news.de\/de\/wp-json\/wp\/v2\/media?parent=32578"}],"wp:term":[{"taxonomy":"category","embeddable":true,"href":"https:\/\/now-news.de\/de\/wp-json\/wp\/v2\/categories?post=32578"},{"taxonomy":"post_tag","embeddable":true,"href":"https:\/\/now-news.de\/de\/wp-json\/wp\/v2\/tags?post=32578"}],"curies":[{"name":"wp","href":"https:\/\/api.w.org\/{rel}","templated":true}]}}