{"id":32513,"date":"2023-03-18T15:48:16","date_gmt":"2023-03-18T13:48:16","guid":{"rendered":"http:\/\/just-now.news\/de\/deutschland\/putin-trifft-zum-jahrestag-der-wiedervereinigung-auf-der-krim-ein\/"},"modified":"2023-03-18T15:48:16","modified_gmt":"2023-03-18T13:48:16","slug":"putin-trifft-zum-jahrestag-der-wiedervereinigung-auf-der-krim-ein","status":"publish","type":"post","link":"https:\/\/now-news.de\/de\/deutschland\/putin-trifft-zum-jahrestag-der-wiedervereinigung-auf-der-krim-ein\/","title":{"rendered":"Putin trifft zum Jahrestag der Wiedervereinigung auf der Krim ein"},"content":{"rendered":"<p><img decoding=\"async\" src=\"http:\/\/just-now.news\/de\/wp-content\/uploads\/sites\/3\/2023\/03\/6415c00bb480cc7a337271e8.jpg\" \/><\/p>\n<div class=\"Text-root Text-type_1 \">\n                Der russische Pr\u00e4sident Wladimir Putin ist am Samstag auf der Halbinsel Krim eingetroffen, um den neunten Jahrestag der Wiedervereinigung der Halbinsel mit Russland zu feiern.\n            <\/div>\n<p><\/p>\n<div class=\"Text-root Text-type_5 ArticleView-text ViewText-root \">\n<p>Das Staatsoberhaupt besichtigte eine Kinderkunstschule und besuchte auch &#8220;Korsun&#8221;, eine Zweigstelle des renommierten internationalen Kinderzentrums Artek, das noch aus der Sowjetzeit stammt. Putin verschaffte sich auch einen \u00dcberblick \u00fcber den Fortgang des Baus des historischen und arch\u00e4ologischen Parks Chersonesos Taurica.\u00a0<\/p>\n<p><em>Weitere Informationen folgen&#8230;<\/em><\/p>\n<\/p>\n<\/div>\n<p><br \/>\n<br \/><a href=\"https:\/\/de.rt.com\/russland\/165675-putin-trifft-zum-jahrestag-wiedervereinigung\/\">Source link <\/a><\/p>\n","protected":false},"excerpt":{"rendered":"<p>Der russische Pr\u00e4sident Wladimir Putin ist am Samstag auf der Halbinsel Krim eingetroffen, um den neunten Jahrestag der Wiedervereinigung der Halbinsel mit Russland zu feiern. Das Staatsoberhaupt besichtigte eine Kinderkunstschule und besuchte auch &#8220;Korsun&#8221;, eine Zweigstelle des renommierten internationalen Kinderzentrums Artek, das noch aus der Sowjetzeit stammt. Putin verschaffte sich auch einen \u00dcberblick \u00fcber den [&hellip;]<\/p>\n","protected":false},"author":3,"featured_media":32514,"comment_status":"open","ping_status":"open","sticky":false,"template":"","format":"standard","meta":{"_yoast_indexnow_last_ping":["1679148059"],"wp_automatic_camp":["217"],"4e1e3735b4f78d264146b3c3cce68456":["Putin trifft zum Jahrestag der Wiedervereinigung auf der Krim ein"],"original_link":["https:\/\/de.rt.com\/russland\/165675-putin-trifft-zum-jahrestag-wiedervereinigung\/"],"_thumbnail_id":["32514"],"_wptgpro_p2tg_sent2tg":["a:1:{i:23737;s:19:\"2023-03-18 16:02:14\";}"],"jnews_social_counter_last_update":["1777589306"]},"categories":[19,23],"tags":[133,82,357,16868,11438,125,13790,23308,565],"yoast_head":"<!-- This site is optimized with the Yoast SEO Premium plugin v22.7 (Yoast SEO v22.7) - https:\/\/yoast.com\/wordpress\/plugins\/seo\/ -->\n<title>Putin trifft zum Jahrestag der Wiedervereinigung auf der Krim ein - just-now.NEWS Deutschland<\/title>\n<meta name=\"robots\" content=\"index, follow, max-snippet:-1, max-image-preview:large, max-video-preview:-1\" \/>\n<link rel=\"canonical\" href=\"https:\/\/now-news.de\/de\/deutschland\/putin-trifft-zum-jahrestag-der-wiedervereinigung-auf-der-krim-ein\/\" \/>\n<meta property=\"og:locale\" content=\"de_DE\" \/>\n<meta property=\"og:type\" content=\"article\" \/>\n<meta property=\"og:title\" content=\"Putin trifft zum Jahrestag der Wiedervereinigung auf der Krim ein\" \/>\n<meta property=\"og:description\" content=\"Der russische Pr\u00e4sident Wladimir Putin ist am Samstag auf der Halbinsel Krim eingetroffen, um den neunten Jahrestag der Wiedervereinigung der Halbinsel mit Russland zu feiern. Das Staatsoberhaupt besichtigte eine Kinderkunstschule und besuchte auch &#8220;Korsun&#8221;, eine Zweigstelle des renommierten internationalen Kinderzentrums Artek, das noch aus der Sowjetzeit stammt. Putin verschaffte sich auch einen \u00dcberblick \u00fcber den [&hellip;]\" \/>\n<meta property=\"og:url\" content=\"https:\/\/now-news.de\/de\/deutschland\/putin-trifft-zum-jahrestag-der-wiedervereinigung-auf-der-krim-ein\/\" \/>\n<meta property=\"og:site_name\" content=\"just-now.NEWS Deutschland\" \/>\n<meta property=\"article:publisher\" content=\"https:\/\/www.facebook.com\/wirmachenauf\" \/>\n<meta property=\"article:published_time\" content=\"2023-03-18T13:48:16+00:00\" \/>\n<meta property=\"og:image\" content=\"https:\/\/now-news.de\/de\/wp-content\/uploads\/sites\/3\/2023\/03\/Putin-trifft-zum-Jahrestag-der-Wiedervereinigung-auf-der-Krim-ein.jpg\" \/>\n\t<meta property=\"og:image:width\" content=\"460\" \/>\n\t<meta property=\"og:image:height\" content=\"259\" \/>\n\t<meta property=\"og:image:type\" content=\"image\/jpeg\" \/>\n<meta name=\"author\" content=\"rtnews\" \/>\n<meta name=\"twitter:card\" content=\"summary_large_image\" \/>\n<meta name=\"twitter:creator\" content=\"@WirMachenAuf_de\" \/>\n<meta name=\"twitter:site\" content=\"@WirMachenAuf_de\" \/>\n<meta name=\"twitter:label1\" content=\"Verfasst von\" \/>\n\t<meta name=\"twitter:data1\" content=\"rtnews\" \/>\n<script type=\"application\/ld+json\" class=\"yoast-schema-graph\">{\"@context\":\"https:\/\/schema.org\",\"@graph\":[{\"@type\":\"Article\",\"@id\":\"https:\/\/now-news.de\/de\/deutschland\/putin-trifft-zum-jahrestag-der-wiedervereinigung-auf-der-krim-ein\/#article\",\"isPartOf\":{\"@id\":\"https:\/\/now-news.de\/de\/deutschland\/putin-trifft-zum-jahrestag-der-wiedervereinigung-auf-der-krim-ein\/\"},\"author\":{\"name\":\"rtnews\",\"@id\":\"https:\/\/now-news.de\/de\/#\/schema\/person\/fb534a4e865501d8b3285208df34a9b5\"},\"headline\":\"Putin trifft zum Jahrestag der Wiedervereinigung auf der Krim ein\",\"datePublished\":\"2023-03-18T13:48:16+00:00\",\"dateModified\":\"2023-03-18T13:48:16+00:00\",\"mainEntityOfPage\":{\"@id\":\"https:\/\/now-news.de\/de\/deutschland\/putin-trifft-zum-jahrestag-der-wiedervereinigung-auf-der-krim-ein\/\"},\"wordCount\":83,\"commentCount\":0,\"publisher\":{\"@id\":\"https:\/\/now-news.de\/de\/#organization\"},\"image\":{\"@id\":\"https:\/\/now-news.de\/de\/deutschland\/putin-trifft-zum-jahrestag-der-wiedervereinigung-auf-der-krim-ein\/#primaryimage\"},\"thumbnailUrl\":\"https:\/\/now-news.de\/de\/wp-content\/uploads\/sites\/3\/2023\/03\/Putin-trifft-zum-Jahrestag-der-Wiedervereinigung-auf-der-Krim-ein.jpg\",\"keywords\":[\"AUF\",\"der\",\"ein\",\"Jahrestag\",\"krim\",\"putin\",\"trifft\",\"Wiedervereinigung\",\"zum\"],\"articleSection\":[\"Deutschland\",\"Russland\"],\"inLanguage\":\"de\",\"potentialAction\":[{\"@type\":\"CommentAction\",\"name\":\"Comment\",\"target\":[\"https:\/\/now-news.de\/de\/deutschland\/putin-trifft-zum-jahrestag-der-wiedervereinigung-auf-der-krim-ein\/#respond\"]}]},{\"@type\":\"WebPage\",\"@id\":\"https:\/\/now-news.de\/de\/deutschland\/putin-trifft-zum-jahrestag-der-wiedervereinigung-auf-der-krim-ein\/\",\"url\":\"https:\/\/now-news.de\/de\/deutschland\/putin-trifft-zum-jahrestag-der-wiedervereinigung-auf-der-krim-ein\/\",\"name\":\"Putin trifft zum Jahrestag der Wiedervereinigung auf der Krim ein - just-now.NEWS Deutschland\",\"isPartOf\":{\"@id\":\"https:\/\/now-news.de\/de\/#website\"},\"primaryImageOfPage\":{\"@id\":\"https:\/\/now-news.de\/de\/deutschland\/putin-trifft-zum-jahrestag-der-wiedervereinigung-auf-der-krim-ein\/#primaryimage\"},\"image\":{\"@id\":\"https:\/\/now-news.de\/de\/deutschland\/putin-trifft-zum-jahrestag-der-wiedervereinigung-auf-der-krim-ein\/#primaryimage\"},\"thumbnailUrl\":\"https:\/\/now-news.de\/de\/wp-content\/uploads\/sites\/3\/2023\/03\/Putin-trifft-zum-Jahrestag-der-Wiedervereinigung-auf-der-Krim-ein.jpg\",\"datePublished\":\"2023-03-18T13:48:16+00:00\",\"dateModified\":\"2023-03-18T13:48:16+00:00\",\"breadcrumb\":{\"@id\":\"https:\/\/now-news.de\/de\/deutschland\/putin-trifft-zum-jahrestag-der-wiedervereinigung-auf-der-krim-ein\/#breadcrumb\"},\"inLanguage\":\"de\",\"potentialAction\":[{\"@type\":\"ReadAction\",\"target\":[\"https:\/\/now-news.de\/de\/deutschland\/putin-trifft-zum-jahrestag-der-wiedervereinigung-auf-der-krim-ein\/\"]}]},{\"@type\":\"ImageObject\",\"inLanguage\":\"de\",\"@id\":\"https:\/\/now-news.de\/de\/deutschland\/putin-trifft-zum-jahrestag-der-wiedervereinigung-auf-der-krim-ein\/#primaryimage\",\"url\":\"https:\/\/now-news.de\/de\/wp-content\/uploads\/sites\/3\/2023\/03\/Putin-trifft-zum-Jahrestag-der-Wiedervereinigung-auf-der-Krim-ein.jpg\",\"contentUrl\":\"https:\/\/now-news.de\/de\/wp-content\/uploads\/sites\/3\/2023\/03\/Putin-trifft-zum-Jahrestag-der-Wiedervereinigung-auf-der-Krim-ein.jpg\",\"width\":460,\"height\":259,\"caption\":\"Putin trifft zum Jahrestag der Wiedervereinigung auf der Krim ein\"},{\"@type\":\"BreadcrumbList\",\"@id\":\"https:\/\/now-news.de\/de\/deutschland\/putin-trifft-zum-jahrestag-der-wiedervereinigung-auf-der-krim-ein\/#breadcrumb\",\"itemListElement\":[{\"@type\":\"ListItem\",\"position\":1,\"name\":\"Home\",\"item\":\"https:\/\/now-news.de\/de\/\"},{\"@type\":\"ListItem\",\"position\":2,\"name\":\"Putin trifft zum Jahrestag der Wiedervereinigung auf der Krim ein\"}]},{\"@type\":\"WebSite\",\"@id\":\"https:\/\/now-news.de\/de\/#website\",\"url\":\"https:\/\/now-news.de\/de\/\",\"name\":\"just-now.NEWS Deutschland\",\"description\":\"Das Portal f\u00fcr unzensierte Nachrichten aus der Welt\",\"publisher\":{\"@id\":\"https:\/\/now-news.de\/de\/#organization\"},\"potentialAction\":[{\"@type\":\"SearchAction\",\"target\":{\"@type\":\"EntryPoint\",\"urlTemplate\":\"https:\/\/now-news.de\/de\/?s={search_term_string}\"},\"query-input\":\"required name=search_term_string\"}],\"inLanguage\":\"de\"},{\"@type\":\"Organization\",\"@id\":\"https:\/\/now-news.de\/de\/#organization\",\"name\":\"Just Now News\",\"url\":\"https:\/\/now-news.de\/de\/\",\"logo\":{\"@type\":\"ImageObject\",\"inLanguage\":\"de\",\"@id\":\"https:\/\/now-news.de\/de\/#\/schema\/logo\/image\/\",\"url\":\"http:\/\/just-now.news\/de\/wp-content\/uploads\/sites\/3\/2022\/04\/logo500x500.jpg\",\"contentUrl\":\"http:\/\/just-now.news\/de\/wp-content\/uploads\/sites\/3\/2022\/04\/logo500x500.jpg\",\"width\":500,\"height\":500,\"caption\":\"Just Now News\"},\"image\":{\"@id\":\"https:\/\/now-news.de\/de\/#\/schema\/logo\/image\/\"},\"sameAs\":[\"https:\/\/www.facebook.com\/wirmachenauf\",\"https:\/\/x.com\/WirMachenAuf_de\"]},{\"@type\":\"Person\",\"@id\":\"https:\/\/now-news.de\/de\/#\/schema\/person\/fb534a4e865501d8b3285208df34a9b5\",\"name\":\"rtnews\",\"image\":{\"@type\":\"ImageObject\",\"inLanguage\":\"de\",\"@id\":\"https:\/\/now-news.de\/de\/#\/schema\/person\/image\/\",\"url\":\"https:\/\/secure.gravatar.com\/avatar\/82aafea7d8127119dd649515f56e2117?s=96&d=mm&r=g\",\"contentUrl\":\"https:\/\/secure.gravatar.com\/avatar\/82aafea7d8127119dd649515f56e2117?s=96&d=mm&r=g\",\"caption\":\"rtnews\"},\"url\":\"https:\/\/now-news.de\/de\/author\/rnews\/\"}]}<\/script>\n<!-- \/ Yoast SEO Premium plugin. -->","yoast_head_json":{"title":"Putin trifft zum Jahrestag der Wiedervereinigung auf der Krim ein - just-now.NEWS Deutschland","robots":{"index":"index","follow":"follow","max-snippet":"max-snippet:-1","max-image-preview":"max-image-preview:large","max-video-preview":"max-video-preview:-1"},"canonical":"https:\/\/now-news.de\/de\/deutschland\/putin-trifft-zum-jahrestag-der-wiedervereinigung-auf-der-krim-ein\/","og_locale":"de_DE","og_type":"article","og_title":"Putin trifft zum Jahrestag der Wiedervereinigung auf der Krim ein","og_description":"Der russische Pr\u00e4sident Wladimir Putin ist am Samstag auf der Halbinsel Krim eingetroffen, um den neunten Jahrestag der Wiedervereinigung der Halbinsel mit Russland zu feiern. Das Staatsoberhaupt besichtigte eine Kinderkunstschule und besuchte auch &#8220;Korsun&#8221;, eine Zweigstelle des renommierten internationalen Kinderzentrums Artek, das noch aus der Sowjetzeit stammt. Putin verschaffte sich auch einen \u00dcberblick \u00fcber den [&hellip;]","og_url":"https:\/\/now-news.de\/de\/deutschland\/putin-trifft-zum-jahrestag-der-wiedervereinigung-auf-der-krim-ein\/","og_site_name":"just-now.NEWS Deutschland","article_publisher":"https:\/\/www.facebook.com\/wirmachenauf","article_published_time":"2023-03-18T13:48:16+00:00","og_image":[{"width":460,"height":259,"url":"https:\/\/now-news.de\/de\/wp-content\/uploads\/sites\/3\/2023\/03\/Putin-trifft-zum-Jahrestag-der-Wiedervereinigung-auf-der-Krim-ein.jpg","type":"image\/jpeg"}],"author":"rtnews","twitter_card":"summary_large_image","twitter_creator":"@WirMachenAuf_de","twitter_site":"@WirMachenAuf_de","twitter_misc":{"Verfasst von":"rtnews"},"schema":{"@context":"https:\/\/schema.org","@graph":[{"@type":"Article","@id":"https:\/\/now-news.de\/de\/deutschland\/putin-trifft-zum-jahrestag-der-wiedervereinigung-auf-der-krim-ein\/#article","isPartOf":{"@id":"https:\/\/now-news.de\/de\/deutschland\/putin-trifft-zum-jahrestag-der-wiedervereinigung-auf-der-krim-ein\/"},"author":{"name":"rtnews","@id":"https:\/\/now-news.de\/de\/#\/schema\/person\/fb534a4e865501d8b3285208df34a9b5"},"headline":"Putin trifft zum Jahrestag der Wiedervereinigung auf der Krim ein","datePublished":"2023-03-18T13:48:16+00:00","dateModified":"2023-03-18T13:48:16+00:00","mainEntityOfPage":{"@id":"https:\/\/now-news.de\/de\/deutschland\/putin-trifft-zum-jahrestag-der-wiedervereinigung-auf-der-krim-ein\/"},"wordCount":83,"commentCount":0,"publisher":{"@id":"https:\/\/now-news.de\/de\/#organization"},"image":{"@id":"https:\/\/now-news.de\/de\/deutschland\/putin-trifft-zum-jahrestag-der-wiedervereinigung-auf-der-krim-ein\/#primaryimage"},"thumbnailUrl":"https:\/\/now-news.de\/de\/wp-content\/uploads\/sites\/3\/2023\/03\/Putin-trifft-zum-Jahrestag-der-Wiedervereinigung-auf-der-Krim-ein.jpg","keywords":["AUF","der","ein","Jahrestag","krim","putin","trifft","Wiedervereinigung","zum"],"articleSection":["Deutschland","Russland"],"inLanguage":"de","potentialAction":[{"@type":"CommentAction","name":"Comment","target":["https:\/\/now-news.de\/de\/deutschland\/putin-trifft-zum-jahrestag-der-wiedervereinigung-auf-der-krim-ein\/#respond"]}]},{"@type":"WebPage","@id":"https:\/\/now-news.de\/de\/deutschland\/putin-trifft-zum-jahrestag-der-wiedervereinigung-auf-der-krim-ein\/","url":"https:\/\/now-news.de\/de\/deutschland\/putin-trifft-zum-jahrestag-der-wiedervereinigung-auf-der-krim-ein\/","name":"Putin trifft zum Jahrestag der Wiedervereinigung auf der Krim ein - just-now.NEWS Deutschland","isPartOf":{"@id":"https:\/\/now-news.de\/de\/#website"},"primaryImageOfPage":{"@id":"https:\/\/now-news.de\/de\/deutschland\/putin-trifft-zum-jahrestag-der-wiedervereinigung-auf-der-krim-ein\/#primaryimage"},"image":{"@id":"https:\/\/now-news.de\/de\/deutschland\/putin-trifft-zum-jahrestag-der-wiedervereinigung-auf-der-krim-ein\/#primaryimage"},"thumbnailUrl":"https:\/\/now-news.de\/de\/wp-content\/uploads\/sites\/3\/2023\/03\/Putin-trifft-zum-Jahrestag-der-Wiedervereinigung-auf-der-Krim-ein.jpg","datePublished":"2023-03-18T13:48:16+00:00","dateModified":"2023-03-18T13:48:16+00:00","breadcrumb":{"@id":"https:\/\/now-news.de\/de\/deutschland\/putin-trifft-zum-jahrestag-der-wiedervereinigung-auf-der-krim-ein\/#breadcrumb"},"inLanguage":"de","potentialAction":[{"@type":"ReadAction","target":["https:\/\/now-news.de\/de\/deutschland\/putin-trifft-zum-jahrestag-der-wiedervereinigung-auf-der-krim-ein\/"]}]},{"@type":"ImageObject","inLanguage":"de","@id":"https:\/\/now-news.de\/de\/deutschland\/putin-trifft-zum-jahrestag-der-wiedervereinigung-auf-der-krim-ein\/#primaryimage","url":"https:\/\/now-news.de\/de\/wp-content\/uploads\/sites\/3\/2023\/03\/Putin-trifft-zum-Jahrestag-der-Wiedervereinigung-auf-der-Krim-ein.jpg","contentUrl":"https:\/\/now-news.de\/de\/wp-content\/uploads\/sites\/3\/2023\/03\/Putin-trifft-zum-Jahrestag-der-Wiedervereinigung-auf-der-Krim-ein.jpg","width":460,"height":259,"caption":"Putin trifft zum Jahrestag der Wiedervereinigung auf der Krim ein"},{"@type":"BreadcrumbList","@id":"https:\/\/now-news.de\/de\/deutschland\/putin-trifft-zum-jahrestag-der-wiedervereinigung-auf-der-krim-ein\/#breadcrumb","itemListElement":[{"@type":"ListItem","position":1,"name":"Home","item":"https:\/\/now-news.de\/de\/"},{"@type":"ListItem","position":2,"name":"Putin trifft zum Jahrestag der Wiedervereinigung auf der Krim ein"}]},{"@type":"WebSite","@id":"https:\/\/now-news.de\/de\/#website","url":"https:\/\/now-news.de\/de\/","name":"just-now.NEWS Deutschland","description":"Das Portal f\u00fcr unzensierte Nachrichten aus der Welt","publisher":{"@id":"https:\/\/now-news.de\/de\/#organization"},"potentialAction":[{"@type":"SearchAction","target":{"@type":"EntryPoint","urlTemplate":"https:\/\/now-news.de\/de\/?s={search_term_string}"},"query-input":"required name=search_term_string"}],"inLanguage":"de"},{"@type":"Organization","@id":"https:\/\/now-news.de\/de\/#organization","name":"Just Now News","url":"https:\/\/now-news.de\/de\/","logo":{"@type":"ImageObject","inLanguage":"de","@id":"https:\/\/now-news.de\/de\/#\/schema\/logo\/image\/","url":"http:\/\/just-now.news\/de\/wp-content\/uploads\/sites\/3\/2022\/04\/logo500x500.jpg","contentUrl":"http:\/\/just-now.news\/de\/wp-content\/uploads\/sites\/3\/2022\/04\/logo500x500.jpg","width":500,"height":500,"caption":"Just Now News"},"image":{"@id":"https:\/\/now-news.de\/de\/#\/schema\/logo\/image\/"},"sameAs":["https:\/\/www.facebook.com\/wirmachenauf","https:\/\/x.com\/WirMachenAuf_de"]},{"@type":"Person","@id":"https:\/\/now-news.de\/de\/#\/schema\/person\/fb534a4e865501d8b3285208df34a9b5","name":"rtnews","image":{"@type":"ImageObject","inLanguage":"de","@id":"https:\/\/now-news.de\/de\/#\/schema\/person\/image\/","url":"https:\/\/secure.gravatar.com\/avatar\/82aafea7d8127119dd649515f56e2117?s=96&d=mm&r=g","contentUrl":"https:\/\/secure.gravatar.com\/avatar\/82aafea7d8127119dd649515f56e2117?s=96&d=mm&r=g","caption":"rtnews"},"url":"https:\/\/now-news.de\/de\/author\/rnews\/"}]}},"_links":{"self":[{"href":"https:\/\/now-news.de\/de\/wp-json\/wp\/v2\/posts\/32513"}],"collection":[{"href":"https:\/\/now-news.de\/de\/wp-json\/wp\/v2\/posts"}],"about":[{"href":"https:\/\/now-news.de\/de\/wp-json\/wp\/v2\/types\/post"}],"author":[{"embeddable":true,"href":"https:\/\/now-news.de\/de\/wp-json\/wp\/v2\/users\/3"}],"replies":[{"embeddable":true,"href":"https:\/\/now-news.de\/de\/wp-json\/wp\/v2\/comments?post=32513"}],"version-history":[{"count":0,"href":"https:\/\/now-news.de\/de\/wp-json\/wp\/v2\/posts\/32513\/revisions"}],"wp:featuredmedia":[{"embeddable":true,"href":"https:\/\/now-news.de\/de\/wp-json\/wp\/v2\/media\/32514"}],"wp:attachment":[{"href":"https:\/\/now-news.de\/de\/wp-json\/wp\/v2\/media?parent=32513"}],"wp:term":[{"taxonomy":"category","embeddable":true,"href":"https:\/\/now-news.de\/de\/wp-json\/wp\/v2\/categories?post=32513"},{"taxonomy":"post_tag","embeddable":true,"href":"https:\/\/now-news.de\/de\/wp-json\/wp\/v2\/tags?post=32513"}],"curies":[{"name":"wp","href":"https:\/\/api.w.org\/{rel}","templated":true}]}}